{"id":84295,"date":"2022-08-05T02:20:02","date_gmt":"2022-08-05T00:20:02","guid":{"rendered":"https:\/\/www.sonnenseite.com\/?p=84295"},"modified":"2022-08-05T09:17:57","modified_gmt":"2022-08-05T07:17:57","slug":"weniger-regen-im-wald-amazonas-gebiet-noch-weniger-trockenresistent-als-angenommen","status":"publish","type":"post","link":"https:\/\/www.sonnenseite.com\/de\/umwelt\/weniger-regen-im-wald-amazonas-gebiet-noch-weniger-trockenresistent-als-angenommen\/","title":{"rendered":"Weniger Regen im Wald: Amazonas-Gebiet noch weniger trockenresistent als angenommen"},"content":{"rendered":"\n<p>Der Amazonas-Regenwald produziert einen Gro\u00dfteil seiner eigenen Niederschl\u00e4ge durch ein sich selbst verst\u00e4rkendes System des Feuchtigkeits-Recyclings zwischen Wald und Atmosph\u00e4re. Dieses Kreislaufsystem wird durch h\u00e4ufigere D\u00fcrren, wie sie bei der derzeitigen globalen Erw\u00e4rmung vorhergesagt werden, stark beeintr\u00e4chtigt werden.<\/p>\n\n\n\n<p>Der gesamte Wald ist in diesem Kreislaufsystem miteinander vernetzt. Folglich greifen Sch\u00e4den in einer Region auf benachbarte Regionen \u00fcber, was den Gesamtschaden um ein Drittel erh\u00f6hen kann. Am st\u00e4rksten gef\u00e4hrdet sind die s\u00fcd\u00f6stlichen und s\u00fcdwestlichen Randgebiete des Waldes, wo menschliche Aktivit\u00e4ten wie Abholzung, Entwaldung und Beweidung die Probleme des gr\u00fcnen Riesen noch versch\u00e4rfen.<\/p>\n\n\n\n<p>F\u00fcr jeden dritten Baum, der im Amazonas-Regenwald vertrocknet, stirbt ein vierter Baum &#8211; auch wenn er nicht direkt von D\u00fcrre betroffen ist. Das ist, vereinfacht ausgedr\u00fcckt, das Ergebnis einer Netzwerkanalyse, mit der Forschende die komplexen Abl\u00e4ufe in einer der wertvollsten und artenreichsten Kohlenstoffsenken der Erde untersucht haben. Am st\u00e4rksten gef\u00e4hrdet, sich in eine Savanne zu verwandeln, sind die Regionen an den s\u00fcdlichen R\u00e4ndern des Waldes, wo kontinuierliche Rodung f\u00fcr Weideland oder Soja der Belastbarkeit des Waldes schon seit Jahren zusetzt.<\/p>\n\n\n\n<p>Weil der Klimawandel dem Amazonasbecken immer h\u00e4ufigere und schwerere D\u00fcrreperioden beschert, k\u00f6nnte der Regenwald in S\u00fcdamerika Teile seines Regens verlieren \u2013 und damit die Basis seiner Feuchtigkeitsversorgung. Dieser Mangel an Regen ist f\u00fcr den Wald lebensbedrohlich, denn er atmet Wasser: Sobald es geregnet hat, nimmt der Boden ebenso viel davon auf wie die Pflanzen, und beide geben durch Verdunstung und Transpiration eine gro\u00dfe Menge wieder ab. Durch dieses atmosph\u00e4rische Feuchtigkeitsrecycling macht der Wald einen Gro\u00dfteil seines eigenen Wetters und erzeugt bis zur H\u00e4lfte der Niederschl\u00e4ge im Amazonasbecken. Auch wenn dieses System hocheffizient ist, h\u00e4ngt es letztendlich davon ab, wie viel Wasser ins System eingebracht wird.<\/p>\n\n\n\n<p>Das Forschungsteam hat nun herausgefunden, dass selbst wenn eine Trockenperiode nur eine bestimmte Region des Waldes betrifft, der Schaden um den Faktor 1,3 \u00fcber diese Region hinausgeht: Da der fehlende Regen das Wasserrecycling-Volumen stark verringert, wird es auch in den benachbarten Regionen weniger Niederschlag geben, wodurch noch mehr Teile des Waldes unter erhebliche Belastungen geraten. &#8222;Intensivere D\u00fcrreperioden drohen, Teile des Amazonas-Regenwaldes auszutrocknen. Wenn die Walddecke d\u00fcnner wird, f\u00fchrt das aufgrund des Netzwerkeffekts zu weniger Wasser im System insgesamt und damit zu unverh\u00e4ltnism\u00e4\u00dfig mehr Sch\u00e4den\u201c, erkl\u00e4rt Nico Wunderling, Autor und Forscher am Potsdam-Institut f\u00fcr Klimafolgenforschung. \u201eUnd noch etwas ist wichtig: Wir haben zwar die Auswirkungen der D\u00fcrre untersucht, aber diese Regel gilt auch f\u00fcr die Entwaldung. Das hei\u00dft, wenn man einen Hektar Wald abholzt, zerst\u00f6rt man eigentlich 1,3 Hektar.\u201c<\/p>\n\n\n<div class=\"wp-block-image\">\n<figure class=\"aligncenter size-full is-resized\"><a href=\"https:\/\/www.sonnenseite.com\/wp-content\/uploads\/2022\/08\/pik-potsdam_Amazonas.jpg\"><img loading=\"lazy\" decoding=\"async\" src=\"https:\/\/www.sonnenseite.com\/wp-content\/uploads\/2022\/08\/pik-potsdam_Amazonas.jpg\" alt=\"PNAS | pik-potsdam.de\" class=\"wp-image-84304\" width=\"578\" height=\"315\" srcset=\"https:\/\/www.sonnenseite.com\/wp-content\/uploads\/2022\/08\/pik-potsdam_Amazonas.jpg 770w, https:\/\/www.sonnenseite.com\/wp-content\/uploads\/2022\/08\/pik-potsdam_Amazonas-300x164.jpg 300w, https:\/\/www.sonnenseite.com\/wp-content\/uploads\/2022\/08\/pik-potsdam_Amazonas-768x419.jpg 768w\" sizes=\"auto, (max-width: 578px) 100vw, 578px\" \/><\/a><figcaption>Skizze des durch Feuchtigkeitsrecycling versorgten Amazonas-Regenwaldes (blaue Pfeile), die zeigt, dass der s\u00fcdliche Teil des Waldes am st\u00e4rksten von einem Savannen\u00fcbergang bedroht ist. Bild mit freundlicher Genehmigung von Boris Sakschewski. (C) PNAS | pik-potsdam.de<\/figcaption><\/figure>\n<\/div>\n\n\n<h5 class=\"wp-block-heading\">Das neue Normal wird deutlich trockener<\/h5>\n\n\n\n<p>Die Klimawissenschaft sagt voraus, dass au\u00dfergew\u00f6hnlich trockene Jahre wie 2005 und 2010 im Amazonasgebiet ab 2050 zur neuen Normalit\u00e4t werden k\u00f6nnten, wobei bis 2060 in bis zu neun von zehn Jahren eine hundertj\u00e4hrige D\u00fcrre auftreten d\u00fcrfte. Die Auswirkungen solcher D\u00fcrreperioden auf die Waldsysteme im Amazonasgebiet sind jedoch verschieden. &#8222;Im Amazonasgebiet sind B\u00e4ume und Waldsysteme unterschiedlich an die Wasserverf\u00fcgbarkeit angepasst, da es in einigen Regionen eine ausgepr\u00e4gte Trockenzeit gibt, w\u00e4hrend es in anderen das ganze Jahr \u00fcber regnet. Diese lokalen Anpassungen werden von uns ausdr\u00fccklich ber\u00fccksichtigt, da sie im Klimawandel Segen oder Fluch sein k\u00f6nnen&#8220;, sagt Boris Sakschewski, Mitautor der Studie und ebenfalls am Potsdam-Institut t\u00e4tig. &#8222;Wir stellen trotzdem fest, dass selbst die an starke Trockenzeiten angepassten Teile des Amazonas eine neue Klimanormalit\u00e4t nicht unbedingt \u00fcberleben werden und das Risiko hoch ist, dass sich ganze Landstriche in Savanne oder gar v\u00f6llig baumlose Landschaft verwandeln. Die Folgen f\u00fcr die Artenvielfalt w\u00e4ren katastrophal \u2013 ebenso wie die f\u00fcr das lokale, regionale und globale Klima.&#8220;<\/p>\n\n\n\n<p>&#8222;Trotzdem: Es ist noch nicht alles verloren&#8220;, sagt Ricarda Winkelmann, Mitautorin der Studie und Leiterin der Kippelementforschung am Potsdam-Institut. &#8222;Unsere Simulationen zeigen keine endlose Verschlimmerung. Das liegt daran, dass ein gro\u00dfer Teil des Waldes noch relativ stabil ist. Die Netzwerkeffekte von Trockenperioden sind wahrscheinlich auf bestimmte Gebiete im S\u00fcdosten und S\u00fcdwesten des Waldes beschr\u00e4nkt &#8211; und das sind genau jene Gebiete, in denen der Wald bereits stark gelitten hat durch die menschliche Rodung von Wald f\u00fcr Weidefl\u00e4chen oder Soja. Wir k\u00f6nnen also noch viel tun, um den Amazonas zu stabilisieren, denn die Erhaltung des Waldes und der Leistungen seines \u00d6kosystems ist von gr\u00f6\u00dfter Bedeutung f\u00fcr die Klimastabilit\u00e4t vor Ort und auf der ganzen Welt. Und wir wissen, wie wir das tun k\u00f6nnen: indem wir den Regenwald vor der Abholzung sch\u00fctzen und die Treibhausgasemissionen rasch reduzieren, so dass eine weitere Erderw\u00e4rmung begrenzt wird.&#8220;<\/p>\n\n\n\n<ul class=\"wp-block-list\"><li><a href=\"https:\/\/www.pnas.org\/doi\/full\/10.1073\/pnas.2120777119\">&#8222;Recurrent droughts increase risk of cascading tipping events by outpacing adaptive capacities in the Amazon rainforest&#8220; | <em>Proceedings of the National Academy of Sciences<\/em> [DOI: 10.1073\/pnas.2120777119]<\/a><\/li><\/ul>\n\n\n<h5 class=\"green\">Quelle<\/h5>\r\n\n\n\n<p><a href=\"http:\/\/www.pik-potsdam.de\">Potsdam-Institut f\u00fcr Klimafolgenforschung (PIK) 2022<\/a><\/p>\n<div class=\"shariff shariff-align-flex-start shariff-widget-align-flex-start\"><div class=\"ShariffHeadline\">Diese Meldung teilen<\/div><ul class=\"shariff-buttons theme-round orientation-horizontal buttonsize-medium\"><li class=\"shariff-button facebook shariff-nocustomcolor\" style=\"background-color:#4273c8;border-radius:1%\"><a href=\"https:\/\/www.facebook.com\/sharer\/sharer.php?u=https%3A%2F%2Fwww.sonnenseite.com%2Fde%2Fumwelt%2Fweniger-regen-im-wald-amazonas-gebiet-noch-weniger-trockenresistent-als-angenommen%2F\" title=\"Bei Facebook teilen\" aria-label=\"Bei Facebook teilen\" role=\"button\" rel=\"nofollow\" class=\"shariff-link\" style=\";border-radius:1%; background-color:#3b5998; color:#fff\" target=\"_blank\"><span class=\"shariff-icon\" style=\"\"><svg width=\"32px\" height=\"20px\" xmlns=\"http:\/\/www.w3.org\/2000\/svg\" viewBox=\"0 0 18 32\"><path fill=\"#3b5998\" d=\"M17.1 0.2v4.7h-2.8q-1.5 0-2.1 0.6t-0.5 1.9v3.4h5.2l-0.7 5.3h-4.5v13.6h-5.5v-13.6h-4.5v-5.3h4.5v-3.9q0-3.3 1.9-5.2t5-1.8q2.6 0 4.1 0.2z\"\/><\/svg><\/span><\/a><\/li><li class=\"shariff-button twitter shariff-nocustomcolor\" style=\"background-color:#595959;border-radius:1%\"><a href=\"https:\/\/twitter.com\/share?url=https%3A%2F%2Fwww.sonnenseite.com%2Fde%2Fumwelt%2Fweniger-regen-im-wald-amazonas-gebiet-noch-weniger-trockenresistent-als-angenommen%2F&text=Weniger%20Regen%20im%20Wald%3A%20Amazonas-Gebiet%20noch%20weniger%20trockenresistent%20als%20angenommen\" title=\"Bei X teilen\" aria-label=\"Bei X teilen\" role=\"button\" rel=\"noopener nofollow\" class=\"shariff-link\" style=\";border-radius:1%; background-color:#000; color:#fff\" target=\"_blank\"><span class=\"shariff-icon\" style=\"\"><svg width=\"32px\" height=\"20px\" xmlns=\"http:\/\/www.w3.org\/2000\/svg\" viewBox=\"0 0 24 24\"><path fill=\"#000\" d=\"M14.258 10.152L23.176 0h-2.113l-7.747 8.813L7.133 0H0l9.352 13.328L0 23.973h2.113l8.176-9.309 6.531 9.309h7.133zm-2.895 3.293l-.949-1.328L2.875 1.56h3.246l6.086 8.523.945 1.328 7.91 11.078h-3.246zm0 0\"\/><\/svg><\/span><\/a><\/li><li class=\"shariff-button xing shariff-nocustomcolor\" style=\"background-color:#29888a;border-radius:1%\"><a href=\"https:\/\/www.xing.com\/spi\/shares\/new?url=https%3A%2F%2Fwww.sonnenseite.com%2Fde%2Fumwelt%2Fweniger-regen-im-wald-amazonas-gebiet-noch-weniger-trockenresistent-als-angenommen%2F\" title=\"Bei XING teilen\" aria-label=\"Bei XING teilen\" role=\"button\" rel=\"noopener nofollow\" class=\"shariff-link\" style=\";border-radius:1%; background-color:#126567; color:#fff\" target=\"_blank\"><span class=\"shariff-icon\" style=\"\"><svg width=\"32px\" height=\"20px\" xmlns=\"http:\/\/www.w3.org\/2000\/svg\" viewBox=\"0 0 25 32\"><path fill=\"#126567\" d=\"M10.7 11.9q-0.2 0.3-4.6 8.2-0.5 0.8-1.2 0.8h-4.3q-0.4 0-0.5-0.3t0-0.6l4.5-8q0 0 0 0l-2.9-5q-0.2-0.4 0-0.7 0.2-0.3 0.5-0.3h4.3q0.7 0 1.2 0.8zM25.1 0.4q0.2 0.3 0 0.7l-9.4 16.7 6 11q0.2 0.4 0 0.6-0.2 0.3-0.6 0.3h-4.3q-0.7 0-1.2-0.8l-6-11.1q0.3-0.6 9.5-16.8 0.4-0.8 1.2-0.8h4.3q0.4 0 0.5 0.3z\"\/><\/svg><\/span><\/a><\/li><li class=\"shariff-button linkedin shariff-nocustomcolor\" style=\"background-color:#1488bf;border-radius:1%\"><a href=\"https:\/\/www.linkedin.com\/sharing\/share-offsite\/?url=https%3A%2F%2Fwww.sonnenseite.com%2Fde%2Fumwelt%2Fweniger-regen-im-wald-amazonas-gebiet-noch-weniger-trockenresistent-als-angenommen%2F\" title=\"Bei LinkedIn teilen\" aria-label=\"Bei LinkedIn teilen\" role=\"button\" rel=\"noopener nofollow\" class=\"shariff-link\" style=\";border-radius:1%; background-color:#0077b5; color:#fff\" target=\"_blank\"><span class=\"shariff-icon\" style=\"\"><svg width=\"32px\" height=\"20px\" xmlns=\"http:\/\/www.w3.org\/2000\/svg\" viewBox=\"0 0 27 32\"><path fill=\"#0077b5\" d=\"M6.2 11.2v17.7h-5.9v-17.7h5.9zM6.6 5.7q0 1.3-0.9 2.2t-2.4 0.9h0q-1.5 0-2.4-0.9t-0.9-2.2 0.9-2.2 2.4-0.9 2.4 0.9 0.9 2.2zM27.4 18.7v10.1h-5.9v-9.5q0-1.9-0.7-2.9t-2.3-1.1q-1.1 0-1.9 0.6t-1.2 1.5q-0.2 0.5-0.2 1.4v9.9h-5.9q0-7.1 0-11.6t0-5.3l0-0.9h5.9v2.6h0q0.4-0.6 0.7-1t1-0.9 1.6-0.8 2-0.3q3 0 4.9 2t1.9 6z\"\/><\/svg><\/span><\/a><\/li><li class=\"shariff-button printer shariff-nocustomcolor\" style=\"background-color:#a8a8a8;border-radius:1%\"><a href=\"javascript:window.print()\" title=\"drucken\" aria-label=\"drucken\" role=\"button\" rel=\"noopener nofollow\" class=\"shariff-link\" style=\";border-radius:1%; background-color:#999; color:#fff\"><span class=\"shariff-icon\" style=\"\"><svg width=\"32px\" height=\"20px\" xmlns=\"http:\/\/www.w3.org\/2000\/svg\" viewBox=\"0 0 30 32\"><path fill=\"#999\" d=\"M6.8 27.4h16v-4.6h-16v4.6zM6.8 16h16v-6.8h-2.8q-0.7 0-1.2-0.5t-0.5-1.2v-2.8h-11.4v11.4zM27.4 17.2q0-0.5-0.3-0.8t-0.8-0.4-0.8 0.4-0.3 0.8 0.3 0.8 0.8 0.3 0.8-0.3 0.3-0.8zM29.7 17.2v7.4q0 0.2-0.2 0.4t-0.4 0.2h-4v2.8q0 0.7-0.5 1.2t-1.2 0.5h-17.2q-0.7 0-1.2-0.5t-0.5-1.2v-2.8h-4q-0.2 0-0.4-0.2t-0.2-0.4v-7.4q0-1.4 1-2.4t2.4-1h1.2v-9.7q0-0.7 0.5-1.2t1.2-0.5h12q0.7 0 1.6 0.4t1.3 0.8l2.7 2.7q0.5 0.5 0.9 1.4t0.4 1.6v4.6h1.1q1.4 0 2.4 1t1 2.4z\"\/><\/svg><\/span><\/a><\/li><li class=\"shariff-button mailto shariff-nocustomcolor\" style=\"background-color:#a8a8a8;border-radius:1%\"><a href=\"mailto:?body=https%3A%2F%2Fwww.sonnenseite.com%2Fde%2Fumwelt%2Fweniger-regen-im-wald-amazonas-gebiet-noch-weniger-trockenresistent-als-angenommen%2F&subject=Weniger%20Regen%20im%20Wald%3A%20Amazonas-Gebiet%20noch%20weniger%20trockenresistent%20als%20angenommen\" title=\"Per E-Mail versenden\" aria-label=\"Per E-Mail versenden\" role=\"button\" rel=\"noopener nofollow\" class=\"shariff-link\" style=\";border-radius:1%; background-color:#999; color:#fff\"><span class=\"shariff-icon\" style=\"\"><svg width=\"32px\" height=\"20px\" xmlns=\"http:\/\/www.w3.org\/2000\/svg\" viewBox=\"0 0 32 32\"><path fill=\"#999\" d=\"M32 12.7v14.2q0 1.2-0.8 2t-2 0.9h-26.3q-1.2 0-2-0.9t-0.8-2v-14.2q0.8 0.9 1.8 1.6 6.5 4.4 8.9 6.1 1 0.8 1.6 1.2t1.7 0.9 2 0.4h0.1q0.9 0 2-0.4t1.7-0.9 1.6-1.2q3-2.2 8.9-6.1 1-0.7 1.8-1.6zM32 7.4q0 1.4-0.9 2.7t-2.2 2.2q-6.7 4.7-8.4 5.8-0.2 0.1-0.7 0.5t-1 0.7-0.9 0.6-1.1 0.5-0.9 0.2h-0.1q-0.4 0-0.9-0.2t-1.1-0.5-0.9-0.6-1-0.7-0.7-0.5q-1.6-1.1-4.7-3.2t-3.6-2.6q-1.1-0.7-2.1-2t-1-2.5q0-1.4 0.7-2.3t2.1-0.9h26.3q1.2 0 2 0.8t0.9 2z\"\/><\/svg><\/span><\/a><\/li><\/ul><\/div>","protected":false},"excerpt":{"rendered":"<p>Der Amazonas-Regenwald produziert einen Gro\u00dfteil seiner eigenen Niederschl\u00e4ge durch ein sich selbst verst\u00e4rkendes System des Feuchtigkeits-Recyclings [&hellip;]<\/p>\n","protected":false},"author":3,"featured_media":70378,"comment_status":"closed","ping_status":"closed","sticky":false,"template":"","format":"standard","meta":{"inline_featured_image":false,"footnotes":""},"categories":[23],"tags":[],"class_list":["post-84295","post","type-post","status-publish","format-standard","has-post-thumbnail","hentry","category-umwelt"],"yoast_head":"<!-- This site is optimized with the Yoast SEO plugin v26.5 - https:\/\/yoast.com\/wordpress\/plugins\/seo\/ -->\n<title>Weniger Regen im Wald: Amazonas-Gebiet noch weniger trockenresistent als angenommen - Sonnenseite - \u00d6kologische Kommunikation mit Franz Alt<\/title>\n<meta name=\"description\" content=\"Der Amazonas-Regenwald produziert einen Gro\u00dfteil seiner eigenen Niederschl\u00e4ge durch ein sich selbst verst\u00e4rkendes System des Feuchtigkeits-Recyclings\" \/>\n<meta name=\"robots\" content=\"index, follow, max-snippet:-1, max-image-preview:large, max-video-preview:-1\" \/>\n<link rel=\"canonical\" href=\"https:\/\/www.sonnenseite.com\/de\/umwelt\/weniger-regen-im-wald-amazonas-gebiet-noch-weniger-trockenresistent-als-angenommen\/\" \/>\n<meta property=\"og:locale\" content=\"de_DE\" \/>\n<meta property=\"og:type\" content=\"article\" \/>\n<meta property=\"og:title\" content=\"Weniger Regen im Wald: Amazonas-Gebiet noch weniger trockenresistent als angenommen - Sonnenseite - \u00d6kologische Kommunikation mit Franz Alt\" \/>\n<meta property=\"og:description\" content=\"Der Amazonas-Regenwald produziert einen Gro\u00dfteil seiner eigenen Niederschl\u00e4ge durch ein sich selbst verst\u00e4rkendes System des Feuchtigkeits-Recyclings\" \/>\n<meta property=\"og:url\" content=\"https:\/\/www.sonnenseite.com\/de\/umwelt\/weniger-regen-im-wald-amazonas-gebiet-noch-weniger-trockenresistent-als-angenommen\/\" \/>\n<meta property=\"og:site_name\" content=\"Sonnenseite\" \/>\n<meta property=\"article:publisher\" content=\"https:\/\/www.facebook.com\/pages\/Franz-Alt-SONNENSEITECOM\/221072987903953?fref=ts\" \/>\n<meta property=\"article:published_time\" content=\"2022-08-05T00:20:02+00:00\" \/>\n<meta property=\"article:modified_time\" content=\"2022-08-05T07:17:57+00:00\" \/>\n<meta property=\"og:image\" content=\"https:\/\/www.sonnenseite.com\/wp-content\/uploads\/2021\/04\/Amazonas_gustavofrazao.jpg\" \/>\n\t<meta property=\"og:image:width\" content=\"770\" \/>\n\t<meta property=\"og:image:height\" content=\"420\" \/>\n\t<meta property=\"og:image:type\" content=\"image\/jpeg\" \/>\n<meta name=\"author\" content=\"Bigi Alt\" \/>\n<meta name=\"twitter:card\" content=\"summary_large_image\" \/>\n<meta name=\"twitter:creator\" content=\"@franzalt\" \/>\n<meta name=\"twitter:site\" content=\"@franzalt\" \/>\n<meta name=\"twitter:label1\" content=\"Verfasst von\" \/>\n\t<meta name=\"twitter:data1\" content=\"Bigi Alt\" \/>\n\t<meta name=\"twitter:label2\" content=\"Gesch\u00e4tzte Lesezeit\" \/>\n\t<meta name=\"twitter:data2\" content=\"5\u00a0Minuten\" \/>\n<script type=\"application\/ld+json\" class=\"yoast-schema-graph\">{\"@context\":\"https:\/\/schema.org\",\"@graph\":[{\"@type\":\"Article\",\"@id\":\"https:\/\/www.sonnenseite.com\/de\/umwelt\/weniger-regen-im-wald-amazonas-gebiet-noch-weniger-trockenresistent-als-angenommen\/#article\",\"isPartOf\":{\"@id\":\"https:\/\/www.sonnenseite.com\/de\/umwelt\/weniger-regen-im-wald-amazonas-gebiet-noch-weniger-trockenresistent-als-angenommen\/\"},\"author\":{\"name\":\"Bigi Alt\",\"@id\":\"https:\/\/www.sonnenseite.com\/de\/#\/schema\/person\/50fda0e926597684c7cc6695238a4eb9\"},\"headline\":\"Weniger Regen im Wald: Amazonas-Gebiet noch weniger trockenresistent als angenommen\",\"datePublished\":\"2022-08-05T00:20:02+00:00\",\"dateModified\":\"2022-08-05T07:17:57+00:00\",\"mainEntityOfPage\":{\"@id\":\"https:\/\/www.sonnenseite.com\/de\/umwelt\/weniger-regen-im-wald-amazonas-gebiet-noch-weniger-trockenresistent-als-angenommen\/\"},\"wordCount\":866,\"publisher\":{\"@id\":\"https:\/\/www.sonnenseite.com\/de\/#organization\"},\"image\":{\"@id\":\"https:\/\/www.sonnenseite.com\/de\/umwelt\/weniger-regen-im-wald-amazonas-gebiet-noch-weniger-trockenresistent-als-angenommen\/#primaryimage\"},\"thumbnailUrl\":\"https:\/\/www.sonnenseite.com\/wp-content\/uploads\/2021\/04\/Amazonas_gustavofrazao.jpg\",\"articleSection\":[\"Umwelt\"],\"inLanguage\":\"de\"},{\"@type\":\"WebPage\",\"@id\":\"https:\/\/www.sonnenseite.com\/de\/umwelt\/weniger-regen-im-wald-amazonas-gebiet-noch-weniger-trockenresistent-als-angenommen\/\",\"url\":\"https:\/\/www.sonnenseite.com\/de\/umwelt\/weniger-regen-im-wald-amazonas-gebiet-noch-weniger-trockenresistent-als-angenommen\/\",\"name\":\"Weniger Regen im Wald: Amazonas-Gebiet noch weniger trockenresistent als angenommen - Sonnenseite - \u00d6kologische Kommunikation mit Franz Alt\",\"isPartOf\":{\"@id\":\"https:\/\/www.sonnenseite.com\/de\/#website\"},\"primaryImageOfPage\":{\"@id\":\"https:\/\/www.sonnenseite.com\/de\/umwelt\/weniger-regen-im-wald-amazonas-gebiet-noch-weniger-trockenresistent-als-angenommen\/#primaryimage\"},\"image\":{\"@id\":\"https:\/\/www.sonnenseite.com\/de\/umwelt\/weniger-regen-im-wald-amazonas-gebiet-noch-weniger-trockenresistent-als-angenommen\/#primaryimage\"},\"thumbnailUrl\":\"https:\/\/www.sonnenseite.com\/wp-content\/uploads\/2021\/04\/Amazonas_gustavofrazao.jpg\",\"datePublished\":\"2022-08-05T00:20:02+00:00\",\"dateModified\":\"2022-08-05T07:17:57+00:00\",\"description\":\"Der Amazonas-Regenwald produziert einen Gro\u00dfteil seiner eigenen Niederschl\u00e4ge durch ein sich selbst verst\u00e4rkendes System des Feuchtigkeits-Recyclings\",\"breadcrumb\":{\"@id\":\"https:\/\/www.sonnenseite.com\/de\/umwelt\/weniger-regen-im-wald-amazonas-gebiet-noch-weniger-trockenresistent-als-angenommen\/#breadcrumb\"},\"inLanguage\":\"de\",\"potentialAction\":[{\"@type\":\"ReadAction\",\"target\":[\"https:\/\/www.sonnenseite.com\/de\/umwelt\/weniger-regen-im-wald-amazonas-gebiet-noch-weniger-trockenresistent-als-angenommen\/\"]}]},{\"@type\":\"ImageObject\",\"inLanguage\":\"de\",\"@id\":\"https:\/\/www.sonnenseite.com\/de\/umwelt\/weniger-regen-im-wald-amazonas-gebiet-noch-weniger-trockenresistent-als-angenommen\/#primaryimage\",\"url\":\"https:\/\/www.sonnenseite.com\/wp-content\/uploads\/2021\/04\/Amazonas_gustavofrazao.jpg\",\"contentUrl\":\"https:\/\/www.sonnenseite.com\/wp-content\/uploads\/2021\/04\/Amazonas_gustavofrazao.jpg\",\"width\":770,\"height\":420,\"caption\":\"Depositphotos.com | gustavofrazao | Amazonas\"},{\"@type\":\"BreadcrumbList\",\"@id\":\"https:\/\/www.sonnenseite.com\/de\/umwelt\/weniger-regen-im-wald-amazonas-gebiet-noch-weniger-trockenresistent-als-angenommen\/#breadcrumb\",\"itemListElement\":[{\"@type\":\"ListItem\",\"position\":1,\"name\":\"Startseite\",\"item\":\"https:\/\/www.sonnenseite.com\/de\/\"},{\"@type\":\"ListItem\",\"position\":2,\"name\":\"Weniger Regen im Wald: Amazonas-Gebiet noch weniger trockenresistent als angenommen\"}]},{\"@type\":\"WebSite\",\"@id\":\"https:\/\/www.sonnenseite.com\/de\/#website\",\"url\":\"https:\/\/www.sonnenseite.com\/de\/\",\"name\":\"Sonnenseite\",\"description\":\"\u00d6kologische Kommunikation mit Franz Alt\",\"publisher\":{\"@id\":\"https:\/\/www.sonnenseite.com\/de\/#organization\"},\"potentialAction\":[{\"@type\":\"SearchAction\",\"target\":{\"@type\":\"EntryPoint\",\"urlTemplate\":\"https:\/\/www.sonnenseite.com\/de\/?s={search_term_string}\"},\"query-input\":{\"@type\":\"PropertyValueSpecification\",\"valueRequired\":true,\"valueName\":\"search_term_string\"}}],\"inLanguage\":\"de\"},{\"@type\":\"Organization\",\"@id\":\"https:\/\/www.sonnenseite.com\/de\/#organization\",\"name\":\"Sonnenseite\",\"url\":\"https:\/\/www.sonnenseite.com\/de\/\",\"logo\":{\"@type\":\"ImageObject\",\"inLanguage\":\"de\",\"@id\":\"https:\/\/www.sonnenseite.com\/de\/#\/schema\/logo\/image\/\",\"url\":\"https:\/\/www.sonnenseite.com\/wp-content\/uploads\/2020\/05\/Sonnenseite_Logo.png\",\"contentUrl\":\"https:\/\/www.sonnenseite.com\/wp-content\/uploads\/2020\/05\/Sonnenseite_Logo.png\",\"width\":377,\"height\":90,\"caption\":\"Sonnenseite\"},\"image\":{\"@id\":\"https:\/\/www.sonnenseite.com\/de\/#\/schema\/logo\/image\/\"},\"sameAs\":[\"https:\/\/www.facebook.com\/pages\/Franz-Alt-SONNENSEITECOM\/221072987903953?fref=ts\",\"https:\/\/x.com\/franzalt\",\"http:\/\/www.youtube.com\/results?search_query&amp;amp;quot;franz_alt&amp;amp;quot;&amp;amp;amp;amp;search_type&amp;amp;amp;amp;aq=f\"]},{\"@type\":\"Person\",\"@id\":\"https:\/\/www.sonnenseite.com\/de\/#\/schema\/person\/50fda0e926597684c7cc6695238a4eb9\",\"name\":\"Bigi Alt\"}]}<\/script>\n<!-- \/ Yoast SEO plugin. -->","yoast_head_json":{"title":"Weniger Regen im Wald: Amazonas-Gebiet noch weniger trockenresistent als angenommen - Sonnenseite - \u00d6kologische Kommunikation mit Franz Alt","description":"Der Amazonas-Regenwald produziert einen Gro\u00dfteil seiner eigenen Niederschl\u00e4ge durch ein sich selbst verst\u00e4rkendes System des Feuchtigkeits-Recyclings","robots":{"index":"index","follow":"follow","max-snippet":"max-snippet:-1","max-image-preview":"max-image-preview:large","max-video-preview":"max-video-preview:-1"},"canonical":"https:\/\/www.sonnenseite.com\/de\/umwelt\/weniger-regen-im-wald-amazonas-gebiet-noch-weniger-trockenresistent-als-angenommen\/","og_locale":"de_DE","og_type":"article","og_title":"Weniger Regen im Wald: Amazonas-Gebiet noch weniger trockenresistent als angenommen - Sonnenseite - \u00d6kologische Kommunikation mit Franz Alt","og_description":"Der Amazonas-Regenwald produziert einen Gro\u00dfteil seiner eigenen Niederschl\u00e4ge durch ein sich selbst verst\u00e4rkendes System des Feuchtigkeits-Recyclings","og_url":"https:\/\/www.sonnenseite.com\/de\/umwelt\/weniger-regen-im-wald-amazonas-gebiet-noch-weniger-trockenresistent-als-angenommen\/","og_site_name":"Sonnenseite","article_publisher":"https:\/\/www.facebook.com\/pages\/Franz-Alt-SONNENSEITECOM\/221072987903953?fref=ts","article_published_time":"2022-08-05T00:20:02+00:00","article_modified_time":"2022-08-05T07:17:57+00:00","og_image":[{"width":770,"height":420,"url":"https:\/\/www.sonnenseite.com\/wp-content\/uploads\/2021\/04\/Amazonas_gustavofrazao.jpg","type":"image\/jpeg"}],"author":"Bigi Alt","twitter_card":"summary_large_image","twitter_creator":"@franzalt","twitter_site":"@franzalt","twitter_misc":{"Verfasst von":"Bigi Alt","Gesch\u00e4tzte Lesezeit":"5\u00a0Minuten"},"schema":{"@context":"https:\/\/schema.org","@graph":[{"@type":"Article","@id":"https:\/\/www.sonnenseite.com\/de\/umwelt\/weniger-regen-im-wald-amazonas-gebiet-noch-weniger-trockenresistent-als-angenommen\/#article","isPartOf":{"@id":"https:\/\/www.sonnenseite.com\/de\/umwelt\/weniger-regen-im-wald-amazonas-gebiet-noch-weniger-trockenresistent-als-angenommen\/"},"author":{"name":"Bigi Alt","@id":"https:\/\/www.sonnenseite.com\/de\/#\/schema\/person\/50fda0e926597684c7cc6695238a4eb9"},"headline":"Weniger Regen im Wald: Amazonas-Gebiet noch weniger trockenresistent als angenommen","datePublished":"2022-08-05T00:20:02+00:00","dateModified":"2022-08-05T07:17:57+00:00","mainEntityOfPage":{"@id":"https:\/\/www.sonnenseite.com\/de\/umwelt\/weniger-regen-im-wald-amazonas-gebiet-noch-weniger-trockenresistent-als-angenommen\/"},"wordCount":866,"publisher":{"@id":"https:\/\/www.sonnenseite.com\/de\/#organization"},"image":{"@id":"https:\/\/www.sonnenseite.com\/de\/umwelt\/weniger-regen-im-wald-amazonas-gebiet-noch-weniger-trockenresistent-als-angenommen\/#primaryimage"},"thumbnailUrl":"https:\/\/www.sonnenseite.com\/wp-content\/uploads\/2021\/04\/Amazonas_gustavofrazao.jpg","articleSection":["Umwelt"],"inLanguage":"de"},{"@type":"WebPage","@id":"https:\/\/www.sonnenseite.com\/de\/umwelt\/weniger-regen-im-wald-amazonas-gebiet-noch-weniger-trockenresistent-als-angenommen\/","url":"https:\/\/www.sonnenseite.com\/de\/umwelt\/weniger-regen-im-wald-amazonas-gebiet-noch-weniger-trockenresistent-als-angenommen\/","name":"Weniger Regen im Wald: Amazonas-Gebiet noch weniger trockenresistent als angenommen - Sonnenseite - \u00d6kologische Kommunikation mit Franz Alt","isPartOf":{"@id":"https:\/\/www.sonnenseite.com\/de\/#website"},"primaryImageOfPage":{"@id":"https:\/\/www.sonnenseite.com\/de\/umwelt\/weniger-regen-im-wald-amazonas-gebiet-noch-weniger-trockenresistent-als-angenommen\/#primaryimage"},"image":{"@id":"https:\/\/www.sonnenseite.com\/de\/umwelt\/weniger-regen-im-wald-amazonas-gebiet-noch-weniger-trockenresistent-als-angenommen\/#primaryimage"},"thumbnailUrl":"https:\/\/www.sonnenseite.com\/wp-content\/uploads\/2021\/04\/Amazonas_gustavofrazao.jpg","datePublished":"2022-08-05T00:20:02+00:00","dateModified":"2022-08-05T07:17:57+00:00","description":"Der Amazonas-Regenwald produziert einen Gro\u00dfteil seiner eigenen Niederschl\u00e4ge durch ein sich selbst verst\u00e4rkendes System des Feuchtigkeits-Recyclings","breadcrumb":{"@id":"https:\/\/www.sonnenseite.com\/de\/umwelt\/weniger-regen-im-wald-amazonas-gebiet-noch-weniger-trockenresistent-als-angenommen\/#breadcrumb"},"inLanguage":"de","potentialAction":[{"@type":"ReadAction","target":["https:\/\/www.sonnenseite.com\/de\/umwelt\/weniger-regen-im-wald-amazonas-gebiet-noch-weniger-trockenresistent-als-angenommen\/"]}]},{"@type":"ImageObject","inLanguage":"de","@id":"https:\/\/www.sonnenseite.com\/de\/umwelt\/weniger-regen-im-wald-amazonas-gebiet-noch-weniger-trockenresistent-als-angenommen\/#primaryimage","url":"https:\/\/www.sonnenseite.com\/wp-content\/uploads\/2021\/04\/Amazonas_gustavofrazao.jpg","contentUrl":"https:\/\/www.sonnenseite.com\/wp-content\/uploads\/2021\/04\/Amazonas_gustavofrazao.jpg","width":770,"height":420,"caption":"Depositphotos.com | gustavofrazao | Amazonas"},{"@type":"BreadcrumbList","@id":"https:\/\/www.sonnenseite.com\/de\/umwelt\/weniger-regen-im-wald-amazonas-gebiet-noch-weniger-trockenresistent-als-angenommen\/#breadcrumb","itemListElement":[{"@type":"ListItem","position":1,"name":"Startseite","item":"https:\/\/www.sonnenseite.com\/de\/"},{"@type":"ListItem","position":2,"name":"Weniger Regen im Wald: Amazonas-Gebiet noch weniger trockenresistent als angenommen"}]},{"@type":"WebSite","@id":"https:\/\/www.sonnenseite.com\/de\/#website","url":"https:\/\/www.sonnenseite.com\/de\/","name":"Sonnenseite","description":"\u00d6kologische Kommunikation mit Franz Alt","publisher":{"@id":"https:\/\/www.sonnenseite.com\/de\/#organization"},"potentialAction":[{"@type":"SearchAction","target":{"@type":"EntryPoint","urlTemplate":"https:\/\/www.sonnenseite.com\/de\/?s={search_term_string}"},"query-input":{"@type":"PropertyValueSpecification","valueRequired":true,"valueName":"search_term_string"}}],"inLanguage":"de"},{"@type":"Organization","@id":"https:\/\/www.sonnenseite.com\/de\/#organization","name":"Sonnenseite","url":"https:\/\/www.sonnenseite.com\/de\/","logo":{"@type":"ImageObject","inLanguage":"de","@id":"https:\/\/www.sonnenseite.com\/de\/#\/schema\/logo\/image\/","url":"https:\/\/www.sonnenseite.com\/wp-content\/uploads\/2020\/05\/Sonnenseite_Logo.png","contentUrl":"https:\/\/www.sonnenseite.com\/wp-content\/uploads\/2020\/05\/Sonnenseite_Logo.png","width":377,"height":90,"caption":"Sonnenseite"},"image":{"@id":"https:\/\/www.sonnenseite.com\/de\/#\/schema\/logo\/image\/"},"sameAs":["https:\/\/www.facebook.com\/pages\/Franz-Alt-SONNENSEITECOM\/221072987903953?fref=ts","https:\/\/x.com\/franzalt","http:\/\/www.youtube.com\/results?search_query&amp;amp;quot;franz_alt&amp;amp;quot;&amp;amp;amp;amp;search_type&amp;amp;amp;amp;aq=f"]},{"@type":"Person","@id":"https:\/\/www.sonnenseite.com\/de\/#\/schema\/person\/50fda0e926597684c7cc6695238a4eb9","name":"Bigi Alt"}]}},"_links":{"self":[{"href":"https:\/\/www.sonnenseite.com\/de\/wp-json\/wp\/v2\/posts\/84295","targetHints":{"allow":["GET"]}}],"collection":[{"href":"https:\/\/www.sonnenseite.com\/de\/wp-json\/wp\/v2\/posts"}],"about":[{"href":"https:\/\/www.sonnenseite.com\/de\/wp-json\/wp\/v2\/types\/post"}],"author":[{"embeddable":true,"href":"https:\/\/www.sonnenseite.com\/de\/wp-json\/wp\/v2\/users\/3"}],"replies":[{"embeddable":true,"href":"https:\/\/www.sonnenseite.com\/de\/wp-json\/wp\/v2\/comments?post=84295"}],"version-history":[{"count":4,"href":"https:\/\/www.sonnenseite.com\/de\/wp-json\/wp\/v2\/posts\/84295\/revisions"}],"predecessor-version":[{"id":84307,"href":"https:\/\/www.sonnenseite.com\/de\/wp-json\/wp\/v2\/posts\/84295\/revisions\/84307"}],"wp:featuredmedia":[{"embeddable":true,"href":"https:\/\/www.sonnenseite.com\/de\/wp-json\/wp\/v2\/media\/70378"}],"wp:attachment":[{"href":"https:\/\/www.sonnenseite.com\/de\/wp-json\/wp\/v2\/media?parent=84295"}],"wp:term":[{"taxonomy":"category","embeddable":true,"href":"https:\/\/www.sonnenseite.com\/de\/wp-json\/wp\/v2\/categories?post=84295"},{"taxonomy":"post_tag","embeddable":true,"href":"https:\/\/www.sonnenseite.com\/de\/wp-json\/wp\/v2\/tags?post=84295"}],"curies":[{"name":"wp","href":"https:\/\/api.w.org\/{rel}","templated":true}]}}