{"id":84391,"date":"2022-08-09T10:20:18","date_gmt":"2022-08-09T08:20:18","guid":{"rendered":"https:\/\/www.sonnenseite.com\/?p=84391"},"modified":"2022-08-09T10:20:19","modified_gmt":"2022-08-09T08:20:19","slug":"raus-aus-der-gaskrise","status":"publish","type":"post","link":"https:\/\/www.sonnenseite.com\/de\/politik\/raus-aus-der-gaskrise\/","title":{"rendered":"Raus aus der Gaskrise"},"content":{"rendered":"\n<p>Die Bundesregierung tut zu wenig, um die unvermindert drohende Erdgaskrise zu entsch\u00e4rfen. Sie muss das Einsparen aktiv voranbringen, eine Werbekampagne reicht daf\u00fcr nicht. Andere EU-L\u00e4nder setzen bereits auf klare Vorgaben.<\/p>\n\n\n\n<p>Es gab nun schon drei <a href=\"https:\/\/www.klimareporter.de\/gesellschaft\/den-hitzestau-aufloesen\" target=\"_blank\" rel=\"noreferrer noopener\">Hitzewellen<\/a> in diesem Jahr, nach einem warmen Fr\u00fchjahr und Winter. Und es ist, wieder mal, viel zu trocken. Deutschland schwitzt und \u00e4chzt, und die Stadtb\u00e4ume werfen ihre Bl\u00e4tter ab.<\/p>\n\n\n\n<p>Frage: Wof\u00fcr waren diese wei\u00dfen Dinger unter den Fenstern nochmal da? Bisschen viel verlangt, an die n\u00e4chste Heizperiode zu denken? Unter normalen Umst\u00e4nden schon. Doch die Umst\u00e4nde, in denen wir leben, sind nicht normal. Sp\u00e4testens seit dem <a href=\"https:\/\/www.klimareporter.de\/international\/das-russische-klimaexperiment-auf-sachalin-wie-soll-es-weitergehen\" target=\"_blank\" rel=\"noreferrer noopener\">24. Februar<\/a> nicht mehr.<\/p>\n\n\n\n<p>Nat\u00fcrlich denken viele durchaus an den n\u00e4chsten Winter, und besonders diejenigen, die die neue Abschlagsrechnung ihres Erdgas-Versorgers in H\u00e4nden halten. Niemand wei\u00df, wie knapp der Rohstoff sein wird, mit dem die H\u00e4lfte der deutschen Wohnungen beheizt wird und an dem Millionen Arbeitspl\u00e4tze h\u00e4ngen.<\/p>\n\n\n\n<p>Momentan sieht es mit dem F\u00fcllstand der Gasspeicher ganz gut aus, obwohl Russland \u00fcber die Pipeline Nord Stream\u00a01 wenig liefert. Er liegt bei 70 Prozent, und er steigt weiter. Doch das kann sich schnell \u00e4ndern, wenn die Heizperiode beginnt.<a href=\"https:\/\/www.klimareporter.de\/banners\/click30\" target=\"_blank\" rel=\"noreferrer noopener\"><\/a><\/p>\n\n\n\n<p>Bundesregierung und Gaskonzerne haben viel unternommen, um Putins Gas zu ersetzen. Norwegen und die Niederlande liefern mehr, das wird erg\u00e4nzt durch <a href=\"https:\/\/www.klimareporter.de\/deutschland\/spd-abgeordneter-gasterminal-verhindert-4-000-putin-panzer\" target=\"_blank\" rel=\"noreferrer noopener\">Fl\u00fcssigerdgas aus \u00dcbersee<\/a>, das \u00fcber das europ\u00e4ische Netz eingespeist wird.<\/p>\n\n\n\n<p>Hinzu kommt, dass der Gasverbrauch, die warme Witterung herausgerechnet, im ersten Halbjahr um zwar nicht sensationelle, aber sp\u00fcrbare f\u00fcnf bis sechs Prozent zur\u00fcckgegangen ist. Au\u00dferdem ist Hochsommer und der Gasbedarf gering.<\/p>\n\n\n\n<p>Auch in der Industrie gibt es laut dem Verband DIHK bereits einen sp\u00fcrbar r\u00fcckl\u00e4ufigen Gasverbrauch. Die Energie ist so teuer geworden, dass zahlreiche Betriebe bereits Teile ihrer Produktion stillgelegt haben.<\/p>\n\n\n\n<h5 class=\"wp-block-heading\">Habeck setzt zu sehr auf Freiwilligkeit<\/h5>\n\n\n\n<p>Bisher reicht das aus, um die Gasspeicher aufzuf\u00fcllen \u2013 und eine Entspannung zu signalisieren, die tr\u00fcgerisch sein kann. Die Bundesregierung jedenfalls tut zu wenig, um die weiterhin unvermindert drohende Gaskrise zu entsch\u00e4rfen. Die Ampel scheint abgelenkt durch die Debatte, ob die drei restlichen Atomkraftwerke nun <a href=\"https:\/\/www.klimareporter.de\/strom\/akw-laufzeitverlaengerung-aber-sicher\" target=\"_blank\" rel=\"noreferrer noopener\">l\u00e4nger laufen sollen<\/a> oder nicht. Und wenn ja, wie lange.<\/p>\n\n\n\n<p>Dabei ist bekannt, dass ein &#8222;Streckbetrieb&#8220; und auch Laufzeiten \u00fcber 2023 hinaus <a href=\"https:\/\/www.klimareporter.de\/deutschland\/atomkraft-ja-bitte\" target=\"_blank\" rel=\"noreferrer noopener\">nur wenig Gas<\/a> einsparen k\u00f6nnen. Um rund ein Prozent w\u00fcrde der Gesamtverbrauch laut Studien gemindert werden.<\/p>\n\n\n\n<p>Wenn der Streckbetrieb notwendig ist, um das Stromnetz zu stabilisieren, kann er im kommenden Winter toleriert werden. Dar\u00fcber hinaus gehende Laufzeiten, die faktisch einen Ausstieg aus dem Ausstieg bedeuten, sind nicht tolerabel. Erstens aus Sicherheitsgr\u00fcnden, zweitens, weil der so m\u00fchsam befriedete Atomkonflikt in der Gesellschaft wieder neu aufbrechen w\u00fcrde und drittens, weil die unflexible Atomkraft schlicht nicht zu dem angestrebten 100-Prozent-Erneuerbaren-Energiesystem passt.<\/p>\n\n\n\n<p>Der Ein-Prozent-Anteil beim Gas k\u00f6nnte leicht zus\u00e4tzlich weggespart werden, wenn Bundesregierung, Industrie und Verbraucher das Einsparen wirklich <a href=\"https:\/\/www.klimareporter.de\/deutschland\/den-schlafenden-riesen-wecken\" target=\"_blank\" rel=\"noreferrer noopener\">konsequent angehen<\/a> w\u00fcrden. Doch hier hapert es.<\/p>\n\n\n\n<p>Wirtschaftsminister Robert Habeck (Gr\u00fcne) setzt zu sehr darauf, dass die Menschen und die Unternehmen den Gasverbrauch schon freiwillig oder wegen der hohen Energiepreise senken. Das wird sicher einiges bewirken, aber es wird nicht reichen.<\/p>\n\n\n\n<p>Die Bundesregierung muss das Einsparen aktiv voranbringen, nicht nur mit Habecks <a href=\"https:\/\/www.klimareporter.de\/deutschland\/energiewechsel-selbst-gemacht\" target=\"_blank\" rel=\"noreferrer noopener\">&#8222;Energiewechsel&#8220;-Werbekampagne<\/a>. Sie muss zum Beispiel erlauben, dass Zentralheizungen in Mehrfamilienh\u00e4usern etwas k\u00e4lter eingestellt werden d\u00fcrfen, und sie sollte Bonuszahlungen f\u00fcr Haushalte einf\u00fchren, die im laufenden Jahr weniger Gas verbrauchen als in den Vorjahren.<\/p>\n\n\n\n<p>Und: Habecks Plan, Gas-Kontingente in der Industrie durch Gasspar-Auktionen freizubekommen, ist zwar gut. Nur: Das h\u00e4tte schon l\u00e4ngst gemacht werden sollen und sollte nun schnell beginnen.<\/p>\n\n\n\n<h5 class=\"wp-block-heading\">Spanien zeigt, was m\u00f6glich ist<\/h5>\n\n\n\n<p>Spaniens Regierung hat gerade vorgemacht, dass der Staat durchaus aktiv Vorgaben zum Einsparen machen kann. Dort wird zum Beispiel <a href=\"https:\/\/www.derstandard.de\/story\/2000137958558\/spanien-ruft-zum-energiesparen-auf-klimaanlagen-und-lichter-aus\" target=\"_blank\" rel=\"noreferrer noopener\">vorgeschrieben<\/a>: Heizen in \u00f6ffentlichen Geb\u00e4uden, Arbeitsst\u00e4tten, Hotels nur bis 19 Grad, K\u00fchlen nur bis 27 Grad.<\/p>\n\n\n\n<p>Oder: Beleuchtung von unbenutzten B\u00fcros und Schaufenstern nur bis 22 Uhr. Und: Gesch\u00e4fte m\u00fcssen Automatikt\u00fcren installieren, die je nach Jahreszeit kalte oder warme Luft im Innenraum halten.<\/p>\n\n\n\n<p>Daran sollte die Ampel sich ein Beispiel nehmen. Es gibt solche und unz\u00e4hlige <a href=\"https:\/\/www.klimareporter.de\/finanzen-wirtschaft\/countdown-fuer-ein-gasspar-programm\" target=\"_blank\" rel=\"noreferrer noopener\">andere Ma\u00dfnahmen<\/a>, um die immer noch grassierende Energieverschwendung zu verringern.<\/p>\n\n\n\n<p>Einiges ist sogar kurzfristig umsetzbar, wie ein <a href=\"https:\/\/www.klimareporter.de\/tag\/tempolimit\" target=\"_blank\" rel=\"noreferrer noopener\">Tempolimit<\/a> auf Autobahnen, ein <a href=\"https:\/\/www.klimareporter.de\/verkehr\/kaufen-einsteigen-fahren-ohne-nachzudenken\" target=\"_blank\" rel=\"noreferrer noopener\">365-Euro-Jahresticket<\/a> f\u00fcr den \u00d6PNV und ein Sofort-Beschleunigungsgesetz f\u00fcr den <a href=\"https:\/\/www.klimareporter.de\/strom\/windbranche-hofft-auf-kleinen-sprint\" target=\"_blank\" rel=\"noreferrer noopener\">Windkraft-Ausbau<\/a>. Anderes wirkt langfristiger, wie ein Booster-Programm <a href=\"https:\/\/www.klimareporter.de\/energiewende\/das-ende-der-gasheizung\" target=\"_blank\" rel=\"noreferrer noopener\">f\u00fcr W\u00e4rmepumpen<\/a> zur Hausheizung und ein <a href=\"https:\/\/www.klimareporter.de\/warme\/sanieren-und-daemmen-im-industriellen-massstab\" target=\"_blank\" rel=\"noreferrer noopener\">W\u00e4rmed\u00e4mm-Programm<\/a>, das die F\u00f6rders\u00e4tze verdoppelt statt sie, wie soeben von der Ampel praktiziert, teils sogar zu k\u00fcrzen.<\/p>\n\n\n<h5 class=\"green\">Quelle<\/h5>\r\n\n\n\n<p>Der Bericht wurde von der\u00a0<a href=\"https:\/\/www.klimareporter.de\/deutschland\/raus-aus-der-gaskrise\">Redaktion \u201eklimareporter.de\u201c (Joachim Wille) 2022<\/a>\u00a0verfasst &#8211; der Artikel darf nicht ohne Genehmigung\u00a0(<a href=\"mailto:post@klimareporter.de\">post@klimareporter.de<\/a>) weiterverbreitet werden!\u00a0<\/p>\n<div class=\"shariff shariff-align-flex-start shariff-widget-align-flex-start\"><div class=\"ShariffHeadline\">Diese Meldung teilen<\/div><ul class=\"shariff-buttons theme-round orientation-horizontal buttonsize-medium\"><li class=\"shariff-button facebook shariff-nocustomcolor\" style=\"background-color:#4273c8;border-radius:1%\"><a href=\"https:\/\/www.facebook.com\/sharer\/sharer.php?u=https%3A%2F%2Fwww.sonnenseite.com%2Fde%2Fpolitik%2Fraus-aus-der-gaskrise%2F\" title=\"Bei Facebook teilen\" aria-label=\"Bei Facebook teilen\" role=\"button\" rel=\"nofollow\" class=\"shariff-link\" style=\";border-radius:1%; background-color:#3b5998; color:#fff\" target=\"_blank\"><span class=\"shariff-icon\" style=\"\"><svg width=\"32px\" height=\"20px\" xmlns=\"http:\/\/www.w3.org\/2000\/svg\" viewBox=\"0 0 18 32\"><path fill=\"#3b5998\" d=\"M17.1 0.2v4.7h-2.8q-1.5 0-2.1 0.6t-0.5 1.9v3.4h5.2l-0.7 5.3h-4.5v13.6h-5.5v-13.6h-4.5v-5.3h4.5v-3.9q0-3.3 1.9-5.2t5-1.8q2.6 0 4.1 0.2z\"\/><\/svg><\/span><\/a><\/li><li class=\"shariff-button twitter shariff-nocustomcolor\" style=\"background-color:#595959;border-radius:1%\"><a href=\"https:\/\/twitter.com\/share?url=https%3A%2F%2Fwww.sonnenseite.com%2Fde%2Fpolitik%2Fraus-aus-der-gaskrise%2F&text=Raus%20aus%20der%20Gaskrise\" title=\"Bei X teilen\" aria-label=\"Bei X teilen\" role=\"button\" rel=\"noopener nofollow\" class=\"shariff-link\" style=\";border-radius:1%; background-color:#000; color:#fff\" target=\"_blank\"><span class=\"shariff-icon\" style=\"\"><svg width=\"32px\" height=\"20px\" xmlns=\"http:\/\/www.w3.org\/2000\/svg\" viewBox=\"0 0 24 24\"><path fill=\"#000\" d=\"M14.258 10.152L23.176 0h-2.113l-7.747 8.813L7.133 0H0l9.352 13.328L0 23.973h2.113l8.176-9.309 6.531 9.309h7.133zm-2.895 3.293l-.949-1.328L2.875 1.56h3.246l6.086 8.523.945 1.328 7.91 11.078h-3.246zm0 0\"\/><\/svg><\/span><\/a><\/li><li class=\"shariff-button xing shariff-nocustomcolor\" style=\"background-color:#29888a;border-radius:1%\"><a href=\"https:\/\/www.xing.com\/spi\/shares\/new?url=https%3A%2F%2Fwww.sonnenseite.com%2Fde%2Fpolitik%2Fraus-aus-der-gaskrise%2F\" title=\"Bei XING teilen\" aria-label=\"Bei XING teilen\" role=\"button\" rel=\"noopener nofollow\" class=\"shariff-link\" style=\";border-radius:1%; background-color:#126567; color:#fff\" target=\"_blank\"><span class=\"shariff-icon\" style=\"\"><svg width=\"32px\" height=\"20px\" xmlns=\"http:\/\/www.w3.org\/2000\/svg\" viewBox=\"0 0 25 32\"><path fill=\"#126567\" d=\"M10.7 11.9q-0.2 0.3-4.6 8.2-0.5 0.8-1.2 0.8h-4.3q-0.4 0-0.5-0.3t0-0.6l4.5-8q0 0 0 0l-2.9-5q-0.2-0.4 0-0.7 0.2-0.3 0.5-0.3h4.3q0.7 0 1.2 0.8zM25.1 0.4q0.2 0.3 0 0.7l-9.4 16.7 6 11q0.2 0.4 0 0.6-0.2 0.3-0.6 0.3h-4.3q-0.7 0-1.2-0.8l-6-11.1q0.3-0.6 9.5-16.8 0.4-0.8 1.2-0.8h4.3q0.4 0 0.5 0.3z\"\/><\/svg><\/span><\/a><\/li><li class=\"shariff-button linkedin shariff-nocustomcolor\" style=\"background-color:#1488bf;border-radius:1%\"><a href=\"https:\/\/www.linkedin.com\/sharing\/share-offsite\/?url=https%3A%2F%2Fwww.sonnenseite.com%2Fde%2Fpolitik%2Fraus-aus-der-gaskrise%2F\" title=\"Bei LinkedIn teilen\" aria-label=\"Bei LinkedIn teilen\" role=\"button\" rel=\"noopener nofollow\" class=\"shariff-link\" style=\";border-radius:1%; background-color:#0077b5; color:#fff\" target=\"_blank\"><span class=\"shariff-icon\" style=\"\"><svg width=\"32px\" height=\"20px\" xmlns=\"http:\/\/www.w3.org\/2000\/svg\" viewBox=\"0 0 27 32\"><path fill=\"#0077b5\" d=\"M6.2 11.2v17.7h-5.9v-17.7h5.9zM6.6 5.7q0 1.3-0.9 2.2t-2.4 0.9h0q-1.5 0-2.4-0.9t-0.9-2.2 0.9-2.2 2.4-0.9 2.4 0.9 0.9 2.2zM27.4 18.7v10.1h-5.9v-9.5q0-1.9-0.7-2.9t-2.3-1.1q-1.1 0-1.9 0.6t-1.2 1.5q-0.2 0.5-0.2 1.4v9.9h-5.9q0-7.1 0-11.6t0-5.3l0-0.9h5.9v2.6h0q0.4-0.6 0.7-1t1-0.9 1.6-0.8 2-0.3q3 0 4.9 2t1.9 6z\"\/><\/svg><\/span><\/a><\/li><li class=\"shariff-button printer shariff-nocustomcolor\" style=\"background-color:#a8a8a8;border-radius:1%\"><a href=\"javascript:window.print()\" title=\"drucken\" aria-label=\"drucken\" role=\"button\" rel=\"noopener nofollow\" class=\"shariff-link\" style=\";border-radius:1%; background-color:#999; color:#fff\"><span class=\"shariff-icon\" style=\"\"><svg width=\"32px\" height=\"20px\" xmlns=\"http:\/\/www.w3.org\/2000\/svg\" viewBox=\"0 0 30 32\"><path fill=\"#999\" d=\"M6.8 27.4h16v-4.6h-16v4.6zM6.8 16h16v-6.8h-2.8q-0.7 0-1.2-0.5t-0.5-1.2v-2.8h-11.4v11.4zM27.4 17.2q0-0.5-0.3-0.8t-0.8-0.4-0.8 0.4-0.3 0.8 0.3 0.8 0.8 0.3 0.8-0.3 0.3-0.8zM29.7 17.2v7.4q0 0.2-0.2 0.4t-0.4 0.2h-4v2.8q0 0.7-0.5 1.2t-1.2 0.5h-17.2q-0.7 0-1.2-0.5t-0.5-1.2v-2.8h-4q-0.2 0-0.4-0.2t-0.2-0.4v-7.4q0-1.4 1-2.4t2.4-1h1.2v-9.7q0-0.7 0.5-1.2t1.2-0.5h12q0.7 0 1.6 0.4t1.3 0.8l2.7 2.7q0.5 0.5 0.9 1.4t0.4 1.6v4.6h1.1q1.4 0 2.4 1t1 2.4z\"\/><\/svg><\/span><\/a><\/li><li class=\"shariff-button mailto shariff-nocustomcolor\" style=\"background-color:#a8a8a8;border-radius:1%\"><a href=\"mailto:?body=https%3A%2F%2Fwww.sonnenseite.com%2Fde%2Fpolitik%2Fraus-aus-der-gaskrise%2F&subject=Raus%20aus%20der%20Gaskrise\" title=\"Per E-Mail versenden\" aria-label=\"Per E-Mail versenden\" role=\"button\" rel=\"noopener nofollow\" class=\"shariff-link\" style=\";border-radius:1%; background-color:#999; color:#fff\"><span class=\"shariff-icon\" style=\"\"><svg width=\"32px\" height=\"20px\" xmlns=\"http:\/\/www.w3.org\/2000\/svg\" viewBox=\"0 0 32 32\"><path fill=\"#999\" d=\"M32 12.7v14.2q0 1.2-0.8 2t-2 0.9h-26.3q-1.2 0-2-0.9t-0.8-2v-14.2q0.8 0.9 1.8 1.6 6.5 4.4 8.9 6.1 1 0.8 1.6 1.2t1.7 0.9 2 0.4h0.1q0.9 0 2-0.4t1.7-0.9 1.6-1.2q3-2.2 8.9-6.1 1-0.7 1.8-1.6zM32 7.4q0 1.4-0.9 2.7t-2.2 2.2q-6.7 4.7-8.4 5.8-0.2 0.1-0.7 0.5t-1 0.7-0.9 0.6-1.1 0.5-0.9 0.2h-0.1q-0.4 0-0.9-0.2t-1.1-0.5-0.9-0.6-1-0.7-0.7-0.5q-1.6-1.1-4.7-3.2t-3.6-2.6q-1.1-0.7-2.1-2t-1-2.5q0-1.4 0.7-2.3t2.1-0.9h26.3q1.2 0 2 0.8t0.9 2z\"\/><\/svg><\/span><\/a><\/li><\/ul><\/div>","protected":false},"excerpt":{"rendered":"<p>Die Bundesregierung tut zu wenig, um die unvermindert drohende Erdgaskrise zu entsch\u00e4rfen. Sie muss das Einsparen [&hellip;]<\/p>\n","protected":false},"author":3,"featured_media":15522,"comment_status":"closed","ping_status":"closed","sticky":false,"template":"","format":"standard","meta":{"inline_featured_image":false,"footnotes":""},"categories":[21],"tags":[],"class_list":["post-84391","post","type-post","status-publish","format-standard","has-post-thumbnail","hentry","category-politik"],"yoast_head":"<!-- This site is optimized with the Yoast SEO plugin v26.5 - https:\/\/yoast.com\/wordpress\/plugins\/seo\/ -->\n<title>Raus aus der Gaskrise - Sonnenseite - \u00d6kologische Kommunikation mit Franz Alt<\/title>\n<meta name=\"description\" content=\"Die Bundesregierung tut zu wenig, um die unvermindert drohende Erdgaskrise zu entsch\u00e4rfen. Sie muss das Einsparen aktiv voranbringen, eine Werbekampagne\" \/>\n<meta name=\"robots\" content=\"index, follow, max-snippet:-1, max-image-preview:large, max-video-preview:-1\" \/>\n<link rel=\"canonical\" href=\"https:\/\/www.sonnenseite.com\/de\/politik\/raus-aus-der-gaskrise\/\" \/>\n<meta property=\"og:locale\" content=\"de_DE\" \/>\n<meta property=\"og:type\" content=\"article\" \/>\n<meta property=\"og:title\" content=\"Raus aus der Gaskrise - Sonnenseite - \u00d6kologische Kommunikation mit Franz Alt\" \/>\n<meta property=\"og:description\" content=\"Die Bundesregierung tut zu wenig, um die unvermindert drohende Erdgaskrise zu entsch\u00e4rfen. Sie muss das Einsparen aktiv voranbringen, eine Werbekampagne\" \/>\n<meta property=\"og:url\" content=\"https:\/\/www.sonnenseite.com\/de\/politik\/raus-aus-der-gaskrise\/\" \/>\n<meta property=\"og:site_name\" content=\"Sonnenseite\" \/>\n<meta property=\"article:publisher\" content=\"https:\/\/www.facebook.com\/pages\/Franz-Alt-SONNENSEITECOM\/221072987903953?fref=ts\" \/>\n<meta property=\"article:published_time\" content=\"2022-08-09T08:20:18+00:00\" \/>\n<meta property=\"article:modified_time\" content=\"2022-08-09T08:20:19+00:00\" \/>\n<meta property=\"og:image\" content=\"https:\/\/www.sonnenseite.com\/wp-content\/uploads\/2018\/09\/Gas_designtano.jpg\" \/>\n\t<meta property=\"og:image:width\" content=\"770\" \/>\n\t<meta property=\"og:image:height\" content=\"420\" \/>\n\t<meta property=\"og:image:type\" content=\"image\/jpeg\" \/>\n<meta name=\"author\" content=\"Bigi Alt\" \/>\n<meta name=\"twitter:card\" content=\"summary_large_image\" \/>\n<meta name=\"twitter:creator\" content=\"@franzalt\" \/>\n<meta name=\"twitter:site\" content=\"@franzalt\" \/>\n<meta name=\"twitter:label1\" content=\"Verfasst von\" \/>\n\t<meta name=\"twitter:data1\" content=\"Bigi Alt\" \/>\n\t<meta name=\"twitter:label2\" content=\"Gesch\u00e4tzte Lesezeit\" \/>\n\t<meta name=\"twitter:data2\" content=\"5\u00a0Minuten\" \/>\n<script type=\"application\/ld+json\" class=\"yoast-schema-graph\">{\"@context\":\"https:\/\/schema.org\",\"@graph\":[{\"@type\":\"Article\",\"@id\":\"https:\/\/www.sonnenseite.com\/de\/politik\/raus-aus-der-gaskrise\/#article\",\"isPartOf\":{\"@id\":\"https:\/\/www.sonnenseite.com\/de\/politik\/raus-aus-der-gaskrise\/\"},\"author\":{\"name\":\"Bigi Alt\",\"@id\":\"https:\/\/www.sonnenseite.com\/de\/#\/schema\/person\/50fda0e926597684c7cc6695238a4eb9\"},\"headline\":\"Raus aus der Gaskrise\",\"datePublished\":\"2022-08-09T08:20:18+00:00\",\"dateModified\":\"2022-08-09T08:20:19+00:00\",\"mainEntityOfPage\":{\"@id\":\"https:\/\/www.sonnenseite.com\/de\/politik\/raus-aus-der-gaskrise\/\"},\"wordCount\":788,\"publisher\":{\"@id\":\"https:\/\/www.sonnenseite.com\/de\/#organization\"},\"image\":{\"@id\":\"https:\/\/www.sonnenseite.com\/de\/politik\/raus-aus-der-gaskrise\/#primaryimage\"},\"thumbnailUrl\":\"https:\/\/www.sonnenseite.com\/wp-content\/uploads\/2018\/09\/Gas_designtano.jpg\",\"articleSection\":[\"Politik\"],\"inLanguage\":\"de\"},{\"@type\":\"WebPage\",\"@id\":\"https:\/\/www.sonnenseite.com\/de\/politik\/raus-aus-der-gaskrise\/\",\"url\":\"https:\/\/www.sonnenseite.com\/de\/politik\/raus-aus-der-gaskrise\/\",\"name\":\"Raus aus der Gaskrise - Sonnenseite - \u00d6kologische Kommunikation mit Franz Alt\",\"isPartOf\":{\"@id\":\"https:\/\/www.sonnenseite.com\/de\/#website\"},\"primaryImageOfPage\":{\"@id\":\"https:\/\/www.sonnenseite.com\/de\/politik\/raus-aus-der-gaskrise\/#primaryimage\"},\"image\":{\"@id\":\"https:\/\/www.sonnenseite.com\/de\/politik\/raus-aus-der-gaskrise\/#primaryimage\"},\"thumbnailUrl\":\"https:\/\/www.sonnenseite.com\/wp-content\/uploads\/2018\/09\/Gas_designtano.jpg\",\"datePublished\":\"2022-08-09T08:20:18+00:00\",\"dateModified\":\"2022-08-09T08:20:19+00:00\",\"description\":\"Die Bundesregierung tut zu wenig, um die unvermindert drohende Erdgaskrise zu entsch\u00e4rfen. Sie muss das Einsparen aktiv voranbringen, eine Werbekampagne\",\"breadcrumb\":{\"@id\":\"https:\/\/www.sonnenseite.com\/de\/politik\/raus-aus-der-gaskrise\/#breadcrumb\"},\"inLanguage\":\"de\",\"potentialAction\":[{\"@type\":\"ReadAction\",\"target\":[\"https:\/\/www.sonnenseite.com\/de\/politik\/raus-aus-der-gaskrise\/\"]}]},{\"@type\":\"ImageObject\",\"inLanguage\":\"de\",\"@id\":\"https:\/\/www.sonnenseite.com\/de\/politik\/raus-aus-der-gaskrise\/#primaryimage\",\"url\":\"https:\/\/www.sonnenseite.com\/wp-content\/uploads\/2018\/09\/Gas_designtano.jpg\",\"contentUrl\":\"https:\/\/www.sonnenseite.com\/wp-content\/uploads\/2018\/09\/Gas_designtano.jpg\",\"width\":770,\"height\":420,\"caption\":\"Depositphotos | designtano\"},{\"@type\":\"BreadcrumbList\",\"@id\":\"https:\/\/www.sonnenseite.com\/de\/politik\/raus-aus-der-gaskrise\/#breadcrumb\",\"itemListElement\":[{\"@type\":\"ListItem\",\"position\":1,\"name\":\"Startseite\",\"item\":\"https:\/\/www.sonnenseite.com\/de\/\"},{\"@type\":\"ListItem\",\"position\":2,\"name\":\"Raus aus der Gaskrise\"}]},{\"@type\":\"WebSite\",\"@id\":\"https:\/\/www.sonnenseite.com\/de\/#website\",\"url\":\"https:\/\/www.sonnenseite.com\/de\/\",\"name\":\"Sonnenseite\",\"description\":\"\u00d6kologische Kommunikation mit Franz Alt\",\"publisher\":{\"@id\":\"https:\/\/www.sonnenseite.com\/de\/#organization\"},\"potentialAction\":[{\"@type\":\"SearchAction\",\"target\":{\"@type\":\"EntryPoint\",\"urlTemplate\":\"https:\/\/www.sonnenseite.com\/de\/?s={search_term_string}\"},\"query-input\":{\"@type\":\"PropertyValueSpecification\",\"valueRequired\":true,\"valueName\":\"search_term_string\"}}],\"inLanguage\":\"de\"},{\"@type\":\"Organization\",\"@id\":\"https:\/\/www.sonnenseite.com\/de\/#organization\",\"name\":\"Sonnenseite\",\"url\":\"https:\/\/www.sonnenseite.com\/de\/\",\"logo\":{\"@type\":\"ImageObject\",\"inLanguage\":\"de\",\"@id\":\"https:\/\/www.sonnenseite.com\/de\/#\/schema\/logo\/image\/\",\"url\":\"https:\/\/www.sonnenseite.com\/wp-content\/uploads\/2020\/05\/Sonnenseite_Logo.png\",\"contentUrl\":\"https:\/\/www.sonnenseite.com\/wp-content\/uploads\/2020\/05\/Sonnenseite_Logo.png\",\"width\":377,\"height\":90,\"caption\":\"Sonnenseite\"},\"image\":{\"@id\":\"https:\/\/www.sonnenseite.com\/de\/#\/schema\/logo\/image\/\"},\"sameAs\":[\"https:\/\/www.facebook.com\/pages\/Franz-Alt-SONNENSEITECOM\/221072987903953?fref=ts\",\"https:\/\/x.com\/franzalt\",\"http:\/\/www.youtube.com\/results?search_query&amp;amp;quot;franz_alt&amp;amp;quot;&amp;amp;amp;amp;search_type&amp;amp;amp;amp;aq=f\"]},{\"@type\":\"Person\",\"@id\":\"https:\/\/www.sonnenseite.com\/de\/#\/schema\/person\/50fda0e926597684c7cc6695238a4eb9\",\"name\":\"Bigi Alt\"}]}<\/script>\n<!-- \/ Yoast SEO plugin. -->","yoast_head_json":{"title":"Raus aus der Gaskrise - Sonnenseite - \u00d6kologische Kommunikation mit Franz Alt","description":"Die Bundesregierung tut zu wenig, um die unvermindert drohende Erdgaskrise zu entsch\u00e4rfen. Sie muss das Einsparen aktiv voranbringen, eine Werbekampagne","robots":{"index":"index","follow":"follow","max-snippet":"max-snippet:-1","max-image-preview":"max-image-preview:large","max-video-preview":"max-video-preview:-1"},"canonical":"https:\/\/www.sonnenseite.com\/de\/politik\/raus-aus-der-gaskrise\/","og_locale":"de_DE","og_type":"article","og_title":"Raus aus der Gaskrise - Sonnenseite - \u00d6kologische Kommunikation mit Franz Alt","og_description":"Die Bundesregierung tut zu wenig, um die unvermindert drohende Erdgaskrise zu entsch\u00e4rfen. Sie muss das Einsparen aktiv voranbringen, eine Werbekampagne","og_url":"https:\/\/www.sonnenseite.com\/de\/politik\/raus-aus-der-gaskrise\/","og_site_name":"Sonnenseite","article_publisher":"https:\/\/www.facebook.com\/pages\/Franz-Alt-SONNENSEITECOM\/221072987903953?fref=ts","article_published_time":"2022-08-09T08:20:18+00:00","article_modified_time":"2022-08-09T08:20:19+00:00","og_image":[{"width":770,"height":420,"url":"https:\/\/www.sonnenseite.com\/wp-content\/uploads\/2018\/09\/Gas_designtano.jpg","type":"image\/jpeg"}],"author":"Bigi Alt","twitter_card":"summary_large_image","twitter_creator":"@franzalt","twitter_site":"@franzalt","twitter_misc":{"Verfasst von":"Bigi Alt","Gesch\u00e4tzte Lesezeit":"5\u00a0Minuten"},"schema":{"@context":"https:\/\/schema.org","@graph":[{"@type":"Article","@id":"https:\/\/www.sonnenseite.com\/de\/politik\/raus-aus-der-gaskrise\/#article","isPartOf":{"@id":"https:\/\/www.sonnenseite.com\/de\/politik\/raus-aus-der-gaskrise\/"},"author":{"name":"Bigi Alt","@id":"https:\/\/www.sonnenseite.com\/de\/#\/schema\/person\/50fda0e926597684c7cc6695238a4eb9"},"headline":"Raus aus der Gaskrise","datePublished":"2022-08-09T08:20:18+00:00","dateModified":"2022-08-09T08:20:19+00:00","mainEntityOfPage":{"@id":"https:\/\/www.sonnenseite.com\/de\/politik\/raus-aus-der-gaskrise\/"},"wordCount":788,"publisher":{"@id":"https:\/\/www.sonnenseite.com\/de\/#organization"},"image":{"@id":"https:\/\/www.sonnenseite.com\/de\/politik\/raus-aus-der-gaskrise\/#primaryimage"},"thumbnailUrl":"https:\/\/www.sonnenseite.com\/wp-content\/uploads\/2018\/09\/Gas_designtano.jpg","articleSection":["Politik"],"inLanguage":"de"},{"@type":"WebPage","@id":"https:\/\/www.sonnenseite.com\/de\/politik\/raus-aus-der-gaskrise\/","url":"https:\/\/www.sonnenseite.com\/de\/politik\/raus-aus-der-gaskrise\/","name":"Raus aus der Gaskrise - Sonnenseite - \u00d6kologische Kommunikation mit Franz Alt","isPartOf":{"@id":"https:\/\/www.sonnenseite.com\/de\/#website"},"primaryImageOfPage":{"@id":"https:\/\/www.sonnenseite.com\/de\/politik\/raus-aus-der-gaskrise\/#primaryimage"},"image":{"@id":"https:\/\/www.sonnenseite.com\/de\/politik\/raus-aus-der-gaskrise\/#primaryimage"},"thumbnailUrl":"https:\/\/www.sonnenseite.com\/wp-content\/uploads\/2018\/09\/Gas_designtano.jpg","datePublished":"2022-08-09T08:20:18+00:00","dateModified":"2022-08-09T08:20:19+00:00","description":"Die Bundesregierung tut zu wenig, um die unvermindert drohende Erdgaskrise zu entsch\u00e4rfen. Sie muss das Einsparen aktiv voranbringen, eine Werbekampagne","breadcrumb":{"@id":"https:\/\/www.sonnenseite.com\/de\/politik\/raus-aus-der-gaskrise\/#breadcrumb"},"inLanguage":"de","potentialAction":[{"@type":"ReadAction","target":["https:\/\/www.sonnenseite.com\/de\/politik\/raus-aus-der-gaskrise\/"]}]},{"@type":"ImageObject","inLanguage":"de","@id":"https:\/\/www.sonnenseite.com\/de\/politik\/raus-aus-der-gaskrise\/#primaryimage","url":"https:\/\/www.sonnenseite.com\/wp-content\/uploads\/2018\/09\/Gas_designtano.jpg","contentUrl":"https:\/\/www.sonnenseite.com\/wp-content\/uploads\/2018\/09\/Gas_designtano.jpg","width":770,"height":420,"caption":"Depositphotos | designtano"},{"@type":"BreadcrumbList","@id":"https:\/\/www.sonnenseite.com\/de\/politik\/raus-aus-der-gaskrise\/#breadcrumb","itemListElement":[{"@type":"ListItem","position":1,"name":"Startseite","item":"https:\/\/www.sonnenseite.com\/de\/"},{"@type":"ListItem","position":2,"name":"Raus aus der Gaskrise"}]},{"@type":"WebSite","@id":"https:\/\/www.sonnenseite.com\/de\/#website","url":"https:\/\/www.sonnenseite.com\/de\/","name":"Sonnenseite","description":"\u00d6kologische Kommunikation mit Franz Alt","publisher":{"@id":"https:\/\/www.sonnenseite.com\/de\/#organization"},"potentialAction":[{"@type":"SearchAction","target":{"@type":"EntryPoint","urlTemplate":"https:\/\/www.sonnenseite.com\/de\/?s={search_term_string}"},"query-input":{"@type":"PropertyValueSpecification","valueRequired":true,"valueName":"search_term_string"}}],"inLanguage":"de"},{"@type":"Organization","@id":"https:\/\/www.sonnenseite.com\/de\/#organization","name":"Sonnenseite","url":"https:\/\/www.sonnenseite.com\/de\/","logo":{"@type":"ImageObject","inLanguage":"de","@id":"https:\/\/www.sonnenseite.com\/de\/#\/schema\/logo\/image\/","url":"https:\/\/www.sonnenseite.com\/wp-content\/uploads\/2020\/05\/Sonnenseite_Logo.png","contentUrl":"https:\/\/www.sonnenseite.com\/wp-content\/uploads\/2020\/05\/Sonnenseite_Logo.png","width":377,"height":90,"caption":"Sonnenseite"},"image":{"@id":"https:\/\/www.sonnenseite.com\/de\/#\/schema\/logo\/image\/"},"sameAs":["https:\/\/www.facebook.com\/pages\/Franz-Alt-SONNENSEITECOM\/221072987903953?fref=ts","https:\/\/x.com\/franzalt","http:\/\/www.youtube.com\/results?search_query&amp;amp;quot;franz_alt&amp;amp;quot;&amp;amp;amp;amp;search_type&amp;amp;amp;amp;aq=f"]},{"@type":"Person","@id":"https:\/\/www.sonnenseite.com\/de\/#\/schema\/person\/50fda0e926597684c7cc6695238a4eb9","name":"Bigi Alt"}]}},"_links":{"self":[{"href":"https:\/\/www.sonnenseite.com\/de\/wp-json\/wp\/v2\/posts\/84391","targetHints":{"allow":["GET"]}}],"collection":[{"href":"https:\/\/www.sonnenseite.com\/de\/wp-json\/wp\/v2\/posts"}],"about":[{"href":"https:\/\/www.sonnenseite.com\/de\/wp-json\/wp\/v2\/types\/post"}],"author":[{"embeddable":true,"href":"https:\/\/www.sonnenseite.com\/de\/wp-json\/wp\/v2\/users\/3"}],"replies":[{"embeddable":true,"href":"https:\/\/www.sonnenseite.com\/de\/wp-json\/wp\/v2\/comments?post=84391"}],"version-history":[{"count":2,"href":"https:\/\/www.sonnenseite.com\/de\/wp-json\/wp\/v2\/posts\/84391\/revisions"}],"predecessor-version":[{"id":84393,"href":"https:\/\/www.sonnenseite.com\/de\/wp-json\/wp\/v2\/posts\/84391\/revisions\/84393"}],"wp:featuredmedia":[{"embeddable":true,"href":"https:\/\/www.sonnenseite.com\/de\/wp-json\/wp\/v2\/media\/15522"}],"wp:attachment":[{"href":"https:\/\/www.sonnenseite.com\/de\/wp-json\/wp\/v2\/media?parent=84391"}],"wp:term":[{"taxonomy":"category","embeddable":true,"href":"https:\/\/www.sonnenseite.com\/de\/wp-json\/wp\/v2\/categories?post=84391"},{"taxonomy":"post_tag","embeddable":true,"href":"https:\/\/www.sonnenseite.com\/de\/wp-json\/wp\/v2\/tags?post=84391"}],"curies":[{"name":"wp","href":"https:\/\/api.w.org\/{rel}","templated":true}]}}