{"id":84396,"date":"2022-08-10T02:45:00","date_gmt":"2022-08-10T00:45:00","guid":{"rendered":"https:\/\/www.sonnenseite.com\/?p=84396"},"modified":"2022-08-09T12:03:23","modified_gmt":"2022-08-09T10:03:23","slug":"bodenversiegelung-verschaerft-hitzeproblem","status":"publish","type":"post","link":"https:\/\/www.sonnenseite.com\/de\/umwelt\/bodenversiegelung-verschaerft-hitzeproblem\/","title":{"rendered":"Bodenversiegelung versch\u00e4rft Hitzeproblem"},"content":{"rendered":"\n<p>Ganz Europa st\u00f6hnt derzeit unter der Hitze, immer mehr zubetonierte Fl\u00e4chen heizen die Umgebung zus\u00e4tzlich auf. <\/p>\n\n\n\n<p>Das <a href=\"https:\/\/www.cipra.org\/de\/news\/flaechen-sparen-boden-retten\">Projekt Fl\u00e4chen:sparen<\/a> setzt sich f\u00fcr eine Trendwende im Umgang mit Grund und Boden ein. In einem Hintergrundbericht werden aktuelle Strategien der Alpenl\u00e4nder zusammengefasst und gute Beispiele und L\u00f6sungen f\u00fcr Kommunen aufgezeigt.<\/p>\n\n\n\n<p>Heiss, heisser, Mitteleuropa: Europa erlebt eine Hitzewelle nach der anderen, der Alpenraum ist davon ebenso betroffen. Besonders St\u00e4dte und Ballungsr\u00e4ume, die als \u00abHitzeinseln\u00bb bezeichnet werden, sind betroffen. Wo Glas- sowie Metalloberfl\u00e4chen die W\u00e4rme lange speichern und Beton oder Asphalt den Boden versiegeln, verdunstet durch fehlende Vegetation weniger k\u00fchlendes Wasser.<\/p>\n\n\n\n<h5 class=\"wp-block-heading\">Steigender Bodenverbrauch<\/h5>\n\n\n\n<p>Versiegelter oder durch Erosion und Schadstoffbelastung gesch\u00e4digter Boden kann seine Funktionen nur eingeschr\u00e4nkt oder gar nicht erf\u00fcllen: Wasser versickert nicht mehr, der Boden bindet kein CO2 aus der Atmosph\u00e4re, immer weniger Nahrungsmittel k\u00f6nnen produziert werden. Die Folgen: W\u00e4rmere Luft, Hochwasser, \u00dcberschwemmungen und immer mehr Aufwand f\u00fcr trinkbares Wasser. Oftmals sind die Sch\u00e4den irreversibel.<\/p>\n\n\n\n<p>Dennoch versiegeln die Alpenl\u00e4nder t\u00e4glich Fl\u00e4chen, vor allem in stadtnahen Gebieten. Zus\u00e4tzlich nehmen vermehrt Wind-, Wasserkraft-, Biomasse- und Solar-Anlagen Fl\u00e4chen in Anspruch \u2013 Nutzungskonflikte sind vorprogrammiert. Der sparsame Umgang mit Grund und Boden ist daher wichtiger denn je.<\/p>\n\n\n\n<h5 class=\"wp-block-heading\">Fl\u00e4chen sparen<\/h5>\n\n\n\n<p>Mit dem Projekt \u00abFl\u00e4chen:sparen \u2013 f\u00fcr eine Trendwende im Umgang mit Grund und Boden in peri-urbanen Gebieten\u00bb zeigt die CIPRA auf, welche strategischen Ans\u00e4tze auf regionaler, nationaler und transnationaler Ebene existieren und wie sie lokal umgesetzt werden. \u00abDie Sicherung gesunder B\u00f6den f\u00fcr die Zukunft ist eine gesamtgesellschaftliche Aufgabe. Deshalb sind \u00f6ffentliche Institutionen, aber auch private Unternehmen, land- und forstwirtschaftliche Betriebe und letztendlich alle Grundeigent\u00fcmer:innen dringend gefordert, sich des Themas Fl\u00e4chensparen rasch und umfassend anzunehmen\u00bb, fordert Manon Wallenberger, Projektleiterin bei CIPRA International.<\/p>\n\n\n\n<h5 class=\"wp-block-heading\">L\u00f6sungen und gute Beispiele<\/h5>\n\n\n\n<p>Seit einigen Jahren werden von der europ\u00e4ischen bis hin zur regionalen Ebene verschiedene L\u00f6sungen und Strategien zum Schutz und zur Aufwertung von B\u00f6den entwickelt. Politische Entscheidungstr\u00e4ger:innen haben die Dringlichkeit des Problem erkannt. In einem Hintergrundbericht zeigt Fl\u00e4chen:sparen, welche Strategien in den Alpenl\u00e4ndern derzeit angewendet werden und welche Vor- und Nachteile diese haben. Dar\u00fcber hinaus zeigen praktische Beispiele aus Deutschland, Frankreich, \u00d6sterreich und der Schweiz, wie und wo Fl\u00e4chensparen funktioniert. Das Bundesland K\u00e4rnten\/A setzt auf Entsiegelung: So verschm\u00e4lerte das Strassenbauamt kilometerweise Bundesstrassen um drei Meter. Nun sind sie von Gr\u00fcnstreifen und Radwegen flankiert. Die ehemaligen Asphaltw\u00fcsten nehmen&nbsp; &nbsp;wieder mehr Wasser aufund dienen sogar als Lebensraum. Niedrigere Tempolimits erm\u00f6glichen schm\u00e4lere Fahrspuren und damit Platz f\u00fcr Entsiegelung, ohne die Kapazit\u00e4t einzuschr\u00e4nken.<a href=\"file:\/\/\/H:\/01%20CIPRA\/1.01%20CIPRA-International\/1.1.10%20%C3%96ffentlichkeitsarbeit\/14_Medienarbeit\/08_Medienmitteilungen\/2022\/220713_Eureni%20Projektabschluss\/220802_MM_Flaechen-sparen_final.docx#_msocom_2\"><\/a><\/p>\n\n\n\n<p>Weitere gute Beispiele aus dem Alpenraum stellt eine <a href=\"https:\/\/map.cipra.org\/workspace?language=de&amp;view=projects&amp;subview=6&amp;z=7&amp;c=46.384833,10.140380\" target=\"_blank\" rel=\"noreferrer noopener\">interaktiven Karte<\/a> vor. Der Hintergrundbericht \u00abFl\u00e4chen sparen, Boden retten\u00bb steht als digitaler Download zur Verf\u00fcgung oder kann gedruckt kostenlos bestellt werden. Weitere Informationen: <a href=\"http:\/\/www.cipra.org\/flaechen-sparen\" target=\"_blank\" rel=\"noreferrer noopener\">www.cipra.org\/flaechen-sparen<\/a>.<\/p>\n\n\n<h5 class=\"green\">Quelle<\/h5>\r\n\n\n\n<p><a href=\"https:\/\/www.cipra.org\/de\/medienmitteilungen\/bodenversiegelung-verschaerft-hitzeproblem\">CIPRA \/ Leben in den Alpen 2022<\/a><\/p>\n<div class=\"shariff shariff-align-flex-start shariff-widget-align-flex-start\"><div class=\"ShariffHeadline\">Diese Meldung teilen<\/div><ul class=\"shariff-buttons theme-round orientation-horizontal buttonsize-medium\"><li class=\"shariff-button facebook shariff-nocustomcolor\" style=\"background-color:#4273c8;border-radius:1%\"><a href=\"https:\/\/www.facebook.com\/sharer\/sharer.php?u=https%3A%2F%2Fwww.sonnenseite.com%2Fde%2Fumwelt%2Fbodenversiegelung-verschaerft-hitzeproblem%2F\" title=\"Bei Facebook teilen\" aria-label=\"Bei Facebook teilen\" role=\"button\" rel=\"nofollow\" class=\"shariff-link\" style=\";border-radius:1%; background-color:#3b5998; color:#fff\" target=\"_blank\"><span class=\"shariff-icon\" style=\"\"><svg width=\"32px\" height=\"20px\" xmlns=\"http:\/\/www.w3.org\/2000\/svg\" viewBox=\"0 0 18 32\"><path fill=\"#3b5998\" d=\"M17.1 0.2v4.7h-2.8q-1.5 0-2.1 0.6t-0.5 1.9v3.4h5.2l-0.7 5.3h-4.5v13.6h-5.5v-13.6h-4.5v-5.3h4.5v-3.9q0-3.3 1.9-5.2t5-1.8q2.6 0 4.1 0.2z\"\/><\/svg><\/span><\/a><\/li><li class=\"shariff-button twitter shariff-nocustomcolor\" style=\"background-color:#595959;border-radius:1%\"><a href=\"https:\/\/twitter.com\/share?url=https%3A%2F%2Fwww.sonnenseite.com%2Fde%2Fumwelt%2Fbodenversiegelung-verschaerft-hitzeproblem%2F&text=Bodenversiegelung%20versch%C3%A4rft%20Hitzeproblem\" title=\"Bei X teilen\" aria-label=\"Bei X teilen\" role=\"button\" rel=\"noopener nofollow\" class=\"shariff-link\" style=\";border-radius:1%; background-color:#000; color:#fff\" target=\"_blank\"><span class=\"shariff-icon\" style=\"\"><svg width=\"32px\" height=\"20px\" xmlns=\"http:\/\/www.w3.org\/2000\/svg\" viewBox=\"0 0 24 24\"><path fill=\"#000\" d=\"M14.258 10.152L23.176 0h-2.113l-7.747 8.813L7.133 0H0l9.352 13.328L0 23.973h2.113l8.176-9.309 6.531 9.309h7.133zm-2.895 3.293l-.949-1.328L2.875 1.56h3.246l6.086 8.523.945 1.328 7.91 11.078h-3.246zm0 0\"\/><\/svg><\/span><\/a><\/li><li class=\"shariff-button xing shariff-nocustomcolor\" style=\"background-color:#29888a;border-radius:1%\"><a href=\"https:\/\/www.xing.com\/spi\/shares\/new?url=https%3A%2F%2Fwww.sonnenseite.com%2Fde%2Fumwelt%2Fbodenversiegelung-verschaerft-hitzeproblem%2F\" title=\"Bei XING teilen\" aria-label=\"Bei XING teilen\" role=\"button\" rel=\"noopener nofollow\" class=\"shariff-link\" style=\";border-radius:1%; background-color:#126567; color:#fff\" target=\"_blank\"><span class=\"shariff-icon\" style=\"\"><svg width=\"32px\" height=\"20px\" xmlns=\"http:\/\/www.w3.org\/2000\/svg\" viewBox=\"0 0 25 32\"><path fill=\"#126567\" d=\"M10.7 11.9q-0.2 0.3-4.6 8.2-0.5 0.8-1.2 0.8h-4.3q-0.4 0-0.5-0.3t0-0.6l4.5-8q0 0 0 0l-2.9-5q-0.2-0.4 0-0.7 0.2-0.3 0.5-0.3h4.3q0.7 0 1.2 0.8zM25.1 0.4q0.2 0.3 0 0.7l-9.4 16.7 6 11q0.2 0.4 0 0.6-0.2 0.3-0.6 0.3h-4.3q-0.7 0-1.2-0.8l-6-11.1q0.3-0.6 9.5-16.8 0.4-0.8 1.2-0.8h4.3q0.4 0 0.5 0.3z\"\/><\/svg><\/span><\/a><\/li><li class=\"shariff-button linkedin shariff-nocustomcolor\" style=\"background-color:#1488bf;border-radius:1%\"><a href=\"https:\/\/www.linkedin.com\/sharing\/share-offsite\/?url=https%3A%2F%2Fwww.sonnenseite.com%2Fde%2Fumwelt%2Fbodenversiegelung-verschaerft-hitzeproblem%2F\" title=\"Bei LinkedIn teilen\" aria-label=\"Bei LinkedIn teilen\" role=\"button\" rel=\"noopener nofollow\" class=\"shariff-link\" style=\";border-radius:1%; background-color:#0077b5; color:#fff\" target=\"_blank\"><span class=\"shariff-icon\" style=\"\"><svg width=\"32px\" height=\"20px\" xmlns=\"http:\/\/www.w3.org\/2000\/svg\" viewBox=\"0 0 27 32\"><path fill=\"#0077b5\" d=\"M6.2 11.2v17.7h-5.9v-17.7h5.9zM6.6 5.7q0 1.3-0.9 2.2t-2.4 0.9h0q-1.5 0-2.4-0.9t-0.9-2.2 0.9-2.2 2.4-0.9 2.4 0.9 0.9 2.2zM27.4 18.7v10.1h-5.9v-9.5q0-1.9-0.7-2.9t-2.3-1.1q-1.1 0-1.9 0.6t-1.2 1.5q-0.2 0.5-0.2 1.4v9.9h-5.9q0-7.1 0-11.6t0-5.3l0-0.9h5.9v2.6h0q0.4-0.6 0.7-1t1-0.9 1.6-0.8 2-0.3q3 0 4.9 2t1.9 6z\"\/><\/svg><\/span><\/a><\/li><li class=\"shariff-button printer shariff-nocustomcolor\" style=\"background-color:#a8a8a8;border-radius:1%\"><a href=\"javascript:window.print()\" title=\"drucken\" aria-label=\"drucken\" role=\"button\" rel=\"noopener nofollow\" class=\"shariff-link\" style=\";border-radius:1%; background-color:#999; color:#fff\"><span class=\"shariff-icon\" style=\"\"><svg width=\"32px\" height=\"20px\" xmlns=\"http:\/\/www.w3.org\/2000\/svg\" viewBox=\"0 0 30 32\"><path fill=\"#999\" d=\"M6.8 27.4h16v-4.6h-16v4.6zM6.8 16h16v-6.8h-2.8q-0.7 0-1.2-0.5t-0.5-1.2v-2.8h-11.4v11.4zM27.4 17.2q0-0.5-0.3-0.8t-0.8-0.4-0.8 0.4-0.3 0.8 0.3 0.8 0.8 0.3 0.8-0.3 0.3-0.8zM29.7 17.2v7.4q0 0.2-0.2 0.4t-0.4 0.2h-4v2.8q0 0.7-0.5 1.2t-1.2 0.5h-17.2q-0.7 0-1.2-0.5t-0.5-1.2v-2.8h-4q-0.2 0-0.4-0.2t-0.2-0.4v-7.4q0-1.4 1-2.4t2.4-1h1.2v-9.7q0-0.7 0.5-1.2t1.2-0.5h12q0.7 0 1.6 0.4t1.3 0.8l2.7 2.7q0.5 0.5 0.9 1.4t0.4 1.6v4.6h1.1q1.4 0 2.4 1t1 2.4z\"\/><\/svg><\/span><\/a><\/li><li class=\"shariff-button mailto shariff-nocustomcolor\" style=\"background-color:#a8a8a8;border-radius:1%\"><a href=\"mailto:?body=https%3A%2F%2Fwww.sonnenseite.com%2Fde%2Fumwelt%2Fbodenversiegelung-verschaerft-hitzeproblem%2F&subject=Bodenversiegelung%20versch%C3%A4rft%20Hitzeproblem\" title=\"Per E-Mail versenden\" aria-label=\"Per E-Mail versenden\" role=\"button\" rel=\"noopener nofollow\" class=\"shariff-link\" style=\";border-radius:1%; background-color:#999; color:#fff\"><span class=\"shariff-icon\" style=\"\"><svg width=\"32px\" height=\"20px\" xmlns=\"http:\/\/www.w3.org\/2000\/svg\" viewBox=\"0 0 32 32\"><path fill=\"#999\" d=\"M32 12.7v14.2q0 1.2-0.8 2t-2 0.9h-26.3q-1.2 0-2-0.9t-0.8-2v-14.2q0.8 0.9 1.8 1.6 6.5 4.4 8.9 6.1 1 0.8 1.6 1.2t1.7 0.9 2 0.4h0.1q0.9 0 2-0.4t1.7-0.9 1.6-1.2q3-2.2 8.9-6.1 1-0.7 1.8-1.6zM32 7.4q0 1.4-0.9 2.7t-2.2 2.2q-6.7 4.7-8.4 5.8-0.2 0.1-0.7 0.5t-1 0.7-0.9 0.6-1.1 0.5-0.9 0.2h-0.1q-0.4 0-0.9-0.2t-1.1-0.5-0.9-0.6-1-0.7-0.7-0.5q-1.6-1.1-4.7-3.2t-3.6-2.6q-1.1-0.7-2.1-2t-1-2.5q0-1.4 0.7-2.3t2.1-0.9h26.3q1.2 0 2 0.8t0.9 2z\"\/><\/svg><\/span><\/a><\/li><\/ul><\/div>","protected":false},"excerpt":{"rendered":"<p>Ganz Europa st\u00f6hnt derzeit unter der Hitze, immer mehr zubetonierte Fl\u00e4chen heizen die Umgebung zus\u00e4tzlich auf. [&hellip;]<\/p>\n","protected":false},"author":3,"featured_media":84397,"comment_status":"closed","ping_status":"closed","sticky":false,"template":"","format":"standard","meta":{"inline_featured_image":false,"footnotes":""},"categories":[23],"tags":[],"class_list":["post-84396","post","type-post","status-publish","format-standard","has-post-thumbnail","hentry","category-umwelt"],"yoast_head":"<!-- This site is optimized with the Yoast SEO plugin v26.5 - https:\/\/yoast.com\/wordpress\/plugins\/seo\/ -->\n<title>Bodenversiegelung versch\u00e4rft Hitzeproblem - Sonnenseite - \u00d6kologische Kommunikation mit Franz Alt<\/title>\n<meta name=\"description\" content=\"Ganz Europa st\u00f6hnt derzeit unter der Hitze, immer mehr zubetonierte Fl\u00e4chen heizen die Umgebung zus\u00e4tzlich auf. Das Projekt Fl\u00e4chen:sparen setzt sich f\u00fcr\" \/>\n<meta name=\"robots\" content=\"index, follow, max-snippet:-1, max-image-preview:large, max-video-preview:-1\" \/>\n<link rel=\"canonical\" href=\"https:\/\/www.sonnenseite.com\/de\/umwelt\/bodenversiegelung-verschaerft-hitzeproblem\/\" \/>\n<meta property=\"og:locale\" content=\"de_DE\" \/>\n<meta property=\"og:type\" content=\"article\" \/>\n<meta property=\"og:title\" content=\"Bodenversiegelung versch\u00e4rft Hitzeproblem - Sonnenseite - \u00d6kologische Kommunikation mit Franz Alt\" \/>\n<meta property=\"og:description\" content=\"Ganz Europa st\u00f6hnt derzeit unter der Hitze, immer mehr zubetonierte Fl\u00e4chen heizen die Umgebung zus\u00e4tzlich auf. Das Projekt Fl\u00e4chen:sparen setzt sich f\u00fcr\" \/>\n<meta property=\"og:url\" content=\"https:\/\/www.sonnenseite.com\/de\/umwelt\/bodenversiegelung-verschaerft-hitzeproblem\/\" \/>\n<meta property=\"og:site_name\" content=\"Sonnenseite\" \/>\n<meta property=\"article:publisher\" content=\"https:\/\/www.facebook.com\/pages\/Franz-Alt-SONNENSEITECOM\/221072987903953?fref=ts\" \/>\n<meta property=\"article:published_time\" content=\"2022-08-10T00:45:00+00:00\" \/>\n<meta property=\"og:image\" content=\"https:\/\/www.sonnenseite.com\/wp-content\/uploads\/2022\/08\/MathieuGontier-WagonLandscaping_Bodenversiegelung.jpg\" \/>\n\t<meta property=\"og:image:width\" content=\"770\" \/>\n\t<meta property=\"og:image:height\" content=\"420\" \/>\n\t<meta property=\"og:image:type\" content=\"image\/jpeg\" \/>\n<meta name=\"author\" content=\"Bigi Alt\" \/>\n<meta name=\"twitter:card\" content=\"summary_large_image\" \/>\n<meta name=\"twitter:creator\" content=\"@franzalt\" \/>\n<meta name=\"twitter:site\" content=\"@franzalt\" \/>\n<meta name=\"twitter:label1\" content=\"Verfasst von\" \/>\n\t<meta name=\"twitter:data1\" content=\"Bigi Alt\" \/>\n\t<meta name=\"twitter:label2\" content=\"Gesch\u00e4tzte Lesezeit\" \/>\n\t<meta name=\"twitter:data2\" content=\"3\u00a0Minuten\" \/>\n<script type=\"application\/ld+json\" class=\"yoast-schema-graph\">{\"@context\":\"https:\/\/schema.org\",\"@graph\":[{\"@type\":\"Article\",\"@id\":\"https:\/\/www.sonnenseite.com\/de\/umwelt\/bodenversiegelung-verschaerft-hitzeproblem\/#article\",\"isPartOf\":{\"@id\":\"https:\/\/www.sonnenseite.com\/de\/umwelt\/bodenversiegelung-verschaerft-hitzeproblem\/\"},\"author\":{\"name\":\"Bigi Alt\",\"@id\":\"https:\/\/www.sonnenseite.com\/de\/#\/schema\/person\/50fda0e926597684c7cc6695238a4eb9\"},\"headline\":\"Bodenversiegelung versch\u00e4rft Hitzeproblem\",\"datePublished\":\"2022-08-10T00:45:00+00:00\",\"mainEntityOfPage\":{\"@id\":\"https:\/\/www.sonnenseite.com\/de\/umwelt\/bodenversiegelung-verschaerft-hitzeproblem\/\"},\"wordCount\":499,\"publisher\":{\"@id\":\"https:\/\/www.sonnenseite.com\/de\/#organization\"},\"image\":{\"@id\":\"https:\/\/www.sonnenseite.com\/de\/umwelt\/bodenversiegelung-verschaerft-hitzeproblem\/#primaryimage\"},\"thumbnailUrl\":\"https:\/\/www.sonnenseite.com\/wp-content\/uploads\/2022\/08\/MathieuGontier-WagonLandscaping_Bodenversiegelung.jpg\",\"articleSection\":[\"Umwelt\"],\"inLanguage\":\"de\"},{\"@type\":\"WebPage\",\"@id\":\"https:\/\/www.sonnenseite.com\/de\/umwelt\/bodenversiegelung-verschaerft-hitzeproblem\/\",\"url\":\"https:\/\/www.sonnenseite.com\/de\/umwelt\/bodenversiegelung-verschaerft-hitzeproblem\/\",\"name\":\"Bodenversiegelung versch\u00e4rft Hitzeproblem - Sonnenseite - \u00d6kologische Kommunikation mit Franz Alt\",\"isPartOf\":{\"@id\":\"https:\/\/www.sonnenseite.com\/de\/#website\"},\"primaryImageOfPage\":{\"@id\":\"https:\/\/www.sonnenseite.com\/de\/umwelt\/bodenversiegelung-verschaerft-hitzeproblem\/#primaryimage\"},\"image\":{\"@id\":\"https:\/\/www.sonnenseite.com\/de\/umwelt\/bodenversiegelung-verschaerft-hitzeproblem\/#primaryimage\"},\"thumbnailUrl\":\"https:\/\/www.sonnenseite.com\/wp-content\/uploads\/2022\/08\/MathieuGontier-WagonLandscaping_Bodenversiegelung.jpg\",\"datePublished\":\"2022-08-10T00:45:00+00:00\",\"description\":\"Ganz Europa st\u00f6hnt derzeit unter der Hitze, immer mehr zubetonierte Fl\u00e4chen heizen die Umgebung zus\u00e4tzlich auf. Das Projekt Fl\u00e4chen:sparen setzt sich f\u00fcr\",\"breadcrumb\":{\"@id\":\"https:\/\/www.sonnenseite.com\/de\/umwelt\/bodenversiegelung-verschaerft-hitzeproblem\/#breadcrumb\"},\"inLanguage\":\"de\",\"potentialAction\":[{\"@type\":\"ReadAction\",\"target\":[\"https:\/\/www.sonnenseite.com\/de\/umwelt\/bodenversiegelung-verschaerft-hitzeproblem\/\"]}]},{\"@type\":\"ImageObject\",\"inLanguage\":\"de\",\"@id\":\"https:\/\/www.sonnenseite.com\/de\/umwelt\/bodenversiegelung-verschaerft-hitzeproblem\/#primaryimage\",\"url\":\"https:\/\/www.sonnenseite.com\/wp-content\/uploads\/2022\/08\/MathieuGontier-WagonLandscaping_Bodenversiegelung.jpg\",\"contentUrl\":\"https:\/\/www.sonnenseite.com\/wp-content\/uploads\/2022\/08\/MathieuGontier-WagonLandscaping_Bodenversiegelung.jpg\",\"width\":770,\"height\":420,\"caption\":\"Mathieu Gontier | Wagon Landscaping | Bodenversiegelung\"},{\"@type\":\"BreadcrumbList\",\"@id\":\"https:\/\/www.sonnenseite.com\/de\/umwelt\/bodenversiegelung-verschaerft-hitzeproblem\/#breadcrumb\",\"itemListElement\":[{\"@type\":\"ListItem\",\"position\":1,\"name\":\"Startseite\",\"item\":\"https:\/\/www.sonnenseite.com\/de\/\"},{\"@type\":\"ListItem\",\"position\":2,\"name\":\"Bodenversiegelung versch\u00e4rft Hitzeproblem\"}]},{\"@type\":\"WebSite\",\"@id\":\"https:\/\/www.sonnenseite.com\/de\/#website\",\"url\":\"https:\/\/www.sonnenseite.com\/de\/\",\"name\":\"Sonnenseite\",\"description\":\"\u00d6kologische Kommunikation mit Franz Alt\",\"publisher\":{\"@id\":\"https:\/\/www.sonnenseite.com\/de\/#organization\"},\"potentialAction\":[{\"@type\":\"SearchAction\",\"target\":{\"@type\":\"EntryPoint\",\"urlTemplate\":\"https:\/\/www.sonnenseite.com\/de\/?s={search_term_string}\"},\"query-input\":{\"@type\":\"PropertyValueSpecification\",\"valueRequired\":true,\"valueName\":\"search_term_string\"}}],\"inLanguage\":\"de\"},{\"@type\":\"Organization\",\"@id\":\"https:\/\/www.sonnenseite.com\/de\/#organization\",\"name\":\"Sonnenseite\",\"url\":\"https:\/\/www.sonnenseite.com\/de\/\",\"logo\":{\"@type\":\"ImageObject\",\"inLanguage\":\"de\",\"@id\":\"https:\/\/www.sonnenseite.com\/de\/#\/schema\/logo\/image\/\",\"url\":\"https:\/\/www.sonnenseite.com\/wp-content\/uploads\/2020\/05\/Sonnenseite_Logo.png\",\"contentUrl\":\"https:\/\/www.sonnenseite.com\/wp-content\/uploads\/2020\/05\/Sonnenseite_Logo.png\",\"width\":377,\"height\":90,\"caption\":\"Sonnenseite\"},\"image\":{\"@id\":\"https:\/\/www.sonnenseite.com\/de\/#\/schema\/logo\/image\/\"},\"sameAs\":[\"https:\/\/www.facebook.com\/pages\/Franz-Alt-SONNENSEITECOM\/221072987903953?fref=ts\",\"https:\/\/x.com\/franzalt\",\"http:\/\/www.youtube.com\/results?search_query&amp;amp;quot;franz_alt&amp;amp;quot;&amp;amp;amp;amp;search_type&amp;amp;amp;amp;aq=f\"]},{\"@type\":\"Person\",\"@id\":\"https:\/\/www.sonnenseite.com\/de\/#\/schema\/person\/50fda0e926597684c7cc6695238a4eb9\",\"name\":\"Bigi Alt\"}]}<\/script>\n<!-- \/ Yoast SEO plugin. -->","yoast_head_json":{"title":"Bodenversiegelung versch\u00e4rft Hitzeproblem - Sonnenseite - \u00d6kologische Kommunikation mit Franz Alt","description":"Ganz Europa st\u00f6hnt derzeit unter der Hitze, immer mehr zubetonierte Fl\u00e4chen heizen die Umgebung zus\u00e4tzlich auf. Das Projekt Fl\u00e4chen:sparen setzt sich f\u00fcr","robots":{"index":"index","follow":"follow","max-snippet":"max-snippet:-1","max-image-preview":"max-image-preview:large","max-video-preview":"max-video-preview:-1"},"canonical":"https:\/\/www.sonnenseite.com\/de\/umwelt\/bodenversiegelung-verschaerft-hitzeproblem\/","og_locale":"de_DE","og_type":"article","og_title":"Bodenversiegelung versch\u00e4rft Hitzeproblem - Sonnenseite - \u00d6kologische Kommunikation mit Franz Alt","og_description":"Ganz Europa st\u00f6hnt derzeit unter der Hitze, immer mehr zubetonierte Fl\u00e4chen heizen die Umgebung zus\u00e4tzlich auf. Das Projekt Fl\u00e4chen:sparen setzt sich f\u00fcr","og_url":"https:\/\/www.sonnenseite.com\/de\/umwelt\/bodenversiegelung-verschaerft-hitzeproblem\/","og_site_name":"Sonnenseite","article_publisher":"https:\/\/www.facebook.com\/pages\/Franz-Alt-SONNENSEITECOM\/221072987903953?fref=ts","article_published_time":"2022-08-10T00:45:00+00:00","og_image":[{"width":770,"height":420,"url":"https:\/\/www.sonnenseite.com\/wp-content\/uploads\/2022\/08\/MathieuGontier-WagonLandscaping_Bodenversiegelung.jpg","type":"image\/jpeg"}],"author":"Bigi Alt","twitter_card":"summary_large_image","twitter_creator":"@franzalt","twitter_site":"@franzalt","twitter_misc":{"Verfasst von":"Bigi Alt","Gesch\u00e4tzte Lesezeit":"3\u00a0Minuten"},"schema":{"@context":"https:\/\/schema.org","@graph":[{"@type":"Article","@id":"https:\/\/www.sonnenseite.com\/de\/umwelt\/bodenversiegelung-verschaerft-hitzeproblem\/#article","isPartOf":{"@id":"https:\/\/www.sonnenseite.com\/de\/umwelt\/bodenversiegelung-verschaerft-hitzeproblem\/"},"author":{"name":"Bigi Alt","@id":"https:\/\/www.sonnenseite.com\/de\/#\/schema\/person\/50fda0e926597684c7cc6695238a4eb9"},"headline":"Bodenversiegelung versch\u00e4rft Hitzeproblem","datePublished":"2022-08-10T00:45:00+00:00","mainEntityOfPage":{"@id":"https:\/\/www.sonnenseite.com\/de\/umwelt\/bodenversiegelung-verschaerft-hitzeproblem\/"},"wordCount":499,"publisher":{"@id":"https:\/\/www.sonnenseite.com\/de\/#organization"},"image":{"@id":"https:\/\/www.sonnenseite.com\/de\/umwelt\/bodenversiegelung-verschaerft-hitzeproblem\/#primaryimage"},"thumbnailUrl":"https:\/\/www.sonnenseite.com\/wp-content\/uploads\/2022\/08\/MathieuGontier-WagonLandscaping_Bodenversiegelung.jpg","articleSection":["Umwelt"],"inLanguage":"de"},{"@type":"WebPage","@id":"https:\/\/www.sonnenseite.com\/de\/umwelt\/bodenversiegelung-verschaerft-hitzeproblem\/","url":"https:\/\/www.sonnenseite.com\/de\/umwelt\/bodenversiegelung-verschaerft-hitzeproblem\/","name":"Bodenversiegelung versch\u00e4rft Hitzeproblem - Sonnenseite - \u00d6kologische Kommunikation mit Franz Alt","isPartOf":{"@id":"https:\/\/www.sonnenseite.com\/de\/#website"},"primaryImageOfPage":{"@id":"https:\/\/www.sonnenseite.com\/de\/umwelt\/bodenversiegelung-verschaerft-hitzeproblem\/#primaryimage"},"image":{"@id":"https:\/\/www.sonnenseite.com\/de\/umwelt\/bodenversiegelung-verschaerft-hitzeproblem\/#primaryimage"},"thumbnailUrl":"https:\/\/www.sonnenseite.com\/wp-content\/uploads\/2022\/08\/MathieuGontier-WagonLandscaping_Bodenversiegelung.jpg","datePublished":"2022-08-10T00:45:00+00:00","description":"Ganz Europa st\u00f6hnt derzeit unter der Hitze, immer mehr zubetonierte Fl\u00e4chen heizen die Umgebung zus\u00e4tzlich auf. Das Projekt Fl\u00e4chen:sparen setzt sich f\u00fcr","breadcrumb":{"@id":"https:\/\/www.sonnenseite.com\/de\/umwelt\/bodenversiegelung-verschaerft-hitzeproblem\/#breadcrumb"},"inLanguage":"de","potentialAction":[{"@type":"ReadAction","target":["https:\/\/www.sonnenseite.com\/de\/umwelt\/bodenversiegelung-verschaerft-hitzeproblem\/"]}]},{"@type":"ImageObject","inLanguage":"de","@id":"https:\/\/www.sonnenseite.com\/de\/umwelt\/bodenversiegelung-verschaerft-hitzeproblem\/#primaryimage","url":"https:\/\/www.sonnenseite.com\/wp-content\/uploads\/2022\/08\/MathieuGontier-WagonLandscaping_Bodenversiegelung.jpg","contentUrl":"https:\/\/www.sonnenseite.com\/wp-content\/uploads\/2022\/08\/MathieuGontier-WagonLandscaping_Bodenversiegelung.jpg","width":770,"height":420,"caption":"Mathieu Gontier | Wagon Landscaping | Bodenversiegelung"},{"@type":"BreadcrumbList","@id":"https:\/\/www.sonnenseite.com\/de\/umwelt\/bodenversiegelung-verschaerft-hitzeproblem\/#breadcrumb","itemListElement":[{"@type":"ListItem","position":1,"name":"Startseite","item":"https:\/\/www.sonnenseite.com\/de\/"},{"@type":"ListItem","position":2,"name":"Bodenversiegelung versch\u00e4rft Hitzeproblem"}]},{"@type":"WebSite","@id":"https:\/\/www.sonnenseite.com\/de\/#website","url":"https:\/\/www.sonnenseite.com\/de\/","name":"Sonnenseite","description":"\u00d6kologische Kommunikation mit Franz Alt","publisher":{"@id":"https:\/\/www.sonnenseite.com\/de\/#organization"},"potentialAction":[{"@type":"SearchAction","target":{"@type":"EntryPoint","urlTemplate":"https:\/\/www.sonnenseite.com\/de\/?s={search_term_string}"},"query-input":{"@type":"PropertyValueSpecification","valueRequired":true,"valueName":"search_term_string"}}],"inLanguage":"de"},{"@type":"Organization","@id":"https:\/\/www.sonnenseite.com\/de\/#organization","name":"Sonnenseite","url":"https:\/\/www.sonnenseite.com\/de\/","logo":{"@type":"ImageObject","inLanguage":"de","@id":"https:\/\/www.sonnenseite.com\/de\/#\/schema\/logo\/image\/","url":"https:\/\/www.sonnenseite.com\/wp-content\/uploads\/2020\/05\/Sonnenseite_Logo.png","contentUrl":"https:\/\/www.sonnenseite.com\/wp-content\/uploads\/2020\/05\/Sonnenseite_Logo.png","width":377,"height":90,"caption":"Sonnenseite"},"image":{"@id":"https:\/\/www.sonnenseite.com\/de\/#\/schema\/logo\/image\/"},"sameAs":["https:\/\/www.facebook.com\/pages\/Franz-Alt-SONNENSEITECOM\/221072987903953?fref=ts","https:\/\/x.com\/franzalt","http:\/\/www.youtube.com\/results?search_query&amp;amp;quot;franz_alt&amp;amp;quot;&amp;amp;amp;amp;search_type&amp;amp;amp;amp;aq=f"]},{"@type":"Person","@id":"https:\/\/www.sonnenseite.com\/de\/#\/schema\/person\/50fda0e926597684c7cc6695238a4eb9","name":"Bigi Alt"}]}},"_links":{"self":[{"href":"https:\/\/www.sonnenseite.com\/de\/wp-json\/wp\/v2\/posts\/84396","targetHints":{"allow":["GET"]}}],"collection":[{"href":"https:\/\/www.sonnenseite.com\/de\/wp-json\/wp\/v2\/posts"}],"about":[{"href":"https:\/\/www.sonnenseite.com\/de\/wp-json\/wp\/v2\/types\/post"}],"author":[{"embeddable":true,"href":"https:\/\/www.sonnenseite.com\/de\/wp-json\/wp\/v2\/users\/3"}],"replies":[{"embeddable":true,"href":"https:\/\/www.sonnenseite.com\/de\/wp-json\/wp\/v2\/comments?post=84396"}],"version-history":[{"count":2,"href":"https:\/\/www.sonnenseite.com\/de\/wp-json\/wp\/v2\/posts\/84396\/revisions"}],"predecessor-version":[{"id":84400,"href":"https:\/\/www.sonnenseite.com\/de\/wp-json\/wp\/v2\/posts\/84396\/revisions\/84400"}],"wp:featuredmedia":[{"embeddable":true,"href":"https:\/\/www.sonnenseite.com\/de\/wp-json\/wp\/v2\/media\/84397"}],"wp:attachment":[{"href":"https:\/\/www.sonnenseite.com\/de\/wp-json\/wp\/v2\/media?parent=84396"}],"wp:term":[{"taxonomy":"category","embeddable":true,"href":"https:\/\/www.sonnenseite.com\/de\/wp-json\/wp\/v2\/categories?post=84396"},{"taxonomy":"post_tag","embeddable":true,"href":"https:\/\/www.sonnenseite.com\/de\/wp-json\/wp\/v2\/tags?post=84396"}],"curies":[{"name":"wp","href":"https:\/\/api.w.org\/{rel}","templated":true}]}}