{"id":84507,"date":"2022-08-17T02:19:00","date_gmt":"2022-08-17T00:19:00","guid":{"rendered":"https:\/\/www.sonnenseite.com\/?p=84507"},"modified":"2022-08-15T15:59:46","modified_gmt":"2022-08-15T13:59:46","slug":"klimawandel-auf-kosten-von-sozialen-aspekten","status":"publish","type":"post","link":"https:\/\/www.sonnenseite.com\/de\/wirtschaft\/klimawandel-auf-kosten-von-sozialen-aspekten\/","title":{"rendered":"Klimawandel auf Kosten von sozialen Aspekten?"},"content":{"rendered":"\n<p><\/p>\n\n\n\n<p>Es ist eine unbestrittene Tatsache, dass wir uns mitten in einem Klimanotstand befinden, und es m\u00fcssen harte Ma\u00dfnahmen ergriffen werden, um eine weitere Verschlechterung der Situation zu verhindern \u2013 eine Aufgabe, die f\u00fcr Regierungen, Unternehmen und die Bev\u00f6lkerung immer mehr zur Priorit\u00e4t wird. <\/p>\n\n\n\n<p>Aber bedeutet dies, dass die L\u00f6sung von Umweltproblemen auf Kosten von sozialen und Governance-Fragen gehen sollte?<br><br>Eine von der <a href=\"https:\/\/www.nuffieldfoundation.org\/\">Nuffield Foundation<\/a> in Auftrag gegebene Studie, die im Dezember 2022 ver\u00f6ffentlicht werden soll, befasst sich mit der Frage, wie die potenziellen negativen Auswirkungen des \u00dcbergangs zu einer saubereren Energiezukunft auf die \u00e4rmsten 20% der Familien und Gemeinden gemildert werden k\u00f6nnen. Eine Ende letzten Jahres vom britischen Statistikamt durchgef\u00fchrte Umfrage ergab, dass zwei Drittel der britischen Bev\u00f6lkerung nicht darauf vertraut, dass die Regierung ihr Netto-Null-Energie-Ziel bis 2050 erreichen wird, ohne Teile des Landes oder lokale Gemeinden zur\u00fcckzulassen.<br><br>Diese Bedenken sind nicht auf Gro\u00dfbritannien beschr\u00e4nkt, sondern betreffen die ganze Welt. Tats\u00e4chlich arbeitet die Weltbank seit 1995 an einer Strategie f\u00fcr einen gerechten \u00dcbergang und hat bisher drei Milliarden Dollar zur Unterst\u00fctzung des Kohleausstiegs bereitgestellt, einschlie\u00dflich der Untersuchung der Wechselwirkungen zwischen der Stilllegung von Kohleanlagen \u2013 wie Bergbau, Transport und Kraftwerke \u2013 und der Entwicklung von Programmen f\u00fcr erneuerbare Energien, die an deren Stelle treten sollen. Dar\u00fcber hinaus befindet sich Greenpeace in der ungew\u00f6hnlichen Situation, sich f\u00fcr die Rechte der \u00d6l- und Gasarbeiter einzusetzen, was noch vor 10 Jahren undenkbar gewesen w\u00e4re.<br><br>Warum ist das der Fall? Weil es aufzeigt, dass der Klimawandel zwar eine Priorit\u00e4t ist, aber nicht auf Kosten der sozialen Aspekte erfolgen darf, die davon betroffen sind. Damit der \u00dcbergang zum Klimaschutz gelingen kann, m\u00fcssen wir einen &#8222;gerechten&#8220; \u00dcbergang schaffen, d. h. sicherstellen, dass der Wandel zu einer nachhaltigeren Wirtschaft so gerecht wie m\u00f6glich erfolgt. Er muss diejenigen einbeziehen, die bereits als gef\u00e4hrdet gelten, und jene Menschen, deren Lebensunterhalt von den umweltsch\u00e4dlichsten Industrien abh\u00e4ngt.<br><br>Dies w\u00fcrde die Umschulung von Arbeitnehmenden einbeziehen, die andernfalls von einer Schrumpfung des \u00d6l- und Gassektors betroffen w\u00e4ren. Es muss sichergestellt werden, dass lokale Gemeinden und die Regierung zusammenarbeiten, um dies so effektiv wie m\u00f6glich zu gestalten.<br><br>Tats\u00e4chlich sollten nur Aktien in einem nachhaltigen Fonds enthalten sein, die nicht bei den Aspekten &#8222;S&#8220; oder &#8222;G&#8220; durchfallen. Zum Beispiel Tesla. Niemand kann abstreiten, dass das Unternehmen ein Pionier auf dem Gebiet der Elektrofahrzeuge ist und die Kohlenstoffemissionen beim Autofahren drastisch reduzieren kann. Allerdings l\u00e4sst die Unternehmensf\u00fchrung zu w\u00fcnschen \u00fcbrig, und das Unternehmen ist in angebliche Kontroversen im Zusammenhang mit Menschenrechten verwickelt.<br><br>Ebenso sollten keine FAANG-Aktien in einer nachhaltigen Fondspalette enthalten sein. Nach eingehender Analyse haben wir zu viele Bedenken hinsichtlich der Art und Weise, wie Mitarbeiter behandelt werden, insbesondere in Bezug auf den Umgang mit Minderheiten und Whistleblowing.<br><br>Letztlich sollten nur Investments in Unternehmen flie\u00dfen, die ihre Verantwortung gegen\u00fcber allen Stakeholdern ernst nehmen. Die Unternehmen sollen sich nicht nur auf einen Teil der ESG-Themen konzentrieren und die anderen vernachl\u00e4ssigen. Die Bew\u00e4ltigung von ESG-Themen ist kein &#8222;Karten-Spiel, bei dem der Klimawandel ganz oben gehandelt wird. Der Fortschritt muss umfassender sein, wenn wir diese Herausforderungen erfolgreich und fair bew\u00e4ltigen wollen.<\/p>\n\n\n\n<p><br><\/p>\n\n\n<h5 class=\"green\">Quelle<\/h5>\r\n\n\n\n<p><a href=\"https:\/\/www.oekonews.at\/?mdoc_id=1173629\">oekonews.at \/ holler 2022<\/a> | Ein Kommentar von Miranda Beacham, Head of ESG bei <a href=\"https:\/\/www.aegonam.com\/\">Aegon Asset Management<\/a><\/p>\n<div class=\"shariff shariff-align-flex-start shariff-widget-align-flex-start\"><div class=\"ShariffHeadline\">Diese Meldung teilen<\/div><ul class=\"shariff-buttons theme-round orientation-horizontal buttonsize-medium\"><li class=\"shariff-button facebook shariff-nocustomcolor\" style=\"background-color:#4273c8;border-radius:1%\"><a href=\"https:\/\/www.facebook.com\/sharer\/sharer.php?u=https%3A%2F%2Fwww.sonnenseite.com%2Fde%2Fwirtschaft%2Fklimawandel-auf-kosten-von-sozialen-aspekten%2F\" title=\"Bei Facebook teilen\" aria-label=\"Bei Facebook teilen\" role=\"button\" rel=\"nofollow\" class=\"shariff-link\" style=\";border-radius:1%; background-color:#3b5998; color:#fff\" target=\"_blank\"><span class=\"shariff-icon\" style=\"\"><svg width=\"32px\" height=\"20px\" xmlns=\"http:\/\/www.w3.org\/2000\/svg\" viewBox=\"0 0 18 32\"><path fill=\"#3b5998\" d=\"M17.1 0.2v4.7h-2.8q-1.5 0-2.1 0.6t-0.5 1.9v3.4h5.2l-0.7 5.3h-4.5v13.6h-5.5v-13.6h-4.5v-5.3h4.5v-3.9q0-3.3 1.9-5.2t5-1.8q2.6 0 4.1 0.2z\"\/><\/svg><\/span><\/a><\/li><li class=\"shariff-button twitter shariff-nocustomcolor\" style=\"background-color:#595959;border-radius:1%\"><a href=\"https:\/\/twitter.com\/share?url=https%3A%2F%2Fwww.sonnenseite.com%2Fde%2Fwirtschaft%2Fklimawandel-auf-kosten-von-sozialen-aspekten%2F&text=Klimawandel%20auf%20Kosten%20von%20sozialen%20Aspekten%3F\" title=\"Bei X teilen\" aria-label=\"Bei X teilen\" role=\"button\" rel=\"noopener nofollow\" class=\"shariff-link\" style=\";border-radius:1%; background-color:#000; color:#fff\" target=\"_blank\"><span class=\"shariff-icon\" style=\"\"><svg width=\"32px\" height=\"20px\" xmlns=\"http:\/\/www.w3.org\/2000\/svg\" viewBox=\"0 0 24 24\"><path fill=\"#000\" d=\"M14.258 10.152L23.176 0h-2.113l-7.747 8.813L7.133 0H0l9.352 13.328L0 23.973h2.113l8.176-9.309 6.531 9.309h7.133zm-2.895 3.293l-.949-1.328L2.875 1.56h3.246l6.086 8.523.945 1.328 7.91 11.078h-3.246zm0 0\"\/><\/svg><\/span><\/a><\/li><li class=\"shariff-button xing shariff-nocustomcolor\" style=\"background-color:#29888a;border-radius:1%\"><a href=\"https:\/\/www.xing.com\/spi\/shares\/new?url=https%3A%2F%2Fwww.sonnenseite.com%2Fde%2Fwirtschaft%2Fklimawandel-auf-kosten-von-sozialen-aspekten%2F\" title=\"Bei XING teilen\" aria-label=\"Bei XING teilen\" role=\"button\" rel=\"noopener nofollow\" class=\"shariff-link\" style=\";border-radius:1%; background-color:#126567; color:#fff\" target=\"_blank\"><span class=\"shariff-icon\" style=\"\"><svg width=\"32px\" height=\"20px\" xmlns=\"http:\/\/www.w3.org\/2000\/svg\" viewBox=\"0 0 25 32\"><path fill=\"#126567\" d=\"M10.7 11.9q-0.2 0.3-4.6 8.2-0.5 0.8-1.2 0.8h-4.3q-0.4 0-0.5-0.3t0-0.6l4.5-8q0 0 0 0l-2.9-5q-0.2-0.4 0-0.7 0.2-0.3 0.5-0.3h4.3q0.7 0 1.2 0.8zM25.1 0.4q0.2 0.3 0 0.7l-9.4 16.7 6 11q0.2 0.4 0 0.6-0.2 0.3-0.6 0.3h-4.3q-0.7 0-1.2-0.8l-6-11.1q0.3-0.6 9.5-16.8 0.4-0.8 1.2-0.8h4.3q0.4 0 0.5 0.3z\"\/><\/svg><\/span><\/a><\/li><li class=\"shariff-button linkedin shariff-nocustomcolor\" style=\"background-color:#1488bf;border-radius:1%\"><a href=\"https:\/\/www.linkedin.com\/sharing\/share-offsite\/?url=https%3A%2F%2Fwww.sonnenseite.com%2Fde%2Fwirtschaft%2Fklimawandel-auf-kosten-von-sozialen-aspekten%2F\" title=\"Bei LinkedIn teilen\" aria-label=\"Bei LinkedIn teilen\" role=\"button\" rel=\"noopener nofollow\" class=\"shariff-link\" style=\";border-radius:1%; background-color:#0077b5; color:#fff\" target=\"_blank\"><span class=\"shariff-icon\" style=\"\"><svg width=\"32px\" height=\"20px\" xmlns=\"http:\/\/www.w3.org\/2000\/svg\" viewBox=\"0 0 27 32\"><path fill=\"#0077b5\" d=\"M6.2 11.2v17.7h-5.9v-17.7h5.9zM6.6 5.7q0 1.3-0.9 2.2t-2.4 0.9h0q-1.5 0-2.4-0.9t-0.9-2.2 0.9-2.2 2.4-0.9 2.4 0.9 0.9 2.2zM27.4 18.7v10.1h-5.9v-9.5q0-1.9-0.7-2.9t-2.3-1.1q-1.1 0-1.9 0.6t-1.2 1.5q-0.2 0.5-0.2 1.4v9.9h-5.9q0-7.1 0-11.6t0-5.3l0-0.9h5.9v2.6h0q0.4-0.6 0.7-1t1-0.9 1.6-0.8 2-0.3q3 0 4.9 2t1.9 6z\"\/><\/svg><\/span><\/a><\/li><li class=\"shariff-button printer shariff-nocustomcolor\" style=\"background-color:#a8a8a8;border-radius:1%\"><a href=\"javascript:window.print()\" title=\"drucken\" aria-label=\"drucken\" role=\"button\" rel=\"noopener nofollow\" class=\"shariff-link\" style=\";border-radius:1%; background-color:#999; color:#fff\"><span class=\"shariff-icon\" style=\"\"><svg width=\"32px\" height=\"20px\" xmlns=\"http:\/\/www.w3.org\/2000\/svg\" viewBox=\"0 0 30 32\"><path fill=\"#999\" d=\"M6.8 27.4h16v-4.6h-16v4.6zM6.8 16h16v-6.8h-2.8q-0.7 0-1.2-0.5t-0.5-1.2v-2.8h-11.4v11.4zM27.4 17.2q0-0.5-0.3-0.8t-0.8-0.4-0.8 0.4-0.3 0.8 0.3 0.8 0.8 0.3 0.8-0.3 0.3-0.8zM29.7 17.2v7.4q0 0.2-0.2 0.4t-0.4 0.2h-4v2.8q0 0.7-0.5 1.2t-1.2 0.5h-17.2q-0.7 0-1.2-0.5t-0.5-1.2v-2.8h-4q-0.2 0-0.4-0.2t-0.2-0.4v-7.4q0-1.4 1-2.4t2.4-1h1.2v-9.7q0-0.7 0.5-1.2t1.2-0.5h12q0.7 0 1.6 0.4t1.3 0.8l2.7 2.7q0.5 0.5 0.9 1.4t0.4 1.6v4.6h1.1q1.4 0 2.4 1t1 2.4z\"\/><\/svg><\/span><\/a><\/li><li class=\"shariff-button mailto shariff-nocustomcolor\" style=\"background-color:#a8a8a8;border-radius:1%\"><a href=\"mailto:?body=https%3A%2F%2Fwww.sonnenseite.com%2Fde%2Fwirtschaft%2Fklimawandel-auf-kosten-von-sozialen-aspekten%2F&subject=Klimawandel%20auf%20Kosten%20von%20sozialen%20Aspekten%3F\" title=\"Per E-Mail versenden\" aria-label=\"Per E-Mail versenden\" role=\"button\" rel=\"noopener nofollow\" class=\"shariff-link\" style=\";border-radius:1%; background-color:#999; color:#fff\"><span class=\"shariff-icon\" style=\"\"><svg width=\"32px\" height=\"20px\" xmlns=\"http:\/\/www.w3.org\/2000\/svg\" viewBox=\"0 0 32 32\"><path fill=\"#999\" d=\"M32 12.7v14.2q0 1.2-0.8 2t-2 0.9h-26.3q-1.2 0-2-0.9t-0.8-2v-14.2q0.8 0.9 1.8 1.6 6.5 4.4 8.9 6.1 1 0.8 1.6 1.2t1.7 0.9 2 0.4h0.1q0.9 0 2-0.4t1.7-0.9 1.6-1.2q3-2.2 8.9-6.1 1-0.7 1.8-1.6zM32 7.4q0 1.4-0.9 2.7t-2.2 2.2q-6.7 4.7-8.4 5.8-0.2 0.1-0.7 0.5t-1 0.7-0.9 0.6-1.1 0.5-0.9 0.2h-0.1q-0.4 0-0.9-0.2t-1.1-0.5-0.9-0.6-1-0.7-0.7-0.5q-1.6-1.1-4.7-3.2t-3.6-2.6q-1.1-0.7-2.1-2t-1-2.5q0-1.4 0.7-2.3t2.1-0.9h26.3q1.2 0 2 0.8t0.9 2z\"\/><\/svg><\/span><\/a><\/li><\/ul><\/div>","protected":false},"excerpt":{"rendered":"<p>Es ist eine unbestrittene Tatsache, dass wir uns mitten in einem Klimanotstand befinden, und es m\u00fcssen [&hellip;]<\/p>\n","protected":false},"author":3,"featured_media":45617,"comment_status":"closed","ping_status":"closed","sticky":false,"template":"","format":"standard","meta":{"inline_featured_image":false,"footnotes":""},"categories":[24],"tags":[],"class_list":["post-84507","post","type-post","status-publish","format-standard","has-post-thumbnail","hentry","category-wirtschaft"],"yoast_head":"<!-- This site is optimized with the Yoast SEO plugin v26.5 - https:\/\/yoast.com\/wordpress\/plugins\/seo\/ -->\n<title>Klimawandel auf Kosten von sozialen Aspekten? - Sonnenseite - \u00d6kologische Kommunikation mit Franz Alt<\/title>\n<meta name=\"description\" content=\"Es ist eine unbestrittene Tatsache, dass wir uns mitten in einem Klimanotstand befinden, und es m\u00fcssen harte Ma\u00dfnahmen ergriffen werden, um eine weitere\" \/>\n<meta name=\"robots\" content=\"index, follow, max-snippet:-1, max-image-preview:large, max-video-preview:-1\" \/>\n<link rel=\"canonical\" href=\"https:\/\/www.sonnenseite.com\/de\/wirtschaft\/klimawandel-auf-kosten-von-sozialen-aspekten\/\" \/>\n<meta property=\"og:locale\" content=\"de_DE\" \/>\n<meta property=\"og:type\" content=\"article\" \/>\n<meta property=\"og:title\" content=\"Klimawandel auf Kosten von sozialen Aspekten? - Sonnenseite - \u00d6kologische Kommunikation mit Franz Alt\" \/>\n<meta property=\"og:description\" content=\"Es ist eine unbestrittene Tatsache, dass wir uns mitten in einem Klimanotstand befinden, und es m\u00fcssen harte Ma\u00dfnahmen ergriffen werden, um eine weitere\" \/>\n<meta property=\"og:url\" content=\"https:\/\/www.sonnenseite.com\/de\/wirtschaft\/klimawandel-auf-kosten-von-sozialen-aspekten\/\" \/>\n<meta property=\"og:site_name\" content=\"Sonnenseite\" \/>\n<meta property=\"article:publisher\" content=\"https:\/\/www.facebook.com\/pages\/Franz-Alt-SONNENSEITECOM\/221072987903953?fref=ts\" \/>\n<meta property=\"article:published_time\" content=\"2022-08-17T00:19:00+00:00\" \/>\n<meta property=\"og:image\" content=\"https:\/\/www.sonnenseite.com\/wp-content\/uploads\/2015\/04\/erde_geld_hexenkueche.jpg\" \/>\n\t<meta property=\"og:image:width\" content=\"770\" \/>\n\t<meta property=\"og:image:height\" content=\"420\" \/>\n\t<meta property=\"og:image:type\" content=\"image\/jpeg\" \/>\n<meta name=\"author\" content=\"Bigi Alt\" \/>\n<meta name=\"twitter:card\" content=\"summary_large_image\" \/>\n<meta name=\"twitter:creator\" content=\"@franzalt\" \/>\n<meta name=\"twitter:site\" content=\"@franzalt\" \/>\n<meta name=\"twitter:label1\" content=\"Verfasst von\" \/>\n\t<meta name=\"twitter:data1\" content=\"Bigi Alt\" \/>\n\t<meta name=\"twitter:label2\" content=\"Gesch\u00e4tzte Lesezeit\" \/>\n\t<meta name=\"twitter:data2\" content=\"3\u00a0Minuten\" \/>\n<script type=\"application\/ld+json\" class=\"yoast-schema-graph\">{\"@context\":\"https:\/\/schema.org\",\"@graph\":[{\"@type\":\"Article\",\"@id\":\"https:\/\/www.sonnenseite.com\/de\/wirtschaft\/klimawandel-auf-kosten-von-sozialen-aspekten\/#article\",\"isPartOf\":{\"@id\":\"https:\/\/www.sonnenseite.com\/de\/wirtschaft\/klimawandel-auf-kosten-von-sozialen-aspekten\/\"},\"author\":{\"name\":\"Bigi Alt\",\"@id\":\"https:\/\/www.sonnenseite.com\/de\/#\/schema\/person\/50fda0e926597684c7cc6695238a4eb9\"},\"headline\":\"Klimawandel auf Kosten von sozialen Aspekten?\",\"datePublished\":\"2022-08-17T00:19:00+00:00\",\"mainEntityOfPage\":{\"@id\":\"https:\/\/www.sonnenseite.com\/de\/wirtschaft\/klimawandel-auf-kosten-von-sozialen-aspekten\/\"},\"wordCount\":556,\"publisher\":{\"@id\":\"https:\/\/www.sonnenseite.com\/de\/#organization\"},\"image\":{\"@id\":\"https:\/\/www.sonnenseite.com\/de\/wirtschaft\/klimawandel-auf-kosten-von-sozialen-aspekten\/#primaryimage\"},\"thumbnailUrl\":\"https:\/\/www.sonnenseite.com\/wp-content\/uploads\/2015\/04\/erde_geld_hexenkueche.jpg\",\"articleSection\":[\"Wirtschaft\"],\"inLanguage\":\"de\"},{\"@type\":\"WebPage\",\"@id\":\"https:\/\/www.sonnenseite.com\/de\/wirtschaft\/klimawandel-auf-kosten-von-sozialen-aspekten\/\",\"url\":\"https:\/\/www.sonnenseite.com\/de\/wirtschaft\/klimawandel-auf-kosten-von-sozialen-aspekten\/\",\"name\":\"Klimawandel auf Kosten von sozialen Aspekten? - Sonnenseite - \u00d6kologische Kommunikation mit Franz Alt\",\"isPartOf\":{\"@id\":\"https:\/\/www.sonnenseite.com\/de\/#website\"},\"primaryImageOfPage\":{\"@id\":\"https:\/\/www.sonnenseite.com\/de\/wirtschaft\/klimawandel-auf-kosten-von-sozialen-aspekten\/#primaryimage\"},\"image\":{\"@id\":\"https:\/\/www.sonnenseite.com\/de\/wirtschaft\/klimawandel-auf-kosten-von-sozialen-aspekten\/#primaryimage\"},\"thumbnailUrl\":\"https:\/\/www.sonnenseite.com\/wp-content\/uploads\/2015\/04\/erde_geld_hexenkueche.jpg\",\"datePublished\":\"2022-08-17T00:19:00+00:00\",\"description\":\"Es ist eine unbestrittene Tatsache, dass wir uns mitten in einem Klimanotstand befinden, und es m\u00fcssen harte Ma\u00dfnahmen ergriffen werden, um eine weitere\",\"breadcrumb\":{\"@id\":\"https:\/\/www.sonnenseite.com\/de\/wirtschaft\/klimawandel-auf-kosten-von-sozialen-aspekten\/#breadcrumb\"},\"inLanguage\":\"de\",\"potentialAction\":[{\"@type\":\"ReadAction\",\"target\":[\"https:\/\/www.sonnenseite.com\/de\/wirtschaft\/klimawandel-auf-kosten-von-sozialen-aspekten\/\"]}]},{\"@type\":\"ImageObject\",\"inLanguage\":\"de\",\"@id\":\"https:\/\/www.sonnenseite.com\/de\/wirtschaft\/klimawandel-auf-kosten-von-sozialen-aspekten\/#primaryimage\",\"url\":\"https:\/\/www.sonnenseite.com\/wp-content\/uploads\/2015\/04\/erde_geld_hexenkueche.jpg\",\"contentUrl\":\"https:\/\/www.sonnenseite.com\/wp-content\/uploads\/2015\/04\/erde_geld_hexenkueche.jpg\",\"width\":770,\"height\":420,\"caption\":\"pixabay.com | hexenkueche\"},{\"@type\":\"BreadcrumbList\",\"@id\":\"https:\/\/www.sonnenseite.com\/de\/wirtschaft\/klimawandel-auf-kosten-von-sozialen-aspekten\/#breadcrumb\",\"itemListElement\":[{\"@type\":\"ListItem\",\"position\":1,\"name\":\"Startseite\",\"item\":\"https:\/\/www.sonnenseite.com\/de\/\"},{\"@type\":\"ListItem\",\"position\":2,\"name\":\"Klimawandel auf Kosten von sozialen Aspekten?\"}]},{\"@type\":\"WebSite\",\"@id\":\"https:\/\/www.sonnenseite.com\/de\/#website\",\"url\":\"https:\/\/www.sonnenseite.com\/de\/\",\"name\":\"Sonnenseite\",\"description\":\"\u00d6kologische Kommunikation mit Franz Alt\",\"publisher\":{\"@id\":\"https:\/\/www.sonnenseite.com\/de\/#organization\"},\"potentialAction\":[{\"@type\":\"SearchAction\",\"target\":{\"@type\":\"EntryPoint\",\"urlTemplate\":\"https:\/\/www.sonnenseite.com\/de\/?s={search_term_string}\"},\"query-input\":{\"@type\":\"PropertyValueSpecification\",\"valueRequired\":true,\"valueName\":\"search_term_string\"}}],\"inLanguage\":\"de\"},{\"@type\":\"Organization\",\"@id\":\"https:\/\/www.sonnenseite.com\/de\/#organization\",\"name\":\"Sonnenseite\",\"url\":\"https:\/\/www.sonnenseite.com\/de\/\",\"logo\":{\"@type\":\"ImageObject\",\"inLanguage\":\"de\",\"@id\":\"https:\/\/www.sonnenseite.com\/de\/#\/schema\/logo\/image\/\",\"url\":\"https:\/\/www.sonnenseite.com\/wp-content\/uploads\/2020\/05\/Sonnenseite_Logo.png\",\"contentUrl\":\"https:\/\/www.sonnenseite.com\/wp-content\/uploads\/2020\/05\/Sonnenseite_Logo.png\",\"width\":377,\"height\":90,\"caption\":\"Sonnenseite\"},\"image\":{\"@id\":\"https:\/\/www.sonnenseite.com\/de\/#\/schema\/logo\/image\/\"},\"sameAs\":[\"https:\/\/www.facebook.com\/pages\/Franz-Alt-SONNENSEITECOM\/221072987903953?fref=ts\",\"https:\/\/x.com\/franzalt\",\"http:\/\/www.youtube.com\/results?search_query&amp;amp;quot;franz_alt&amp;amp;quot;&amp;amp;amp;amp;search_type&amp;amp;amp;amp;aq=f\"]},{\"@type\":\"Person\",\"@id\":\"https:\/\/www.sonnenseite.com\/de\/#\/schema\/person\/50fda0e926597684c7cc6695238a4eb9\",\"name\":\"Bigi Alt\"}]}<\/script>\n<!-- \/ Yoast SEO plugin. -->","yoast_head_json":{"title":"Klimawandel auf Kosten von sozialen Aspekten? - Sonnenseite - \u00d6kologische Kommunikation mit Franz Alt","description":"Es ist eine unbestrittene Tatsache, dass wir uns mitten in einem Klimanotstand befinden, und es m\u00fcssen harte Ma\u00dfnahmen ergriffen werden, um eine weitere","robots":{"index":"index","follow":"follow","max-snippet":"max-snippet:-1","max-image-preview":"max-image-preview:large","max-video-preview":"max-video-preview:-1"},"canonical":"https:\/\/www.sonnenseite.com\/de\/wirtschaft\/klimawandel-auf-kosten-von-sozialen-aspekten\/","og_locale":"de_DE","og_type":"article","og_title":"Klimawandel auf Kosten von sozialen Aspekten? - Sonnenseite - \u00d6kologische Kommunikation mit Franz Alt","og_description":"Es ist eine unbestrittene Tatsache, dass wir uns mitten in einem Klimanotstand befinden, und es m\u00fcssen harte Ma\u00dfnahmen ergriffen werden, um eine weitere","og_url":"https:\/\/www.sonnenseite.com\/de\/wirtschaft\/klimawandel-auf-kosten-von-sozialen-aspekten\/","og_site_name":"Sonnenseite","article_publisher":"https:\/\/www.facebook.com\/pages\/Franz-Alt-SONNENSEITECOM\/221072987903953?fref=ts","article_published_time":"2022-08-17T00:19:00+00:00","og_image":[{"width":770,"height":420,"url":"https:\/\/www.sonnenseite.com\/wp-content\/uploads\/2015\/04\/erde_geld_hexenkueche.jpg","type":"image\/jpeg"}],"author":"Bigi Alt","twitter_card":"summary_large_image","twitter_creator":"@franzalt","twitter_site":"@franzalt","twitter_misc":{"Verfasst von":"Bigi Alt","Gesch\u00e4tzte Lesezeit":"3\u00a0Minuten"},"schema":{"@context":"https:\/\/schema.org","@graph":[{"@type":"Article","@id":"https:\/\/www.sonnenseite.com\/de\/wirtschaft\/klimawandel-auf-kosten-von-sozialen-aspekten\/#article","isPartOf":{"@id":"https:\/\/www.sonnenseite.com\/de\/wirtschaft\/klimawandel-auf-kosten-von-sozialen-aspekten\/"},"author":{"name":"Bigi Alt","@id":"https:\/\/www.sonnenseite.com\/de\/#\/schema\/person\/50fda0e926597684c7cc6695238a4eb9"},"headline":"Klimawandel auf Kosten von sozialen Aspekten?","datePublished":"2022-08-17T00:19:00+00:00","mainEntityOfPage":{"@id":"https:\/\/www.sonnenseite.com\/de\/wirtschaft\/klimawandel-auf-kosten-von-sozialen-aspekten\/"},"wordCount":556,"publisher":{"@id":"https:\/\/www.sonnenseite.com\/de\/#organization"},"image":{"@id":"https:\/\/www.sonnenseite.com\/de\/wirtschaft\/klimawandel-auf-kosten-von-sozialen-aspekten\/#primaryimage"},"thumbnailUrl":"https:\/\/www.sonnenseite.com\/wp-content\/uploads\/2015\/04\/erde_geld_hexenkueche.jpg","articleSection":["Wirtschaft"],"inLanguage":"de"},{"@type":"WebPage","@id":"https:\/\/www.sonnenseite.com\/de\/wirtschaft\/klimawandel-auf-kosten-von-sozialen-aspekten\/","url":"https:\/\/www.sonnenseite.com\/de\/wirtschaft\/klimawandel-auf-kosten-von-sozialen-aspekten\/","name":"Klimawandel auf Kosten von sozialen Aspekten? - Sonnenseite - \u00d6kologische Kommunikation mit Franz Alt","isPartOf":{"@id":"https:\/\/www.sonnenseite.com\/de\/#website"},"primaryImageOfPage":{"@id":"https:\/\/www.sonnenseite.com\/de\/wirtschaft\/klimawandel-auf-kosten-von-sozialen-aspekten\/#primaryimage"},"image":{"@id":"https:\/\/www.sonnenseite.com\/de\/wirtschaft\/klimawandel-auf-kosten-von-sozialen-aspekten\/#primaryimage"},"thumbnailUrl":"https:\/\/www.sonnenseite.com\/wp-content\/uploads\/2015\/04\/erde_geld_hexenkueche.jpg","datePublished":"2022-08-17T00:19:00+00:00","description":"Es ist eine unbestrittene Tatsache, dass wir uns mitten in einem Klimanotstand befinden, und es m\u00fcssen harte Ma\u00dfnahmen ergriffen werden, um eine weitere","breadcrumb":{"@id":"https:\/\/www.sonnenseite.com\/de\/wirtschaft\/klimawandel-auf-kosten-von-sozialen-aspekten\/#breadcrumb"},"inLanguage":"de","potentialAction":[{"@type":"ReadAction","target":["https:\/\/www.sonnenseite.com\/de\/wirtschaft\/klimawandel-auf-kosten-von-sozialen-aspekten\/"]}]},{"@type":"ImageObject","inLanguage":"de","@id":"https:\/\/www.sonnenseite.com\/de\/wirtschaft\/klimawandel-auf-kosten-von-sozialen-aspekten\/#primaryimage","url":"https:\/\/www.sonnenseite.com\/wp-content\/uploads\/2015\/04\/erde_geld_hexenkueche.jpg","contentUrl":"https:\/\/www.sonnenseite.com\/wp-content\/uploads\/2015\/04\/erde_geld_hexenkueche.jpg","width":770,"height":420,"caption":"pixabay.com | hexenkueche"},{"@type":"BreadcrumbList","@id":"https:\/\/www.sonnenseite.com\/de\/wirtschaft\/klimawandel-auf-kosten-von-sozialen-aspekten\/#breadcrumb","itemListElement":[{"@type":"ListItem","position":1,"name":"Startseite","item":"https:\/\/www.sonnenseite.com\/de\/"},{"@type":"ListItem","position":2,"name":"Klimawandel auf Kosten von sozialen Aspekten?"}]},{"@type":"WebSite","@id":"https:\/\/www.sonnenseite.com\/de\/#website","url":"https:\/\/www.sonnenseite.com\/de\/","name":"Sonnenseite","description":"\u00d6kologische Kommunikation mit Franz Alt","publisher":{"@id":"https:\/\/www.sonnenseite.com\/de\/#organization"},"potentialAction":[{"@type":"SearchAction","target":{"@type":"EntryPoint","urlTemplate":"https:\/\/www.sonnenseite.com\/de\/?s={search_term_string}"},"query-input":{"@type":"PropertyValueSpecification","valueRequired":true,"valueName":"search_term_string"}}],"inLanguage":"de"},{"@type":"Organization","@id":"https:\/\/www.sonnenseite.com\/de\/#organization","name":"Sonnenseite","url":"https:\/\/www.sonnenseite.com\/de\/","logo":{"@type":"ImageObject","inLanguage":"de","@id":"https:\/\/www.sonnenseite.com\/de\/#\/schema\/logo\/image\/","url":"https:\/\/www.sonnenseite.com\/wp-content\/uploads\/2020\/05\/Sonnenseite_Logo.png","contentUrl":"https:\/\/www.sonnenseite.com\/wp-content\/uploads\/2020\/05\/Sonnenseite_Logo.png","width":377,"height":90,"caption":"Sonnenseite"},"image":{"@id":"https:\/\/www.sonnenseite.com\/de\/#\/schema\/logo\/image\/"},"sameAs":["https:\/\/www.facebook.com\/pages\/Franz-Alt-SONNENSEITECOM\/221072987903953?fref=ts","https:\/\/x.com\/franzalt","http:\/\/www.youtube.com\/results?search_query&amp;amp;quot;franz_alt&amp;amp;quot;&amp;amp;amp;amp;search_type&amp;amp;amp;amp;aq=f"]},{"@type":"Person","@id":"https:\/\/www.sonnenseite.com\/de\/#\/schema\/person\/50fda0e926597684c7cc6695238a4eb9","name":"Bigi Alt"}]}},"_links":{"self":[{"href":"https:\/\/www.sonnenseite.com\/de\/wp-json\/wp\/v2\/posts\/84507","targetHints":{"allow":["GET"]}}],"collection":[{"href":"https:\/\/www.sonnenseite.com\/de\/wp-json\/wp\/v2\/posts"}],"about":[{"href":"https:\/\/www.sonnenseite.com\/de\/wp-json\/wp\/v2\/types\/post"}],"author":[{"embeddable":true,"href":"https:\/\/www.sonnenseite.com\/de\/wp-json\/wp\/v2\/users\/3"}],"replies":[{"embeddable":true,"href":"https:\/\/www.sonnenseite.com\/de\/wp-json\/wp\/v2\/comments?post=84507"}],"version-history":[{"count":1,"href":"https:\/\/www.sonnenseite.com\/de\/wp-json\/wp\/v2\/posts\/84507\/revisions"}],"predecessor-version":[{"id":84508,"href":"https:\/\/www.sonnenseite.com\/de\/wp-json\/wp\/v2\/posts\/84507\/revisions\/84508"}],"wp:featuredmedia":[{"embeddable":true,"href":"https:\/\/www.sonnenseite.com\/de\/wp-json\/wp\/v2\/media\/45617"}],"wp:attachment":[{"href":"https:\/\/www.sonnenseite.com\/de\/wp-json\/wp\/v2\/media?parent=84507"}],"wp:term":[{"taxonomy":"category","embeddable":true,"href":"https:\/\/www.sonnenseite.com\/de\/wp-json\/wp\/v2\/categories?post=84507"},{"taxonomy":"post_tag","embeddable":true,"href":"https:\/\/www.sonnenseite.com\/de\/wp-json\/wp\/v2\/tags?post=84507"}],"curies":[{"name":"wp","href":"https:\/\/api.w.org\/{rel}","templated":true}]}}