{"id":84509,"date":"2022-08-15T16:49:44","date_gmt":"2022-08-15T14:49:44","guid":{"rendered":"https:\/\/www.sonnenseite.com\/?p=84509"},"modified":"2022-08-15T20:31:24","modified_gmt":"2022-08-15T18:31:24","slug":"bee-zur-gasumlage","status":"publish","type":"post","link":"https:\/\/www.sonnenseite.com\/de\/politik\/bee-zur-gasumlage\/","title":{"rendered":"BEE zur Gasumlage"},"content":{"rendered":"\n<p>Weitere Senkungen bei Energiekosten vornehmen und Ausbau g\u00fcnstiger Erneuerbarer Energien beschleunigen.<\/p>\n\n\n\n<p>Angesichts der Bekanntgabe der Umlage zum Ausgleich von gestiegenen Gasbeschaffungskosten in H\u00f6he von 2,419 Cent pro Kilowattstunde durch den Marktgebietsverantwortlichen Trading Hub Europe (THE) fordert der Bundesverband Erneuerbare Energie (BEE) e.V. Entlastungen f\u00fcr Verbraucher:innen.<\/p>\n\n\n\n<p>\u201eAb dem 1. Oktober sollen alle Gasverbraucher*innen eine Umlage zahlen, die die Kosten f\u00fcr die Energieversorgung in vielen Haushalten und Unternehmen in die H\u00f6he treibt. Dabei wurde bis zur letzten Bundesregierung politisch auf Erdgasheizungen und -versorgung gesetzt. Jetzt zahlen viele, die nicht schnell genug den Energietr\u00e4ger wechseln konnten, die Zeche. Neben weiteren Hilfen f\u00fcr einkommensschwache Haushalte sollten deshalb weitere Energiepreisbestandteile gesenkt werden,\u201c so BEE-Pr\u00e4sidentin Dr. Simone Peter. Neben der EEG-Umlage, die seit dem 1. Juli nicht mehr auf der Stromrechnung steht, geh\u00f6re hierzu zum Beispiel das Absenken der Stromsteuer auf das EU-rechtliche Minimum, um die Energiepreiskrise kurz-, mittel- und langfristig sozialvertr\u00e4glich zu bew\u00e4ltigen.<\/p>\n\n\n\n<p>\u201eDer massive Ausbau der heimischen Erneuerbaren Energien, von Speichern und Sektorenkopplung ist unsere nachhaltige Perspektive, um die Abh\u00e4ngigkeit von teuren Energieimporten zu reduzieren. Hierzu sind die F\u00f6rderprogramme, wie die Bundesf\u00f6rderung f\u00fcr effiziente Geb\u00e4ude (BEG) oder die f\u00fcr effiziente W\u00e4rmenetze (BEW) nachzubessern bzw. auszuweiten,\u201c so Peter. Beim BEG w\u00fcrden unn\u00f6tige Bremsen f\u00fcr den Ausbau Erneuerbarer W\u00e4rmel\u00f6sungen geschaffen, wie zum Beispiel die Schlechterstellung der Bioenergie, insbesondere der Holz- und Pelletheizungen, und die Absenkung der F\u00f6rderh\u00f6hen bei bestimmten W\u00e4rmepumpen. Die Streichung der Kreditf\u00f6rderung f\u00fcr Einzelma\u00dfnahmen benachteilige zudem einkommensschwache Haushalte. Bei der BEW sei eine Laufzeit bis mindestens zum Jahr 2030 w\u00fcnschenswert sowie zus\u00e4tzliche Mittel von mindestens einer Milliarde Euro j\u00e4hrlich und mittelfristig 2,5 Milliarden pro Jahr, um ausreichend Investitionssicherheit zu schaffen.<\/p>\n\n\n\n<p>\u201eLetztlich sind die Erneuerbaren Energien in allen Sektoren zu entfesseln, um deren preissenkende Wirkung baldm\u00f6glichst auszusch\u00f6pfen. Hierzu tr\u00e4gt auch bei, Projekte in Genehmigungsverfahren schnell umzusetzen. Allein bei der Windkraft sind dies 10.000 MW. Auch bei der Solarenergie lie\u00dfen sich Projekte schneller verwirklichen. Und heimisches Biogas steht jetzt schon in gr\u00f6\u00dferen Mengen zur Verf\u00fcgung, wenn Restriktionen im EEG und im Bau- und Genehmigungsrecht aufgehoben werden. Die Erneuerbaren k\u00f6nnen mehr. Hier sind Nachbesserungen jenseits des umfangreichen Osterpakets, aber auch die Einrichtung der Plattform Klimaneutrales Stromsystem zeitnah erforderlich. Das Stromsystem muss durch mehr Flexibilit\u00e4t an die Bed\u00fcrfnisse der Erneuerbaren angepasst werden. Auch das wirkt allgemein kostensenkend,\u201c so Peter abschlie\u00dfend.<\/p>\n\n\n\n<ul class=\"wp-block-list\"><li><a href=\"https:\/\/www.tradinghub.eu\/de-de\/Unternehmen\/Newsroom\/News\/Details\/ArtMID\/1404\/ArticleID\/100\/Pressemitteilung\" target=\"_blank\" rel=\"noreferrer noopener\">tradinghub.eu\/Pressemitteilung<\/a><\/li><li><a href=\"https:\/\/www.bmwk.de\/Redaktion\/DE\/Pressemitteilungen\/2022\/08\/20220815-sicherung-der-energie-und-waermeversorgung.html\" target=\"_blank\" rel=\"noreferrer noopener\">bmwk.de\/20220815-sicherung-der-energie-und-waermeversorgung<\/a><\/li><li><a href=\"https:\/\/www.bundestag.de\/presse\/hib\/kurzmeldungen-906100\" target=\"_blank\" rel=\"noreferrer noopener\">bundestag.de\/hib\/kurzmeldungen-906100<\/a><\/li><\/ul>\n\n\n<h5 class=\"green\">Quelle<\/h5>\r\n\n\n\n<p><a href=\"https:\/\/www.bee-ev.de\/\">Bundesverband Erneuerbare Energie e.V. (BEE) 2022<\/a><\/p>\n<div class=\"shariff shariff-align-flex-start shariff-widget-align-flex-start\"><div class=\"ShariffHeadline\">Diese Meldung teilen<\/div><ul class=\"shariff-buttons theme-round orientation-horizontal buttonsize-medium\"><li class=\"shariff-button facebook shariff-nocustomcolor\" style=\"background-color:#4273c8;border-radius:1%\"><a href=\"https:\/\/www.facebook.com\/sharer\/sharer.php?u=https%3A%2F%2Fwww.sonnenseite.com%2Fde%2Fpolitik%2Fbee-zur-gasumlage%2F\" title=\"Bei Facebook teilen\" aria-label=\"Bei Facebook teilen\" role=\"button\" rel=\"nofollow\" class=\"shariff-link\" style=\";border-radius:1%; background-color:#3b5998; color:#fff\" target=\"_blank\"><span class=\"shariff-icon\" style=\"\"><svg width=\"32px\" height=\"20px\" xmlns=\"http:\/\/www.w3.org\/2000\/svg\" viewBox=\"0 0 18 32\"><path fill=\"#3b5998\" d=\"M17.1 0.2v4.7h-2.8q-1.5 0-2.1 0.6t-0.5 1.9v3.4h5.2l-0.7 5.3h-4.5v13.6h-5.5v-13.6h-4.5v-5.3h4.5v-3.9q0-3.3 1.9-5.2t5-1.8q2.6 0 4.1 0.2z\"\/><\/svg><\/span><\/a><\/li><li class=\"shariff-button twitter shariff-nocustomcolor\" style=\"background-color:#595959;border-radius:1%\"><a href=\"https:\/\/twitter.com\/share?url=https%3A%2F%2Fwww.sonnenseite.com%2Fde%2Fpolitik%2Fbee-zur-gasumlage%2F&text=BEE%20zur%20Gasumlage\" title=\"Bei X teilen\" aria-label=\"Bei X teilen\" role=\"button\" rel=\"noopener nofollow\" class=\"shariff-link\" style=\";border-radius:1%; background-color:#000; color:#fff\" target=\"_blank\"><span class=\"shariff-icon\" style=\"\"><svg width=\"32px\" height=\"20px\" xmlns=\"http:\/\/www.w3.org\/2000\/svg\" viewBox=\"0 0 24 24\"><path fill=\"#000\" d=\"M14.258 10.152L23.176 0h-2.113l-7.747 8.813L7.133 0H0l9.352 13.328L0 23.973h2.113l8.176-9.309 6.531 9.309h7.133zm-2.895 3.293l-.949-1.328L2.875 1.56h3.246l6.086 8.523.945 1.328 7.91 11.078h-3.246zm0 0\"\/><\/svg><\/span><\/a><\/li><li class=\"shariff-button xing shariff-nocustomcolor\" style=\"background-color:#29888a;border-radius:1%\"><a href=\"https:\/\/www.xing.com\/spi\/shares\/new?url=https%3A%2F%2Fwww.sonnenseite.com%2Fde%2Fpolitik%2Fbee-zur-gasumlage%2F\" title=\"Bei XING teilen\" aria-label=\"Bei XING teilen\" role=\"button\" rel=\"noopener nofollow\" class=\"shariff-link\" style=\";border-radius:1%; background-color:#126567; color:#fff\" target=\"_blank\"><span class=\"shariff-icon\" style=\"\"><svg width=\"32px\" height=\"20px\" xmlns=\"http:\/\/www.w3.org\/2000\/svg\" viewBox=\"0 0 25 32\"><path fill=\"#126567\" d=\"M10.7 11.9q-0.2 0.3-4.6 8.2-0.5 0.8-1.2 0.8h-4.3q-0.4 0-0.5-0.3t0-0.6l4.5-8q0 0 0 0l-2.9-5q-0.2-0.4 0-0.7 0.2-0.3 0.5-0.3h4.3q0.7 0 1.2 0.8zM25.1 0.4q0.2 0.3 0 0.7l-9.4 16.7 6 11q0.2 0.4 0 0.6-0.2 0.3-0.6 0.3h-4.3q-0.7 0-1.2-0.8l-6-11.1q0.3-0.6 9.5-16.8 0.4-0.8 1.2-0.8h4.3q0.4 0 0.5 0.3z\"\/><\/svg><\/span><\/a><\/li><li class=\"shariff-button linkedin shariff-nocustomcolor\" style=\"background-color:#1488bf;border-radius:1%\"><a href=\"https:\/\/www.linkedin.com\/sharing\/share-offsite\/?url=https%3A%2F%2Fwww.sonnenseite.com%2Fde%2Fpolitik%2Fbee-zur-gasumlage%2F\" title=\"Bei LinkedIn teilen\" aria-label=\"Bei LinkedIn teilen\" role=\"button\" rel=\"noopener nofollow\" class=\"shariff-link\" style=\";border-radius:1%; background-color:#0077b5; color:#fff\" target=\"_blank\"><span class=\"shariff-icon\" style=\"\"><svg width=\"32px\" height=\"20px\" xmlns=\"http:\/\/www.w3.org\/2000\/svg\" viewBox=\"0 0 27 32\"><path fill=\"#0077b5\" d=\"M6.2 11.2v17.7h-5.9v-17.7h5.9zM6.6 5.7q0 1.3-0.9 2.2t-2.4 0.9h0q-1.5 0-2.4-0.9t-0.9-2.2 0.9-2.2 2.4-0.9 2.4 0.9 0.9 2.2zM27.4 18.7v10.1h-5.9v-9.5q0-1.9-0.7-2.9t-2.3-1.1q-1.1 0-1.9 0.6t-1.2 1.5q-0.2 0.5-0.2 1.4v9.9h-5.9q0-7.1 0-11.6t0-5.3l0-0.9h5.9v2.6h0q0.4-0.6 0.7-1t1-0.9 1.6-0.8 2-0.3q3 0 4.9 2t1.9 6z\"\/><\/svg><\/span><\/a><\/li><li class=\"shariff-button printer shariff-nocustomcolor\" style=\"background-color:#a8a8a8;border-radius:1%\"><a href=\"javascript:window.print()\" title=\"drucken\" aria-label=\"drucken\" role=\"button\" rel=\"noopener nofollow\" class=\"shariff-link\" style=\";border-radius:1%; background-color:#999; color:#fff\"><span class=\"shariff-icon\" style=\"\"><svg width=\"32px\" height=\"20px\" xmlns=\"http:\/\/www.w3.org\/2000\/svg\" viewBox=\"0 0 30 32\"><path fill=\"#999\" d=\"M6.8 27.4h16v-4.6h-16v4.6zM6.8 16h16v-6.8h-2.8q-0.7 0-1.2-0.5t-0.5-1.2v-2.8h-11.4v11.4zM27.4 17.2q0-0.5-0.3-0.8t-0.8-0.4-0.8 0.4-0.3 0.8 0.3 0.8 0.8 0.3 0.8-0.3 0.3-0.8zM29.7 17.2v7.4q0 0.2-0.2 0.4t-0.4 0.2h-4v2.8q0 0.7-0.5 1.2t-1.2 0.5h-17.2q-0.7 0-1.2-0.5t-0.5-1.2v-2.8h-4q-0.2 0-0.4-0.2t-0.2-0.4v-7.4q0-1.4 1-2.4t2.4-1h1.2v-9.7q0-0.7 0.5-1.2t1.2-0.5h12q0.7 0 1.6 0.4t1.3 0.8l2.7 2.7q0.5 0.5 0.9 1.4t0.4 1.6v4.6h1.1q1.4 0 2.4 1t1 2.4z\"\/><\/svg><\/span><\/a><\/li><li class=\"shariff-button mailto shariff-nocustomcolor\" style=\"background-color:#a8a8a8;border-radius:1%\"><a href=\"mailto:?body=https%3A%2F%2Fwww.sonnenseite.com%2Fde%2Fpolitik%2Fbee-zur-gasumlage%2F&subject=BEE%20zur%20Gasumlage\" title=\"Per E-Mail versenden\" aria-label=\"Per E-Mail versenden\" role=\"button\" rel=\"noopener nofollow\" class=\"shariff-link\" style=\";border-radius:1%; background-color:#999; color:#fff\"><span class=\"shariff-icon\" style=\"\"><svg width=\"32px\" height=\"20px\" xmlns=\"http:\/\/www.w3.org\/2000\/svg\" viewBox=\"0 0 32 32\"><path fill=\"#999\" d=\"M32 12.7v14.2q0 1.2-0.8 2t-2 0.9h-26.3q-1.2 0-2-0.9t-0.8-2v-14.2q0.8 0.9 1.8 1.6 6.5 4.4 8.9 6.1 1 0.8 1.6 1.2t1.7 0.9 2 0.4h0.1q0.9 0 2-0.4t1.7-0.9 1.6-1.2q3-2.2 8.9-6.1 1-0.7 1.8-1.6zM32 7.4q0 1.4-0.9 2.7t-2.2 2.2q-6.7 4.7-8.4 5.8-0.2 0.1-0.7 0.5t-1 0.7-0.9 0.6-1.1 0.5-0.9 0.2h-0.1q-0.4 0-0.9-0.2t-1.1-0.5-0.9-0.6-1-0.7-0.7-0.5q-1.6-1.1-4.7-3.2t-3.6-2.6q-1.1-0.7-2.1-2t-1-2.5q0-1.4 0.7-2.3t2.1-0.9h26.3q1.2 0 2 0.8t0.9 2z\"\/><\/svg><\/span><\/a><\/li><\/ul><\/div>","protected":false},"excerpt":{"rendered":"<p>Weitere Senkungen bei Energiekosten vornehmen und Ausbau g\u00fcnstiger Erneuerbarer Energien beschleunigen. Angesichts der Bekanntgabe der Umlage [&hellip;]<\/p>\n","protected":false},"author":3,"featured_media":84511,"comment_status":"closed","ping_status":"closed","sticky":false,"template":"","format":"standard","meta":{"inline_featured_image":false,"footnotes":""},"categories":[21],"tags":[],"class_list":["post-84509","post","type-post","status-publish","format-standard","has-post-thumbnail","hentry","category-politik"],"yoast_head":"<!-- This site is optimized with the Yoast SEO plugin v26.5 - https:\/\/yoast.com\/wordpress\/plugins\/seo\/ -->\n<title>BEE zur Gasumlage - Sonnenseite - \u00d6kologische Kommunikation mit Franz Alt<\/title>\n<meta name=\"description\" content=\"Weitere Senkungen bei Energiekosten vornehmen und Ausbau g\u00fcnstiger Erneuerbarer Energien beschleunigen. Angesichts der Bekanntgabe der Umlage zum\" \/>\n<meta name=\"robots\" content=\"index, follow, max-snippet:-1, max-image-preview:large, max-video-preview:-1\" \/>\n<link rel=\"canonical\" href=\"https:\/\/www.sonnenseite.com\/de\/politik\/bee-zur-gasumlage\/\" \/>\n<meta property=\"og:locale\" content=\"de_DE\" \/>\n<meta property=\"og:type\" content=\"article\" \/>\n<meta property=\"og:title\" content=\"BEE zur Gasumlage - Sonnenseite - \u00d6kologische Kommunikation mit Franz Alt\" \/>\n<meta property=\"og:description\" content=\"Weitere Senkungen bei Energiekosten vornehmen und Ausbau g\u00fcnstiger Erneuerbarer Energien beschleunigen. Angesichts der Bekanntgabe der Umlage zum\" \/>\n<meta property=\"og:url\" content=\"https:\/\/www.sonnenseite.com\/de\/politik\/bee-zur-gasumlage\/\" \/>\n<meta property=\"og:site_name\" content=\"Sonnenseite\" \/>\n<meta property=\"article:publisher\" content=\"https:\/\/www.facebook.com\/pages\/Franz-Alt-SONNENSEITECOM\/221072987903953?fref=ts\" \/>\n<meta property=\"article:published_time\" content=\"2022-08-15T14:49:44+00:00\" \/>\n<meta property=\"article:modified_time\" content=\"2022-08-15T18:31:24+00:00\" \/>\n<meta property=\"og:image\" content=\"https:\/\/www.sonnenseite.com\/wp-content\/uploads\/2022\/08\/Gas-Zaehler_FraukeRiether01.jpg\" \/>\n\t<meta property=\"og:image:width\" content=\"770\" \/>\n\t<meta property=\"og:image:height\" content=\"420\" \/>\n\t<meta property=\"og:image:type\" content=\"image\/jpeg\" \/>\n<meta name=\"author\" content=\"Bigi Alt\" \/>\n<meta name=\"twitter:card\" content=\"summary_large_image\" \/>\n<meta name=\"twitter:creator\" content=\"@franzalt\" \/>\n<meta name=\"twitter:site\" content=\"@franzalt\" \/>\n<meta name=\"twitter:label1\" content=\"Verfasst von\" \/>\n\t<meta name=\"twitter:data1\" content=\"Bigi Alt\" \/>\n\t<meta name=\"twitter:label2\" content=\"Gesch\u00e4tzte Lesezeit\" \/>\n\t<meta name=\"twitter:data2\" content=\"3\u00a0Minuten\" \/>\n<script type=\"application\/ld+json\" class=\"yoast-schema-graph\">{\"@context\":\"https:\/\/schema.org\",\"@graph\":[{\"@type\":\"Article\",\"@id\":\"https:\/\/www.sonnenseite.com\/de\/politik\/bee-zur-gasumlage\/#article\",\"isPartOf\":{\"@id\":\"https:\/\/www.sonnenseite.com\/de\/politik\/bee-zur-gasumlage\/\"},\"author\":{\"name\":\"Bigi Alt\",\"@id\":\"https:\/\/www.sonnenseite.com\/de\/#\/schema\/person\/50fda0e926597684c7cc6695238a4eb9\"},\"headline\":\"BEE zur Gasumlage\",\"datePublished\":\"2022-08-15T14:49:44+00:00\",\"dateModified\":\"2022-08-15T18:31:24+00:00\",\"mainEntityOfPage\":{\"@id\":\"https:\/\/www.sonnenseite.com\/de\/politik\/bee-zur-gasumlage\/\"},\"wordCount\":430,\"publisher\":{\"@id\":\"https:\/\/www.sonnenseite.com\/de\/#organization\"},\"image\":{\"@id\":\"https:\/\/www.sonnenseite.com\/de\/politik\/bee-zur-gasumlage\/#primaryimage\"},\"thumbnailUrl\":\"https:\/\/www.sonnenseite.com\/wp-content\/uploads\/2022\/08\/Gas-Zaehler_FraukeRiether01.jpg\",\"articleSection\":[\"Politik\"],\"inLanguage\":\"de\"},{\"@type\":\"WebPage\",\"@id\":\"https:\/\/www.sonnenseite.com\/de\/politik\/bee-zur-gasumlage\/\",\"url\":\"https:\/\/www.sonnenseite.com\/de\/politik\/bee-zur-gasumlage\/\",\"name\":\"BEE zur Gasumlage - Sonnenseite - \u00d6kologische Kommunikation mit Franz Alt\",\"isPartOf\":{\"@id\":\"https:\/\/www.sonnenseite.com\/de\/#website\"},\"primaryImageOfPage\":{\"@id\":\"https:\/\/www.sonnenseite.com\/de\/politik\/bee-zur-gasumlage\/#primaryimage\"},\"image\":{\"@id\":\"https:\/\/www.sonnenseite.com\/de\/politik\/bee-zur-gasumlage\/#primaryimage\"},\"thumbnailUrl\":\"https:\/\/www.sonnenseite.com\/wp-content\/uploads\/2022\/08\/Gas-Zaehler_FraukeRiether01.jpg\",\"datePublished\":\"2022-08-15T14:49:44+00:00\",\"dateModified\":\"2022-08-15T18:31:24+00:00\",\"description\":\"Weitere Senkungen bei Energiekosten vornehmen und Ausbau g\u00fcnstiger Erneuerbarer Energien beschleunigen. Angesichts der Bekanntgabe der Umlage zum\",\"breadcrumb\":{\"@id\":\"https:\/\/www.sonnenseite.com\/de\/politik\/bee-zur-gasumlage\/#breadcrumb\"},\"inLanguage\":\"de\",\"potentialAction\":[{\"@type\":\"ReadAction\",\"target\":[\"https:\/\/www.sonnenseite.com\/de\/politik\/bee-zur-gasumlage\/\"]}]},{\"@type\":\"ImageObject\",\"inLanguage\":\"de\",\"@id\":\"https:\/\/www.sonnenseite.com\/de\/politik\/bee-zur-gasumlage\/#primaryimage\",\"url\":\"https:\/\/www.sonnenseite.com\/wp-content\/uploads\/2022\/08\/Gas-Zaehler_FraukeRiether01.jpg\",\"contentUrl\":\"https:\/\/www.sonnenseite.com\/wp-content\/uploads\/2022\/08\/Gas-Zaehler_FraukeRiether01.jpg\",\"width\":770,\"height\":420,\"caption\":\"pixabay.com | Frauke Riether | Gas-Z\u00e4hler\"},{\"@type\":\"BreadcrumbList\",\"@id\":\"https:\/\/www.sonnenseite.com\/de\/politik\/bee-zur-gasumlage\/#breadcrumb\",\"itemListElement\":[{\"@type\":\"ListItem\",\"position\":1,\"name\":\"Startseite\",\"item\":\"https:\/\/www.sonnenseite.com\/de\/\"},{\"@type\":\"ListItem\",\"position\":2,\"name\":\"BEE zur Gasumlage\"}]},{\"@type\":\"WebSite\",\"@id\":\"https:\/\/www.sonnenseite.com\/de\/#website\",\"url\":\"https:\/\/www.sonnenseite.com\/de\/\",\"name\":\"Sonnenseite\",\"description\":\"\u00d6kologische Kommunikation mit Franz Alt\",\"publisher\":{\"@id\":\"https:\/\/www.sonnenseite.com\/de\/#organization\"},\"potentialAction\":[{\"@type\":\"SearchAction\",\"target\":{\"@type\":\"EntryPoint\",\"urlTemplate\":\"https:\/\/www.sonnenseite.com\/de\/?s={search_term_string}\"},\"query-input\":{\"@type\":\"PropertyValueSpecification\",\"valueRequired\":true,\"valueName\":\"search_term_string\"}}],\"inLanguage\":\"de\"},{\"@type\":\"Organization\",\"@id\":\"https:\/\/www.sonnenseite.com\/de\/#organization\",\"name\":\"Sonnenseite\",\"url\":\"https:\/\/www.sonnenseite.com\/de\/\",\"logo\":{\"@type\":\"ImageObject\",\"inLanguage\":\"de\",\"@id\":\"https:\/\/www.sonnenseite.com\/de\/#\/schema\/logo\/image\/\",\"url\":\"https:\/\/www.sonnenseite.com\/wp-content\/uploads\/2020\/05\/Sonnenseite_Logo.png\",\"contentUrl\":\"https:\/\/www.sonnenseite.com\/wp-content\/uploads\/2020\/05\/Sonnenseite_Logo.png\",\"width\":377,\"height\":90,\"caption\":\"Sonnenseite\"},\"image\":{\"@id\":\"https:\/\/www.sonnenseite.com\/de\/#\/schema\/logo\/image\/\"},\"sameAs\":[\"https:\/\/www.facebook.com\/pages\/Franz-Alt-SONNENSEITECOM\/221072987903953?fref=ts\",\"https:\/\/x.com\/franzalt\",\"http:\/\/www.youtube.com\/results?search_query&amp;amp;quot;franz_alt&amp;amp;quot;&amp;amp;amp;amp;search_type&amp;amp;amp;amp;aq=f\"]},{\"@type\":\"Person\",\"@id\":\"https:\/\/www.sonnenseite.com\/de\/#\/schema\/person\/50fda0e926597684c7cc6695238a4eb9\",\"name\":\"Bigi Alt\"}]}<\/script>\n<!-- \/ Yoast SEO plugin. -->","yoast_head_json":{"title":"BEE zur Gasumlage - Sonnenseite - \u00d6kologische Kommunikation mit Franz Alt","description":"Weitere Senkungen bei Energiekosten vornehmen und Ausbau g\u00fcnstiger Erneuerbarer Energien beschleunigen. Angesichts der Bekanntgabe der Umlage zum","robots":{"index":"index","follow":"follow","max-snippet":"max-snippet:-1","max-image-preview":"max-image-preview:large","max-video-preview":"max-video-preview:-1"},"canonical":"https:\/\/www.sonnenseite.com\/de\/politik\/bee-zur-gasumlage\/","og_locale":"de_DE","og_type":"article","og_title":"BEE zur Gasumlage - Sonnenseite - \u00d6kologische Kommunikation mit Franz Alt","og_description":"Weitere Senkungen bei Energiekosten vornehmen und Ausbau g\u00fcnstiger Erneuerbarer Energien beschleunigen. Angesichts der Bekanntgabe der Umlage zum","og_url":"https:\/\/www.sonnenseite.com\/de\/politik\/bee-zur-gasumlage\/","og_site_name":"Sonnenseite","article_publisher":"https:\/\/www.facebook.com\/pages\/Franz-Alt-SONNENSEITECOM\/221072987903953?fref=ts","article_published_time":"2022-08-15T14:49:44+00:00","article_modified_time":"2022-08-15T18:31:24+00:00","og_image":[{"width":770,"height":420,"url":"https:\/\/www.sonnenseite.com\/wp-content\/uploads\/2022\/08\/Gas-Zaehler_FraukeRiether01.jpg","type":"image\/jpeg"}],"author":"Bigi Alt","twitter_card":"summary_large_image","twitter_creator":"@franzalt","twitter_site":"@franzalt","twitter_misc":{"Verfasst von":"Bigi Alt","Gesch\u00e4tzte Lesezeit":"3\u00a0Minuten"},"schema":{"@context":"https:\/\/schema.org","@graph":[{"@type":"Article","@id":"https:\/\/www.sonnenseite.com\/de\/politik\/bee-zur-gasumlage\/#article","isPartOf":{"@id":"https:\/\/www.sonnenseite.com\/de\/politik\/bee-zur-gasumlage\/"},"author":{"name":"Bigi Alt","@id":"https:\/\/www.sonnenseite.com\/de\/#\/schema\/person\/50fda0e926597684c7cc6695238a4eb9"},"headline":"BEE zur Gasumlage","datePublished":"2022-08-15T14:49:44+00:00","dateModified":"2022-08-15T18:31:24+00:00","mainEntityOfPage":{"@id":"https:\/\/www.sonnenseite.com\/de\/politik\/bee-zur-gasumlage\/"},"wordCount":430,"publisher":{"@id":"https:\/\/www.sonnenseite.com\/de\/#organization"},"image":{"@id":"https:\/\/www.sonnenseite.com\/de\/politik\/bee-zur-gasumlage\/#primaryimage"},"thumbnailUrl":"https:\/\/www.sonnenseite.com\/wp-content\/uploads\/2022\/08\/Gas-Zaehler_FraukeRiether01.jpg","articleSection":["Politik"],"inLanguage":"de"},{"@type":"WebPage","@id":"https:\/\/www.sonnenseite.com\/de\/politik\/bee-zur-gasumlage\/","url":"https:\/\/www.sonnenseite.com\/de\/politik\/bee-zur-gasumlage\/","name":"BEE zur Gasumlage - Sonnenseite - \u00d6kologische Kommunikation mit Franz Alt","isPartOf":{"@id":"https:\/\/www.sonnenseite.com\/de\/#website"},"primaryImageOfPage":{"@id":"https:\/\/www.sonnenseite.com\/de\/politik\/bee-zur-gasumlage\/#primaryimage"},"image":{"@id":"https:\/\/www.sonnenseite.com\/de\/politik\/bee-zur-gasumlage\/#primaryimage"},"thumbnailUrl":"https:\/\/www.sonnenseite.com\/wp-content\/uploads\/2022\/08\/Gas-Zaehler_FraukeRiether01.jpg","datePublished":"2022-08-15T14:49:44+00:00","dateModified":"2022-08-15T18:31:24+00:00","description":"Weitere Senkungen bei Energiekosten vornehmen und Ausbau g\u00fcnstiger Erneuerbarer Energien beschleunigen. Angesichts der Bekanntgabe der Umlage zum","breadcrumb":{"@id":"https:\/\/www.sonnenseite.com\/de\/politik\/bee-zur-gasumlage\/#breadcrumb"},"inLanguage":"de","potentialAction":[{"@type":"ReadAction","target":["https:\/\/www.sonnenseite.com\/de\/politik\/bee-zur-gasumlage\/"]}]},{"@type":"ImageObject","inLanguage":"de","@id":"https:\/\/www.sonnenseite.com\/de\/politik\/bee-zur-gasumlage\/#primaryimage","url":"https:\/\/www.sonnenseite.com\/wp-content\/uploads\/2022\/08\/Gas-Zaehler_FraukeRiether01.jpg","contentUrl":"https:\/\/www.sonnenseite.com\/wp-content\/uploads\/2022\/08\/Gas-Zaehler_FraukeRiether01.jpg","width":770,"height":420,"caption":"pixabay.com | Frauke Riether | Gas-Z\u00e4hler"},{"@type":"BreadcrumbList","@id":"https:\/\/www.sonnenseite.com\/de\/politik\/bee-zur-gasumlage\/#breadcrumb","itemListElement":[{"@type":"ListItem","position":1,"name":"Startseite","item":"https:\/\/www.sonnenseite.com\/de\/"},{"@type":"ListItem","position":2,"name":"BEE zur Gasumlage"}]},{"@type":"WebSite","@id":"https:\/\/www.sonnenseite.com\/de\/#website","url":"https:\/\/www.sonnenseite.com\/de\/","name":"Sonnenseite","description":"\u00d6kologische Kommunikation mit Franz Alt","publisher":{"@id":"https:\/\/www.sonnenseite.com\/de\/#organization"},"potentialAction":[{"@type":"SearchAction","target":{"@type":"EntryPoint","urlTemplate":"https:\/\/www.sonnenseite.com\/de\/?s={search_term_string}"},"query-input":{"@type":"PropertyValueSpecification","valueRequired":true,"valueName":"search_term_string"}}],"inLanguage":"de"},{"@type":"Organization","@id":"https:\/\/www.sonnenseite.com\/de\/#organization","name":"Sonnenseite","url":"https:\/\/www.sonnenseite.com\/de\/","logo":{"@type":"ImageObject","inLanguage":"de","@id":"https:\/\/www.sonnenseite.com\/de\/#\/schema\/logo\/image\/","url":"https:\/\/www.sonnenseite.com\/wp-content\/uploads\/2020\/05\/Sonnenseite_Logo.png","contentUrl":"https:\/\/www.sonnenseite.com\/wp-content\/uploads\/2020\/05\/Sonnenseite_Logo.png","width":377,"height":90,"caption":"Sonnenseite"},"image":{"@id":"https:\/\/www.sonnenseite.com\/de\/#\/schema\/logo\/image\/"},"sameAs":["https:\/\/www.facebook.com\/pages\/Franz-Alt-SONNENSEITECOM\/221072987903953?fref=ts","https:\/\/x.com\/franzalt","http:\/\/www.youtube.com\/results?search_query&amp;amp;quot;franz_alt&amp;amp;quot;&amp;amp;amp;amp;search_type&amp;amp;amp;amp;aq=f"]},{"@type":"Person","@id":"https:\/\/www.sonnenseite.com\/de\/#\/schema\/person\/50fda0e926597684c7cc6695238a4eb9","name":"Bigi Alt"}]}},"_links":{"self":[{"href":"https:\/\/www.sonnenseite.com\/de\/wp-json\/wp\/v2\/posts\/84509","targetHints":{"allow":["GET"]}}],"collection":[{"href":"https:\/\/www.sonnenseite.com\/de\/wp-json\/wp\/v2\/posts"}],"about":[{"href":"https:\/\/www.sonnenseite.com\/de\/wp-json\/wp\/v2\/types\/post"}],"author":[{"embeddable":true,"href":"https:\/\/www.sonnenseite.com\/de\/wp-json\/wp\/v2\/users\/3"}],"replies":[{"embeddable":true,"href":"https:\/\/www.sonnenseite.com\/de\/wp-json\/wp\/v2\/comments?post=84509"}],"version-history":[{"count":2,"href":"https:\/\/www.sonnenseite.com\/de\/wp-json\/wp\/v2\/posts\/84509\/revisions"}],"predecessor-version":[{"id":84527,"href":"https:\/\/www.sonnenseite.com\/de\/wp-json\/wp\/v2\/posts\/84509\/revisions\/84527"}],"wp:featuredmedia":[{"embeddable":true,"href":"https:\/\/www.sonnenseite.com\/de\/wp-json\/wp\/v2\/media\/84511"}],"wp:attachment":[{"href":"https:\/\/www.sonnenseite.com\/de\/wp-json\/wp\/v2\/media?parent=84509"}],"wp:term":[{"taxonomy":"category","embeddable":true,"href":"https:\/\/www.sonnenseite.com\/de\/wp-json\/wp\/v2\/categories?post=84509"},{"taxonomy":"post_tag","embeddable":true,"href":"https:\/\/www.sonnenseite.com\/de\/wp-json\/wp\/v2\/tags?post=84509"}],"curies":[{"name":"wp","href":"https:\/\/api.w.org\/{rel}","templated":true}]}}