{"id":84569,"date":"2022-08-17T03:18:00","date_gmt":"2022-08-17T01:18:00","guid":{"rendered":"https:\/\/www.sonnenseite.com\/?p=84569"},"modified":"2022-08-16T15:18:45","modified_gmt":"2022-08-16T13:18:45","slug":"regierung-muss-jetzt-die-weichen-fuer-den-kohleausstieg-2030-stellen","status":"publish","type":"post","link":"https:\/\/www.sonnenseite.com\/de\/politik\/regierung-muss-jetzt-die-weichen-fuer-den-kohleausstieg-2030-stellen\/","title":{"rendered":"Regierung muss jetzt die Weichen f\u00fcr den Kohleausstieg 2030 stellen"},"content":{"rendered":"\n<p>ClientEarth Kurzstudie zeigt wie<\/p>\n\n\n\n<p>Damit der Kohleausstieg, wie im Koalitionsvertrag vereinbart, auf 2030 vorgezogen werden kann, muss die Bundesregierung bereits jetzt Ma\u00dfnahmen ergreifen. Das Vertrauen auf einen rein marktgetriebenen Ausstieg bis 2030 wird angesichts hoher Strompreise immer fragw\u00fcrdiger. ClientEarth hat daher <a href=\"https:\/\/www.clientearth.de\/aktuelles\/ressourcen\/briefing-kohleausstieg-2030\/\">eine Kurzstudie ver\u00f6ffentlicht<\/a>, in der die rechtlichen M\u00f6glichkeiten eines vorgezogenen Ausstiegs aufgezeigt werden.<\/p>\n\n\n\n<p>\u201eDie aktuellen Hitzewellen, D\u00fcrren und Waldbr\u00e4nde haben wieder einmal verdeutlicht, dass die Klimakrise nicht wartet und die Zeit f\u00fcr eine Energiewende in jeder Hinsicht dr\u00e4ngt&#8220;, mahnt Francesca Mascha Klein, Juristin bei ClientEarth &#8211; Anw\u00e4lte der Erde. \u201cBereits stillgelegte Kohlemeiler werden jetzt wieder angeworfen, weil die Vorg\u00e4ngerregierungen den Ausbau der Erneuerbaren nicht ausreichend vorangebracht und stattdessen auf den fossilen Energietr\u00e4ger Gas gesetzt haben. Das hat negative Auswirkungen auf Umwelt, Klima, Gesundheit und den Strompreis. Umso dringender ist es daher, dass die jetzige Bundesregierung das Ziel eines beschleunigten Ausstiegs Deutschlands aus der Kohle nicht aus den Augen verliert und daf\u00fcr jetzt schon Rechts- und Planungssicherheit schafft.\u201d<\/p>\n\n\n\n<p>\u201cMit Blick auf die derzeit hohen Gas- und Strompreise w\u00e4re es fahrl\u00e4ssig, sich f\u00fcr den Kohleausstieg bis 2030 allein auf den Markt zu verlassen. Die Bundesregierung muss jetzt die im Kohlegesetz vorgesehenen M\u00f6glichkeiten f\u00fcr die vorzeitige Stilllegung bis 2035 voll aussch\u00f6pfen und den Prozess f\u00fcr den Ausstieg bis 2030 einleiten. Dabei sollte sie die gesetzliche sowie vertragliche Verankerung ernsthaft in Betracht ziehen&#8220;, so Klein weiter.<\/p>\n\n\n\n<p>Damit Deutschland sich an die Ziele des Pariser Klimaabkommens halten kann, hatten sich Regierungsparteien im Koalitionsvertrag auf einen Kohleausstieg bis 2030 \u2013 anstelle des bislang gesetzlich vorgesehenen Zieldatums 2038 \u2013 geeinigt. Die am 15. August 2022 anstehende \u00dcberpr\u00fcfung im Rahmen des Gesetzes zur Beendigung der Kohleverstromung w\u00e4re der passende Anlass daf\u00fcr, dass die Regierung bekannt gibt, wie ihre Strategie f\u00fcr das Vorziehen des Ausstiegsdatums aussieht und welche Ma\u00dfnahmen vorgesehen sind.<\/p>\n\n\n\n<p>Eine rechtliche Kurzstudie der Umweltrechtsorganisation ClientEarth zeigt nun die M\u00f6glichkeiten f\u00fcr einen beschleunigten Kohleausstieg auf. Demnach w\u00e4re ein Vorziehen des Steinkohleausstiegs auf 2030 ohne zus\u00e4tzliche Kosten f\u00fcr den Staat m\u00f6glich. Bei Braunkohle besteht hingegen das Risiko, dass die Betreiber als Resultat von Verhandlungen zus\u00e4tzliche Entsch\u00e4digungen erhalten.<\/p>\n\n\n\n<p>F\u00fcr die Verhandlungsposition der Bundesregierung wird von Bedeutung sein, inwieweit die gesetzlichen Fristen f\u00fcr das entsch\u00e4digungslose Vorziehen nach dem derzeitigen Ausstiegsgesetz bereits verstrichen sind, wie die demn\u00e4chst anstehende Entscheidung der Europ\u00e4ischen Kommission im <a href=\"https:\/\/www.clientearth.de\/aktuelles\/aktuelle-news\/schlechte-aussichten-fur-braunkohlebetreiber-eu-kommission-stellt-entschadigungszahlungen-in-frage\/\">&nbsp;<\/a> ausf\u00e4llt, aber auch wie sich die Energiekrise und der Ausbau der erneuerbaren Energien in Deutschland entwickelt.<\/p>\n\n\n\n<ul class=\"wp-block-list\"><li>Kurzstudie: <a href=\"https:\/\/www.clientearth.de\/media\/4kljl5nt\/2022-08-15-clientearth-briefing-kohleausstieg-2030.pdf\">Kohleausstieg 2030 &#8211; Rechtliche M\u00f6glichkeiten f\u00fcr das Vorziehen der Stilllegungen von Braun- und Steinkohlekraftwerken (pdf)<\/a><\/li><\/ul>\n\n\n<h5 class=\"green\">Quelle<\/h5>\r\n\n\n\n<p><a href=\"https:\/\/www.clientearth.de\/aktuelles\/pressemitteilungen\/kurzstudie-regierung-muss-jetzt-die-weichen-fur-den-kohleausstieg-2030-stellen\/\">ClientEarth 2022<\/a> | ClientEarth \u2013 Anw\u00e4lte der Erde ist eine Nichtregierungsorganisation, die das Recht nutzt um die Erde und ihre Bewohner*innen zu sch\u00fctzen.<\/p>\n<div class=\"shariff shariff-align-flex-start shariff-widget-align-flex-start\"><div class=\"ShariffHeadline\">Diese Meldung teilen<\/div><ul class=\"shariff-buttons theme-round orientation-horizontal buttonsize-medium\"><li class=\"shariff-button facebook shariff-nocustomcolor\" style=\"background-color:#4273c8;border-radius:1%\"><a href=\"https:\/\/www.facebook.com\/sharer\/sharer.php?u=https%3A%2F%2Fwww.sonnenseite.com%2Fde%2Fpolitik%2Fregierung-muss-jetzt-die-weichen-fuer-den-kohleausstieg-2030-stellen%2F\" title=\"Bei Facebook teilen\" aria-label=\"Bei Facebook teilen\" role=\"button\" rel=\"nofollow\" class=\"shariff-link\" style=\";border-radius:1%; background-color:#3b5998; color:#fff\" target=\"_blank\"><span class=\"shariff-icon\" style=\"\"><svg width=\"32px\" height=\"20px\" xmlns=\"http:\/\/www.w3.org\/2000\/svg\" viewBox=\"0 0 18 32\"><path fill=\"#3b5998\" d=\"M17.1 0.2v4.7h-2.8q-1.5 0-2.1 0.6t-0.5 1.9v3.4h5.2l-0.7 5.3h-4.5v13.6h-5.5v-13.6h-4.5v-5.3h4.5v-3.9q0-3.3 1.9-5.2t5-1.8q2.6 0 4.1 0.2z\"\/><\/svg><\/span><\/a><\/li><li class=\"shariff-button twitter shariff-nocustomcolor\" style=\"background-color:#595959;border-radius:1%\"><a href=\"https:\/\/twitter.com\/share?url=https%3A%2F%2Fwww.sonnenseite.com%2Fde%2Fpolitik%2Fregierung-muss-jetzt-die-weichen-fuer-den-kohleausstieg-2030-stellen%2F&text=Regierung%20muss%20jetzt%20die%20Weichen%20f%C3%BCr%20den%20Kohleausstieg%202030%20stellen\" title=\"Bei X teilen\" aria-label=\"Bei X teilen\" role=\"button\" rel=\"noopener nofollow\" class=\"shariff-link\" style=\";border-radius:1%; background-color:#000; color:#fff\" target=\"_blank\"><span class=\"shariff-icon\" style=\"\"><svg width=\"32px\" height=\"20px\" xmlns=\"http:\/\/www.w3.org\/2000\/svg\" viewBox=\"0 0 24 24\"><path fill=\"#000\" d=\"M14.258 10.152L23.176 0h-2.113l-7.747 8.813L7.133 0H0l9.352 13.328L0 23.973h2.113l8.176-9.309 6.531 9.309h7.133zm-2.895 3.293l-.949-1.328L2.875 1.56h3.246l6.086 8.523.945 1.328 7.91 11.078h-3.246zm0 0\"\/><\/svg><\/span><\/a><\/li><li class=\"shariff-button xing shariff-nocustomcolor\" style=\"background-color:#29888a;border-radius:1%\"><a href=\"https:\/\/www.xing.com\/spi\/shares\/new?url=https%3A%2F%2Fwww.sonnenseite.com%2Fde%2Fpolitik%2Fregierung-muss-jetzt-die-weichen-fuer-den-kohleausstieg-2030-stellen%2F\" title=\"Bei XING teilen\" aria-label=\"Bei XING teilen\" role=\"button\" rel=\"noopener nofollow\" class=\"shariff-link\" style=\";border-radius:1%; background-color:#126567; color:#fff\" target=\"_blank\"><span class=\"shariff-icon\" style=\"\"><svg width=\"32px\" height=\"20px\" xmlns=\"http:\/\/www.w3.org\/2000\/svg\" viewBox=\"0 0 25 32\"><path fill=\"#126567\" d=\"M10.7 11.9q-0.2 0.3-4.6 8.2-0.5 0.8-1.2 0.8h-4.3q-0.4 0-0.5-0.3t0-0.6l4.5-8q0 0 0 0l-2.9-5q-0.2-0.4 0-0.7 0.2-0.3 0.5-0.3h4.3q0.7 0 1.2 0.8zM25.1 0.4q0.2 0.3 0 0.7l-9.4 16.7 6 11q0.2 0.4 0 0.6-0.2 0.3-0.6 0.3h-4.3q-0.7 0-1.2-0.8l-6-11.1q0.3-0.6 9.5-16.8 0.4-0.8 1.2-0.8h4.3q0.4 0 0.5 0.3z\"\/><\/svg><\/span><\/a><\/li><li class=\"shariff-button linkedin shariff-nocustomcolor\" style=\"background-color:#1488bf;border-radius:1%\"><a href=\"https:\/\/www.linkedin.com\/sharing\/share-offsite\/?url=https%3A%2F%2Fwww.sonnenseite.com%2Fde%2Fpolitik%2Fregierung-muss-jetzt-die-weichen-fuer-den-kohleausstieg-2030-stellen%2F\" title=\"Bei LinkedIn teilen\" aria-label=\"Bei LinkedIn teilen\" role=\"button\" rel=\"noopener nofollow\" class=\"shariff-link\" style=\";border-radius:1%; background-color:#0077b5; color:#fff\" target=\"_blank\"><span class=\"shariff-icon\" style=\"\"><svg width=\"32px\" height=\"20px\" xmlns=\"http:\/\/www.w3.org\/2000\/svg\" viewBox=\"0 0 27 32\"><path fill=\"#0077b5\" d=\"M6.2 11.2v17.7h-5.9v-17.7h5.9zM6.6 5.7q0 1.3-0.9 2.2t-2.4 0.9h0q-1.5 0-2.4-0.9t-0.9-2.2 0.9-2.2 2.4-0.9 2.4 0.9 0.9 2.2zM27.4 18.7v10.1h-5.9v-9.5q0-1.9-0.7-2.9t-2.3-1.1q-1.1 0-1.9 0.6t-1.2 1.5q-0.2 0.5-0.2 1.4v9.9h-5.9q0-7.1 0-11.6t0-5.3l0-0.9h5.9v2.6h0q0.4-0.6 0.7-1t1-0.9 1.6-0.8 2-0.3q3 0 4.9 2t1.9 6z\"\/><\/svg><\/span><\/a><\/li><li class=\"shariff-button printer shariff-nocustomcolor\" style=\"background-color:#a8a8a8;border-radius:1%\"><a href=\"javascript:window.print()\" title=\"drucken\" aria-label=\"drucken\" role=\"button\" rel=\"noopener nofollow\" class=\"shariff-link\" style=\";border-radius:1%; background-color:#999; color:#fff\"><span class=\"shariff-icon\" style=\"\"><svg width=\"32px\" height=\"20px\" xmlns=\"http:\/\/www.w3.org\/2000\/svg\" viewBox=\"0 0 30 32\"><path fill=\"#999\" d=\"M6.8 27.4h16v-4.6h-16v4.6zM6.8 16h16v-6.8h-2.8q-0.7 0-1.2-0.5t-0.5-1.2v-2.8h-11.4v11.4zM27.4 17.2q0-0.5-0.3-0.8t-0.8-0.4-0.8 0.4-0.3 0.8 0.3 0.8 0.8 0.3 0.8-0.3 0.3-0.8zM29.7 17.2v7.4q0 0.2-0.2 0.4t-0.4 0.2h-4v2.8q0 0.7-0.5 1.2t-1.2 0.5h-17.2q-0.7 0-1.2-0.5t-0.5-1.2v-2.8h-4q-0.2 0-0.4-0.2t-0.2-0.4v-7.4q0-1.4 1-2.4t2.4-1h1.2v-9.7q0-0.7 0.5-1.2t1.2-0.5h12q0.7 0 1.6 0.4t1.3 0.8l2.7 2.7q0.5 0.5 0.9 1.4t0.4 1.6v4.6h1.1q1.4 0 2.4 1t1 2.4z\"\/><\/svg><\/span><\/a><\/li><li class=\"shariff-button mailto shariff-nocustomcolor\" style=\"background-color:#a8a8a8;border-radius:1%\"><a href=\"mailto:?body=https%3A%2F%2Fwww.sonnenseite.com%2Fde%2Fpolitik%2Fregierung-muss-jetzt-die-weichen-fuer-den-kohleausstieg-2030-stellen%2F&subject=Regierung%20muss%20jetzt%20die%20Weichen%20f%C3%BCr%20den%20Kohleausstieg%202030%20stellen\" title=\"Per E-Mail versenden\" aria-label=\"Per E-Mail versenden\" role=\"button\" rel=\"noopener nofollow\" class=\"shariff-link\" style=\";border-radius:1%; background-color:#999; color:#fff\"><span class=\"shariff-icon\" style=\"\"><svg width=\"32px\" height=\"20px\" xmlns=\"http:\/\/www.w3.org\/2000\/svg\" viewBox=\"0 0 32 32\"><path fill=\"#999\" d=\"M32 12.7v14.2q0 1.2-0.8 2t-2 0.9h-26.3q-1.2 0-2-0.9t-0.8-2v-14.2q0.8 0.9 1.8 1.6 6.5 4.4 8.9 6.1 1 0.8 1.6 1.2t1.7 0.9 2 0.4h0.1q0.9 0 2-0.4t1.7-0.9 1.6-1.2q3-2.2 8.9-6.1 1-0.7 1.8-1.6zM32 7.4q0 1.4-0.9 2.7t-2.2 2.2q-6.7 4.7-8.4 5.8-0.2 0.1-0.7 0.5t-1 0.7-0.9 0.6-1.1 0.5-0.9 0.2h-0.1q-0.4 0-0.9-0.2t-1.1-0.5-0.9-0.6-1-0.7-0.7-0.5q-1.6-1.1-4.7-3.2t-3.6-2.6q-1.1-0.7-2.1-2t-1-2.5q0-1.4 0.7-2.3t2.1-0.9h26.3q1.2 0 2 0.8t0.9 2z\"\/><\/svg><\/span><\/a><\/li><\/ul><\/div>","protected":false},"excerpt":{"rendered":"<p>ClientEarth Kurzstudie zeigt wie Damit der Kohleausstieg, wie im Koalitionsvertrag vereinbart, auf 2030 vorgezogen werden kann, [&hellip;]<\/p>\n","protected":false},"author":3,"featured_media":60009,"comment_status":"closed","ping_status":"closed","sticky":false,"template":"","format":"standard","meta":{"inline_featured_image":false,"footnotes":""},"categories":[21],"tags":[],"class_list":["post-84569","post","type-post","status-publish","format-standard","has-post-thumbnail","hentry","category-politik"],"yoast_head":"<!-- This site is optimized with the Yoast SEO plugin v26.5 - https:\/\/yoast.com\/wordpress\/plugins\/seo\/ -->\n<title>Regierung muss jetzt die Weichen f\u00fcr den Kohleausstieg 2030 stellen - Sonnenseite - \u00d6kologische Kommunikation mit Franz Alt<\/title>\n<meta name=\"description\" content=\"ClientEarth Kurzstudie zeigt wie Damit der Kohleausstieg, wie im Koalitionsvertrag vereinbart, auf 2030 vorgezogen werden kann, muss die Bundesregierung\" \/>\n<meta name=\"robots\" content=\"index, follow, max-snippet:-1, max-image-preview:large, max-video-preview:-1\" \/>\n<link rel=\"canonical\" href=\"https:\/\/www.sonnenseite.com\/de\/politik\/regierung-muss-jetzt-die-weichen-fuer-den-kohleausstieg-2030-stellen\/\" \/>\n<meta property=\"og:locale\" content=\"de_DE\" \/>\n<meta property=\"og:type\" content=\"article\" \/>\n<meta property=\"og:title\" content=\"Regierung muss jetzt die Weichen f\u00fcr den Kohleausstieg 2030 stellen - Sonnenseite - \u00d6kologische Kommunikation mit Franz Alt\" \/>\n<meta property=\"og:description\" content=\"ClientEarth Kurzstudie zeigt wie Damit der Kohleausstieg, wie im Koalitionsvertrag vereinbart, auf 2030 vorgezogen werden kann, muss die Bundesregierung\" \/>\n<meta property=\"og:url\" content=\"https:\/\/www.sonnenseite.com\/de\/politik\/regierung-muss-jetzt-die-weichen-fuer-den-kohleausstieg-2030-stellen\/\" \/>\n<meta property=\"og:site_name\" content=\"Sonnenseite\" \/>\n<meta property=\"article:publisher\" content=\"https:\/\/www.facebook.com\/pages\/Franz-Alt-SONNENSEITECOM\/221072987903953?fref=ts\" \/>\n<meta property=\"article:published_time\" content=\"2022-08-17T01:18:00+00:00\" \/>\n<meta property=\"og:image\" content=\"https:\/\/www.sonnenseite.com\/wp-content\/uploads\/2020\/07\/kohlekraftwerk_illu.jpg\" \/>\n\t<meta property=\"og:image:width\" content=\"770\" \/>\n\t<meta property=\"og:image:height\" content=\"420\" \/>\n\t<meta property=\"og:image:type\" content=\"image\/jpeg\" \/>\n<meta name=\"author\" content=\"Bigi Alt\" \/>\n<meta name=\"twitter:card\" content=\"summary_large_image\" \/>\n<meta name=\"twitter:creator\" content=\"@franzalt\" \/>\n<meta name=\"twitter:site\" content=\"@franzalt\" \/>\n<meta name=\"twitter:label1\" content=\"Verfasst von\" \/>\n\t<meta name=\"twitter:data1\" content=\"Bigi Alt\" \/>\n\t<meta name=\"twitter:label2\" content=\"Gesch\u00e4tzte Lesezeit\" \/>\n\t<meta name=\"twitter:data2\" content=\"3\u00a0Minuten\" \/>\n<script type=\"application\/ld+json\" class=\"yoast-schema-graph\">{\"@context\":\"https:\/\/schema.org\",\"@graph\":[{\"@type\":\"Article\",\"@id\":\"https:\/\/www.sonnenseite.com\/de\/politik\/regierung-muss-jetzt-die-weichen-fuer-den-kohleausstieg-2030-stellen\/#article\",\"isPartOf\":{\"@id\":\"https:\/\/www.sonnenseite.com\/de\/politik\/regierung-muss-jetzt-die-weichen-fuer-den-kohleausstieg-2030-stellen\/\"},\"author\":{\"name\":\"Bigi Alt\",\"@id\":\"https:\/\/www.sonnenseite.com\/de\/#\/schema\/person\/50fda0e926597684c7cc6695238a4eb9\"},\"headline\":\"Regierung muss jetzt die Weichen f\u00fcr den Kohleausstieg 2030 stellen\",\"datePublished\":\"2022-08-17T01:18:00+00:00\",\"mainEntityOfPage\":{\"@id\":\"https:\/\/www.sonnenseite.com\/de\/politik\/regierung-muss-jetzt-die-weichen-fuer-den-kohleausstieg-2030-stellen\/\"},\"wordCount\":465,\"publisher\":{\"@id\":\"https:\/\/www.sonnenseite.com\/de\/#organization\"},\"image\":{\"@id\":\"https:\/\/www.sonnenseite.com\/de\/politik\/regierung-muss-jetzt-die-weichen-fuer-den-kohleausstieg-2030-stellen\/#primaryimage\"},\"thumbnailUrl\":\"https:\/\/www.sonnenseite.com\/wp-content\/uploads\/2020\/07\/kohlekraftwerk_illu.jpg\",\"articleSection\":[\"Politik\"],\"inLanguage\":\"de\"},{\"@type\":\"WebPage\",\"@id\":\"https:\/\/www.sonnenseite.com\/de\/politik\/regierung-muss-jetzt-die-weichen-fuer-den-kohleausstieg-2030-stellen\/\",\"url\":\"https:\/\/www.sonnenseite.com\/de\/politik\/regierung-muss-jetzt-die-weichen-fuer-den-kohleausstieg-2030-stellen\/\",\"name\":\"Regierung muss jetzt die Weichen f\u00fcr den Kohleausstieg 2030 stellen - Sonnenseite - \u00d6kologische Kommunikation mit Franz Alt\",\"isPartOf\":{\"@id\":\"https:\/\/www.sonnenseite.com\/de\/#website\"},\"primaryImageOfPage\":{\"@id\":\"https:\/\/www.sonnenseite.com\/de\/politik\/regierung-muss-jetzt-die-weichen-fuer-den-kohleausstieg-2030-stellen\/#primaryimage\"},\"image\":{\"@id\":\"https:\/\/www.sonnenseite.com\/de\/politik\/regierung-muss-jetzt-die-weichen-fuer-den-kohleausstieg-2030-stellen\/#primaryimage\"},\"thumbnailUrl\":\"https:\/\/www.sonnenseite.com\/wp-content\/uploads\/2020\/07\/kohlekraftwerk_illu.jpg\",\"datePublished\":\"2022-08-17T01:18:00+00:00\",\"description\":\"ClientEarth Kurzstudie zeigt wie Damit der Kohleausstieg, wie im Koalitionsvertrag vereinbart, auf 2030 vorgezogen werden kann, muss die Bundesregierung\",\"breadcrumb\":{\"@id\":\"https:\/\/www.sonnenseite.com\/de\/politik\/regierung-muss-jetzt-die-weichen-fuer-den-kohleausstieg-2030-stellen\/#breadcrumb\"},\"inLanguage\":\"de\",\"potentialAction\":[{\"@type\":\"ReadAction\",\"target\":[\"https:\/\/www.sonnenseite.com\/de\/politik\/regierung-muss-jetzt-die-weichen-fuer-den-kohleausstieg-2030-stellen\/\"]}]},{\"@type\":\"ImageObject\",\"inLanguage\":\"de\",\"@id\":\"https:\/\/www.sonnenseite.com\/de\/politik\/regierung-muss-jetzt-die-weichen-fuer-den-kohleausstieg-2030-stellen\/#primaryimage\",\"url\":\"https:\/\/www.sonnenseite.com\/wp-content\/uploads\/2020\/07\/kohlekraftwerk_illu.jpg\",\"contentUrl\":\"https:\/\/www.sonnenseite.com\/wp-content\/uploads\/2020\/07\/kohlekraftwerk_illu.jpg\",\"width\":770,\"height\":420,\"caption\":\"bigstock | illu\"},{\"@type\":\"BreadcrumbList\",\"@id\":\"https:\/\/www.sonnenseite.com\/de\/politik\/regierung-muss-jetzt-die-weichen-fuer-den-kohleausstieg-2030-stellen\/#breadcrumb\",\"itemListElement\":[{\"@type\":\"ListItem\",\"position\":1,\"name\":\"Startseite\",\"item\":\"https:\/\/www.sonnenseite.com\/de\/\"},{\"@type\":\"ListItem\",\"position\":2,\"name\":\"Regierung muss jetzt die Weichen f\u00fcr den Kohleausstieg 2030 stellen\"}]},{\"@type\":\"WebSite\",\"@id\":\"https:\/\/www.sonnenseite.com\/de\/#website\",\"url\":\"https:\/\/www.sonnenseite.com\/de\/\",\"name\":\"Sonnenseite\",\"description\":\"\u00d6kologische Kommunikation mit Franz Alt\",\"publisher\":{\"@id\":\"https:\/\/www.sonnenseite.com\/de\/#organization\"},\"potentialAction\":[{\"@type\":\"SearchAction\",\"target\":{\"@type\":\"EntryPoint\",\"urlTemplate\":\"https:\/\/www.sonnenseite.com\/de\/?s={search_term_string}\"},\"query-input\":{\"@type\":\"PropertyValueSpecification\",\"valueRequired\":true,\"valueName\":\"search_term_string\"}}],\"inLanguage\":\"de\"},{\"@type\":\"Organization\",\"@id\":\"https:\/\/www.sonnenseite.com\/de\/#organization\",\"name\":\"Sonnenseite\",\"url\":\"https:\/\/www.sonnenseite.com\/de\/\",\"logo\":{\"@type\":\"ImageObject\",\"inLanguage\":\"de\",\"@id\":\"https:\/\/www.sonnenseite.com\/de\/#\/schema\/logo\/image\/\",\"url\":\"https:\/\/www.sonnenseite.com\/wp-content\/uploads\/2020\/05\/Sonnenseite_Logo.png\",\"contentUrl\":\"https:\/\/www.sonnenseite.com\/wp-content\/uploads\/2020\/05\/Sonnenseite_Logo.png\",\"width\":377,\"height\":90,\"caption\":\"Sonnenseite\"},\"image\":{\"@id\":\"https:\/\/www.sonnenseite.com\/de\/#\/schema\/logo\/image\/\"},\"sameAs\":[\"https:\/\/www.facebook.com\/pages\/Franz-Alt-SONNENSEITECOM\/221072987903953?fref=ts\",\"https:\/\/x.com\/franzalt\",\"http:\/\/www.youtube.com\/results?search_query&amp;amp;quot;franz_alt&amp;amp;quot;&amp;amp;amp;amp;search_type&amp;amp;amp;amp;aq=f\"]},{\"@type\":\"Person\",\"@id\":\"https:\/\/www.sonnenseite.com\/de\/#\/schema\/person\/50fda0e926597684c7cc6695238a4eb9\",\"name\":\"Bigi Alt\"}]}<\/script>\n<!-- \/ Yoast SEO plugin. -->","yoast_head_json":{"title":"Regierung muss jetzt die Weichen f\u00fcr den Kohleausstieg 2030 stellen - Sonnenseite - \u00d6kologische Kommunikation mit Franz Alt","description":"ClientEarth Kurzstudie zeigt wie Damit der Kohleausstieg, wie im Koalitionsvertrag vereinbart, auf 2030 vorgezogen werden kann, muss die Bundesregierung","robots":{"index":"index","follow":"follow","max-snippet":"max-snippet:-1","max-image-preview":"max-image-preview:large","max-video-preview":"max-video-preview:-1"},"canonical":"https:\/\/www.sonnenseite.com\/de\/politik\/regierung-muss-jetzt-die-weichen-fuer-den-kohleausstieg-2030-stellen\/","og_locale":"de_DE","og_type":"article","og_title":"Regierung muss jetzt die Weichen f\u00fcr den Kohleausstieg 2030 stellen - Sonnenseite - \u00d6kologische Kommunikation mit Franz Alt","og_description":"ClientEarth Kurzstudie zeigt wie Damit der Kohleausstieg, wie im Koalitionsvertrag vereinbart, auf 2030 vorgezogen werden kann, muss die Bundesregierung","og_url":"https:\/\/www.sonnenseite.com\/de\/politik\/regierung-muss-jetzt-die-weichen-fuer-den-kohleausstieg-2030-stellen\/","og_site_name":"Sonnenseite","article_publisher":"https:\/\/www.facebook.com\/pages\/Franz-Alt-SONNENSEITECOM\/221072987903953?fref=ts","article_published_time":"2022-08-17T01:18:00+00:00","og_image":[{"width":770,"height":420,"url":"https:\/\/www.sonnenseite.com\/wp-content\/uploads\/2020\/07\/kohlekraftwerk_illu.jpg","type":"image\/jpeg"}],"author":"Bigi Alt","twitter_card":"summary_large_image","twitter_creator":"@franzalt","twitter_site":"@franzalt","twitter_misc":{"Verfasst von":"Bigi Alt","Gesch\u00e4tzte Lesezeit":"3\u00a0Minuten"},"schema":{"@context":"https:\/\/schema.org","@graph":[{"@type":"Article","@id":"https:\/\/www.sonnenseite.com\/de\/politik\/regierung-muss-jetzt-die-weichen-fuer-den-kohleausstieg-2030-stellen\/#article","isPartOf":{"@id":"https:\/\/www.sonnenseite.com\/de\/politik\/regierung-muss-jetzt-die-weichen-fuer-den-kohleausstieg-2030-stellen\/"},"author":{"name":"Bigi Alt","@id":"https:\/\/www.sonnenseite.com\/de\/#\/schema\/person\/50fda0e926597684c7cc6695238a4eb9"},"headline":"Regierung muss jetzt die Weichen f\u00fcr den Kohleausstieg 2030 stellen","datePublished":"2022-08-17T01:18:00+00:00","mainEntityOfPage":{"@id":"https:\/\/www.sonnenseite.com\/de\/politik\/regierung-muss-jetzt-die-weichen-fuer-den-kohleausstieg-2030-stellen\/"},"wordCount":465,"publisher":{"@id":"https:\/\/www.sonnenseite.com\/de\/#organization"},"image":{"@id":"https:\/\/www.sonnenseite.com\/de\/politik\/regierung-muss-jetzt-die-weichen-fuer-den-kohleausstieg-2030-stellen\/#primaryimage"},"thumbnailUrl":"https:\/\/www.sonnenseite.com\/wp-content\/uploads\/2020\/07\/kohlekraftwerk_illu.jpg","articleSection":["Politik"],"inLanguage":"de"},{"@type":"WebPage","@id":"https:\/\/www.sonnenseite.com\/de\/politik\/regierung-muss-jetzt-die-weichen-fuer-den-kohleausstieg-2030-stellen\/","url":"https:\/\/www.sonnenseite.com\/de\/politik\/regierung-muss-jetzt-die-weichen-fuer-den-kohleausstieg-2030-stellen\/","name":"Regierung muss jetzt die Weichen f\u00fcr den Kohleausstieg 2030 stellen - Sonnenseite - \u00d6kologische Kommunikation mit Franz Alt","isPartOf":{"@id":"https:\/\/www.sonnenseite.com\/de\/#website"},"primaryImageOfPage":{"@id":"https:\/\/www.sonnenseite.com\/de\/politik\/regierung-muss-jetzt-die-weichen-fuer-den-kohleausstieg-2030-stellen\/#primaryimage"},"image":{"@id":"https:\/\/www.sonnenseite.com\/de\/politik\/regierung-muss-jetzt-die-weichen-fuer-den-kohleausstieg-2030-stellen\/#primaryimage"},"thumbnailUrl":"https:\/\/www.sonnenseite.com\/wp-content\/uploads\/2020\/07\/kohlekraftwerk_illu.jpg","datePublished":"2022-08-17T01:18:00+00:00","description":"ClientEarth Kurzstudie zeigt wie Damit der Kohleausstieg, wie im Koalitionsvertrag vereinbart, auf 2030 vorgezogen werden kann, muss die Bundesregierung","breadcrumb":{"@id":"https:\/\/www.sonnenseite.com\/de\/politik\/regierung-muss-jetzt-die-weichen-fuer-den-kohleausstieg-2030-stellen\/#breadcrumb"},"inLanguage":"de","potentialAction":[{"@type":"ReadAction","target":["https:\/\/www.sonnenseite.com\/de\/politik\/regierung-muss-jetzt-die-weichen-fuer-den-kohleausstieg-2030-stellen\/"]}]},{"@type":"ImageObject","inLanguage":"de","@id":"https:\/\/www.sonnenseite.com\/de\/politik\/regierung-muss-jetzt-die-weichen-fuer-den-kohleausstieg-2030-stellen\/#primaryimage","url":"https:\/\/www.sonnenseite.com\/wp-content\/uploads\/2020\/07\/kohlekraftwerk_illu.jpg","contentUrl":"https:\/\/www.sonnenseite.com\/wp-content\/uploads\/2020\/07\/kohlekraftwerk_illu.jpg","width":770,"height":420,"caption":"bigstock | illu"},{"@type":"BreadcrumbList","@id":"https:\/\/www.sonnenseite.com\/de\/politik\/regierung-muss-jetzt-die-weichen-fuer-den-kohleausstieg-2030-stellen\/#breadcrumb","itemListElement":[{"@type":"ListItem","position":1,"name":"Startseite","item":"https:\/\/www.sonnenseite.com\/de\/"},{"@type":"ListItem","position":2,"name":"Regierung muss jetzt die Weichen f\u00fcr den Kohleausstieg 2030 stellen"}]},{"@type":"WebSite","@id":"https:\/\/www.sonnenseite.com\/de\/#website","url":"https:\/\/www.sonnenseite.com\/de\/","name":"Sonnenseite","description":"\u00d6kologische Kommunikation mit Franz Alt","publisher":{"@id":"https:\/\/www.sonnenseite.com\/de\/#organization"},"potentialAction":[{"@type":"SearchAction","target":{"@type":"EntryPoint","urlTemplate":"https:\/\/www.sonnenseite.com\/de\/?s={search_term_string}"},"query-input":{"@type":"PropertyValueSpecification","valueRequired":true,"valueName":"search_term_string"}}],"inLanguage":"de"},{"@type":"Organization","@id":"https:\/\/www.sonnenseite.com\/de\/#organization","name":"Sonnenseite","url":"https:\/\/www.sonnenseite.com\/de\/","logo":{"@type":"ImageObject","inLanguage":"de","@id":"https:\/\/www.sonnenseite.com\/de\/#\/schema\/logo\/image\/","url":"https:\/\/www.sonnenseite.com\/wp-content\/uploads\/2020\/05\/Sonnenseite_Logo.png","contentUrl":"https:\/\/www.sonnenseite.com\/wp-content\/uploads\/2020\/05\/Sonnenseite_Logo.png","width":377,"height":90,"caption":"Sonnenseite"},"image":{"@id":"https:\/\/www.sonnenseite.com\/de\/#\/schema\/logo\/image\/"},"sameAs":["https:\/\/www.facebook.com\/pages\/Franz-Alt-SONNENSEITECOM\/221072987903953?fref=ts","https:\/\/x.com\/franzalt","http:\/\/www.youtube.com\/results?search_query&amp;amp;quot;franz_alt&amp;amp;quot;&amp;amp;amp;amp;search_type&amp;amp;amp;amp;aq=f"]},{"@type":"Person","@id":"https:\/\/www.sonnenseite.com\/de\/#\/schema\/person\/50fda0e926597684c7cc6695238a4eb9","name":"Bigi Alt"}]}},"_links":{"self":[{"href":"https:\/\/www.sonnenseite.com\/de\/wp-json\/wp\/v2\/posts\/84569","targetHints":{"allow":["GET"]}}],"collection":[{"href":"https:\/\/www.sonnenseite.com\/de\/wp-json\/wp\/v2\/posts"}],"about":[{"href":"https:\/\/www.sonnenseite.com\/de\/wp-json\/wp\/v2\/types\/post"}],"author":[{"embeddable":true,"href":"https:\/\/www.sonnenseite.com\/de\/wp-json\/wp\/v2\/users\/3"}],"replies":[{"embeddable":true,"href":"https:\/\/www.sonnenseite.com\/de\/wp-json\/wp\/v2\/comments?post=84569"}],"version-history":[{"count":3,"href":"https:\/\/www.sonnenseite.com\/de\/wp-json\/wp\/v2\/posts\/84569\/revisions"}],"predecessor-version":[{"id":84572,"href":"https:\/\/www.sonnenseite.com\/de\/wp-json\/wp\/v2\/posts\/84569\/revisions\/84572"}],"wp:featuredmedia":[{"embeddable":true,"href":"https:\/\/www.sonnenseite.com\/de\/wp-json\/wp\/v2\/media\/60009"}],"wp:attachment":[{"href":"https:\/\/www.sonnenseite.com\/de\/wp-json\/wp\/v2\/media?parent=84569"}],"wp:term":[{"taxonomy":"category","embeddable":true,"href":"https:\/\/www.sonnenseite.com\/de\/wp-json\/wp\/v2\/categories?post=84569"},{"taxonomy":"post_tag","embeddable":true,"href":"https:\/\/www.sonnenseite.com\/de\/wp-json\/wp\/v2\/tags?post=84569"}],"curies":[{"name":"wp","href":"https:\/\/api.w.org\/{rel}","templated":true}]}}