{"id":84808,"date":"2022-08-27T08:50:16","date_gmt":"2022-08-27T06:50:16","guid":{"rendered":"https:\/\/www.sonnenseite.com\/?p=84808"},"modified":"2022-09-05T15:32:49","modified_gmt":"2022-09-05T13:32:49","slug":"keine-angst-vor-dem-neun-euro-ticket","status":"publish","type":"post","link":"https:\/\/www.sonnenseite.com\/de\/mobilitaet\/keine-angst-vor-dem-neun-euro-ticket\/","title":{"rendered":"Keine Angst vor dem Neun-Euro-Ticket"},"content":{"rendered":"\n<p>Das Neun-Euro-Ticket hat den \u00f6ffentlichen Verkehr einfach und g\u00fcnstig gemacht. F\u00fcr einen sinnvollen Nachfolger und f\u00fcr den Ausbau des Angebots sei kein Geld da, hei\u00dft es nun. H\u00f6chste Zeit, die \u00f6ffentlichen Verkehrs-Milliarden umzuschichten.<\/p>\n\n\n\n<p>Wo er recht hat, da hat er recht. &#8222;Eine der besten Ideen, die wir hatten.&#8220; <a href=\"https:\/\/www.tagesschau.de\/inland\/innenpolitik\/neun-euro-ticket-153.html\" target=\"_blank\" rel=\"noreferrer noopener\">Das&nbsp;sagte<\/a> Kanzler Olaf Scholz \u00fcber das Neun-Euro-Ticket f\u00fcr den \u00f6ffentlichen Nahverkehr, das in ein paar Tagen, Ende August, ausl\u00e4uft.<\/p>\n\n\n\n<p>Drei Monate lang konnten die B\u00fcrgerinnen und B\u00fcrger fast umsonst bundesweit Bus und Bahn fahren, und <a href=\"https:\/\/www.klimareporter.de\/verkehr\/deutschland-steigt-um\" target=\"_blank\" rel=\"noreferrer noopener\">unerwartet viele<\/a> nutzten das Angebot. Mehr als 38 Millionen Tickets wurden in dem Vierteljahr verkauft.<\/p>\n\n\n\n<p>Pessimisten wurden eines Besseren belehrt. Das superg\u00fcnstige Flatrate-Ticket f\u00fchrte dazu, dass der \u00d6PNV <a href=\"https:\/\/www.klimareporter.de\/verkehr\/der-nahverkehr-in-der-pandemie-und-die-folgen-des-neun-euro-tickets\" target=\"_blank\" rel=\"noreferrer noopener\">den Absturz<\/a> durch die Corona-Krise endg\u00fcltig hinter sich lie\u00df.&nbsp;<\/p>\n\n\n\n<p>Hauptziel der Neun-Euro-Aktion, eine Idee der Gr\u00fcnen in der Berliner Ampel, war es gewesen, &#8222;\u00d6ffi&#8220;-nutzende B\u00fcrgerinnen und B\u00fcrger finanziell zu entlasten, analog zum Tankrabatt, dem <a href=\"https:\/\/www.klimareporter.de\/verkehr\/freier-sprit-fuer-die-mittelklasse\" target=\"_blank\" rel=\"noreferrer noopener\">Herzensprojekt<\/a> der Besserverdienenden-FDP.<a href=\"https:\/\/www.klimareporter.de\/banners\/click45\" target=\"_blank\" rel=\"noreferrer noopener\"><\/a><\/p>\n\n\n\n<p>Das hat funktioniert. Gerade \u00e4rmere Haushalte und Familien, die wegen der galoppierenden Inflation jeden Euro zweimal umdrehen m\u00fcssen, wurden in die Lage versetzt, Ausfl\u00fcge zu machen oder Freunde anderswo zu besuchen.<\/p>\n\n\n\n<p>Monatskarten-Besitzer sparten drei Monate lang ordentlich Geld, weil statt der \u00fcblichen hohen Kosten eben nur neun Euro anfielen. Und, nicht zu untersch\u00e4tzen: Drei Monate lang konnten die Nutzer das abschreckend komplizierte <a href=\"https:\/\/www.klimareporter.de\/verkehr\/kaufen-einsteigen-fahren-ohne-nachzudenken\" target=\"_blank\" rel=\"noreferrer noopener\">Tarifwesen vergessen<\/a>, mit dem die Verkehrsunternehmen sonst ihre Kunden qu\u00e4len.<\/p>\n\n\n\n<p>Die Forderungen, das Neun-Euro-Ticket zu verl\u00e4ngern, werden immer lauter. Oder zumindest eine Nachfolgeregelung einzuf\u00fchren, die deutlich preiswerter als die bisherigen Angebote ist, ein <a href=\"https:\/\/www.fr.de\/wirtschaft\/neun-euro-ticket-busse-wurden-ueber-nacht-cool-91741998.html\" target=\"_blank\" rel=\"noreferrer noopener\">29-Euro-Monatsticket<\/a> oder ein 365-Euro-Jahresticket zum Beispiel.<\/p>\n\n\n\n<p>Am Samstag finden in vielen St\u00e4dten Demos dazu statt, und es wurde <a href=\"https:\/\/aktion.campact.de\/klima\/9-euro-ticket\/\" target=\"_blank\" rel=\"noreferrer noopener\">eine Petition<\/a> gestartet, die binnen kurzer Zeit bereits mehrere hunderttausend Unterst\u00fctzer gefunden hat.<\/p>\n\n\n\n<p>Diese Forderungen sind genau richtig, denn das Neun-Euro-Ticket wirkt direkt und zielgenau. Die Entlastung ist sofort im Portemonnaie zu sp\u00fcren, und sie kommt gerade bei den an, die es am n\u00f6tigsten haben. In den Bussen und Bahnen sitzen ja meist nicht die gutbetuchten Zweitwagenbesitzer, die trotz der hohen Spritpreise die eigenen vier R\u00e4der bevorzugen.<\/p>\n\n\n\n<h5 class=\"wp-block-heading\">Positives Image von Bahn und Bus<\/h5>\n\n\n\n<p>SPD und Gr\u00fcne wollen den Neun-Euro-Nachfolger. Und <a href=\"https:\/\/www.rnd.de\/politik\/verkehrsminister-wissing-fuer-fortfuehrung-des-neun-euro-tickets-3XG2W6WYNNHORGMQKROERDOU2Q.html\" target=\"_blank\" rel=\"noreferrer noopener\">wohl auch<\/a> Bundesverkehrsminister Volker Wissing. Er, der der PS-Partei FDP angeh\u00f6rt, hat sich zumindest als Fan des Neun-Euro-Tickets geoutet.<\/p>\n\n\n\n<p>Trotzdem kriegt die Ampel die Kurve offenbar nicht. Denn Finanzminister und FDP-Chef Christian Lindner lehnt eine weitere Finanzierung des \u00d6PNV-Boosters ab. Er wirft den Nutzern eine <a href=\"https:\/\/www.n-tv.de\/politik\/politik_kommentare\/Grenzen-des-politischen-Anstands-ueberschritten-article23513385.html\" target=\"_blank\" rel=\"noreferrer noopener\">&#8222;Gratismentalit\u00e4t&#8220;<\/a> vor, die der Staat nicht bef\u00f6rdern d\u00fcrfte.<\/p>\n\n\n\n<p>Er kritisiert, das Ticket sei &#8222;unfair&#8220;, weil Menschen auf dem Land ohne vern\u00fcnftige Bus- und Bahn-Anbindung gegen\u00fcber den St\u00e4dtern benachteiligt seien. Und er h\u00e4lt es f\u00fcr &#8222;un\u00f6kologisch&#8220;, weil es keine Massenverlagerung vom Auto in Bahn und Bus gegeben hat.&nbsp;<\/p>\n\n\n\n<p>Das Problem bei diesen Contra-Argumenten: Ein klein bisschen was ist jeweils dran. Nur: Insgesamt verfehlt Lindner das Thema. Denn neben der finanziellen Entlastung gerade der \u00e4rmeren Haushalte auch im Verkehrsbereich geht es nun darum, das durch die Neun-Euro-Flatrate ausgel\u00f6ste positive Image der &#8222;\u00d6ffis&#8220; f\u00fcr die Verkehrswende zu nutzen, die bisher auch unter der Ampel nicht in Gang gekommen ist.<\/p>\n\n\n\n<p>Wie \u00fcberf\u00e4llig dieser Umbau ist, haben die Regierung und speziell das Wissing-Ressort gerade attestiert bekommen. Der vom Bund eingesetzte &#8222;Expertenrat f\u00fcr Klimafragen&#8220; h\u00e4lt die bisherigen Ma\u00dfnahmen zum CO<sub>2<\/sub>-Sparen in dem Sektor <a href=\"https:\/\/www.klimareporter.de\/deutschland\/verkehr-crasht-das-klimaziel\" target=\"_blank\" rel=\"noreferrer noopener\">f\u00fcr v\u00f6llig unzureichend<\/a>.<\/p>\n\n\n\n<p>Schlechter kann eine Bewertung kaum ausfallen: Die Expert:innen fanden das von Wissing vorgelegte &#8222;Sofortprogramm&#8220; f\u00fcr den Verkehr so unterirdisch, dass sie sich erst gar nicht im Detail damit befassten. Also: Setzen, sechs. Versetzung gef\u00e4hrdet.<\/p>\n\n\n\n<h5 class=\"wp-block-heading\">Viel Geld f\u00fcr den falschen Verkehr<\/h5>\n\n\n\n<p>Man kann es auch so sagen: Im Verkehrssektor braucht es eine radikale Kehrtwende. Der Expertenrat geht davon aus, dass das noch ausstehende \u00fcbergreifende <a href=\"https:\/\/www.klimareporter.de\/deutschland\/die-ampel-zerfaellt-beim-klimaschutz\" target=\"_blank\" rel=\"noreferrer noopener\">Klima-Sofortprogramm 2022<\/a> der Ampel das nun endlich liefert. Ein zentraler Punkt dabei muss eine Steigerung der Attraktivit\u00e4t des \u00f6ffentlichen Verkehrs sein, die weit \u00fcber die halbherzigen Projekte in den letzten Jahren hinausgeht.<\/p>\n\n\n\n<p>Dazu geh\u00f6rt neben einer g\u00fcnstigen bundesweiten Flatrate nat\u00fcrlich auch ein forcierter Ausbau des Angebots, das hei\u00dft: neue Schienenstrecken, neue Buslinien, gerade auch <a href=\"https:\/\/www.klimareporter.de\/verkehr\/kampf-fuer-die-laendliche-verkehrswende\" target=\"_blank\" rel=\"noreferrer noopener\">auf dem Land<\/a>, dazu mehr Verbindungen, mehr Fahrzeuge, gute Anschluss-Sicherheit, also: ein reibungsloser Haus-zu-Haus-Verkehr. Diese Voraussetzungen m\u00fcssen Zug um Zug erf\u00fcllt werden, damit der von allen Parteien geforderte Umstieg f\u00fcr die B\u00fcrger:innen auch attraktiv, praktisch und komfortabel wird.<\/p>\n\n\n\n<p>Das kostet, da hat Lindner \u00fcbrigens ganz recht, Geld. Viel Geld. Aber das l\u00e4sst sich auftreiben \u2013 durch ein sukzessives <a href=\"https:\/\/www.klimareporter.de\/verkehr\/thinktank-will-steuer-privilegien-streichen\" target=\"_blank\" rel=\"noreferrer noopener\">Umschichten von Subventionen und Steuervorteilen<\/a>, die bisher den Autofahrern zugutekommen, hin zum \u00f6ffentlichen Verkehr. Stichworte: Dienstwagenbesteuerung, Dieselsubvention. Das w\u00fcrde die Milliarden freimachen, die n\u00f6tig sind.<\/p>\n\n\n\n<p>\u00dcbrigens: 85 Prozent der B\u00fcrger w\u00fcnschen sich laut einer Umfrage ein dauerhaft g\u00fcnstiges \u00d6PNV-Angebot. Und mehr als die H\u00e4lfte der FDP-W\u00e4hler hat das Neun-Euro-Ticket genutzt.<\/p>\n\n\n<h5 class=\"green\">Quelle<\/h5>\r\n\n\n\n<p>Der Bericht wurde von der\u00a0<a href=\"https:\/\/www.klimareporter.de\/verkehr\/keine-angst-vor-dem-neun-euro-ticket\">Redaktion \u201eklimareporter.de\u201c (Joachim Wille) 2022<\/a>\u00a0verfasst &#8211; der Artikel darf nicht ohne Genehmigung\u00a0(<a href=\"mailto:post@klimareporter.de\">post@klimareporter.de<\/a>) weiterverbreitet werden!\u00a0<\/p>\n<div class=\"shariff shariff-align-flex-start shariff-widget-align-flex-start\"><div class=\"ShariffHeadline\">Diese Meldung teilen<\/div><ul class=\"shariff-buttons theme-round orientation-horizontal buttonsize-medium\"><li class=\"shariff-button facebook shariff-nocustomcolor\" style=\"background-color:#4273c8;border-radius:1%\"><a href=\"https:\/\/www.facebook.com\/sharer\/sharer.php?u=https%3A%2F%2Fwww.sonnenseite.com%2Fde%2Fmobilitaet%2Fkeine-angst-vor-dem-neun-euro-ticket%2F\" title=\"Bei Facebook teilen\" aria-label=\"Bei Facebook teilen\" role=\"button\" rel=\"nofollow\" class=\"shariff-link\" style=\";border-radius:1%; background-color:#3b5998; color:#fff\" target=\"_blank\"><span class=\"shariff-icon\" style=\"\"><svg width=\"32px\" height=\"20px\" xmlns=\"http:\/\/www.w3.org\/2000\/svg\" viewBox=\"0 0 18 32\"><path fill=\"#3b5998\" d=\"M17.1 0.2v4.7h-2.8q-1.5 0-2.1 0.6t-0.5 1.9v3.4h5.2l-0.7 5.3h-4.5v13.6h-5.5v-13.6h-4.5v-5.3h4.5v-3.9q0-3.3 1.9-5.2t5-1.8q2.6 0 4.1 0.2z\"\/><\/svg><\/span><\/a><\/li><li class=\"shariff-button twitter shariff-nocustomcolor\" style=\"background-color:#595959;border-radius:1%\"><a href=\"https:\/\/twitter.com\/share?url=https%3A%2F%2Fwww.sonnenseite.com%2Fde%2Fmobilitaet%2Fkeine-angst-vor-dem-neun-euro-ticket%2F&text=Keine%20Angst%20vor%20dem%20Neun-Euro-Ticket\" title=\"Bei X teilen\" aria-label=\"Bei X teilen\" role=\"button\" rel=\"noopener nofollow\" class=\"shariff-link\" style=\";border-radius:1%; background-color:#000; color:#fff\" target=\"_blank\"><span class=\"shariff-icon\" style=\"\"><svg width=\"32px\" height=\"20px\" xmlns=\"http:\/\/www.w3.org\/2000\/svg\" viewBox=\"0 0 24 24\"><path fill=\"#000\" d=\"M14.258 10.152L23.176 0h-2.113l-7.747 8.813L7.133 0H0l9.352 13.328L0 23.973h2.113l8.176-9.309 6.531 9.309h7.133zm-2.895 3.293l-.949-1.328L2.875 1.56h3.246l6.086 8.523.945 1.328 7.91 11.078h-3.246zm0 0\"\/><\/svg><\/span><\/a><\/li><li class=\"shariff-button xing shariff-nocustomcolor\" style=\"background-color:#29888a;border-radius:1%\"><a href=\"https:\/\/www.xing.com\/spi\/shares\/new?url=https%3A%2F%2Fwww.sonnenseite.com%2Fde%2Fmobilitaet%2Fkeine-angst-vor-dem-neun-euro-ticket%2F\" title=\"Bei XING teilen\" aria-label=\"Bei XING teilen\" role=\"button\" rel=\"noopener nofollow\" class=\"shariff-link\" style=\";border-radius:1%; background-color:#126567; color:#fff\" target=\"_blank\"><span class=\"shariff-icon\" style=\"\"><svg width=\"32px\" height=\"20px\" xmlns=\"http:\/\/www.w3.org\/2000\/svg\" viewBox=\"0 0 25 32\"><path fill=\"#126567\" d=\"M10.7 11.9q-0.2 0.3-4.6 8.2-0.5 0.8-1.2 0.8h-4.3q-0.4 0-0.5-0.3t0-0.6l4.5-8q0 0 0 0l-2.9-5q-0.2-0.4 0-0.7 0.2-0.3 0.5-0.3h4.3q0.7 0 1.2 0.8zM25.1 0.4q0.2 0.3 0 0.7l-9.4 16.7 6 11q0.2 0.4 0 0.6-0.2 0.3-0.6 0.3h-4.3q-0.7 0-1.2-0.8l-6-11.1q0.3-0.6 9.5-16.8 0.4-0.8 1.2-0.8h4.3q0.4 0 0.5 0.3z\"\/><\/svg><\/span><\/a><\/li><li class=\"shariff-button linkedin shariff-nocustomcolor\" style=\"background-color:#1488bf;border-radius:1%\"><a href=\"https:\/\/www.linkedin.com\/sharing\/share-offsite\/?url=https%3A%2F%2Fwww.sonnenseite.com%2Fde%2Fmobilitaet%2Fkeine-angst-vor-dem-neun-euro-ticket%2F\" title=\"Bei LinkedIn teilen\" aria-label=\"Bei LinkedIn teilen\" role=\"button\" rel=\"noopener nofollow\" class=\"shariff-link\" style=\";border-radius:1%; background-color:#0077b5; color:#fff\" target=\"_blank\"><span class=\"shariff-icon\" style=\"\"><svg width=\"32px\" height=\"20px\" xmlns=\"http:\/\/www.w3.org\/2000\/svg\" viewBox=\"0 0 27 32\"><path fill=\"#0077b5\" d=\"M6.2 11.2v17.7h-5.9v-17.7h5.9zM6.6 5.7q0 1.3-0.9 2.2t-2.4 0.9h0q-1.5 0-2.4-0.9t-0.9-2.2 0.9-2.2 2.4-0.9 2.4 0.9 0.9 2.2zM27.4 18.7v10.1h-5.9v-9.5q0-1.9-0.7-2.9t-2.3-1.1q-1.1 0-1.9 0.6t-1.2 1.5q-0.2 0.5-0.2 1.4v9.9h-5.9q0-7.1 0-11.6t0-5.3l0-0.9h5.9v2.6h0q0.4-0.6 0.7-1t1-0.9 1.6-0.8 2-0.3q3 0 4.9 2t1.9 6z\"\/><\/svg><\/span><\/a><\/li><li class=\"shariff-button printer shariff-nocustomcolor\" style=\"background-color:#a8a8a8;border-radius:1%\"><a href=\"javascript:window.print()\" title=\"drucken\" aria-label=\"drucken\" role=\"button\" rel=\"noopener nofollow\" class=\"shariff-link\" style=\";border-radius:1%; background-color:#999; color:#fff\"><span class=\"shariff-icon\" style=\"\"><svg width=\"32px\" height=\"20px\" xmlns=\"http:\/\/www.w3.org\/2000\/svg\" viewBox=\"0 0 30 32\"><path fill=\"#999\" d=\"M6.8 27.4h16v-4.6h-16v4.6zM6.8 16h16v-6.8h-2.8q-0.7 0-1.2-0.5t-0.5-1.2v-2.8h-11.4v11.4zM27.4 17.2q0-0.5-0.3-0.8t-0.8-0.4-0.8 0.4-0.3 0.8 0.3 0.8 0.8 0.3 0.8-0.3 0.3-0.8zM29.7 17.2v7.4q0 0.2-0.2 0.4t-0.4 0.2h-4v2.8q0 0.7-0.5 1.2t-1.2 0.5h-17.2q-0.7 0-1.2-0.5t-0.5-1.2v-2.8h-4q-0.2 0-0.4-0.2t-0.2-0.4v-7.4q0-1.4 1-2.4t2.4-1h1.2v-9.7q0-0.7 0.5-1.2t1.2-0.5h12q0.7 0 1.6 0.4t1.3 0.8l2.7 2.7q0.5 0.5 0.9 1.4t0.4 1.6v4.6h1.1q1.4 0 2.4 1t1 2.4z\"\/><\/svg><\/span><\/a><\/li><li class=\"shariff-button mailto shariff-nocustomcolor\" style=\"background-color:#a8a8a8;border-radius:1%\"><a href=\"mailto:?body=https%3A%2F%2Fwww.sonnenseite.com%2Fde%2Fmobilitaet%2Fkeine-angst-vor-dem-neun-euro-ticket%2F&subject=Keine%20Angst%20vor%20dem%20Neun-Euro-Ticket\" title=\"Per E-Mail versenden\" aria-label=\"Per E-Mail versenden\" role=\"button\" rel=\"noopener nofollow\" class=\"shariff-link\" style=\";border-radius:1%; background-color:#999; color:#fff\"><span class=\"shariff-icon\" style=\"\"><svg width=\"32px\" height=\"20px\" xmlns=\"http:\/\/www.w3.org\/2000\/svg\" viewBox=\"0 0 32 32\"><path fill=\"#999\" d=\"M32 12.7v14.2q0 1.2-0.8 2t-2 0.9h-26.3q-1.2 0-2-0.9t-0.8-2v-14.2q0.8 0.9 1.8 1.6 6.5 4.4 8.9 6.1 1 0.8 1.6 1.2t1.7 0.9 2 0.4h0.1q0.9 0 2-0.4t1.7-0.9 1.6-1.2q3-2.2 8.9-6.1 1-0.7 1.8-1.6zM32 7.4q0 1.4-0.9 2.7t-2.2 2.2q-6.7 4.7-8.4 5.8-0.2 0.1-0.7 0.5t-1 0.7-0.9 0.6-1.1 0.5-0.9 0.2h-0.1q-0.4 0-0.9-0.2t-1.1-0.5-0.9-0.6-1-0.7-0.7-0.5q-1.6-1.1-4.7-3.2t-3.6-2.6q-1.1-0.7-2.1-2t-1-2.5q0-1.4 0.7-2.3t2.1-0.9h26.3q1.2 0 2 0.8t0.9 2z\"\/><\/svg><\/span><\/a><\/li><\/ul><\/div>","protected":false},"excerpt":{"rendered":"<p>Das Neun-Euro-Ticket hat den \u00f6ffentlichen Verkehr einfach und g\u00fcnstig gemacht. F\u00fcr einen sinnvollen Nachfolger und f\u00fcr [&hellip;]<\/p>\n","protected":false},"author":3,"featured_media":84810,"comment_status":"closed","ping_status":"closed","sticky":false,"template":"","format":"standard","meta":{"inline_featured_image":false,"footnotes":""},"categories":[25],"tags":[],"class_list":["post-84808","post","type-post","status-publish","format-standard","has-post-thumbnail","hentry","category-mobilitaet"],"yoast_head":"<!-- This site is optimized with the Yoast SEO plugin v26.5 - https:\/\/yoast.com\/wordpress\/plugins\/seo\/ -->\n<title>Keine Angst vor dem Neun-Euro-Ticket - Sonnenseite - \u00d6kologische Kommunikation mit Franz Alt<\/title>\n<meta name=\"description\" content=\"Das Neun-Euro-Ticket hat den \u00f6ffentlichen Verkehr einfach und g\u00fcnstig gemacht. F\u00fcr einen sinnvollen Nachfolger und f\u00fcr den Ausbau des Angebots sei kein\" \/>\n<meta name=\"robots\" content=\"index, follow, max-snippet:-1, max-image-preview:large, max-video-preview:-1\" \/>\n<link rel=\"canonical\" href=\"https:\/\/www.sonnenseite.com\/de\/mobilitaet\/keine-angst-vor-dem-neun-euro-ticket\/\" \/>\n<meta property=\"og:locale\" content=\"de_DE\" \/>\n<meta property=\"og:type\" content=\"article\" \/>\n<meta property=\"og:title\" content=\"Keine Angst vor dem Neun-Euro-Ticket - Sonnenseite - \u00d6kologische Kommunikation mit Franz Alt\" \/>\n<meta property=\"og:description\" content=\"Das Neun-Euro-Ticket hat den \u00f6ffentlichen Verkehr einfach und g\u00fcnstig gemacht. F\u00fcr einen sinnvollen Nachfolger und f\u00fcr den Ausbau des Angebots sei kein\" \/>\n<meta property=\"og:url\" content=\"https:\/\/www.sonnenseite.com\/de\/mobilitaet\/keine-angst-vor-dem-neun-euro-ticket\/\" \/>\n<meta property=\"og:site_name\" content=\"Sonnenseite\" \/>\n<meta property=\"article:publisher\" content=\"https:\/\/www.facebook.com\/pages\/Franz-Alt-SONNENSEITECOM\/221072987903953?fref=ts\" \/>\n<meta property=\"article:published_time\" content=\"2022-08-27T06:50:16+00:00\" \/>\n<meta property=\"article:modified_time\" content=\"2022-09-05T13:32:49+00:00\" \/>\n<meta property=\"og:image\" content=\"https:\/\/www.sonnenseite.com\/wp-content\/uploads\/2022\/08\/9-euro-ticket01_firn.jpg\" \/>\n\t<meta property=\"og:image:width\" content=\"770\" \/>\n\t<meta property=\"og:image:height\" content=\"420\" \/>\n\t<meta property=\"og:image:type\" content=\"image\/jpeg\" \/>\n<meta name=\"author\" content=\"Bigi Alt\" \/>\n<meta name=\"twitter:card\" content=\"summary_large_image\" \/>\n<meta name=\"twitter:creator\" content=\"@franzalt\" \/>\n<meta name=\"twitter:site\" content=\"@franzalt\" \/>\n<meta name=\"twitter:label1\" content=\"Verfasst von\" \/>\n\t<meta name=\"twitter:data1\" content=\"Bigi Alt\" \/>\n\t<meta name=\"twitter:label2\" content=\"Gesch\u00e4tzte Lesezeit\" \/>\n\t<meta name=\"twitter:data2\" content=\"5\u00a0Minuten\" \/>\n<script type=\"application\/ld+json\" class=\"yoast-schema-graph\">{\"@context\":\"https:\/\/schema.org\",\"@graph\":[{\"@type\":\"Article\",\"@id\":\"https:\/\/www.sonnenseite.com\/de\/mobilitaet\/keine-angst-vor-dem-neun-euro-ticket\/#article\",\"isPartOf\":{\"@id\":\"https:\/\/www.sonnenseite.com\/de\/mobilitaet\/keine-angst-vor-dem-neun-euro-ticket\/\"},\"author\":{\"name\":\"Bigi Alt\",\"@id\":\"https:\/\/www.sonnenseite.com\/de\/#\/schema\/person\/50fda0e926597684c7cc6695238a4eb9\"},\"headline\":\"Keine Angst vor dem Neun-Euro-Ticket\",\"datePublished\":\"2022-08-27T06:50:16+00:00\",\"dateModified\":\"2022-09-05T13:32:49+00:00\",\"mainEntityOfPage\":{\"@id\":\"https:\/\/www.sonnenseite.com\/de\/mobilitaet\/keine-angst-vor-dem-neun-euro-ticket\/\"},\"wordCount\":848,\"publisher\":{\"@id\":\"https:\/\/www.sonnenseite.com\/de\/#organization\"},\"image\":{\"@id\":\"https:\/\/www.sonnenseite.com\/de\/mobilitaet\/keine-angst-vor-dem-neun-euro-ticket\/#primaryimage\"},\"thumbnailUrl\":\"https:\/\/www.sonnenseite.com\/wp-content\/uploads\/2022\/08\/9-euro-ticket01_firn.jpg\",\"articleSection\":[\"Mobilit\u00e4t\"],\"inLanguage\":\"de\"},{\"@type\":\"WebPage\",\"@id\":\"https:\/\/www.sonnenseite.com\/de\/mobilitaet\/keine-angst-vor-dem-neun-euro-ticket\/\",\"url\":\"https:\/\/www.sonnenseite.com\/de\/mobilitaet\/keine-angst-vor-dem-neun-euro-ticket\/\",\"name\":\"Keine Angst vor dem Neun-Euro-Ticket - Sonnenseite - \u00d6kologische Kommunikation mit Franz Alt\",\"isPartOf\":{\"@id\":\"https:\/\/www.sonnenseite.com\/de\/#website\"},\"primaryImageOfPage\":{\"@id\":\"https:\/\/www.sonnenseite.com\/de\/mobilitaet\/keine-angst-vor-dem-neun-euro-ticket\/#primaryimage\"},\"image\":{\"@id\":\"https:\/\/www.sonnenseite.com\/de\/mobilitaet\/keine-angst-vor-dem-neun-euro-ticket\/#primaryimage\"},\"thumbnailUrl\":\"https:\/\/www.sonnenseite.com\/wp-content\/uploads\/2022\/08\/9-euro-ticket01_firn.jpg\",\"datePublished\":\"2022-08-27T06:50:16+00:00\",\"dateModified\":\"2022-09-05T13:32:49+00:00\",\"description\":\"Das Neun-Euro-Ticket hat den \u00f6ffentlichen Verkehr einfach und g\u00fcnstig gemacht. F\u00fcr einen sinnvollen Nachfolger und f\u00fcr den Ausbau des Angebots sei kein\",\"breadcrumb\":{\"@id\":\"https:\/\/www.sonnenseite.com\/de\/mobilitaet\/keine-angst-vor-dem-neun-euro-ticket\/#breadcrumb\"},\"inLanguage\":\"de\",\"potentialAction\":[{\"@type\":\"ReadAction\",\"target\":[\"https:\/\/www.sonnenseite.com\/de\/mobilitaet\/keine-angst-vor-dem-neun-euro-ticket\/\"]}]},{\"@type\":\"ImageObject\",\"inLanguage\":\"de\",\"@id\":\"https:\/\/www.sonnenseite.com\/de\/mobilitaet\/keine-angst-vor-dem-neun-euro-ticket\/#primaryimage\",\"url\":\"https:\/\/www.sonnenseite.com\/wp-content\/uploads\/2022\/08\/9-euro-ticket01_firn.jpg\",\"contentUrl\":\"https:\/\/www.sonnenseite.com\/wp-content\/uploads\/2022\/08\/9-euro-ticket01_firn.jpg\",\"width\":770,\"height\":420,\"caption\":\"Depositphotos.com | firn | 9-Euro-Ticket\"},{\"@type\":\"BreadcrumbList\",\"@id\":\"https:\/\/www.sonnenseite.com\/de\/mobilitaet\/keine-angst-vor-dem-neun-euro-ticket\/#breadcrumb\",\"itemListElement\":[{\"@type\":\"ListItem\",\"position\":1,\"name\":\"Startseite\",\"item\":\"https:\/\/www.sonnenseite.com\/de\/\"},{\"@type\":\"ListItem\",\"position\":2,\"name\":\"Keine Angst vor dem Neun-Euro-Ticket\"}]},{\"@type\":\"WebSite\",\"@id\":\"https:\/\/www.sonnenseite.com\/de\/#website\",\"url\":\"https:\/\/www.sonnenseite.com\/de\/\",\"name\":\"Sonnenseite\",\"description\":\"\u00d6kologische Kommunikation mit Franz Alt\",\"publisher\":{\"@id\":\"https:\/\/www.sonnenseite.com\/de\/#organization\"},\"potentialAction\":[{\"@type\":\"SearchAction\",\"target\":{\"@type\":\"EntryPoint\",\"urlTemplate\":\"https:\/\/www.sonnenseite.com\/de\/?s={search_term_string}\"},\"query-input\":{\"@type\":\"PropertyValueSpecification\",\"valueRequired\":true,\"valueName\":\"search_term_string\"}}],\"inLanguage\":\"de\"},{\"@type\":\"Organization\",\"@id\":\"https:\/\/www.sonnenseite.com\/de\/#organization\",\"name\":\"Sonnenseite\",\"url\":\"https:\/\/www.sonnenseite.com\/de\/\",\"logo\":{\"@type\":\"ImageObject\",\"inLanguage\":\"de\",\"@id\":\"https:\/\/www.sonnenseite.com\/de\/#\/schema\/logo\/image\/\",\"url\":\"https:\/\/www.sonnenseite.com\/wp-content\/uploads\/2020\/05\/Sonnenseite_Logo.png\",\"contentUrl\":\"https:\/\/www.sonnenseite.com\/wp-content\/uploads\/2020\/05\/Sonnenseite_Logo.png\",\"width\":377,\"height\":90,\"caption\":\"Sonnenseite\"},\"image\":{\"@id\":\"https:\/\/www.sonnenseite.com\/de\/#\/schema\/logo\/image\/\"},\"sameAs\":[\"https:\/\/www.facebook.com\/pages\/Franz-Alt-SONNENSEITECOM\/221072987903953?fref=ts\",\"https:\/\/x.com\/franzalt\",\"http:\/\/www.youtube.com\/results?search_query&amp;amp;quot;franz_alt&amp;amp;quot;&amp;amp;amp;amp;search_type&amp;amp;amp;amp;aq=f\"]},{\"@type\":\"Person\",\"@id\":\"https:\/\/www.sonnenseite.com\/de\/#\/schema\/person\/50fda0e926597684c7cc6695238a4eb9\",\"name\":\"Bigi Alt\"}]}<\/script>\n<!-- \/ Yoast SEO plugin. -->","yoast_head_json":{"title":"Keine Angst vor dem Neun-Euro-Ticket - Sonnenseite - \u00d6kologische Kommunikation mit Franz Alt","description":"Das Neun-Euro-Ticket hat den \u00f6ffentlichen Verkehr einfach und g\u00fcnstig gemacht. F\u00fcr einen sinnvollen Nachfolger und f\u00fcr den Ausbau des Angebots sei kein","robots":{"index":"index","follow":"follow","max-snippet":"max-snippet:-1","max-image-preview":"max-image-preview:large","max-video-preview":"max-video-preview:-1"},"canonical":"https:\/\/www.sonnenseite.com\/de\/mobilitaet\/keine-angst-vor-dem-neun-euro-ticket\/","og_locale":"de_DE","og_type":"article","og_title":"Keine Angst vor dem Neun-Euro-Ticket - Sonnenseite - \u00d6kologische Kommunikation mit Franz Alt","og_description":"Das Neun-Euro-Ticket hat den \u00f6ffentlichen Verkehr einfach und g\u00fcnstig gemacht. F\u00fcr einen sinnvollen Nachfolger und f\u00fcr den Ausbau des Angebots sei kein","og_url":"https:\/\/www.sonnenseite.com\/de\/mobilitaet\/keine-angst-vor-dem-neun-euro-ticket\/","og_site_name":"Sonnenseite","article_publisher":"https:\/\/www.facebook.com\/pages\/Franz-Alt-SONNENSEITECOM\/221072987903953?fref=ts","article_published_time":"2022-08-27T06:50:16+00:00","article_modified_time":"2022-09-05T13:32:49+00:00","og_image":[{"width":770,"height":420,"url":"https:\/\/www.sonnenseite.com\/wp-content\/uploads\/2022\/08\/9-euro-ticket01_firn.jpg","type":"image\/jpeg"}],"author":"Bigi Alt","twitter_card":"summary_large_image","twitter_creator":"@franzalt","twitter_site":"@franzalt","twitter_misc":{"Verfasst von":"Bigi Alt","Gesch\u00e4tzte Lesezeit":"5\u00a0Minuten"},"schema":{"@context":"https:\/\/schema.org","@graph":[{"@type":"Article","@id":"https:\/\/www.sonnenseite.com\/de\/mobilitaet\/keine-angst-vor-dem-neun-euro-ticket\/#article","isPartOf":{"@id":"https:\/\/www.sonnenseite.com\/de\/mobilitaet\/keine-angst-vor-dem-neun-euro-ticket\/"},"author":{"name":"Bigi Alt","@id":"https:\/\/www.sonnenseite.com\/de\/#\/schema\/person\/50fda0e926597684c7cc6695238a4eb9"},"headline":"Keine Angst vor dem Neun-Euro-Ticket","datePublished":"2022-08-27T06:50:16+00:00","dateModified":"2022-09-05T13:32:49+00:00","mainEntityOfPage":{"@id":"https:\/\/www.sonnenseite.com\/de\/mobilitaet\/keine-angst-vor-dem-neun-euro-ticket\/"},"wordCount":848,"publisher":{"@id":"https:\/\/www.sonnenseite.com\/de\/#organization"},"image":{"@id":"https:\/\/www.sonnenseite.com\/de\/mobilitaet\/keine-angst-vor-dem-neun-euro-ticket\/#primaryimage"},"thumbnailUrl":"https:\/\/www.sonnenseite.com\/wp-content\/uploads\/2022\/08\/9-euro-ticket01_firn.jpg","articleSection":["Mobilit\u00e4t"],"inLanguage":"de"},{"@type":"WebPage","@id":"https:\/\/www.sonnenseite.com\/de\/mobilitaet\/keine-angst-vor-dem-neun-euro-ticket\/","url":"https:\/\/www.sonnenseite.com\/de\/mobilitaet\/keine-angst-vor-dem-neun-euro-ticket\/","name":"Keine Angst vor dem Neun-Euro-Ticket - Sonnenseite - \u00d6kologische Kommunikation mit Franz Alt","isPartOf":{"@id":"https:\/\/www.sonnenseite.com\/de\/#website"},"primaryImageOfPage":{"@id":"https:\/\/www.sonnenseite.com\/de\/mobilitaet\/keine-angst-vor-dem-neun-euro-ticket\/#primaryimage"},"image":{"@id":"https:\/\/www.sonnenseite.com\/de\/mobilitaet\/keine-angst-vor-dem-neun-euro-ticket\/#primaryimage"},"thumbnailUrl":"https:\/\/www.sonnenseite.com\/wp-content\/uploads\/2022\/08\/9-euro-ticket01_firn.jpg","datePublished":"2022-08-27T06:50:16+00:00","dateModified":"2022-09-05T13:32:49+00:00","description":"Das Neun-Euro-Ticket hat den \u00f6ffentlichen Verkehr einfach und g\u00fcnstig gemacht. F\u00fcr einen sinnvollen Nachfolger und f\u00fcr den Ausbau des Angebots sei kein","breadcrumb":{"@id":"https:\/\/www.sonnenseite.com\/de\/mobilitaet\/keine-angst-vor-dem-neun-euro-ticket\/#breadcrumb"},"inLanguage":"de","potentialAction":[{"@type":"ReadAction","target":["https:\/\/www.sonnenseite.com\/de\/mobilitaet\/keine-angst-vor-dem-neun-euro-ticket\/"]}]},{"@type":"ImageObject","inLanguage":"de","@id":"https:\/\/www.sonnenseite.com\/de\/mobilitaet\/keine-angst-vor-dem-neun-euro-ticket\/#primaryimage","url":"https:\/\/www.sonnenseite.com\/wp-content\/uploads\/2022\/08\/9-euro-ticket01_firn.jpg","contentUrl":"https:\/\/www.sonnenseite.com\/wp-content\/uploads\/2022\/08\/9-euro-ticket01_firn.jpg","width":770,"height":420,"caption":"Depositphotos.com | firn | 9-Euro-Ticket"},{"@type":"BreadcrumbList","@id":"https:\/\/www.sonnenseite.com\/de\/mobilitaet\/keine-angst-vor-dem-neun-euro-ticket\/#breadcrumb","itemListElement":[{"@type":"ListItem","position":1,"name":"Startseite","item":"https:\/\/www.sonnenseite.com\/de\/"},{"@type":"ListItem","position":2,"name":"Keine Angst vor dem Neun-Euro-Ticket"}]},{"@type":"WebSite","@id":"https:\/\/www.sonnenseite.com\/de\/#website","url":"https:\/\/www.sonnenseite.com\/de\/","name":"Sonnenseite","description":"\u00d6kologische Kommunikation mit Franz Alt","publisher":{"@id":"https:\/\/www.sonnenseite.com\/de\/#organization"},"potentialAction":[{"@type":"SearchAction","target":{"@type":"EntryPoint","urlTemplate":"https:\/\/www.sonnenseite.com\/de\/?s={search_term_string}"},"query-input":{"@type":"PropertyValueSpecification","valueRequired":true,"valueName":"search_term_string"}}],"inLanguage":"de"},{"@type":"Organization","@id":"https:\/\/www.sonnenseite.com\/de\/#organization","name":"Sonnenseite","url":"https:\/\/www.sonnenseite.com\/de\/","logo":{"@type":"ImageObject","inLanguage":"de","@id":"https:\/\/www.sonnenseite.com\/de\/#\/schema\/logo\/image\/","url":"https:\/\/www.sonnenseite.com\/wp-content\/uploads\/2020\/05\/Sonnenseite_Logo.png","contentUrl":"https:\/\/www.sonnenseite.com\/wp-content\/uploads\/2020\/05\/Sonnenseite_Logo.png","width":377,"height":90,"caption":"Sonnenseite"},"image":{"@id":"https:\/\/www.sonnenseite.com\/de\/#\/schema\/logo\/image\/"},"sameAs":["https:\/\/www.facebook.com\/pages\/Franz-Alt-SONNENSEITECOM\/221072987903953?fref=ts","https:\/\/x.com\/franzalt","http:\/\/www.youtube.com\/results?search_query&amp;amp;quot;franz_alt&amp;amp;quot;&amp;amp;amp;amp;search_type&amp;amp;amp;amp;aq=f"]},{"@type":"Person","@id":"https:\/\/www.sonnenseite.com\/de\/#\/schema\/person\/50fda0e926597684c7cc6695238a4eb9","name":"Bigi Alt"}]}},"_links":{"self":[{"href":"https:\/\/www.sonnenseite.com\/de\/wp-json\/wp\/v2\/posts\/84808","targetHints":{"allow":["GET"]}}],"collection":[{"href":"https:\/\/www.sonnenseite.com\/de\/wp-json\/wp\/v2\/posts"}],"about":[{"href":"https:\/\/www.sonnenseite.com\/de\/wp-json\/wp\/v2\/types\/post"}],"author":[{"embeddable":true,"href":"https:\/\/www.sonnenseite.com\/de\/wp-json\/wp\/v2\/users\/3"}],"replies":[{"embeddable":true,"href":"https:\/\/www.sonnenseite.com\/de\/wp-json\/wp\/v2\/comments?post=84808"}],"version-history":[{"count":2,"href":"https:\/\/www.sonnenseite.com\/de\/wp-json\/wp\/v2\/posts\/84808\/revisions"}],"predecessor-version":[{"id":84812,"href":"https:\/\/www.sonnenseite.com\/de\/wp-json\/wp\/v2\/posts\/84808\/revisions\/84812"}],"wp:featuredmedia":[{"embeddable":true,"href":"https:\/\/www.sonnenseite.com\/de\/wp-json\/wp\/v2\/media\/84810"}],"wp:attachment":[{"href":"https:\/\/www.sonnenseite.com\/de\/wp-json\/wp\/v2\/media?parent=84808"}],"wp:term":[{"taxonomy":"category","embeddable":true,"href":"https:\/\/www.sonnenseite.com\/de\/wp-json\/wp\/v2\/categories?post=84808"},{"taxonomy":"post_tag","embeddable":true,"href":"https:\/\/www.sonnenseite.com\/de\/wp-json\/wp\/v2\/tags?post=84808"}],"curies":[{"name":"wp","href":"https:\/\/api.w.org\/{rel}","templated":true}]}}