{"id":84862,"date":"2022-08-30T12:11:41","date_gmt":"2022-08-30T10:11:41","guid":{"rendered":"https:\/\/www.sonnenseite.com\/?p=84862"},"modified":"2022-09-11T09:28:27","modified_gmt":"2022-09-11T07:28:27","slug":"sinkt-das-grundwasser-versickern-baeche-und-fluesse-und-verschmutzen-das-trinkwasser","status":"publish","type":"post","link":"https:\/\/www.sonnenseite.com\/de\/umwelt\/sinkt-das-grundwasser-versickern-baeche-und-fluesse-und-verschmutzen-das-trinkwasser\/","title":{"rendered":"Sinkt das Grundwasser, versickern B\u00e4che und Fl\u00fcsse und verschmutzen das Trinkwasser"},"content":{"rendered":"\n<p>Wenn der Klimawandel den St\u00f6psel zieht: Zunehmende Trockenheit, weniger Niederschlag, vermehrter Wasserbedarf in der Landwirtschaft \u2013 der Klimawandel macht unserem Grundwasser zu schaffen. <\/p>\n\n\n\n<p>In Deutschland und weltweit f\u00fchrt er regional zu sinkenden Grundwasserst\u00e4nden. Ist der unterirdische Wasserpegel niedrig, gelangt belastetes Oberfl\u00e4chenwasser aus B\u00e4chen und Fl\u00fcssen vermehrt ins Grundwasser. Die Folge: Unser Trinkwasser und die Grundwasser\u00f6kosysteme sind gef\u00e4hrdet, das Mengenproblem wird damit auch zu einem G\u00fcteproblem. <a href=\"https:\/\/www.sciencedirect.com\/science\/article\/abs\/pii\/S0043135422006029?via%3Dihub\">Das beschreiben Forscher aktuell im Fachmagazin \u201eWater Research\u201c.<\/a> Neue Forschungsans\u00e4tze und Konzepte zur Verbesserung der Grundwasserneubildung sind dringend notwendig und m\u00fcssen speziell auf die jeweiligen Regionen abgestimmt sein, so ihre Empfehlung.<\/p>\n\n\n\n<p>\u201eWir sehen hier eine direkte Folge des Klimawandels, wodurch unsere wichtigste Wasserressource \u2013 das Grundwasser \u2013 gef\u00e4hrdet ist\u201c, unterstreicht Hans J\u00fcrgen Hahn von der Universit\u00e4t Koblenz-Landau, einer der Autoren der Studie. In vielen Gegenden weltweit sinkt der Grundwasserspiegel zunehmend, da auch die Neubildungsrate von Grundwasser abnimmt. Gleichzeitig steigen die Grundwasserentnahmen durch die landwirtschaftliche Bew\u00e4sserung und f\u00fcr die Trinkwasserversorgung. Dies hat eine zus\u00e4tzliche Absenkung der Grundwasserst\u00e4nde zur Folge, und der Landschaftswasserhaushalt \u00e4ndert sich \u2013 die Klimafolgenspirale beginnt, sich immer schneller zu drehen. <\/p>\n\n\n\n<p>\u201eWir stehen dadurch vielerorts an einem Kipppunkt im Landschaftswasserhaushalt\u201c, erkl\u00e4rt Mitautorin Anke Uhl vom Arbeitskreis Quellen und Grundwasser der Deutschen Gesellschaft f\u00fcr Limnologie. Anders als bisher dr\u00fcckt das Grundwasser durch den gesunkenen Grundwasserstand an vielen Stellen nicht mehr nach oben und speist B\u00e4che und Fl\u00fcsse (exfiltriert), sondern das Wasser der Flie\u00dfgew\u00e4sser versickert nun in den Untergrund (infiltriert). Als Folge dieser Druckumkehr k\u00f6nnen Schadstoffe ins unterirdische Nass eindringen. Denn in den B\u00e4chen und Fl\u00fcssen flie\u00dfen nicht nur Regen- und Quellwasser, sondern auch die Abl\u00e4ufe von Kl\u00e4ranlagen. \u201eWir reichern das Grundwasser zunehmend mit Abwasserinhaltstoffen an \u2013 mit Resten von Medikamenten, Haushaltschemikalien, k\u00fcnstlichen S\u00fc\u00dfstoffen und anderen Schadstoffen\u201c, erkl\u00e4rt Christian Griebler von der Universit\u00e4t Wien.&nbsp;<\/p>\n\n\n\n<p>Ein weiterer Aspekt: Durch die Umkehr der Flie\u00dfrichtung zwischen Oberfl\u00e4chenwasser und Grundwasser trocknen Feuchtgebiete aus. \u201eDa alle aktuellen Studien in gro\u00dfen Teilen der Erde weitere R\u00fcckg\u00e4nge der Grundwasserst\u00e4nde vorhersagen, wird sich das Problem in Zukunft noch weiter verst\u00e4rken. Dadurch werden wir vor allem in den zunehmend trockenen Sommern damit konfrontiert werden\u201c, unterstreicht Petra D\u00f6ll von der Goethe-Universit\u00e4t Frankfurt am Main.&nbsp;<\/p>\n\n\n<div class=\"wp-block-image\">\n<figure class=\"aligncenter size-large is-resized\"><a href=\"https:\/\/www.sonnenseite.com\/wp-content\/uploads\/2022\/08\/uni-koblenz-landau_Grundwasser02.jpg\"><img loading=\"lazy\" decoding=\"async\" src=\"https:\/\/www.sonnenseite.com\/wp-content\/uploads\/2022\/08\/uni-koblenz-landau_Grundwasser02-1024x602.jpg\" alt=\"\" class=\"wp-image-84863\" width=\"512\" height=\"301\" srcset=\"https:\/\/www.sonnenseite.com\/wp-content\/uploads\/2022\/08\/uni-koblenz-landau_Grundwasser02-1024x602.jpg 1024w, https:\/\/www.sonnenseite.com\/wp-content\/uploads\/2022\/08\/uni-koblenz-landau_Grundwasser02-300x176.jpg 300w, https:\/\/www.sonnenseite.com\/wp-content\/uploads\/2022\/08\/uni-koblenz-landau_Grundwasser02-768x452.jpg 768w, https:\/\/www.sonnenseite.com\/wp-content\/uploads\/2022\/08\/uni-koblenz-landau_Grundwasser02-360x212.jpg 360w, https:\/\/www.sonnenseite.com\/wp-content\/uploads\/2022\/08\/uni-koblenz-landau_Grundwasser02.jpg 1190w\" sizes=\"auto, (max-width: 512px) 100vw, 512px\" \/><\/a><figcaption>\u00a9 Universit\u00e4t Koblenz-Landau \/ Sina Hurnik \/ Als Folge des Klimawandels kippt vielerorts der Landschaftswasserhaushalt: Durch sinkende Grundwasserst\u00e4nde versickern die Flie\u00dfgew\u00e4sser in den Untergrund und verschmutzen mit ihren Schadstoffen das Grundwasser. Zum Vergr\u00f6\u00dfern anklicken!<\/figcaption><\/figure>\n<\/div>\n\n\n<p>Ihre Schlussfolgerungen st\u00fctzen die Forschenden auf eine weltweite Literaturstudie zu den Folgen des Klimawandels, den Auswirkungen von Grundwasserentnahme auf diese Ressource sowie auf Fachartikel zu neuen Schadstoffen im Grundwasser. \u201eDiese Zusammenh\u00e4nge sind naheliegend, bislang hatte sie die Wissenschaft aber noch nicht auf dem Radar\u201c, ordnet Markus Weiler von der Universit\u00e4t Freiburg das Gewicht der Studienergebnisse ein.&nbsp;<\/p>\n\n\n\n<h5 class=\"wp-block-heading\">Regionale Unterschiede&nbsp;<\/h5>\n\n\n\n<p>Der Klimawandel findet regional unterschiedlich statt. Dabei variieren die Niederschl\u00e4ge, die Grundwasserneubildung und die Menge der Grundwasserentnahme je nach Gebiet wie auch die Auspr\u00e4gung der Wechselwirkung zwischen Oberfl\u00e4chenwasser und Grundwasser \u2013 die hydrogeologischen Verh\u00e4ltnisse.&nbsp;<\/p>\n\n\n\n<p>So sind in \u00d6sterreich insbesondere der Osten, Nordosten und S\u00fcdosten betroffen. Die in Deutschland beeintr\u00e4chtigten Gebiete sind \u00fcbers Bundesgebiet verteilt: Unter anderem sind die Regionen Oberrhein, Mittelfranken, Allg\u00e4u, \u00f6stliches Niedersachsen, westliches Nordrhein-Westfalen und S\u00fcdhessen betroffen sowie gro\u00dfe Teile der neuen Bundesl\u00e4nder.<\/p>\n\n\n\n<h5 class=\"wp-block-heading\">Konzepte auf die Gegebenheiten vor Ort anpassen<\/h5>\n\n\n\n<p>\u201eDie Studie zeigt vor allem auch, dass wir neue wissenschaftliche Ans\u00e4tze und Modelle auf regionaler und lokaler Ebene brauchen, um die Wechselwirkungen zwischen Oberfl\u00e4chenwasser und Grundwasser und vor allem die Kipppunkte im Landschaftswasserhaushalt zu ermitteln\u201c, erkl\u00e4rt Markus Noack von der Hochschule Karlsruhe. Klar wird auch: Das Oberfl\u00e4chenwasser muss weiter vor Verschmutzung gesch\u00fctzt werden. Denn der Zustand der oberirdischen Gew\u00e4sser hat direkte Konsequenzen f\u00fcr die Qualit\u00e4t des Grundwassers. Zur Minimierung von Schadstoffen im Wasserkreislauf gibt es eine L\u00f6sung: \u201eEs ist h\u00f6chste Zeit, den Wasserverbrauch industriell wie privat zu senken, um weniger Grundwasser f\u00f6rdern zu m\u00fcssen. Zus\u00e4tzlich ist es wichtig, den Eintrag langlebiger Schadstoffe in den Wasserkreislauf drastisch zu reduzieren und vierte Reinigungsstufen in Kl\u00e4ranlagen konsequent ausbauen\u201c, so Anke Uhl.<\/p>\n\n\n\n<ul class=\"wp-block-list\"><li><a href=\"https:\/\/doi.org\/10.1016\/j.watres.2022.118649\">&#8222;Making waves: Pulling the plug &#8211; Climate change effects will turn gaining into losing streams with detrimental effects on groundwater quality&#8220; | Water Research<\/a> Volume 220.\u00a0<\/li><li><a href=\"https:\/\/www.sonnenseite.com\/de\/tipps\/die-story-im-ersten-die-grosse-duerre\/\">Die Story im Ersten: \u201eDie gro\u00dfe D\u00fcrre\u201c | Was tun, damit Deutschland nicht austrocknet<\/a><\/li><li><a href=\"https:\/\/www.sonnenseite.com\/de\/franz-alt\/kommentare-interviews\/deutschland-braucht-einen-wasser-notfallplan\/\">Franz Alt: &#8222;Deutschland braucht einen Wasser-Notfallplan&#8220;<\/a><\/li><\/ul>\n\n\n<h5 class=\"green\">Quelle<\/h5>\r\n\n\n\n<p><a href=\"https:\/\/www.uni-koblenz-landau.de\/de\/aktuell\/archiv-2022\/studiewennderklimawandeldenstoepselzieht\">Universit\u00e4t Koblenz-Landau 2022<\/a><\/p>\n<div class=\"shariff shariff-align-flex-start shariff-widget-align-flex-start\"><div class=\"ShariffHeadline\">Diese Meldung teilen<\/div><ul class=\"shariff-buttons theme-round orientation-horizontal buttonsize-medium\"><li class=\"shariff-button facebook shariff-nocustomcolor\" style=\"background-color:#4273c8;border-radius:1%\"><a href=\"https:\/\/www.facebook.com\/sharer\/sharer.php?u=https%3A%2F%2Fwww.sonnenseite.com%2Fde%2Fumwelt%2Fsinkt-das-grundwasser-versickern-baeche-und-fluesse-und-verschmutzen-das-trinkwasser%2F\" title=\"Bei Facebook teilen\" aria-label=\"Bei Facebook teilen\" role=\"button\" rel=\"nofollow\" class=\"shariff-link\" style=\";border-radius:1%; background-color:#3b5998; color:#fff\" target=\"_blank\"><span class=\"shariff-icon\" style=\"\"><svg width=\"32px\" height=\"20px\" xmlns=\"http:\/\/www.w3.org\/2000\/svg\" viewBox=\"0 0 18 32\"><path fill=\"#3b5998\" d=\"M17.1 0.2v4.7h-2.8q-1.5 0-2.1 0.6t-0.5 1.9v3.4h5.2l-0.7 5.3h-4.5v13.6h-5.5v-13.6h-4.5v-5.3h4.5v-3.9q0-3.3 1.9-5.2t5-1.8q2.6 0 4.1 0.2z\"\/><\/svg><\/span><\/a><\/li><li class=\"shariff-button twitter shariff-nocustomcolor\" style=\"background-color:#595959;border-radius:1%\"><a href=\"https:\/\/twitter.com\/share?url=https%3A%2F%2Fwww.sonnenseite.com%2Fde%2Fumwelt%2Fsinkt-das-grundwasser-versickern-baeche-und-fluesse-und-verschmutzen-das-trinkwasser%2F&text=Sinkt%20das%20Grundwasser%2C%20versickern%20B%C3%A4che%20und%20Fl%C3%BCsse%20und%20verschmutzen%20das%20Trinkwasser\" title=\"Bei X teilen\" aria-label=\"Bei X teilen\" role=\"button\" rel=\"noopener nofollow\" class=\"shariff-link\" style=\";border-radius:1%; background-color:#000; color:#fff\" target=\"_blank\"><span class=\"shariff-icon\" style=\"\"><svg width=\"32px\" height=\"20px\" xmlns=\"http:\/\/www.w3.org\/2000\/svg\" viewBox=\"0 0 24 24\"><path fill=\"#000\" d=\"M14.258 10.152L23.176 0h-2.113l-7.747 8.813L7.133 0H0l9.352 13.328L0 23.973h2.113l8.176-9.309 6.531 9.309h7.133zm-2.895 3.293l-.949-1.328L2.875 1.56h3.246l6.086 8.523.945 1.328 7.91 11.078h-3.246zm0 0\"\/><\/svg><\/span><\/a><\/li><li class=\"shariff-button xing shariff-nocustomcolor\" style=\"background-color:#29888a;border-radius:1%\"><a href=\"https:\/\/www.xing.com\/spi\/shares\/new?url=https%3A%2F%2Fwww.sonnenseite.com%2Fde%2Fumwelt%2Fsinkt-das-grundwasser-versickern-baeche-und-fluesse-und-verschmutzen-das-trinkwasser%2F\" title=\"Bei XING teilen\" aria-label=\"Bei XING teilen\" role=\"button\" rel=\"noopener nofollow\" class=\"shariff-link\" style=\";border-radius:1%; background-color:#126567; color:#fff\" target=\"_blank\"><span class=\"shariff-icon\" style=\"\"><svg width=\"32px\" height=\"20px\" xmlns=\"http:\/\/www.w3.org\/2000\/svg\" viewBox=\"0 0 25 32\"><path fill=\"#126567\" d=\"M10.7 11.9q-0.2 0.3-4.6 8.2-0.5 0.8-1.2 0.8h-4.3q-0.4 0-0.5-0.3t0-0.6l4.5-8q0 0 0 0l-2.9-5q-0.2-0.4 0-0.7 0.2-0.3 0.5-0.3h4.3q0.7 0 1.2 0.8zM25.1 0.4q0.2 0.3 0 0.7l-9.4 16.7 6 11q0.2 0.4 0 0.6-0.2 0.3-0.6 0.3h-4.3q-0.7 0-1.2-0.8l-6-11.1q0.3-0.6 9.5-16.8 0.4-0.8 1.2-0.8h4.3q0.4 0 0.5 0.3z\"\/><\/svg><\/span><\/a><\/li><li class=\"shariff-button linkedin shariff-nocustomcolor\" style=\"background-color:#1488bf;border-radius:1%\"><a href=\"https:\/\/www.linkedin.com\/sharing\/share-offsite\/?url=https%3A%2F%2Fwww.sonnenseite.com%2Fde%2Fumwelt%2Fsinkt-das-grundwasser-versickern-baeche-und-fluesse-und-verschmutzen-das-trinkwasser%2F\" title=\"Bei LinkedIn teilen\" aria-label=\"Bei LinkedIn teilen\" role=\"button\" rel=\"noopener nofollow\" class=\"shariff-link\" style=\";border-radius:1%; background-color:#0077b5; color:#fff\" target=\"_blank\"><span class=\"shariff-icon\" style=\"\"><svg width=\"32px\" height=\"20px\" xmlns=\"http:\/\/www.w3.org\/2000\/svg\" viewBox=\"0 0 27 32\"><path fill=\"#0077b5\" d=\"M6.2 11.2v17.7h-5.9v-17.7h5.9zM6.6 5.7q0 1.3-0.9 2.2t-2.4 0.9h0q-1.5 0-2.4-0.9t-0.9-2.2 0.9-2.2 2.4-0.9 2.4 0.9 0.9 2.2zM27.4 18.7v10.1h-5.9v-9.5q0-1.9-0.7-2.9t-2.3-1.1q-1.1 0-1.9 0.6t-1.2 1.5q-0.2 0.5-0.2 1.4v9.9h-5.9q0-7.1 0-11.6t0-5.3l0-0.9h5.9v2.6h0q0.4-0.6 0.7-1t1-0.9 1.6-0.8 2-0.3q3 0 4.9 2t1.9 6z\"\/><\/svg><\/span><\/a><\/li><li class=\"shariff-button printer shariff-nocustomcolor\" style=\"background-color:#a8a8a8;border-radius:1%\"><a href=\"javascript:window.print()\" title=\"drucken\" aria-label=\"drucken\" role=\"button\" rel=\"noopener nofollow\" class=\"shariff-link\" style=\";border-radius:1%; background-color:#999; color:#fff\"><span class=\"shariff-icon\" style=\"\"><svg width=\"32px\" height=\"20px\" xmlns=\"http:\/\/www.w3.org\/2000\/svg\" viewBox=\"0 0 30 32\"><path fill=\"#999\" d=\"M6.8 27.4h16v-4.6h-16v4.6zM6.8 16h16v-6.8h-2.8q-0.7 0-1.2-0.5t-0.5-1.2v-2.8h-11.4v11.4zM27.4 17.2q0-0.5-0.3-0.8t-0.8-0.4-0.8 0.4-0.3 0.8 0.3 0.8 0.8 0.3 0.8-0.3 0.3-0.8zM29.7 17.2v7.4q0 0.2-0.2 0.4t-0.4 0.2h-4v2.8q0 0.7-0.5 1.2t-1.2 0.5h-17.2q-0.7 0-1.2-0.5t-0.5-1.2v-2.8h-4q-0.2 0-0.4-0.2t-0.2-0.4v-7.4q0-1.4 1-2.4t2.4-1h1.2v-9.7q0-0.7 0.5-1.2t1.2-0.5h12q0.7 0 1.6 0.4t1.3 0.8l2.7 2.7q0.5 0.5 0.9 1.4t0.4 1.6v4.6h1.1q1.4 0 2.4 1t1 2.4z\"\/><\/svg><\/span><\/a><\/li><li class=\"shariff-button mailto shariff-nocustomcolor\" style=\"background-color:#a8a8a8;border-radius:1%\"><a href=\"mailto:?body=https%3A%2F%2Fwww.sonnenseite.com%2Fde%2Fumwelt%2Fsinkt-das-grundwasser-versickern-baeche-und-fluesse-und-verschmutzen-das-trinkwasser%2F&subject=Sinkt%20das%20Grundwasser%2C%20versickern%20B%C3%A4che%20und%20Fl%C3%BCsse%20und%20verschmutzen%20das%20Trinkwasser\" title=\"Per E-Mail versenden\" aria-label=\"Per E-Mail versenden\" role=\"button\" rel=\"noopener nofollow\" class=\"shariff-link\" style=\";border-radius:1%; background-color:#999; color:#fff\"><span class=\"shariff-icon\" style=\"\"><svg width=\"32px\" height=\"20px\" xmlns=\"http:\/\/www.w3.org\/2000\/svg\" viewBox=\"0 0 32 32\"><path fill=\"#999\" d=\"M32 12.7v14.2q0 1.2-0.8 2t-2 0.9h-26.3q-1.2 0-2-0.9t-0.8-2v-14.2q0.8 0.9 1.8 1.6 6.5 4.4 8.9 6.1 1 0.8 1.6 1.2t1.7 0.9 2 0.4h0.1q0.9 0 2-0.4t1.7-0.9 1.6-1.2q3-2.2 8.9-6.1 1-0.7 1.8-1.6zM32 7.4q0 1.4-0.9 2.7t-2.2 2.2q-6.7 4.7-8.4 5.8-0.2 0.1-0.7 0.5t-1 0.7-0.9 0.6-1.1 0.5-0.9 0.2h-0.1q-0.4 0-0.9-0.2t-1.1-0.5-0.9-0.6-1-0.7-0.7-0.5q-1.6-1.1-4.7-3.2t-3.6-2.6q-1.1-0.7-2.1-2t-1-2.5q0-1.4 0.7-2.3t2.1-0.9h26.3q1.2 0 2 0.8t0.9 2z\"\/><\/svg><\/span><\/a><\/li><\/ul><\/div>","protected":false},"excerpt":{"rendered":"<p>Wenn der Klimawandel den St\u00f6psel zieht: Zunehmende Trockenheit, weniger Niederschlag, vermehrter Wasserbedarf in der Landwirtschaft \u2013 [&hellip;]<\/p>\n","protected":false},"author":3,"featured_media":84866,"comment_status":"closed","ping_status":"closed","sticky":false,"template":"","format":"standard","meta":{"inline_featured_image":false,"footnotes":""},"categories":[23],"tags":[],"class_list":["post-84862","post","type-post","status-publish","format-standard","has-post-thumbnail","hentry","category-umwelt"],"yoast_head":"<!-- This site is optimized with the Yoast SEO plugin v26.5 - https:\/\/yoast.com\/wordpress\/plugins\/seo\/ -->\n<title>Sinkt das Grundwasser, versickern B\u00e4che und Fl\u00fcsse und verschmutzen das Trinkwasser - Sonnenseite - \u00d6kologische Kommunikation mit Franz Alt<\/title>\n<meta name=\"description\" content=\"Wenn der Klimawandel den St\u00f6psel zieht: Zunehmende Trockenheit, weniger Niederschlag, vermehrter Wasserbedarf in der Landwirtschaft \u2013 der Klimawandel\" \/>\n<meta name=\"robots\" content=\"index, follow, max-snippet:-1, max-image-preview:large, max-video-preview:-1\" \/>\n<link rel=\"canonical\" href=\"https:\/\/www.sonnenseite.com\/de\/umwelt\/sinkt-das-grundwasser-versickern-baeche-und-fluesse-und-verschmutzen-das-trinkwasser\/\" \/>\n<meta property=\"og:locale\" content=\"de_DE\" \/>\n<meta property=\"og:type\" content=\"article\" \/>\n<meta property=\"og:title\" content=\"Sinkt das Grundwasser, versickern B\u00e4che und Fl\u00fcsse und verschmutzen das Trinkwasser - Sonnenseite - \u00d6kologische Kommunikation mit Franz Alt\" \/>\n<meta property=\"og:description\" content=\"Wenn der Klimawandel den St\u00f6psel zieht: Zunehmende Trockenheit, weniger Niederschlag, vermehrter Wasserbedarf in der Landwirtschaft \u2013 der Klimawandel\" \/>\n<meta property=\"og:url\" content=\"https:\/\/www.sonnenseite.com\/de\/umwelt\/sinkt-das-grundwasser-versickern-baeche-und-fluesse-und-verschmutzen-das-trinkwasser\/\" \/>\n<meta property=\"og:site_name\" content=\"Sonnenseite\" \/>\n<meta property=\"article:publisher\" content=\"https:\/\/www.facebook.com\/pages\/Franz-Alt-SONNENSEITECOM\/221072987903953?fref=ts\" \/>\n<meta property=\"article:published_time\" content=\"2022-08-30T10:11:41+00:00\" \/>\n<meta property=\"article:modified_time\" content=\"2022-09-11T07:28:27+00:00\" \/>\n<meta property=\"og:image\" content=\"https:\/\/www.sonnenseite.com\/wp-content\/uploads\/2022\/08\/uni-koblenz-landau_Grundwasser01.jpg\" \/>\n\t<meta property=\"og:image:width\" content=\"770\" \/>\n\t<meta property=\"og:image:height\" content=\"420\" \/>\n\t<meta property=\"og:image:type\" content=\"image\/jpeg\" \/>\n<meta name=\"author\" content=\"Bigi Alt\" \/>\n<meta name=\"twitter:card\" content=\"summary_large_image\" \/>\n<meta name=\"twitter:creator\" content=\"@franzalt\" \/>\n<meta name=\"twitter:site\" content=\"@franzalt\" \/>\n<meta name=\"twitter:label1\" content=\"Verfasst von\" \/>\n\t<meta name=\"twitter:data1\" content=\"Bigi Alt\" \/>\n\t<meta name=\"twitter:label2\" content=\"Gesch\u00e4tzte Lesezeit\" \/>\n\t<meta name=\"twitter:data2\" content=\"5\u00a0Minuten\" \/>\n<script type=\"application\/ld+json\" class=\"yoast-schema-graph\">{\"@context\":\"https:\/\/schema.org\",\"@graph\":[{\"@type\":\"Article\",\"@id\":\"https:\/\/www.sonnenseite.com\/de\/umwelt\/sinkt-das-grundwasser-versickern-baeche-und-fluesse-und-verschmutzen-das-trinkwasser\/#article\",\"isPartOf\":{\"@id\":\"https:\/\/www.sonnenseite.com\/de\/umwelt\/sinkt-das-grundwasser-versickern-baeche-und-fluesse-und-verschmutzen-das-trinkwasser\/\"},\"author\":{\"name\":\"Bigi Alt\",\"@id\":\"https:\/\/www.sonnenseite.com\/de\/#\/schema\/person\/50fda0e926597684c7cc6695238a4eb9\"},\"headline\":\"Sinkt das Grundwasser, versickern B\u00e4che und Fl\u00fcsse und verschmutzen das Trinkwasser\",\"datePublished\":\"2022-08-30T10:11:41+00:00\",\"dateModified\":\"2022-09-11T07:28:27+00:00\",\"mainEntityOfPage\":{\"@id\":\"https:\/\/www.sonnenseite.com\/de\/umwelt\/sinkt-das-grundwasser-versickern-baeche-und-fluesse-und-verschmutzen-das-trinkwasser\/\"},\"wordCount\":773,\"publisher\":{\"@id\":\"https:\/\/www.sonnenseite.com\/de\/#organization\"},\"image\":{\"@id\":\"https:\/\/www.sonnenseite.com\/de\/umwelt\/sinkt-das-grundwasser-versickern-baeche-und-fluesse-und-verschmutzen-das-trinkwasser\/#primaryimage\"},\"thumbnailUrl\":\"https:\/\/www.sonnenseite.com\/wp-content\/uploads\/2022\/08\/uni-koblenz-landau_Grundwasser01.jpg\",\"articleSection\":[\"Umwelt\"],\"inLanguage\":\"de\"},{\"@type\":\"WebPage\",\"@id\":\"https:\/\/www.sonnenseite.com\/de\/umwelt\/sinkt-das-grundwasser-versickern-baeche-und-fluesse-und-verschmutzen-das-trinkwasser\/\",\"url\":\"https:\/\/www.sonnenseite.com\/de\/umwelt\/sinkt-das-grundwasser-versickern-baeche-und-fluesse-und-verschmutzen-das-trinkwasser\/\",\"name\":\"Sinkt das Grundwasser, versickern B\u00e4che und Fl\u00fcsse und verschmutzen das Trinkwasser - Sonnenseite - \u00d6kologische Kommunikation mit Franz Alt\",\"isPartOf\":{\"@id\":\"https:\/\/www.sonnenseite.com\/de\/#website\"},\"primaryImageOfPage\":{\"@id\":\"https:\/\/www.sonnenseite.com\/de\/umwelt\/sinkt-das-grundwasser-versickern-baeche-und-fluesse-und-verschmutzen-das-trinkwasser\/#primaryimage\"},\"image\":{\"@id\":\"https:\/\/www.sonnenseite.com\/de\/umwelt\/sinkt-das-grundwasser-versickern-baeche-und-fluesse-und-verschmutzen-das-trinkwasser\/#primaryimage\"},\"thumbnailUrl\":\"https:\/\/www.sonnenseite.com\/wp-content\/uploads\/2022\/08\/uni-koblenz-landau_Grundwasser01.jpg\",\"datePublished\":\"2022-08-30T10:11:41+00:00\",\"dateModified\":\"2022-09-11T07:28:27+00:00\",\"description\":\"Wenn der Klimawandel den St\u00f6psel zieht: Zunehmende Trockenheit, weniger Niederschlag, vermehrter Wasserbedarf in der Landwirtschaft \u2013 der Klimawandel\",\"breadcrumb\":{\"@id\":\"https:\/\/www.sonnenseite.com\/de\/umwelt\/sinkt-das-grundwasser-versickern-baeche-und-fluesse-und-verschmutzen-das-trinkwasser\/#breadcrumb\"},\"inLanguage\":\"de\",\"potentialAction\":[{\"@type\":\"ReadAction\",\"target\":[\"https:\/\/www.sonnenseite.com\/de\/umwelt\/sinkt-das-grundwasser-versickern-baeche-und-fluesse-und-verschmutzen-das-trinkwasser\/\"]}]},{\"@type\":\"ImageObject\",\"inLanguage\":\"de\",\"@id\":\"https:\/\/www.sonnenseite.com\/de\/umwelt\/sinkt-das-grundwasser-versickern-baeche-und-fluesse-und-verschmutzen-das-trinkwasser\/#primaryimage\",\"url\":\"https:\/\/www.sonnenseite.com\/wp-content\/uploads\/2022\/08\/uni-koblenz-landau_Grundwasser01.jpg\",\"contentUrl\":\"https:\/\/www.sonnenseite.com\/wp-content\/uploads\/2022\/08\/uni-koblenz-landau_Grundwasser01.jpg\",\"width\":770,\"height\":420,\"caption\":\"Universit\u00e4t Koblenz-Landau \/ Hans J\u00fcrgen Hahn | Die ausgetrocknete Dreisam, westlich von Freiburg. Das Wasser ist den sinkenden Grundwasserst\u00e4nden gefolgt und im Untergrund versickert.\"},{\"@type\":\"BreadcrumbList\",\"@id\":\"https:\/\/www.sonnenseite.com\/de\/umwelt\/sinkt-das-grundwasser-versickern-baeche-und-fluesse-und-verschmutzen-das-trinkwasser\/#breadcrumb\",\"itemListElement\":[{\"@type\":\"ListItem\",\"position\":1,\"name\":\"Startseite\",\"item\":\"https:\/\/www.sonnenseite.com\/de\/\"},{\"@type\":\"ListItem\",\"position\":2,\"name\":\"Sinkt das Grundwasser, versickern B\u00e4che und Fl\u00fcsse und verschmutzen das Trinkwasser\"}]},{\"@type\":\"WebSite\",\"@id\":\"https:\/\/www.sonnenseite.com\/de\/#website\",\"url\":\"https:\/\/www.sonnenseite.com\/de\/\",\"name\":\"Sonnenseite\",\"description\":\"\u00d6kologische Kommunikation mit Franz Alt\",\"publisher\":{\"@id\":\"https:\/\/www.sonnenseite.com\/de\/#organization\"},\"potentialAction\":[{\"@type\":\"SearchAction\",\"target\":{\"@type\":\"EntryPoint\",\"urlTemplate\":\"https:\/\/www.sonnenseite.com\/de\/?s={search_term_string}\"},\"query-input\":{\"@type\":\"PropertyValueSpecification\",\"valueRequired\":true,\"valueName\":\"search_term_string\"}}],\"inLanguage\":\"de\"},{\"@type\":\"Organization\",\"@id\":\"https:\/\/www.sonnenseite.com\/de\/#organization\",\"name\":\"Sonnenseite\",\"url\":\"https:\/\/www.sonnenseite.com\/de\/\",\"logo\":{\"@type\":\"ImageObject\",\"inLanguage\":\"de\",\"@id\":\"https:\/\/www.sonnenseite.com\/de\/#\/schema\/logo\/image\/\",\"url\":\"https:\/\/www.sonnenseite.com\/wp-content\/uploads\/2020\/05\/Sonnenseite_Logo.png\",\"contentUrl\":\"https:\/\/www.sonnenseite.com\/wp-content\/uploads\/2020\/05\/Sonnenseite_Logo.png\",\"width\":377,\"height\":90,\"caption\":\"Sonnenseite\"},\"image\":{\"@id\":\"https:\/\/www.sonnenseite.com\/de\/#\/schema\/logo\/image\/\"},\"sameAs\":[\"https:\/\/www.facebook.com\/pages\/Franz-Alt-SONNENSEITECOM\/221072987903953?fref=ts\",\"https:\/\/x.com\/franzalt\",\"http:\/\/www.youtube.com\/results?search_query&amp;amp;quot;franz_alt&amp;amp;quot;&amp;amp;amp;amp;search_type&amp;amp;amp;amp;aq=f\"]},{\"@type\":\"Person\",\"@id\":\"https:\/\/www.sonnenseite.com\/de\/#\/schema\/person\/50fda0e926597684c7cc6695238a4eb9\",\"name\":\"Bigi Alt\"}]}<\/script>\n<!-- \/ Yoast SEO plugin. -->","yoast_head_json":{"title":"Sinkt das Grundwasser, versickern B\u00e4che und Fl\u00fcsse und verschmutzen das Trinkwasser - Sonnenseite - \u00d6kologische Kommunikation mit Franz Alt","description":"Wenn der Klimawandel den St\u00f6psel zieht: Zunehmende Trockenheit, weniger Niederschlag, vermehrter Wasserbedarf in der Landwirtschaft \u2013 der Klimawandel","robots":{"index":"index","follow":"follow","max-snippet":"max-snippet:-1","max-image-preview":"max-image-preview:large","max-video-preview":"max-video-preview:-1"},"canonical":"https:\/\/www.sonnenseite.com\/de\/umwelt\/sinkt-das-grundwasser-versickern-baeche-und-fluesse-und-verschmutzen-das-trinkwasser\/","og_locale":"de_DE","og_type":"article","og_title":"Sinkt das Grundwasser, versickern B\u00e4che und Fl\u00fcsse und verschmutzen das Trinkwasser - Sonnenseite - \u00d6kologische Kommunikation mit Franz Alt","og_description":"Wenn der Klimawandel den St\u00f6psel zieht: Zunehmende Trockenheit, weniger Niederschlag, vermehrter Wasserbedarf in der Landwirtschaft \u2013 der Klimawandel","og_url":"https:\/\/www.sonnenseite.com\/de\/umwelt\/sinkt-das-grundwasser-versickern-baeche-und-fluesse-und-verschmutzen-das-trinkwasser\/","og_site_name":"Sonnenseite","article_publisher":"https:\/\/www.facebook.com\/pages\/Franz-Alt-SONNENSEITECOM\/221072987903953?fref=ts","article_published_time":"2022-08-30T10:11:41+00:00","article_modified_time":"2022-09-11T07:28:27+00:00","og_image":[{"width":770,"height":420,"url":"https:\/\/www.sonnenseite.com\/wp-content\/uploads\/2022\/08\/uni-koblenz-landau_Grundwasser01.jpg","type":"image\/jpeg"}],"author":"Bigi Alt","twitter_card":"summary_large_image","twitter_creator":"@franzalt","twitter_site":"@franzalt","twitter_misc":{"Verfasst von":"Bigi Alt","Gesch\u00e4tzte Lesezeit":"5\u00a0Minuten"},"schema":{"@context":"https:\/\/schema.org","@graph":[{"@type":"Article","@id":"https:\/\/www.sonnenseite.com\/de\/umwelt\/sinkt-das-grundwasser-versickern-baeche-und-fluesse-und-verschmutzen-das-trinkwasser\/#article","isPartOf":{"@id":"https:\/\/www.sonnenseite.com\/de\/umwelt\/sinkt-das-grundwasser-versickern-baeche-und-fluesse-und-verschmutzen-das-trinkwasser\/"},"author":{"name":"Bigi Alt","@id":"https:\/\/www.sonnenseite.com\/de\/#\/schema\/person\/50fda0e926597684c7cc6695238a4eb9"},"headline":"Sinkt das Grundwasser, versickern B\u00e4che und Fl\u00fcsse und verschmutzen das Trinkwasser","datePublished":"2022-08-30T10:11:41+00:00","dateModified":"2022-09-11T07:28:27+00:00","mainEntityOfPage":{"@id":"https:\/\/www.sonnenseite.com\/de\/umwelt\/sinkt-das-grundwasser-versickern-baeche-und-fluesse-und-verschmutzen-das-trinkwasser\/"},"wordCount":773,"publisher":{"@id":"https:\/\/www.sonnenseite.com\/de\/#organization"},"image":{"@id":"https:\/\/www.sonnenseite.com\/de\/umwelt\/sinkt-das-grundwasser-versickern-baeche-und-fluesse-und-verschmutzen-das-trinkwasser\/#primaryimage"},"thumbnailUrl":"https:\/\/www.sonnenseite.com\/wp-content\/uploads\/2022\/08\/uni-koblenz-landau_Grundwasser01.jpg","articleSection":["Umwelt"],"inLanguage":"de"},{"@type":"WebPage","@id":"https:\/\/www.sonnenseite.com\/de\/umwelt\/sinkt-das-grundwasser-versickern-baeche-und-fluesse-und-verschmutzen-das-trinkwasser\/","url":"https:\/\/www.sonnenseite.com\/de\/umwelt\/sinkt-das-grundwasser-versickern-baeche-und-fluesse-und-verschmutzen-das-trinkwasser\/","name":"Sinkt das Grundwasser, versickern B\u00e4che und Fl\u00fcsse und verschmutzen das Trinkwasser - Sonnenseite - \u00d6kologische Kommunikation mit Franz Alt","isPartOf":{"@id":"https:\/\/www.sonnenseite.com\/de\/#website"},"primaryImageOfPage":{"@id":"https:\/\/www.sonnenseite.com\/de\/umwelt\/sinkt-das-grundwasser-versickern-baeche-und-fluesse-und-verschmutzen-das-trinkwasser\/#primaryimage"},"image":{"@id":"https:\/\/www.sonnenseite.com\/de\/umwelt\/sinkt-das-grundwasser-versickern-baeche-und-fluesse-und-verschmutzen-das-trinkwasser\/#primaryimage"},"thumbnailUrl":"https:\/\/www.sonnenseite.com\/wp-content\/uploads\/2022\/08\/uni-koblenz-landau_Grundwasser01.jpg","datePublished":"2022-08-30T10:11:41+00:00","dateModified":"2022-09-11T07:28:27+00:00","description":"Wenn der Klimawandel den St\u00f6psel zieht: Zunehmende Trockenheit, weniger Niederschlag, vermehrter Wasserbedarf in der Landwirtschaft \u2013 der Klimawandel","breadcrumb":{"@id":"https:\/\/www.sonnenseite.com\/de\/umwelt\/sinkt-das-grundwasser-versickern-baeche-und-fluesse-und-verschmutzen-das-trinkwasser\/#breadcrumb"},"inLanguage":"de","potentialAction":[{"@type":"ReadAction","target":["https:\/\/www.sonnenseite.com\/de\/umwelt\/sinkt-das-grundwasser-versickern-baeche-und-fluesse-und-verschmutzen-das-trinkwasser\/"]}]},{"@type":"ImageObject","inLanguage":"de","@id":"https:\/\/www.sonnenseite.com\/de\/umwelt\/sinkt-das-grundwasser-versickern-baeche-und-fluesse-und-verschmutzen-das-trinkwasser\/#primaryimage","url":"https:\/\/www.sonnenseite.com\/wp-content\/uploads\/2022\/08\/uni-koblenz-landau_Grundwasser01.jpg","contentUrl":"https:\/\/www.sonnenseite.com\/wp-content\/uploads\/2022\/08\/uni-koblenz-landau_Grundwasser01.jpg","width":770,"height":420,"caption":"Universit\u00e4t Koblenz-Landau \/ Hans J\u00fcrgen Hahn | Die ausgetrocknete Dreisam, westlich von Freiburg. Das Wasser ist den sinkenden Grundwasserst\u00e4nden gefolgt und im Untergrund versickert."},{"@type":"BreadcrumbList","@id":"https:\/\/www.sonnenseite.com\/de\/umwelt\/sinkt-das-grundwasser-versickern-baeche-und-fluesse-und-verschmutzen-das-trinkwasser\/#breadcrumb","itemListElement":[{"@type":"ListItem","position":1,"name":"Startseite","item":"https:\/\/www.sonnenseite.com\/de\/"},{"@type":"ListItem","position":2,"name":"Sinkt das Grundwasser, versickern B\u00e4che und Fl\u00fcsse und verschmutzen das Trinkwasser"}]},{"@type":"WebSite","@id":"https:\/\/www.sonnenseite.com\/de\/#website","url":"https:\/\/www.sonnenseite.com\/de\/","name":"Sonnenseite","description":"\u00d6kologische Kommunikation mit Franz Alt","publisher":{"@id":"https:\/\/www.sonnenseite.com\/de\/#organization"},"potentialAction":[{"@type":"SearchAction","target":{"@type":"EntryPoint","urlTemplate":"https:\/\/www.sonnenseite.com\/de\/?s={search_term_string}"},"query-input":{"@type":"PropertyValueSpecification","valueRequired":true,"valueName":"search_term_string"}}],"inLanguage":"de"},{"@type":"Organization","@id":"https:\/\/www.sonnenseite.com\/de\/#organization","name":"Sonnenseite","url":"https:\/\/www.sonnenseite.com\/de\/","logo":{"@type":"ImageObject","inLanguage":"de","@id":"https:\/\/www.sonnenseite.com\/de\/#\/schema\/logo\/image\/","url":"https:\/\/www.sonnenseite.com\/wp-content\/uploads\/2020\/05\/Sonnenseite_Logo.png","contentUrl":"https:\/\/www.sonnenseite.com\/wp-content\/uploads\/2020\/05\/Sonnenseite_Logo.png","width":377,"height":90,"caption":"Sonnenseite"},"image":{"@id":"https:\/\/www.sonnenseite.com\/de\/#\/schema\/logo\/image\/"},"sameAs":["https:\/\/www.facebook.com\/pages\/Franz-Alt-SONNENSEITECOM\/221072987903953?fref=ts","https:\/\/x.com\/franzalt","http:\/\/www.youtube.com\/results?search_query&amp;amp;quot;franz_alt&amp;amp;quot;&amp;amp;amp;amp;search_type&amp;amp;amp;amp;aq=f"]},{"@type":"Person","@id":"https:\/\/www.sonnenseite.com\/de\/#\/schema\/person\/50fda0e926597684c7cc6695238a4eb9","name":"Bigi Alt"}]}},"_links":{"self":[{"href":"https:\/\/www.sonnenseite.com\/de\/wp-json\/wp\/v2\/posts\/84862","targetHints":{"allow":["GET"]}}],"collection":[{"href":"https:\/\/www.sonnenseite.com\/de\/wp-json\/wp\/v2\/posts"}],"about":[{"href":"https:\/\/www.sonnenseite.com\/de\/wp-json\/wp\/v2\/types\/post"}],"author":[{"embeddable":true,"href":"https:\/\/www.sonnenseite.com\/de\/wp-json\/wp\/v2\/users\/3"}],"replies":[{"embeddable":true,"href":"https:\/\/www.sonnenseite.com\/de\/wp-json\/wp\/v2\/comments?post=84862"}],"version-history":[{"count":3,"href":"https:\/\/www.sonnenseite.com\/de\/wp-json\/wp\/v2\/posts\/84862\/revisions"}],"predecessor-version":[{"id":84884,"href":"https:\/\/www.sonnenseite.com\/de\/wp-json\/wp\/v2\/posts\/84862\/revisions\/84884"}],"wp:featuredmedia":[{"embeddable":true,"href":"https:\/\/www.sonnenseite.com\/de\/wp-json\/wp\/v2\/media\/84866"}],"wp:attachment":[{"href":"https:\/\/www.sonnenseite.com\/de\/wp-json\/wp\/v2\/media?parent=84862"}],"wp:term":[{"taxonomy":"category","embeddable":true,"href":"https:\/\/www.sonnenseite.com\/de\/wp-json\/wp\/v2\/categories?post=84862"},{"taxonomy":"post_tag","embeddable":true,"href":"https:\/\/www.sonnenseite.com\/de\/wp-json\/wp\/v2\/tags?post=84862"}],"curies":[{"name":"wp","href":"https:\/\/api.w.org\/{rel}","templated":true}]}}