{"id":85172,"date":"2022-09-10T12:52:30","date_gmt":"2022-09-10T10:52:30","guid":{"rendered":"https:\/\/www.sonnenseite.com\/?p=85172"},"modified":"2022-09-18T14:26:31","modified_gmt":"2022-09-18T12:26:31","slug":"chaostage-am-energiemarkt-das-erbe-von-cdu-csu","status":"publish","type":"post","link":"https:\/\/www.sonnenseite.com\/de\/energie\/chaostage-am-energiemarkt-das-erbe-von-cdu-csu\/","title":{"rendered":"Chaostage am Energiemarkt \u2013 das Erbe von CDU\/CSU"},"content":{"rendered":"\n<p>Die Ampelkoalition tagt, beschlie\u00dft, verwirft und beschlie\u00dft erneut: Offenbar sind die Spekulationen in den Energiem\u00e4rkten nur schwer in den Griff zu bekommen. Jahrzehntelange Vers\u00e4umnisse der Koalition von Union und Sozis lassen sich nicht innerhalb weniger Monate reparieren \u2013 oder doch? Von Heiko Schwarzburger &#8211; photovoltaik.eu<\/p>\n\n\n<div class=\"wp-block-image\">\n<figure class=\"alignleft size-full\"><img loading=\"lazy\" decoding=\"async\" width=\"277\" height=\"156\" src=\"https:\/\/www.sonnenseite.com\/wp-content\/uploads\/2022\/09\/HeikoSchwarzburger_MildredKlaus.webp\" alt=\"\" class=\"wp-image-85175\" srcset=\"https:\/\/www.sonnenseite.com\/wp-content\/uploads\/2022\/09\/HeikoSchwarzburger_MildredKlaus.webp 277w, https:\/\/www.sonnenseite.com\/wp-content\/uploads\/2022\/09\/HeikoSchwarzburger_MildredKlaus-275x156.webp 275w\" sizes=\"auto, (max-width: 277px) 100vw, 277px\" \/><figcaption>\u00a9 Mildred Klaus | Heiko Schwarzburger &#8211; photovoltaik.eu<\/figcaption><\/figure>\n<\/div>\n\n\n<p>Streckbetrieb der AKW und \u00dcbergewinnsteuer f\u00fcr Ertr\u00e4ge aus erneuerbaren Energien: Diese beiden Schlagworte markieren die Aufreger, die gegenw\u00e4rtig durch Hirne und Medien spuken. Immer wieder geraten Bundeswirtschaftsminister Robert Habeck (B90\/Gr\u00fcne) und Finanzminister Christian Lindner (Freie Demokraten) ins Visier, ernten Zuspruch und Widerspruch, obwohl eigentlich (noch) nichts wirklich klar ist.<\/p>\n\n\n\n<h5 class=\"wp-block-heading\">Das Erbe der alten Groko<\/h5>\n\n\n\n<p>Zun\u00e4chst einmal: Die Verwerfungen an den Energiem\u00e4rkten sind das Erbe der alten Koalition aus Unionspartei und Sozis. Sie hat uns die nahezu totale Abh\u00e4ngigkeit von Putins Gasfelder beschert. Ebenso wurde die weltweite Atomindustrie von Rossatom abh\u00e4ngig, denn selbst an deutschen AKW und an der Versorgung mit nuklearen Brennst\u00e4ben sind die Russen ordentlich beteiligt. Was f\u00fcr Gas gilt, gilt faktisch ebenso f\u00fcr Uran.<\/p>\n\n\n\n<h5 class=\"wp-block-heading\">Erneuerbare Energien blockiert<\/h5>\n\n\n\n<p>Zudem hat die alte Koalition den Ausbau der erneuerbaren Energien blockiert, und zwar ohne Hemmungen. H\u00e4tten sich Philipp R\u00f6sler (FDP), Sigmar Gabriel (SPD) oder Peter Altmaier (CDU) mit ihren Novellen des EEG nicht in verantwortungsloser Weise quergestellt, h\u00e4tten wir heute schon 80 Prozent \u00d6kostrom in den deutschen Netzen, nicht nur 50 Prozent.<\/p>\n\n\n\n<p>Das muss dargestellt werden, um zu verstehen, was eigentlich geschieht. Dass Putin den Krieg gegen die Ukraine entfesselt hat und der deutschen Industrie den Gashahn abdreht, hat das Problem kurzfristig versch\u00e4rft. Angelegt war es bereits: Es musste kommen, wie es geschah.<\/p>\n\n\n\n<h5 class=\"wp-block-heading\">Die Putinfreunde aus der Union<\/h5>\n\n\n\n<p>Es \u00fcberrascht auch nicht, dass Putinfreunde wie Friedrich Merz (CDU) und Markus S\u00f6der (CSU) die alte Politik fortsetzen wollen. Sie reden der Atomkraft das Wort, fordern verl\u00e4ngerte Laufzeiten. Was anderes ist das, als eine handfeste Unterst\u00fctzung des milit\u00e4risch-nuklearen Komplexes, der hinter Putin steht und seine Politik \u00fcberhaupt erst erm\u00f6glicht?<\/p>\n\n\n\n<h5 class=\"wp-block-heading\">Gefahren in Saporischschja<\/h5>\n\n\n\n<p>Angesichts der Gefahren eines Super-Gaus im AKW von Saporischschja alte Meiler am Netz halten zu wollen, ist \u2013 gelinde gesagt \u2013 eine Verantwortungslosigkeit, die im Strafrecht mit Vorsatz gleichzusetzen ist. Niemand kann sich mehr auf Fahrl\u00e4ssigkeit berufen, oder gar auf Unwissenheit \u2013 jetzt, da die Risiken und Gefahren offen sichtbar sind.<\/p>\n\n\n\n<h5 class=\"wp-block-heading\">CDU\/CSU mauern bei der Windkraft<\/h5>\n\n\n\n<p>Und weiterhin str\u00e4uben sich CDU\/CSU beispielsweise gegen den Ausbau der Windkraft: in Bayern, in Sachsen, in Th\u00fcringen. Statt dessen wird mit den Existenz\u00e4ngsten der (kleinen) Leute Stimmung gemacht, werden Unternehmer vorgeschickt, die sich weigern, die Zeichen der Zeit zu erkennen.<\/p>\n\n\n\n<p>Wenn energieintensive Firmen jetzt nach dem Staat und seiner Hilfe rufen, beweisen sie nur, dass sie wichtige Jahre verschlafen haben. Dass solarer Eigenstrom oder sauberer Netzstrom aus Windkraft oder Solarfeldern die Energiekosten der Unternehmen entlastet, ist ja keine neue Erkenntnis.<\/p>\n\n\n\n<h5 class=\"wp-block-heading\">\u00dcbergewinne absch\u00f6pfen<\/h5>\n\n\n\n<p>Der Staat und seine Hilfen: Darum dreht sich der Stress innerhalb der Ampelkoalition. J\u00fcngst entsprang den Hirnen der Beamten im Bundeswirtschaftsministerium die Idee, dass man doch \u00dcbergewinne aus den erneuerbaren Energien absch\u00f6pfen k\u00f6nnte.<\/p>\n\n\n\n<p>Darauf muss man erst einmal kommen, denn die Windparks und die Solarparks haben die gegenw\u00e4rtigen Energiekrise nicht verursacht. Im Gegenteil: Sie wirken d\u00e4mpfend auf die Preise.<\/p>\n\n\n\n<h5 class=\"wp-block-heading\">Umsichtig am Markt agieren<\/h5>\n\n\n\n<p>Solide, am Markt umsichtig handelnde Anbieter von Gr\u00fcnstrom haben in den vergangenen Wochen gezeigt, dass die Preiserh\u00f6hungen durchaus moderat ausfallen konnten. Wer als Stromanbieter \u00fcber eine breite Einkaufsbasis in den erneuerbaren Energien verf\u00fcgt, ist krisenfest und kann diese Vorteile an die Kunden weitergeben.<\/p>\n\n\n\n<p>Deshalb denke ich, dass man die Absch\u00f6pfung der \u00dcbergewinne gelassen sehen kann. \u00dcbergewinne sind an Spekulationspreise im Strommarkt gekoppelt. Das betrifft vor allem Anbieter, die bisher auf schmutzige Energie setzten und mit niedrigen Preisen warben.<\/p>\n\n\n\n<h5 class=\"wp-block-heading\">Nicht an Spekulationen beteiligen<\/h5>\n\n\n\n<p>Doch jetzt ist Schluss mit billisch! Jetzt bildet der Markt sehr genau ab, was fossile Energien kosten! Das bedeutet: Die Energiem\u00e4rkte funktionieren und zeigen sehr genau, was geschehen muss.<\/p>\n\n\n\n<p>Solange sich die Anbieter von \u00d6kostrom nicht an den Spekulationen im Strommarkt beteiligen und die Preise k\u00fcnstlich \u00fcberh\u00f6hen, wird es keine absch\u00f6pfbaren \u00dcbergewinne geben. Zumal bislang nichts definiert ist, ich meine: rechtssicher definiert. Was sind \u00dcbergewinne? Wie werden sie abgesch\u00f6pft? Geht es um Bu\u00dfgelder, um eine Steuer, um freiwillige Abgaben?<\/p>\n\n\n\n<h5 class=\"wp-block-heading\">Streckbetrieb ist eine Beruhigungspille<\/h5>\n\n\n\n<p>Das Thema ber\u00fchrt auch das zweite Aufregerthema: Den Streckbetrieb der beiden Atomreaktoren in Neckarwestheim und an der Isar. Sie sollen bis April in Bereitschaft bleiben, um bei Stromknappheit dem Netz auszuhelfen.<\/p>\n\n\n\n<p>Die technische Sicherheit der AKW wurde 2009 letztmalig untersucht, also ist der Weiterbetrieb prinzipiell ein Rechtsbruch und verst\u00f6\u00dft gegen jegliche Vorschriften. Aber nehmen wir den Vorschlag von Robert Habeck als das, was er eigentlich ist: eine Beruhigungspille f\u00fcr einfache, leicht zu erregende Gem\u00fcter.<\/p>\n\n\n\n<h5 class=\"wp-block-heading\">\u00dcbergewinne durch Atomstrom<\/h5>\n\n\n\n<p>Dann d\u00fcrften die Reaktoren im kommenden Winter anspringen, wenn das Netz nicht ausreichend mit Strom versorgt wird. Abgesehen davon, dass sie regelungstechnisch sehr lahme Enten sind, so k\u00e4me der Atomstrom (ca. zwei Gigawatt) immer dann ins Netz und damit zu den Kunden, wenn die Strompreise durch die Decke gehen.<\/p>\n\n\n\n<p>Sie w\u00fcrden als Spitzenlastkraftwerke agieren, was nat\u00fcrlich Bl\u00f6dsinn ist. Denn Atomreaktoren brauchen Tage und Wochen, ehe sie mit ihrer Leistung am Netz wirksam werden. Mit den beiden genannten Reaktoren w\u00e4ren es ohnehin nur zwei Gigawatt. Das wird nicht funktionieren. Denn die Preise d\u00fcrften viel volatiler sein, als die Leitwarte des AKW reagieren k\u00f6nnte.<\/p>\n\n\n\n<p>Hohe Strompreise w\u00e4ren die sofortige Folge von Unterdeckung, wie die steil ansteigenden Gaspreise derzeit eine Folge des Gasmangels \u2013 tats\u00e4chlich oder bef\u00fcrchtet \u2013 sind. Eine wichtige Frage wird sein, ob eine denkbare Unterdeckung in den Wintermonaten im deutschen Stromnetz allein durch hohe Nachfrage von deutschen Abnehmern verursacht wird.<\/p>\n\n\n\n<h5 class=\"wp-block-heading\">Exportstopp f\u00fcr Strom nach Frankreich?<\/h5>\n\n\n\n<p>Oder ob die beiden Reaktoren anspringen, weil die franz\u00f6sischen Atommeiler den Bedarf in ihrem Land nicht decken k\u00f6nnen und Strom aus Deutschland einkaufen m\u00fcssen. Dann w\u00fcrden deutsche AKW anlaufen, um franz\u00f6sische Schrottmeiler zu ersetzen. Ein bizarres Szenario!<\/p>\n\n\n\n<p>In jedem Falle m\u00fcssten die Betreiber der AKW unzweifelhaft \u00dcbergewinne abf\u00fchren, weil bereits abgeschriebene AKW relativ geringe Gestehungskosten haben, der Atomstrom aber zu H\u00f6chstpreisen gehandelt w\u00fcrde. Weil er sozusagen als letztes am Netz aktive Kraftwerk gilt und nach dem Merit-Order-Effekt die H\u00f6chstpreise des Strommangels absch\u00f6pfen k\u00f6nnte. Finde ich jut.<\/p>\n\n\n\n<p>Ich denke: Es wird f\u00fcr die Betreiber preiswerter sein, die Schrottmeiler sogleich vom Netz zu nehmen. Aber es geht um Beruhigungspillen, nicht um \u00f6konomische Tatsachen. Es geht um Psychologie und um die \u00c4ngste in der Gesellschaft. Meine Vermutung: Wir werden im kommenden Winter lernen, dass wir die beiden Reaktoren nicht brauchen.<\/p>\n\n\n\n<h5 class=\"wp-block-heading\">17 Milliarden Euro gegen Albtr\u00e4ume<\/h5>\n\n\n\n<p>Noch ein Wort zu den \u00c4ngsten der (kleinen) Leuten und der Firmenchefs, die jetzt von Albtr\u00e4umen geplagt sind. Es gibt einen \u00dcbergewinner, der durch die steigenden Strompreise Milliarden Euro verdient hat. Simone Peter vom Bundesverband Erneuerbare Energien hat vergangene Woche darauf hingewiesen: Auf dem EEG-Konto der \u00dcbertragungsnetzbetreiber haben sich mittlerweile 17 Milliarden Euro angesammelt.<\/p>\n\n\n\n<p>Bis zur Abschaffung der EEG-Umlage zur Jahresmitte profitierte das Konto von den drastisch steigenden Strompreisen. Zudem hat der Staat deutlich mehr Stromsteuer eingenommen. 17 Milliarden Euro stehen Herrn Lindner problemlos zur Verf\u00fcgung, um sie an die B\u00fcrgerinnen und B\u00fcrger zur\u00fcckzugeben. Oder die energieintensive Industrie durch Kredite zu unterst\u00fctzen, um ihre Versorgung m\u00f6glichst schnell auf erneuerbare Energien umzustellen.<\/p>\n\n\n\n<h5 class=\"wp-block-heading\">Wer hohe Preise belohnt, st\u00fctzt Putin<\/h5>\n\n\n\n<p>Denn es kann nicht darum gehen, die hohen Gaspreise zu belohnen, in dem der Staat daf\u00fcr (teilweise) aufkommt. Gasprom hat Rekordgewinne gemeldet, obwohl die Russen deutlich weniger Gas an Europa verkauft haben.<\/p>\n\n\n\n<p>Es muss darum gehen, den Bedarf an russischem Erdgas auf Null zu dr\u00fccken. Wir m\u00fcssen Putin den Gashahn abdrehen, nicht umgekehrt! Daf\u00fcr brauchen wir mehr erneuerbare Energien, brauchen hundert Prozent erneuerbare Energie \u2013 im Strommarkt, in der W\u00e4rmeversorgung, in der Mobilit\u00e4t!<\/p>\n\n\n\n<p>Wer seine Politik nicht energisch auf dieses Ziel ausrichtet, ist letztlich ein Freund Putins, schmiert den uns\u00e4glichen Krieg gegen Frauen, Kinder und Greise in der Ukraine.<\/p>\n\n\n<h5 class=\"green\">Quelle<\/h5>\r\n\n\n\n<p><a href=\"mailto:schwarzburgeer@photovoltaik.eu\">Heiko Schwarzburger<\/a> &#8211; <a href=\"https:\/\/www.photovoltaik.eu\/blog\/chaostage-am-energiemarkt-das-erbe-von-cdu-csu\">Chefredakteur des Fachmediums photovoltaik und www.photovoltaik.eu<\/a> | <a href=\"https:\/\/www.photovoltaik.eu\/tags\/blog\">Hier finden Sie alle Blogs des Chefredakteurs und seiner G\u00e4ste.<\/a> | darf\u00a0nicht\u00a0<a href=\"mailto:schwarzburger@photovoltaik.eu\" target=\"_blank\" rel=\"noreferrer noopener\">ohne Genehmigung\u00a0weiterverbreitet<\/a>\u00a0werden!\u00a0|\u00a0<a href=\"https:\/\/www.photovoltaik.eu\/\">photovoltaik.eu 2022<\/a>\u00a0|\u00a0<a href=\"https:\/\/www.photovoltaik.eu\/heftarchiv\/ausgabe-06-2022\">photovoltaik 06\/2022 | Inhalt<\/a> \u00a0|\u00a0\u00a0<a href=\"https:\/\/gentnershop.de\/pv\/hefte\">Einzelheftbestellung<\/a><\/p>\n<div class=\"shariff shariff-align-flex-start shariff-widget-align-flex-start\"><div class=\"ShariffHeadline\">Diese Meldung teilen<\/div><ul class=\"shariff-buttons theme-round orientation-horizontal buttonsize-medium\"><li class=\"shariff-button facebook shariff-nocustomcolor\" style=\"background-color:#4273c8;border-radius:1%\"><a href=\"https:\/\/www.facebook.com\/sharer\/sharer.php?u=https%3A%2F%2Fwww.sonnenseite.com%2Fde%2Fenergie%2Fchaostage-am-energiemarkt-das-erbe-von-cdu-csu%2F\" title=\"Bei Facebook teilen\" aria-label=\"Bei Facebook teilen\" role=\"button\" rel=\"nofollow\" class=\"shariff-link\" style=\";border-radius:1%; background-color:#3b5998; color:#fff\" target=\"_blank\"><span class=\"shariff-icon\" style=\"\"><svg width=\"32px\" height=\"20px\" xmlns=\"http:\/\/www.w3.org\/2000\/svg\" viewBox=\"0 0 18 32\"><path fill=\"#3b5998\" d=\"M17.1 0.2v4.7h-2.8q-1.5 0-2.1 0.6t-0.5 1.9v3.4h5.2l-0.7 5.3h-4.5v13.6h-5.5v-13.6h-4.5v-5.3h4.5v-3.9q0-3.3 1.9-5.2t5-1.8q2.6 0 4.1 0.2z\"\/><\/svg><\/span><\/a><\/li><li class=\"shariff-button twitter shariff-nocustomcolor\" style=\"background-color:#595959;border-radius:1%\"><a href=\"https:\/\/twitter.com\/share?url=https%3A%2F%2Fwww.sonnenseite.com%2Fde%2Fenergie%2Fchaostage-am-energiemarkt-das-erbe-von-cdu-csu%2F&text=Chaostage%20am%20Energiemarkt%20%E2%80%93%20das%20Erbe%20von%20CDU%2FCSU\" title=\"Bei X teilen\" aria-label=\"Bei X teilen\" role=\"button\" rel=\"noopener nofollow\" class=\"shariff-link\" style=\";border-radius:1%; background-color:#000; color:#fff\" target=\"_blank\"><span class=\"shariff-icon\" style=\"\"><svg width=\"32px\" height=\"20px\" xmlns=\"http:\/\/www.w3.org\/2000\/svg\" viewBox=\"0 0 24 24\"><path fill=\"#000\" d=\"M14.258 10.152L23.176 0h-2.113l-7.747 8.813L7.133 0H0l9.352 13.328L0 23.973h2.113l8.176-9.309 6.531 9.309h7.133zm-2.895 3.293l-.949-1.328L2.875 1.56h3.246l6.086 8.523.945 1.328 7.91 11.078h-3.246zm0 0\"\/><\/svg><\/span><\/a><\/li><li class=\"shariff-button xing shariff-nocustomcolor\" style=\"background-color:#29888a;border-radius:1%\"><a href=\"https:\/\/www.xing.com\/spi\/shares\/new?url=https%3A%2F%2Fwww.sonnenseite.com%2Fde%2Fenergie%2Fchaostage-am-energiemarkt-das-erbe-von-cdu-csu%2F\" title=\"Bei XING teilen\" aria-label=\"Bei XING teilen\" role=\"button\" rel=\"noopener nofollow\" class=\"shariff-link\" style=\";border-radius:1%; background-color:#126567; color:#fff\" target=\"_blank\"><span class=\"shariff-icon\" style=\"\"><svg width=\"32px\" height=\"20px\" xmlns=\"http:\/\/www.w3.org\/2000\/svg\" viewBox=\"0 0 25 32\"><path fill=\"#126567\" d=\"M10.7 11.9q-0.2 0.3-4.6 8.2-0.5 0.8-1.2 0.8h-4.3q-0.4 0-0.5-0.3t0-0.6l4.5-8q0 0 0 0l-2.9-5q-0.2-0.4 0-0.7 0.2-0.3 0.5-0.3h4.3q0.7 0 1.2 0.8zM25.1 0.4q0.2 0.3 0 0.7l-9.4 16.7 6 11q0.2 0.4 0 0.6-0.2 0.3-0.6 0.3h-4.3q-0.7 0-1.2-0.8l-6-11.1q0.3-0.6 9.5-16.8 0.4-0.8 1.2-0.8h4.3q0.4 0 0.5 0.3z\"\/><\/svg><\/span><\/a><\/li><li class=\"shariff-button linkedin shariff-nocustomcolor\" style=\"background-color:#1488bf;border-radius:1%\"><a href=\"https:\/\/www.linkedin.com\/sharing\/share-offsite\/?url=https%3A%2F%2Fwww.sonnenseite.com%2Fde%2Fenergie%2Fchaostage-am-energiemarkt-das-erbe-von-cdu-csu%2F\" title=\"Bei LinkedIn teilen\" aria-label=\"Bei LinkedIn teilen\" role=\"button\" rel=\"noopener nofollow\" class=\"shariff-link\" style=\";border-radius:1%; background-color:#0077b5; color:#fff\" target=\"_blank\"><span class=\"shariff-icon\" style=\"\"><svg width=\"32px\" height=\"20px\" xmlns=\"http:\/\/www.w3.org\/2000\/svg\" viewBox=\"0 0 27 32\"><path fill=\"#0077b5\" d=\"M6.2 11.2v17.7h-5.9v-17.7h5.9zM6.6 5.7q0 1.3-0.9 2.2t-2.4 0.9h0q-1.5 0-2.4-0.9t-0.9-2.2 0.9-2.2 2.4-0.9 2.4 0.9 0.9 2.2zM27.4 18.7v10.1h-5.9v-9.5q0-1.9-0.7-2.9t-2.3-1.1q-1.1 0-1.9 0.6t-1.2 1.5q-0.2 0.5-0.2 1.4v9.9h-5.9q0-7.1 0-11.6t0-5.3l0-0.9h5.9v2.6h0q0.4-0.6 0.7-1t1-0.9 1.6-0.8 2-0.3q3 0 4.9 2t1.9 6z\"\/><\/svg><\/span><\/a><\/li><li class=\"shariff-button printer shariff-nocustomcolor\" style=\"background-color:#a8a8a8;border-radius:1%\"><a href=\"javascript:window.print()\" title=\"drucken\" aria-label=\"drucken\" role=\"button\" rel=\"noopener nofollow\" class=\"shariff-link\" style=\";border-radius:1%; background-color:#999; color:#fff\"><span class=\"shariff-icon\" style=\"\"><svg width=\"32px\" height=\"20px\" xmlns=\"http:\/\/www.w3.org\/2000\/svg\" viewBox=\"0 0 30 32\"><path fill=\"#999\" d=\"M6.8 27.4h16v-4.6h-16v4.6zM6.8 16h16v-6.8h-2.8q-0.7 0-1.2-0.5t-0.5-1.2v-2.8h-11.4v11.4zM27.4 17.2q0-0.5-0.3-0.8t-0.8-0.4-0.8 0.4-0.3 0.8 0.3 0.8 0.8 0.3 0.8-0.3 0.3-0.8zM29.7 17.2v7.4q0 0.2-0.2 0.4t-0.4 0.2h-4v2.8q0 0.7-0.5 1.2t-1.2 0.5h-17.2q-0.7 0-1.2-0.5t-0.5-1.2v-2.8h-4q-0.2 0-0.4-0.2t-0.2-0.4v-7.4q0-1.4 1-2.4t2.4-1h1.2v-9.7q0-0.7 0.5-1.2t1.2-0.5h12q0.7 0 1.6 0.4t1.3 0.8l2.7 2.7q0.5 0.5 0.9 1.4t0.4 1.6v4.6h1.1q1.4 0 2.4 1t1 2.4z\"\/><\/svg><\/span><\/a><\/li><li class=\"shariff-button mailto shariff-nocustomcolor\" style=\"background-color:#a8a8a8;border-radius:1%\"><a href=\"mailto:?body=https%3A%2F%2Fwww.sonnenseite.com%2Fde%2Fenergie%2Fchaostage-am-energiemarkt-das-erbe-von-cdu-csu%2F&subject=Chaostage%20am%20Energiemarkt%20%E2%80%93%20das%20Erbe%20von%20CDU%2FCSU\" title=\"Per E-Mail versenden\" aria-label=\"Per E-Mail versenden\" role=\"button\" rel=\"noopener nofollow\" class=\"shariff-link\" style=\";border-radius:1%; background-color:#999; color:#fff\"><span class=\"shariff-icon\" style=\"\"><svg width=\"32px\" height=\"20px\" xmlns=\"http:\/\/www.w3.org\/2000\/svg\" viewBox=\"0 0 32 32\"><path fill=\"#999\" d=\"M32 12.7v14.2q0 1.2-0.8 2t-2 0.9h-26.3q-1.2 0-2-0.9t-0.8-2v-14.2q0.8 0.9 1.8 1.6 6.5 4.4 8.9 6.1 1 0.8 1.6 1.2t1.7 0.9 2 0.4h0.1q0.9 0 2-0.4t1.7-0.9 1.6-1.2q3-2.2 8.9-6.1 1-0.7 1.8-1.6zM32 7.4q0 1.4-0.9 2.7t-2.2 2.2q-6.7 4.7-8.4 5.8-0.2 0.1-0.7 0.5t-1 0.7-0.9 0.6-1.1 0.5-0.9 0.2h-0.1q-0.4 0-0.9-0.2t-1.1-0.5-0.9-0.6-1-0.7-0.7-0.5q-1.6-1.1-4.7-3.2t-3.6-2.6q-1.1-0.7-2.1-2t-1-2.5q0-1.4 0.7-2.3t2.1-0.9h26.3q1.2 0 2 0.8t0.9 2z\"\/><\/svg><\/span><\/a><\/li><\/ul><\/div>","protected":false},"excerpt":{"rendered":"<p>Die Ampelkoalition tagt, beschlie\u00dft, verwirft und beschlie\u00dft erneut: Offenbar sind die Spekulationen in den Energiem\u00e4rkten nur [&hellip;]<\/p>\n","protected":false},"author":3,"featured_media":78405,"comment_status":"closed","ping_status":"closed","sticky":false,"template":"","format":"standard","meta":{"inline_featured_image":false,"footnotes":""},"categories":[22],"tags":[],"class_list":["post-85172","post","type-post","status-publish","format-standard","has-post-thumbnail","hentry","category-energie"],"yoast_head":"<!-- This site is optimized with the Yoast SEO plugin v26.5 - https:\/\/yoast.com\/wordpress\/plugins\/seo\/ -->\n<title>Chaostage am Energiemarkt \u2013 das Erbe von CDU\/CSU - Sonnenseite - \u00d6kologische Kommunikation mit Franz Alt<\/title>\n<meta name=\"description\" content=\"Die Ampelkoalition tagt, beschlie\u00dft, verwirft und beschlie\u00dft erneut: Offenbar sind die Spekulationen in den Energiem\u00e4rkten nur schwer in den Griff zu\" \/>\n<meta name=\"robots\" content=\"index, follow, max-snippet:-1, max-image-preview:large, max-video-preview:-1\" \/>\n<link rel=\"canonical\" href=\"https:\/\/www.sonnenseite.com\/de\/energie\/chaostage-am-energiemarkt-das-erbe-von-cdu-csu\/\" \/>\n<meta property=\"og:locale\" content=\"de_DE\" \/>\n<meta property=\"og:type\" content=\"article\" \/>\n<meta property=\"og:title\" content=\"Chaostage am Energiemarkt \u2013 das Erbe von CDU\/CSU - Sonnenseite - \u00d6kologische Kommunikation mit Franz Alt\" \/>\n<meta property=\"og:description\" content=\"Die Ampelkoalition tagt, beschlie\u00dft, verwirft und beschlie\u00dft erneut: Offenbar sind die Spekulationen in den Energiem\u00e4rkten nur schwer in den Griff zu\" \/>\n<meta property=\"og:url\" content=\"https:\/\/www.sonnenseite.com\/de\/energie\/chaostage-am-energiemarkt-das-erbe-von-cdu-csu\/\" \/>\n<meta property=\"og:site_name\" content=\"Sonnenseite\" \/>\n<meta property=\"article:publisher\" content=\"https:\/\/www.facebook.com\/pages\/Franz-Alt-SONNENSEITECOM\/221072987903953?fref=ts\" \/>\n<meta property=\"article:published_time\" content=\"2022-09-10T10:52:30+00:00\" \/>\n<meta property=\"article:modified_time\" content=\"2022-09-18T12:26:31+00:00\" \/>\n<meta property=\"og:image\" content=\"https:\/\/www.sonnenseite.com\/wp-content\/uploads\/2022\/01\/Energie_janefromyork.jpg\" \/>\n\t<meta property=\"og:image:width\" content=\"770\" \/>\n\t<meta property=\"og:image:height\" content=\"420\" \/>\n\t<meta property=\"og:image:type\" content=\"image\/jpeg\" \/>\n<meta name=\"author\" content=\"Bigi Alt\" \/>\n<meta name=\"twitter:card\" content=\"summary_large_image\" \/>\n<meta name=\"twitter:creator\" content=\"@franzalt\" \/>\n<meta name=\"twitter:site\" content=\"@franzalt\" \/>\n<meta name=\"twitter:label1\" content=\"Verfasst von\" \/>\n\t<meta name=\"twitter:data1\" content=\"Bigi Alt\" \/>\n\t<meta name=\"twitter:label2\" content=\"Gesch\u00e4tzte Lesezeit\" \/>\n\t<meta name=\"twitter:data2\" content=\"8\u00a0Minuten\" \/>\n<script type=\"application\/ld+json\" class=\"yoast-schema-graph\">{\"@context\":\"https:\/\/schema.org\",\"@graph\":[{\"@type\":\"Article\",\"@id\":\"https:\/\/www.sonnenseite.com\/de\/energie\/chaostage-am-energiemarkt-das-erbe-von-cdu-csu\/#article\",\"isPartOf\":{\"@id\":\"https:\/\/www.sonnenseite.com\/de\/energie\/chaostage-am-energiemarkt-das-erbe-von-cdu-csu\/\"},\"author\":{\"name\":\"Bigi Alt\",\"@id\":\"https:\/\/www.sonnenseite.com\/de\/#\/schema\/person\/50fda0e926597684c7cc6695238a4eb9\"},\"headline\":\"Chaostage am Energiemarkt \u2013 das Erbe von CDU\/CSU\",\"datePublished\":\"2022-09-10T10:52:30+00:00\",\"dateModified\":\"2022-09-18T12:26:31+00:00\",\"mainEntityOfPage\":{\"@id\":\"https:\/\/www.sonnenseite.com\/de\/energie\/chaostage-am-energiemarkt-das-erbe-von-cdu-csu\/\"},\"wordCount\":1398,\"publisher\":{\"@id\":\"https:\/\/www.sonnenseite.com\/de\/#organization\"},\"image\":{\"@id\":\"https:\/\/www.sonnenseite.com\/de\/energie\/chaostage-am-energiemarkt-das-erbe-von-cdu-csu\/#primaryimage\"},\"thumbnailUrl\":\"https:\/\/www.sonnenseite.com\/wp-content\/uploads\/2022\/01\/Energie_janefromyork.jpg\",\"articleSection\":[\"Energie\"],\"inLanguage\":\"de\"},{\"@type\":\"WebPage\",\"@id\":\"https:\/\/www.sonnenseite.com\/de\/energie\/chaostage-am-energiemarkt-das-erbe-von-cdu-csu\/\",\"url\":\"https:\/\/www.sonnenseite.com\/de\/energie\/chaostage-am-energiemarkt-das-erbe-von-cdu-csu\/\",\"name\":\"Chaostage am Energiemarkt \u2013 das Erbe von CDU\/CSU - Sonnenseite - \u00d6kologische Kommunikation mit Franz Alt\",\"isPartOf\":{\"@id\":\"https:\/\/www.sonnenseite.com\/de\/#website\"},\"primaryImageOfPage\":{\"@id\":\"https:\/\/www.sonnenseite.com\/de\/energie\/chaostage-am-energiemarkt-das-erbe-von-cdu-csu\/#primaryimage\"},\"image\":{\"@id\":\"https:\/\/www.sonnenseite.com\/de\/energie\/chaostage-am-energiemarkt-das-erbe-von-cdu-csu\/#primaryimage\"},\"thumbnailUrl\":\"https:\/\/www.sonnenseite.com\/wp-content\/uploads\/2022\/01\/Energie_janefromyork.jpg\",\"datePublished\":\"2022-09-10T10:52:30+00:00\",\"dateModified\":\"2022-09-18T12:26:31+00:00\",\"description\":\"Die Ampelkoalition tagt, beschlie\u00dft, verwirft und beschlie\u00dft erneut: Offenbar sind die Spekulationen in den Energiem\u00e4rkten nur schwer in den Griff zu\",\"breadcrumb\":{\"@id\":\"https:\/\/www.sonnenseite.com\/de\/energie\/chaostage-am-energiemarkt-das-erbe-von-cdu-csu\/#breadcrumb\"},\"inLanguage\":\"de\",\"potentialAction\":[{\"@type\":\"ReadAction\",\"target\":[\"https:\/\/www.sonnenseite.com\/de\/energie\/chaostage-am-energiemarkt-das-erbe-von-cdu-csu\/\"]}]},{\"@type\":\"ImageObject\",\"inLanguage\":\"de\",\"@id\":\"https:\/\/www.sonnenseite.com\/de\/energie\/chaostage-am-energiemarkt-das-erbe-von-cdu-csu\/#primaryimage\",\"url\":\"https:\/\/www.sonnenseite.com\/wp-content\/uploads\/2022\/01\/Energie_janefromyork.jpg\",\"contentUrl\":\"https:\/\/www.sonnenseite.com\/wp-content\/uploads\/2022\/01\/Energie_janefromyork.jpg\",\"width\":770,\"height\":420,\"caption\":\"Depositphotos.com | janefromyork\"},{\"@type\":\"BreadcrumbList\",\"@id\":\"https:\/\/www.sonnenseite.com\/de\/energie\/chaostage-am-energiemarkt-das-erbe-von-cdu-csu\/#breadcrumb\",\"itemListElement\":[{\"@type\":\"ListItem\",\"position\":1,\"name\":\"Startseite\",\"item\":\"https:\/\/www.sonnenseite.com\/de\/\"},{\"@type\":\"ListItem\",\"position\":2,\"name\":\"Chaostage am Energiemarkt \u2013 das Erbe von CDU\/CSU\"}]},{\"@type\":\"WebSite\",\"@id\":\"https:\/\/www.sonnenseite.com\/de\/#website\",\"url\":\"https:\/\/www.sonnenseite.com\/de\/\",\"name\":\"Sonnenseite\",\"description\":\"\u00d6kologische Kommunikation mit Franz Alt\",\"publisher\":{\"@id\":\"https:\/\/www.sonnenseite.com\/de\/#organization\"},\"potentialAction\":[{\"@type\":\"SearchAction\",\"target\":{\"@type\":\"EntryPoint\",\"urlTemplate\":\"https:\/\/www.sonnenseite.com\/de\/?s={search_term_string}\"},\"query-input\":{\"@type\":\"PropertyValueSpecification\",\"valueRequired\":true,\"valueName\":\"search_term_string\"}}],\"inLanguage\":\"de\"},{\"@type\":\"Organization\",\"@id\":\"https:\/\/www.sonnenseite.com\/de\/#organization\",\"name\":\"Sonnenseite\",\"url\":\"https:\/\/www.sonnenseite.com\/de\/\",\"logo\":{\"@type\":\"ImageObject\",\"inLanguage\":\"de\",\"@id\":\"https:\/\/www.sonnenseite.com\/de\/#\/schema\/logo\/image\/\",\"url\":\"https:\/\/www.sonnenseite.com\/wp-content\/uploads\/2020\/05\/Sonnenseite_Logo.png\",\"contentUrl\":\"https:\/\/www.sonnenseite.com\/wp-content\/uploads\/2020\/05\/Sonnenseite_Logo.png\",\"width\":377,\"height\":90,\"caption\":\"Sonnenseite\"},\"image\":{\"@id\":\"https:\/\/www.sonnenseite.com\/de\/#\/schema\/logo\/image\/\"},\"sameAs\":[\"https:\/\/www.facebook.com\/pages\/Franz-Alt-SONNENSEITECOM\/221072987903953?fref=ts\",\"https:\/\/x.com\/franzalt\",\"http:\/\/www.youtube.com\/results?search_query&amp;amp;quot;franz_alt&amp;amp;quot;&amp;amp;amp;amp;search_type&amp;amp;amp;amp;aq=f\"]},{\"@type\":\"Person\",\"@id\":\"https:\/\/www.sonnenseite.com\/de\/#\/schema\/person\/50fda0e926597684c7cc6695238a4eb9\",\"name\":\"Bigi Alt\"}]}<\/script>\n<!-- \/ Yoast SEO plugin. -->","yoast_head_json":{"title":"Chaostage am Energiemarkt \u2013 das Erbe von CDU\/CSU - Sonnenseite - \u00d6kologische Kommunikation mit Franz Alt","description":"Die Ampelkoalition tagt, beschlie\u00dft, verwirft und beschlie\u00dft erneut: Offenbar sind die Spekulationen in den Energiem\u00e4rkten nur schwer in den Griff zu","robots":{"index":"index","follow":"follow","max-snippet":"max-snippet:-1","max-image-preview":"max-image-preview:large","max-video-preview":"max-video-preview:-1"},"canonical":"https:\/\/www.sonnenseite.com\/de\/energie\/chaostage-am-energiemarkt-das-erbe-von-cdu-csu\/","og_locale":"de_DE","og_type":"article","og_title":"Chaostage am Energiemarkt \u2013 das Erbe von CDU\/CSU - Sonnenseite - \u00d6kologische Kommunikation mit Franz Alt","og_description":"Die Ampelkoalition tagt, beschlie\u00dft, verwirft und beschlie\u00dft erneut: Offenbar sind die Spekulationen in den Energiem\u00e4rkten nur schwer in den Griff zu","og_url":"https:\/\/www.sonnenseite.com\/de\/energie\/chaostage-am-energiemarkt-das-erbe-von-cdu-csu\/","og_site_name":"Sonnenseite","article_publisher":"https:\/\/www.facebook.com\/pages\/Franz-Alt-SONNENSEITECOM\/221072987903953?fref=ts","article_published_time":"2022-09-10T10:52:30+00:00","article_modified_time":"2022-09-18T12:26:31+00:00","og_image":[{"width":770,"height":420,"url":"https:\/\/www.sonnenseite.com\/wp-content\/uploads\/2022\/01\/Energie_janefromyork.jpg","type":"image\/jpeg"}],"author":"Bigi Alt","twitter_card":"summary_large_image","twitter_creator":"@franzalt","twitter_site":"@franzalt","twitter_misc":{"Verfasst von":"Bigi Alt","Gesch\u00e4tzte Lesezeit":"8\u00a0Minuten"},"schema":{"@context":"https:\/\/schema.org","@graph":[{"@type":"Article","@id":"https:\/\/www.sonnenseite.com\/de\/energie\/chaostage-am-energiemarkt-das-erbe-von-cdu-csu\/#article","isPartOf":{"@id":"https:\/\/www.sonnenseite.com\/de\/energie\/chaostage-am-energiemarkt-das-erbe-von-cdu-csu\/"},"author":{"name":"Bigi Alt","@id":"https:\/\/www.sonnenseite.com\/de\/#\/schema\/person\/50fda0e926597684c7cc6695238a4eb9"},"headline":"Chaostage am Energiemarkt \u2013 das Erbe von CDU\/CSU","datePublished":"2022-09-10T10:52:30+00:00","dateModified":"2022-09-18T12:26:31+00:00","mainEntityOfPage":{"@id":"https:\/\/www.sonnenseite.com\/de\/energie\/chaostage-am-energiemarkt-das-erbe-von-cdu-csu\/"},"wordCount":1398,"publisher":{"@id":"https:\/\/www.sonnenseite.com\/de\/#organization"},"image":{"@id":"https:\/\/www.sonnenseite.com\/de\/energie\/chaostage-am-energiemarkt-das-erbe-von-cdu-csu\/#primaryimage"},"thumbnailUrl":"https:\/\/www.sonnenseite.com\/wp-content\/uploads\/2022\/01\/Energie_janefromyork.jpg","articleSection":["Energie"],"inLanguage":"de"},{"@type":"WebPage","@id":"https:\/\/www.sonnenseite.com\/de\/energie\/chaostage-am-energiemarkt-das-erbe-von-cdu-csu\/","url":"https:\/\/www.sonnenseite.com\/de\/energie\/chaostage-am-energiemarkt-das-erbe-von-cdu-csu\/","name":"Chaostage am Energiemarkt \u2013 das Erbe von CDU\/CSU - Sonnenseite - \u00d6kologische Kommunikation mit Franz Alt","isPartOf":{"@id":"https:\/\/www.sonnenseite.com\/de\/#website"},"primaryImageOfPage":{"@id":"https:\/\/www.sonnenseite.com\/de\/energie\/chaostage-am-energiemarkt-das-erbe-von-cdu-csu\/#primaryimage"},"image":{"@id":"https:\/\/www.sonnenseite.com\/de\/energie\/chaostage-am-energiemarkt-das-erbe-von-cdu-csu\/#primaryimage"},"thumbnailUrl":"https:\/\/www.sonnenseite.com\/wp-content\/uploads\/2022\/01\/Energie_janefromyork.jpg","datePublished":"2022-09-10T10:52:30+00:00","dateModified":"2022-09-18T12:26:31+00:00","description":"Die Ampelkoalition tagt, beschlie\u00dft, verwirft und beschlie\u00dft erneut: Offenbar sind die Spekulationen in den Energiem\u00e4rkten nur schwer in den Griff zu","breadcrumb":{"@id":"https:\/\/www.sonnenseite.com\/de\/energie\/chaostage-am-energiemarkt-das-erbe-von-cdu-csu\/#breadcrumb"},"inLanguage":"de","potentialAction":[{"@type":"ReadAction","target":["https:\/\/www.sonnenseite.com\/de\/energie\/chaostage-am-energiemarkt-das-erbe-von-cdu-csu\/"]}]},{"@type":"ImageObject","inLanguage":"de","@id":"https:\/\/www.sonnenseite.com\/de\/energie\/chaostage-am-energiemarkt-das-erbe-von-cdu-csu\/#primaryimage","url":"https:\/\/www.sonnenseite.com\/wp-content\/uploads\/2022\/01\/Energie_janefromyork.jpg","contentUrl":"https:\/\/www.sonnenseite.com\/wp-content\/uploads\/2022\/01\/Energie_janefromyork.jpg","width":770,"height":420,"caption":"Depositphotos.com | janefromyork"},{"@type":"BreadcrumbList","@id":"https:\/\/www.sonnenseite.com\/de\/energie\/chaostage-am-energiemarkt-das-erbe-von-cdu-csu\/#breadcrumb","itemListElement":[{"@type":"ListItem","position":1,"name":"Startseite","item":"https:\/\/www.sonnenseite.com\/de\/"},{"@type":"ListItem","position":2,"name":"Chaostage am Energiemarkt \u2013 das Erbe von CDU\/CSU"}]},{"@type":"WebSite","@id":"https:\/\/www.sonnenseite.com\/de\/#website","url":"https:\/\/www.sonnenseite.com\/de\/","name":"Sonnenseite","description":"\u00d6kologische Kommunikation mit Franz Alt","publisher":{"@id":"https:\/\/www.sonnenseite.com\/de\/#organization"},"potentialAction":[{"@type":"SearchAction","target":{"@type":"EntryPoint","urlTemplate":"https:\/\/www.sonnenseite.com\/de\/?s={search_term_string}"},"query-input":{"@type":"PropertyValueSpecification","valueRequired":true,"valueName":"search_term_string"}}],"inLanguage":"de"},{"@type":"Organization","@id":"https:\/\/www.sonnenseite.com\/de\/#organization","name":"Sonnenseite","url":"https:\/\/www.sonnenseite.com\/de\/","logo":{"@type":"ImageObject","inLanguage":"de","@id":"https:\/\/www.sonnenseite.com\/de\/#\/schema\/logo\/image\/","url":"https:\/\/www.sonnenseite.com\/wp-content\/uploads\/2020\/05\/Sonnenseite_Logo.png","contentUrl":"https:\/\/www.sonnenseite.com\/wp-content\/uploads\/2020\/05\/Sonnenseite_Logo.png","width":377,"height":90,"caption":"Sonnenseite"},"image":{"@id":"https:\/\/www.sonnenseite.com\/de\/#\/schema\/logo\/image\/"},"sameAs":["https:\/\/www.facebook.com\/pages\/Franz-Alt-SONNENSEITECOM\/221072987903953?fref=ts","https:\/\/x.com\/franzalt","http:\/\/www.youtube.com\/results?search_query&amp;amp;quot;franz_alt&amp;amp;quot;&amp;amp;amp;amp;search_type&amp;amp;amp;amp;aq=f"]},{"@type":"Person","@id":"https:\/\/www.sonnenseite.com\/de\/#\/schema\/person\/50fda0e926597684c7cc6695238a4eb9","name":"Bigi Alt"}]}},"_links":{"self":[{"href":"https:\/\/www.sonnenseite.com\/de\/wp-json\/wp\/v2\/posts\/85172","targetHints":{"allow":["GET"]}}],"collection":[{"href":"https:\/\/www.sonnenseite.com\/de\/wp-json\/wp\/v2\/posts"}],"about":[{"href":"https:\/\/www.sonnenseite.com\/de\/wp-json\/wp\/v2\/types\/post"}],"author":[{"embeddable":true,"href":"https:\/\/www.sonnenseite.com\/de\/wp-json\/wp\/v2\/users\/3"}],"replies":[{"embeddable":true,"href":"https:\/\/www.sonnenseite.com\/de\/wp-json\/wp\/v2\/comments?post=85172"}],"version-history":[{"count":4,"href":"https:\/\/www.sonnenseite.com\/de\/wp-json\/wp\/v2\/posts\/85172\/revisions"}],"predecessor-version":[{"id":85178,"href":"https:\/\/www.sonnenseite.com\/de\/wp-json\/wp\/v2\/posts\/85172\/revisions\/85178"}],"wp:featuredmedia":[{"embeddable":true,"href":"https:\/\/www.sonnenseite.com\/de\/wp-json\/wp\/v2\/media\/78405"}],"wp:attachment":[{"href":"https:\/\/www.sonnenseite.com\/de\/wp-json\/wp\/v2\/media?parent=85172"}],"wp:term":[{"taxonomy":"category","embeddable":true,"href":"https:\/\/www.sonnenseite.com\/de\/wp-json\/wp\/v2\/categories?post=85172"},{"taxonomy":"post_tag","embeddable":true,"href":"https:\/\/www.sonnenseite.com\/de\/wp-json\/wp\/v2\/tags?post=85172"}],"curies":[{"name":"wp","href":"https:\/\/api.w.org\/{rel}","templated":true}]}}