{"id":85211,"date":"2022-09-12T02:15:00","date_gmt":"2022-09-12T00:15:00","guid":{"rendered":"https:\/\/www.sonnenseite.com\/?p=85211"},"modified":"2022-09-11T11:00:57","modified_gmt":"2022-09-11T09:00:57","slug":"oesterreich-beweist-innovationskompetenz-im-grossen-stil","status":"publish","type":"post","link":"https:\/\/www.sonnenseite.com\/de\/zukunft\/oesterreich-beweist-innovationskompetenz-im-grossen-stil\/","title":{"rendered":"\u00d6sterreich beweist Innovationskompetenz im gro\u00dfen Stil"},"content":{"rendered":"\n<p>Raus aus \u00d6l und Gas: Startschuss f\u00fcr 22 neue, gro\u00dfformatige Forschungsprojekte in den <a href=\"http:\/\/www.vorzeigeregion-energie.at\">Vorzeigeregionen Energie<\/a><\/p>\n\n\n\n<p>Das Ziel der Bundesregierung, Klimaneutralit\u00e4t bis 2040 f\u00fcr \u00d6sterreich, ist ambitioniert und alternativlos. Um es zu erreichen, werden innovative Technologien &#8222;Made in Austria&#8220; ben\u00f6tigt &#8211; denn von diesen profitieren nicht nur das Klima, sondern auch der Standort \u00d6sterreich und der heimische Arbeitsmarkt. Der Klima- und Energiefonds hat daher im Rahmen seiner FTI-Initiative &#8222;Vorzeigeregion Energie&#8220; neue Klimaschutz- und Innovationsprojekte gesucht. 45 Projekte wurden eingereicht, davon gehen nun 22 Forschungsprojekte in die Umsetzung. Diese Projekte erhalten eine F\u00f6rderung in der H\u00f6he von 32 Millionen Euro, dotiert aus Mitteln des Bundesministeriums f\u00fcr Klimaschutz (BMK). Ziel der &#8222;Vorzeigeregion Energie&#8220; ist es, zu zeigen, dass eine Energieversorgung auf Basis von bis zu 100 % erneuerbaren Energien mit Innovationen aus \u00d6sterreich machbar, wirtschaftlich sinnvoll und \u00f6kologisch vorteilhaft ist.<br><br>Klimaschutzministerin Leonore Gewessler: &#8222;Erneuerbare Energien sind unsere Zukunft. Sie sind unser Weg aus der Abh\u00e4ngigkeit von Russland und essentiell im Kampf gegen die Klimakrise. In \u00d6sterreichs Unternehmen steckt hier eine enorme Innovationskraft. Ich freue mich sehr, dass 22 Forschungsprojekte nun in Umsetzung gehen und so einen bedeutenden Beitrag zur Energiewende leisten werden.&#8220;<br><br>In den drei Vorzeigeregionen des Klima- und Energiefonds werden mit innovativen Energietechnologien aus \u00d6sterreich Musterl\u00f6sungen f\u00fcr intelligente, sichere und leistbare Energie- und Verkehrssysteme der Zukunft entwickelt und demonstriert. Im Mittelpunkt steht dabei ein effizientes und optimales Zusammenspiel von Erzeugung, Verbrauch, Systemmanagement und Spei\u00c2\u00adcherung mit regionaler Versorgung durch bis zu 100 % erneuerbare Energien.<br><br>Klima- und Energiefonds-Gesch\u00e4ftsf\u00fchrerin Theresia Vogel: &#8222;Die Projekte, die nun an den Start gehen, zeigen einmal mehr, dass die heimischen Unternehmen f\u00fcr den Klimaschutz massiv in Forschung und Entwicklung investieren &#8211; das ,who is who\u00e2\u0080\u0098 der heimischen Industrie ist vertreten. Durch die Vorzeigeregion ist es gelungen, \u00f6sterreichische Innovationen global sichtbar zu machen.&#8220;<\/p>\n\n\n\n<h5 class=\"wp-block-heading\">Kurzportraits der \u201eVorzeigeregion Energie\u201c<\/h5>\n\n\n\n<p>Green Energy Lab verfolgt das Ziel, L\u00f6sungen f\u00fcr ein nachhaltiges Energiesystem unter realen Bedingungen in der Vorzeigeregion \u2013 vor allem in den Bundesl\u00e4ndern Wien, Nieder\u00f6sterreich, Burgenland und Steiermark, aber auch dar\u00fcber hinaus \u2013 zu erproben und die Markteinf\u00fchrung vorzubereiten. Beispielprojekt: <a href=\"https:\/\/greenenergylab.at\/projects\/thermaflex\/\">Thermaflex<\/a>. Ziel des Leitprojekts ist es, konkrete Strategien f\u00fcr die Flexibilisierung des W\u00e4rmenetzes von morgen zu entwickeln sowie alternative Energiequellen f\u00fcr diese zu erschlie\u00dfen. Der Anteil erneuerbarer W\u00e4rme soll damit konsequent erh\u00f6ht werden. <a href=\"http:\/\/www.greenenergylab.at\/\">www.greenenergylab.at<\/a><\/p>\n\n\n\n<p>NEFI \u2013 New Energy for Industry ist ein einzigartiger Innovationsverbund zwischen Technologieanbietern, Industrie, Wissenschaft, Politik und \u00d6ffentlichkeit. Gemeinsam soll bis 2025 der Weg zur vollst\u00e4ndigen Dekarbonisierung der produzierenden und energieintensiven Industrie demonstriert werden. Beispielprojekt: <a href=\"https:\/\/nefi.at\/de\/projekt\/enviotcast\">envIoTcast<\/a>. Im Projekt wird unter der Leitung des AIT Austrian Institute of Technology das moderne, nachhaltige Konzept der Gr\u00fcnen Gie\u00dferei 4.0 entwickelt und demonstriert. Das Ziel ist die vollst\u00e4ndige Dekarbonisierung von energieintensiven Hochtemperaturprozessen wie etwa der Stahlverarbeitung. <a href=\"http:\/\/www.nefi.at\/\">www.nefi.at<\/a><\/p>\n\n\n\n<p>WIVA P&amp;G ist ein Verein zur F\u00f6rderung von Forschung und Entwicklung in den Bereichen der Anwendungs-, Netz- und Speichertechnologien von Wasserstoff und erneuerbaren Gasen sowie Ma\u00dfnahmen zur Dissemination dieser Aktivit\u00e4ten. Im Fokus liegt die Demonstration der Umstellung der \u00f6sterreichischen Volkswirtschaft auf eine CO2-neutrale Struktur unter Einsatz von erneuerbarem Wasserstoff als Kernkomponente in den Bereichen Energie, Industrie und Mobilit\u00e4t. Beispielprojekt:<a href=\"https:\/\/www.wiva.at\/project\/h2pioneer\/\"> H2Pioneer<\/a>. Ziel des Projekts ist es, eine Vor-Ort-L\u00f6sung f\u00fcr den in Zukunft steigenden Wasserstoffbedarf in der Halbleiterindustrie darzustellen. Konkret wird eine Demonstrationsanlage bei Infineon in Villach umgesetzt sowie die Wiederverwertbarkeit des in der Halbleiterindustrie eingesetzten Wasserstoffs analysiert. <a href=\"http:\/\/www.wiva.at\/\">www.wiva.at<\/a><\/p>\n\n\n\n<ul class=\"wp-block-list\"><li><a href=\"http:\/\/www.vorzeigeregion-energie.at\/\">www.vorzeigeregion-energie.at<\/a><\/li><li><a href=\"http:\/\/mission-innovation.net\/missions\/net-zero-industries-mission\/\">http:\/\/mission-innovation.net\/missions\/net-zero-industries-mission<\/a><\/li><\/ul>\n\n\n<h5 class=\"green\">Quelle<\/h5>\r\n\n\n\n<p><a href=\"https:\/\/www.klimafonds.gv.at\/press\/oesterreich-beweist-innovationskompetenz-im-grossen-stil\/\">Klima- und Energiefonds 2022<\/a><\/p>\n<div class=\"shariff shariff-align-flex-start shariff-widget-align-flex-start\"><div class=\"ShariffHeadline\">Diese Meldung teilen<\/div><ul class=\"shariff-buttons theme-round orientation-horizontal buttonsize-medium\"><li class=\"shariff-button facebook shariff-nocustomcolor\" style=\"background-color:#4273c8;border-radius:1%\"><a href=\"https:\/\/www.facebook.com\/sharer\/sharer.php?u=https%3A%2F%2Fwww.sonnenseite.com%2Fde%2Fzukunft%2Foesterreich-beweist-innovationskompetenz-im-grossen-stil%2F\" title=\"Bei Facebook teilen\" aria-label=\"Bei Facebook teilen\" role=\"button\" rel=\"nofollow\" class=\"shariff-link\" style=\";border-radius:1%; background-color:#3b5998; color:#fff\" target=\"_blank\"><span class=\"shariff-icon\" style=\"\"><svg width=\"32px\" height=\"20px\" xmlns=\"http:\/\/www.w3.org\/2000\/svg\" viewBox=\"0 0 18 32\"><path fill=\"#3b5998\" d=\"M17.1 0.2v4.7h-2.8q-1.5 0-2.1 0.6t-0.5 1.9v3.4h5.2l-0.7 5.3h-4.5v13.6h-5.5v-13.6h-4.5v-5.3h4.5v-3.9q0-3.3 1.9-5.2t5-1.8q2.6 0 4.1 0.2z\"\/><\/svg><\/span><\/a><\/li><li class=\"shariff-button twitter shariff-nocustomcolor\" style=\"background-color:#595959;border-radius:1%\"><a href=\"https:\/\/twitter.com\/share?url=https%3A%2F%2Fwww.sonnenseite.com%2Fde%2Fzukunft%2Foesterreich-beweist-innovationskompetenz-im-grossen-stil%2F&text=%C3%96sterreich%20beweist%20Innovationskompetenz%20im%20gro%C3%9Fen%20Stil\" title=\"Bei X teilen\" aria-label=\"Bei X teilen\" role=\"button\" rel=\"noopener nofollow\" class=\"shariff-link\" style=\";border-radius:1%; background-color:#000; color:#fff\" target=\"_blank\"><span class=\"shariff-icon\" style=\"\"><svg width=\"32px\" height=\"20px\" xmlns=\"http:\/\/www.w3.org\/2000\/svg\" viewBox=\"0 0 24 24\"><path fill=\"#000\" d=\"M14.258 10.152L23.176 0h-2.113l-7.747 8.813L7.133 0H0l9.352 13.328L0 23.973h2.113l8.176-9.309 6.531 9.309h7.133zm-2.895 3.293l-.949-1.328L2.875 1.56h3.246l6.086 8.523.945 1.328 7.91 11.078h-3.246zm0 0\"\/><\/svg><\/span><\/a><\/li><li class=\"shariff-button xing shariff-nocustomcolor\" style=\"background-color:#29888a;border-radius:1%\"><a href=\"https:\/\/www.xing.com\/spi\/shares\/new?url=https%3A%2F%2Fwww.sonnenseite.com%2Fde%2Fzukunft%2Foesterreich-beweist-innovationskompetenz-im-grossen-stil%2F\" title=\"Bei XING teilen\" aria-label=\"Bei XING teilen\" role=\"button\" rel=\"noopener nofollow\" class=\"shariff-link\" style=\";border-radius:1%; background-color:#126567; color:#fff\" target=\"_blank\"><span class=\"shariff-icon\" style=\"\"><svg width=\"32px\" height=\"20px\" xmlns=\"http:\/\/www.w3.org\/2000\/svg\" viewBox=\"0 0 25 32\"><path fill=\"#126567\" d=\"M10.7 11.9q-0.2 0.3-4.6 8.2-0.5 0.8-1.2 0.8h-4.3q-0.4 0-0.5-0.3t0-0.6l4.5-8q0 0 0 0l-2.9-5q-0.2-0.4 0-0.7 0.2-0.3 0.5-0.3h4.3q0.7 0 1.2 0.8zM25.1 0.4q0.2 0.3 0 0.7l-9.4 16.7 6 11q0.2 0.4 0 0.6-0.2 0.3-0.6 0.3h-4.3q-0.7 0-1.2-0.8l-6-11.1q0.3-0.6 9.5-16.8 0.4-0.8 1.2-0.8h4.3q0.4 0 0.5 0.3z\"\/><\/svg><\/span><\/a><\/li><li class=\"shariff-button linkedin shariff-nocustomcolor\" style=\"background-color:#1488bf;border-radius:1%\"><a href=\"https:\/\/www.linkedin.com\/sharing\/share-offsite\/?url=https%3A%2F%2Fwww.sonnenseite.com%2Fde%2Fzukunft%2Foesterreich-beweist-innovationskompetenz-im-grossen-stil%2F\" title=\"Bei LinkedIn teilen\" aria-label=\"Bei LinkedIn teilen\" role=\"button\" rel=\"noopener nofollow\" class=\"shariff-link\" style=\";border-radius:1%; background-color:#0077b5; color:#fff\" target=\"_blank\"><span class=\"shariff-icon\" style=\"\"><svg width=\"32px\" height=\"20px\" xmlns=\"http:\/\/www.w3.org\/2000\/svg\" viewBox=\"0 0 27 32\"><path fill=\"#0077b5\" d=\"M6.2 11.2v17.7h-5.9v-17.7h5.9zM6.6 5.7q0 1.3-0.9 2.2t-2.4 0.9h0q-1.5 0-2.4-0.9t-0.9-2.2 0.9-2.2 2.4-0.9 2.4 0.9 0.9 2.2zM27.4 18.7v10.1h-5.9v-9.5q0-1.9-0.7-2.9t-2.3-1.1q-1.1 0-1.9 0.6t-1.2 1.5q-0.2 0.5-0.2 1.4v9.9h-5.9q0-7.1 0-11.6t0-5.3l0-0.9h5.9v2.6h0q0.4-0.6 0.7-1t1-0.9 1.6-0.8 2-0.3q3 0 4.9 2t1.9 6z\"\/><\/svg><\/span><\/a><\/li><li class=\"shariff-button printer shariff-nocustomcolor\" style=\"background-color:#a8a8a8;border-radius:1%\"><a href=\"javascript:window.print()\" title=\"drucken\" aria-label=\"drucken\" role=\"button\" rel=\"noopener nofollow\" class=\"shariff-link\" style=\";border-radius:1%; background-color:#999; color:#fff\"><span class=\"shariff-icon\" style=\"\"><svg width=\"32px\" height=\"20px\" xmlns=\"http:\/\/www.w3.org\/2000\/svg\" viewBox=\"0 0 30 32\"><path fill=\"#999\" d=\"M6.8 27.4h16v-4.6h-16v4.6zM6.8 16h16v-6.8h-2.8q-0.7 0-1.2-0.5t-0.5-1.2v-2.8h-11.4v11.4zM27.4 17.2q0-0.5-0.3-0.8t-0.8-0.4-0.8 0.4-0.3 0.8 0.3 0.8 0.8 0.3 0.8-0.3 0.3-0.8zM29.7 17.2v7.4q0 0.2-0.2 0.4t-0.4 0.2h-4v2.8q0 0.7-0.5 1.2t-1.2 0.5h-17.2q-0.7 0-1.2-0.5t-0.5-1.2v-2.8h-4q-0.2 0-0.4-0.2t-0.2-0.4v-7.4q0-1.4 1-2.4t2.4-1h1.2v-9.7q0-0.7 0.5-1.2t1.2-0.5h12q0.7 0 1.6 0.4t1.3 0.8l2.7 2.7q0.5 0.5 0.9 1.4t0.4 1.6v4.6h1.1q1.4 0 2.4 1t1 2.4z\"\/><\/svg><\/span><\/a><\/li><li class=\"shariff-button mailto shariff-nocustomcolor\" style=\"background-color:#a8a8a8;border-radius:1%\"><a href=\"mailto:?body=https%3A%2F%2Fwww.sonnenseite.com%2Fde%2Fzukunft%2Foesterreich-beweist-innovationskompetenz-im-grossen-stil%2F&subject=%C3%96sterreich%20beweist%20Innovationskompetenz%20im%20gro%C3%9Fen%20Stil\" title=\"Per E-Mail versenden\" aria-label=\"Per E-Mail versenden\" role=\"button\" rel=\"noopener nofollow\" class=\"shariff-link\" style=\";border-radius:1%; background-color:#999; color:#fff\"><span class=\"shariff-icon\" style=\"\"><svg width=\"32px\" height=\"20px\" xmlns=\"http:\/\/www.w3.org\/2000\/svg\" viewBox=\"0 0 32 32\"><path fill=\"#999\" d=\"M32 12.7v14.2q0 1.2-0.8 2t-2 0.9h-26.3q-1.2 0-2-0.9t-0.8-2v-14.2q0.8 0.9 1.8 1.6 6.5 4.4 8.9 6.1 1 0.8 1.6 1.2t1.7 0.9 2 0.4h0.1q0.9 0 2-0.4t1.7-0.9 1.6-1.2q3-2.2 8.9-6.1 1-0.7 1.8-1.6zM32 7.4q0 1.4-0.9 2.7t-2.2 2.2q-6.7 4.7-8.4 5.8-0.2 0.1-0.7 0.5t-1 0.7-0.9 0.6-1.1 0.5-0.9 0.2h-0.1q-0.4 0-0.9-0.2t-1.1-0.5-0.9-0.6-1-0.7-0.7-0.5q-1.6-1.1-4.7-3.2t-3.6-2.6q-1.1-0.7-2.1-2t-1-2.5q0-1.4 0.7-2.3t2.1-0.9h26.3q1.2 0 2 0.8t0.9 2z\"\/><\/svg><\/span><\/a><\/li><\/ul><\/div>","protected":false},"excerpt":{"rendered":"<p>Raus aus \u00d6l und Gas: Startschuss f\u00fcr 22 neue, gro\u00dfformatige Forschungsprojekte in den Vorzeigeregionen Energie Das [&hellip;]<\/p>\n","protected":false},"author":3,"featured_media":60242,"comment_status":"closed","ping_status":"closed","sticky":false,"template":"","format":"standard","meta":{"inline_featured_image":false,"footnotes":""},"categories":[27],"tags":[],"class_list":["post-85211","post","type-post","status-publish","format-standard","has-post-thumbnail","hentry","category-zukunft"],"yoast_head":"<!-- This site is optimized with the Yoast SEO plugin v26.5 - https:\/\/yoast.com\/wordpress\/plugins\/seo\/ -->\n<title>\u00d6sterreich beweist Innovationskompetenz im gro\u00dfen Stil - Sonnenseite - \u00d6kologische Kommunikation mit Franz Alt<\/title>\n<meta name=\"description\" content=\"Raus aus \u00d6l und Gas: Startschuss f\u00fcr 22 neue, gro\u00dfformatige Forschungsprojekte in den Vorzeigeregionen Energie Das Ziel der Bundesregierung,\" \/>\n<meta name=\"robots\" content=\"index, follow, max-snippet:-1, max-image-preview:large, max-video-preview:-1\" \/>\n<link rel=\"canonical\" href=\"https:\/\/www.sonnenseite.com\/de\/zukunft\/oesterreich-beweist-innovationskompetenz-im-grossen-stil\/\" \/>\n<meta property=\"og:locale\" content=\"de_DE\" \/>\n<meta property=\"og:type\" content=\"article\" \/>\n<meta property=\"og:title\" content=\"\u00d6sterreich beweist Innovationskompetenz im gro\u00dfen Stil - Sonnenseite - \u00d6kologische Kommunikation mit Franz Alt\" \/>\n<meta property=\"og:description\" content=\"Raus aus \u00d6l und Gas: Startschuss f\u00fcr 22 neue, gro\u00dfformatige Forschungsprojekte in den Vorzeigeregionen Energie Das Ziel der Bundesregierung,\" \/>\n<meta property=\"og:url\" content=\"https:\/\/www.sonnenseite.com\/de\/zukunft\/oesterreich-beweist-innovationskompetenz-im-grossen-stil\/\" \/>\n<meta property=\"og:site_name\" content=\"Sonnenseite\" \/>\n<meta property=\"article:publisher\" content=\"https:\/\/www.facebook.com\/pages\/Franz-Alt-SONNENSEITECOM\/221072987903953?fref=ts\" \/>\n<meta property=\"article:published_time\" content=\"2022-09-12T00:15:00+00:00\" \/>\n<meta property=\"og:image\" content=\"https:\/\/www.sonnenseite.com\/wp-content\/uploads\/2020\/06\/Oesterreich_Flagge_JuergenSieber.jpg\" \/>\n\t<meta property=\"og:image:width\" content=\"770\" \/>\n\t<meta property=\"og:image:height\" content=\"420\" \/>\n\t<meta property=\"og:image:type\" content=\"image\/jpeg\" \/>\n<meta name=\"author\" content=\"Bigi Alt\" \/>\n<meta name=\"twitter:card\" content=\"summary_large_image\" \/>\n<meta name=\"twitter:creator\" content=\"@franzalt\" \/>\n<meta name=\"twitter:site\" content=\"@franzalt\" \/>\n<meta name=\"twitter:label1\" content=\"Verfasst von\" \/>\n\t<meta name=\"twitter:data1\" content=\"Bigi Alt\" \/>\n\t<meta name=\"twitter:label2\" content=\"Gesch\u00e4tzte Lesezeit\" \/>\n\t<meta name=\"twitter:data2\" content=\"4\u00a0Minuten\" \/>\n<script type=\"application\/ld+json\" class=\"yoast-schema-graph\">{\"@context\":\"https:\/\/schema.org\",\"@graph\":[{\"@type\":\"Article\",\"@id\":\"https:\/\/www.sonnenseite.com\/de\/zukunft\/oesterreich-beweist-innovationskompetenz-im-grossen-stil\/#article\",\"isPartOf\":{\"@id\":\"https:\/\/www.sonnenseite.com\/de\/zukunft\/oesterreich-beweist-innovationskompetenz-im-grossen-stil\/\"},\"author\":{\"name\":\"Bigi Alt\",\"@id\":\"https:\/\/www.sonnenseite.com\/de\/#\/schema\/person\/50fda0e926597684c7cc6695238a4eb9\"},\"headline\":\"\u00d6sterreich beweist Innovationskompetenz im gro\u00dfen Stil\",\"datePublished\":\"2022-09-12T00:15:00+00:00\",\"mainEntityOfPage\":{\"@id\":\"https:\/\/www.sonnenseite.com\/de\/zukunft\/oesterreich-beweist-innovationskompetenz-im-grossen-stil\/\"},\"wordCount\":590,\"publisher\":{\"@id\":\"https:\/\/www.sonnenseite.com\/de\/#organization\"},\"image\":{\"@id\":\"https:\/\/www.sonnenseite.com\/de\/zukunft\/oesterreich-beweist-innovationskompetenz-im-grossen-stil\/#primaryimage\"},\"thumbnailUrl\":\"https:\/\/www.sonnenseite.com\/wp-content\/uploads\/2020\/06\/Oesterreich_Flagge_JuergenSieber.jpg\",\"articleSection\":[\"Zukunft\"],\"inLanguage\":\"de\"},{\"@type\":\"WebPage\",\"@id\":\"https:\/\/www.sonnenseite.com\/de\/zukunft\/oesterreich-beweist-innovationskompetenz-im-grossen-stil\/\",\"url\":\"https:\/\/www.sonnenseite.com\/de\/zukunft\/oesterreich-beweist-innovationskompetenz-im-grossen-stil\/\",\"name\":\"\u00d6sterreich beweist Innovationskompetenz im gro\u00dfen Stil - Sonnenseite - \u00d6kologische Kommunikation mit Franz Alt\",\"isPartOf\":{\"@id\":\"https:\/\/www.sonnenseite.com\/de\/#website\"},\"primaryImageOfPage\":{\"@id\":\"https:\/\/www.sonnenseite.com\/de\/zukunft\/oesterreich-beweist-innovationskompetenz-im-grossen-stil\/#primaryimage\"},\"image\":{\"@id\":\"https:\/\/www.sonnenseite.com\/de\/zukunft\/oesterreich-beweist-innovationskompetenz-im-grossen-stil\/#primaryimage\"},\"thumbnailUrl\":\"https:\/\/www.sonnenseite.com\/wp-content\/uploads\/2020\/06\/Oesterreich_Flagge_JuergenSieber.jpg\",\"datePublished\":\"2022-09-12T00:15:00+00:00\",\"description\":\"Raus aus \u00d6l und Gas: Startschuss f\u00fcr 22 neue, gro\u00dfformatige Forschungsprojekte in den Vorzeigeregionen Energie Das Ziel der Bundesregierung,\",\"breadcrumb\":{\"@id\":\"https:\/\/www.sonnenseite.com\/de\/zukunft\/oesterreich-beweist-innovationskompetenz-im-grossen-stil\/#breadcrumb\"},\"inLanguage\":\"de\",\"potentialAction\":[{\"@type\":\"ReadAction\",\"target\":[\"https:\/\/www.sonnenseite.com\/de\/zukunft\/oesterreich-beweist-innovationskompetenz-im-grossen-stil\/\"]}]},{\"@type\":\"ImageObject\",\"inLanguage\":\"de\",\"@id\":\"https:\/\/www.sonnenseite.com\/de\/zukunft\/oesterreich-beweist-innovationskompetenz-im-grossen-stil\/#primaryimage\",\"url\":\"https:\/\/www.sonnenseite.com\/wp-content\/uploads\/2020\/06\/Oesterreich_Flagge_JuergenSieber.jpg\",\"contentUrl\":\"https:\/\/www.sonnenseite.com\/wp-content\/uploads\/2020\/06\/Oesterreich_Flagge_JuergenSieber.jpg\",\"width\":770,\"height\":420,\"caption\":\"pixabay.com | Juergen Sieber\"},{\"@type\":\"BreadcrumbList\",\"@id\":\"https:\/\/www.sonnenseite.com\/de\/zukunft\/oesterreich-beweist-innovationskompetenz-im-grossen-stil\/#breadcrumb\",\"itemListElement\":[{\"@type\":\"ListItem\",\"position\":1,\"name\":\"Startseite\",\"item\":\"https:\/\/www.sonnenseite.com\/de\/\"},{\"@type\":\"ListItem\",\"position\":2,\"name\":\"\u00d6sterreich beweist Innovationskompetenz im gro\u00dfen Stil\"}]},{\"@type\":\"WebSite\",\"@id\":\"https:\/\/www.sonnenseite.com\/de\/#website\",\"url\":\"https:\/\/www.sonnenseite.com\/de\/\",\"name\":\"Sonnenseite\",\"description\":\"\u00d6kologische Kommunikation mit Franz Alt\",\"publisher\":{\"@id\":\"https:\/\/www.sonnenseite.com\/de\/#organization\"},\"potentialAction\":[{\"@type\":\"SearchAction\",\"target\":{\"@type\":\"EntryPoint\",\"urlTemplate\":\"https:\/\/www.sonnenseite.com\/de\/?s={search_term_string}\"},\"query-input\":{\"@type\":\"PropertyValueSpecification\",\"valueRequired\":true,\"valueName\":\"search_term_string\"}}],\"inLanguage\":\"de\"},{\"@type\":\"Organization\",\"@id\":\"https:\/\/www.sonnenseite.com\/de\/#organization\",\"name\":\"Sonnenseite\",\"url\":\"https:\/\/www.sonnenseite.com\/de\/\",\"logo\":{\"@type\":\"ImageObject\",\"inLanguage\":\"de\",\"@id\":\"https:\/\/www.sonnenseite.com\/de\/#\/schema\/logo\/image\/\",\"url\":\"https:\/\/www.sonnenseite.com\/wp-content\/uploads\/2020\/05\/Sonnenseite_Logo.png\",\"contentUrl\":\"https:\/\/www.sonnenseite.com\/wp-content\/uploads\/2020\/05\/Sonnenseite_Logo.png\",\"width\":377,\"height\":90,\"caption\":\"Sonnenseite\"},\"image\":{\"@id\":\"https:\/\/www.sonnenseite.com\/de\/#\/schema\/logo\/image\/\"},\"sameAs\":[\"https:\/\/www.facebook.com\/pages\/Franz-Alt-SONNENSEITECOM\/221072987903953?fref=ts\",\"https:\/\/x.com\/franzalt\",\"http:\/\/www.youtube.com\/results?search_query&amp;amp;quot;franz_alt&amp;amp;quot;&amp;amp;amp;amp;search_type&amp;amp;amp;amp;aq=f\"]},{\"@type\":\"Person\",\"@id\":\"https:\/\/www.sonnenseite.com\/de\/#\/schema\/person\/50fda0e926597684c7cc6695238a4eb9\",\"name\":\"Bigi Alt\"}]}<\/script>\n<!-- \/ Yoast SEO plugin. -->","yoast_head_json":{"title":"\u00d6sterreich beweist Innovationskompetenz im gro\u00dfen Stil - Sonnenseite - \u00d6kologische Kommunikation mit Franz Alt","description":"Raus aus \u00d6l und Gas: Startschuss f\u00fcr 22 neue, gro\u00dfformatige Forschungsprojekte in den Vorzeigeregionen Energie Das Ziel der Bundesregierung,","robots":{"index":"index","follow":"follow","max-snippet":"max-snippet:-1","max-image-preview":"max-image-preview:large","max-video-preview":"max-video-preview:-1"},"canonical":"https:\/\/www.sonnenseite.com\/de\/zukunft\/oesterreich-beweist-innovationskompetenz-im-grossen-stil\/","og_locale":"de_DE","og_type":"article","og_title":"\u00d6sterreich beweist Innovationskompetenz im gro\u00dfen Stil - Sonnenseite - \u00d6kologische Kommunikation mit Franz Alt","og_description":"Raus aus \u00d6l und Gas: Startschuss f\u00fcr 22 neue, gro\u00dfformatige Forschungsprojekte in den Vorzeigeregionen Energie Das Ziel der Bundesregierung,","og_url":"https:\/\/www.sonnenseite.com\/de\/zukunft\/oesterreich-beweist-innovationskompetenz-im-grossen-stil\/","og_site_name":"Sonnenseite","article_publisher":"https:\/\/www.facebook.com\/pages\/Franz-Alt-SONNENSEITECOM\/221072987903953?fref=ts","article_published_time":"2022-09-12T00:15:00+00:00","og_image":[{"width":770,"height":420,"url":"https:\/\/www.sonnenseite.com\/wp-content\/uploads\/2020\/06\/Oesterreich_Flagge_JuergenSieber.jpg","type":"image\/jpeg"}],"author":"Bigi Alt","twitter_card":"summary_large_image","twitter_creator":"@franzalt","twitter_site":"@franzalt","twitter_misc":{"Verfasst von":"Bigi Alt","Gesch\u00e4tzte Lesezeit":"4\u00a0Minuten"},"schema":{"@context":"https:\/\/schema.org","@graph":[{"@type":"Article","@id":"https:\/\/www.sonnenseite.com\/de\/zukunft\/oesterreich-beweist-innovationskompetenz-im-grossen-stil\/#article","isPartOf":{"@id":"https:\/\/www.sonnenseite.com\/de\/zukunft\/oesterreich-beweist-innovationskompetenz-im-grossen-stil\/"},"author":{"name":"Bigi Alt","@id":"https:\/\/www.sonnenseite.com\/de\/#\/schema\/person\/50fda0e926597684c7cc6695238a4eb9"},"headline":"\u00d6sterreich beweist Innovationskompetenz im gro\u00dfen Stil","datePublished":"2022-09-12T00:15:00+00:00","mainEntityOfPage":{"@id":"https:\/\/www.sonnenseite.com\/de\/zukunft\/oesterreich-beweist-innovationskompetenz-im-grossen-stil\/"},"wordCount":590,"publisher":{"@id":"https:\/\/www.sonnenseite.com\/de\/#organization"},"image":{"@id":"https:\/\/www.sonnenseite.com\/de\/zukunft\/oesterreich-beweist-innovationskompetenz-im-grossen-stil\/#primaryimage"},"thumbnailUrl":"https:\/\/www.sonnenseite.com\/wp-content\/uploads\/2020\/06\/Oesterreich_Flagge_JuergenSieber.jpg","articleSection":["Zukunft"],"inLanguage":"de"},{"@type":"WebPage","@id":"https:\/\/www.sonnenseite.com\/de\/zukunft\/oesterreich-beweist-innovationskompetenz-im-grossen-stil\/","url":"https:\/\/www.sonnenseite.com\/de\/zukunft\/oesterreich-beweist-innovationskompetenz-im-grossen-stil\/","name":"\u00d6sterreich beweist Innovationskompetenz im gro\u00dfen Stil - Sonnenseite - \u00d6kologische Kommunikation mit Franz Alt","isPartOf":{"@id":"https:\/\/www.sonnenseite.com\/de\/#website"},"primaryImageOfPage":{"@id":"https:\/\/www.sonnenseite.com\/de\/zukunft\/oesterreich-beweist-innovationskompetenz-im-grossen-stil\/#primaryimage"},"image":{"@id":"https:\/\/www.sonnenseite.com\/de\/zukunft\/oesterreich-beweist-innovationskompetenz-im-grossen-stil\/#primaryimage"},"thumbnailUrl":"https:\/\/www.sonnenseite.com\/wp-content\/uploads\/2020\/06\/Oesterreich_Flagge_JuergenSieber.jpg","datePublished":"2022-09-12T00:15:00+00:00","description":"Raus aus \u00d6l und Gas: Startschuss f\u00fcr 22 neue, gro\u00dfformatige Forschungsprojekte in den Vorzeigeregionen Energie Das Ziel der Bundesregierung,","breadcrumb":{"@id":"https:\/\/www.sonnenseite.com\/de\/zukunft\/oesterreich-beweist-innovationskompetenz-im-grossen-stil\/#breadcrumb"},"inLanguage":"de","potentialAction":[{"@type":"ReadAction","target":["https:\/\/www.sonnenseite.com\/de\/zukunft\/oesterreich-beweist-innovationskompetenz-im-grossen-stil\/"]}]},{"@type":"ImageObject","inLanguage":"de","@id":"https:\/\/www.sonnenseite.com\/de\/zukunft\/oesterreich-beweist-innovationskompetenz-im-grossen-stil\/#primaryimage","url":"https:\/\/www.sonnenseite.com\/wp-content\/uploads\/2020\/06\/Oesterreich_Flagge_JuergenSieber.jpg","contentUrl":"https:\/\/www.sonnenseite.com\/wp-content\/uploads\/2020\/06\/Oesterreich_Flagge_JuergenSieber.jpg","width":770,"height":420,"caption":"pixabay.com | Juergen Sieber"},{"@type":"BreadcrumbList","@id":"https:\/\/www.sonnenseite.com\/de\/zukunft\/oesterreich-beweist-innovationskompetenz-im-grossen-stil\/#breadcrumb","itemListElement":[{"@type":"ListItem","position":1,"name":"Startseite","item":"https:\/\/www.sonnenseite.com\/de\/"},{"@type":"ListItem","position":2,"name":"\u00d6sterreich beweist Innovationskompetenz im gro\u00dfen Stil"}]},{"@type":"WebSite","@id":"https:\/\/www.sonnenseite.com\/de\/#website","url":"https:\/\/www.sonnenseite.com\/de\/","name":"Sonnenseite","description":"\u00d6kologische Kommunikation mit Franz Alt","publisher":{"@id":"https:\/\/www.sonnenseite.com\/de\/#organization"},"potentialAction":[{"@type":"SearchAction","target":{"@type":"EntryPoint","urlTemplate":"https:\/\/www.sonnenseite.com\/de\/?s={search_term_string}"},"query-input":{"@type":"PropertyValueSpecification","valueRequired":true,"valueName":"search_term_string"}}],"inLanguage":"de"},{"@type":"Organization","@id":"https:\/\/www.sonnenseite.com\/de\/#organization","name":"Sonnenseite","url":"https:\/\/www.sonnenseite.com\/de\/","logo":{"@type":"ImageObject","inLanguage":"de","@id":"https:\/\/www.sonnenseite.com\/de\/#\/schema\/logo\/image\/","url":"https:\/\/www.sonnenseite.com\/wp-content\/uploads\/2020\/05\/Sonnenseite_Logo.png","contentUrl":"https:\/\/www.sonnenseite.com\/wp-content\/uploads\/2020\/05\/Sonnenseite_Logo.png","width":377,"height":90,"caption":"Sonnenseite"},"image":{"@id":"https:\/\/www.sonnenseite.com\/de\/#\/schema\/logo\/image\/"},"sameAs":["https:\/\/www.facebook.com\/pages\/Franz-Alt-SONNENSEITECOM\/221072987903953?fref=ts","https:\/\/x.com\/franzalt","http:\/\/www.youtube.com\/results?search_query&amp;amp;quot;franz_alt&amp;amp;quot;&amp;amp;amp;amp;search_type&amp;amp;amp;amp;aq=f"]},{"@type":"Person","@id":"https:\/\/www.sonnenseite.com\/de\/#\/schema\/person\/50fda0e926597684c7cc6695238a4eb9","name":"Bigi Alt"}]}},"_links":{"self":[{"href":"https:\/\/www.sonnenseite.com\/de\/wp-json\/wp\/v2\/posts\/85211","targetHints":{"allow":["GET"]}}],"collection":[{"href":"https:\/\/www.sonnenseite.com\/de\/wp-json\/wp\/v2\/posts"}],"about":[{"href":"https:\/\/www.sonnenseite.com\/de\/wp-json\/wp\/v2\/types\/post"}],"author":[{"embeddable":true,"href":"https:\/\/www.sonnenseite.com\/de\/wp-json\/wp\/v2\/users\/3"}],"replies":[{"embeddable":true,"href":"https:\/\/www.sonnenseite.com\/de\/wp-json\/wp\/v2\/comments?post=85211"}],"version-history":[{"count":2,"href":"https:\/\/www.sonnenseite.com\/de\/wp-json\/wp\/v2\/posts\/85211\/revisions"}],"predecessor-version":[{"id":85213,"href":"https:\/\/www.sonnenseite.com\/de\/wp-json\/wp\/v2\/posts\/85211\/revisions\/85213"}],"wp:featuredmedia":[{"embeddable":true,"href":"https:\/\/www.sonnenseite.com\/de\/wp-json\/wp\/v2\/media\/60242"}],"wp:attachment":[{"href":"https:\/\/www.sonnenseite.com\/de\/wp-json\/wp\/v2\/media?parent=85211"}],"wp:term":[{"taxonomy":"category","embeddable":true,"href":"https:\/\/www.sonnenseite.com\/de\/wp-json\/wp\/v2\/categories?post=85211"},{"taxonomy":"post_tag","embeddable":true,"href":"https:\/\/www.sonnenseite.com\/de\/wp-json\/wp\/v2\/tags?post=85211"}],"curies":[{"name":"wp","href":"https:\/\/api.w.org\/{rel}","templated":true}]}}