{"id":85675,"date":"2022-10-01T10:20:40","date_gmt":"2022-10-01T08:20:40","guid":{"rendered":"https:\/\/www.sonnenseite.com\/?p=85675"},"modified":"2022-10-10T12:06:36","modified_gmt":"2022-10-10T10:06:36","slug":"den-erneuerbaren-werden-ein-paar-fesseln-gelockert","status":"publish","type":"post","link":"https:\/\/www.sonnenseite.com\/de\/energie\/den-erneuerbaren-werden-ein-paar-fesseln-gelockert\/","title":{"rendered":"Den Erneuerbaren werden ein paar Fesseln gelockert"},"content":{"rendered":"\n<p>Mehr \u00d6kostrom schon im Winter soll das gestern verabschiedete Energiesicherungsgesetz bringen. Wie viel zus\u00e4tzliche Energie mit der teilweisen Entfesselung von Wind, Sonne und Biogas ins Netz gelangen wird, ist aber schwer abzusch\u00e4tzen.<\/p>\n\n\n\n<p>Als sozialdemokratischer Entfesselungsk\u00fcnstler bet\u00e4tigte sich <a href=\"https:\/\/de.wikipedia.org\/wiki\/Timon_Gremmels\" target=\"_blank\" rel=\"noreferrer noopener\">Timon Gremmels<\/a> am Freitag im Bundestag. Mit der Novelle des Energiesicherungsgesetzes (Ensig) w\u00fcrden bei Biogas und Windkraft &#8222;Fesseln gel\u00f6st&#8220;, <a href=\"https:\/\/www.bundestag.de\/dokumente\/protokolle\/vorlaeufig\/20058-913186\" target=\"_blank\" rel=\"noreferrer noopener\">lobte der SPD-Abgeordnete<\/a> im Bundestagsplenum das am selben Tag beschlossene <a href=\"https:\/\/dserver.bundestag.de\/btd\/20\/034\/2003497.pdf\" target=\"_blank\" rel=\"noreferrer noopener\">Gesetzeswerk<\/a> seiner Koalition.<\/p>\n\n\n\n<p>Besonders vorteilhaft aus Gremmels&#8216; Sicht: Man hebe Potenziale derjenigen erneuerbaren Energien, die bereits installiert sind. Allein die &#8222;Entfesselung&#8220; bei der Windkraft werde dazu f\u00fchren, dass vorhandene Windanlagen &#8222;in Gr\u00f6\u00dfenordnung eines Kernkraftwerks&#8220; st\u00e4rker genutzt werden.<\/p>\n\n\n\n<p>Auf Nachfrage, wie er zu dem Vergleich komme, teilte Gremmels mit, das Wirtschaftsministerium habe die &#8222;Booster&#8220;-Ma\u00dfnahmen zur Windkraft im Ensig konservativ auf ein Potenzial von 800 Millionen Kilowattstunden gesch\u00e4tzt.<\/p>\n\n\n\n<p>Zugleich legten Berechnungen des T\u00fcv S\u00fcd nahe, dass bei einem m\u00f6glichen 80-t\u00e4gigen <a href=\"https:\/\/www.klimareporter.de\/deutschland\/atomkraft-ja-bitte\" target=\"_blank\" rel=\"noreferrer noopener\">&#8222;Streckbetrieb&#8220;<\/a> im bayerischen Atomkraftwerk Isar&nbsp;2 etwa <a href=\"https:\/\/www.handelsblatt.com\/politik\/deutschland\/akw-weiterbetrieb-was-ein-streckbetrieb-der-deutschen-atomkraftwerke-bringen-koennte\/28659164.html\" target=\"_blank\" rel=\"noreferrer noopener\">zwei Milliarden<\/a> Kilowattstunden Strom erzeugt werden.<\/p>\n\n\n\n<p>Insofern k\u00f6nne man annehmen, so der SPD-Abgeordnete, dass \u2013 abh\u00e4ngig vom tats\u00e4chlich anfallenden Wind \u2013 das Ensig durch die zus\u00e4tzliche Windenergie einen 30- bis 40-t\u00e4gigen Streckbetrieb eines AKW &#8222;obsolet&#8220; mache.<\/p>\n\n\n\n<p>Der &#8222;Booster&#8220; besteht vor allem darin, dass f\u00fcr Windanlagen kurzfristig Betriebsauflagen erleichtert werden. Ein l\u00e4ngerer und intensiverer Betrieb, der zu mehr L\u00e4rm und Schattenwurf f\u00fchrt, muss nur noch angemeldet und nicht mehr genehmigt werden.<\/p>\n\n\n\n<h5 class=\"wp-block-heading\">Zus\u00e4tzlicher Windstrom statt AKW-Streckbetrieb<\/h5>\n\n\n\n<p>Die Windbranche selbst sch\u00e4tzt, dass durch das &#8222;Boostern&#8220; etwa vier Prozent mehr Windstrom erzeugt werden k\u00f6nnen. Zuletzt erzeugte Windkraft um 90 bis 100 Milliarden Kilowattstunden j\u00e4hrlich.<\/p>\n\n\n\n<p>Die Erleichterungen br\u00e4chten also maximal vier Milliarden Kilowattstunden zus\u00e4tzlich \u2013 aufs ganze Jahr gerechnet. Der Anteil f\u00fcr die 80 Tage Streckbetrieb \u2013 weniger als ein Vierteljahr \u2013 w\u00e4re dann nicht mehr besonders hoch.<\/p>\n\n\n\n<p>Gremmels&#8216; Fraktionskollege <a href=\"https:\/\/www.bundestag.de\/abgeordnete\/biografien\/B\/bergt_bengt-861374\" target=\"_blank\" rel=\"noreferrer noopener\">Bengt Bergt<\/a> bezifferte in seiner <a href=\"https:\/\/dserver.bundestag.de\/btd\/20\/034\/2003497.pdf\" target=\"_blank\" rel=\"noreferrer noopener\">Rede<\/a> die Windstrom-Mehrproduktion am Freitag \u00fcbrigens nur auf ein halbes Kernkraftwerk. Das liegt vermutlich n\u00e4her an der Realit\u00e4t.<\/p>\n\n\n\n<p>Helfen wird im kommenden Winter auch, dass f\u00fcr Biogas die geltende Kapazit\u00e4tsgrenze von 2,3 Millionen Kubikmetern pro Jahr ausgesetzt wird. Die <a href=\"https:\/\/www.klimareporter.de\/strom\/deutschland-fackelt-gas-ab\" target=\"_blank\" rel=\"noreferrer noopener\">Betreiber klagen<\/a> schon seit Monaten, dass ihre Biomasse-Lager voll sind und sie aus dem Stand deutlich mehr Strom erzeugen k\u00f6nnten, aber nicht d\u00fcrften.<\/p>\n\n\n\n<p>Allerdings wurden nicht alle W\u00fcnsche der Branche erf\u00fcllt. Im Vorfeld hatte sie angegeben, mit Biogas und Biomethan die j\u00e4hrliche Stromerzeugung um etwa 20 Milliarden Kilowattstunden steigern zu k\u00f6nnen. Das w\u00e4re dann schon deutlich mehr, als jeder Streckbetrieb br\u00e4chte. Diese Strommenge wird aber nicht erreicht werden.<\/p>\n\n\n\n<h5 class=\"wp-block-heading\">Solarparks k\u00f6nnen jetzt repowert werden<\/h5>\n\n\n\n<p>Eher l\u00e4ngerfristig als im kommenden Winter wirken die &#8222;Booster&#8220;-Ma\u00dfnahmen f\u00fcr die Photovoltaik. Am Freitag freute sich die Solarbranche besonders dar\u00fcber, dass die Koalition f\u00fcr das kommende Jahr die maximale Grenze f\u00fcr Solarpark-Ausschreibungen von 20 auf 100 Megawatt anhob.<\/p>\n\n\n\n<p>Das kommt einem Quantensprung gleich. Die Anlagen erreichen jetzt langsam die Gr\u00f6\u00dfe kleinerer fossiler Stromerzeuger.<\/p>\n\n\n\n<p>Das Energiesicherungsgesetz erleichtert auch das <a href=\"https:\/\/www.energie-lexikon.info\/repowering.html\" target=\"_blank\" rel=\"noreferrer noopener\">Repowering<\/a> von Solaranlagen. Das entsprechende Verbot aus dem geltenden Erneuerbare-Energien-Gesetz soll noch kurzfristig gestrichen werden. Vorhandene Solarparks k\u00f6nnten so ihre Leistung schon in wenigen Monaten erh\u00f6hen, erwartet der Bundesverband Neue Energiewirtschaft (<a href=\"https:\/\/de.wikipedia.org\/wiki\/Bundesverband_Neue_Energiewirtschaft\" target=\"_blank\" rel=\"noreferrer noopener\">BNE<\/a>).<\/p>\n\n\n\n<p>Nach <a href=\"https:\/\/www.bne-online.de\/fileadmin\/user_upload\/Gesetzgebungsvorschlag_Aktives_Repowering_PV__bbh_.pdf\" target=\"_blank\" rel=\"noreferrer noopener\">seinen Angaben<\/a> ist seit Errichtung der ersten Photovoltaik-Freifl\u00e4chenanlagen im Jahr 2004 die Leistungsf\u00e4higkeit deutlich gestiegen. Seien in den Anfangsjahren noch etwa 2,5 Hektar Fl\u00e4che pro Megawatt Nennleistung n\u00f6tig gewesen, ben\u00f6tige man jetzt nur noch etwas mehr als ein Drittel.<\/p>\n\n\n\n<p>Moderne Module w\u00fcrden also deutlich mehr Stromertrag auf derselben Fl\u00e4che bringen&nbsp;\u2013 wobei die ausgetauschten alten Module sogar weitergenutzt werden k\u00f6nnten, etwa f\u00fcr <a href=\"https:\/\/www.klimareporter.de\/strom\/balkon-strom-wird-zur-massenbewegung\" target=\"_blank\" rel=\"noreferrer noopener\">Balkon-Photovoltaik<\/a>.<\/p>\n\n\n\n<h5 class=\"wp-block-heading\">Weitere &#8222;Entfesselungen&#8220; bis Jahresende<\/h5>\n\n\n\n<p>Eher unzufrieden mit den &#8222;Booster&#8220;-Ma\u00dfnahmen zeigt sich dagegen der Solarwirtschaftsverband <a href=\"https:\/\/de.wikipedia.org\/wiki\/Bundesverband_Solarwirtschaft\" target=\"_blank\" rel=\"noreferrer noopener\">BSW<\/a>. Er hatte gefordert, vor allem an den bekannten <a href=\"https:\/\/www.energie-lexikon.info\/ausfallarbeit.html\" target=\"_blank\" rel=\"noreferrer noopener\">Netzengp\u00e4ssen<\/a> den Bau von Speichern voranzutreiben, die dann \u00fcbersch\u00fcssigen Solarstrom nutzen, der zurzeit h\u00e4ufig noch <a href=\"https:\/\/www.energie-lexikon.info\/abregelung.html\" target=\"_blank\" rel=\"noreferrer noopener\">abgeregelt<\/a> wird.&nbsp;<\/p>\n\n\n\n<p>Die Speicher sollten dann vor allem die Erzeugung <a href=\"https:\/\/www.klimareporter.de\/gebaude\/klimaneutrale-waerme-so-gehts\" target=\"_blank\" rel=\"noreferrer noopener\">solarer Fernw\u00e4rme<\/a> vorantreiben. Das w\u00e4re angesichts des Gasmangels nicht ohne Sinn gewesen.<\/p>\n\n\n\n<p>Wieder seien keine Ma\u00dfnahmen ergriffen worden, um die Solarenergie zur W\u00e4rmeerzeugung schneller auszubauen, <a href=\"https:\/\/www.solarwirtschaft.de\/2022\/09\/28\/weitgehend-verpasste-chance\/\" target=\"_blank\" rel=\"noreferrer noopener\">kritisierte<\/a> denn auch BSW-Chef <a href=\"https:\/\/www.klimareporter.de\/strom\/solarstromer-duerfen-fuer-weiterbetrieb-nicht-draufzahlen\" target=\"_blank\" rel=\"noreferrer noopener\">Carsten K\u00f6rnig<\/a>. Die bisherigen Ma\u00dfnahmen k\u00f6nnten nur einen Bruchteil des brachliegenden Potenzials heben. Man hoffe, dass die Ampel-Koalition noch in diesem Jahr z\u00fcgig nachbessert.<\/p>\n\n\n\n<p>Tats\u00e4chlich hat Wirtschaftsstaatssekret\u00e4r <a href=\"https:\/\/www.klimareporter.de\/strom\/um-die-kohle-abzuloesen-brauchen-wir-gaskraftwerke\" target=\"_blank\" rel=\"noreferrer noopener\">Patrick Graichen<\/a> Mitte September angek\u00fcndigt, dass bis zum Jahresende noch ein <a href=\"https:\/\/w3.windmesse.de\/windenergie\/pm\/42004-bne-verband-feier-jubilaum-etlastung-burokratie-paket-gast-konzept-digitalisierung-smart-meter-energiewende-staatssekretar\" target=\"_blank\" rel=\"noreferrer noopener\">&#8222;Entb\u00fcrokratisierungspaket&#8220;<\/a> auf den Weg gebracht werden soll. Dabei soll es um Netzanschl\u00fcsse, Digitalisierung und einen Schub f\u00fcr die Erneuerbaren gehen.<\/p>\n\n\n\n<p>Mit weiteren &#8222;Entfesselungen&#8220; darf also gerechnet werden.<\/p>\n\n\n<h5 class=\"green\">Quelle<\/h5>\r\n\n\n\n<p>Der Bericht wurde von der\u00a0<a href=\"https:\/\/www.klimareporter.de\/strom\/den-erneuerbaren-werden-ein-paar-fesseln-gelockert\">Redaktion \u201eklimareporter.de\u201c (J\u00f6rg Staude) 2022<\/a>\u00a0verfasst &#8211; der Artikel darf nicht ohne Genehmigung\u00a0(<a href=\"mailto:post@klimareporter.de\">post@klimareporter.de<\/a>) weiterverbreitet werden!\u00a0<\/p>\n<div class=\"shariff shariff-align-flex-start shariff-widget-align-flex-start\"><div class=\"ShariffHeadline\">Diese Meldung teilen<\/div><ul class=\"shariff-buttons theme-round orientation-horizontal buttonsize-medium\"><li class=\"shariff-button facebook shariff-nocustomcolor\" style=\"background-color:#4273c8;border-radius:1%\"><a href=\"https:\/\/www.facebook.com\/sharer\/sharer.php?u=https%3A%2F%2Fwww.sonnenseite.com%2Fde%2Fenergie%2Fden-erneuerbaren-werden-ein-paar-fesseln-gelockert%2F\" title=\"Bei Facebook teilen\" aria-label=\"Bei Facebook teilen\" role=\"button\" rel=\"nofollow\" class=\"shariff-link\" style=\";border-radius:1%; background-color:#3b5998; color:#fff\" target=\"_blank\"><span class=\"shariff-icon\" style=\"\"><svg width=\"32px\" height=\"20px\" xmlns=\"http:\/\/www.w3.org\/2000\/svg\" viewBox=\"0 0 18 32\"><path fill=\"#3b5998\" d=\"M17.1 0.2v4.7h-2.8q-1.5 0-2.1 0.6t-0.5 1.9v3.4h5.2l-0.7 5.3h-4.5v13.6h-5.5v-13.6h-4.5v-5.3h4.5v-3.9q0-3.3 1.9-5.2t5-1.8q2.6 0 4.1 0.2z\"\/><\/svg><\/span><\/a><\/li><li class=\"shariff-button twitter shariff-nocustomcolor\" style=\"background-color:#595959;border-radius:1%\"><a href=\"https:\/\/twitter.com\/share?url=https%3A%2F%2Fwww.sonnenseite.com%2Fde%2Fenergie%2Fden-erneuerbaren-werden-ein-paar-fesseln-gelockert%2F&text=Den%20Erneuerbaren%20werden%20ein%20paar%20Fesseln%20gelockert\" title=\"Bei X teilen\" aria-label=\"Bei X teilen\" role=\"button\" rel=\"noopener nofollow\" class=\"shariff-link\" style=\";border-radius:1%; background-color:#000; color:#fff\" target=\"_blank\"><span class=\"shariff-icon\" style=\"\"><svg width=\"32px\" height=\"20px\" xmlns=\"http:\/\/www.w3.org\/2000\/svg\" viewBox=\"0 0 24 24\"><path fill=\"#000\" d=\"M14.258 10.152L23.176 0h-2.113l-7.747 8.813L7.133 0H0l9.352 13.328L0 23.973h2.113l8.176-9.309 6.531 9.309h7.133zm-2.895 3.293l-.949-1.328L2.875 1.56h3.246l6.086 8.523.945 1.328 7.91 11.078h-3.246zm0 0\"\/><\/svg><\/span><\/a><\/li><li class=\"shariff-button xing shariff-nocustomcolor\" style=\"background-color:#29888a;border-radius:1%\"><a href=\"https:\/\/www.xing.com\/spi\/shares\/new?url=https%3A%2F%2Fwww.sonnenseite.com%2Fde%2Fenergie%2Fden-erneuerbaren-werden-ein-paar-fesseln-gelockert%2F\" title=\"Bei XING teilen\" aria-label=\"Bei XING teilen\" role=\"button\" rel=\"noopener nofollow\" class=\"shariff-link\" style=\";border-radius:1%; background-color:#126567; color:#fff\" target=\"_blank\"><span class=\"shariff-icon\" style=\"\"><svg width=\"32px\" height=\"20px\" xmlns=\"http:\/\/www.w3.org\/2000\/svg\" viewBox=\"0 0 25 32\"><path fill=\"#126567\" d=\"M10.7 11.9q-0.2 0.3-4.6 8.2-0.5 0.8-1.2 0.8h-4.3q-0.4 0-0.5-0.3t0-0.6l4.5-8q0 0 0 0l-2.9-5q-0.2-0.4 0-0.7 0.2-0.3 0.5-0.3h4.3q0.7 0 1.2 0.8zM25.1 0.4q0.2 0.3 0 0.7l-9.4 16.7 6 11q0.2 0.4 0 0.6-0.2 0.3-0.6 0.3h-4.3q-0.7 0-1.2-0.8l-6-11.1q0.3-0.6 9.5-16.8 0.4-0.8 1.2-0.8h4.3q0.4 0 0.5 0.3z\"\/><\/svg><\/span><\/a><\/li><li class=\"shariff-button linkedin shariff-nocustomcolor\" style=\"background-color:#1488bf;border-radius:1%\"><a href=\"https:\/\/www.linkedin.com\/sharing\/share-offsite\/?url=https%3A%2F%2Fwww.sonnenseite.com%2Fde%2Fenergie%2Fden-erneuerbaren-werden-ein-paar-fesseln-gelockert%2F\" title=\"Bei LinkedIn teilen\" aria-label=\"Bei LinkedIn teilen\" role=\"button\" rel=\"noopener nofollow\" class=\"shariff-link\" style=\";border-radius:1%; background-color:#0077b5; color:#fff\" target=\"_blank\"><span class=\"shariff-icon\" style=\"\"><svg width=\"32px\" height=\"20px\" xmlns=\"http:\/\/www.w3.org\/2000\/svg\" viewBox=\"0 0 27 32\"><path fill=\"#0077b5\" d=\"M6.2 11.2v17.7h-5.9v-17.7h5.9zM6.6 5.7q0 1.3-0.9 2.2t-2.4 0.9h0q-1.5 0-2.4-0.9t-0.9-2.2 0.9-2.2 2.4-0.9 2.4 0.9 0.9 2.2zM27.4 18.7v10.1h-5.9v-9.5q0-1.9-0.7-2.9t-2.3-1.1q-1.1 0-1.9 0.6t-1.2 1.5q-0.2 0.5-0.2 1.4v9.9h-5.9q0-7.1 0-11.6t0-5.3l0-0.9h5.9v2.6h0q0.4-0.6 0.7-1t1-0.9 1.6-0.8 2-0.3q3 0 4.9 2t1.9 6z\"\/><\/svg><\/span><\/a><\/li><li class=\"shariff-button printer shariff-nocustomcolor\" style=\"background-color:#a8a8a8;border-radius:1%\"><a href=\"javascript:window.print()\" title=\"drucken\" aria-label=\"drucken\" role=\"button\" rel=\"noopener nofollow\" class=\"shariff-link\" style=\";border-radius:1%; background-color:#999; color:#fff\"><span class=\"shariff-icon\" style=\"\"><svg width=\"32px\" height=\"20px\" xmlns=\"http:\/\/www.w3.org\/2000\/svg\" viewBox=\"0 0 30 32\"><path fill=\"#999\" d=\"M6.8 27.4h16v-4.6h-16v4.6zM6.8 16h16v-6.8h-2.8q-0.7 0-1.2-0.5t-0.5-1.2v-2.8h-11.4v11.4zM27.4 17.2q0-0.5-0.3-0.8t-0.8-0.4-0.8 0.4-0.3 0.8 0.3 0.8 0.8 0.3 0.8-0.3 0.3-0.8zM29.7 17.2v7.4q0 0.2-0.2 0.4t-0.4 0.2h-4v2.8q0 0.7-0.5 1.2t-1.2 0.5h-17.2q-0.7 0-1.2-0.5t-0.5-1.2v-2.8h-4q-0.2 0-0.4-0.2t-0.2-0.4v-7.4q0-1.4 1-2.4t2.4-1h1.2v-9.7q0-0.7 0.5-1.2t1.2-0.5h12q0.7 0 1.6 0.4t1.3 0.8l2.7 2.7q0.5 0.5 0.9 1.4t0.4 1.6v4.6h1.1q1.4 0 2.4 1t1 2.4z\"\/><\/svg><\/span><\/a><\/li><li class=\"shariff-button mailto shariff-nocustomcolor\" style=\"background-color:#a8a8a8;border-radius:1%\"><a href=\"mailto:?body=https%3A%2F%2Fwww.sonnenseite.com%2Fde%2Fenergie%2Fden-erneuerbaren-werden-ein-paar-fesseln-gelockert%2F&subject=Den%20Erneuerbaren%20werden%20ein%20paar%20Fesseln%20gelockert\" title=\"Per E-Mail versenden\" aria-label=\"Per E-Mail versenden\" role=\"button\" rel=\"noopener nofollow\" class=\"shariff-link\" style=\";border-radius:1%; background-color:#999; color:#fff\"><span class=\"shariff-icon\" style=\"\"><svg width=\"32px\" height=\"20px\" xmlns=\"http:\/\/www.w3.org\/2000\/svg\" viewBox=\"0 0 32 32\"><path fill=\"#999\" d=\"M32 12.7v14.2q0 1.2-0.8 2t-2 0.9h-26.3q-1.2 0-2-0.9t-0.8-2v-14.2q0.8 0.9 1.8 1.6 6.5 4.4 8.9 6.1 1 0.8 1.6 1.2t1.7 0.9 2 0.4h0.1q0.9 0 2-0.4t1.7-0.9 1.6-1.2q3-2.2 8.9-6.1 1-0.7 1.8-1.6zM32 7.4q0 1.4-0.9 2.7t-2.2 2.2q-6.7 4.7-8.4 5.8-0.2 0.1-0.7 0.5t-1 0.7-0.9 0.6-1.1 0.5-0.9 0.2h-0.1q-0.4 0-0.9-0.2t-1.1-0.5-0.9-0.6-1-0.7-0.7-0.5q-1.6-1.1-4.7-3.2t-3.6-2.6q-1.1-0.7-2.1-2t-1-2.5q0-1.4 0.7-2.3t2.1-0.9h26.3q1.2 0 2 0.8t0.9 2z\"\/><\/svg><\/span><\/a><\/li><\/ul><\/div>","protected":false},"excerpt":{"rendered":"<p>Mehr \u00d6kostrom schon im Winter soll das gestern verabschiedete Energiesicherungsgesetz bringen. Wie viel zus\u00e4tzliche Energie mit [&hellip;]<\/p>\n","protected":false},"author":3,"featured_media":76368,"comment_status":"closed","ping_status":"closed","sticky":false,"template":"","format":"standard","meta":{"inline_featured_image":false,"footnotes":""},"categories":[22],"tags":[],"class_list":["post-85675","post","type-post","status-publish","format-standard","has-post-thumbnail","hentry","category-energie"],"yoast_head":"<!-- This site is optimized with the Yoast SEO plugin v26.5 - https:\/\/yoast.com\/wordpress\/plugins\/seo\/ -->\n<title>Den Erneuerbaren werden ein paar Fesseln gelockert - Sonnenseite - \u00d6kologische Kommunikation mit Franz Alt<\/title>\n<meta name=\"description\" content=\"Mehr \u00d6kostrom schon im Winter soll das gestern verabschiedete Energiesicherungsgesetz bringen. Wie viel zus\u00e4tzliche Energie mit der teilweisen\" \/>\n<meta name=\"robots\" content=\"index, follow, max-snippet:-1, max-image-preview:large, max-video-preview:-1\" \/>\n<link rel=\"canonical\" href=\"https:\/\/www.sonnenseite.com\/de\/energie\/den-erneuerbaren-werden-ein-paar-fesseln-gelockert\/\" \/>\n<meta property=\"og:locale\" content=\"de_DE\" \/>\n<meta property=\"og:type\" content=\"article\" \/>\n<meta property=\"og:title\" content=\"Den Erneuerbaren werden ein paar Fesseln gelockert - Sonnenseite - \u00d6kologische Kommunikation mit Franz Alt\" \/>\n<meta property=\"og:description\" content=\"Mehr \u00d6kostrom schon im Winter soll das gestern verabschiedete Energiesicherungsgesetz bringen. Wie viel zus\u00e4tzliche Energie mit der teilweisen\" \/>\n<meta property=\"og:url\" content=\"https:\/\/www.sonnenseite.com\/de\/energie\/den-erneuerbaren-werden-ein-paar-fesseln-gelockert\/\" \/>\n<meta property=\"og:site_name\" content=\"Sonnenseite\" \/>\n<meta property=\"article:publisher\" content=\"https:\/\/www.facebook.com\/pages\/Franz-Alt-SONNENSEITECOM\/221072987903953?fref=ts\" \/>\n<meta property=\"article:published_time\" content=\"2022-10-01T08:20:40+00:00\" \/>\n<meta property=\"article:modified_time\" content=\"2022-10-10T10:06:36+00:00\" \/>\n<meta property=\"og:image\" content=\"https:\/\/www.sonnenseite.com\/wp-content\/uploads\/2021\/11\/Windrad_Amandine26.jpg\" \/>\n\t<meta property=\"og:image:width\" content=\"770\" \/>\n\t<meta property=\"og:image:height\" content=\"420\" \/>\n\t<meta property=\"og:image:type\" content=\"image\/jpeg\" \/>\n<meta name=\"author\" content=\"Bigi Alt\" \/>\n<meta name=\"twitter:card\" content=\"summary_large_image\" \/>\n<meta name=\"twitter:creator\" content=\"@franzalt\" \/>\n<meta name=\"twitter:site\" content=\"@franzalt\" \/>\n<meta name=\"twitter:label1\" content=\"Verfasst von\" \/>\n\t<meta name=\"twitter:data1\" content=\"Bigi Alt\" \/>\n\t<meta name=\"twitter:label2\" content=\"Gesch\u00e4tzte Lesezeit\" \/>\n\t<meta name=\"twitter:data2\" content=\"4\u00a0Minuten\" \/>\n<script type=\"application\/ld+json\" class=\"yoast-schema-graph\">{\"@context\":\"https:\/\/schema.org\",\"@graph\":[{\"@type\":\"Article\",\"@id\":\"https:\/\/www.sonnenseite.com\/de\/energie\/den-erneuerbaren-werden-ein-paar-fesseln-gelockert\/#article\",\"isPartOf\":{\"@id\":\"https:\/\/www.sonnenseite.com\/de\/energie\/den-erneuerbaren-werden-ein-paar-fesseln-gelockert\/\"},\"author\":{\"name\":\"Bigi Alt\",\"@id\":\"https:\/\/www.sonnenseite.com\/de\/#\/schema\/person\/50fda0e926597684c7cc6695238a4eb9\"},\"headline\":\"Den Erneuerbaren werden ein paar Fesseln gelockert\",\"datePublished\":\"2022-10-01T08:20:40+00:00\",\"dateModified\":\"2022-10-10T10:06:36+00:00\",\"mainEntityOfPage\":{\"@id\":\"https:\/\/www.sonnenseite.com\/de\/energie\/den-erneuerbaren-werden-ein-paar-fesseln-gelockert\/\"},\"wordCount\":800,\"publisher\":{\"@id\":\"https:\/\/www.sonnenseite.com\/de\/#organization\"},\"image\":{\"@id\":\"https:\/\/www.sonnenseite.com\/de\/energie\/den-erneuerbaren-werden-ein-paar-fesseln-gelockert\/#primaryimage\"},\"thumbnailUrl\":\"https:\/\/www.sonnenseite.com\/wp-content\/uploads\/2021\/11\/Windrad_Amandine26.jpg\",\"articleSection\":[\"Energie\"],\"inLanguage\":\"de\"},{\"@type\":\"WebPage\",\"@id\":\"https:\/\/www.sonnenseite.com\/de\/energie\/den-erneuerbaren-werden-ein-paar-fesseln-gelockert\/\",\"url\":\"https:\/\/www.sonnenseite.com\/de\/energie\/den-erneuerbaren-werden-ein-paar-fesseln-gelockert\/\",\"name\":\"Den Erneuerbaren werden ein paar Fesseln gelockert - Sonnenseite - \u00d6kologische Kommunikation mit Franz Alt\",\"isPartOf\":{\"@id\":\"https:\/\/www.sonnenseite.com\/de\/#website\"},\"primaryImageOfPage\":{\"@id\":\"https:\/\/www.sonnenseite.com\/de\/energie\/den-erneuerbaren-werden-ein-paar-fesseln-gelockert\/#primaryimage\"},\"image\":{\"@id\":\"https:\/\/www.sonnenseite.com\/de\/energie\/den-erneuerbaren-werden-ein-paar-fesseln-gelockert\/#primaryimage\"},\"thumbnailUrl\":\"https:\/\/www.sonnenseite.com\/wp-content\/uploads\/2021\/11\/Windrad_Amandine26.jpg\",\"datePublished\":\"2022-10-01T08:20:40+00:00\",\"dateModified\":\"2022-10-10T10:06:36+00:00\",\"description\":\"Mehr \u00d6kostrom schon im Winter soll das gestern verabschiedete Energiesicherungsgesetz bringen. Wie viel zus\u00e4tzliche Energie mit der teilweisen\",\"breadcrumb\":{\"@id\":\"https:\/\/www.sonnenseite.com\/de\/energie\/den-erneuerbaren-werden-ein-paar-fesseln-gelockert\/#breadcrumb\"},\"inLanguage\":\"de\",\"potentialAction\":[{\"@type\":\"ReadAction\",\"target\":[\"https:\/\/www.sonnenseite.com\/de\/energie\/den-erneuerbaren-werden-ein-paar-fesseln-gelockert\/\"]}]},{\"@type\":\"ImageObject\",\"inLanguage\":\"de\",\"@id\":\"https:\/\/www.sonnenseite.com\/de\/energie\/den-erneuerbaren-werden-ein-paar-fesseln-gelockert\/#primaryimage\",\"url\":\"https:\/\/www.sonnenseite.com\/wp-content\/uploads\/2021\/11\/Windrad_Amandine26.jpg\",\"contentUrl\":\"https:\/\/www.sonnenseite.com\/wp-content\/uploads\/2021\/11\/Windrad_Amandine26.jpg\",\"width\":770,\"height\":420,\"caption\":\"Depositphotos.com | Amandine26\"},{\"@type\":\"BreadcrumbList\",\"@id\":\"https:\/\/www.sonnenseite.com\/de\/energie\/den-erneuerbaren-werden-ein-paar-fesseln-gelockert\/#breadcrumb\",\"itemListElement\":[{\"@type\":\"ListItem\",\"position\":1,\"name\":\"Startseite\",\"item\":\"https:\/\/www.sonnenseite.com\/de\/\"},{\"@type\":\"ListItem\",\"position\":2,\"name\":\"Den Erneuerbaren werden ein paar Fesseln gelockert\"}]},{\"@type\":\"WebSite\",\"@id\":\"https:\/\/www.sonnenseite.com\/de\/#website\",\"url\":\"https:\/\/www.sonnenseite.com\/de\/\",\"name\":\"Sonnenseite\",\"description\":\"\u00d6kologische Kommunikation mit Franz Alt\",\"publisher\":{\"@id\":\"https:\/\/www.sonnenseite.com\/de\/#organization\"},\"potentialAction\":[{\"@type\":\"SearchAction\",\"target\":{\"@type\":\"EntryPoint\",\"urlTemplate\":\"https:\/\/www.sonnenseite.com\/de\/?s={search_term_string}\"},\"query-input\":{\"@type\":\"PropertyValueSpecification\",\"valueRequired\":true,\"valueName\":\"search_term_string\"}}],\"inLanguage\":\"de\"},{\"@type\":\"Organization\",\"@id\":\"https:\/\/www.sonnenseite.com\/de\/#organization\",\"name\":\"Sonnenseite\",\"url\":\"https:\/\/www.sonnenseite.com\/de\/\",\"logo\":{\"@type\":\"ImageObject\",\"inLanguage\":\"de\",\"@id\":\"https:\/\/www.sonnenseite.com\/de\/#\/schema\/logo\/image\/\",\"url\":\"https:\/\/www.sonnenseite.com\/wp-content\/uploads\/2020\/05\/Sonnenseite_Logo.png\",\"contentUrl\":\"https:\/\/www.sonnenseite.com\/wp-content\/uploads\/2020\/05\/Sonnenseite_Logo.png\",\"width\":377,\"height\":90,\"caption\":\"Sonnenseite\"},\"image\":{\"@id\":\"https:\/\/www.sonnenseite.com\/de\/#\/schema\/logo\/image\/\"},\"sameAs\":[\"https:\/\/www.facebook.com\/pages\/Franz-Alt-SONNENSEITECOM\/221072987903953?fref=ts\",\"https:\/\/x.com\/franzalt\",\"http:\/\/www.youtube.com\/results?search_query&amp;amp;quot;franz_alt&amp;amp;quot;&amp;amp;amp;amp;search_type&amp;amp;amp;amp;aq=f\"]},{\"@type\":\"Person\",\"@id\":\"https:\/\/www.sonnenseite.com\/de\/#\/schema\/person\/50fda0e926597684c7cc6695238a4eb9\",\"name\":\"Bigi Alt\"}]}<\/script>\n<!-- \/ Yoast SEO plugin. -->","yoast_head_json":{"title":"Den Erneuerbaren werden ein paar Fesseln gelockert - Sonnenseite - \u00d6kologische Kommunikation mit Franz Alt","description":"Mehr \u00d6kostrom schon im Winter soll das gestern verabschiedete Energiesicherungsgesetz bringen. Wie viel zus\u00e4tzliche Energie mit der teilweisen","robots":{"index":"index","follow":"follow","max-snippet":"max-snippet:-1","max-image-preview":"max-image-preview:large","max-video-preview":"max-video-preview:-1"},"canonical":"https:\/\/www.sonnenseite.com\/de\/energie\/den-erneuerbaren-werden-ein-paar-fesseln-gelockert\/","og_locale":"de_DE","og_type":"article","og_title":"Den Erneuerbaren werden ein paar Fesseln gelockert - Sonnenseite - \u00d6kologische Kommunikation mit Franz Alt","og_description":"Mehr \u00d6kostrom schon im Winter soll das gestern verabschiedete Energiesicherungsgesetz bringen. Wie viel zus\u00e4tzliche Energie mit der teilweisen","og_url":"https:\/\/www.sonnenseite.com\/de\/energie\/den-erneuerbaren-werden-ein-paar-fesseln-gelockert\/","og_site_name":"Sonnenseite","article_publisher":"https:\/\/www.facebook.com\/pages\/Franz-Alt-SONNENSEITECOM\/221072987903953?fref=ts","article_published_time":"2022-10-01T08:20:40+00:00","article_modified_time":"2022-10-10T10:06:36+00:00","og_image":[{"width":770,"height":420,"url":"https:\/\/www.sonnenseite.com\/wp-content\/uploads\/2021\/11\/Windrad_Amandine26.jpg","type":"image\/jpeg"}],"author":"Bigi Alt","twitter_card":"summary_large_image","twitter_creator":"@franzalt","twitter_site":"@franzalt","twitter_misc":{"Verfasst von":"Bigi Alt","Gesch\u00e4tzte Lesezeit":"4\u00a0Minuten"},"schema":{"@context":"https:\/\/schema.org","@graph":[{"@type":"Article","@id":"https:\/\/www.sonnenseite.com\/de\/energie\/den-erneuerbaren-werden-ein-paar-fesseln-gelockert\/#article","isPartOf":{"@id":"https:\/\/www.sonnenseite.com\/de\/energie\/den-erneuerbaren-werden-ein-paar-fesseln-gelockert\/"},"author":{"name":"Bigi Alt","@id":"https:\/\/www.sonnenseite.com\/de\/#\/schema\/person\/50fda0e926597684c7cc6695238a4eb9"},"headline":"Den Erneuerbaren werden ein paar Fesseln gelockert","datePublished":"2022-10-01T08:20:40+00:00","dateModified":"2022-10-10T10:06:36+00:00","mainEntityOfPage":{"@id":"https:\/\/www.sonnenseite.com\/de\/energie\/den-erneuerbaren-werden-ein-paar-fesseln-gelockert\/"},"wordCount":800,"publisher":{"@id":"https:\/\/www.sonnenseite.com\/de\/#organization"},"image":{"@id":"https:\/\/www.sonnenseite.com\/de\/energie\/den-erneuerbaren-werden-ein-paar-fesseln-gelockert\/#primaryimage"},"thumbnailUrl":"https:\/\/www.sonnenseite.com\/wp-content\/uploads\/2021\/11\/Windrad_Amandine26.jpg","articleSection":["Energie"],"inLanguage":"de"},{"@type":"WebPage","@id":"https:\/\/www.sonnenseite.com\/de\/energie\/den-erneuerbaren-werden-ein-paar-fesseln-gelockert\/","url":"https:\/\/www.sonnenseite.com\/de\/energie\/den-erneuerbaren-werden-ein-paar-fesseln-gelockert\/","name":"Den Erneuerbaren werden ein paar Fesseln gelockert - Sonnenseite - \u00d6kologische Kommunikation mit Franz Alt","isPartOf":{"@id":"https:\/\/www.sonnenseite.com\/de\/#website"},"primaryImageOfPage":{"@id":"https:\/\/www.sonnenseite.com\/de\/energie\/den-erneuerbaren-werden-ein-paar-fesseln-gelockert\/#primaryimage"},"image":{"@id":"https:\/\/www.sonnenseite.com\/de\/energie\/den-erneuerbaren-werden-ein-paar-fesseln-gelockert\/#primaryimage"},"thumbnailUrl":"https:\/\/www.sonnenseite.com\/wp-content\/uploads\/2021\/11\/Windrad_Amandine26.jpg","datePublished":"2022-10-01T08:20:40+00:00","dateModified":"2022-10-10T10:06:36+00:00","description":"Mehr \u00d6kostrom schon im Winter soll das gestern verabschiedete Energiesicherungsgesetz bringen. Wie viel zus\u00e4tzliche Energie mit der teilweisen","breadcrumb":{"@id":"https:\/\/www.sonnenseite.com\/de\/energie\/den-erneuerbaren-werden-ein-paar-fesseln-gelockert\/#breadcrumb"},"inLanguage":"de","potentialAction":[{"@type":"ReadAction","target":["https:\/\/www.sonnenseite.com\/de\/energie\/den-erneuerbaren-werden-ein-paar-fesseln-gelockert\/"]}]},{"@type":"ImageObject","inLanguage":"de","@id":"https:\/\/www.sonnenseite.com\/de\/energie\/den-erneuerbaren-werden-ein-paar-fesseln-gelockert\/#primaryimage","url":"https:\/\/www.sonnenseite.com\/wp-content\/uploads\/2021\/11\/Windrad_Amandine26.jpg","contentUrl":"https:\/\/www.sonnenseite.com\/wp-content\/uploads\/2021\/11\/Windrad_Amandine26.jpg","width":770,"height":420,"caption":"Depositphotos.com | Amandine26"},{"@type":"BreadcrumbList","@id":"https:\/\/www.sonnenseite.com\/de\/energie\/den-erneuerbaren-werden-ein-paar-fesseln-gelockert\/#breadcrumb","itemListElement":[{"@type":"ListItem","position":1,"name":"Startseite","item":"https:\/\/www.sonnenseite.com\/de\/"},{"@type":"ListItem","position":2,"name":"Den Erneuerbaren werden ein paar Fesseln gelockert"}]},{"@type":"WebSite","@id":"https:\/\/www.sonnenseite.com\/de\/#website","url":"https:\/\/www.sonnenseite.com\/de\/","name":"Sonnenseite","description":"\u00d6kologische Kommunikation mit Franz Alt","publisher":{"@id":"https:\/\/www.sonnenseite.com\/de\/#organization"},"potentialAction":[{"@type":"SearchAction","target":{"@type":"EntryPoint","urlTemplate":"https:\/\/www.sonnenseite.com\/de\/?s={search_term_string}"},"query-input":{"@type":"PropertyValueSpecification","valueRequired":true,"valueName":"search_term_string"}}],"inLanguage":"de"},{"@type":"Organization","@id":"https:\/\/www.sonnenseite.com\/de\/#organization","name":"Sonnenseite","url":"https:\/\/www.sonnenseite.com\/de\/","logo":{"@type":"ImageObject","inLanguage":"de","@id":"https:\/\/www.sonnenseite.com\/de\/#\/schema\/logo\/image\/","url":"https:\/\/www.sonnenseite.com\/wp-content\/uploads\/2020\/05\/Sonnenseite_Logo.png","contentUrl":"https:\/\/www.sonnenseite.com\/wp-content\/uploads\/2020\/05\/Sonnenseite_Logo.png","width":377,"height":90,"caption":"Sonnenseite"},"image":{"@id":"https:\/\/www.sonnenseite.com\/de\/#\/schema\/logo\/image\/"},"sameAs":["https:\/\/www.facebook.com\/pages\/Franz-Alt-SONNENSEITECOM\/221072987903953?fref=ts","https:\/\/x.com\/franzalt","http:\/\/www.youtube.com\/results?search_query&amp;amp;quot;franz_alt&amp;amp;quot;&amp;amp;amp;amp;search_type&amp;amp;amp;amp;aq=f"]},{"@type":"Person","@id":"https:\/\/www.sonnenseite.com\/de\/#\/schema\/person\/50fda0e926597684c7cc6695238a4eb9","name":"Bigi Alt"}]}},"_links":{"self":[{"href":"https:\/\/www.sonnenseite.com\/de\/wp-json\/wp\/v2\/posts\/85675","targetHints":{"allow":["GET"]}}],"collection":[{"href":"https:\/\/www.sonnenseite.com\/de\/wp-json\/wp\/v2\/posts"}],"about":[{"href":"https:\/\/www.sonnenseite.com\/de\/wp-json\/wp\/v2\/types\/post"}],"author":[{"embeddable":true,"href":"https:\/\/www.sonnenseite.com\/de\/wp-json\/wp\/v2\/users\/3"}],"replies":[{"embeddable":true,"href":"https:\/\/www.sonnenseite.com\/de\/wp-json\/wp\/v2\/comments?post=85675"}],"version-history":[{"count":1,"href":"https:\/\/www.sonnenseite.com\/de\/wp-json\/wp\/v2\/posts\/85675\/revisions"}],"predecessor-version":[{"id":85676,"href":"https:\/\/www.sonnenseite.com\/de\/wp-json\/wp\/v2\/posts\/85675\/revisions\/85676"}],"wp:featuredmedia":[{"embeddable":true,"href":"https:\/\/www.sonnenseite.com\/de\/wp-json\/wp\/v2\/media\/76368"}],"wp:attachment":[{"href":"https:\/\/www.sonnenseite.com\/de\/wp-json\/wp\/v2\/media?parent=85675"}],"wp:term":[{"taxonomy":"category","embeddable":true,"href":"https:\/\/www.sonnenseite.com\/de\/wp-json\/wp\/v2\/categories?post=85675"},{"taxonomy":"post_tag","embeddable":true,"href":"https:\/\/www.sonnenseite.com\/de\/wp-json\/wp\/v2\/tags?post=85675"}],"curies":[{"name":"wp","href":"https:\/\/api.w.org\/{rel}","templated":true}]}}