{"id":85766,"date":"2022-10-07T02:45:00","date_gmt":"2022-10-07T00:45:00","guid":{"rendered":"https:\/\/www.sonnenseite.com\/?p=85766"},"modified":"2022-10-06T09:46:05","modified_gmt":"2022-10-06T07:46:05","slug":"wie-das-langzeitgedaechtnis-auf-treibhausgasemissionen-reagiert","status":"publish","type":"post","link":"https:\/\/www.sonnenseite.com\/de\/wissenschaft\/wie-das-langzeitgedaechtnis-auf-treibhausgasemissionen-reagiert\/","title":{"rendered":"Wie das Langzeitged\u00e4chtnis auf Treibhausgasemissionen reagiert"},"content":{"rendered":"\n<p>Die globale Erw\u00e4rmung beeinflusst das Erdsystem stark \u2013 die Klimakrise ist sowohl f\u00fcr die Klimawissenschaft als auch f\u00fcr die \u00d6ffentlichkeit von gr\u00f6\u00dfter Bedeutung. <\/p>\n\n\n\n<p>Trotz der j\u00fcngsten Fortschritte prognostizieren die Erdsystemmodelle immer noch eine gro\u00dfe Bandbreite m\u00f6glicher Erw\u00e4rmungsgrade. Daher verwenden die Forscher Naiming Yuan, Christian L. E. Franzke, Feilin Xiong, Zuntao Fu und Wenjie Dong aus China und Korea ein verallgemeinertes stochastisches Klimamodell, um einen Reaktionsoperator abzuleiten, der die globale mittlere Oberfl\u00e4chentemperatur bei bestimmten Antriebsszenarien berechnet, um die Auswirkungen vergangener Emissionen auf die aktuelle Erw\u00e4rmung zu quantifizieren. Dieser Ansatz erm\u00f6glicht es ihnen, systematisch zwischen den \u201edirekten\u201c und den \u201eindirekten\u201c Trends zu unterscheiden, die durch das Ged\u00e4chtnis induziert werden. Ihr Artikel \u201eDer Einfluss des Langzeitged\u00e4chtnisses auf die Reaktion des Klimas auf Treibhausgasemissionen\u201c wurde im Portal<a href=\"https:\/\/www.nature.com\/articles\/s41612-022-00298-8?utm_source=npjclimatsci_etoc&amp;utm_medium=email&amp;utm_campaign=toc_41612_5_1&amp;utm_content=20220928#rightslink\" target=\"_blank\" rel=\"noreferrer noopener\"><em> npj \u2013 climate and atmospheric science<\/em><\/a> ver\u00f6ffentlicht.<\/p>\n\n\n\n<p>Auf der Grundlage historischer Aufzeichnungen stellen die Wissenschaftler fest, dass die direkte Erzwingungsreaktion schwach ist, w\u00e4hrend man den gr\u00f6\u00dften Teil des beobachteten globalen Erw\u00e4rmungstrends den indirekten Ged\u00e4chtnisreaktionen zuschreibt, die sich aus den Emissionen der Vergangenheit angesammelt haben. Im Vergleich zu CMIP6-Simulationen prognostiziert ihr datengesteuerter Ansatz eine geringere globale Erw\u00e4rmung als in den n\u00e4chsten Jahrzehnten. ihre Ergebnisse deuten darauf hin, dass die CMIP6-Modelle eine h\u00f6here vor\u00fcbergehende Klimasensitivit\u00e4t aufweisen, als es die Beobachtungsdaten vermuten lassen, da sie ein gr\u00f6\u00dferes Langzeitged\u00e4chtnis haben als die Beobachtungen.<\/p>\n\n\n\n<p>Im Pariser Abkommen von 2015 wurde das Ziel festgelegt, den globalen Temperaturanstieg in diesem Jahrhundert auf 2,0 \u00b0C zu begrenzen, w\u00e4hrend gleichzeitig versucht wird, ein ehrgeizigeres Ziel zu verfolgen, n\u00e4mlich den Anstieg auf 1,5 \u00b0C zu begrenzen. Die Auswirkungen einer Erw\u00e4rmung um 1,5 und 2,0 \u00b0C unterscheiden sich erheblich, wie aus zahlreichen Berichten hervorgeht. Um diese beispiellose Herausforderung zu bew\u00e4ltigen, sind dringend wirksame Ma\u00dfnahmen erforderlich, und es bedarf zuverl\u00e4ssiger Sch\u00e4tzungen der Reaktion des Klimas auf die anthropogenen Treibhausgasemissionen.<\/p>\n\n\n\n<p>Das globale Klimasystem hat eine enorme Tr\u00e4gheit, wodurch sich die Temperaturreaktion auf Ver\u00e4nderungen der Treibhausgaskonzentrationen verz\u00f6gert. Mehr als 90 % der aus den anthropogenen Treibhausgasemissionen resultierenden W\u00e4rme wird in den Ozeanen gespeichert. Der Ozean kann seinerseits die Lufttemperaturen sowie das gesamte Klimasystem langsam und anhaltend beeinflussen. Selbst wenn jetzt kein Kohlendioxid mehr in die Atmosph\u00e4re emittiert w\u00fcrde, oder realistischer ausgedr\u00fcckt, wenn das Ziel der Kohlenstoffneutralisierung erreicht w\u00fcrde, k\u00f6nnte die globale Temperatur noch Jahrzehnte lang ansteigen, bis ein Gleichgewichtszustand erreicht ist.<\/p>\n\n\n\n<p>F\u00fcr die Sch\u00e4tzung der Gleichgewichtsklimasensitivit\u00e4t (ECS) beispielsweise sind Tausende von Jahren an Modellsimulationen erforderlich, um die ECS zu erhalten, was enorme Rechenressourcen erfordert, aber die Sch\u00e4tzung w\u00e4re aufgrund struktureller Modellprobleme immer noch mit einer gro\u00dfen Unsicherheit behaftet. Ein beliebterer Weg als der, Modelle \u00fcber Tausende von Jahren laufen zu lassen, ist die Sch\u00e4tzung des ECS aus einem kurzen, z. B. 4 \u00d7 CO<sub>2<\/sub>-Klimamodellexperiment unter der Annahme, dass die Beziehung zwischen dem Strahlungsungleichgewicht N an der Oberseite der Atmosph\u00e4re (TOA) und der \u00c4nderung der globalen mittleren Oberfl\u00e4chentemperatur ?T linear ist (N = F \u2013 ??T). Die Tatsache, dass (i) die Reaktion des Klimas nichtlinear ist und (ii) der R\u00fcckkopplungsparameter ? \u00fcber mehrere Zeitskalen hinweg variiert , macht die Sch\u00e4tzung jedoch nach wie vor schwierig. Um bessere Anpassungsstrategien entwickeln zu k\u00f6nnen, ist es dringend erforderlich zu verstehen, wie die globale Temperatur auf den anthropogenen Strahlungsantrieb reagiert.<\/p>\n\n\n\n<p>Seit Mitte des letzten Jahrhunderts, als das \u201eHurst-Ph\u00e4nomen\u201c entdeckt wurde, hat man erkannt, dass viele Klimavariablen durch ein langfristiges Klimaged\u00e4chtnis gekennzeichnet sind, das f\u00fcr das Verst\u00e4ndnis der Tr\u00e4gheit im Klimasystem von Bedeutung ist. Anders als das Kurzzeitged\u00e4chtnis, das die Persistenz eines bestimmten Prozesses auf Wetterskalen (d.h. einige Tage bis etwa zwei Wochen) beschreibt, stellt das Langzeitged\u00e4chtnis des Klimas das Skalierungsverhalten mehrerer Prozesse auf unterschiedlichen Zeitskalen dar. Diese Kaskade zeigt, wie sich Prozesse auf mehreren Skalen gegenseitig beeinflussen, d. h. schnelle Prozesse k\u00f6nnen langsame Prozesse zu Ver\u00e4nderungen zwingen, w\u00e4hrend langsame Prozesse die Variationen schneller Prozesse auf einer l\u00e4ngeren Skala modulieren k\u00f6nnen20. Folglich zeichnen sich Zeitreihen mit skalierendem Verhalten dadurch aus, dass sie auf viel l\u00e4ngeren Zeitskalen bestehen bleiben. Diese Eigenschaft wird als Langzeitged\u00e4chtnis bezeichnet. Auf der Grundlage der klassischen Theorien der Brownschen Bewegung und des Random Walk wurden in den letzten Jahrzehnten verschiedene Ans\u00e4tze wie die Fluktuationsanalyse (FA) und die Detrendierte Fluktuationsanalyse (DFA) entwickelt und weithin verwendet, um die St\u00e4rke des langfristigen Klimaged\u00e4chtnisses in verschiedenen Klimavariablen zu quantifizieren, die von der Oberfl\u00e4chenlufttemperatur, der Meeresoberfl\u00e4chentemperatur und dem Niederschlag bis hin zur relativen Luftfeuchtigkeit16, dem Meeresspiegel und der allgemeinen atmosph\u00e4rischen Zirkulation reichen\u2026<\/p>\n\n\n\n<ul class=\"wp-block-list\"><li><strong>Quelle und Originalpublikation: <\/strong>Naiming Yuan, Christian L. E. Franzke, Feilin Xiong, Zuntao Fu &amp; Wenjie Dong: The impact of long-term memory on the climate response to greenhouse gas emissions, in: npj Climate and Atmospheric Science volume 5, Article number: 70 (2022) \u2013 <a href=\"https:\/\/doi.org\/10.1038\/s41612-022-00298-8\" target=\"_blank\" rel=\"noreferrer noopener\">doi.org\/10.1038\/s41612-022-00298-8<\/a>, <a href=\"https:\/\/www.nature.com\/articles\/s41612-022-00298-8?utm_source=npjclimatsci_etoc&amp;utm_medium=email&amp;utm_campaign=toc_41612_5_1&amp;utm_content=2022092\" target=\"_blank\" rel=\"noreferrer noopener\">nature.com\/articles\/s41612-022-00298-8<\/a>, <a href=\"http:\/\/creativecommons.org\/licenses\/by\/4.0\/\" target=\"_blank\" rel=\"noreferrer noopener\">open access<\/a><\/li><\/ul>\n\n\n<h5 class=\"green\">Quelle<\/h5>\r\n\n\n\n<p>Der Bericht wurde von der\u00a0<a href=\"https:\/\/www.solarify.eu\/2022\/10\/05\/085-wie-das-langzeitgedaechtnis-auf-treibhausgasemissionen-reagiert\/\">Redaktion &#8222;SOLARIFY\u201c 2022<\/a>\u00a0verfasst!\u00a0| <em>\u00a9 <a href=\"https:\/\/www.climate-lab-book.ac.uk\/2018\/warming-stripes\/comment-page-1\/\" target=\"_blank\" rel=\"noreferrer noopener\">Climate Lab Book<\/a><\/em> | \u201eWarming Stripes\u201c \u2013 Klima-Strichcode<\/p>\n<div class=\"shariff shariff-align-flex-start shariff-widget-align-flex-start\"><div class=\"ShariffHeadline\">Diese Meldung teilen<\/div><ul class=\"shariff-buttons theme-round orientation-horizontal buttonsize-medium\"><li class=\"shariff-button facebook shariff-nocustomcolor\" style=\"background-color:#4273c8;border-radius:1%\"><a href=\"https:\/\/www.facebook.com\/sharer\/sharer.php?u=https%3A%2F%2Fwww.sonnenseite.com%2Fde%2Fwissenschaft%2Fwie-das-langzeitgedaechtnis-auf-treibhausgasemissionen-reagiert%2F\" title=\"Bei Facebook teilen\" aria-label=\"Bei Facebook teilen\" role=\"button\" rel=\"nofollow\" class=\"shariff-link\" style=\";border-radius:1%; background-color:#3b5998; color:#fff\" target=\"_blank\"><span class=\"shariff-icon\" style=\"\"><svg width=\"32px\" height=\"20px\" xmlns=\"http:\/\/www.w3.org\/2000\/svg\" viewBox=\"0 0 18 32\"><path fill=\"#3b5998\" d=\"M17.1 0.2v4.7h-2.8q-1.5 0-2.1 0.6t-0.5 1.9v3.4h5.2l-0.7 5.3h-4.5v13.6h-5.5v-13.6h-4.5v-5.3h4.5v-3.9q0-3.3 1.9-5.2t5-1.8q2.6 0 4.1 0.2z\"\/><\/svg><\/span><\/a><\/li><li class=\"shariff-button twitter shariff-nocustomcolor\" style=\"background-color:#595959;border-radius:1%\"><a href=\"https:\/\/twitter.com\/share?url=https%3A%2F%2Fwww.sonnenseite.com%2Fde%2Fwissenschaft%2Fwie-das-langzeitgedaechtnis-auf-treibhausgasemissionen-reagiert%2F&text=Wie%20das%20Langzeitged%C3%A4chtnis%20auf%20Treibhausgasemissionen%20reagiert\" title=\"Bei X teilen\" aria-label=\"Bei X teilen\" role=\"button\" rel=\"noopener nofollow\" class=\"shariff-link\" style=\";border-radius:1%; background-color:#000; color:#fff\" target=\"_blank\"><span class=\"shariff-icon\" style=\"\"><svg width=\"32px\" height=\"20px\" xmlns=\"http:\/\/www.w3.org\/2000\/svg\" viewBox=\"0 0 24 24\"><path fill=\"#000\" d=\"M14.258 10.152L23.176 0h-2.113l-7.747 8.813L7.133 0H0l9.352 13.328L0 23.973h2.113l8.176-9.309 6.531 9.309h7.133zm-2.895 3.293l-.949-1.328L2.875 1.56h3.246l6.086 8.523.945 1.328 7.91 11.078h-3.246zm0 0\"\/><\/svg><\/span><\/a><\/li><li class=\"shariff-button xing shariff-nocustomcolor\" style=\"background-color:#29888a;border-radius:1%\"><a href=\"https:\/\/www.xing.com\/spi\/shares\/new?url=https%3A%2F%2Fwww.sonnenseite.com%2Fde%2Fwissenschaft%2Fwie-das-langzeitgedaechtnis-auf-treibhausgasemissionen-reagiert%2F\" title=\"Bei XING teilen\" aria-label=\"Bei XING teilen\" role=\"button\" rel=\"noopener nofollow\" class=\"shariff-link\" style=\";border-radius:1%; background-color:#126567; color:#fff\" target=\"_blank\"><span class=\"shariff-icon\" style=\"\"><svg width=\"32px\" height=\"20px\" xmlns=\"http:\/\/www.w3.org\/2000\/svg\" viewBox=\"0 0 25 32\"><path fill=\"#126567\" d=\"M10.7 11.9q-0.2 0.3-4.6 8.2-0.5 0.8-1.2 0.8h-4.3q-0.4 0-0.5-0.3t0-0.6l4.5-8q0 0 0 0l-2.9-5q-0.2-0.4 0-0.7 0.2-0.3 0.5-0.3h4.3q0.7 0 1.2 0.8zM25.1 0.4q0.2 0.3 0 0.7l-9.4 16.7 6 11q0.2 0.4 0 0.6-0.2 0.3-0.6 0.3h-4.3q-0.7 0-1.2-0.8l-6-11.1q0.3-0.6 9.5-16.8 0.4-0.8 1.2-0.8h4.3q0.4 0 0.5 0.3z\"\/><\/svg><\/span><\/a><\/li><li class=\"shariff-button linkedin shariff-nocustomcolor\" style=\"background-color:#1488bf;border-radius:1%\"><a href=\"https:\/\/www.linkedin.com\/sharing\/share-offsite\/?url=https%3A%2F%2Fwww.sonnenseite.com%2Fde%2Fwissenschaft%2Fwie-das-langzeitgedaechtnis-auf-treibhausgasemissionen-reagiert%2F\" title=\"Bei LinkedIn teilen\" aria-label=\"Bei LinkedIn teilen\" role=\"button\" rel=\"noopener nofollow\" class=\"shariff-link\" style=\";border-radius:1%; background-color:#0077b5; color:#fff\" target=\"_blank\"><span class=\"shariff-icon\" style=\"\"><svg width=\"32px\" height=\"20px\" xmlns=\"http:\/\/www.w3.org\/2000\/svg\" viewBox=\"0 0 27 32\"><path fill=\"#0077b5\" d=\"M6.2 11.2v17.7h-5.9v-17.7h5.9zM6.6 5.7q0 1.3-0.9 2.2t-2.4 0.9h0q-1.5 0-2.4-0.9t-0.9-2.2 0.9-2.2 2.4-0.9 2.4 0.9 0.9 2.2zM27.4 18.7v10.1h-5.9v-9.5q0-1.9-0.7-2.9t-2.3-1.1q-1.1 0-1.9 0.6t-1.2 1.5q-0.2 0.5-0.2 1.4v9.9h-5.9q0-7.1 0-11.6t0-5.3l0-0.9h5.9v2.6h0q0.4-0.6 0.7-1t1-0.9 1.6-0.8 2-0.3q3 0 4.9 2t1.9 6z\"\/><\/svg><\/span><\/a><\/li><li class=\"shariff-button printer shariff-nocustomcolor\" style=\"background-color:#a8a8a8;border-radius:1%\"><a href=\"javascript:window.print()\" title=\"drucken\" aria-label=\"drucken\" role=\"button\" rel=\"noopener nofollow\" class=\"shariff-link\" style=\";border-radius:1%; background-color:#999; color:#fff\"><span class=\"shariff-icon\" style=\"\"><svg width=\"32px\" height=\"20px\" xmlns=\"http:\/\/www.w3.org\/2000\/svg\" viewBox=\"0 0 30 32\"><path fill=\"#999\" d=\"M6.8 27.4h16v-4.6h-16v4.6zM6.8 16h16v-6.8h-2.8q-0.7 0-1.2-0.5t-0.5-1.2v-2.8h-11.4v11.4zM27.4 17.2q0-0.5-0.3-0.8t-0.8-0.4-0.8 0.4-0.3 0.8 0.3 0.8 0.8 0.3 0.8-0.3 0.3-0.8zM29.7 17.2v7.4q0 0.2-0.2 0.4t-0.4 0.2h-4v2.8q0 0.7-0.5 1.2t-1.2 0.5h-17.2q-0.7 0-1.2-0.5t-0.5-1.2v-2.8h-4q-0.2 0-0.4-0.2t-0.2-0.4v-7.4q0-1.4 1-2.4t2.4-1h1.2v-9.7q0-0.7 0.5-1.2t1.2-0.5h12q0.7 0 1.6 0.4t1.3 0.8l2.7 2.7q0.5 0.5 0.9 1.4t0.4 1.6v4.6h1.1q1.4 0 2.4 1t1 2.4z\"\/><\/svg><\/span><\/a><\/li><li class=\"shariff-button mailto shariff-nocustomcolor\" style=\"background-color:#a8a8a8;border-radius:1%\"><a href=\"mailto:?body=https%3A%2F%2Fwww.sonnenseite.com%2Fde%2Fwissenschaft%2Fwie-das-langzeitgedaechtnis-auf-treibhausgasemissionen-reagiert%2F&subject=Wie%20das%20Langzeitged%C3%A4chtnis%20auf%20Treibhausgasemissionen%20reagiert\" title=\"Per E-Mail versenden\" aria-label=\"Per E-Mail versenden\" role=\"button\" rel=\"noopener nofollow\" class=\"shariff-link\" style=\";border-radius:1%; background-color:#999; color:#fff\"><span class=\"shariff-icon\" style=\"\"><svg width=\"32px\" height=\"20px\" xmlns=\"http:\/\/www.w3.org\/2000\/svg\" viewBox=\"0 0 32 32\"><path fill=\"#999\" d=\"M32 12.7v14.2q0 1.2-0.8 2t-2 0.9h-26.3q-1.2 0-2-0.9t-0.8-2v-14.2q0.8 0.9 1.8 1.6 6.5 4.4 8.9 6.1 1 0.8 1.6 1.2t1.7 0.9 2 0.4h0.1q0.9 0 2-0.4t1.7-0.9 1.6-1.2q3-2.2 8.9-6.1 1-0.7 1.8-1.6zM32 7.4q0 1.4-0.9 2.7t-2.2 2.2q-6.7 4.7-8.4 5.8-0.2 0.1-0.7 0.5t-1 0.7-0.9 0.6-1.1 0.5-0.9 0.2h-0.1q-0.4 0-0.9-0.2t-1.1-0.5-0.9-0.6-1-0.7-0.7-0.5q-1.6-1.1-4.7-3.2t-3.6-2.6q-1.1-0.7-2.1-2t-1-2.5q0-1.4 0.7-2.3t2.1-0.9h26.3q1.2 0 2 0.8t0.9 2z\"\/><\/svg><\/span><\/a><\/li><\/ul><\/div>","protected":false},"excerpt":{"rendered":"<p>Die globale Erw\u00e4rmung beeinflusst das Erdsystem stark \u2013 die Klimakrise ist sowohl f\u00fcr die Klimawissenschaft als [&hellip;]<\/p>\n","protected":false},"author":3,"featured_media":73338,"comment_status":"closed","ping_status":"closed","sticky":false,"template":"","format":"standard","meta":{"inline_featured_image":false,"footnotes":""},"categories":[26],"tags":[],"class_list":["post-85766","post","type-post","status-publish","format-standard","has-post-thumbnail","hentry","category-wissenschaft"],"yoast_head":"<!-- This site is optimized with the Yoast SEO plugin v26.5 - https:\/\/yoast.com\/wordpress\/plugins\/seo\/ -->\n<title>Wie das Langzeitged\u00e4chtnis auf Treibhausgasemissionen reagiert - Sonnenseite - \u00d6kologische Kommunikation mit Franz Alt<\/title>\n<meta name=\"description\" content=\"Die globale Erw\u00e4rmung beeinflusst das Erdsystem stark \u2013 die Klimakrise ist sowohl f\u00fcr die Klimawissenschaft als auch f\u00fcr die \u00d6ffentlichkeit von gr\u00f6\u00dfter\" \/>\n<meta name=\"robots\" content=\"index, follow, max-snippet:-1, max-image-preview:large, max-video-preview:-1\" \/>\n<link rel=\"canonical\" href=\"https:\/\/www.sonnenseite.com\/de\/wissenschaft\/wie-das-langzeitgedaechtnis-auf-treibhausgasemissionen-reagiert\/\" \/>\n<meta property=\"og:locale\" content=\"de_DE\" \/>\n<meta property=\"og:type\" content=\"article\" \/>\n<meta property=\"og:title\" content=\"Wie das Langzeitged\u00e4chtnis auf Treibhausgasemissionen reagiert - Sonnenseite - \u00d6kologische Kommunikation mit Franz Alt\" \/>\n<meta property=\"og:description\" content=\"Die globale Erw\u00e4rmung beeinflusst das Erdsystem stark \u2013 die Klimakrise ist sowohl f\u00fcr die Klimawissenschaft als auch f\u00fcr die \u00d6ffentlichkeit von gr\u00f6\u00dfter\" \/>\n<meta property=\"og:url\" content=\"https:\/\/www.sonnenseite.com\/de\/wissenschaft\/wie-das-langzeitgedaechtnis-auf-treibhausgasemissionen-reagiert\/\" \/>\n<meta property=\"og:site_name\" content=\"Sonnenseite\" \/>\n<meta property=\"article:publisher\" content=\"https:\/\/www.facebook.com\/pages\/Franz-Alt-SONNENSEITECOM\/221072987903953?fref=ts\" \/>\n<meta property=\"article:published_time\" content=\"2022-10-07T00:45:00+00:00\" \/>\n<meta property=\"og:image\" content=\"https:\/\/www.sonnenseite.com\/wp-content\/uploads\/2021\/07\/Ed-Hawkins-climate-lab-book.ac_.uk-CC-BY-SA-4.0_WarmingStripes1850-2020.jpg\" \/>\n\t<meta property=\"og:image:width\" content=\"1024\" \/>\n\t<meta property=\"og:image:height\" content=\"512\" \/>\n\t<meta property=\"og:image:type\" content=\"image\/jpeg\" \/>\n<meta name=\"author\" content=\"Bigi Alt\" \/>\n<meta name=\"twitter:card\" content=\"summary_large_image\" \/>\n<meta name=\"twitter:creator\" content=\"@franzalt\" \/>\n<meta name=\"twitter:site\" content=\"@franzalt\" \/>\n<meta name=\"twitter:label1\" content=\"Verfasst von\" \/>\n\t<meta name=\"twitter:data1\" content=\"Bigi Alt\" \/>\n\t<meta name=\"twitter:label2\" content=\"Gesch\u00e4tzte Lesezeit\" \/>\n\t<meta name=\"twitter:data2\" content=\"5\u00a0Minuten\" \/>\n<script type=\"application\/ld+json\" class=\"yoast-schema-graph\">{\"@context\":\"https:\/\/schema.org\",\"@graph\":[{\"@type\":\"Article\",\"@id\":\"https:\/\/www.sonnenseite.com\/de\/wissenschaft\/wie-das-langzeitgedaechtnis-auf-treibhausgasemissionen-reagiert\/#article\",\"isPartOf\":{\"@id\":\"https:\/\/www.sonnenseite.com\/de\/wissenschaft\/wie-das-langzeitgedaechtnis-auf-treibhausgasemissionen-reagiert\/\"},\"author\":{\"name\":\"Bigi Alt\",\"@id\":\"https:\/\/www.sonnenseite.com\/de\/#\/schema\/person\/50fda0e926597684c7cc6695238a4eb9\"},\"headline\":\"Wie das Langzeitged\u00e4chtnis auf Treibhausgasemissionen reagiert\",\"datePublished\":\"2022-10-07T00:45:00+00:00\",\"mainEntityOfPage\":{\"@id\":\"https:\/\/www.sonnenseite.com\/de\/wissenschaft\/wie-das-langzeitgedaechtnis-auf-treibhausgasemissionen-reagiert\/\"},\"wordCount\":839,\"publisher\":{\"@id\":\"https:\/\/www.sonnenseite.com\/de\/#organization\"},\"image\":{\"@id\":\"https:\/\/www.sonnenseite.com\/de\/wissenschaft\/wie-das-langzeitgedaechtnis-auf-treibhausgasemissionen-reagiert\/#primaryimage\"},\"thumbnailUrl\":\"https:\/\/www.sonnenseite.com\/wp-content\/uploads\/2021\/07\/Ed-Hawkins-climate-lab-book.ac_.uk-CC-BY-SA-4.0_WarmingStripes1850-2020.jpg\",\"articleSection\":[\"Wissenschaft\"],\"inLanguage\":\"de\"},{\"@type\":\"WebPage\",\"@id\":\"https:\/\/www.sonnenseite.com\/de\/wissenschaft\/wie-das-langzeitgedaechtnis-auf-treibhausgasemissionen-reagiert\/\",\"url\":\"https:\/\/www.sonnenseite.com\/de\/wissenschaft\/wie-das-langzeitgedaechtnis-auf-treibhausgasemissionen-reagiert\/\",\"name\":\"Wie das Langzeitged\u00e4chtnis auf Treibhausgasemissionen reagiert - Sonnenseite - \u00d6kologische Kommunikation mit Franz Alt\",\"isPartOf\":{\"@id\":\"https:\/\/www.sonnenseite.com\/de\/#website\"},\"primaryImageOfPage\":{\"@id\":\"https:\/\/www.sonnenseite.com\/de\/wissenschaft\/wie-das-langzeitgedaechtnis-auf-treibhausgasemissionen-reagiert\/#primaryimage\"},\"image\":{\"@id\":\"https:\/\/www.sonnenseite.com\/de\/wissenschaft\/wie-das-langzeitgedaechtnis-auf-treibhausgasemissionen-reagiert\/#primaryimage\"},\"thumbnailUrl\":\"https:\/\/www.sonnenseite.com\/wp-content\/uploads\/2021\/07\/Ed-Hawkins-climate-lab-book.ac_.uk-CC-BY-SA-4.0_WarmingStripes1850-2020.jpg\",\"datePublished\":\"2022-10-07T00:45:00+00:00\",\"description\":\"Die globale Erw\u00e4rmung beeinflusst das Erdsystem stark \u2013 die Klimakrise ist sowohl f\u00fcr die Klimawissenschaft als auch f\u00fcr die \u00d6ffentlichkeit von gr\u00f6\u00dfter\",\"breadcrumb\":{\"@id\":\"https:\/\/www.sonnenseite.com\/de\/wissenschaft\/wie-das-langzeitgedaechtnis-auf-treibhausgasemissionen-reagiert\/#breadcrumb\"},\"inLanguage\":\"de\",\"potentialAction\":[{\"@type\":\"ReadAction\",\"target\":[\"https:\/\/www.sonnenseite.com\/de\/wissenschaft\/wie-das-langzeitgedaechtnis-auf-treibhausgasemissionen-reagiert\/\"]}]},{\"@type\":\"ImageObject\",\"inLanguage\":\"de\",\"@id\":\"https:\/\/www.sonnenseite.com\/de\/wissenschaft\/wie-das-langzeitgedaechtnis-auf-treibhausgasemissionen-reagiert\/#primaryimage\",\"url\":\"https:\/\/www.sonnenseite.com\/wp-content\/uploads\/2021\/07\/Ed-Hawkins-climate-lab-book.ac_.uk-CC-BY-SA-4.0_WarmingStripes1850-2020.jpg\",\"contentUrl\":\"https:\/\/www.sonnenseite.com\/wp-content\/uploads\/2021\/07\/Ed-Hawkins-climate-lab-book.ac_.uk-CC-BY-SA-4.0_WarmingStripes1850-2020.jpg\",\"width\":1024,\"height\":512,\"caption\":\"Climate Lab Book | Ed-Hawkins | climate-lab-book.ac.uk | WarmingStripes 1850-2020\"},{\"@type\":\"BreadcrumbList\",\"@id\":\"https:\/\/www.sonnenseite.com\/de\/wissenschaft\/wie-das-langzeitgedaechtnis-auf-treibhausgasemissionen-reagiert\/#breadcrumb\",\"itemListElement\":[{\"@type\":\"ListItem\",\"position\":1,\"name\":\"Startseite\",\"item\":\"https:\/\/www.sonnenseite.com\/de\/\"},{\"@type\":\"ListItem\",\"position\":2,\"name\":\"Wie das Langzeitged\u00e4chtnis auf Treibhausgasemissionen reagiert\"}]},{\"@type\":\"WebSite\",\"@id\":\"https:\/\/www.sonnenseite.com\/de\/#website\",\"url\":\"https:\/\/www.sonnenseite.com\/de\/\",\"name\":\"Sonnenseite\",\"description\":\"\u00d6kologische Kommunikation mit Franz Alt\",\"publisher\":{\"@id\":\"https:\/\/www.sonnenseite.com\/de\/#organization\"},\"potentialAction\":[{\"@type\":\"SearchAction\",\"target\":{\"@type\":\"EntryPoint\",\"urlTemplate\":\"https:\/\/www.sonnenseite.com\/de\/?s={search_term_string}\"},\"query-input\":{\"@type\":\"PropertyValueSpecification\",\"valueRequired\":true,\"valueName\":\"search_term_string\"}}],\"inLanguage\":\"de\"},{\"@type\":\"Organization\",\"@id\":\"https:\/\/www.sonnenseite.com\/de\/#organization\",\"name\":\"Sonnenseite\",\"url\":\"https:\/\/www.sonnenseite.com\/de\/\",\"logo\":{\"@type\":\"ImageObject\",\"inLanguage\":\"de\",\"@id\":\"https:\/\/www.sonnenseite.com\/de\/#\/schema\/logo\/image\/\",\"url\":\"https:\/\/www.sonnenseite.com\/wp-content\/uploads\/2020\/05\/Sonnenseite_Logo.png\",\"contentUrl\":\"https:\/\/www.sonnenseite.com\/wp-content\/uploads\/2020\/05\/Sonnenseite_Logo.png\",\"width\":377,\"height\":90,\"caption\":\"Sonnenseite\"},\"image\":{\"@id\":\"https:\/\/www.sonnenseite.com\/de\/#\/schema\/logo\/image\/\"},\"sameAs\":[\"https:\/\/www.facebook.com\/pages\/Franz-Alt-SONNENSEITECOM\/221072987903953?fref=ts\",\"https:\/\/x.com\/franzalt\",\"http:\/\/www.youtube.com\/results?search_query&amp;amp;quot;franz_alt&amp;amp;quot;&amp;amp;amp;amp;search_type&amp;amp;amp;amp;aq=f\"]},{\"@type\":\"Person\",\"@id\":\"https:\/\/www.sonnenseite.com\/de\/#\/schema\/person\/50fda0e926597684c7cc6695238a4eb9\",\"name\":\"Bigi Alt\"}]}<\/script>\n<!-- \/ Yoast SEO plugin. -->","yoast_head_json":{"title":"Wie das Langzeitged\u00e4chtnis auf Treibhausgasemissionen reagiert - Sonnenseite - \u00d6kologische Kommunikation mit Franz Alt","description":"Die globale Erw\u00e4rmung beeinflusst das Erdsystem stark \u2013 die Klimakrise ist sowohl f\u00fcr die Klimawissenschaft als auch f\u00fcr die \u00d6ffentlichkeit von gr\u00f6\u00dfter","robots":{"index":"index","follow":"follow","max-snippet":"max-snippet:-1","max-image-preview":"max-image-preview:large","max-video-preview":"max-video-preview:-1"},"canonical":"https:\/\/www.sonnenseite.com\/de\/wissenschaft\/wie-das-langzeitgedaechtnis-auf-treibhausgasemissionen-reagiert\/","og_locale":"de_DE","og_type":"article","og_title":"Wie das Langzeitged\u00e4chtnis auf Treibhausgasemissionen reagiert - Sonnenseite - \u00d6kologische Kommunikation mit Franz Alt","og_description":"Die globale Erw\u00e4rmung beeinflusst das Erdsystem stark \u2013 die Klimakrise ist sowohl f\u00fcr die Klimawissenschaft als auch f\u00fcr die \u00d6ffentlichkeit von gr\u00f6\u00dfter","og_url":"https:\/\/www.sonnenseite.com\/de\/wissenschaft\/wie-das-langzeitgedaechtnis-auf-treibhausgasemissionen-reagiert\/","og_site_name":"Sonnenseite","article_publisher":"https:\/\/www.facebook.com\/pages\/Franz-Alt-SONNENSEITECOM\/221072987903953?fref=ts","article_published_time":"2022-10-07T00:45:00+00:00","og_image":[{"width":1024,"height":512,"url":"https:\/\/www.sonnenseite.com\/wp-content\/uploads\/2021\/07\/Ed-Hawkins-climate-lab-book.ac_.uk-CC-BY-SA-4.0_WarmingStripes1850-2020.jpg","type":"image\/jpeg"}],"author":"Bigi Alt","twitter_card":"summary_large_image","twitter_creator":"@franzalt","twitter_site":"@franzalt","twitter_misc":{"Verfasst von":"Bigi Alt","Gesch\u00e4tzte Lesezeit":"5\u00a0Minuten"},"schema":{"@context":"https:\/\/schema.org","@graph":[{"@type":"Article","@id":"https:\/\/www.sonnenseite.com\/de\/wissenschaft\/wie-das-langzeitgedaechtnis-auf-treibhausgasemissionen-reagiert\/#article","isPartOf":{"@id":"https:\/\/www.sonnenseite.com\/de\/wissenschaft\/wie-das-langzeitgedaechtnis-auf-treibhausgasemissionen-reagiert\/"},"author":{"name":"Bigi Alt","@id":"https:\/\/www.sonnenseite.com\/de\/#\/schema\/person\/50fda0e926597684c7cc6695238a4eb9"},"headline":"Wie das Langzeitged\u00e4chtnis auf Treibhausgasemissionen reagiert","datePublished":"2022-10-07T00:45:00+00:00","mainEntityOfPage":{"@id":"https:\/\/www.sonnenseite.com\/de\/wissenschaft\/wie-das-langzeitgedaechtnis-auf-treibhausgasemissionen-reagiert\/"},"wordCount":839,"publisher":{"@id":"https:\/\/www.sonnenseite.com\/de\/#organization"},"image":{"@id":"https:\/\/www.sonnenseite.com\/de\/wissenschaft\/wie-das-langzeitgedaechtnis-auf-treibhausgasemissionen-reagiert\/#primaryimage"},"thumbnailUrl":"https:\/\/www.sonnenseite.com\/wp-content\/uploads\/2021\/07\/Ed-Hawkins-climate-lab-book.ac_.uk-CC-BY-SA-4.0_WarmingStripes1850-2020.jpg","articleSection":["Wissenschaft"],"inLanguage":"de"},{"@type":"WebPage","@id":"https:\/\/www.sonnenseite.com\/de\/wissenschaft\/wie-das-langzeitgedaechtnis-auf-treibhausgasemissionen-reagiert\/","url":"https:\/\/www.sonnenseite.com\/de\/wissenschaft\/wie-das-langzeitgedaechtnis-auf-treibhausgasemissionen-reagiert\/","name":"Wie das Langzeitged\u00e4chtnis auf Treibhausgasemissionen reagiert - Sonnenseite - \u00d6kologische Kommunikation mit Franz Alt","isPartOf":{"@id":"https:\/\/www.sonnenseite.com\/de\/#website"},"primaryImageOfPage":{"@id":"https:\/\/www.sonnenseite.com\/de\/wissenschaft\/wie-das-langzeitgedaechtnis-auf-treibhausgasemissionen-reagiert\/#primaryimage"},"image":{"@id":"https:\/\/www.sonnenseite.com\/de\/wissenschaft\/wie-das-langzeitgedaechtnis-auf-treibhausgasemissionen-reagiert\/#primaryimage"},"thumbnailUrl":"https:\/\/www.sonnenseite.com\/wp-content\/uploads\/2021\/07\/Ed-Hawkins-climate-lab-book.ac_.uk-CC-BY-SA-4.0_WarmingStripes1850-2020.jpg","datePublished":"2022-10-07T00:45:00+00:00","description":"Die globale Erw\u00e4rmung beeinflusst das Erdsystem stark \u2013 die Klimakrise ist sowohl f\u00fcr die Klimawissenschaft als auch f\u00fcr die \u00d6ffentlichkeit von gr\u00f6\u00dfter","breadcrumb":{"@id":"https:\/\/www.sonnenseite.com\/de\/wissenschaft\/wie-das-langzeitgedaechtnis-auf-treibhausgasemissionen-reagiert\/#breadcrumb"},"inLanguage":"de","potentialAction":[{"@type":"ReadAction","target":["https:\/\/www.sonnenseite.com\/de\/wissenschaft\/wie-das-langzeitgedaechtnis-auf-treibhausgasemissionen-reagiert\/"]}]},{"@type":"ImageObject","inLanguage":"de","@id":"https:\/\/www.sonnenseite.com\/de\/wissenschaft\/wie-das-langzeitgedaechtnis-auf-treibhausgasemissionen-reagiert\/#primaryimage","url":"https:\/\/www.sonnenseite.com\/wp-content\/uploads\/2021\/07\/Ed-Hawkins-climate-lab-book.ac_.uk-CC-BY-SA-4.0_WarmingStripes1850-2020.jpg","contentUrl":"https:\/\/www.sonnenseite.com\/wp-content\/uploads\/2021\/07\/Ed-Hawkins-climate-lab-book.ac_.uk-CC-BY-SA-4.0_WarmingStripes1850-2020.jpg","width":1024,"height":512,"caption":"Climate Lab Book | Ed-Hawkins | climate-lab-book.ac.uk | WarmingStripes 1850-2020"},{"@type":"BreadcrumbList","@id":"https:\/\/www.sonnenseite.com\/de\/wissenschaft\/wie-das-langzeitgedaechtnis-auf-treibhausgasemissionen-reagiert\/#breadcrumb","itemListElement":[{"@type":"ListItem","position":1,"name":"Startseite","item":"https:\/\/www.sonnenseite.com\/de\/"},{"@type":"ListItem","position":2,"name":"Wie das Langzeitged\u00e4chtnis auf Treibhausgasemissionen reagiert"}]},{"@type":"WebSite","@id":"https:\/\/www.sonnenseite.com\/de\/#website","url":"https:\/\/www.sonnenseite.com\/de\/","name":"Sonnenseite","description":"\u00d6kologische Kommunikation mit Franz Alt","publisher":{"@id":"https:\/\/www.sonnenseite.com\/de\/#organization"},"potentialAction":[{"@type":"SearchAction","target":{"@type":"EntryPoint","urlTemplate":"https:\/\/www.sonnenseite.com\/de\/?s={search_term_string}"},"query-input":{"@type":"PropertyValueSpecification","valueRequired":true,"valueName":"search_term_string"}}],"inLanguage":"de"},{"@type":"Organization","@id":"https:\/\/www.sonnenseite.com\/de\/#organization","name":"Sonnenseite","url":"https:\/\/www.sonnenseite.com\/de\/","logo":{"@type":"ImageObject","inLanguage":"de","@id":"https:\/\/www.sonnenseite.com\/de\/#\/schema\/logo\/image\/","url":"https:\/\/www.sonnenseite.com\/wp-content\/uploads\/2020\/05\/Sonnenseite_Logo.png","contentUrl":"https:\/\/www.sonnenseite.com\/wp-content\/uploads\/2020\/05\/Sonnenseite_Logo.png","width":377,"height":90,"caption":"Sonnenseite"},"image":{"@id":"https:\/\/www.sonnenseite.com\/de\/#\/schema\/logo\/image\/"},"sameAs":["https:\/\/www.facebook.com\/pages\/Franz-Alt-SONNENSEITECOM\/221072987903953?fref=ts","https:\/\/x.com\/franzalt","http:\/\/www.youtube.com\/results?search_query&amp;amp;quot;franz_alt&amp;amp;quot;&amp;amp;amp;amp;search_type&amp;amp;amp;amp;aq=f"]},{"@type":"Person","@id":"https:\/\/www.sonnenseite.com\/de\/#\/schema\/person\/50fda0e926597684c7cc6695238a4eb9","name":"Bigi Alt"}]}},"_links":{"self":[{"href":"https:\/\/www.sonnenseite.com\/de\/wp-json\/wp\/v2\/posts\/85766","targetHints":{"allow":["GET"]}}],"collection":[{"href":"https:\/\/www.sonnenseite.com\/de\/wp-json\/wp\/v2\/posts"}],"about":[{"href":"https:\/\/www.sonnenseite.com\/de\/wp-json\/wp\/v2\/types\/post"}],"author":[{"embeddable":true,"href":"https:\/\/www.sonnenseite.com\/de\/wp-json\/wp\/v2\/users\/3"}],"replies":[{"embeddable":true,"href":"https:\/\/www.sonnenseite.com\/de\/wp-json\/wp\/v2\/comments?post=85766"}],"version-history":[{"count":2,"href":"https:\/\/www.sonnenseite.com\/de\/wp-json\/wp\/v2\/posts\/85766\/revisions"}],"predecessor-version":[{"id":85768,"href":"https:\/\/www.sonnenseite.com\/de\/wp-json\/wp\/v2\/posts\/85766\/revisions\/85768"}],"wp:featuredmedia":[{"embeddable":true,"href":"https:\/\/www.sonnenseite.com\/de\/wp-json\/wp\/v2\/media\/73338"}],"wp:attachment":[{"href":"https:\/\/www.sonnenseite.com\/de\/wp-json\/wp\/v2\/media?parent=85766"}],"wp:term":[{"taxonomy":"category","embeddable":true,"href":"https:\/\/www.sonnenseite.com\/de\/wp-json\/wp\/v2\/categories?post=85766"},{"taxonomy":"post_tag","embeddable":true,"href":"https:\/\/www.sonnenseite.com\/de\/wp-json\/wp\/v2\/tags?post=85766"}],"curies":[{"name":"wp","href":"https:\/\/api.w.org\/{rel}","templated":true}]}}