{"id":85851,"date":"2022-10-11T09:20:19","date_gmt":"2022-10-11T07:20:19","guid":{"rendered":"https:\/\/www.sonnenseite.com\/?p=85851"},"modified":"2022-10-11T09:20:20","modified_gmt":"2022-10-11T07:20:20","slug":"flughafen-frankfurt-photovoltaikanteil-waechst-weiter","status":"publish","type":"post","link":"https:\/\/www.sonnenseite.com\/de\/wirtschaft\/flughafen-frankfurt-photovoltaikanteil-waechst-weiter\/","title":{"rendered":"Flughafen Frankfurt: Photovoltaikanteil w\u00e4chst weiter"},"content":{"rendered":"\n<p>Stromerzeugung am Flughafen Frankfurt: Fraport nimmt neuartige Anlage im Bahnsystem in Betrieb<\/p>\n\n\n\n<p>Zur Aufstockung ihres Gr\u00fcnstromanteils nimmt die Fraport AG am Flughafen Frankfurt ein weiteres Photovoltaik-Projekt (PV) in Angriff. Am s\u00fcdwestlichen Ende der Startbahn West hat der Flughafenbetreiber nun eine Demonstrationsanlage mit 20 PV-Panels und einer Leistung von 8,4 Kilowatt installiert. Diese dreireihige Anordnung m\u00f6chte Fraport perspektivisch zun\u00e4chst entlang der Startbahn West erweitern. In der finalen Ausbaustufe soll sich die Anlage auf einer L\u00e4nge von 2.600 Metern parallel zur Runway erstrecken und dann in der Spitze eine Leistung von bis zu 13 Megawatt erbringen.<br><strong><br>Freifl\u00e4chen im Bahnsystem bieten erhebliches Potenzial<\/strong><\/p>\n\n\n\n<p>Im Gegensatz zu bestehenden PV-Anlagen auf dem Gel\u00e4nde des Airports, sind die Panels dieser neuen Anlage nicht schr\u00e4g, sondern senkrecht angeordnet. Beidseitige Glasmodule nehmen das Sonnenlicht aus \u00f6stlicher und westlicher Richtung auf. \u201eDie freien Gr\u00fcnfl\u00e4chen innerhalb unseres Bahnsystems sind ideale Standorte f\u00fcr diesen speziellen Anlagentyp\u201c, erl\u00e4utert Marcus Keimling, Leitung Netzdienste der Fraport AG.<\/p>\n\n\n\n<p>Die so genannten Zaun-Anlagen bieten etliche Vorteile. Trotz geringem Fl\u00e4chenverbrauch sorgen sie f\u00fcr hohe Stromertr\u00e4ge, da das Sonnenlicht ganzt\u00e4gig optimal einfallen kann. Darunterliegende Vegetationsfl\u00e4chen sind von der \u00dcberbauung nicht wesentlich beeintr\u00e4chtigt, da die Anlage weder Niederschl\u00e4ge zur\u00fcckh\u00e4lt noch f\u00fcr permanente Verschattung sorgt. \u201eWir erwarten also einen maximalen Stromertrag bei gleichzeitig minimalem Eingriff in die Natur\u201c, betont Keimling. \u201eUnsere Gr\u00fcnfl\u00e4chen sind im Hinblick auf ihre Biodiversit\u00e4t nahezu einmalig \u2013 diese Eigenschaft soll trotz Installation uneingeschr\u00e4nkt erhalten bleiben.\u201c<\/p>\n\n\n\n<p>\u201eIm ersten Demonstrationsabschnitt m\u00f6chten wir Erfahrungen sammeln mit Aufbau und Wartung der Anlage sowie mit der Gr\u00fcnpflege rundherum\u201c, erkl\u00e4rt er. \u201eDaf\u00fcr wird k\u00fcnftig unser eigenes Personal verantwortlich zeichnen. Die Probefelder liefern uns dazu die n\u00f6tige Expertise\u201c, erg\u00e4nzt Keimling. \u201eSchon bald werden wir aber auch zur Realisierung der weiteren PV-Fl\u00e4che entlang der Startbahn \u00fcbergehen und diese schnellstm\u00f6glich fertigstellen.\u201c<br><strong><br>Sonnenergie am Flughafen Frankfurt<\/strong><\/p>\n\n\n\n<p><a href=\"https:\/\/www.fraport.com\/de\/newsroom\/pressemitteilungen\/2020\/q3-2020\/fraport-uebergibt-luftfrachthalle-an-swissport.html\">Sonnenstrom aus eigener Erzeugung<\/a> flie\u00dft bereits seit M\u00e4rz 2021 in gr\u00f6\u00dferem Stil in den Strommix von Flughafenbetreiber Fraport ein. Auf dem Dach einer Frachthalle in der CargoCity S\u00fcd produziert eine konventionell angelegte PV-Anlage auf einer Fl\u00e4che von 13.000 Quadratmetern eine Spitzenleistung von gut 1,5 Megawatt. Perspektivisch sollen auf neuen Geb\u00e4uden wie dem Parkhaus f\u00fcr Terminal 3 weitere PV-Anlagen hinzukommen.<br><strong><br>Windstrom von der K\u00fcste spielt entscheidende Rolle<\/strong><\/p>\n\n\n\n<p>Wesentlichen Anteil an der sukzessiven Umstellung auf Gr\u00fcnstrom hat das <a href=\"https:\/\/www.fraport.com\/de\/newsroom\/pressemitteilungen\/2021\/q4-2021\/fraport-und-enbw-schliessen-langfristigen-stromabnahmevertrag-fue.html\">Power Purchase Agreement mit dem Energielieferanten EnBW<\/a>, das Fraport im Dezember 2021 abgeschlossen hat. Zum Jahreswechsel 2025\/26 wird der erste Strom aus einem neu zu errichtenden Windpark in der deutschen Nordsee an den Airport flie\u00dfen. Mit dem Stromabnahmevertrag sichert sich Fraport eine Leistung von 85 Megawatt. Bis zur Inbetriebnahme des Parks erg\u00e4nzt Fraport den Strommix mit Windstrommengen aus kleineren Power Purchase Agreements aus bestehenden Anlagen an der K\u00fcste.\u00a0<\/p>\n\n\n<h5 class=\"green\">Quelle<\/h5>\r\n\n\n\n<p><a href=\"https:\/\/www.fraport.com\/de\/newsroom\/pressemappe\/pressemappen\/pressemappe-klimaschutzziele.html\">Fraport Frankfurt 2022<\/a><\/p>\n<div class=\"shariff shariff-align-flex-start shariff-widget-align-flex-start\"><div class=\"ShariffHeadline\">Diese Meldung teilen<\/div><ul class=\"shariff-buttons theme-round orientation-horizontal buttonsize-medium\"><li class=\"shariff-button facebook shariff-nocustomcolor\" style=\"background-color:#4273c8;border-radius:1%\"><a href=\"https:\/\/www.facebook.com\/sharer\/sharer.php?u=https%3A%2F%2Fwww.sonnenseite.com%2Fde%2Fwirtschaft%2Fflughafen-frankfurt-photovoltaikanteil-waechst-weiter%2F\" title=\"Bei Facebook teilen\" aria-label=\"Bei Facebook teilen\" role=\"button\" rel=\"nofollow\" class=\"shariff-link\" style=\";border-radius:1%; background-color:#3b5998; color:#fff\" target=\"_blank\"><span class=\"shariff-icon\" style=\"\"><svg width=\"32px\" height=\"20px\" xmlns=\"http:\/\/www.w3.org\/2000\/svg\" viewBox=\"0 0 18 32\"><path fill=\"#3b5998\" d=\"M17.1 0.2v4.7h-2.8q-1.5 0-2.1 0.6t-0.5 1.9v3.4h5.2l-0.7 5.3h-4.5v13.6h-5.5v-13.6h-4.5v-5.3h4.5v-3.9q0-3.3 1.9-5.2t5-1.8q2.6 0 4.1 0.2z\"\/><\/svg><\/span><\/a><\/li><li class=\"shariff-button twitter shariff-nocustomcolor\" style=\"background-color:#595959;border-radius:1%\"><a href=\"https:\/\/twitter.com\/share?url=https%3A%2F%2Fwww.sonnenseite.com%2Fde%2Fwirtschaft%2Fflughafen-frankfurt-photovoltaikanteil-waechst-weiter%2F&text=Flughafen%20Frankfurt%3A%20Photovoltaikanteil%20w%C3%A4chst%20weiter\" title=\"Bei X teilen\" aria-label=\"Bei X teilen\" role=\"button\" rel=\"noopener nofollow\" class=\"shariff-link\" style=\";border-radius:1%; background-color:#000; color:#fff\" target=\"_blank\"><span class=\"shariff-icon\" style=\"\"><svg width=\"32px\" height=\"20px\" xmlns=\"http:\/\/www.w3.org\/2000\/svg\" viewBox=\"0 0 24 24\"><path fill=\"#000\" d=\"M14.258 10.152L23.176 0h-2.113l-7.747 8.813L7.133 0H0l9.352 13.328L0 23.973h2.113l8.176-9.309 6.531 9.309h7.133zm-2.895 3.293l-.949-1.328L2.875 1.56h3.246l6.086 8.523.945 1.328 7.91 11.078h-3.246zm0 0\"\/><\/svg><\/span><\/a><\/li><li class=\"shariff-button xing shariff-nocustomcolor\" style=\"background-color:#29888a;border-radius:1%\"><a href=\"https:\/\/www.xing.com\/spi\/shares\/new?url=https%3A%2F%2Fwww.sonnenseite.com%2Fde%2Fwirtschaft%2Fflughafen-frankfurt-photovoltaikanteil-waechst-weiter%2F\" title=\"Bei XING teilen\" aria-label=\"Bei XING teilen\" role=\"button\" rel=\"noopener nofollow\" class=\"shariff-link\" style=\";border-radius:1%; background-color:#126567; color:#fff\" target=\"_blank\"><span class=\"shariff-icon\" style=\"\"><svg width=\"32px\" height=\"20px\" xmlns=\"http:\/\/www.w3.org\/2000\/svg\" viewBox=\"0 0 25 32\"><path fill=\"#126567\" d=\"M10.7 11.9q-0.2 0.3-4.6 8.2-0.5 0.8-1.2 0.8h-4.3q-0.4 0-0.5-0.3t0-0.6l4.5-8q0 0 0 0l-2.9-5q-0.2-0.4 0-0.7 0.2-0.3 0.5-0.3h4.3q0.7 0 1.2 0.8zM25.1 0.4q0.2 0.3 0 0.7l-9.4 16.7 6 11q0.2 0.4 0 0.6-0.2 0.3-0.6 0.3h-4.3q-0.7 0-1.2-0.8l-6-11.1q0.3-0.6 9.5-16.8 0.4-0.8 1.2-0.8h4.3q0.4 0 0.5 0.3z\"\/><\/svg><\/span><\/a><\/li><li class=\"shariff-button linkedin shariff-nocustomcolor\" style=\"background-color:#1488bf;border-radius:1%\"><a href=\"https:\/\/www.linkedin.com\/sharing\/share-offsite\/?url=https%3A%2F%2Fwww.sonnenseite.com%2Fde%2Fwirtschaft%2Fflughafen-frankfurt-photovoltaikanteil-waechst-weiter%2F\" title=\"Bei LinkedIn teilen\" aria-label=\"Bei LinkedIn teilen\" role=\"button\" rel=\"noopener nofollow\" class=\"shariff-link\" style=\";border-radius:1%; background-color:#0077b5; color:#fff\" target=\"_blank\"><span class=\"shariff-icon\" style=\"\"><svg width=\"32px\" height=\"20px\" xmlns=\"http:\/\/www.w3.org\/2000\/svg\" viewBox=\"0 0 27 32\"><path fill=\"#0077b5\" d=\"M6.2 11.2v17.7h-5.9v-17.7h5.9zM6.6 5.7q0 1.3-0.9 2.2t-2.4 0.9h0q-1.5 0-2.4-0.9t-0.9-2.2 0.9-2.2 2.4-0.9 2.4 0.9 0.9 2.2zM27.4 18.7v10.1h-5.9v-9.5q0-1.9-0.7-2.9t-2.3-1.1q-1.1 0-1.9 0.6t-1.2 1.5q-0.2 0.5-0.2 1.4v9.9h-5.9q0-7.1 0-11.6t0-5.3l0-0.9h5.9v2.6h0q0.4-0.6 0.7-1t1-0.9 1.6-0.8 2-0.3q3 0 4.9 2t1.9 6z\"\/><\/svg><\/span><\/a><\/li><li class=\"shariff-button printer shariff-nocustomcolor\" style=\"background-color:#a8a8a8;border-radius:1%\"><a href=\"javascript:window.print()\" title=\"drucken\" aria-label=\"drucken\" role=\"button\" rel=\"noopener nofollow\" class=\"shariff-link\" style=\";border-radius:1%; background-color:#999; color:#fff\"><span class=\"shariff-icon\" style=\"\"><svg width=\"32px\" height=\"20px\" xmlns=\"http:\/\/www.w3.org\/2000\/svg\" viewBox=\"0 0 30 32\"><path fill=\"#999\" d=\"M6.8 27.4h16v-4.6h-16v4.6zM6.8 16h16v-6.8h-2.8q-0.7 0-1.2-0.5t-0.5-1.2v-2.8h-11.4v11.4zM27.4 17.2q0-0.5-0.3-0.8t-0.8-0.4-0.8 0.4-0.3 0.8 0.3 0.8 0.8 0.3 0.8-0.3 0.3-0.8zM29.7 17.2v7.4q0 0.2-0.2 0.4t-0.4 0.2h-4v2.8q0 0.7-0.5 1.2t-1.2 0.5h-17.2q-0.7 0-1.2-0.5t-0.5-1.2v-2.8h-4q-0.2 0-0.4-0.2t-0.2-0.4v-7.4q0-1.4 1-2.4t2.4-1h1.2v-9.7q0-0.7 0.5-1.2t1.2-0.5h12q0.7 0 1.6 0.4t1.3 0.8l2.7 2.7q0.5 0.5 0.9 1.4t0.4 1.6v4.6h1.1q1.4 0 2.4 1t1 2.4z\"\/><\/svg><\/span><\/a><\/li><li class=\"shariff-button mailto shariff-nocustomcolor\" style=\"background-color:#a8a8a8;border-radius:1%\"><a href=\"mailto:?body=https%3A%2F%2Fwww.sonnenseite.com%2Fde%2Fwirtschaft%2Fflughafen-frankfurt-photovoltaikanteil-waechst-weiter%2F&subject=Flughafen%20Frankfurt%3A%20Photovoltaikanteil%20w%C3%A4chst%20weiter\" title=\"Per E-Mail versenden\" aria-label=\"Per E-Mail versenden\" role=\"button\" rel=\"noopener nofollow\" class=\"shariff-link\" style=\";border-radius:1%; background-color:#999; color:#fff\"><span class=\"shariff-icon\" style=\"\"><svg width=\"32px\" height=\"20px\" xmlns=\"http:\/\/www.w3.org\/2000\/svg\" viewBox=\"0 0 32 32\"><path fill=\"#999\" d=\"M32 12.7v14.2q0 1.2-0.8 2t-2 0.9h-26.3q-1.2 0-2-0.9t-0.8-2v-14.2q0.8 0.9 1.8 1.6 6.5 4.4 8.9 6.1 1 0.8 1.6 1.2t1.7 0.9 2 0.4h0.1q0.9 0 2-0.4t1.7-0.9 1.6-1.2q3-2.2 8.9-6.1 1-0.7 1.8-1.6zM32 7.4q0 1.4-0.9 2.7t-2.2 2.2q-6.7 4.7-8.4 5.8-0.2 0.1-0.7 0.5t-1 0.7-0.9 0.6-1.1 0.5-0.9 0.2h-0.1q-0.4 0-0.9-0.2t-1.1-0.5-0.9-0.6-1-0.7-0.7-0.5q-1.6-1.1-4.7-3.2t-3.6-2.6q-1.1-0.7-2.1-2t-1-2.5q0-1.4 0.7-2.3t2.1-0.9h26.3q1.2 0 2 0.8t0.9 2z\"\/><\/svg><\/span><\/a><\/li><\/ul><\/div>","protected":false},"excerpt":{"rendered":"<p>Stromerzeugung am Flughafen Frankfurt: Fraport nimmt neuartige Anlage im Bahnsystem in Betrieb Zur Aufstockung ihres Gr\u00fcnstromanteils [&hellip;]<\/p>\n","protected":false},"author":3,"featured_media":85853,"comment_status":"closed","ping_status":"closed","sticky":false,"template":"","format":"standard","meta":{"inline_featured_image":false,"footnotes":""},"categories":[24],"tags":[],"class_list":["post-85851","post","type-post","status-publish","format-standard","has-post-thumbnail","hentry","category-wirtschaft"],"yoast_head":"<!-- This site is optimized with the Yoast SEO plugin v26.5 - https:\/\/yoast.com\/wordpress\/plugins\/seo\/ -->\n<title>Flughafen Frankfurt: Photovoltaikanteil w\u00e4chst weiter - Sonnenseite - \u00d6kologische Kommunikation mit Franz Alt<\/title>\n<meta name=\"description\" content=\"Stromerzeugung am Flughafen Frankfurt: Fraport nimmt neuartige Anlage im Bahnsystem in Betrieb Zur Aufstockung ihres Gr\u00fcnstromanteils nimmt die Fraport AG\" \/>\n<meta name=\"robots\" content=\"index, follow, max-snippet:-1, max-image-preview:large, max-video-preview:-1\" \/>\n<link rel=\"canonical\" href=\"https:\/\/www.sonnenseite.com\/de\/wirtschaft\/flughafen-frankfurt-photovoltaikanteil-waechst-weiter\/\" \/>\n<meta property=\"og:locale\" content=\"de_DE\" \/>\n<meta property=\"og:type\" content=\"article\" \/>\n<meta property=\"og:title\" content=\"Flughafen Frankfurt: Photovoltaikanteil w\u00e4chst weiter - Sonnenseite - \u00d6kologische Kommunikation mit Franz Alt\" \/>\n<meta property=\"og:description\" content=\"Stromerzeugung am Flughafen Frankfurt: Fraport nimmt neuartige Anlage im Bahnsystem in Betrieb Zur Aufstockung ihres Gr\u00fcnstromanteils nimmt die Fraport AG\" \/>\n<meta property=\"og:url\" content=\"https:\/\/www.sonnenseite.com\/de\/wirtschaft\/flughafen-frankfurt-photovoltaikanteil-waechst-weiter\/\" \/>\n<meta property=\"og:site_name\" content=\"Sonnenseite\" \/>\n<meta property=\"article:publisher\" content=\"https:\/\/www.facebook.com\/pages\/Franz-Alt-SONNENSEITECOM\/221072987903953?fref=ts\" \/>\n<meta property=\"article:published_time\" content=\"2022-10-11T07:20:19+00:00\" \/>\n<meta property=\"article:modified_time\" content=\"2022-10-11T07:20:20+00:00\" \/>\n<meta property=\"og:image\" content=\"https:\/\/www.sonnenseite.com\/wp-content\/uploads\/2022\/10\/Fraport_PV-Zaunanlage.jpg\" \/>\n\t<meta property=\"og:image:width\" content=\"770\" \/>\n\t<meta property=\"og:image:height\" content=\"420\" \/>\n\t<meta property=\"og:image:type\" content=\"image\/jpeg\" \/>\n<meta name=\"author\" content=\"Bigi Alt\" \/>\n<meta name=\"twitter:card\" content=\"summary_large_image\" \/>\n<meta name=\"twitter:creator\" content=\"@franzalt\" \/>\n<meta name=\"twitter:site\" content=\"@franzalt\" \/>\n<meta name=\"twitter:label1\" content=\"Verfasst von\" \/>\n\t<meta name=\"twitter:data1\" content=\"Bigi Alt\" \/>\n\t<meta name=\"twitter:label2\" content=\"Gesch\u00e4tzte Lesezeit\" \/>\n\t<meta name=\"twitter:data2\" content=\"3\u00a0Minuten\" \/>\n<script type=\"application\/ld+json\" class=\"yoast-schema-graph\">{\"@context\":\"https:\/\/schema.org\",\"@graph\":[{\"@type\":\"Article\",\"@id\":\"https:\/\/www.sonnenseite.com\/de\/wirtschaft\/flughafen-frankfurt-photovoltaikanteil-waechst-weiter\/#article\",\"isPartOf\":{\"@id\":\"https:\/\/www.sonnenseite.com\/de\/wirtschaft\/flughafen-frankfurt-photovoltaikanteil-waechst-weiter\/\"},\"author\":{\"name\":\"Bigi Alt\",\"@id\":\"https:\/\/www.sonnenseite.com\/de\/#\/schema\/person\/50fda0e926597684c7cc6695238a4eb9\"},\"headline\":\"Flughafen Frankfurt: Photovoltaikanteil w\u00e4chst weiter\",\"datePublished\":\"2022-10-11T07:20:19+00:00\",\"dateModified\":\"2022-10-11T07:20:20+00:00\",\"mainEntityOfPage\":{\"@id\":\"https:\/\/www.sonnenseite.com\/de\/wirtschaft\/flughafen-frankfurt-photovoltaikanteil-waechst-weiter\/\"},\"wordCount\":477,\"publisher\":{\"@id\":\"https:\/\/www.sonnenseite.com\/de\/#organization\"},\"image\":{\"@id\":\"https:\/\/www.sonnenseite.com\/de\/wirtschaft\/flughafen-frankfurt-photovoltaikanteil-waechst-weiter\/#primaryimage\"},\"thumbnailUrl\":\"https:\/\/www.sonnenseite.com\/wp-content\/uploads\/2022\/10\/Fraport_PV-Zaunanlage.jpg\",\"articleSection\":[\"Wirtschaft\"],\"inLanguage\":\"de\"},{\"@type\":\"WebPage\",\"@id\":\"https:\/\/www.sonnenseite.com\/de\/wirtschaft\/flughafen-frankfurt-photovoltaikanteil-waechst-weiter\/\",\"url\":\"https:\/\/www.sonnenseite.com\/de\/wirtschaft\/flughafen-frankfurt-photovoltaikanteil-waechst-weiter\/\",\"name\":\"Flughafen Frankfurt: Photovoltaikanteil w\u00e4chst weiter - Sonnenseite - \u00d6kologische Kommunikation mit Franz Alt\",\"isPartOf\":{\"@id\":\"https:\/\/www.sonnenseite.com\/de\/#website\"},\"primaryImageOfPage\":{\"@id\":\"https:\/\/www.sonnenseite.com\/de\/wirtschaft\/flughafen-frankfurt-photovoltaikanteil-waechst-weiter\/#primaryimage\"},\"image\":{\"@id\":\"https:\/\/www.sonnenseite.com\/de\/wirtschaft\/flughafen-frankfurt-photovoltaikanteil-waechst-weiter\/#primaryimage\"},\"thumbnailUrl\":\"https:\/\/www.sonnenseite.com\/wp-content\/uploads\/2022\/10\/Fraport_PV-Zaunanlage.jpg\",\"datePublished\":\"2022-10-11T07:20:19+00:00\",\"dateModified\":\"2022-10-11T07:20:20+00:00\",\"description\":\"Stromerzeugung am Flughafen Frankfurt: Fraport nimmt neuartige Anlage im Bahnsystem in Betrieb Zur Aufstockung ihres Gr\u00fcnstromanteils nimmt die Fraport AG\",\"breadcrumb\":{\"@id\":\"https:\/\/www.sonnenseite.com\/de\/wirtschaft\/flughafen-frankfurt-photovoltaikanteil-waechst-weiter\/#breadcrumb\"},\"inLanguage\":\"de\",\"potentialAction\":[{\"@type\":\"ReadAction\",\"target\":[\"https:\/\/www.sonnenseite.com\/de\/wirtschaft\/flughafen-frankfurt-photovoltaikanteil-waechst-weiter\/\"]}]},{\"@type\":\"ImageObject\",\"inLanguage\":\"de\",\"@id\":\"https:\/\/www.sonnenseite.com\/de\/wirtschaft\/flughafen-frankfurt-photovoltaikanteil-waechst-weiter\/#primaryimage\",\"url\":\"https:\/\/www.sonnenseite.com\/wp-content\/uploads\/2022\/10\/Fraport_PV-Zaunanlage.jpg\",\"contentUrl\":\"https:\/\/www.sonnenseite.com\/wp-content\/uploads\/2022\/10\/Fraport_PV-Zaunanlage.jpg\",\"width\":770,\"height\":420,\"caption\":\"Fraport | PV-Zaunanlage\"},{\"@type\":\"BreadcrumbList\",\"@id\":\"https:\/\/www.sonnenseite.com\/de\/wirtschaft\/flughafen-frankfurt-photovoltaikanteil-waechst-weiter\/#breadcrumb\",\"itemListElement\":[{\"@type\":\"ListItem\",\"position\":1,\"name\":\"Startseite\",\"item\":\"https:\/\/www.sonnenseite.com\/de\/\"},{\"@type\":\"ListItem\",\"position\":2,\"name\":\"Flughafen Frankfurt: Photovoltaikanteil w\u00e4chst weiter\"}]},{\"@type\":\"WebSite\",\"@id\":\"https:\/\/www.sonnenseite.com\/de\/#website\",\"url\":\"https:\/\/www.sonnenseite.com\/de\/\",\"name\":\"Sonnenseite\",\"description\":\"\u00d6kologische Kommunikation mit Franz Alt\",\"publisher\":{\"@id\":\"https:\/\/www.sonnenseite.com\/de\/#organization\"},\"potentialAction\":[{\"@type\":\"SearchAction\",\"target\":{\"@type\":\"EntryPoint\",\"urlTemplate\":\"https:\/\/www.sonnenseite.com\/de\/?s={search_term_string}\"},\"query-input\":{\"@type\":\"PropertyValueSpecification\",\"valueRequired\":true,\"valueName\":\"search_term_string\"}}],\"inLanguage\":\"de\"},{\"@type\":\"Organization\",\"@id\":\"https:\/\/www.sonnenseite.com\/de\/#organization\",\"name\":\"Sonnenseite\",\"url\":\"https:\/\/www.sonnenseite.com\/de\/\",\"logo\":{\"@type\":\"ImageObject\",\"inLanguage\":\"de\",\"@id\":\"https:\/\/www.sonnenseite.com\/de\/#\/schema\/logo\/image\/\",\"url\":\"https:\/\/www.sonnenseite.com\/wp-content\/uploads\/2020\/05\/Sonnenseite_Logo.png\",\"contentUrl\":\"https:\/\/www.sonnenseite.com\/wp-content\/uploads\/2020\/05\/Sonnenseite_Logo.png\",\"width\":377,\"height\":90,\"caption\":\"Sonnenseite\"},\"image\":{\"@id\":\"https:\/\/www.sonnenseite.com\/de\/#\/schema\/logo\/image\/\"},\"sameAs\":[\"https:\/\/www.facebook.com\/pages\/Franz-Alt-SONNENSEITECOM\/221072987903953?fref=ts\",\"https:\/\/x.com\/franzalt\",\"http:\/\/www.youtube.com\/results?search_query&amp;amp;quot;franz_alt&amp;amp;quot;&amp;amp;amp;amp;search_type&amp;amp;amp;amp;aq=f\"]},{\"@type\":\"Person\",\"@id\":\"https:\/\/www.sonnenseite.com\/de\/#\/schema\/person\/50fda0e926597684c7cc6695238a4eb9\",\"name\":\"Bigi Alt\"}]}<\/script>\n<!-- \/ Yoast SEO plugin. -->","yoast_head_json":{"title":"Flughafen Frankfurt: Photovoltaikanteil w\u00e4chst weiter - Sonnenseite - \u00d6kologische Kommunikation mit Franz Alt","description":"Stromerzeugung am Flughafen Frankfurt: Fraport nimmt neuartige Anlage im Bahnsystem in Betrieb Zur Aufstockung ihres Gr\u00fcnstromanteils nimmt die Fraport AG","robots":{"index":"index","follow":"follow","max-snippet":"max-snippet:-1","max-image-preview":"max-image-preview:large","max-video-preview":"max-video-preview:-1"},"canonical":"https:\/\/www.sonnenseite.com\/de\/wirtschaft\/flughafen-frankfurt-photovoltaikanteil-waechst-weiter\/","og_locale":"de_DE","og_type":"article","og_title":"Flughafen Frankfurt: Photovoltaikanteil w\u00e4chst weiter - Sonnenseite - \u00d6kologische Kommunikation mit Franz Alt","og_description":"Stromerzeugung am Flughafen Frankfurt: Fraport nimmt neuartige Anlage im Bahnsystem in Betrieb Zur Aufstockung ihres Gr\u00fcnstromanteils nimmt die Fraport AG","og_url":"https:\/\/www.sonnenseite.com\/de\/wirtschaft\/flughafen-frankfurt-photovoltaikanteil-waechst-weiter\/","og_site_name":"Sonnenseite","article_publisher":"https:\/\/www.facebook.com\/pages\/Franz-Alt-SONNENSEITECOM\/221072987903953?fref=ts","article_published_time":"2022-10-11T07:20:19+00:00","article_modified_time":"2022-10-11T07:20:20+00:00","og_image":[{"width":770,"height":420,"url":"https:\/\/www.sonnenseite.com\/wp-content\/uploads\/2022\/10\/Fraport_PV-Zaunanlage.jpg","type":"image\/jpeg"}],"author":"Bigi Alt","twitter_card":"summary_large_image","twitter_creator":"@franzalt","twitter_site":"@franzalt","twitter_misc":{"Verfasst von":"Bigi Alt","Gesch\u00e4tzte Lesezeit":"3\u00a0Minuten"},"schema":{"@context":"https:\/\/schema.org","@graph":[{"@type":"Article","@id":"https:\/\/www.sonnenseite.com\/de\/wirtschaft\/flughafen-frankfurt-photovoltaikanteil-waechst-weiter\/#article","isPartOf":{"@id":"https:\/\/www.sonnenseite.com\/de\/wirtschaft\/flughafen-frankfurt-photovoltaikanteil-waechst-weiter\/"},"author":{"name":"Bigi Alt","@id":"https:\/\/www.sonnenseite.com\/de\/#\/schema\/person\/50fda0e926597684c7cc6695238a4eb9"},"headline":"Flughafen Frankfurt: Photovoltaikanteil w\u00e4chst weiter","datePublished":"2022-10-11T07:20:19+00:00","dateModified":"2022-10-11T07:20:20+00:00","mainEntityOfPage":{"@id":"https:\/\/www.sonnenseite.com\/de\/wirtschaft\/flughafen-frankfurt-photovoltaikanteil-waechst-weiter\/"},"wordCount":477,"publisher":{"@id":"https:\/\/www.sonnenseite.com\/de\/#organization"},"image":{"@id":"https:\/\/www.sonnenseite.com\/de\/wirtschaft\/flughafen-frankfurt-photovoltaikanteil-waechst-weiter\/#primaryimage"},"thumbnailUrl":"https:\/\/www.sonnenseite.com\/wp-content\/uploads\/2022\/10\/Fraport_PV-Zaunanlage.jpg","articleSection":["Wirtschaft"],"inLanguage":"de"},{"@type":"WebPage","@id":"https:\/\/www.sonnenseite.com\/de\/wirtschaft\/flughafen-frankfurt-photovoltaikanteil-waechst-weiter\/","url":"https:\/\/www.sonnenseite.com\/de\/wirtschaft\/flughafen-frankfurt-photovoltaikanteil-waechst-weiter\/","name":"Flughafen Frankfurt: Photovoltaikanteil w\u00e4chst weiter - Sonnenseite - \u00d6kologische Kommunikation mit Franz Alt","isPartOf":{"@id":"https:\/\/www.sonnenseite.com\/de\/#website"},"primaryImageOfPage":{"@id":"https:\/\/www.sonnenseite.com\/de\/wirtschaft\/flughafen-frankfurt-photovoltaikanteil-waechst-weiter\/#primaryimage"},"image":{"@id":"https:\/\/www.sonnenseite.com\/de\/wirtschaft\/flughafen-frankfurt-photovoltaikanteil-waechst-weiter\/#primaryimage"},"thumbnailUrl":"https:\/\/www.sonnenseite.com\/wp-content\/uploads\/2022\/10\/Fraport_PV-Zaunanlage.jpg","datePublished":"2022-10-11T07:20:19+00:00","dateModified":"2022-10-11T07:20:20+00:00","description":"Stromerzeugung am Flughafen Frankfurt: Fraport nimmt neuartige Anlage im Bahnsystem in Betrieb Zur Aufstockung ihres Gr\u00fcnstromanteils nimmt die Fraport AG","breadcrumb":{"@id":"https:\/\/www.sonnenseite.com\/de\/wirtschaft\/flughafen-frankfurt-photovoltaikanteil-waechst-weiter\/#breadcrumb"},"inLanguage":"de","potentialAction":[{"@type":"ReadAction","target":["https:\/\/www.sonnenseite.com\/de\/wirtschaft\/flughafen-frankfurt-photovoltaikanteil-waechst-weiter\/"]}]},{"@type":"ImageObject","inLanguage":"de","@id":"https:\/\/www.sonnenseite.com\/de\/wirtschaft\/flughafen-frankfurt-photovoltaikanteil-waechst-weiter\/#primaryimage","url":"https:\/\/www.sonnenseite.com\/wp-content\/uploads\/2022\/10\/Fraport_PV-Zaunanlage.jpg","contentUrl":"https:\/\/www.sonnenseite.com\/wp-content\/uploads\/2022\/10\/Fraport_PV-Zaunanlage.jpg","width":770,"height":420,"caption":"Fraport | PV-Zaunanlage"},{"@type":"BreadcrumbList","@id":"https:\/\/www.sonnenseite.com\/de\/wirtschaft\/flughafen-frankfurt-photovoltaikanteil-waechst-weiter\/#breadcrumb","itemListElement":[{"@type":"ListItem","position":1,"name":"Startseite","item":"https:\/\/www.sonnenseite.com\/de\/"},{"@type":"ListItem","position":2,"name":"Flughafen Frankfurt: Photovoltaikanteil w\u00e4chst weiter"}]},{"@type":"WebSite","@id":"https:\/\/www.sonnenseite.com\/de\/#website","url":"https:\/\/www.sonnenseite.com\/de\/","name":"Sonnenseite","description":"\u00d6kologische Kommunikation mit Franz Alt","publisher":{"@id":"https:\/\/www.sonnenseite.com\/de\/#organization"},"potentialAction":[{"@type":"SearchAction","target":{"@type":"EntryPoint","urlTemplate":"https:\/\/www.sonnenseite.com\/de\/?s={search_term_string}"},"query-input":{"@type":"PropertyValueSpecification","valueRequired":true,"valueName":"search_term_string"}}],"inLanguage":"de"},{"@type":"Organization","@id":"https:\/\/www.sonnenseite.com\/de\/#organization","name":"Sonnenseite","url":"https:\/\/www.sonnenseite.com\/de\/","logo":{"@type":"ImageObject","inLanguage":"de","@id":"https:\/\/www.sonnenseite.com\/de\/#\/schema\/logo\/image\/","url":"https:\/\/www.sonnenseite.com\/wp-content\/uploads\/2020\/05\/Sonnenseite_Logo.png","contentUrl":"https:\/\/www.sonnenseite.com\/wp-content\/uploads\/2020\/05\/Sonnenseite_Logo.png","width":377,"height":90,"caption":"Sonnenseite"},"image":{"@id":"https:\/\/www.sonnenseite.com\/de\/#\/schema\/logo\/image\/"},"sameAs":["https:\/\/www.facebook.com\/pages\/Franz-Alt-SONNENSEITECOM\/221072987903953?fref=ts","https:\/\/x.com\/franzalt","http:\/\/www.youtube.com\/results?search_query&amp;amp;quot;franz_alt&amp;amp;quot;&amp;amp;amp;amp;search_type&amp;amp;amp;amp;aq=f"]},{"@type":"Person","@id":"https:\/\/www.sonnenseite.com\/de\/#\/schema\/person\/50fda0e926597684c7cc6695238a4eb9","name":"Bigi Alt"}]}},"_links":{"self":[{"href":"https:\/\/www.sonnenseite.com\/de\/wp-json\/wp\/v2\/posts\/85851","targetHints":{"allow":["GET"]}}],"collection":[{"href":"https:\/\/www.sonnenseite.com\/de\/wp-json\/wp\/v2\/posts"}],"about":[{"href":"https:\/\/www.sonnenseite.com\/de\/wp-json\/wp\/v2\/types\/post"}],"author":[{"embeddable":true,"href":"https:\/\/www.sonnenseite.com\/de\/wp-json\/wp\/v2\/users\/3"}],"replies":[{"embeddable":true,"href":"https:\/\/www.sonnenseite.com\/de\/wp-json\/wp\/v2\/comments?post=85851"}],"version-history":[{"count":1,"href":"https:\/\/www.sonnenseite.com\/de\/wp-json\/wp\/v2\/posts\/85851\/revisions"}],"predecessor-version":[{"id":85852,"href":"https:\/\/www.sonnenseite.com\/de\/wp-json\/wp\/v2\/posts\/85851\/revisions\/85852"}],"wp:featuredmedia":[{"embeddable":true,"href":"https:\/\/www.sonnenseite.com\/de\/wp-json\/wp\/v2\/media\/85853"}],"wp:attachment":[{"href":"https:\/\/www.sonnenseite.com\/de\/wp-json\/wp\/v2\/media?parent=85851"}],"wp:term":[{"taxonomy":"category","embeddable":true,"href":"https:\/\/www.sonnenseite.com\/de\/wp-json\/wp\/v2\/categories?post=85851"},{"taxonomy":"post_tag","embeddable":true,"href":"https:\/\/www.sonnenseite.com\/de\/wp-json\/wp\/v2\/tags?post=85851"}],"curies":[{"name":"wp","href":"https:\/\/api.w.org\/{rel}","templated":true}]}}