{"id":86105,"date":"2022-10-21T03:04:00","date_gmt":"2022-10-21T01:04:00","guid":{"rendered":"https:\/\/www.sonnenseite.com\/?p=86105"},"modified":"2022-10-20T08:43:26","modified_gmt":"2022-10-20T06:43:26","slug":"die-ressource-wasser-wird-knapp","status":"publish","type":"post","link":"https:\/\/www.sonnenseite.com\/de\/umwelt\/die-ressource-wasser-wird-knapp\/","title":{"rendered":"Die Ressource Wasser wird knapp"},"content":{"rendered":"\n<p>Weltweiter Wasserbedarf wird bis 2050 voraussichtlich um j\u00e4hrlich 20 bis 30 Prozent ansteigen. Ein Kommentar von Alina Donets.<\/p>\n\n\n<div class=\"wp-block-image\">\n<figure class=\"alignleft size-full is-resized\"><img loading=\"lazy\" decoding=\"async\" src=\"https:\/\/www.sonnenseite.com\/wp-content\/uploads\/2022\/10\/Donets-Alina_LOIM.jpg\" alt=\"\" class=\"wp-image-86108\" width=\"202\" height=\"183\" srcset=\"https:\/\/www.sonnenseite.com\/wp-content\/uploads\/2022\/10\/Donets-Alina_LOIM.jpg 700w, https:\/\/www.sonnenseite.com\/wp-content\/uploads\/2022\/10\/Donets-Alina_LOIM-300x272.jpg 300w\" sizes=\"auto, (max-width: 202px) 100vw, 202px\" \/><figcaption>Alina Donets (Quelle: LOIM).<\/figcaption><\/figure>\n<\/div>\n\n\n<p>Die Natur ist heute eines der wichtigsten und produktivsten G\u00fcter unserer Wirtschaft. Jahrzehnte des \u00fcberbordenden menschlichen Konsums und das Leben in einer Wegwerfgesellschaft ersch\u00f6pfen allerdings die weltweiten Ressourcen auf rapide Weise. Wenn jetzt keine Ma\u00dfnahmen ergriffen werden, sind wir bald an einem Punkt angelangt, an dem der Schaden nicht mehr wiedergutzumachen ist.<\/p>\n\n\n\n<p>Wasserl\u00f6sungen sind im Kampf gegen eine exzessive, ineffiziente und unverantwortliche Wassernutzung und zur Sanierung beeintr\u00e4chtigter aquatischer \u00d6kosysteme, die das Fundament unserer wirtschaftlichen Aktivit\u00e4t bilden, von entscheidender Bedeutung. Es existieren bereits kommerzielle L\u00f6sungen f\u00fcr eine Verbesserung der Wassereffizienz, der Wasserqualit\u00e4t und zum Schutz der Gew\u00e4sser, um eine Knappheit in bestimmten Regionen zu vermeiden.<\/p>\n\n\n\n<p>Eine Strategie kann sein, eine L\u00fccke im Anlageuniversum zu schlie\u00dfen, um so die produktive und regenerative Kraft der Natur zu nutzen und zu erhalten.<\/p>\n\n\n\n<h5 class=\"wp-block-heading\">Eine durstige Welt<\/h5>\n\n\n\n<p>Das Bev\u00f6lkerungswachstum und die wirtschaftliche Entwicklung der Menschheit zeichnen sich durch eine nicht nachhaltige Nutzung und die Verschmutzung von Wasser aus. Wir haben diese lebensnotwendige Ressource bis an ihre Grenzen strapaziert.<\/p>\n\n\n\n<p>Der Mensch ist jeden Tag auf Wasser angewiesen. Weltweit ist die Nutzung von Wasser in den vergangenen 100 Jahren um ein Sechsfaches<sup>1<\/sup> gestiegen, und sie nimmt jedes Jahr stetig um rund 1 %<sup>2<\/sup> zu. Verantwortlich hierf\u00fcr sind:<\/p>\n\n\n\n<ul class=\"wp-block-list\"><li>Bev\u00f6lkerungsanstieg<\/li><li>Zunehmender Wohlstand und damit h\u00f6herer Konsum<\/li><li>Industrialisierung<\/li><li>Landwirtschaftliche Bew\u00e4sserung<\/li><li>Urbanisierung und daraus resultierende h\u00f6here Wasserintensit\u00e4t<\/li><\/ul>\n\n\n\n<p>Der weltweite Wasserbedarf wird derzeit auf etwa 4.600 km\u00b3 pro Jahr gesch\u00e4tzt und d\u00fcrfte bis 2050 um j\u00e4hrlich 20 % bis 30 % auf 5.500 km\u00b3 bis 6.000 km3 ansteigen\u00b3.<\/p>\n\n\n<div class=\"wp-block-image\">\n<figure class=\"alignleft size-full is-resized\"><img loading=\"lazy\" decoding=\"async\" src=\"https:\/\/www.sonnenseite.com\/wp-content\/uploads\/2020\/09\/Wasser_Haende_drfuenteshernandez.jpg\" alt=\"pixabay.com | drfuenteshernandez\" class=\"wp-image-62376\" width=\"266\" height=\"145\" srcset=\"https:\/\/www.sonnenseite.com\/wp-content\/uploads\/2020\/09\/Wasser_Haende_drfuenteshernandez.jpg 770w, https:\/\/www.sonnenseite.com\/wp-content\/uploads\/2020\/09\/Wasser_Haende_drfuenteshernandez-300x164.jpg 300w, https:\/\/www.sonnenseite.com\/wp-content\/uploads\/2020\/09\/Wasser_Haende_drfuenteshernandez-768x419.jpg 768w\" sizes=\"auto, (max-width: 266px) 100vw, 266px\" \/><figcaption>\u00a9 pixabay.com | drfuenteshernandez <\/figcaption><\/figure>\n<\/div>\n\n\n<p>Die Weltbev\u00f6lkerung wird voraussichtlich von 7,7 Milliarden im Jahr 2017 auf 9,4 bis 10,2 Milliarden im Jahr 2050 ansteigen. Davon werden zwei Drittel in St\u00e4dten leben. Im gleichen Zeitraum d\u00fcrfte das weltweite BIP um das 2,5-fache steigen<sup>4<\/sup>. In einem noch k\u00fcrzeren Zeitraum werden die Aktivit\u00e4ten in der Landwirtschaft und Energieproduktion, beides wasserintensive Bereiche, bis 2025 wahrscheinlich um etwa 60 % bzw. 80 % zulegen<sup>5<\/sup>, wodurch der Bedarf weiter zunimmt.<\/p>\n\n\n\n<p>Die derzeitige Wassernutzungsrate muss der maximalen nachhaltigen Entnahmemenge gegen\u00fcbergestellt werden. Mit rund 4.600 km\u00b3 pro Jahr wurde diese bereits fast erreicht.<sup>6<\/sup> Ohne innovative L\u00f6sungen geht uns also das Wasser aus.<\/p>\n\n\n\n<h5 class=\"wp-block-heading\">Eine \u00fcberschrittene planetare Belastbarkeitsgrenze<\/h5>\n\n\n\n<p>Aquatische \u00d6kosysteme, d.&nbsp;h. Seen, Fl\u00fcsse, Ozeane und Feuchtgebiete, bieten Lebensr\u00e4ume f\u00fcr eine gro\u00dfe Vielfalt an Organismen. So nehmen Binnengew\u00e4sser nur 1 % der Erdoberfl\u00e4che ein, sind aber Lebensraum f\u00fcr mehr als 10 % der auf unserem Planeten lebenden Arten. Leider ist die dortige Artenvielfalt seit 1970 um 84 % zur\u00fcckgegangen<sup>7<\/sup>, was vor allem das Resultat einer \u00fcberm\u00e4\u00dfigen Wasserentnahme und Wasserverschmutzung ist.<\/p>\n\n\n\n<p>Aufgrund von Urbanisierung, Kunststoffabf\u00e4llen, unsachgem\u00e4\u00dfem Einsatz von Chemikalien in der Landwirtschaft und der durch menschliche Aktivit\u00e4ten oder den Klimawandel verursachten thermischen Verschmutzung sind die Meeres\u00f6kosysteme ebenso gesch\u00e4digt worden<sup>8<\/sup>. Die S\u00fc\u00dfwassernutzung ist eine der neun wissenschaftlich erwiesenen&nbsp;planetaren Belastbarkeitsgrenzen, die eine sichere und stabile globale Umwelt f\u00fcr das Leben ausmachen. Diese Grenze ist bereits in einigen Regionen weltweit \u00fcberschritten worden.<\/p>\n\n\n\n<h5 class=\"wp-block-heading\">Qualit\u00e4t gibt den Ausschlag<\/h5>\n\n\n\n<p>Angesichts des zunehmenden Wasserbedarfs und der begrenzten Ressourcen sind eine effiziente Nutzung und Verteilung sowie ein Management der Wasserqualit\u00e4t absolut vorrangig. Die Verschlechterung der Wasserqualit\u00e4t korreliert gr\u00f6\u00dftenteils mit der Bev\u00f6lkerungsdichte und dem Wirtschaftswachstum. Seit den 1990er-Jahren hat die Wasserverschmutzung in fast allen Fl\u00fcssen Afrikas, Asiens und Lateinamerikas zugenommen<sup>9<\/sup>. In den kommenden Jahrzehnten d\u00fcrfte die Wasserqualit\u00e4t weiter abnehmen und somit die aquatischen \u00d6kosysteme, die von ihnen unterst\u00fctzte Wirtschaftsaktivit\u00e4t und die Gesundheit der Menschen beeintr\u00e4chtigen.<\/p>\n\n\n\n<p>Sch\u00e4tzungsweise 80 % aller industriellen und kommunalen Abw\u00e4sser werden ohne Behandlung wieder in die Umwelt eingeleitet, mit verheerenden Auswirkungen f\u00fcr \u00d6kosysteme und die menschliche Gesundheit.<sup>10<\/sup> Die Beeintr\u00e4chtigung von Gew\u00e4ssern durch D\u00fcngemittel und Chemikalien, vor allem aus Landwirtschaft, Arzneimitteln und K\u00f6rperpflegeprodukten, ist die gr\u00f6\u00dfte Herausforderung in Bezug auf die Wasserqualit\u00e4t und geht in einigen Regionen h\u00e4ufig mit der Belastung durch Krankheitserreger einher.<sup>11<\/sup><\/p>\n\n\n\n<p>Abgesehen von einem hohen Wasserverbrauch und der abnehmenden Wasserqualit\u00e4t wirken sich die Landnutzung sowie die ge\u00e4nderte Landnutzung durch die Menschen erheblich auf die Hydrologie sowohl auf lokaler als auch auf regionaler und globaler Ebene aus. \u00dcberweidung, Bodendegradation und Oberfl\u00e4chenverdichtung haben erh\u00f6hte Abfluss- und Verdunstungsraten und weniger gespeicherte Wassermengen in den B\u00f6den zur Folge. Dies hat nachteilige Auswirkungen auf die Wasserversorgungsleistungen von Grasland, etwa in Bezug auf die Verbesserung der Wasserqualit\u00e4t<sup>12<\/sup> und die Minderung von \u00dcberschwemmungs- und D\u00fcrrerisiken.<sup>13<\/sup><\/p>\n\n\n\n<h5 class=\"wp-block-heading\">Starker Bedarf an Wasserl\u00f6sungen<\/h5>\n\n\n<div class=\"wp-block-image\">\n<figure class=\"alignright size-full is-resized\"><img loading=\"lazy\" decoding=\"async\" src=\"https:\/\/www.sonnenseite.com\/wp-content\/uploads\/2019\/04\/Plastikabfall-Meer_eevl.jpg\" alt=\"Depositphotos | eevl\" class=\"wp-image-10029\" width=\"327\" height=\"178\" srcset=\"https:\/\/www.sonnenseite.com\/wp-content\/uploads\/2019\/04\/Plastikabfall-Meer_eevl.jpg 770w, https:\/\/www.sonnenseite.com\/wp-content\/uploads\/2019\/04\/Plastikabfall-Meer_eevl-300x164.jpg 300w, https:\/\/www.sonnenseite.com\/wp-content\/uploads\/2019\/04\/Plastikabfall-Meer_eevl-768x419.jpg 768w\" sizes=\"auto, (max-width: 327px) 100vw, 327px\" \/><figcaption>\u00a9 Depositphotos | eevl<\/figcaption><\/figure>\n<\/div>\n\n\n<p>Unsere Zukunft muss nicht von Wassermangel, Verschmutzung und der Degradierung von aquatischen \u00d6kosystemen gepr\u00e4gt sein. Kommerzielle L\u00f6sungen f\u00fcr diese Probleme gibt es bereits, und sie werden stark nachgefragt.<\/p>\n\n\n\n<p>Weltweit betr\u00e4gt der Investitionsbedarf in die Wasserinfrastruktur \u00fcber ca. 20 Jahre USD 11,7 Bio., um den Anforderungen an die Wasserversorgung und -entsorgung<sup>14<\/sup> gerecht zu werden. Dieser Investitionsbedarf beschr\u00e4nkt sich nicht nur auf Rohre, Pumpen und Kl\u00e4ranlagen: Mittlerweile werden auch zunehmend die Vorteile nat\u00fcrlicher Systeme bei der Verlangsamung des Regenwasserflusses, der Wasserspeicherung und der Abflussreinigung erkannt. Zu diesen umweltfreundlichen L\u00f6sungen, mit denen die herk\u00f6mmliche Infrastruktur erg\u00e4nzt werden soll, z\u00e4hlen Feuchtgebiete, Regenwassernutzung, begr\u00fcnte D\u00e4cher und Versickerungsgr\u00e4ben an Stra\u00dfen. Bei Letzteren handelt es sich um begr\u00fcnte Rinnen zur Minderung von \u00dcberflutungsrisiken durch Regenwasser.<\/p>\n\n\n\n<p>Die \u00f6kologische und wirtschaftliche Notwendigkeit einer nachhaltigen Wassernutzung und ihre Rolle in der Bio-Kreislaufwirtschaft machen Wasserl\u00f6sungen zu einer strategischen Herausforderung, bei der sich drei Schwerpunkte abzeichnen:<\/p>\n\n\n\n<ul class=\"wp-block-list\"><li>Effizienz. Heutzutage entfallen 70 % des weltweiten Wasserverbrauchs auf die Landwirtschaft, 20% auf die Industrie und 10 % auf die Haushalte. Angesichts des zunehmenden Bedarfs in allen drei Bereichen ist eine geringere Wasserintensit\u00e4t in der Industrie, der Landwirtschaft und bei den Aktivit\u00e4ten der Menschen ausschlaggebend.<\/li><li>Qualit\u00e4t. Bevor es in die Kl\u00e4ranlagen gelangt, sollte verunreinigtes Wasser bereits an der Quelle der Verschmutzung \u2013 zum Beispiel in Produktionsanlagen \u2013 behandelt werden. Vorbeugen ist allerdings besser als heilen: Der Einsatz von weniger oder gar keinen Chemikalien, etwa bei der D\u00fcngung in der Landwirtschaft, und die weitestgehende Beseitigung von Plastik in der Wirtschaft w\u00fcrden die Wasserqualit\u00e4t deutlich verbessern.<\/li><li>Schutz. Der Schutz von Wassereinzugsgebieten und anderen Bereichen, die f\u00fcr gesunde Wasserwege von entscheidender Bedeutung sind, stellt sicher, dass die aquatischen \u00d6kosysteme nicht von menschlichen Aktivit\u00e4ten beeintr\u00e4chtigt werden. Sollten diese bereits Schaden genommen haben, ist die Wiederherstellung ihrer Unversehrtheit unabdingbar.<\/li><\/ul>\n\n\n\n<p>Die Bio-Kreislaufwirtschaft umfasst Unternehmen, die Wasserl\u00f6sungen entwickeln oder anbieten und deren Produkte und Dienstleistungen den Anforderungen an Effizienz, Qualit\u00e4t und Schutz entsprechen. Unternehmen, die auf Dienstleistungen wie intelligente Bew\u00e4sserungssysteme, nachhaltiges Regenwassermanagement und die Wiederherstellung von \u00d6kosystemen spezialisiert sind, werden eine starke Nachfrage verzeichnen und attraktive Anlagem\u00f6glichkeiten bieten.<\/p>\n\n\n\n<hr class=\"wp-block-separator has-alpha-channel-opacity\"\/>\n\n\n\n<p><strong>Quellen<\/strong><\/p>\n\n\n\n<ul class=\"wp-block-list\"><li>[1] \u201eModeling global water use for the 21st century\u201c von Wada et al. Ver\u00f6ffentlicht 2016 in Geoscientific Model Development.<\/li><li>[2] AQUASTAT.<\/li><li>[3] Reassessing the projections of the World Water Development Report | npj Clean Water (nature.com)<\/li><li>[4] OECD.<\/li><li>[5] \u201eWorld agriculture towards 2030\/2050\u201c von Alexandratos, N. und Bruinsma, J. Ver\u00f6ffentlicht 2012 durch die Food and Agricultural Organisation; und durch die OECD (2012).<\/li><li>[6] \u201ePeak water limits to freshwater withdrawal and use\u201c von Gleick, P. und Palaniappan, M. Ver\u00f6ffentlicht 2010 in Proceedings of the National Academy of Sciences; und \u201eA global assessment of the water footprint of farm animal products\u201c von Hoekstra, A. und Mekonnen, M. Ver\u00f6ffentlicht 2012 in Ecosystems.<\/li><li>[7] \u201eFreshwater biodiversity\u201c, ver\u00f6ffentlicht durch den WWF. Abgerufen im April 2022.).<\/li><li>[8] \u201eAquatic ecosystem and biodiversity: a review\u201c von Irfan, S. und Alatawi, A. Ver\u00f6ffentlicht 2019 im Open Journal of Ecology.<\/li><li>[9] \u201eA snapshot of the world\u2019s water quality: towards a global assessment\u201c, ver\u00f6ffentlicht 2016 durch das United Nations Environment Programme.<\/li><li>[10] \u201eWastewater: the untapped resource\u201c, ver\u00f6ffentlicht 2017 durch das UNESCO World Water Assessment Programme.<\/li><li>[11] \u201eA snapshot of the world\u2019s water quality: towards a global assessment\u201c, ver\u00f6ffentlicht 2016 durch das United Nations Environment Programme.<\/li><li>[12] \u201eIdentification of rural land management signals in runoff response\u201c von McIntyre, N. und Marshall, M. Ver\u00f6ffentlicht in Hydrological Processes, Vol. 24 Ausgabe 24, 2010.<\/li><li>[13] \u201eThe impact of upland land management on flooding: insights from a multiscale experimental and modelling programme\u201c von Jackson et al. Ver\u00f6ffentlicht 2008 im Journal of Flood Risk Management.<\/li><li>[14] \u201eCharting our water future\u201c, ver\u00f6ffentlicht 2009 durch die 2030 Water Resources Group.<\/li><\/ul>\n\n\n\n<p><\/p>\n\n\n<h5 class=\"green\">Quelle<\/h5>\r\n\n\n\n<p><a href=\"http:\/\/www.te-communications.ch\/\">TE Communications GmbH 2022<\/a> | Kommentar von Alina Donets, Portfolio Manager bei Lombard Odier Investment Managers<\/p>\n<div class=\"shariff shariff-align-flex-start shariff-widget-align-flex-start\"><div class=\"ShariffHeadline\">Diese Meldung teilen<\/div><ul class=\"shariff-buttons theme-round orientation-horizontal buttonsize-medium\"><li class=\"shariff-button facebook shariff-nocustomcolor\" style=\"background-color:#4273c8;border-radius:1%\"><a href=\"https:\/\/www.facebook.com\/sharer\/sharer.php?u=https%3A%2F%2Fwww.sonnenseite.com%2Fde%2Fumwelt%2Fdie-ressource-wasser-wird-knapp%2F\" title=\"Bei Facebook teilen\" aria-label=\"Bei Facebook teilen\" role=\"button\" rel=\"nofollow\" class=\"shariff-link\" style=\";border-radius:1%; background-color:#3b5998; color:#fff\" target=\"_blank\"><span class=\"shariff-icon\" style=\"\"><svg width=\"32px\" height=\"20px\" xmlns=\"http:\/\/www.w3.org\/2000\/svg\" viewBox=\"0 0 18 32\"><path fill=\"#3b5998\" d=\"M17.1 0.2v4.7h-2.8q-1.5 0-2.1 0.6t-0.5 1.9v3.4h5.2l-0.7 5.3h-4.5v13.6h-5.5v-13.6h-4.5v-5.3h4.5v-3.9q0-3.3 1.9-5.2t5-1.8q2.6 0 4.1 0.2z\"\/><\/svg><\/span><\/a><\/li><li class=\"shariff-button twitter shariff-nocustomcolor\" style=\"background-color:#595959;border-radius:1%\"><a href=\"https:\/\/twitter.com\/share?url=https%3A%2F%2Fwww.sonnenseite.com%2Fde%2Fumwelt%2Fdie-ressource-wasser-wird-knapp%2F&text=Die%20Ressource%20Wasser%20wird%20knapp\" title=\"Bei X teilen\" aria-label=\"Bei X teilen\" role=\"button\" rel=\"noopener nofollow\" class=\"shariff-link\" style=\";border-radius:1%; background-color:#000; color:#fff\" target=\"_blank\"><span class=\"shariff-icon\" style=\"\"><svg width=\"32px\" height=\"20px\" xmlns=\"http:\/\/www.w3.org\/2000\/svg\" viewBox=\"0 0 24 24\"><path fill=\"#000\" d=\"M14.258 10.152L23.176 0h-2.113l-7.747 8.813L7.133 0H0l9.352 13.328L0 23.973h2.113l8.176-9.309 6.531 9.309h7.133zm-2.895 3.293l-.949-1.328L2.875 1.56h3.246l6.086 8.523.945 1.328 7.91 11.078h-3.246zm0 0\"\/><\/svg><\/span><\/a><\/li><li class=\"shariff-button xing shariff-nocustomcolor\" style=\"background-color:#29888a;border-radius:1%\"><a href=\"https:\/\/www.xing.com\/spi\/shares\/new?url=https%3A%2F%2Fwww.sonnenseite.com%2Fde%2Fumwelt%2Fdie-ressource-wasser-wird-knapp%2F\" title=\"Bei XING teilen\" aria-label=\"Bei XING teilen\" role=\"button\" rel=\"noopener nofollow\" class=\"shariff-link\" style=\";border-radius:1%; background-color:#126567; color:#fff\" target=\"_blank\"><span class=\"shariff-icon\" style=\"\"><svg width=\"32px\" height=\"20px\" xmlns=\"http:\/\/www.w3.org\/2000\/svg\" viewBox=\"0 0 25 32\"><path fill=\"#126567\" d=\"M10.7 11.9q-0.2 0.3-4.6 8.2-0.5 0.8-1.2 0.8h-4.3q-0.4 0-0.5-0.3t0-0.6l4.5-8q0 0 0 0l-2.9-5q-0.2-0.4 0-0.7 0.2-0.3 0.5-0.3h4.3q0.7 0 1.2 0.8zM25.1 0.4q0.2 0.3 0 0.7l-9.4 16.7 6 11q0.2 0.4 0 0.6-0.2 0.3-0.6 0.3h-4.3q-0.7 0-1.2-0.8l-6-11.1q0.3-0.6 9.5-16.8 0.4-0.8 1.2-0.8h4.3q0.4 0 0.5 0.3z\"\/><\/svg><\/span><\/a><\/li><li class=\"shariff-button linkedin shariff-nocustomcolor\" style=\"background-color:#1488bf;border-radius:1%\"><a href=\"https:\/\/www.linkedin.com\/sharing\/share-offsite\/?url=https%3A%2F%2Fwww.sonnenseite.com%2Fde%2Fumwelt%2Fdie-ressource-wasser-wird-knapp%2F\" title=\"Bei LinkedIn teilen\" aria-label=\"Bei LinkedIn teilen\" role=\"button\" rel=\"noopener nofollow\" class=\"shariff-link\" style=\";border-radius:1%; background-color:#0077b5; color:#fff\" target=\"_blank\"><span class=\"shariff-icon\" style=\"\"><svg width=\"32px\" height=\"20px\" xmlns=\"http:\/\/www.w3.org\/2000\/svg\" viewBox=\"0 0 27 32\"><path fill=\"#0077b5\" d=\"M6.2 11.2v17.7h-5.9v-17.7h5.9zM6.6 5.7q0 1.3-0.9 2.2t-2.4 0.9h0q-1.5 0-2.4-0.9t-0.9-2.2 0.9-2.2 2.4-0.9 2.4 0.9 0.9 2.2zM27.4 18.7v10.1h-5.9v-9.5q0-1.9-0.7-2.9t-2.3-1.1q-1.1 0-1.9 0.6t-1.2 1.5q-0.2 0.5-0.2 1.4v9.9h-5.9q0-7.1 0-11.6t0-5.3l0-0.9h5.9v2.6h0q0.4-0.6 0.7-1t1-0.9 1.6-0.8 2-0.3q3 0 4.9 2t1.9 6z\"\/><\/svg><\/span><\/a><\/li><li class=\"shariff-button printer shariff-nocustomcolor\" style=\"background-color:#a8a8a8;border-radius:1%\"><a href=\"javascript:window.print()\" title=\"drucken\" aria-label=\"drucken\" role=\"button\" rel=\"noopener nofollow\" class=\"shariff-link\" style=\";border-radius:1%; background-color:#999; color:#fff\"><span class=\"shariff-icon\" style=\"\"><svg width=\"32px\" height=\"20px\" xmlns=\"http:\/\/www.w3.org\/2000\/svg\" viewBox=\"0 0 30 32\"><path fill=\"#999\" d=\"M6.8 27.4h16v-4.6h-16v4.6zM6.8 16h16v-6.8h-2.8q-0.7 0-1.2-0.5t-0.5-1.2v-2.8h-11.4v11.4zM27.4 17.2q0-0.5-0.3-0.8t-0.8-0.4-0.8 0.4-0.3 0.8 0.3 0.8 0.8 0.3 0.8-0.3 0.3-0.8zM29.7 17.2v7.4q0 0.2-0.2 0.4t-0.4 0.2h-4v2.8q0 0.7-0.5 1.2t-1.2 0.5h-17.2q-0.7 0-1.2-0.5t-0.5-1.2v-2.8h-4q-0.2 0-0.4-0.2t-0.2-0.4v-7.4q0-1.4 1-2.4t2.4-1h1.2v-9.7q0-0.7 0.5-1.2t1.2-0.5h12q0.7 0 1.6 0.4t1.3 0.8l2.7 2.7q0.5 0.5 0.9 1.4t0.4 1.6v4.6h1.1q1.4 0 2.4 1t1 2.4z\"\/><\/svg><\/span><\/a><\/li><li class=\"shariff-button mailto shariff-nocustomcolor\" style=\"background-color:#a8a8a8;border-radius:1%\"><a href=\"mailto:?body=https%3A%2F%2Fwww.sonnenseite.com%2Fde%2Fumwelt%2Fdie-ressource-wasser-wird-knapp%2F&subject=Die%20Ressource%20Wasser%20wird%20knapp\" title=\"Per E-Mail versenden\" aria-label=\"Per E-Mail versenden\" role=\"button\" rel=\"noopener nofollow\" class=\"shariff-link\" style=\";border-radius:1%; background-color:#999; color:#fff\"><span class=\"shariff-icon\" style=\"\"><svg width=\"32px\" height=\"20px\" xmlns=\"http:\/\/www.w3.org\/2000\/svg\" viewBox=\"0 0 32 32\"><path fill=\"#999\" d=\"M32 12.7v14.2q0 1.2-0.8 2t-2 0.9h-26.3q-1.2 0-2-0.9t-0.8-2v-14.2q0.8 0.9 1.8 1.6 6.5 4.4 8.9 6.1 1 0.8 1.6 1.2t1.7 0.9 2 0.4h0.1q0.9 0 2-0.4t1.7-0.9 1.6-1.2q3-2.2 8.9-6.1 1-0.7 1.8-1.6zM32 7.4q0 1.4-0.9 2.7t-2.2 2.2q-6.7 4.7-8.4 5.8-0.2 0.1-0.7 0.5t-1 0.7-0.9 0.6-1.1 0.5-0.9 0.2h-0.1q-0.4 0-0.9-0.2t-1.1-0.5-0.9-0.6-1-0.7-0.7-0.5q-1.6-1.1-4.7-3.2t-3.6-2.6q-1.1-0.7-2.1-2t-1-2.5q0-1.4 0.7-2.3t2.1-0.9h26.3q1.2 0 2 0.8t0.9 2z\"\/><\/svg><\/span><\/a><\/li><\/ul><\/div>","protected":false},"excerpt":{"rendered":"<p>Weltweiter Wasserbedarf wird bis 2050 voraussichtlich um j\u00e4hrlich 20 bis 30 Prozent ansteigen. Ein Kommentar von [&hellip;]<\/p>\n","protected":false},"author":3,"featured_media":8436,"comment_status":"closed","ping_status":"closed","sticky":false,"template":"","format":"standard","meta":{"inline_featured_image":false,"footnotes":""},"categories":[23],"tags":[],"class_list":["post-86105","post","type-post","status-publish","format-standard","has-post-thumbnail","hentry","category-umwelt"],"yoast_head":"<!-- This site is optimized with the Yoast SEO plugin v26.5 - https:\/\/yoast.com\/wordpress\/plugins\/seo\/ -->\n<title>Die Ressource Wasser wird knapp - Sonnenseite - \u00d6kologische Kommunikation mit Franz Alt<\/title>\n<meta name=\"description\" content=\"Weltweiter Wasserbedarf wird bis 2050 voraussichtlich um j\u00e4hrlich 20 bis 30 Prozent ansteigen. Ein Kommentar von Alina Donets. Alina Donets (Quelle:\" \/>\n<meta name=\"robots\" content=\"index, follow, max-snippet:-1, max-image-preview:large, max-video-preview:-1\" \/>\n<link rel=\"canonical\" href=\"https:\/\/www.sonnenseite.com\/de\/umwelt\/die-ressource-wasser-wird-knapp\/\" \/>\n<meta property=\"og:locale\" content=\"de_DE\" \/>\n<meta property=\"og:type\" content=\"article\" \/>\n<meta property=\"og:title\" content=\"Die Ressource Wasser wird knapp - Sonnenseite - \u00d6kologische Kommunikation mit Franz Alt\" \/>\n<meta property=\"og:description\" content=\"Weltweiter Wasserbedarf wird bis 2050 voraussichtlich um j\u00e4hrlich 20 bis 30 Prozent ansteigen. Ein Kommentar von Alina Donets. Alina Donets (Quelle:\" \/>\n<meta property=\"og:url\" content=\"https:\/\/www.sonnenseite.com\/de\/umwelt\/die-ressource-wasser-wird-knapp\/\" \/>\n<meta property=\"og:site_name\" content=\"Sonnenseite\" \/>\n<meta property=\"article:publisher\" content=\"https:\/\/www.facebook.com\/pages\/Franz-Alt-SONNENSEITECOM\/221072987903953?fref=ts\" \/>\n<meta property=\"article:published_time\" content=\"2022-10-21T01:04:00+00:00\" \/>\n<meta property=\"og:image\" content=\"https:\/\/www.sonnenseite.com\/wp-content\/uploads\/2019\/07\/Wasser_Glas_arttim.jpg\" \/>\n\t<meta property=\"og:image:width\" content=\"770\" \/>\n\t<meta property=\"og:image:height\" content=\"420\" \/>\n\t<meta property=\"og:image:type\" content=\"image\/jpeg\" \/>\n<meta name=\"author\" content=\"Bigi Alt\" \/>\n<meta name=\"twitter:card\" content=\"summary_large_image\" \/>\n<meta name=\"twitter:creator\" content=\"@franzalt\" \/>\n<meta name=\"twitter:site\" content=\"@franzalt\" \/>\n<meta name=\"twitter:label1\" content=\"Verfasst von\" \/>\n\t<meta name=\"twitter:data1\" content=\"Bigi Alt\" \/>\n\t<meta name=\"twitter:label2\" content=\"Gesch\u00e4tzte Lesezeit\" \/>\n\t<meta name=\"twitter:data2\" content=\"9\u00a0Minuten\" \/>\n<script type=\"application\/ld+json\" class=\"yoast-schema-graph\">{\"@context\":\"https:\/\/schema.org\",\"@graph\":[{\"@type\":\"Article\",\"@id\":\"https:\/\/www.sonnenseite.com\/de\/umwelt\/die-ressource-wasser-wird-knapp\/#article\",\"isPartOf\":{\"@id\":\"https:\/\/www.sonnenseite.com\/de\/umwelt\/die-ressource-wasser-wird-knapp\/\"},\"author\":{\"name\":\"Bigi Alt\",\"@id\":\"https:\/\/www.sonnenseite.com\/de\/#\/schema\/person\/50fda0e926597684c7cc6695238a4eb9\"},\"headline\":\"Die Ressource Wasser wird knapp\",\"datePublished\":\"2022-10-21T01:04:00+00:00\",\"mainEntityOfPage\":{\"@id\":\"https:\/\/www.sonnenseite.com\/de\/umwelt\/die-ressource-wasser-wird-knapp\/\"},\"wordCount\":1379,\"publisher\":{\"@id\":\"https:\/\/www.sonnenseite.com\/de\/#organization\"},\"image\":{\"@id\":\"https:\/\/www.sonnenseite.com\/de\/umwelt\/die-ressource-wasser-wird-knapp\/#primaryimage\"},\"thumbnailUrl\":\"https:\/\/www.sonnenseite.com\/wp-content\/uploads\/2019\/07\/Wasser_Glas_arttim.jpg\",\"articleSection\":[\"Umwelt\"],\"inLanguage\":\"de\"},{\"@type\":\"WebPage\",\"@id\":\"https:\/\/www.sonnenseite.com\/de\/umwelt\/die-ressource-wasser-wird-knapp\/\",\"url\":\"https:\/\/www.sonnenseite.com\/de\/umwelt\/die-ressource-wasser-wird-knapp\/\",\"name\":\"Die Ressource Wasser wird knapp - Sonnenseite - \u00d6kologische Kommunikation mit Franz Alt\",\"isPartOf\":{\"@id\":\"https:\/\/www.sonnenseite.com\/de\/#website\"},\"primaryImageOfPage\":{\"@id\":\"https:\/\/www.sonnenseite.com\/de\/umwelt\/die-ressource-wasser-wird-knapp\/#primaryimage\"},\"image\":{\"@id\":\"https:\/\/www.sonnenseite.com\/de\/umwelt\/die-ressource-wasser-wird-knapp\/#primaryimage\"},\"thumbnailUrl\":\"https:\/\/www.sonnenseite.com\/wp-content\/uploads\/2019\/07\/Wasser_Glas_arttim.jpg\",\"datePublished\":\"2022-10-21T01:04:00+00:00\",\"description\":\"Weltweiter Wasserbedarf wird bis 2050 voraussichtlich um j\u00e4hrlich 20 bis 30 Prozent ansteigen. Ein Kommentar von Alina Donets. Alina Donets (Quelle:\",\"breadcrumb\":{\"@id\":\"https:\/\/www.sonnenseite.com\/de\/umwelt\/die-ressource-wasser-wird-knapp\/#breadcrumb\"},\"inLanguage\":\"de\",\"potentialAction\":[{\"@type\":\"ReadAction\",\"target\":[\"https:\/\/www.sonnenseite.com\/de\/umwelt\/die-ressource-wasser-wird-knapp\/\"]}]},{\"@type\":\"ImageObject\",\"inLanguage\":\"de\",\"@id\":\"https:\/\/www.sonnenseite.com\/de\/umwelt\/die-ressource-wasser-wird-knapp\/#primaryimage\",\"url\":\"https:\/\/www.sonnenseite.com\/wp-content\/uploads\/2019\/07\/Wasser_Glas_arttim.jpg\",\"contentUrl\":\"https:\/\/www.sonnenseite.com\/wp-content\/uploads\/2019\/07\/Wasser_Glas_arttim.jpg\",\"width\":770,\"height\":420,\"caption\":\"Fotolia.com | arttim | Wasserressourcen m\u00fcssen besser vor schwer abbaubaren und mobilen Chemikalien gesch\u00fctzt werden.\"},{\"@type\":\"BreadcrumbList\",\"@id\":\"https:\/\/www.sonnenseite.com\/de\/umwelt\/die-ressource-wasser-wird-knapp\/#breadcrumb\",\"itemListElement\":[{\"@type\":\"ListItem\",\"position\":1,\"name\":\"Startseite\",\"item\":\"https:\/\/www.sonnenseite.com\/de\/\"},{\"@type\":\"ListItem\",\"position\":2,\"name\":\"Die Ressource Wasser wird knapp\"}]},{\"@type\":\"WebSite\",\"@id\":\"https:\/\/www.sonnenseite.com\/de\/#website\",\"url\":\"https:\/\/www.sonnenseite.com\/de\/\",\"name\":\"Sonnenseite\",\"description\":\"\u00d6kologische Kommunikation mit Franz Alt\",\"publisher\":{\"@id\":\"https:\/\/www.sonnenseite.com\/de\/#organization\"},\"potentialAction\":[{\"@type\":\"SearchAction\",\"target\":{\"@type\":\"EntryPoint\",\"urlTemplate\":\"https:\/\/www.sonnenseite.com\/de\/?s={search_term_string}\"},\"query-input\":{\"@type\":\"PropertyValueSpecification\",\"valueRequired\":true,\"valueName\":\"search_term_string\"}}],\"inLanguage\":\"de\"},{\"@type\":\"Organization\",\"@id\":\"https:\/\/www.sonnenseite.com\/de\/#organization\",\"name\":\"Sonnenseite\",\"url\":\"https:\/\/www.sonnenseite.com\/de\/\",\"logo\":{\"@type\":\"ImageObject\",\"inLanguage\":\"de\",\"@id\":\"https:\/\/www.sonnenseite.com\/de\/#\/schema\/logo\/image\/\",\"url\":\"https:\/\/www.sonnenseite.com\/wp-content\/uploads\/2020\/05\/Sonnenseite_Logo.png\",\"contentUrl\":\"https:\/\/www.sonnenseite.com\/wp-content\/uploads\/2020\/05\/Sonnenseite_Logo.png\",\"width\":377,\"height\":90,\"caption\":\"Sonnenseite\"},\"image\":{\"@id\":\"https:\/\/www.sonnenseite.com\/de\/#\/schema\/logo\/image\/\"},\"sameAs\":[\"https:\/\/www.facebook.com\/pages\/Franz-Alt-SONNENSEITECOM\/221072987903953?fref=ts\",\"https:\/\/x.com\/franzalt\",\"http:\/\/www.youtube.com\/results?search_query&amp;amp;quot;franz_alt&amp;amp;quot;&amp;amp;amp;amp;search_type&amp;amp;amp;amp;aq=f\"]},{\"@type\":\"Person\",\"@id\":\"https:\/\/www.sonnenseite.com\/de\/#\/schema\/person\/50fda0e926597684c7cc6695238a4eb9\",\"name\":\"Bigi Alt\"}]}<\/script>\n<!-- \/ Yoast SEO plugin. -->","yoast_head_json":{"title":"Die Ressource Wasser wird knapp - Sonnenseite - \u00d6kologische Kommunikation mit Franz Alt","description":"Weltweiter Wasserbedarf wird bis 2050 voraussichtlich um j\u00e4hrlich 20 bis 30 Prozent ansteigen. Ein Kommentar von Alina Donets. Alina Donets (Quelle:","robots":{"index":"index","follow":"follow","max-snippet":"max-snippet:-1","max-image-preview":"max-image-preview:large","max-video-preview":"max-video-preview:-1"},"canonical":"https:\/\/www.sonnenseite.com\/de\/umwelt\/die-ressource-wasser-wird-knapp\/","og_locale":"de_DE","og_type":"article","og_title":"Die Ressource Wasser wird knapp - Sonnenseite - \u00d6kologische Kommunikation mit Franz Alt","og_description":"Weltweiter Wasserbedarf wird bis 2050 voraussichtlich um j\u00e4hrlich 20 bis 30 Prozent ansteigen. Ein Kommentar von Alina Donets. Alina Donets (Quelle:","og_url":"https:\/\/www.sonnenseite.com\/de\/umwelt\/die-ressource-wasser-wird-knapp\/","og_site_name":"Sonnenseite","article_publisher":"https:\/\/www.facebook.com\/pages\/Franz-Alt-SONNENSEITECOM\/221072987903953?fref=ts","article_published_time":"2022-10-21T01:04:00+00:00","og_image":[{"width":770,"height":420,"url":"https:\/\/www.sonnenseite.com\/wp-content\/uploads\/2019\/07\/Wasser_Glas_arttim.jpg","type":"image\/jpeg"}],"author":"Bigi Alt","twitter_card":"summary_large_image","twitter_creator":"@franzalt","twitter_site":"@franzalt","twitter_misc":{"Verfasst von":"Bigi Alt","Gesch\u00e4tzte Lesezeit":"9\u00a0Minuten"},"schema":{"@context":"https:\/\/schema.org","@graph":[{"@type":"Article","@id":"https:\/\/www.sonnenseite.com\/de\/umwelt\/die-ressource-wasser-wird-knapp\/#article","isPartOf":{"@id":"https:\/\/www.sonnenseite.com\/de\/umwelt\/die-ressource-wasser-wird-knapp\/"},"author":{"name":"Bigi Alt","@id":"https:\/\/www.sonnenseite.com\/de\/#\/schema\/person\/50fda0e926597684c7cc6695238a4eb9"},"headline":"Die Ressource Wasser wird knapp","datePublished":"2022-10-21T01:04:00+00:00","mainEntityOfPage":{"@id":"https:\/\/www.sonnenseite.com\/de\/umwelt\/die-ressource-wasser-wird-knapp\/"},"wordCount":1379,"publisher":{"@id":"https:\/\/www.sonnenseite.com\/de\/#organization"},"image":{"@id":"https:\/\/www.sonnenseite.com\/de\/umwelt\/die-ressource-wasser-wird-knapp\/#primaryimage"},"thumbnailUrl":"https:\/\/www.sonnenseite.com\/wp-content\/uploads\/2019\/07\/Wasser_Glas_arttim.jpg","articleSection":["Umwelt"],"inLanguage":"de"},{"@type":"WebPage","@id":"https:\/\/www.sonnenseite.com\/de\/umwelt\/die-ressource-wasser-wird-knapp\/","url":"https:\/\/www.sonnenseite.com\/de\/umwelt\/die-ressource-wasser-wird-knapp\/","name":"Die Ressource Wasser wird knapp - Sonnenseite - \u00d6kologische Kommunikation mit Franz Alt","isPartOf":{"@id":"https:\/\/www.sonnenseite.com\/de\/#website"},"primaryImageOfPage":{"@id":"https:\/\/www.sonnenseite.com\/de\/umwelt\/die-ressource-wasser-wird-knapp\/#primaryimage"},"image":{"@id":"https:\/\/www.sonnenseite.com\/de\/umwelt\/die-ressource-wasser-wird-knapp\/#primaryimage"},"thumbnailUrl":"https:\/\/www.sonnenseite.com\/wp-content\/uploads\/2019\/07\/Wasser_Glas_arttim.jpg","datePublished":"2022-10-21T01:04:00+00:00","description":"Weltweiter Wasserbedarf wird bis 2050 voraussichtlich um j\u00e4hrlich 20 bis 30 Prozent ansteigen. Ein Kommentar von Alina Donets. Alina Donets (Quelle:","breadcrumb":{"@id":"https:\/\/www.sonnenseite.com\/de\/umwelt\/die-ressource-wasser-wird-knapp\/#breadcrumb"},"inLanguage":"de","potentialAction":[{"@type":"ReadAction","target":["https:\/\/www.sonnenseite.com\/de\/umwelt\/die-ressource-wasser-wird-knapp\/"]}]},{"@type":"ImageObject","inLanguage":"de","@id":"https:\/\/www.sonnenseite.com\/de\/umwelt\/die-ressource-wasser-wird-knapp\/#primaryimage","url":"https:\/\/www.sonnenseite.com\/wp-content\/uploads\/2019\/07\/Wasser_Glas_arttim.jpg","contentUrl":"https:\/\/www.sonnenseite.com\/wp-content\/uploads\/2019\/07\/Wasser_Glas_arttim.jpg","width":770,"height":420,"caption":"Fotolia.com | arttim | Wasserressourcen m\u00fcssen besser vor schwer abbaubaren und mobilen Chemikalien gesch\u00fctzt werden."},{"@type":"BreadcrumbList","@id":"https:\/\/www.sonnenseite.com\/de\/umwelt\/die-ressource-wasser-wird-knapp\/#breadcrumb","itemListElement":[{"@type":"ListItem","position":1,"name":"Startseite","item":"https:\/\/www.sonnenseite.com\/de\/"},{"@type":"ListItem","position":2,"name":"Die Ressource Wasser wird knapp"}]},{"@type":"WebSite","@id":"https:\/\/www.sonnenseite.com\/de\/#website","url":"https:\/\/www.sonnenseite.com\/de\/","name":"Sonnenseite","description":"\u00d6kologische Kommunikation mit Franz Alt","publisher":{"@id":"https:\/\/www.sonnenseite.com\/de\/#organization"},"potentialAction":[{"@type":"SearchAction","target":{"@type":"EntryPoint","urlTemplate":"https:\/\/www.sonnenseite.com\/de\/?s={search_term_string}"},"query-input":{"@type":"PropertyValueSpecification","valueRequired":true,"valueName":"search_term_string"}}],"inLanguage":"de"},{"@type":"Organization","@id":"https:\/\/www.sonnenseite.com\/de\/#organization","name":"Sonnenseite","url":"https:\/\/www.sonnenseite.com\/de\/","logo":{"@type":"ImageObject","inLanguage":"de","@id":"https:\/\/www.sonnenseite.com\/de\/#\/schema\/logo\/image\/","url":"https:\/\/www.sonnenseite.com\/wp-content\/uploads\/2020\/05\/Sonnenseite_Logo.png","contentUrl":"https:\/\/www.sonnenseite.com\/wp-content\/uploads\/2020\/05\/Sonnenseite_Logo.png","width":377,"height":90,"caption":"Sonnenseite"},"image":{"@id":"https:\/\/www.sonnenseite.com\/de\/#\/schema\/logo\/image\/"},"sameAs":["https:\/\/www.facebook.com\/pages\/Franz-Alt-SONNENSEITECOM\/221072987903953?fref=ts","https:\/\/x.com\/franzalt","http:\/\/www.youtube.com\/results?search_query&amp;amp;quot;franz_alt&amp;amp;quot;&amp;amp;amp;amp;search_type&amp;amp;amp;amp;aq=f"]},{"@type":"Person","@id":"https:\/\/www.sonnenseite.com\/de\/#\/schema\/person\/50fda0e926597684c7cc6695238a4eb9","name":"Bigi Alt"}]}},"_links":{"self":[{"href":"https:\/\/www.sonnenseite.com\/de\/wp-json\/wp\/v2\/posts\/86105","targetHints":{"allow":["GET"]}}],"collection":[{"href":"https:\/\/www.sonnenseite.com\/de\/wp-json\/wp\/v2\/posts"}],"about":[{"href":"https:\/\/www.sonnenseite.com\/de\/wp-json\/wp\/v2\/types\/post"}],"author":[{"embeddable":true,"href":"https:\/\/www.sonnenseite.com\/de\/wp-json\/wp\/v2\/users\/3"}],"replies":[{"embeddable":true,"href":"https:\/\/www.sonnenseite.com\/de\/wp-json\/wp\/v2\/comments?post=86105"}],"version-history":[{"count":7,"href":"https:\/\/www.sonnenseite.com\/de\/wp-json\/wp\/v2\/posts\/86105\/revisions"}],"predecessor-version":[{"id":86114,"href":"https:\/\/www.sonnenseite.com\/de\/wp-json\/wp\/v2\/posts\/86105\/revisions\/86114"}],"wp:featuredmedia":[{"embeddable":true,"href":"https:\/\/www.sonnenseite.com\/de\/wp-json\/wp\/v2\/media\/8436"}],"wp:attachment":[{"href":"https:\/\/www.sonnenseite.com\/de\/wp-json\/wp\/v2\/media?parent=86105"}],"wp:term":[{"taxonomy":"category","embeddable":true,"href":"https:\/\/www.sonnenseite.com\/de\/wp-json\/wp\/v2\/categories?post=86105"},{"taxonomy":"post_tag","embeddable":true,"href":"https:\/\/www.sonnenseite.com\/de\/wp-json\/wp\/v2\/tags?post=86105"}],"curies":[{"name":"wp","href":"https:\/\/api.w.org\/{rel}","templated":true}]}}