{"id":86131,"date":"2022-10-20T12:55:07","date_gmt":"2022-10-20T10:55:07","guid":{"rendered":"https:\/\/www.sonnenseite.com\/?p=86131"},"modified":"2022-11-01T11:07:08","modified_gmt":"2022-11-01T10:07:08","slug":"solarstrom-bald-1-cent-pro-kilowattstunde","status":"publish","type":"post","link":"https:\/\/www.sonnenseite.com\/de\/wirtschaft\/solarstrom-bald-1-cent-pro-kilowattstunde\/","title":{"rendered":"Solarstrom: bald 1 Cent pro Kilowattstunde"},"content":{"rendered":"\n<p>Nicht zum ersten Mal k\u00fcnden die CH-Gro\u00dfbanken sagenhafte Entwicklungen im Bereich der Erneuerbaren Energien an (siehe etwa <a href=\"https:\/\/solarmedia.blogspot.com\/2016\/03\/sogar-ubs-sieht-solarenergie-im.html\" target=\"_blank\" rel=\"noreferrer noopener\">Solarmedia 4.M\u00e4rz 2016 > hier<\/a>). Auch dieses Mal ist es wieder so, dass sie es fernab ihres Konzernsitzes tun (meist in den USA), aber sie tun es! <\/p>\n\n\n\n<p>Die <a href=\"https:\/\/cleantechnica.com\/2022\/10\/15\/credit-suisse-predicts-renewable-energy-that-is-too-cheap-to-meter-by-2025\/\">Credit Suisse<\/a> sagt schon f\u00fcr das Jahr 2025 einen Solarstrompreis von unter einem US-Dollar-Cent voraus. Das zwar nur f\u00fcr die USA, weil dort eine ver\u00e4nderte Steuerpraxis die Erneuerbaren zus\u00e4tzlich beg\u00fcnstigt. Es braucht wenig Phantasie, solche Entwicklungen auch f\u00fcr Europa vorherzusehen.<\/p>\n\n\n\n<p>Der entsprechende Bericht stammt von <a href=\"http:\/\/cleantechnica.com\">cleantechnica.com<\/a>, einer Energie-Website, die wiederum auf die grosse New Yorker Zeitschrift The Atlantic verweist. Einer deren Redaktoren soll Zugriff auf die Studie haben \u2013 Solarmedia hat ihn, vorderhand zumindest noch nicht, auf \u00e4hnliche Entwicklungen aber schon anfangs Oktober hingewiesen &#8211; siehe <a href=\"https:\/\/solarmedia.blogspot.com\/2022\/10\/gratis-strom-von-der-sonne.html\" target=\"_blank\" rel=\"noreferrer noopener\">Solarmedia vom 6.Oktober 2022<\/a>. Trotzdem sei hier wiedergegeben, was offenbar fast die ganze Energiewelt in den USA in Aufregung versetzt.<\/p>\n\n\n\n<p>Ausgangspunkt ist die <strong>Inflation Reduction Act (IRA)<\/strong>, ein Programm der US-Regierung zur St\u00fctzung der Wirtschaft im allgemeinen sowie der Energieerzeuger im besonderen. Im Zentrum stehen Steuererleichterungen f\u00fcr die Wirtschaft in einem Ausma\u00df, das bei Zustimmung zu IRA offenbar in seinen weit reichenden Auswirkungen und Kosten nicht \u00fcberall klar war \u2013 die Rede ist von <strong>insgesamt 1700 Milliarden US-Dollar in den kommenden zehn Jahren<\/strong>, die initiierten privatwirtschaftlichen Investitionen in der Energiewirtschaft allerdings inbegriffen. <\/p>\n\n\n\n<p>Diesen Weg vorausgesetzt, wird der US-Energiewirtschaft eine weltweite F\u00fchrungsrolle nicht nur in der Wind- und Solarerzeugung, sondern auch in vielen anderen neuen Bereichen der Energiewirtschaft vorausgesagt \u2013 so etwa bei der Erzeugung von Wasserstoff, bei der Energiespeicherung und der Abschneidung des Treibhausgases CO2. Die F\u00fchrungsrolle bei der fossilen Gasproduktion liegt ja schon seit l\u00e4ngerem bei den USA. Schl\u00fcsselelement der Entwicklung d\u00fcrfte aber ein Preis einer Kilowattstunde Wind- oder Solarstrom sein, der unter die magische Grenze von einem Cent f\u00e4llt.<\/p>\n\n\n\n<p>Tricky bei der ganzen Angelegenheit ist auch, dass die CS-Studienverfasser eine solche Entwicklung durch einen <strong>allf\u00e4lligen Wahltriumpf der Republikaner in den anstehenden Kongresswahlen keinesfalls bedroht<\/strong> sehen \u2013 denn der wirtschaftliche Aufschwung stehe insbesondere in deren Stammlanden an, wogegen sich selbst die Republikaner nicht wehren d\u00fcrften. Beispiel eines solchen Staates ist wohl etwa Texas&#8230;.<\/p>\n\n\n\n<p><strong>Abgerundet werden die Ausf\u00fchrungen durch den Einsicht nehmenden Reporter von The Atlantic (Robinson Meyer) mit eigenen Thesen zur Entwicklung der US-Energiewirtschaft (also nicht gem\u00e4\u00df Credit-Suisse-Bericht), wonach:<\/strong><\/p>\n\n\n\n<ul class=\"wp-block-list\"><li>1.\u00a0\u00a0\u00a0 in den n\u00e4chsten Jahren die Anzahl der in der Klimaindustrie besch\u00e4ftigten Arbeitnehmer*innen explodieren wird,<\/li><li>2.\u00a0\u00a0\u00a0 alle verf\u00fcgbaren Kr\u00e4fte sich hinter diese Entwicklung stellen m\u00fcssen, da sie schwierig genug sei,<\/li><li>3.\u00a0\u00a0\u00a0 um mit dieser wegweisenden Aussage als Originalzitat zu enden: \u00ab\u201cThe fight against climate change is going to change more in the next four years than it has in the past 40. The great story of our lives is just beginning. Welcome aboard,\u201d he concludes.\u00bb (Der Kampf gegen den Klimawandel wird sich in den n\u00e4chsten vier Jahren , st\u00e4rker ver\u00e4ndern als in den zur\u00fcckliegenden 40 Jahren. Die grosse Geschichte unseres Lebens beginnt gerade erst, willkommen an Bord.)<\/li><\/ul>\n\n\n\n<p><strong>Seitens Solarmedia l\u00e4sst sich nur anf\u00fcgen: <\/strong>Willkommen in der Solarwirtschaft \u2013 so denn die Weichen richtig und \u00e4hnlich wie in den USA gestellt werden (siehe auch <a href=\"http:\/\/solarmedia.blogspot.com\/2022\/10\/gratis-strom-von-der-sonne.html\" target=\"_blank\" rel=\"noreferrer noopener\">Solarmedia vom 6.Oktober 2022 > hier<\/a>). Klar scheint dieser Weg derzeit auch unwahrscheinlich, doch Meyer sieht L\u00e4nderbeispiele in Europa, die diesen auch bereits einschlagen wie etwa Estland \u2013 sowie die um sich greifende Erkenntnis, dass es auf dem alten Kontinent schlicht und einfach an den Erzeugungskapazit\u00e4ten f\u00fcr Erneuerbare fehlt, was aber nicht so bleiben muss.<\/p>\n\n\n\n<ul class=\"wp-block-list\"><li><a href=\"https:\/\/cleantechnica.com\/2022\/10\/15\/credit-suisse-predicts-renewable-energy-that-is-too-cheap-to-meter-by-2025\/\">CleanTechnic: &#8222;Credit Suisse Predicts Renewable Energy That Is \u201cToo Cheap To Meter\u201d By 2025&#8220;<\/a><\/li><\/ul>\n\n\n<h5 class=\"green\">Quelle<\/h5>\r\n\n\n\n<p><a href=\"http:\/\/solarmedia.blogspot.com\/2022\/10\/unverhofft-kommt-scheinbar-oft.html\">SOLARMEDIA \/ Guntram Rehsche 2022<\/a><\/p>\n<div class=\"shariff shariff-align-flex-start shariff-widget-align-flex-start\"><div class=\"ShariffHeadline\">Diese Meldung teilen<\/div><ul class=\"shariff-buttons theme-round orientation-horizontal buttonsize-medium\"><li class=\"shariff-button facebook shariff-nocustomcolor\" style=\"background-color:#4273c8;border-radius:1%\"><a href=\"https:\/\/www.facebook.com\/sharer\/sharer.php?u=https%3A%2F%2Fwww.sonnenseite.com%2Fde%2Fwirtschaft%2Fsolarstrom-bald-1-cent-pro-kilowattstunde%2F\" title=\"Bei Facebook teilen\" aria-label=\"Bei Facebook teilen\" role=\"button\" rel=\"nofollow\" class=\"shariff-link\" style=\";border-radius:1%; background-color:#3b5998; color:#fff\" target=\"_blank\"><span class=\"shariff-icon\" style=\"\"><svg width=\"32px\" height=\"20px\" xmlns=\"http:\/\/www.w3.org\/2000\/svg\" viewBox=\"0 0 18 32\"><path fill=\"#3b5998\" d=\"M17.1 0.2v4.7h-2.8q-1.5 0-2.1 0.6t-0.5 1.9v3.4h5.2l-0.7 5.3h-4.5v13.6h-5.5v-13.6h-4.5v-5.3h4.5v-3.9q0-3.3 1.9-5.2t5-1.8q2.6 0 4.1 0.2z\"\/><\/svg><\/span><\/a><\/li><li class=\"shariff-button twitter shariff-nocustomcolor\" style=\"background-color:#595959;border-radius:1%\"><a href=\"https:\/\/twitter.com\/share?url=https%3A%2F%2Fwww.sonnenseite.com%2Fde%2Fwirtschaft%2Fsolarstrom-bald-1-cent-pro-kilowattstunde%2F&text=Solarstrom%3A%20bald%201%20Cent%20pro%20Kilowattstunde\" title=\"Bei X teilen\" aria-label=\"Bei X teilen\" role=\"button\" rel=\"noopener nofollow\" class=\"shariff-link\" style=\";border-radius:1%; background-color:#000; color:#fff\" target=\"_blank\"><span class=\"shariff-icon\" style=\"\"><svg width=\"32px\" height=\"20px\" xmlns=\"http:\/\/www.w3.org\/2000\/svg\" viewBox=\"0 0 24 24\"><path fill=\"#000\" d=\"M14.258 10.152L23.176 0h-2.113l-7.747 8.813L7.133 0H0l9.352 13.328L0 23.973h2.113l8.176-9.309 6.531 9.309h7.133zm-2.895 3.293l-.949-1.328L2.875 1.56h3.246l6.086 8.523.945 1.328 7.91 11.078h-3.246zm0 0\"\/><\/svg><\/span><\/a><\/li><li class=\"shariff-button xing shariff-nocustomcolor\" style=\"background-color:#29888a;border-radius:1%\"><a href=\"https:\/\/www.xing.com\/spi\/shares\/new?url=https%3A%2F%2Fwww.sonnenseite.com%2Fde%2Fwirtschaft%2Fsolarstrom-bald-1-cent-pro-kilowattstunde%2F\" title=\"Bei XING teilen\" aria-label=\"Bei XING teilen\" role=\"button\" rel=\"noopener nofollow\" class=\"shariff-link\" style=\";border-radius:1%; background-color:#126567; color:#fff\" target=\"_blank\"><span class=\"shariff-icon\" style=\"\"><svg width=\"32px\" height=\"20px\" xmlns=\"http:\/\/www.w3.org\/2000\/svg\" viewBox=\"0 0 25 32\"><path fill=\"#126567\" d=\"M10.7 11.9q-0.2 0.3-4.6 8.2-0.5 0.8-1.2 0.8h-4.3q-0.4 0-0.5-0.3t0-0.6l4.5-8q0 0 0 0l-2.9-5q-0.2-0.4 0-0.7 0.2-0.3 0.5-0.3h4.3q0.7 0 1.2 0.8zM25.1 0.4q0.2 0.3 0 0.7l-9.4 16.7 6 11q0.2 0.4 0 0.6-0.2 0.3-0.6 0.3h-4.3q-0.7 0-1.2-0.8l-6-11.1q0.3-0.6 9.5-16.8 0.4-0.8 1.2-0.8h4.3q0.4 0 0.5 0.3z\"\/><\/svg><\/span><\/a><\/li><li class=\"shariff-button linkedin shariff-nocustomcolor\" style=\"background-color:#1488bf;border-radius:1%\"><a href=\"https:\/\/www.linkedin.com\/sharing\/share-offsite\/?url=https%3A%2F%2Fwww.sonnenseite.com%2Fde%2Fwirtschaft%2Fsolarstrom-bald-1-cent-pro-kilowattstunde%2F\" title=\"Bei LinkedIn teilen\" aria-label=\"Bei LinkedIn teilen\" role=\"button\" rel=\"noopener nofollow\" class=\"shariff-link\" style=\";border-radius:1%; background-color:#0077b5; color:#fff\" target=\"_blank\"><span class=\"shariff-icon\" style=\"\"><svg width=\"32px\" height=\"20px\" xmlns=\"http:\/\/www.w3.org\/2000\/svg\" viewBox=\"0 0 27 32\"><path fill=\"#0077b5\" d=\"M6.2 11.2v17.7h-5.9v-17.7h5.9zM6.6 5.7q0 1.3-0.9 2.2t-2.4 0.9h0q-1.5 0-2.4-0.9t-0.9-2.2 0.9-2.2 2.4-0.9 2.4 0.9 0.9 2.2zM27.4 18.7v10.1h-5.9v-9.5q0-1.9-0.7-2.9t-2.3-1.1q-1.1 0-1.9 0.6t-1.2 1.5q-0.2 0.5-0.2 1.4v9.9h-5.9q0-7.1 0-11.6t0-5.3l0-0.9h5.9v2.6h0q0.4-0.6 0.7-1t1-0.9 1.6-0.8 2-0.3q3 0 4.9 2t1.9 6z\"\/><\/svg><\/span><\/a><\/li><li class=\"shariff-button printer shariff-nocustomcolor\" style=\"background-color:#a8a8a8;border-radius:1%\"><a href=\"javascript:window.print()\" title=\"drucken\" aria-label=\"drucken\" role=\"button\" rel=\"noopener nofollow\" class=\"shariff-link\" style=\";border-radius:1%; background-color:#999; color:#fff\"><span class=\"shariff-icon\" style=\"\"><svg width=\"32px\" height=\"20px\" xmlns=\"http:\/\/www.w3.org\/2000\/svg\" viewBox=\"0 0 30 32\"><path fill=\"#999\" d=\"M6.8 27.4h16v-4.6h-16v4.6zM6.8 16h16v-6.8h-2.8q-0.7 0-1.2-0.5t-0.5-1.2v-2.8h-11.4v11.4zM27.4 17.2q0-0.5-0.3-0.8t-0.8-0.4-0.8 0.4-0.3 0.8 0.3 0.8 0.8 0.3 0.8-0.3 0.3-0.8zM29.7 17.2v7.4q0 0.2-0.2 0.4t-0.4 0.2h-4v2.8q0 0.7-0.5 1.2t-1.2 0.5h-17.2q-0.7 0-1.2-0.5t-0.5-1.2v-2.8h-4q-0.2 0-0.4-0.2t-0.2-0.4v-7.4q0-1.4 1-2.4t2.4-1h1.2v-9.7q0-0.7 0.5-1.2t1.2-0.5h12q0.7 0 1.6 0.4t1.3 0.8l2.7 2.7q0.5 0.5 0.9 1.4t0.4 1.6v4.6h1.1q1.4 0 2.4 1t1 2.4z\"\/><\/svg><\/span><\/a><\/li><li class=\"shariff-button mailto shariff-nocustomcolor\" style=\"background-color:#a8a8a8;border-radius:1%\"><a href=\"mailto:?body=https%3A%2F%2Fwww.sonnenseite.com%2Fde%2Fwirtschaft%2Fsolarstrom-bald-1-cent-pro-kilowattstunde%2F&subject=Solarstrom%3A%20bald%201%20Cent%20pro%20Kilowattstunde\" title=\"Per E-Mail versenden\" aria-label=\"Per E-Mail versenden\" role=\"button\" rel=\"noopener nofollow\" class=\"shariff-link\" style=\";border-radius:1%; background-color:#999; color:#fff\"><span class=\"shariff-icon\" style=\"\"><svg width=\"32px\" height=\"20px\" xmlns=\"http:\/\/www.w3.org\/2000\/svg\" viewBox=\"0 0 32 32\"><path fill=\"#999\" d=\"M32 12.7v14.2q0 1.2-0.8 2t-2 0.9h-26.3q-1.2 0-2-0.9t-0.8-2v-14.2q0.8 0.9 1.8 1.6 6.5 4.4 8.9 6.1 1 0.8 1.6 1.2t1.7 0.9 2 0.4h0.1q0.9 0 2-0.4t1.7-0.9 1.6-1.2q3-2.2 8.9-6.1 1-0.7 1.8-1.6zM32 7.4q0 1.4-0.9 2.7t-2.2 2.2q-6.7 4.7-8.4 5.8-0.2 0.1-0.7 0.5t-1 0.7-0.9 0.6-1.1 0.5-0.9 0.2h-0.1q-0.4 0-0.9-0.2t-1.1-0.5-0.9-0.6-1-0.7-0.7-0.5q-1.6-1.1-4.7-3.2t-3.6-2.6q-1.1-0.7-2.1-2t-1-2.5q0-1.4 0.7-2.3t2.1-0.9h26.3q1.2 0 2 0.8t0.9 2z\"\/><\/svg><\/span><\/a><\/li><\/ul><\/div>","protected":false},"excerpt":{"rendered":"<p>Nicht zum ersten Mal k\u00fcnden die CH-Gro\u00dfbanken sagenhafte Entwicklungen im Bereich der Erneuerbaren Energien an (siehe [&hellip;]<\/p>\n","protected":false},"author":3,"featured_media":86133,"comment_status":"closed","ping_status":"closed","sticky":false,"template":"","format":"standard","meta":{"inline_featured_image":false,"footnotes":""},"categories":[24],"tags":[],"class_list":["post-86131","post","type-post","status-publish","format-standard","has-post-thumbnail","hentry","category-wirtschaft"],"yoast_head":"<!-- This site is optimized with the Yoast SEO plugin v26.5 - https:\/\/yoast.com\/wordpress\/plugins\/seo\/ -->\n<title>Solarstrom: bald 1 Cent pro Kilowattstunde - Sonnenseite - \u00d6kologische Kommunikation mit Franz Alt<\/title>\n<meta name=\"description\" content=\"Nicht zum ersten Mal k\u00fcnden die CH-Gro\u00dfbanken sagenhafte Entwicklungen im Bereich der Erneuerbaren Energien an (siehe etwa Solarmedia 4.M\u00e4rz 2016 &gt; hier).\" \/>\n<meta name=\"robots\" content=\"index, follow, max-snippet:-1, max-image-preview:large, max-video-preview:-1\" \/>\n<link rel=\"canonical\" href=\"https:\/\/www.sonnenseite.com\/de\/wirtschaft\/solarstrom-bald-1-cent-pro-kilowattstunde\/\" \/>\n<meta property=\"og:locale\" content=\"de_DE\" \/>\n<meta property=\"og:type\" content=\"article\" \/>\n<meta property=\"og:title\" content=\"Solarstrom: bald 1 Cent pro Kilowattstunde - Sonnenseite - \u00d6kologische Kommunikation mit Franz Alt\" \/>\n<meta property=\"og:description\" content=\"Nicht zum ersten Mal k\u00fcnden die CH-Gro\u00dfbanken sagenhafte Entwicklungen im Bereich der Erneuerbaren Energien an (siehe etwa Solarmedia 4.M\u00e4rz 2016 &gt; hier).\" \/>\n<meta property=\"og:url\" content=\"https:\/\/www.sonnenseite.com\/de\/wirtschaft\/solarstrom-bald-1-cent-pro-kilowattstunde\/\" \/>\n<meta property=\"og:site_name\" content=\"Sonnenseite\" \/>\n<meta property=\"article:publisher\" content=\"https:\/\/www.facebook.com\/pages\/Franz-Alt-SONNENSEITECOM\/221072987903953?fref=ts\" \/>\n<meta property=\"article:published_time\" content=\"2022-10-20T10:55:07+00:00\" \/>\n<meta property=\"article:modified_time\" content=\"2022-11-01T10:07:08+00:00\" \/>\n<meta property=\"og:image\" content=\"https:\/\/www.sonnenseite.com\/wp-content\/uploads\/2022\/10\/CleanTechnica-Solar-Panel.jpg\" \/>\n\t<meta property=\"og:image:width\" content=\"770\" \/>\n\t<meta property=\"og:image:height\" content=\"420\" \/>\n\t<meta property=\"og:image:type\" content=\"image\/jpeg\" \/>\n<meta name=\"author\" content=\"Bigi Alt\" \/>\n<meta name=\"twitter:card\" content=\"summary_large_image\" \/>\n<meta name=\"twitter:creator\" content=\"@franzalt\" \/>\n<meta name=\"twitter:site\" content=\"@franzalt\" \/>\n<meta name=\"twitter:label1\" content=\"Verfasst von\" \/>\n\t<meta name=\"twitter:data1\" content=\"Bigi Alt\" \/>\n\t<meta name=\"twitter:label2\" content=\"Gesch\u00e4tzte Lesezeit\" \/>\n\t<meta name=\"twitter:data2\" content=\"4\u00a0Minuten\" \/>\n<script type=\"application\/ld+json\" class=\"yoast-schema-graph\">{\"@context\":\"https:\/\/schema.org\",\"@graph\":[{\"@type\":\"Article\",\"@id\":\"https:\/\/www.sonnenseite.com\/de\/wirtschaft\/solarstrom-bald-1-cent-pro-kilowattstunde\/#article\",\"isPartOf\":{\"@id\":\"https:\/\/www.sonnenseite.com\/de\/wirtschaft\/solarstrom-bald-1-cent-pro-kilowattstunde\/\"},\"author\":{\"name\":\"Bigi Alt\",\"@id\":\"https:\/\/www.sonnenseite.com\/de\/#\/schema\/person\/50fda0e926597684c7cc6695238a4eb9\"},\"headline\":\"Solarstrom: bald 1 Cent pro Kilowattstunde\",\"datePublished\":\"2022-10-20T10:55:07+00:00\",\"dateModified\":\"2022-11-01T10:07:08+00:00\",\"mainEntityOfPage\":{\"@id\":\"https:\/\/www.sonnenseite.com\/de\/wirtschaft\/solarstrom-bald-1-cent-pro-kilowattstunde\/\"},\"wordCount\":607,\"publisher\":{\"@id\":\"https:\/\/www.sonnenseite.com\/de\/#organization\"},\"image\":{\"@id\":\"https:\/\/www.sonnenseite.com\/de\/wirtschaft\/solarstrom-bald-1-cent-pro-kilowattstunde\/#primaryimage\"},\"thumbnailUrl\":\"https:\/\/www.sonnenseite.com\/wp-content\/uploads\/2022\/10\/CleanTechnica-Solar-Panel.jpg\",\"articleSection\":[\"Wirtschaft\"],\"inLanguage\":\"de\"},{\"@type\":\"WebPage\",\"@id\":\"https:\/\/www.sonnenseite.com\/de\/wirtschaft\/solarstrom-bald-1-cent-pro-kilowattstunde\/\",\"url\":\"https:\/\/www.sonnenseite.com\/de\/wirtschaft\/solarstrom-bald-1-cent-pro-kilowattstunde\/\",\"name\":\"Solarstrom: bald 1 Cent pro Kilowattstunde - Sonnenseite - \u00d6kologische Kommunikation mit Franz Alt\",\"isPartOf\":{\"@id\":\"https:\/\/www.sonnenseite.com\/de\/#website\"},\"primaryImageOfPage\":{\"@id\":\"https:\/\/www.sonnenseite.com\/de\/wirtschaft\/solarstrom-bald-1-cent-pro-kilowattstunde\/#primaryimage\"},\"image\":{\"@id\":\"https:\/\/www.sonnenseite.com\/de\/wirtschaft\/solarstrom-bald-1-cent-pro-kilowattstunde\/#primaryimage\"},\"thumbnailUrl\":\"https:\/\/www.sonnenseite.com\/wp-content\/uploads\/2022\/10\/CleanTechnica-Solar-Panel.jpg\",\"datePublished\":\"2022-10-20T10:55:07+00:00\",\"dateModified\":\"2022-11-01T10:07:08+00:00\",\"description\":\"Nicht zum ersten Mal k\u00fcnden die CH-Gro\u00dfbanken sagenhafte Entwicklungen im Bereich der Erneuerbaren Energien an (siehe etwa Solarmedia 4.M\u00e4rz 2016 > hier).\",\"breadcrumb\":{\"@id\":\"https:\/\/www.sonnenseite.com\/de\/wirtschaft\/solarstrom-bald-1-cent-pro-kilowattstunde\/#breadcrumb\"},\"inLanguage\":\"de\",\"potentialAction\":[{\"@type\":\"ReadAction\",\"target\":[\"https:\/\/www.sonnenseite.com\/de\/wirtschaft\/solarstrom-bald-1-cent-pro-kilowattstunde\/\"]}]},{\"@type\":\"ImageObject\",\"inLanguage\":\"de\",\"@id\":\"https:\/\/www.sonnenseite.com\/de\/wirtschaft\/solarstrom-bald-1-cent-pro-kilowattstunde\/#primaryimage\",\"url\":\"https:\/\/www.sonnenseite.com\/wp-content\/uploads\/2022\/10\/CleanTechnica-Solar-Panel.jpg\",\"contentUrl\":\"https:\/\/www.sonnenseite.com\/wp-content\/uploads\/2022\/10\/CleanTechnica-Solar-Panel.jpg\",\"width\":770,\"height\":420,\"caption\":\"CleanTechnica | cleantechnica.com | Solar-Panel\"},{\"@type\":\"BreadcrumbList\",\"@id\":\"https:\/\/www.sonnenseite.com\/de\/wirtschaft\/solarstrom-bald-1-cent-pro-kilowattstunde\/#breadcrumb\",\"itemListElement\":[{\"@type\":\"ListItem\",\"position\":1,\"name\":\"Startseite\",\"item\":\"https:\/\/www.sonnenseite.com\/de\/\"},{\"@type\":\"ListItem\",\"position\":2,\"name\":\"Solarstrom: bald 1 Cent pro Kilowattstunde\"}]},{\"@type\":\"WebSite\",\"@id\":\"https:\/\/www.sonnenseite.com\/de\/#website\",\"url\":\"https:\/\/www.sonnenseite.com\/de\/\",\"name\":\"Sonnenseite\",\"description\":\"\u00d6kologische Kommunikation mit Franz Alt\",\"publisher\":{\"@id\":\"https:\/\/www.sonnenseite.com\/de\/#organization\"},\"potentialAction\":[{\"@type\":\"SearchAction\",\"target\":{\"@type\":\"EntryPoint\",\"urlTemplate\":\"https:\/\/www.sonnenseite.com\/de\/?s={search_term_string}\"},\"query-input\":{\"@type\":\"PropertyValueSpecification\",\"valueRequired\":true,\"valueName\":\"search_term_string\"}}],\"inLanguage\":\"de\"},{\"@type\":\"Organization\",\"@id\":\"https:\/\/www.sonnenseite.com\/de\/#organization\",\"name\":\"Sonnenseite\",\"url\":\"https:\/\/www.sonnenseite.com\/de\/\",\"logo\":{\"@type\":\"ImageObject\",\"inLanguage\":\"de\",\"@id\":\"https:\/\/www.sonnenseite.com\/de\/#\/schema\/logo\/image\/\",\"url\":\"https:\/\/www.sonnenseite.com\/wp-content\/uploads\/2020\/05\/Sonnenseite_Logo.png\",\"contentUrl\":\"https:\/\/www.sonnenseite.com\/wp-content\/uploads\/2020\/05\/Sonnenseite_Logo.png\",\"width\":377,\"height\":90,\"caption\":\"Sonnenseite\"},\"image\":{\"@id\":\"https:\/\/www.sonnenseite.com\/de\/#\/schema\/logo\/image\/\"},\"sameAs\":[\"https:\/\/www.facebook.com\/pages\/Franz-Alt-SONNENSEITECOM\/221072987903953?fref=ts\",\"https:\/\/x.com\/franzalt\",\"http:\/\/www.youtube.com\/results?search_query&amp;amp;quot;franz_alt&amp;amp;quot;&amp;amp;amp;amp;search_type&amp;amp;amp;amp;aq=f\"]},{\"@type\":\"Person\",\"@id\":\"https:\/\/www.sonnenseite.com\/de\/#\/schema\/person\/50fda0e926597684c7cc6695238a4eb9\",\"name\":\"Bigi Alt\"}]}<\/script>\n<!-- \/ Yoast SEO plugin. -->","yoast_head_json":{"title":"Solarstrom: bald 1 Cent pro Kilowattstunde - Sonnenseite - \u00d6kologische Kommunikation mit Franz Alt","description":"Nicht zum ersten Mal k\u00fcnden die CH-Gro\u00dfbanken sagenhafte Entwicklungen im Bereich der Erneuerbaren Energien an (siehe etwa Solarmedia 4.M\u00e4rz 2016 > hier).","robots":{"index":"index","follow":"follow","max-snippet":"max-snippet:-1","max-image-preview":"max-image-preview:large","max-video-preview":"max-video-preview:-1"},"canonical":"https:\/\/www.sonnenseite.com\/de\/wirtschaft\/solarstrom-bald-1-cent-pro-kilowattstunde\/","og_locale":"de_DE","og_type":"article","og_title":"Solarstrom: bald 1 Cent pro Kilowattstunde - Sonnenseite - \u00d6kologische Kommunikation mit Franz Alt","og_description":"Nicht zum ersten Mal k\u00fcnden die CH-Gro\u00dfbanken sagenhafte Entwicklungen im Bereich der Erneuerbaren Energien an (siehe etwa Solarmedia 4.M\u00e4rz 2016 > hier).","og_url":"https:\/\/www.sonnenseite.com\/de\/wirtschaft\/solarstrom-bald-1-cent-pro-kilowattstunde\/","og_site_name":"Sonnenseite","article_publisher":"https:\/\/www.facebook.com\/pages\/Franz-Alt-SONNENSEITECOM\/221072987903953?fref=ts","article_published_time":"2022-10-20T10:55:07+00:00","article_modified_time":"2022-11-01T10:07:08+00:00","og_image":[{"width":770,"height":420,"url":"https:\/\/www.sonnenseite.com\/wp-content\/uploads\/2022\/10\/CleanTechnica-Solar-Panel.jpg","type":"image\/jpeg"}],"author":"Bigi Alt","twitter_card":"summary_large_image","twitter_creator":"@franzalt","twitter_site":"@franzalt","twitter_misc":{"Verfasst von":"Bigi Alt","Gesch\u00e4tzte Lesezeit":"4\u00a0Minuten"},"schema":{"@context":"https:\/\/schema.org","@graph":[{"@type":"Article","@id":"https:\/\/www.sonnenseite.com\/de\/wirtschaft\/solarstrom-bald-1-cent-pro-kilowattstunde\/#article","isPartOf":{"@id":"https:\/\/www.sonnenseite.com\/de\/wirtschaft\/solarstrom-bald-1-cent-pro-kilowattstunde\/"},"author":{"name":"Bigi Alt","@id":"https:\/\/www.sonnenseite.com\/de\/#\/schema\/person\/50fda0e926597684c7cc6695238a4eb9"},"headline":"Solarstrom: bald 1 Cent pro Kilowattstunde","datePublished":"2022-10-20T10:55:07+00:00","dateModified":"2022-11-01T10:07:08+00:00","mainEntityOfPage":{"@id":"https:\/\/www.sonnenseite.com\/de\/wirtschaft\/solarstrom-bald-1-cent-pro-kilowattstunde\/"},"wordCount":607,"publisher":{"@id":"https:\/\/www.sonnenseite.com\/de\/#organization"},"image":{"@id":"https:\/\/www.sonnenseite.com\/de\/wirtschaft\/solarstrom-bald-1-cent-pro-kilowattstunde\/#primaryimage"},"thumbnailUrl":"https:\/\/www.sonnenseite.com\/wp-content\/uploads\/2022\/10\/CleanTechnica-Solar-Panel.jpg","articleSection":["Wirtschaft"],"inLanguage":"de"},{"@type":"WebPage","@id":"https:\/\/www.sonnenseite.com\/de\/wirtschaft\/solarstrom-bald-1-cent-pro-kilowattstunde\/","url":"https:\/\/www.sonnenseite.com\/de\/wirtschaft\/solarstrom-bald-1-cent-pro-kilowattstunde\/","name":"Solarstrom: bald 1 Cent pro Kilowattstunde - Sonnenseite - \u00d6kologische Kommunikation mit Franz Alt","isPartOf":{"@id":"https:\/\/www.sonnenseite.com\/de\/#website"},"primaryImageOfPage":{"@id":"https:\/\/www.sonnenseite.com\/de\/wirtschaft\/solarstrom-bald-1-cent-pro-kilowattstunde\/#primaryimage"},"image":{"@id":"https:\/\/www.sonnenseite.com\/de\/wirtschaft\/solarstrom-bald-1-cent-pro-kilowattstunde\/#primaryimage"},"thumbnailUrl":"https:\/\/www.sonnenseite.com\/wp-content\/uploads\/2022\/10\/CleanTechnica-Solar-Panel.jpg","datePublished":"2022-10-20T10:55:07+00:00","dateModified":"2022-11-01T10:07:08+00:00","description":"Nicht zum ersten Mal k\u00fcnden die CH-Gro\u00dfbanken sagenhafte Entwicklungen im Bereich der Erneuerbaren Energien an (siehe etwa Solarmedia 4.M\u00e4rz 2016 > hier).","breadcrumb":{"@id":"https:\/\/www.sonnenseite.com\/de\/wirtschaft\/solarstrom-bald-1-cent-pro-kilowattstunde\/#breadcrumb"},"inLanguage":"de","potentialAction":[{"@type":"ReadAction","target":["https:\/\/www.sonnenseite.com\/de\/wirtschaft\/solarstrom-bald-1-cent-pro-kilowattstunde\/"]}]},{"@type":"ImageObject","inLanguage":"de","@id":"https:\/\/www.sonnenseite.com\/de\/wirtschaft\/solarstrom-bald-1-cent-pro-kilowattstunde\/#primaryimage","url":"https:\/\/www.sonnenseite.com\/wp-content\/uploads\/2022\/10\/CleanTechnica-Solar-Panel.jpg","contentUrl":"https:\/\/www.sonnenseite.com\/wp-content\/uploads\/2022\/10\/CleanTechnica-Solar-Panel.jpg","width":770,"height":420,"caption":"CleanTechnica | cleantechnica.com | Solar-Panel"},{"@type":"BreadcrumbList","@id":"https:\/\/www.sonnenseite.com\/de\/wirtschaft\/solarstrom-bald-1-cent-pro-kilowattstunde\/#breadcrumb","itemListElement":[{"@type":"ListItem","position":1,"name":"Startseite","item":"https:\/\/www.sonnenseite.com\/de\/"},{"@type":"ListItem","position":2,"name":"Solarstrom: bald 1 Cent pro Kilowattstunde"}]},{"@type":"WebSite","@id":"https:\/\/www.sonnenseite.com\/de\/#website","url":"https:\/\/www.sonnenseite.com\/de\/","name":"Sonnenseite","description":"\u00d6kologische Kommunikation mit Franz Alt","publisher":{"@id":"https:\/\/www.sonnenseite.com\/de\/#organization"},"potentialAction":[{"@type":"SearchAction","target":{"@type":"EntryPoint","urlTemplate":"https:\/\/www.sonnenseite.com\/de\/?s={search_term_string}"},"query-input":{"@type":"PropertyValueSpecification","valueRequired":true,"valueName":"search_term_string"}}],"inLanguage":"de"},{"@type":"Organization","@id":"https:\/\/www.sonnenseite.com\/de\/#organization","name":"Sonnenseite","url":"https:\/\/www.sonnenseite.com\/de\/","logo":{"@type":"ImageObject","inLanguage":"de","@id":"https:\/\/www.sonnenseite.com\/de\/#\/schema\/logo\/image\/","url":"https:\/\/www.sonnenseite.com\/wp-content\/uploads\/2020\/05\/Sonnenseite_Logo.png","contentUrl":"https:\/\/www.sonnenseite.com\/wp-content\/uploads\/2020\/05\/Sonnenseite_Logo.png","width":377,"height":90,"caption":"Sonnenseite"},"image":{"@id":"https:\/\/www.sonnenseite.com\/de\/#\/schema\/logo\/image\/"},"sameAs":["https:\/\/www.facebook.com\/pages\/Franz-Alt-SONNENSEITECOM\/221072987903953?fref=ts","https:\/\/x.com\/franzalt","http:\/\/www.youtube.com\/results?search_query&amp;amp;quot;franz_alt&amp;amp;quot;&amp;amp;amp;amp;search_type&amp;amp;amp;amp;aq=f"]},{"@type":"Person","@id":"https:\/\/www.sonnenseite.com\/de\/#\/schema\/person\/50fda0e926597684c7cc6695238a4eb9","name":"Bigi Alt"}]}},"_links":{"self":[{"href":"https:\/\/www.sonnenseite.com\/de\/wp-json\/wp\/v2\/posts\/86131","targetHints":{"allow":["GET"]}}],"collection":[{"href":"https:\/\/www.sonnenseite.com\/de\/wp-json\/wp\/v2\/posts"}],"about":[{"href":"https:\/\/www.sonnenseite.com\/de\/wp-json\/wp\/v2\/types\/post"}],"author":[{"embeddable":true,"href":"https:\/\/www.sonnenseite.com\/de\/wp-json\/wp\/v2\/users\/3"}],"replies":[{"embeddable":true,"href":"https:\/\/www.sonnenseite.com\/de\/wp-json\/wp\/v2\/comments?post=86131"}],"version-history":[{"count":2,"href":"https:\/\/www.sonnenseite.com\/de\/wp-json\/wp\/v2\/posts\/86131\/revisions"}],"predecessor-version":[{"id":86135,"href":"https:\/\/www.sonnenseite.com\/de\/wp-json\/wp\/v2\/posts\/86131\/revisions\/86135"}],"wp:featuredmedia":[{"embeddable":true,"href":"https:\/\/www.sonnenseite.com\/de\/wp-json\/wp\/v2\/media\/86133"}],"wp:attachment":[{"href":"https:\/\/www.sonnenseite.com\/de\/wp-json\/wp\/v2\/media?parent=86131"}],"wp:term":[{"taxonomy":"category","embeddable":true,"href":"https:\/\/www.sonnenseite.com\/de\/wp-json\/wp\/v2\/categories?post=86131"},{"taxonomy":"post_tag","embeddable":true,"href":"https:\/\/www.sonnenseite.com\/de\/wp-json\/wp\/v2\/tags?post=86131"}],"curies":[{"name":"wp","href":"https:\/\/api.w.org\/{rel}","templated":true}]}}