{"id":86434,"date":"2022-11-01T10:39:34","date_gmt":"2022-11-01T09:39:34","guid":{"rendered":"https:\/\/www.sonnenseite.com\/?p=86434"},"modified":"2022-11-06T09:26:49","modified_gmt":"2022-11-06T08:26:49","slug":"hoffnung-fuer-den-amazonas-regenwald","status":"publish","type":"post","link":"https:\/\/www.sonnenseite.com\/de\/politik\/hoffnung-fuer-den-amazonas-regenwald\/","title":{"rendered":"Hoffnung f\u00fcr den Amazonas-Regenwald"},"content":{"rendered":"\n<p>Lula da Silva hat die Wahl in Brasilien knapp gegen den Klimaleugner Jair Bolsonaro gewonnen. Nicht nur f\u00fcr den Waldschutz ist das eine gute Nachricht, sondern auch f\u00fcr die bevorstehende UN-Klimakonferenz.<\/p>\n\n\n\n<p>Das war knapp. Mit 50,9 Prozent der Stimmen hat Lula da Silva von der Arbeiterpartei gestern die Stichwahl um das Pr\u00e4sidentenamt in Brasilien <a href=\"https:\/\/www.zdf.de\/nachrichten\/politik\/stichwahl-praesidentschaft-brasilien-100.html\" target=\"_blank\" rel=\"noreferrer noopener\">f\u00fcr sich entschieden<\/a>. Der bisherige Amtsinhaber, der ultrarechte Jair Bolsonaro, kam auf 49,1 Prozent.<\/p>\n\n\n\n<p>F\u00fcr den Waldschutz ist das eine gute Nachricht. Die vergangenen vier Jahre unter Bolsonaro <a href=\"https:\/\/www.klimareporter.de\/international\/die-axt-im-urwald\" target=\"_blank\" rel=\"noreferrer noopener\">waren verheerend<\/a> f\u00fcr den Amazonas-Regenwald und f\u00fchrten zu einer besorgniserregenden Zunahme von Menschenrechtsverletzungen und Gewalt gegen indigene Brasilianer:innen und Umweltsch\u00fctzer:innen \u2013 und einer regelrechten Welle von Landraub.<\/p>\n\n\n\n<p>Abholzung und Brandrodung erreichten <a href=\"https:\/\/www.klimareporter.de\/erdsystem\/waldverlust-in-amazonien-stark-angestiegen\" target=\"_blank\" rel=\"noreferrer noopener\">extreme H\u00f6chstwerte<\/a>, so sehr, dass Teile des Regenwalds mittlerweile kein CO<sub>2<\/sub> mehr aufnehmen k\u00f6nnen, sondern sogar abgeben. Durch Bolsonaros Anti-Umweltpolitik mit dem Abbau von Schutzma\u00dfnahmen und der Lockerung von Kontrollen ist die Gefahr massiv gestiegen, dass der Regenwald <a href=\"https:\/\/www.klimareporter.de\/erdsystem\/showdown-am-amazonas\" target=\"_blank\" rel=\"noreferrer noopener\">insgesamt kollabiert<\/a>.<\/p>\n\n\n\n<p>Er w\u00fcrde sich dann in eine Steppenlandschaft verwandeln, wo es nur noch einzelne Baumgruppen gibt, aber nicht mehr einen gro\u00dfen, zusammenh\u00e4ngenden Wald. Das h\u00e4tte weitreichende Folgen f\u00fcr das globale Klima und f\u00fcr den Wasserhaushalt gro\u00dfer Teile des s\u00fcdamerikanischen Kontinents.<\/p>\n\n\n\n<p>Die <a href=\"https:\/\/www.deutschlandfunk.de\/was-bedeutet-lulas-wahl-fuer-den-internationalen-klimaschutz-dlf-56b7f288-100.html\" target=\"_blank\" rel=\"noreferrer noopener\">Hoffnung ist nun<\/a>, dass Lula ankn\u00fcpfen wird an seine Umweltpolitik aus den Jahren 2003 bis 2010, als er schon einmal, als Vor-Vor-Vorg\u00e4nger von Bolsonaro, Brasiliens Pr\u00e4sident war. Seine Amtszeit war so etwas wie die goldene Zeit beim Waldschutz.<\/p>\n\n\n\n<p>Es gab neue umweltpolitische Ma\u00dfnahmen, und die Gesetze gegen die Entwaldung wurden viel konsequenter durchgesetzt und kontrolliert. Unter Lula ging die Entwaldung im Amazonas-Regenwald um 84 Prozent zur\u00fcck \u2013 ein sensationeller Wert.<\/p>\n\n\n\n<h5 class=\"wp-block-heading\">Die Rechte dominiert das Parlament<\/h5>\n\n\n\n<p>Lula hat versprochen, dass er die Rettung des Amazonaswalds zu einer Priorit\u00e4t machen will, mit strengeren Auflagen, strengeren Kontrollen, auch mit sozialen Initiativen und einer nachhaltigeren Agrarpolitik.<\/p>\n\n\n\n<p>Beobachter:innen halten das f\u00fcr durchaus m\u00f6glich und wahrscheinlich. Es gibt aber auch skeptische Stimmen, die vor zu hohen Erwartungen warnen. Denn Brasilien hat noch viele andere Probleme. Die Wirtschaft ist seit Jahren in der Krise, Armut und soziale Ungleichheit haben zugenommen. Zudem ist die Gesellschaft nach vier Jahren Bolsonaro extrem polarisiert.<\/p>\n\n\n\n<p>Das zeigt sich auch am Wahlergebnis. Lula erhielt gestern, bei rund 156 Millionen Wahlberechtigten, nur gut zwei Millionen Stimmen mehr als Bolsonaro. Beim ersten Wahldurchgang vor vier Wochen hatte Lulas Vorsprung noch sechs Millionen Stimmen betragen.<\/p>\n\n\n\n<p>Hinzu kommt, dass bei den Parlamentswahlen, die ebenfalls Anfang Oktober stattfanden, in vielen Regionen die Bolsonaro-Partei die Mehrheit holte. Das engt Lulas Spielr\u00e4ume ein. Es wird f\u00fcr ihn nicht einfach, seine Politik durchzusetzen, geschweige denn, das gespaltene Land zu vers\u00f6hnen.<\/p>\n\n\n\n<p>Den internationalen Klimaverhandlungen kann Lulas Sieg dennoch neuen Schwung verleihen. F\u00fcr die UN-Klimakonferenz <a href=\"https:\/\/www.klimareporter.de\/tag\/cop-27\" target=\"_blank\" rel=\"noreferrer noopener\">COP\u00a027<\/a>, die am kommenden Wochenende in \u00c4gypten beginnt, ist es ein positives Signal, dass in einem wichtigen Schwellenland wie Brasilien k\u00fcnftig wieder Klima- und Umweltschutz ernst genommen werden sollen. Ein solches Signal ist derzeit auch dringend n\u00f6tig.<\/p>\n\n\n<h5 class=\"green\">Quelle<\/h5>\r\n\n\n\n<p>Der Bericht wurde von der\u00a0<a href=\"https:\/\/www.klimareporter.de\/international\/hoffnung-fuer-den-amazonas-regenwald\">Redaktion \u201eklimareporter.de\u201c (Verena Kern) 2022<\/a>\u00a0verfasst &#8211; der Artikel darf nicht ohne Genehmigung\u00a0(<a href=\"mailto:post@klimareporter.de\">post@klimareporter.de<\/a>) weiterverbreitet werden!\u00a0<\/p>\n<div class=\"shariff shariff-align-flex-start shariff-widget-align-flex-start\"><div class=\"ShariffHeadline\">Diese Meldung teilen<\/div><ul class=\"shariff-buttons theme-round orientation-horizontal buttonsize-medium\"><li class=\"shariff-button facebook shariff-nocustomcolor\" style=\"background-color:#4273c8;border-radius:1%\"><a href=\"https:\/\/www.facebook.com\/sharer\/sharer.php?u=https%3A%2F%2Fwww.sonnenseite.com%2Fde%2Fpolitik%2Fhoffnung-fuer-den-amazonas-regenwald%2F\" title=\"Bei Facebook teilen\" aria-label=\"Bei Facebook teilen\" role=\"button\" rel=\"nofollow\" class=\"shariff-link\" style=\";border-radius:1%; background-color:#3b5998; color:#fff\" target=\"_blank\"><span class=\"shariff-icon\" style=\"\"><svg width=\"32px\" height=\"20px\" xmlns=\"http:\/\/www.w3.org\/2000\/svg\" viewBox=\"0 0 18 32\"><path fill=\"#3b5998\" d=\"M17.1 0.2v4.7h-2.8q-1.5 0-2.1 0.6t-0.5 1.9v3.4h5.2l-0.7 5.3h-4.5v13.6h-5.5v-13.6h-4.5v-5.3h4.5v-3.9q0-3.3 1.9-5.2t5-1.8q2.6 0 4.1 0.2z\"\/><\/svg><\/span><\/a><\/li><li class=\"shariff-button twitter shariff-nocustomcolor\" style=\"background-color:#595959;border-radius:1%\"><a href=\"https:\/\/twitter.com\/share?url=https%3A%2F%2Fwww.sonnenseite.com%2Fde%2Fpolitik%2Fhoffnung-fuer-den-amazonas-regenwald%2F&text=Hoffnung%20f%C3%BCr%20den%20Amazonas-Regenwald\" title=\"Bei X teilen\" aria-label=\"Bei X teilen\" role=\"button\" rel=\"noopener nofollow\" class=\"shariff-link\" style=\";border-radius:1%; background-color:#000; color:#fff\" target=\"_blank\"><span class=\"shariff-icon\" style=\"\"><svg width=\"32px\" height=\"20px\" xmlns=\"http:\/\/www.w3.org\/2000\/svg\" viewBox=\"0 0 24 24\"><path fill=\"#000\" d=\"M14.258 10.152L23.176 0h-2.113l-7.747 8.813L7.133 0H0l9.352 13.328L0 23.973h2.113l8.176-9.309 6.531 9.309h7.133zm-2.895 3.293l-.949-1.328L2.875 1.56h3.246l6.086 8.523.945 1.328 7.91 11.078h-3.246zm0 0\"\/><\/svg><\/span><\/a><\/li><li class=\"shariff-button xing shariff-nocustomcolor\" style=\"background-color:#29888a;border-radius:1%\"><a href=\"https:\/\/www.xing.com\/spi\/shares\/new?url=https%3A%2F%2Fwww.sonnenseite.com%2Fde%2Fpolitik%2Fhoffnung-fuer-den-amazonas-regenwald%2F\" title=\"Bei XING teilen\" aria-label=\"Bei XING teilen\" role=\"button\" rel=\"noopener nofollow\" class=\"shariff-link\" style=\";border-radius:1%; background-color:#126567; color:#fff\" target=\"_blank\"><span class=\"shariff-icon\" style=\"\"><svg width=\"32px\" height=\"20px\" xmlns=\"http:\/\/www.w3.org\/2000\/svg\" viewBox=\"0 0 25 32\"><path fill=\"#126567\" d=\"M10.7 11.9q-0.2 0.3-4.6 8.2-0.5 0.8-1.2 0.8h-4.3q-0.4 0-0.5-0.3t0-0.6l4.5-8q0 0 0 0l-2.9-5q-0.2-0.4 0-0.7 0.2-0.3 0.5-0.3h4.3q0.7 0 1.2 0.8zM25.1 0.4q0.2 0.3 0 0.7l-9.4 16.7 6 11q0.2 0.4 0 0.6-0.2 0.3-0.6 0.3h-4.3q-0.7 0-1.2-0.8l-6-11.1q0.3-0.6 9.5-16.8 0.4-0.8 1.2-0.8h4.3q0.4 0 0.5 0.3z\"\/><\/svg><\/span><\/a><\/li><li class=\"shariff-button linkedin shariff-nocustomcolor\" style=\"background-color:#1488bf;border-radius:1%\"><a href=\"https:\/\/www.linkedin.com\/sharing\/share-offsite\/?url=https%3A%2F%2Fwww.sonnenseite.com%2Fde%2Fpolitik%2Fhoffnung-fuer-den-amazonas-regenwald%2F\" title=\"Bei LinkedIn teilen\" aria-label=\"Bei LinkedIn teilen\" role=\"button\" rel=\"noopener nofollow\" class=\"shariff-link\" style=\";border-radius:1%; background-color:#0077b5; color:#fff\" target=\"_blank\"><span class=\"shariff-icon\" style=\"\"><svg width=\"32px\" height=\"20px\" xmlns=\"http:\/\/www.w3.org\/2000\/svg\" viewBox=\"0 0 27 32\"><path fill=\"#0077b5\" d=\"M6.2 11.2v17.7h-5.9v-17.7h5.9zM6.6 5.7q0 1.3-0.9 2.2t-2.4 0.9h0q-1.5 0-2.4-0.9t-0.9-2.2 0.9-2.2 2.4-0.9 2.4 0.9 0.9 2.2zM27.4 18.7v10.1h-5.9v-9.5q0-1.9-0.7-2.9t-2.3-1.1q-1.1 0-1.9 0.6t-1.2 1.5q-0.2 0.5-0.2 1.4v9.9h-5.9q0-7.1 0-11.6t0-5.3l0-0.9h5.9v2.6h0q0.4-0.6 0.7-1t1-0.9 1.6-0.8 2-0.3q3 0 4.9 2t1.9 6z\"\/><\/svg><\/span><\/a><\/li><li class=\"shariff-button printer shariff-nocustomcolor\" style=\"background-color:#a8a8a8;border-radius:1%\"><a href=\"javascript:window.print()\" title=\"drucken\" aria-label=\"drucken\" role=\"button\" rel=\"noopener nofollow\" class=\"shariff-link\" style=\";border-radius:1%; background-color:#999; color:#fff\"><span class=\"shariff-icon\" style=\"\"><svg width=\"32px\" height=\"20px\" xmlns=\"http:\/\/www.w3.org\/2000\/svg\" viewBox=\"0 0 30 32\"><path fill=\"#999\" d=\"M6.8 27.4h16v-4.6h-16v4.6zM6.8 16h16v-6.8h-2.8q-0.7 0-1.2-0.5t-0.5-1.2v-2.8h-11.4v11.4zM27.4 17.2q0-0.5-0.3-0.8t-0.8-0.4-0.8 0.4-0.3 0.8 0.3 0.8 0.8 0.3 0.8-0.3 0.3-0.8zM29.7 17.2v7.4q0 0.2-0.2 0.4t-0.4 0.2h-4v2.8q0 0.7-0.5 1.2t-1.2 0.5h-17.2q-0.7 0-1.2-0.5t-0.5-1.2v-2.8h-4q-0.2 0-0.4-0.2t-0.2-0.4v-7.4q0-1.4 1-2.4t2.4-1h1.2v-9.7q0-0.7 0.5-1.2t1.2-0.5h12q0.7 0 1.6 0.4t1.3 0.8l2.7 2.7q0.5 0.5 0.9 1.4t0.4 1.6v4.6h1.1q1.4 0 2.4 1t1 2.4z\"\/><\/svg><\/span><\/a><\/li><li class=\"shariff-button mailto shariff-nocustomcolor\" style=\"background-color:#a8a8a8;border-radius:1%\"><a href=\"mailto:?body=https%3A%2F%2Fwww.sonnenseite.com%2Fde%2Fpolitik%2Fhoffnung-fuer-den-amazonas-regenwald%2F&subject=Hoffnung%20f%C3%BCr%20den%20Amazonas-Regenwald\" title=\"Per E-Mail versenden\" aria-label=\"Per E-Mail versenden\" role=\"button\" rel=\"noopener nofollow\" class=\"shariff-link\" style=\";border-radius:1%; background-color:#999; color:#fff\"><span class=\"shariff-icon\" style=\"\"><svg width=\"32px\" height=\"20px\" xmlns=\"http:\/\/www.w3.org\/2000\/svg\" viewBox=\"0 0 32 32\"><path fill=\"#999\" d=\"M32 12.7v14.2q0 1.2-0.8 2t-2 0.9h-26.3q-1.2 0-2-0.9t-0.8-2v-14.2q0.8 0.9 1.8 1.6 6.5 4.4 8.9 6.1 1 0.8 1.6 1.2t1.7 0.9 2 0.4h0.1q0.9 0 2-0.4t1.7-0.9 1.6-1.2q3-2.2 8.9-6.1 1-0.7 1.8-1.6zM32 7.4q0 1.4-0.9 2.7t-2.2 2.2q-6.7 4.7-8.4 5.8-0.2 0.1-0.7 0.5t-1 0.7-0.9 0.6-1.1 0.5-0.9 0.2h-0.1q-0.4 0-0.9-0.2t-1.1-0.5-0.9-0.6-1-0.7-0.7-0.5q-1.6-1.1-4.7-3.2t-3.6-2.6q-1.1-0.7-2.1-2t-1-2.5q0-1.4 0.7-2.3t2.1-0.9h26.3q1.2 0 2 0.8t0.9 2z\"\/><\/svg><\/span><\/a><\/li><\/ul><\/div>","protected":false},"excerpt":{"rendered":"<p>Lula da Silva hat die Wahl in Brasilien knapp gegen den Klimaleugner Jair Bolsonaro gewonnen. Nicht [&hellip;]<\/p>\n","protected":false},"author":3,"featured_media":1999,"comment_status":"closed","ping_status":"closed","sticky":false,"template":"","format":"standard","meta":{"inline_featured_image":false,"footnotes":""},"categories":[21],"tags":[],"class_list":["post-86434","post","type-post","status-publish","format-standard","has-post-thumbnail","hentry","category-politik"],"yoast_head":"<!-- This site is optimized with the Yoast SEO plugin v26.5 - https:\/\/yoast.com\/wordpress\/plugins\/seo\/ -->\n<title>Hoffnung f\u00fcr den Amazonas-Regenwald - Sonnenseite - \u00d6kologische Kommunikation mit Franz Alt<\/title>\n<meta name=\"description\" content=\"Lula da Silva hat die Wahl in Brasilien knapp gegen den Klimaleugner Jair Bolsonaro gewonnen. Nicht nur f\u00fcr den Waldschutz ist das eine gute Nachricht,\" \/>\n<meta name=\"robots\" content=\"index, follow, max-snippet:-1, max-image-preview:large, max-video-preview:-1\" \/>\n<link rel=\"canonical\" href=\"https:\/\/www.sonnenseite.com\/de\/politik\/hoffnung-fuer-den-amazonas-regenwald\/\" \/>\n<meta property=\"og:locale\" content=\"de_DE\" \/>\n<meta property=\"og:type\" content=\"article\" \/>\n<meta property=\"og:title\" content=\"Hoffnung f\u00fcr den Amazonas-Regenwald - Sonnenseite - \u00d6kologische Kommunikation mit Franz Alt\" \/>\n<meta property=\"og:description\" content=\"Lula da Silva hat die Wahl in Brasilien knapp gegen den Klimaleugner Jair Bolsonaro gewonnen. Nicht nur f\u00fcr den Waldschutz ist das eine gute Nachricht,\" \/>\n<meta property=\"og:url\" content=\"https:\/\/www.sonnenseite.com\/de\/politik\/hoffnung-fuer-den-amazonas-regenwald\/\" \/>\n<meta property=\"og:site_name\" content=\"Sonnenseite\" \/>\n<meta property=\"article:publisher\" content=\"https:\/\/www.facebook.com\/pages\/Franz-Alt-SONNENSEITECOM\/221072987903953?fref=ts\" \/>\n<meta property=\"article:published_time\" content=\"2022-11-01T09:39:34+00:00\" \/>\n<meta property=\"article:modified_time\" content=\"2022-11-06T08:26:49+00:00\" \/>\n<meta property=\"og:image\" content=\"https:\/\/www.sonnenseite.com\/wp-content\/uploads\/2020\/04\/Regenwald_Winston.jpg\" \/>\n\t<meta property=\"og:image:width\" content=\"770\" \/>\n\t<meta property=\"og:image:height\" content=\"420\" \/>\n\t<meta property=\"og:image:type\" content=\"image\/jpeg\" \/>\n<meta name=\"author\" content=\"Bigi Alt\" \/>\n<meta name=\"twitter:card\" content=\"summary_large_image\" \/>\n<meta name=\"twitter:creator\" content=\"@franzalt\" \/>\n<meta name=\"twitter:site\" content=\"@franzalt\" \/>\n<meta name=\"twitter:label1\" content=\"Verfasst von\" \/>\n\t<meta name=\"twitter:data1\" content=\"Bigi Alt\" \/>\n\t<meta name=\"twitter:label2\" content=\"Gesch\u00e4tzte Lesezeit\" \/>\n\t<meta name=\"twitter:data2\" content=\"3\u00a0Minuten\" \/>\n<script type=\"application\/ld+json\" class=\"yoast-schema-graph\">{\"@context\":\"https:\/\/schema.org\",\"@graph\":[{\"@type\":\"Article\",\"@id\":\"https:\/\/www.sonnenseite.com\/de\/politik\/hoffnung-fuer-den-amazonas-regenwald\/#article\",\"isPartOf\":{\"@id\":\"https:\/\/www.sonnenseite.com\/de\/politik\/hoffnung-fuer-den-amazonas-regenwald\/\"},\"author\":{\"name\":\"Bigi Alt\",\"@id\":\"https:\/\/www.sonnenseite.com\/de\/#\/schema\/person\/50fda0e926597684c7cc6695238a4eb9\"},\"headline\":\"Hoffnung f\u00fcr den Amazonas-Regenwald\",\"datePublished\":\"2022-11-01T09:39:34+00:00\",\"dateModified\":\"2022-11-06T08:26:49+00:00\",\"mainEntityOfPage\":{\"@id\":\"https:\/\/www.sonnenseite.com\/de\/politik\/hoffnung-fuer-den-amazonas-regenwald\/\"},\"wordCount\":528,\"publisher\":{\"@id\":\"https:\/\/www.sonnenseite.com\/de\/#organization\"},\"image\":{\"@id\":\"https:\/\/www.sonnenseite.com\/de\/politik\/hoffnung-fuer-den-amazonas-regenwald\/#primaryimage\"},\"thumbnailUrl\":\"https:\/\/www.sonnenseite.com\/wp-content\/uploads\/2020\/04\/Regenwald_Winston.jpg\",\"articleSection\":[\"Politik\"],\"inLanguage\":\"de\"},{\"@type\":\"WebPage\",\"@id\":\"https:\/\/www.sonnenseite.com\/de\/politik\/hoffnung-fuer-den-amazonas-regenwald\/\",\"url\":\"https:\/\/www.sonnenseite.com\/de\/politik\/hoffnung-fuer-den-amazonas-regenwald\/\",\"name\":\"Hoffnung f\u00fcr den Amazonas-Regenwald - Sonnenseite - \u00d6kologische Kommunikation mit Franz Alt\",\"isPartOf\":{\"@id\":\"https:\/\/www.sonnenseite.com\/de\/#website\"},\"primaryImageOfPage\":{\"@id\":\"https:\/\/www.sonnenseite.com\/de\/politik\/hoffnung-fuer-den-amazonas-regenwald\/#primaryimage\"},\"image\":{\"@id\":\"https:\/\/www.sonnenseite.com\/de\/politik\/hoffnung-fuer-den-amazonas-regenwald\/#primaryimage\"},\"thumbnailUrl\":\"https:\/\/www.sonnenseite.com\/wp-content\/uploads\/2020\/04\/Regenwald_Winston.jpg\",\"datePublished\":\"2022-11-01T09:39:34+00:00\",\"dateModified\":\"2022-11-06T08:26:49+00:00\",\"description\":\"Lula da Silva hat die Wahl in Brasilien knapp gegen den Klimaleugner Jair Bolsonaro gewonnen. Nicht nur f\u00fcr den Waldschutz ist das eine gute Nachricht,\",\"breadcrumb\":{\"@id\":\"https:\/\/www.sonnenseite.com\/de\/politik\/hoffnung-fuer-den-amazonas-regenwald\/#breadcrumb\"},\"inLanguage\":\"de\",\"potentialAction\":[{\"@type\":\"ReadAction\",\"target\":[\"https:\/\/www.sonnenseite.com\/de\/politik\/hoffnung-fuer-den-amazonas-regenwald\/\"]}]},{\"@type\":\"ImageObject\",\"inLanguage\":\"de\",\"@id\":\"https:\/\/www.sonnenseite.com\/de\/politik\/hoffnung-fuer-den-amazonas-regenwald\/#primaryimage\",\"url\":\"https:\/\/www.sonnenseite.com\/wp-content\/uploads\/2020\/04\/Regenwald_Winston.jpg\",\"contentUrl\":\"https:\/\/www.sonnenseite.com\/wp-content\/uploads\/2020\/04\/Regenwald_Winston.jpg\",\"width\":770,\"height\":420,\"caption\":\"Depositphotos | Winston\"},{\"@type\":\"BreadcrumbList\",\"@id\":\"https:\/\/www.sonnenseite.com\/de\/politik\/hoffnung-fuer-den-amazonas-regenwald\/#breadcrumb\",\"itemListElement\":[{\"@type\":\"ListItem\",\"position\":1,\"name\":\"Startseite\",\"item\":\"https:\/\/www.sonnenseite.com\/de\/\"},{\"@type\":\"ListItem\",\"position\":2,\"name\":\"Hoffnung f\u00fcr den Amazonas-Regenwald\"}]},{\"@type\":\"WebSite\",\"@id\":\"https:\/\/www.sonnenseite.com\/de\/#website\",\"url\":\"https:\/\/www.sonnenseite.com\/de\/\",\"name\":\"Sonnenseite\",\"description\":\"\u00d6kologische Kommunikation mit Franz Alt\",\"publisher\":{\"@id\":\"https:\/\/www.sonnenseite.com\/de\/#organization\"},\"potentialAction\":[{\"@type\":\"SearchAction\",\"target\":{\"@type\":\"EntryPoint\",\"urlTemplate\":\"https:\/\/www.sonnenseite.com\/de\/?s={search_term_string}\"},\"query-input\":{\"@type\":\"PropertyValueSpecification\",\"valueRequired\":true,\"valueName\":\"search_term_string\"}}],\"inLanguage\":\"de\"},{\"@type\":\"Organization\",\"@id\":\"https:\/\/www.sonnenseite.com\/de\/#organization\",\"name\":\"Sonnenseite\",\"url\":\"https:\/\/www.sonnenseite.com\/de\/\",\"logo\":{\"@type\":\"ImageObject\",\"inLanguage\":\"de\",\"@id\":\"https:\/\/www.sonnenseite.com\/de\/#\/schema\/logo\/image\/\",\"url\":\"https:\/\/www.sonnenseite.com\/wp-content\/uploads\/2020\/05\/Sonnenseite_Logo.png\",\"contentUrl\":\"https:\/\/www.sonnenseite.com\/wp-content\/uploads\/2020\/05\/Sonnenseite_Logo.png\",\"width\":377,\"height\":90,\"caption\":\"Sonnenseite\"},\"image\":{\"@id\":\"https:\/\/www.sonnenseite.com\/de\/#\/schema\/logo\/image\/\"},\"sameAs\":[\"https:\/\/www.facebook.com\/pages\/Franz-Alt-SONNENSEITECOM\/221072987903953?fref=ts\",\"https:\/\/x.com\/franzalt\",\"http:\/\/www.youtube.com\/results?search_query&amp;amp;quot;franz_alt&amp;amp;quot;&amp;amp;amp;amp;search_type&amp;amp;amp;amp;aq=f\"]},{\"@type\":\"Person\",\"@id\":\"https:\/\/www.sonnenseite.com\/de\/#\/schema\/person\/50fda0e926597684c7cc6695238a4eb9\",\"name\":\"Bigi Alt\"}]}<\/script>\n<!-- \/ Yoast SEO plugin. -->","yoast_head_json":{"title":"Hoffnung f\u00fcr den Amazonas-Regenwald - Sonnenseite - \u00d6kologische Kommunikation mit Franz Alt","description":"Lula da Silva hat die Wahl in Brasilien knapp gegen den Klimaleugner Jair Bolsonaro gewonnen. Nicht nur f\u00fcr den Waldschutz ist das eine gute Nachricht,","robots":{"index":"index","follow":"follow","max-snippet":"max-snippet:-1","max-image-preview":"max-image-preview:large","max-video-preview":"max-video-preview:-1"},"canonical":"https:\/\/www.sonnenseite.com\/de\/politik\/hoffnung-fuer-den-amazonas-regenwald\/","og_locale":"de_DE","og_type":"article","og_title":"Hoffnung f\u00fcr den Amazonas-Regenwald - Sonnenseite - \u00d6kologische Kommunikation mit Franz Alt","og_description":"Lula da Silva hat die Wahl in Brasilien knapp gegen den Klimaleugner Jair Bolsonaro gewonnen. Nicht nur f\u00fcr den Waldschutz ist das eine gute Nachricht,","og_url":"https:\/\/www.sonnenseite.com\/de\/politik\/hoffnung-fuer-den-amazonas-regenwald\/","og_site_name":"Sonnenseite","article_publisher":"https:\/\/www.facebook.com\/pages\/Franz-Alt-SONNENSEITECOM\/221072987903953?fref=ts","article_published_time":"2022-11-01T09:39:34+00:00","article_modified_time":"2022-11-06T08:26:49+00:00","og_image":[{"width":770,"height":420,"url":"https:\/\/www.sonnenseite.com\/wp-content\/uploads\/2020\/04\/Regenwald_Winston.jpg","type":"image\/jpeg"}],"author":"Bigi Alt","twitter_card":"summary_large_image","twitter_creator":"@franzalt","twitter_site":"@franzalt","twitter_misc":{"Verfasst von":"Bigi Alt","Gesch\u00e4tzte Lesezeit":"3\u00a0Minuten"},"schema":{"@context":"https:\/\/schema.org","@graph":[{"@type":"Article","@id":"https:\/\/www.sonnenseite.com\/de\/politik\/hoffnung-fuer-den-amazonas-regenwald\/#article","isPartOf":{"@id":"https:\/\/www.sonnenseite.com\/de\/politik\/hoffnung-fuer-den-amazonas-regenwald\/"},"author":{"name":"Bigi Alt","@id":"https:\/\/www.sonnenseite.com\/de\/#\/schema\/person\/50fda0e926597684c7cc6695238a4eb9"},"headline":"Hoffnung f\u00fcr den Amazonas-Regenwald","datePublished":"2022-11-01T09:39:34+00:00","dateModified":"2022-11-06T08:26:49+00:00","mainEntityOfPage":{"@id":"https:\/\/www.sonnenseite.com\/de\/politik\/hoffnung-fuer-den-amazonas-regenwald\/"},"wordCount":528,"publisher":{"@id":"https:\/\/www.sonnenseite.com\/de\/#organization"},"image":{"@id":"https:\/\/www.sonnenseite.com\/de\/politik\/hoffnung-fuer-den-amazonas-regenwald\/#primaryimage"},"thumbnailUrl":"https:\/\/www.sonnenseite.com\/wp-content\/uploads\/2020\/04\/Regenwald_Winston.jpg","articleSection":["Politik"],"inLanguage":"de"},{"@type":"WebPage","@id":"https:\/\/www.sonnenseite.com\/de\/politik\/hoffnung-fuer-den-amazonas-regenwald\/","url":"https:\/\/www.sonnenseite.com\/de\/politik\/hoffnung-fuer-den-amazonas-regenwald\/","name":"Hoffnung f\u00fcr den Amazonas-Regenwald - Sonnenseite - \u00d6kologische Kommunikation mit Franz Alt","isPartOf":{"@id":"https:\/\/www.sonnenseite.com\/de\/#website"},"primaryImageOfPage":{"@id":"https:\/\/www.sonnenseite.com\/de\/politik\/hoffnung-fuer-den-amazonas-regenwald\/#primaryimage"},"image":{"@id":"https:\/\/www.sonnenseite.com\/de\/politik\/hoffnung-fuer-den-amazonas-regenwald\/#primaryimage"},"thumbnailUrl":"https:\/\/www.sonnenseite.com\/wp-content\/uploads\/2020\/04\/Regenwald_Winston.jpg","datePublished":"2022-11-01T09:39:34+00:00","dateModified":"2022-11-06T08:26:49+00:00","description":"Lula da Silva hat die Wahl in Brasilien knapp gegen den Klimaleugner Jair Bolsonaro gewonnen. Nicht nur f\u00fcr den Waldschutz ist das eine gute Nachricht,","breadcrumb":{"@id":"https:\/\/www.sonnenseite.com\/de\/politik\/hoffnung-fuer-den-amazonas-regenwald\/#breadcrumb"},"inLanguage":"de","potentialAction":[{"@type":"ReadAction","target":["https:\/\/www.sonnenseite.com\/de\/politik\/hoffnung-fuer-den-amazonas-regenwald\/"]}]},{"@type":"ImageObject","inLanguage":"de","@id":"https:\/\/www.sonnenseite.com\/de\/politik\/hoffnung-fuer-den-amazonas-regenwald\/#primaryimage","url":"https:\/\/www.sonnenseite.com\/wp-content\/uploads\/2020\/04\/Regenwald_Winston.jpg","contentUrl":"https:\/\/www.sonnenseite.com\/wp-content\/uploads\/2020\/04\/Regenwald_Winston.jpg","width":770,"height":420,"caption":"Depositphotos | Winston"},{"@type":"BreadcrumbList","@id":"https:\/\/www.sonnenseite.com\/de\/politik\/hoffnung-fuer-den-amazonas-regenwald\/#breadcrumb","itemListElement":[{"@type":"ListItem","position":1,"name":"Startseite","item":"https:\/\/www.sonnenseite.com\/de\/"},{"@type":"ListItem","position":2,"name":"Hoffnung f\u00fcr den Amazonas-Regenwald"}]},{"@type":"WebSite","@id":"https:\/\/www.sonnenseite.com\/de\/#website","url":"https:\/\/www.sonnenseite.com\/de\/","name":"Sonnenseite","description":"\u00d6kologische Kommunikation mit Franz Alt","publisher":{"@id":"https:\/\/www.sonnenseite.com\/de\/#organization"},"potentialAction":[{"@type":"SearchAction","target":{"@type":"EntryPoint","urlTemplate":"https:\/\/www.sonnenseite.com\/de\/?s={search_term_string}"},"query-input":{"@type":"PropertyValueSpecification","valueRequired":true,"valueName":"search_term_string"}}],"inLanguage":"de"},{"@type":"Organization","@id":"https:\/\/www.sonnenseite.com\/de\/#organization","name":"Sonnenseite","url":"https:\/\/www.sonnenseite.com\/de\/","logo":{"@type":"ImageObject","inLanguage":"de","@id":"https:\/\/www.sonnenseite.com\/de\/#\/schema\/logo\/image\/","url":"https:\/\/www.sonnenseite.com\/wp-content\/uploads\/2020\/05\/Sonnenseite_Logo.png","contentUrl":"https:\/\/www.sonnenseite.com\/wp-content\/uploads\/2020\/05\/Sonnenseite_Logo.png","width":377,"height":90,"caption":"Sonnenseite"},"image":{"@id":"https:\/\/www.sonnenseite.com\/de\/#\/schema\/logo\/image\/"},"sameAs":["https:\/\/www.facebook.com\/pages\/Franz-Alt-SONNENSEITECOM\/221072987903953?fref=ts","https:\/\/x.com\/franzalt","http:\/\/www.youtube.com\/results?search_query&amp;amp;quot;franz_alt&amp;amp;quot;&amp;amp;amp;amp;search_type&amp;amp;amp;amp;aq=f"]},{"@type":"Person","@id":"https:\/\/www.sonnenseite.com\/de\/#\/schema\/person\/50fda0e926597684c7cc6695238a4eb9","name":"Bigi Alt"}]}},"_links":{"self":[{"href":"https:\/\/www.sonnenseite.com\/de\/wp-json\/wp\/v2\/posts\/86434","targetHints":{"allow":["GET"]}}],"collection":[{"href":"https:\/\/www.sonnenseite.com\/de\/wp-json\/wp\/v2\/posts"}],"about":[{"href":"https:\/\/www.sonnenseite.com\/de\/wp-json\/wp\/v2\/types\/post"}],"author":[{"embeddable":true,"href":"https:\/\/www.sonnenseite.com\/de\/wp-json\/wp\/v2\/users\/3"}],"replies":[{"embeddable":true,"href":"https:\/\/www.sonnenseite.com\/de\/wp-json\/wp\/v2\/comments?post=86434"}],"version-history":[{"count":2,"href":"https:\/\/www.sonnenseite.com\/de\/wp-json\/wp\/v2\/posts\/86434\/revisions"}],"predecessor-version":[{"id":86436,"href":"https:\/\/www.sonnenseite.com\/de\/wp-json\/wp\/v2\/posts\/86434\/revisions\/86436"}],"wp:featuredmedia":[{"embeddable":true,"href":"https:\/\/www.sonnenseite.com\/de\/wp-json\/wp\/v2\/media\/1999"}],"wp:attachment":[{"href":"https:\/\/www.sonnenseite.com\/de\/wp-json\/wp\/v2\/media?parent=86434"}],"wp:term":[{"taxonomy":"category","embeddable":true,"href":"https:\/\/www.sonnenseite.com\/de\/wp-json\/wp\/v2\/categories?post=86434"},{"taxonomy":"post_tag","embeddable":true,"href":"https:\/\/www.sonnenseite.com\/de\/wp-json\/wp\/v2\/tags?post=86434"}],"curies":[{"name":"wp","href":"https:\/\/api.w.org\/{rel}","templated":true}]}}