{"id":86742,"date":"2022-11-13T09:50:59","date_gmt":"2022-11-13T08:50:59","guid":{"rendered":"https:\/\/www.sonnenseite.com\/?p=86742"},"modified":"2022-11-13T09:51:06","modified_gmt":"2022-11-13T08:51:06","slug":"cop27-usa-reklamieren-beim-klima-wieder-die-fuehrung","status":"publish","type":"post","link":"https:\/\/www.sonnenseite.com\/de\/politik\/cop27-usa-reklamieren-beim-klima-wieder-die-fuehrung\/","title":{"rendered":"COP27: USA reklamieren beim Klima wieder die\u00a0F\u00fchrung"},"content":{"rendered":"\n<p>Die US-Klimapolitik ist isolationistisch: Die USA investieren Rekordsummen im eigenen Land, tun aber bei der Unterst\u00fctzung von Entwicklungsl\u00e4ndern umso weniger. Ihrem F\u00fchrungsanspruch werden sie so nur teilweise gerecht.<\/p>\n\n\n\n<p>Nachdem seine Demokratische Partei <a href=\"https:\/\/www.tagesschau.de\/ausland\/amerika\/mark-kelly-arizona-usa-senat-zwischenwahlen-101.html\" target=\"_blank\" rel=\"noreferrer noopener\">unerwartet gut<\/a> bei den US-Parlamentswahlen abgeschnitten hat, ist US-Pr\u00e4sident Joe Biden am Freitag zur 27. UN-Klimakonferenz (<a href=\"https:\/\/www.klimareporter.de\/tag\/cop-27\" target=\"_blank\" rel=\"noreferrer noopener\">COP&nbsp;27<\/a>) nach Sharm el-Sheikh gekommen. Dort konnte er sich mit gro\u00dfer Glaubw\u00fcrdigkeit f\u00fcr mehr Klimaschutz einsetzen.<\/p>\n\n\n\n<p>Die Glaubw\u00fcrdigkeit beruht <a href=\"https:\/\/rmi.org\/climate-innovation-investment-and-industrial-policy\/\" target=\"_blank\" rel=\"noreferrer noopener\">auf drei Gesetzen<\/a>, die dieses Jahr verabschiedet wurden und enorme Summen f\u00fcr die Senkung der US-Emissionen freigeben: Allein <a href=\"https:\/\/www.klimareporter.de\/international\/us-senatoren-einigen-sich-auf-klimagesetz\" target=\"_blank\" rel=\"noreferrer noopener\">das &#8222;Inflationsreduktionsgesetz&#8220;<\/a> beinhaltet 370 Milliarden Dollar f\u00fcr den Klimaschutz \u00fcber die n\u00e4chsten zehn Jahre.<\/p>\n\n\n\n<p>Damit ist nahezu sichergestellt, dass die USA ihr Klimaziel f\u00fcr das Jahr 2030 erreichen werden: eine Reduktion der Emissionen um 50 Prozent im Vergleich zum Jahr 2005. Zudem k\u00f6nnen diese Gesetze nicht von den Republikanern ausgehebelt werden, selbst wenn diese am Ende doch eine oder gar beide Kammern des US-Parlaments kontrollieren sollten. Biden k\u00f6nnte das mit seinem Vetorecht stoppen.<\/p>\n\n\n\n<p>In Sharm el-Sheikh nutzte der US-Pr\u00e4sident diese starke Position, um von den anderen L\u00e4ndern gr\u00f6\u00dfere Anstrengungen im Klimaschutz <a href=\"https:\/\/www.tagesschau.de\/ausland\/klimakonferenz-rede-biden-101.html\" target=\"_blank\" rel=\"noreferrer noopener\">einzufordern<\/a>: &#8222;Um die Emissionskurve dauerhaft zu beugen, muss jede Nation ihren Beitrag leisten. Auf diesem Gipfel m\u00fcssen wir unsere Klimaziele erh\u00f6hen. Die USA handeln, aber alle m\u00fcssen handeln.&#8220;<a href=\"https:\/\/www.klimareporter.de\/banners\/click48\" target=\"_blank\" rel=\"noreferrer noopener\"><\/a><\/p>\n\n\n\n<p>Biden sprach auch die <a href=\"https:\/\/www.klimareporter.de\/klimakonferenzen\/klimakonferenz-beginnt-nahezu-reibungslos\" target=\"_blank\" rel=\"noreferrer noopener\">Verluste und Sch\u00e4den<\/a> an, die die Klimakrise bereits heute verursacht, nicht zuletzt in Entwicklungsl\u00e4ndern: &#8222;Die Klimakrise trifft die L\u00e4nder am h\u00e4rtesten, die am wenigsten Ressourcen haben, um zu reagieren.&#8220;<\/p>\n\n\n\n<p>Nat\u00fcrlich durfte auch ein Hinweis auf den F\u00fchrungsanspruch der USA nicht fehlen: &#8222;Ich habe die Pr\u00e4sidentschaft angetreten, um fundamentale Ver\u00e4nderungen herbeizuf\u00fchren und die USA als vertrauensw\u00fcrdige F\u00fchrungsmacht in Sachen Klima zu etablieren.&#8220;<\/p>\n\n\n\n<h5 class=\"wp-block-heading\">Fehlanzeige bei fairen Klimahilfen<\/h5>\n\n\n\n<p>Die Glaubw\u00fcrdigkeit eines Landes bei den <a href=\"https:\/\/de.wikipedia.org\/wiki\/Conference_of_the_Parties\" target=\"_blank\" rel=\"noreferrer noopener\">COPs<\/a> h\u00e4ngt allerdings nicht allein am <a href=\"https:\/\/www.klimareporter.de\/international\/das-fenster-schliesst-sich\" target=\"_blank\" rel=\"noreferrer noopener\">nationalen Klimaziel<\/a> und den Finanzmitteln und Gesetzen, um dieses zu erreichen. Bei Industriestaaten wie den USA schauen sowohl die anderen Industriestaaten als auch die Entwicklungsl\u00e4nder darauf, was das Land zu den Klimahilfen f\u00fcr \u00e4rmere L\u00e4nder beisteuert.<\/p>\n\n\n\n<p>Und hier haben die USA und damit auch Biden ein Problem. Das Land bleiben weit hinter seinem fairen Anteil an den <a href=\"https:\/\/www.klimareporter.de\/klimakonferenzen\/staaten-werden-beim-klimageld-kreativer\" target=\"_blank\" rel=\"noreferrer noopener\">100 Milliarden Dollar<\/a> zur\u00fcck, welche die Industriestaaten im Jahr 2009 den Entwicklungsl\u00e4ndern versprochen hatten. So haben die USA im Jahr 2020 nur acht Milliarden &#8222;mobilisiert&#8220; (inklusive privaten Mitteln)&nbsp;\u2013 ein F\u00fcnftel der 40 Milliarden, die ihrem Anteil an den historischen Emissionen gerecht w\u00fcrden, wie das Klimaportal <em>Carbon Brief<\/em> <a href=\"https:\/\/www.carbonbrief.org\/analysis-us-falling-32bn-short-on-fair-share-of-100bn-climate-finance-goal\/\" target=\"_blank\" rel=\"noreferrer noopener\">ausgerechnet hat<\/a>.<\/p>\n\n\n\n<p>Dieses Jahr stehen die USA sogar noch schlechter da. Biden hat zwar versprochen, die Klimahilfen auf 11,4 Milliarden pro Jahr zu erh\u00f6hen, bekam aber vom US-Kongress nur eine einzige Milliarde bewilligt. Auf die Frage &#8222;Wo ist das Geld?&#8220; m\u00fcsste Biden daher ehrlicherweise antworten: &#8222;Sorry, aber es gibt quasi keins.&#8220;<\/p>\n\n\n\n<p>Dieses Problem versucht Bidens Klimabeauftragter <a href=\"https:\/\/de.wikipedia.org\/wiki\/John_Kerry\" target=\"_blank\" rel=\"noreferrer noopener\">John Kerry<\/a> zu kaschieren, indem er stets die Wichtigkeit anderer Finanzquellen betont. Kerry will zum einen, dass die multilateralen Entwicklungsbanken mehr Geld in den Klimaschutz investieren, zum anderen will er Firmen an Klimaprojekten beteiligen. Diese sollen f\u00fcr jede eingesparte Tonne CO<sub>2<\/sub>-Zertifikate bekommen, die sie dann mit ihren eigenen Emissionen <a href=\"https:\/\/www.klimareporter.de\/finanzen-wirtschaft\/nullsummenspiel-oder-moderner-ablasshandel\" target=\"_blank\" rel=\"noreferrer noopener\">verrechnen k\u00f6nnen<\/a>.<\/p>\n\n\n\n<p>Bei <a href=\"https:\/\/de.wikipedia.org\/wiki\/Jochen_Flasbarth\" target=\"_blank\" rel=\"noreferrer noopener\">Jochen Flasbarth<\/a>, dem Staatssekret\u00e4r im deutschen Entwicklungsministerium, st\u00f6\u00dft Kerrys Plan auf <a href=\"https:\/\/www.politico.eu\/article\/john-kerry-us-jochen-flasbarth-germany-skeptical-of-us-carbon-credit-plan\/\" target=\"_blank\" rel=\"noreferrer noopener\">wenig Begeisterung<\/a>: &#8222;Wir haben eine gewisse Skepsis, ob das tats\u00e4chlich etwas ist, was die Zusagen der Industriel\u00e4nder gegen\u00fcber unseren Partnerl\u00e4ndern ersetzen soll.&#8220;<\/p>\n\n\n\n<p>Und Kerrys Lage k\u00f6nnte sich noch weiter verschlechtern. Falls die Republikaner die Mehrheit im Repr\u00e4sentantenhaus erringen sollten, k\u00f6nnten sie im kommenden Jahr auch die eine k\u00fcmmerliche Milliarde aus dem Haushalt streichen. Da hilft es auch nicht mehr, wenn die USA im eigenen Land Milliarden f\u00fcr den Klimaschutz ausgeben.<\/p>\n\n\n\n<h5 class=\"wp-block-heading\">Gespr\u00e4che mit China<\/h5>\n\n\n\n<p>Daf\u00fcr k\u00f6nnte sich die US-Position durch eine andere Entwicklung verbessern. Fortschritten auf Klimakonferenzen ging oft eine bilaterale Einigung zwischen den USA und China voraus. Das war sowohl <a href=\"https:\/\/web.archive.org\/web\/20170706204813\/http:\/\/www.klimaretter.info\/politik\/hintergrund\/17580-historischer-durchbruch-fuer-klimaschutz\" target=\"_blank\" rel=\"noreferrer noopener\">2015 in Paris<\/a> als auch letztes Jahr <a href=\"https:\/\/www.klimareporter.de\/klimakonferenzen\/usa-und-china-ueberraschen-mit-bilateralem-deal\" target=\"_blank\" rel=\"noreferrer noopener\">in Glasgow der Fall<\/a>.<\/p>\n\n\n\n<p>Nach dem Besuch von Nancy Pelosi, der Sprecherin des US-Repr\u00e4sentantenhauses, in Taiwan hat China aber alle bilateralen Kontakte zu den USA abgebrochen \u2013 offiziell auch beim Klima. Kerry und sein Pendant aus China, <a href=\"https:\/\/web.archive.org\/web\/20170606121723\/http:\/\/www.klimaretter.info\/politik\/hintergrund\/22258-china-und-eu-die-neue-klimaachse\" target=\"_blank\" rel=\"noreferrer noopener\">Xie Zhenhua<\/a>, pflegten aber weiterhin den Kontakt.<\/p>\n\n\n\n<p>Xie sagte in Sharm el-Sheikh, dass ihn mit Kerry eine 25-j\u00e4hrige Freundschaft verbinde und sie \u00fcber den Sommer acht Briefe ausgetauscht h\u00e4tten. Auch Kerry best\u00e4tigte, dass Gespr\u00e4che stattfinden: &#8222;Wir m\u00fcssen miteinander reden, weil wir die beiden gr\u00f6\u00dften Emittenten sind.&#8220;<\/p>\n\n\n\n<p>Kerry deutete zudem an, dass die Eiszeit zwischen den beiden Superm\u00e4chten demn\u00e4chst enden k\u00f6nnte\u00a0\u2013 nach <a href=\"https:\/\/www.tagesschau.de\/ausland\/asien\/putin-g20-indonesien-absage-103.html\" target=\"_blank\" rel=\"noreferrer noopener\">einem Treffen<\/a> zwischen Biden und Chinas Pr\u00e4sident Xi Jinping beim G20-Gipfel n\u00e4chste Woche auf Bali. Damit w\u00e4re das US-China-Gespann wieder handlungsf\u00e4hig.<\/p>\n\n\n<h5 class=\"green\">Quelle<\/h5>\r\n\n\n\n<p>Der Bericht wurde von der\u00a0<a href=\"https:\/\/www.klimareporter.de\/klimakonferenzen\/usa-reklamieren-beim-klima-wieder-die-fuehrung\">Redaktion \u201eklimareporter.de\u201c (Christian Mihatsch) 2022<\/a>\u00a0verfasst &#8211; der Artikel darf nicht ohne Genehmigung\u00a0(<a href=\"mailto:post@klimareporter.de\">post@klimareporter.de<\/a>) weiterverbreitet werden!\u00a0<\/p>\n<div class=\"shariff shariff-align-flex-start shariff-widget-align-flex-start\"><div class=\"ShariffHeadline\">Diese Meldung teilen<\/div><ul class=\"shariff-buttons theme-round orientation-horizontal buttonsize-medium\"><li class=\"shariff-button facebook shariff-nocustomcolor\" style=\"background-color:#4273c8;border-radius:1%\"><a href=\"https:\/\/www.facebook.com\/sharer\/sharer.php?u=https%3A%2F%2Fwww.sonnenseite.com%2Fde%2Fpolitik%2Fcop27-usa-reklamieren-beim-klima-wieder-die-fuehrung%2F\" title=\"Bei Facebook teilen\" aria-label=\"Bei Facebook teilen\" role=\"button\" rel=\"nofollow\" class=\"shariff-link\" style=\";border-radius:1%; background-color:#3b5998; color:#fff\" target=\"_blank\"><span class=\"shariff-icon\" style=\"\"><svg width=\"32px\" height=\"20px\" xmlns=\"http:\/\/www.w3.org\/2000\/svg\" viewBox=\"0 0 18 32\"><path fill=\"#3b5998\" d=\"M17.1 0.2v4.7h-2.8q-1.5 0-2.1 0.6t-0.5 1.9v3.4h5.2l-0.7 5.3h-4.5v13.6h-5.5v-13.6h-4.5v-5.3h4.5v-3.9q0-3.3 1.9-5.2t5-1.8q2.6 0 4.1 0.2z\"\/><\/svg><\/span><\/a><\/li><li class=\"shariff-button twitter shariff-nocustomcolor\" style=\"background-color:#595959;border-radius:1%\"><a href=\"https:\/\/twitter.com\/share?url=https%3A%2F%2Fwww.sonnenseite.com%2Fde%2Fpolitik%2Fcop27-usa-reklamieren-beim-klima-wieder-die-fuehrung%2F&text=COP27%3A%20USA%20reklamieren%20beim%20Klima%20wieder%20die%C2%A0F%C3%BChrung\" title=\"Bei X teilen\" aria-label=\"Bei X teilen\" role=\"button\" rel=\"noopener nofollow\" class=\"shariff-link\" style=\";border-radius:1%; background-color:#000; color:#fff\" target=\"_blank\"><span class=\"shariff-icon\" style=\"\"><svg width=\"32px\" height=\"20px\" xmlns=\"http:\/\/www.w3.org\/2000\/svg\" viewBox=\"0 0 24 24\"><path fill=\"#000\" d=\"M14.258 10.152L23.176 0h-2.113l-7.747 8.813L7.133 0H0l9.352 13.328L0 23.973h2.113l8.176-9.309 6.531 9.309h7.133zm-2.895 3.293l-.949-1.328L2.875 1.56h3.246l6.086 8.523.945 1.328 7.91 11.078h-3.246zm0 0\"\/><\/svg><\/span><\/a><\/li><li class=\"shariff-button xing shariff-nocustomcolor\" style=\"background-color:#29888a;border-radius:1%\"><a href=\"https:\/\/www.xing.com\/spi\/shares\/new?url=https%3A%2F%2Fwww.sonnenseite.com%2Fde%2Fpolitik%2Fcop27-usa-reklamieren-beim-klima-wieder-die-fuehrung%2F\" title=\"Bei XING teilen\" aria-label=\"Bei XING teilen\" role=\"button\" rel=\"noopener nofollow\" class=\"shariff-link\" style=\";border-radius:1%; background-color:#126567; color:#fff\" target=\"_blank\"><span class=\"shariff-icon\" style=\"\"><svg width=\"32px\" height=\"20px\" xmlns=\"http:\/\/www.w3.org\/2000\/svg\" viewBox=\"0 0 25 32\"><path fill=\"#126567\" d=\"M10.7 11.9q-0.2 0.3-4.6 8.2-0.5 0.8-1.2 0.8h-4.3q-0.4 0-0.5-0.3t0-0.6l4.5-8q0 0 0 0l-2.9-5q-0.2-0.4 0-0.7 0.2-0.3 0.5-0.3h4.3q0.7 0 1.2 0.8zM25.1 0.4q0.2 0.3 0 0.7l-9.4 16.7 6 11q0.2 0.4 0 0.6-0.2 0.3-0.6 0.3h-4.3q-0.7 0-1.2-0.8l-6-11.1q0.3-0.6 9.5-16.8 0.4-0.8 1.2-0.8h4.3q0.4 0 0.5 0.3z\"\/><\/svg><\/span><\/a><\/li><li class=\"shariff-button linkedin shariff-nocustomcolor\" style=\"background-color:#1488bf;border-radius:1%\"><a href=\"https:\/\/www.linkedin.com\/sharing\/share-offsite\/?url=https%3A%2F%2Fwww.sonnenseite.com%2Fde%2Fpolitik%2Fcop27-usa-reklamieren-beim-klima-wieder-die-fuehrung%2F\" title=\"Bei LinkedIn teilen\" aria-label=\"Bei LinkedIn teilen\" role=\"button\" rel=\"noopener nofollow\" class=\"shariff-link\" style=\";border-radius:1%; background-color:#0077b5; color:#fff\" target=\"_blank\"><span class=\"shariff-icon\" style=\"\"><svg width=\"32px\" height=\"20px\" xmlns=\"http:\/\/www.w3.org\/2000\/svg\" viewBox=\"0 0 27 32\"><path fill=\"#0077b5\" d=\"M6.2 11.2v17.7h-5.9v-17.7h5.9zM6.6 5.7q0 1.3-0.9 2.2t-2.4 0.9h0q-1.5 0-2.4-0.9t-0.9-2.2 0.9-2.2 2.4-0.9 2.4 0.9 0.9 2.2zM27.4 18.7v10.1h-5.9v-9.5q0-1.9-0.7-2.9t-2.3-1.1q-1.1 0-1.9 0.6t-1.2 1.5q-0.2 0.5-0.2 1.4v9.9h-5.9q0-7.1 0-11.6t0-5.3l0-0.9h5.9v2.6h0q0.4-0.6 0.7-1t1-0.9 1.6-0.8 2-0.3q3 0 4.9 2t1.9 6z\"\/><\/svg><\/span><\/a><\/li><li class=\"shariff-button printer shariff-nocustomcolor\" style=\"background-color:#a8a8a8;border-radius:1%\"><a href=\"javascript:window.print()\" title=\"drucken\" aria-label=\"drucken\" role=\"button\" rel=\"noopener nofollow\" class=\"shariff-link\" style=\";border-radius:1%; background-color:#999; color:#fff\"><span class=\"shariff-icon\" style=\"\"><svg width=\"32px\" height=\"20px\" xmlns=\"http:\/\/www.w3.org\/2000\/svg\" viewBox=\"0 0 30 32\"><path fill=\"#999\" d=\"M6.8 27.4h16v-4.6h-16v4.6zM6.8 16h16v-6.8h-2.8q-0.7 0-1.2-0.5t-0.5-1.2v-2.8h-11.4v11.4zM27.4 17.2q0-0.5-0.3-0.8t-0.8-0.4-0.8 0.4-0.3 0.8 0.3 0.8 0.8 0.3 0.8-0.3 0.3-0.8zM29.7 17.2v7.4q0 0.2-0.2 0.4t-0.4 0.2h-4v2.8q0 0.7-0.5 1.2t-1.2 0.5h-17.2q-0.7 0-1.2-0.5t-0.5-1.2v-2.8h-4q-0.2 0-0.4-0.2t-0.2-0.4v-7.4q0-1.4 1-2.4t2.4-1h1.2v-9.7q0-0.7 0.5-1.2t1.2-0.5h12q0.7 0 1.6 0.4t1.3 0.8l2.7 2.7q0.5 0.5 0.9 1.4t0.4 1.6v4.6h1.1q1.4 0 2.4 1t1 2.4z\"\/><\/svg><\/span><\/a><\/li><li class=\"shariff-button mailto shariff-nocustomcolor\" style=\"background-color:#a8a8a8;border-radius:1%\"><a href=\"mailto:?body=https%3A%2F%2Fwww.sonnenseite.com%2Fde%2Fpolitik%2Fcop27-usa-reklamieren-beim-klima-wieder-die-fuehrung%2F&subject=COP27%3A%20USA%20reklamieren%20beim%20Klima%20wieder%20die%C2%A0F%C3%BChrung\" title=\"Per E-Mail versenden\" aria-label=\"Per E-Mail versenden\" role=\"button\" rel=\"noopener nofollow\" class=\"shariff-link\" style=\";border-radius:1%; background-color:#999; color:#fff\"><span class=\"shariff-icon\" style=\"\"><svg width=\"32px\" height=\"20px\" xmlns=\"http:\/\/www.w3.org\/2000\/svg\" viewBox=\"0 0 32 32\"><path fill=\"#999\" d=\"M32 12.7v14.2q0 1.2-0.8 2t-2 0.9h-26.3q-1.2 0-2-0.9t-0.8-2v-14.2q0.8 0.9 1.8 1.6 6.5 4.4 8.9 6.1 1 0.8 1.6 1.2t1.7 0.9 2 0.4h0.1q0.9 0 2-0.4t1.7-0.9 1.6-1.2q3-2.2 8.9-6.1 1-0.7 1.8-1.6zM32 7.4q0 1.4-0.9 2.7t-2.2 2.2q-6.7 4.7-8.4 5.8-0.2 0.1-0.7 0.5t-1 0.7-0.9 0.6-1.1 0.5-0.9 0.2h-0.1q-0.4 0-0.9-0.2t-1.1-0.5-0.9-0.6-1-0.7-0.7-0.5q-1.6-1.1-4.7-3.2t-3.6-2.6q-1.1-0.7-2.1-2t-1-2.5q0-1.4 0.7-2.3t2.1-0.9h26.3q1.2 0 2 0.8t0.9 2z\"\/><\/svg><\/span><\/a><\/li><\/ul><\/div>","protected":false},"excerpt":{"rendered":"<p>Die US-Klimapolitik ist isolationistisch: Die USA investieren Rekordsummen im eigenen Land, tun aber bei der Unterst\u00fctzung [&hellip;]<\/p>\n","protected":false},"author":3,"featured_media":68013,"comment_status":"closed","ping_status":"closed","sticky":false,"template":"","format":"standard","meta":{"inline_featured_image":false,"footnotes":""},"categories":[21],"tags":[],"class_list":["post-86742","post","type-post","status-publish","format-standard","has-post-thumbnail","hentry","category-politik"],"yoast_head":"<!-- This site is optimized with the Yoast SEO plugin v26.5 - https:\/\/yoast.com\/wordpress\/plugins\/seo\/ -->\n<title>COP27: USA reklamieren beim Klima wieder die\u00a0F\u00fchrung - Sonnenseite - \u00d6kologische Kommunikation mit Franz Alt<\/title>\n<meta name=\"description\" content=\"Die US-Klimapolitik ist isolationistisch: Die USA investieren Rekordsummen im eigenen Land, tun aber bei der Unterst\u00fctzung von Entwicklungsl\u00e4ndern umso\" \/>\n<meta name=\"robots\" content=\"index, follow, max-snippet:-1, max-image-preview:large, max-video-preview:-1\" \/>\n<link rel=\"canonical\" href=\"https:\/\/www.sonnenseite.com\/de\/politik\/cop27-usa-reklamieren-beim-klima-wieder-die-fuehrung\/\" \/>\n<meta property=\"og:locale\" content=\"de_DE\" \/>\n<meta property=\"og:type\" content=\"article\" \/>\n<meta property=\"og:title\" content=\"COP27: USA reklamieren beim Klima wieder die\u00a0F\u00fchrung - Sonnenseite - \u00d6kologische Kommunikation mit Franz Alt\" \/>\n<meta property=\"og:description\" content=\"Die US-Klimapolitik ist isolationistisch: Die USA investieren Rekordsummen im eigenen Land, tun aber bei der Unterst\u00fctzung von Entwicklungsl\u00e4ndern umso\" \/>\n<meta property=\"og:url\" content=\"https:\/\/www.sonnenseite.com\/de\/politik\/cop27-usa-reklamieren-beim-klima-wieder-die-fuehrung\/\" \/>\n<meta property=\"og:site_name\" content=\"Sonnenseite\" \/>\n<meta property=\"article:publisher\" content=\"https:\/\/www.facebook.com\/pages\/Franz-Alt-SONNENSEITECOM\/221072987903953?fref=ts\" \/>\n<meta property=\"article:published_time\" content=\"2022-11-13T08:50:59+00:00\" \/>\n<meta property=\"article:modified_time\" content=\"2022-11-13T08:51:06+00:00\" \/>\n<meta property=\"og:image\" content=\"https:\/\/www.sonnenseite.com\/wp-content\/uploads\/2021\/02\/JoeBiden_americanspirit.jpg\" \/>\n\t<meta property=\"og:image:width\" content=\"770\" \/>\n\t<meta property=\"og:image:height\" content=\"420\" \/>\n\t<meta property=\"og:image:type\" content=\"image\/jpeg\" \/>\n<meta name=\"author\" content=\"Bigi Alt\" \/>\n<meta name=\"twitter:card\" content=\"summary_large_image\" \/>\n<meta name=\"twitter:creator\" content=\"@franzalt\" \/>\n<meta name=\"twitter:site\" content=\"@franzalt\" \/>\n<meta name=\"twitter:label1\" content=\"Verfasst von\" \/>\n\t<meta name=\"twitter:data1\" content=\"Bigi Alt\" \/>\n\t<meta name=\"twitter:label2\" content=\"Gesch\u00e4tzte Lesezeit\" \/>\n\t<meta name=\"twitter:data2\" content=\"5\u00a0Minuten\" \/>\n<script type=\"application\/ld+json\" class=\"yoast-schema-graph\">{\"@context\":\"https:\/\/schema.org\",\"@graph\":[{\"@type\":\"Article\",\"@id\":\"https:\/\/www.sonnenseite.com\/de\/politik\/cop27-usa-reklamieren-beim-klima-wieder-die-fuehrung\/#article\",\"isPartOf\":{\"@id\":\"https:\/\/www.sonnenseite.com\/de\/politik\/cop27-usa-reklamieren-beim-klima-wieder-die-fuehrung\/\"},\"author\":{\"name\":\"Bigi Alt\",\"@id\":\"https:\/\/www.sonnenseite.com\/de\/#\/schema\/person\/50fda0e926597684c7cc6695238a4eb9\"},\"headline\":\"COP27: USA reklamieren beim Klima wieder die\u00a0F\u00fchrung\",\"datePublished\":\"2022-11-13T08:50:59+00:00\",\"dateModified\":\"2022-11-13T08:51:06+00:00\",\"mainEntityOfPage\":{\"@id\":\"https:\/\/www.sonnenseite.com\/de\/politik\/cop27-usa-reklamieren-beim-klima-wieder-die-fuehrung\/\"},\"wordCount\":830,\"publisher\":{\"@id\":\"https:\/\/www.sonnenseite.com\/de\/#organization\"},\"image\":{\"@id\":\"https:\/\/www.sonnenseite.com\/de\/politik\/cop27-usa-reklamieren-beim-klima-wieder-die-fuehrung\/#primaryimage\"},\"thumbnailUrl\":\"https:\/\/www.sonnenseite.com\/wp-content\/uploads\/2021\/02\/JoeBiden_americanspirit.jpg\",\"articleSection\":[\"Politik\"],\"inLanguage\":\"de\"},{\"@type\":\"WebPage\",\"@id\":\"https:\/\/www.sonnenseite.com\/de\/politik\/cop27-usa-reklamieren-beim-klima-wieder-die-fuehrung\/\",\"url\":\"https:\/\/www.sonnenseite.com\/de\/politik\/cop27-usa-reklamieren-beim-klima-wieder-die-fuehrung\/\",\"name\":\"COP27: USA reklamieren beim Klima wieder die\u00a0F\u00fchrung - Sonnenseite - \u00d6kologische Kommunikation mit Franz Alt\",\"isPartOf\":{\"@id\":\"https:\/\/www.sonnenseite.com\/de\/#website\"},\"primaryImageOfPage\":{\"@id\":\"https:\/\/www.sonnenseite.com\/de\/politik\/cop27-usa-reklamieren-beim-klima-wieder-die-fuehrung\/#primaryimage\"},\"image\":{\"@id\":\"https:\/\/www.sonnenseite.com\/de\/politik\/cop27-usa-reklamieren-beim-klima-wieder-die-fuehrung\/#primaryimage\"},\"thumbnailUrl\":\"https:\/\/www.sonnenseite.com\/wp-content\/uploads\/2021\/02\/JoeBiden_americanspirit.jpg\",\"datePublished\":\"2022-11-13T08:50:59+00:00\",\"dateModified\":\"2022-11-13T08:51:06+00:00\",\"description\":\"Die US-Klimapolitik ist isolationistisch: Die USA investieren Rekordsummen im eigenen Land, tun aber bei der Unterst\u00fctzung von Entwicklungsl\u00e4ndern umso\",\"breadcrumb\":{\"@id\":\"https:\/\/www.sonnenseite.com\/de\/politik\/cop27-usa-reklamieren-beim-klima-wieder-die-fuehrung\/#breadcrumb\"},\"inLanguage\":\"de\",\"potentialAction\":[{\"@type\":\"ReadAction\",\"target\":[\"https:\/\/www.sonnenseite.com\/de\/politik\/cop27-usa-reklamieren-beim-klima-wieder-die-fuehrung\/\"]}]},{\"@type\":\"ImageObject\",\"inLanguage\":\"de\",\"@id\":\"https:\/\/www.sonnenseite.com\/de\/politik\/cop27-usa-reklamieren-beim-klima-wieder-die-fuehrung\/#primaryimage\",\"url\":\"https:\/\/www.sonnenseite.com\/wp-content\/uploads\/2021\/02\/JoeBiden_americanspirit.jpg\",\"contentUrl\":\"https:\/\/www.sonnenseite.com\/wp-content\/uploads\/2021\/02\/JoeBiden_americanspirit.jpg\",\"width\":770,\"height\":420,\"caption\":\"ClipDealer.com | americanspirit | US-Pr\u00e4sident Joe Biden\"},{\"@type\":\"BreadcrumbList\",\"@id\":\"https:\/\/www.sonnenseite.com\/de\/politik\/cop27-usa-reklamieren-beim-klima-wieder-die-fuehrung\/#breadcrumb\",\"itemListElement\":[{\"@type\":\"ListItem\",\"position\":1,\"name\":\"Startseite\",\"item\":\"https:\/\/www.sonnenseite.com\/de\/\"},{\"@type\":\"ListItem\",\"position\":2,\"name\":\"COP27: USA reklamieren beim Klima wieder die\u00a0F\u00fchrung\"}]},{\"@type\":\"WebSite\",\"@id\":\"https:\/\/www.sonnenseite.com\/de\/#website\",\"url\":\"https:\/\/www.sonnenseite.com\/de\/\",\"name\":\"Sonnenseite\",\"description\":\"\u00d6kologische Kommunikation mit Franz Alt\",\"publisher\":{\"@id\":\"https:\/\/www.sonnenseite.com\/de\/#organization\"},\"potentialAction\":[{\"@type\":\"SearchAction\",\"target\":{\"@type\":\"EntryPoint\",\"urlTemplate\":\"https:\/\/www.sonnenseite.com\/de\/?s={search_term_string}\"},\"query-input\":{\"@type\":\"PropertyValueSpecification\",\"valueRequired\":true,\"valueName\":\"search_term_string\"}}],\"inLanguage\":\"de\"},{\"@type\":\"Organization\",\"@id\":\"https:\/\/www.sonnenseite.com\/de\/#organization\",\"name\":\"Sonnenseite\",\"url\":\"https:\/\/www.sonnenseite.com\/de\/\",\"logo\":{\"@type\":\"ImageObject\",\"inLanguage\":\"de\",\"@id\":\"https:\/\/www.sonnenseite.com\/de\/#\/schema\/logo\/image\/\",\"url\":\"https:\/\/www.sonnenseite.com\/wp-content\/uploads\/2020\/05\/Sonnenseite_Logo.png\",\"contentUrl\":\"https:\/\/www.sonnenseite.com\/wp-content\/uploads\/2020\/05\/Sonnenseite_Logo.png\",\"width\":377,\"height\":90,\"caption\":\"Sonnenseite\"},\"image\":{\"@id\":\"https:\/\/www.sonnenseite.com\/de\/#\/schema\/logo\/image\/\"},\"sameAs\":[\"https:\/\/www.facebook.com\/pages\/Franz-Alt-SONNENSEITECOM\/221072987903953?fref=ts\",\"https:\/\/x.com\/franzalt\",\"http:\/\/www.youtube.com\/results?search_query&amp;amp;quot;franz_alt&amp;amp;quot;&amp;amp;amp;amp;search_type&amp;amp;amp;amp;aq=f\"]},{\"@type\":\"Person\",\"@id\":\"https:\/\/www.sonnenseite.com\/de\/#\/schema\/person\/50fda0e926597684c7cc6695238a4eb9\",\"name\":\"Bigi Alt\"}]}<\/script>\n<!-- \/ Yoast SEO plugin. -->","yoast_head_json":{"title":"COP27: USA reklamieren beim Klima wieder die\u00a0F\u00fchrung - Sonnenseite - \u00d6kologische Kommunikation mit Franz Alt","description":"Die US-Klimapolitik ist isolationistisch: Die USA investieren Rekordsummen im eigenen Land, tun aber bei der Unterst\u00fctzung von Entwicklungsl\u00e4ndern umso","robots":{"index":"index","follow":"follow","max-snippet":"max-snippet:-1","max-image-preview":"max-image-preview:large","max-video-preview":"max-video-preview:-1"},"canonical":"https:\/\/www.sonnenseite.com\/de\/politik\/cop27-usa-reklamieren-beim-klima-wieder-die-fuehrung\/","og_locale":"de_DE","og_type":"article","og_title":"COP27: USA reklamieren beim Klima wieder die\u00a0F\u00fchrung - Sonnenseite - \u00d6kologische Kommunikation mit Franz Alt","og_description":"Die US-Klimapolitik ist isolationistisch: Die USA investieren Rekordsummen im eigenen Land, tun aber bei der Unterst\u00fctzung von Entwicklungsl\u00e4ndern umso","og_url":"https:\/\/www.sonnenseite.com\/de\/politik\/cop27-usa-reklamieren-beim-klima-wieder-die-fuehrung\/","og_site_name":"Sonnenseite","article_publisher":"https:\/\/www.facebook.com\/pages\/Franz-Alt-SONNENSEITECOM\/221072987903953?fref=ts","article_published_time":"2022-11-13T08:50:59+00:00","article_modified_time":"2022-11-13T08:51:06+00:00","og_image":[{"width":770,"height":420,"url":"https:\/\/www.sonnenseite.com\/wp-content\/uploads\/2021\/02\/JoeBiden_americanspirit.jpg","type":"image\/jpeg"}],"author":"Bigi Alt","twitter_card":"summary_large_image","twitter_creator":"@franzalt","twitter_site":"@franzalt","twitter_misc":{"Verfasst von":"Bigi Alt","Gesch\u00e4tzte Lesezeit":"5\u00a0Minuten"},"schema":{"@context":"https:\/\/schema.org","@graph":[{"@type":"Article","@id":"https:\/\/www.sonnenseite.com\/de\/politik\/cop27-usa-reklamieren-beim-klima-wieder-die-fuehrung\/#article","isPartOf":{"@id":"https:\/\/www.sonnenseite.com\/de\/politik\/cop27-usa-reklamieren-beim-klima-wieder-die-fuehrung\/"},"author":{"name":"Bigi Alt","@id":"https:\/\/www.sonnenseite.com\/de\/#\/schema\/person\/50fda0e926597684c7cc6695238a4eb9"},"headline":"COP27: USA reklamieren beim Klima wieder die\u00a0F\u00fchrung","datePublished":"2022-11-13T08:50:59+00:00","dateModified":"2022-11-13T08:51:06+00:00","mainEntityOfPage":{"@id":"https:\/\/www.sonnenseite.com\/de\/politik\/cop27-usa-reklamieren-beim-klima-wieder-die-fuehrung\/"},"wordCount":830,"publisher":{"@id":"https:\/\/www.sonnenseite.com\/de\/#organization"},"image":{"@id":"https:\/\/www.sonnenseite.com\/de\/politik\/cop27-usa-reklamieren-beim-klima-wieder-die-fuehrung\/#primaryimage"},"thumbnailUrl":"https:\/\/www.sonnenseite.com\/wp-content\/uploads\/2021\/02\/JoeBiden_americanspirit.jpg","articleSection":["Politik"],"inLanguage":"de"},{"@type":"WebPage","@id":"https:\/\/www.sonnenseite.com\/de\/politik\/cop27-usa-reklamieren-beim-klima-wieder-die-fuehrung\/","url":"https:\/\/www.sonnenseite.com\/de\/politik\/cop27-usa-reklamieren-beim-klima-wieder-die-fuehrung\/","name":"COP27: USA reklamieren beim Klima wieder die\u00a0F\u00fchrung - Sonnenseite - \u00d6kologische Kommunikation mit Franz Alt","isPartOf":{"@id":"https:\/\/www.sonnenseite.com\/de\/#website"},"primaryImageOfPage":{"@id":"https:\/\/www.sonnenseite.com\/de\/politik\/cop27-usa-reklamieren-beim-klima-wieder-die-fuehrung\/#primaryimage"},"image":{"@id":"https:\/\/www.sonnenseite.com\/de\/politik\/cop27-usa-reklamieren-beim-klima-wieder-die-fuehrung\/#primaryimage"},"thumbnailUrl":"https:\/\/www.sonnenseite.com\/wp-content\/uploads\/2021\/02\/JoeBiden_americanspirit.jpg","datePublished":"2022-11-13T08:50:59+00:00","dateModified":"2022-11-13T08:51:06+00:00","description":"Die US-Klimapolitik ist isolationistisch: Die USA investieren Rekordsummen im eigenen Land, tun aber bei der Unterst\u00fctzung von Entwicklungsl\u00e4ndern umso","breadcrumb":{"@id":"https:\/\/www.sonnenseite.com\/de\/politik\/cop27-usa-reklamieren-beim-klima-wieder-die-fuehrung\/#breadcrumb"},"inLanguage":"de","potentialAction":[{"@type":"ReadAction","target":["https:\/\/www.sonnenseite.com\/de\/politik\/cop27-usa-reklamieren-beim-klima-wieder-die-fuehrung\/"]}]},{"@type":"ImageObject","inLanguage":"de","@id":"https:\/\/www.sonnenseite.com\/de\/politik\/cop27-usa-reklamieren-beim-klima-wieder-die-fuehrung\/#primaryimage","url":"https:\/\/www.sonnenseite.com\/wp-content\/uploads\/2021\/02\/JoeBiden_americanspirit.jpg","contentUrl":"https:\/\/www.sonnenseite.com\/wp-content\/uploads\/2021\/02\/JoeBiden_americanspirit.jpg","width":770,"height":420,"caption":"ClipDealer.com | americanspirit | US-Pr\u00e4sident Joe Biden"},{"@type":"BreadcrumbList","@id":"https:\/\/www.sonnenseite.com\/de\/politik\/cop27-usa-reklamieren-beim-klima-wieder-die-fuehrung\/#breadcrumb","itemListElement":[{"@type":"ListItem","position":1,"name":"Startseite","item":"https:\/\/www.sonnenseite.com\/de\/"},{"@type":"ListItem","position":2,"name":"COP27: USA reklamieren beim Klima wieder die\u00a0F\u00fchrung"}]},{"@type":"WebSite","@id":"https:\/\/www.sonnenseite.com\/de\/#website","url":"https:\/\/www.sonnenseite.com\/de\/","name":"Sonnenseite","description":"\u00d6kologische Kommunikation mit Franz Alt","publisher":{"@id":"https:\/\/www.sonnenseite.com\/de\/#organization"},"potentialAction":[{"@type":"SearchAction","target":{"@type":"EntryPoint","urlTemplate":"https:\/\/www.sonnenseite.com\/de\/?s={search_term_string}"},"query-input":{"@type":"PropertyValueSpecification","valueRequired":true,"valueName":"search_term_string"}}],"inLanguage":"de"},{"@type":"Organization","@id":"https:\/\/www.sonnenseite.com\/de\/#organization","name":"Sonnenseite","url":"https:\/\/www.sonnenseite.com\/de\/","logo":{"@type":"ImageObject","inLanguage":"de","@id":"https:\/\/www.sonnenseite.com\/de\/#\/schema\/logo\/image\/","url":"https:\/\/www.sonnenseite.com\/wp-content\/uploads\/2020\/05\/Sonnenseite_Logo.png","contentUrl":"https:\/\/www.sonnenseite.com\/wp-content\/uploads\/2020\/05\/Sonnenseite_Logo.png","width":377,"height":90,"caption":"Sonnenseite"},"image":{"@id":"https:\/\/www.sonnenseite.com\/de\/#\/schema\/logo\/image\/"},"sameAs":["https:\/\/www.facebook.com\/pages\/Franz-Alt-SONNENSEITECOM\/221072987903953?fref=ts","https:\/\/x.com\/franzalt","http:\/\/www.youtube.com\/results?search_query&amp;amp;quot;franz_alt&amp;amp;quot;&amp;amp;amp;amp;search_type&amp;amp;amp;amp;aq=f"]},{"@type":"Person","@id":"https:\/\/www.sonnenseite.com\/de\/#\/schema\/person\/50fda0e926597684c7cc6695238a4eb9","name":"Bigi Alt"}]}},"_links":{"self":[{"href":"https:\/\/www.sonnenseite.com\/de\/wp-json\/wp\/v2\/posts\/86742","targetHints":{"allow":["GET"]}}],"collection":[{"href":"https:\/\/www.sonnenseite.com\/de\/wp-json\/wp\/v2\/posts"}],"about":[{"href":"https:\/\/www.sonnenseite.com\/de\/wp-json\/wp\/v2\/types\/post"}],"author":[{"embeddable":true,"href":"https:\/\/www.sonnenseite.com\/de\/wp-json\/wp\/v2\/users\/3"}],"replies":[{"embeddable":true,"href":"https:\/\/www.sonnenseite.com\/de\/wp-json\/wp\/v2\/comments?post=86742"}],"version-history":[{"count":1,"href":"https:\/\/www.sonnenseite.com\/de\/wp-json\/wp\/v2\/posts\/86742\/revisions"}],"predecessor-version":[{"id":86743,"href":"https:\/\/www.sonnenseite.com\/de\/wp-json\/wp\/v2\/posts\/86742\/revisions\/86743"}],"wp:featuredmedia":[{"embeddable":true,"href":"https:\/\/www.sonnenseite.com\/de\/wp-json\/wp\/v2\/media\/68013"}],"wp:attachment":[{"href":"https:\/\/www.sonnenseite.com\/de\/wp-json\/wp\/v2\/media?parent=86742"}],"wp:term":[{"taxonomy":"category","embeddable":true,"href":"https:\/\/www.sonnenseite.com\/de\/wp-json\/wp\/v2\/categories?post=86742"},{"taxonomy":"post_tag","embeddable":true,"href":"https:\/\/www.sonnenseite.com\/de\/wp-json\/wp\/v2\/tags?post=86742"}],"curies":[{"name":"wp","href":"https:\/\/api.w.org\/{rel}","templated":true}]}}