{"id":87110,"date":"2022-11-26T02:02:00","date_gmt":"2022-11-26T01:02:00","guid":{"rendered":"https:\/\/www.sonnenseite.com\/?p=87110"},"modified":"2022-11-25T15:08:50","modified_gmt":"2022-11-25T14:08:50","slug":"duh-wir-sind-auf-der-zielgeraden-fuer-ein-tempolimit","status":"publish","type":"post","link":"https:\/\/www.sonnenseite.com\/de\/umwelt\/duh-wir-sind-auf-der-zielgeraden-fuer-ein-tempolimit\/","title":{"rendered":"DUH: Wir sind auf der Zielgeraden f\u00fcr ein Tempolimit"},"content":{"rendered":"\n<p>und einen Stopp der Betrugsdiesel &#8211; Mit der Ver\u00f6ffentlichung der Dieselgate-Papers in der vergangenen Woche ist uns endlich der Nachweis gelungen, dass der gr\u00f6\u00dfte Industrieskandal der deutschen Nachkriegsgeschichte eine Auftragsarbeit der vier gr\u00f6\u00dften Automobilunternehmen Deutschlands war. <\/p>\n\n\n\n<p>Es handelt sich um eine vom Auftragnehmer BOSCH umgesetzte Programmierung, nicht um eine Eigenm\u00e4chtigkeit einzelner VW-Ingenieure. Audi, BMW, Daimler, VW und BOSCH wussten nach diesen bis ins Jahr 2006 zur\u00fcckreichenden Dokumenten ganz genau, dass die vor 16 Jahren in einer konspirativen Sitzung in Auftrag gegebene Betrugssoftware illegal ist. Dennoch haben sie sich daf\u00fcr entschieden, viele zehntausend vorzeitige Todesf\u00e4lle und hunderttausende an Atemwegerkrankungen in Kauf zu nehmen. Die Verweigerung einer funktionierenden Abgasreinigung hat pro Diesel-Pkw mehrere hundert Euro eingespart und den Unternehmen mehr als 30 Milliarden Euro Gewinn eingebracht.<br>&nbsp;<br>Die uns im Sommer 2022 aus der Automobilindustrie zugespielten Dokumente haben wir unter h\u00f6chster Geheimhaltung genau ausgewertet und ihre Echtheit hat sich best\u00e4tigt. Anders als vor sechs Jahren, als wir das letzte Mal interne VW-Papiere ver\u00f6ffentlichten, sollte es dieses Jahr niemandem gelingen, in unser Computersystem bzw. unseren Webserver einzudringen und dort Dokumente zu \u00e4ndern und die Ver\u00f6ffentlichung zu behindern. Die uns vorliegenden und zum gro\u00dfen Teil von uns ver\u00f6ffentlichten Gespr\u00e4chsnotizen, E-Mails und Pr\u00e4sentationen belegen die <strong>aktive Rolle der vors\u00e4tzlich kriminell agierenden Dieselkonzerne bei der Beauftragung der Programmierung illegaler Abschalteinrichtungen. Binnen eines Jahrzehnts war aus einer Basis-Betrugssoftware eine ganze Familie von <\/strong>44 unterschiedlichen Varianten an Abschalteinrichtungen angewachsen.<br>&nbsp;<br>Wir haben die Unterlagen bereits an die Staatsanwaltschaft Stuttgart und die Kartellbeh\u00f6rde der Europ\u00e4ischen Kommission weitergeleitet und im Internet ver\u00f6ffentlicht, so dass alle Besitzer von Betrugsdieseln eine gute Chance haben, ihre Rechte gegen den jeweiligen Hersteller durchzusetzen.<br>&nbsp;<br>Nur eine Woche zuvor haben wir einen wichtigen Doppel-Erfolg vor dem Europ\u00e4ischen Gerichtshof (EuGH) erzielt: Am 8. November hat der EuGH in einer <strong>Grundsatzentscheidung zu Dieselgate<\/strong> unserer Argumentation zur Illegalit\u00e4t aller von der Bundesregierung tolerierten Abschalteinrichtungen in allen Punkten f\u00fcr Recht erkl\u00e4rt und ein f\u00fcr alle Mal klargestellt: <strong>Abschalteinrichtungen bei Diesel-Pkw sind illegal. Und unsere Klagebefugnis wurde best\u00e4tigt.<\/strong> Bereits am 20. Februar 2023 k\u00f6nnen wir nun die seit mehr als f\u00fcnf Jahren ruhenden Rechtsverfahren verhandeln.<br>&nbsp;<br>Wir werden uns mit aller Kraft daf\u00fcr einsetzen, dass die noch auf unseren Stra\u00dfen verkehrenden \u00fcber f\u00fcnf Millionen Diesel-Pkw mit illegalen Abschalteinrichtungen und im Winter abgeschalteter Abgasreinigung entweder auf Kosten der Hersteller nachger\u00fcstet oder stillgelegt und die Halter entsch\u00e4digt werden.<br>&nbsp;<br>Kommen wir zum <strong>Tempolimit<\/strong>: Mit einem ebenfalls vor dem baden-w\u00fcrttembergischen Verwaltungsgerichtshof erzielten Grundsatzurteil gegen die v\u00f6llig unzureichende Klimaschutzpolitik des Landes Baden-W\u00fcrttemberg haben wir zum allerersten Mal direkt eine Klimaklage gegen eine Regierung in Deutschland gewonnen! Damit k\u00f6nnen wir nun im Rahmen der Zwangsvollstreckung geeignete Klimaschutzma\u00dfnahmen im Verkehrsbereich kurzfristig durchsetzen. Gerade f\u00fcr unsere Klage auf Bundesebene vor dem Oberverwaltungsgericht Berlin-Brandenburg gegen das \u201eSofortprogramm Klimaschutz\u201c von Verkehrsminister Wissing rechnen wir uns nun allerbeste Chancen aus, diese gleichfalls zu gewinnen und damit als wichtigste Sofortma\u00dfnahme ein Tempolimit von 100 km\/h auf Autobahnen und 80 km\/h au\u00dferorts sowie Tempo 30 als Regelgeschwindigkeit innerorts durchzusetzen.<br>&nbsp;<br><strong>Wir rechnen nun erneut mit heftigem Gegenwind seitens der Automobilindustrie.<\/strong> Denn Daimler, VW und Co. und die von den Autokonzernen regelrecht gesteuerten Landes- wie Bundesminister und Regierungschefs sind offensichtlich nicht bereit, das Grundsatzurteil des EuGH zu akzeptieren. In einer Regierungspressekonferenz erkl\u00e4rte die Sprecherin des Verkehrsministeriums, ihr Haus sehe keine Veranlassung, seine Haltung zu ver\u00e4ndern. Das betrifft auch das Thema Klimaschutz im Verkehrssektor und die Verkehrswende selbst \u2013 diese soll wohl im Keim erstickt werden.<br>&nbsp;<br>Zu welchen brutalen Mitteln unsere Gegner greifen, habe ich Ihnen bereits in vorherigen Schreiben geschildert: In mehreren Facebook-Foren und -Gruppen wird systematisch zu Gewalt gegen meine Person und sogar zum Mord aufgerufen. Unsere aktuellen Erfolge wurden gleich mit einer Vielzahl neuer Bedrohungen begleitet.<br>&nbsp;<br>Leitende Mitarbeiter des Automobilhandels betreiben zwei Facebook-Gruppen \u201eStoppt die Deutsche Umwelthilfe\u201c sowie \u201eStoppt die Deutsche Umwelthilfe Jetzt!\u201c mit zusammen \u00fcber 63.000 Mitgliedern. Ganz ehrlich: Ich kann es kaum erwarten, bis im M\u00e4rz n\u00e4chsten Jahres endlich das Landgericht Berlin unsere Klage gegen den Facebook-Mutterkonzern META verhandelt. Wir fordern die Schlie\u00dfung von Facebook-Gruppen, in denen zu Gewalt und Mord aufgerufen wird.<br>&nbsp;<br>Ich m\u00f6chte Ihnen an dieser Stelle versichern, dass wir uns weder von diesem rechtslastigen P\u00f6bel, noch von den in einem Betrugskartell verbundenen Dieselkonzernen unter Druck setzen lassen. Daher machen wir auch alle Bedrohungen sofort \u00f6ffentlich. Wir k\u00e4mpfen mit den Mitteln des Rechtsstaates f\u00fcr den Klimaschutz, die Saubere Luft und eine echte Verkehrswende. Ich verspreche Ihnen: Wir werden uns von unseren Gegnern nicht einsch\u00fcchtern oder mundtot machen lassen! Aber daf\u00fcr brauchen wir m\u00f6glichst viele Menschen, die hinter uns stehen.<br>&nbsp;<br>Ich danke allen ganz herzlich, die meinem Aufruf vor zwei Wochen gefolgt sind und sich entschieden haben, uns als Klimaklagen-Paten oder mit einer Spende den R\u00fccken zu st\u00e4rken! Jeder dieser Beitr\u00e4ge hilft uns, standhaft zu bleiben.<br>&nbsp;<br>Wir werden auch in den kommenden Monaten alle unsere Kr\u00e4fte b\u00fcndeln und uns unnachgiebig f\u00fcr den Umwelt- und Klimaschutz einsetzen. Ich bin zuversichtlich, dass wir es schaffen, <strong>mit unseren Kampagnen und mit Klagen vor Gericht den Klimaschutz auch im Verkehrsbereich durchzusetzen! <\/strong>F\u00fcr ein <strong>Tempolimit jetzt!<\/strong>, das pro Jahr \u00fcber 9 Millionen Tonnen CO<sub>2<\/sub> einspart. F\u00fcr ein <strong>Ende der absurden Klimakiller-Dienstwagen-Kauff\u00f6rderung<\/strong> mit bis zu 57 Prozent \u00dcbernahme des Kaufpreises durch Bundesfinanzminister Lindner (FDP). Und mit der <strong>Durchsetzung einer wirklichen Verkehrswende<\/strong> mit einer modernisierten Bahn und attraktivem Nahverkehr auch und gerade im l\u00e4ndlichen Raum nach Schweizer Vorbild.<br>&nbsp;<br>Die Deutsche Umwelthilfe: &#8222;St\u00e4rken Sie uns den R\u00fccken f\u00fcr unsere Arbeit f\u00fcr den Klimaschutz insbesondere im Verkehrsbereich <a href=\"https:\/\/mailer.duh.de\/l\/vGrQ72sgT32kpiQ6iRbcog\/FA94Z2XliJC34D892Gv892Q1OQ\/MgIyThw4xh4SHBGP763BIGBw\"><u>durch Ihre Spende<\/u><\/a> oder <a href=\"https:\/\/mailer.duh.de\/l\/vGrQ72sgT32kpiQ6iRbcog\/DNz54VFTw763SHVZJNGKMeKQ\/MgIyThw4xh4SHBGP763BIGBw\"><u>Klimaklagen-Patenschaft<\/u><\/a>&#8222;<\/p>\n\n\n<h5 class=\"green\">Quelle<\/h5>\r\n\n\n\n<p><a href=\"http:\/\/www.duh.de\">Deutsche Umwelthilfe \/ J\u00fcrgen Resch 2022<\/a><br><br><\/p>\n<div class=\"shariff shariff-align-flex-start shariff-widget-align-flex-start\"><div class=\"ShariffHeadline\">Diese Meldung teilen<\/div><ul class=\"shariff-buttons theme-round orientation-horizontal buttonsize-medium\"><li class=\"shariff-button facebook shariff-nocustomcolor\" style=\"background-color:#4273c8;border-radius:1%\"><a href=\"https:\/\/www.facebook.com\/sharer\/sharer.php?u=https%3A%2F%2Fwww.sonnenseite.com%2Fde%2Fumwelt%2Fduh-wir-sind-auf-der-zielgeraden-fuer-ein-tempolimit%2F\" title=\"Bei Facebook teilen\" aria-label=\"Bei Facebook teilen\" role=\"button\" rel=\"nofollow\" class=\"shariff-link\" style=\";border-radius:1%; background-color:#3b5998; color:#fff\" target=\"_blank\"><span class=\"shariff-icon\" style=\"\"><svg width=\"32px\" height=\"20px\" xmlns=\"http:\/\/www.w3.org\/2000\/svg\" viewBox=\"0 0 18 32\"><path fill=\"#3b5998\" d=\"M17.1 0.2v4.7h-2.8q-1.5 0-2.1 0.6t-0.5 1.9v3.4h5.2l-0.7 5.3h-4.5v13.6h-5.5v-13.6h-4.5v-5.3h4.5v-3.9q0-3.3 1.9-5.2t5-1.8q2.6 0 4.1 0.2z\"\/><\/svg><\/span><\/a><\/li><li class=\"shariff-button twitter shariff-nocustomcolor\" style=\"background-color:#595959;border-radius:1%\"><a href=\"https:\/\/twitter.com\/share?url=https%3A%2F%2Fwww.sonnenseite.com%2Fde%2Fumwelt%2Fduh-wir-sind-auf-der-zielgeraden-fuer-ein-tempolimit%2F&text=DUH%3A%20Wir%20sind%20auf%20der%20Zielgeraden%20f%C3%BCr%20ein%20Tempolimit\" title=\"Bei X teilen\" aria-label=\"Bei X teilen\" role=\"button\" rel=\"noopener nofollow\" class=\"shariff-link\" style=\";border-radius:1%; background-color:#000; color:#fff\" target=\"_blank\"><span class=\"shariff-icon\" style=\"\"><svg width=\"32px\" height=\"20px\" xmlns=\"http:\/\/www.w3.org\/2000\/svg\" viewBox=\"0 0 24 24\"><path fill=\"#000\" d=\"M14.258 10.152L23.176 0h-2.113l-7.747 8.813L7.133 0H0l9.352 13.328L0 23.973h2.113l8.176-9.309 6.531 9.309h7.133zm-2.895 3.293l-.949-1.328L2.875 1.56h3.246l6.086 8.523.945 1.328 7.91 11.078h-3.246zm0 0\"\/><\/svg><\/span><\/a><\/li><li class=\"shariff-button xing shariff-nocustomcolor\" style=\"background-color:#29888a;border-radius:1%\"><a href=\"https:\/\/www.xing.com\/spi\/shares\/new?url=https%3A%2F%2Fwww.sonnenseite.com%2Fde%2Fumwelt%2Fduh-wir-sind-auf-der-zielgeraden-fuer-ein-tempolimit%2F\" title=\"Bei XING teilen\" aria-label=\"Bei XING teilen\" role=\"button\" rel=\"noopener nofollow\" class=\"shariff-link\" style=\";border-radius:1%; background-color:#126567; color:#fff\" target=\"_blank\"><span class=\"shariff-icon\" style=\"\"><svg width=\"32px\" height=\"20px\" xmlns=\"http:\/\/www.w3.org\/2000\/svg\" viewBox=\"0 0 25 32\"><path fill=\"#126567\" d=\"M10.7 11.9q-0.2 0.3-4.6 8.2-0.5 0.8-1.2 0.8h-4.3q-0.4 0-0.5-0.3t0-0.6l4.5-8q0 0 0 0l-2.9-5q-0.2-0.4 0-0.7 0.2-0.3 0.5-0.3h4.3q0.7 0 1.2 0.8zM25.1 0.4q0.2 0.3 0 0.7l-9.4 16.7 6 11q0.2 0.4 0 0.6-0.2 0.3-0.6 0.3h-4.3q-0.7 0-1.2-0.8l-6-11.1q0.3-0.6 9.5-16.8 0.4-0.8 1.2-0.8h4.3q0.4 0 0.5 0.3z\"\/><\/svg><\/span><\/a><\/li><li class=\"shariff-button linkedin shariff-nocustomcolor\" style=\"background-color:#1488bf;border-radius:1%\"><a href=\"https:\/\/www.linkedin.com\/sharing\/share-offsite\/?url=https%3A%2F%2Fwww.sonnenseite.com%2Fde%2Fumwelt%2Fduh-wir-sind-auf-der-zielgeraden-fuer-ein-tempolimit%2F\" title=\"Bei LinkedIn teilen\" aria-label=\"Bei LinkedIn teilen\" role=\"button\" rel=\"noopener nofollow\" class=\"shariff-link\" style=\";border-radius:1%; background-color:#0077b5; color:#fff\" target=\"_blank\"><span class=\"shariff-icon\" style=\"\"><svg width=\"32px\" height=\"20px\" xmlns=\"http:\/\/www.w3.org\/2000\/svg\" viewBox=\"0 0 27 32\"><path fill=\"#0077b5\" d=\"M6.2 11.2v17.7h-5.9v-17.7h5.9zM6.6 5.7q0 1.3-0.9 2.2t-2.4 0.9h0q-1.5 0-2.4-0.9t-0.9-2.2 0.9-2.2 2.4-0.9 2.4 0.9 0.9 2.2zM27.4 18.7v10.1h-5.9v-9.5q0-1.9-0.7-2.9t-2.3-1.1q-1.1 0-1.9 0.6t-1.2 1.5q-0.2 0.5-0.2 1.4v9.9h-5.9q0-7.1 0-11.6t0-5.3l0-0.9h5.9v2.6h0q0.4-0.6 0.7-1t1-0.9 1.6-0.8 2-0.3q3 0 4.9 2t1.9 6z\"\/><\/svg><\/span><\/a><\/li><li class=\"shariff-button printer shariff-nocustomcolor\" style=\"background-color:#a8a8a8;border-radius:1%\"><a href=\"javascript:window.print()\" title=\"drucken\" aria-label=\"drucken\" role=\"button\" rel=\"noopener nofollow\" class=\"shariff-link\" style=\";border-radius:1%; background-color:#999; color:#fff\"><span class=\"shariff-icon\" style=\"\"><svg width=\"32px\" height=\"20px\" xmlns=\"http:\/\/www.w3.org\/2000\/svg\" viewBox=\"0 0 30 32\"><path fill=\"#999\" d=\"M6.8 27.4h16v-4.6h-16v4.6zM6.8 16h16v-6.8h-2.8q-0.7 0-1.2-0.5t-0.5-1.2v-2.8h-11.4v11.4zM27.4 17.2q0-0.5-0.3-0.8t-0.8-0.4-0.8 0.4-0.3 0.8 0.3 0.8 0.8 0.3 0.8-0.3 0.3-0.8zM29.7 17.2v7.4q0 0.2-0.2 0.4t-0.4 0.2h-4v2.8q0 0.7-0.5 1.2t-1.2 0.5h-17.2q-0.7 0-1.2-0.5t-0.5-1.2v-2.8h-4q-0.2 0-0.4-0.2t-0.2-0.4v-7.4q0-1.4 1-2.4t2.4-1h1.2v-9.7q0-0.7 0.5-1.2t1.2-0.5h12q0.7 0 1.6 0.4t1.3 0.8l2.7 2.7q0.5 0.5 0.9 1.4t0.4 1.6v4.6h1.1q1.4 0 2.4 1t1 2.4z\"\/><\/svg><\/span><\/a><\/li><li class=\"shariff-button mailto shariff-nocustomcolor\" style=\"background-color:#a8a8a8;border-radius:1%\"><a href=\"mailto:?body=https%3A%2F%2Fwww.sonnenseite.com%2Fde%2Fumwelt%2Fduh-wir-sind-auf-der-zielgeraden-fuer-ein-tempolimit%2F&subject=DUH%3A%20Wir%20sind%20auf%20der%20Zielgeraden%20f%C3%BCr%20ein%20Tempolimit\" title=\"Per E-Mail versenden\" aria-label=\"Per E-Mail versenden\" role=\"button\" rel=\"noopener nofollow\" class=\"shariff-link\" style=\";border-radius:1%; background-color:#999; color:#fff\"><span class=\"shariff-icon\" style=\"\"><svg width=\"32px\" height=\"20px\" xmlns=\"http:\/\/www.w3.org\/2000\/svg\" viewBox=\"0 0 32 32\"><path fill=\"#999\" d=\"M32 12.7v14.2q0 1.2-0.8 2t-2 0.9h-26.3q-1.2 0-2-0.9t-0.8-2v-14.2q0.8 0.9 1.8 1.6 6.5 4.4 8.9 6.1 1 0.8 1.6 1.2t1.7 0.9 2 0.4h0.1q0.9 0 2-0.4t1.7-0.9 1.6-1.2q3-2.2 8.9-6.1 1-0.7 1.8-1.6zM32 7.4q0 1.4-0.9 2.7t-2.2 2.2q-6.7 4.7-8.4 5.8-0.2 0.1-0.7 0.5t-1 0.7-0.9 0.6-1.1 0.5-0.9 0.2h-0.1q-0.4 0-0.9-0.2t-1.1-0.5-0.9-0.6-1-0.7-0.7-0.5q-1.6-1.1-4.7-3.2t-3.6-2.6q-1.1-0.7-2.1-2t-1-2.5q0-1.4 0.7-2.3t2.1-0.9h26.3q1.2 0 2 0.8t0.9 2z\"\/><\/svg><\/span><\/a><\/li><\/ul><\/div>","protected":false},"excerpt":{"rendered":"<p>und einen Stopp der Betrugsdiesel &#8211; Mit der Ver\u00f6ffentlichung der Dieselgate-Papers in der vergangenen Woche ist [&hellip;]<\/p>\n","protected":false},"author":3,"featured_media":80064,"comment_status":"closed","ping_status":"closed","sticky":false,"template":"","format":"standard","meta":{"inline_featured_image":false,"footnotes":""},"categories":[23],"tags":[],"class_list":["post-87110","post","type-post","status-publish","format-standard","has-post-thumbnail","hentry","category-umwelt"],"yoast_head":"<!-- This site is optimized with the Yoast SEO plugin v26.5 - https:\/\/yoast.com\/wordpress\/plugins\/seo\/ -->\n<title>DUH: Wir sind auf der Zielgeraden f\u00fcr ein Tempolimit - Sonnenseite - \u00d6kologische Kommunikation mit Franz Alt<\/title>\n<meta name=\"description\" content=\"und einen Stopp der Betrugsdiesel - Mit der Ver\u00f6ffentlichung der Dieselgate-Papers in der vergangenen Woche ist uns endlich der Nachweis gelungen, dass\" \/>\n<meta name=\"robots\" content=\"index, follow, max-snippet:-1, max-image-preview:large, max-video-preview:-1\" \/>\n<link rel=\"canonical\" href=\"https:\/\/www.sonnenseite.com\/de\/umwelt\/duh-wir-sind-auf-der-zielgeraden-fuer-ein-tempolimit\/\" \/>\n<meta property=\"og:locale\" content=\"de_DE\" \/>\n<meta property=\"og:type\" content=\"article\" \/>\n<meta property=\"og:title\" content=\"DUH: Wir sind auf der Zielgeraden f\u00fcr ein Tempolimit - Sonnenseite - \u00d6kologische Kommunikation mit Franz Alt\" \/>\n<meta property=\"og:description\" content=\"und einen Stopp der Betrugsdiesel - Mit der Ver\u00f6ffentlichung der Dieselgate-Papers in der vergangenen Woche ist uns endlich der Nachweis gelungen, dass\" \/>\n<meta property=\"og:url\" content=\"https:\/\/www.sonnenseite.com\/de\/umwelt\/duh-wir-sind-auf-der-zielgeraden-fuer-ein-tempolimit\/\" \/>\n<meta property=\"og:site_name\" content=\"Sonnenseite\" \/>\n<meta property=\"article:publisher\" content=\"https:\/\/www.facebook.com\/pages\/Franz-Alt-SONNENSEITECOM\/221072987903953?fref=ts\" \/>\n<meta property=\"article:published_time\" content=\"2022-11-26T01:02:00+00:00\" \/>\n<meta property=\"og:image\" content=\"https:\/\/www.sonnenseite.com\/wp-content\/uploads\/2022\/03\/Schild_Tempo100_geralt.jpg\" \/>\n\t<meta property=\"og:image:width\" content=\"770\" \/>\n\t<meta property=\"og:image:height\" content=\"420\" \/>\n\t<meta property=\"og:image:type\" content=\"image\/jpeg\" \/>\n<meta name=\"author\" content=\"Bigi Alt\" \/>\n<meta name=\"twitter:card\" content=\"summary_large_image\" \/>\n<meta name=\"twitter:creator\" content=\"@franzalt\" \/>\n<meta name=\"twitter:site\" content=\"@franzalt\" \/>\n<meta name=\"twitter:label1\" content=\"Verfasst von\" \/>\n\t<meta name=\"twitter:data1\" content=\"Bigi Alt\" \/>\n\t<meta name=\"twitter:label2\" content=\"Gesch\u00e4tzte Lesezeit\" \/>\n\t<meta name=\"twitter:data2\" content=\"5\u00a0Minuten\" \/>\n<script type=\"application\/ld+json\" class=\"yoast-schema-graph\">{\"@context\":\"https:\/\/schema.org\",\"@graph\":[{\"@type\":\"Article\",\"@id\":\"https:\/\/www.sonnenseite.com\/de\/umwelt\/duh-wir-sind-auf-der-zielgeraden-fuer-ein-tempolimit\/#article\",\"isPartOf\":{\"@id\":\"https:\/\/www.sonnenseite.com\/de\/umwelt\/duh-wir-sind-auf-der-zielgeraden-fuer-ein-tempolimit\/\"},\"author\":{\"name\":\"Bigi Alt\",\"@id\":\"https:\/\/www.sonnenseite.com\/de\/#\/schema\/person\/50fda0e926597684c7cc6695238a4eb9\"},\"headline\":\"DUH: Wir sind auf der Zielgeraden f\u00fcr ein Tempolimit\",\"datePublished\":\"2022-11-26T01:02:00+00:00\",\"mainEntityOfPage\":{\"@id\":\"https:\/\/www.sonnenseite.com\/de\/umwelt\/duh-wir-sind-auf-der-zielgeraden-fuer-ein-tempolimit\/\"},\"wordCount\":969,\"publisher\":{\"@id\":\"https:\/\/www.sonnenseite.com\/de\/#organization\"},\"image\":{\"@id\":\"https:\/\/www.sonnenseite.com\/de\/umwelt\/duh-wir-sind-auf-der-zielgeraden-fuer-ein-tempolimit\/#primaryimage\"},\"thumbnailUrl\":\"https:\/\/www.sonnenseite.com\/wp-content\/uploads\/2022\/03\/Schild_Tempo100_geralt.jpg\",\"articleSection\":[\"Umwelt\"],\"inLanguage\":\"de\"},{\"@type\":\"WebPage\",\"@id\":\"https:\/\/www.sonnenseite.com\/de\/umwelt\/duh-wir-sind-auf-der-zielgeraden-fuer-ein-tempolimit\/\",\"url\":\"https:\/\/www.sonnenseite.com\/de\/umwelt\/duh-wir-sind-auf-der-zielgeraden-fuer-ein-tempolimit\/\",\"name\":\"DUH: Wir sind auf der Zielgeraden f\u00fcr ein Tempolimit - Sonnenseite - \u00d6kologische Kommunikation mit Franz Alt\",\"isPartOf\":{\"@id\":\"https:\/\/www.sonnenseite.com\/de\/#website\"},\"primaryImageOfPage\":{\"@id\":\"https:\/\/www.sonnenseite.com\/de\/umwelt\/duh-wir-sind-auf-der-zielgeraden-fuer-ein-tempolimit\/#primaryimage\"},\"image\":{\"@id\":\"https:\/\/www.sonnenseite.com\/de\/umwelt\/duh-wir-sind-auf-der-zielgeraden-fuer-ein-tempolimit\/#primaryimage\"},\"thumbnailUrl\":\"https:\/\/www.sonnenseite.com\/wp-content\/uploads\/2022\/03\/Schild_Tempo100_geralt.jpg\",\"datePublished\":\"2022-11-26T01:02:00+00:00\",\"description\":\"und einen Stopp der Betrugsdiesel - Mit der Ver\u00f6ffentlichung der Dieselgate-Papers in der vergangenen Woche ist uns endlich der Nachweis gelungen, dass\",\"breadcrumb\":{\"@id\":\"https:\/\/www.sonnenseite.com\/de\/umwelt\/duh-wir-sind-auf-der-zielgeraden-fuer-ein-tempolimit\/#breadcrumb\"},\"inLanguage\":\"de\",\"potentialAction\":[{\"@type\":\"ReadAction\",\"target\":[\"https:\/\/www.sonnenseite.com\/de\/umwelt\/duh-wir-sind-auf-der-zielgeraden-fuer-ein-tempolimit\/\"]}]},{\"@type\":\"ImageObject\",\"inLanguage\":\"de\",\"@id\":\"https:\/\/www.sonnenseite.com\/de\/umwelt\/duh-wir-sind-auf-der-zielgeraden-fuer-ein-tempolimit\/#primaryimage\",\"url\":\"https:\/\/www.sonnenseite.com\/wp-content\/uploads\/2022\/03\/Schild_Tempo100_geralt.jpg\",\"contentUrl\":\"https:\/\/www.sonnenseite.com\/wp-content\/uploads\/2022\/03\/Schild_Tempo100_geralt.jpg\",\"width\":770,\"height\":420,\"caption\":\"pixabay.com | geralt | Schild Tempo 100\"},{\"@type\":\"BreadcrumbList\",\"@id\":\"https:\/\/www.sonnenseite.com\/de\/umwelt\/duh-wir-sind-auf-der-zielgeraden-fuer-ein-tempolimit\/#breadcrumb\",\"itemListElement\":[{\"@type\":\"ListItem\",\"position\":1,\"name\":\"Startseite\",\"item\":\"https:\/\/www.sonnenseite.com\/de\/\"},{\"@type\":\"ListItem\",\"position\":2,\"name\":\"DUH: Wir sind auf der Zielgeraden f\u00fcr ein Tempolimit\"}]},{\"@type\":\"WebSite\",\"@id\":\"https:\/\/www.sonnenseite.com\/de\/#website\",\"url\":\"https:\/\/www.sonnenseite.com\/de\/\",\"name\":\"Sonnenseite\",\"description\":\"\u00d6kologische Kommunikation mit Franz Alt\",\"publisher\":{\"@id\":\"https:\/\/www.sonnenseite.com\/de\/#organization\"},\"potentialAction\":[{\"@type\":\"SearchAction\",\"target\":{\"@type\":\"EntryPoint\",\"urlTemplate\":\"https:\/\/www.sonnenseite.com\/de\/?s={search_term_string}\"},\"query-input\":{\"@type\":\"PropertyValueSpecification\",\"valueRequired\":true,\"valueName\":\"search_term_string\"}}],\"inLanguage\":\"de\"},{\"@type\":\"Organization\",\"@id\":\"https:\/\/www.sonnenseite.com\/de\/#organization\",\"name\":\"Sonnenseite\",\"url\":\"https:\/\/www.sonnenseite.com\/de\/\",\"logo\":{\"@type\":\"ImageObject\",\"inLanguage\":\"de\",\"@id\":\"https:\/\/www.sonnenseite.com\/de\/#\/schema\/logo\/image\/\",\"url\":\"https:\/\/www.sonnenseite.com\/wp-content\/uploads\/2020\/05\/Sonnenseite_Logo.png\",\"contentUrl\":\"https:\/\/www.sonnenseite.com\/wp-content\/uploads\/2020\/05\/Sonnenseite_Logo.png\",\"width\":377,\"height\":90,\"caption\":\"Sonnenseite\"},\"image\":{\"@id\":\"https:\/\/www.sonnenseite.com\/de\/#\/schema\/logo\/image\/\"},\"sameAs\":[\"https:\/\/www.facebook.com\/pages\/Franz-Alt-SONNENSEITECOM\/221072987903953?fref=ts\",\"https:\/\/x.com\/franzalt\",\"http:\/\/www.youtube.com\/results?search_query&amp;amp;quot;franz_alt&amp;amp;quot;&amp;amp;amp;amp;search_type&amp;amp;amp;amp;aq=f\"]},{\"@type\":\"Person\",\"@id\":\"https:\/\/www.sonnenseite.com\/de\/#\/schema\/person\/50fda0e926597684c7cc6695238a4eb9\",\"name\":\"Bigi Alt\"}]}<\/script>\n<!-- \/ Yoast SEO plugin. -->","yoast_head_json":{"title":"DUH: Wir sind auf der Zielgeraden f\u00fcr ein Tempolimit - Sonnenseite - \u00d6kologische Kommunikation mit Franz Alt","description":"und einen Stopp der Betrugsdiesel - Mit der Ver\u00f6ffentlichung der Dieselgate-Papers in der vergangenen Woche ist uns endlich der Nachweis gelungen, dass","robots":{"index":"index","follow":"follow","max-snippet":"max-snippet:-1","max-image-preview":"max-image-preview:large","max-video-preview":"max-video-preview:-1"},"canonical":"https:\/\/www.sonnenseite.com\/de\/umwelt\/duh-wir-sind-auf-der-zielgeraden-fuer-ein-tempolimit\/","og_locale":"de_DE","og_type":"article","og_title":"DUH: Wir sind auf der Zielgeraden f\u00fcr ein Tempolimit - Sonnenseite - \u00d6kologische Kommunikation mit Franz Alt","og_description":"und einen Stopp der Betrugsdiesel - Mit der Ver\u00f6ffentlichung der Dieselgate-Papers in der vergangenen Woche ist uns endlich der Nachweis gelungen, dass","og_url":"https:\/\/www.sonnenseite.com\/de\/umwelt\/duh-wir-sind-auf-der-zielgeraden-fuer-ein-tempolimit\/","og_site_name":"Sonnenseite","article_publisher":"https:\/\/www.facebook.com\/pages\/Franz-Alt-SONNENSEITECOM\/221072987903953?fref=ts","article_published_time":"2022-11-26T01:02:00+00:00","og_image":[{"width":770,"height":420,"url":"https:\/\/www.sonnenseite.com\/wp-content\/uploads\/2022\/03\/Schild_Tempo100_geralt.jpg","type":"image\/jpeg"}],"author":"Bigi Alt","twitter_card":"summary_large_image","twitter_creator":"@franzalt","twitter_site":"@franzalt","twitter_misc":{"Verfasst von":"Bigi Alt","Gesch\u00e4tzte Lesezeit":"5\u00a0Minuten"},"schema":{"@context":"https:\/\/schema.org","@graph":[{"@type":"Article","@id":"https:\/\/www.sonnenseite.com\/de\/umwelt\/duh-wir-sind-auf-der-zielgeraden-fuer-ein-tempolimit\/#article","isPartOf":{"@id":"https:\/\/www.sonnenseite.com\/de\/umwelt\/duh-wir-sind-auf-der-zielgeraden-fuer-ein-tempolimit\/"},"author":{"name":"Bigi Alt","@id":"https:\/\/www.sonnenseite.com\/de\/#\/schema\/person\/50fda0e926597684c7cc6695238a4eb9"},"headline":"DUH: Wir sind auf der Zielgeraden f\u00fcr ein Tempolimit","datePublished":"2022-11-26T01:02:00+00:00","mainEntityOfPage":{"@id":"https:\/\/www.sonnenseite.com\/de\/umwelt\/duh-wir-sind-auf-der-zielgeraden-fuer-ein-tempolimit\/"},"wordCount":969,"publisher":{"@id":"https:\/\/www.sonnenseite.com\/de\/#organization"},"image":{"@id":"https:\/\/www.sonnenseite.com\/de\/umwelt\/duh-wir-sind-auf-der-zielgeraden-fuer-ein-tempolimit\/#primaryimage"},"thumbnailUrl":"https:\/\/www.sonnenseite.com\/wp-content\/uploads\/2022\/03\/Schild_Tempo100_geralt.jpg","articleSection":["Umwelt"],"inLanguage":"de"},{"@type":"WebPage","@id":"https:\/\/www.sonnenseite.com\/de\/umwelt\/duh-wir-sind-auf-der-zielgeraden-fuer-ein-tempolimit\/","url":"https:\/\/www.sonnenseite.com\/de\/umwelt\/duh-wir-sind-auf-der-zielgeraden-fuer-ein-tempolimit\/","name":"DUH: Wir sind auf der Zielgeraden f\u00fcr ein Tempolimit - Sonnenseite - \u00d6kologische Kommunikation mit Franz Alt","isPartOf":{"@id":"https:\/\/www.sonnenseite.com\/de\/#website"},"primaryImageOfPage":{"@id":"https:\/\/www.sonnenseite.com\/de\/umwelt\/duh-wir-sind-auf-der-zielgeraden-fuer-ein-tempolimit\/#primaryimage"},"image":{"@id":"https:\/\/www.sonnenseite.com\/de\/umwelt\/duh-wir-sind-auf-der-zielgeraden-fuer-ein-tempolimit\/#primaryimage"},"thumbnailUrl":"https:\/\/www.sonnenseite.com\/wp-content\/uploads\/2022\/03\/Schild_Tempo100_geralt.jpg","datePublished":"2022-11-26T01:02:00+00:00","description":"und einen Stopp der Betrugsdiesel - Mit der Ver\u00f6ffentlichung der Dieselgate-Papers in der vergangenen Woche ist uns endlich der Nachweis gelungen, dass","breadcrumb":{"@id":"https:\/\/www.sonnenseite.com\/de\/umwelt\/duh-wir-sind-auf-der-zielgeraden-fuer-ein-tempolimit\/#breadcrumb"},"inLanguage":"de","potentialAction":[{"@type":"ReadAction","target":["https:\/\/www.sonnenseite.com\/de\/umwelt\/duh-wir-sind-auf-der-zielgeraden-fuer-ein-tempolimit\/"]}]},{"@type":"ImageObject","inLanguage":"de","@id":"https:\/\/www.sonnenseite.com\/de\/umwelt\/duh-wir-sind-auf-der-zielgeraden-fuer-ein-tempolimit\/#primaryimage","url":"https:\/\/www.sonnenseite.com\/wp-content\/uploads\/2022\/03\/Schild_Tempo100_geralt.jpg","contentUrl":"https:\/\/www.sonnenseite.com\/wp-content\/uploads\/2022\/03\/Schild_Tempo100_geralt.jpg","width":770,"height":420,"caption":"pixabay.com | geralt | Schild Tempo 100"},{"@type":"BreadcrumbList","@id":"https:\/\/www.sonnenseite.com\/de\/umwelt\/duh-wir-sind-auf-der-zielgeraden-fuer-ein-tempolimit\/#breadcrumb","itemListElement":[{"@type":"ListItem","position":1,"name":"Startseite","item":"https:\/\/www.sonnenseite.com\/de\/"},{"@type":"ListItem","position":2,"name":"DUH: Wir sind auf der Zielgeraden f\u00fcr ein Tempolimit"}]},{"@type":"WebSite","@id":"https:\/\/www.sonnenseite.com\/de\/#website","url":"https:\/\/www.sonnenseite.com\/de\/","name":"Sonnenseite","description":"\u00d6kologische Kommunikation mit Franz Alt","publisher":{"@id":"https:\/\/www.sonnenseite.com\/de\/#organization"},"potentialAction":[{"@type":"SearchAction","target":{"@type":"EntryPoint","urlTemplate":"https:\/\/www.sonnenseite.com\/de\/?s={search_term_string}"},"query-input":{"@type":"PropertyValueSpecification","valueRequired":true,"valueName":"search_term_string"}}],"inLanguage":"de"},{"@type":"Organization","@id":"https:\/\/www.sonnenseite.com\/de\/#organization","name":"Sonnenseite","url":"https:\/\/www.sonnenseite.com\/de\/","logo":{"@type":"ImageObject","inLanguage":"de","@id":"https:\/\/www.sonnenseite.com\/de\/#\/schema\/logo\/image\/","url":"https:\/\/www.sonnenseite.com\/wp-content\/uploads\/2020\/05\/Sonnenseite_Logo.png","contentUrl":"https:\/\/www.sonnenseite.com\/wp-content\/uploads\/2020\/05\/Sonnenseite_Logo.png","width":377,"height":90,"caption":"Sonnenseite"},"image":{"@id":"https:\/\/www.sonnenseite.com\/de\/#\/schema\/logo\/image\/"},"sameAs":["https:\/\/www.facebook.com\/pages\/Franz-Alt-SONNENSEITECOM\/221072987903953?fref=ts","https:\/\/x.com\/franzalt","http:\/\/www.youtube.com\/results?search_query&amp;amp;quot;franz_alt&amp;amp;quot;&amp;amp;amp;amp;search_type&amp;amp;amp;amp;aq=f"]},{"@type":"Person","@id":"https:\/\/www.sonnenseite.com\/de\/#\/schema\/person\/50fda0e926597684c7cc6695238a4eb9","name":"Bigi Alt"}]}},"_links":{"self":[{"href":"https:\/\/www.sonnenseite.com\/de\/wp-json\/wp\/v2\/posts\/87110","targetHints":{"allow":["GET"]}}],"collection":[{"href":"https:\/\/www.sonnenseite.com\/de\/wp-json\/wp\/v2\/posts"}],"about":[{"href":"https:\/\/www.sonnenseite.com\/de\/wp-json\/wp\/v2\/types\/post"}],"author":[{"embeddable":true,"href":"https:\/\/www.sonnenseite.com\/de\/wp-json\/wp\/v2\/users\/3"}],"replies":[{"embeddable":true,"href":"https:\/\/www.sonnenseite.com\/de\/wp-json\/wp\/v2\/comments?post=87110"}],"version-history":[{"count":3,"href":"https:\/\/www.sonnenseite.com\/de\/wp-json\/wp\/v2\/posts\/87110\/revisions"}],"predecessor-version":[{"id":87113,"href":"https:\/\/www.sonnenseite.com\/de\/wp-json\/wp\/v2\/posts\/87110\/revisions\/87113"}],"wp:featuredmedia":[{"embeddable":true,"href":"https:\/\/www.sonnenseite.com\/de\/wp-json\/wp\/v2\/media\/80064"}],"wp:attachment":[{"href":"https:\/\/www.sonnenseite.com\/de\/wp-json\/wp\/v2\/media?parent=87110"}],"wp:term":[{"taxonomy":"category","embeddable":true,"href":"https:\/\/www.sonnenseite.com\/de\/wp-json\/wp\/v2\/categories?post=87110"},{"taxonomy":"post_tag","embeddable":true,"href":"https:\/\/www.sonnenseite.com\/de\/wp-json\/wp\/v2\/tags?post=87110"}],"curies":[{"name":"wp","href":"https:\/\/api.w.org\/{rel}","templated":true}]}}