{"id":87311,"date":"2022-12-08T03:03:00","date_gmt":"2022-12-08T02:03:00","guid":{"rendered":"https:\/\/www.sonnenseite.com\/?p=87311"},"modified":"2022-12-18T09:42:22","modified_gmt":"2022-12-18T08:42:22","slug":"klimapolitische-bilanz-des-ersten-jahres-der-ampel-klimakanzler-gesucht","status":"publish","type":"post","link":"https:\/\/www.sonnenseite.com\/de\/politik\/klimapolitische-bilanz-des-ersten-jahres-der-ampel-klimakanzler-gesucht\/","title":{"rendered":"Klimapolitische Bilanz des ersten Jahres der Ampel: Klimakanzler gesucht"},"content":{"rendered":"\n<p>Germanwatch sieht Aufbruch in einigen Politikfeldern &#8211; Koalition ist jedoch noch weit entfernt vom versprochenen Kurs zum Einhalten des 1,5 Grad-Limits.<\/p>\n\n\n\n<p>Die Umwelt- und Entwicklungsorganisation Germanwatch zieht zum Ende des ersten Regierungsjahres der Ampelkoalition eine gemischte klimapolitische Bilanz. Christoph Bals, Politischer Gesch\u00e4ftsf\u00fchrer von Germanwatch: \u201eIm Vergleich zur Vorg\u00e4ngerregierung macht die Ampel im Bereich der Erneuerbaren Energien und der nationalen sowie internationalen Klimapolitik vieles besser. Noch ist die Regierung aber weit entfernt vom wissenschaftlich Notwendigen und dem im Koalitionsvertrag Versprochenen. V\u00f6llig unzureichend ist die Politik im Verkehrssektor, da sich der zust\u00e4ndige Minister Wissing gesetzeswidrig weigert, ein Ma\u00dfnahmenpaket vorzulegen, das die gewaltige L\u00fccke zum Einhalten des Klimaschutzgesetzes schlie\u00dfen kann.\u201c<\/p>\n\n\n\n<p>Auch im Bereich der Energieeffizienz m\u00fcsse noch viel mehr passieren. Bals weiter: \u201eBundeskanzler Scholz hat zwar seine Richtlinienkompetenz genutzt, um ein Energieeffizienzgesetz noch f\u00fcr dieses Jahr anzuk\u00fcndigen. Doch bisher sieht es nicht so aus, dass das bis Jahresende noch kommt. Der Bundeskanzler tr\u00e4gt die Verantwortung f\u00fcr die Bundesregierung als Ganzes. Er hat im Wahlkampf als \u201eKlimakanzler\u201c f\u00fcr sich geworben \u2013 diesem Anspruch wird er bisher nicht gerecht, obwohl der neue IPCC-Bericht die Dringlichkeit dazu unterstrichen hat.\u201c<\/p>\n\n\n\n<h5 class=\"wp-block-heading\">Osterpaket und internationale Klimapartnerschaften auf der Habenseite<\/h5>\n\n\n\n<p>Auf der Habenseite der Koalitionsbilanz sieht Germanwatch insbesondere das \u201eOsterpaket\u201c. \u201eDies ist das bislang ambitionierteste Gesetzespaket zur Beschleunigung des Ausbaus der Erneuerbaren Energien, das wir in Deutschland je gesehen haben\u201c, betont Bals. Auch die vor kurzem angek\u00fcndigten industriepolitischen Initiativen, damit in Europa wieder mehr Windkraftanlagen, Solarmodule und W\u00e4rmepumpen produziert werden, seien zu begr\u00fc\u00dfen. Positiv sind ebenso die Klimaschutzvertr\u00e4ge, die ab dem kommenden Jahr die Dekarbonisierung der energieintensiven Industrie unterst\u00fctzen sollen sowie der Ausstieg aus der Energiecharta.<\/p>\n\n\n\n<p>\u00dcberdies sieht Germanwatch einen Aufbruch in der internationalen Klimapolitik. \u201eDeutschlands Klima- und Entwicklungspartnerschaften mit L\u00e4ndern wie Indien oder Kenia und die gemeinsam mit anderen G7-L\u00e4ndern vorangetriebenen Partnerschaften f\u00fcr eine gerechte Energiewende mit S\u00fcdafrika, Indonesien, Vietnam, Senegal und auch in diesem Kontext Indien k\u00f6nnen der Beginn einer sehr wirkungsvollen internationalen Zusammenarbeit f\u00fcr das Klima sein. Auch der Beschluss der UN-Klimakonferenz zum Aufbau einer Architektur und eines Fonds zur Unterst\u00fctzung der verletzlichsten Staaten beim Umgang mit klimabedingten Sch\u00e4den und Verlusten ist ein Durchbruch f\u00fcr mehr Klimasicherheit, der ohne das Wirken der neuen Bundesregierung wohl nicht gelungen w\u00e4re\u201c, so Bals.<\/p>\n\n\n\n<h5 class=\"wp-block-heading\">Sollseite: Klimaschutzsofortprogramm f\u00fcr alle Sektoren fehlt weiterhin<\/h5>\n\n\n\n<p>Ein Blick auf die Sollseite der Koalition zeigt jedoch: Der Aufbruch in einigen Politikfeldern kann nicht dar\u00fcber hinwegt\u00e4uschen, dass die Regierung Scholz das zentrale klimapolitische Versprechen des Koalitionsvertrags noch nicht einh\u00e4lt. Christoph Bals: \u201eViele der gro\u00dfen Krisen der Gegenwart sind angetrieben vom Gesch\u00e4ftsmodell der fossilen Energietr\u00e4ger Kohle, \u00d6l und Gas. Sie sind die wichtigste Ursache f\u00fcr die eskalierende Klimakrise. Die Einnahmen aus dem Export von \u00d6l und Gas finanzieren sowohl den russischen Angriffskrieg gegen die Ukraine als auch ein die Menschenrechte mit F\u00fc\u00dfen tretendes Regime im Iran. Aber anders als im Koalitionsvertrag vereinbart, hat die Regierung im ersten Jahr kein Klimaschutzsofortprogramm mit einem verbindlichen Fahrplan vorgelegt, wie in allen Sektoren die Klimaziele f\u00fcr 2030 eingehalten werden sollen. Dass wir auf dieses Programm noch immer warten, ist vor allem ein Resultat der Blockade der FDP.\u201c<\/p>\n\n\n\n<p>&nbsp;Im Verkehrsbereich werden bislang weder das Dienstwagenprivileg angepackt, mit dem vor allem SUVs in den Markt hineingedr\u00fcckt werden, noch gibt es die notwendigen Anreize, anstelle von gro\u00dfen Autos mit Verbrennungsmotor kleinere E-Autos zu kaufen. \u201eFehlanzeige auch bei der im Koalitionsvertrag vereinbarten Umschichtung der Mittel vom Autobahnbau zur unterfinanzierten Schiene\u201c, erkl\u00e4rt Bals. Zudem setze der Bundeskanzler in der Energiekrise bislang einseitig auf Diversifizierung der fossilen Importe anstatt auch massiv durch Energieeffizienz und weitere Beschleunigung von Elektrifizierung mit Erneuerbaren Energien \u00d6l und Gas einzusparen. Das angek\u00fcndigte ambitionierte Energieeffizienzgesetz l\u00e4sst bislang auf sich warten.&nbsp;<\/p>\n\n\n\n<p>Christoph Bals betont: \u201eOlaf Scholz steht in der Verantwortung. Er muss sicherstellen, dass sich alle Mitglieder seines Kabinetts an geltendes Recht halten. Das bedeutet: Verkehrsminister Wissing muss endlich die Sofortma\u00dfnahmen in seinem Ressort zum Schlie\u00dfen der L\u00fccke zur Zieleinhaltung vorlegen, zu denen er laut Klimaschutzgesetz verpflichtet ist. Der Kanzler muss zudem sicherstellen, dass in allen Sektoren nicht nur der Ausbau Erneuerbarer Energien, sondern auch die Energieeffizienz massiv vorangetrieben werden. Es ist insbesondere seine Verantwortung daf\u00fcr zu sorgen, dass Deutschland nicht mehr lange die eskalierende Klimakrise sowie das Untergraben von Menschenrechten und Demokratie weltweit \u00fcber seine \u00d6l- und Gasrechnungen bezahlt.\u201c<\/p>\n\n\n\n<h5 class=\"wp-block-heading\">Olaf Scholz muss nun zeigen, dass er Klimakanzler kann<\/h5>\n\n\n\n<p>Nach Einsch\u00e4tzung von Germanwatch steht in den n\u00e4chsten Wochen die klimapolitische Reputation von Olaf Scholz im In- wie im Ausland auf dem Spiel. \u201eOlaf Scholz muss zeigen, dass er Klimakanzler kann. Er muss alle Ressorts auf den Kurs zum schnellen Ausstieg aus Kohle, \u00d6l und Gas und damit Klimaschutzkurs bringen.\u201c Dringend n\u00f6tig sind nach Einsch\u00e4tzung von Germanwatch ein ambitioniertes Effizienzgesetz, die Umsetzung aller Vorschl\u00e4ge der Gaskommission und ein F\u00f6rderprogramm f\u00fcr die energetische Sanierung der am schlechtesten isolierten H\u00e4user, in denen tendenziell Menschen mit geringeren Einkommen leben. Damit k\u00f6nnten die Gasnachfrage und damit die Heizkosten f\u00fcr die betroffenen Menschen deutlich gesenkt werden.<\/p>\n\n\n\n<p>Entscheidend f\u00fcr einen schnelleren Ausstieg aus dem \u00d6l ist zudem, dass die Regierung neben der beschleunigten Umstellung auf Elektromobilit\u00e4t und kleinere Autos den Ausbau des Schienennetzes massiv vorantreibt. Die Infrastrukturpl\u00e4ne sind entsprechend auf Klimazielerreichung umzustellen. Bals: \u201eDie Bundesregierung hat in diesem Krisenjahr versucht, das Krisenmanagement gut umzusetzen. Allerdings wurde das Geld mit der Gie\u00dfkanne verteilt, statt gezielt denjenigen Menschen zu helfen, die finanzielle Unterst\u00fctzung wirklich ben\u00f6tigen. Und neben dem Management der Krise wurden bisher die strukturellen Ursachen der Krise, das Beenden der Abh\u00e4ngigkeit von fossilen Energietr\u00e4gern, nicht ernsthaft genug angepackt.\u201c<\/p>\n\n\n\n<p>Auch auf europ\u00e4ischer Ebene bestehe Handlungsbedarf f\u00fcr den Bundeskanzler, so Bals: \u201eInnerhalb der EU erwarten wir, dass die Bundesregierung eine Erh\u00f6hung der Ziele f\u00fcr Erneuerbare Energien und Effizienz unterst\u00fctzt, damit die Energiekrise m\u00f6glichst schnell strukturell \u00fcberwunden werden kann.&#8220; Nur so k\u00f6nne die EU auch ihre Klimaziele erh\u00f6hen und auf den 1,5-Grad-Pfad kommen.<\/p>\n\n\n\n<p>&#8222;Auf internationaler Ebene muss der Kanzler dringend Abstand nehmen von Pl\u00e4nen zur Erschlie\u00dfung neuer fossiler Lagerst\u00e4tten, beispielsweise im Senegal. Diese brauchen wir bei ausreichend Effizienzfortschritten auch gar nicht. Sowohl f\u00fcr das Klima als auch f\u00fcr die \u00dcberwindung der Energiekrise w\u00e4re es besser, L\u00e4nder des Globalen S\u00fcdens st\u00e4rker beim Ausbau der Erneuerbaren Energien, Energieeffizienz und gr\u00fcnen Wasserstoffs zu unterst\u00fctzen und so auch international die Gasnachfrage zu senken. Um das leisten zu k\u00f6nnen, muss auch Deutschlands internationale Klimafinanzierung in den n\u00e4chsten Jahren verl\u00e4sslich wachsen&#8220;, so Bals abschlie\u00dfend.<\/p>\n\n\n<h5 class=\"green\">Quelle<\/h5>\r\n\n\n\n<p><a href=\"https:\/\/www.germanwatch.org\/de\/87717\">GERMANWATCH 2022<\/a><\/p>\n<div class=\"shariff shariff-align-flex-start shariff-widget-align-flex-start\"><div class=\"ShariffHeadline\">Diese Meldung teilen<\/div><ul class=\"shariff-buttons theme-round orientation-horizontal buttonsize-medium\"><li class=\"shariff-button facebook shariff-nocustomcolor\" style=\"background-color:#4273c8;border-radius:1%\"><a href=\"https:\/\/www.facebook.com\/sharer\/sharer.php?u=https%3A%2F%2Fwww.sonnenseite.com%2Fde%2Fpolitik%2Fklimapolitische-bilanz-des-ersten-jahres-der-ampel-klimakanzler-gesucht%2F\" title=\"Bei Facebook teilen\" aria-label=\"Bei Facebook teilen\" role=\"button\" rel=\"nofollow\" class=\"shariff-link\" style=\";border-radius:1%; background-color:#3b5998; color:#fff\" target=\"_blank\"><span class=\"shariff-icon\" style=\"\"><svg width=\"32px\" height=\"20px\" xmlns=\"http:\/\/www.w3.org\/2000\/svg\" viewBox=\"0 0 18 32\"><path fill=\"#3b5998\" d=\"M17.1 0.2v4.7h-2.8q-1.5 0-2.1 0.6t-0.5 1.9v3.4h5.2l-0.7 5.3h-4.5v13.6h-5.5v-13.6h-4.5v-5.3h4.5v-3.9q0-3.3 1.9-5.2t5-1.8q2.6 0 4.1 0.2z\"\/><\/svg><\/span><\/a><\/li><li class=\"shariff-button twitter shariff-nocustomcolor\" style=\"background-color:#595959;border-radius:1%\"><a href=\"https:\/\/twitter.com\/share?url=https%3A%2F%2Fwww.sonnenseite.com%2Fde%2Fpolitik%2Fklimapolitische-bilanz-des-ersten-jahres-der-ampel-klimakanzler-gesucht%2F&text=Klimapolitische%20Bilanz%20des%20ersten%20Jahres%20der%20Ampel%3A%20Klimakanzler%20gesucht\" title=\"Bei X teilen\" aria-label=\"Bei X teilen\" role=\"button\" rel=\"noopener nofollow\" class=\"shariff-link\" style=\";border-radius:1%; background-color:#000; color:#fff\" target=\"_blank\"><span class=\"shariff-icon\" style=\"\"><svg width=\"32px\" height=\"20px\" xmlns=\"http:\/\/www.w3.org\/2000\/svg\" viewBox=\"0 0 24 24\"><path fill=\"#000\" d=\"M14.258 10.152L23.176 0h-2.113l-7.747 8.813L7.133 0H0l9.352 13.328L0 23.973h2.113l8.176-9.309 6.531 9.309h7.133zm-2.895 3.293l-.949-1.328L2.875 1.56h3.246l6.086 8.523.945 1.328 7.91 11.078h-3.246zm0 0\"\/><\/svg><\/span><\/a><\/li><li class=\"shariff-button xing shariff-nocustomcolor\" style=\"background-color:#29888a;border-radius:1%\"><a href=\"https:\/\/www.xing.com\/spi\/shares\/new?url=https%3A%2F%2Fwww.sonnenseite.com%2Fde%2Fpolitik%2Fklimapolitische-bilanz-des-ersten-jahres-der-ampel-klimakanzler-gesucht%2F\" title=\"Bei XING teilen\" aria-label=\"Bei XING teilen\" role=\"button\" rel=\"noopener nofollow\" class=\"shariff-link\" style=\";border-radius:1%; background-color:#126567; color:#fff\" target=\"_blank\"><span class=\"shariff-icon\" style=\"\"><svg width=\"32px\" height=\"20px\" xmlns=\"http:\/\/www.w3.org\/2000\/svg\" viewBox=\"0 0 25 32\"><path fill=\"#126567\" d=\"M10.7 11.9q-0.2 0.3-4.6 8.2-0.5 0.8-1.2 0.8h-4.3q-0.4 0-0.5-0.3t0-0.6l4.5-8q0 0 0 0l-2.9-5q-0.2-0.4 0-0.7 0.2-0.3 0.5-0.3h4.3q0.7 0 1.2 0.8zM25.1 0.4q0.2 0.3 0 0.7l-9.4 16.7 6 11q0.2 0.4 0 0.6-0.2 0.3-0.6 0.3h-4.3q-0.7 0-1.2-0.8l-6-11.1q0.3-0.6 9.5-16.8 0.4-0.8 1.2-0.8h4.3q0.4 0 0.5 0.3z\"\/><\/svg><\/span><\/a><\/li><li class=\"shariff-button linkedin shariff-nocustomcolor\" style=\"background-color:#1488bf;border-radius:1%\"><a href=\"https:\/\/www.linkedin.com\/sharing\/share-offsite\/?url=https%3A%2F%2Fwww.sonnenseite.com%2Fde%2Fpolitik%2Fklimapolitische-bilanz-des-ersten-jahres-der-ampel-klimakanzler-gesucht%2F\" title=\"Bei LinkedIn teilen\" aria-label=\"Bei LinkedIn teilen\" role=\"button\" rel=\"noopener nofollow\" class=\"shariff-link\" style=\";border-radius:1%; background-color:#0077b5; color:#fff\" target=\"_blank\"><span class=\"shariff-icon\" style=\"\"><svg width=\"32px\" height=\"20px\" xmlns=\"http:\/\/www.w3.org\/2000\/svg\" viewBox=\"0 0 27 32\"><path fill=\"#0077b5\" d=\"M6.2 11.2v17.7h-5.9v-17.7h5.9zM6.6 5.7q0 1.3-0.9 2.2t-2.4 0.9h0q-1.5 0-2.4-0.9t-0.9-2.2 0.9-2.2 2.4-0.9 2.4 0.9 0.9 2.2zM27.4 18.7v10.1h-5.9v-9.5q0-1.9-0.7-2.9t-2.3-1.1q-1.1 0-1.9 0.6t-1.2 1.5q-0.2 0.5-0.2 1.4v9.9h-5.9q0-7.1 0-11.6t0-5.3l0-0.9h5.9v2.6h0q0.4-0.6 0.7-1t1-0.9 1.6-0.8 2-0.3q3 0 4.9 2t1.9 6z\"\/><\/svg><\/span><\/a><\/li><li class=\"shariff-button printer shariff-nocustomcolor\" style=\"background-color:#a8a8a8;border-radius:1%\"><a href=\"javascript:window.print()\" title=\"drucken\" aria-label=\"drucken\" role=\"button\" rel=\"noopener nofollow\" class=\"shariff-link\" style=\";border-radius:1%; background-color:#999; color:#fff\"><span class=\"shariff-icon\" style=\"\"><svg width=\"32px\" height=\"20px\" xmlns=\"http:\/\/www.w3.org\/2000\/svg\" viewBox=\"0 0 30 32\"><path fill=\"#999\" d=\"M6.8 27.4h16v-4.6h-16v4.6zM6.8 16h16v-6.8h-2.8q-0.7 0-1.2-0.5t-0.5-1.2v-2.8h-11.4v11.4zM27.4 17.2q0-0.5-0.3-0.8t-0.8-0.4-0.8 0.4-0.3 0.8 0.3 0.8 0.8 0.3 0.8-0.3 0.3-0.8zM29.7 17.2v7.4q0 0.2-0.2 0.4t-0.4 0.2h-4v2.8q0 0.7-0.5 1.2t-1.2 0.5h-17.2q-0.7 0-1.2-0.5t-0.5-1.2v-2.8h-4q-0.2 0-0.4-0.2t-0.2-0.4v-7.4q0-1.4 1-2.4t2.4-1h1.2v-9.7q0-0.7 0.5-1.2t1.2-0.5h12q0.7 0 1.6 0.4t1.3 0.8l2.7 2.7q0.5 0.5 0.9 1.4t0.4 1.6v4.6h1.1q1.4 0 2.4 1t1 2.4z\"\/><\/svg><\/span><\/a><\/li><li class=\"shariff-button mailto shariff-nocustomcolor\" style=\"background-color:#a8a8a8;border-radius:1%\"><a href=\"mailto:?body=https%3A%2F%2Fwww.sonnenseite.com%2Fde%2Fpolitik%2Fklimapolitische-bilanz-des-ersten-jahres-der-ampel-klimakanzler-gesucht%2F&subject=Klimapolitische%20Bilanz%20des%20ersten%20Jahres%20der%20Ampel%3A%20Klimakanzler%20gesucht\" title=\"Per E-Mail versenden\" aria-label=\"Per E-Mail versenden\" role=\"button\" rel=\"noopener nofollow\" class=\"shariff-link\" style=\";border-radius:1%; background-color:#999; color:#fff\"><span class=\"shariff-icon\" style=\"\"><svg width=\"32px\" height=\"20px\" xmlns=\"http:\/\/www.w3.org\/2000\/svg\" viewBox=\"0 0 32 32\"><path fill=\"#999\" d=\"M32 12.7v14.2q0 1.2-0.8 2t-2 0.9h-26.3q-1.2 0-2-0.9t-0.8-2v-14.2q0.8 0.9 1.8 1.6 6.5 4.4 8.9 6.1 1 0.8 1.6 1.2t1.7 0.9 2 0.4h0.1q0.9 0 2-0.4t1.7-0.9 1.6-1.2q3-2.2 8.9-6.1 1-0.7 1.8-1.6zM32 7.4q0 1.4-0.9 2.7t-2.2 2.2q-6.7 4.7-8.4 5.8-0.2 0.1-0.7 0.5t-1 0.7-0.9 0.6-1.1 0.5-0.9 0.2h-0.1q-0.4 0-0.9-0.2t-1.1-0.5-0.9-0.6-1-0.7-0.7-0.5q-1.6-1.1-4.7-3.2t-3.6-2.6q-1.1-0.7-2.1-2t-1-2.5q0-1.4 0.7-2.3t2.1-0.9h26.3q1.2 0 2 0.8t0.9 2z\"\/><\/svg><\/span><\/a><\/li><\/ul><\/div>","protected":false},"excerpt":{"rendered":"<p>Germanwatch sieht Aufbruch in einigen Politikfeldern &#8211; Koalition ist jedoch noch weit entfernt vom versprochenen Kurs [&hellip;]<\/p>\n","protected":false},"author":3,"featured_media":87313,"comment_status":"closed","ping_status":"closed","sticky":false,"template":"","format":"standard","meta":{"inline_featured_image":false,"footnotes":""},"categories":[21],"tags":[],"class_list":["post-87311","post","type-post","status-publish","format-standard","has-post-thumbnail","hentry","category-politik"],"yoast_head":"<!-- This site is optimized with the Yoast SEO plugin v26.5 - https:\/\/yoast.com\/wordpress\/plugins\/seo\/ -->\n<title>Klimapolitische Bilanz des ersten Jahres der Ampel: Klimakanzler gesucht - Sonnenseite - \u00d6kologische Kommunikation mit Franz Alt<\/title>\n<meta name=\"description\" content=\"Germanwatch sieht Aufbruch in einigen Politikfeldern - Koalition ist jedoch noch weit entfernt vom versprochenen Kurs zum Einhalten des 1,5 Grad-Limits.\" \/>\n<meta name=\"robots\" content=\"index, follow, max-snippet:-1, max-image-preview:large, max-video-preview:-1\" \/>\n<link rel=\"canonical\" href=\"https:\/\/www.sonnenseite.com\/de\/politik\/klimapolitische-bilanz-des-ersten-jahres-der-ampel-klimakanzler-gesucht\/\" \/>\n<meta property=\"og:locale\" content=\"de_DE\" \/>\n<meta property=\"og:type\" content=\"article\" \/>\n<meta property=\"og:title\" content=\"Klimapolitische Bilanz des ersten Jahres der Ampel: Klimakanzler gesucht - Sonnenseite - \u00d6kologische Kommunikation mit Franz Alt\" \/>\n<meta property=\"og:description\" content=\"Germanwatch sieht Aufbruch in einigen Politikfeldern - Koalition ist jedoch noch weit entfernt vom versprochenen Kurs zum Einhalten des 1,5 Grad-Limits.\" \/>\n<meta property=\"og:url\" content=\"https:\/\/www.sonnenseite.com\/de\/politik\/klimapolitische-bilanz-des-ersten-jahres-der-ampel-klimakanzler-gesucht\/\" \/>\n<meta property=\"og:site_name\" content=\"Sonnenseite\" \/>\n<meta property=\"article:publisher\" content=\"https:\/\/www.facebook.com\/pages\/Franz-Alt-SONNENSEITECOM\/221072987903953?fref=ts\" \/>\n<meta property=\"article:published_time\" content=\"2022-12-08T02:03:00+00:00\" \/>\n<meta property=\"article:modified_time\" content=\"2022-12-18T08:42:22+00:00\" \/>\n<meta property=\"og:image\" content=\"https:\/\/www.sonnenseite.com\/wp-content\/uploads\/2022\/12\/OlafScholz_Ale-Mi.jpg\" \/>\n\t<meta property=\"og:image:width\" content=\"770\" \/>\n\t<meta property=\"og:image:height\" content=\"420\" \/>\n\t<meta property=\"og:image:type\" content=\"image\/jpeg\" \/>\n<meta name=\"author\" content=\"Bigi Alt\" \/>\n<meta name=\"twitter:card\" content=\"summary_large_image\" \/>\n<meta name=\"twitter:creator\" content=\"@franzalt\" \/>\n<meta name=\"twitter:site\" content=\"@franzalt\" \/>\n<meta name=\"twitter:label1\" content=\"Verfasst von\" \/>\n\t<meta name=\"twitter:data1\" content=\"Bigi Alt\" \/>\n\t<meta name=\"twitter:label2\" content=\"Gesch\u00e4tzte Lesezeit\" \/>\n\t<meta name=\"twitter:data2\" content=\"6\u00a0Minuten\" \/>\n<script type=\"application\/ld+json\" class=\"yoast-schema-graph\">{\"@context\":\"https:\/\/schema.org\",\"@graph\":[{\"@type\":\"Article\",\"@id\":\"https:\/\/www.sonnenseite.com\/de\/politik\/klimapolitische-bilanz-des-ersten-jahres-der-ampel-klimakanzler-gesucht\/#article\",\"isPartOf\":{\"@id\":\"https:\/\/www.sonnenseite.com\/de\/politik\/klimapolitische-bilanz-des-ersten-jahres-der-ampel-klimakanzler-gesucht\/\"},\"author\":{\"name\":\"Bigi Alt\",\"@id\":\"https:\/\/www.sonnenseite.com\/de\/#\/schema\/person\/50fda0e926597684c7cc6695238a4eb9\"},\"headline\":\"Klimapolitische Bilanz des ersten Jahres der Ampel: Klimakanzler gesucht\",\"datePublished\":\"2022-12-08T02:03:00+00:00\",\"dateModified\":\"2022-12-18T08:42:22+00:00\",\"mainEntityOfPage\":{\"@id\":\"https:\/\/www.sonnenseite.com\/de\/politik\/klimapolitische-bilanz-des-ersten-jahres-der-ampel-klimakanzler-gesucht\/\"},\"wordCount\":1130,\"publisher\":{\"@id\":\"https:\/\/www.sonnenseite.com\/de\/#organization\"},\"image\":{\"@id\":\"https:\/\/www.sonnenseite.com\/de\/politik\/klimapolitische-bilanz-des-ersten-jahres-der-ampel-klimakanzler-gesucht\/#primaryimage\"},\"thumbnailUrl\":\"https:\/\/www.sonnenseite.com\/wp-content\/uploads\/2022\/12\/OlafScholz_Ale-Mi.jpg\",\"articleSection\":[\"Politik\"],\"inLanguage\":\"de\"},{\"@type\":\"WebPage\",\"@id\":\"https:\/\/www.sonnenseite.com\/de\/politik\/klimapolitische-bilanz-des-ersten-jahres-der-ampel-klimakanzler-gesucht\/\",\"url\":\"https:\/\/www.sonnenseite.com\/de\/politik\/klimapolitische-bilanz-des-ersten-jahres-der-ampel-klimakanzler-gesucht\/\",\"name\":\"Klimapolitische Bilanz des ersten Jahres der Ampel: Klimakanzler gesucht - Sonnenseite - \u00d6kologische Kommunikation mit Franz Alt\",\"isPartOf\":{\"@id\":\"https:\/\/www.sonnenseite.com\/de\/#website\"},\"primaryImageOfPage\":{\"@id\":\"https:\/\/www.sonnenseite.com\/de\/politik\/klimapolitische-bilanz-des-ersten-jahres-der-ampel-klimakanzler-gesucht\/#primaryimage\"},\"image\":{\"@id\":\"https:\/\/www.sonnenseite.com\/de\/politik\/klimapolitische-bilanz-des-ersten-jahres-der-ampel-klimakanzler-gesucht\/#primaryimage\"},\"thumbnailUrl\":\"https:\/\/www.sonnenseite.com\/wp-content\/uploads\/2022\/12\/OlafScholz_Ale-Mi.jpg\",\"datePublished\":\"2022-12-08T02:03:00+00:00\",\"dateModified\":\"2022-12-18T08:42:22+00:00\",\"description\":\"Germanwatch sieht Aufbruch in einigen Politikfeldern - Koalition ist jedoch noch weit entfernt vom versprochenen Kurs zum Einhalten des 1,5 Grad-Limits.\",\"breadcrumb\":{\"@id\":\"https:\/\/www.sonnenseite.com\/de\/politik\/klimapolitische-bilanz-des-ersten-jahres-der-ampel-klimakanzler-gesucht\/#breadcrumb\"},\"inLanguage\":\"de\",\"potentialAction\":[{\"@type\":\"ReadAction\",\"target\":[\"https:\/\/www.sonnenseite.com\/de\/politik\/klimapolitische-bilanz-des-ersten-jahres-der-ampel-klimakanzler-gesucht\/\"]}]},{\"@type\":\"ImageObject\",\"inLanguage\":\"de\",\"@id\":\"https:\/\/www.sonnenseite.com\/de\/politik\/klimapolitische-bilanz-des-ersten-jahres-der-ampel-klimakanzler-gesucht\/#primaryimage\",\"url\":\"https:\/\/www.sonnenseite.com\/wp-content\/uploads\/2022\/12\/OlafScholz_Ale-Mi.jpg\",\"contentUrl\":\"https:\/\/www.sonnenseite.com\/wp-content\/uploads\/2022\/12\/OlafScholz_Ale-Mi.jpg\",\"width\":770,\"height\":420,\"caption\":\"Depositphotos.com | Ale-Mi | Bundeskanzler Olaf Scholz\"},{\"@type\":\"BreadcrumbList\",\"@id\":\"https:\/\/www.sonnenseite.com\/de\/politik\/klimapolitische-bilanz-des-ersten-jahres-der-ampel-klimakanzler-gesucht\/#breadcrumb\",\"itemListElement\":[{\"@type\":\"ListItem\",\"position\":1,\"name\":\"Startseite\",\"item\":\"https:\/\/www.sonnenseite.com\/de\/\"},{\"@type\":\"ListItem\",\"position\":2,\"name\":\"Klimapolitische Bilanz des ersten Jahres der Ampel: Klimakanzler gesucht\"}]},{\"@type\":\"WebSite\",\"@id\":\"https:\/\/www.sonnenseite.com\/de\/#website\",\"url\":\"https:\/\/www.sonnenseite.com\/de\/\",\"name\":\"Sonnenseite\",\"description\":\"\u00d6kologische Kommunikation mit Franz Alt\",\"publisher\":{\"@id\":\"https:\/\/www.sonnenseite.com\/de\/#organization\"},\"potentialAction\":[{\"@type\":\"SearchAction\",\"target\":{\"@type\":\"EntryPoint\",\"urlTemplate\":\"https:\/\/www.sonnenseite.com\/de\/?s={search_term_string}\"},\"query-input\":{\"@type\":\"PropertyValueSpecification\",\"valueRequired\":true,\"valueName\":\"search_term_string\"}}],\"inLanguage\":\"de\"},{\"@type\":\"Organization\",\"@id\":\"https:\/\/www.sonnenseite.com\/de\/#organization\",\"name\":\"Sonnenseite\",\"url\":\"https:\/\/www.sonnenseite.com\/de\/\",\"logo\":{\"@type\":\"ImageObject\",\"inLanguage\":\"de\",\"@id\":\"https:\/\/www.sonnenseite.com\/de\/#\/schema\/logo\/image\/\",\"url\":\"https:\/\/www.sonnenseite.com\/wp-content\/uploads\/2020\/05\/Sonnenseite_Logo.png\",\"contentUrl\":\"https:\/\/www.sonnenseite.com\/wp-content\/uploads\/2020\/05\/Sonnenseite_Logo.png\",\"width\":377,\"height\":90,\"caption\":\"Sonnenseite\"},\"image\":{\"@id\":\"https:\/\/www.sonnenseite.com\/de\/#\/schema\/logo\/image\/\"},\"sameAs\":[\"https:\/\/www.facebook.com\/pages\/Franz-Alt-SONNENSEITECOM\/221072987903953?fref=ts\",\"https:\/\/x.com\/franzalt\",\"http:\/\/www.youtube.com\/results?search_query&amp;amp;quot;franz_alt&amp;amp;quot;&amp;amp;amp;amp;search_type&amp;amp;amp;amp;aq=f\"]},{\"@type\":\"Person\",\"@id\":\"https:\/\/www.sonnenseite.com\/de\/#\/schema\/person\/50fda0e926597684c7cc6695238a4eb9\",\"name\":\"Bigi Alt\"}]}<\/script>\n<!-- \/ Yoast SEO plugin. -->","yoast_head_json":{"title":"Klimapolitische Bilanz des ersten Jahres der Ampel: Klimakanzler gesucht - Sonnenseite - \u00d6kologische Kommunikation mit Franz Alt","description":"Germanwatch sieht Aufbruch in einigen Politikfeldern - Koalition ist jedoch noch weit entfernt vom versprochenen Kurs zum Einhalten des 1,5 Grad-Limits.","robots":{"index":"index","follow":"follow","max-snippet":"max-snippet:-1","max-image-preview":"max-image-preview:large","max-video-preview":"max-video-preview:-1"},"canonical":"https:\/\/www.sonnenseite.com\/de\/politik\/klimapolitische-bilanz-des-ersten-jahres-der-ampel-klimakanzler-gesucht\/","og_locale":"de_DE","og_type":"article","og_title":"Klimapolitische Bilanz des ersten Jahres der Ampel: Klimakanzler gesucht - Sonnenseite - \u00d6kologische Kommunikation mit Franz Alt","og_description":"Germanwatch sieht Aufbruch in einigen Politikfeldern - Koalition ist jedoch noch weit entfernt vom versprochenen Kurs zum Einhalten des 1,5 Grad-Limits.","og_url":"https:\/\/www.sonnenseite.com\/de\/politik\/klimapolitische-bilanz-des-ersten-jahres-der-ampel-klimakanzler-gesucht\/","og_site_name":"Sonnenseite","article_publisher":"https:\/\/www.facebook.com\/pages\/Franz-Alt-SONNENSEITECOM\/221072987903953?fref=ts","article_published_time":"2022-12-08T02:03:00+00:00","article_modified_time":"2022-12-18T08:42:22+00:00","og_image":[{"width":770,"height":420,"url":"https:\/\/www.sonnenseite.com\/wp-content\/uploads\/2022\/12\/OlafScholz_Ale-Mi.jpg","type":"image\/jpeg"}],"author":"Bigi Alt","twitter_card":"summary_large_image","twitter_creator":"@franzalt","twitter_site":"@franzalt","twitter_misc":{"Verfasst von":"Bigi Alt","Gesch\u00e4tzte Lesezeit":"6\u00a0Minuten"},"schema":{"@context":"https:\/\/schema.org","@graph":[{"@type":"Article","@id":"https:\/\/www.sonnenseite.com\/de\/politik\/klimapolitische-bilanz-des-ersten-jahres-der-ampel-klimakanzler-gesucht\/#article","isPartOf":{"@id":"https:\/\/www.sonnenseite.com\/de\/politik\/klimapolitische-bilanz-des-ersten-jahres-der-ampel-klimakanzler-gesucht\/"},"author":{"name":"Bigi Alt","@id":"https:\/\/www.sonnenseite.com\/de\/#\/schema\/person\/50fda0e926597684c7cc6695238a4eb9"},"headline":"Klimapolitische Bilanz des ersten Jahres der Ampel: Klimakanzler gesucht","datePublished":"2022-12-08T02:03:00+00:00","dateModified":"2022-12-18T08:42:22+00:00","mainEntityOfPage":{"@id":"https:\/\/www.sonnenseite.com\/de\/politik\/klimapolitische-bilanz-des-ersten-jahres-der-ampel-klimakanzler-gesucht\/"},"wordCount":1130,"publisher":{"@id":"https:\/\/www.sonnenseite.com\/de\/#organization"},"image":{"@id":"https:\/\/www.sonnenseite.com\/de\/politik\/klimapolitische-bilanz-des-ersten-jahres-der-ampel-klimakanzler-gesucht\/#primaryimage"},"thumbnailUrl":"https:\/\/www.sonnenseite.com\/wp-content\/uploads\/2022\/12\/OlafScholz_Ale-Mi.jpg","articleSection":["Politik"],"inLanguage":"de"},{"@type":"WebPage","@id":"https:\/\/www.sonnenseite.com\/de\/politik\/klimapolitische-bilanz-des-ersten-jahres-der-ampel-klimakanzler-gesucht\/","url":"https:\/\/www.sonnenseite.com\/de\/politik\/klimapolitische-bilanz-des-ersten-jahres-der-ampel-klimakanzler-gesucht\/","name":"Klimapolitische Bilanz des ersten Jahres der Ampel: Klimakanzler gesucht - Sonnenseite - \u00d6kologische Kommunikation mit Franz Alt","isPartOf":{"@id":"https:\/\/www.sonnenseite.com\/de\/#website"},"primaryImageOfPage":{"@id":"https:\/\/www.sonnenseite.com\/de\/politik\/klimapolitische-bilanz-des-ersten-jahres-der-ampel-klimakanzler-gesucht\/#primaryimage"},"image":{"@id":"https:\/\/www.sonnenseite.com\/de\/politik\/klimapolitische-bilanz-des-ersten-jahres-der-ampel-klimakanzler-gesucht\/#primaryimage"},"thumbnailUrl":"https:\/\/www.sonnenseite.com\/wp-content\/uploads\/2022\/12\/OlafScholz_Ale-Mi.jpg","datePublished":"2022-12-08T02:03:00+00:00","dateModified":"2022-12-18T08:42:22+00:00","description":"Germanwatch sieht Aufbruch in einigen Politikfeldern - Koalition ist jedoch noch weit entfernt vom versprochenen Kurs zum Einhalten des 1,5 Grad-Limits.","breadcrumb":{"@id":"https:\/\/www.sonnenseite.com\/de\/politik\/klimapolitische-bilanz-des-ersten-jahres-der-ampel-klimakanzler-gesucht\/#breadcrumb"},"inLanguage":"de","potentialAction":[{"@type":"ReadAction","target":["https:\/\/www.sonnenseite.com\/de\/politik\/klimapolitische-bilanz-des-ersten-jahres-der-ampel-klimakanzler-gesucht\/"]}]},{"@type":"ImageObject","inLanguage":"de","@id":"https:\/\/www.sonnenseite.com\/de\/politik\/klimapolitische-bilanz-des-ersten-jahres-der-ampel-klimakanzler-gesucht\/#primaryimage","url":"https:\/\/www.sonnenseite.com\/wp-content\/uploads\/2022\/12\/OlafScholz_Ale-Mi.jpg","contentUrl":"https:\/\/www.sonnenseite.com\/wp-content\/uploads\/2022\/12\/OlafScholz_Ale-Mi.jpg","width":770,"height":420,"caption":"Depositphotos.com | Ale-Mi | Bundeskanzler Olaf Scholz"},{"@type":"BreadcrumbList","@id":"https:\/\/www.sonnenseite.com\/de\/politik\/klimapolitische-bilanz-des-ersten-jahres-der-ampel-klimakanzler-gesucht\/#breadcrumb","itemListElement":[{"@type":"ListItem","position":1,"name":"Startseite","item":"https:\/\/www.sonnenseite.com\/de\/"},{"@type":"ListItem","position":2,"name":"Klimapolitische Bilanz des ersten Jahres der Ampel: Klimakanzler gesucht"}]},{"@type":"WebSite","@id":"https:\/\/www.sonnenseite.com\/de\/#website","url":"https:\/\/www.sonnenseite.com\/de\/","name":"Sonnenseite","description":"\u00d6kologische Kommunikation mit Franz Alt","publisher":{"@id":"https:\/\/www.sonnenseite.com\/de\/#organization"},"potentialAction":[{"@type":"SearchAction","target":{"@type":"EntryPoint","urlTemplate":"https:\/\/www.sonnenseite.com\/de\/?s={search_term_string}"},"query-input":{"@type":"PropertyValueSpecification","valueRequired":true,"valueName":"search_term_string"}}],"inLanguage":"de"},{"@type":"Organization","@id":"https:\/\/www.sonnenseite.com\/de\/#organization","name":"Sonnenseite","url":"https:\/\/www.sonnenseite.com\/de\/","logo":{"@type":"ImageObject","inLanguage":"de","@id":"https:\/\/www.sonnenseite.com\/de\/#\/schema\/logo\/image\/","url":"https:\/\/www.sonnenseite.com\/wp-content\/uploads\/2020\/05\/Sonnenseite_Logo.png","contentUrl":"https:\/\/www.sonnenseite.com\/wp-content\/uploads\/2020\/05\/Sonnenseite_Logo.png","width":377,"height":90,"caption":"Sonnenseite"},"image":{"@id":"https:\/\/www.sonnenseite.com\/de\/#\/schema\/logo\/image\/"},"sameAs":["https:\/\/www.facebook.com\/pages\/Franz-Alt-SONNENSEITECOM\/221072987903953?fref=ts","https:\/\/x.com\/franzalt","http:\/\/www.youtube.com\/results?search_query&amp;amp;quot;franz_alt&amp;amp;quot;&amp;amp;amp;amp;search_type&amp;amp;amp;amp;aq=f"]},{"@type":"Person","@id":"https:\/\/www.sonnenseite.com\/de\/#\/schema\/person\/50fda0e926597684c7cc6695238a4eb9","name":"Bigi Alt"}]}},"_links":{"self":[{"href":"https:\/\/www.sonnenseite.com\/de\/wp-json\/wp\/v2\/posts\/87311","targetHints":{"allow":["GET"]}}],"collection":[{"href":"https:\/\/www.sonnenseite.com\/de\/wp-json\/wp\/v2\/posts"}],"about":[{"href":"https:\/\/www.sonnenseite.com\/de\/wp-json\/wp\/v2\/types\/post"}],"author":[{"embeddable":true,"href":"https:\/\/www.sonnenseite.com\/de\/wp-json\/wp\/v2\/users\/3"}],"replies":[{"embeddable":true,"href":"https:\/\/www.sonnenseite.com\/de\/wp-json\/wp\/v2\/comments?post=87311"}],"version-history":[{"count":1,"href":"https:\/\/www.sonnenseite.com\/de\/wp-json\/wp\/v2\/posts\/87311\/revisions"}],"predecessor-version":[{"id":87312,"href":"https:\/\/www.sonnenseite.com\/de\/wp-json\/wp\/v2\/posts\/87311\/revisions\/87312"}],"wp:featuredmedia":[{"embeddable":true,"href":"https:\/\/www.sonnenseite.com\/de\/wp-json\/wp\/v2\/media\/87313"}],"wp:attachment":[{"href":"https:\/\/www.sonnenseite.com\/de\/wp-json\/wp\/v2\/media?parent=87311"}],"wp:term":[{"taxonomy":"category","embeddable":true,"href":"https:\/\/www.sonnenseite.com\/de\/wp-json\/wp\/v2\/categories?post=87311"},{"taxonomy":"post_tag","embeddable":true,"href":"https:\/\/www.sonnenseite.com\/de\/wp-json\/wp\/v2\/tags?post=87311"}],"curies":[{"name":"wp","href":"https:\/\/api.w.org\/{rel}","templated":true}]}}