{"id":87376,"date":"2022-12-11T08:38:49","date_gmt":"2022-12-11T07:38:49","guid":{"rendered":"https:\/\/www.sonnenseite.com\/?p=87376"},"modified":"2022-12-23T09:10:34","modified_gmt":"2022-12-23T08:10:34","slug":"erste-oder-letzte-generation","status":"publish","type":"post","link":"https:\/\/www.sonnenseite.com\/de\/franz-alt\/kommentare-interviews\/erste-oder-letzte-generation\/","title":{"rendered":"Erste oder Letzte Generation?"},"content":{"rendered":"\n<p>\u201eKlima-Terroristen\u201c \u2013 \u201eGr\u00fcne RAF\u201c &#8211; \u201e\u00d6ko-Faschisten\u201c \u2013 \u201ePutschisten gegen die Rechtsstaatlichkeit\u201c es fehlt in diesen Tagen nicht an verbaler und politischer Aufregung \u00fcber die<a href=\"https:\/\/letztegeneration.de\/\"> \u201eLetzte Generation\u201c<\/a> und ihre Aktionen. <\/p>\n\n\n\n<p>Dieser Name sagt \u00fcbrigens nicht, dass sich die radikalen Jugendlichen selbst als die letzte Generation der \u00dcberlebenden der Klimakatastrophe sehen, sondern geht auf eine wichtige <a href=\"https:\/\/www.tagesspiegel.de\/politik\/wir-sind-die-letzte-generation-die-etwas-gegen-den-klimawandel-tun-kann-4423192.html\">Rede des fr\u00fcheren US-Pr\u00e4sidenten Barack Obama zur\u00fcck<\/a>, der 2015 gesagt hat: \u201eWir sind die erste Generation, die den Klimawandel am eigenen Leib sp\u00fcrt und die letzte Generation, die etwas dagegen tun kann\u2026wir haben nur einen Planeten\u2026 und es gibt keinen Plan B\u201c.<\/p>\n\n\n\n<h5 class=\"wp-block-heading\">Ob erste oder letzte Generation &#8211; das Problem ist erkannt<\/h5>\n\n\n\n<p>Von der Klimawissenschaft seit Jahrzehnten und von der Mehrheit der europ\u00e4ischen B\u00fcrgerinnen und B\u00fcrger sp\u00e4testens seit sich die schwedische Sch\u00fclerin Greta Thunberg mit einem selbstgebastelten Pappschild und der Aufschrift \u201eSchulstreik f\u00fcrs Klima\u201c vor den Reichstag in Stockholm gesetzt und eine weltweite Klimaschutzbewegung initiiert hat, der sich Millionen Menschen angeschlossen haben. Der &#8222;Fridays for Future&#8220;-Bewegung folgten unter anderen die \u201eScientists for Future\u201c, die \u201eParents for Future&#8220;, &#8222;Omas for Future\u201c und sogar \u201eChurches for Future\u201c. <\/p>\n\n\n\n<p>Die Bewegung war und ist erfolgreich. Greta wurde in die UNO eingeladen, sprach auf internationalen Kongressen und mit der deutschen Bundeskanzlerin. Sogar das Bundesverfassungsgericht lie\u00df sich von ihr inspirieren.<\/p>\n\n\n\n<h5 class=\"wp-block-heading\">Aber was hilft dem Klima wirklich?<\/h5>\n\n\n\n<p>Es fehlt also nicht an Erkenntnissen zum Klimawandel. Es fehlt freilich noch immer an der Umsetzung der notwendigen Ma\u00dfnahmen zum Klimaschutz. Noch ist die Politik bis hin zu den Weltklimakonferenzen viel zu abh\u00e4ngig von der alten fossil-atomaren Energiewirtschaft. 1990 hat die Welt t\u00e4glich um die 100 Millionen Tonnen Treibhausgase in die Luft geblasen, heute sind es etwa 180 Millionen Tonnen \u2013 t\u00e4glich. Und t\u00e4glich rotten wir um die 180 Tier-und Pflanzenarten aus. Das h\u00e4lt der Planet auf Dauer\u00a0 nicht aus. Wir sind auf dem Weg in den globalen \u00f6kologischen Bankrott. Dagegen muss sich eine aufgekl\u00e4rte Zivilgesellschaft wehren. <\/p>\n\n\n\n<p>Wir f\u00fchren einen dritten Weltkrieg gegen die Natur und damit gegen uns selbst. So hat es soeben der UNO-Generalsekret\u00e4r Guterres zur Er\u00f6ffnung der Weltnaturkonferenz in Montreal gesagt.<\/p>\n\n\n\n<blockquote class=\"wp-block-quote is-layout-flow wp-block-quote-is-layout-flow\">\n<p>\u201eWir haben die Wahl: Kollektives Handeln oder kollektiver Suizid.\u201c<\/p>\n<cite>Ant\u00f3nio Guterres (2022) | UN-Generalsekret\u00e4r<\/cite><\/blockquote>\n\n\n\n<p>Sind aber deshalb Verkehrsblockaden auf Stra\u00dfen, Autobahnen und Flugh\u00e4fen gerechtfertigt und hilfreich f\u00fcr die Rettung des Klimas? Ist es deshalb legitim und hilfreich, Kunstwerke mit Kartoffelbrei zu traktieren? Hilft das dem Klima wirklich? Darauf kommt es doch an.<\/p>\n\n\n\n<p>Nach einer Spiegel-Umfrage lehnen 85% der Deutschen die Aktionen der \u201eLetzten Generation\u201c ab. Der Zweck heiligt nicht die Mittel. Das gilt selbstverst\u00e4ndlich auch beim Klimaschutz. Greta Thunberg und die von ihr initiierten Aktionen werden weltweit respektiert. Die Aktionen der Bilderst\u00fcrmer und Verkehrsblockierer aber werden mehrheitlich abgelehnt. Das ist ein fundamentaler Unterschied. <\/p>\n\n\n\n<p>Die S\u00fcddeutsche Zeitung schreibt an einem Tag \u201e\u00c4rger geh\u00f6rt dazu\u201c, die Aktivisten helfen, \u201eVer\u00e4nderungen herbeizuf\u00fchren\u201c, vermutet aber wenige Tage sp\u00e4ter: \u201eDie Aktivisten \u00fcberschreiten mit ihren Protesten die Grenze zur politischen Erpressung. Diese Radikalisierung wird die gesamte Klimabewegung schw\u00e4chen.\u201c<\/p>\n\n\n<div class=\"wp-block-image\">\n<figure class=\"alignright size-full is-resized\"><img loading=\"lazy\" decoding=\"async\" src=\"https:\/\/www.sonnenseite.com\/wp-content\/uploads\/2022\/12\/letztegeneration.de-Frankfurt.jpg\" alt=\"letztegeneration.de | Frankfurt\" class=\"wp-image-87379\" width=\"294\" height=\"160\" srcset=\"https:\/\/www.sonnenseite.com\/wp-content\/uploads\/2022\/12\/letztegeneration.de-Frankfurt.jpg 770w, https:\/\/www.sonnenseite.com\/wp-content\/uploads\/2022\/12\/letztegeneration.de-Frankfurt-300x164.jpg 300w, https:\/\/www.sonnenseite.com\/wp-content\/uploads\/2022\/12\/letztegeneration.de-Frankfurt-768x419.jpg 768w\" sizes=\"auto, (max-width: 294px) 100vw, 294px\" \/><figcaption class=\"wp-element-caption\">\u00a9 letztegeneration.de | Frankfurt<\/figcaption><\/figure>\n<\/div>\n\n\n<p>Junge Menschen sollen und d\u00fcrfen radikal sein im Sinne von Problemen auf den Grund und an die Wurzel (radix) gehen. Das hei\u00dft aber nicht, dass sie nicht auch an die Folgen ihres Tuns selbstkritisch nachdenken m\u00fcssten, wenn sie ernst genommen werden wollen. Die Boulevard-Presse, die AfD und Teile der Unionsparteien machen sich mit ihrer radikalen Aufgeregtheit \u00fcber die \u201eLetzte Generation\u201c geradezu l\u00e4cherlich und lenken von ihrem eigenen Versagen beim Thema Klimaschutz ab.<\/p>\n\n\n\n<p><strong>Die Position der Sonnenseite:\u00a0<\/strong>\u201eProtestieren und k\u00e4mpfen f\u00fcr die solare Energiewende und gegen den Klimawandel ist \u00fcber- lebenswichtig f\u00fcr die Menschheit und f\u00fcr alles Leben. Wenn die Methoden allerdings von 85% der Menschen abgelehnt werden, dann \u2013 so f\u00fcrchten wir \u2013 sind die Proteste eher kontraproduktiv. Die \u201eLetzte Generation\u201c sollte achtsamer sein und \u00fcber die Wirkung ihrer Proteste selbstkritisch nachdenken. Terroristen sind sie jedoch nicht. Unruhegeister geh\u00f6ren zu jeder Demokratie, sonst ist sie keine.<\/p>\n\n\n\n<p><a href=\"https:\/\/letztegeneration.de\/forderungen\/\">Die Forderungen der &#8222;Letzten Generation&#8220;<\/a><\/p>\n\n\n<h5 class=\"green\">Quelle<\/h5>\r\n\n\n\n<p><a href=\"mailto:franzalt@sonnenseite.com\">Franz Alt 2022<\/a><\/p>\n<div class=\"shariff shariff-align-flex-start shariff-widget-align-flex-start\"><div class=\"ShariffHeadline\">Diese Meldung teilen<\/div><ul class=\"shariff-buttons theme-round orientation-horizontal buttonsize-medium\"><li class=\"shariff-button facebook shariff-nocustomcolor\" style=\"background-color:#4273c8;border-radius:1%\"><a href=\"https:\/\/www.facebook.com\/sharer\/sharer.php?u=https%3A%2F%2Fwww.sonnenseite.com%2Fde%2Ffranz-alt%2Fkommentare-interviews%2Ferste-oder-letzte-generation%2F\" title=\"Bei Facebook teilen\" aria-label=\"Bei Facebook teilen\" role=\"button\" rel=\"nofollow\" class=\"shariff-link\" style=\";border-radius:1%; background-color:#3b5998; color:#fff\" target=\"_blank\"><span class=\"shariff-icon\" style=\"\"><svg width=\"32px\" height=\"20px\" xmlns=\"http:\/\/www.w3.org\/2000\/svg\" viewBox=\"0 0 18 32\"><path fill=\"#3b5998\" d=\"M17.1 0.2v4.7h-2.8q-1.5 0-2.1 0.6t-0.5 1.9v3.4h5.2l-0.7 5.3h-4.5v13.6h-5.5v-13.6h-4.5v-5.3h4.5v-3.9q0-3.3 1.9-5.2t5-1.8q2.6 0 4.1 0.2z\"\/><\/svg><\/span><\/a><\/li><li class=\"shariff-button twitter shariff-nocustomcolor\" style=\"background-color:#595959;border-radius:1%\"><a href=\"https:\/\/twitter.com\/share?url=https%3A%2F%2Fwww.sonnenseite.com%2Fde%2Ffranz-alt%2Fkommentare-interviews%2Ferste-oder-letzte-generation%2F&text=Erste%20oder%20Letzte%20Generation%3F\" title=\"Bei X teilen\" aria-label=\"Bei X teilen\" role=\"button\" rel=\"noopener nofollow\" class=\"shariff-link\" style=\";border-radius:1%; background-color:#000; color:#fff\" target=\"_blank\"><span class=\"shariff-icon\" style=\"\"><svg width=\"32px\" height=\"20px\" xmlns=\"http:\/\/www.w3.org\/2000\/svg\" viewBox=\"0 0 24 24\"><path fill=\"#000\" d=\"M14.258 10.152L23.176 0h-2.113l-7.747 8.813L7.133 0H0l9.352 13.328L0 23.973h2.113l8.176-9.309 6.531 9.309h7.133zm-2.895 3.293l-.949-1.328L2.875 1.56h3.246l6.086 8.523.945 1.328 7.91 11.078h-3.246zm0 0\"\/><\/svg><\/span><\/a><\/li><li class=\"shariff-button xing shariff-nocustomcolor\" style=\"background-color:#29888a;border-radius:1%\"><a href=\"https:\/\/www.xing.com\/spi\/shares\/new?url=https%3A%2F%2Fwww.sonnenseite.com%2Fde%2Ffranz-alt%2Fkommentare-interviews%2Ferste-oder-letzte-generation%2F\" title=\"Bei XING teilen\" aria-label=\"Bei XING teilen\" role=\"button\" rel=\"noopener nofollow\" class=\"shariff-link\" style=\";border-radius:1%; background-color:#126567; color:#fff\" target=\"_blank\"><span class=\"shariff-icon\" style=\"\"><svg width=\"32px\" height=\"20px\" xmlns=\"http:\/\/www.w3.org\/2000\/svg\" viewBox=\"0 0 25 32\"><path fill=\"#126567\" d=\"M10.7 11.9q-0.2 0.3-4.6 8.2-0.5 0.8-1.2 0.8h-4.3q-0.4 0-0.5-0.3t0-0.6l4.5-8q0 0 0 0l-2.9-5q-0.2-0.4 0-0.7 0.2-0.3 0.5-0.3h4.3q0.7 0 1.2 0.8zM25.1 0.4q0.2 0.3 0 0.7l-9.4 16.7 6 11q0.2 0.4 0 0.6-0.2 0.3-0.6 0.3h-4.3q-0.7 0-1.2-0.8l-6-11.1q0.3-0.6 9.5-16.8 0.4-0.8 1.2-0.8h4.3q0.4 0 0.5 0.3z\"\/><\/svg><\/span><\/a><\/li><li class=\"shariff-button linkedin shariff-nocustomcolor\" style=\"background-color:#1488bf;border-radius:1%\"><a href=\"https:\/\/www.linkedin.com\/sharing\/share-offsite\/?url=https%3A%2F%2Fwww.sonnenseite.com%2Fde%2Ffranz-alt%2Fkommentare-interviews%2Ferste-oder-letzte-generation%2F\" title=\"Bei LinkedIn teilen\" aria-label=\"Bei LinkedIn teilen\" role=\"button\" rel=\"noopener nofollow\" class=\"shariff-link\" style=\";border-radius:1%; background-color:#0077b5; color:#fff\" target=\"_blank\"><span class=\"shariff-icon\" style=\"\"><svg width=\"32px\" height=\"20px\" xmlns=\"http:\/\/www.w3.org\/2000\/svg\" viewBox=\"0 0 27 32\"><path fill=\"#0077b5\" d=\"M6.2 11.2v17.7h-5.9v-17.7h5.9zM6.6 5.7q0 1.3-0.9 2.2t-2.4 0.9h0q-1.5 0-2.4-0.9t-0.9-2.2 0.9-2.2 2.4-0.9 2.4 0.9 0.9 2.2zM27.4 18.7v10.1h-5.9v-9.5q0-1.9-0.7-2.9t-2.3-1.1q-1.1 0-1.9 0.6t-1.2 1.5q-0.2 0.5-0.2 1.4v9.9h-5.9q0-7.1 0-11.6t0-5.3l0-0.9h5.9v2.6h0q0.4-0.6 0.7-1t1-0.9 1.6-0.8 2-0.3q3 0 4.9 2t1.9 6z\"\/><\/svg><\/span><\/a><\/li><li class=\"shariff-button printer shariff-nocustomcolor\" style=\"background-color:#a8a8a8;border-radius:1%\"><a href=\"javascript:window.print()\" title=\"drucken\" aria-label=\"drucken\" role=\"button\" rel=\"noopener nofollow\" class=\"shariff-link\" style=\";border-radius:1%; background-color:#999; color:#fff\"><span class=\"shariff-icon\" style=\"\"><svg width=\"32px\" height=\"20px\" xmlns=\"http:\/\/www.w3.org\/2000\/svg\" viewBox=\"0 0 30 32\"><path fill=\"#999\" d=\"M6.8 27.4h16v-4.6h-16v4.6zM6.8 16h16v-6.8h-2.8q-0.7 0-1.2-0.5t-0.5-1.2v-2.8h-11.4v11.4zM27.4 17.2q0-0.5-0.3-0.8t-0.8-0.4-0.8 0.4-0.3 0.8 0.3 0.8 0.8 0.3 0.8-0.3 0.3-0.8zM29.7 17.2v7.4q0 0.2-0.2 0.4t-0.4 0.2h-4v2.8q0 0.7-0.5 1.2t-1.2 0.5h-17.2q-0.7 0-1.2-0.5t-0.5-1.2v-2.8h-4q-0.2 0-0.4-0.2t-0.2-0.4v-7.4q0-1.4 1-2.4t2.4-1h1.2v-9.7q0-0.7 0.5-1.2t1.2-0.5h12q0.7 0 1.6 0.4t1.3 0.8l2.7 2.7q0.5 0.5 0.9 1.4t0.4 1.6v4.6h1.1q1.4 0 2.4 1t1 2.4z\"\/><\/svg><\/span><\/a><\/li><li class=\"shariff-button mailto shariff-nocustomcolor\" style=\"background-color:#a8a8a8;border-radius:1%\"><a href=\"mailto:?body=https%3A%2F%2Fwww.sonnenseite.com%2Fde%2Ffranz-alt%2Fkommentare-interviews%2Ferste-oder-letzte-generation%2F&subject=Erste%20oder%20Letzte%20Generation%3F\" title=\"Per E-Mail versenden\" aria-label=\"Per E-Mail versenden\" role=\"button\" rel=\"noopener nofollow\" class=\"shariff-link\" style=\";border-radius:1%; background-color:#999; color:#fff\"><span class=\"shariff-icon\" style=\"\"><svg width=\"32px\" height=\"20px\" xmlns=\"http:\/\/www.w3.org\/2000\/svg\" viewBox=\"0 0 32 32\"><path fill=\"#999\" d=\"M32 12.7v14.2q0 1.2-0.8 2t-2 0.9h-26.3q-1.2 0-2-0.9t-0.8-2v-14.2q0.8 0.9 1.8 1.6 6.5 4.4 8.9 6.1 1 0.8 1.6 1.2t1.7 0.9 2 0.4h0.1q0.9 0 2-0.4t1.7-0.9 1.6-1.2q3-2.2 8.9-6.1 1-0.7 1.8-1.6zM32 7.4q0 1.4-0.9 2.7t-2.2 2.2q-6.7 4.7-8.4 5.8-0.2 0.1-0.7 0.5t-1 0.7-0.9 0.6-1.1 0.5-0.9 0.2h-0.1q-0.4 0-0.9-0.2t-1.1-0.5-0.9-0.6-1-0.7-0.7-0.5q-1.6-1.1-4.7-3.2t-3.6-2.6q-1.1-0.7-2.1-2t-1-2.5q0-1.4 0.7-2.3t2.1-0.9h26.3q1.2 0 2 0.8t0.9 2z\"\/><\/svg><\/span><\/a><\/li><\/ul><\/div>","protected":false},"excerpt":{"rendered":"<p>\u201eKlima-Terroristen\u201c \u2013 \u201eGr\u00fcne RAF\u201c &#8211; \u201e\u00d6ko-Faschisten\u201c \u2013 \u201ePutschisten gegen die Rechtsstaatlichkeit\u201c es fehlt in diesen Tagen [&hellip;]<\/p>\n","protected":false},"author":3,"featured_media":87381,"comment_status":"closed","ping_status":"closed","sticky":false,"template":"","format":"standard","meta":{"inline_featured_image":false,"footnotes":""},"categories":[29],"tags":[],"class_list":["post-87376","post","type-post","status-publish","format-standard","has-post-thumbnail","hentry","category-kommentare-interviews"],"yoast_head":"<!-- This site is optimized with the Yoast SEO plugin v26.5 - https:\/\/yoast.com\/wordpress\/plugins\/seo\/ -->\n<title>Erste oder Letzte Generation? - Sonnenseite - \u00d6kologische Kommunikation mit Franz Alt<\/title>\n<meta name=\"description\" content=\"\u201eKlima-Terroristen\u201c \u2013 \u201eGr\u00fcne RAF\u201c - \u201e\u00d6ko-Faschisten\u201c \u2013 \u201ePutschisten gegen die Rechtsstaatlichkeit\u201c es fehlt in diesen Tagen nicht an verbaler und\" \/>\n<meta name=\"robots\" content=\"index, follow, max-snippet:-1, max-image-preview:large, max-video-preview:-1\" \/>\n<link rel=\"canonical\" href=\"https:\/\/www.sonnenseite.com\/de\/franz-alt\/kommentare-interviews\/erste-oder-letzte-generation\/\" \/>\n<meta property=\"og:locale\" content=\"de_DE\" \/>\n<meta property=\"og:type\" content=\"article\" \/>\n<meta property=\"og:title\" content=\"Erste oder Letzte Generation? - Sonnenseite - \u00d6kologische Kommunikation mit Franz Alt\" \/>\n<meta property=\"og:description\" content=\"\u201eKlima-Terroristen\u201c \u2013 \u201eGr\u00fcne RAF\u201c - \u201e\u00d6ko-Faschisten\u201c \u2013 \u201ePutschisten gegen die Rechtsstaatlichkeit\u201c es fehlt in diesen Tagen nicht an verbaler und\" \/>\n<meta property=\"og:url\" content=\"https:\/\/www.sonnenseite.com\/de\/franz-alt\/kommentare-interviews\/erste-oder-letzte-generation\/\" \/>\n<meta property=\"og:site_name\" content=\"Sonnenseite\" \/>\n<meta property=\"article:publisher\" content=\"https:\/\/www.facebook.com\/pages\/Franz-Alt-SONNENSEITECOM\/221072987903953?fref=ts\" \/>\n<meta property=\"article:published_time\" content=\"2022-12-11T07:38:49+00:00\" \/>\n<meta property=\"article:modified_time\" content=\"2022-12-23T08:10:34+00:00\" \/>\n<meta property=\"og:image\" content=\"https:\/\/www.sonnenseite.com\/wp-content\/uploads\/2022\/12\/letztegeneration.de-09.12.22-Berlin-A100-Abfahrt-Steglitz01.jpg\" \/>\n\t<meta property=\"og:image:width\" content=\"770\" \/>\n\t<meta property=\"og:image:height\" content=\"420\" \/>\n\t<meta property=\"og:image:type\" content=\"image\/jpeg\" \/>\n<meta name=\"author\" content=\"Bigi Alt\" \/>\n<meta name=\"twitter:card\" content=\"summary_large_image\" \/>\n<meta name=\"twitter:creator\" content=\"@franzalt\" \/>\n<meta name=\"twitter:site\" content=\"@franzalt\" \/>\n<meta name=\"twitter:label1\" content=\"Verfasst von\" \/>\n\t<meta name=\"twitter:data1\" content=\"Bigi Alt\" \/>\n\t<meta name=\"twitter:label2\" content=\"Gesch\u00e4tzte Lesezeit\" \/>\n\t<meta name=\"twitter:data2\" content=\"4\u00a0Minuten\" \/>\n<script type=\"application\/ld+json\" class=\"yoast-schema-graph\">{\"@context\":\"https:\/\/schema.org\",\"@graph\":[{\"@type\":\"Article\",\"@id\":\"https:\/\/www.sonnenseite.com\/de\/franz-alt\/kommentare-interviews\/erste-oder-letzte-generation\/#article\",\"isPartOf\":{\"@id\":\"https:\/\/www.sonnenseite.com\/de\/franz-alt\/kommentare-interviews\/erste-oder-letzte-generation\/\"},\"author\":{\"name\":\"Bigi Alt\",\"@id\":\"https:\/\/www.sonnenseite.com\/de\/#\/schema\/person\/50fda0e926597684c7cc6695238a4eb9\"},\"headline\":\"Erste oder Letzte Generation?\",\"datePublished\":\"2022-12-11T07:38:49+00:00\",\"dateModified\":\"2022-12-23T08:10:34+00:00\",\"mainEntityOfPage\":{\"@id\":\"https:\/\/www.sonnenseite.com\/de\/franz-alt\/kommentare-interviews\/erste-oder-letzte-generation\/\"},\"wordCount\":671,\"publisher\":{\"@id\":\"https:\/\/www.sonnenseite.com\/de\/#organization\"},\"image\":{\"@id\":\"https:\/\/www.sonnenseite.com\/de\/franz-alt\/kommentare-interviews\/erste-oder-letzte-generation\/#primaryimage\"},\"thumbnailUrl\":\"https:\/\/www.sonnenseite.com\/wp-content\/uploads\/2022\/12\/letztegeneration.de-09.12.22-Berlin-A100-Abfahrt-Steglitz01.jpg\",\"articleSection\":[\"Kommentare &amp; Interviews\"],\"inLanguage\":\"de\"},{\"@type\":\"WebPage\",\"@id\":\"https:\/\/www.sonnenseite.com\/de\/franz-alt\/kommentare-interviews\/erste-oder-letzte-generation\/\",\"url\":\"https:\/\/www.sonnenseite.com\/de\/franz-alt\/kommentare-interviews\/erste-oder-letzte-generation\/\",\"name\":\"Erste oder Letzte Generation? - Sonnenseite - \u00d6kologische Kommunikation mit Franz Alt\",\"isPartOf\":{\"@id\":\"https:\/\/www.sonnenseite.com\/de\/#website\"},\"primaryImageOfPage\":{\"@id\":\"https:\/\/www.sonnenseite.com\/de\/franz-alt\/kommentare-interviews\/erste-oder-letzte-generation\/#primaryimage\"},\"image\":{\"@id\":\"https:\/\/www.sonnenseite.com\/de\/franz-alt\/kommentare-interviews\/erste-oder-letzte-generation\/#primaryimage\"},\"thumbnailUrl\":\"https:\/\/www.sonnenseite.com\/wp-content\/uploads\/2022\/12\/letztegeneration.de-09.12.22-Berlin-A100-Abfahrt-Steglitz01.jpg\",\"datePublished\":\"2022-12-11T07:38:49+00:00\",\"dateModified\":\"2022-12-23T08:10:34+00:00\",\"description\":\"\u201eKlima-Terroristen\u201c \u2013 \u201eGr\u00fcne RAF\u201c - \u201e\u00d6ko-Faschisten\u201c \u2013 \u201ePutschisten gegen die Rechtsstaatlichkeit\u201c es fehlt in diesen Tagen nicht an verbaler und\",\"breadcrumb\":{\"@id\":\"https:\/\/www.sonnenseite.com\/de\/franz-alt\/kommentare-interviews\/erste-oder-letzte-generation\/#breadcrumb\"},\"inLanguage\":\"de\",\"potentialAction\":[{\"@type\":\"ReadAction\",\"target\":[\"https:\/\/www.sonnenseite.com\/de\/franz-alt\/kommentare-interviews\/erste-oder-letzte-generation\/\"]}]},{\"@type\":\"ImageObject\",\"inLanguage\":\"de\",\"@id\":\"https:\/\/www.sonnenseite.com\/de\/franz-alt\/kommentare-interviews\/erste-oder-letzte-generation\/#primaryimage\",\"url\":\"https:\/\/www.sonnenseite.com\/wp-content\/uploads\/2022\/12\/letztegeneration.de-09.12.22-Berlin-A100-Abfahrt-Steglitz01.jpg\",\"contentUrl\":\"https:\/\/www.sonnenseite.com\/wp-content\/uploads\/2022\/12\/letztegeneration.de-09.12.22-Berlin-A100-Abfahrt-Steglitz01.jpg\",\"width\":770,\"height\":420,\"caption\":\"letztegeneration.de | 09.12.22 - Berlin - A100 - Abfahrt Steglitz\"},{\"@type\":\"BreadcrumbList\",\"@id\":\"https:\/\/www.sonnenseite.com\/de\/franz-alt\/kommentare-interviews\/erste-oder-letzte-generation\/#breadcrumb\",\"itemListElement\":[{\"@type\":\"ListItem\",\"position\":1,\"name\":\"Startseite\",\"item\":\"https:\/\/www.sonnenseite.com\/de\/\"},{\"@type\":\"ListItem\",\"position\":2,\"name\":\"Erste oder Letzte Generation?\"}]},{\"@type\":\"WebSite\",\"@id\":\"https:\/\/www.sonnenseite.com\/de\/#website\",\"url\":\"https:\/\/www.sonnenseite.com\/de\/\",\"name\":\"Sonnenseite\",\"description\":\"\u00d6kologische Kommunikation mit Franz Alt\",\"publisher\":{\"@id\":\"https:\/\/www.sonnenseite.com\/de\/#organization\"},\"potentialAction\":[{\"@type\":\"SearchAction\",\"target\":{\"@type\":\"EntryPoint\",\"urlTemplate\":\"https:\/\/www.sonnenseite.com\/de\/?s={search_term_string}\"},\"query-input\":{\"@type\":\"PropertyValueSpecification\",\"valueRequired\":true,\"valueName\":\"search_term_string\"}}],\"inLanguage\":\"de\"},{\"@type\":\"Organization\",\"@id\":\"https:\/\/www.sonnenseite.com\/de\/#organization\",\"name\":\"Sonnenseite\",\"url\":\"https:\/\/www.sonnenseite.com\/de\/\",\"logo\":{\"@type\":\"ImageObject\",\"inLanguage\":\"de\",\"@id\":\"https:\/\/www.sonnenseite.com\/de\/#\/schema\/logo\/image\/\",\"url\":\"https:\/\/www.sonnenseite.com\/wp-content\/uploads\/2020\/05\/Sonnenseite_Logo.png\",\"contentUrl\":\"https:\/\/www.sonnenseite.com\/wp-content\/uploads\/2020\/05\/Sonnenseite_Logo.png\",\"width\":377,\"height\":90,\"caption\":\"Sonnenseite\"},\"image\":{\"@id\":\"https:\/\/www.sonnenseite.com\/de\/#\/schema\/logo\/image\/\"},\"sameAs\":[\"https:\/\/www.facebook.com\/pages\/Franz-Alt-SONNENSEITECOM\/221072987903953?fref=ts\",\"https:\/\/x.com\/franzalt\",\"http:\/\/www.youtube.com\/results?search_query&amp;amp;quot;franz_alt&amp;amp;quot;&amp;amp;amp;amp;search_type&amp;amp;amp;amp;aq=f\"]},{\"@type\":\"Person\",\"@id\":\"https:\/\/www.sonnenseite.com\/de\/#\/schema\/person\/50fda0e926597684c7cc6695238a4eb9\",\"name\":\"Bigi Alt\"}]}<\/script>\n<!-- \/ Yoast SEO plugin. -->","yoast_head_json":{"title":"Erste oder Letzte Generation? - Sonnenseite - \u00d6kologische Kommunikation mit Franz Alt","description":"\u201eKlima-Terroristen\u201c \u2013 \u201eGr\u00fcne RAF\u201c - \u201e\u00d6ko-Faschisten\u201c \u2013 \u201ePutschisten gegen die Rechtsstaatlichkeit\u201c es fehlt in diesen Tagen nicht an verbaler und","robots":{"index":"index","follow":"follow","max-snippet":"max-snippet:-1","max-image-preview":"max-image-preview:large","max-video-preview":"max-video-preview:-1"},"canonical":"https:\/\/www.sonnenseite.com\/de\/franz-alt\/kommentare-interviews\/erste-oder-letzte-generation\/","og_locale":"de_DE","og_type":"article","og_title":"Erste oder Letzte Generation? - Sonnenseite - \u00d6kologische Kommunikation mit Franz Alt","og_description":"\u201eKlima-Terroristen\u201c \u2013 \u201eGr\u00fcne RAF\u201c - \u201e\u00d6ko-Faschisten\u201c \u2013 \u201ePutschisten gegen die Rechtsstaatlichkeit\u201c es fehlt in diesen Tagen nicht an verbaler und","og_url":"https:\/\/www.sonnenseite.com\/de\/franz-alt\/kommentare-interviews\/erste-oder-letzte-generation\/","og_site_name":"Sonnenseite","article_publisher":"https:\/\/www.facebook.com\/pages\/Franz-Alt-SONNENSEITECOM\/221072987903953?fref=ts","article_published_time":"2022-12-11T07:38:49+00:00","article_modified_time":"2022-12-23T08:10:34+00:00","og_image":[{"width":770,"height":420,"url":"https:\/\/www.sonnenseite.com\/wp-content\/uploads\/2022\/12\/letztegeneration.de-09.12.22-Berlin-A100-Abfahrt-Steglitz01.jpg","type":"image\/jpeg"}],"author":"Bigi Alt","twitter_card":"summary_large_image","twitter_creator":"@franzalt","twitter_site":"@franzalt","twitter_misc":{"Verfasst von":"Bigi Alt","Gesch\u00e4tzte Lesezeit":"4\u00a0Minuten"},"schema":{"@context":"https:\/\/schema.org","@graph":[{"@type":"Article","@id":"https:\/\/www.sonnenseite.com\/de\/franz-alt\/kommentare-interviews\/erste-oder-letzte-generation\/#article","isPartOf":{"@id":"https:\/\/www.sonnenseite.com\/de\/franz-alt\/kommentare-interviews\/erste-oder-letzte-generation\/"},"author":{"name":"Bigi Alt","@id":"https:\/\/www.sonnenseite.com\/de\/#\/schema\/person\/50fda0e926597684c7cc6695238a4eb9"},"headline":"Erste oder Letzte Generation?","datePublished":"2022-12-11T07:38:49+00:00","dateModified":"2022-12-23T08:10:34+00:00","mainEntityOfPage":{"@id":"https:\/\/www.sonnenseite.com\/de\/franz-alt\/kommentare-interviews\/erste-oder-letzte-generation\/"},"wordCount":671,"publisher":{"@id":"https:\/\/www.sonnenseite.com\/de\/#organization"},"image":{"@id":"https:\/\/www.sonnenseite.com\/de\/franz-alt\/kommentare-interviews\/erste-oder-letzte-generation\/#primaryimage"},"thumbnailUrl":"https:\/\/www.sonnenseite.com\/wp-content\/uploads\/2022\/12\/letztegeneration.de-09.12.22-Berlin-A100-Abfahrt-Steglitz01.jpg","articleSection":["Kommentare &amp; Interviews"],"inLanguage":"de"},{"@type":"WebPage","@id":"https:\/\/www.sonnenseite.com\/de\/franz-alt\/kommentare-interviews\/erste-oder-letzte-generation\/","url":"https:\/\/www.sonnenseite.com\/de\/franz-alt\/kommentare-interviews\/erste-oder-letzte-generation\/","name":"Erste oder Letzte Generation? - Sonnenseite - \u00d6kologische Kommunikation mit Franz Alt","isPartOf":{"@id":"https:\/\/www.sonnenseite.com\/de\/#website"},"primaryImageOfPage":{"@id":"https:\/\/www.sonnenseite.com\/de\/franz-alt\/kommentare-interviews\/erste-oder-letzte-generation\/#primaryimage"},"image":{"@id":"https:\/\/www.sonnenseite.com\/de\/franz-alt\/kommentare-interviews\/erste-oder-letzte-generation\/#primaryimage"},"thumbnailUrl":"https:\/\/www.sonnenseite.com\/wp-content\/uploads\/2022\/12\/letztegeneration.de-09.12.22-Berlin-A100-Abfahrt-Steglitz01.jpg","datePublished":"2022-12-11T07:38:49+00:00","dateModified":"2022-12-23T08:10:34+00:00","description":"\u201eKlima-Terroristen\u201c \u2013 \u201eGr\u00fcne RAF\u201c - \u201e\u00d6ko-Faschisten\u201c \u2013 \u201ePutschisten gegen die Rechtsstaatlichkeit\u201c es fehlt in diesen Tagen nicht an verbaler und","breadcrumb":{"@id":"https:\/\/www.sonnenseite.com\/de\/franz-alt\/kommentare-interviews\/erste-oder-letzte-generation\/#breadcrumb"},"inLanguage":"de","potentialAction":[{"@type":"ReadAction","target":["https:\/\/www.sonnenseite.com\/de\/franz-alt\/kommentare-interviews\/erste-oder-letzte-generation\/"]}]},{"@type":"ImageObject","inLanguage":"de","@id":"https:\/\/www.sonnenseite.com\/de\/franz-alt\/kommentare-interviews\/erste-oder-letzte-generation\/#primaryimage","url":"https:\/\/www.sonnenseite.com\/wp-content\/uploads\/2022\/12\/letztegeneration.de-09.12.22-Berlin-A100-Abfahrt-Steglitz01.jpg","contentUrl":"https:\/\/www.sonnenseite.com\/wp-content\/uploads\/2022\/12\/letztegeneration.de-09.12.22-Berlin-A100-Abfahrt-Steglitz01.jpg","width":770,"height":420,"caption":"letztegeneration.de | 09.12.22 - Berlin - A100 - Abfahrt Steglitz"},{"@type":"BreadcrumbList","@id":"https:\/\/www.sonnenseite.com\/de\/franz-alt\/kommentare-interviews\/erste-oder-letzte-generation\/#breadcrumb","itemListElement":[{"@type":"ListItem","position":1,"name":"Startseite","item":"https:\/\/www.sonnenseite.com\/de\/"},{"@type":"ListItem","position":2,"name":"Erste oder Letzte Generation?"}]},{"@type":"WebSite","@id":"https:\/\/www.sonnenseite.com\/de\/#website","url":"https:\/\/www.sonnenseite.com\/de\/","name":"Sonnenseite","description":"\u00d6kologische Kommunikation mit Franz Alt","publisher":{"@id":"https:\/\/www.sonnenseite.com\/de\/#organization"},"potentialAction":[{"@type":"SearchAction","target":{"@type":"EntryPoint","urlTemplate":"https:\/\/www.sonnenseite.com\/de\/?s={search_term_string}"},"query-input":{"@type":"PropertyValueSpecification","valueRequired":true,"valueName":"search_term_string"}}],"inLanguage":"de"},{"@type":"Organization","@id":"https:\/\/www.sonnenseite.com\/de\/#organization","name":"Sonnenseite","url":"https:\/\/www.sonnenseite.com\/de\/","logo":{"@type":"ImageObject","inLanguage":"de","@id":"https:\/\/www.sonnenseite.com\/de\/#\/schema\/logo\/image\/","url":"https:\/\/www.sonnenseite.com\/wp-content\/uploads\/2020\/05\/Sonnenseite_Logo.png","contentUrl":"https:\/\/www.sonnenseite.com\/wp-content\/uploads\/2020\/05\/Sonnenseite_Logo.png","width":377,"height":90,"caption":"Sonnenseite"},"image":{"@id":"https:\/\/www.sonnenseite.com\/de\/#\/schema\/logo\/image\/"},"sameAs":["https:\/\/www.facebook.com\/pages\/Franz-Alt-SONNENSEITECOM\/221072987903953?fref=ts","https:\/\/x.com\/franzalt","http:\/\/www.youtube.com\/results?search_query&amp;amp;quot;franz_alt&amp;amp;quot;&amp;amp;amp;amp;search_type&amp;amp;amp;amp;aq=f"]},{"@type":"Person","@id":"https:\/\/www.sonnenseite.com\/de\/#\/schema\/person\/50fda0e926597684c7cc6695238a4eb9","name":"Bigi Alt"}]}},"_links":{"self":[{"href":"https:\/\/www.sonnenseite.com\/de\/wp-json\/wp\/v2\/posts\/87376","targetHints":{"allow":["GET"]}}],"collection":[{"href":"https:\/\/www.sonnenseite.com\/de\/wp-json\/wp\/v2\/posts"}],"about":[{"href":"https:\/\/www.sonnenseite.com\/de\/wp-json\/wp\/v2\/types\/post"}],"author":[{"embeddable":true,"href":"https:\/\/www.sonnenseite.com\/de\/wp-json\/wp\/v2\/users\/3"}],"replies":[{"embeddable":true,"href":"https:\/\/www.sonnenseite.com\/de\/wp-json\/wp\/v2\/comments?post=87376"}],"version-history":[{"count":8,"href":"https:\/\/www.sonnenseite.com\/de\/wp-json\/wp\/v2\/posts\/87376\/revisions"}],"predecessor-version":[{"id":87388,"href":"https:\/\/www.sonnenseite.com\/de\/wp-json\/wp\/v2\/posts\/87376\/revisions\/87388"}],"wp:featuredmedia":[{"embeddable":true,"href":"https:\/\/www.sonnenseite.com\/de\/wp-json\/wp\/v2\/media\/87381"}],"wp:attachment":[{"href":"https:\/\/www.sonnenseite.com\/de\/wp-json\/wp\/v2\/media?parent=87376"}],"wp:term":[{"taxonomy":"category","embeddable":true,"href":"https:\/\/www.sonnenseite.com\/de\/wp-json\/wp\/v2\/categories?post=87376"},{"taxonomy":"post_tag","embeddable":true,"href":"https:\/\/www.sonnenseite.com\/de\/wp-json\/wp\/v2\/tags?post=87376"}],"curies":[{"name":"wp","href":"https:\/\/api.w.org\/{rel}","templated":true}]}}