{"id":87733,"date":"2022-12-30T02:49:00","date_gmt":"2022-12-30T01:49:00","guid":{"rendered":"https:\/\/www.sonnenseite.com\/?p=87733"},"modified":"2022-12-21T08:49:50","modified_gmt":"2022-12-21T07:49:50","slug":"dicke-luft-zum-jahreswechsel-2","status":"publish","type":"post","link":"https:\/\/www.sonnenseite.com\/de\/umwelt\/dicke-luft-zum-jahreswechsel-2\/","title":{"rendered":"Dicke Luft zum Jahreswechsel"},"content":{"rendered":"\n<p>An einem typischen Jahreswechsel steigt die Belastung mit gesundheitssch\u00e4dlichem Feinstaub explosionsartig an.<\/p>\n\n\n\n<p>Ein Feuerwerk ist sch\u00f6n anzusehen. Es hat aber auch negative Seiten: Verbrennungen, Augenverletzungen und H\u00f6rsch\u00e4digungen, Explosionssch\u00e4den und andere Sachsch\u00e4den an Fahrzeugen und Geb\u00e4uden, der Eintrag von Plastik in die Umwelt, enorme M\u00fcllmengen, ver\u00e4ngstigte Haustiere sowie \u00f6kologische Sch\u00e4den und die St\u00f6rung von Wildtieren.<\/p>\n\n\n\n<p>In den Jahren vor den Einschr\u00e4nkungen durch Corona-Schutzma\u00dfnahmen wurden j\u00e4hrlich rund 2.050 Tonnen Feinstaub (\u2060PM10\u2060) durch das Abbrennen von Feuerwerksk\u00f6rpern frei gesetzt, der gr\u00f6\u00dfte Teil davon in der Silvesternacht. Diese Menge entsprach in etwa 13 Prozent der j\u00e4hrlich durch Holzfeuerungen und ca. einem Prozent der gesamt freigesetzten Feinstaubmenge in Deutschland. Eine deutliche Reduzierung der freigesetzten \u2060<a target=\"_blank\" href=\"https:\/\/www.umweltbundesamt.de\/service\/glossar\/p?tag=PM10#alphabar\" rel=\"noreferrer noopener\">PM10<\/a>\u2060-Mengen und damit auch der Belastung in der Silvesternacht und am Neujahrstag konnte an den beiden letzten Jahreswechseln festgestellt werden. Die \u2060UBA\u2060-Brosch\u00fcre <a href=\"https:\/\/www.umweltbundesamt.de\/publikationen\/jahreswechsel-wenn-die-luft-schneiden-ist\">Zum Jahreswechsel: Wenn die Luft &#8222;zum Schneiden&#8220; ist<\/a> zeigt anhand von Auswertungen von Luftdaten, dass die Belastung mit gesundheitsgef\u00e4hrdendem Feinstaub an typischen Jahreswechseln vielerorts so hoch ist, wie sonst im ganzen Jahr nicht. Zudem fasst sie alle relevanten Wirkungen des Feuerwerks auf Mensch und Umwelt zusammen.<\/p>\n\n\n\n<p>Das Einatmen von Feinstaub gef\u00e4hrdet die menschliche Gesundheit. Die Wirkungen reichen von vor\u00fcbergehenden Beeintr\u00e4chtigungen der Atemwege \u00fcber einen erh\u00f6hten Medikamentenbedarf bei Asthmatikern bis zu Atemwegserkrankungen und Herz-Kreislauf-Problemen.<\/p>\n\n\n\n<p>Zudem landen jedes Jahr Menschen mit Verletzungen durch Feuerwerksk\u00f6rper in der Notaufnahme \u2013 mit Verbrennungen oder Augenverletzungen bis hin zu dauerhaften H\u00f6rsch\u00e4den. In Deutschland erleiden j\u00e4hrlich 8.000 Menschen zu Silvester Verletzungen des Innenohrs durch Feuerwerksk\u00f6rper. Rund ein Drittel dieser Menschen beh\u00e4lt bleibende Sch\u00e4den, so eine Meldung im Deutschen \u00c4rzteblatt im Jahre 2013.<\/p>\n\n\n\n<p>Wie schnell die Feinstaubbelastung nach dem Silvesterfeuerwerk abklingt, h\u00e4ngt vor allem von den Wetterverh\u00e4ltnissen ab. Kr\u00e4ftiger Wind hilft, die Schadstoffe rasch zu verteilen. Bei windschwachen Wettersituationen mit eingeschr\u00e4nktem vertikalen Luftaustausch verbleiben die Schadstoffe jedoch \u00fcber viele Stunden in der Luft und reichern sich in den unteren Atmosph\u00e4renschichten an.<\/p>\n\n\n\n<p>Wenn Sie zur Verminderung der Feinstaubbelastung in der Silvesternacht beitragen m\u00f6chten, k\u00f6nnen Sie Ihr pers\u00f6nliches Feuerwerk einschr\u00e4nken oder sogar ganz darauf verzichten. Das hilft nicht nur der Gesundheit, sondern auch der Umwelt, verursacht weniger M\u00fcll und reduziert den Energieaufwand, der bei der Herstellung der Feuerwerksk\u00f6rper erheblich ist.<\/p>\n\n\n\n<ul class=\"wp-block-list\">\n<li><a href=\"https:\/\/www.umweltbundesamt.de\/sites\/default\/files\/medien\/1410\/publikationen\/uba_hg_silvesterfeuerwerk_nov_2022_bf.pdf\">&#8222;Zum Jahreswechsel: Wenn die Luft &#8222;zum Schneiden&#8220; ist&#8220; (pdf)<\/a> | J\u00e4hrlich werden rund 2.050 Tonnen Feinstaub (\u2060<a href=\"https:\/\/www.umweltbundesamt.de\/service\/glossar\/p?tag=PM10#alphabar\" target=\"_blank\" rel=\"noreferrer noopener\">PM10<\/a>\u2060) durch das Abbrennen von Feuerwerksk\u00f6rpern frei gesetzt, der gr\u00f6\u00dfte Teil davon in der Silvesternacht. Diese Menge entspricht knapp einem Prozent der gesamt freigesetzten Feinstaubmenge in Deutschland. Die Brosch\u00fcre zeigt anhand aktueller Auswertungen von Luftdaten, dass am ersten Tag des neuen Jahres die Luftbelastung mit gesundheitsgef\u00e4hrdendem Feinstaub vielerorts so hoch ist, wie sonst im ganzen Jahr nicht. Zudem fasst sie alle relevanten Wirkungen des Feuerwerks auf Mensch und Umwelt zusammen.<\/li>\n<\/ul>\n\n\n<h5 class=\"green\">Quelle<\/h5>\r\n\n\n\n<p><a href=\"http:\/\/www.umweltbundesamt.de\">Umweltbundesamt 2022<\/a><\/p>\n<div class=\"shariff shariff-align-flex-start shariff-widget-align-flex-start\"><div class=\"ShariffHeadline\">Diese Meldung teilen<\/div><ul class=\"shariff-buttons theme-round orientation-horizontal buttonsize-medium\"><li class=\"shariff-button facebook shariff-nocustomcolor\" style=\"background-color:#4273c8;border-radius:1%\"><a href=\"https:\/\/www.facebook.com\/sharer\/sharer.php?u=https%3A%2F%2Fwww.sonnenseite.com%2Fde%2Fumwelt%2Fdicke-luft-zum-jahreswechsel-2%2F\" title=\"Bei Facebook teilen\" aria-label=\"Bei Facebook teilen\" role=\"button\" rel=\"nofollow\" class=\"shariff-link\" style=\";border-radius:1%; background-color:#3b5998; color:#fff\" target=\"_blank\"><span class=\"shariff-icon\" style=\"\"><svg width=\"32px\" height=\"20px\" xmlns=\"http:\/\/www.w3.org\/2000\/svg\" viewBox=\"0 0 18 32\"><path fill=\"#3b5998\" d=\"M17.1 0.2v4.7h-2.8q-1.5 0-2.1 0.6t-0.5 1.9v3.4h5.2l-0.7 5.3h-4.5v13.6h-5.5v-13.6h-4.5v-5.3h4.5v-3.9q0-3.3 1.9-5.2t5-1.8q2.6 0 4.1 0.2z\"\/><\/svg><\/span><\/a><\/li><li class=\"shariff-button twitter shariff-nocustomcolor\" style=\"background-color:#595959;border-radius:1%\"><a href=\"https:\/\/twitter.com\/share?url=https%3A%2F%2Fwww.sonnenseite.com%2Fde%2Fumwelt%2Fdicke-luft-zum-jahreswechsel-2%2F&text=Dicke%20Luft%20zum%20Jahreswechsel\" title=\"Bei X teilen\" aria-label=\"Bei X teilen\" role=\"button\" rel=\"noopener nofollow\" class=\"shariff-link\" style=\";border-radius:1%; background-color:#000; color:#fff\" target=\"_blank\"><span class=\"shariff-icon\" style=\"\"><svg width=\"32px\" height=\"20px\" xmlns=\"http:\/\/www.w3.org\/2000\/svg\" viewBox=\"0 0 24 24\"><path fill=\"#000\" d=\"M14.258 10.152L23.176 0h-2.113l-7.747 8.813L7.133 0H0l9.352 13.328L0 23.973h2.113l8.176-9.309 6.531 9.309h7.133zm-2.895 3.293l-.949-1.328L2.875 1.56h3.246l6.086 8.523.945 1.328 7.91 11.078h-3.246zm0 0\"\/><\/svg><\/span><\/a><\/li><li class=\"shariff-button xing shariff-nocustomcolor\" style=\"background-color:#29888a;border-radius:1%\"><a href=\"https:\/\/www.xing.com\/spi\/shares\/new?url=https%3A%2F%2Fwww.sonnenseite.com%2Fde%2Fumwelt%2Fdicke-luft-zum-jahreswechsel-2%2F\" title=\"Bei XING teilen\" aria-label=\"Bei XING teilen\" role=\"button\" rel=\"noopener nofollow\" class=\"shariff-link\" style=\";border-radius:1%; background-color:#126567; color:#fff\" target=\"_blank\"><span class=\"shariff-icon\" style=\"\"><svg width=\"32px\" height=\"20px\" xmlns=\"http:\/\/www.w3.org\/2000\/svg\" viewBox=\"0 0 25 32\"><path fill=\"#126567\" d=\"M10.7 11.9q-0.2 0.3-4.6 8.2-0.5 0.8-1.2 0.8h-4.3q-0.4 0-0.5-0.3t0-0.6l4.5-8q0 0 0 0l-2.9-5q-0.2-0.4 0-0.7 0.2-0.3 0.5-0.3h4.3q0.7 0 1.2 0.8zM25.1 0.4q0.2 0.3 0 0.7l-9.4 16.7 6 11q0.2 0.4 0 0.6-0.2 0.3-0.6 0.3h-4.3q-0.7 0-1.2-0.8l-6-11.1q0.3-0.6 9.5-16.8 0.4-0.8 1.2-0.8h4.3q0.4 0 0.5 0.3z\"\/><\/svg><\/span><\/a><\/li><li class=\"shariff-button linkedin shariff-nocustomcolor\" style=\"background-color:#1488bf;border-radius:1%\"><a href=\"https:\/\/www.linkedin.com\/sharing\/share-offsite\/?url=https%3A%2F%2Fwww.sonnenseite.com%2Fde%2Fumwelt%2Fdicke-luft-zum-jahreswechsel-2%2F\" title=\"Bei LinkedIn teilen\" aria-label=\"Bei LinkedIn teilen\" role=\"button\" rel=\"noopener nofollow\" class=\"shariff-link\" style=\";border-radius:1%; background-color:#0077b5; color:#fff\" target=\"_blank\"><span class=\"shariff-icon\" style=\"\"><svg width=\"32px\" height=\"20px\" xmlns=\"http:\/\/www.w3.org\/2000\/svg\" viewBox=\"0 0 27 32\"><path fill=\"#0077b5\" d=\"M6.2 11.2v17.7h-5.9v-17.7h5.9zM6.6 5.7q0 1.3-0.9 2.2t-2.4 0.9h0q-1.5 0-2.4-0.9t-0.9-2.2 0.9-2.2 2.4-0.9 2.4 0.9 0.9 2.2zM27.4 18.7v10.1h-5.9v-9.5q0-1.9-0.7-2.9t-2.3-1.1q-1.1 0-1.9 0.6t-1.2 1.5q-0.2 0.5-0.2 1.4v9.9h-5.9q0-7.1 0-11.6t0-5.3l0-0.9h5.9v2.6h0q0.4-0.6 0.7-1t1-0.9 1.6-0.8 2-0.3q3 0 4.9 2t1.9 6z\"\/><\/svg><\/span><\/a><\/li><li class=\"shariff-button printer shariff-nocustomcolor\" style=\"background-color:#a8a8a8;border-radius:1%\"><a href=\"javascript:window.print()\" title=\"drucken\" aria-label=\"drucken\" role=\"button\" rel=\"noopener nofollow\" class=\"shariff-link\" style=\";border-radius:1%; background-color:#999; color:#fff\"><span class=\"shariff-icon\" style=\"\"><svg width=\"32px\" height=\"20px\" xmlns=\"http:\/\/www.w3.org\/2000\/svg\" viewBox=\"0 0 30 32\"><path fill=\"#999\" d=\"M6.8 27.4h16v-4.6h-16v4.6zM6.8 16h16v-6.8h-2.8q-0.7 0-1.2-0.5t-0.5-1.2v-2.8h-11.4v11.4zM27.4 17.2q0-0.5-0.3-0.8t-0.8-0.4-0.8 0.4-0.3 0.8 0.3 0.8 0.8 0.3 0.8-0.3 0.3-0.8zM29.7 17.2v7.4q0 0.2-0.2 0.4t-0.4 0.2h-4v2.8q0 0.7-0.5 1.2t-1.2 0.5h-17.2q-0.7 0-1.2-0.5t-0.5-1.2v-2.8h-4q-0.2 0-0.4-0.2t-0.2-0.4v-7.4q0-1.4 1-2.4t2.4-1h1.2v-9.7q0-0.7 0.5-1.2t1.2-0.5h12q0.7 0 1.6 0.4t1.3 0.8l2.7 2.7q0.5 0.5 0.9 1.4t0.4 1.6v4.6h1.1q1.4 0 2.4 1t1 2.4z\"\/><\/svg><\/span><\/a><\/li><li class=\"shariff-button mailto shariff-nocustomcolor\" style=\"background-color:#a8a8a8;border-radius:1%\"><a href=\"mailto:?body=https%3A%2F%2Fwww.sonnenseite.com%2Fde%2Fumwelt%2Fdicke-luft-zum-jahreswechsel-2%2F&subject=Dicke%20Luft%20zum%20Jahreswechsel\" title=\"Per E-Mail versenden\" aria-label=\"Per E-Mail versenden\" role=\"button\" rel=\"noopener nofollow\" class=\"shariff-link\" style=\";border-radius:1%; background-color:#999; color:#fff\"><span class=\"shariff-icon\" style=\"\"><svg width=\"32px\" height=\"20px\" xmlns=\"http:\/\/www.w3.org\/2000\/svg\" viewBox=\"0 0 32 32\"><path fill=\"#999\" d=\"M32 12.7v14.2q0 1.2-0.8 2t-2 0.9h-26.3q-1.2 0-2-0.9t-0.8-2v-14.2q0.8 0.9 1.8 1.6 6.5 4.4 8.9 6.1 1 0.8 1.6 1.2t1.7 0.9 2 0.4h0.1q0.9 0 2-0.4t1.7-0.9 1.6-1.2q3-2.2 8.9-6.1 1-0.7 1.8-1.6zM32 7.4q0 1.4-0.9 2.7t-2.2 2.2q-6.7 4.7-8.4 5.8-0.2 0.1-0.7 0.5t-1 0.7-0.9 0.6-1.1 0.5-0.9 0.2h-0.1q-0.4 0-0.9-0.2t-1.1-0.5-0.9-0.6-1-0.7-0.7-0.5q-1.6-1.1-4.7-3.2t-3.6-2.6q-1.1-0.7-2.1-2t-1-2.5q0-1.4 0.7-2.3t2.1-0.9h26.3q1.2 0 2 0.8t0.9 2z\"\/><\/svg><\/span><\/a><\/li><\/ul><\/div>","protected":false},"excerpt":{"rendered":"<p>An einem typischen Jahreswechsel steigt die Belastung mit gesundheitssch\u00e4dlichem Feinstaub explosionsartig an. Ein Feuerwerk ist sch\u00f6n [&hellip;]<\/p>\n","protected":false},"author":3,"featured_media":87734,"comment_status":"closed","ping_status":"closed","sticky":false,"template":"","format":"standard","meta":{"inline_featured_image":false,"footnotes":""},"categories":[23],"tags":[],"class_list":["post-87733","post","type-post","status-publish","format-standard","has-post-thumbnail","hentry","category-umwelt"],"yoast_head":"<!-- This site is optimized with the Yoast SEO plugin v26.5 - https:\/\/yoast.com\/wordpress\/plugins\/seo\/ -->\n<title>Dicke Luft zum Jahreswechsel - Sonnenseite - \u00d6kologische Kommunikation mit Franz Alt<\/title>\n<meta name=\"description\" content=\"An einem typischen Jahreswechsel steigt die Belastung mit gesundheitssch\u00e4dlichem Feinstaub explosionsartig an. Ein Feuerwerk ist sch\u00f6n anzusehen. Es hat\" \/>\n<meta name=\"robots\" content=\"index, follow, max-snippet:-1, max-image-preview:large, max-video-preview:-1\" \/>\n<link rel=\"canonical\" href=\"https:\/\/www.sonnenseite.com\/de\/umwelt\/dicke-luft-zum-jahreswechsel-2\/\" \/>\n<meta property=\"og:locale\" content=\"de_DE\" \/>\n<meta property=\"og:type\" content=\"article\" \/>\n<meta property=\"og:title\" content=\"Dicke Luft zum Jahreswechsel - Sonnenseite - \u00d6kologische Kommunikation mit Franz Alt\" \/>\n<meta property=\"og:description\" content=\"An einem typischen Jahreswechsel steigt die Belastung mit gesundheitssch\u00e4dlichem Feinstaub explosionsartig an. Ein Feuerwerk ist sch\u00f6n anzusehen. Es hat\" \/>\n<meta property=\"og:url\" content=\"https:\/\/www.sonnenseite.com\/de\/umwelt\/dicke-luft-zum-jahreswechsel-2\/\" \/>\n<meta property=\"og:site_name\" content=\"Sonnenseite\" \/>\n<meta property=\"article:publisher\" content=\"https:\/\/www.facebook.com\/pages\/Franz-Alt-SONNENSEITECOM\/221072987903953?fref=ts\" \/>\n<meta property=\"article:published_time\" content=\"2022-12-30T01:49:00+00:00\" \/>\n<meta property=\"og:image\" content=\"https:\/\/www.sonnenseite.com\/wp-content\/uploads\/2022\/12\/Feuerwerk_deymosd.jpg\" \/>\n\t<meta property=\"og:image:width\" content=\"770\" \/>\n\t<meta property=\"og:image:height\" content=\"420\" \/>\n\t<meta property=\"og:image:type\" content=\"image\/jpeg\" \/>\n<meta name=\"author\" content=\"Bigi Alt\" \/>\n<meta name=\"twitter:card\" content=\"summary_large_image\" \/>\n<meta name=\"twitter:creator\" content=\"@franzalt\" \/>\n<meta name=\"twitter:site\" content=\"@franzalt\" \/>\n<meta name=\"twitter:label1\" content=\"Verfasst von\" \/>\n\t<meta name=\"twitter:data1\" content=\"Bigi Alt\" \/>\n\t<meta name=\"twitter:label2\" content=\"Gesch\u00e4tzte Lesezeit\" \/>\n\t<meta name=\"twitter:data2\" content=\"3\u00a0Minuten\" \/>\n<script type=\"application\/ld+json\" class=\"yoast-schema-graph\">{\"@context\":\"https:\/\/schema.org\",\"@graph\":[{\"@type\":\"Article\",\"@id\":\"https:\/\/www.sonnenseite.com\/de\/umwelt\/dicke-luft-zum-jahreswechsel-2\/#article\",\"isPartOf\":{\"@id\":\"https:\/\/www.sonnenseite.com\/de\/umwelt\/dicke-luft-zum-jahreswechsel-2\/\"},\"author\":{\"name\":\"Bigi Alt\",\"@id\":\"https:\/\/www.sonnenseite.com\/de\/#\/schema\/person\/50fda0e926597684c7cc6695238a4eb9\"},\"headline\":\"Dicke Luft zum Jahreswechsel\",\"datePublished\":\"2022-12-30T01:49:00+00:00\",\"mainEntityOfPage\":{\"@id\":\"https:\/\/www.sonnenseite.com\/de\/umwelt\/dicke-luft-zum-jahreswechsel-2\/\"},\"wordCount\":483,\"publisher\":{\"@id\":\"https:\/\/www.sonnenseite.com\/de\/#organization\"},\"image\":{\"@id\":\"https:\/\/www.sonnenseite.com\/de\/umwelt\/dicke-luft-zum-jahreswechsel-2\/#primaryimage\"},\"thumbnailUrl\":\"https:\/\/www.sonnenseite.com\/wp-content\/uploads\/2022\/12\/Feuerwerk_deymosd.jpg\",\"articleSection\":[\"Umwelt\"],\"inLanguage\":\"de\"},{\"@type\":\"WebPage\",\"@id\":\"https:\/\/www.sonnenseite.com\/de\/umwelt\/dicke-luft-zum-jahreswechsel-2\/\",\"url\":\"https:\/\/www.sonnenseite.com\/de\/umwelt\/dicke-luft-zum-jahreswechsel-2\/\",\"name\":\"Dicke Luft zum Jahreswechsel - Sonnenseite - \u00d6kologische Kommunikation mit Franz Alt\",\"isPartOf\":{\"@id\":\"https:\/\/www.sonnenseite.com\/de\/#website\"},\"primaryImageOfPage\":{\"@id\":\"https:\/\/www.sonnenseite.com\/de\/umwelt\/dicke-luft-zum-jahreswechsel-2\/#primaryimage\"},\"image\":{\"@id\":\"https:\/\/www.sonnenseite.com\/de\/umwelt\/dicke-luft-zum-jahreswechsel-2\/#primaryimage\"},\"thumbnailUrl\":\"https:\/\/www.sonnenseite.com\/wp-content\/uploads\/2022\/12\/Feuerwerk_deymosd.jpg\",\"datePublished\":\"2022-12-30T01:49:00+00:00\",\"description\":\"An einem typischen Jahreswechsel steigt die Belastung mit gesundheitssch\u00e4dlichem Feinstaub explosionsartig an. Ein Feuerwerk ist sch\u00f6n anzusehen. Es hat\",\"breadcrumb\":{\"@id\":\"https:\/\/www.sonnenseite.com\/de\/umwelt\/dicke-luft-zum-jahreswechsel-2\/#breadcrumb\"},\"inLanguage\":\"de\",\"potentialAction\":[{\"@type\":\"ReadAction\",\"target\":[\"https:\/\/www.sonnenseite.com\/de\/umwelt\/dicke-luft-zum-jahreswechsel-2\/\"]}]},{\"@type\":\"ImageObject\",\"inLanguage\":\"de\",\"@id\":\"https:\/\/www.sonnenseite.com\/de\/umwelt\/dicke-luft-zum-jahreswechsel-2\/#primaryimage\",\"url\":\"https:\/\/www.sonnenseite.com\/wp-content\/uploads\/2022\/12\/Feuerwerk_deymosd.jpg\",\"contentUrl\":\"https:\/\/www.sonnenseite.com\/wp-content\/uploads\/2022\/12\/Feuerwerk_deymosd.jpg\",\"width\":770,\"height\":420,\"caption\":\"Depositphotos.com | deymosd | Jedes Jahr werden rund 2.000 Tonnen Feinstaub durch Feuerwerksk\u00f6rper frei gesetzt\"},{\"@type\":\"BreadcrumbList\",\"@id\":\"https:\/\/www.sonnenseite.com\/de\/umwelt\/dicke-luft-zum-jahreswechsel-2\/#breadcrumb\",\"itemListElement\":[{\"@type\":\"ListItem\",\"position\":1,\"name\":\"Startseite\",\"item\":\"https:\/\/www.sonnenseite.com\/de\/\"},{\"@type\":\"ListItem\",\"position\":2,\"name\":\"Dicke Luft zum Jahreswechsel\"}]},{\"@type\":\"WebSite\",\"@id\":\"https:\/\/www.sonnenseite.com\/de\/#website\",\"url\":\"https:\/\/www.sonnenseite.com\/de\/\",\"name\":\"Sonnenseite\",\"description\":\"\u00d6kologische Kommunikation mit Franz Alt\",\"publisher\":{\"@id\":\"https:\/\/www.sonnenseite.com\/de\/#organization\"},\"potentialAction\":[{\"@type\":\"SearchAction\",\"target\":{\"@type\":\"EntryPoint\",\"urlTemplate\":\"https:\/\/www.sonnenseite.com\/de\/?s={search_term_string}\"},\"query-input\":{\"@type\":\"PropertyValueSpecification\",\"valueRequired\":true,\"valueName\":\"search_term_string\"}}],\"inLanguage\":\"de\"},{\"@type\":\"Organization\",\"@id\":\"https:\/\/www.sonnenseite.com\/de\/#organization\",\"name\":\"Sonnenseite\",\"url\":\"https:\/\/www.sonnenseite.com\/de\/\",\"logo\":{\"@type\":\"ImageObject\",\"inLanguage\":\"de\",\"@id\":\"https:\/\/www.sonnenseite.com\/de\/#\/schema\/logo\/image\/\",\"url\":\"https:\/\/www.sonnenseite.com\/wp-content\/uploads\/2020\/05\/Sonnenseite_Logo.png\",\"contentUrl\":\"https:\/\/www.sonnenseite.com\/wp-content\/uploads\/2020\/05\/Sonnenseite_Logo.png\",\"width\":377,\"height\":90,\"caption\":\"Sonnenseite\"},\"image\":{\"@id\":\"https:\/\/www.sonnenseite.com\/de\/#\/schema\/logo\/image\/\"},\"sameAs\":[\"https:\/\/www.facebook.com\/pages\/Franz-Alt-SONNENSEITECOM\/221072987903953?fref=ts\",\"https:\/\/x.com\/franzalt\",\"http:\/\/www.youtube.com\/results?search_query&amp;amp;quot;franz_alt&amp;amp;quot;&amp;amp;amp;amp;search_type&amp;amp;amp;amp;aq=f\"]},{\"@type\":\"Person\",\"@id\":\"https:\/\/www.sonnenseite.com\/de\/#\/schema\/person\/50fda0e926597684c7cc6695238a4eb9\",\"name\":\"Bigi Alt\"}]}<\/script>\n<!-- \/ Yoast SEO plugin. -->","yoast_head_json":{"title":"Dicke Luft zum Jahreswechsel - Sonnenseite - \u00d6kologische Kommunikation mit Franz Alt","description":"An einem typischen Jahreswechsel steigt die Belastung mit gesundheitssch\u00e4dlichem Feinstaub explosionsartig an. Ein Feuerwerk ist sch\u00f6n anzusehen. Es hat","robots":{"index":"index","follow":"follow","max-snippet":"max-snippet:-1","max-image-preview":"max-image-preview:large","max-video-preview":"max-video-preview:-1"},"canonical":"https:\/\/www.sonnenseite.com\/de\/umwelt\/dicke-luft-zum-jahreswechsel-2\/","og_locale":"de_DE","og_type":"article","og_title":"Dicke Luft zum Jahreswechsel - Sonnenseite - \u00d6kologische Kommunikation mit Franz Alt","og_description":"An einem typischen Jahreswechsel steigt die Belastung mit gesundheitssch\u00e4dlichem Feinstaub explosionsartig an. Ein Feuerwerk ist sch\u00f6n anzusehen. Es hat","og_url":"https:\/\/www.sonnenseite.com\/de\/umwelt\/dicke-luft-zum-jahreswechsel-2\/","og_site_name":"Sonnenseite","article_publisher":"https:\/\/www.facebook.com\/pages\/Franz-Alt-SONNENSEITECOM\/221072987903953?fref=ts","article_published_time":"2022-12-30T01:49:00+00:00","og_image":[{"width":770,"height":420,"url":"https:\/\/www.sonnenseite.com\/wp-content\/uploads\/2022\/12\/Feuerwerk_deymosd.jpg","type":"image\/jpeg"}],"author":"Bigi Alt","twitter_card":"summary_large_image","twitter_creator":"@franzalt","twitter_site":"@franzalt","twitter_misc":{"Verfasst von":"Bigi Alt","Gesch\u00e4tzte Lesezeit":"3\u00a0Minuten"},"schema":{"@context":"https:\/\/schema.org","@graph":[{"@type":"Article","@id":"https:\/\/www.sonnenseite.com\/de\/umwelt\/dicke-luft-zum-jahreswechsel-2\/#article","isPartOf":{"@id":"https:\/\/www.sonnenseite.com\/de\/umwelt\/dicke-luft-zum-jahreswechsel-2\/"},"author":{"name":"Bigi Alt","@id":"https:\/\/www.sonnenseite.com\/de\/#\/schema\/person\/50fda0e926597684c7cc6695238a4eb9"},"headline":"Dicke Luft zum Jahreswechsel","datePublished":"2022-12-30T01:49:00+00:00","mainEntityOfPage":{"@id":"https:\/\/www.sonnenseite.com\/de\/umwelt\/dicke-luft-zum-jahreswechsel-2\/"},"wordCount":483,"publisher":{"@id":"https:\/\/www.sonnenseite.com\/de\/#organization"},"image":{"@id":"https:\/\/www.sonnenseite.com\/de\/umwelt\/dicke-luft-zum-jahreswechsel-2\/#primaryimage"},"thumbnailUrl":"https:\/\/www.sonnenseite.com\/wp-content\/uploads\/2022\/12\/Feuerwerk_deymosd.jpg","articleSection":["Umwelt"],"inLanguage":"de"},{"@type":"WebPage","@id":"https:\/\/www.sonnenseite.com\/de\/umwelt\/dicke-luft-zum-jahreswechsel-2\/","url":"https:\/\/www.sonnenseite.com\/de\/umwelt\/dicke-luft-zum-jahreswechsel-2\/","name":"Dicke Luft zum Jahreswechsel - Sonnenseite - \u00d6kologische Kommunikation mit Franz Alt","isPartOf":{"@id":"https:\/\/www.sonnenseite.com\/de\/#website"},"primaryImageOfPage":{"@id":"https:\/\/www.sonnenseite.com\/de\/umwelt\/dicke-luft-zum-jahreswechsel-2\/#primaryimage"},"image":{"@id":"https:\/\/www.sonnenseite.com\/de\/umwelt\/dicke-luft-zum-jahreswechsel-2\/#primaryimage"},"thumbnailUrl":"https:\/\/www.sonnenseite.com\/wp-content\/uploads\/2022\/12\/Feuerwerk_deymosd.jpg","datePublished":"2022-12-30T01:49:00+00:00","description":"An einem typischen Jahreswechsel steigt die Belastung mit gesundheitssch\u00e4dlichem Feinstaub explosionsartig an. Ein Feuerwerk ist sch\u00f6n anzusehen. Es hat","breadcrumb":{"@id":"https:\/\/www.sonnenseite.com\/de\/umwelt\/dicke-luft-zum-jahreswechsel-2\/#breadcrumb"},"inLanguage":"de","potentialAction":[{"@type":"ReadAction","target":["https:\/\/www.sonnenseite.com\/de\/umwelt\/dicke-luft-zum-jahreswechsel-2\/"]}]},{"@type":"ImageObject","inLanguage":"de","@id":"https:\/\/www.sonnenseite.com\/de\/umwelt\/dicke-luft-zum-jahreswechsel-2\/#primaryimage","url":"https:\/\/www.sonnenseite.com\/wp-content\/uploads\/2022\/12\/Feuerwerk_deymosd.jpg","contentUrl":"https:\/\/www.sonnenseite.com\/wp-content\/uploads\/2022\/12\/Feuerwerk_deymosd.jpg","width":770,"height":420,"caption":"Depositphotos.com | deymosd | Jedes Jahr werden rund 2.000 Tonnen Feinstaub durch Feuerwerksk\u00f6rper frei gesetzt"},{"@type":"BreadcrumbList","@id":"https:\/\/www.sonnenseite.com\/de\/umwelt\/dicke-luft-zum-jahreswechsel-2\/#breadcrumb","itemListElement":[{"@type":"ListItem","position":1,"name":"Startseite","item":"https:\/\/www.sonnenseite.com\/de\/"},{"@type":"ListItem","position":2,"name":"Dicke Luft zum Jahreswechsel"}]},{"@type":"WebSite","@id":"https:\/\/www.sonnenseite.com\/de\/#website","url":"https:\/\/www.sonnenseite.com\/de\/","name":"Sonnenseite","description":"\u00d6kologische Kommunikation mit Franz Alt","publisher":{"@id":"https:\/\/www.sonnenseite.com\/de\/#organization"},"potentialAction":[{"@type":"SearchAction","target":{"@type":"EntryPoint","urlTemplate":"https:\/\/www.sonnenseite.com\/de\/?s={search_term_string}"},"query-input":{"@type":"PropertyValueSpecification","valueRequired":true,"valueName":"search_term_string"}}],"inLanguage":"de"},{"@type":"Organization","@id":"https:\/\/www.sonnenseite.com\/de\/#organization","name":"Sonnenseite","url":"https:\/\/www.sonnenseite.com\/de\/","logo":{"@type":"ImageObject","inLanguage":"de","@id":"https:\/\/www.sonnenseite.com\/de\/#\/schema\/logo\/image\/","url":"https:\/\/www.sonnenseite.com\/wp-content\/uploads\/2020\/05\/Sonnenseite_Logo.png","contentUrl":"https:\/\/www.sonnenseite.com\/wp-content\/uploads\/2020\/05\/Sonnenseite_Logo.png","width":377,"height":90,"caption":"Sonnenseite"},"image":{"@id":"https:\/\/www.sonnenseite.com\/de\/#\/schema\/logo\/image\/"},"sameAs":["https:\/\/www.facebook.com\/pages\/Franz-Alt-SONNENSEITECOM\/221072987903953?fref=ts","https:\/\/x.com\/franzalt","http:\/\/www.youtube.com\/results?search_query&amp;amp;quot;franz_alt&amp;amp;quot;&amp;amp;amp;amp;search_type&amp;amp;amp;amp;aq=f"]},{"@type":"Person","@id":"https:\/\/www.sonnenseite.com\/de\/#\/schema\/person\/50fda0e926597684c7cc6695238a4eb9","name":"Bigi Alt"}]}},"_links":{"self":[{"href":"https:\/\/www.sonnenseite.com\/de\/wp-json\/wp\/v2\/posts\/87733","targetHints":{"allow":["GET"]}}],"collection":[{"href":"https:\/\/www.sonnenseite.com\/de\/wp-json\/wp\/v2\/posts"}],"about":[{"href":"https:\/\/www.sonnenseite.com\/de\/wp-json\/wp\/v2\/types\/post"}],"author":[{"embeddable":true,"href":"https:\/\/www.sonnenseite.com\/de\/wp-json\/wp\/v2\/users\/3"}],"replies":[{"embeddable":true,"href":"https:\/\/www.sonnenseite.com\/de\/wp-json\/wp\/v2\/comments?post=87733"}],"version-history":[{"count":2,"href":"https:\/\/www.sonnenseite.com\/de\/wp-json\/wp\/v2\/posts\/87733\/revisions"}],"predecessor-version":[{"id":87737,"href":"https:\/\/www.sonnenseite.com\/de\/wp-json\/wp\/v2\/posts\/87733\/revisions\/87737"}],"wp:featuredmedia":[{"embeddable":true,"href":"https:\/\/www.sonnenseite.com\/de\/wp-json\/wp\/v2\/media\/87734"}],"wp:attachment":[{"href":"https:\/\/www.sonnenseite.com\/de\/wp-json\/wp\/v2\/media?parent=87733"}],"wp:term":[{"taxonomy":"category","embeddable":true,"href":"https:\/\/www.sonnenseite.com\/de\/wp-json\/wp\/v2\/categories?post=87733"},{"taxonomy":"post_tag","embeddable":true,"href":"https:\/\/www.sonnenseite.com\/de\/wp-json\/wp\/v2\/tags?post=87733"}],"curies":[{"name":"wp","href":"https:\/\/api.w.org\/{rel}","templated":true}]}}