{"id":87750,"date":"2022-12-25T10:01:00","date_gmt":"2022-12-25T09:01:00","guid":{"rendered":"https:\/\/www.sonnenseite.com\/?p=87750"},"modified":"2022-12-31T14:13:39","modified_gmt":"2022-12-31T13:13:39","slug":"frieden-ist-noch-immer-moeglich-2","status":"publish","type":"post","link":"https:\/\/www.sonnenseite.com\/de\/franz-alt\/kommentare-interviews\/frieden-ist-noch-immer-moeglich-2\/","title":{"rendered":"Ist Frieden noch immer m\u00f6glich?"},"content":{"rendered":"\n<p> Ist Frieden gar jetzt mitten in Kriegszeiten noch m\u00f6glich? Das fragen sich viele Menschen an Weihnachten 2022. Zeigt die Bergpredigt Jesu auch in unserer Zeit einen Weg zum Frieden? Kann die Kraft der Bergpredigt helfen? Der Weihnachtskommentar von Franz Alt<\/p>\n\n\n\n<p>Seit mehr als 2000 Jahren gilt auf der ganzen Welt der altr\u00f6mische Grundsatz \u201eWer Frieden will, muss den Krieg vorbereiten&#8220; &#8211; (\u201eSi vis&nbsp; pacem, para bellum&#8220;). <strong>Ergebnis:<\/strong> 2000 Jahre immer wieder Kriege, Massenmord, unermessliches menschliches Elend und Leid, brutale Zerst\u00f6rungen und Millionen Menschen auf der Flucht. Ganz in diesem Geist fordern die Verteidigungsminister aller NATO-Staaten immer wieder: \u201eMehr Geld f\u00fcrs Milit\u00e4r&#8220;.<\/p>\n\n\n\n<p>Wir stecken bis heute in der Kriegsfalle, die uns zufl\u00fcstert: \u201eFrieden schaffen mit immer mehr Waffen&#8220;. In Deutschland wurde 2022 beschlossen, einen milit\u00e4rischen Sonderfonds von 100 Milliarden Euro aufzulegen. Die USA, Russland und China geben Rekordsummen f\u00fcrs Milit\u00e4r aus und \u201emodernisieren&#8220; ihre Atomarsenale, ihre Massenvernichtungswaffen. Kann so tats\u00e4chlich eine friedliche Welt entstehen? Wird so Frieden m\u00f6glich?<\/p>\n\n\n\n<h5 class=\"wp-block-heading\">Die Alternative hei\u00dft: Wer Frieden will, muss den Frieden vorbereiten<\/h5>\n\n\n\n<p>Wohin diese unreflektierte Politik f\u00fchrt, haben wir zuletzt in Afghanistan gesehen. Der Westen ist dort gescheitert, weil er wieder einmal einen Krieg gewinnen wollte, aber nicht den Frieden. Heute ist Afghanistan ein Friedhof der Gro\u00dfm\u00e4chte. Aber noch immer werden die n\u00e4chsten Kriege vorbereitet.<\/p>\n\n\n\n<p>Was und wie w\u00e4re eine neue Kultur des Friedens anstatt der alten Kriegslogik? Wie k\u00f6nnte die Alternative aussehen? Wie w\u00e4re es mit dem Motto \u201eWer Frieden will, muss den Frieden vorbereiten&#8220;? Und wie ginge das konkret und praktisch?<\/p>\n\n\n\n<p>Wir br\u00e4uchten in Europa heute viel Geld f\u00fcr Schienen und Schulen, f\u00fcr Klimaschutz und Kitas und f\u00fcr viele Sozialwohnungen, f\u00fcr die \u00dcberwindung der Armut und erst recht f\u00fcr die \u00dcberwindung der Ungerechtigkeit zwischen S\u00fcd und Nord. So wie fast alle anderen L\u00e4nder auch. Also Geld f\u00fcr zivile Sicherheitspolitik. Wie kommen wir von der derzeitigen Spirale der st\u00e4ndigen Aufr\u00fcstung zu einer Politik der Abr\u00fcstung?<\/p>\n\n\n\n<h5 class=\"wp-block-heading\">Eine neue Politik beginnt mit neuem Denken<\/h5>\n\n\n<div class=\"wp-block-image\">\n<figure class=\"alignleft size-full is-resized\"><img loading=\"lazy\" decoding=\"async\" src=\"https:\/\/www.sonnenseite.com\/wp-content\/uploads\/2018\/04\/FA_MichailGorbatschow.jpg\" alt=\"Bigi Alt\" class=\"wp-image-18663\" width=\"369\" height=\"202\" srcset=\"https:\/\/www.sonnenseite.com\/wp-content\/uploads\/2018\/04\/FA_MichailGorbatschow.jpg 770w, https:\/\/www.sonnenseite.com\/wp-content\/uploads\/2018\/04\/FA_MichailGorbatschow-300x164.jpg 300w, https:\/\/www.sonnenseite.com\/wp-content\/uploads\/2018\/04\/FA_MichailGorbatschow-768x419.jpg 768w\" sizes=\"auto, (max-width: 369px) 100vw, 369px\" \/><figcaption class=\"wp-element-caption\">Bigi Alt | Bigi Alt | Michail Gorbatschow wurde 91 Jahre alt. Sein Appell an die Welt: &#8222;Nie wieder Krieg&#8220;<\/figcaption><\/figure>\n<\/div>\n\n\n<p>Dass auch Abr\u00fcstung m\u00f6glich ist, hat uns vor \u00fcber 35 Jahren Michail Gorbatschow erfolgreich vorgemacht, ein Realpolitiker mit Visionen. Weil einer den Mut hatte voranzugehen und in einem Umfeld von Hardlinern auf realisierbare Visionen zu setzen, konnten erstmals in der Menschheitsgeschichte ganze Waffensysteme einfach verschrottet werden. Kontrolliert verschrottet. Es wurde tats\u00e4chlich abger\u00fcstet anstatt aufger\u00fcstet. Europa wurde sicherer, die Mauer fiel und die friedliche deutsche Einheit wurde m\u00f6glich.<\/p>\n\n\n\n<p>Und wie sieht es heute aus, nachdem der alte Wahnsinn des atomaren Wettr\u00fcstens gerade wieder von vorne beginnt? Kein Gorbatschow weit und breit. Aber schon wieder ein Denken in der alten Kriegslogik. Steigende&nbsp;R\u00fcstungsetats&nbsp;\u00fcberall. Waren wir nur kurzfristig lernf\u00e4hig? Haben wir wirklich keine anderen Sorgen, als schon wieder aufzur\u00fcsten? Das kann zum Dritten Weltkrieg und in den atomaren Abgrund f\u00fchren. Noch immer wollen wir unsere eigene Angst durch Angstverbreiten gegen\u00fcber anderen \u00fcberwinden. Das ist der Wahnsinn des neuen Wettr\u00fcstens. 100 Milliarden Sonderverm\u00f6gen f\u00fcr die Bundeswehr \u2013 Russland droht mit einem Atomkrieg und gibt die H\u00e4lfte seines Bruttosozialprodukts f\u00fcr R\u00fcstung und Nachr\u00fcstung aus; Japan verdoppelt seine Milit\u00e4r-Ausgaben; die USA leisten sich dreimal so viel Milit\u00e4rausgaben wie Russland und China zusammen. Aber jedes Jahr lassen wir Millionen Menschen verhungern. Das kann auf Dauer nicht gutgehen.<\/p>\n\n\n\n<h5 class=\"wp-block-heading\">Es gibt immer Alternativen<\/h5>\n\n\n<div class=\"wp-block-image\">\n<figure class=\"alignright size-full is-resized\"><img loading=\"lazy\" decoding=\"async\" src=\"https:\/\/www.sonnenseite.com\/wp-content\/uploads\/2019\/07\/MichaelGorbatschow_Appell770.jpg\" alt=\"Benevento Publishing\" class=\"wp-image-7970\" width=\"335\" height=\"183\" srcset=\"https:\/\/www.sonnenseite.com\/wp-content\/uploads\/2019\/07\/MichaelGorbatschow_Appell770.jpg 770w, https:\/\/www.sonnenseite.com\/wp-content\/uploads\/2019\/07\/MichaelGorbatschow_Appell770-300x164.jpg 300w, https:\/\/www.sonnenseite.com\/wp-content\/uploads\/2019\/07\/MichaelGorbatschow_Appell770-768x419.jpg 768w\" sizes=\"auto, (max-width: 335px) 100vw, 335px\" \/><figcaption class=\"wp-element-caption\">\u00a9 Benevento Publishing<\/figcaption><\/figure>\n<\/div>\n\n\n<p>Was w\u00e4re ein Atomkrieg, fragte ich einst den Fachmann Gorbatschow. Seine Antwort: \u201eEin Atomkrieg w\u00e4re wahrscheinlich der letzte Krieg der Menschheitsgeschichte, weil es danach keine Menschen mehr g\u00e4be, die noch einen Krieg f\u00fchren k\u00f6nnten. Lasst uns diesen Wahnsinn endlich stoppen.&#8220; Dar\u00fcber schrieben wir 2017 ein gemeinsames Buch: \u201e<a href=\"https:\/\/www.sonnenseite.com\/de\/franz-alt\/kommentare-interviews\/michail-gorbatschow-nie-wieder-krieg\/\" target=\"_blank\" rel=\"noreferrer noopener\">Nie wieder Krieg \u2013 kommt endlich zur Vernunft!<\/a>&#8222;. Es wurde Gorbis Verm\u00e4chtnis.<\/p>\n\n\n\n<p>Meine Geschichte mit Michail Gorbatschow begann Mitte der Achtziger. Ich hatte das <a href=\"https:\/\/amzn.to\/3VmHVvI\">Buch \u201eFrieden ist m\u00f6glich \u2013 Die Politik der Bergpredigt&#8220;<\/a> publiziert. Danach traf ich einen russischen General, der Sicherheitsberater von Gorbatschow im Kreml war. Er sagte mir: \u201eGorbatschow lie\u00df sich ihr Buch auf russisch \u00fcbersetzen. Wir werden in der Sowjetunion jetzt eine Politik im Geiste der Bergpredigt machen und einfach mit dem Wettr\u00fcsten aufh\u00f6ren, weil es keinen Sinn mehr macht und gef\u00e4hrlich ist&#8220;.<\/p>\n\n\n\n<p>Das war tats\u00e4chlich mein Vorschlag in meinem Bergpredigt-Buch: Einer muss anfangen, aufzuh\u00f6ren. Die Feindesliebe Jesu hei\u00dft nicht: Lass dir alles bieten, sondern ganz realistisch: Mach den ersten Schritt auf den anderen zu. Tats\u00e4chlich wurde \u201eGorbi&#8220; der gr\u00f6\u00dfte Abr\u00fcster aller Zeiten, er hat damit den Weg zur friedlichen deutschen Einheit geebnet, den Kalten Krieg beendet und die Welt positiv ver\u00e4ndert. 80 Prozent aller Atomwaffen wurden verschrottet. Die Hauptgefahr eines Atomkriegs war beseitigt. \u201eWie war das m\u00f6glich?, wollte ich sp\u00e4ter von ihm wissen? \u201eNur durch Vertrauen, das ich zum damaligen US-Pr\u00e4sidenten Reagan aufbauen konnte&#8220;, war seine Antwort. Nun ist Michail Gorbatschow gestorben.<\/p>\n\n\n\n<h5 class=\"wp-block-heading\">Du sollst nicht t\u00f6ten<\/h5>\n\n\n\n<p>In unserem gemeinsamen Buch sagt er: \u201eWir sind&nbsp;<em> eine<\/em> Menschheit auf&nbsp; einer Erde unter&nbsp; <em>einer<\/em> Sonne&#8220;. Wirklicher Frieden k\u00f6nne \u201enur erreicht werden unter der Bedingung einer demilitarisierten Politik und demilitarisierter internationaler Beziehungen. Politiker, die meinen, Probleme und Streitigkeiten k\u00f6nnten durch Anwendung milit\u00e4rischer Gewalt gel\u00f6st werden \u2013 sei es auch als letztes Mittel \u2013 sollten von der Gesellschaft abgelehnt werden, sie sollten die politische B\u00fchne r\u00e4umen&#8220;. Kein Wunder, dass Gorbatschow und Putin nie Freunde werden konnten. Noch kurz vor seinem Tod schickte mir Gorbatschow einen Artikel f\u00fcr die Zeitung \u201eRussia Global Affairs&#8220;. Als die dringendsten Probleme unserer Zeit nennt er: die Abschaffung der Atomwaffen und die \u00dcberwindung der Massenarmut in den Entwicklungsl\u00e4ndern sowie die Rettung des Weltklimas.<\/p>\n\n\n\n<p>Das Ur-Ethos aller Religionen und Weisheitslehren hei\u00dft: \u201eDu sollst nicht t\u00f6ten&#8220;. Das meint aber auch \u201eDu sollst nicht t\u00f6ten lassen&#8220;, falls du das verhindern kannst. Deshalb w\u00e4re es beim Massenmord in Ruanda 1994 notwendig und moralisch richtig gewesen, wenn die anwesenden UNO-Soldaten versucht h\u00e4tten, den Massenmord zu verhindern \u2013 auch mit Waffen.<\/p>\n\n\n\n<h5 class=\"wp-block-heading\">Eskalation oder unterlassene Hilfeleistung? <\/h5>\n\n\n\n<p>Wer hat nun 2022 Recht in Deutschland: Diejenigen, die f\u00fcr Waffenlieferungen an die Ukraine sind oder die dagegen sind? Ich wei\u00df es nicht. Niemand wei\u00df es genau. Beide Seiten k\u00f6nnen schuldig werden. Jede Entscheidung hat ihre dunkle Seite. Jede Entscheidung fordert Menschenleben. Jede Entscheidung macht schuldig. Die Bef\u00fcrworter der Waffenlieferungen k\u00f6nnen nicht ausschlie\u00dfen, dass diese zur weiteren Eskalation beitragen. Und die Gegner von Waffenlieferungen k\u00f6nnen aber auch nicht ausschlie\u00dfen, dass sie sich der unterlassenen Hilfeleistung schuldig machen. Wir sind in dieser Frage gespalten. Wir sollten aber gerade jetzt auf einander h\u00f6ren. Es gibt auch eine Kultur des Zweifelns und der Bedachtsamkeit. Ich bin froh, dass Deutschland jetzt einen Bundeskanzler hat, der zwar Waffen liefert, aber es nur z\u00f6gerlich tut. Z\u00f6gern und Zaudern scheint mir in Kriegszeiten kl\u00fcger als forsches Eskalieren. Wir m\u00fcssen lernen, dass wirkliche Sicherheit auch immer die Sicherheit das Gegners ist.<\/p>\n\n\n\n<p>Auch Papst Franziskus hat in diesen Monaten Zweifel an Waffenlieferungen von au\u00dfen ge\u00e4u\u00dfert, aber zugleich das Recht auf Selbstverteidigung jedes Landes unterstrichen. Jeder wirkliche Pazifist und jede wirkliche Pazifistin muss sich allerdings fragen, wie sich in diesem Vernichtungs-Krieg Putins die Ukraine ohne Waffen verteidigen soll. Vielleicht brauchen wir jetzt einen Umweg \u201eFrieden schaffen mit Waffen&#8220;, um das langfristige Ziel \u201eFrieden schaffen ohne Waffen&#8220; zu erreichen. Das w\u00e4re ein differenzierter Pazifismus. Fakt ist: Deutsche Abwehrraketen haben in den letzten Wochen vielen Ukrainern das Leben gerettet.<\/p>\n\n\n\n<h5 class=\"wp-block-heading\">Kein Pazifismus im Sinne des Aggressors<\/h5>\n\n\n<div class=\"wp-block-image\">\n<figure class=\"alignleft size-full is-resized\"><img loading=\"lazy\" decoding=\"async\" src=\"https:\/\/www.sonnenseite.com\/wp-content\/uploads\/2022\/02\/Ukraine_stopWar_belchonock.jpg\" alt=\"Depositphotos.com | belchonock | Ukraine Stop War\" class=\"wp-image-79802\" width=\"351\" height=\"191\" srcset=\"https:\/\/www.sonnenseite.com\/wp-content\/uploads\/2022\/02\/Ukraine_stopWar_belchonock.jpg 770w, https:\/\/www.sonnenseite.com\/wp-content\/uploads\/2022\/02\/Ukraine_stopWar_belchonock-300x164.jpg 300w, https:\/\/www.sonnenseite.com\/wp-content\/uploads\/2022\/02\/Ukraine_stopWar_belchonock-768x419.jpg 768w\" sizes=\"auto, (max-width: 351px) 100vw, 351px\" \/><figcaption class=\"wp-element-caption\">\u00a9 Depositphotos.com | belchonock | Ukraine Stop War<\/figcaption><\/figure>\n<\/div>\n\n\n<p>Eines sollten wir uns aber auch immer wieder klar machen \u2013 auf welcher Seite wir auch stehen: Betroffen sind immer zuerst die Menschen in der Ukraine. Ihre jungen M\u00e4nner werden get\u00f6tet, ihre Frauen werden vergewaltigt, ihre Kinder und ihre Alten werden zur Flucht gezwungen. Da verbietet sich deutsche Besserwisserei. Deutscher Pazifismus kann also nicht hei\u00dfen, dass wir vom sicheren hiesigen Boden aus, den Ukrainern empfehlen k\u00f6nnten: Bitte ergebt euch! Das w\u00e4re ein Pazifismus im Sinne des Aggressors. Es w\u00e4re ein \u201ePazifismus&#8220;, der dem Aggressor noch die T\u00fcr aufh\u00e4lt. Was dabei oft vergessen wird: Schon die deutsche Ur-Pazifistin Bertha von Suttner hielt Verteidigungskriege f\u00fcr legitim. Und der bekannteste deutsche Pazifist Albert Einstein differenzierte zwischen \u201evern\u00fcnftigem Pazifismus&#8220; und \u201everantwortungslosem Pazifismus&#8220;. Ich unterscheide heute zwischen Real-Pazifismus und Fundamental-Pazifismus.<\/p>\n\n\n\n<h5 class=\"wp-block-heading\">Die Bergpredigt: Das \u00dcberlebensprogramm der Menschheit<\/h5>\n\n\n\n<p>Mit \u00fcber 700 Milliarden Dollar pro Jahr f\u00fcrs Milit\u00e4r ist die USA noch immer die st\u00e4rkste Milit\u00e4rmacht der Welt. Deshalb sollten sie gerade jetzt mit Abr\u00fcstungsschritten beginnen, damit die anderen folgen. Abr\u00fcstung gelingt, wenn der St\u00e4rkste damit beginnt. Nur weniger Waffen bringen mehr Sicherheit f\u00fcr alle.<\/p>\n\n\n\n<p>Jesus hat uns in seiner Bergpredigt \u201eFeindesliebe&#8220; empfohlen. Ist das naiv? War Jesus ein Spinner?<\/p>\n\n\n\n<p>Feindesliebe hei\u00dft ja nicht: Lass dir alles bieten. Sondern: Sei kl\u00fcger als dein Feind. Hab den Mut zum ersten Schritt. Die Bergpredigt, so hat es mir Gorbatschow mal gesagt, \u201eist im Atomzeitalter das \u00dcberlebensprogramm der Menschheit&#8220;.<\/p>\n\n\n\n<p>Immerhin hat Helmut Kohl diesen Vorschlag gemacht: \u201eFrieden schaffen mit immer weniger Waffen&#8220;. Also&nbsp;abr\u00fcsten statt aufr\u00fcsten. Darf man die heutigen Verteidigungsminister der NATO, meist Christen, noch an Jesus und Helmut Kohl erinnern? Oder gar an die Bergpredigt-Erkenntnis von Michail Gorbatschow? Das Ziel w\u00e4re dann \u2013 vielleicht bis 2040 \u2013 Frieden schaffen ohne Waffen. Lasst uns Sicherheit doch mal ganz neu denken. Mit der Bergpredigt kann man Politik machen, ihr lieben Christen in der Politik! Wirkliche Friedenspolitik. Die Bergpredigt ist eine Frohbotschaft und keine Drohbotschaft. Jesus war ein Realist.<\/p>\n\n\n\n<h5 class=\"wp-block-heading\">Neue Wege sind m\u00f6glich<\/h5>\n\n\n<div class=\"wp-block-image\">\n<figure class=\"alignright size-full is-resized\"><img loading=\"lazy\" decoding=\"async\" src=\"https:\/\/www.sonnenseite.com\/wp-content\/uploads\/2022\/12\/FranzAlt_Frieden-ist-noch-immer-moeglcih-1.jpg\" alt=\"\" class=\"wp-image-87757\" width=\"228\" height=\"361\" srcset=\"https:\/\/www.sonnenseite.com\/wp-content\/uploads\/2022\/12\/FranzAlt_Frieden-ist-noch-immer-moeglcih-1.jpg 500w, https:\/\/www.sonnenseite.com\/wp-content\/uploads\/2022\/12\/FranzAlt_Frieden-ist-noch-immer-moeglcih-1-189x300.jpg 189w\" sizes=\"auto, (max-width: 228px) 100vw, 228px\" \/><\/figure>\n<\/div>\n\n\n<p>Und denen, die sagen, mit der Bergpredigt kann man nicht regieren, meine Gegenfrage: Habt Ihr es je probiert? Gorbatschow hat\u00b4s doch vorgemacht. Und zwar erfolgreich. Bundeskanzler Scholz sagte soeben in einem Interview mit der S\u00fcddeutschen Zeitung, dass er auch 2023 den Kontakt zu Putin halten wolle und Friedensverhandlungen suche. Es gibt aus den letzten Wochen zwei Ereignisse, die zeigen, dass Verhandlungen auch jetzt noch besser und erfolgreicher sein k\u00f6nnen als weitere Eskalation: Russland und die Ukraine haben unter dem Vorsitz der Vereinten Nationen das Weizenabkommen geschlossen und beide Seiten haben auch einen Gefangenen-Austausch erfolgreich organisiert. Voraussetzung f\u00fcr einen Frieden in der Ukraine ist ein rascher Waffenstillstand.<\/p>\n\n\n\n<p>Soeben hat auch der erfolgreiche Abschluss der Weltnaturkonferenz gezeigt, dass neues Denken und Handeln sowohl in der Wirtschaft als auch in der Politik m\u00f6glich sind. Es gibt immer Alternativen. Meine Kronzeugen f\u00fcr diese realistische Einsch\u00e4tzung zu Weihnachten 2022 sind Jesus und seine Bergpredigt, die Abr\u00fcstungs-Politik von Michail Gorbatschow und die Lehre der Gewaltfreiheit meines langj\u00e4hrigen Freundes, des Dalai Lama. Alle Probleme, die Menschen geschaffen haben, sind auch von Menschen l\u00f6sbar.<br><\/p>\n\n\n\n<ul class=\"wp-block-list\">\n<li><em>Zusammen mit Michail Gorbatschow ver\u00f6ffentlichte er das Buch&nbsp;<\/em><a href=\"https:\/\/amzn.to\/3Wi9uro\"><em>\u201e<\/em>Nie wieder Krieg \u2013 Kommt endlich zur Vernunft<em>&#8222;<\/em><\/a><em> . Zusammen mit dem Dalai Lama schrieb er: <a href=\"https:\/\/amzn.to\/3WjnTn1\">\u201eEthik ist wichtiger als Religion&#8220;<\/a> und <a href=\"https:\/\/amzn.to\/3hDSFZ2\">\u201eSch\u00fctzt unser Klima&#8220;<\/a>. Im Buch <a href=\"https:\/\/amzn.to\/3PJdkY5\">\u201eJesus \u2013 Liebe und Frieden sind m\u00f6glich&#8220;<\/a> f\u00fchrt er ein fiktives Interview mit Jesus \u00fcber die Bergpredigt. Alle B\u00fccher im Benevento-Verlag. Sein neues Buch ist im Herder-Verlag soeben erschienen: <\/em><a href=\"https:\/\/www.sonnenseite.com\/de\/franz-alt\/kommentare-interviews\/frieden-ist-noch-immer-moeglich\/\"><em>\u201e<\/em>Frieden ist noch immer m\u00f6glich \u2013 Die Kraft der Bergpredigt<em>&#8222;<\/em><\/a><em>.<\/em><\/li>\n<\/ul>\n\n\n<h5 class=\"green\">Quelle<\/h5>\r\n\n\n\n<p><a href=\"mailto:franzalt@sonnenseite.com\">Franz Alt 2022<\/a> | <a href=\"https:\/\/www.forum-csr.net\/News\/18399\/JesuswarkeinSpinner.html\">Erstver\u00f6ffentlichung in &#8222;forum &#8211; Nachhaltig Wirtschaften&#8220; <\/a><\/p>\n<div class=\"shariff shariff-align-flex-start shariff-widget-align-flex-start\"><div class=\"ShariffHeadline\">Diese Meldung teilen<\/div><ul class=\"shariff-buttons theme-round orientation-horizontal buttonsize-medium\"><li class=\"shariff-button facebook shariff-nocustomcolor\" style=\"background-color:#4273c8;border-radius:1%\"><a href=\"https:\/\/www.facebook.com\/sharer\/sharer.php?u=https%3A%2F%2Fwww.sonnenseite.com%2Fde%2Ffranz-alt%2Fkommentare-interviews%2Ffrieden-ist-noch-immer-moeglich-2%2F\" title=\"Bei Facebook teilen\" aria-label=\"Bei Facebook teilen\" role=\"button\" rel=\"nofollow\" class=\"shariff-link\" style=\";border-radius:1%; background-color:#3b5998; color:#fff\" target=\"_blank\"><span class=\"shariff-icon\" style=\"\"><svg width=\"32px\" height=\"20px\" xmlns=\"http:\/\/www.w3.org\/2000\/svg\" viewBox=\"0 0 18 32\"><path fill=\"#3b5998\" d=\"M17.1 0.2v4.7h-2.8q-1.5 0-2.1 0.6t-0.5 1.9v3.4h5.2l-0.7 5.3h-4.5v13.6h-5.5v-13.6h-4.5v-5.3h4.5v-3.9q0-3.3 1.9-5.2t5-1.8q2.6 0 4.1 0.2z\"\/><\/svg><\/span><\/a><\/li><li class=\"shariff-button twitter shariff-nocustomcolor\" style=\"background-color:#595959;border-radius:1%\"><a href=\"https:\/\/twitter.com\/share?url=https%3A%2F%2Fwww.sonnenseite.com%2Fde%2Ffranz-alt%2Fkommentare-interviews%2Ffrieden-ist-noch-immer-moeglich-2%2F&text=Ist%20Frieden%20noch%20immer%20m%C3%B6glich%3F\" title=\"Bei X teilen\" aria-label=\"Bei X teilen\" role=\"button\" rel=\"noopener nofollow\" class=\"shariff-link\" style=\";border-radius:1%; background-color:#000; color:#fff\" target=\"_blank\"><span class=\"shariff-icon\" style=\"\"><svg width=\"32px\" height=\"20px\" xmlns=\"http:\/\/www.w3.org\/2000\/svg\" viewBox=\"0 0 24 24\"><path fill=\"#000\" d=\"M14.258 10.152L23.176 0h-2.113l-7.747 8.813L7.133 0H0l9.352 13.328L0 23.973h2.113l8.176-9.309 6.531 9.309h7.133zm-2.895 3.293l-.949-1.328L2.875 1.56h3.246l6.086 8.523.945 1.328 7.91 11.078h-3.246zm0 0\"\/><\/svg><\/span><\/a><\/li><li class=\"shariff-button xing shariff-nocustomcolor\" style=\"background-color:#29888a;border-radius:1%\"><a href=\"https:\/\/www.xing.com\/spi\/shares\/new?url=https%3A%2F%2Fwww.sonnenseite.com%2Fde%2Ffranz-alt%2Fkommentare-interviews%2Ffrieden-ist-noch-immer-moeglich-2%2F\" title=\"Bei XING teilen\" aria-label=\"Bei XING teilen\" role=\"button\" rel=\"noopener nofollow\" class=\"shariff-link\" style=\";border-radius:1%; background-color:#126567; color:#fff\" target=\"_blank\"><span class=\"shariff-icon\" style=\"\"><svg width=\"32px\" height=\"20px\" xmlns=\"http:\/\/www.w3.org\/2000\/svg\" viewBox=\"0 0 25 32\"><path fill=\"#126567\" d=\"M10.7 11.9q-0.2 0.3-4.6 8.2-0.5 0.8-1.2 0.8h-4.3q-0.4 0-0.5-0.3t0-0.6l4.5-8q0 0 0 0l-2.9-5q-0.2-0.4 0-0.7 0.2-0.3 0.5-0.3h4.3q0.7 0 1.2 0.8zM25.1 0.4q0.2 0.3 0 0.7l-9.4 16.7 6 11q0.2 0.4 0 0.6-0.2 0.3-0.6 0.3h-4.3q-0.7 0-1.2-0.8l-6-11.1q0.3-0.6 9.5-16.8 0.4-0.8 1.2-0.8h4.3q0.4 0 0.5 0.3z\"\/><\/svg><\/span><\/a><\/li><li class=\"shariff-button linkedin shariff-nocustomcolor\" style=\"background-color:#1488bf;border-radius:1%\"><a href=\"https:\/\/www.linkedin.com\/sharing\/share-offsite\/?url=https%3A%2F%2Fwww.sonnenseite.com%2Fde%2Ffranz-alt%2Fkommentare-interviews%2Ffrieden-ist-noch-immer-moeglich-2%2F\" title=\"Bei LinkedIn teilen\" aria-label=\"Bei LinkedIn teilen\" role=\"button\" rel=\"noopener nofollow\" class=\"shariff-link\" style=\";border-radius:1%; background-color:#0077b5; color:#fff\" target=\"_blank\"><span class=\"shariff-icon\" style=\"\"><svg width=\"32px\" height=\"20px\" xmlns=\"http:\/\/www.w3.org\/2000\/svg\" viewBox=\"0 0 27 32\"><path fill=\"#0077b5\" d=\"M6.2 11.2v17.7h-5.9v-17.7h5.9zM6.6 5.7q0 1.3-0.9 2.2t-2.4 0.9h0q-1.5 0-2.4-0.9t-0.9-2.2 0.9-2.2 2.4-0.9 2.4 0.9 0.9 2.2zM27.4 18.7v10.1h-5.9v-9.5q0-1.9-0.7-2.9t-2.3-1.1q-1.1 0-1.9 0.6t-1.2 1.5q-0.2 0.5-0.2 1.4v9.9h-5.9q0-7.1 0-11.6t0-5.3l0-0.9h5.9v2.6h0q0.4-0.6 0.7-1t1-0.9 1.6-0.8 2-0.3q3 0 4.9 2t1.9 6z\"\/><\/svg><\/span><\/a><\/li><li class=\"shariff-button printer shariff-nocustomcolor\" style=\"background-color:#a8a8a8;border-radius:1%\"><a href=\"javascript:window.print()\" title=\"drucken\" aria-label=\"drucken\" role=\"button\" rel=\"noopener nofollow\" class=\"shariff-link\" style=\";border-radius:1%; background-color:#999; color:#fff\"><span class=\"shariff-icon\" style=\"\"><svg width=\"32px\" height=\"20px\" xmlns=\"http:\/\/www.w3.org\/2000\/svg\" viewBox=\"0 0 30 32\"><path fill=\"#999\" d=\"M6.8 27.4h16v-4.6h-16v4.6zM6.8 16h16v-6.8h-2.8q-0.7 0-1.2-0.5t-0.5-1.2v-2.8h-11.4v11.4zM27.4 17.2q0-0.5-0.3-0.8t-0.8-0.4-0.8 0.4-0.3 0.8 0.3 0.8 0.8 0.3 0.8-0.3 0.3-0.8zM29.7 17.2v7.4q0 0.2-0.2 0.4t-0.4 0.2h-4v2.8q0 0.7-0.5 1.2t-1.2 0.5h-17.2q-0.7 0-1.2-0.5t-0.5-1.2v-2.8h-4q-0.2 0-0.4-0.2t-0.2-0.4v-7.4q0-1.4 1-2.4t2.4-1h1.2v-9.7q0-0.7 0.5-1.2t1.2-0.5h12q0.7 0 1.6 0.4t1.3 0.8l2.7 2.7q0.5 0.5 0.9 1.4t0.4 1.6v4.6h1.1q1.4 0 2.4 1t1 2.4z\"\/><\/svg><\/span><\/a><\/li><li class=\"shariff-button mailto shariff-nocustomcolor\" style=\"background-color:#a8a8a8;border-radius:1%\"><a href=\"mailto:?body=https%3A%2F%2Fwww.sonnenseite.com%2Fde%2Ffranz-alt%2Fkommentare-interviews%2Ffrieden-ist-noch-immer-moeglich-2%2F&subject=Ist%20Frieden%20noch%20immer%20m%C3%B6glich%3F\" title=\"Per E-Mail versenden\" aria-label=\"Per E-Mail versenden\" role=\"button\" rel=\"noopener nofollow\" class=\"shariff-link\" style=\";border-radius:1%; background-color:#999; color:#fff\"><span class=\"shariff-icon\" style=\"\"><svg width=\"32px\" height=\"20px\" xmlns=\"http:\/\/www.w3.org\/2000\/svg\" viewBox=\"0 0 32 32\"><path fill=\"#999\" d=\"M32 12.7v14.2q0 1.2-0.8 2t-2 0.9h-26.3q-1.2 0-2-0.9t-0.8-2v-14.2q0.8 0.9 1.8 1.6 6.5 4.4 8.9 6.1 1 0.8 1.6 1.2t1.7 0.9 2 0.4h0.1q0.9 0 2-0.4t1.7-0.9 1.6-1.2q3-2.2 8.9-6.1 1-0.7 1.8-1.6zM32 7.4q0 1.4-0.9 2.7t-2.2 2.2q-6.7 4.7-8.4 5.8-0.2 0.1-0.7 0.5t-1 0.7-0.9 0.6-1.1 0.5-0.9 0.2h-0.1q-0.4 0-0.9-0.2t-1.1-0.5-0.9-0.6-1-0.7-0.7-0.5q-1.6-1.1-4.7-3.2t-3.6-2.6q-1.1-0.7-2.1-2t-1-2.5q0-1.4 0.7-2.3t2.1-0.9h26.3q1.2 0 2 0.8t0.9 2z\"\/><\/svg><\/span><\/a><\/li><\/ul><\/div>","protected":false},"excerpt":{"rendered":"<p>Ist Frieden gar jetzt mitten in Kriegszeiten noch m\u00f6glich? Das fragen sich viele Menschen an Weihnachten [&hellip;]<\/p>\n","protected":false},"author":3,"featured_media":87765,"comment_status":"closed","ping_status":"closed","sticky":false,"template":"","format":"standard","meta":{"inline_featured_image":false,"footnotes":""},"categories":[29],"tags":[],"class_list":["post-87750","post","type-post","status-publish","format-standard","has-post-thumbnail","hentry","category-kommentare-interviews"],"yoast_head":"<!-- This site is optimized with the Yoast SEO plugin v26.5 - https:\/\/yoast.com\/wordpress\/plugins\/seo\/ -->\n<title>Ist Frieden noch immer m\u00f6glich? - Sonnenseite - \u00d6kologische Kommunikation mit Franz Alt<\/title>\n<meta name=\"description\" content=\"Ist Frieden gar jetzt mitten in Kriegszeiten noch m\u00f6glich? Das fragen sich viele Menschen an Weihnachten 2022. Zeigt die Bergpredigt Jesu auch in unserer\" \/>\n<meta name=\"robots\" content=\"index, follow, max-snippet:-1, max-image-preview:large, max-video-preview:-1\" \/>\n<link rel=\"canonical\" href=\"https:\/\/www.sonnenseite.com\/de\/franz-alt\/kommentare-interviews\/frieden-ist-noch-immer-moeglich-2\/\" \/>\n<meta property=\"og:locale\" content=\"de_DE\" \/>\n<meta property=\"og:type\" content=\"article\" \/>\n<meta property=\"og:title\" content=\"Ist Frieden noch immer m\u00f6glich? - Sonnenseite - \u00d6kologische Kommunikation mit Franz Alt\" \/>\n<meta property=\"og:description\" content=\"Ist Frieden gar jetzt mitten in Kriegszeiten noch m\u00f6glich? Das fragen sich viele Menschen an Weihnachten 2022. Zeigt die Bergpredigt Jesu auch in unserer\" \/>\n<meta property=\"og:url\" content=\"https:\/\/www.sonnenseite.com\/de\/franz-alt\/kommentare-interviews\/frieden-ist-noch-immer-moeglich-2\/\" \/>\n<meta property=\"og:site_name\" content=\"Sonnenseite\" \/>\n<meta property=\"article:publisher\" content=\"https:\/\/www.facebook.com\/pages\/Franz-Alt-SONNENSEITECOM\/221072987903953?fref=ts\" \/>\n<meta property=\"article:published_time\" content=\"2022-12-25T09:01:00+00:00\" \/>\n<meta property=\"article:modified_time\" content=\"2022-12-31T13:13:39+00:00\" \/>\n<meta property=\"og:image\" content=\"https:\/\/www.sonnenseite.com\/wp-content\/uploads\/2022\/12\/Ukraine_kovop58gmail.com_.jpg\" \/>\n\t<meta property=\"og:image:width\" content=\"770\" \/>\n\t<meta property=\"og:image:height\" content=\"420\" \/>\n\t<meta property=\"og:image:type\" content=\"image\/jpeg\" \/>\n<meta name=\"author\" content=\"Bigi Alt\" \/>\n<meta name=\"twitter:card\" content=\"summary_large_image\" \/>\n<meta name=\"twitter:creator\" content=\"@franzalt\" \/>\n<meta name=\"twitter:site\" content=\"@franzalt\" \/>\n<meta name=\"twitter:label1\" content=\"Verfasst von\" \/>\n\t<meta name=\"twitter:data1\" content=\"Bigi Alt\" \/>\n\t<meta name=\"twitter:label2\" content=\"Gesch\u00e4tzte Lesezeit\" \/>\n\t<meta name=\"twitter:data2\" content=\"11\u00a0Minuten\" \/>\n<script type=\"application\/ld+json\" class=\"yoast-schema-graph\">{\"@context\":\"https:\/\/schema.org\",\"@graph\":[{\"@type\":\"Article\",\"@id\":\"https:\/\/www.sonnenseite.com\/de\/franz-alt\/kommentare-interviews\/frieden-ist-noch-immer-moeglich-2\/#article\",\"isPartOf\":{\"@id\":\"https:\/\/www.sonnenseite.com\/de\/franz-alt\/kommentare-interviews\/frieden-ist-noch-immer-moeglich-2\/\"},\"author\":{\"name\":\"Bigi Alt\",\"@id\":\"https:\/\/www.sonnenseite.com\/de\/#\/schema\/person\/50fda0e926597684c7cc6695238a4eb9\"},\"headline\":\"Ist Frieden noch immer m\u00f6glich?\",\"datePublished\":\"2022-12-25T09:01:00+00:00\",\"dateModified\":\"2022-12-31T13:13:39+00:00\",\"mainEntityOfPage\":{\"@id\":\"https:\/\/www.sonnenseite.com\/de\/franz-alt\/kommentare-interviews\/frieden-ist-noch-immer-moeglich-2\/\"},\"wordCount\":1899,\"publisher\":{\"@id\":\"https:\/\/www.sonnenseite.com\/de\/#organization\"},\"image\":{\"@id\":\"https:\/\/www.sonnenseite.com\/de\/franz-alt\/kommentare-interviews\/frieden-ist-noch-immer-moeglich-2\/#primaryimage\"},\"thumbnailUrl\":\"https:\/\/www.sonnenseite.com\/wp-content\/uploads\/2022\/12\/Ukraine_kovop58gmail.com_.jpg\",\"articleSection\":[\"Kommentare &amp; Interviews\"],\"inLanguage\":\"de\"},{\"@type\":\"WebPage\",\"@id\":\"https:\/\/www.sonnenseite.com\/de\/franz-alt\/kommentare-interviews\/frieden-ist-noch-immer-moeglich-2\/\",\"url\":\"https:\/\/www.sonnenseite.com\/de\/franz-alt\/kommentare-interviews\/frieden-ist-noch-immer-moeglich-2\/\",\"name\":\"Ist Frieden noch immer m\u00f6glich? - Sonnenseite - \u00d6kologische Kommunikation mit Franz Alt\",\"isPartOf\":{\"@id\":\"https:\/\/www.sonnenseite.com\/de\/#website\"},\"primaryImageOfPage\":{\"@id\":\"https:\/\/www.sonnenseite.com\/de\/franz-alt\/kommentare-interviews\/frieden-ist-noch-immer-moeglich-2\/#primaryimage\"},\"image\":{\"@id\":\"https:\/\/www.sonnenseite.com\/de\/franz-alt\/kommentare-interviews\/frieden-ist-noch-immer-moeglich-2\/#primaryimage\"},\"thumbnailUrl\":\"https:\/\/www.sonnenseite.com\/wp-content\/uploads\/2022\/12\/Ukraine_kovop58gmail.com_.jpg\",\"datePublished\":\"2022-12-25T09:01:00+00:00\",\"dateModified\":\"2022-12-31T13:13:39+00:00\",\"description\":\"Ist Frieden gar jetzt mitten in Kriegszeiten noch m\u00f6glich? Das fragen sich viele Menschen an Weihnachten 2022. Zeigt die Bergpredigt Jesu auch in unserer\",\"breadcrumb\":{\"@id\":\"https:\/\/www.sonnenseite.com\/de\/franz-alt\/kommentare-interviews\/frieden-ist-noch-immer-moeglich-2\/#breadcrumb\"},\"inLanguage\":\"de\",\"potentialAction\":[{\"@type\":\"ReadAction\",\"target\":[\"https:\/\/www.sonnenseite.com\/de\/franz-alt\/kommentare-interviews\/frieden-ist-noch-immer-moeglich-2\/\"]}]},{\"@type\":\"ImageObject\",\"inLanguage\":\"de\",\"@id\":\"https:\/\/www.sonnenseite.com\/de\/franz-alt\/kommentare-interviews\/frieden-ist-noch-immer-moeglich-2\/#primaryimage\",\"url\":\"https:\/\/www.sonnenseite.com\/wp-content\/uploads\/2022\/12\/Ukraine_kovop58gmail.com_.jpg\",\"contentUrl\":\"https:\/\/www.sonnenseite.com\/wp-content\/uploads\/2022\/12\/Ukraine_kovop58gmail.com_.jpg\",\"width\":770,\"height\":420,\"caption\":\"Depositphotos.com | kovop58gmail.com | Alle Probleme, die Menschen geschaffen haben, sind auch von Menschen l\u00f6sbar.\"},{\"@type\":\"BreadcrumbList\",\"@id\":\"https:\/\/www.sonnenseite.com\/de\/franz-alt\/kommentare-interviews\/frieden-ist-noch-immer-moeglich-2\/#breadcrumb\",\"itemListElement\":[{\"@type\":\"ListItem\",\"position\":1,\"name\":\"Startseite\",\"item\":\"https:\/\/www.sonnenseite.com\/de\/\"},{\"@type\":\"ListItem\",\"position\":2,\"name\":\"Ist Frieden noch immer m\u00f6glich?\"}]},{\"@type\":\"WebSite\",\"@id\":\"https:\/\/www.sonnenseite.com\/de\/#website\",\"url\":\"https:\/\/www.sonnenseite.com\/de\/\",\"name\":\"Sonnenseite\",\"description\":\"\u00d6kologische Kommunikation mit Franz Alt\",\"publisher\":{\"@id\":\"https:\/\/www.sonnenseite.com\/de\/#organization\"},\"potentialAction\":[{\"@type\":\"SearchAction\",\"target\":{\"@type\":\"EntryPoint\",\"urlTemplate\":\"https:\/\/www.sonnenseite.com\/de\/?s={search_term_string}\"},\"query-input\":{\"@type\":\"PropertyValueSpecification\",\"valueRequired\":true,\"valueName\":\"search_term_string\"}}],\"inLanguage\":\"de\"},{\"@type\":\"Organization\",\"@id\":\"https:\/\/www.sonnenseite.com\/de\/#organization\",\"name\":\"Sonnenseite\",\"url\":\"https:\/\/www.sonnenseite.com\/de\/\",\"logo\":{\"@type\":\"ImageObject\",\"inLanguage\":\"de\",\"@id\":\"https:\/\/www.sonnenseite.com\/de\/#\/schema\/logo\/image\/\",\"url\":\"https:\/\/www.sonnenseite.com\/wp-content\/uploads\/2020\/05\/Sonnenseite_Logo.png\",\"contentUrl\":\"https:\/\/www.sonnenseite.com\/wp-content\/uploads\/2020\/05\/Sonnenseite_Logo.png\",\"width\":377,\"height\":90,\"caption\":\"Sonnenseite\"},\"image\":{\"@id\":\"https:\/\/www.sonnenseite.com\/de\/#\/schema\/logo\/image\/\"},\"sameAs\":[\"https:\/\/www.facebook.com\/pages\/Franz-Alt-SONNENSEITECOM\/221072987903953?fref=ts\",\"https:\/\/x.com\/franzalt\",\"http:\/\/www.youtube.com\/results?search_query&amp;amp;quot;franz_alt&amp;amp;quot;&amp;amp;amp;amp;search_type&amp;amp;amp;amp;aq=f\"]},{\"@type\":\"Person\",\"@id\":\"https:\/\/www.sonnenseite.com\/de\/#\/schema\/person\/50fda0e926597684c7cc6695238a4eb9\",\"name\":\"Bigi Alt\"}]}<\/script>\n<!-- \/ Yoast SEO plugin. -->","yoast_head_json":{"title":"Ist Frieden noch immer m\u00f6glich? - Sonnenseite - \u00d6kologische Kommunikation mit Franz Alt","description":"Ist Frieden gar jetzt mitten in Kriegszeiten noch m\u00f6glich? Das fragen sich viele Menschen an Weihnachten 2022. Zeigt die Bergpredigt Jesu auch in unserer","robots":{"index":"index","follow":"follow","max-snippet":"max-snippet:-1","max-image-preview":"max-image-preview:large","max-video-preview":"max-video-preview:-1"},"canonical":"https:\/\/www.sonnenseite.com\/de\/franz-alt\/kommentare-interviews\/frieden-ist-noch-immer-moeglich-2\/","og_locale":"de_DE","og_type":"article","og_title":"Ist Frieden noch immer m\u00f6glich? - Sonnenseite - \u00d6kologische Kommunikation mit Franz Alt","og_description":"Ist Frieden gar jetzt mitten in Kriegszeiten noch m\u00f6glich? Das fragen sich viele Menschen an Weihnachten 2022. Zeigt die Bergpredigt Jesu auch in unserer","og_url":"https:\/\/www.sonnenseite.com\/de\/franz-alt\/kommentare-interviews\/frieden-ist-noch-immer-moeglich-2\/","og_site_name":"Sonnenseite","article_publisher":"https:\/\/www.facebook.com\/pages\/Franz-Alt-SONNENSEITECOM\/221072987903953?fref=ts","article_published_time":"2022-12-25T09:01:00+00:00","article_modified_time":"2022-12-31T13:13:39+00:00","og_image":[{"width":770,"height":420,"url":"https:\/\/www.sonnenseite.com\/wp-content\/uploads\/2022\/12\/Ukraine_kovop58gmail.com_.jpg","type":"image\/jpeg"}],"author":"Bigi Alt","twitter_card":"summary_large_image","twitter_creator":"@franzalt","twitter_site":"@franzalt","twitter_misc":{"Verfasst von":"Bigi Alt","Gesch\u00e4tzte Lesezeit":"11\u00a0Minuten"},"schema":{"@context":"https:\/\/schema.org","@graph":[{"@type":"Article","@id":"https:\/\/www.sonnenseite.com\/de\/franz-alt\/kommentare-interviews\/frieden-ist-noch-immer-moeglich-2\/#article","isPartOf":{"@id":"https:\/\/www.sonnenseite.com\/de\/franz-alt\/kommentare-interviews\/frieden-ist-noch-immer-moeglich-2\/"},"author":{"name":"Bigi Alt","@id":"https:\/\/www.sonnenseite.com\/de\/#\/schema\/person\/50fda0e926597684c7cc6695238a4eb9"},"headline":"Ist Frieden noch immer m\u00f6glich?","datePublished":"2022-12-25T09:01:00+00:00","dateModified":"2022-12-31T13:13:39+00:00","mainEntityOfPage":{"@id":"https:\/\/www.sonnenseite.com\/de\/franz-alt\/kommentare-interviews\/frieden-ist-noch-immer-moeglich-2\/"},"wordCount":1899,"publisher":{"@id":"https:\/\/www.sonnenseite.com\/de\/#organization"},"image":{"@id":"https:\/\/www.sonnenseite.com\/de\/franz-alt\/kommentare-interviews\/frieden-ist-noch-immer-moeglich-2\/#primaryimage"},"thumbnailUrl":"https:\/\/www.sonnenseite.com\/wp-content\/uploads\/2022\/12\/Ukraine_kovop58gmail.com_.jpg","articleSection":["Kommentare &amp; Interviews"],"inLanguage":"de"},{"@type":"WebPage","@id":"https:\/\/www.sonnenseite.com\/de\/franz-alt\/kommentare-interviews\/frieden-ist-noch-immer-moeglich-2\/","url":"https:\/\/www.sonnenseite.com\/de\/franz-alt\/kommentare-interviews\/frieden-ist-noch-immer-moeglich-2\/","name":"Ist Frieden noch immer m\u00f6glich? - Sonnenseite - \u00d6kologische Kommunikation mit Franz Alt","isPartOf":{"@id":"https:\/\/www.sonnenseite.com\/de\/#website"},"primaryImageOfPage":{"@id":"https:\/\/www.sonnenseite.com\/de\/franz-alt\/kommentare-interviews\/frieden-ist-noch-immer-moeglich-2\/#primaryimage"},"image":{"@id":"https:\/\/www.sonnenseite.com\/de\/franz-alt\/kommentare-interviews\/frieden-ist-noch-immer-moeglich-2\/#primaryimage"},"thumbnailUrl":"https:\/\/www.sonnenseite.com\/wp-content\/uploads\/2022\/12\/Ukraine_kovop58gmail.com_.jpg","datePublished":"2022-12-25T09:01:00+00:00","dateModified":"2022-12-31T13:13:39+00:00","description":"Ist Frieden gar jetzt mitten in Kriegszeiten noch m\u00f6glich? Das fragen sich viele Menschen an Weihnachten 2022. Zeigt die Bergpredigt Jesu auch in unserer","breadcrumb":{"@id":"https:\/\/www.sonnenseite.com\/de\/franz-alt\/kommentare-interviews\/frieden-ist-noch-immer-moeglich-2\/#breadcrumb"},"inLanguage":"de","potentialAction":[{"@type":"ReadAction","target":["https:\/\/www.sonnenseite.com\/de\/franz-alt\/kommentare-interviews\/frieden-ist-noch-immer-moeglich-2\/"]}]},{"@type":"ImageObject","inLanguage":"de","@id":"https:\/\/www.sonnenseite.com\/de\/franz-alt\/kommentare-interviews\/frieden-ist-noch-immer-moeglich-2\/#primaryimage","url":"https:\/\/www.sonnenseite.com\/wp-content\/uploads\/2022\/12\/Ukraine_kovop58gmail.com_.jpg","contentUrl":"https:\/\/www.sonnenseite.com\/wp-content\/uploads\/2022\/12\/Ukraine_kovop58gmail.com_.jpg","width":770,"height":420,"caption":"Depositphotos.com | kovop58gmail.com | Alle Probleme, die Menschen geschaffen haben, sind auch von Menschen l\u00f6sbar."},{"@type":"BreadcrumbList","@id":"https:\/\/www.sonnenseite.com\/de\/franz-alt\/kommentare-interviews\/frieden-ist-noch-immer-moeglich-2\/#breadcrumb","itemListElement":[{"@type":"ListItem","position":1,"name":"Startseite","item":"https:\/\/www.sonnenseite.com\/de\/"},{"@type":"ListItem","position":2,"name":"Ist Frieden noch immer m\u00f6glich?"}]},{"@type":"WebSite","@id":"https:\/\/www.sonnenseite.com\/de\/#website","url":"https:\/\/www.sonnenseite.com\/de\/","name":"Sonnenseite","description":"\u00d6kologische Kommunikation mit Franz Alt","publisher":{"@id":"https:\/\/www.sonnenseite.com\/de\/#organization"},"potentialAction":[{"@type":"SearchAction","target":{"@type":"EntryPoint","urlTemplate":"https:\/\/www.sonnenseite.com\/de\/?s={search_term_string}"},"query-input":{"@type":"PropertyValueSpecification","valueRequired":true,"valueName":"search_term_string"}}],"inLanguage":"de"},{"@type":"Organization","@id":"https:\/\/www.sonnenseite.com\/de\/#organization","name":"Sonnenseite","url":"https:\/\/www.sonnenseite.com\/de\/","logo":{"@type":"ImageObject","inLanguage":"de","@id":"https:\/\/www.sonnenseite.com\/de\/#\/schema\/logo\/image\/","url":"https:\/\/www.sonnenseite.com\/wp-content\/uploads\/2020\/05\/Sonnenseite_Logo.png","contentUrl":"https:\/\/www.sonnenseite.com\/wp-content\/uploads\/2020\/05\/Sonnenseite_Logo.png","width":377,"height":90,"caption":"Sonnenseite"},"image":{"@id":"https:\/\/www.sonnenseite.com\/de\/#\/schema\/logo\/image\/"},"sameAs":["https:\/\/www.facebook.com\/pages\/Franz-Alt-SONNENSEITECOM\/221072987903953?fref=ts","https:\/\/x.com\/franzalt","http:\/\/www.youtube.com\/results?search_query&amp;amp;quot;franz_alt&amp;amp;quot;&amp;amp;amp;amp;search_type&amp;amp;amp;amp;aq=f"]},{"@type":"Person","@id":"https:\/\/www.sonnenseite.com\/de\/#\/schema\/person\/50fda0e926597684c7cc6695238a4eb9","name":"Bigi Alt"}]}},"_links":{"self":[{"href":"https:\/\/www.sonnenseite.com\/de\/wp-json\/wp\/v2\/posts\/87750","targetHints":{"allow":["GET"]}}],"collection":[{"href":"https:\/\/www.sonnenseite.com\/de\/wp-json\/wp\/v2\/posts"}],"about":[{"href":"https:\/\/www.sonnenseite.com\/de\/wp-json\/wp\/v2\/types\/post"}],"author":[{"embeddable":true,"href":"https:\/\/www.sonnenseite.com\/de\/wp-json\/wp\/v2\/users\/3"}],"replies":[{"embeddable":true,"href":"https:\/\/www.sonnenseite.com\/de\/wp-json\/wp\/v2\/comments?post=87750"}],"version-history":[{"count":11,"href":"https:\/\/www.sonnenseite.com\/de\/wp-json\/wp\/v2\/posts\/87750\/revisions"}],"predecessor-version":[{"id":87794,"href":"https:\/\/www.sonnenseite.com\/de\/wp-json\/wp\/v2\/posts\/87750\/revisions\/87794"}],"wp:featuredmedia":[{"embeddable":true,"href":"https:\/\/www.sonnenseite.com\/de\/wp-json\/wp\/v2\/media\/87765"}],"wp:attachment":[{"href":"https:\/\/www.sonnenseite.com\/de\/wp-json\/wp\/v2\/media?parent=87750"}],"wp:term":[{"taxonomy":"category","embeddable":true,"href":"https:\/\/www.sonnenseite.com\/de\/wp-json\/wp\/v2\/categories?post=87750"},{"taxonomy":"post_tag","embeddable":true,"href":"https:\/\/www.sonnenseite.com\/de\/wp-json\/wp\/v2\/tags?post=87750"}],"curies":[{"name":"wp","href":"https:\/\/api.w.org\/{rel}","templated":true}]}}