{"id":88199,"date":"2023-01-14T09:05:48","date_gmt":"2023-01-14T08:05:48","guid":{"rendered":"https:\/\/www.sonnenseite.com\/?p=88199"},"modified":"2023-01-14T14:34:35","modified_gmt":"2023-01-14T13:34:35","slug":"urbanpv-und-klimawandel-pv-integration-in-die-stadt-und-landschaftsarchitektur","status":"publish","type":"post","link":"https:\/\/www.sonnenseite.com\/de\/energie\/urbanpv-und-klimawandel-pv-integration-in-die-stadt-und-landschaftsarchitektur\/","title":{"rendered":"UrbanPV und Klimawandel: PV-Integration in die Stadt- und Landschaftsarchitektur"},"content":{"rendered":"\n<p>Denkanst\u00f6\u00dfe von Dr. E. Merkle<\/p>\n\n\n\n<h1 class=\"wp-block-heading\">UrbanPV \u2013 das Konzept<\/h1>\n\n\n\n<p>UrbanPV ist ein Konzept, das zun\u00e4chst aus dem Bed\u00fcrfnis entstanden ist, regenerativen Strom in Siedlungsgebieten zu erzeugen, \u00fcberwiegend auf versiegelten Fl\u00e4chen. In Gebieten also, in denen 70 % der deutschen Bev\u00f6lkerung leben und arbeiten und in denen der Bedarf nach Elektrizit\u00e4t durch den zwingend notwendigen Ersatz fossiler Brennstoffe (f\u00fcr Verkehr und die Klimatisierung) stetig w\u00e4chst.<\/p>\n\n\n\n<p>Die Vorteile von solchen dezentralen PV Kraftwerken liegt in der meist direkten Nutzung der erzeugten Elektrizit\u00e4t die ohne lange Leitungen direkt in die Netze eingebunden werden kann. Selbst konservative Berechnungen gehen davon aus, dass das m\u00f6gliche Potential mit ca. 60 GW immens ist. Bezieht man innovative Konzepte wie solche in dem Beitrag kurz dargestellten Beispiele mit ein, ergeben sich Potentiale von weit \u00fcber 100 GW, genug also um den Strombedarf der deutschen Haushalte zu decken bzw. um 10 Atomkraftwerke zu ersetzen.<\/p>\n\n\n\n<p>Der unmittelbare Nutzen ist aber nur ein Teilaspekt. Alle vorgestellten Beispiele haben einen doppelten Nutzen indem sie Schutz vor Sonne und Niederschlag (Regen und Hagel) bieten und die \u00dcberhitzung gro\u00dfer versiegelter Fl\u00e4chen in St\u00e4dten reduzieren. Hinzu kommt die visuelle Aufwertung von ansonsten oft sterilen Orten.<\/p>\n\n\n\n<p>Ausf\u00fchrliche Informationen sowie Kosten- und Ertragszahlen sind in einer ausf\u00fchrlichen Studie (<a href=\"http:\/\/www.gridparity.ag\/urbanPV\">www.gridparity.ag\/urbanPV<\/a>) dargestellt. Die dortigen Berechnungen zeigen, dass UrbanPV Anlagen sich meist in kurzer Zeit selbst finanzieren.<\/p>\n\n\n\n<p>Hier wird auch ausf\u00fchrlich dargestellt, wie wenig unsere Stadtarchitektur den Herausforderungen des Klimawandels gewachsen ist. Es fehlen \u00fcberdachte Bereiche und k\u00fchle R\u00e4ume. Beides kann durch die Integration von transparenten PV D\u00e4chern erreicht werden. &nbsp;Der erzeugte Strom kann direkt f\u00fcr die Schaffung von K\u00fchlzonen aber nat\u00fcrlich auch f\u00fcr alle anderen Anwendungen verwendet werden.<\/p>\n\n\n\n<p>Durch eine intelligente Integration von UrbanPV in die Stadtarchitektur k\u00f6nnen St\u00e4dte resilienter gegen den Klimawandel werden und eine lebenswerte Umwelt gestalten.<\/p>\n\n\n\n<p>Die nachfolgend dargestellten Beispiele und Fallstudien sind alle direkt umsetzbar. Es sind somit keine phantasievollen Ideenskizzen deren Realisierung oftmals nicht wirtschaftlich m\u00f6glich ist. Durch die Integration von robusten Pflanzensystemen werden die o.a. Ziele der Schaffung attraktiver urbaner R\u00e4ume zus\u00e4tzlich erreicht.<\/p>\n\n\n\n<p>Die Kommunen haben hier Handlungsbedarf. In Normen sollten z.B. die Anforderungen an die Anlagen und die Module festgelegt werden (Statik der Bauwerke, mechanische Belastung der Module, elektrische Sicherheit der Anlagen, Vermeidung von Blendung u.a.). Durch die Verwendung industriell vorgefertigter Teile k\u00f6nnen Planungsaufwand und Kosten reduziert werden. Eine breite Akzeptanz kann durch die Integration von Musteranlagen in stark frequentierte Veranstaltungen wie z.B. Gartenschauen erreicht werden.<\/p>\n\n\n\n<h4 class=\"wp-block-heading\">Urban PV macht St\u00e4dte klimaresistenter<\/h4>\n\n\n\n<p>Nachfolgend versuche ich mit bildgest\u00fctzten Fallstudien die M\u00f6glichkeiten integrierte PV Konzepte exemplarisch darzustellen. Sie zeigen den Doppelnutzen (z.B. bei der \u00dcberdachung einer Haltestelle mit PV Modulen) und zus\u00e4tzlich die sich ergebende \u00e4sthetische Aufwertung von Bereichen durch die Verwendung moderner semi-transparenter Module.<\/p>\n\n\n\n<h5 class=\"wp-block-heading\">1.&nbsp;&nbsp;&nbsp;&nbsp;&nbsp; Integration von PV in einen B\u00fcrokomplex<\/h5>\n\n\n\n<p>In den nachfolgenden Abbildungen haben wir Ver\u00e4nderungen in einem typischen modernen B\u00fcrokomplex dargestellt. Die nebenstehende Abbildung zeigt diesen mit mehreren verbundenen Geb\u00e4uden.<\/p>\n\n\n<div class=\"wp-block-image\">\n<figure class=\"alignleft size-full is-resized\"><a href=\"https:\/\/www.sonnenseite.com\/wp-content\/uploads\/2023\/01\/2_4-Photo-01.jpg\"><img loading=\"lazy\" decoding=\"async\" src=\"https:\/\/www.sonnenseite.com\/wp-content\/uploads\/2023\/01\/2_4-Photo-01.jpg\" alt=\"\" class=\"wp-image-88204\" width=\"415\" height=\"226\" srcset=\"https:\/\/www.sonnenseite.com\/wp-content\/uploads\/2023\/01\/2_4-Photo-01.jpg 770w, https:\/\/www.sonnenseite.com\/wp-content\/uploads\/2023\/01\/2_4-Photo-01-300x164.jpg 300w, https:\/\/www.sonnenseite.com\/wp-content\/uploads\/2023\/01\/2_4-Photo-01-768x419.jpg 768w\" sizes=\"auto, (max-width: 415px) 100vw, 415px\" \/><\/a><figcaption class=\"wp-element-caption\">\u00a9 Dr. E. Merkle \/ de.gridparityag.com\/urbanpv<\/figcaption><\/figure>\n<\/div>\n\n\n<p>Will man die Lebensqualit\u00e4t urbaner R\u00e4ume erh\u00f6hen, z.B. durch die Reduzierung des Feinstaubs und die Vermeidung von Hitzeinsel bietet sich die Gestaltung der Au\u00dfenbereiche durch PV und intensive Bepflanzung an. &nbsp;Dadurch wird den Herausforderungen des sich wandelnden Klimas Rechnung getragen.<\/p>\n\n\n\n<p><\/p>\n\n\n<div class=\"wp-block-image\">\n<figure class=\"alignright size-full is-resized\"><a href=\"https:\/\/www.sonnenseite.com\/wp-content\/uploads\/2023\/01\/2_5-Photo-2.jpg\"><img loading=\"lazy\" decoding=\"async\" src=\"https:\/\/www.sonnenseite.com\/wp-content\/uploads\/2023\/01\/2_5-Photo-2.jpg\" alt=\"\" class=\"wp-image-88206\" width=\"420\" height=\"229\" srcset=\"https:\/\/www.sonnenseite.com\/wp-content\/uploads\/2023\/01\/2_5-Photo-2.jpg 770w, https:\/\/www.sonnenseite.com\/wp-content\/uploads\/2023\/01\/2_5-Photo-2-300x164.jpg 300w, https:\/\/www.sonnenseite.com\/wp-content\/uploads\/2023\/01\/2_5-Photo-2-768x419.jpg 768w\" sizes=\"auto, (max-width: 420px) 100vw, 420px\" \/><\/a><figcaption class=\"wp-element-caption\">\u00a9 Dr. E. Merkle \/ de.gridparityag.com\/urbanpv<\/figcaption><\/figure>\n<\/div>\n\n\n<p>Durch die Integration von PV Modulen auf \u00dcberg\u00e4ngen und die Integration von Pflanzen entstehen Bereiche, in denen man sich selbst an hei\u00dfen Sommertagen aufhalten und verweilen m\u00f6chte.<\/p>\n\n\n\n<p>Betrachtet man neben dem offensichtlichen Mehrwert an Lebensqualit\u00e4t auch den energetischen Aspekt so ist die Bilanz ebenfalls \u00fcberzeugend.<\/p>\n\n\n\n<p>In den meisten Beispielen finanziert sich der Mehraufwand durch die Verwendung des erzeugten Stroms in kurzer Zeit von selbst. Dies schlie\u00dft auch die Kosten f\u00fcr die Bepflanzung mit ein, deren Bew\u00e4sserung durch das von der Solaranlage gesammelte Regenwasser erfolgt.<\/p>\n\n\n\n<h4 class=\"wp-block-heading\">M\u00e4rkte und Pl\u00e4tze<\/h4>\n\n\n\n<h5 class=\"wp-block-heading\">Zentraler Platz als Erholungszentrum<\/h5>\n\n\n<div class=\"wp-block-image\">\n<figure class=\"aligncenter size-full is-resized\"><a href=\"https:\/\/www.sonnenseite.com\/wp-content\/uploads\/2023\/01\/urban-scape_5-Photo01.jpg\"><img loading=\"lazy\" decoding=\"async\" src=\"https:\/\/www.sonnenseite.com\/wp-content\/uploads\/2023\/01\/urban-scape_5-Photo01.jpg\" alt=\"\" class=\"wp-image-88208\" width=\"578\" height=\"315\" srcset=\"https:\/\/www.sonnenseite.com\/wp-content\/uploads\/2023\/01\/urban-scape_5-Photo01.jpg 770w, https:\/\/www.sonnenseite.com\/wp-content\/uploads\/2023\/01\/urban-scape_5-Photo01-300x164.jpg 300w, https:\/\/www.sonnenseite.com\/wp-content\/uploads\/2023\/01\/urban-scape_5-Photo01-768x419.jpg 768w\" sizes=\"auto, (max-width: 578px) 100vw, 578px\" \/><\/a><figcaption class=\"wp-element-caption\">\u00a9 Dr. E. Merkle \/ de.gridparityag.com\/urbanpv<\/figcaption><\/figure>\n<\/div>\n\n\n<p>Die Abbildung zeigt einen typischen zentralen Platz mit verkehrsreichen Stra\u00dfen an allen Seiten.<\/p>\n\n\n\n<p>Auch hier kommt es darauf an, durch Schattenbereiche und Bepflanzung die Temperatur im Sommer zu senken und w\u00e4hrend des Jahres Schutzzonen zu schaffen. Die Agora Installation in der Mitte ist ein \u00e4sthetisches Highlight. Gestaltungsalternativen k\u00f6nnten den Platz auch mit einer B\u00fchne f\u00fcr Konzerte und andere Veranstaltungen erweitern.<\/p>\n\n\n<div class=\"wp-block-image\">\n<figure class=\"alignright size-full is-resized\"><a href=\"https:\/\/www.sonnenseite.com\/wp-content\/uploads\/2023\/01\/3_3-Photo-2.jpg\"><img loading=\"lazy\" decoding=\"async\" src=\"https:\/\/www.sonnenseite.com\/wp-content\/uploads\/2023\/01\/3_3-Photo-2.jpg\" alt=\"\" class=\"wp-image-88210\" width=\"360\" height=\"196\" srcset=\"https:\/\/www.sonnenseite.com\/wp-content\/uploads\/2023\/01\/3_3-Photo-2.jpg 770w, https:\/\/www.sonnenseite.com\/wp-content\/uploads\/2023\/01\/3_3-Photo-2-300x164.jpg 300w, https:\/\/www.sonnenseite.com\/wp-content\/uploads\/2023\/01\/3_3-Photo-2-768x419.jpg 768w\" sizes=\"auto, (max-width: 360px) 100vw, 360px\" \/><\/a><figcaption class=\"wp-element-caption\">\u00a9 Dr. E. Merkle \/ de.gridparityag.com\/urbanpv<\/figcaption><\/figure>\n<\/div>\n\n\n<h5 class=\"wp-block-heading\">Gem\u00fcsemarkt mit PV \u00dcberdachung mit Stromerzeugung f\u00fcr K\u00fchlhaus<\/h5>\n\n\n\n<p>Obst- und Gem\u00fcsem\u00e4rkte sind in vielen F\u00e4llen zentrale Einrichtungen. Unser Beispiel zeigt die M\u00f6glichkeit, durch PV Einrichtungen Strom zu gewinnen der direkt f\u00fcr Beleuchtung und K\u00fchlung aber auch f\u00fcr ein zentrales K\u00fchlhaus verwendet oder eingespeist werden kann.<\/p>\n\n\n\n<h5 class=\"wp-block-heading\">Begr\u00fcnung mit PV<\/h5>\n\n\n<div class=\"wp-block-image\">\n<figure class=\"alignleft size-full is-resized\"><a href=\"https:\/\/www.sonnenseite.com\/wp-content\/uploads\/2023\/01\/roof-garden-panel-design-01.jpg\"><img loading=\"lazy\" decoding=\"async\" src=\"https:\/\/www.sonnenseite.com\/wp-content\/uploads\/2023\/01\/roof-garden-panel-design-01.jpg\" alt=\"\" class=\"wp-image-88212\" width=\"398\" height=\"217\" srcset=\"https:\/\/www.sonnenseite.com\/wp-content\/uploads\/2023\/01\/roof-garden-panel-design-01.jpg 770w, https:\/\/www.sonnenseite.com\/wp-content\/uploads\/2023\/01\/roof-garden-panel-design-01-300x164.jpg 300w, https:\/\/www.sonnenseite.com\/wp-content\/uploads\/2023\/01\/roof-garden-panel-design-01-768x419.jpg 768w\" sizes=\"auto, (max-width: 398px) 100vw, 398px\" \/><\/a><\/figure>\n<\/div>\n\n\n<p>Die Verbindung von PV mit gr\u00fcnen Elementen wertet die Dachfl\u00e4chen von Wohnanlage deutlich auf.<\/p>\n\n\n\n<p>Das Beispiel unten produziert genug Strom, um alle 18 Wohnungen des Blocks zu versorgen.<\/p>\n\n\n\n<p>PV und Pflanzensysteme erm\u00f6glichen die Schaffung eines gr\u00fcnen Lebensraums auf den 500 m\u00b2 Grundfl\u00e4che einer sonst ungenutzten Dachanlage.<\/p>\n\n\n\n<h4 class=\"wp-block-heading\">Gr\u00fcne Mobilit\u00e4t<\/h4>\n\n\n\n<h5 class=\"wp-block-heading\">Wartebereiche Haltestellen oder (Bus)Bahnh\u00f6fe<\/h5>\n\n\n<div class=\"wp-block-image\">\n<figure class=\"alignleft size-full is-resized\"><a href=\"https:\/\/www.sonnenseite.com\/wp-content\/uploads\/2023\/01\/bus-stop-2.jpg\"><img loading=\"lazy\" decoding=\"async\" src=\"https:\/\/www.sonnenseite.com\/wp-content\/uploads\/2023\/01\/bus-stop-2.jpg\" alt=\"\" class=\"wp-image-88214\" width=\"385\" height=\"210\" srcset=\"https:\/\/www.sonnenseite.com\/wp-content\/uploads\/2023\/01\/bus-stop-2.jpg 770w, https:\/\/www.sonnenseite.com\/wp-content\/uploads\/2023\/01\/bus-stop-2-300x164.jpg 300w, https:\/\/www.sonnenseite.com\/wp-content\/uploads\/2023\/01\/bus-stop-2-768x419.jpg 768w\" sizes=\"auto, (max-width: 385px) 100vw, 385px\" \/><\/a><figcaption class=\"wp-element-caption\">\u00a9 Dr. E. Merkle \/ de.gridparityag.com\/urbanpv<\/figcaption><\/figure>\n<\/div>\n\n\n<p>Haltestellen sind wie kleine Inseln in den St\u00e4dten denen mehr Funktionen zugewiesen werden k\u00f6nnen. Besteht der Zugang zu Elektrizit\u00e4t durch auf dem Dach montierte Solarmodule so kann der Strom f\u00fcr die Beleuchtung und f\u00fcr Informationstafeln gewonnen werden. Durch Bewegungsmelder wird das Licht intensiviert sobald sich Personen im Wartebereich befinden. Der Strom kann auch f\u00fcr die Wegebeleuchtung verwendet werden. Bei einem Inselbetrieb mit Batterien besteht Sicherheit auch im Falle eines Blackout.<\/p>\n\n\n\n<h4 class=\"wp-block-heading\">Parkplatzanlagen<\/h4>\n\n\n<div class=\"wp-block-image\">\n<figure class=\"alignright size-full is-resized\"><a href=\"https:\/\/www.sonnenseite.com\/wp-content\/uploads\/2023\/01\/1_8-Photo-2.jpg\"><img loading=\"lazy\" decoding=\"async\" src=\"https:\/\/www.sonnenseite.com\/wp-content\/uploads\/2023\/01\/1_8-Photo-2.jpg\" alt=\"\" class=\"wp-image-88216\" width=\"390\" height=\"213\" srcset=\"https:\/\/www.sonnenseite.com\/wp-content\/uploads\/2023\/01\/1_8-Photo-2.jpg 770w, https:\/\/www.sonnenseite.com\/wp-content\/uploads\/2023\/01\/1_8-Photo-2-300x164.jpg 300w, https:\/\/www.sonnenseite.com\/wp-content\/uploads\/2023\/01\/1_8-Photo-2-768x419.jpg 768w\" sizes=\"auto, (max-width: 390px) 100vw, 390px\" \/><\/a><figcaption class=\"wp-element-caption\">\u00a9 Dr. E. Merkle \/ de.gridparityag.com\/urbanpv<\/figcaption><\/figure>\n<\/div>\n\n\n<p>Die PV \u00dcberdachung von gr\u00f6\u00dferen Parkpl\u00e4tzen ist durch Bauordnungen in fast allen Bundesl\u00e4ndern inzwischen Pflicht. Diese Pflicht kann kreativ erf\u00fcllt werden, inwiefern der durch die E-Mobilit\u00e4t ver\u00e4nderten Funktion Rechnung getragen wird. So kann in einen Pendlerparkplatz z.B. ein Relaxbereich mit einem Kiosk und einer Verweilzone integriert werden (2. Reihe links im Bild). Auf Anzeigetafeln erfahren Zugreisende eventuelle Versp\u00e4tungen und Zeitung lesen sowie einen Kaffee genie\u00dfen, um die Wartezeit zu \u00fcberbr\u00fccken. Auch das Warten auf freie Ladepl\u00e4tze wird dann weniger belastend.<\/p>\n\n\n\n<p><\/p>\n\n\n\n<h4 class=\"wp-block-heading\">Erlebnis-Gartencenter<\/h4>\n\n\n\n<p>Gartencenter haben schon heute vielfach Erlebnisbereiche mit Gastronomie. Im Beispiel unten wurde ein solches Center dem Klimawandel durch PV Installationen angepasst und zu einem Plusenergiecenter entwickelt. Die D\u00e4cher produzieren \u00fcber 850.000 kWh Strom im Jahr.<\/p>\n\n\n\n<h4 class=\"wp-block-heading\">Ausblick<\/h4>\n\n\n\n<p>UrbanPV ist ein neuer Anwendungsbereich der Photovoltaik f\u00fcr den es bisher fast keine Beispiele gibt. Die vorgestellten Beispiele sollen Denkanst\u00f6\u00dfe f\u00fcr Kommunen, Architekten und Investoren sein.<\/p>\n\n\n\n<p>Stromerzeugung durch PV in der N\u00e4he des Verbrauchs ist die g\u00fcnstigste Art der Energiegewinnung. Die PV Pflicht zwingt Bauherren schon heute, dies zu ber\u00fccksichtigen. Wenn in die \u00dcberlegungen auch der Schutz vor den Klimaver\u00e4nderungen mit einbezogen wird, dann erh\u00e4lt UrbanPV die Bedeutung die ihr zusteht.<\/p>\n\n\n\n<ul class=\"wp-block-list\">\n<li>Weitere Informationen zum Thema AgriPV finden Sie in&nbsp; der gr\u00f6\u00dferen Studie unter (<a href=\"http:\/\/www.gridparity.ag\/urbanPV\">www.gridparity.ag\/urbanPV<\/a>).<\/li>\n\n\n\n<li><a href=\"https:\/\/www.sonnenseite.com\/wp-content\/uploads\/2023\/01\/redaktioneller-Beitrag_UrbanPV-u-Klimawandel_Merkle_GridParity-ENGLISH.pdf\">UrbanPV: PV integration in urban and landscape architecture | Food for thought by Dr. E. Merkle, CEO of GridParity AG, January 2023 (englisch &#8211; pdf) <\/a><\/li>\n<\/ul>\n\n\n<h5 class=\"green\">Quelle<\/h5>\r\n\n\n\n<p><a href=\"https:\/\/de.gridparityag.com\/urbanpv\">Dr. Erich Merkle, GridParity AG<\/a><\/p>\n<div class=\"shariff shariff-align-flex-start shariff-widget-align-flex-start\"><div class=\"ShariffHeadline\">Diese Meldung teilen<\/div><ul class=\"shariff-buttons theme-round orientation-horizontal buttonsize-medium\"><li class=\"shariff-button facebook shariff-nocustomcolor\" style=\"background-color:#4273c8;border-radius:1%\"><a href=\"https:\/\/www.facebook.com\/sharer\/sharer.php?u=https%3A%2F%2Fwww.sonnenseite.com%2Fde%2Fenergie%2Furbanpv-und-klimawandel-pv-integration-in-die-stadt-und-landschaftsarchitektur%2F\" title=\"Bei Facebook teilen\" aria-label=\"Bei Facebook teilen\" role=\"button\" rel=\"nofollow\" class=\"shariff-link\" style=\";border-radius:1%; background-color:#3b5998; color:#fff\" target=\"_blank\"><span class=\"shariff-icon\" style=\"\"><svg width=\"32px\" height=\"20px\" xmlns=\"http:\/\/www.w3.org\/2000\/svg\" viewBox=\"0 0 18 32\"><path fill=\"#3b5998\" d=\"M17.1 0.2v4.7h-2.8q-1.5 0-2.1 0.6t-0.5 1.9v3.4h5.2l-0.7 5.3h-4.5v13.6h-5.5v-13.6h-4.5v-5.3h4.5v-3.9q0-3.3 1.9-5.2t5-1.8q2.6 0 4.1 0.2z\"\/><\/svg><\/span><\/a><\/li><li class=\"shariff-button twitter shariff-nocustomcolor\" style=\"background-color:#595959;border-radius:1%\"><a href=\"https:\/\/twitter.com\/share?url=https%3A%2F%2Fwww.sonnenseite.com%2Fde%2Fenergie%2Furbanpv-und-klimawandel-pv-integration-in-die-stadt-und-landschaftsarchitektur%2F&text=UrbanPV%20und%20Klimawandel%3A%20PV-Integration%20in%20die%20Stadt-%20und%20Landschaftsarchitektur\" title=\"Bei X teilen\" aria-label=\"Bei X teilen\" role=\"button\" rel=\"noopener nofollow\" class=\"shariff-link\" style=\";border-radius:1%; background-color:#000; color:#fff\" target=\"_blank\"><span class=\"shariff-icon\" style=\"\"><svg width=\"32px\" height=\"20px\" xmlns=\"http:\/\/www.w3.org\/2000\/svg\" viewBox=\"0 0 24 24\"><path fill=\"#000\" d=\"M14.258 10.152L23.176 0h-2.113l-7.747 8.813L7.133 0H0l9.352 13.328L0 23.973h2.113l8.176-9.309 6.531 9.309h7.133zm-2.895 3.293l-.949-1.328L2.875 1.56h3.246l6.086 8.523.945 1.328 7.91 11.078h-3.246zm0 0\"\/><\/svg><\/span><\/a><\/li><li class=\"shariff-button xing shariff-nocustomcolor\" style=\"background-color:#29888a;border-radius:1%\"><a href=\"https:\/\/www.xing.com\/spi\/shares\/new?url=https%3A%2F%2Fwww.sonnenseite.com%2Fde%2Fenergie%2Furbanpv-und-klimawandel-pv-integration-in-die-stadt-und-landschaftsarchitektur%2F\" title=\"Bei XING teilen\" aria-label=\"Bei XING teilen\" role=\"button\" rel=\"noopener nofollow\" class=\"shariff-link\" style=\";border-radius:1%; background-color:#126567; color:#fff\" target=\"_blank\"><span class=\"shariff-icon\" style=\"\"><svg width=\"32px\" height=\"20px\" xmlns=\"http:\/\/www.w3.org\/2000\/svg\" viewBox=\"0 0 25 32\"><path fill=\"#126567\" d=\"M10.7 11.9q-0.2 0.3-4.6 8.2-0.5 0.8-1.2 0.8h-4.3q-0.4 0-0.5-0.3t0-0.6l4.5-8q0 0 0 0l-2.9-5q-0.2-0.4 0-0.7 0.2-0.3 0.5-0.3h4.3q0.7 0 1.2 0.8zM25.1 0.4q0.2 0.3 0 0.7l-9.4 16.7 6 11q0.2 0.4 0 0.6-0.2 0.3-0.6 0.3h-4.3q-0.7 0-1.2-0.8l-6-11.1q0.3-0.6 9.5-16.8 0.4-0.8 1.2-0.8h4.3q0.4 0 0.5 0.3z\"\/><\/svg><\/span><\/a><\/li><li class=\"shariff-button linkedin shariff-nocustomcolor\" style=\"background-color:#1488bf;border-radius:1%\"><a href=\"https:\/\/www.linkedin.com\/sharing\/share-offsite\/?url=https%3A%2F%2Fwww.sonnenseite.com%2Fde%2Fenergie%2Furbanpv-und-klimawandel-pv-integration-in-die-stadt-und-landschaftsarchitektur%2F\" title=\"Bei LinkedIn teilen\" aria-label=\"Bei LinkedIn teilen\" role=\"button\" rel=\"noopener nofollow\" class=\"shariff-link\" style=\";border-radius:1%; background-color:#0077b5; color:#fff\" target=\"_blank\"><span class=\"shariff-icon\" style=\"\"><svg width=\"32px\" height=\"20px\" xmlns=\"http:\/\/www.w3.org\/2000\/svg\" viewBox=\"0 0 27 32\"><path fill=\"#0077b5\" d=\"M6.2 11.2v17.7h-5.9v-17.7h5.9zM6.6 5.7q0 1.3-0.9 2.2t-2.4 0.9h0q-1.5 0-2.4-0.9t-0.9-2.2 0.9-2.2 2.4-0.9 2.4 0.9 0.9 2.2zM27.4 18.7v10.1h-5.9v-9.5q0-1.9-0.7-2.9t-2.3-1.1q-1.1 0-1.9 0.6t-1.2 1.5q-0.2 0.5-0.2 1.4v9.9h-5.9q0-7.1 0-11.6t0-5.3l0-0.9h5.9v2.6h0q0.4-0.6 0.7-1t1-0.9 1.6-0.8 2-0.3q3 0 4.9 2t1.9 6z\"\/><\/svg><\/span><\/a><\/li><li class=\"shariff-button printer shariff-nocustomcolor\" style=\"background-color:#a8a8a8;border-radius:1%\"><a href=\"javascript:window.print()\" title=\"drucken\" aria-label=\"drucken\" role=\"button\" rel=\"noopener nofollow\" class=\"shariff-link\" style=\";border-radius:1%; background-color:#999; color:#fff\"><span class=\"shariff-icon\" style=\"\"><svg width=\"32px\" height=\"20px\" xmlns=\"http:\/\/www.w3.org\/2000\/svg\" viewBox=\"0 0 30 32\"><path fill=\"#999\" d=\"M6.8 27.4h16v-4.6h-16v4.6zM6.8 16h16v-6.8h-2.8q-0.7 0-1.2-0.5t-0.5-1.2v-2.8h-11.4v11.4zM27.4 17.2q0-0.5-0.3-0.8t-0.8-0.4-0.8 0.4-0.3 0.8 0.3 0.8 0.8 0.3 0.8-0.3 0.3-0.8zM29.7 17.2v7.4q0 0.2-0.2 0.4t-0.4 0.2h-4v2.8q0 0.7-0.5 1.2t-1.2 0.5h-17.2q-0.7 0-1.2-0.5t-0.5-1.2v-2.8h-4q-0.2 0-0.4-0.2t-0.2-0.4v-7.4q0-1.4 1-2.4t2.4-1h1.2v-9.7q0-0.7 0.5-1.2t1.2-0.5h12q0.7 0 1.6 0.4t1.3 0.8l2.7 2.7q0.5 0.5 0.9 1.4t0.4 1.6v4.6h1.1q1.4 0 2.4 1t1 2.4z\"\/><\/svg><\/span><\/a><\/li><li class=\"shariff-button mailto shariff-nocustomcolor\" style=\"background-color:#a8a8a8;border-radius:1%\"><a href=\"mailto:?body=https%3A%2F%2Fwww.sonnenseite.com%2Fde%2Fenergie%2Furbanpv-und-klimawandel-pv-integration-in-die-stadt-und-landschaftsarchitektur%2F&subject=UrbanPV%20und%20Klimawandel%3A%20PV-Integration%20in%20die%20Stadt-%20und%20Landschaftsarchitektur\" title=\"Per E-Mail versenden\" aria-label=\"Per E-Mail versenden\" role=\"button\" rel=\"noopener nofollow\" class=\"shariff-link\" style=\";border-radius:1%; background-color:#999; color:#fff\"><span class=\"shariff-icon\" style=\"\"><svg width=\"32px\" height=\"20px\" xmlns=\"http:\/\/www.w3.org\/2000\/svg\" viewBox=\"0 0 32 32\"><path fill=\"#999\" d=\"M32 12.7v14.2q0 1.2-0.8 2t-2 0.9h-26.3q-1.2 0-2-0.9t-0.8-2v-14.2q0.8 0.9 1.8 1.6 6.5 4.4 8.9 6.1 1 0.8 1.6 1.2t1.7 0.9 2 0.4h0.1q0.9 0 2-0.4t1.7-0.9 1.6-1.2q3-2.2 8.9-6.1 1-0.7 1.8-1.6zM32 7.4q0 1.4-0.9 2.7t-2.2 2.2q-6.7 4.7-8.4 5.8-0.2 0.1-0.7 0.5t-1 0.7-0.9 0.6-1.1 0.5-0.9 0.2h-0.1q-0.4 0-0.9-0.2t-1.1-0.5-0.9-0.6-1-0.7-0.7-0.5q-1.6-1.1-4.7-3.2t-3.6-2.6q-1.1-0.7-2.1-2t-1-2.5q0-1.4 0.7-2.3t2.1-0.9h26.3q1.2 0 2 0.8t0.9 2z\"\/><\/svg><\/span><\/a><\/li><\/ul><\/div>","protected":false},"excerpt":{"rendered":"<p>Denkanst\u00f6\u00dfe von Dr. E. Merkle UrbanPV \u2013 das Konzept UrbanPV ist ein Konzept, das zun\u00e4chst aus [&hellip;]<\/p>\n","protected":false},"author":3,"featured_media":88223,"comment_status":"closed","ping_status":"closed","sticky":false,"template":"","format":"standard","meta":{"inline_featured_image":false,"footnotes":""},"categories":[22],"tags":[],"class_list":["post-88199","post","type-post","status-publish","format-standard","has-post-thumbnail","hentry","category-energie"],"yoast_head":"<!-- This site is optimized with the Yoast SEO plugin v26.5 - https:\/\/yoast.com\/wordpress\/plugins\/seo\/ -->\n<title>UrbanPV und Klimawandel: PV-Integration in die Stadt- und Landschaftsarchitektur - Sonnenseite - \u00d6kologische Kommunikation mit Franz Alt<\/title>\n<meta name=\"description\" content=\"Denkanst\u00f6\u00dfe von Dr. E. Merkle UrbanPV \u2013 das Konzept UrbanPV ist ein Konzept, das zun\u00e4chst aus dem Bed\u00fcrfnis entstanden ist, regenerativen Strom in\" \/>\n<meta name=\"robots\" content=\"index, follow, max-snippet:-1, max-image-preview:large, max-video-preview:-1\" \/>\n<link rel=\"canonical\" href=\"https:\/\/www.sonnenseite.com\/de\/energie\/urbanpv-und-klimawandel-pv-integration-in-die-stadt-und-landschaftsarchitektur\/\" \/>\n<meta property=\"og:locale\" content=\"de_DE\" \/>\n<meta property=\"og:type\" content=\"article\" \/>\n<meta property=\"og:title\" content=\"UrbanPV und Klimawandel: PV-Integration in die Stadt- und Landschaftsarchitektur - Sonnenseite - \u00d6kologische Kommunikation mit Franz Alt\" \/>\n<meta property=\"og:description\" content=\"Denkanst\u00f6\u00dfe von Dr. E. Merkle UrbanPV \u2013 das Konzept UrbanPV ist ein Konzept, das zun\u00e4chst aus dem Bed\u00fcrfnis entstanden ist, regenerativen Strom in\" \/>\n<meta property=\"og:url\" content=\"https:\/\/www.sonnenseite.com\/de\/energie\/urbanpv-und-klimawandel-pv-integration-in-die-stadt-und-landschaftsarchitektur\/\" \/>\n<meta property=\"og:site_name\" content=\"Sonnenseite\" \/>\n<meta property=\"article:publisher\" content=\"https:\/\/www.facebook.com\/pages\/Franz-Alt-SONNENSEITECOM\/221072987903953?fref=ts\" \/>\n<meta property=\"article:published_time\" content=\"2023-01-14T08:05:48+00:00\" \/>\n<meta property=\"article:modified_time\" content=\"2023-01-14T13:34:35+00:00\" \/>\n<meta property=\"og:image\" content=\"https:\/\/www.sonnenseite.com\/wp-content\/uploads\/2023\/01\/urban-scape_1-Photo01.jpg\" \/>\n\t<meta property=\"og:image:width\" content=\"770\" \/>\n\t<meta property=\"og:image:height\" content=\"420\" \/>\n\t<meta property=\"og:image:type\" content=\"image\/jpeg\" \/>\n<meta name=\"author\" content=\"Bigi Alt\" \/>\n<meta name=\"twitter:card\" content=\"summary_large_image\" \/>\n<meta name=\"twitter:creator\" content=\"@franzalt\" \/>\n<meta name=\"twitter:site\" content=\"@franzalt\" \/>\n<meta name=\"twitter:label1\" content=\"Verfasst von\" \/>\n\t<meta name=\"twitter:data1\" content=\"Bigi Alt\" \/>\n\t<meta name=\"twitter:label2\" content=\"Gesch\u00e4tzte Lesezeit\" \/>\n\t<meta name=\"twitter:data2\" content=\"8\u00a0Minuten\" \/>\n<script type=\"application\/ld+json\" class=\"yoast-schema-graph\">{\"@context\":\"https:\/\/schema.org\",\"@graph\":[{\"@type\":\"Article\",\"@id\":\"https:\/\/www.sonnenseite.com\/de\/energie\/urbanpv-und-klimawandel-pv-integration-in-die-stadt-und-landschaftsarchitektur\/#article\",\"isPartOf\":{\"@id\":\"https:\/\/www.sonnenseite.com\/de\/energie\/urbanpv-und-klimawandel-pv-integration-in-die-stadt-und-landschaftsarchitektur\/\"},\"author\":{\"name\":\"Bigi Alt\",\"@id\":\"https:\/\/www.sonnenseite.com\/de\/#\/schema\/person\/50fda0e926597684c7cc6695238a4eb9\"},\"headline\":\"UrbanPV und Klimawandel: PV-Integration in die Stadt- und Landschaftsarchitektur\",\"datePublished\":\"2023-01-14T08:05:48+00:00\",\"dateModified\":\"2023-01-14T13:34:35+00:00\",\"mainEntityOfPage\":{\"@id\":\"https:\/\/www.sonnenseite.com\/de\/energie\/urbanpv-und-klimawandel-pv-integration-in-die-stadt-und-landschaftsarchitektur\/\"},\"wordCount\":1223,\"publisher\":{\"@id\":\"https:\/\/www.sonnenseite.com\/de\/#organization\"},\"image\":{\"@id\":\"https:\/\/www.sonnenseite.com\/de\/energie\/urbanpv-und-klimawandel-pv-integration-in-die-stadt-und-landschaftsarchitektur\/#primaryimage\"},\"thumbnailUrl\":\"https:\/\/www.sonnenseite.com\/wp-content\/uploads\/2023\/01\/urban-scape_1-Photo01.jpg\",\"articleSection\":[\"Energie\"],\"inLanguage\":\"de\"},{\"@type\":\"WebPage\",\"@id\":\"https:\/\/www.sonnenseite.com\/de\/energie\/urbanpv-und-klimawandel-pv-integration-in-die-stadt-und-landschaftsarchitektur\/\",\"url\":\"https:\/\/www.sonnenseite.com\/de\/energie\/urbanpv-und-klimawandel-pv-integration-in-die-stadt-und-landschaftsarchitektur\/\",\"name\":\"UrbanPV und Klimawandel: PV-Integration in die Stadt- und Landschaftsarchitektur - Sonnenseite - \u00d6kologische Kommunikation mit Franz Alt\",\"isPartOf\":{\"@id\":\"https:\/\/www.sonnenseite.com\/de\/#website\"},\"primaryImageOfPage\":{\"@id\":\"https:\/\/www.sonnenseite.com\/de\/energie\/urbanpv-und-klimawandel-pv-integration-in-die-stadt-und-landschaftsarchitektur\/#primaryimage\"},\"image\":{\"@id\":\"https:\/\/www.sonnenseite.com\/de\/energie\/urbanpv-und-klimawandel-pv-integration-in-die-stadt-und-landschaftsarchitektur\/#primaryimage\"},\"thumbnailUrl\":\"https:\/\/www.sonnenseite.com\/wp-content\/uploads\/2023\/01\/urban-scape_1-Photo01.jpg\",\"datePublished\":\"2023-01-14T08:05:48+00:00\",\"dateModified\":\"2023-01-14T13:34:35+00:00\",\"description\":\"Denkanst\u00f6\u00dfe von Dr. E. Merkle UrbanPV \u2013 das Konzept UrbanPV ist ein Konzept, das zun\u00e4chst aus dem Bed\u00fcrfnis entstanden ist, regenerativen Strom in\",\"breadcrumb\":{\"@id\":\"https:\/\/www.sonnenseite.com\/de\/energie\/urbanpv-und-klimawandel-pv-integration-in-die-stadt-und-landschaftsarchitektur\/#breadcrumb\"},\"inLanguage\":\"de\",\"potentialAction\":[{\"@type\":\"ReadAction\",\"target\":[\"https:\/\/www.sonnenseite.com\/de\/energie\/urbanpv-und-klimawandel-pv-integration-in-die-stadt-und-landschaftsarchitektur\/\"]}]},{\"@type\":\"ImageObject\",\"inLanguage\":\"de\",\"@id\":\"https:\/\/www.sonnenseite.com\/de\/energie\/urbanpv-und-klimawandel-pv-integration-in-die-stadt-und-landschaftsarchitektur\/#primaryimage\",\"url\":\"https:\/\/www.sonnenseite.com\/wp-content\/uploads\/2023\/01\/urban-scape_1-Photo01.jpg\",\"contentUrl\":\"https:\/\/www.sonnenseite.com\/wp-content\/uploads\/2023\/01\/urban-scape_1-Photo01.jpg\",\"width\":770,\"height\":420,\"caption\":\"Dr. E. Merkle \/ de.gridparityag.com\/urbanpv\"},{\"@type\":\"BreadcrumbList\",\"@id\":\"https:\/\/www.sonnenseite.com\/de\/energie\/urbanpv-und-klimawandel-pv-integration-in-die-stadt-und-landschaftsarchitektur\/#breadcrumb\",\"itemListElement\":[{\"@type\":\"ListItem\",\"position\":1,\"name\":\"Startseite\",\"item\":\"https:\/\/www.sonnenseite.com\/de\/\"},{\"@type\":\"ListItem\",\"position\":2,\"name\":\"UrbanPV und Klimawandel: PV-Integration in die Stadt- und Landschaftsarchitektur\"}]},{\"@type\":\"WebSite\",\"@id\":\"https:\/\/www.sonnenseite.com\/de\/#website\",\"url\":\"https:\/\/www.sonnenseite.com\/de\/\",\"name\":\"Sonnenseite\",\"description\":\"\u00d6kologische Kommunikation mit Franz Alt\",\"publisher\":{\"@id\":\"https:\/\/www.sonnenseite.com\/de\/#organization\"},\"potentialAction\":[{\"@type\":\"SearchAction\",\"target\":{\"@type\":\"EntryPoint\",\"urlTemplate\":\"https:\/\/www.sonnenseite.com\/de\/?s={search_term_string}\"},\"query-input\":{\"@type\":\"PropertyValueSpecification\",\"valueRequired\":true,\"valueName\":\"search_term_string\"}}],\"inLanguage\":\"de\"},{\"@type\":\"Organization\",\"@id\":\"https:\/\/www.sonnenseite.com\/de\/#organization\",\"name\":\"Sonnenseite\",\"url\":\"https:\/\/www.sonnenseite.com\/de\/\",\"logo\":{\"@type\":\"ImageObject\",\"inLanguage\":\"de\",\"@id\":\"https:\/\/www.sonnenseite.com\/de\/#\/schema\/logo\/image\/\",\"url\":\"https:\/\/www.sonnenseite.com\/wp-content\/uploads\/2020\/05\/Sonnenseite_Logo.png\",\"contentUrl\":\"https:\/\/www.sonnenseite.com\/wp-content\/uploads\/2020\/05\/Sonnenseite_Logo.png\",\"width\":377,\"height\":90,\"caption\":\"Sonnenseite\"},\"image\":{\"@id\":\"https:\/\/www.sonnenseite.com\/de\/#\/schema\/logo\/image\/\"},\"sameAs\":[\"https:\/\/www.facebook.com\/pages\/Franz-Alt-SONNENSEITECOM\/221072987903953?fref=ts\",\"https:\/\/x.com\/franzalt\",\"http:\/\/www.youtube.com\/results?search_query&amp;amp;quot;franz_alt&amp;amp;quot;&amp;amp;amp;amp;search_type&amp;amp;amp;amp;aq=f\"]},{\"@type\":\"Person\",\"@id\":\"https:\/\/www.sonnenseite.com\/de\/#\/schema\/person\/50fda0e926597684c7cc6695238a4eb9\",\"name\":\"Bigi Alt\"}]}<\/script>\n<!-- \/ Yoast SEO plugin. -->","yoast_head_json":{"title":"UrbanPV und Klimawandel: PV-Integration in die Stadt- und Landschaftsarchitektur - Sonnenseite - \u00d6kologische Kommunikation mit Franz Alt","description":"Denkanst\u00f6\u00dfe von Dr. E. Merkle UrbanPV \u2013 das Konzept UrbanPV ist ein Konzept, das zun\u00e4chst aus dem Bed\u00fcrfnis entstanden ist, regenerativen Strom in","robots":{"index":"index","follow":"follow","max-snippet":"max-snippet:-1","max-image-preview":"max-image-preview:large","max-video-preview":"max-video-preview:-1"},"canonical":"https:\/\/www.sonnenseite.com\/de\/energie\/urbanpv-und-klimawandel-pv-integration-in-die-stadt-und-landschaftsarchitektur\/","og_locale":"de_DE","og_type":"article","og_title":"UrbanPV und Klimawandel: PV-Integration in die Stadt- und Landschaftsarchitektur - Sonnenseite - \u00d6kologische Kommunikation mit Franz Alt","og_description":"Denkanst\u00f6\u00dfe von Dr. E. Merkle UrbanPV \u2013 das Konzept UrbanPV ist ein Konzept, das zun\u00e4chst aus dem Bed\u00fcrfnis entstanden ist, regenerativen Strom in","og_url":"https:\/\/www.sonnenseite.com\/de\/energie\/urbanpv-und-klimawandel-pv-integration-in-die-stadt-und-landschaftsarchitektur\/","og_site_name":"Sonnenseite","article_publisher":"https:\/\/www.facebook.com\/pages\/Franz-Alt-SONNENSEITECOM\/221072987903953?fref=ts","article_published_time":"2023-01-14T08:05:48+00:00","article_modified_time":"2023-01-14T13:34:35+00:00","og_image":[{"width":770,"height":420,"url":"https:\/\/www.sonnenseite.com\/wp-content\/uploads\/2023\/01\/urban-scape_1-Photo01.jpg","type":"image\/jpeg"}],"author":"Bigi Alt","twitter_card":"summary_large_image","twitter_creator":"@franzalt","twitter_site":"@franzalt","twitter_misc":{"Verfasst von":"Bigi Alt","Gesch\u00e4tzte Lesezeit":"8\u00a0Minuten"},"schema":{"@context":"https:\/\/schema.org","@graph":[{"@type":"Article","@id":"https:\/\/www.sonnenseite.com\/de\/energie\/urbanpv-und-klimawandel-pv-integration-in-die-stadt-und-landschaftsarchitektur\/#article","isPartOf":{"@id":"https:\/\/www.sonnenseite.com\/de\/energie\/urbanpv-und-klimawandel-pv-integration-in-die-stadt-und-landschaftsarchitektur\/"},"author":{"name":"Bigi Alt","@id":"https:\/\/www.sonnenseite.com\/de\/#\/schema\/person\/50fda0e926597684c7cc6695238a4eb9"},"headline":"UrbanPV und Klimawandel: PV-Integration in die Stadt- und Landschaftsarchitektur","datePublished":"2023-01-14T08:05:48+00:00","dateModified":"2023-01-14T13:34:35+00:00","mainEntityOfPage":{"@id":"https:\/\/www.sonnenseite.com\/de\/energie\/urbanpv-und-klimawandel-pv-integration-in-die-stadt-und-landschaftsarchitektur\/"},"wordCount":1223,"publisher":{"@id":"https:\/\/www.sonnenseite.com\/de\/#organization"},"image":{"@id":"https:\/\/www.sonnenseite.com\/de\/energie\/urbanpv-und-klimawandel-pv-integration-in-die-stadt-und-landschaftsarchitektur\/#primaryimage"},"thumbnailUrl":"https:\/\/www.sonnenseite.com\/wp-content\/uploads\/2023\/01\/urban-scape_1-Photo01.jpg","articleSection":["Energie"],"inLanguage":"de"},{"@type":"WebPage","@id":"https:\/\/www.sonnenseite.com\/de\/energie\/urbanpv-und-klimawandel-pv-integration-in-die-stadt-und-landschaftsarchitektur\/","url":"https:\/\/www.sonnenseite.com\/de\/energie\/urbanpv-und-klimawandel-pv-integration-in-die-stadt-und-landschaftsarchitektur\/","name":"UrbanPV und Klimawandel: PV-Integration in die Stadt- und Landschaftsarchitektur - Sonnenseite - \u00d6kologische Kommunikation mit Franz Alt","isPartOf":{"@id":"https:\/\/www.sonnenseite.com\/de\/#website"},"primaryImageOfPage":{"@id":"https:\/\/www.sonnenseite.com\/de\/energie\/urbanpv-und-klimawandel-pv-integration-in-die-stadt-und-landschaftsarchitektur\/#primaryimage"},"image":{"@id":"https:\/\/www.sonnenseite.com\/de\/energie\/urbanpv-und-klimawandel-pv-integration-in-die-stadt-und-landschaftsarchitektur\/#primaryimage"},"thumbnailUrl":"https:\/\/www.sonnenseite.com\/wp-content\/uploads\/2023\/01\/urban-scape_1-Photo01.jpg","datePublished":"2023-01-14T08:05:48+00:00","dateModified":"2023-01-14T13:34:35+00:00","description":"Denkanst\u00f6\u00dfe von Dr. E. Merkle UrbanPV \u2013 das Konzept UrbanPV ist ein Konzept, das zun\u00e4chst aus dem Bed\u00fcrfnis entstanden ist, regenerativen Strom in","breadcrumb":{"@id":"https:\/\/www.sonnenseite.com\/de\/energie\/urbanpv-und-klimawandel-pv-integration-in-die-stadt-und-landschaftsarchitektur\/#breadcrumb"},"inLanguage":"de","potentialAction":[{"@type":"ReadAction","target":["https:\/\/www.sonnenseite.com\/de\/energie\/urbanpv-und-klimawandel-pv-integration-in-die-stadt-und-landschaftsarchitektur\/"]}]},{"@type":"ImageObject","inLanguage":"de","@id":"https:\/\/www.sonnenseite.com\/de\/energie\/urbanpv-und-klimawandel-pv-integration-in-die-stadt-und-landschaftsarchitektur\/#primaryimage","url":"https:\/\/www.sonnenseite.com\/wp-content\/uploads\/2023\/01\/urban-scape_1-Photo01.jpg","contentUrl":"https:\/\/www.sonnenseite.com\/wp-content\/uploads\/2023\/01\/urban-scape_1-Photo01.jpg","width":770,"height":420,"caption":"Dr. E. Merkle \/ de.gridparityag.com\/urbanpv"},{"@type":"BreadcrumbList","@id":"https:\/\/www.sonnenseite.com\/de\/energie\/urbanpv-und-klimawandel-pv-integration-in-die-stadt-und-landschaftsarchitektur\/#breadcrumb","itemListElement":[{"@type":"ListItem","position":1,"name":"Startseite","item":"https:\/\/www.sonnenseite.com\/de\/"},{"@type":"ListItem","position":2,"name":"UrbanPV und Klimawandel: PV-Integration in die Stadt- und Landschaftsarchitektur"}]},{"@type":"WebSite","@id":"https:\/\/www.sonnenseite.com\/de\/#website","url":"https:\/\/www.sonnenseite.com\/de\/","name":"Sonnenseite","description":"\u00d6kologische Kommunikation mit Franz Alt","publisher":{"@id":"https:\/\/www.sonnenseite.com\/de\/#organization"},"potentialAction":[{"@type":"SearchAction","target":{"@type":"EntryPoint","urlTemplate":"https:\/\/www.sonnenseite.com\/de\/?s={search_term_string}"},"query-input":{"@type":"PropertyValueSpecification","valueRequired":true,"valueName":"search_term_string"}}],"inLanguage":"de"},{"@type":"Organization","@id":"https:\/\/www.sonnenseite.com\/de\/#organization","name":"Sonnenseite","url":"https:\/\/www.sonnenseite.com\/de\/","logo":{"@type":"ImageObject","inLanguage":"de","@id":"https:\/\/www.sonnenseite.com\/de\/#\/schema\/logo\/image\/","url":"https:\/\/www.sonnenseite.com\/wp-content\/uploads\/2020\/05\/Sonnenseite_Logo.png","contentUrl":"https:\/\/www.sonnenseite.com\/wp-content\/uploads\/2020\/05\/Sonnenseite_Logo.png","width":377,"height":90,"caption":"Sonnenseite"},"image":{"@id":"https:\/\/www.sonnenseite.com\/de\/#\/schema\/logo\/image\/"},"sameAs":["https:\/\/www.facebook.com\/pages\/Franz-Alt-SONNENSEITECOM\/221072987903953?fref=ts","https:\/\/x.com\/franzalt","http:\/\/www.youtube.com\/results?search_query&amp;amp;quot;franz_alt&amp;amp;quot;&amp;amp;amp;amp;search_type&amp;amp;amp;amp;aq=f"]},{"@type":"Person","@id":"https:\/\/www.sonnenseite.com\/de\/#\/schema\/person\/50fda0e926597684c7cc6695238a4eb9","name":"Bigi Alt"}]}},"_links":{"self":[{"href":"https:\/\/www.sonnenseite.com\/de\/wp-json\/wp\/v2\/posts\/88199","targetHints":{"allow":["GET"]}}],"collection":[{"href":"https:\/\/www.sonnenseite.com\/de\/wp-json\/wp\/v2\/posts"}],"about":[{"href":"https:\/\/www.sonnenseite.com\/de\/wp-json\/wp\/v2\/types\/post"}],"author":[{"embeddable":true,"href":"https:\/\/www.sonnenseite.com\/de\/wp-json\/wp\/v2\/users\/3"}],"replies":[{"embeddable":true,"href":"https:\/\/www.sonnenseite.com\/de\/wp-json\/wp\/v2\/comments?post=88199"}],"version-history":[{"count":10,"href":"https:\/\/www.sonnenseite.com\/de\/wp-json\/wp\/v2\/posts\/88199\/revisions"}],"predecessor-version":[{"id":88235,"href":"https:\/\/www.sonnenseite.com\/de\/wp-json\/wp\/v2\/posts\/88199\/revisions\/88235"}],"wp:featuredmedia":[{"embeddable":true,"href":"https:\/\/www.sonnenseite.com\/de\/wp-json\/wp\/v2\/media\/88223"}],"wp:attachment":[{"href":"https:\/\/www.sonnenseite.com\/de\/wp-json\/wp\/v2\/media?parent=88199"}],"wp:term":[{"taxonomy":"category","embeddable":true,"href":"https:\/\/www.sonnenseite.com\/de\/wp-json\/wp\/v2\/categories?post=88199"},{"taxonomy":"post_tag","embeddable":true,"href":"https:\/\/www.sonnenseite.com\/de\/wp-json\/wp\/v2\/tags?post=88199"}],"curies":[{"name":"wp","href":"https:\/\/api.w.org\/{rel}","templated":true}]}}