{"id":88952,"date":"2023-02-08T16:42:01","date_gmt":"2023-02-08T15:42:01","guid":{"rendered":"https:\/\/www.sonnenseite.com\/?p=88952"},"modified":"2023-02-08T16:42:05","modified_gmt":"2023-02-08T15:42:05","slug":"europa-zur-sonne","status":"publish","type":"post","link":"https:\/\/www.sonnenseite.com\/de\/politik\/europa-zur-sonne\/","title":{"rendered":"EUROPA zur Sonne"},"content":{"rendered":"\n<p>Endlich reagiert die EU mit einem eigenen Plan auf die massive F\u00f6rderung gr\u00fcner Technologien in China und den USA. <\/p>\n\n\n\n<p>Deutschlands und Frankreichs Wirtschaftsminister machen gut Wetter in Washington. Solange es keinen weltweiten CO<sub>2<\/sub>-Preis gibt, ist Industrief\u00f6rderung der einzige Weg zur dringend n\u00f6tigen Energiewende.<\/p>\n\n\n\n<p>&#8222;Make Europe great again.&#8220; Das wurde auch Zeit. Endlich, mit einem halben Jahr Versp\u00e4tung, hat der alte Kontinent begriffen, dass er etwas tun muss. Schlie\u00dflich droht er industrielle Zukunftsfelder des gr\u00fcnen Wirtschaftens endg\u00fcltig zu verpassen, schon l\u00e4nger abgeh\u00e4ngt von China, aber nun <a href=\"https:\/\/www.klimareporter.de\/europaische-union\/kickstart-fuer-eu-solarenergie-verzweifelt-gesucht\" target=\"_blank\" rel=\"noreferrer noopener\">auch noch von den USA<\/a>.<\/p>\n\n\n\n<p>Die EU-Kommission versucht im letzten Moment, den Schalter noch umzulegen. Sie <a href=\"https:\/\/www.klimareporter.de\/europaische-union\/kickstart-fuer-eu-solarenergie-verzweifelt-gesucht\" target=\"_blank\" rel=\"noreferrer noopener\">hat einen &#8222;Industrieplan&#8220;<\/a> zur Unterst\u00fctzung ihres klimapolitischen Green Deal vorgestellt \u2013 als Antwort auf die industriepolitische Initiative der USA namens &#8222;Inflation Reduction Act&#8220; (IRA).<\/p>\n\n\n\n<p>Und sie versucht, die negativen Folgen dieses amerikanischen Subventionsprojekts f\u00fcr die hiesigen Unternehmen abzumildern, die wegen der Bevorzugung von US-Unternehmen durch den &#8222;IRA&#8220; ihren Exportmarkt in Nordamerika wegbrechen sehen.<\/p>\n\n\n\n<p>Die Reise des deutschen Wirtschaftsministers Habeck und seines franz\u00f6sischen Kollegen Le Maire nach Washington, um dort gut Wetter f\u00fcr die europ\u00e4ischen Hersteller zu machen, kam zwar etwas sp\u00e4t. Sinnvoll war sie trotzdem, <a href=\"https:\/\/www.fr.de\/wirtschaft\/investitionsprogramm-im-fokus-bei-habecks-us-besuch-zr-92074069.html\" target=\"_blank\" rel=\"noreferrer noopener\">Verbesserungen zeichnen sich ab<\/a>, etwa f\u00fcr Europas Autoindustrie, die einen Gro\u00dfteil ihrer E-Autos in den USA wohl doch subventioniert verkaufen kann, auch wenn sie nicht komplett den IRA-Vorgaben entsprechen.&nbsp;<\/p>\n\n\n\n<p>Eine Zeitlang hatte es so ausgesehen, als w\u00fcrde die EU keine vern\u00fcnftige Antwort auf Pr\u00e4sident Bidens <a href=\"https:\/\/www.klimareporter.de\/international\/us-senatoren-einigen-sich-auf-klimagesetz\" target=\"_blank\" rel=\"noreferrer noopener\">Mitte 2022 vorgelegtes Industrief\u00f6rdergesetz<\/a> finden, das die unglaubliche Summe von fast 370 Milliarden Dollar f\u00fcr klimafreundliche Technologien mobilisiert \u2013 von Solar- und Windenergie \u00fcber E-Autos bis Wasserstoff.<\/p>\n\n\n\n<h5 class=\"wp-block-heading\">Milde T\u00f6ne von Robert Habeck<\/h5>\n\n\n\n<p>Zuerst waren die Europ\u00e4er begeistert, dass nun auch die USA den Klimaschutz vorantreiben wollen, immerhin eine 180-Grad-Wende zur <a href=\"https:\/\/www.klimareporter.de\/international\/trumps-schmutzige-bilanz\" target=\"_blank\" rel=\"noreferrer noopener\">fossilen Trump-\u00c4ra<\/a>. Dann jedoch d\u00e4mmerte ihnen, was da drohte: ein Subventionswettlauf um gr\u00fcne Fabriken. &#8222;America First&#8220; in \u00d6ko. Von Verst\u00f6\u00dfen der Amerikaner gegen die Regeln der Welthandelsorganisation <a href=\"https:\/\/www.klimareporter.de\/finanzen-wirtschaft\/droht-ein-oeko-handelskrieg-gegen-die-usa\" target=\"_blank\" rel=\"noreferrer noopener\">war die Rede<\/a> und davon, die EU m\u00fcsse hart darauf reagieren.<\/p>\n\n\n\n<p>Als der Gr\u00fcnen-Minister Habeck jetzt <a href=\"https:\/\/www.faz.net\/aktuell\/wirtschaft\/habeck-in-washington-bei-rohstoffen-fuehrt-kein-weg-an-china-vorbei-18659407.html\" target=\"_blank\" rel=\"noreferrer noopener\">in Washington auftrat<\/a>, klang das ganz anders. Der IRA sei &#8222;gro\u00dfartig&#8220; und &#8222;hoch willkommen&#8220;. Er glaube nicht, dass die USA Europa damit schaden wollten. Es gehe den USA um Wirtschaftssicherheit. &#8222;Das ist exakt der gleiche Ansatz, den ich auch habe.&#8220;<\/p>\n\n\n\n<p>Habeck beschwor die transatlantische Partnerschaft, die sich bew\u00e4hrt habe, und betonte, es gebe beim IRA zwar Konflikte, doch das Verh\u00e4ltnis zu den USA sei gepr\u00e4gt von &#8222;Zugewandtheit und Freundschaft&#8220;.<\/p>\n\n\n\n<p>Die milden T\u00f6ne haben nachvollziehbare Gr\u00fcnde. Einen Handelskrieg mit den USA kann die EU sich nicht leisten, sowieso nicht, und in Zeiten von Putins Ukraine-Krieg schon gar nicht. Zudem w\u00e4re es aberwitzig, ihn ausgerechnet bei den gr\u00fcnen Technologien von Zaun zu brechen, ohne deren schnellen \u2013 und vor allem weltweiten \u2013 Durchbruch die Klimakrise <a href=\"https:\/\/www.klimareporter.de\/international\/mehr-treibhausgase-denn-je\" target=\"_blank\" rel=\"noreferrer noopener\">nicht bew\u00e4ltigt werden kann<\/a>.<\/p>\n\n\n\n<p>Zwar w\u00e4re es viel besser, diesen Durchbruch von Sonne, Wind, E-Mobilit\u00e4t und Energieeffizienz \u00fcber eine angemessene, <a href=\"https:\/\/www.klimareporter.de\/finanzen\/iwf-fuer-globalen-co2-preis-von-70-dollar\" target=\"_blank\" rel=\"noreferrer noopener\">global g\u00fcltige Bepreisung<\/a> des Treibhausgases CO<sub>2<\/sub> zu erreichen. Das w\u00e4re effizient und w\u00fcrde die faktische Subventionierung der fossilen Energietr\u00e4ger durch das Ausblenden ihrer horrenden Umweltkosten endlich beenden.<\/p>\n\n\n\n<p>Nur: So etwas ist auf absehbare Zeit nicht durchsetzbar. So bleiben vor allem Instrumente wie der &#8222;IRA&#8220; oder der &#8222;Industrial Plan&#8220;, um die Klimatechnologien gegen\u00fcber den fossilen durchzusetzen.<\/p>\n\n\n\n<h5 class=\"wp-block-heading\">Die einzige Chance, nicht den Anschluss zu verlieren<\/h5>\n\n\n\n<p>Die Politiker der EU und ihrer gr\u00f6\u00dften Volkswirtschaft Deutschland h\u00e4tten das wissen m\u00fcssen. Schlie\u00dflich hat Europa die Folgen einer zu kurzsichtigen oder inexistenten Industriepolitik schon mehrfach erfahren. In den Jahrzehnten nach dem Zweiten Weltkrieg zum Beispiel bei Computer, Internet, der Digitalisierung generell, wo die USA durch Etablierung des <a href=\"https:\/\/de.wikipedia.org\/wiki\/Silicon_Valley\" target=\"_blank\" rel=\"noreferrer noopener\">Silicon Valley<\/a> den alten Kontinent wirklich alt aussehen lie\u00dfen.<\/p>\n\n\n\n<p>Vor zehn Jahren dann bei der Solarenergie. Hier schauten die EU und Deutschland fast tatenlos zu, wie China mit riesigen Subventionen die hierzulande zur Marktreife gebrachte Technologie <a href=\"https:\/\/www.klimareporter.de\/finanzen-wirtschaft\/abhaengig-von-chinas-sonne\" target=\"_blank\" rel=\"noreferrer noopener\">als neuer Weltmarktf\u00fchrer<\/a> \u00fcbernahm und die hiesige Industrie atomisierte.<\/p>\n\n\n\n<p>Tats\u00e4chlich hat die versp\u00e4tete Reaktion der EU auf Bidens &#8222;IRA&#8220; bereits gro\u00dfe Sch\u00e4den angerichtet. So k\u00fcndigten Solar- und Batteriehersteller an, neue Gigafabriken nun doch nicht in der EU, sondern in den USA bauen zu wollen. Hier geht es nicht um Peanuts, sondern um Milliardeninvestitionen, gigantische Ums\u00e4tze und unz\u00e4hlige Arbeitspl\u00e4tze.<\/p>\n\n\n\n<p>EU-Kommissionspr\u00e4sidentin von der Leyen hat bei der Pr\u00e4sentation des &#8222;Industrieplans&#8220; potenziellen Investoren in Aussicht gestellt, dass sie auch in der EU die F\u00f6rdermittel und Steuererleichterungen bekommen sollen, die ihnen in den USA winken, und zwar ebenso schnell und unkompliziert.<\/p>\n\n\n\n<p>Anfangs ist das zwar teuer, doch es verspricht die Teilhabe an den globalen Zukunftsm\u00e4rkten und finanziert sich durch h\u00f6here Steuereinnahmen schon mittelfristig selbst. Das ganz Projekt muss noch von den EU-Staats- und Regierungschefs abgenickt werden.<\/p>\n\n\n\n<p>Und das muss so kommen, denn es ist die einzige Chance, den Anschluss gegen\u00fcber China und den USA nicht zu verlieren.<\/p>\n\n\n<h5 class=\"green\">Quelle<\/h5>\r\n\n\n\n<p>Der Bericht wurde von der\u00a0<a href=\"https:\/\/www.klimareporter.de\/finanzen-wirtschaft\/europa-zur-sonne\">Redaktion \u201eklimareporter.de\u201c (Joachim Wille) 2023<\/a>\u00a0verfasst &#8211; der Artikel darf nicht ohne Genehmigung\u00a0(<a href=\"mailto:post@klimareporter.de\">post@klimareporter.de<\/a>) weiterverbreitet werden!\u00a0<\/p>\n<div class=\"shariff shariff-align-flex-start shariff-widget-align-flex-start\"><div class=\"ShariffHeadline\">Diese Meldung teilen<\/div><ul class=\"shariff-buttons theme-round orientation-horizontal buttonsize-medium\"><li class=\"shariff-button facebook shariff-nocustomcolor\" style=\"background-color:#4273c8;border-radius:1%\"><a href=\"https:\/\/www.facebook.com\/sharer\/sharer.php?u=https%3A%2F%2Fwww.sonnenseite.com%2Fde%2Fpolitik%2Feuropa-zur-sonne%2F\" title=\"Bei Facebook teilen\" aria-label=\"Bei Facebook teilen\" role=\"button\" rel=\"nofollow\" class=\"shariff-link\" style=\";border-radius:1%; background-color:#3b5998; color:#fff\" target=\"_blank\"><span class=\"shariff-icon\" style=\"\"><svg width=\"32px\" height=\"20px\" xmlns=\"http:\/\/www.w3.org\/2000\/svg\" viewBox=\"0 0 18 32\"><path fill=\"#3b5998\" d=\"M17.1 0.2v4.7h-2.8q-1.5 0-2.1 0.6t-0.5 1.9v3.4h5.2l-0.7 5.3h-4.5v13.6h-5.5v-13.6h-4.5v-5.3h4.5v-3.9q0-3.3 1.9-5.2t5-1.8q2.6 0 4.1 0.2z\"\/><\/svg><\/span><\/a><\/li><li class=\"shariff-button twitter shariff-nocustomcolor\" style=\"background-color:#595959;border-radius:1%\"><a href=\"https:\/\/twitter.com\/share?url=https%3A%2F%2Fwww.sonnenseite.com%2Fde%2Fpolitik%2Feuropa-zur-sonne%2F&text=EUROPA%20zur%20Sonne\" title=\"Bei X teilen\" aria-label=\"Bei X teilen\" role=\"button\" rel=\"noopener nofollow\" class=\"shariff-link\" style=\";border-radius:1%; background-color:#000; color:#fff\" target=\"_blank\"><span class=\"shariff-icon\" style=\"\"><svg width=\"32px\" height=\"20px\" xmlns=\"http:\/\/www.w3.org\/2000\/svg\" viewBox=\"0 0 24 24\"><path fill=\"#000\" d=\"M14.258 10.152L23.176 0h-2.113l-7.747 8.813L7.133 0H0l9.352 13.328L0 23.973h2.113l8.176-9.309 6.531 9.309h7.133zm-2.895 3.293l-.949-1.328L2.875 1.56h3.246l6.086 8.523.945 1.328 7.91 11.078h-3.246zm0 0\"\/><\/svg><\/span><\/a><\/li><li class=\"shariff-button xing shariff-nocustomcolor\" style=\"background-color:#29888a;border-radius:1%\"><a href=\"https:\/\/www.xing.com\/spi\/shares\/new?url=https%3A%2F%2Fwww.sonnenseite.com%2Fde%2Fpolitik%2Feuropa-zur-sonne%2F\" title=\"Bei XING teilen\" aria-label=\"Bei XING teilen\" role=\"button\" rel=\"noopener nofollow\" class=\"shariff-link\" style=\";border-radius:1%; background-color:#126567; color:#fff\" target=\"_blank\"><span class=\"shariff-icon\" style=\"\"><svg width=\"32px\" height=\"20px\" xmlns=\"http:\/\/www.w3.org\/2000\/svg\" viewBox=\"0 0 25 32\"><path fill=\"#126567\" d=\"M10.7 11.9q-0.2 0.3-4.6 8.2-0.5 0.8-1.2 0.8h-4.3q-0.4 0-0.5-0.3t0-0.6l4.5-8q0 0 0 0l-2.9-5q-0.2-0.4 0-0.7 0.2-0.3 0.5-0.3h4.3q0.7 0 1.2 0.8zM25.1 0.4q0.2 0.3 0 0.7l-9.4 16.7 6 11q0.2 0.4 0 0.6-0.2 0.3-0.6 0.3h-4.3q-0.7 0-1.2-0.8l-6-11.1q0.3-0.6 9.5-16.8 0.4-0.8 1.2-0.8h4.3q0.4 0 0.5 0.3z\"\/><\/svg><\/span><\/a><\/li><li class=\"shariff-button linkedin shariff-nocustomcolor\" style=\"background-color:#1488bf;border-radius:1%\"><a href=\"https:\/\/www.linkedin.com\/sharing\/share-offsite\/?url=https%3A%2F%2Fwww.sonnenseite.com%2Fde%2Fpolitik%2Feuropa-zur-sonne%2F\" title=\"Bei LinkedIn teilen\" aria-label=\"Bei LinkedIn teilen\" role=\"button\" rel=\"noopener nofollow\" class=\"shariff-link\" style=\";border-radius:1%; background-color:#0077b5; color:#fff\" target=\"_blank\"><span class=\"shariff-icon\" style=\"\"><svg width=\"32px\" height=\"20px\" xmlns=\"http:\/\/www.w3.org\/2000\/svg\" viewBox=\"0 0 27 32\"><path fill=\"#0077b5\" d=\"M6.2 11.2v17.7h-5.9v-17.7h5.9zM6.6 5.7q0 1.3-0.9 2.2t-2.4 0.9h0q-1.5 0-2.4-0.9t-0.9-2.2 0.9-2.2 2.4-0.9 2.4 0.9 0.9 2.2zM27.4 18.7v10.1h-5.9v-9.5q0-1.9-0.7-2.9t-2.3-1.1q-1.1 0-1.9 0.6t-1.2 1.5q-0.2 0.5-0.2 1.4v9.9h-5.9q0-7.1 0-11.6t0-5.3l0-0.9h5.9v2.6h0q0.4-0.6 0.7-1t1-0.9 1.6-0.8 2-0.3q3 0 4.9 2t1.9 6z\"\/><\/svg><\/span><\/a><\/li><li class=\"shariff-button printer shariff-nocustomcolor\" style=\"background-color:#a8a8a8;border-radius:1%\"><a href=\"javascript:window.print()\" title=\"drucken\" aria-label=\"drucken\" role=\"button\" rel=\"noopener nofollow\" class=\"shariff-link\" style=\";border-radius:1%; background-color:#999; color:#fff\"><span class=\"shariff-icon\" style=\"\"><svg width=\"32px\" height=\"20px\" xmlns=\"http:\/\/www.w3.org\/2000\/svg\" viewBox=\"0 0 30 32\"><path fill=\"#999\" d=\"M6.8 27.4h16v-4.6h-16v4.6zM6.8 16h16v-6.8h-2.8q-0.7 0-1.2-0.5t-0.5-1.2v-2.8h-11.4v11.4zM27.4 17.2q0-0.5-0.3-0.8t-0.8-0.4-0.8 0.4-0.3 0.8 0.3 0.8 0.8 0.3 0.8-0.3 0.3-0.8zM29.7 17.2v7.4q0 0.2-0.2 0.4t-0.4 0.2h-4v2.8q0 0.7-0.5 1.2t-1.2 0.5h-17.2q-0.7 0-1.2-0.5t-0.5-1.2v-2.8h-4q-0.2 0-0.4-0.2t-0.2-0.4v-7.4q0-1.4 1-2.4t2.4-1h1.2v-9.7q0-0.7 0.5-1.2t1.2-0.5h12q0.7 0 1.6 0.4t1.3 0.8l2.7 2.7q0.5 0.5 0.9 1.4t0.4 1.6v4.6h1.1q1.4 0 2.4 1t1 2.4z\"\/><\/svg><\/span><\/a><\/li><li class=\"shariff-button mailto shariff-nocustomcolor\" style=\"background-color:#a8a8a8;border-radius:1%\"><a href=\"mailto:?body=https%3A%2F%2Fwww.sonnenseite.com%2Fde%2Fpolitik%2Feuropa-zur-sonne%2F&subject=EUROPA%20zur%20Sonne\" title=\"Per E-Mail versenden\" aria-label=\"Per E-Mail versenden\" role=\"button\" rel=\"noopener nofollow\" class=\"shariff-link\" style=\";border-radius:1%; background-color:#999; color:#fff\"><span class=\"shariff-icon\" style=\"\"><svg width=\"32px\" height=\"20px\" xmlns=\"http:\/\/www.w3.org\/2000\/svg\" viewBox=\"0 0 32 32\"><path fill=\"#999\" d=\"M32 12.7v14.2q0 1.2-0.8 2t-2 0.9h-26.3q-1.2 0-2-0.9t-0.8-2v-14.2q0.8 0.9 1.8 1.6 6.5 4.4 8.9 6.1 1 0.8 1.6 1.2t1.7 0.9 2 0.4h0.1q0.9 0 2-0.4t1.7-0.9 1.6-1.2q3-2.2 8.9-6.1 1-0.7 1.8-1.6zM32 7.4q0 1.4-0.9 2.7t-2.2 2.2q-6.7 4.7-8.4 5.8-0.2 0.1-0.7 0.5t-1 0.7-0.9 0.6-1.1 0.5-0.9 0.2h-0.1q-0.4 0-0.9-0.2t-1.1-0.5-0.9-0.6-1-0.7-0.7-0.5q-1.6-1.1-4.7-3.2t-3.6-2.6q-1.1-0.7-2.1-2t-1-2.5q0-1.4 0.7-2.3t2.1-0.9h26.3q1.2 0 2 0.8t0.9 2z\"\/><\/svg><\/span><\/a><\/li><\/ul><\/div>","protected":false},"excerpt":{"rendered":"<p>Endlich reagiert die EU mit einem eigenen Plan auf die massive F\u00f6rderung gr\u00fcner Technologien in China [&hellip;]<\/p>\n","protected":false},"author":3,"featured_media":19267,"comment_status":"closed","ping_status":"closed","sticky":false,"template":"","format":"standard","meta":{"inline_featured_image":false,"footnotes":""},"categories":[21],"tags":[],"class_list":["post-88952","post","type-post","status-publish","format-standard","has-post-thumbnail","hentry","category-politik"],"yoast_head":"<!-- This site is optimized with the Yoast SEO plugin v26.5 - https:\/\/yoast.com\/wordpress\/plugins\/seo\/ -->\n<title>EUROPA zur Sonne - Sonnenseite - \u00d6kologische Kommunikation mit Franz Alt<\/title>\n<meta name=\"description\" content=\"Endlich reagiert die EU mit einem eigenen Plan auf die massive F\u00f6rderung gr\u00fcner Technologien in China und den USA. Deutschlands und Frankreichs\" \/>\n<meta name=\"robots\" content=\"index, follow, max-snippet:-1, max-image-preview:large, max-video-preview:-1\" \/>\n<link rel=\"canonical\" href=\"https:\/\/www.sonnenseite.com\/de\/politik\/europa-zur-sonne\/\" \/>\n<meta property=\"og:locale\" content=\"de_DE\" \/>\n<meta property=\"og:type\" content=\"article\" \/>\n<meta property=\"og:title\" content=\"EUROPA zur Sonne - Sonnenseite - \u00d6kologische Kommunikation mit Franz Alt\" \/>\n<meta property=\"og:description\" content=\"Endlich reagiert die EU mit einem eigenen Plan auf die massive F\u00f6rderung gr\u00fcner Technologien in China und den USA. Deutschlands und Frankreichs\" \/>\n<meta property=\"og:url\" content=\"https:\/\/www.sonnenseite.com\/de\/politik\/europa-zur-sonne\/\" \/>\n<meta property=\"og:site_name\" content=\"Sonnenseite\" \/>\n<meta property=\"article:publisher\" content=\"https:\/\/www.facebook.com\/pages\/Franz-Alt-SONNENSEITECOM\/221072987903953?fref=ts\" \/>\n<meta property=\"article:published_time\" content=\"2023-02-08T15:42:01+00:00\" \/>\n<meta property=\"article:modified_time\" content=\"2023-02-08T15:42:05+00:00\" \/>\n<meta property=\"og:image\" content=\"https:\/\/www.sonnenseite.com\/wp-content\/uploads\/2018\/04\/EU_flaggen_tashka2000.jpg\" \/>\n\t<meta property=\"og:image:width\" content=\"770\" \/>\n\t<meta property=\"og:image:height\" content=\"420\" \/>\n\t<meta property=\"og:image:type\" content=\"image\/jpeg\" \/>\n<meta name=\"author\" content=\"Bigi Alt\" \/>\n<meta name=\"twitter:card\" content=\"summary_large_image\" \/>\n<meta name=\"twitter:creator\" content=\"@franzalt\" \/>\n<meta name=\"twitter:site\" content=\"@franzalt\" \/>\n<meta name=\"twitter:label1\" content=\"Verfasst von\" \/>\n\t<meta name=\"twitter:data1\" content=\"Bigi Alt\" \/>\n\t<meta name=\"twitter:label2\" content=\"Gesch\u00e4tzte Lesezeit\" \/>\n\t<meta name=\"twitter:data2\" content=\"5\u00a0Minuten\" \/>\n<script type=\"application\/ld+json\" class=\"yoast-schema-graph\">{\"@context\":\"https:\/\/schema.org\",\"@graph\":[{\"@type\":\"Article\",\"@id\":\"https:\/\/www.sonnenseite.com\/de\/politik\/europa-zur-sonne\/#article\",\"isPartOf\":{\"@id\":\"https:\/\/www.sonnenseite.com\/de\/politik\/europa-zur-sonne\/\"},\"author\":{\"name\":\"Bigi Alt\",\"@id\":\"https:\/\/www.sonnenseite.com\/de\/#\/schema\/person\/50fda0e926597684c7cc6695238a4eb9\"},\"headline\":\"EUROPA zur Sonne\",\"datePublished\":\"2023-02-08T15:42:01+00:00\",\"dateModified\":\"2023-02-08T15:42:05+00:00\",\"mainEntityOfPage\":{\"@id\":\"https:\/\/www.sonnenseite.com\/de\/politik\/europa-zur-sonne\/\"},\"wordCount\":856,\"publisher\":{\"@id\":\"https:\/\/www.sonnenseite.com\/de\/#organization\"},\"image\":{\"@id\":\"https:\/\/www.sonnenseite.com\/de\/politik\/europa-zur-sonne\/#primaryimage\"},\"thumbnailUrl\":\"https:\/\/www.sonnenseite.com\/wp-content\/uploads\/2018\/04\/EU_flaggen_tashka2000.jpg\",\"articleSection\":[\"Politik\"],\"inLanguage\":\"de\"},{\"@type\":\"WebPage\",\"@id\":\"https:\/\/www.sonnenseite.com\/de\/politik\/europa-zur-sonne\/\",\"url\":\"https:\/\/www.sonnenseite.com\/de\/politik\/europa-zur-sonne\/\",\"name\":\"EUROPA zur Sonne - Sonnenseite - \u00d6kologische Kommunikation mit Franz Alt\",\"isPartOf\":{\"@id\":\"https:\/\/www.sonnenseite.com\/de\/#website\"},\"primaryImageOfPage\":{\"@id\":\"https:\/\/www.sonnenseite.com\/de\/politik\/europa-zur-sonne\/#primaryimage\"},\"image\":{\"@id\":\"https:\/\/www.sonnenseite.com\/de\/politik\/europa-zur-sonne\/#primaryimage\"},\"thumbnailUrl\":\"https:\/\/www.sonnenseite.com\/wp-content\/uploads\/2018\/04\/EU_flaggen_tashka2000.jpg\",\"datePublished\":\"2023-02-08T15:42:01+00:00\",\"dateModified\":\"2023-02-08T15:42:05+00:00\",\"description\":\"Endlich reagiert die EU mit einem eigenen Plan auf die massive F\u00f6rderung gr\u00fcner Technologien in China und den USA. Deutschlands und Frankreichs\",\"breadcrumb\":{\"@id\":\"https:\/\/www.sonnenseite.com\/de\/politik\/europa-zur-sonne\/#breadcrumb\"},\"inLanguage\":\"de\",\"potentialAction\":[{\"@type\":\"ReadAction\",\"target\":[\"https:\/\/www.sonnenseite.com\/de\/politik\/europa-zur-sonne\/\"]}]},{\"@type\":\"ImageObject\",\"inLanguage\":\"de\",\"@id\":\"https:\/\/www.sonnenseite.com\/de\/politik\/europa-zur-sonne\/#primaryimage\",\"url\":\"https:\/\/www.sonnenseite.com\/wp-content\/uploads\/2018\/04\/EU_flaggen_tashka2000.jpg\",\"contentUrl\":\"https:\/\/www.sonnenseite.com\/wp-content\/uploads\/2018\/04\/EU_flaggen_tashka2000.jpg\",\"width\":770,\"height\":420,\"caption\":\"Fotolia.com | tashka2000\"},{\"@type\":\"BreadcrumbList\",\"@id\":\"https:\/\/www.sonnenseite.com\/de\/politik\/europa-zur-sonne\/#breadcrumb\",\"itemListElement\":[{\"@type\":\"ListItem\",\"position\":1,\"name\":\"Startseite\",\"item\":\"https:\/\/www.sonnenseite.com\/de\/\"},{\"@type\":\"ListItem\",\"position\":2,\"name\":\"EUROPA zur Sonne\"}]},{\"@type\":\"WebSite\",\"@id\":\"https:\/\/www.sonnenseite.com\/de\/#website\",\"url\":\"https:\/\/www.sonnenseite.com\/de\/\",\"name\":\"Sonnenseite\",\"description\":\"\u00d6kologische Kommunikation mit Franz Alt\",\"publisher\":{\"@id\":\"https:\/\/www.sonnenseite.com\/de\/#organization\"},\"potentialAction\":[{\"@type\":\"SearchAction\",\"target\":{\"@type\":\"EntryPoint\",\"urlTemplate\":\"https:\/\/www.sonnenseite.com\/de\/?s={search_term_string}\"},\"query-input\":{\"@type\":\"PropertyValueSpecification\",\"valueRequired\":true,\"valueName\":\"search_term_string\"}}],\"inLanguage\":\"de\"},{\"@type\":\"Organization\",\"@id\":\"https:\/\/www.sonnenseite.com\/de\/#organization\",\"name\":\"Sonnenseite\",\"url\":\"https:\/\/www.sonnenseite.com\/de\/\",\"logo\":{\"@type\":\"ImageObject\",\"inLanguage\":\"de\",\"@id\":\"https:\/\/www.sonnenseite.com\/de\/#\/schema\/logo\/image\/\",\"url\":\"https:\/\/www.sonnenseite.com\/wp-content\/uploads\/2020\/05\/Sonnenseite_Logo.png\",\"contentUrl\":\"https:\/\/www.sonnenseite.com\/wp-content\/uploads\/2020\/05\/Sonnenseite_Logo.png\",\"width\":377,\"height\":90,\"caption\":\"Sonnenseite\"},\"image\":{\"@id\":\"https:\/\/www.sonnenseite.com\/de\/#\/schema\/logo\/image\/\"},\"sameAs\":[\"https:\/\/www.facebook.com\/pages\/Franz-Alt-SONNENSEITECOM\/221072987903953?fref=ts\",\"https:\/\/x.com\/franzalt\",\"http:\/\/www.youtube.com\/results?search_query&amp;amp;quot;franz_alt&amp;amp;quot;&amp;amp;amp;amp;search_type&amp;amp;amp;amp;aq=f\"]},{\"@type\":\"Person\",\"@id\":\"https:\/\/www.sonnenseite.com\/de\/#\/schema\/person\/50fda0e926597684c7cc6695238a4eb9\",\"name\":\"Bigi Alt\"}]}<\/script>\n<!-- \/ Yoast SEO plugin. -->","yoast_head_json":{"title":"EUROPA zur Sonne - Sonnenseite - \u00d6kologische Kommunikation mit Franz Alt","description":"Endlich reagiert die EU mit einem eigenen Plan auf die massive F\u00f6rderung gr\u00fcner Technologien in China und den USA. Deutschlands und Frankreichs","robots":{"index":"index","follow":"follow","max-snippet":"max-snippet:-1","max-image-preview":"max-image-preview:large","max-video-preview":"max-video-preview:-1"},"canonical":"https:\/\/www.sonnenseite.com\/de\/politik\/europa-zur-sonne\/","og_locale":"de_DE","og_type":"article","og_title":"EUROPA zur Sonne - Sonnenseite - \u00d6kologische Kommunikation mit Franz Alt","og_description":"Endlich reagiert die EU mit einem eigenen Plan auf die massive F\u00f6rderung gr\u00fcner Technologien in China und den USA. Deutschlands und Frankreichs","og_url":"https:\/\/www.sonnenseite.com\/de\/politik\/europa-zur-sonne\/","og_site_name":"Sonnenseite","article_publisher":"https:\/\/www.facebook.com\/pages\/Franz-Alt-SONNENSEITECOM\/221072987903953?fref=ts","article_published_time":"2023-02-08T15:42:01+00:00","article_modified_time":"2023-02-08T15:42:05+00:00","og_image":[{"width":770,"height":420,"url":"https:\/\/www.sonnenseite.com\/wp-content\/uploads\/2018\/04\/EU_flaggen_tashka2000.jpg","type":"image\/jpeg"}],"author":"Bigi Alt","twitter_card":"summary_large_image","twitter_creator":"@franzalt","twitter_site":"@franzalt","twitter_misc":{"Verfasst von":"Bigi Alt","Gesch\u00e4tzte Lesezeit":"5\u00a0Minuten"},"schema":{"@context":"https:\/\/schema.org","@graph":[{"@type":"Article","@id":"https:\/\/www.sonnenseite.com\/de\/politik\/europa-zur-sonne\/#article","isPartOf":{"@id":"https:\/\/www.sonnenseite.com\/de\/politik\/europa-zur-sonne\/"},"author":{"name":"Bigi Alt","@id":"https:\/\/www.sonnenseite.com\/de\/#\/schema\/person\/50fda0e926597684c7cc6695238a4eb9"},"headline":"EUROPA zur Sonne","datePublished":"2023-02-08T15:42:01+00:00","dateModified":"2023-02-08T15:42:05+00:00","mainEntityOfPage":{"@id":"https:\/\/www.sonnenseite.com\/de\/politik\/europa-zur-sonne\/"},"wordCount":856,"publisher":{"@id":"https:\/\/www.sonnenseite.com\/de\/#organization"},"image":{"@id":"https:\/\/www.sonnenseite.com\/de\/politik\/europa-zur-sonne\/#primaryimage"},"thumbnailUrl":"https:\/\/www.sonnenseite.com\/wp-content\/uploads\/2018\/04\/EU_flaggen_tashka2000.jpg","articleSection":["Politik"],"inLanguage":"de"},{"@type":"WebPage","@id":"https:\/\/www.sonnenseite.com\/de\/politik\/europa-zur-sonne\/","url":"https:\/\/www.sonnenseite.com\/de\/politik\/europa-zur-sonne\/","name":"EUROPA zur Sonne - Sonnenseite - \u00d6kologische Kommunikation mit Franz Alt","isPartOf":{"@id":"https:\/\/www.sonnenseite.com\/de\/#website"},"primaryImageOfPage":{"@id":"https:\/\/www.sonnenseite.com\/de\/politik\/europa-zur-sonne\/#primaryimage"},"image":{"@id":"https:\/\/www.sonnenseite.com\/de\/politik\/europa-zur-sonne\/#primaryimage"},"thumbnailUrl":"https:\/\/www.sonnenseite.com\/wp-content\/uploads\/2018\/04\/EU_flaggen_tashka2000.jpg","datePublished":"2023-02-08T15:42:01+00:00","dateModified":"2023-02-08T15:42:05+00:00","description":"Endlich reagiert die EU mit einem eigenen Plan auf die massive F\u00f6rderung gr\u00fcner Technologien in China und den USA. Deutschlands und Frankreichs","breadcrumb":{"@id":"https:\/\/www.sonnenseite.com\/de\/politik\/europa-zur-sonne\/#breadcrumb"},"inLanguage":"de","potentialAction":[{"@type":"ReadAction","target":["https:\/\/www.sonnenseite.com\/de\/politik\/europa-zur-sonne\/"]}]},{"@type":"ImageObject","inLanguage":"de","@id":"https:\/\/www.sonnenseite.com\/de\/politik\/europa-zur-sonne\/#primaryimage","url":"https:\/\/www.sonnenseite.com\/wp-content\/uploads\/2018\/04\/EU_flaggen_tashka2000.jpg","contentUrl":"https:\/\/www.sonnenseite.com\/wp-content\/uploads\/2018\/04\/EU_flaggen_tashka2000.jpg","width":770,"height":420,"caption":"Fotolia.com | tashka2000"},{"@type":"BreadcrumbList","@id":"https:\/\/www.sonnenseite.com\/de\/politik\/europa-zur-sonne\/#breadcrumb","itemListElement":[{"@type":"ListItem","position":1,"name":"Startseite","item":"https:\/\/www.sonnenseite.com\/de\/"},{"@type":"ListItem","position":2,"name":"EUROPA zur Sonne"}]},{"@type":"WebSite","@id":"https:\/\/www.sonnenseite.com\/de\/#website","url":"https:\/\/www.sonnenseite.com\/de\/","name":"Sonnenseite","description":"\u00d6kologische Kommunikation mit Franz Alt","publisher":{"@id":"https:\/\/www.sonnenseite.com\/de\/#organization"},"potentialAction":[{"@type":"SearchAction","target":{"@type":"EntryPoint","urlTemplate":"https:\/\/www.sonnenseite.com\/de\/?s={search_term_string}"},"query-input":{"@type":"PropertyValueSpecification","valueRequired":true,"valueName":"search_term_string"}}],"inLanguage":"de"},{"@type":"Organization","@id":"https:\/\/www.sonnenseite.com\/de\/#organization","name":"Sonnenseite","url":"https:\/\/www.sonnenseite.com\/de\/","logo":{"@type":"ImageObject","inLanguage":"de","@id":"https:\/\/www.sonnenseite.com\/de\/#\/schema\/logo\/image\/","url":"https:\/\/www.sonnenseite.com\/wp-content\/uploads\/2020\/05\/Sonnenseite_Logo.png","contentUrl":"https:\/\/www.sonnenseite.com\/wp-content\/uploads\/2020\/05\/Sonnenseite_Logo.png","width":377,"height":90,"caption":"Sonnenseite"},"image":{"@id":"https:\/\/www.sonnenseite.com\/de\/#\/schema\/logo\/image\/"},"sameAs":["https:\/\/www.facebook.com\/pages\/Franz-Alt-SONNENSEITECOM\/221072987903953?fref=ts","https:\/\/x.com\/franzalt","http:\/\/www.youtube.com\/results?search_query&amp;amp;quot;franz_alt&amp;amp;quot;&amp;amp;amp;amp;search_type&amp;amp;amp;amp;aq=f"]},{"@type":"Person","@id":"https:\/\/www.sonnenseite.com\/de\/#\/schema\/person\/50fda0e926597684c7cc6695238a4eb9","name":"Bigi Alt"}]}},"_links":{"self":[{"href":"https:\/\/www.sonnenseite.com\/de\/wp-json\/wp\/v2\/posts\/88952","targetHints":{"allow":["GET"]}}],"collection":[{"href":"https:\/\/www.sonnenseite.com\/de\/wp-json\/wp\/v2\/posts"}],"about":[{"href":"https:\/\/www.sonnenseite.com\/de\/wp-json\/wp\/v2\/types\/post"}],"author":[{"embeddable":true,"href":"https:\/\/www.sonnenseite.com\/de\/wp-json\/wp\/v2\/users\/3"}],"replies":[{"embeddable":true,"href":"https:\/\/www.sonnenseite.com\/de\/wp-json\/wp\/v2\/comments?post=88952"}],"version-history":[{"count":1,"href":"https:\/\/www.sonnenseite.com\/de\/wp-json\/wp\/v2\/posts\/88952\/revisions"}],"predecessor-version":[{"id":88953,"href":"https:\/\/www.sonnenseite.com\/de\/wp-json\/wp\/v2\/posts\/88952\/revisions\/88953"}],"wp:featuredmedia":[{"embeddable":true,"href":"https:\/\/www.sonnenseite.com\/de\/wp-json\/wp\/v2\/media\/19267"}],"wp:attachment":[{"href":"https:\/\/www.sonnenseite.com\/de\/wp-json\/wp\/v2\/media?parent=88952"}],"wp:term":[{"taxonomy":"category","embeddable":true,"href":"https:\/\/www.sonnenseite.com\/de\/wp-json\/wp\/v2\/categories?post=88952"},{"taxonomy":"post_tag","embeddable":true,"href":"https:\/\/www.sonnenseite.com\/de\/wp-json\/wp\/v2\/tags?post=88952"}],"curies":[{"name":"wp","href":"https:\/\/api.w.org\/{rel}","templated":true}]}}