{"id":89088,"date":"2023-02-15T02:16:01","date_gmt":"2023-02-15T01:16:01","guid":{"rendered":"https:\/\/www.sonnenseite.com\/?p=89088"},"modified":"2023-02-14T13:16:29","modified_gmt":"2023-02-14T12:16:29","slug":"nachhaltige-unternehmensmobilitaet-zum-standard-machen","status":"publish","type":"post","link":"https:\/\/www.sonnenseite.com\/de\/mobilitaet\/nachhaltige-unternehmensmobilitaet-zum-standard-machen\/","title":{"rendered":"Nachhaltige Unternehmensmobilit\u00e4t zum Standard machen"},"content":{"rendered":"\n<p>Unternehmen und Politik k\u00f6nnen gemeinsam daf\u00fcr sorgen, betriebliche Mobilit\u00e4t auf den Klimaschutz auszurichten. Wie das gelingen kann, zeigen Handlungsempfehlungen von <a href=\"https:\/\/www.oeko.de\/presse\/archiv-pressemeldungen\/presse-detailseite\/2023\/nachhaltige-unternehmensmobilitaet-zum-standard-machen\">\u00d6ko-Institut<\/a> und <a href=\"https:\/\/www.agora-verkehrswende.de\/presse\/pressemitteilungen\/nachhaltige-unternehmensmobilitaet-zum-standard-machen\/\">Agora Verkehrswende<\/a>.<\/p>\n\n\n\n<p>Um eine elektrische und nachhaltige Mobilit\u00e4t ihrer Besch\u00e4ftigten zu erreichen, sollten Unternehmen demnach Daten zu Pendelwegen und Mobilit\u00e4tsbedarfen erheben, ambitionierte Ziele und konkrete Ma\u00dfnahmen definieren und \u00fcber Fortschritte berichten. Dies sollte ab einer bestimmten Flottengr\u00f6\u00dfe oder einem bestimmten mobilit\u00e4tsbedingten CO<sub>2<\/sub>-Aussto\u00df verbindlich sein.<\/p>\n\n\n\n<p>Die Politik kann die Verkehrswende in Unternehmen mit verl\u00e4sslichen Rahmenbedingungen unterst\u00fctzen. Dazu geh\u00f6rt, klimasch\u00e4dliche Steuern und Subventionen abzubauen und die realen Kosten klimasch\u00e4dlicher Mobilit\u00e4t angemessen zu bepreisen. Ebenso wichtig sind die Koordination des Ladeinfrastrukturaufbaus, die Anpassung von Stromsystem und -markt sowie einfachere Genehmigungsverfahren f\u00fcr neue Ladepunkte \u2013 so zeigen es die Erkenntnisse aus dem Projekt.<\/p>\n\n\n\n<h5 class=\"wp-block-heading\">Unternehmen spielen eine Hauptrolle bei der Verkehrswende<\/h5>\n\n\n\n<p>\u201eF\u00fcr Unternehmen ist es Zeit, Dienstwagen und weitere Fahrzeuge in der Flotte m\u00f6glichst vollst\u00e4ndig elektrisch zu betreiben und die entsprechende Ladeinfrastruktur aufzubauen\u201c, erkl\u00e4rt Lukas Minnich, Experte f\u00fcr nachhaltige Unternehmensmobilit\u00e4t am \u00d6ko-Institut. \u201eIn diesem Prozess hilft es, wenn klare Klimaschutz- und Nachhaltigkeitsziele f\u00fcr das Unternehmen in einer Mobility Policy festgelegt sind.\u201c<\/p>\n\n\n\n<p>Esther Rublack, Referentin Unternehmensmobilit\u00e4t bei Agora Verkehrswende, f\u00fcgt hinzu: \u201eFast ein Viertel der Treibhausgasemissionen im Personenverkehr entsteht durchs Berufspendeln. Hier k\u00f6nnen Unternehmen Verantwortung \u00fcbernehmen, indem sie nachhaltige Mobilit\u00e4t f\u00f6rdern und gute Voraussetzungen zum mobilen Arbeiten schaffen. Die Politik kann daf\u00fcr sorgen, dass der Wandel zur zukunftsf\u00e4higen und klimafreundlichen Unternehmensmobilit\u00e4t verbindlich wird und wirtschaftlich profitabel ist\u201c.<\/p>\n\n\n\n<p>Unternehmen sind laut den Autorinnen und Autoren zentral f\u00fcr die Verkehrswende, weil sie einen erheblichen Beitrag zur Minderung der Verkehrsemissionen leisten k\u00f6nnen. Mehr als zwei Drittel aller Neuwagen werden in Deutschland gewerblich zugelassen. Dienstwagen gelangen nach meist kurzer Haltedauer \u00fcber den Gebrauchtmarkt in private Hand. So pr\u00e4gen sie auch den privaten Fahrzeugbestand und die Geschwindigkeit des Markthochlaufs der Elektromobilit\u00e4t.<\/p>\n\n\n\n<h5 class=\"wp-block-heading\">Vollelektrischer Fuhrpark als Ziel<\/h5>\n\n\n\n<p>In einer Car Policyk\u00f6nnen Unternehmen regeln, wie Dienstwagen vergeben und m\u00f6glichst nachhaltig genutzt werden sollen. F\u00fcr den Unternehmensfuhrpark, aber auch f\u00fcr die privaten Fahrzeuge der Besch\u00e4ftigten, empfehlen die Autorinnen und Autoren, eigene Ladepunkte am Unternehmensstandort und vielerorts auch am Wohnort von Dienstwagennutzerinnen und -nutzern zu installieren.<\/p>\n\n\n\n<p>Die Politik sollte das unterst\u00fctzen, indem sie die Ma\u00dfnahmen im Masterplan Ladeinfrastruktur II m\u00f6glichst z\u00fcgig umsetzt. Bedeutende Schritte sind aus Sicht der Unternehmen etwa die Regelungen zum Laden an Geb\u00e4uden und die Stabilisierung des (Fahr-)Strompreises.<\/p>\n\n\n\n<p>Damit sich die Vorteile der E-Mobilit\u00e4t auch in der Kostenrechnung der Unternehmen widerspiegeln, braucht es mit dem Auslaufen der Kaufpr\u00e4mie eine Reform des Systems der Fahrzeugbesteuerung. Wirkm\u00e4chtig w\u00e4re die Reform der Kfz-Steuer hin zu einer Bonus-Malus-Regelung, die Fahrzeuge mit hohem Kraftstoffverbrauch beim Kauf st\u00e4rker besteuert. So k\u00f6nnen im Gegenzug effiziente elektrische Fahrzeuge noch einige Zeit gef\u00f6rdert werden, um den Markthochlauf im Sinne des Klimaschutzes zu beschleunigen.<\/p>\n\n\n\n<h5 class=\"wp-block-heading\">Alternativen zum Pkw f\u00f6rdern und Wege vermeiden<\/h5>\n\n\n\n<p>Alternativ zum Dienstwagen bieten einige Unternehmen inzwischen ein sogenanntes Mobilit\u00e4tsbudget an, das Besch\u00e4ftigte frei f\u00fcr verschiedene Verkehrsmittel verwenden k\u00f6nnen. Bremsend wirkt dabei, dass Dienstwagen etwa gegen\u00fcber Sharing-Diensten und der Bahn noch immer steuerlich beg\u00fcnstigt werden. Um das Mobilit\u00e4tsbudget attraktiver zu machen, sollten die steuerlichen Regelungen zur Nutzung nachhaltiger Verkehrsmittel vereinheitlicht und vereinfacht werden. Unternehmen k\u00f6nnen au\u00dferdem viele Wege vermeiden, indem sie die Arbeit im Homeoffice erm\u00f6glichen und Dienstreisen, wenn m\u00f6glich, durch digitale Zusammenarbeit ersetzen.<\/p>\n\n\n<div class=\"wp-block-image\">\n<figure class=\"alignright size-full is-resized\"><a href=\"https:\/\/www.sonnenseite.com\/wp-content\/uploads\/2023\/02\/compan-e_Unternehmungsmobilitaet.jpg\"><img loading=\"lazy\" decoding=\"async\" src=\"https:\/\/www.sonnenseite.com\/wp-content\/uploads\/2023\/02\/compan-e_Unternehmungsmobilitaet.jpg\" alt=\"\" class=\"wp-image-89090\" width=\"289\" height=\"410\" srcset=\"https:\/\/www.sonnenseite.com\/wp-content\/uploads\/2023\/02\/compan-e_Unternehmungsmobilitaet.jpg 400w, https:\/\/www.sonnenseite.com\/wp-content\/uploads\/2023\/02\/compan-e_Unternehmungsmobilitaet-211x300.jpg 211w\" sizes=\"auto, (max-width: 289px) 100vw, 289px\" \/><\/a><\/figure>\n<\/div>\n\n\n<ul class=\"wp-block-list\">\n<li><a href=\"https:\/\/www.oeko.de\/fileadmin\/oekodoc\/Compan-e_Abschlusspapier.pdf\" target=\"_blank\" rel=\"noreferrer noopener\">Publikation \u201eUnternehmensmobilit\u00e4t nachhaltig gestalten\u201c von \u00d6ko-Institut, Agora Verkehrswende und Stiftung Klimawirtschaft<\/a><\/li>\n<\/ul>\n\n\n\n<p><strong>Weitere Informationen zum Projekt compan-e<\/strong><\/p>\n\n\n\n<ul class=\"wp-block-list\">\n<li><a href=\"https:\/\/blog.oeko.de\/?p=7830&amp;preview=true\" target=\"_blank\" rel=\"noreferrer noopener\">Neue Ver\u00f6ffentlichungen: Ergebnisse der Fuhrpark- und Besch\u00e4ftigtenbefragungen<\/a><\/li>\n\n\n\n<li><a href=\"https:\/\/blog.oeko.de\/schluessel-fuer-elektrische-unternehmensflotten-fuenf-ansaetze-zum-ausbau-der-ladeinfrastruktur\/\" target=\"_blank\" rel=\"noreferrer noopener\">Aktueller Blogbeitrag \u201eSchl\u00fcssel f\u00fcr elektrische Unternehmensflotten: F\u00fcnf<br>Ans\u00e4tze zum Ausbau der Ladeinfrastruktur\u201c<\/a><\/li>\n\n\n\n<li><a href=\"https:\/\/www.compan-e.de\/infoportal\" target=\"_blank\" rel=\"noreferrer noopener\">Neu auf der Website: Erweiterte Informationsplattform mit FAQ<\/a><\/li>\n\n\n\n<li><a href=\"https:\/\/www.youtube.com\/watch?v=syANpCml0Xo\" target=\"_blank\" rel=\"noreferrer noopener\">Videomitschnitt der Abschlussveranstaltung<\/a><\/li>\n\n\n\n<li><a href=\"https:\/\/www.compan-e.de\" target=\"_blank\" rel=\"noreferrer noopener\">Website des Projekts compan-e \u2013 Wege zur elektrischen und nachhaltigen Unternehmensmobilit\u00e4t mit s\u00e4mtlichen Publikationen<\/a><\/li>\n<\/ul>\n\n\n<h5 class=\"green\">Quelle<\/h5>\r\n\n\n\n<p><a href=\"https:\/\/www.oeko.de\/presse\/archiv-pressemeldungen\/presse-detailseite\/2023\/nachhaltige-unternehmensmobilitaet-zum-standard-machen\">\u00d6ko-Institut 2023<\/a> und <a href=\"https:\/\/www.agora-verkehrswende.de\/presse\/pressemitteilungen\/nachhaltige-unternehmensmobilitaet-zum-standard-machen\/\">Agora Verkehrswende 2023<\/a><\/p>\n<div class=\"shariff shariff-align-flex-start shariff-widget-align-flex-start\"><div class=\"ShariffHeadline\">Diese Meldung teilen<\/div><ul class=\"shariff-buttons theme-round orientation-horizontal buttonsize-medium\"><li class=\"shariff-button facebook shariff-nocustomcolor\" style=\"background-color:#4273c8;border-radius:1%\"><a href=\"https:\/\/www.facebook.com\/sharer\/sharer.php?u=https%3A%2F%2Fwww.sonnenseite.com%2Fde%2Fmobilitaet%2Fnachhaltige-unternehmensmobilitaet-zum-standard-machen%2F\" title=\"Bei Facebook teilen\" aria-label=\"Bei Facebook teilen\" role=\"button\" rel=\"nofollow\" class=\"shariff-link\" style=\";border-radius:1%; background-color:#3b5998; color:#fff\" target=\"_blank\"><span class=\"shariff-icon\" style=\"\"><svg width=\"32px\" height=\"20px\" xmlns=\"http:\/\/www.w3.org\/2000\/svg\" viewBox=\"0 0 18 32\"><path fill=\"#3b5998\" d=\"M17.1 0.2v4.7h-2.8q-1.5 0-2.1 0.6t-0.5 1.9v3.4h5.2l-0.7 5.3h-4.5v13.6h-5.5v-13.6h-4.5v-5.3h4.5v-3.9q0-3.3 1.9-5.2t5-1.8q2.6 0 4.1 0.2z\"\/><\/svg><\/span><\/a><\/li><li class=\"shariff-button twitter shariff-nocustomcolor\" style=\"background-color:#595959;border-radius:1%\"><a href=\"https:\/\/twitter.com\/share?url=https%3A%2F%2Fwww.sonnenseite.com%2Fde%2Fmobilitaet%2Fnachhaltige-unternehmensmobilitaet-zum-standard-machen%2F&text=Nachhaltige%20Unternehmensmobilit%C3%A4t%20zum%20Standard%20machen\" title=\"Bei X teilen\" aria-label=\"Bei X teilen\" role=\"button\" rel=\"noopener nofollow\" class=\"shariff-link\" style=\";border-radius:1%; background-color:#000; color:#fff\" target=\"_blank\"><span class=\"shariff-icon\" style=\"\"><svg width=\"32px\" height=\"20px\" xmlns=\"http:\/\/www.w3.org\/2000\/svg\" viewBox=\"0 0 24 24\"><path fill=\"#000\" d=\"M14.258 10.152L23.176 0h-2.113l-7.747 8.813L7.133 0H0l9.352 13.328L0 23.973h2.113l8.176-9.309 6.531 9.309h7.133zm-2.895 3.293l-.949-1.328L2.875 1.56h3.246l6.086 8.523.945 1.328 7.91 11.078h-3.246zm0 0\"\/><\/svg><\/span><\/a><\/li><li class=\"shariff-button xing shariff-nocustomcolor\" style=\"background-color:#29888a;border-radius:1%\"><a href=\"https:\/\/www.xing.com\/spi\/shares\/new?url=https%3A%2F%2Fwww.sonnenseite.com%2Fde%2Fmobilitaet%2Fnachhaltige-unternehmensmobilitaet-zum-standard-machen%2F\" title=\"Bei XING teilen\" aria-label=\"Bei XING teilen\" role=\"button\" rel=\"noopener nofollow\" class=\"shariff-link\" style=\";border-radius:1%; background-color:#126567; color:#fff\" target=\"_blank\"><span class=\"shariff-icon\" style=\"\"><svg width=\"32px\" height=\"20px\" xmlns=\"http:\/\/www.w3.org\/2000\/svg\" viewBox=\"0 0 25 32\"><path fill=\"#126567\" d=\"M10.7 11.9q-0.2 0.3-4.6 8.2-0.5 0.8-1.2 0.8h-4.3q-0.4 0-0.5-0.3t0-0.6l4.5-8q0 0 0 0l-2.9-5q-0.2-0.4 0-0.7 0.2-0.3 0.5-0.3h4.3q0.7 0 1.2 0.8zM25.1 0.4q0.2 0.3 0 0.7l-9.4 16.7 6 11q0.2 0.4 0 0.6-0.2 0.3-0.6 0.3h-4.3q-0.7 0-1.2-0.8l-6-11.1q0.3-0.6 9.5-16.8 0.4-0.8 1.2-0.8h4.3q0.4 0 0.5 0.3z\"\/><\/svg><\/span><\/a><\/li><li class=\"shariff-button linkedin shariff-nocustomcolor\" style=\"background-color:#1488bf;border-radius:1%\"><a href=\"https:\/\/www.linkedin.com\/sharing\/share-offsite\/?url=https%3A%2F%2Fwww.sonnenseite.com%2Fde%2Fmobilitaet%2Fnachhaltige-unternehmensmobilitaet-zum-standard-machen%2F\" title=\"Bei LinkedIn teilen\" aria-label=\"Bei LinkedIn teilen\" role=\"button\" rel=\"noopener nofollow\" class=\"shariff-link\" style=\";border-radius:1%; background-color:#0077b5; color:#fff\" target=\"_blank\"><span class=\"shariff-icon\" style=\"\"><svg width=\"32px\" height=\"20px\" xmlns=\"http:\/\/www.w3.org\/2000\/svg\" viewBox=\"0 0 27 32\"><path fill=\"#0077b5\" d=\"M6.2 11.2v17.7h-5.9v-17.7h5.9zM6.6 5.7q0 1.3-0.9 2.2t-2.4 0.9h0q-1.5 0-2.4-0.9t-0.9-2.2 0.9-2.2 2.4-0.9 2.4 0.9 0.9 2.2zM27.4 18.7v10.1h-5.9v-9.5q0-1.9-0.7-2.9t-2.3-1.1q-1.1 0-1.9 0.6t-1.2 1.5q-0.2 0.5-0.2 1.4v9.9h-5.9q0-7.1 0-11.6t0-5.3l0-0.9h5.9v2.6h0q0.4-0.6 0.7-1t1-0.9 1.6-0.8 2-0.3q3 0 4.9 2t1.9 6z\"\/><\/svg><\/span><\/a><\/li><li class=\"shariff-button printer shariff-nocustomcolor\" style=\"background-color:#a8a8a8;border-radius:1%\"><a href=\"javascript:window.print()\" title=\"drucken\" aria-label=\"drucken\" role=\"button\" rel=\"noopener nofollow\" class=\"shariff-link\" style=\";border-radius:1%; background-color:#999; color:#fff\"><span class=\"shariff-icon\" style=\"\"><svg width=\"32px\" height=\"20px\" xmlns=\"http:\/\/www.w3.org\/2000\/svg\" viewBox=\"0 0 30 32\"><path fill=\"#999\" d=\"M6.8 27.4h16v-4.6h-16v4.6zM6.8 16h16v-6.8h-2.8q-0.7 0-1.2-0.5t-0.5-1.2v-2.8h-11.4v11.4zM27.4 17.2q0-0.5-0.3-0.8t-0.8-0.4-0.8 0.4-0.3 0.8 0.3 0.8 0.8 0.3 0.8-0.3 0.3-0.8zM29.7 17.2v7.4q0 0.2-0.2 0.4t-0.4 0.2h-4v2.8q0 0.7-0.5 1.2t-1.2 0.5h-17.2q-0.7 0-1.2-0.5t-0.5-1.2v-2.8h-4q-0.2 0-0.4-0.2t-0.2-0.4v-7.4q0-1.4 1-2.4t2.4-1h1.2v-9.7q0-0.7 0.5-1.2t1.2-0.5h12q0.7 0 1.6 0.4t1.3 0.8l2.7 2.7q0.5 0.5 0.9 1.4t0.4 1.6v4.6h1.1q1.4 0 2.4 1t1 2.4z\"\/><\/svg><\/span><\/a><\/li><li class=\"shariff-button mailto shariff-nocustomcolor\" style=\"background-color:#a8a8a8;border-radius:1%\"><a href=\"mailto:?body=https%3A%2F%2Fwww.sonnenseite.com%2Fde%2Fmobilitaet%2Fnachhaltige-unternehmensmobilitaet-zum-standard-machen%2F&subject=Nachhaltige%20Unternehmensmobilit%C3%A4t%20zum%20Standard%20machen\" title=\"Per E-Mail versenden\" aria-label=\"Per E-Mail versenden\" role=\"button\" rel=\"noopener nofollow\" class=\"shariff-link\" style=\";border-radius:1%; background-color:#999; color:#fff\"><span class=\"shariff-icon\" style=\"\"><svg width=\"32px\" height=\"20px\" xmlns=\"http:\/\/www.w3.org\/2000\/svg\" viewBox=\"0 0 32 32\"><path fill=\"#999\" d=\"M32 12.7v14.2q0 1.2-0.8 2t-2 0.9h-26.3q-1.2 0-2-0.9t-0.8-2v-14.2q0.8 0.9 1.8 1.6 6.5 4.4 8.9 6.1 1 0.8 1.6 1.2t1.7 0.9 2 0.4h0.1q0.9 0 2-0.4t1.7-0.9 1.6-1.2q3-2.2 8.9-6.1 1-0.7 1.8-1.6zM32 7.4q0 1.4-0.9 2.7t-2.2 2.2q-6.7 4.7-8.4 5.8-0.2 0.1-0.7 0.5t-1 0.7-0.9 0.6-1.1 0.5-0.9 0.2h-0.1q-0.4 0-0.9-0.2t-1.1-0.5-0.9-0.6-1-0.7-0.7-0.5q-1.6-1.1-4.7-3.2t-3.6-2.6q-1.1-0.7-2.1-2t-1-2.5q0-1.4 0.7-2.3t2.1-0.9h26.3q1.2 0 2 0.8t0.9 2z\"\/><\/svg><\/span><\/a><\/li><\/ul><\/div>","protected":false},"excerpt":{"rendered":"<p>Unternehmen und Politik k\u00f6nnen gemeinsam daf\u00fcr sorgen, betriebliche Mobilit\u00e4t auf den Klimaschutz auszurichten. Wie das gelingen [&hellip;]<\/p>\n","protected":false},"author":3,"featured_media":1742,"comment_status":"closed","ping_status":"closed","sticky":false,"template":"","format":"standard","meta":{"inline_featured_image":false,"footnotes":""},"categories":[25],"tags":[],"class_list":["post-89088","post","type-post","status-publish","format-standard","has-post-thumbnail","hentry","category-mobilitaet"],"yoast_head":"<!-- This site is optimized with the Yoast SEO plugin v26.5 - https:\/\/yoast.com\/wordpress\/plugins\/seo\/ -->\n<title>Nachhaltige Unternehmensmobilit\u00e4t zum Standard machen - Sonnenseite - \u00d6kologische Kommunikation mit Franz Alt<\/title>\n<meta name=\"description\" content=\"Unternehmen und Politik k\u00f6nnen gemeinsam daf\u00fcr sorgen, betriebliche Mobilit\u00e4t auf den Klimaschutz auszurichten. Wie das gelingen kann, zeigen\" \/>\n<meta name=\"robots\" content=\"index, follow, max-snippet:-1, max-image-preview:large, max-video-preview:-1\" \/>\n<link rel=\"canonical\" href=\"https:\/\/www.sonnenseite.com\/de\/mobilitaet\/nachhaltige-unternehmensmobilitaet-zum-standard-machen\/\" \/>\n<meta property=\"og:locale\" content=\"de_DE\" \/>\n<meta property=\"og:type\" content=\"article\" \/>\n<meta property=\"og:title\" content=\"Nachhaltige Unternehmensmobilit\u00e4t zum Standard machen - Sonnenseite - \u00d6kologische Kommunikation mit Franz Alt\" \/>\n<meta property=\"og:description\" content=\"Unternehmen und Politik k\u00f6nnen gemeinsam daf\u00fcr sorgen, betriebliche Mobilit\u00e4t auf den Klimaschutz auszurichten. Wie das gelingen kann, zeigen\" \/>\n<meta property=\"og:url\" content=\"https:\/\/www.sonnenseite.com\/de\/mobilitaet\/nachhaltige-unternehmensmobilitaet-zum-standard-machen\/\" \/>\n<meta property=\"og:site_name\" content=\"Sonnenseite\" \/>\n<meta property=\"article:publisher\" content=\"https:\/\/www.facebook.com\/pages\/Franz-Alt-SONNENSEITECOM\/221072987903953?fref=ts\" \/>\n<meta property=\"article:published_time\" content=\"2023-02-15T01:16:01+00:00\" \/>\n<meta property=\"og:image\" content=\"https:\/\/www.sonnenseite.com\/wp-content\/uploads\/2020\/04\/Elektroauto_Sopotniccy.jpg\" \/>\n\t<meta property=\"og:image:width\" content=\"770\" \/>\n\t<meta property=\"og:image:height\" content=\"420\" \/>\n\t<meta property=\"og:image:type\" content=\"image\/jpeg\" \/>\n<meta name=\"author\" content=\"Bigi Alt\" \/>\n<meta name=\"twitter:card\" content=\"summary_large_image\" \/>\n<meta name=\"twitter:creator\" content=\"@franzalt\" \/>\n<meta name=\"twitter:site\" content=\"@franzalt\" \/>\n<meta name=\"twitter:label1\" content=\"Verfasst von\" \/>\n\t<meta name=\"twitter:data1\" content=\"Bigi Alt\" \/>\n\t<meta name=\"twitter:label2\" content=\"Gesch\u00e4tzte Lesezeit\" \/>\n\t<meta name=\"twitter:data2\" content=\"4\u00a0Minuten\" \/>\n<script type=\"application\/ld+json\" class=\"yoast-schema-graph\">{\"@context\":\"https:\/\/schema.org\",\"@graph\":[{\"@type\":\"Article\",\"@id\":\"https:\/\/www.sonnenseite.com\/de\/mobilitaet\/nachhaltige-unternehmensmobilitaet-zum-standard-machen\/#article\",\"isPartOf\":{\"@id\":\"https:\/\/www.sonnenseite.com\/de\/mobilitaet\/nachhaltige-unternehmensmobilitaet-zum-standard-machen\/\"},\"author\":{\"name\":\"Bigi Alt\",\"@id\":\"https:\/\/www.sonnenseite.com\/de\/#\/schema\/person\/50fda0e926597684c7cc6695238a4eb9\"},\"headline\":\"Nachhaltige Unternehmensmobilit\u00e4t zum Standard machen\",\"datePublished\":\"2023-02-15T01:16:01+00:00\",\"mainEntityOfPage\":{\"@id\":\"https:\/\/www.sonnenseite.com\/de\/mobilitaet\/nachhaltige-unternehmensmobilitaet-zum-standard-machen\/\"},\"wordCount\":666,\"publisher\":{\"@id\":\"https:\/\/www.sonnenseite.com\/de\/#organization\"},\"image\":{\"@id\":\"https:\/\/www.sonnenseite.com\/de\/mobilitaet\/nachhaltige-unternehmensmobilitaet-zum-standard-machen\/#primaryimage\"},\"thumbnailUrl\":\"https:\/\/www.sonnenseite.com\/wp-content\/uploads\/2020\/04\/Elektroauto_Sopotniccy.jpg\",\"articleSection\":[\"Mobilit\u00e4t\"],\"inLanguage\":\"de\"},{\"@type\":\"WebPage\",\"@id\":\"https:\/\/www.sonnenseite.com\/de\/mobilitaet\/nachhaltige-unternehmensmobilitaet-zum-standard-machen\/\",\"url\":\"https:\/\/www.sonnenseite.com\/de\/mobilitaet\/nachhaltige-unternehmensmobilitaet-zum-standard-machen\/\",\"name\":\"Nachhaltige Unternehmensmobilit\u00e4t zum Standard machen - Sonnenseite - \u00d6kologische Kommunikation mit Franz Alt\",\"isPartOf\":{\"@id\":\"https:\/\/www.sonnenseite.com\/de\/#website\"},\"primaryImageOfPage\":{\"@id\":\"https:\/\/www.sonnenseite.com\/de\/mobilitaet\/nachhaltige-unternehmensmobilitaet-zum-standard-machen\/#primaryimage\"},\"image\":{\"@id\":\"https:\/\/www.sonnenseite.com\/de\/mobilitaet\/nachhaltige-unternehmensmobilitaet-zum-standard-machen\/#primaryimage\"},\"thumbnailUrl\":\"https:\/\/www.sonnenseite.com\/wp-content\/uploads\/2020\/04\/Elektroauto_Sopotniccy.jpg\",\"datePublished\":\"2023-02-15T01:16:01+00:00\",\"description\":\"Unternehmen und Politik k\u00f6nnen gemeinsam daf\u00fcr sorgen, betriebliche Mobilit\u00e4t auf den Klimaschutz auszurichten. Wie das gelingen kann, zeigen\",\"breadcrumb\":{\"@id\":\"https:\/\/www.sonnenseite.com\/de\/mobilitaet\/nachhaltige-unternehmensmobilitaet-zum-standard-machen\/#breadcrumb\"},\"inLanguage\":\"de\",\"potentialAction\":[{\"@type\":\"ReadAction\",\"target\":[\"https:\/\/www.sonnenseite.com\/de\/mobilitaet\/nachhaltige-unternehmensmobilitaet-zum-standard-machen\/\"]}]},{\"@type\":\"ImageObject\",\"inLanguage\":\"de\",\"@id\":\"https:\/\/www.sonnenseite.com\/de\/mobilitaet\/nachhaltige-unternehmensmobilitaet-zum-standard-machen\/#primaryimage\",\"url\":\"https:\/\/www.sonnenseite.com\/wp-content\/uploads\/2020\/04\/Elektroauto_Sopotniccy.jpg\",\"contentUrl\":\"https:\/\/www.sonnenseite.com\/wp-content\/uploads\/2020\/04\/Elektroauto_Sopotniccy.jpg\",\"width\":770,\"height\":420,\"caption\":\"Depositphotos | Sopotniccy\"},{\"@type\":\"BreadcrumbList\",\"@id\":\"https:\/\/www.sonnenseite.com\/de\/mobilitaet\/nachhaltige-unternehmensmobilitaet-zum-standard-machen\/#breadcrumb\",\"itemListElement\":[{\"@type\":\"ListItem\",\"position\":1,\"name\":\"Startseite\",\"item\":\"https:\/\/www.sonnenseite.com\/de\/\"},{\"@type\":\"ListItem\",\"position\":2,\"name\":\"Nachhaltige Unternehmensmobilit\u00e4t zum Standard machen\"}]},{\"@type\":\"WebSite\",\"@id\":\"https:\/\/www.sonnenseite.com\/de\/#website\",\"url\":\"https:\/\/www.sonnenseite.com\/de\/\",\"name\":\"Sonnenseite\",\"description\":\"\u00d6kologische Kommunikation mit Franz Alt\",\"publisher\":{\"@id\":\"https:\/\/www.sonnenseite.com\/de\/#organization\"},\"potentialAction\":[{\"@type\":\"SearchAction\",\"target\":{\"@type\":\"EntryPoint\",\"urlTemplate\":\"https:\/\/www.sonnenseite.com\/de\/?s={search_term_string}\"},\"query-input\":{\"@type\":\"PropertyValueSpecification\",\"valueRequired\":true,\"valueName\":\"search_term_string\"}}],\"inLanguage\":\"de\"},{\"@type\":\"Organization\",\"@id\":\"https:\/\/www.sonnenseite.com\/de\/#organization\",\"name\":\"Sonnenseite\",\"url\":\"https:\/\/www.sonnenseite.com\/de\/\",\"logo\":{\"@type\":\"ImageObject\",\"inLanguage\":\"de\",\"@id\":\"https:\/\/www.sonnenseite.com\/de\/#\/schema\/logo\/image\/\",\"url\":\"https:\/\/www.sonnenseite.com\/wp-content\/uploads\/2020\/05\/Sonnenseite_Logo.png\",\"contentUrl\":\"https:\/\/www.sonnenseite.com\/wp-content\/uploads\/2020\/05\/Sonnenseite_Logo.png\",\"width\":377,\"height\":90,\"caption\":\"Sonnenseite\"},\"image\":{\"@id\":\"https:\/\/www.sonnenseite.com\/de\/#\/schema\/logo\/image\/\"},\"sameAs\":[\"https:\/\/www.facebook.com\/pages\/Franz-Alt-SONNENSEITECOM\/221072987903953?fref=ts\",\"https:\/\/x.com\/franzalt\",\"http:\/\/www.youtube.com\/results?search_query&amp;amp;quot;franz_alt&amp;amp;quot;&amp;amp;amp;amp;search_type&amp;amp;amp;amp;aq=f\"]},{\"@type\":\"Person\",\"@id\":\"https:\/\/www.sonnenseite.com\/de\/#\/schema\/person\/50fda0e926597684c7cc6695238a4eb9\",\"name\":\"Bigi Alt\"}]}<\/script>\n<!-- \/ Yoast SEO plugin. -->","yoast_head_json":{"title":"Nachhaltige Unternehmensmobilit\u00e4t zum Standard machen - Sonnenseite - \u00d6kologische Kommunikation mit Franz Alt","description":"Unternehmen und Politik k\u00f6nnen gemeinsam daf\u00fcr sorgen, betriebliche Mobilit\u00e4t auf den Klimaschutz auszurichten. Wie das gelingen kann, zeigen","robots":{"index":"index","follow":"follow","max-snippet":"max-snippet:-1","max-image-preview":"max-image-preview:large","max-video-preview":"max-video-preview:-1"},"canonical":"https:\/\/www.sonnenseite.com\/de\/mobilitaet\/nachhaltige-unternehmensmobilitaet-zum-standard-machen\/","og_locale":"de_DE","og_type":"article","og_title":"Nachhaltige Unternehmensmobilit\u00e4t zum Standard machen - Sonnenseite - \u00d6kologische Kommunikation mit Franz Alt","og_description":"Unternehmen und Politik k\u00f6nnen gemeinsam daf\u00fcr sorgen, betriebliche Mobilit\u00e4t auf den Klimaschutz auszurichten. Wie das gelingen kann, zeigen","og_url":"https:\/\/www.sonnenseite.com\/de\/mobilitaet\/nachhaltige-unternehmensmobilitaet-zum-standard-machen\/","og_site_name":"Sonnenseite","article_publisher":"https:\/\/www.facebook.com\/pages\/Franz-Alt-SONNENSEITECOM\/221072987903953?fref=ts","article_published_time":"2023-02-15T01:16:01+00:00","og_image":[{"width":770,"height":420,"url":"https:\/\/www.sonnenseite.com\/wp-content\/uploads\/2020\/04\/Elektroauto_Sopotniccy.jpg","type":"image\/jpeg"}],"author":"Bigi Alt","twitter_card":"summary_large_image","twitter_creator":"@franzalt","twitter_site":"@franzalt","twitter_misc":{"Verfasst von":"Bigi Alt","Gesch\u00e4tzte Lesezeit":"4\u00a0Minuten"},"schema":{"@context":"https:\/\/schema.org","@graph":[{"@type":"Article","@id":"https:\/\/www.sonnenseite.com\/de\/mobilitaet\/nachhaltige-unternehmensmobilitaet-zum-standard-machen\/#article","isPartOf":{"@id":"https:\/\/www.sonnenseite.com\/de\/mobilitaet\/nachhaltige-unternehmensmobilitaet-zum-standard-machen\/"},"author":{"name":"Bigi Alt","@id":"https:\/\/www.sonnenseite.com\/de\/#\/schema\/person\/50fda0e926597684c7cc6695238a4eb9"},"headline":"Nachhaltige Unternehmensmobilit\u00e4t zum Standard machen","datePublished":"2023-02-15T01:16:01+00:00","mainEntityOfPage":{"@id":"https:\/\/www.sonnenseite.com\/de\/mobilitaet\/nachhaltige-unternehmensmobilitaet-zum-standard-machen\/"},"wordCount":666,"publisher":{"@id":"https:\/\/www.sonnenseite.com\/de\/#organization"},"image":{"@id":"https:\/\/www.sonnenseite.com\/de\/mobilitaet\/nachhaltige-unternehmensmobilitaet-zum-standard-machen\/#primaryimage"},"thumbnailUrl":"https:\/\/www.sonnenseite.com\/wp-content\/uploads\/2020\/04\/Elektroauto_Sopotniccy.jpg","articleSection":["Mobilit\u00e4t"],"inLanguage":"de"},{"@type":"WebPage","@id":"https:\/\/www.sonnenseite.com\/de\/mobilitaet\/nachhaltige-unternehmensmobilitaet-zum-standard-machen\/","url":"https:\/\/www.sonnenseite.com\/de\/mobilitaet\/nachhaltige-unternehmensmobilitaet-zum-standard-machen\/","name":"Nachhaltige Unternehmensmobilit\u00e4t zum Standard machen - Sonnenseite - \u00d6kologische Kommunikation mit Franz Alt","isPartOf":{"@id":"https:\/\/www.sonnenseite.com\/de\/#website"},"primaryImageOfPage":{"@id":"https:\/\/www.sonnenseite.com\/de\/mobilitaet\/nachhaltige-unternehmensmobilitaet-zum-standard-machen\/#primaryimage"},"image":{"@id":"https:\/\/www.sonnenseite.com\/de\/mobilitaet\/nachhaltige-unternehmensmobilitaet-zum-standard-machen\/#primaryimage"},"thumbnailUrl":"https:\/\/www.sonnenseite.com\/wp-content\/uploads\/2020\/04\/Elektroauto_Sopotniccy.jpg","datePublished":"2023-02-15T01:16:01+00:00","description":"Unternehmen und Politik k\u00f6nnen gemeinsam daf\u00fcr sorgen, betriebliche Mobilit\u00e4t auf den Klimaschutz auszurichten. Wie das gelingen kann, zeigen","breadcrumb":{"@id":"https:\/\/www.sonnenseite.com\/de\/mobilitaet\/nachhaltige-unternehmensmobilitaet-zum-standard-machen\/#breadcrumb"},"inLanguage":"de","potentialAction":[{"@type":"ReadAction","target":["https:\/\/www.sonnenseite.com\/de\/mobilitaet\/nachhaltige-unternehmensmobilitaet-zum-standard-machen\/"]}]},{"@type":"ImageObject","inLanguage":"de","@id":"https:\/\/www.sonnenseite.com\/de\/mobilitaet\/nachhaltige-unternehmensmobilitaet-zum-standard-machen\/#primaryimage","url":"https:\/\/www.sonnenseite.com\/wp-content\/uploads\/2020\/04\/Elektroauto_Sopotniccy.jpg","contentUrl":"https:\/\/www.sonnenseite.com\/wp-content\/uploads\/2020\/04\/Elektroauto_Sopotniccy.jpg","width":770,"height":420,"caption":"Depositphotos | Sopotniccy"},{"@type":"BreadcrumbList","@id":"https:\/\/www.sonnenseite.com\/de\/mobilitaet\/nachhaltige-unternehmensmobilitaet-zum-standard-machen\/#breadcrumb","itemListElement":[{"@type":"ListItem","position":1,"name":"Startseite","item":"https:\/\/www.sonnenseite.com\/de\/"},{"@type":"ListItem","position":2,"name":"Nachhaltige Unternehmensmobilit\u00e4t zum Standard machen"}]},{"@type":"WebSite","@id":"https:\/\/www.sonnenseite.com\/de\/#website","url":"https:\/\/www.sonnenseite.com\/de\/","name":"Sonnenseite","description":"\u00d6kologische Kommunikation mit Franz Alt","publisher":{"@id":"https:\/\/www.sonnenseite.com\/de\/#organization"},"potentialAction":[{"@type":"SearchAction","target":{"@type":"EntryPoint","urlTemplate":"https:\/\/www.sonnenseite.com\/de\/?s={search_term_string}"},"query-input":{"@type":"PropertyValueSpecification","valueRequired":true,"valueName":"search_term_string"}}],"inLanguage":"de"},{"@type":"Organization","@id":"https:\/\/www.sonnenseite.com\/de\/#organization","name":"Sonnenseite","url":"https:\/\/www.sonnenseite.com\/de\/","logo":{"@type":"ImageObject","inLanguage":"de","@id":"https:\/\/www.sonnenseite.com\/de\/#\/schema\/logo\/image\/","url":"https:\/\/www.sonnenseite.com\/wp-content\/uploads\/2020\/05\/Sonnenseite_Logo.png","contentUrl":"https:\/\/www.sonnenseite.com\/wp-content\/uploads\/2020\/05\/Sonnenseite_Logo.png","width":377,"height":90,"caption":"Sonnenseite"},"image":{"@id":"https:\/\/www.sonnenseite.com\/de\/#\/schema\/logo\/image\/"},"sameAs":["https:\/\/www.facebook.com\/pages\/Franz-Alt-SONNENSEITECOM\/221072987903953?fref=ts","https:\/\/x.com\/franzalt","http:\/\/www.youtube.com\/results?search_query&amp;amp;quot;franz_alt&amp;amp;quot;&amp;amp;amp;amp;search_type&amp;amp;amp;amp;aq=f"]},{"@type":"Person","@id":"https:\/\/www.sonnenseite.com\/de\/#\/schema\/person\/50fda0e926597684c7cc6695238a4eb9","name":"Bigi Alt"}]}},"_links":{"self":[{"href":"https:\/\/www.sonnenseite.com\/de\/wp-json\/wp\/v2\/posts\/89088","targetHints":{"allow":["GET"]}}],"collection":[{"href":"https:\/\/www.sonnenseite.com\/de\/wp-json\/wp\/v2\/posts"}],"about":[{"href":"https:\/\/www.sonnenseite.com\/de\/wp-json\/wp\/v2\/types\/post"}],"author":[{"embeddable":true,"href":"https:\/\/www.sonnenseite.com\/de\/wp-json\/wp\/v2\/users\/3"}],"replies":[{"embeddable":true,"href":"https:\/\/www.sonnenseite.com\/de\/wp-json\/wp\/v2\/comments?post=89088"}],"version-history":[{"count":3,"href":"https:\/\/www.sonnenseite.com\/de\/wp-json\/wp\/v2\/posts\/89088\/revisions"}],"predecessor-version":[{"id":89093,"href":"https:\/\/www.sonnenseite.com\/de\/wp-json\/wp\/v2\/posts\/89088\/revisions\/89093"}],"wp:featuredmedia":[{"embeddable":true,"href":"https:\/\/www.sonnenseite.com\/de\/wp-json\/wp\/v2\/media\/1742"}],"wp:attachment":[{"href":"https:\/\/www.sonnenseite.com\/de\/wp-json\/wp\/v2\/media?parent=89088"}],"wp:term":[{"taxonomy":"category","embeddable":true,"href":"https:\/\/www.sonnenseite.com\/de\/wp-json\/wp\/v2\/categories?post=89088"},{"taxonomy":"post_tag","embeddable":true,"href":"https:\/\/www.sonnenseite.com\/de\/wp-json\/wp\/v2\/tags?post=89088"}],"curies":[{"name":"wp","href":"https:\/\/api.w.org\/{rel}","templated":true}]}}