{"id":89160,"date":"2023-02-18T02:31:00","date_gmt":"2023-02-18T01:31:00","guid":{"rendered":"https:\/\/www.sonnenseite.com\/?p=89160"},"modified":"2023-02-17T14:33:06","modified_gmt":"2023-02-17T13:33:06","slug":"flaechen-fuer-die-energiewende","status":"publish","type":"post","link":"https:\/\/www.sonnenseite.com\/de\/politik\/flaechen-fuer-die-energiewende\/","title":{"rendered":"Fl\u00e4chen f\u00fcr die Energiewende"},"content":{"rendered":"\n<p>Wie die Bundesl\u00e4nder Raum f\u00fcr Erneuerbare Energien schaffen. Photovoltaik-Freifl\u00e4chenanlagen und Windenergieanlagen spielen eine Schl\u00fcsselrolle in der Energiewende. <\/p>\n\n\n\n<p>Bei der Windenergie hat die Bundesregierung jedem Bundesland eigene Ausbauziele auferlegt. Ein neues Hintergrundpapier der Agentur f\u00fcr Erneuerbare Energien (AEE) zeigt, wie die Raumplanung in den Bundesl\u00e4ndern in Zusammenhang mit dem Ausbau der Erneuerbaren Energien funktioniert und wie weit die Bundesl\u00e4nder bei der Fl\u00e4chenausweisung f\u00fcr die Windenergie sowie beim Ausbau der Freifl\u00e4chen-Photovoltaik sind.<\/p>\n\n\n<div class=\"wp-block-image\">\n<figure class=\"alignleft size-full is-resized\"><a href=\"https:\/\/www.sonnenseite.com\/wp-content\/uploads\/2023\/02\/AEE_Flaechen-EE.jpg\"><img loading=\"lazy\" decoding=\"async\" src=\"https:\/\/www.sonnenseite.com\/wp-content\/uploads\/2023\/02\/AEE_Flaechen-EE.jpg\" alt=\"\" class=\"wp-image-89162\" width=\"465\" height=\"468\" srcset=\"https:\/\/www.sonnenseite.com\/wp-content\/uploads\/2023\/02\/AEE_Flaechen-EE.jpg 730w, https:\/\/www.sonnenseite.com\/wp-content\/uploads\/2023\/02\/AEE_Flaechen-EE-298x300.jpg 298w, https:\/\/www.sonnenseite.com\/wp-content\/uploads\/2023\/02\/AEE_Flaechen-EE-150x150.jpg 150w, https:\/\/www.sonnenseite.com\/wp-content\/uploads\/2023\/02\/AEE_Flaechen-EE-194x194.jpg 194w\" sizes=\"auto, (max-width: 465px) 100vw, 465px\" \/><\/a><figcaption class=\"wp-element-caption\">\u00a9 AEE \/ Zum Vergr\u00f6\u00dfern anklicken!<\/figcaption><\/figure>\n<\/div>\n\n\n<p>Die Windenergie soll ab Mitte des Jahrzehnts um zehn Gigawatt pro Jahr ausgebaut werden, was einer <a href=\"https:\/\/www.unendlich-viel-energie.de\/media\/image\/72731.AEE_Servicestelle-Anteil-Elektro-PKW_Okt21_72dpi.jpg\">AEE_Servicestelle-Anteil-Elektro-PKW_Okt21_72dpi<\/a>Vervierfachung gegen\u00fcber dem Jahr 2022 und einer Verdopplung gegen\u00fcber dem Rekordjahr 2017 entspricht. Der Bund hat selbst keinen Einfluss darauf, wo Windr\u00e4der gebaut werden d\u00fcrfen. Die Raumplanung liegt entweder direkt im Kompetenzbereich der Bundesl\u00e4nder oder indirekt in den untergeordneten Planungsregionen und Kommunen. Der Bund kann den L\u00e4ndern aber verbindliche Zielvorgaben machen: Bis 2027 m\u00fcssen 1,4 Prozent und bis 2032 zwei Prozent der Bundesfl\u00e4che f\u00fcr den Bau neuer Windenergieanlagen zur Verf\u00fcgung gestellt werden. Jedes Bundesland bekommt wiederum eine individuelle Zielmarke auferlegt. Schleswig-Holstein hat bereits zwei Prozent der Landesfl\u00e4che f\u00fcr die Windenergie bereitgestellt. In Summe steht aber bisher erst weniger als ein Prozent der Fl\u00e4che Deutschlands (ca. 3.000 km\u00b2) f\u00fcr Windprojekte zur Verf\u00fcgung. \u201eManche Bundesl\u00e4nder sind ihrem jeweiligen Ziel schon relativ nah. Um das Zwei-Prozent-Ziel des Bundes zu erreichen, brauchen wir aber bundesl\u00e4nder\u00fcbergreifend noch mehr als doppelt so viele Fl\u00e4chen\u201c, betont Dr. Robert Brandt, Gesch\u00e4ftsf\u00fchrer der AEE.<br><br>Auch die Solarenergie soll massiv ausgebaut werden. Ab Mitte des Jahrzehnts sollen 22 Gigawatt Leistung pro Jahr neu hinzukommen, was einer Verdreifachung gegen\u00fcber 2022 entspricht. Gro\u00dfe Freifl\u00e4chenanlagen sollen dabei eine wichtige Rolle spielen. Den gr\u00f6\u00dften Zubau im Jahr 2021 Bayern mit 761 Megawatt verzeichnen. Bezogen auf die Landesfl\u00e4che ist in Brandenburg mit 94 Kilowatt pro Quadratkilometer die h\u00f6chste Leistung an Solarenergie installiert. Doch auch Solarparks d\u00fcrfen nicht \u00fcberall gebaut werden. Sie m\u00fcssen auf Konversionsfl\u00e4chen, wie etwa ehemaligen Milit\u00e4ranlagen oder Flugpl\u00e4tzen oder am Rand von Autobahnen und Schienenwegen errichtet werden. Seit Januar 2023 kommen ehemalige Moorfl\u00e4chen, die dauerhaft wieder vern\u00e4sst werden sollen sowie die sogenannte Agri-PV und Floating-PV neu hinzu. Bei Agri-PV-Anlagen werden die Solarmodule auf hohen St\u00e4ndern installiert, sodass darunter Pflanzen angebaut werden und teilweise sogar Landmaschinen darunter fahren k\u00f6nnen. Sie erm\u00f6glicht also eine Doppelnutzung zur Strom- und Nahrungsmittelproduktion. Unter Floating-PV versteht man Anlagen, die auf ungenutzten Gew\u00e4ssern schwimmen \u2013 wie zum Beispiel auf stillgelegten Kohlegruben. Die Bundesl\u00e4nder k\u00f6nnen dar\u00fcber hinaus auch landwirtschaftliche Fl\u00e4chen, die wegen schlechter Bodenqualit\u00e4t oder ung\u00fcnstiger klimatischer Bedingungen relativ geringe Ertr\u00e4ge erwirtschaften, f\u00fcr den Bau von Solarkraftwerken freigeben. Von dieser L\u00e4nder\u00f6ffnungsklausel machen bisher Baden-W\u00fcrttemberg, Bayern, Hessen, Niedersachsen, Nordrhein-Westphalen, Rheinland-Pfalz, Saarland, Sachsen und Sachsen-Anhalt Gebrauch.<\/p>\n\n\n\n<ul class=\"wp-block-list\">\n<li><a href=\"https:\/\/www.unendlich-viel-energie.de\/mediathek\/publikationen\/raumplanung-und-erneuerbare-energien\">Das Hintergrundpapier<\/a><\/li>\n\n\n\n<li>Weitere Informationen zur Energiewende in den Bundesl\u00e4ndern sind auf der Online-Datenbank <a href=\"http:\/\/q101.mjt.lu\/lnk\/AVQAAAyv9OIAAcqYMi4AAAKd5MQAAAAUYKwAJNK3AAnxkABj7Lgsd0p1RbK_S5ueuLe4YeqJ0wAJaPw\/2\/y4dMwN9a_9EAjPLbl4W76Q\/aHR0cDovL3d3dy5mb2VkZXJhbC1lcm5ldWVyYmFyLmRl\" target=\"_blank\" rel=\"noreferrer noopener\">www.foederal-erneuerbar.de<\/a> der AEE zu finden.&nbsp;<\/li>\n<\/ul>\n\n\n<h5 class=\"green\">Quelle<\/h5>\r\n\n\n\n<p><a href=\"https:\/\/www.unendlich-viel-energie.de\/\">Agentur f\u00fcr Erneuerbare Energien 2023<\/a><\/p>\n<div class=\"shariff shariff-align-flex-start shariff-widget-align-flex-start\"><div class=\"ShariffHeadline\">Diese Meldung teilen<\/div><ul class=\"shariff-buttons theme-round orientation-horizontal buttonsize-medium\"><li class=\"shariff-button facebook shariff-nocustomcolor\" style=\"background-color:#4273c8;border-radius:1%\"><a href=\"https:\/\/www.facebook.com\/sharer\/sharer.php?u=https%3A%2F%2Fwww.sonnenseite.com%2Fde%2Fpolitik%2Fflaechen-fuer-die-energiewende%2F\" title=\"Bei Facebook teilen\" aria-label=\"Bei Facebook teilen\" role=\"button\" rel=\"nofollow\" class=\"shariff-link\" style=\";border-radius:1%; background-color:#3b5998; color:#fff\" target=\"_blank\"><span class=\"shariff-icon\" style=\"\"><svg width=\"32px\" height=\"20px\" xmlns=\"http:\/\/www.w3.org\/2000\/svg\" viewBox=\"0 0 18 32\"><path fill=\"#3b5998\" d=\"M17.1 0.2v4.7h-2.8q-1.5 0-2.1 0.6t-0.5 1.9v3.4h5.2l-0.7 5.3h-4.5v13.6h-5.5v-13.6h-4.5v-5.3h4.5v-3.9q0-3.3 1.9-5.2t5-1.8q2.6 0 4.1 0.2z\"\/><\/svg><\/span><\/a><\/li><li class=\"shariff-button twitter shariff-nocustomcolor\" style=\"background-color:#595959;border-radius:1%\"><a href=\"https:\/\/twitter.com\/share?url=https%3A%2F%2Fwww.sonnenseite.com%2Fde%2Fpolitik%2Fflaechen-fuer-die-energiewende%2F&text=Fl%C3%A4chen%20f%C3%BCr%20die%20Energiewende\" title=\"Bei X teilen\" aria-label=\"Bei X teilen\" role=\"button\" rel=\"noopener nofollow\" class=\"shariff-link\" style=\";border-radius:1%; background-color:#000; color:#fff\" target=\"_blank\"><span class=\"shariff-icon\" style=\"\"><svg width=\"32px\" height=\"20px\" xmlns=\"http:\/\/www.w3.org\/2000\/svg\" viewBox=\"0 0 24 24\"><path fill=\"#000\" d=\"M14.258 10.152L23.176 0h-2.113l-7.747 8.813L7.133 0H0l9.352 13.328L0 23.973h2.113l8.176-9.309 6.531 9.309h7.133zm-2.895 3.293l-.949-1.328L2.875 1.56h3.246l6.086 8.523.945 1.328 7.91 11.078h-3.246zm0 0\"\/><\/svg><\/span><\/a><\/li><li class=\"shariff-button xing shariff-nocustomcolor\" style=\"background-color:#29888a;border-radius:1%\"><a href=\"https:\/\/www.xing.com\/spi\/shares\/new?url=https%3A%2F%2Fwww.sonnenseite.com%2Fde%2Fpolitik%2Fflaechen-fuer-die-energiewende%2F\" title=\"Bei XING teilen\" aria-label=\"Bei XING teilen\" role=\"button\" rel=\"noopener nofollow\" class=\"shariff-link\" style=\";border-radius:1%; background-color:#126567; color:#fff\" target=\"_blank\"><span class=\"shariff-icon\" style=\"\"><svg width=\"32px\" height=\"20px\" xmlns=\"http:\/\/www.w3.org\/2000\/svg\" viewBox=\"0 0 25 32\"><path fill=\"#126567\" d=\"M10.7 11.9q-0.2 0.3-4.6 8.2-0.5 0.8-1.2 0.8h-4.3q-0.4 0-0.5-0.3t0-0.6l4.5-8q0 0 0 0l-2.9-5q-0.2-0.4 0-0.7 0.2-0.3 0.5-0.3h4.3q0.7 0 1.2 0.8zM25.1 0.4q0.2 0.3 0 0.7l-9.4 16.7 6 11q0.2 0.4 0 0.6-0.2 0.3-0.6 0.3h-4.3q-0.7 0-1.2-0.8l-6-11.1q0.3-0.6 9.5-16.8 0.4-0.8 1.2-0.8h4.3q0.4 0 0.5 0.3z\"\/><\/svg><\/span><\/a><\/li><li class=\"shariff-button linkedin shariff-nocustomcolor\" style=\"background-color:#1488bf;border-radius:1%\"><a href=\"https:\/\/www.linkedin.com\/sharing\/share-offsite\/?url=https%3A%2F%2Fwww.sonnenseite.com%2Fde%2Fpolitik%2Fflaechen-fuer-die-energiewende%2F\" title=\"Bei LinkedIn teilen\" aria-label=\"Bei LinkedIn teilen\" role=\"button\" rel=\"noopener nofollow\" class=\"shariff-link\" style=\";border-radius:1%; background-color:#0077b5; color:#fff\" target=\"_blank\"><span class=\"shariff-icon\" style=\"\"><svg width=\"32px\" height=\"20px\" xmlns=\"http:\/\/www.w3.org\/2000\/svg\" viewBox=\"0 0 27 32\"><path fill=\"#0077b5\" d=\"M6.2 11.2v17.7h-5.9v-17.7h5.9zM6.6 5.7q0 1.3-0.9 2.2t-2.4 0.9h0q-1.5 0-2.4-0.9t-0.9-2.2 0.9-2.2 2.4-0.9 2.4 0.9 0.9 2.2zM27.4 18.7v10.1h-5.9v-9.5q0-1.9-0.7-2.9t-2.3-1.1q-1.1 0-1.9 0.6t-1.2 1.5q-0.2 0.5-0.2 1.4v9.9h-5.9q0-7.1 0-11.6t0-5.3l0-0.9h5.9v2.6h0q0.4-0.6 0.7-1t1-0.9 1.6-0.8 2-0.3q3 0 4.9 2t1.9 6z\"\/><\/svg><\/span><\/a><\/li><li class=\"shariff-button printer shariff-nocustomcolor\" style=\"background-color:#a8a8a8;border-radius:1%\"><a href=\"javascript:window.print()\" title=\"drucken\" aria-label=\"drucken\" role=\"button\" rel=\"noopener nofollow\" class=\"shariff-link\" style=\";border-radius:1%; background-color:#999; color:#fff\"><span class=\"shariff-icon\" style=\"\"><svg width=\"32px\" height=\"20px\" xmlns=\"http:\/\/www.w3.org\/2000\/svg\" viewBox=\"0 0 30 32\"><path fill=\"#999\" d=\"M6.8 27.4h16v-4.6h-16v4.6zM6.8 16h16v-6.8h-2.8q-0.7 0-1.2-0.5t-0.5-1.2v-2.8h-11.4v11.4zM27.4 17.2q0-0.5-0.3-0.8t-0.8-0.4-0.8 0.4-0.3 0.8 0.3 0.8 0.8 0.3 0.8-0.3 0.3-0.8zM29.7 17.2v7.4q0 0.2-0.2 0.4t-0.4 0.2h-4v2.8q0 0.7-0.5 1.2t-1.2 0.5h-17.2q-0.7 0-1.2-0.5t-0.5-1.2v-2.8h-4q-0.2 0-0.4-0.2t-0.2-0.4v-7.4q0-1.4 1-2.4t2.4-1h1.2v-9.7q0-0.7 0.5-1.2t1.2-0.5h12q0.7 0 1.6 0.4t1.3 0.8l2.7 2.7q0.5 0.5 0.9 1.4t0.4 1.6v4.6h1.1q1.4 0 2.4 1t1 2.4z\"\/><\/svg><\/span><\/a><\/li><li class=\"shariff-button mailto shariff-nocustomcolor\" style=\"background-color:#a8a8a8;border-radius:1%\"><a href=\"mailto:?body=https%3A%2F%2Fwww.sonnenseite.com%2Fde%2Fpolitik%2Fflaechen-fuer-die-energiewende%2F&subject=Fl%C3%A4chen%20f%C3%BCr%20die%20Energiewende\" title=\"Per E-Mail versenden\" aria-label=\"Per E-Mail versenden\" role=\"button\" rel=\"noopener nofollow\" class=\"shariff-link\" style=\";border-radius:1%; background-color:#999; color:#fff\"><span class=\"shariff-icon\" style=\"\"><svg width=\"32px\" height=\"20px\" xmlns=\"http:\/\/www.w3.org\/2000\/svg\" viewBox=\"0 0 32 32\"><path fill=\"#999\" d=\"M32 12.7v14.2q0 1.2-0.8 2t-2 0.9h-26.3q-1.2 0-2-0.9t-0.8-2v-14.2q0.8 0.9 1.8 1.6 6.5 4.4 8.9 6.1 1 0.8 1.6 1.2t1.7 0.9 2 0.4h0.1q0.9 0 2-0.4t1.7-0.9 1.6-1.2q3-2.2 8.9-6.1 1-0.7 1.8-1.6zM32 7.4q0 1.4-0.9 2.7t-2.2 2.2q-6.7 4.7-8.4 5.8-0.2 0.1-0.7 0.5t-1 0.7-0.9 0.6-1.1 0.5-0.9 0.2h-0.1q-0.4 0-0.9-0.2t-1.1-0.5-0.9-0.6-1-0.7-0.7-0.5q-1.6-1.1-4.7-3.2t-3.6-2.6q-1.1-0.7-2.1-2t-1-2.5q0-1.4 0.7-2.3t2.1-0.9h26.3q1.2 0 2 0.8t0.9 2z\"\/><\/svg><\/span><\/a><\/li><\/ul><\/div>","protected":false},"excerpt":{"rendered":"<p>Wie die Bundesl\u00e4nder Raum f\u00fcr Erneuerbare Energien schaffen. Photovoltaik-Freifl\u00e4chenanlagen und Windenergieanlagen spielen eine Schl\u00fcsselrolle in der [&hellip;]<\/p>\n","protected":false},"author":3,"featured_media":71586,"comment_status":"closed","ping_status":"closed","sticky":false,"template":"","format":"standard","meta":{"inline_featured_image":false,"footnotes":""},"categories":[21],"tags":[],"class_list":["post-89160","post","type-post","status-publish","format-standard","has-post-thumbnail","hentry","category-politik"],"yoast_head":"<!-- This site is optimized with the Yoast SEO plugin v26.5 - https:\/\/yoast.com\/wordpress\/plugins\/seo\/ -->\n<title>Fl\u00e4chen f\u00fcr die Energiewende - Sonnenseite - \u00d6kologische Kommunikation mit Franz Alt<\/title>\n<meta name=\"description\" content=\"Wie die Bundesl\u00e4nder Raum f\u00fcr Erneuerbare Energien schaffen. Photovoltaik-Freifl\u00e4chenanlagen und Windenergieanlagen spielen eine Schl\u00fcsselrolle in der\" \/>\n<meta name=\"robots\" content=\"index, follow, max-snippet:-1, max-image-preview:large, max-video-preview:-1\" \/>\n<link rel=\"canonical\" href=\"https:\/\/www.sonnenseite.com\/de\/politik\/flaechen-fuer-die-energiewende\/\" \/>\n<meta property=\"og:locale\" content=\"de_DE\" \/>\n<meta property=\"og:type\" content=\"article\" \/>\n<meta property=\"og:title\" content=\"Fl\u00e4chen f\u00fcr die Energiewende - Sonnenseite - \u00d6kologische Kommunikation mit Franz Alt\" \/>\n<meta property=\"og:description\" content=\"Wie die Bundesl\u00e4nder Raum f\u00fcr Erneuerbare Energien schaffen. Photovoltaik-Freifl\u00e4chenanlagen und Windenergieanlagen spielen eine Schl\u00fcsselrolle in der\" \/>\n<meta property=\"og:url\" content=\"https:\/\/www.sonnenseite.com\/de\/politik\/flaechen-fuer-die-energiewende\/\" \/>\n<meta property=\"og:site_name\" content=\"Sonnenseite\" \/>\n<meta property=\"article:publisher\" content=\"https:\/\/www.facebook.com\/pages\/Franz-Alt-SONNENSEITECOM\/221072987903953?fref=ts\" \/>\n<meta property=\"article:published_time\" content=\"2023-02-18T01:31:00+00:00\" \/>\n<meta property=\"og:image\" content=\"https:\/\/www.sonnenseite.com\/wp-content\/uploads\/2021\/05\/Solarpark_andreas-gucklhorn.jpg\" \/>\n\t<meta property=\"og:image:width\" content=\"770\" \/>\n\t<meta property=\"og:image:height\" content=\"420\" \/>\n\t<meta property=\"og:image:type\" content=\"image\/jpeg\" \/>\n<meta name=\"author\" content=\"Bigi Alt\" \/>\n<meta name=\"twitter:card\" content=\"summary_large_image\" \/>\n<meta name=\"twitter:creator\" content=\"@franzalt\" \/>\n<meta name=\"twitter:site\" content=\"@franzalt\" \/>\n<meta name=\"twitter:label1\" content=\"Verfasst von\" \/>\n\t<meta name=\"twitter:data1\" content=\"Bigi Alt\" \/>\n\t<meta name=\"twitter:label2\" content=\"Gesch\u00e4tzte Lesezeit\" \/>\n\t<meta name=\"twitter:data2\" content=\"3\u00a0Minuten\" \/>\n<script type=\"application\/ld+json\" class=\"yoast-schema-graph\">{\"@context\":\"https:\/\/schema.org\",\"@graph\":[{\"@type\":\"Article\",\"@id\":\"https:\/\/www.sonnenseite.com\/de\/politik\/flaechen-fuer-die-energiewende\/#article\",\"isPartOf\":{\"@id\":\"https:\/\/www.sonnenseite.com\/de\/politik\/flaechen-fuer-die-energiewende\/\"},\"author\":{\"name\":\"Bigi Alt\",\"@id\":\"https:\/\/www.sonnenseite.com\/de\/#\/schema\/person\/50fda0e926597684c7cc6695238a4eb9\"},\"headline\":\"Fl\u00e4chen f\u00fcr die Energiewende\",\"datePublished\":\"2023-02-18T01:31:00+00:00\",\"mainEntityOfPage\":{\"@id\":\"https:\/\/www.sonnenseite.com\/de\/politik\/flaechen-fuer-die-energiewende\/\"},\"wordCount\":516,\"publisher\":{\"@id\":\"https:\/\/www.sonnenseite.com\/de\/#organization\"},\"image\":{\"@id\":\"https:\/\/www.sonnenseite.com\/de\/politik\/flaechen-fuer-die-energiewende\/#primaryimage\"},\"thumbnailUrl\":\"https:\/\/www.sonnenseite.com\/wp-content\/uploads\/2021\/05\/Solarpark_andreas-gucklhorn.jpg\",\"articleSection\":[\"Politik\"],\"inLanguage\":\"de\"},{\"@type\":\"WebPage\",\"@id\":\"https:\/\/www.sonnenseite.com\/de\/politik\/flaechen-fuer-die-energiewende\/\",\"url\":\"https:\/\/www.sonnenseite.com\/de\/politik\/flaechen-fuer-die-energiewende\/\",\"name\":\"Fl\u00e4chen f\u00fcr die Energiewende - Sonnenseite - \u00d6kologische Kommunikation mit Franz Alt\",\"isPartOf\":{\"@id\":\"https:\/\/www.sonnenseite.com\/de\/#website\"},\"primaryImageOfPage\":{\"@id\":\"https:\/\/www.sonnenseite.com\/de\/politik\/flaechen-fuer-die-energiewende\/#primaryimage\"},\"image\":{\"@id\":\"https:\/\/www.sonnenseite.com\/de\/politik\/flaechen-fuer-die-energiewende\/#primaryimage\"},\"thumbnailUrl\":\"https:\/\/www.sonnenseite.com\/wp-content\/uploads\/2021\/05\/Solarpark_andreas-gucklhorn.jpg\",\"datePublished\":\"2023-02-18T01:31:00+00:00\",\"description\":\"Wie die Bundesl\u00e4nder Raum f\u00fcr Erneuerbare Energien schaffen. Photovoltaik-Freifl\u00e4chenanlagen und Windenergieanlagen spielen eine Schl\u00fcsselrolle in der\",\"breadcrumb\":{\"@id\":\"https:\/\/www.sonnenseite.com\/de\/politik\/flaechen-fuer-die-energiewende\/#breadcrumb\"},\"inLanguage\":\"de\",\"potentialAction\":[{\"@type\":\"ReadAction\",\"target\":[\"https:\/\/www.sonnenseite.com\/de\/politik\/flaechen-fuer-die-energiewende\/\"]}]},{\"@type\":\"ImageObject\",\"inLanguage\":\"de\",\"@id\":\"https:\/\/www.sonnenseite.com\/de\/politik\/flaechen-fuer-die-energiewende\/#primaryimage\",\"url\":\"https:\/\/www.sonnenseite.com\/wp-content\/uploads\/2021\/05\/Solarpark_andreas-gucklhorn.jpg\",\"contentUrl\":\"https:\/\/www.sonnenseite.com\/wp-content\/uploads\/2021\/05\/Solarpark_andreas-gucklhorn.jpg\",\"width\":770,\"height\":420,\"caption\":\"unsplash.com | andreas g\u00fccklhorn\"},{\"@type\":\"BreadcrumbList\",\"@id\":\"https:\/\/www.sonnenseite.com\/de\/politik\/flaechen-fuer-die-energiewende\/#breadcrumb\",\"itemListElement\":[{\"@type\":\"ListItem\",\"position\":1,\"name\":\"Startseite\",\"item\":\"https:\/\/www.sonnenseite.com\/de\/\"},{\"@type\":\"ListItem\",\"position\":2,\"name\":\"Fl\u00e4chen f\u00fcr die Energiewende\"}]},{\"@type\":\"WebSite\",\"@id\":\"https:\/\/www.sonnenseite.com\/de\/#website\",\"url\":\"https:\/\/www.sonnenseite.com\/de\/\",\"name\":\"Sonnenseite\",\"description\":\"\u00d6kologische Kommunikation mit Franz Alt\",\"publisher\":{\"@id\":\"https:\/\/www.sonnenseite.com\/de\/#organization\"},\"potentialAction\":[{\"@type\":\"SearchAction\",\"target\":{\"@type\":\"EntryPoint\",\"urlTemplate\":\"https:\/\/www.sonnenseite.com\/de\/?s={search_term_string}\"},\"query-input\":{\"@type\":\"PropertyValueSpecification\",\"valueRequired\":true,\"valueName\":\"search_term_string\"}}],\"inLanguage\":\"de\"},{\"@type\":\"Organization\",\"@id\":\"https:\/\/www.sonnenseite.com\/de\/#organization\",\"name\":\"Sonnenseite\",\"url\":\"https:\/\/www.sonnenseite.com\/de\/\",\"logo\":{\"@type\":\"ImageObject\",\"inLanguage\":\"de\",\"@id\":\"https:\/\/www.sonnenseite.com\/de\/#\/schema\/logo\/image\/\",\"url\":\"https:\/\/www.sonnenseite.com\/wp-content\/uploads\/2020\/05\/Sonnenseite_Logo.png\",\"contentUrl\":\"https:\/\/www.sonnenseite.com\/wp-content\/uploads\/2020\/05\/Sonnenseite_Logo.png\",\"width\":377,\"height\":90,\"caption\":\"Sonnenseite\"},\"image\":{\"@id\":\"https:\/\/www.sonnenseite.com\/de\/#\/schema\/logo\/image\/\"},\"sameAs\":[\"https:\/\/www.facebook.com\/pages\/Franz-Alt-SONNENSEITECOM\/221072987903953?fref=ts\",\"https:\/\/x.com\/franzalt\",\"http:\/\/www.youtube.com\/results?search_query&amp;amp;quot;franz_alt&amp;amp;quot;&amp;amp;amp;amp;search_type&amp;amp;amp;amp;aq=f\"]},{\"@type\":\"Person\",\"@id\":\"https:\/\/www.sonnenseite.com\/de\/#\/schema\/person\/50fda0e926597684c7cc6695238a4eb9\",\"name\":\"Bigi Alt\"}]}<\/script>\n<!-- \/ Yoast SEO plugin. -->","yoast_head_json":{"title":"Fl\u00e4chen f\u00fcr die Energiewende - Sonnenseite - \u00d6kologische Kommunikation mit Franz Alt","description":"Wie die Bundesl\u00e4nder Raum f\u00fcr Erneuerbare Energien schaffen. Photovoltaik-Freifl\u00e4chenanlagen und Windenergieanlagen spielen eine Schl\u00fcsselrolle in der","robots":{"index":"index","follow":"follow","max-snippet":"max-snippet:-1","max-image-preview":"max-image-preview:large","max-video-preview":"max-video-preview:-1"},"canonical":"https:\/\/www.sonnenseite.com\/de\/politik\/flaechen-fuer-die-energiewende\/","og_locale":"de_DE","og_type":"article","og_title":"Fl\u00e4chen f\u00fcr die Energiewende - Sonnenseite - \u00d6kologische Kommunikation mit Franz Alt","og_description":"Wie die Bundesl\u00e4nder Raum f\u00fcr Erneuerbare Energien schaffen. Photovoltaik-Freifl\u00e4chenanlagen und Windenergieanlagen spielen eine Schl\u00fcsselrolle in der","og_url":"https:\/\/www.sonnenseite.com\/de\/politik\/flaechen-fuer-die-energiewende\/","og_site_name":"Sonnenseite","article_publisher":"https:\/\/www.facebook.com\/pages\/Franz-Alt-SONNENSEITECOM\/221072987903953?fref=ts","article_published_time":"2023-02-18T01:31:00+00:00","og_image":[{"width":770,"height":420,"url":"https:\/\/www.sonnenseite.com\/wp-content\/uploads\/2021\/05\/Solarpark_andreas-gucklhorn.jpg","type":"image\/jpeg"}],"author":"Bigi Alt","twitter_card":"summary_large_image","twitter_creator":"@franzalt","twitter_site":"@franzalt","twitter_misc":{"Verfasst von":"Bigi Alt","Gesch\u00e4tzte Lesezeit":"3\u00a0Minuten"},"schema":{"@context":"https:\/\/schema.org","@graph":[{"@type":"Article","@id":"https:\/\/www.sonnenseite.com\/de\/politik\/flaechen-fuer-die-energiewende\/#article","isPartOf":{"@id":"https:\/\/www.sonnenseite.com\/de\/politik\/flaechen-fuer-die-energiewende\/"},"author":{"name":"Bigi Alt","@id":"https:\/\/www.sonnenseite.com\/de\/#\/schema\/person\/50fda0e926597684c7cc6695238a4eb9"},"headline":"Fl\u00e4chen f\u00fcr die Energiewende","datePublished":"2023-02-18T01:31:00+00:00","mainEntityOfPage":{"@id":"https:\/\/www.sonnenseite.com\/de\/politik\/flaechen-fuer-die-energiewende\/"},"wordCount":516,"publisher":{"@id":"https:\/\/www.sonnenseite.com\/de\/#organization"},"image":{"@id":"https:\/\/www.sonnenseite.com\/de\/politik\/flaechen-fuer-die-energiewende\/#primaryimage"},"thumbnailUrl":"https:\/\/www.sonnenseite.com\/wp-content\/uploads\/2021\/05\/Solarpark_andreas-gucklhorn.jpg","articleSection":["Politik"],"inLanguage":"de"},{"@type":"WebPage","@id":"https:\/\/www.sonnenseite.com\/de\/politik\/flaechen-fuer-die-energiewende\/","url":"https:\/\/www.sonnenseite.com\/de\/politik\/flaechen-fuer-die-energiewende\/","name":"Fl\u00e4chen f\u00fcr die Energiewende - Sonnenseite - \u00d6kologische Kommunikation mit Franz Alt","isPartOf":{"@id":"https:\/\/www.sonnenseite.com\/de\/#website"},"primaryImageOfPage":{"@id":"https:\/\/www.sonnenseite.com\/de\/politik\/flaechen-fuer-die-energiewende\/#primaryimage"},"image":{"@id":"https:\/\/www.sonnenseite.com\/de\/politik\/flaechen-fuer-die-energiewende\/#primaryimage"},"thumbnailUrl":"https:\/\/www.sonnenseite.com\/wp-content\/uploads\/2021\/05\/Solarpark_andreas-gucklhorn.jpg","datePublished":"2023-02-18T01:31:00+00:00","description":"Wie die Bundesl\u00e4nder Raum f\u00fcr Erneuerbare Energien schaffen. Photovoltaik-Freifl\u00e4chenanlagen und Windenergieanlagen spielen eine Schl\u00fcsselrolle in der","breadcrumb":{"@id":"https:\/\/www.sonnenseite.com\/de\/politik\/flaechen-fuer-die-energiewende\/#breadcrumb"},"inLanguage":"de","potentialAction":[{"@type":"ReadAction","target":["https:\/\/www.sonnenseite.com\/de\/politik\/flaechen-fuer-die-energiewende\/"]}]},{"@type":"ImageObject","inLanguage":"de","@id":"https:\/\/www.sonnenseite.com\/de\/politik\/flaechen-fuer-die-energiewende\/#primaryimage","url":"https:\/\/www.sonnenseite.com\/wp-content\/uploads\/2021\/05\/Solarpark_andreas-gucklhorn.jpg","contentUrl":"https:\/\/www.sonnenseite.com\/wp-content\/uploads\/2021\/05\/Solarpark_andreas-gucklhorn.jpg","width":770,"height":420,"caption":"unsplash.com | andreas g\u00fccklhorn"},{"@type":"BreadcrumbList","@id":"https:\/\/www.sonnenseite.com\/de\/politik\/flaechen-fuer-die-energiewende\/#breadcrumb","itemListElement":[{"@type":"ListItem","position":1,"name":"Startseite","item":"https:\/\/www.sonnenseite.com\/de\/"},{"@type":"ListItem","position":2,"name":"Fl\u00e4chen f\u00fcr die Energiewende"}]},{"@type":"WebSite","@id":"https:\/\/www.sonnenseite.com\/de\/#website","url":"https:\/\/www.sonnenseite.com\/de\/","name":"Sonnenseite","description":"\u00d6kologische Kommunikation mit Franz Alt","publisher":{"@id":"https:\/\/www.sonnenseite.com\/de\/#organization"},"potentialAction":[{"@type":"SearchAction","target":{"@type":"EntryPoint","urlTemplate":"https:\/\/www.sonnenseite.com\/de\/?s={search_term_string}"},"query-input":{"@type":"PropertyValueSpecification","valueRequired":true,"valueName":"search_term_string"}}],"inLanguage":"de"},{"@type":"Organization","@id":"https:\/\/www.sonnenseite.com\/de\/#organization","name":"Sonnenseite","url":"https:\/\/www.sonnenseite.com\/de\/","logo":{"@type":"ImageObject","inLanguage":"de","@id":"https:\/\/www.sonnenseite.com\/de\/#\/schema\/logo\/image\/","url":"https:\/\/www.sonnenseite.com\/wp-content\/uploads\/2020\/05\/Sonnenseite_Logo.png","contentUrl":"https:\/\/www.sonnenseite.com\/wp-content\/uploads\/2020\/05\/Sonnenseite_Logo.png","width":377,"height":90,"caption":"Sonnenseite"},"image":{"@id":"https:\/\/www.sonnenseite.com\/de\/#\/schema\/logo\/image\/"},"sameAs":["https:\/\/www.facebook.com\/pages\/Franz-Alt-SONNENSEITECOM\/221072987903953?fref=ts","https:\/\/x.com\/franzalt","http:\/\/www.youtube.com\/results?search_query&amp;amp;quot;franz_alt&amp;amp;quot;&amp;amp;amp;amp;search_type&amp;amp;amp;amp;aq=f"]},{"@type":"Person","@id":"https:\/\/www.sonnenseite.com\/de\/#\/schema\/person\/50fda0e926597684c7cc6695238a4eb9","name":"Bigi Alt"}]}},"_links":{"self":[{"href":"https:\/\/www.sonnenseite.com\/de\/wp-json\/wp\/v2\/posts\/89160","targetHints":{"allow":["GET"]}}],"collection":[{"href":"https:\/\/www.sonnenseite.com\/de\/wp-json\/wp\/v2\/posts"}],"about":[{"href":"https:\/\/www.sonnenseite.com\/de\/wp-json\/wp\/v2\/types\/post"}],"author":[{"embeddable":true,"href":"https:\/\/www.sonnenseite.com\/de\/wp-json\/wp\/v2\/users\/3"}],"replies":[{"embeddable":true,"href":"https:\/\/www.sonnenseite.com\/de\/wp-json\/wp\/v2\/comments?post=89160"}],"version-history":[{"count":2,"href":"https:\/\/www.sonnenseite.com\/de\/wp-json\/wp\/v2\/posts\/89160\/revisions"}],"predecessor-version":[{"id":89164,"href":"https:\/\/www.sonnenseite.com\/de\/wp-json\/wp\/v2\/posts\/89160\/revisions\/89164"}],"wp:featuredmedia":[{"embeddable":true,"href":"https:\/\/www.sonnenseite.com\/de\/wp-json\/wp\/v2\/media\/71586"}],"wp:attachment":[{"href":"https:\/\/www.sonnenseite.com\/de\/wp-json\/wp\/v2\/media?parent=89160"}],"wp:term":[{"taxonomy":"category","embeddable":true,"href":"https:\/\/www.sonnenseite.com\/de\/wp-json\/wp\/v2\/categories?post=89160"},{"taxonomy":"post_tag","embeddable":true,"href":"https:\/\/www.sonnenseite.com\/de\/wp-json\/wp\/v2\/tags?post=89160"}],"curies":[{"name":"wp","href":"https:\/\/api.w.org\/{rel}","templated":true}]}}