{"id":89268,"date":"2023-02-24T03:00:00","date_gmt":"2023-02-24T02:00:00","guid":{"rendered":"https:\/\/www.sonnenseite.com\/?p=89268"},"modified":"2023-02-23T15:01:14","modified_gmt":"2023-02-23T14:01:14","slug":"diw-kein-weiterer-ausbau-von-lng-terminals-noetig","status":"publish","type":"post","link":"https:\/\/www.sonnenseite.com\/de\/politik\/diw-kein-weiterer-ausbau-von-lng-terminals-noetig\/","title":{"rendered":"DIW: Kein weiterer Ausbau von LNG-Terminals n\u00f6tig"},"content":{"rendered":"\n<p>Deutschlands Gasversorgung ein Jahr nach russischem Angriff auf Ukraine gesichert.<\/p>\n\n\n\n<p>Ein Jahr nach dem Beginn des russischen Angriffskriegs auf die Ukraine haben sich die Erdgasm\u00e4rkte in Deutschland und Europa stabilisiert. Obwohl Russland seine Erdgaslieferungen eingestellt hat, ist keine Versorgungsnotlage eingetreten, weil die Nachfrage relativ stark zur\u00fcckgegangen ist und rasch andere Bezugsquellen aktiviert werden konnten. Auch f\u00fcr den Winter 2023\/24 ist nicht mit Engp\u00e4ssen zu rechnen, allerdings bleiben Einsparbem\u00fchungen von Industrie und Haushalten wichtig, sagt das\u00a0<a href=\"https:\/\/www.diw.de\/de\/diw_01.c.866810.de\/publikationen\/diw_aktuell\/2023_0086\/deutschlands_gasversorgung_ein_jahr_nach_russischem_angriff___ine_gesichert__kein_weiterer_ausbau_von_lng-terminals_noetig.html\" target=\"_blank\" rel=\"noreferrer noopener\">DIW-Berlin am 22.02.2023<\/a>. Angesichts der r\u00fcckl\u00e4ufigen Bedeutung von Erdgas auf dem deutschen Weg zu Klimaneutralit\u00e4t ist der geplante Bau von Fl\u00fcssiggasterminals (LNG-Terminals) an Land aber weder energiewirtschaftlich notwendig noch klimapolitisch sinnvoll.<\/p>\n\n\n\n<p>Mit dem Beginn des russischen Angriffskriegs auf die Ukraine am 24.&nbsp;Februar 2022 hatte sich die bereits angespannte Lage auf den europ\u00e4ischen und globalen Erdgasm\u00e4rkten zugespitzt. Neben stark gestiegenen Preisen drohte auch die Gefahr einer Versorgungsl\u00fccke f\u00fcr den Fall von Lieferunterbrechungen von russischen Erdgasexporten. Ein Jahr sp\u00e4ter hat sich die Situation auf der Angebots- und auch auf der Nachfrageseite entspannt. Die Erdgas-Gro\u00dfhandelspreise sind auf das Niveau vor Ausbruch des Kriegs gefallen.&nbsp;<\/p>\n\n\n\n<p>Das DIW Berlin ver\u00f6ffentlichte kurz nach Beginn des russischen Angriffskrieges auf die Ukraine eine Bewertung der Versorgungssituation mit Erdgas. Die Analyse zeigte im April 2022, dass f\u00fcr Deutschland und Europa mit Energiesparanstrengungen und aufgrund der verf\u00fcgbaren alternativen Importinfrastruktur die Abkopplung von russischen Exporten machbar ist.<sup>info<\/sup>\u00a0Mittlerweile hat sich Deutschland weitgehend aller fossilen Energieimporte aus Russland entledigt: Nach den EU-Sanktionen wurden bereits im April 2022 Kohle-Importe aus Russland beendet, dann folgten Roh\u00f6l und Mineral\u00f6lprodukt-Importe per Schiff und seit 2023 auch durch Pipelines. F\u00fcr Erdgas hat die EU keine Sanktionen beschlossen. Jedoch hat Russland im Laufe des Sommers 2022 seine Erdgasexporte nach Europa immer weiter reduziert. Sowohl \u00fcber den Ukraine-Transit als auch \u00fcber die Ostsee-Pipeline Nord Stream str\u00f6mte immer weniger Erdgas nach Europa, bis im September 2022 die Nord Stream-Pipeline(s) nach Explosionen unbenutzbar wurden. Im Februar 2023 liefert Russland nur noch kleine Mengen Erdgas nach Mittel- und Osteuropa sowie auf den Balkan, \u00fcberwiegend \u00fcber die Turkstream-Pipeline, aber auch noch durch den Ukraine-Transit. Diese Lieferungen sind f\u00fcr die Erdgasversorgung in Deutschland nicht relevant.<\/p>\n\n\n\n<h5 class=\"wp-block-heading\">Gas-Ausbau statt Umbau: Bundesregierung treibt seit Februar 2022 Einsatz von Fl\u00fcssigerdgas voran<\/h5>\n\n\n\n<p>Die Bundesregierung hat seit Februar 2022 verschiedene Ma\u00dfnahmen zur Sicherung der Erdgasversorgung in Deutschland ergriffen. Das Ende April 2022 in Kraft getretene Gasspeichergesetz legte die Grundlage einer ausreichenden Speicherbef\u00fcllung f\u00fcr den Winter. Dar\u00fcber hinaus ergriff die Bundesregierung verschiedene Ma\u00dfnahmen, um den Gasverbrauch zu reduzieren. Zur Verminderung von Erdgas in der Stromerzeugung wurden Kohlekraftwerke aus der Netzreserve f\u00fcr die Stromproduktion aktiviert. Zudem verschob die Bundesregierung den f\u00fcr 2022 geplanten Atomausstieg auf April 2023. Seit Herbst 2022 sind au\u00dferdem verschiedene Energiesparma\u00dfnahmen wie die Absenkung der Raumtemperatur in B\u00fcrogeb\u00e4uden verpflichtend.<\/p>\n\n\n\n<p>Parallel verhandelte die Bundesregierung die Ausweitung von Erdgaslieferungen aus anderen L\u00e4ndern, unter anderem als Fl\u00fcssigerdgas (Liquified Natural Gas, LNG). Daf\u00fcr wurde mit dem \u201eLNG-Beschleunigungsgesetz\u201c die Grundlage f\u00fcr den z\u00fcgigen Aufbau von LNG-Anlandekapazit\u00e4ten geschaffen.<sup>info<\/sup><a href=\"https:\/\/www.diw.de\/de\/diw_01.c.866810.de\/publikationen\/diw_aktuell\/2023_0086\/deutschlands_gasversorgung_ein_jahr_nach_russischem_angriff___ine_gesichert__kein_weiterer_ausbau_von_lng-terminals_noetig.html#_ftn1\"><\/a>&nbsp;Die deutsche Erdgaswirtschaft hat mit Unterst\u00fctzung der Bundesregierung die Anmietung von schwimmenden LNG-Terminals (Floating Storage and Regasification Units, FSRU) vorangetrieben. Im Februar 2023 sind sechs FSRU-Terminals in Betrieb beziehungsweise in Vorbereitung (in Wilhelmshaven, Lubmin, Brunsb\u00fcttel, Stade und R\u00fcgen). Die vorgesehene Gesamtkapazit\u00e4t der schwimmenden LNG-Terminals betr\u00e4gt mit 40 Milliarden etwa die H\u00e4lfte des deutschen Erdgasverbrauchs.<sup>info<\/sup><a href=\"https:\/\/www.diw.de\/de\/diw_01.c.866810.de\/publikationen\/diw_aktuell\/2023_0086\/deutschlands_gasversorgung_ein_jahr_nach_russischem_angriff___ine_gesichert__kein_weiterer_ausbau_von_lng-terminals_noetig.html#_ftn2\"><\/a>&nbsp;Weitere rund 40 Milliarden Kubikmeter j\u00e4hrliche Anlandekapazit\u00e4t werden parallel an festen Terminalanlagen an Land (sogenannte Onshore-Terminals) geplant.<sup>info<\/sup>&nbsp;Diese Planungen bestanden zwar schon seit einigen Jahren, aber die Investitionen hatten sich bisher nicht gelohnt. Die Fertigstellung der Onshore-Terminals wird f\u00fcr fr\u00fchestens 2026 angegeben und dauert damit deutlich l\u00e4nger als die Anmietung von schwimmenden Terminals.<\/p>\n\n\n\n<p>Abgesehen von der Sicherung der Erdgasversorgung wollte die Bundesregierung mit Entlastungspaketen die m\u00f6glichen finanziellen Belastungen gestiegener Energiepreise auf Unternehmen und B\u00fcrger*innen abfedern. Auf europ\u00e4ischer Ebene wurde nach langen Verhandlungen ein Mechanismus zur Deckelung der Gro\u00dfhandelspreise verhandelt, der am 15. Februar 2023 in Kraft trat.<sup>info<\/sup>\u00a0In Deutschland wurde eine von der Gaspreiskommission vorgeschlagene Gaspreisbremse f\u00fcr einen Teil des Verbrauchs eingef\u00fchrt.<sup>info<\/sup>\u00a0Die gro\u00dfe Herausforderung war, die Kosten zu reduzieren, ohne die Anreize zum Energiesparen zu vermindern. Die Gaspreisbremse sollte nur f\u00fcr einen Teil des Verbrauchs gelten und weiterhin Anreize zum Gassparen setzen. Allerdings ist unklar, ob der komplexe Mechanismus bei den Verbraucher*innen auch angekommen ist. Haushalte und Gewerbe m\u00fcssen weiterhin hohe Preise zahlen. Dabei unterscheiden sich die Preise stark zwischen Bestands- und Neuvertr\u00e4gen, nach Versorgungsunternehmen und auch nach der Region. Die Erdgaspreise auf den Gro\u00dfhandelsm\u00e4rkten in Europa sind hingegen seit dem Sommer 2022 gesunken. Das Niveau im Februar 2023 mit knapp \u00fcber 50 Euro f\u00fcr eine Megawattstunde (MWh) liegt einerseits weit unter dem europ\u00e4ischen Gaspreisdeckel von 180 Euro\/MWh, ist allerdings noch zwei bis drei Mal so hoch wie im langj\u00e4hrigen Mittel vor Ausbruch des Krieges (Abbildung 1).<\/p>\n\n\n<div class=\"wp-block-image\">\n<figure class=\"aligncenter size-full\"><a href=\"https:\/\/www.sonnenseite.com\/wp-content\/uploads\/2023\/02\/DIWaktuellGasversorgung.jpg\"><img loading=\"lazy\" decoding=\"async\" width=\"920\" height=\"417\" src=\"https:\/\/www.sonnenseite.com\/wp-content\/uploads\/2023\/02\/DIWaktuellGasversorgung.jpg\" alt=\"\" class=\"wp-image-89269\" srcset=\"https:\/\/www.sonnenseite.com\/wp-content\/uploads\/2023\/02\/DIWaktuellGasversorgung.jpg 920w, https:\/\/www.sonnenseite.com\/wp-content\/uploads\/2023\/02\/DIWaktuellGasversorgung-300x136.jpg 300w, https:\/\/www.sonnenseite.com\/wp-content\/uploads\/2023\/02\/DIWaktuellGasversorgung-768x348.jpg 768w\" sizes=\"auto, (max-width: 920px) 100vw, 920px\" \/><\/a><figcaption class=\"wp-element-caption\">Anmerkungen: EEX-Day-Ahead-Preise, ab 1.10.2021 f\u00fcr das deutschlandweite Marktgebiet THE (Trading Hub Europe). Quelle: Energie-Informationsdienst<br>\u00a9 DIW Berlin<\/figcaption><\/figure>\n<\/div>\n\n\n<ul class=\"wp-block-list\">\n<li><a href=\"https:\/\/www.diw.de\/de\/diw_01.c.866810.de\/publikationen\/diw_aktuell\/2023_0086\/deutschlands_gasversorgung_ein_jahr_nach_russischem_angriff___ine_gesichert__kein_weiterer_ausbau_von_lng-terminals_noetig.html\">Den Bericht k\u00f6nnen Sie hier weiterlesen<\/a><\/li>\n<\/ul>\n\n\n<h5 class=\"green\">Quelle<\/h5>\r\n\n\n\n<p><a href=\"https:\/\/www.diw.de\/de\/diw_01.c.866810.de\/publikationen\/diw_aktuell\/2023_0086\/deutschlands_gasversorgung_ein_jahr_nach_russischem_angriff___ine_gesichert__kein_weiterer_ausbau_von_lng-terminals_noetig.html\">DIW aktuell<\/a> ; 86 : Sonderausgaben zum Krieg in der Ukraine, 8 S. | <a href=\"https:\/\/www.diw.de\/de\/diw_01.c.11032.de\/personen\/holz__franziska.html\">Franziska Holz<\/a>, Christian von Hirschhausen,\u00a0<a href=\"https:\/\/www.diw.de\/de\/diw_01.c.800250.de\/personen\/sogalla__robin.html\">Robin Sogalla<\/a>, Lukas Barner, Bj\u00f6rn Steigerwald,\u00a0<a href=\"https:\/\/www.diw.de\/de\/diw_01.c.10839.de\/personen\/kemfert__claudia.html\">Claudia Kemfert<\/a> 2023 | <a href=\"https:\/\/www.diw.de\/documents\/publikationen\/73\/diw_01.c.866804.de\/diw_aktuell_86.pdf\"><em>get_app<\/em>Download<\/a>\u00a0(PDF\u00a0\u00a0296 KB)<\/p>\n<div class=\"shariff shariff-align-flex-start shariff-widget-align-flex-start\"><div class=\"ShariffHeadline\">Diese Meldung teilen<\/div><ul class=\"shariff-buttons theme-round orientation-horizontal buttonsize-medium\"><li class=\"shariff-button facebook shariff-nocustomcolor\" style=\"background-color:#4273c8;border-radius:1%\"><a href=\"https:\/\/www.facebook.com\/sharer\/sharer.php?u=https%3A%2F%2Fwww.sonnenseite.com%2Fde%2Fpolitik%2Fdiw-kein-weiterer-ausbau-von-lng-terminals-noetig%2F\" title=\"Bei Facebook teilen\" aria-label=\"Bei Facebook teilen\" role=\"button\" rel=\"nofollow\" class=\"shariff-link\" style=\";border-radius:1%; background-color:#3b5998; color:#fff\" target=\"_blank\"><span class=\"shariff-icon\" style=\"\"><svg width=\"32px\" height=\"20px\" xmlns=\"http:\/\/www.w3.org\/2000\/svg\" viewBox=\"0 0 18 32\"><path fill=\"#3b5998\" d=\"M17.1 0.2v4.7h-2.8q-1.5 0-2.1 0.6t-0.5 1.9v3.4h5.2l-0.7 5.3h-4.5v13.6h-5.5v-13.6h-4.5v-5.3h4.5v-3.9q0-3.3 1.9-5.2t5-1.8q2.6 0 4.1 0.2z\"\/><\/svg><\/span><\/a><\/li><li class=\"shariff-button twitter shariff-nocustomcolor\" style=\"background-color:#595959;border-radius:1%\"><a href=\"https:\/\/twitter.com\/share?url=https%3A%2F%2Fwww.sonnenseite.com%2Fde%2Fpolitik%2Fdiw-kein-weiterer-ausbau-von-lng-terminals-noetig%2F&text=DIW%3A%20Kein%20weiterer%20Ausbau%20von%20LNG-Terminals%20n%C3%B6tig\" title=\"Bei X teilen\" aria-label=\"Bei X teilen\" role=\"button\" rel=\"noopener nofollow\" class=\"shariff-link\" style=\";border-radius:1%; background-color:#000; color:#fff\" target=\"_blank\"><span class=\"shariff-icon\" style=\"\"><svg width=\"32px\" height=\"20px\" xmlns=\"http:\/\/www.w3.org\/2000\/svg\" viewBox=\"0 0 24 24\"><path fill=\"#000\" d=\"M14.258 10.152L23.176 0h-2.113l-7.747 8.813L7.133 0H0l9.352 13.328L0 23.973h2.113l8.176-9.309 6.531 9.309h7.133zm-2.895 3.293l-.949-1.328L2.875 1.56h3.246l6.086 8.523.945 1.328 7.91 11.078h-3.246zm0 0\"\/><\/svg><\/span><\/a><\/li><li class=\"shariff-button xing shariff-nocustomcolor\" style=\"background-color:#29888a;border-radius:1%\"><a href=\"https:\/\/www.xing.com\/spi\/shares\/new?url=https%3A%2F%2Fwww.sonnenseite.com%2Fde%2Fpolitik%2Fdiw-kein-weiterer-ausbau-von-lng-terminals-noetig%2F\" title=\"Bei XING teilen\" aria-label=\"Bei XING teilen\" role=\"button\" rel=\"noopener nofollow\" class=\"shariff-link\" style=\";border-radius:1%; background-color:#126567; color:#fff\" target=\"_blank\"><span class=\"shariff-icon\" style=\"\"><svg width=\"32px\" height=\"20px\" xmlns=\"http:\/\/www.w3.org\/2000\/svg\" viewBox=\"0 0 25 32\"><path fill=\"#126567\" d=\"M10.7 11.9q-0.2 0.3-4.6 8.2-0.5 0.8-1.2 0.8h-4.3q-0.4 0-0.5-0.3t0-0.6l4.5-8q0 0 0 0l-2.9-5q-0.2-0.4 0-0.7 0.2-0.3 0.5-0.3h4.3q0.7 0 1.2 0.8zM25.1 0.4q0.2 0.3 0 0.7l-9.4 16.7 6 11q0.2 0.4 0 0.6-0.2 0.3-0.6 0.3h-4.3q-0.7 0-1.2-0.8l-6-11.1q0.3-0.6 9.5-16.8 0.4-0.8 1.2-0.8h4.3q0.4 0 0.5 0.3z\"\/><\/svg><\/span><\/a><\/li><li class=\"shariff-button linkedin shariff-nocustomcolor\" style=\"background-color:#1488bf;border-radius:1%\"><a href=\"https:\/\/www.linkedin.com\/sharing\/share-offsite\/?url=https%3A%2F%2Fwww.sonnenseite.com%2Fde%2Fpolitik%2Fdiw-kein-weiterer-ausbau-von-lng-terminals-noetig%2F\" title=\"Bei LinkedIn teilen\" aria-label=\"Bei LinkedIn teilen\" role=\"button\" rel=\"noopener nofollow\" class=\"shariff-link\" style=\";border-radius:1%; background-color:#0077b5; color:#fff\" target=\"_blank\"><span class=\"shariff-icon\" style=\"\"><svg width=\"32px\" height=\"20px\" xmlns=\"http:\/\/www.w3.org\/2000\/svg\" viewBox=\"0 0 27 32\"><path fill=\"#0077b5\" d=\"M6.2 11.2v17.7h-5.9v-17.7h5.9zM6.6 5.7q0 1.3-0.9 2.2t-2.4 0.9h0q-1.5 0-2.4-0.9t-0.9-2.2 0.9-2.2 2.4-0.9 2.4 0.9 0.9 2.2zM27.4 18.7v10.1h-5.9v-9.5q0-1.9-0.7-2.9t-2.3-1.1q-1.1 0-1.9 0.6t-1.2 1.5q-0.2 0.5-0.2 1.4v9.9h-5.9q0-7.1 0-11.6t0-5.3l0-0.9h5.9v2.6h0q0.4-0.6 0.7-1t1-0.9 1.6-0.8 2-0.3q3 0 4.9 2t1.9 6z\"\/><\/svg><\/span><\/a><\/li><li class=\"shariff-button printer shariff-nocustomcolor\" style=\"background-color:#a8a8a8;border-radius:1%\"><a href=\"javascript:window.print()\" title=\"drucken\" aria-label=\"drucken\" role=\"button\" rel=\"noopener nofollow\" class=\"shariff-link\" style=\";border-radius:1%; background-color:#999; color:#fff\"><span class=\"shariff-icon\" style=\"\"><svg width=\"32px\" height=\"20px\" xmlns=\"http:\/\/www.w3.org\/2000\/svg\" viewBox=\"0 0 30 32\"><path fill=\"#999\" d=\"M6.8 27.4h16v-4.6h-16v4.6zM6.8 16h16v-6.8h-2.8q-0.7 0-1.2-0.5t-0.5-1.2v-2.8h-11.4v11.4zM27.4 17.2q0-0.5-0.3-0.8t-0.8-0.4-0.8 0.4-0.3 0.8 0.3 0.8 0.8 0.3 0.8-0.3 0.3-0.8zM29.7 17.2v7.4q0 0.2-0.2 0.4t-0.4 0.2h-4v2.8q0 0.7-0.5 1.2t-1.2 0.5h-17.2q-0.7 0-1.2-0.5t-0.5-1.2v-2.8h-4q-0.2 0-0.4-0.2t-0.2-0.4v-7.4q0-1.4 1-2.4t2.4-1h1.2v-9.7q0-0.7 0.5-1.2t1.2-0.5h12q0.7 0 1.6 0.4t1.3 0.8l2.7 2.7q0.5 0.5 0.9 1.4t0.4 1.6v4.6h1.1q1.4 0 2.4 1t1 2.4z\"\/><\/svg><\/span><\/a><\/li><li class=\"shariff-button mailto shariff-nocustomcolor\" style=\"background-color:#a8a8a8;border-radius:1%\"><a href=\"mailto:?body=https%3A%2F%2Fwww.sonnenseite.com%2Fde%2Fpolitik%2Fdiw-kein-weiterer-ausbau-von-lng-terminals-noetig%2F&subject=DIW%3A%20Kein%20weiterer%20Ausbau%20von%20LNG-Terminals%20n%C3%B6tig\" title=\"Per E-Mail versenden\" aria-label=\"Per E-Mail versenden\" role=\"button\" rel=\"noopener nofollow\" class=\"shariff-link\" style=\";border-radius:1%; background-color:#999; color:#fff\"><span class=\"shariff-icon\" style=\"\"><svg width=\"32px\" height=\"20px\" xmlns=\"http:\/\/www.w3.org\/2000\/svg\" viewBox=\"0 0 32 32\"><path fill=\"#999\" d=\"M32 12.7v14.2q0 1.2-0.8 2t-2 0.9h-26.3q-1.2 0-2-0.9t-0.8-2v-14.2q0.8 0.9 1.8 1.6 6.5 4.4 8.9 6.1 1 0.8 1.6 1.2t1.7 0.9 2 0.4h0.1q0.9 0 2-0.4t1.7-0.9 1.6-1.2q3-2.2 8.9-6.1 1-0.7 1.8-1.6zM32 7.4q0 1.4-0.9 2.7t-2.2 2.2q-6.7 4.7-8.4 5.8-0.2 0.1-0.7 0.5t-1 0.7-0.9 0.6-1.1 0.5-0.9 0.2h-0.1q-0.4 0-0.9-0.2t-1.1-0.5-0.9-0.6-1-0.7-0.7-0.5q-1.6-1.1-4.7-3.2t-3.6-2.6q-1.1-0.7-2.1-2t-1-2.5q0-1.4 0.7-2.3t2.1-0.9h26.3q1.2 0 2 0.8t0.9 2z\"\/><\/svg><\/span><\/a><\/li><\/ul><\/div>","protected":false},"excerpt":{"rendered":"<p>Deutschlands Gasversorgung ein Jahr nach russischem Angriff auf Ukraine gesichert. Ein Jahr nach dem Beginn des [&hellip;]<\/p>\n","protected":false},"author":3,"featured_media":80632,"comment_status":"closed","ping_status":"closed","sticky":false,"template":"","format":"standard","meta":{"inline_featured_image":false,"footnotes":""},"categories":[21],"tags":[],"class_list":["post-89268","post","type-post","status-publish","format-standard","has-post-thumbnail","hentry","category-politik"],"yoast_head":"<!-- This site is optimized with the Yoast SEO plugin v26.5 - https:\/\/yoast.com\/wordpress\/plugins\/seo\/ -->\n<title>DIW: Kein weiterer Ausbau von LNG-Terminals n\u00f6tig - Sonnenseite - \u00d6kologische Kommunikation mit Franz Alt<\/title>\n<meta name=\"description\" content=\"Deutschlands Gasversorgung ein Jahr nach russischem Angriff auf Ukraine gesichert. Ein Jahr nach dem Beginn des russischen Angriffskriegs auf die Ukraine\" \/>\n<meta name=\"robots\" content=\"index, follow, max-snippet:-1, max-image-preview:large, max-video-preview:-1\" \/>\n<link rel=\"canonical\" href=\"https:\/\/www.sonnenseite.com\/de\/politik\/diw-kein-weiterer-ausbau-von-lng-terminals-noetig\/\" \/>\n<meta property=\"og:locale\" content=\"de_DE\" \/>\n<meta property=\"og:type\" content=\"article\" \/>\n<meta property=\"og:title\" content=\"DIW: Kein weiterer Ausbau von LNG-Terminals n\u00f6tig - Sonnenseite - \u00d6kologische Kommunikation mit Franz Alt\" \/>\n<meta property=\"og:description\" content=\"Deutschlands Gasversorgung ein Jahr nach russischem Angriff auf Ukraine gesichert. Ein Jahr nach dem Beginn des russischen Angriffskriegs auf die Ukraine\" \/>\n<meta property=\"og:url\" content=\"https:\/\/www.sonnenseite.com\/de\/politik\/diw-kein-weiterer-ausbau-von-lng-terminals-noetig\/\" \/>\n<meta property=\"og:site_name\" content=\"Sonnenseite\" \/>\n<meta property=\"article:publisher\" content=\"https:\/\/www.facebook.com\/pages\/Franz-Alt-SONNENSEITECOM\/221072987903953?fref=ts\" \/>\n<meta property=\"article:published_time\" content=\"2023-02-24T02:00:00+00:00\" \/>\n<meta property=\"og:image\" content=\"https:\/\/www.sonnenseite.com\/wp-content\/uploads\/2022\/03\/LNG_Gas_AxelWolf.jpg\" \/>\n\t<meta property=\"og:image:width\" content=\"770\" \/>\n\t<meta property=\"og:image:height\" content=\"420\" \/>\n\t<meta property=\"og:image:type\" content=\"image\/jpeg\" \/>\n<meta name=\"author\" content=\"Bigi Alt\" \/>\n<meta name=\"twitter:card\" content=\"summary_large_image\" \/>\n<meta name=\"twitter:creator\" content=\"@franzalt\" \/>\n<meta name=\"twitter:site\" content=\"@franzalt\" \/>\n<meta name=\"twitter:label1\" content=\"Verfasst von\" \/>\n\t<meta name=\"twitter:data1\" content=\"Bigi Alt\" \/>\n\t<meta name=\"twitter:label2\" content=\"Gesch\u00e4tzte Lesezeit\" \/>\n\t<meta name=\"twitter:data2\" content=\"5\u00a0Minuten\" \/>\n<script type=\"application\/ld+json\" class=\"yoast-schema-graph\">{\"@context\":\"https:\/\/schema.org\",\"@graph\":[{\"@type\":\"Article\",\"@id\":\"https:\/\/www.sonnenseite.com\/de\/politik\/diw-kein-weiterer-ausbau-von-lng-terminals-noetig\/#article\",\"isPartOf\":{\"@id\":\"https:\/\/www.sonnenseite.com\/de\/politik\/diw-kein-weiterer-ausbau-von-lng-terminals-noetig\/\"},\"author\":{\"name\":\"Bigi Alt\",\"@id\":\"https:\/\/www.sonnenseite.com\/de\/#\/schema\/person\/50fda0e926597684c7cc6695238a4eb9\"},\"headline\":\"DIW: Kein weiterer Ausbau von LNG-Terminals n\u00f6tig\",\"datePublished\":\"2023-02-24T02:00:00+00:00\",\"mainEntityOfPage\":{\"@id\":\"https:\/\/www.sonnenseite.com\/de\/politik\/diw-kein-weiterer-ausbau-von-lng-terminals-noetig\/\"},\"wordCount\":884,\"publisher\":{\"@id\":\"https:\/\/www.sonnenseite.com\/de\/#organization\"},\"image\":{\"@id\":\"https:\/\/www.sonnenseite.com\/de\/politik\/diw-kein-weiterer-ausbau-von-lng-terminals-noetig\/#primaryimage\"},\"thumbnailUrl\":\"https:\/\/www.sonnenseite.com\/wp-content\/uploads\/2022\/03\/LNG_Gas_AxelWolf.jpg\",\"articleSection\":[\"Politik\"],\"inLanguage\":\"de\"},{\"@type\":\"WebPage\",\"@id\":\"https:\/\/www.sonnenseite.com\/de\/politik\/diw-kein-weiterer-ausbau-von-lng-terminals-noetig\/\",\"url\":\"https:\/\/www.sonnenseite.com\/de\/politik\/diw-kein-weiterer-ausbau-von-lng-terminals-noetig\/\",\"name\":\"DIW: Kein weiterer Ausbau von LNG-Terminals n\u00f6tig - Sonnenseite - \u00d6kologische Kommunikation mit Franz Alt\",\"isPartOf\":{\"@id\":\"https:\/\/www.sonnenseite.com\/de\/#website\"},\"primaryImageOfPage\":{\"@id\":\"https:\/\/www.sonnenseite.com\/de\/politik\/diw-kein-weiterer-ausbau-von-lng-terminals-noetig\/#primaryimage\"},\"image\":{\"@id\":\"https:\/\/www.sonnenseite.com\/de\/politik\/diw-kein-weiterer-ausbau-von-lng-terminals-noetig\/#primaryimage\"},\"thumbnailUrl\":\"https:\/\/www.sonnenseite.com\/wp-content\/uploads\/2022\/03\/LNG_Gas_AxelWolf.jpg\",\"datePublished\":\"2023-02-24T02:00:00+00:00\",\"description\":\"Deutschlands Gasversorgung ein Jahr nach russischem Angriff auf Ukraine gesichert. Ein Jahr nach dem Beginn des russischen Angriffskriegs auf die Ukraine\",\"breadcrumb\":{\"@id\":\"https:\/\/www.sonnenseite.com\/de\/politik\/diw-kein-weiterer-ausbau-von-lng-terminals-noetig\/#breadcrumb\"},\"inLanguage\":\"de\",\"potentialAction\":[{\"@type\":\"ReadAction\",\"target\":[\"https:\/\/www.sonnenseite.com\/de\/politik\/diw-kein-weiterer-ausbau-von-lng-terminals-noetig\/\"]}]},{\"@type\":\"ImageObject\",\"inLanguage\":\"de\",\"@id\":\"https:\/\/www.sonnenseite.com\/de\/politik\/diw-kein-weiterer-ausbau-von-lng-terminals-noetig\/#primaryimage\",\"url\":\"https:\/\/www.sonnenseite.com\/wp-content\/uploads\/2022\/03\/LNG_Gas_AxelWolf.jpg\",\"contentUrl\":\"https:\/\/www.sonnenseite.com\/wp-content\/uploads\/2022\/03\/LNG_Gas_AxelWolf.jpg\",\"width\":770,\"height\":420,\"caption\":\"Depositphotos.com | Axel Wolf | LNG-Terminals und Pipelines bau\"},{\"@type\":\"BreadcrumbList\",\"@id\":\"https:\/\/www.sonnenseite.com\/de\/politik\/diw-kein-weiterer-ausbau-von-lng-terminals-noetig\/#breadcrumb\",\"itemListElement\":[{\"@type\":\"ListItem\",\"position\":1,\"name\":\"Startseite\",\"item\":\"https:\/\/www.sonnenseite.com\/de\/\"},{\"@type\":\"ListItem\",\"position\":2,\"name\":\"DIW: Kein weiterer Ausbau von LNG-Terminals n\u00f6tig\"}]},{\"@type\":\"WebSite\",\"@id\":\"https:\/\/www.sonnenseite.com\/de\/#website\",\"url\":\"https:\/\/www.sonnenseite.com\/de\/\",\"name\":\"Sonnenseite\",\"description\":\"\u00d6kologische Kommunikation mit Franz Alt\",\"publisher\":{\"@id\":\"https:\/\/www.sonnenseite.com\/de\/#organization\"},\"potentialAction\":[{\"@type\":\"SearchAction\",\"target\":{\"@type\":\"EntryPoint\",\"urlTemplate\":\"https:\/\/www.sonnenseite.com\/de\/?s={search_term_string}\"},\"query-input\":{\"@type\":\"PropertyValueSpecification\",\"valueRequired\":true,\"valueName\":\"search_term_string\"}}],\"inLanguage\":\"de\"},{\"@type\":\"Organization\",\"@id\":\"https:\/\/www.sonnenseite.com\/de\/#organization\",\"name\":\"Sonnenseite\",\"url\":\"https:\/\/www.sonnenseite.com\/de\/\",\"logo\":{\"@type\":\"ImageObject\",\"inLanguage\":\"de\",\"@id\":\"https:\/\/www.sonnenseite.com\/de\/#\/schema\/logo\/image\/\",\"url\":\"https:\/\/www.sonnenseite.com\/wp-content\/uploads\/2020\/05\/Sonnenseite_Logo.png\",\"contentUrl\":\"https:\/\/www.sonnenseite.com\/wp-content\/uploads\/2020\/05\/Sonnenseite_Logo.png\",\"width\":377,\"height\":90,\"caption\":\"Sonnenseite\"},\"image\":{\"@id\":\"https:\/\/www.sonnenseite.com\/de\/#\/schema\/logo\/image\/\"},\"sameAs\":[\"https:\/\/www.facebook.com\/pages\/Franz-Alt-SONNENSEITECOM\/221072987903953?fref=ts\",\"https:\/\/x.com\/franzalt\",\"http:\/\/www.youtube.com\/results?search_query&amp;amp;quot;franz_alt&amp;amp;quot;&amp;amp;amp;amp;search_type&amp;amp;amp;amp;aq=f\"]},{\"@type\":\"Person\",\"@id\":\"https:\/\/www.sonnenseite.com\/de\/#\/schema\/person\/50fda0e926597684c7cc6695238a4eb9\",\"name\":\"Bigi Alt\"}]}<\/script>\n<!-- \/ Yoast SEO plugin. -->","yoast_head_json":{"title":"DIW: Kein weiterer Ausbau von LNG-Terminals n\u00f6tig - Sonnenseite - \u00d6kologische Kommunikation mit Franz Alt","description":"Deutschlands Gasversorgung ein Jahr nach russischem Angriff auf Ukraine gesichert. Ein Jahr nach dem Beginn des russischen Angriffskriegs auf die Ukraine","robots":{"index":"index","follow":"follow","max-snippet":"max-snippet:-1","max-image-preview":"max-image-preview:large","max-video-preview":"max-video-preview:-1"},"canonical":"https:\/\/www.sonnenseite.com\/de\/politik\/diw-kein-weiterer-ausbau-von-lng-terminals-noetig\/","og_locale":"de_DE","og_type":"article","og_title":"DIW: Kein weiterer Ausbau von LNG-Terminals n\u00f6tig - Sonnenseite - \u00d6kologische Kommunikation mit Franz Alt","og_description":"Deutschlands Gasversorgung ein Jahr nach russischem Angriff auf Ukraine gesichert. Ein Jahr nach dem Beginn des russischen Angriffskriegs auf die Ukraine","og_url":"https:\/\/www.sonnenseite.com\/de\/politik\/diw-kein-weiterer-ausbau-von-lng-terminals-noetig\/","og_site_name":"Sonnenseite","article_publisher":"https:\/\/www.facebook.com\/pages\/Franz-Alt-SONNENSEITECOM\/221072987903953?fref=ts","article_published_time":"2023-02-24T02:00:00+00:00","og_image":[{"width":770,"height":420,"url":"https:\/\/www.sonnenseite.com\/wp-content\/uploads\/2022\/03\/LNG_Gas_AxelWolf.jpg","type":"image\/jpeg"}],"author":"Bigi Alt","twitter_card":"summary_large_image","twitter_creator":"@franzalt","twitter_site":"@franzalt","twitter_misc":{"Verfasst von":"Bigi Alt","Gesch\u00e4tzte Lesezeit":"5\u00a0Minuten"},"schema":{"@context":"https:\/\/schema.org","@graph":[{"@type":"Article","@id":"https:\/\/www.sonnenseite.com\/de\/politik\/diw-kein-weiterer-ausbau-von-lng-terminals-noetig\/#article","isPartOf":{"@id":"https:\/\/www.sonnenseite.com\/de\/politik\/diw-kein-weiterer-ausbau-von-lng-terminals-noetig\/"},"author":{"name":"Bigi Alt","@id":"https:\/\/www.sonnenseite.com\/de\/#\/schema\/person\/50fda0e926597684c7cc6695238a4eb9"},"headline":"DIW: Kein weiterer Ausbau von LNG-Terminals n\u00f6tig","datePublished":"2023-02-24T02:00:00+00:00","mainEntityOfPage":{"@id":"https:\/\/www.sonnenseite.com\/de\/politik\/diw-kein-weiterer-ausbau-von-lng-terminals-noetig\/"},"wordCount":884,"publisher":{"@id":"https:\/\/www.sonnenseite.com\/de\/#organization"},"image":{"@id":"https:\/\/www.sonnenseite.com\/de\/politik\/diw-kein-weiterer-ausbau-von-lng-terminals-noetig\/#primaryimage"},"thumbnailUrl":"https:\/\/www.sonnenseite.com\/wp-content\/uploads\/2022\/03\/LNG_Gas_AxelWolf.jpg","articleSection":["Politik"],"inLanguage":"de"},{"@type":"WebPage","@id":"https:\/\/www.sonnenseite.com\/de\/politik\/diw-kein-weiterer-ausbau-von-lng-terminals-noetig\/","url":"https:\/\/www.sonnenseite.com\/de\/politik\/diw-kein-weiterer-ausbau-von-lng-terminals-noetig\/","name":"DIW: Kein weiterer Ausbau von LNG-Terminals n\u00f6tig - Sonnenseite - \u00d6kologische Kommunikation mit Franz Alt","isPartOf":{"@id":"https:\/\/www.sonnenseite.com\/de\/#website"},"primaryImageOfPage":{"@id":"https:\/\/www.sonnenseite.com\/de\/politik\/diw-kein-weiterer-ausbau-von-lng-terminals-noetig\/#primaryimage"},"image":{"@id":"https:\/\/www.sonnenseite.com\/de\/politik\/diw-kein-weiterer-ausbau-von-lng-terminals-noetig\/#primaryimage"},"thumbnailUrl":"https:\/\/www.sonnenseite.com\/wp-content\/uploads\/2022\/03\/LNG_Gas_AxelWolf.jpg","datePublished":"2023-02-24T02:00:00+00:00","description":"Deutschlands Gasversorgung ein Jahr nach russischem Angriff auf Ukraine gesichert. Ein Jahr nach dem Beginn des russischen Angriffskriegs auf die Ukraine","breadcrumb":{"@id":"https:\/\/www.sonnenseite.com\/de\/politik\/diw-kein-weiterer-ausbau-von-lng-terminals-noetig\/#breadcrumb"},"inLanguage":"de","potentialAction":[{"@type":"ReadAction","target":["https:\/\/www.sonnenseite.com\/de\/politik\/diw-kein-weiterer-ausbau-von-lng-terminals-noetig\/"]}]},{"@type":"ImageObject","inLanguage":"de","@id":"https:\/\/www.sonnenseite.com\/de\/politik\/diw-kein-weiterer-ausbau-von-lng-terminals-noetig\/#primaryimage","url":"https:\/\/www.sonnenseite.com\/wp-content\/uploads\/2022\/03\/LNG_Gas_AxelWolf.jpg","contentUrl":"https:\/\/www.sonnenseite.com\/wp-content\/uploads\/2022\/03\/LNG_Gas_AxelWolf.jpg","width":770,"height":420,"caption":"Depositphotos.com | Axel Wolf | LNG-Terminals und Pipelines bau"},{"@type":"BreadcrumbList","@id":"https:\/\/www.sonnenseite.com\/de\/politik\/diw-kein-weiterer-ausbau-von-lng-terminals-noetig\/#breadcrumb","itemListElement":[{"@type":"ListItem","position":1,"name":"Startseite","item":"https:\/\/www.sonnenseite.com\/de\/"},{"@type":"ListItem","position":2,"name":"DIW: Kein weiterer Ausbau von LNG-Terminals n\u00f6tig"}]},{"@type":"WebSite","@id":"https:\/\/www.sonnenseite.com\/de\/#website","url":"https:\/\/www.sonnenseite.com\/de\/","name":"Sonnenseite","description":"\u00d6kologische Kommunikation mit Franz Alt","publisher":{"@id":"https:\/\/www.sonnenseite.com\/de\/#organization"},"potentialAction":[{"@type":"SearchAction","target":{"@type":"EntryPoint","urlTemplate":"https:\/\/www.sonnenseite.com\/de\/?s={search_term_string}"},"query-input":{"@type":"PropertyValueSpecification","valueRequired":true,"valueName":"search_term_string"}}],"inLanguage":"de"},{"@type":"Organization","@id":"https:\/\/www.sonnenseite.com\/de\/#organization","name":"Sonnenseite","url":"https:\/\/www.sonnenseite.com\/de\/","logo":{"@type":"ImageObject","inLanguage":"de","@id":"https:\/\/www.sonnenseite.com\/de\/#\/schema\/logo\/image\/","url":"https:\/\/www.sonnenseite.com\/wp-content\/uploads\/2020\/05\/Sonnenseite_Logo.png","contentUrl":"https:\/\/www.sonnenseite.com\/wp-content\/uploads\/2020\/05\/Sonnenseite_Logo.png","width":377,"height":90,"caption":"Sonnenseite"},"image":{"@id":"https:\/\/www.sonnenseite.com\/de\/#\/schema\/logo\/image\/"},"sameAs":["https:\/\/www.facebook.com\/pages\/Franz-Alt-SONNENSEITECOM\/221072987903953?fref=ts","https:\/\/x.com\/franzalt","http:\/\/www.youtube.com\/results?search_query&amp;amp;quot;franz_alt&amp;amp;quot;&amp;amp;amp;amp;search_type&amp;amp;amp;amp;aq=f"]},{"@type":"Person","@id":"https:\/\/www.sonnenseite.com\/de\/#\/schema\/person\/50fda0e926597684c7cc6695238a4eb9","name":"Bigi Alt"}]}},"_links":{"self":[{"href":"https:\/\/www.sonnenseite.com\/de\/wp-json\/wp\/v2\/posts\/89268","targetHints":{"allow":["GET"]}}],"collection":[{"href":"https:\/\/www.sonnenseite.com\/de\/wp-json\/wp\/v2\/posts"}],"about":[{"href":"https:\/\/www.sonnenseite.com\/de\/wp-json\/wp\/v2\/types\/post"}],"author":[{"embeddable":true,"href":"https:\/\/www.sonnenseite.com\/de\/wp-json\/wp\/v2\/users\/3"}],"replies":[{"embeddable":true,"href":"https:\/\/www.sonnenseite.com\/de\/wp-json\/wp\/v2\/comments?post=89268"}],"version-history":[{"count":2,"href":"https:\/\/www.sonnenseite.com\/de\/wp-json\/wp\/v2\/posts\/89268\/revisions"}],"predecessor-version":[{"id":89272,"href":"https:\/\/www.sonnenseite.com\/de\/wp-json\/wp\/v2\/posts\/89268\/revisions\/89272"}],"wp:featuredmedia":[{"embeddable":true,"href":"https:\/\/www.sonnenseite.com\/de\/wp-json\/wp\/v2\/media\/80632"}],"wp:attachment":[{"href":"https:\/\/www.sonnenseite.com\/de\/wp-json\/wp\/v2\/media?parent=89268"}],"wp:term":[{"taxonomy":"category","embeddable":true,"href":"https:\/\/www.sonnenseite.com\/de\/wp-json\/wp\/v2\/categories?post=89268"},{"taxonomy":"post_tag","embeddable":true,"href":"https:\/\/www.sonnenseite.com\/de\/wp-json\/wp\/v2\/tags?post=89268"}],"curies":[{"name":"wp","href":"https:\/\/api.w.org\/{rel}","templated":true}]}}