{"id":89284,"date":"2023-02-25T02:53:00","date_gmt":"2023-02-25T01:53:00","guid":{"rendered":"https:\/\/www.sonnenseite.com\/?p=89284"},"modified":"2023-02-23T15:53:50","modified_gmt":"2023-02-23T14:53:50","slug":"tuev-rheinland-mobiles-prueflabor-fuer-photovoltaikmodule","status":"publish","type":"post","link":"https:\/\/www.sonnenseite.com\/de\/wirtschaft\/tuev-rheinland-mobiles-prueflabor-fuer-photovoltaikmodule\/","title":{"rendered":"T\u00dcV Rheinland: mobiles Pr\u00fcflabor f\u00fcr Photovoltaikmodule"},"content":{"rendered":"\n<p>Beitrag zur Beschleunigung der Energiewende: Schnellere und umweltfreundlichere Chargenpr\u00fcfung von PV-Modulen \/ Erhebliche Reduzierung der Pr\u00fcfzeiten und Kosten.<\/p>\n\n\n\n<p>T\u00dcV Rheinland hat ein mobiles Labor zur Pr\u00fcfung von Photovoltaik-Modulen (PV) auf den Markt gebracht: Das Mobile Solar Lab. Der Vorteil: Anbieter und Anwender von PV-Modulen m\u00fcssen diese nicht mehr ins Labor bringen, stattdessen kommt das Labor zum Modul. Gerade bei gr\u00f6\u00dferen Solarparks, bei denen Chargenpr\u00fcfungen mehr als tausend Module enthalten k\u00f6nnen, sparen Marktakteure so viel Zeit, Pr\u00fcf- und Speditionskosten ein \u2013 das schont nicht nur den Geldbeutel, sondern auch die Umwelt.<\/p>\n\n\n\n<p>\u201eRein rechnerisch kann T\u00dcV Rheinland mit dem Mobile Solar Lab j\u00e4hrlich circa 30.000 Module testen. Dieses Stichprobenvolumen entspr\u00e4che einer kumulierten Anschlussleistung von rund 1 Gigawattpeak (GWp) oder mehr als 1 Millionen PV-Module&#8220;, erkl\u00e4rt PV-Experte Uwe Hupach von T\u00dcV Rheinland.<\/p>\n\n\n\n<h5 class=\"wp-block-heading\">Labor auf vier R\u00e4dern<\/h5>\n\n\n\n<p>Das mobile PV-Labor ist in ein gro\u00dfes Nutzfahrzeug eingebaut. Es verf\u00fcgt \u00fcber alle technischen Voraussetzungen, die f\u00fcr stichprobenartige Chargenmessungen vor der Installation von PV-Modulen notwendig sind. Bis zu 150 Module pro Tag k\u00f6nnen die Expertinnen und Experten von T\u00dcV Rheinland damit pr\u00fcfen. Nicht selten umfasst eine Stichprobe mehrere hundert bis tausend Module. Mit konventionellen Pr\u00fcfmethoden \u2013 inklusive Abbau und Transport zu einem station\u00e4ren Labor \u2013 w\u00fcrde dies mehrere Wochen dauern, statt weniger Tage mit dem mobilen Labor. Damit zahlt das neue Pr\u00fcfverfahren auch auf eine Beschleunigung der Energiewende ein.<\/p>\n\n\n\n<h5 class=\"wp-block-heading\">Station\u00e4re Labore auch weiterhin gefragt<\/h5>\n\n\n\n<p>Station\u00e4re Labore werden deshalb in Zukunft nicht obsolet sein. \u201eF\u00fcr viele vorgelagerte Tests sind besondere Ger\u00e4tschaften wie Klimakammern, Hagelmaschinen oder mechanische Belastungspr\u00fcfst\u00e4nde n\u00f6tig\u201c, erg\u00e4nzt Hamza Maaroufi von T\u00dcV Rheinland. Jedoch: \u201eIm Bereich der stichprobenartigen Chargenmessung sind wir zuversichtlich, dass das Konzept des mobilen PV-Labors das Modell der Zukunft sein wird.\u201c<\/p>\n\n\n<h5 class=\"green\">Quelle<\/h5>\r\n\n\n\n<p><a href=\"http:\/\/www.tuv.com\/solar\">T\u00dcV Rheinland 2023<\/a><\/p>\n<div class=\"shariff shariff-align-flex-start shariff-widget-align-flex-start\"><div class=\"ShariffHeadline\">Diese Meldung teilen<\/div><ul class=\"shariff-buttons theme-round orientation-horizontal buttonsize-medium\"><li class=\"shariff-button facebook shariff-nocustomcolor\" style=\"background-color:#4273c8;border-radius:1%\"><a href=\"https:\/\/www.facebook.com\/sharer\/sharer.php?u=https%3A%2F%2Fwww.sonnenseite.com%2Fde%2Fwirtschaft%2Ftuev-rheinland-mobiles-prueflabor-fuer-photovoltaikmodule%2F\" title=\"Bei Facebook teilen\" aria-label=\"Bei Facebook teilen\" role=\"button\" rel=\"nofollow\" class=\"shariff-link\" style=\";border-radius:1%; background-color:#3b5998; color:#fff\" target=\"_blank\"><span class=\"shariff-icon\" style=\"\"><svg width=\"32px\" height=\"20px\" xmlns=\"http:\/\/www.w3.org\/2000\/svg\" viewBox=\"0 0 18 32\"><path fill=\"#3b5998\" d=\"M17.1 0.2v4.7h-2.8q-1.5 0-2.1 0.6t-0.5 1.9v3.4h5.2l-0.7 5.3h-4.5v13.6h-5.5v-13.6h-4.5v-5.3h4.5v-3.9q0-3.3 1.9-5.2t5-1.8q2.6 0 4.1 0.2z\"\/><\/svg><\/span><\/a><\/li><li class=\"shariff-button twitter shariff-nocustomcolor\" style=\"background-color:#595959;border-radius:1%\"><a href=\"https:\/\/twitter.com\/share?url=https%3A%2F%2Fwww.sonnenseite.com%2Fde%2Fwirtschaft%2Ftuev-rheinland-mobiles-prueflabor-fuer-photovoltaikmodule%2F&text=T%C3%9CV%20Rheinland%3A%20mobiles%20Pr%C3%BCflabor%20f%C3%BCr%20Photovoltaikmodule\" title=\"Bei X teilen\" aria-label=\"Bei X teilen\" role=\"button\" rel=\"noopener nofollow\" class=\"shariff-link\" style=\";border-radius:1%; background-color:#000; color:#fff\" target=\"_blank\"><span class=\"shariff-icon\" style=\"\"><svg width=\"32px\" height=\"20px\" xmlns=\"http:\/\/www.w3.org\/2000\/svg\" viewBox=\"0 0 24 24\"><path fill=\"#000\" d=\"M14.258 10.152L23.176 0h-2.113l-7.747 8.813L7.133 0H0l9.352 13.328L0 23.973h2.113l8.176-9.309 6.531 9.309h7.133zm-2.895 3.293l-.949-1.328L2.875 1.56h3.246l6.086 8.523.945 1.328 7.91 11.078h-3.246zm0 0\"\/><\/svg><\/span><\/a><\/li><li class=\"shariff-button xing shariff-nocustomcolor\" style=\"background-color:#29888a;border-radius:1%\"><a href=\"https:\/\/www.xing.com\/spi\/shares\/new?url=https%3A%2F%2Fwww.sonnenseite.com%2Fde%2Fwirtschaft%2Ftuev-rheinland-mobiles-prueflabor-fuer-photovoltaikmodule%2F\" title=\"Bei XING teilen\" aria-label=\"Bei XING teilen\" role=\"button\" rel=\"noopener nofollow\" class=\"shariff-link\" style=\";border-radius:1%; background-color:#126567; color:#fff\" target=\"_blank\"><span class=\"shariff-icon\" style=\"\"><svg width=\"32px\" height=\"20px\" xmlns=\"http:\/\/www.w3.org\/2000\/svg\" viewBox=\"0 0 25 32\"><path fill=\"#126567\" d=\"M10.7 11.9q-0.2 0.3-4.6 8.2-0.5 0.8-1.2 0.8h-4.3q-0.4 0-0.5-0.3t0-0.6l4.5-8q0 0 0 0l-2.9-5q-0.2-0.4 0-0.7 0.2-0.3 0.5-0.3h4.3q0.7 0 1.2 0.8zM25.1 0.4q0.2 0.3 0 0.7l-9.4 16.7 6 11q0.2 0.4 0 0.6-0.2 0.3-0.6 0.3h-4.3q-0.7 0-1.2-0.8l-6-11.1q0.3-0.6 9.5-16.8 0.4-0.8 1.2-0.8h4.3q0.4 0 0.5 0.3z\"\/><\/svg><\/span><\/a><\/li><li class=\"shariff-button linkedin shariff-nocustomcolor\" style=\"background-color:#1488bf;border-radius:1%\"><a href=\"https:\/\/www.linkedin.com\/sharing\/share-offsite\/?url=https%3A%2F%2Fwww.sonnenseite.com%2Fde%2Fwirtschaft%2Ftuev-rheinland-mobiles-prueflabor-fuer-photovoltaikmodule%2F\" title=\"Bei LinkedIn teilen\" aria-label=\"Bei LinkedIn teilen\" role=\"button\" rel=\"noopener nofollow\" class=\"shariff-link\" style=\";border-radius:1%; background-color:#0077b5; color:#fff\" target=\"_blank\"><span class=\"shariff-icon\" style=\"\"><svg width=\"32px\" height=\"20px\" xmlns=\"http:\/\/www.w3.org\/2000\/svg\" viewBox=\"0 0 27 32\"><path fill=\"#0077b5\" d=\"M6.2 11.2v17.7h-5.9v-17.7h5.9zM6.6 5.7q0 1.3-0.9 2.2t-2.4 0.9h0q-1.5 0-2.4-0.9t-0.9-2.2 0.9-2.2 2.4-0.9 2.4 0.9 0.9 2.2zM27.4 18.7v10.1h-5.9v-9.5q0-1.9-0.7-2.9t-2.3-1.1q-1.1 0-1.9 0.6t-1.2 1.5q-0.2 0.5-0.2 1.4v9.9h-5.9q0-7.1 0-11.6t0-5.3l0-0.9h5.9v2.6h0q0.4-0.6 0.7-1t1-0.9 1.6-0.8 2-0.3q3 0 4.9 2t1.9 6z\"\/><\/svg><\/span><\/a><\/li><li class=\"shariff-button printer shariff-nocustomcolor\" style=\"background-color:#a8a8a8;border-radius:1%\"><a href=\"javascript:window.print()\" title=\"drucken\" aria-label=\"drucken\" role=\"button\" rel=\"noopener nofollow\" class=\"shariff-link\" style=\";border-radius:1%; background-color:#999; color:#fff\"><span class=\"shariff-icon\" style=\"\"><svg width=\"32px\" height=\"20px\" xmlns=\"http:\/\/www.w3.org\/2000\/svg\" viewBox=\"0 0 30 32\"><path fill=\"#999\" d=\"M6.8 27.4h16v-4.6h-16v4.6zM6.8 16h16v-6.8h-2.8q-0.7 0-1.2-0.5t-0.5-1.2v-2.8h-11.4v11.4zM27.4 17.2q0-0.5-0.3-0.8t-0.8-0.4-0.8 0.4-0.3 0.8 0.3 0.8 0.8 0.3 0.8-0.3 0.3-0.8zM29.7 17.2v7.4q0 0.2-0.2 0.4t-0.4 0.2h-4v2.8q0 0.7-0.5 1.2t-1.2 0.5h-17.2q-0.7 0-1.2-0.5t-0.5-1.2v-2.8h-4q-0.2 0-0.4-0.2t-0.2-0.4v-7.4q0-1.4 1-2.4t2.4-1h1.2v-9.7q0-0.7 0.5-1.2t1.2-0.5h12q0.7 0 1.6 0.4t1.3 0.8l2.7 2.7q0.5 0.5 0.9 1.4t0.4 1.6v4.6h1.1q1.4 0 2.4 1t1 2.4z\"\/><\/svg><\/span><\/a><\/li><li class=\"shariff-button mailto shariff-nocustomcolor\" style=\"background-color:#a8a8a8;border-radius:1%\"><a href=\"mailto:?body=https%3A%2F%2Fwww.sonnenseite.com%2Fde%2Fwirtschaft%2Ftuev-rheinland-mobiles-prueflabor-fuer-photovoltaikmodule%2F&subject=T%C3%9CV%20Rheinland%3A%20mobiles%20Pr%C3%BCflabor%20f%C3%BCr%20Photovoltaikmodule\" title=\"Per E-Mail versenden\" aria-label=\"Per E-Mail versenden\" role=\"button\" rel=\"noopener nofollow\" class=\"shariff-link\" style=\";border-radius:1%; background-color:#999; color:#fff\"><span class=\"shariff-icon\" style=\"\"><svg width=\"32px\" height=\"20px\" xmlns=\"http:\/\/www.w3.org\/2000\/svg\" viewBox=\"0 0 32 32\"><path fill=\"#999\" d=\"M32 12.7v14.2q0 1.2-0.8 2t-2 0.9h-26.3q-1.2 0-2-0.9t-0.8-2v-14.2q0.8 0.9 1.8 1.6 6.5 4.4 8.9 6.1 1 0.8 1.6 1.2t1.7 0.9 2 0.4h0.1q0.9 0 2-0.4t1.7-0.9 1.6-1.2q3-2.2 8.9-6.1 1-0.7 1.8-1.6zM32 7.4q0 1.4-0.9 2.7t-2.2 2.2q-6.7 4.7-8.4 5.8-0.2 0.1-0.7 0.5t-1 0.7-0.9 0.6-1.1 0.5-0.9 0.2h-0.1q-0.4 0-0.9-0.2t-1.1-0.5-0.9-0.6-1-0.7-0.7-0.5q-1.6-1.1-4.7-3.2t-3.6-2.6q-1.1-0.7-2.1-2t-1-2.5q0-1.4 0.7-2.3t2.1-0.9h26.3q1.2 0 2 0.8t0.9 2z\"\/><\/svg><\/span><\/a><\/li><\/ul><\/div>","protected":false},"excerpt":{"rendered":"<p>Beitrag zur Beschleunigung der Energiewende: Schnellere und umweltfreundlichere Chargenpr\u00fcfung von PV-Modulen \/ Erhebliche Reduzierung der Pr\u00fcfzeiten [&hellip;]<\/p>\n","protected":false},"author":3,"featured_media":89286,"comment_status":"closed","ping_status":"closed","sticky":false,"template":"","format":"standard","meta":{"inline_featured_image":false,"footnotes":""},"categories":[24],"tags":[],"class_list":["post-89284","post","type-post","status-publish","format-standard","has-post-thumbnail","hentry","category-wirtschaft"],"yoast_head":"<!-- This site is optimized with the Yoast SEO plugin v26.5 - https:\/\/yoast.com\/wordpress\/plugins\/seo\/ -->\n<title>T\u00dcV Rheinland: mobiles Pr\u00fcflabor f\u00fcr Photovoltaikmodule - Sonnenseite - \u00d6kologische Kommunikation mit Franz Alt<\/title>\n<meta name=\"description\" content=\"Beitrag zur Beschleunigung der Energiewende: Schnellere und umweltfreundlichere Chargenpr\u00fcfung von PV-Modulen \/ Erhebliche Reduzierung der Pr\u00fcfzeiten und\" \/>\n<meta name=\"robots\" content=\"index, follow, max-snippet:-1, max-image-preview:large, max-video-preview:-1\" \/>\n<link rel=\"canonical\" href=\"https:\/\/www.sonnenseite.com\/de\/wirtschaft\/tuev-rheinland-mobiles-prueflabor-fuer-photovoltaikmodule\/\" \/>\n<meta property=\"og:locale\" content=\"de_DE\" \/>\n<meta property=\"og:type\" content=\"article\" \/>\n<meta property=\"og:title\" content=\"T\u00dcV Rheinland: mobiles Pr\u00fcflabor f\u00fcr Photovoltaikmodule - Sonnenseite - \u00d6kologische Kommunikation mit Franz Alt\" \/>\n<meta property=\"og:description\" content=\"Beitrag zur Beschleunigung der Energiewende: Schnellere und umweltfreundlichere Chargenpr\u00fcfung von PV-Modulen \/ Erhebliche Reduzierung der Pr\u00fcfzeiten und\" \/>\n<meta property=\"og:url\" content=\"https:\/\/www.sonnenseite.com\/de\/wirtschaft\/tuev-rheinland-mobiles-prueflabor-fuer-photovoltaikmodule\/\" \/>\n<meta property=\"og:site_name\" content=\"Sonnenseite\" \/>\n<meta property=\"article:publisher\" content=\"https:\/\/www.facebook.com\/pages\/Franz-Alt-SONNENSEITECOM\/221072987903953?fref=ts\" \/>\n<meta property=\"article:published_time\" content=\"2023-02-25T01:53:00+00:00\" \/>\n<meta property=\"og:image\" content=\"https:\/\/www.sonnenseite.com\/wp-content\/uploads\/2023\/02\/TUeV-Rheinland-Mobile-Solar-Lab-2.jpg\" \/>\n\t<meta property=\"og:image:width\" content=\"770\" \/>\n\t<meta property=\"og:image:height\" content=\"420\" \/>\n\t<meta property=\"og:image:type\" content=\"image\/jpeg\" \/>\n<meta name=\"author\" content=\"Bigi Alt\" \/>\n<meta name=\"twitter:card\" content=\"summary_large_image\" \/>\n<meta name=\"twitter:creator\" content=\"@franzalt\" \/>\n<meta name=\"twitter:site\" content=\"@franzalt\" \/>\n<meta name=\"twitter:label1\" content=\"Verfasst von\" \/>\n\t<meta name=\"twitter:data1\" content=\"Bigi Alt\" \/>\n\t<meta name=\"twitter:label2\" content=\"Gesch\u00e4tzte Lesezeit\" \/>\n\t<meta name=\"twitter:data2\" content=\"2\u00a0Minuten\" \/>\n<script type=\"application\/ld+json\" class=\"yoast-schema-graph\">{\"@context\":\"https:\/\/schema.org\",\"@graph\":[{\"@type\":\"Article\",\"@id\":\"https:\/\/www.sonnenseite.com\/de\/wirtschaft\/tuev-rheinland-mobiles-prueflabor-fuer-photovoltaikmodule\/#article\",\"isPartOf\":{\"@id\":\"https:\/\/www.sonnenseite.com\/de\/wirtschaft\/tuev-rheinland-mobiles-prueflabor-fuer-photovoltaikmodule\/\"},\"author\":{\"name\":\"Bigi Alt\",\"@id\":\"https:\/\/www.sonnenseite.com\/de\/#\/schema\/person\/50fda0e926597684c7cc6695238a4eb9\"},\"headline\":\"T\u00dcV Rheinland: mobiles Pr\u00fcflabor f\u00fcr Photovoltaikmodule\",\"datePublished\":\"2023-02-25T01:53:00+00:00\",\"mainEntityOfPage\":{\"@id\":\"https:\/\/www.sonnenseite.com\/de\/wirtschaft\/tuev-rheinland-mobiles-prueflabor-fuer-photovoltaikmodule\/\"},\"wordCount\":315,\"publisher\":{\"@id\":\"https:\/\/www.sonnenseite.com\/de\/#organization\"},\"image\":{\"@id\":\"https:\/\/www.sonnenseite.com\/de\/wirtschaft\/tuev-rheinland-mobiles-prueflabor-fuer-photovoltaikmodule\/#primaryimage\"},\"thumbnailUrl\":\"https:\/\/www.sonnenseite.com\/wp-content\/uploads\/2023\/02\/TUeV-Rheinland-Mobile-Solar-Lab-2.jpg\",\"articleSection\":[\"Wirtschaft\"],\"inLanguage\":\"de\"},{\"@type\":\"WebPage\",\"@id\":\"https:\/\/www.sonnenseite.com\/de\/wirtschaft\/tuev-rheinland-mobiles-prueflabor-fuer-photovoltaikmodule\/\",\"url\":\"https:\/\/www.sonnenseite.com\/de\/wirtschaft\/tuev-rheinland-mobiles-prueflabor-fuer-photovoltaikmodule\/\",\"name\":\"T\u00dcV Rheinland: mobiles Pr\u00fcflabor f\u00fcr Photovoltaikmodule - Sonnenseite - \u00d6kologische Kommunikation mit Franz Alt\",\"isPartOf\":{\"@id\":\"https:\/\/www.sonnenseite.com\/de\/#website\"},\"primaryImageOfPage\":{\"@id\":\"https:\/\/www.sonnenseite.com\/de\/wirtschaft\/tuev-rheinland-mobiles-prueflabor-fuer-photovoltaikmodule\/#primaryimage\"},\"image\":{\"@id\":\"https:\/\/www.sonnenseite.com\/de\/wirtschaft\/tuev-rheinland-mobiles-prueflabor-fuer-photovoltaikmodule\/#primaryimage\"},\"thumbnailUrl\":\"https:\/\/www.sonnenseite.com\/wp-content\/uploads\/2023\/02\/TUeV-Rheinland-Mobile-Solar-Lab-2.jpg\",\"datePublished\":\"2023-02-25T01:53:00+00:00\",\"description\":\"Beitrag zur Beschleunigung der Energiewende: Schnellere und umweltfreundlichere Chargenpr\u00fcfung von PV-Modulen \/ Erhebliche Reduzierung der Pr\u00fcfzeiten und\",\"breadcrumb\":{\"@id\":\"https:\/\/www.sonnenseite.com\/de\/wirtschaft\/tuev-rheinland-mobiles-prueflabor-fuer-photovoltaikmodule\/#breadcrumb\"},\"inLanguage\":\"de\",\"potentialAction\":[{\"@type\":\"ReadAction\",\"target\":[\"https:\/\/www.sonnenseite.com\/de\/wirtschaft\/tuev-rheinland-mobiles-prueflabor-fuer-photovoltaikmodule\/\"]}]},{\"@type\":\"ImageObject\",\"inLanguage\":\"de\",\"@id\":\"https:\/\/www.sonnenseite.com\/de\/wirtschaft\/tuev-rheinland-mobiles-prueflabor-fuer-photovoltaikmodule\/#primaryimage\",\"url\":\"https:\/\/www.sonnenseite.com\/wp-content\/uploads\/2023\/02\/TUeV-Rheinland-Mobile-Solar-Lab-2.jpg\",\"contentUrl\":\"https:\/\/www.sonnenseite.com\/wp-content\/uploads\/2023\/02\/TUeV-Rheinland-Mobile-Solar-Lab-2.jpg\",\"width\":770,\"height\":420,\"caption\":\"T\u00dcV Rheinland | Die mobile Pr\u00fcfung von Photovoltaikmodulen kann viel Zeit sparen.\"},{\"@type\":\"BreadcrumbList\",\"@id\":\"https:\/\/www.sonnenseite.com\/de\/wirtschaft\/tuev-rheinland-mobiles-prueflabor-fuer-photovoltaikmodule\/#breadcrumb\",\"itemListElement\":[{\"@type\":\"ListItem\",\"position\":1,\"name\":\"Startseite\",\"item\":\"https:\/\/www.sonnenseite.com\/de\/\"},{\"@type\":\"ListItem\",\"position\":2,\"name\":\"T\u00dcV Rheinland: mobiles Pr\u00fcflabor f\u00fcr Photovoltaikmodule\"}]},{\"@type\":\"WebSite\",\"@id\":\"https:\/\/www.sonnenseite.com\/de\/#website\",\"url\":\"https:\/\/www.sonnenseite.com\/de\/\",\"name\":\"Sonnenseite\",\"description\":\"\u00d6kologische Kommunikation mit Franz Alt\",\"publisher\":{\"@id\":\"https:\/\/www.sonnenseite.com\/de\/#organization\"},\"potentialAction\":[{\"@type\":\"SearchAction\",\"target\":{\"@type\":\"EntryPoint\",\"urlTemplate\":\"https:\/\/www.sonnenseite.com\/de\/?s={search_term_string}\"},\"query-input\":{\"@type\":\"PropertyValueSpecification\",\"valueRequired\":true,\"valueName\":\"search_term_string\"}}],\"inLanguage\":\"de\"},{\"@type\":\"Organization\",\"@id\":\"https:\/\/www.sonnenseite.com\/de\/#organization\",\"name\":\"Sonnenseite\",\"url\":\"https:\/\/www.sonnenseite.com\/de\/\",\"logo\":{\"@type\":\"ImageObject\",\"inLanguage\":\"de\",\"@id\":\"https:\/\/www.sonnenseite.com\/de\/#\/schema\/logo\/image\/\",\"url\":\"https:\/\/www.sonnenseite.com\/wp-content\/uploads\/2020\/05\/Sonnenseite_Logo.png\",\"contentUrl\":\"https:\/\/www.sonnenseite.com\/wp-content\/uploads\/2020\/05\/Sonnenseite_Logo.png\",\"width\":377,\"height\":90,\"caption\":\"Sonnenseite\"},\"image\":{\"@id\":\"https:\/\/www.sonnenseite.com\/de\/#\/schema\/logo\/image\/\"},\"sameAs\":[\"https:\/\/www.facebook.com\/pages\/Franz-Alt-SONNENSEITECOM\/221072987903953?fref=ts\",\"https:\/\/x.com\/franzalt\",\"http:\/\/www.youtube.com\/results?search_query&amp;amp;quot;franz_alt&amp;amp;quot;&amp;amp;amp;amp;search_type&amp;amp;amp;amp;aq=f\"]},{\"@type\":\"Person\",\"@id\":\"https:\/\/www.sonnenseite.com\/de\/#\/schema\/person\/50fda0e926597684c7cc6695238a4eb9\",\"name\":\"Bigi Alt\"}]}<\/script>\n<!-- \/ Yoast SEO plugin. -->","yoast_head_json":{"title":"T\u00dcV Rheinland: mobiles Pr\u00fcflabor f\u00fcr Photovoltaikmodule - Sonnenseite - \u00d6kologische Kommunikation mit Franz Alt","description":"Beitrag zur Beschleunigung der Energiewende: Schnellere und umweltfreundlichere Chargenpr\u00fcfung von PV-Modulen \/ Erhebliche Reduzierung der Pr\u00fcfzeiten und","robots":{"index":"index","follow":"follow","max-snippet":"max-snippet:-1","max-image-preview":"max-image-preview:large","max-video-preview":"max-video-preview:-1"},"canonical":"https:\/\/www.sonnenseite.com\/de\/wirtschaft\/tuev-rheinland-mobiles-prueflabor-fuer-photovoltaikmodule\/","og_locale":"de_DE","og_type":"article","og_title":"T\u00dcV Rheinland: mobiles Pr\u00fcflabor f\u00fcr Photovoltaikmodule - Sonnenseite - \u00d6kologische Kommunikation mit Franz Alt","og_description":"Beitrag zur Beschleunigung der Energiewende: Schnellere und umweltfreundlichere Chargenpr\u00fcfung von PV-Modulen \/ Erhebliche Reduzierung der Pr\u00fcfzeiten und","og_url":"https:\/\/www.sonnenseite.com\/de\/wirtschaft\/tuev-rheinland-mobiles-prueflabor-fuer-photovoltaikmodule\/","og_site_name":"Sonnenseite","article_publisher":"https:\/\/www.facebook.com\/pages\/Franz-Alt-SONNENSEITECOM\/221072987903953?fref=ts","article_published_time":"2023-02-25T01:53:00+00:00","og_image":[{"width":770,"height":420,"url":"https:\/\/www.sonnenseite.com\/wp-content\/uploads\/2023\/02\/TUeV-Rheinland-Mobile-Solar-Lab-2.jpg","type":"image\/jpeg"}],"author":"Bigi Alt","twitter_card":"summary_large_image","twitter_creator":"@franzalt","twitter_site":"@franzalt","twitter_misc":{"Verfasst von":"Bigi Alt","Gesch\u00e4tzte Lesezeit":"2\u00a0Minuten"},"schema":{"@context":"https:\/\/schema.org","@graph":[{"@type":"Article","@id":"https:\/\/www.sonnenseite.com\/de\/wirtschaft\/tuev-rheinland-mobiles-prueflabor-fuer-photovoltaikmodule\/#article","isPartOf":{"@id":"https:\/\/www.sonnenseite.com\/de\/wirtschaft\/tuev-rheinland-mobiles-prueflabor-fuer-photovoltaikmodule\/"},"author":{"name":"Bigi Alt","@id":"https:\/\/www.sonnenseite.com\/de\/#\/schema\/person\/50fda0e926597684c7cc6695238a4eb9"},"headline":"T\u00dcV Rheinland: mobiles Pr\u00fcflabor f\u00fcr Photovoltaikmodule","datePublished":"2023-02-25T01:53:00+00:00","mainEntityOfPage":{"@id":"https:\/\/www.sonnenseite.com\/de\/wirtschaft\/tuev-rheinland-mobiles-prueflabor-fuer-photovoltaikmodule\/"},"wordCount":315,"publisher":{"@id":"https:\/\/www.sonnenseite.com\/de\/#organization"},"image":{"@id":"https:\/\/www.sonnenseite.com\/de\/wirtschaft\/tuev-rheinland-mobiles-prueflabor-fuer-photovoltaikmodule\/#primaryimage"},"thumbnailUrl":"https:\/\/www.sonnenseite.com\/wp-content\/uploads\/2023\/02\/TUeV-Rheinland-Mobile-Solar-Lab-2.jpg","articleSection":["Wirtschaft"],"inLanguage":"de"},{"@type":"WebPage","@id":"https:\/\/www.sonnenseite.com\/de\/wirtschaft\/tuev-rheinland-mobiles-prueflabor-fuer-photovoltaikmodule\/","url":"https:\/\/www.sonnenseite.com\/de\/wirtschaft\/tuev-rheinland-mobiles-prueflabor-fuer-photovoltaikmodule\/","name":"T\u00dcV Rheinland: mobiles Pr\u00fcflabor f\u00fcr Photovoltaikmodule - Sonnenseite - \u00d6kologische Kommunikation mit Franz Alt","isPartOf":{"@id":"https:\/\/www.sonnenseite.com\/de\/#website"},"primaryImageOfPage":{"@id":"https:\/\/www.sonnenseite.com\/de\/wirtschaft\/tuev-rheinland-mobiles-prueflabor-fuer-photovoltaikmodule\/#primaryimage"},"image":{"@id":"https:\/\/www.sonnenseite.com\/de\/wirtschaft\/tuev-rheinland-mobiles-prueflabor-fuer-photovoltaikmodule\/#primaryimage"},"thumbnailUrl":"https:\/\/www.sonnenseite.com\/wp-content\/uploads\/2023\/02\/TUeV-Rheinland-Mobile-Solar-Lab-2.jpg","datePublished":"2023-02-25T01:53:00+00:00","description":"Beitrag zur Beschleunigung der Energiewende: Schnellere und umweltfreundlichere Chargenpr\u00fcfung von PV-Modulen \/ Erhebliche Reduzierung der Pr\u00fcfzeiten und","breadcrumb":{"@id":"https:\/\/www.sonnenseite.com\/de\/wirtschaft\/tuev-rheinland-mobiles-prueflabor-fuer-photovoltaikmodule\/#breadcrumb"},"inLanguage":"de","potentialAction":[{"@type":"ReadAction","target":["https:\/\/www.sonnenseite.com\/de\/wirtschaft\/tuev-rheinland-mobiles-prueflabor-fuer-photovoltaikmodule\/"]}]},{"@type":"ImageObject","inLanguage":"de","@id":"https:\/\/www.sonnenseite.com\/de\/wirtschaft\/tuev-rheinland-mobiles-prueflabor-fuer-photovoltaikmodule\/#primaryimage","url":"https:\/\/www.sonnenseite.com\/wp-content\/uploads\/2023\/02\/TUeV-Rheinland-Mobile-Solar-Lab-2.jpg","contentUrl":"https:\/\/www.sonnenseite.com\/wp-content\/uploads\/2023\/02\/TUeV-Rheinland-Mobile-Solar-Lab-2.jpg","width":770,"height":420,"caption":"T\u00dcV Rheinland | Die mobile Pr\u00fcfung von Photovoltaikmodulen kann viel Zeit sparen."},{"@type":"BreadcrumbList","@id":"https:\/\/www.sonnenseite.com\/de\/wirtschaft\/tuev-rheinland-mobiles-prueflabor-fuer-photovoltaikmodule\/#breadcrumb","itemListElement":[{"@type":"ListItem","position":1,"name":"Startseite","item":"https:\/\/www.sonnenseite.com\/de\/"},{"@type":"ListItem","position":2,"name":"T\u00dcV Rheinland: mobiles Pr\u00fcflabor f\u00fcr Photovoltaikmodule"}]},{"@type":"WebSite","@id":"https:\/\/www.sonnenseite.com\/de\/#website","url":"https:\/\/www.sonnenseite.com\/de\/","name":"Sonnenseite","description":"\u00d6kologische Kommunikation mit Franz Alt","publisher":{"@id":"https:\/\/www.sonnenseite.com\/de\/#organization"},"potentialAction":[{"@type":"SearchAction","target":{"@type":"EntryPoint","urlTemplate":"https:\/\/www.sonnenseite.com\/de\/?s={search_term_string}"},"query-input":{"@type":"PropertyValueSpecification","valueRequired":true,"valueName":"search_term_string"}}],"inLanguage":"de"},{"@type":"Organization","@id":"https:\/\/www.sonnenseite.com\/de\/#organization","name":"Sonnenseite","url":"https:\/\/www.sonnenseite.com\/de\/","logo":{"@type":"ImageObject","inLanguage":"de","@id":"https:\/\/www.sonnenseite.com\/de\/#\/schema\/logo\/image\/","url":"https:\/\/www.sonnenseite.com\/wp-content\/uploads\/2020\/05\/Sonnenseite_Logo.png","contentUrl":"https:\/\/www.sonnenseite.com\/wp-content\/uploads\/2020\/05\/Sonnenseite_Logo.png","width":377,"height":90,"caption":"Sonnenseite"},"image":{"@id":"https:\/\/www.sonnenseite.com\/de\/#\/schema\/logo\/image\/"},"sameAs":["https:\/\/www.facebook.com\/pages\/Franz-Alt-SONNENSEITECOM\/221072987903953?fref=ts","https:\/\/x.com\/franzalt","http:\/\/www.youtube.com\/results?search_query&amp;amp;quot;franz_alt&amp;amp;quot;&amp;amp;amp;amp;search_type&amp;amp;amp;amp;aq=f"]},{"@type":"Person","@id":"https:\/\/www.sonnenseite.com\/de\/#\/schema\/person\/50fda0e926597684c7cc6695238a4eb9","name":"Bigi Alt"}]}},"_links":{"self":[{"href":"https:\/\/www.sonnenseite.com\/de\/wp-json\/wp\/v2\/posts\/89284","targetHints":{"allow":["GET"]}}],"collection":[{"href":"https:\/\/www.sonnenseite.com\/de\/wp-json\/wp\/v2\/posts"}],"about":[{"href":"https:\/\/www.sonnenseite.com\/de\/wp-json\/wp\/v2\/types\/post"}],"author":[{"embeddable":true,"href":"https:\/\/www.sonnenseite.com\/de\/wp-json\/wp\/v2\/users\/3"}],"replies":[{"embeddable":true,"href":"https:\/\/www.sonnenseite.com\/de\/wp-json\/wp\/v2\/comments?post=89284"}],"version-history":[{"count":1,"href":"https:\/\/www.sonnenseite.com\/de\/wp-json\/wp\/v2\/posts\/89284\/revisions"}],"predecessor-version":[{"id":89285,"href":"https:\/\/www.sonnenseite.com\/de\/wp-json\/wp\/v2\/posts\/89284\/revisions\/89285"}],"wp:featuredmedia":[{"embeddable":true,"href":"https:\/\/www.sonnenseite.com\/de\/wp-json\/wp\/v2\/media\/89286"}],"wp:attachment":[{"href":"https:\/\/www.sonnenseite.com\/de\/wp-json\/wp\/v2\/media?parent=89284"}],"wp:term":[{"taxonomy":"category","embeddable":true,"href":"https:\/\/www.sonnenseite.com\/de\/wp-json\/wp\/v2\/categories?post=89284"},{"taxonomy":"post_tag","embeddable":true,"href":"https:\/\/www.sonnenseite.com\/de\/wp-json\/wp\/v2\/tags?post=89284"}],"curies":[{"name":"wp","href":"https:\/\/api.w.org\/{rel}","templated":true}]}}