{"id":89625,"date":"2023-03-09T08:39:49","date_gmt":"2023-03-09T07:39:49","guid":{"rendered":"https:\/\/www.sonnenseite.com\/?p=89625"},"modified":"2023-03-09T08:40:28","modified_gmt":"2023-03-09T07:40:28","slug":"atomstromanteil-wieder-um-20-prozent-gestiegen","status":"publish","type":"post","link":"https:\/\/www.sonnenseite.com\/de\/energie\/atomstromanteil-wieder-um-20-prozent-gestiegen\/","title":{"rendered":"\u00d6sterreich: Atomstromanteil wieder um 20 Prozent gestiegen"},"content":{"rendered":"\n<p><a href=\"https:\/\/twitter.com\/share\/?url=https:\/\/www.igwindkraft.at\/?mdoc_id=1050558\" target=\"_blank\" rel=\"noreferrer noopener\"><\/a>Nur ein Ausbau der erneuerbaren Energien kann den Atomstrom aus den \u00f6sterreichischen Stromnetzen verdr\u00e4ngen.<\/p>\n\n\n\n<p>Nach wie vor enth\u00e4lt der \u00f6sterreichische Strommix bis zu 13 Prozent Atomstrom. Der Atomstromanteil am \u00f6sterreichischen Stromverbrauch ist damit wieder um 20 Prozent gestiegen. \u201eF\u00fcr ein Land, das sich gerne als K\u00e4mpfer gegen die Atomkraft positioniert, ist das wahrlich kein Ruhmesblatt\u201c, bemerkt Stefan Moidl, Gesch\u00e4ftsf\u00fchrer der IG Windkraft: \u201eDie einzige M\u00f6glichkeit den Atomstrom aus den \u00f6sterreichischen Netzen zu dr\u00e4ngen, ist der rasche Ausbau der erneuerbaren Energien. Die Branche dr\u00e4ngt nach wie vor auf das Aktivwerden der Bundesl\u00e4nder bei der Anpassung der Rahmenbedingungen\u201c, so Moidl.<\/p>\n\n\n\n<p>In drei Tagen, am 11. M\u00e4rz, j\u00e4hrt sich die Atomkatastrophe von Fukushima zum zw\u00f6lften Mal. W\u00e4hrend \u00d6sterreich sich nach au\u00dfen immer wieder als K\u00e4mpfer gegen die Atomenergie positioniert, enth\u00e4lt der \u00f6sterreichische Strommix noch immer bis zu 13 Prozent Atomstrom. Im Jahr davor war der Atomstromanteil mit bis zu 11 Prozent noch zwei Prozentpunkte geringer. Das entspricht einer Steigerung um 20 Prozent. \u201eAuch in diesem Bereich kann der Ausbau der erneuerbaren Energien Abhilfe schaffen\u201c, bemerkt Moidl.<\/p>\n\n\n\n<h5 class=\"wp-block-heading\" id=\"3\">Stromkennzeichnung verschleiert reale Herkunft des Stromes<\/h5>\n\n\n\n<p>Obwohl im letzten Stromkennzeichnungsbericht der E-Control wieder zu lesen ist, dass keine Nachweise aus \u201eNuklearenergie\u201c eingesetzt wurden, bedeutet dies leider nicht, dass \u00d6sterreich frei von Atomstrom ist. \u201eDie Nachweise sagen leider zumeist nichts dar\u00fcber aus, woher der Strom stammt\u201c, \u00e4rgert sich Moidl: \u201eDenn die Stromherkunftsnachweise werden unabh\u00e4ngig vom verkauften Strom gehandelt.\u201c In \u00d6sterreich ist es erlaubt, reinen Atomstrom als \u00d6kostrom zu verkaufen. Hierf\u00fcr muss man sich nur einen Herkunftsnachweis f\u00fcr erneuerbare Energie besorgen und kann damit Atomstrom als erneuerbaren Strom deklarieren. \u201eWie gro\u00df dieser Anteil tats\u00e4chlich ist, kann man aber nur absch\u00e4tzen\u201c, erkl\u00e4rt Moidl: \u201eJe nach Berechnungsmethode liegt der Atomstromanteil dann zwischen 2,8 und 12,9 Prozent. Diese Unklarheiten k\u00f6nnten mit einem Schlag gel\u00f6st werden, wenn die Herkunftsnachweise nicht getrennt vom Strom gehandelt werden d\u00fcrften.\u201c Ab 2024 wird auch jener Strom ausgewiesen werden, der gemeinsam mit den Zertifikaten verkauft wurde. \u201eDies ist zumindest ein Schritt in die richtige Richtung f\u00fcr mehr Transparenz\u201c, so Moidl.<\/p>\n\n\n\n<h5 class=\"wp-block-heading\" id=\"4\">Einzige realistische L\u00f6sung: Ausbau der erneuerbaren Energien<\/h5>\n\n\n\n<p>\u201eNachdem f\u00fcr eine Verkn\u00fcpfung der Herkunftsnachweise mit der tats\u00e4chlichen Stromproduktion eine EU-Entscheidung ben\u00f6tigt und politisch immer wieder abgelehnt wird, gibt es nur die M\u00f6glichkeit mit dem Ausbau der Erneuerbaren den Atomstrom aus \u00f6sterreichischen Stromnetzen zu dr\u00e4ngen\u201c, stellt Moidl fest: \u201eHier dr\u00e4ngt die Branche nach wie vor auf das umgehende Aktivwerden der Bundesl\u00e4nder, um die Rahmenbedingungen f\u00fcr den Ausbau der Windkraft zu verbessern. Derzeit sind diese nicht gegeben und es fehlen neben den sinnvollen Zielsetzungen auch die ausgewiesenen Fl\u00e4chen und das Personal in den Genehmigungsbeh\u00f6rden in beinahe allen Bundesl\u00e4ndern.\u201c<\/p>\n\n\n\n<ul class=\"wp-block-list\">\n<li><a href=\"https:\/\/www.igwindkraft.at\/media.php?filename=download%3D%2F2023.03.08%2F1678260474927763.pdf&amp;rn=20230308%20Stromkennzeichnung%20in%20O%CC%88sterreich%20Hintergrundpapier.pdf\">20230308 Stromkennzeichnung in \u00d6sterreich Hintergrundpapier download<\/a><\/li>\n<\/ul>\n\n\n<h5 class=\"green\">Quelle<\/h5>\r\n\n\n\n<p><a href=\"http:\/\/www.igwindkraft.at\">IG Windkraft 2023<\/a> \/ <a href=\"mailto:m.fliegenschnee@igwindkraft.at\">Mag. Martin Jaksch-Fliegenschnee<\/a><\/p>\n<div class=\"shariff shariff-align-flex-start shariff-widget-align-flex-start\"><div class=\"ShariffHeadline\">Diese Meldung teilen<\/div><ul class=\"shariff-buttons theme-round orientation-horizontal buttonsize-medium\"><li class=\"shariff-button facebook shariff-nocustomcolor\" style=\"background-color:#4273c8;border-radius:1%\"><a href=\"https:\/\/www.facebook.com\/sharer\/sharer.php?u=https%3A%2F%2Fwww.sonnenseite.com%2Fde%2Fenergie%2Fatomstromanteil-wieder-um-20-prozent-gestiegen%2F\" title=\"Bei Facebook teilen\" aria-label=\"Bei Facebook teilen\" role=\"button\" rel=\"nofollow\" class=\"shariff-link\" style=\";border-radius:1%; background-color:#3b5998; color:#fff\" target=\"_blank\"><span class=\"shariff-icon\" style=\"\"><svg width=\"32px\" height=\"20px\" xmlns=\"http:\/\/www.w3.org\/2000\/svg\" viewBox=\"0 0 18 32\"><path fill=\"#3b5998\" d=\"M17.1 0.2v4.7h-2.8q-1.5 0-2.1 0.6t-0.5 1.9v3.4h5.2l-0.7 5.3h-4.5v13.6h-5.5v-13.6h-4.5v-5.3h4.5v-3.9q0-3.3 1.9-5.2t5-1.8q2.6 0 4.1 0.2z\"\/><\/svg><\/span><\/a><\/li><li class=\"shariff-button twitter shariff-nocustomcolor\" style=\"background-color:#595959;border-radius:1%\"><a href=\"https:\/\/twitter.com\/share?url=https%3A%2F%2Fwww.sonnenseite.com%2Fde%2Fenergie%2Fatomstromanteil-wieder-um-20-prozent-gestiegen%2F&text=%C3%96sterreich%3A%20Atomstromanteil%20wieder%20um%2020%20Prozent%20gestiegen\" title=\"Bei X teilen\" aria-label=\"Bei X teilen\" role=\"button\" rel=\"noopener nofollow\" class=\"shariff-link\" style=\";border-radius:1%; background-color:#000; color:#fff\" target=\"_blank\"><span class=\"shariff-icon\" style=\"\"><svg width=\"32px\" height=\"20px\" xmlns=\"http:\/\/www.w3.org\/2000\/svg\" viewBox=\"0 0 24 24\"><path fill=\"#000\" d=\"M14.258 10.152L23.176 0h-2.113l-7.747 8.813L7.133 0H0l9.352 13.328L0 23.973h2.113l8.176-9.309 6.531 9.309h7.133zm-2.895 3.293l-.949-1.328L2.875 1.56h3.246l6.086 8.523.945 1.328 7.91 11.078h-3.246zm0 0\"\/><\/svg><\/span><\/a><\/li><li class=\"shariff-button xing shariff-nocustomcolor\" style=\"background-color:#29888a;border-radius:1%\"><a href=\"https:\/\/www.xing.com\/spi\/shares\/new?url=https%3A%2F%2Fwww.sonnenseite.com%2Fde%2Fenergie%2Fatomstromanteil-wieder-um-20-prozent-gestiegen%2F\" title=\"Bei XING teilen\" aria-label=\"Bei XING teilen\" role=\"button\" rel=\"noopener nofollow\" class=\"shariff-link\" style=\";border-radius:1%; background-color:#126567; color:#fff\" target=\"_blank\"><span class=\"shariff-icon\" style=\"\"><svg width=\"32px\" height=\"20px\" xmlns=\"http:\/\/www.w3.org\/2000\/svg\" viewBox=\"0 0 25 32\"><path fill=\"#126567\" d=\"M10.7 11.9q-0.2 0.3-4.6 8.2-0.5 0.8-1.2 0.8h-4.3q-0.4 0-0.5-0.3t0-0.6l4.5-8q0 0 0 0l-2.9-5q-0.2-0.4 0-0.7 0.2-0.3 0.5-0.3h4.3q0.7 0 1.2 0.8zM25.1 0.4q0.2 0.3 0 0.7l-9.4 16.7 6 11q0.2 0.4 0 0.6-0.2 0.3-0.6 0.3h-4.3q-0.7 0-1.2-0.8l-6-11.1q0.3-0.6 9.5-16.8 0.4-0.8 1.2-0.8h4.3q0.4 0 0.5 0.3z\"\/><\/svg><\/span><\/a><\/li><li class=\"shariff-button linkedin shariff-nocustomcolor\" style=\"background-color:#1488bf;border-radius:1%\"><a href=\"https:\/\/www.linkedin.com\/sharing\/share-offsite\/?url=https%3A%2F%2Fwww.sonnenseite.com%2Fde%2Fenergie%2Fatomstromanteil-wieder-um-20-prozent-gestiegen%2F\" title=\"Bei LinkedIn teilen\" aria-label=\"Bei LinkedIn teilen\" role=\"button\" rel=\"noopener nofollow\" class=\"shariff-link\" style=\";border-radius:1%; background-color:#0077b5; color:#fff\" target=\"_blank\"><span class=\"shariff-icon\" style=\"\"><svg width=\"32px\" height=\"20px\" xmlns=\"http:\/\/www.w3.org\/2000\/svg\" viewBox=\"0 0 27 32\"><path fill=\"#0077b5\" d=\"M6.2 11.2v17.7h-5.9v-17.7h5.9zM6.6 5.7q0 1.3-0.9 2.2t-2.4 0.9h0q-1.5 0-2.4-0.9t-0.9-2.2 0.9-2.2 2.4-0.9 2.4 0.9 0.9 2.2zM27.4 18.7v10.1h-5.9v-9.5q0-1.9-0.7-2.9t-2.3-1.1q-1.1 0-1.9 0.6t-1.2 1.5q-0.2 0.5-0.2 1.4v9.9h-5.9q0-7.1 0-11.6t0-5.3l0-0.9h5.9v2.6h0q0.4-0.6 0.7-1t1-0.9 1.6-0.8 2-0.3q3 0 4.9 2t1.9 6z\"\/><\/svg><\/span><\/a><\/li><li class=\"shariff-button printer shariff-nocustomcolor\" style=\"background-color:#a8a8a8;border-radius:1%\"><a href=\"javascript:window.print()\" title=\"drucken\" aria-label=\"drucken\" role=\"button\" rel=\"noopener nofollow\" class=\"shariff-link\" style=\";border-radius:1%; background-color:#999; color:#fff\"><span class=\"shariff-icon\" style=\"\"><svg width=\"32px\" height=\"20px\" xmlns=\"http:\/\/www.w3.org\/2000\/svg\" viewBox=\"0 0 30 32\"><path fill=\"#999\" d=\"M6.8 27.4h16v-4.6h-16v4.6zM6.8 16h16v-6.8h-2.8q-0.7 0-1.2-0.5t-0.5-1.2v-2.8h-11.4v11.4zM27.4 17.2q0-0.5-0.3-0.8t-0.8-0.4-0.8 0.4-0.3 0.8 0.3 0.8 0.8 0.3 0.8-0.3 0.3-0.8zM29.7 17.2v7.4q0 0.2-0.2 0.4t-0.4 0.2h-4v2.8q0 0.7-0.5 1.2t-1.2 0.5h-17.2q-0.7 0-1.2-0.5t-0.5-1.2v-2.8h-4q-0.2 0-0.4-0.2t-0.2-0.4v-7.4q0-1.4 1-2.4t2.4-1h1.2v-9.7q0-0.7 0.5-1.2t1.2-0.5h12q0.7 0 1.6 0.4t1.3 0.8l2.7 2.7q0.5 0.5 0.9 1.4t0.4 1.6v4.6h1.1q1.4 0 2.4 1t1 2.4z\"\/><\/svg><\/span><\/a><\/li><li class=\"shariff-button mailto shariff-nocustomcolor\" style=\"background-color:#a8a8a8;border-radius:1%\"><a href=\"mailto:?body=https%3A%2F%2Fwww.sonnenseite.com%2Fde%2Fenergie%2Fatomstromanteil-wieder-um-20-prozent-gestiegen%2F&subject=%C3%96sterreich%3A%20Atomstromanteil%20wieder%20um%2020%20Prozent%20gestiegen\" title=\"Per E-Mail versenden\" aria-label=\"Per E-Mail versenden\" role=\"button\" rel=\"noopener nofollow\" class=\"shariff-link\" style=\";border-radius:1%; background-color:#999; color:#fff\"><span class=\"shariff-icon\" style=\"\"><svg width=\"32px\" height=\"20px\" xmlns=\"http:\/\/www.w3.org\/2000\/svg\" viewBox=\"0 0 32 32\"><path fill=\"#999\" d=\"M32 12.7v14.2q0 1.2-0.8 2t-2 0.9h-26.3q-1.2 0-2-0.9t-0.8-2v-14.2q0.8 0.9 1.8 1.6 6.5 4.4 8.9 6.1 1 0.8 1.6 1.2t1.7 0.9 2 0.4h0.1q0.9 0 2-0.4t1.7-0.9 1.6-1.2q3-2.2 8.9-6.1 1-0.7 1.8-1.6zM32 7.4q0 1.4-0.9 2.7t-2.2 2.2q-6.7 4.7-8.4 5.8-0.2 0.1-0.7 0.5t-1 0.7-0.9 0.6-1.1 0.5-0.9 0.2h-0.1q-0.4 0-0.9-0.2t-1.1-0.5-0.9-0.6-1-0.7-0.7-0.5q-1.6-1.1-4.7-3.2t-3.6-2.6q-1.1-0.7-2.1-2t-1-2.5q0-1.4 0.7-2.3t2.1-0.9h26.3q1.2 0 2 0.8t0.9 2z\"\/><\/svg><\/span><\/a><\/li><\/ul><\/div>","protected":false},"excerpt":{"rendered":"<p>Nur ein Ausbau der erneuerbaren Energien kann den Atomstrom aus den \u00f6sterreichischen Stromnetzen verdr\u00e4ngen. Nach wie [&hellip;]<\/p>\n","protected":false},"author":3,"featured_media":19354,"comment_status":"closed","ping_status":"closed","sticky":false,"template":"","format":"standard","meta":{"inline_featured_image":false,"footnotes":""},"categories":[22],"tags":[],"class_list":["post-89625","post","type-post","status-publish","format-standard","has-post-thumbnail","hentry","category-energie"],"yoast_head":"<!-- This site is optimized with the Yoast SEO plugin v26.5 - https:\/\/yoast.com\/wordpress\/plugins\/seo\/ -->\n<title>\u00d6sterreich: Atomstromanteil wieder um 20 Prozent gestiegen - Sonnenseite - \u00d6kologische Kommunikation mit Franz Alt<\/title>\n<meta name=\"description\" content=\"Nur ein Ausbau der erneuerbaren Energien kann den Atomstrom aus den \u00f6sterreichischen Stromnetzen verdr\u00e4ngen. Nach wie vor enth\u00e4lt der \u00f6sterreichische\" \/>\n<meta name=\"robots\" content=\"index, follow, max-snippet:-1, max-image-preview:large, max-video-preview:-1\" \/>\n<link rel=\"canonical\" href=\"https:\/\/www.sonnenseite.com\/de\/energie\/atomstromanteil-wieder-um-20-prozent-gestiegen\/\" \/>\n<meta property=\"og:locale\" content=\"de_DE\" \/>\n<meta property=\"og:type\" content=\"article\" \/>\n<meta property=\"og:title\" content=\"\u00d6sterreich: Atomstromanteil wieder um 20 Prozent gestiegen - Sonnenseite - \u00d6kologische Kommunikation mit Franz Alt\" \/>\n<meta property=\"og:description\" content=\"Nur ein Ausbau der erneuerbaren Energien kann den Atomstrom aus den \u00f6sterreichischen Stromnetzen verdr\u00e4ngen. Nach wie vor enth\u00e4lt der \u00f6sterreichische\" \/>\n<meta property=\"og:url\" content=\"https:\/\/www.sonnenseite.com\/de\/energie\/atomstromanteil-wieder-um-20-prozent-gestiegen\/\" \/>\n<meta property=\"og:site_name\" content=\"Sonnenseite\" \/>\n<meta property=\"article:publisher\" content=\"https:\/\/www.facebook.com\/pages\/Franz-Alt-SONNENSEITECOM\/221072987903953?fref=ts\" \/>\n<meta property=\"article:published_time\" content=\"2023-03-09T07:39:49+00:00\" \/>\n<meta property=\"article:modified_time\" content=\"2023-03-09T07:40:28+00:00\" \/>\n<meta property=\"og:image\" content=\"https:\/\/www.sonnenseite.com\/wp-content\/uploads\/2018\/04\/oesterreich_fahne_johnkrempl.jpg\" \/>\n\t<meta property=\"og:image:width\" content=\"770\" \/>\n\t<meta property=\"og:image:height\" content=\"420\" \/>\n\t<meta property=\"og:image:type\" content=\"image\/jpeg\" \/>\n<meta name=\"author\" content=\"Bigi Alt\" \/>\n<meta name=\"twitter:card\" content=\"summary_large_image\" \/>\n<meta name=\"twitter:creator\" content=\"@franzalt\" \/>\n<meta name=\"twitter:site\" content=\"@franzalt\" \/>\n<meta name=\"twitter:label1\" content=\"Verfasst von\" \/>\n\t<meta name=\"twitter:data1\" content=\"Bigi Alt\" \/>\n\t<meta name=\"twitter:label2\" content=\"Gesch\u00e4tzte Lesezeit\" \/>\n\t<meta name=\"twitter:data2\" content=\"3\u00a0Minuten\" \/>\n<script type=\"application\/ld+json\" class=\"yoast-schema-graph\">{\"@context\":\"https:\/\/schema.org\",\"@graph\":[{\"@type\":\"Article\",\"@id\":\"https:\/\/www.sonnenseite.com\/de\/energie\/atomstromanteil-wieder-um-20-prozent-gestiegen\/#article\",\"isPartOf\":{\"@id\":\"https:\/\/www.sonnenseite.com\/de\/energie\/atomstromanteil-wieder-um-20-prozent-gestiegen\/\"},\"author\":{\"name\":\"Bigi Alt\",\"@id\":\"https:\/\/www.sonnenseite.com\/de\/#\/schema\/person\/50fda0e926597684c7cc6695238a4eb9\"},\"headline\":\"\u00d6sterreich: Atomstromanteil wieder um 20 Prozent gestiegen\",\"datePublished\":\"2023-03-09T07:39:49+00:00\",\"dateModified\":\"2023-03-09T07:40:28+00:00\",\"mainEntityOfPage\":{\"@id\":\"https:\/\/www.sonnenseite.com\/de\/energie\/atomstromanteil-wieder-um-20-prozent-gestiegen\/\"},\"wordCount\":475,\"publisher\":{\"@id\":\"https:\/\/www.sonnenseite.com\/de\/#organization\"},\"image\":{\"@id\":\"https:\/\/www.sonnenseite.com\/de\/energie\/atomstromanteil-wieder-um-20-prozent-gestiegen\/#primaryimage\"},\"thumbnailUrl\":\"https:\/\/www.sonnenseite.com\/wp-content\/uploads\/2018\/04\/oesterreich_fahne_johnkrempl.jpg\",\"articleSection\":[\"Energie\"],\"inLanguage\":\"de\"},{\"@type\":\"WebPage\",\"@id\":\"https:\/\/www.sonnenseite.com\/de\/energie\/atomstromanteil-wieder-um-20-prozent-gestiegen\/\",\"url\":\"https:\/\/www.sonnenseite.com\/de\/energie\/atomstromanteil-wieder-um-20-prozent-gestiegen\/\",\"name\":\"\u00d6sterreich: Atomstromanteil wieder um 20 Prozent gestiegen - Sonnenseite - \u00d6kologische Kommunikation mit Franz Alt\",\"isPartOf\":{\"@id\":\"https:\/\/www.sonnenseite.com\/de\/#website\"},\"primaryImageOfPage\":{\"@id\":\"https:\/\/www.sonnenseite.com\/de\/energie\/atomstromanteil-wieder-um-20-prozent-gestiegen\/#primaryimage\"},\"image\":{\"@id\":\"https:\/\/www.sonnenseite.com\/de\/energie\/atomstromanteil-wieder-um-20-prozent-gestiegen\/#primaryimage\"},\"thumbnailUrl\":\"https:\/\/www.sonnenseite.com\/wp-content\/uploads\/2018\/04\/oesterreich_fahne_johnkrempl.jpg\",\"datePublished\":\"2023-03-09T07:39:49+00:00\",\"dateModified\":\"2023-03-09T07:40:28+00:00\",\"description\":\"Nur ein Ausbau der erneuerbaren Energien kann den Atomstrom aus den \u00f6sterreichischen Stromnetzen verdr\u00e4ngen. Nach wie vor enth\u00e4lt der \u00f6sterreichische\",\"breadcrumb\":{\"@id\":\"https:\/\/www.sonnenseite.com\/de\/energie\/atomstromanteil-wieder-um-20-prozent-gestiegen\/#breadcrumb\"},\"inLanguage\":\"de\",\"potentialAction\":[{\"@type\":\"ReadAction\",\"target\":[\"https:\/\/www.sonnenseite.com\/de\/energie\/atomstromanteil-wieder-um-20-prozent-gestiegen\/\"]}]},{\"@type\":\"ImageObject\",\"inLanguage\":\"de\",\"@id\":\"https:\/\/www.sonnenseite.com\/de\/energie\/atomstromanteil-wieder-um-20-prozent-gestiegen\/#primaryimage\",\"url\":\"https:\/\/www.sonnenseite.com\/wp-content\/uploads\/2018\/04\/oesterreich_fahne_johnkrempl.jpg\",\"contentUrl\":\"https:\/\/www.sonnenseite.com\/wp-content\/uploads\/2018\/04\/oesterreich_fahne_johnkrempl.jpg\",\"width\":770,\"height\":420,\"caption\":\"photocase.de | johnkrempl\"},{\"@type\":\"BreadcrumbList\",\"@id\":\"https:\/\/www.sonnenseite.com\/de\/energie\/atomstromanteil-wieder-um-20-prozent-gestiegen\/#breadcrumb\",\"itemListElement\":[{\"@type\":\"ListItem\",\"position\":1,\"name\":\"Startseite\",\"item\":\"https:\/\/www.sonnenseite.com\/de\/\"},{\"@type\":\"ListItem\",\"position\":2,\"name\":\"\u00d6sterreich: Atomstromanteil wieder um 20 Prozent gestiegen\"}]},{\"@type\":\"WebSite\",\"@id\":\"https:\/\/www.sonnenseite.com\/de\/#website\",\"url\":\"https:\/\/www.sonnenseite.com\/de\/\",\"name\":\"Sonnenseite\",\"description\":\"\u00d6kologische Kommunikation mit Franz Alt\",\"publisher\":{\"@id\":\"https:\/\/www.sonnenseite.com\/de\/#organization\"},\"potentialAction\":[{\"@type\":\"SearchAction\",\"target\":{\"@type\":\"EntryPoint\",\"urlTemplate\":\"https:\/\/www.sonnenseite.com\/de\/?s={search_term_string}\"},\"query-input\":{\"@type\":\"PropertyValueSpecification\",\"valueRequired\":true,\"valueName\":\"search_term_string\"}}],\"inLanguage\":\"de\"},{\"@type\":\"Organization\",\"@id\":\"https:\/\/www.sonnenseite.com\/de\/#organization\",\"name\":\"Sonnenseite\",\"url\":\"https:\/\/www.sonnenseite.com\/de\/\",\"logo\":{\"@type\":\"ImageObject\",\"inLanguage\":\"de\",\"@id\":\"https:\/\/www.sonnenseite.com\/de\/#\/schema\/logo\/image\/\",\"url\":\"https:\/\/www.sonnenseite.com\/wp-content\/uploads\/2020\/05\/Sonnenseite_Logo.png\",\"contentUrl\":\"https:\/\/www.sonnenseite.com\/wp-content\/uploads\/2020\/05\/Sonnenseite_Logo.png\",\"width\":377,\"height\":90,\"caption\":\"Sonnenseite\"},\"image\":{\"@id\":\"https:\/\/www.sonnenseite.com\/de\/#\/schema\/logo\/image\/\"},\"sameAs\":[\"https:\/\/www.facebook.com\/pages\/Franz-Alt-SONNENSEITECOM\/221072987903953?fref=ts\",\"https:\/\/x.com\/franzalt\",\"http:\/\/www.youtube.com\/results?search_query&amp;amp;quot;franz_alt&amp;amp;quot;&amp;amp;amp;amp;search_type&amp;amp;amp;amp;aq=f\"]},{\"@type\":\"Person\",\"@id\":\"https:\/\/www.sonnenseite.com\/de\/#\/schema\/person\/50fda0e926597684c7cc6695238a4eb9\",\"name\":\"Bigi Alt\"}]}<\/script>\n<!-- \/ Yoast SEO plugin. -->","yoast_head_json":{"title":"\u00d6sterreich: Atomstromanteil wieder um 20 Prozent gestiegen - Sonnenseite - \u00d6kologische Kommunikation mit Franz Alt","description":"Nur ein Ausbau der erneuerbaren Energien kann den Atomstrom aus den \u00f6sterreichischen Stromnetzen verdr\u00e4ngen. Nach wie vor enth\u00e4lt der \u00f6sterreichische","robots":{"index":"index","follow":"follow","max-snippet":"max-snippet:-1","max-image-preview":"max-image-preview:large","max-video-preview":"max-video-preview:-1"},"canonical":"https:\/\/www.sonnenseite.com\/de\/energie\/atomstromanteil-wieder-um-20-prozent-gestiegen\/","og_locale":"de_DE","og_type":"article","og_title":"\u00d6sterreich: Atomstromanteil wieder um 20 Prozent gestiegen - Sonnenseite - \u00d6kologische Kommunikation mit Franz Alt","og_description":"Nur ein Ausbau der erneuerbaren Energien kann den Atomstrom aus den \u00f6sterreichischen Stromnetzen verdr\u00e4ngen. Nach wie vor enth\u00e4lt der \u00f6sterreichische","og_url":"https:\/\/www.sonnenseite.com\/de\/energie\/atomstromanteil-wieder-um-20-prozent-gestiegen\/","og_site_name":"Sonnenseite","article_publisher":"https:\/\/www.facebook.com\/pages\/Franz-Alt-SONNENSEITECOM\/221072987903953?fref=ts","article_published_time":"2023-03-09T07:39:49+00:00","article_modified_time":"2023-03-09T07:40:28+00:00","og_image":[{"width":770,"height":420,"url":"https:\/\/www.sonnenseite.com\/wp-content\/uploads\/2018\/04\/oesterreich_fahne_johnkrempl.jpg","type":"image\/jpeg"}],"author":"Bigi Alt","twitter_card":"summary_large_image","twitter_creator":"@franzalt","twitter_site":"@franzalt","twitter_misc":{"Verfasst von":"Bigi Alt","Gesch\u00e4tzte Lesezeit":"3\u00a0Minuten"},"schema":{"@context":"https:\/\/schema.org","@graph":[{"@type":"Article","@id":"https:\/\/www.sonnenseite.com\/de\/energie\/atomstromanteil-wieder-um-20-prozent-gestiegen\/#article","isPartOf":{"@id":"https:\/\/www.sonnenseite.com\/de\/energie\/atomstromanteil-wieder-um-20-prozent-gestiegen\/"},"author":{"name":"Bigi Alt","@id":"https:\/\/www.sonnenseite.com\/de\/#\/schema\/person\/50fda0e926597684c7cc6695238a4eb9"},"headline":"\u00d6sterreich: Atomstromanteil wieder um 20 Prozent gestiegen","datePublished":"2023-03-09T07:39:49+00:00","dateModified":"2023-03-09T07:40:28+00:00","mainEntityOfPage":{"@id":"https:\/\/www.sonnenseite.com\/de\/energie\/atomstromanteil-wieder-um-20-prozent-gestiegen\/"},"wordCount":475,"publisher":{"@id":"https:\/\/www.sonnenseite.com\/de\/#organization"},"image":{"@id":"https:\/\/www.sonnenseite.com\/de\/energie\/atomstromanteil-wieder-um-20-prozent-gestiegen\/#primaryimage"},"thumbnailUrl":"https:\/\/www.sonnenseite.com\/wp-content\/uploads\/2018\/04\/oesterreich_fahne_johnkrempl.jpg","articleSection":["Energie"],"inLanguage":"de"},{"@type":"WebPage","@id":"https:\/\/www.sonnenseite.com\/de\/energie\/atomstromanteil-wieder-um-20-prozent-gestiegen\/","url":"https:\/\/www.sonnenseite.com\/de\/energie\/atomstromanteil-wieder-um-20-prozent-gestiegen\/","name":"\u00d6sterreich: Atomstromanteil wieder um 20 Prozent gestiegen - Sonnenseite - \u00d6kologische Kommunikation mit Franz Alt","isPartOf":{"@id":"https:\/\/www.sonnenseite.com\/de\/#website"},"primaryImageOfPage":{"@id":"https:\/\/www.sonnenseite.com\/de\/energie\/atomstromanteil-wieder-um-20-prozent-gestiegen\/#primaryimage"},"image":{"@id":"https:\/\/www.sonnenseite.com\/de\/energie\/atomstromanteil-wieder-um-20-prozent-gestiegen\/#primaryimage"},"thumbnailUrl":"https:\/\/www.sonnenseite.com\/wp-content\/uploads\/2018\/04\/oesterreich_fahne_johnkrempl.jpg","datePublished":"2023-03-09T07:39:49+00:00","dateModified":"2023-03-09T07:40:28+00:00","description":"Nur ein Ausbau der erneuerbaren Energien kann den Atomstrom aus den \u00f6sterreichischen Stromnetzen verdr\u00e4ngen. Nach wie vor enth\u00e4lt der \u00f6sterreichische","breadcrumb":{"@id":"https:\/\/www.sonnenseite.com\/de\/energie\/atomstromanteil-wieder-um-20-prozent-gestiegen\/#breadcrumb"},"inLanguage":"de","potentialAction":[{"@type":"ReadAction","target":["https:\/\/www.sonnenseite.com\/de\/energie\/atomstromanteil-wieder-um-20-prozent-gestiegen\/"]}]},{"@type":"ImageObject","inLanguage":"de","@id":"https:\/\/www.sonnenseite.com\/de\/energie\/atomstromanteil-wieder-um-20-prozent-gestiegen\/#primaryimage","url":"https:\/\/www.sonnenseite.com\/wp-content\/uploads\/2018\/04\/oesterreich_fahne_johnkrempl.jpg","contentUrl":"https:\/\/www.sonnenseite.com\/wp-content\/uploads\/2018\/04\/oesterreich_fahne_johnkrempl.jpg","width":770,"height":420,"caption":"photocase.de | johnkrempl"},{"@type":"BreadcrumbList","@id":"https:\/\/www.sonnenseite.com\/de\/energie\/atomstromanteil-wieder-um-20-prozent-gestiegen\/#breadcrumb","itemListElement":[{"@type":"ListItem","position":1,"name":"Startseite","item":"https:\/\/www.sonnenseite.com\/de\/"},{"@type":"ListItem","position":2,"name":"\u00d6sterreich: Atomstromanteil wieder um 20 Prozent gestiegen"}]},{"@type":"WebSite","@id":"https:\/\/www.sonnenseite.com\/de\/#website","url":"https:\/\/www.sonnenseite.com\/de\/","name":"Sonnenseite","description":"\u00d6kologische Kommunikation mit Franz Alt","publisher":{"@id":"https:\/\/www.sonnenseite.com\/de\/#organization"},"potentialAction":[{"@type":"SearchAction","target":{"@type":"EntryPoint","urlTemplate":"https:\/\/www.sonnenseite.com\/de\/?s={search_term_string}"},"query-input":{"@type":"PropertyValueSpecification","valueRequired":true,"valueName":"search_term_string"}}],"inLanguage":"de"},{"@type":"Organization","@id":"https:\/\/www.sonnenseite.com\/de\/#organization","name":"Sonnenseite","url":"https:\/\/www.sonnenseite.com\/de\/","logo":{"@type":"ImageObject","inLanguage":"de","@id":"https:\/\/www.sonnenseite.com\/de\/#\/schema\/logo\/image\/","url":"https:\/\/www.sonnenseite.com\/wp-content\/uploads\/2020\/05\/Sonnenseite_Logo.png","contentUrl":"https:\/\/www.sonnenseite.com\/wp-content\/uploads\/2020\/05\/Sonnenseite_Logo.png","width":377,"height":90,"caption":"Sonnenseite"},"image":{"@id":"https:\/\/www.sonnenseite.com\/de\/#\/schema\/logo\/image\/"},"sameAs":["https:\/\/www.facebook.com\/pages\/Franz-Alt-SONNENSEITECOM\/221072987903953?fref=ts","https:\/\/x.com\/franzalt","http:\/\/www.youtube.com\/results?search_query&amp;amp;quot;franz_alt&amp;amp;quot;&amp;amp;amp;amp;search_type&amp;amp;amp;amp;aq=f"]},{"@type":"Person","@id":"https:\/\/www.sonnenseite.com\/de\/#\/schema\/person\/50fda0e926597684c7cc6695238a4eb9","name":"Bigi Alt"}]}},"_links":{"self":[{"href":"https:\/\/www.sonnenseite.com\/de\/wp-json\/wp\/v2\/posts\/89625","targetHints":{"allow":["GET"]}}],"collection":[{"href":"https:\/\/www.sonnenseite.com\/de\/wp-json\/wp\/v2\/posts"}],"about":[{"href":"https:\/\/www.sonnenseite.com\/de\/wp-json\/wp\/v2\/types\/post"}],"author":[{"embeddable":true,"href":"https:\/\/www.sonnenseite.com\/de\/wp-json\/wp\/v2\/users\/3"}],"replies":[{"embeddable":true,"href":"https:\/\/www.sonnenseite.com\/de\/wp-json\/wp\/v2\/comments?post=89625"}],"version-history":[{"count":4,"href":"https:\/\/www.sonnenseite.com\/de\/wp-json\/wp\/v2\/posts\/89625\/revisions"}],"predecessor-version":[{"id":89629,"href":"https:\/\/www.sonnenseite.com\/de\/wp-json\/wp\/v2\/posts\/89625\/revisions\/89629"}],"wp:featuredmedia":[{"embeddable":true,"href":"https:\/\/www.sonnenseite.com\/de\/wp-json\/wp\/v2\/media\/19354"}],"wp:attachment":[{"href":"https:\/\/www.sonnenseite.com\/de\/wp-json\/wp\/v2\/media?parent=89625"}],"wp:term":[{"taxonomy":"category","embeddable":true,"href":"https:\/\/www.sonnenseite.com\/de\/wp-json\/wp\/v2\/categories?post=89625"},{"taxonomy":"post_tag","embeddable":true,"href":"https:\/\/www.sonnenseite.com\/de\/wp-json\/wp\/v2\/tags?post=89625"}],"curies":[{"name":"wp","href":"https:\/\/api.w.org\/{rel}","templated":true}]}}