{"id":89703,"date":"2023-03-12T03:30:02","date_gmt":"2023-03-12T02:30:02","guid":{"rendered":"https:\/\/www.sonnenseite.com\/?p=89703"},"modified":"2023-03-18T13:13:14","modified_gmt":"2023-03-18T12:13:14","slug":"papst-franziskus-will-im-ukraine-krieg-vermitteln","status":"publish","type":"post","link":"https:\/\/www.sonnenseite.com\/de\/franz-alt\/kommentare-interviews\/papst-franziskus-will-im-ukraine-krieg-vermitteln\/","title":{"rendered":"Papst Franziskus will im Ukraine-Krieg vermitteln"},"content":{"rendered":"\n<p>Er stehe dem russischen Pr\u00e4sidenten Putin f\u00fcr Gespr\u00e4che zur Verf\u00fcgung, sagte Franziskus soeben dem italienisch-schweizerischen <a href=\"https:\/\/www.rsi.ch\/news\/mondo\/Papa-Francesco-si-racconta-alla-RSI-16079938.html\">Fernsehsender RSI<\/a>. Nachdem der Krieg in der Ukraine nun schon l\u00e4nger als ein Jahr andauere, m\u00fcsse man ausloten, wie der Frieden wiederhergestellt werden k\u00f6nne. <\/p>\n\n\n\n<p>Der Krieg w\u00fcte zwar in der Ukraine, doch seien mittlerweile neben Russland alle Gro\u00dfm\u00e4chte der Welt darin verstrickt und verfolgten eigene, imperiale Interessen. Die Gefahr eines dritten Weltkrieges sei dementsprechend unvermindert hoch, erkl\u00e4rte das Oberhaupt der Katholischen Kirche. Und damit auch die Gefahr eines alles vernichtenden Atomkriegs.<\/p>\n\n\n\n<p>Kiews Oberb\u00fcrgermeister Klitschko hat den Papst schon lange in die ukrainische Hauptstadt eingeladen. Der Besuch scheiterte bisher an Sicherheitsbedenken. Nachdem aber inzwischen selbst US-Pr\u00e4sident Biden unbehindert in der ukrainischen Hauptstadt war, d\u00fcrfte das Sicherheitsargument jetzt keine wirkliche Rolle mehr spielen. Es liegt nun eindeutig an Pr\u00e4sident Putin, das neue p\u00e4pstliche Angebot anzunehmen. Putin k\u00f6nnte damit alle skeptischen westlichen Stimmen widerlegen, die ihm immer wieder unterstellen, gar nicht verhandeln zu wollen.<\/p>\n\n\n\n<p>Der Papst hat in den letzten Jahren in mehreren afrikanischen Staaten erfolgreich zu Waffenstillst\u00e4nden und zu Friedensverhandlungen beigetragen: Im S\u00fcdsudan, im Kongo und in \u00c4thiopien. &nbsp;Warum sollte dies nicht auch in Europa gelingen? <\/p>\n\n\n\n<p>Franziskus hat schon zu Beginn des russischen \u00dcberfalls auf die Ukraine zum Frieden aufgerufen und daran erinnert, dass auch der Westen und die NATO zu den Spannungen in Osteuropa beigetragen haben. Damit lie\u00df Franziskus auch eine T\u00fcr zu Putin&nbsp;offen. Andererseits hat der Papst seinen christlichen Amtsbruder, den Moskauer Patriarchen Kyrill in deutlichen Worten daran erinnert, dass ein Vertreter des Christentums niemals einen Angriffskrieg unterst\u00fctzen sollte \u2013 wie das Kyrill gegen\u00fcber Putin bis heute immer wieder tut. Kyrill schwadroniert im Jahr 2023 noch vom \u201eHeiligen Krieg\u201c. Franziskus nannte Kyrill deshalb einen \u201eMessdiener Putins\u201c.<\/p>\n\n\n\n<p>Sp\u00e4testens der sogenannte Friedensplan Chinas und die zunehmenden Waffenlieferungen westlicher Staaten an die Ukraine in den letzten Wochen best\u00e4tigen die p\u00e4pstliche Einsch\u00e4tzung, dass in diesen Krieg \u201emittlerweile neben Russland alle Gro\u00dfm\u00e4chte der Welt darin verstrickt\u201c seien und \u201eeigene, imperiale Interessen\u201c verfolgten.<\/p>\n\n\n\n<p>Der brutale, sinnlose und opferreiche Kampf um Bachmut macht deutlich, dass es hohe Zeit ist, die Bem\u00fchungen um einen Waffenstillstand und um Frieden in der Ukraine durch eine Autorit\u00e4t wie den Papst ernst zu nehmen. Alle friedliebenden Kr\u00e4fte in der EU, bei der UNO, auch der deutsche Bundeskanzler, die Pr\u00e4sidenten Frankreichs und der USA sowie die chinesische Regierung sollten die Vermittlungsversuche des Papstes unterst\u00fctzen. <\/p>\n\n\n\n<p>F\u00fcr Frieden ist es nie zu sp\u00e4t. Alles andere ist eine Bankrotterkl\u00e4rung der Menschlichkeit und eine Schande f\u00fcr die gesamte Menschheit.<\/p>\n\n\n\n<ul class=\"wp-block-list\">\n<li><a href=\"https:\/\/tp.srgssr.ch\/p\/rsi\/embed?urn=urn:rsi:video:16080520&amp;autoplay=true&amp;hideendscreen=1\">Zehn Jahre mit Papst Franziskus<\/a> | Sonntag, 12. M\u00e4rz, 20.40 Uhr, RSI LA 1 und <a href=\"http:\/\/www.rsi.ch\">www.rsi.ch<\/a> | Ein Auszug des Interviews ist bereits hier verf\u00fcgbar: <a href=\"https:\/\/www.youtube.com\/redirect?event=video_description&amp;redir_token=QUFFLUhqblJYLXNUUy1vWDNZenhfMEhHZDNUZG5qNERRQXxBQ3Jtc0ttVTYwNklDNFFwamZJeW5KQUdTemRCblBXOTdkRVdRbmFfVE9mRl9xQm9CNjBPNVVTU0E4OVh3cnRUc05IM1dxLTUyUWhuYWk2MWVjZVFhUURlSVd3VHBPMVJkdkl5c1lZVGhNTVViVVFLZlBJR3FKdw&amp;q=https%3A%2F%2Fwww.rsi.ch%2Fg%2F16079938&amp;v=JcvSSta0vMc\" target=\"_blank\" rel=\"noreferrer noopener\">https:\/\/www.rsi.ch\/g\/16079938<\/a> <\/li>\n<\/ul>\n\n\n<h5 class=\"green\">Quelle<\/h5>\r\n\n\n\n<p><a href=\"mailto:franzalt@sonnenseite.com\">Franz Alt 2023<\/a><\/p>\n<div class=\"shariff shariff-align-flex-start shariff-widget-align-flex-start\"><div class=\"ShariffHeadline\">Diese Meldung teilen<\/div><ul class=\"shariff-buttons theme-round orientation-horizontal buttonsize-medium\"><li class=\"shariff-button facebook shariff-nocustomcolor\" style=\"background-color:#4273c8;border-radius:1%\"><a href=\"https:\/\/www.facebook.com\/sharer\/sharer.php?u=https%3A%2F%2Fwww.sonnenseite.com%2Fde%2Ffranz-alt%2Fkommentare-interviews%2Fpapst-franziskus-will-im-ukraine-krieg-vermitteln%2F\" title=\"Bei Facebook teilen\" aria-label=\"Bei Facebook teilen\" role=\"button\" rel=\"nofollow\" class=\"shariff-link\" style=\";border-radius:1%; background-color:#3b5998; color:#fff\" target=\"_blank\"><span class=\"shariff-icon\" style=\"\"><svg width=\"32px\" height=\"20px\" xmlns=\"http:\/\/www.w3.org\/2000\/svg\" viewBox=\"0 0 18 32\"><path fill=\"#3b5998\" d=\"M17.1 0.2v4.7h-2.8q-1.5 0-2.1 0.6t-0.5 1.9v3.4h5.2l-0.7 5.3h-4.5v13.6h-5.5v-13.6h-4.5v-5.3h4.5v-3.9q0-3.3 1.9-5.2t5-1.8q2.6 0 4.1 0.2z\"\/><\/svg><\/span><\/a><\/li><li class=\"shariff-button twitter shariff-nocustomcolor\" style=\"background-color:#595959;border-radius:1%\"><a href=\"https:\/\/twitter.com\/share?url=https%3A%2F%2Fwww.sonnenseite.com%2Fde%2Ffranz-alt%2Fkommentare-interviews%2Fpapst-franziskus-will-im-ukraine-krieg-vermitteln%2F&text=Papst%20Franziskus%20will%20im%20Ukraine-Krieg%20vermitteln\" title=\"Bei X teilen\" aria-label=\"Bei X teilen\" role=\"button\" rel=\"noopener nofollow\" class=\"shariff-link\" style=\";border-radius:1%; background-color:#000; color:#fff\" target=\"_blank\"><span class=\"shariff-icon\" style=\"\"><svg width=\"32px\" height=\"20px\" xmlns=\"http:\/\/www.w3.org\/2000\/svg\" viewBox=\"0 0 24 24\"><path fill=\"#000\" d=\"M14.258 10.152L23.176 0h-2.113l-7.747 8.813L7.133 0H0l9.352 13.328L0 23.973h2.113l8.176-9.309 6.531 9.309h7.133zm-2.895 3.293l-.949-1.328L2.875 1.56h3.246l6.086 8.523.945 1.328 7.91 11.078h-3.246zm0 0\"\/><\/svg><\/span><\/a><\/li><li class=\"shariff-button xing shariff-nocustomcolor\" style=\"background-color:#29888a;border-radius:1%\"><a href=\"https:\/\/www.xing.com\/spi\/shares\/new?url=https%3A%2F%2Fwww.sonnenseite.com%2Fde%2Ffranz-alt%2Fkommentare-interviews%2Fpapst-franziskus-will-im-ukraine-krieg-vermitteln%2F\" title=\"Bei XING teilen\" aria-label=\"Bei XING teilen\" role=\"button\" rel=\"noopener nofollow\" class=\"shariff-link\" style=\";border-radius:1%; background-color:#126567; color:#fff\" target=\"_blank\"><span class=\"shariff-icon\" style=\"\"><svg width=\"32px\" height=\"20px\" xmlns=\"http:\/\/www.w3.org\/2000\/svg\" viewBox=\"0 0 25 32\"><path fill=\"#126567\" d=\"M10.7 11.9q-0.2 0.3-4.6 8.2-0.5 0.8-1.2 0.8h-4.3q-0.4 0-0.5-0.3t0-0.6l4.5-8q0 0 0 0l-2.9-5q-0.2-0.4 0-0.7 0.2-0.3 0.5-0.3h4.3q0.7 0 1.2 0.8zM25.1 0.4q0.2 0.3 0 0.7l-9.4 16.7 6 11q0.2 0.4 0 0.6-0.2 0.3-0.6 0.3h-4.3q-0.7 0-1.2-0.8l-6-11.1q0.3-0.6 9.5-16.8 0.4-0.8 1.2-0.8h4.3q0.4 0 0.5 0.3z\"\/><\/svg><\/span><\/a><\/li><li class=\"shariff-button linkedin shariff-nocustomcolor\" style=\"background-color:#1488bf;border-radius:1%\"><a href=\"https:\/\/www.linkedin.com\/sharing\/share-offsite\/?url=https%3A%2F%2Fwww.sonnenseite.com%2Fde%2Ffranz-alt%2Fkommentare-interviews%2Fpapst-franziskus-will-im-ukraine-krieg-vermitteln%2F\" title=\"Bei LinkedIn teilen\" aria-label=\"Bei LinkedIn teilen\" role=\"button\" rel=\"noopener nofollow\" class=\"shariff-link\" style=\";border-radius:1%; background-color:#0077b5; color:#fff\" target=\"_blank\"><span class=\"shariff-icon\" style=\"\"><svg width=\"32px\" height=\"20px\" xmlns=\"http:\/\/www.w3.org\/2000\/svg\" viewBox=\"0 0 27 32\"><path fill=\"#0077b5\" d=\"M6.2 11.2v17.7h-5.9v-17.7h5.9zM6.6 5.7q0 1.3-0.9 2.2t-2.4 0.9h0q-1.5 0-2.4-0.9t-0.9-2.2 0.9-2.2 2.4-0.9 2.4 0.9 0.9 2.2zM27.4 18.7v10.1h-5.9v-9.5q0-1.9-0.7-2.9t-2.3-1.1q-1.1 0-1.9 0.6t-1.2 1.5q-0.2 0.5-0.2 1.4v9.9h-5.9q0-7.1 0-11.6t0-5.3l0-0.9h5.9v2.6h0q0.4-0.6 0.7-1t1-0.9 1.6-0.8 2-0.3q3 0 4.9 2t1.9 6z\"\/><\/svg><\/span><\/a><\/li><li class=\"shariff-button printer shariff-nocustomcolor\" style=\"background-color:#a8a8a8;border-radius:1%\"><a href=\"javascript:window.print()\" title=\"drucken\" aria-label=\"drucken\" role=\"button\" rel=\"noopener nofollow\" class=\"shariff-link\" style=\";border-radius:1%; background-color:#999; color:#fff\"><span class=\"shariff-icon\" style=\"\"><svg width=\"32px\" height=\"20px\" xmlns=\"http:\/\/www.w3.org\/2000\/svg\" viewBox=\"0 0 30 32\"><path fill=\"#999\" d=\"M6.8 27.4h16v-4.6h-16v4.6zM6.8 16h16v-6.8h-2.8q-0.7 0-1.2-0.5t-0.5-1.2v-2.8h-11.4v11.4zM27.4 17.2q0-0.5-0.3-0.8t-0.8-0.4-0.8 0.4-0.3 0.8 0.3 0.8 0.8 0.3 0.8-0.3 0.3-0.8zM29.7 17.2v7.4q0 0.2-0.2 0.4t-0.4 0.2h-4v2.8q0 0.7-0.5 1.2t-1.2 0.5h-17.2q-0.7 0-1.2-0.5t-0.5-1.2v-2.8h-4q-0.2 0-0.4-0.2t-0.2-0.4v-7.4q0-1.4 1-2.4t2.4-1h1.2v-9.7q0-0.7 0.5-1.2t1.2-0.5h12q0.7 0 1.6 0.4t1.3 0.8l2.7 2.7q0.5 0.5 0.9 1.4t0.4 1.6v4.6h1.1q1.4 0 2.4 1t1 2.4z\"\/><\/svg><\/span><\/a><\/li><li class=\"shariff-button mailto shariff-nocustomcolor\" style=\"background-color:#a8a8a8;border-radius:1%\"><a href=\"mailto:?body=https%3A%2F%2Fwww.sonnenseite.com%2Fde%2Ffranz-alt%2Fkommentare-interviews%2Fpapst-franziskus-will-im-ukraine-krieg-vermitteln%2F&subject=Papst%20Franziskus%20will%20im%20Ukraine-Krieg%20vermitteln\" title=\"Per E-Mail versenden\" aria-label=\"Per E-Mail versenden\" role=\"button\" rel=\"noopener nofollow\" class=\"shariff-link\" style=\";border-radius:1%; background-color:#999; color:#fff\"><span class=\"shariff-icon\" style=\"\"><svg width=\"32px\" height=\"20px\" xmlns=\"http:\/\/www.w3.org\/2000\/svg\" viewBox=\"0 0 32 32\"><path fill=\"#999\" d=\"M32 12.7v14.2q0 1.2-0.8 2t-2 0.9h-26.3q-1.2 0-2-0.9t-0.8-2v-14.2q0.8 0.9 1.8 1.6 6.5 4.4 8.9 6.1 1 0.8 1.6 1.2t1.7 0.9 2 0.4h0.1q0.9 0 2-0.4t1.7-0.9 1.6-1.2q3-2.2 8.9-6.1 1-0.7 1.8-1.6zM32 7.4q0 1.4-0.9 2.7t-2.2 2.2q-6.7 4.7-8.4 5.8-0.2 0.1-0.7 0.5t-1 0.7-0.9 0.6-1.1 0.5-0.9 0.2h-0.1q-0.4 0-0.9-0.2t-1.1-0.5-0.9-0.6-1-0.7-0.7-0.5q-1.6-1.1-4.7-3.2t-3.6-2.6q-1.1-0.7-2.1-2t-1-2.5q0-1.4 0.7-2.3t2.1-0.9h26.3q1.2 0 2 0.8t0.9 2z\"\/><\/svg><\/span><\/a><\/li><\/ul><\/div>","protected":false},"excerpt":{"rendered":"<p>Er stehe dem russischen Pr\u00e4sidenten Putin f\u00fcr Gespr\u00e4che zur Verf\u00fcgung, sagte Franziskus soeben dem italienisch-schweizerischen Fernsehsender [&hellip;]<\/p>\n","protected":false},"author":3,"featured_media":21053,"comment_status":"closed","ping_status":"closed","sticky":false,"template":"","format":"standard","meta":{"inline_featured_image":false,"footnotes":""},"categories":[29],"tags":[],"class_list":["post-89703","post","type-post","status-publish","format-standard","has-post-thumbnail","hentry","category-kommentare-interviews"],"yoast_head":"<!-- This site is optimized with the Yoast SEO plugin v26.5 - https:\/\/yoast.com\/wordpress\/plugins\/seo\/ -->\n<title>Papst Franziskus will im Ukraine-Krieg vermitteln - Sonnenseite - \u00d6kologische Kommunikation mit Franz Alt<\/title>\n<meta name=\"description\" content=\"Er stehe dem russischen Pr\u00e4sidenten Putin f\u00fcr Gespr\u00e4che zur Verf\u00fcgung, sagte Franziskus soeben dem italienisch-schweizerischen Fernsehsender RSI. Nachdem\" \/>\n<meta name=\"robots\" content=\"index, follow, max-snippet:-1, max-image-preview:large, max-video-preview:-1\" \/>\n<link rel=\"canonical\" href=\"https:\/\/www.sonnenseite.com\/de\/franz-alt\/kommentare-interviews\/papst-franziskus-will-im-ukraine-krieg-vermitteln\/\" \/>\n<meta property=\"og:locale\" content=\"de_DE\" \/>\n<meta property=\"og:type\" content=\"article\" \/>\n<meta property=\"og:title\" content=\"Papst Franziskus will im Ukraine-Krieg vermitteln - Sonnenseite - \u00d6kologische Kommunikation mit Franz Alt\" \/>\n<meta property=\"og:description\" content=\"Er stehe dem russischen Pr\u00e4sidenten Putin f\u00fcr Gespr\u00e4che zur Verf\u00fcgung, sagte Franziskus soeben dem italienisch-schweizerischen Fernsehsender RSI. Nachdem\" \/>\n<meta property=\"og:url\" content=\"https:\/\/www.sonnenseite.com\/de\/franz-alt\/kommentare-interviews\/papst-franziskus-will-im-ukraine-krieg-vermitteln\/\" \/>\n<meta property=\"og:site_name\" content=\"Sonnenseite\" \/>\n<meta property=\"article:publisher\" content=\"https:\/\/www.facebook.com\/pages\/Franz-Alt-SONNENSEITECOM\/221072987903953?fref=ts\" \/>\n<meta property=\"article:published_time\" content=\"2023-03-12T02:30:02+00:00\" \/>\n<meta property=\"article:modified_time\" content=\"2023-03-18T12:13:14+00:00\" \/>\n<meta property=\"og:image\" content=\"https:\/\/www.sonnenseite.com\/wp-content\/uploads\/2018\/03\/papstfranciscus_neneo.jpg\" \/>\n\t<meta property=\"og:image:width\" content=\"770\" \/>\n\t<meta property=\"og:image:height\" content=\"420\" \/>\n\t<meta property=\"og:image:type\" content=\"image\/jpeg\" \/>\n<meta name=\"author\" content=\"Bigi Alt\" \/>\n<meta name=\"twitter:card\" content=\"summary_large_image\" \/>\n<meta name=\"twitter:creator\" content=\"@franzalt\" \/>\n<meta name=\"twitter:site\" content=\"@franzalt\" \/>\n<meta name=\"twitter:label1\" content=\"Verfasst von\" \/>\n\t<meta name=\"twitter:data1\" content=\"Bigi Alt\" \/>\n\t<meta name=\"twitter:label2\" content=\"Gesch\u00e4tzte Lesezeit\" \/>\n\t<meta name=\"twitter:data2\" content=\"3\u00a0Minuten\" \/>\n<script type=\"application\/ld+json\" class=\"yoast-schema-graph\">{\"@context\":\"https:\/\/schema.org\",\"@graph\":[{\"@type\":\"Article\",\"@id\":\"https:\/\/www.sonnenseite.com\/de\/franz-alt\/kommentare-interviews\/papst-franziskus-will-im-ukraine-krieg-vermitteln\/#article\",\"isPartOf\":{\"@id\":\"https:\/\/www.sonnenseite.com\/de\/franz-alt\/kommentare-interviews\/papst-franziskus-will-im-ukraine-krieg-vermitteln\/\"},\"author\":{\"name\":\"Bigi Alt\",\"@id\":\"https:\/\/www.sonnenseite.com\/de\/#\/schema\/person\/50fda0e926597684c7cc6695238a4eb9\"},\"headline\":\"Papst Franziskus will im Ukraine-Krieg vermitteln\",\"datePublished\":\"2023-03-12T02:30:02+00:00\",\"dateModified\":\"2023-03-18T12:13:14+00:00\",\"mainEntityOfPage\":{\"@id\":\"https:\/\/www.sonnenseite.com\/de\/franz-alt\/kommentare-interviews\/papst-franziskus-will-im-ukraine-krieg-vermitteln\/\"},\"wordCount\":482,\"publisher\":{\"@id\":\"https:\/\/www.sonnenseite.com\/de\/#organization\"},\"image\":{\"@id\":\"https:\/\/www.sonnenseite.com\/de\/franz-alt\/kommentare-interviews\/papst-franziskus-will-im-ukraine-krieg-vermitteln\/#primaryimage\"},\"thumbnailUrl\":\"https:\/\/www.sonnenseite.com\/wp-content\/uploads\/2018\/03\/papstfranciscus_neneo.jpg\",\"articleSection\":[\"Kommentare &amp; Interviews\"],\"inLanguage\":\"de\"},{\"@type\":\"WebPage\",\"@id\":\"https:\/\/www.sonnenseite.com\/de\/franz-alt\/kommentare-interviews\/papst-franziskus-will-im-ukraine-krieg-vermitteln\/\",\"url\":\"https:\/\/www.sonnenseite.com\/de\/franz-alt\/kommentare-interviews\/papst-franziskus-will-im-ukraine-krieg-vermitteln\/\",\"name\":\"Papst Franziskus will im Ukraine-Krieg vermitteln - Sonnenseite - \u00d6kologische Kommunikation mit Franz Alt\",\"isPartOf\":{\"@id\":\"https:\/\/www.sonnenseite.com\/de\/#website\"},\"primaryImageOfPage\":{\"@id\":\"https:\/\/www.sonnenseite.com\/de\/franz-alt\/kommentare-interviews\/papst-franziskus-will-im-ukraine-krieg-vermitteln\/#primaryimage\"},\"image\":{\"@id\":\"https:\/\/www.sonnenseite.com\/de\/franz-alt\/kommentare-interviews\/papst-franziskus-will-im-ukraine-krieg-vermitteln\/#primaryimage\"},\"thumbnailUrl\":\"https:\/\/www.sonnenseite.com\/wp-content\/uploads\/2018\/03\/papstfranciscus_neneo.jpg\",\"datePublished\":\"2023-03-12T02:30:02+00:00\",\"dateModified\":\"2023-03-18T12:13:14+00:00\",\"description\":\"Er stehe dem russischen Pr\u00e4sidenten Putin f\u00fcr Gespr\u00e4che zur Verf\u00fcgung, sagte Franziskus soeben dem italienisch-schweizerischen Fernsehsender RSI. Nachdem\",\"breadcrumb\":{\"@id\":\"https:\/\/www.sonnenseite.com\/de\/franz-alt\/kommentare-interviews\/papst-franziskus-will-im-ukraine-krieg-vermitteln\/#breadcrumb\"},\"inLanguage\":\"de\",\"potentialAction\":[{\"@type\":\"ReadAction\",\"target\":[\"https:\/\/www.sonnenseite.com\/de\/franz-alt\/kommentare-interviews\/papst-franziskus-will-im-ukraine-krieg-vermitteln\/\"]}]},{\"@type\":\"ImageObject\",\"inLanguage\":\"de\",\"@id\":\"https:\/\/www.sonnenseite.com\/de\/franz-alt\/kommentare-interviews\/papst-franziskus-will-im-ukraine-krieg-vermitteln\/#primaryimage\",\"url\":\"https:\/\/www.sonnenseite.com\/wp-content\/uploads\/2018\/03\/papstfranciscus_neneo.jpg\",\"contentUrl\":\"https:\/\/www.sonnenseite.com\/wp-content\/uploads\/2018\/03\/papstfranciscus_neneo.jpg\",\"width\":770,\"height\":420,\"caption\":\"bigstock | neneo | Papst Franziskus\"},{\"@type\":\"BreadcrumbList\",\"@id\":\"https:\/\/www.sonnenseite.com\/de\/franz-alt\/kommentare-interviews\/papst-franziskus-will-im-ukraine-krieg-vermitteln\/#breadcrumb\",\"itemListElement\":[{\"@type\":\"ListItem\",\"position\":1,\"name\":\"Startseite\",\"item\":\"https:\/\/www.sonnenseite.com\/de\/\"},{\"@type\":\"ListItem\",\"position\":2,\"name\":\"Papst Franziskus will im Ukraine-Krieg vermitteln\"}]},{\"@type\":\"WebSite\",\"@id\":\"https:\/\/www.sonnenseite.com\/de\/#website\",\"url\":\"https:\/\/www.sonnenseite.com\/de\/\",\"name\":\"Sonnenseite\",\"description\":\"\u00d6kologische Kommunikation mit Franz Alt\",\"publisher\":{\"@id\":\"https:\/\/www.sonnenseite.com\/de\/#organization\"},\"potentialAction\":[{\"@type\":\"SearchAction\",\"target\":{\"@type\":\"EntryPoint\",\"urlTemplate\":\"https:\/\/www.sonnenseite.com\/de\/?s={search_term_string}\"},\"query-input\":{\"@type\":\"PropertyValueSpecification\",\"valueRequired\":true,\"valueName\":\"search_term_string\"}}],\"inLanguage\":\"de\"},{\"@type\":\"Organization\",\"@id\":\"https:\/\/www.sonnenseite.com\/de\/#organization\",\"name\":\"Sonnenseite\",\"url\":\"https:\/\/www.sonnenseite.com\/de\/\",\"logo\":{\"@type\":\"ImageObject\",\"inLanguage\":\"de\",\"@id\":\"https:\/\/www.sonnenseite.com\/de\/#\/schema\/logo\/image\/\",\"url\":\"https:\/\/www.sonnenseite.com\/wp-content\/uploads\/2020\/05\/Sonnenseite_Logo.png\",\"contentUrl\":\"https:\/\/www.sonnenseite.com\/wp-content\/uploads\/2020\/05\/Sonnenseite_Logo.png\",\"width\":377,\"height\":90,\"caption\":\"Sonnenseite\"},\"image\":{\"@id\":\"https:\/\/www.sonnenseite.com\/de\/#\/schema\/logo\/image\/\"},\"sameAs\":[\"https:\/\/www.facebook.com\/pages\/Franz-Alt-SONNENSEITECOM\/221072987903953?fref=ts\",\"https:\/\/x.com\/franzalt\",\"http:\/\/www.youtube.com\/results?search_query&amp;amp;quot;franz_alt&amp;amp;quot;&amp;amp;amp;amp;search_type&amp;amp;amp;amp;aq=f\"]},{\"@type\":\"Person\",\"@id\":\"https:\/\/www.sonnenseite.com\/de\/#\/schema\/person\/50fda0e926597684c7cc6695238a4eb9\",\"name\":\"Bigi Alt\"}]}<\/script>\n<!-- \/ Yoast SEO plugin. -->","yoast_head_json":{"title":"Papst Franziskus will im Ukraine-Krieg vermitteln - Sonnenseite - \u00d6kologische Kommunikation mit Franz Alt","description":"Er stehe dem russischen Pr\u00e4sidenten Putin f\u00fcr Gespr\u00e4che zur Verf\u00fcgung, sagte Franziskus soeben dem italienisch-schweizerischen Fernsehsender RSI. Nachdem","robots":{"index":"index","follow":"follow","max-snippet":"max-snippet:-1","max-image-preview":"max-image-preview:large","max-video-preview":"max-video-preview:-1"},"canonical":"https:\/\/www.sonnenseite.com\/de\/franz-alt\/kommentare-interviews\/papst-franziskus-will-im-ukraine-krieg-vermitteln\/","og_locale":"de_DE","og_type":"article","og_title":"Papst Franziskus will im Ukraine-Krieg vermitteln - Sonnenseite - \u00d6kologische Kommunikation mit Franz Alt","og_description":"Er stehe dem russischen Pr\u00e4sidenten Putin f\u00fcr Gespr\u00e4che zur Verf\u00fcgung, sagte Franziskus soeben dem italienisch-schweizerischen Fernsehsender RSI. Nachdem","og_url":"https:\/\/www.sonnenseite.com\/de\/franz-alt\/kommentare-interviews\/papst-franziskus-will-im-ukraine-krieg-vermitteln\/","og_site_name":"Sonnenseite","article_publisher":"https:\/\/www.facebook.com\/pages\/Franz-Alt-SONNENSEITECOM\/221072987903953?fref=ts","article_published_time":"2023-03-12T02:30:02+00:00","article_modified_time":"2023-03-18T12:13:14+00:00","og_image":[{"width":770,"height":420,"url":"https:\/\/www.sonnenseite.com\/wp-content\/uploads\/2018\/03\/papstfranciscus_neneo.jpg","type":"image\/jpeg"}],"author":"Bigi Alt","twitter_card":"summary_large_image","twitter_creator":"@franzalt","twitter_site":"@franzalt","twitter_misc":{"Verfasst von":"Bigi Alt","Gesch\u00e4tzte Lesezeit":"3\u00a0Minuten"},"schema":{"@context":"https:\/\/schema.org","@graph":[{"@type":"Article","@id":"https:\/\/www.sonnenseite.com\/de\/franz-alt\/kommentare-interviews\/papst-franziskus-will-im-ukraine-krieg-vermitteln\/#article","isPartOf":{"@id":"https:\/\/www.sonnenseite.com\/de\/franz-alt\/kommentare-interviews\/papst-franziskus-will-im-ukraine-krieg-vermitteln\/"},"author":{"name":"Bigi Alt","@id":"https:\/\/www.sonnenseite.com\/de\/#\/schema\/person\/50fda0e926597684c7cc6695238a4eb9"},"headline":"Papst Franziskus will im Ukraine-Krieg vermitteln","datePublished":"2023-03-12T02:30:02+00:00","dateModified":"2023-03-18T12:13:14+00:00","mainEntityOfPage":{"@id":"https:\/\/www.sonnenseite.com\/de\/franz-alt\/kommentare-interviews\/papst-franziskus-will-im-ukraine-krieg-vermitteln\/"},"wordCount":482,"publisher":{"@id":"https:\/\/www.sonnenseite.com\/de\/#organization"},"image":{"@id":"https:\/\/www.sonnenseite.com\/de\/franz-alt\/kommentare-interviews\/papst-franziskus-will-im-ukraine-krieg-vermitteln\/#primaryimage"},"thumbnailUrl":"https:\/\/www.sonnenseite.com\/wp-content\/uploads\/2018\/03\/papstfranciscus_neneo.jpg","articleSection":["Kommentare &amp; Interviews"],"inLanguage":"de"},{"@type":"WebPage","@id":"https:\/\/www.sonnenseite.com\/de\/franz-alt\/kommentare-interviews\/papst-franziskus-will-im-ukraine-krieg-vermitteln\/","url":"https:\/\/www.sonnenseite.com\/de\/franz-alt\/kommentare-interviews\/papst-franziskus-will-im-ukraine-krieg-vermitteln\/","name":"Papst Franziskus will im Ukraine-Krieg vermitteln - Sonnenseite - \u00d6kologische Kommunikation mit Franz Alt","isPartOf":{"@id":"https:\/\/www.sonnenseite.com\/de\/#website"},"primaryImageOfPage":{"@id":"https:\/\/www.sonnenseite.com\/de\/franz-alt\/kommentare-interviews\/papst-franziskus-will-im-ukraine-krieg-vermitteln\/#primaryimage"},"image":{"@id":"https:\/\/www.sonnenseite.com\/de\/franz-alt\/kommentare-interviews\/papst-franziskus-will-im-ukraine-krieg-vermitteln\/#primaryimage"},"thumbnailUrl":"https:\/\/www.sonnenseite.com\/wp-content\/uploads\/2018\/03\/papstfranciscus_neneo.jpg","datePublished":"2023-03-12T02:30:02+00:00","dateModified":"2023-03-18T12:13:14+00:00","description":"Er stehe dem russischen Pr\u00e4sidenten Putin f\u00fcr Gespr\u00e4che zur Verf\u00fcgung, sagte Franziskus soeben dem italienisch-schweizerischen Fernsehsender RSI. Nachdem","breadcrumb":{"@id":"https:\/\/www.sonnenseite.com\/de\/franz-alt\/kommentare-interviews\/papst-franziskus-will-im-ukraine-krieg-vermitteln\/#breadcrumb"},"inLanguage":"de","potentialAction":[{"@type":"ReadAction","target":["https:\/\/www.sonnenseite.com\/de\/franz-alt\/kommentare-interviews\/papst-franziskus-will-im-ukraine-krieg-vermitteln\/"]}]},{"@type":"ImageObject","inLanguage":"de","@id":"https:\/\/www.sonnenseite.com\/de\/franz-alt\/kommentare-interviews\/papst-franziskus-will-im-ukraine-krieg-vermitteln\/#primaryimage","url":"https:\/\/www.sonnenseite.com\/wp-content\/uploads\/2018\/03\/papstfranciscus_neneo.jpg","contentUrl":"https:\/\/www.sonnenseite.com\/wp-content\/uploads\/2018\/03\/papstfranciscus_neneo.jpg","width":770,"height":420,"caption":"bigstock | neneo | Papst Franziskus"},{"@type":"BreadcrumbList","@id":"https:\/\/www.sonnenseite.com\/de\/franz-alt\/kommentare-interviews\/papst-franziskus-will-im-ukraine-krieg-vermitteln\/#breadcrumb","itemListElement":[{"@type":"ListItem","position":1,"name":"Startseite","item":"https:\/\/www.sonnenseite.com\/de\/"},{"@type":"ListItem","position":2,"name":"Papst Franziskus will im Ukraine-Krieg vermitteln"}]},{"@type":"WebSite","@id":"https:\/\/www.sonnenseite.com\/de\/#website","url":"https:\/\/www.sonnenseite.com\/de\/","name":"Sonnenseite","description":"\u00d6kologische Kommunikation mit Franz Alt","publisher":{"@id":"https:\/\/www.sonnenseite.com\/de\/#organization"},"potentialAction":[{"@type":"SearchAction","target":{"@type":"EntryPoint","urlTemplate":"https:\/\/www.sonnenseite.com\/de\/?s={search_term_string}"},"query-input":{"@type":"PropertyValueSpecification","valueRequired":true,"valueName":"search_term_string"}}],"inLanguage":"de"},{"@type":"Organization","@id":"https:\/\/www.sonnenseite.com\/de\/#organization","name":"Sonnenseite","url":"https:\/\/www.sonnenseite.com\/de\/","logo":{"@type":"ImageObject","inLanguage":"de","@id":"https:\/\/www.sonnenseite.com\/de\/#\/schema\/logo\/image\/","url":"https:\/\/www.sonnenseite.com\/wp-content\/uploads\/2020\/05\/Sonnenseite_Logo.png","contentUrl":"https:\/\/www.sonnenseite.com\/wp-content\/uploads\/2020\/05\/Sonnenseite_Logo.png","width":377,"height":90,"caption":"Sonnenseite"},"image":{"@id":"https:\/\/www.sonnenseite.com\/de\/#\/schema\/logo\/image\/"},"sameAs":["https:\/\/www.facebook.com\/pages\/Franz-Alt-SONNENSEITECOM\/221072987903953?fref=ts","https:\/\/x.com\/franzalt","http:\/\/www.youtube.com\/results?search_query&amp;amp;quot;franz_alt&amp;amp;quot;&amp;amp;amp;amp;search_type&amp;amp;amp;amp;aq=f"]},{"@type":"Person","@id":"https:\/\/www.sonnenseite.com\/de\/#\/schema\/person\/50fda0e926597684c7cc6695238a4eb9","name":"Bigi Alt"}]}},"_links":{"self":[{"href":"https:\/\/www.sonnenseite.com\/de\/wp-json\/wp\/v2\/posts\/89703","targetHints":{"allow":["GET"]}}],"collection":[{"href":"https:\/\/www.sonnenseite.com\/de\/wp-json\/wp\/v2\/posts"}],"about":[{"href":"https:\/\/www.sonnenseite.com\/de\/wp-json\/wp\/v2\/types\/post"}],"author":[{"embeddable":true,"href":"https:\/\/www.sonnenseite.com\/de\/wp-json\/wp\/v2\/users\/3"}],"replies":[{"embeddable":true,"href":"https:\/\/www.sonnenseite.com\/de\/wp-json\/wp\/v2\/comments?post=89703"}],"version-history":[{"count":5,"href":"https:\/\/www.sonnenseite.com\/de\/wp-json\/wp\/v2\/posts\/89703\/revisions"}],"predecessor-version":[{"id":89709,"href":"https:\/\/www.sonnenseite.com\/de\/wp-json\/wp\/v2\/posts\/89703\/revisions\/89709"}],"wp:featuredmedia":[{"embeddable":true,"href":"https:\/\/www.sonnenseite.com\/de\/wp-json\/wp\/v2\/media\/21053"}],"wp:attachment":[{"href":"https:\/\/www.sonnenseite.com\/de\/wp-json\/wp\/v2\/media?parent=89703"}],"wp:term":[{"taxonomy":"category","embeddable":true,"href":"https:\/\/www.sonnenseite.com\/de\/wp-json\/wp\/v2\/categories?post=89703"},{"taxonomy":"post_tag","embeddable":true,"href":"https:\/\/www.sonnenseite.com\/de\/wp-json\/wp\/v2\/tags?post=89703"}],"curies":[{"name":"wp","href":"https:\/\/api.w.org\/{rel}","templated":true}]}}