{"id":89859,"date":"2023-03-18T16:32:54","date_gmt":"2023-03-18T15:32:54","guid":{"rendered":"https:\/\/www.sonnenseite.com\/?p=89859"},"modified":"2023-03-29T08:53:21","modified_gmt":"2023-03-29T06:53:21","slug":"weltparlament-weltregierung-weltjustiz","status":"publish","type":"post","link":"https:\/\/www.sonnenseite.com\/de\/franz-alt\/kommentare-interviews\/weltparlament-weltregierung-weltjustiz\/","title":{"rendered":"Weltparlament \u2013 Weltregierung &#8211; Weltjustiz"},"content":{"rendered":"\n<p>Seit die UNO nach dem zweiten Weltkrieg versprochen hat, die Menschheit \u201evon der Geisel des Krieges zu befreien\u201c haben wir \u00fcber 200 Kriege erlebt. Unser ewiges Wettr\u00fcsten ist nichts anderes als unausgesetzter Mord an den Hungernden und Elenden unserer Zeit.<\/p>\n\n\n\n<h5 class=\"wp-block-heading\">Wie also realisieren wir den alten Menschheitstraum, eine Welt ohne Krieg und Gewalt?  Eine Welt ohne Frauendiskriminierung? <\/h5>\n\n\n\n<p><a href=\"https:\/\/www.fr.de\/meinung\/gastbeitraege\/frauentag-wissenschaft-technologie-rollen-klischee-gastbeitrag-un-generalsekretaer-antonio-guterres-92131264.html\">Zum Weltfrauentag 2023 sagte UNO-Generalsekret\u00e4r Guterres<\/a>: \u201eLaut letzten Prognosen ben\u00f6tigen wir, wenn wir so weitermachen, 300 Jahre, um die volle Gleichstellung der Geschlechter zu erreichen\u201c. Es sind nur drei Prozent Frauen, die seit 1901 einen Nobelpreis in den wissenschaftlichen Kategorien erhalten haben. Es ist Zeit f\u00fcr eine Welt ohne Rollenklischees und sexistischem Hass im Netz. Global wird alle zehn Minuten eine Frau oder ein M\u00e4dchen vom Partner oder einem Familienmitglied ermordet und alle zwei Minuten stirbt eine Frau w\u00e4hrend der Schwangerschaft oder bei der Geburt ihres Kindes. Es gilt, weltweit die H\u00fcrden der Diskriminierung niederzurei\u00dfen. Frauenrechte sind kein Luxus, der warten kann bis wir die Klimakrise gel\u00f6st oder die Armut besiegt haben.<\/p>\n\n\n\n<h5 class=\"wp-block-heading\">F\u00fcr einen globalen Verfassungswechsel<\/h5>\n\n\n\n<p>Die Welt braucht also einen globalen Verfassungswechsel. Das hei\u00dft: Die Nationalstaaten sollten einen Teil ihrer Souver\u00e4nit\u00e4t abgeben und an eine Weltautorit\u00e4t abtreten \u2013 an ein Weltparlament, das regelm\u00e4\u00dfig in freien Wahlen gew\u00e4hlt wird, an eine Weltexekutive und an eine Weltjustiz. So k\u00f6nnte sich die Welt in eine bessere Verfassung bringen und die Furcht voreinander abbauen. So k\u00f6nnten wir Bomben, Panzer und Raketen abschaffen und global durch Stimmzettel ersetzen.<\/p>\n\n\n\n<p>Jesu Bergpredigt, die in diese Richtung einer besseren Weltordnung weist,\u00a0 ist die ewige Stimme der Natur, der Aufkl\u00e4rung, der Vernunft, der Liebe und des Herzens. Durch eine Weltregierung k\u00f6nnten Kriege und Waffenhandel unterbunden, totalit\u00e4re und autorit\u00e4re Staaten verhindert, die Verletzung der Menschenrechte beendet, dem Terrorismus der Boden entzogen, der Hunger effektiv bek\u00e4mpft und das Weltklima durch eine Weltregierung und ein Weltparlament noch gerettet werden. Nur so haben wir letztendlich die M\u00f6glichkeit, unseren Kindern eine bessere Welt zu hinterlassen. Die milit\u00e4rischen UNO-Missionen der letzten 30 Jahre, <a href=\"https:\/\/peacekeeping.un.org\/en\">\u201ePeacekeeping\u201c<\/a> genannt,\u00a0 sind fast allesamt gescheitert, haupts\u00e4chlich in Afrika.<\/p>\n\n\n\n<p>Die modernen Kommunikationsmittel sind f\u00fcr die dringend notwendige Reform der UNO eine gro\u00dfe Hilfe. Das ist eine Riesenchance, Weltinnenpolitik zu gestalten und zu lernen, dass wir <strong>eine Menschheit <\/strong>sind und auf\u00a0<strong>einer\u00a0Erde<\/strong> unter\u00a0<strong>einer\u00a0Sonne<\/strong> leben. Eine zweite Erde haben wir nicht. Eine besser geordnete Welt ist grunds\u00e4tzlich m\u00f6glich. Mein Freund, der Pazifist, Christ und Humanist Rupert Neudeck, hat es so gesagt: \u201eWir m\u00fcssen den Frieden durch die Abschaffung der nationalen Heere, durch die Aufgabe der R\u00fcstungsindustrie, durch die Einrichtung einer starken UN-Blauhelm-Armee als Weltpolizei zuallererst schaffen\u201c. Nur eine sch\u00f6ne Utopie?<\/p>\n\n\n\n<p>Ja, solange der Sicherheitsrat der UNO nicht zustimmt. Und dort hat Russland ein Veto-Recht wie die anderen vier st\u00e4ndigen Mitglieder \u2013 die USA, China, England und Frankreich &#8211; auch. Dieses Vetorecht ist die Achilles-Ferse der heutigen Weltordnung.<\/p>\n\n\n\n<p><strong>Aber: Wir haben die Sklaverei und den Kolonialismus \u00fcberwunden, warum nicht auch Krieg und Kriegswirtschaft, Frauendiskriminierung, Armut und Umweltzerst\u00f6rung? <\/strong><\/p>\n\n\n\n<p>Wir haben heute erstmals in der Geschichte die M\u00f6glichkeit, eine Weltzivilisation zu schaffen, in der durch die modernen Medien alle Menschen vernetzt und verbunden sind. Wenn alles globalisiert ist &#8211; Klimaerhitzung und Klimafl\u00fcchtlinge, Atombomben und Finanzkrise, Hunger und Terror \u2013 dann brauchen wir auch eine Art globale Regierung. Im 19. Jahrhundert haben viele Einzelstaaten in Nordamerika auf Teile ihrer bisherigen Souver\u00e4nit\u00e4t verzichtet und sich zu den USA zusammengeschlossen, ebenso am Beginn des 20. Jahrhunderts in Australien &#8211; ein \u00e4hnlicher Prozess begann in der zweiten H\u00e4lfte des 20. Jahrhunderts in Europa, warum soll das im 21. Jahrhundert nicht f\u00fcr die ganze Welt m\u00f6glich sein? Wir sollten damit nicht warten bis die Welt in Schutt und Asche liegt.<\/p>\n\n\n\n<p>Soll die Ohnmacht der Weltgemeinschaft gegen\u00fcber Diktatoren wie Putin in Russland, Xi in China oder Kim in Nordkorea nicht nochmal einhundert oder zweihundert Jahre anhalten, dann brauchen wir eine reformierte UNO, die als Weltregierung fungieren kann. Diese muss eine durch freie Wahlen geschaffene Weltautorit\u00e4t sein. Solange es diese Weltautorit\u00e4t nicht gibt, werden wir immer wieder Bilder wie heute in der Ukraine sehen. F\u00fcr eine bessere Welt m\u00fcssten alle Staaten auf einen Teil ihrer Souver\u00e4nit\u00e4t verzichten so wie es bisher 28 Staaten in der Europ\u00e4ischen Union bereits getan haben. Die 141 Staaten, die in der UNO den Krieg Russlands gegen die Ukraine verurteilt haben, k\u00f6nnten den Anfang machen. <\/p>\n\n\n<div class=\"wp-block-image\">\n<figure class=\"alignleft size-full is-resized\"><img loading=\"lazy\" decoding=\"async\" src=\"https:\/\/www.sonnenseite.com\/wp-content\/uploads\/2023\/03\/IgnazBender_Weltordnung.jpg\" alt=\"\" class=\"wp-image-89861\" width=\"222\" height=\"340\" srcset=\"https:\/\/www.sonnenseite.com\/wp-content\/uploads\/2023\/03\/IgnazBender_Weltordnung.jpg 400w, https:\/\/www.sonnenseite.com\/wp-content\/uploads\/2023\/03\/IgnazBender_Weltordnung-195x300.jpg 195w\" sizes=\"auto, (max-width: 222px) 100vw, 222px\" \/><figcaption class=\"wp-element-caption\">Ignas Bender: &#8222;Wir sind technisch hochentwickelt, k\u00f6nnen zum Mond fliegen, jeden Punkt der Erde in Stunden mit dem Flugzeug erreichen, eine Nachricht in Sekunden um die Welt verbreiten. Aber wir sind extrem unterentwickelt auf dem Gebiet des globalen Friedens, der Achtung von Rechtsprinzipien und der Menschenrechte.&#8220; \u00a9 Deutscher Wissenschafts-Verlag<\/figcaption><\/figure>\n<\/div>\n\n\n<p>Der fr\u00fchere Kanzler der Universit\u00e4t Trier und Jurist Ignaz Bender schl\u00e4gt in seinem Buch <a href=\"https:\/\/amzn.to\/3FvEU7a\">\u201eWeltordnung &#8211; Der Weg zu einer besser geordneten Welt\u201c<\/a> vor, dass Deutschland in der UNO einen entsprechenden Antrag stellt: \u201eDie Bundesrepublik Deutschland ist willens, Teil einer politischen Weltgemeinschaft zu werden, die sich an den Prinzipien der Freiheit, der Demokratie, der Rechtstaatlichkeit, der Achtung der Menschenrechte, der Unabh\u00e4ngigkeit der Justiz, der Subsidiarit\u00e4t und\u00a0Solidarit\u00e4t orientiert, wenn die nationalen Parlamente von wenigstens zwei Drittel der Staaten der Erde einen gleichartigen Beschluss fassen.\u201c<\/p>\n\n\n\n<p>Ignaz Bender schl\u00e4gt auch vor: \u201eSobald die ersten sieben Staaten durch ihre nationalen Parlamente einen solchen Beschluss gefasst haben, sollte eine weltverfassungsgebende Versammlung damit beginnen, die Verfassung f\u00fcr die Welt zu beraten.\u201c (Fu\u00dfnote: Luxemburger Wort, 10.\/11. Dezember 2022, Seite 13). Das k\u00f6nnte der Anfang einer Welt sein, die nicht mehr t\u00e4glich mehr als sechs Milliarden Dollar f\u00fcr Atomwaffen, Kriegsvorbereitung, Kriege und Zerst\u00f6rung ausgibt, sondern f\u00fcr friedliche, soziale und \u00f6kologische Projekte. Diese neue Welt der Vereinten Nationen br\u00e4uchte noch eine ma\u00dfvolle Bewaffnung einer Weltpolizei zur Abwehr von Terrorismus. Welch eine Chance!<\/p>\n\n\n\n<h5 class=\"wp-block-heading\">Ein neues Zeitalter des Geistes<\/h5>\n\n\n\n<p>Oder nur eine aussichtslose Utopie? Wirklicher Wandel wird erst m\u00f6glich, wenn viele Menschen von einem gemeinschaftlichen Geist ergriffen sind, von einer \u201egeistigen Disruption\u201c, meint der Philosoph Christoph Quarch (mehr dazu: <a href=\"http:\/\/www.akademie-3.org\">www.akademie-3.org<\/a>)<\/p>\n\n\n\n<p>In der menschlichen Geschichte kamen alle Transformationen erst zustande, wenn sich viele Menschen von einer Vision befl\u00fcgeln, begeistern lie\u00dfen. Dies gilt f\u00fcr die Renaissance ebenso wie f\u00fcr die franz\u00f6sische Revolution oder f\u00fcr das \u201eWunder\u201c der friedlichen deutschen Wiedervereinigung im Jahr 1989. Nichts braucht die heutige Krisenzeit mehr als diesen g\u00f6ttlichen Geist: in der Wirtschaft, in der Politik, in den Kirchen, in Schulen und Hochschulen, in jedem und in jeder von uns. Wir brauchen diesen g\u00f6ttlichen Geist der Lebendigkeit, den heilenden, heiligen Geist, diesen \u201eGeist der Ermunterung\u201c (Friedrich H\u00f6lderlin).<\/p>\n\n\n<h5 class=\"green\">Quelle<\/h5>\r\n\n\n\n<p><a href=\"mailto:franzalt@sonnenseite.com\">Franz Alt 2023<\/a><\/p>\n<div class=\"shariff shariff-align-flex-start shariff-widget-align-flex-start\"><div class=\"ShariffHeadline\">Diese Meldung teilen<\/div><ul class=\"shariff-buttons theme-round orientation-horizontal buttonsize-medium\"><li class=\"shariff-button facebook shariff-nocustomcolor\" style=\"background-color:#4273c8;border-radius:1%\"><a href=\"https:\/\/www.facebook.com\/sharer\/sharer.php?u=https%3A%2F%2Fwww.sonnenseite.com%2Fde%2Ffranz-alt%2Fkommentare-interviews%2Fweltparlament-weltregierung-weltjustiz%2F\" title=\"Bei Facebook teilen\" aria-label=\"Bei Facebook teilen\" role=\"button\" rel=\"nofollow\" class=\"shariff-link\" style=\";border-radius:1%; background-color:#3b5998; color:#fff\" target=\"_blank\"><span class=\"shariff-icon\" style=\"\"><svg width=\"32px\" height=\"20px\" xmlns=\"http:\/\/www.w3.org\/2000\/svg\" viewBox=\"0 0 18 32\"><path fill=\"#3b5998\" d=\"M17.1 0.2v4.7h-2.8q-1.5 0-2.1 0.6t-0.5 1.9v3.4h5.2l-0.7 5.3h-4.5v13.6h-5.5v-13.6h-4.5v-5.3h4.5v-3.9q0-3.3 1.9-5.2t5-1.8q2.6 0 4.1 0.2z\"\/><\/svg><\/span><\/a><\/li><li class=\"shariff-button twitter shariff-nocustomcolor\" style=\"background-color:#595959;border-radius:1%\"><a href=\"https:\/\/twitter.com\/share?url=https%3A%2F%2Fwww.sonnenseite.com%2Fde%2Ffranz-alt%2Fkommentare-interviews%2Fweltparlament-weltregierung-weltjustiz%2F&text=Weltparlament%20%E2%80%93%20Weltregierung%20%E2%80%93%20Weltjustiz\" title=\"Bei X teilen\" aria-label=\"Bei X teilen\" role=\"button\" rel=\"noopener nofollow\" class=\"shariff-link\" style=\";border-radius:1%; background-color:#000; color:#fff\" target=\"_blank\"><span class=\"shariff-icon\" style=\"\"><svg width=\"32px\" height=\"20px\" xmlns=\"http:\/\/www.w3.org\/2000\/svg\" viewBox=\"0 0 24 24\"><path fill=\"#000\" d=\"M14.258 10.152L23.176 0h-2.113l-7.747 8.813L7.133 0H0l9.352 13.328L0 23.973h2.113l8.176-9.309 6.531 9.309h7.133zm-2.895 3.293l-.949-1.328L2.875 1.56h3.246l6.086 8.523.945 1.328 7.91 11.078h-3.246zm0 0\"\/><\/svg><\/span><\/a><\/li><li class=\"shariff-button xing shariff-nocustomcolor\" style=\"background-color:#29888a;border-radius:1%\"><a href=\"https:\/\/www.xing.com\/spi\/shares\/new?url=https%3A%2F%2Fwww.sonnenseite.com%2Fde%2Ffranz-alt%2Fkommentare-interviews%2Fweltparlament-weltregierung-weltjustiz%2F\" title=\"Bei XING teilen\" aria-label=\"Bei XING teilen\" role=\"button\" rel=\"noopener nofollow\" class=\"shariff-link\" style=\";border-radius:1%; background-color:#126567; color:#fff\" target=\"_blank\"><span class=\"shariff-icon\" style=\"\"><svg width=\"32px\" height=\"20px\" xmlns=\"http:\/\/www.w3.org\/2000\/svg\" viewBox=\"0 0 25 32\"><path fill=\"#126567\" d=\"M10.7 11.9q-0.2 0.3-4.6 8.2-0.5 0.8-1.2 0.8h-4.3q-0.4 0-0.5-0.3t0-0.6l4.5-8q0 0 0 0l-2.9-5q-0.2-0.4 0-0.7 0.2-0.3 0.5-0.3h4.3q0.7 0 1.2 0.8zM25.1 0.4q0.2 0.3 0 0.7l-9.4 16.7 6 11q0.2 0.4 0 0.6-0.2 0.3-0.6 0.3h-4.3q-0.7 0-1.2-0.8l-6-11.1q0.3-0.6 9.5-16.8 0.4-0.8 1.2-0.8h4.3q0.4 0 0.5 0.3z\"\/><\/svg><\/span><\/a><\/li><li class=\"shariff-button linkedin shariff-nocustomcolor\" style=\"background-color:#1488bf;border-radius:1%\"><a href=\"https:\/\/www.linkedin.com\/sharing\/share-offsite\/?url=https%3A%2F%2Fwww.sonnenseite.com%2Fde%2Ffranz-alt%2Fkommentare-interviews%2Fweltparlament-weltregierung-weltjustiz%2F\" title=\"Bei LinkedIn teilen\" aria-label=\"Bei LinkedIn teilen\" role=\"button\" rel=\"noopener nofollow\" class=\"shariff-link\" style=\";border-radius:1%; background-color:#0077b5; color:#fff\" target=\"_blank\"><span class=\"shariff-icon\" style=\"\"><svg width=\"32px\" height=\"20px\" xmlns=\"http:\/\/www.w3.org\/2000\/svg\" viewBox=\"0 0 27 32\"><path fill=\"#0077b5\" d=\"M6.2 11.2v17.7h-5.9v-17.7h5.9zM6.6 5.7q0 1.3-0.9 2.2t-2.4 0.9h0q-1.5 0-2.4-0.9t-0.9-2.2 0.9-2.2 2.4-0.9 2.4 0.9 0.9 2.2zM27.4 18.7v10.1h-5.9v-9.5q0-1.9-0.7-2.9t-2.3-1.1q-1.1 0-1.9 0.6t-1.2 1.5q-0.2 0.5-0.2 1.4v9.9h-5.9q0-7.1 0-11.6t0-5.3l0-0.9h5.9v2.6h0q0.4-0.6 0.7-1t1-0.9 1.6-0.8 2-0.3q3 0 4.9 2t1.9 6z\"\/><\/svg><\/span><\/a><\/li><li class=\"shariff-button printer shariff-nocustomcolor\" style=\"background-color:#a8a8a8;border-radius:1%\"><a href=\"javascript:window.print()\" title=\"drucken\" aria-label=\"drucken\" role=\"button\" rel=\"noopener nofollow\" class=\"shariff-link\" style=\";border-radius:1%; background-color:#999; color:#fff\"><span class=\"shariff-icon\" style=\"\"><svg width=\"32px\" height=\"20px\" xmlns=\"http:\/\/www.w3.org\/2000\/svg\" viewBox=\"0 0 30 32\"><path fill=\"#999\" d=\"M6.8 27.4h16v-4.6h-16v4.6zM6.8 16h16v-6.8h-2.8q-0.7 0-1.2-0.5t-0.5-1.2v-2.8h-11.4v11.4zM27.4 17.2q0-0.5-0.3-0.8t-0.8-0.4-0.8 0.4-0.3 0.8 0.3 0.8 0.8 0.3 0.8-0.3 0.3-0.8zM29.7 17.2v7.4q0 0.2-0.2 0.4t-0.4 0.2h-4v2.8q0 0.7-0.5 1.2t-1.2 0.5h-17.2q-0.7 0-1.2-0.5t-0.5-1.2v-2.8h-4q-0.2 0-0.4-0.2t-0.2-0.4v-7.4q0-1.4 1-2.4t2.4-1h1.2v-9.7q0-0.7 0.5-1.2t1.2-0.5h12q0.7 0 1.6 0.4t1.3 0.8l2.7 2.7q0.5 0.5 0.9 1.4t0.4 1.6v4.6h1.1q1.4 0 2.4 1t1 2.4z\"\/><\/svg><\/span><\/a><\/li><li class=\"shariff-button mailto shariff-nocustomcolor\" style=\"background-color:#a8a8a8;border-radius:1%\"><a href=\"mailto:?body=https%3A%2F%2Fwww.sonnenseite.com%2Fde%2Ffranz-alt%2Fkommentare-interviews%2Fweltparlament-weltregierung-weltjustiz%2F&subject=Weltparlament%20%E2%80%93%20Weltregierung%20%E2%80%93%20Weltjustiz\" title=\"Per E-Mail versenden\" aria-label=\"Per E-Mail versenden\" role=\"button\" rel=\"noopener nofollow\" class=\"shariff-link\" style=\";border-radius:1%; background-color:#999; color:#fff\"><span class=\"shariff-icon\" style=\"\"><svg width=\"32px\" height=\"20px\" xmlns=\"http:\/\/www.w3.org\/2000\/svg\" viewBox=\"0 0 32 32\"><path fill=\"#999\" d=\"M32 12.7v14.2q0 1.2-0.8 2t-2 0.9h-26.3q-1.2 0-2-0.9t-0.8-2v-14.2q0.8 0.9 1.8 1.6 6.5 4.4 8.9 6.1 1 0.8 1.6 1.2t1.7 0.9 2 0.4h0.1q0.9 0 2-0.4t1.7-0.9 1.6-1.2q3-2.2 8.9-6.1 1-0.7 1.8-1.6zM32 7.4q0 1.4-0.9 2.7t-2.2 2.2q-6.7 4.7-8.4 5.8-0.2 0.1-0.7 0.5t-1 0.7-0.9 0.6-1.1 0.5-0.9 0.2h-0.1q-0.4 0-0.9-0.2t-1.1-0.5-0.9-0.6-1-0.7-0.7-0.5q-1.6-1.1-4.7-3.2t-3.6-2.6q-1.1-0.7-2.1-2t-1-2.5q0-1.4 0.7-2.3t2.1-0.9h26.3q1.2 0 2 0.8t0.9 2z\"\/><\/svg><\/span><\/a><\/li><\/ul><\/div>","protected":false},"excerpt":{"rendered":"<p>Seit die UNO nach dem zweiten Weltkrieg versprochen hat, die Menschheit \u201evon der Geisel des Krieges [&hellip;]<\/p>\n","protected":false},"author":3,"featured_media":41912,"comment_status":"closed","ping_status":"closed","sticky":false,"template":"","format":"standard","meta":{"inline_featured_image":false,"footnotes":""},"categories":[29],"tags":[],"class_list":["post-89859","post","type-post","status-publish","format-standard","has-post-thumbnail","hentry","category-kommentare-interviews"],"yoast_head":"<!-- This site is optimized with the Yoast SEO plugin v26.5 - https:\/\/yoast.com\/wordpress\/plugins\/seo\/ -->\n<title>Weltparlament \u2013 Weltregierung - Weltjustiz - Sonnenseite - \u00d6kologische Kommunikation mit Franz Alt<\/title>\n<meta name=\"description\" content=\"Seit die UNO nach dem zweiten Weltkrieg versprochen hat, die Menschheit \u201evon der Geisel des Krieges zu befreien\u201c haben wir \u00fcber 200 Kriege erlebt. Unser\" \/>\n<meta name=\"robots\" content=\"index, follow, max-snippet:-1, max-image-preview:large, max-video-preview:-1\" \/>\n<link rel=\"canonical\" href=\"https:\/\/www.sonnenseite.com\/de\/franz-alt\/kommentare-interviews\/weltparlament-weltregierung-weltjustiz\/\" \/>\n<meta property=\"og:locale\" content=\"de_DE\" \/>\n<meta property=\"og:type\" content=\"article\" \/>\n<meta property=\"og:title\" content=\"Weltparlament \u2013 Weltregierung - Weltjustiz - Sonnenseite - \u00d6kologische Kommunikation mit Franz Alt\" \/>\n<meta property=\"og:description\" content=\"Seit die UNO nach dem zweiten Weltkrieg versprochen hat, die Menschheit \u201evon der Geisel des Krieges zu befreien\u201c haben wir \u00fcber 200 Kriege erlebt. Unser\" \/>\n<meta property=\"og:url\" content=\"https:\/\/www.sonnenseite.com\/de\/franz-alt\/kommentare-interviews\/weltparlament-weltregierung-weltjustiz\/\" \/>\n<meta property=\"og:site_name\" content=\"Sonnenseite\" \/>\n<meta property=\"article:publisher\" content=\"https:\/\/www.facebook.com\/pages\/Franz-Alt-SONNENSEITECOM\/221072987903953?fref=ts\" \/>\n<meta property=\"article:published_time\" content=\"2023-03-18T15:32:54+00:00\" \/>\n<meta property=\"article:modified_time\" content=\"2023-03-29T06:53:21+00:00\" \/>\n<meta property=\"og:image\" content=\"https:\/\/www.sonnenseite.com\/wp-content\/uploads\/2015\/10\/erde_gitter_SebastianKaulitzki.jpg\" \/>\n\t<meta property=\"og:image:width\" content=\"770\" \/>\n\t<meta property=\"og:image:height\" content=\"420\" \/>\n\t<meta property=\"og:image:type\" content=\"image\/jpeg\" \/>\n<meta name=\"author\" content=\"Bigi Alt\" \/>\n<meta name=\"twitter:card\" content=\"summary_large_image\" \/>\n<meta name=\"twitter:creator\" content=\"@franzalt\" \/>\n<meta name=\"twitter:site\" content=\"@franzalt\" \/>\n<meta name=\"twitter:label1\" content=\"Verfasst von\" \/>\n\t<meta name=\"twitter:data1\" content=\"Bigi Alt\" \/>\n\t<meta name=\"twitter:label2\" content=\"Gesch\u00e4tzte Lesezeit\" \/>\n\t<meta name=\"twitter:data2\" content=\"7\u00a0Minuten\" \/>\n<script type=\"application\/ld+json\" class=\"yoast-schema-graph\">{\"@context\":\"https:\/\/schema.org\",\"@graph\":[{\"@type\":\"Article\",\"@id\":\"https:\/\/www.sonnenseite.com\/de\/franz-alt\/kommentare-interviews\/weltparlament-weltregierung-weltjustiz\/#article\",\"isPartOf\":{\"@id\":\"https:\/\/www.sonnenseite.com\/de\/franz-alt\/kommentare-interviews\/weltparlament-weltregierung-weltjustiz\/\"},\"author\":{\"name\":\"Bigi Alt\",\"@id\":\"https:\/\/www.sonnenseite.com\/de\/#\/schema\/person\/50fda0e926597684c7cc6695238a4eb9\"},\"headline\":\"Weltparlament \u2013 Weltregierung &#8211; Weltjustiz\",\"datePublished\":\"2023-03-18T15:32:54+00:00\",\"dateModified\":\"2023-03-29T06:53:21+00:00\",\"mainEntityOfPage\":{\"@id\":\"https:\/\/www.sonnenseite.com\/de\/franz-alt\/kommentare-interviews\/weltparlament-weltregierung-weltjustiz\/\"},\"wordCount\":1120,\"publisher\":{\"@id\":\"https:\/\/www.sonnenseite.com\/de\/#organization\"},\"image\":{\"@id\":\"https:\/\/www.sonnenseite.com\/de\/franz-alt\/kommentare-interviews\/weltparlament-weltregierung-weltjustiz\/#primaryimage\"},\"thumbnailUrl\":\"https:\/\/www.sonnenseite.com\/wp-content\/uploads\/2015\/10\/erde_gitter_SebastianKaulitzki.jpg\",\"articleSection\":[\"Kommentare &amp; Interviews\"],\"inLanguage\":\"de\"},{\"@type\":\"WebPage\",\"@id\":\"https:\/\/www.sonnenseite.com\/de\/franz-alt\/kommentare-interviews\/weltparlament-weltregierung-weltjustiz\/\",\"url\":\"https:\/\/www.sonnenseite.com\/de\/franz-alt\/kommentare-interviews\/weltparlament-weltregierung-weltjustiz\/\",\"name\":\"Weltparlament \u2013 Weltregierung - Weltjustiz - Sonnenseite - \u00d6kologische Kommunikation mit Franz Alt\",\"isPartOf\":{\"@id\":\"https:\/\/www.sonnenseite.com\/de\/#website\"},\"primaryImageOfPage\":{\"@id\":\"https:\/\/www.sonnenseite.com\/de\/franz-alt\/kommentare-interviews\/weltparlament-weltregierung-weltjustiz\/#primaryimage\"},\"image\":{\"@id\":\"https:\/\/www.sonnenseite.com\/de\/franz-alt\/kommentare-interviews\/weltparlament-weltregierung-weltjustiz\/#primaryimage\"},\"thumbnailUrl\":\"https:\/\/www.sonnenseite.com\/wp-content\/uploads\/2015\/10\/erde_gitter_SebastianKaulitzki.jpg\",\"datePublished\":\"2023-03-18T15:32:54+00:00\",\"dateModified\":\"2023-03-29T06:53:21+00:00\",\"description\":\"Seit die UNO nach dem zweiten Weltkrieg versprochen hat, die Menschheit \u201evon der Geisel des Krieges zu befreien\u201c haben wir \u00fcber 200 Kriege erlebt. Unser\",\"breadcrumb\":{\"@id\":\"https:\/\/www.sonnenseite.com\/de\/franz-alt\/kommentare-interviews\/weltparlament-weltregierung-weltjustiz\/#breadcrumb\"},\"inLanguage\":\"de\",\"potentialAction\":[{\"@type\":\"ReadAction\",\"target\":[\"https:\/\/www.sonnenseite.com\/de\/franz-alt\/kommentare-interviews\/weltparlament-weltregierung-weltjustiz\/\"]}]},{\"@type\":\"ImageObject\",\"inLanguage\":\"de\",\"@id\":\"https:\/\/www.sonnenseite.com\/de\/franz-alt\/kommentare-interviews\/weltparlament-weltregierung-weltjustiz\/#primaryimage\",\"url\":\"https:\/\/www.sonnenseite.com\/wp-content\/uploads\/2015\/10\/erde_gitter_SebastianKaulitzki.jpg\",\"contentUrl\":\"https:\/\/www.sonnenseite.com\/wp-content\/uploads\/2015\/10\/erde_gitter_SebastianKaulitzki.jpg\",\"width\":770,\"height\":420,\"caption\":\"Fotolia.com| Sebastian Kaulitzki\"},{\"@type\":\"BreadcrumbList\",\"@id\":\"https:\/\/www.sonnenseite.com\/de\/franz-alt\/kommentare-interviews\/weltparlament-weltregierung-weltjustiz\/#breadcrumb\",\"itemListElement\":[{\"@type\":\"ListItem\",\"position\":1,\"name\":\"Startseite\",\"item\":\"https:\/\/www.sonnenseite.com\/de\/\"},{\"@type\":\"ListItem\",\"position\":2,\"name\":\"Weltparlament \u2013 Weltregierung &#8211; Weltjustiz\"}]},{\"@type\":\"WebSite\",\"@id\":\"https:\/\/www.sonnenseite.com\/de\/#website\",\"url\":\"https:\/\/www.sonnenseite.com\/de\/\",\"name\":\"Sonnenseite\",\"description\":\"\u00d6kologische Kommunikation mit Franz Alt\",\"publisher\":{\"@id\":\"https:\/\/www.sonnenseite.com\/de\/#organization\"},\"potentialAction\":[{\"@type\":\"SearchAction\",\"target\":{\"@type\":\"EntryPoint\",\"urlTemplate\":\"https:\/\/www.sonnenseite.com\/de\/?s={search_term_string}\"},\"query-input\":{\"@type\":\"PropertyValueSpecification\",\"valueRequired\":true,\"valueName\":\"search_term_string\"}}],\"inLanguage\":\"de\"},{\"@type\":\"Organization\",\"@id\":\"https:\/\/www.sonnenseite.com\/de\/#organization\",\"name\":\"Sonnenseite\",\"url\":\"https:\/\/www.sonnenseite.com\/de\/\",\"logo\":{\"@type\":\"ImageObject\",\"inLanguage\":\"de\",\"@id\":\"https:\/\/www.sonnenseite.com\/de\/#\/schema\/logo\/image\/\",\"url\":\"https:\/\/www.sonnenseite.com\/wp-content\/uploads\/2020\/05\/Sonnenseite_Logo.png\",\"contentUrl\":\"https:\/\/www.sonnenseite.com\/wp-content\/uploads\/2020\/05\/Sonnenseite_Logo.png\",\"width\":377,\"height\":90,\"caption\":\"Sonnenseite\"},\"image\":{\"@id\":\"https:\/\/www.sonnenseite.com\/de\/#\/schema\/logo\/image\/\"},\"sameAs\":[\"https:\/\/www.facebook.com\/pages\/Franz-Alt-SONNENSEITECOM\/221072987903953?fref=ts\",\"https:\/\/x.com\/franzalt\",\"http:\/\/www.youtube.com\/results?search_query&amp;amp;quot;franz_alt&amp;amp;quot;&amp;amp;amp;amp;search_type&amp;amp;amp;amp;aq=f\"]},{\"@type\":\"Person\",\"@id\":\"https:\/\/www.sonnenseite.com\/de\/#\/schema\/person\/50fda0e926597684c7cc6695238a4eb9\",\"name\":\"Bigi Alt\"}]}<\/script>\n<!-- \/ Yoast SEO plugin. -->","yoast_head_json":{"title":"Weltparlament \u2013 Weltregierung - Weltjustiz - Sonnenseite - \u00d6kologische Kommunikation mit Franz Alt","description":"Seit die UNO nach dem zweiten Weltkrieg versprochen hat, die Menschheit \u201evon der Geisel des Krieges zu befreien\u201c haben wir \u00fcber 200 Kriege erlebt. Unser","robots":{"index":"index","follow":"follow","max-snippet":"max-snippet:-1","max-image-preview":"max-image-preview:large","max-video-preview":"max-video-preview:-1"},"canonical":"https:\/\/www.sonnenseite.com\/de\/franz-alt\/kommentare-interviews\/weltparlament-weltregierung-weltjustiz\/","og_locale":"de_DE","og_type":"article","og_title":"Weltparlament \u2013 Weltregierung - Weltjustiz - Sonnenseite - \u00d6kologische Kommunikation mit Franz Alt","og_description":"Seit die UNO nach dem zweiten Weltkrieg versprochen hat, die Menschheit \u201evon der Geisel des Krieges zu befreien\u201c haben wir \u00fcber 200 Kriege erlebt. Unser","og_url":"https:\/\/www.sonnenseite.com\/de\/franz-alt\/kommentare-interviews\/weltparlament-weltregierung-weltjustiz\/","og_site_name":"Sonnenseite","article_publisher":"https:\/\/www.facebook.com\/pages\/Franz-Alt-SONNENSEITECOM\/221072987903953?fref=ts","article_published_time":"2023-03-18T15:32:54+00:00","article_modified_time":"2023-03-29T06:53:21+00:00","og_image":[{"width":770,"height":420,"url":"https:\/\/www.sonnenseite.com\/wp-content\/uploads\/2015\/10\/erde_gitter_SebastianKaulitzki.jpg","type":"image\/jpeg"}],"author":"Bigi Alt","twitter_card":"summary_large_image","twitter_creator":"@franzalt","twitter_site":"@franzalt","twitter_misc":{"Verfasst von":"Bigi Alt","Gesch\u00e4tzte Lesezeit":"7\u00a0Minuten"},"schema":{"@context":"https:\/\/schema.org","@graph":[{"@type":"Article","@id":"https:\/\/www.sonnenseite.com\/de\/franz-alt\/kommentare-interviews\/weltparlament-weltregierung-weltjustiz\/#article","isPartOf":{"@id":"https:\/\/www.sonnenseite.com\/de\/franz-alt\/kommentare-interviews\/weltparlament-weltregierung-weltjustiz\/"},"author":{"name":"Bigi Alt","@id":"https:\/\/www.sonnenseite.com\/de\/#\/schema\/person\/50fda0e926597684c7cc6695238a4eb9"},"headline":"Weltparlament \u2013 Weltregierung &#8211; Weltjustiz","datePublished":"2023-03-18T15:32:54+00:00","dateModified":"2023-03-29T06:53:21+00:00","mainEntityOfPage":{"@id":"https:\/\/www.sonnenseite.com\/de\/franz-alt\/kommentare-interviews\/weltparlament-weltregierung-weltjustiz\/"},"wordCount":1120,"publisher":{"@id":"https:\/\/www.sonnenseite.com\/de\/#organization"},"image":{"@id":"https:\/\/www.sonnenseite.com\/de\/franz-alt\/kommentare-interviews\/weltparlament-weltregierung-weltjustiz\/#primaryimage"},"thumbnailUrl":"https:\/\/www.sonnenseite.com\/wp-content\/uploads\/2015\/10\/erde_gitter_SebastianKaulitzki.jpg","articleSection":["Kommentare &amp; Interviews"],"inLanguage":"de"},{"@type":"WebPage","@id":"https:\/\/www.sonnenseite.com\/de\/franz-alt\/kommentare-interviews\/weltparlament-weltregierung-weltjustiz\/","url":"https:\/\/www.sonnenseite.com\/de\/franz-alt\/kommentare-interviews\/weltparlament-weltregierung-weltjustiz\/","name":"Weltparlament \u2013 Weltregierung - Weltjustiz - Sonnenseite - \u00d6kologische Kommunikation mit Franz Alt","isPartOf":{"@id":"https:\/\/www.sonnenseite.com\/de\/#website"},"primaryImageOfPage":{"@id":"https:\/\/www.sonnenseite.com\/de\/franz-alt\/kommentare-interviews\/weltparlament-weltregierung-weltjustiz\/#primaryimage"},"image":{"@id":"https:\/\/www.sonnenseite.com\/de\/franz-alt\/kommentare-interviews\/weltparlament-weltregierung-weltjustiz\/#primaryimage"},"thumbnailUrl":"https:\/\/www.sonnenseite.com\/wp-content\/uploads\/2015\/10\/erde_gitter_SebastianKaulitzki.jpg","datePublished":"2023-03-18T15:32:54+00:00","dateModified":"2023-03-29T06:53:21+00:00","description":"Seit die UNO nach dem zweiten Weltkrieg versprochen hat, die Menschheit \u201evon der Geisel des Krieges zu befreien\u201c haben wir \u00fcber 200 Kriege erlebt. Unser","breadcrumb":{"@id":"https:\/\/www.sonnenseite.com\/de\/franz-alt\/kommentare-interviews\/weltparlament-weltregierung-weltjustiz\/#breadcrumb"},"inLanguage":"de","potentialAction":[{"@type":"ReadAction","target":["https:\/\/www.sonnenseite.com\/de\/franz-alt\/kommentare-interviews\/weltparlament-weltregierung-weltjustiz\/"]}]},{"@type":"ImageObject","inLanguage":"de","@id":"https:\/\/www.sonnenseite.com\/de\/franz-alt\/kommentare-interviews\/weltparlament-weltregierung-weltjustiz\/#primaryimage","url":"https:\/\/www.sonnenseite.com\/wp-content\/uploads\/2015\/10\/erde_gitter_SebastianKaulitzki.jpg","contentUrl":"https:\/\/www.sonnenseite.com\/wp-content\/uploads\/2015\/10\/erde_gitter_SebastianKaulitzki.jpg","width":770,"height":420,"caption":"Fotolia.com| Sebastian Kaulitzki"},{"@type":"BreadcrumbList","@id":"https:\/\/www.sonnenseite.com\/de\/franz-alt\/kommentare-interviews\/weltparlament-weltregierung-weltjustiz\/#breadcrumb","itemListElement":[{"@type":"ListItem","position":1,"name":"Startseite","item":"https:\/\/www.sonnenseite.com\/de\/"},{"@type":"ListItem","position":2,"name":"Weltparlament \u2013 Weltregierung &#8211; Weltjustiz"}]},{"@type":"WebSite","@id":"https:\/\/www.sonnenseite.com\/de\/#website","url":"https:\/\/www.sonnenseite.com\/de\/","name":"Sonnenseite","description":"\u00d6kologische Kommunikation mit Franz Alt","publisher":{"@id":"https:\/\/www.sonnenseite.com\/de\/#organization"},"potentialAction":[{"@type":"SearchAction","target":{"@type":"EntryPoint","urlTemplate":"https:\/\/www.sonnenseite.com\/de\/?s={search_term_string}"},"query-input":{"@type":"PropertyValueSpecification","valueRequired":true,"valueName":"search_term_string"}}],"inLanguage":"de"},{"@type":"Organization","@id":"https:\/\/www.sonnenseite.com\/de\/#organization","name":"Sonnenseite","url":"https:\/\/www.sonnenseite.com\/de\/","logo":{"@type":"ImageObject","inLanguage":"de","@id":"https:\/\/www.sonnenseite.com\/de\/#\/schema\/logo\/image\/","url":"https:\/\/www.sonnenseite.com\/wp-content\/uploads\/2020\/05\/Sonnenseite_Logo.png","contentUrl":"https:\/\/www.sonnenseite.com\/wp-content\/uploads\/2020\/05\/Sonnenseite_Logo.png","width":377,"height":90,"caption":"Sonnenseite"},"image":{"@id":"https:\/\/www.sonnenseite.com\/de\/#\/schema\/logo\/image\/"},"sameAs":["https:\/\/www.facebook.com\/pages\/Franz-Alt-SONNENSEITECOM\/221072987903953?fref=ts","https:\/\/x.com\/franzalt","http:\/\/www.youtube.com\/results?search_query&amp;amp;quot;franz_alt&amp;amp;quot;&amp;amp;amp;amp;search_type&amp;amp;amp;amp;aq=f"]},{"@type":"Person","@id":"https:\/\/www.sonnenseite.com\/de\/#\/schema\/person\/50fda0e926597684c7cc6695238a4eb9","name":"Bigi Alt"}]}},"_links":{"self":[{"href":"https:\/\/www.sonnenseite.com\/de\/wp-json\/wp\/v2\/posts\/89859","targetHints":{"allow":["GET"]}}],"collection":[{"href":"https:\/\/www.sonnenseite.com\/de\/wp-json\/wp\/v2\/posts"}],"about":[{"href":"https:\/\/www.sonnenseite.com\/de\/wp-json\/wp\/v2\/types\/post"}],"author":[{"embeddable":true,"href":"https:\/\/www.sonnenseite.com\/de\/wp-json\/wp\/v2\/users\/3"}],"replies":[{"embeddable":true,"href":"https:\/\/www.sonnenseite.com\/de\/wp-json\/wp\/v2\/comments?post=89859"}],"version-history":[{"count":4,"href":"https:\/\/www.sonnenseite.com\/de\/wp-json\/wp\/v2\/posts\/89859\/revisions"}],"predecessor-version":[{"id":89865,"href":"https:\/\/www.sonnenseite.com\/de\/wp-json\/wp\/v2\/posts\/89859\/revisions\/89865"}],"wp:featuredmedia":[{"embeddable":true,"href":"https:\/\/www.sonnenseite.com\/de\/wp-json\/wp\/v2\/media\/41912"}],"wp:attachment":[{"href":"https:\/\/www.sonnenseite.com\/de\/wp-json\/wp\/v2\/media?parent=89859"}],"wp:term":[{"taxonomy":"category","embeddable":true,"href":"https:\/\/www.sonnenseite.com\/de\/wp-json\/wp\/v2\/categories?post=89859"},{"taxonomy":"post_tag","embeddable":true,"href":"https:\/\/www.sonnenseite.com\/de\/wp-json\/wp\/v2\/tags?post=89859"}],"curies":[{"name":"wp","href":"https:\/\/api.w.org\/{rel}","templated":true}]}}