{"id":90228,"date":"2023-03-31T09:38:38","date_gmt":"2023-03-31T07:38:38","guid":{"rendered":"https:\/\/www.sonnenseite.com\/?p=90228"},"modified":"2023-04-10T08:53:15","modified_gmt":"2023-04-10T06:53:15","slug":"durchbruch-in-bruessel-fuer-die-erneuerbaren-energien-in-der-eu","status":"publish","type":"post","link":"https:\/\/www.sonnenseite.com\/de\/politik\/durchbruch-in-bruessel-fuer-die-erneuerbaren-energien-in-der-eu\/","title":{"rendered":"Durchbruch in Br\u00fcssel f\u00fcr die Erneuerbaren Energien in der EU"},"content":{"rendered":"\n<p>Die Beschl\u00fcsse zur EU-Richtlinie f\u00fcr erneuerbare Energien sind ein Durchbruch f\u00fcr Europa. Das Tempo des Ausbaus der Erneuerbaren wird europaweit verdoppelt.<\/p>\n\n\n\n<p>Am 30.03.2023 in den fr\u00fchen Morgenstunden wurde nach einer Nachtsitzung im Trilogverfahren zwischen Europ\u00e4ischer Kommission, Europaparlament und Rat der Durchbruch bei der EU-Erneuerbaren-Richtlinie (RED III) erreicht. Vorausgegangen waren fast zwei Jahre intensive Verhandlungen zwischen den EU-Institutionen. Die Trilogeinigung ist eine informelle Einigung, die jetzt noch von EP und Rat formell angenommen werden muss.<\/p>\n\n\n\n<p><\/p>\n\n\n\n<p>Die Ziele des Koalitionsvertrags f\u00fcr die Erneuerbaren werden damit rechtsverbindlich \u2013 und zwar nicht nur f\u00fcr Deutschland sondern f\u00fcr alle Mitgliedsstaaten. Wir machen Tempo bei der Energiewende und um schneller unabh\u00e4ngig von russischem Gas zu werden. Erst 2018 wurde die Erneuerbaren-Energien-Richtlinie w\u00e4hrend der Gro\u00dfen Koalition in Deutschland reformiert. Das Hauptziel f\u00fcr den Erneuerbaren-Ausbau wurde auf 32,5% am gesamten Energieverbrauch europaweit in 2030 angehoben. Heute haben wir lediglich rund 20% erreicht. Urspr\u00fcnglich hatte die EU-Kommission nach den Klimaprotesten und der Europawahl 2019 im Rahmen des Green Deals 40% vorgeschlagen. Nach dem Angriff auf die Ukraine erh\u00f6hte die EU-Kommission ihren Vorschlag auf 45%.<\/p>\n\n\n\n<h4 class=\"wp-block-heading\">Was nun herausgekommen ist:<\/h4>\n\n\n\n<ul class=\"wp-block-list\">\n<li><strong>Die EU hebt ihr bisheriges Erneuerbaren-Ziel von 32,5% auf 45% an.<\/strong> 42,5% Prozent werden wie bisher durch Mitgliedstaaten erbracht; 2,5% werden durch weitergehende freiwillige Beitr\u00e4ge der Mitgliedstaaten oder EU-Ma\u00dfnahmen. Daneben sind viele verbindliche Sektorziele vereinbart worden, damit neben dem Stromsektor auch in den anderen Sektoren der Umstieg auf Erneuerbare Fahrt aufnimmt.<\/li>\n\n\n\n<li>Beim <strong>Erneuerbare-W\u00e4rme-Ziel:<\/strong> Das bisher unverbindliche Ziel f\u00fcr den W\u00e4rmebereich wird verbindlich und auf 1,1 Prozentpunkte Steigerung pro Jahr festgelegt. Hinzu kommt ein neues, indikatives Geb\u00e4udeziel von 49% Erneuerbare Energien am W\u00e4rmebedarf in Geb\u00e4uden.<\/li>\n\n\n\n<li>Im <strong>Verkehrssektor<\/strong> erh\u00f6ht sich das bereits verbindliche Ziel von 14% auf 29%.<\/li>\n\n\n\n<li>In der <strong>Industrie<\/strong> muss verbindlich bis 2030 42% des eingesetzten Wasserstoffes aus Erneuerbaren Energien kommen, und dann 60% in 2035. Der Anteil von EE am Energieverbrauch der Industrie insgesamt soll jedes Jahr um 1,6% steigen.<\/li>\n\n\n\n<li><strong>Wir beschleunigen die Genehmigungsverfahren f\u00fcr erneuerbare Energien und Netze<\/strong>. Die Regelung aus der Notfallverordnung, die wir letztes Jahr im Zuge der Krise vereinbart haben, werden zukunftsfest gemacht und dauerhaft fortgeschrieben. Auch in der EU sind jetzt Erneuerbare und Netzausbau von \u00fcberragendem \u00f6ffentlichen Interesse. Damit kann z.B., wenn es schon bei der Ausweisung der Fl\u00e4chen eine Umwelt- und Artenschutzpr\u00fcfung stattgefunden hat auf deine weitere Pr\u00fcfung f\u00fcr die einzelne Anlage verzichtet werden, aber nur, wenn angemessene Vermeidungs- oder Ausgleichsma\u00dfnamen getroffen wurden, das Naturschutzniveau also hoch bleibt. Dies war im urspr\u00fcnglichen Vorschlag der EU-Kommission so nicht vorgesehen, sondern kommt nun auf deutsche Initiative hin in verst\u00e4rkter Form.<\/li>\n\n\n\n<li><strong>Neuer Schwung f\u00fcr grenz\u00fcberschreitende Projekte:<\/strong> jeder Mitgliedstaat muss mindestens 1 grenz\u00fcberschreitendes Projekt f\u00fcr die Erneuerbaren angehen. Damit wird die gemeinsame Zusammenarbeit gest\u00e4rkt, bspw. bei gemeinsamen Offshore-Projekten.<\/li>\n<\/ul>\n\n\n\n<p><strong>Das alles ist eine gute Nachricht f\u00fcr Investitionen in die Erneuerbaren. Die RED III wird einen Boom von zukunftsf\u00e4higen Investitionen \u00fcberall ausl\u00f6sen.&nbsp;<\/strong><\/p>\n\n\n\n<p>Das bedeutet dauerhaft Unabh\u00e4ngigkeit von fragw\u00fcrdigen Lieferanten von fossilem \u00d6l, Gas, Kohle und Uran. Die Kosten f\u00fcr die Erneuerbaren sinken seit Jahren kontinuierlich. Der Erfolg der Erneuerbaren am Markt wird durch die RED III gesichert. Das verschafft unserer Industrie Wettbewerbsvorteile in Zukunftssektoren.<\/p>\n\n\n\n<p>Besonderer Knackpunkt bei den Verhandlungen war bis tief in die Nacht die Frage, ob mit <strong>Atomenergie erzeugter Wasserstoff auf die EE-Ziele angerechnet werden darf, <\/strong>worauf besonders Frankreich gedr\u00e4ngt hatte. Das ist der Kompromiss: Es findet keine Anrechnung auf die EE-Ziele statt. Auch eine Ber\u00fccksichtigung auf das Hauptziel findet nicht statt. Allerdings erhalten Mitgliedsl\u00e4nder, die ihr Hauptziel erreichen und mit Blick auf die in der Industrie genutzten Brennstoffe weitgehend dekarbonisiert sind, einen Abschlag auf das EE-Wasserstoff-Unterziel in der Industrie und damit etwas mehr Flexibilit\u00e4t. Konkret: Wer a) sein Hauptziel erreicht und b) seinen Anteil fossiler Brennstoffe in der Industrie auf 23% in 2030 gesenkt hat, kann einen Abschlag von 20% auf das EE-H2-Unterziel in der Industrie erhalten (also statt 42% -&gt;&nbsp; 33,6%). F\u00fcr das 2035-Ziel bekommt man diesen 20% Abschlag nur dann, wenn der Anteil der fossilen Brennstoffe auf 20% gesunken ist (und das EE-Hauptziel erreicht wird). Damit m\u00fcssen weiterhin alle Mitgliedsl\u00e4nder die Erneuerbaren massiv ausbauen, auch wenn sie k\u00fcnftig auch Atomenergie nutzen wollen. Einen schlanken Fuss kann sich kein Land machen \u2013 die anspruchsvollen Hauptziele gelten verbindlich f\u00fcr alle. Gleichzeitig gibt es klimapolitische Fortschritte nur in europ\u00e4ischer Zusammenarbeit. Ein Kompromiss mit Frankreich und anderen Pro-Atom-Staaten war daher notwendig.<\/p>\n\n\n\n<p>Ein Wermutstropfen ist auch die Einigung bei der <strong>Nutzung von Holz zur Energiegewinnung<\/strong>, das weiterhin als Erneuerbare Energie gilt. Zwar gibt es dank des Europaparlaments neue Ma\u00dfnahmen zum Schutz von alten und artenreichen W\u00e4ldern. Hier haben sich vor allem die Mitgliedsl\u00e4nder mit einer starken Holzindustrie gegen das Europaparlament durchgesetzt. Als Bundesregierung waren wir im Rat der Mitgliedsl\u00e4nder ebenso f\u00fcr striktere Regeln f\u00fcr die Nutzung der Biomasse, fanden daf\u00fcr jedoch keine Mehrheit.<\/p>\n\n\n\n<p>Insgesamt ist diese Einigung ein echter Durchbruch f\u00fcr die Erneuerbaren in der EU und zeigt, wie viel sich trotz aller Widerst\u00e4nde in die richtige Richtung bewegen l\u00e4sst. Die Bundesregierung war hier geeint erfolgreich. Von einem Anteil der Erneuerbaren in 2022 von 20,4% am Endenergieverbrauch, m\u00fcssen wir in 2030 nun \u00fcber 40% erreichen.<\/p>\n\n\n\n<p><strong>Klar ist auch: Das reicht immer noch nicht f\u00fcr die Erreichung der Pariser Klimaziele. <\/strong>Gleichzeitig war die EU noch nie so ambitioniert. Wir arbeiten im Bundesministerium f\u00fcr Wirtschaft und Klimaschutz weiter f\u00fcr mehr Ambitionen und Mehrheiten daf\u00fcr unter den EU-Mitgliedsl\u00e4ndern. Dazu beigetragen haben unsere Beamt*innen in Br\u00fcssel und Berlin, die auch hier f\u00fcr den Green Deal mit ungez\u00e4hlten \u00dcberstunden und hoher Professionalit\u00e4t verhandelt haben.<\/p>\n\n\n<h5 class=\"green\">Quelle<\/h5>\r\n\n\n\n<p><a href=\"https:\/\/sven-giegold.de\/durchbruch-erneuerbare-red3\/\">Sven Giegold 2023<\/a> | Seit Dezember 2021 Staatssekret\u00e4r im Bundesministerium f\u00fcr Wirtschaft und Klimaschutz.<\/p>\n<div class=\"shariff shariff-align-flex-start shariff-widget-align-flex-start\"><div class=\"ShariffHeadline\">Diese Meldung teilen<\/div><ul class=\"shariff-buttons theme-round orientation-horizontal buttonsize-medium\"><li class=\"shariff-button facebook shariff-nocustomcolor\" style=\"background-color:#4273c8;border-radius:1%\"><a href=\"https:\/\/www.facebook.com\/sharer\/sharer.php?u=https%3A%2F%2Fwww.sonnenseite.com%2Fde%2Fpolitik%2Fdurchbruch-in-bruessel-fuer-die-erneuerbaren-energien-in-der-eu%2F\" title=\"Bei Facebook teilen\" aria-label=\"Bei Facebook teilen\" role=\"button\" rel=\"nofollow\" class=\"shariff-link\" style=\";border-radius:1%; background-color:#3b5998; color:#fff\" target=\"_blank\"><span class=\"shariff-icon\" style=\"\"><svg width=\"32px\" height=\"20px\" xmlns=\"http:\/\/www.w3.org\/2000\/svg\" viewBox=\"0 0 18 32\"><path fill=\"#3b5998\" d=\"M17.1 0.2v4.7h-2.8q-1.5 0-2.1 0.6t-0.5 1.9v3.4h5.2l-0.7 5.3h-4.5v13.6h-5.5v-13.6h-4.5v-5.3h4.5v-3.9q0-3.3 1.9-5.2t5-1.8q2.6 0 4.1 0.2z\"\/><\/svg><\/span><\/a><\/li><li class=\"shariff-button twitter shariff-nocustomcolor\" style=\"background-color:#595959;border-radius:1%\"><a href=\"https:\/\/twitter.com\/share?url=https%3A%2F%2Fwww.sonnenseite.com%2Fde%2Fpolitik%2Fdurchbruch-in-bruessel-fuer-die-erneuerbaren-energien-in-der-eu%2F&text=Durchbruch%20in%20Br%C3%BCssel%20f%C3%BCr%20die%20Erneuerbaren%20Energien%20in%20der%20EU\" title=\"Bei X teilen\" aria-label=\"Bei X teilen\" role=\"button\" rel=\"noopener nofollow\" class=\"shariff-link\" style=\";border-radius:1%; background-color:#000; color:#fff\" target=\"_blank\"><span class=\"shariff-icon\" style=\"\"><svg width=\"32px\" height=\"20px\" xmlns=\"http:\/\/www.w3.org\/2000\/svg\" viewBox=\"0 0 24 24\"><path fill=\"#000\" d=\"M14.258 10.152L23.176 0h-2.113l-7.747 8.813L7.133 0H0l9.352 13.328L0 23.973h2.113l8.176-9.309 6.531 9.309h7.133zm-2.895 3.293l-.949-1.328L2.875 1.56h3.246l6.086 8.523.945 1.328 7.91 11.078h-3.246zm0 0\"\/><\/svg><\/span><\/a><\/li><li class=\"shariff-button xing shariff-nocustomcolor\" style=\"background-color:#29888a;border-radius:1%\"><a href=\"https:\/\/www.xing.com\/spi\/shares\/new?url=https%3A%2F%2Fwww.sonnenseite.com%2Fde%2Fpolitik%2Fdurchbruch-in-bruessel-fuer-die-erneuerbaren-energien-in-der-eu%2F\" title=\"Bei XING teilen\" aria-label=\"Bei XING teilen\" role=\"button\" rel=\"noopener nofollow\" class=\"shariff-link\" style=\";border-radius:1%; background-color:#126567; color:#fff\" target=\"_blank\"><span class=\"shariff-icon\" style=\"\"><svg width=\"32px\" height=\"20px\" xmlns=\"http:\/\/www.w3.org\/2000\/svg\" viewBox=\"0 0 25 32\"><path fill=\"#126567\" d=\"M10.7 11.9q-0.2 0.3-4.6 8.2-0.5 0.8-1.2 0.8h-4.3q-0.4 0-0.5-0.3t0-0.6l4.5-8q0 0 0 0l-2.9-5q-0.2-0.4 0-0.7 0.2-0.3 0.5-0.3h4.3q0.7 0 1.2 0.8zM25.1 0.4q0.2 0.3 0 0.7l-9.4 16.7 6 11q0.2 0.4 0 0.6-0.2 0.3-0.6 0.3h-4.3q-0.7 0-1.2-0.8l-6-11.1q0.3-0.6 9.5-16.8 0.4-0.8 1.2-0.8h4.3q0.4 0 0.5 0.3z\"\/><\/svg><\/span><\/a><\/li><li class=\"shariff-button linkedin shariff-nocustomcolor\" style=\"background-color:#1488bf;border-radius:1%\"><a href=\"https:\/\/www.linkedin.com\/sharing\/share-offsite\/?url=https%3A%2F%2Fwww.sonnenseite.com%2Fde%2Fpolitik%2Fdurchbruch-in-bruessel-fuer-die-erneuerbaren-energien-in-der-eu%2F\" title=\"Bei LinkedIn teilen\" aria-label=\"Bei LinkedIn teilen\" role=\"button\" rel=\"noopener nofollow\" class=\"shariff-link\" style=\";border-radius:1%; background-color:#0077b5; color:#fff\" target=\"_blank\"><span class=\"shariff-icon\" style=\"\"><svg width=\"32px\" height=\"20px\" xmlns=\"http:\/\/www.w3.org\/2000\/svg\" viewBox=\"0 0 27 32\"><path fill=\"#0077b5\" d=\"M6.2 11.2v17.7h-5.9v-17.7h5.9zM6.6 5.7q0 1.3-0.9 2.2t-2.4 0.9h0q-1.5 0-2.4-0.9t-0.9-2.2 0.9-2.2 2.4-0.9 2.4 0.9 0.9 2.2zM27.4 18.7v10.1h-5.9v-9.5q0-1.9-0.7-2.9t-2.3-1.1q-1.1 0-1.9 0.6t-1.2 1.5q-0.2 0.5-0.2 1.4v9.9h-5.9q0-7.1 0-11.6t0-5.3l0-0.9h5.9v2.6h0q0.4-0.6 0.7-1t1-0.9 1.6-0.8 2-0.3q3 0 4.9 2t1.9 6z\"\/><\/svg><\/span><\/a><\/li><li class=\"shariff-button printer shariff-nocustomcolor\" style=\"background-color:#a8a8a8;border-radius:1%\"><a href=\"javascript:window.print()\" title=\"drucken\" aria-label=\"drucken\" role=\"button\" rel=\"noopener nofollow\" class=\"shariff-link\" style=\";border-radius:1%; background-color:#999; color:#fff\"><span class=\"shariff-icon\" style=\"\"><svg width=\"32px\" height=\"20px\" xmlns=\"http:\/\/www.w3.org\/2000\/svg\" viewBox=\"0 0 30 32\"><path fill=\"#999\" d=\"M6.8 27.4h16v-4.6h-16v4.6zM6.8 16h16v-6.8h-2.8q-0.7 0-1.2-0.5t-0.5-1.2v-2.8h-11.4v11.4zM27.4 17.2q0-0.5-0.3-0.8t-0.8-0.4-0.8 0.4-0.3 0.8 0.3 0.8 0.8 0.3 0.8-0.3 0.3-0.8zM29.7 17.2v7.4q0 0.2-0.2 0.4t-0.4 0.2h-4v2.8q0 0.7-0.5 1.2t-1.2 0.5h-17.2q-0.7 0-1.2-0.5t-0.5-1.2v-2.8h-4q-0.2 0-0.4-0.2t-0.2-0.4v-7.4q0-1.4 1-2.4t2.4-1h1.2v-9.7q0-0.7 0.5-1.2t1.2-0.5h12q0.7 0 1.6 0.4t1.3 0.8l2.7 2.7q0.5 0.5 0.9 1.4t0.4 1.6v4.6h1.1q1.4 0 2.4 1t1 2.4z\"\/><\/svg><\/span><\/a><\/li><li class=\"shariff-button mailto shariff-nocustomcolor\" style=\"background-color:#a8a8a8;border-radius:1%\"><a href=\"mailto:?body=https%3A%2F%2Fwww.sonnenseite.com%2Fde%2Fpolitik%2Fdurchbruch-in-bruessel-fuer-die-erneuerbaren-energien-in-der-eu%2F&subject=Durchbruch%20in%20Br%C3%BCssel%20f%C3%BCr%20die%20Erneuerbaren%20Energien%20in%20der%20EU\" title=\"Per E-Mail versenden\" aria-label=\"Per E-Mail versenden\" role=\"button\" rel=\"noopener nofollow\" class=\"shariff-link\" style=\";border-radius:1%; background-color:#999; color:#fff\"><span class=\"shariff-icon\" style=\"\"><svg width=\"32px\" height=\"20px\" xmlns=\"http:\/\/www.w3.org\/2000\/svg\" viewBox=\"0 0 32 32\"><path fill=\"#999\" d=\"M32 12.7v14.2q0 1.2-0.8 2t-2 0.9h-26.3q-1.2 0-2-0.9t-0.8-2v-14.2q0.8 0.9 1.8 1.6 6.5 4.4 8.9 6.1 1 0.8 1.6 1.2t1.7 0.9 2 0.4h0.1q0.9 0 2-0.4t1.7-0.9 1.6-1.2q3-2.2 8.9-6.1 1-0.7 1.8-1.6zM32 7.4q0 1.4-0.9 2.7t-2.2 2.2q-6.7 4.7-8.4 5.8-0.2 0.1-0.7 0.5t-1 0.7-0.9 0.6-1.1 0.5-0.9 0.2h-0.1q-0.4 0-0.9-0.2t-1.1-0.5-0.9-0.6-1-0.7-0.7-0.5q-1.6-1.1-4.7-3.2t-3.6-2.6q-1.1-0.7-2.1-2t-1-2.5q0-1.4 0.7-2.3t2.1-0.9h26.3q1.2 0 2 0.8t0.9 2z\"\/><\/svg><\/span><\/a><\/li><\/ul><\/div>","protected":false},"excerpt":{"rendered":"<p>Die Beschl\u00fcsse zur EU-Richtlinie f\u00fcr erneuerbare Energien sind ein Durchbruch f\u00fcr Europa. Das Tempo des Ausbaus [&hellip;]<\/p>\n","protected":false},"author":3,"featured_media":88957,"comment_status":"closed","ping_status":"closed","sticky":false,"template":"","format":"standard","meta":{"inline_featured_image":false,"footnotes":""},"categories":[21],"tags":[],"class_list":["post-90228","post","type-post","status-publish","format-standard","has-post-thumbnail","hentry","category-politik"],"yoast_head":"<!-- This site is optimized with the Yoast SEO plugin v26.5 - https:\/\/yoast.com\/wordpress\/plugins\/seo\/ -->\n<title>Durchbruch in Br\u00fcssel f\u00fcr die Erneuerbaren Energien in der EU - Sonnenseite - \u00d6kologische Kommunikation mit Franz Alt<\/title>\n<meta name=\"description\" content=\"Die Beschl\u00fcsse zur EU-Richtlinie f\u00fcr erneuerbare Energien sind ein Durchbruch f\u00fcr Europa. Das Tempo des Ausbaus der Erneuerbaren wird europaweit\" \/>\n<meta name=\"robots\" content=\"index, follow, max-snippet:-1, max-image-preview:large, max-video-preview:-1\" \/>\n<link rel=\"canonical\" href=\"https:\/\/www.sonnenseite.com\/de\/politik\/durchbruch-in-bruessel-fuer-die-erneuerbaren-energien-in-der-eu\/\" \/>\n<meta property=\"og:locale\" content=\"de_DE\" \/>\n<meta property=\"og:type\" content=\"article\" \/>\n<meta property=\"og:title\" content=\"Durchbruch in Br\u00fcssel f\u00fcr die Erneuerbaren Energien in der EU - Sonnenseite - \u00d6kologische Kommunikation mit Franz Alt\" \/>\n<meta property=\"og:description\" content=\"Die Beschl\u00fcsse zur EU-Richtlinie f\u00fcr erneuerbare Energien sind ein Durchbruch f\u00fcr Europa. Das Tempo des Ausbaus der Erneuerbaren wird europaweit\" \/>\n<meta property=\"og:url\" content=\"https:\/\/www.sonnenseite.com\/de\/politik\/durchbruch-in-bruessel-fuer-die-erneuerbaren-energien-in-der-eu\/\" \/>\n<meta property=\"og:site_name\" content=\"Sonnenseite\" \/>\n<meta property=\"article:publisher\" content=\"https:\/\/www.facebook.com\/pages\/Franz-Alt-SONNENSEITECOM\/221072987903953?fref=ts\" \/>\n<meta property=\"article:published_time\" content=\"2023-03-31T07:38:38+00:00\" \/>\n<meta property=\"article:modified_time\" content=\"2023-04-10T06:53:15+00:00\" \/>\n<meta property=\"og:image\" content=\"https:\/\/www.sonnenseite.com\/wp-content\/uploads\/2023\/02\/EU_Solar_AntonMedvedev01.jpg\" \/>\n\t<meta property=\"og:image:width\" content=\"770\" \/>\n\t<meta property=\"og:image:height\" content=\"420\" \/>\n\t<meta property=\"og:image:type\" content=\"image\/jpeg\" \/>\n<meta name=\"author\" content=\"Bigi Alt\" \/>\n<meta name=\"twitter:card\" content=\"summary_large_image\" \/>\n<meta name=\"twitter:creator\" content=\"@franzalt\" \/>\n<meta name=\"twitter:site\" content=\"@franzalt\" \/>\n<meta name=\"twitter:label1\" content=\"Verfasst von\" \/>\n\t<meta name=\"twitter:data1\" content=\"Bigi Alt\" \/>\n\t<meta name=\"twitter:label2\" content=\"Gesch\u00e4tzte Lesezeit\" \/>\n\t<meta name=\"twitter:data2\" content=\"6\u00a0Minuten\" \/>\n<script type=\"application\/ld+json\" class=\"yoast-schema-graph\">{\"@context\":\"https:\/\/schema.org\",\"@graph\":[{\"@type\":\"Article\",\"@id\":\"https:\/\/www.sonnenseite.com\/de\/politik\/durchbruch-in-bruessel-fuer-die-erneuerbaren-energien-in-der-eu\/#article\",\"isPartOf\":{\"@id\":\"https:\/\/www.sonnenseite.com\/de\/politik\/durchbruch-in-bruessel-fuer-die-erneuerbaren-energien-in-der-eu\/\"},\"author\":{\"name\":\"Bigi Alt\",\"@id\":\"https:\/\/www.sonnenseite.com\/de\/#\/schema\/person\/50fda0e926597684c7cc6695238a4eb9\"},\"headline\":\"Durchbruch in Br\u00fcssel f\u00fcr die Erneuerbaren Energien in der EU\",\"datePublished\":\"2023-03-31T07:38:38+00:00\",\"dateModified\":\"2023-04-10T06:53:15+00:00\",\"mainEntityOfPage\":{\"@id\":\"https:\/\/www.sonnenseite.com\/de\/politik\/durchbruch-in-bruessel-fuer-die-erneuerbaren-energien-in-der-eu\/\"},\"wordCount\":957,\"publisher\":{\"@id\":\"https:\/\/www.sonnenseite.com\/de\/#organization\"},\"image\":{\"@id\":\"https:\/\/www.sonnenseite.com\/de\/politik\/durchbruch-in-bruessel-fuer-die-erneuerbaren-energien-in-der-eu\/#primaryimage\"},\"thumbnailUrl\":\"https:\/\/www.sonnenseite.com\/wp-content\/uploads\/2023\/02\/EU_Solar_AntonMedvedev01.jpg\",\"articleSection\":[\"Politik\"],\"inLanguage\":\"de\"},{\"@type\":\"WebPage\",\"@id\":\"https:\/\/www.sonnenseite.com\/de\/politik\/durchbruch-in-bruessel-fuer-die-erneuerbaren-energien-in-der-eu\/\",\"url\":\"https:\/\/www.sonnenseite.com\/de\/politik\/durchbruch-in-bruessel-fuer-die-erneuerbaren-energien-in-der-eu\/\",\"name\":\"Durchbruch in Br\u00fcssel f\u00fcr die Erneuerbaren Energien in der EU - Sonnenseite - \u00d6kologische Kommunikation mit Franz Alt\",\"isPartOf\":{\"@id\":\"https:\/\/www.sonnenseite.com\/de\/#website\"},\"primaryImageOfPage\":{\"@id\":\"https:\/\/www.sonnenseite.com\/de\/politik\/durchbruch-in-bruessel-fuer-die-erneuerbaren-energien-in-der-eu\/#primaryimage\"},\"image\":{\"@id\":\"https:\/\/www.sonnenseite.com\/de\/politik\/durchbruch-in-bruessel-fuer-die-erneuerbaren-energien-in-der-eu\/#primaryimage\"},\"thumbnailUrl\":\"https:\/\/www.sonnenseite.com\/wp-content\/uploads\/2023\/02\/EU_Solar_AntonMedvedev01.jpg\",\"datePublished\":\"2023-03-31T07:38:38+00:00\",\"dateModified\":\"2023-04-10T06:53:15+00:00\",\"description\":\"Die Beschl\u00fcsse zur EU-Richtlinie f\u00fcr erneuerbare Energien sind ein Durchbruch f\u00fcr Europa. Das Tempo des Ausbaus der Erneuerbaren wird europaweit\",\"breadcrumb\":{\"@id\":\"https:\/\/www.sonnenseite.com\/de\/politik\/durchbruch-in-bruessel-fuer-die-erneuerbaren-energien-in-der-eu\/#breadcrumb\"},\"inLanguage\":\"de\",\"potentialAction\":[{\"@type\":\"ReadAction\",\"target\":[\"https:\/\/www.sonnenseite.com\/de\/politik\/durchbruch-in-bruessel-fuer-die-erneuerbaren-energien-in-der-eu\/\"]}]},{\"@type\":\"ImageObject\",\"inLanguage\":\"de\",\"@id\":\"https:\/\/www.sonnenseite.com\/de\/politik\/durchbruch-in-bruessel-fuer-die-erneuerbaren-energien-in-der-eu\/#primaryimage\",\"url\":\"https:\/\/www.sonnenseite.com\/wp-content\/uploads\/2023\/02\/EU_Solar_AntonMedvedev01.jpg\",\"contentUrl\":\"https:\/\/www.sonnenseite.com\/wp-content\/uploads\/2023\/02\/EU_Solar_AntonMedvedev01.jpg\",\"width\":770,\"height\":420,\"caption\":\"Depositphotos.com | Anton Medvedev\"},{\"@type\":\"BreadcrumbList\",\"@id\":\"https:\/\/www.sonnenseite.com\/de\/politik\/durchbruch-in-bruessel-fuer-die-erneuerbaren-energien-in-der-eu\/#breadcrumb\",\"itemListElement\":[{\"@type\":\"ListItem\",\"position\":1,\"name\":\"Startseite\",\"item\":\"https:\/\/www.sonnenseite.com\/de\/\"},{\"@type\":\"ListItem\",\"position\":2,\"name\":\"Durchbruch in Br\u00fcssel f\u00fcr die Erneuerbaren Energien in der EU\"}]},{\"@type\":\"WebSite\",\"@id\":\"https:\/\/www.sonnenseite.com\/de\/#website\",\"url\":\"https:\/\/www.sonnenseite.com\/de\/\",\"name\":\"Sonnenseite\",\"description\":\"\u00d6kologische Kommunikation mit Franz Alt\",\"publisher\":{\"@id\":\"https:\/\/www.sonnenseite.com\/de\/#organization\"},\"potentialAction\":[{\"@type\":\"SearchAction\",\"target\":{\"@type\":\"EntryPoint\",\"urlTemplate\":\"https:\/\/www.sonnenseite.com\/de\/?s={search_term_string}\"},\"query-input\":{\"@type\":\"PropertyValueSpecification\",\"valueRequired\":true,\"valueName\":\"search_term_string\"}}],\"inLanguage\":\"de\"},{\"@type\":\"Organization\",\"@id\":\"https:\/\/www.sonnenseite.com\/de\/#organization\",\"name\":\"Sonnenseite\",\"url\":\"https:\/\/www.sonnenseite.com\/de\/\",\"logo\":{\"@type\":\"ImageObject\",\"inLanguage\":\"de\",\"@id\":\"https:\/\/www.sonnenseite.com\/de\/#\/schema\/logo\/image\/\",\"url\":\"https:\/\/www.sonnenseite.com\/wp-content\/uploads\/2020\/05\/Sonnenseite_Logo.png\",\"contentUrl\":\"https:\/\/www.sonnenseite.com\/wp-content\/uploads\/2020\/05\/Sonnenseite_Logo.png\",\"width\":377,\"height\":90,\"caption\":\"Sonnenseite\"},\"image\":{\"@id\":\"https:\/\/www.sonnenseite.com\/de\/#\/schema\/logo\/image\/\"},\"sameAs\":[\"https:\/\/www.facebook.com\/pages\/Franz-Alt-SONNENSEITECOM\/221072987903953?fref=ts\",\"https:\/\/x.com\/franzalt\",\"http:\/\/www.youtube.com\/results?search_query&amp;amp;quot;franz_alt&amp;amp;quot;&amp;amp;amp;amp;search_type&amp;amp;amp;amp;aq=f\"]},{\"@type\":\"Person\",\"@id\":\"https:\/\/www.sonnenseite.com\/de\/#\/schema\/person\/50fda0e926597684c7cc6695238a4eb9\",\"name\":\"Bigi Alt\"}]}<\/script>\n<!-- \/ Yoast SEO plugin. -->","yoast_head_json":{"title":"Durchbruch in Br\u00fcssel f\u00fcr die Erneuerbaren Energien in der EU - Sonnenseite - \u00d6kologische Kommunikation mit Franz Alt","description":"Die Beschl\u00fcsse zur EU-Richtlinie f\u00fcr erneuerbare Energien sind ein Durchbruch f\u00fcr Europa. Das Tempo des Ausbaus der Erneuerbaren wird europaweit","robots":{"index":"index","follow":"follow","max-snippet":"max-snippet:-1","max-image-preview":"max-image-preview:large","max-video-preview":"max-video-preview:-1"},"canonical":"https:\/\/www.sonnenseite.com\/de\/politik\/durchbruch-in-bruessel-fuer-die-erneuerbaren-energien-in-der-eu\/","og_locale":"de_DE","og_type":"article","og_title":"Durchbruch in Br\u00fcssel f\u00fcr die Erneuerbaren Energien in der EU - Sonnenseite - \u00d6kologische Kommunikation mit Franz Alt","og_description":"Die Beschl\u00fcsse zur EU-Richtlinie f\u00fcr erneuerbare Energien sind ein Durchbruch f\u00fcr Europa. Das Tempo des Ausbaus der Erneuerbaren wird europaweit","og_url":"https:\/\/www.sonnenseite.com\/de\/politik\/durchbruch-in-bruessel-fuer-die-erneuerbaren-energien-in-der-eu\/","og_site_name":"Sonnenseite","article_publisher":"https:\/\/www.facebook.com\/pages\/Franz-Alt-SONNENSEITECOM\/221072987903953?fref=ts","article_published_time":"2023-03-31T07:38:38+00:00","article_modified_time":"2023-04-10T06:53:15+00:00","og_image":[{"width":770,"height":420,"url":"https:\/\/www.sonnenseite.com\/wp-content\/uploads\/2023\/02\/EU_Solar_AntonMedvedev01.jpg","type":"image\/jpeg"}],"author":"Bigi Alt","twitter_card":"summary_large_image","twitter_creator":"@franzalt","twitter_site":"@franzalt","twitter_misc":{"Verfasst von":"Bigi Alt","Gesch\u00e4tzte Lesezeit":"6\u00a0Minuten"},"schema":{"@context":"https:\/\/schema.org","@graph":[{"@type":"Article","@id":"https:\/\/www.sonnenseite.com\/de\/politik\/durchbruch-in-bruessel-fuer-die-erneuerbaren-energien-in-der-eu\/#article","isPartOf":{"@id":"https:\/\/www.sonnenseite.com\/de\/politik\/durchbruch-in-bruessel-fuer-die-erneuerbaren-energien-in-der-eu\/"},"author":{"name":"Bigi Alt","@id":"https:\/\/www.sonnenseite.com\/de\/#\/schema\/person\/50fda0e926597684c7cc6695238a4eb9"},"headline":"Durchbruch in Br\u00fcssel f\u00fcr die Erneuerbaren Energien in der EU","datePublished":"2023-03-31T07:38:38+00:00","dateModified":"2023-04-10T06:53:15+00:00","mainEntityOfPage":{"@id":"https:\/\/www.sonnenseite.com\/de\/politik\/durchbruch-in-bruessel-fuer-die-erneuerbaren-energien-in-der-eu\/"},"wordCount":957,"publisher":{"@id":"https:\/\/www.sonnenseite.com\/de\/#organization"},"image":{"@id":"https:\/\/www.sonnenseite.com\/de\/politik\/durchbruch-in-bruessel-fuer-die-erneuerbaren-energien-in-der-eu\/#primaryimage"},"thumbnailUrl":"https:\/\/www.sonnenseite.com\/wp-content\/uploads\/2023\/02\/EU_Solar_AntonMedvedev01.jpg","articleSection":["Politik"],"inLanguage":"de"},{"@type":"WebPage","@id":"https:\/\/www.sonnenseite.com\/de\/politik\/durchbruch-in-bruessel-fuer-die-erneuerbaren-energien-in-der-eu\/","url":"https:\/\/www.sonnenseite.com\/de\/politik\/durchbruch-in-bruessel-fuer-die-erneuerbaren-energien-in-der-eu\/","name":"Durchbruch in Br\u00fcssel f\u00fcr die Erneuerbaren Energien in der EU - Sonnenseite - \u00d6kologische Kommunikation mit Franz Alt","isPartOf":{"@id":"https:\/\/www.sonnenseite.com\/de\/#website"},"primaryImageOfPage":{"@id":"https:\/\/www.sonnenseite.com\/de\/politik\/durchbruch-in-bruessel-fuer-die-erneuerbaren-energien-in-der-eu\/#primaryimage"},"image":{"@id":"https:\/\/www.sonnenseite.com\/de\/politik\/durchbruch-in-bruessel-fuer-die-erneuerbaren-energien-in-der-eu\/#primaryimage"},"thumbnailUrl":"https:\/\/www.sonnenseite.com\/wp-content\/uploads\/2023\/02\/EU_Solar_AntonMedvedev01.jpg","datePublished":"2023-03-31T07:38:38+00:00","dateModified":"2023-04-10T06:53:15+00:00","description":"Die Beschl\u00fcsse zur EU-Richtlinie f\u00fcr erneuerbare Energien sind ein Durchbruch f\u00fcr Europa. Das Tempo des Ausbaus der Erneuerbaren wird europaweit","breadcrumb":{"@id":"https:\/\/www.sonnenseite.com\/de\/politik\/durchbruch-in-bruessel-fuer-die-erneuerbaren-energien-in-der-eu\/#breadcrumb"},"inLanguage":"de","potentialAction":[{"@type":"ReadAction","target":["https:\/\/www.sonnenseite.com\/de\/politik\/durchbruch-in-bruessel-fuer-die-erneuerbaren-energien-in-der-eu\/"]}]},{"@type":"ImageObject","inLanguage":"de","@id":"https:\/\/www.sonnenseite.com\/de\/politik\/durchbruch-in-bruessel-fuer-die-erneuerbaren-energien-in-der-eu\/#primaryimage","url":"https:\/\/www.sonnenseite.com\/wp-content\/uploads\/2023\/02\/EU_Solar_AntonMedvedev01.jpg","contentUrl":"https:\/\/www.sonnenseite.com\/wp-content\/uploads\/2023\/02\/EU_Solar_AntonMedvedev01.jpg","width":770,"height":420,"caption":"Depositphotos.com | Anton Medvedev"},{"@type":"BreadcrumbList","@id":"https:\/\/www.sonnenseite.com\/de\/politik\/durchbruch-in-bruessel-fuer-die-erneuerbaren-energien-in-der-eu\/#breadcrumb","itemListElement":[{"@type":"ListItem","position":1,"name":"Startseite","item":"https:\/\/www.sonnenseite.com\/de\/"},{"@type":"ListItem","position":2,"name":"Durchbruch in Br\u00fcssel f\u00fcr die Erneuerbaren Energien in der EU"}]},{"@type":"WebSite","@id":"https:\/\/www.sonnenseite.com\/de\/#website","url":"https:\/\/www.sonnenseite.com\/de\/","name":"Sonnenseite","description":"\u00d6kologische Kommunikation mit Franz Alt","publisher":{"@id":"https:\/\/www.sonnenseite.com\/de\/#organization"},"potentialAction":[{"@type":"SearchAction","target":{"@type":"EntryPoint","urlTemplate":"https:\/\/www.sonnenseite.com\/de\/?s={search_term_string}"},"query-input":{"@type":"PropertyValueSpecification","valueRequired":true,"valueName":"search_term_string"}}],"inLanguage":"de"},{"@type":"Organization","@id":"https:\/\/www.sonnenseite.com\/de\/#organization","name":"Sonnenseite","url":"https:\/\/www.sonnenseite.com\/de\/","logo":{"@type":"ImageObject","inLanguage":"de","@id":"https:\/\/www.sonnenseite.com\/de\/#\/schema\/logo\/image\/","url":"https:\/\/www.sonnenseite.com\/wp-content\/uploads\/2020\/05\/Sonnenseite_Logo.png","contentUrl":"https:\/\/www.sonnenseite.com\/wp-content\/uploads\/2020\/05\/Sonnenseite_Logo.png","width":377,"height":90,"caption":"Sonnenseite"},"image":{"@id":"https:\/\/www.sonnenseite.com\/de\/#\/schema\/logo\/image\/"},"sameAs":["https:\/\/www.facebook.com\/pages\/Franz-Alt-SONNENSEITECOM\/221072987903953?fref=ts","https:\/\/x.com\/franzalt","http:\/\/www.youtube.com\/results?search_query&amp;amp;quot;franz_alt&amp;amp;quot;&amp;amp;amp;amp;search_type&amp;amp;amp;amp;aq=f"]},{"@type":"Person","@id":"https:\/\/www.sonnenseite.com\/de\/#\/schema\/person\/50fda0e926597684c7cc6695238a4eb9","name":"Bigi Alt"}]}},"_links":{"self":[{"href":"https:\/\/www.sonnenseite.com\/de\/wp-json\/wp\/v2\/posts\/90228","targetHints":{"allow":["GET"]}}],"collection":[{"href":"https:\/\/www.sonnenseite.com\/de\/wp-json\/wp\/v2\/posts"}],"about":[{"href":"https:\/\/www.sonnenseite.com\/de\/wp-json\/wp\/v2\/types\/post"}],"author":[{"embeddable":true,"href":"https:\/\/www.sonnenseite.com\/de\/wp-json\/wp\/v2\/users\/3"}],"replies":[{"embeddable":true,"href":"https:\/\/www.sonnenseite.com\/de\/wp-json\/wp\/v2\/comments?post=90228"}],"version-history":[{"count":3,"href":"https:\/\/www.sonnenseite.com\/de\/wp-json\/wp\/v2\/posts\/90228\/revisions"}],"predecessor-version":[{"id":90231,"href":"https:\/\/www.sonnenseite.com\/de\/wp-json\/wp\/v2\/posts\/90228\/revisions\/90231"}],"wp:featuredmedia":[{"embeddable":true,"href":"https:\/\/www.sonnenseite.com\/de\/wp-json\/wp\/v2\/media\/88957"}],"wp:attachment":[{"href":"https:\/\/www.sonnenseite.com\/de\/wp-json\/wp\/v2\/media?parent=90228"}],"wp:term":[{"taxonomy":"category","embeddable":true,"href":"https:\/\/www.sonnenseite.com\/de\/wp-json\/wp\/v2\/categories?post=90228"},{"taxonomy":"post_tag","embeddable":true,"href":"https:\/\/www.sonnenseite.com\/de\/wp-json\/wp\/v2\/tags?post=90228"}],"curies":[{"name":"wp","href":"https:\/\/api.w.org\/{rel}","templated":true}]}}