{"id":90387,"date":"2023-04-07T08:22:41","date_gmt":"2023-04-07T06:22:41","guid":{"rendered":"https:\/\/www.sonnenseite.com\/?p=90387"},"modified":"2023-04-16T10:19:04","modified_gmt":"2023-04-16T08:19:04","slug":"unsere-generation-unser-job-aufruf-zur-gemeinsamen-generationenverantwortung","status":"publish","type":"post","link":"https:\/\/www.sonnenseite.com\/de\/politik\/unsere-generation-unser-job-aufruf-zur-gemeinsamen-generationenverantwortung\/","title":{"rendered":"Unsere Generation \u2013 unser Job: Aufruf zur gemeinsamen Generationenverantwortung!"},"content":{"rendered":"\n<p>Soeben wurde ein eindringlicher Brief an Bundeskanzler Scholz versendet. In wenigen Tagen hat er bereits 400 prominente Unterschriften bekommen. <\/p>\n\n\n\n<ul class=\"wp-block-list\">\n<li><a href=\"https:\/\/docs.google.com\/forms\/d\/e\/1FAIpQLSfldohg_-gPbkKFu8eKnp7gscRGpIZQBDiW_bgCHl4YR_vk6g\/viewform\" target=\"_blank\" rel=\"noreferrer noopener\">Hier der Link zum Brief mitsamt den Erstunterzeichnern<\/a><\/li>\n\n\n\n<li><a href=\"https:\/\/innn.it\/UNSEREGENERATIONUNSERJOB\" target=\"_blank\" rel=\"noreferrer noopener\">Hier der Link f\u00fcr Sie zum Unterzeichnen der gleichlautenden Petition an Kanzler Scholz<\/a><\/li>\n<\/ul>\n\n\n\n<hr class=\"wp-block-separator has-alpha-channel-opacity\"\/>\n\n\n\n<h4 class=\"wp-block-heading\">Sehr geehrter Herr Bundeskanzler Scholz,<\/h4>\n\n\n<div class=\"wp-block-image\">\n<figure class=\"alignleft size-full is-resized\"><a href=\"https:\/\/www.sonnenseite.com\/wp-content\/uploads\/2023\/04\/UnsereGeneration_Brief.jpg\"><img loading=\"lazy\" decoding=\"async\" src=\"https:\/\/www.sonnenseite.com\/wp-content\/uploads\/2023\/04\/UnsereGeneration_Brief.jpg\" alt=\"\" class=\"wp-image-90390\" width=\"351\" height=\"191\" srcset=\"https:\/\/www.sonnenseite.com\/wp-content\/uploads\/2023\/04\/UnsereGeneration_Brief.jpg 770w, https:\/\/www.sonnenseite.com\/wp-content\/uploads\/2023\/04\/UnsereGeneration_Brief-300x164.jpg 300w, https:\/\/www.sonnenseite.com\/wp-content\/uploads\/2023\/04\/UnsereGeneration_Brief-768x419.jpg 768w\" sizes=\"auto, (max-width: 351px) 100vw, 351px\" \/><\/a><figcaption class=\"wp-element-caption\">\u00a9 innn.it ist die neue Kampagnenplattform<\/figcaption><\/figure>\n<\/div>\n\n\n<p>sehr geehrte Ministerinnen und Minister, sehr geehrte Damen und Herren Abgeordnete im Deutschen Bundestag, dem EU-Parlament und in den Landtagen der Bundesl\u00e4nder, sehr geehrte Damen und Herren deutscher Konzerne und Unternehmen,<\/p>\n\n\n\n<p>wir alle geh\u00f6ren zur ersten Generation, die die Folgen der Erderhitzung sp\u00fcrt. Wir sind die Generation, die es so weit hat kommen lassen. Und wir geh\u00f6ren zur letzten Generation, die aufhalten kann, was uns droht: der globale Verlust unserer Kontrolle \u00fcber die menschengemachte Klimakrise.<\/p>\n\n\n\n<p>Uns bleibt verschwindend wenig Zeit, um Klima und \u00d6kosysteme wieder zu stabilisieren und insbesondere die sogenannten \u201cKipppunkte\u201d zu vermeiden. Unumkehrbare Kettenreaktionen des globalen Klimasystems w\u00fcrden das Gesicht der Erde unwiederbringlich ver\u00e4ndern. Je l\u00e4nger wir z\u00f6gern, desto drastischer sind die Konsequenzen unseres Abwartens. Jetzt zu handeln, ist unsere Pflicht. Das stabilisiert nicht zuletzt unsere Demokratie und unseren Wohlstand.<\/p>\n\n\n\n<p>Der Kampf gegen die Klimakatastrophe und f\u00fcr das ehrgeizige, Paris-konforme klimapolitische Handeln ist wichtiger und vordringlicher als die Auseinandersetzung \u00fcber das \u201cKlimakleben\u201d. Was wir wirklich brauchen, ist eine umfassende, z\u00fcgig umgesetzte Klimapolitik. Wir k\u00f6nnen uns keine Halbherzigkeiten mehr leisten, keine weiteren Nebelkerzen, kein weiteres Z\u00f6gern.<\/p>\n\n\n\n<p>Was wir in den letzten Jahren erlebt haben, muss uns ber\u00fchren: Das \u00fcberflutete Ahrtal, Waldbr\u00e4nde und Fluten in Australien, S\u00fcdeuropa und Deutschland, 4.500 Hitzetote in Deutschland allein im letzten Sommer, Wasserknappheit und gedrosselte Kraftwerke aufgrund \u00fcberhitzter Fl\u00fcsse, Ernteausf\u00e4lle in der Landwirtschaft, fl\u00e4chige D\u00fcrresch\u00e4den in den W\u00e4ldern, Menschen, die ihre Heimat verlieren. Dabei sind all diese Katastrophen nur ein Vorbote dessen, was sich entwickelt. All dies verlangt eine ad\u00e4quate und l\u00e4ngst \u00fcberf\u00e4llige Reaktion.<\/p>\n\n\n\n<p>Klima ist kein \u201cThema\u201d. Klima ist eine partei\u00fcbergreifende, staatstragende und historisch beispiellose Aufgabe. Aus unserer Geschichte und unserer wirtschaftlichen St\u00e4rke erw\u00e4chst uns eine besondere internationale Verantwortung. Werden die notwendigen Entscheidungen nicht in dieser Legislaturperiode getroffen und ihre Umsetzung forciert, beginnt der langfristige Umbau zu sp\u00e4t. Bei diesem Zeitdruck darf sich niemand verstecken. Wir brauchen die jahresscharfe Verantwortlichkeit und Verantwortliche explizit in allen Sektoren.<\/p>\n\n\n\n<p>Die Anpassung der Infrastruktur ist eine Mammutaufgabe in der Dimension von 19 Mio. H\u00e4usern, 10.000 St\u00e4dten und Gemeinden, 3 Mio. Unternehmen: Wir m\u00fcssen deren Energieversorgung auf Strom, auf Sonne, Wind und Speicher umstellen, Geb\u00e4ude isolieren, Mobilit\u00e4t ohne fossile Brennstoffe erm\u00f6glichen und Energie sparen. F\u00fcr diesen gewaltigen Umbau ist es wichtig, dass wir jetzt enorm an Tempo zulegen.<\/p>\n\n\n\n<p>Die Aufrufe von engagierten Mitb\u00fcrgerinnen und Mitb\u00fcrgern, von Wissenschaftlern und Wissenschaftlerinnen, von Aktions- und Protestgruppen geben f\u00fcr uns alle den aufr\u00fcttelnden Hinweis auf die akute Dringlichkeit. Sofortiges, umfassendes, entschlossenes Handeln ist erforderlich. Dieses Handeln m\u00f6chten wir als Unterzeichnerinnen und Unterzeichner von Ihnen als politisch Verantwortliche sehen.<\/p>\n\n\n\n<p>Und, ja, wir brauchen auch eine gesellschaftsweite Diskussion. Aber nicht, um weitere unn\u00f6tige Worte zu verlieren, sondern um alle im Handeln mitzunehmen.<\/p>\n\n\n\n<p>#UnsereGenerationUnserJob: Lassen Sie uns unsere gemeinsame Verantwortung wahrnehmen. Wir sind bereit, wirksame Klimapolitik mitzutragen und zu verteidigen.<\/p>\n\n\n\n<p>Wir laden Sie ein und bitten Sie in gemeinsamer, partei\u00fcbergreifender und staatstragender Generationenverantwortung, dieser Verpflichtung nachzukommen und die gesetzlichen Klimaziele verfassungsgem\u00e4\u00df umzusetzen.<\/p>\n\n\n\n<p>Sehr geehrte Damen und Herren in den Parlamenten, den Regierungen und Verwaltungen auf EU-, Bund-, L\u00e4nder- und Gemeinde-Ebene und in Ihren Konzernen und Unternehmen, stellen Sie Ihren und unseren deutschen Beitrag zur globalen Einhaltung der Pariser Klimaziele sicher! Wenden Sie Schaden ab von den Menschen in Deutschland und der Welt und leisten Sie Historisches.<\/p>\n\n\n\n<p>Mit besten Gr\u00fc\u00dfen &#8211; Ihre Erstunterzeichnerinnen und Erstunterzeichner<\/p>\n\n\n\n<hr class=\"wp-block-separator has-alpha-channel-opacity\"\/>\n\n\n\n<ul class=\"wp-block-list\">\n<li><a href=\"https:\/\/docs.google.com\/forms\/d\/e\/1FAIpQLSfldohg_-gPbkKFu8eKnp7gscRGpIZQBDiW_bgCHl4YR_vk6g\/viewform\" target=\"_blank\" rel=\"noreferrer noopener\">Hier der Link zum Brief mitsamt den Erstunterzeichnern<\/a><\/li>\n\n\n\n<li><a href=\"https:\/\/innn.it\/UNSEREGENERATIONUNSERJOB\" target=\"_blank\" rel=\"noreferrer noopener\">Hier der Link f\u00fcr Sie zum Unterzeichnen der gleichlautenden Petition an Kanzler Scholz<\/a><\/li>\n\n\n\n<li><a href=\"https:\/\/www.zeit.de\/politik\/deutschland\/2023-04\/scholz-klimaschutz-mehr-engagement-offener-brief?utm_referrer=https%3A%2F%2Fwww.google.de%2F\">ZEIT ONLINE &#8222;Offener Brief warnt Scholz vor Z\u00f6gern im Klimaschutz&#8220;<\/a> | Mehr als 240 Politiker und Prominente fordern den Kanzler in einem offenen Brief zu mehr Einsatz im Klimaschutz auf. &#8222;Jetzt zu handeln, ist unsere Pflicht&#8220;, hei\u00dft es.<\/li>\n<\/ul>\n\n\n<h5 class=\"green\">Quelle<\/h5>\r\n\n\n\n<p><a href=\"http:\/\/www.hans-josef-fell.de\/\" target=\"_blank\" rel=\"noreferrer noopener\">Hans-Josef Fell 2023<\/a>\u00a0|\u00a0<a href=\"http:\/\/energywatchgroup.org\/\" target=\"_blank\" rel=\"noreferrer noopener\">Pr\u00e4sident der Energy Watch Group (EWG) und Autor des EEG<\/a><\/p>\n<div class=\"shariff shariff-align-flex-start shariff-widget-align-flex-start\"><div class=\"ShariffHeadline\">Diese Meldung teilen<\/div><ul class=\"shariff-buttons theme-round orientation-horizontal buttonsize-medium\"><li class=\"shariff-button facebook shariff-nocustomcolor\" style=\"background-color:#4273c8;border-radius:1%\"><a href=\"https:\/\/www.facebook.com\/sharer\/sharer.php?u=https%3A%2F%2Fwww.sonnenseite.com%2Fde%2Fpolitik%2Funsere-generation-unser-job-aufruf-zur-gemeinsamen-generationenverantwortung%2F\" title=\"Bei Facebook teilen\" aria-label=\"Bei Facebook teilen\" role=\"button\" rel=\"nofollow\" class=\"shariff-link\" style=\";border-radius:1%; background-color:#3b5998; color:#fff\" target=\"_blank\"><span class=\"shariff-icon\" style=\"\"><svg width=\"32px\" height=\"20px\" xmlns=\"http:\/\/www.w3.org\/2000\/svg\" viewBox=\"0 0 18 32\"><path fill=\"#3b5998\" d=\"M17.1 0.2v4.7h-2.8q-1.5 0-2.1 0.6t-0.5 1.9v3.4h5.2l-0.7 5.3h-4.5v13.6h-5.5v-13.6h-4.5v-5.3h4.5v-3.9q0-3.3 1.9-5.2t5-1.8q2.6 0 4.1 0.2z\"\/><\/svg><\/span><\/a><\/li><li class=\"shariff-button twitter shariff-nocustomcolor\" style=\"background-color:#595959;border-radius:1%\"><a href=\"https:\/\/twitter.com\/share?url=https%3A%2F%2Fwww.sonnenseite.com%2Fde%2Fpolitik%2Funsere-generation-unser-job-aufruf-zur-gemeinsamen-generationenverantwortung%2F&text=Unsere%20Generation%20%E2%80%93%20unser%20Job%3A%20Aufruf%20zur%20gemeinsamen%20Generationenverantwortung%21\" title=\"Bei X teilen\" aria-label=\"Bei X teilen\" role=\"button\" rel=\"noopener nofollow\" class=\"shariff-link\" style=\";border-radius:1%; background-color:#000; color:#fff\" target=\"_blank\"><span class=\"shariff-icon\" style=\"\"><svg width=\"32px\" height=\"20px\" xmlns=\"http:\/\/www.w3.org\/2000\/svg\" viewBox=\"0 0 24 24\"><path fill=\"#000\" d=\"M14.258 10.152L23.176 0h-2.113l-7.747 8.813L7.133 0H0l9.352 13.328L0 23.973h2.113l8.176-9.309 6.531 9.309h7.133zm-2.895 3.293l-.949-1.328L2.875 1.56h3.246l6.086 8.523.945 1.328 7.91 11.078h-3.246zm0 0\"\/><\/svg><\/span><\/a><\/li><li class=\"shariff-button xing shariff-nocustomcolor\" style=\"background-color:#29888a;border-radius:1%\"><a href=\"https:\/\/www.xing.com\/spi\/shares\/new?url=https%3A%2F%2Fwww.sonnenseite.com%2Fde%2Fpolitik%2Funsere-generation-unser-job-aufruf-zur-gemeinsamen-generationenverantwortung%2F\" title=\"Bei XING teilen\" aria-label=\"Bei XING teilen\" role=\"button\" rel=\"noopener nofollow\" class=\"shariff-link\" style=\";border-radius:1%; background-color:#126567; color:#fff\" target=\"_blank\"><span class=\"shariff-icon\" style=\"\"><svg width=\"32px\" height=\"20px\" xmlns=\"http:\/\/www.w3.org\/2000\/svg\" viewBox=\"0 0 25 32\"><path fill=\"#126567\" d=\"M10.7 11.9q-0.2 0.3-4.6 8.2-0.5 0.8-1.2 0.8h-4.3q-0.4 0-0.5-0.3t0-0.6l4.5-8q0 0 0 0l-2.9-5q-0.2-0.4 0-0.7 0.2-0.3 0.5-0.3h4.3q0.7 0 1.2 0.8zM25.1 0.4q0.2 0.3 0 0.7l-9.4 16.7 6 11q0.2 0.4 0 0.6-0.2 0.3-0.6 0.3h-4.3q-0.7 0-1.2-0.8l-6-11.1q0.3-0.6 9.5-16.8 0.4-0.8 1.2-0.8h4.3q0.4 0 0.5 0.3z\"\/><\/svg><\/span><\/a><\/li><li class=\"shariff-button linkedin shariff-nocustomcolor\" style=\"background-color:#1488bf;border-radius:1%\"><a href=\"https:\/\/www.linkedin.com\/sharing\/share-offsite\/?url=https%3A%2F%2Fwww.sonnenseite.com%2Fde%2Fpolitik%2Funsere-generation-unser-job-aufruf-zur-gemeinsamen-generationenverantwortung%2F\" title=\"Bei LinkedIn teilen\" aria-label=\"Bei LinkedIn teilen\" role=\"button\" rel=\"noopener nofollow\" class=\"shariff-link\" style=\";border-radius:1%; background-color:#0077b5; color:#fff\" target=\"_blank\"><span class=\"shariff-icon\" style=\"\"><svg width=\"32px\" height=\"20px\" xmlns=\"http:\/\/www.w3.org\/2000\/svg\" viewBox=\"0 0 27 32\"><path fill=\"#0077b5\" d=\"M6.2 11.2v17.7h-5.9v-17.7h5.9zM6.6 5.7q0 1.3-0.9 2.2t-2.4 0.9h0q-1.5 0-2.4-0.9t-0.9-2.2 0.9-2.2 2.4-0.9 2.4 0.9 0.9 2.2zM27.4 18.7v10.1h-5.9v-9.5q0-1.9-0.7-2.9t-2.3-1.1q-1.1 0-1.9 0.6t-1.2 1.5q-0.2 0.5-0.2 1.4v9.9h-5.9q0-7.1 0-11.6t0-5.3l0-0.9h5.9v2.6h0q0.4-0.6 0.7-1t1-0.9 1.6-0.8 2-0.3q3 0 4.9 2t1.9 6z\"\/><\/svg><\/span><\/a><\/li><li class=\"shariff-button printer shariff-nocustomcolor\" style=\"background-color:#a8a8a8;border-radius:1%\"><a href=\"javascript:window.print()\" title=\"drucken\" aria-label=\"drucken\" role=\"button\" rel=\"noopener nofollow\" class=\"shariff-link\" style=\";border-radius:1%; background-color:#999; color:#fff\"><span class=\"shariff-icon\" style=\"\"><svg width=\"32px\" height=\"20px\" xmlns=\"http:\/\/www.w3.org\/2000\/svg\" viewBox=\"0 0 30 32\"><path fill=\"#999\" d=\"M6.8 27.4h16v-4.6h-16v4.6zM6.8 16h16v-6.8h-2.8q-0.7 0-1.2-0.5t-0.5-1.2v-2.8h-11.4v11.4zM27.4 17.2q0-0.5-0.3-0.8t-0.8-0.4-0.8 0.4-0.3 0.8 0.3 0.8 0.8 0.3 0.8-0.3 0.3-0.8zM29.7 17.2v7.4q0 0.2-0.2 0.4t-0.4 0.2h-4v2.8q0 0.7-0.5 1.2t-1.2 0.5h-17.2q-0.7 0-1.2-0.5t-0.5-1.2v-2.8h-4q-0.2 0-0.4-0.2t-0.2-0.4v-7.4q0-1.4 1-2.4t2.4-1h1.2v-9.7q0-0.7 0.5-1.2t1.2-0.5h12q0.7 0 1.6 0.4t1.3 0.8l2.7 2.7q0.5 0.5 0.9 1.4t0.4 1.6v4.6h1.1q1.4 0 2.4 1t1 2.4z\"\/><\/svg><\/span><\/a><\/li><li class=\"shariff-button mailto shariff-nocustomcolor\" style=\"background-color:#a8a8a8;border-radius:1%\"><a href=\"mailto:?body=https%3A%2F%2Fwww.sonnenseite.com%2Fde%2Fpolitik%2Funsere-generation-unser-job-aufruf-zur-gemeinsamen-generationenverantwortung%2F&subject=Unsere%20Generation%20%E2%80%93%20unser%20Job%3A%20Aufruf%20zur%20gemeinsamen%20Generationenverantwortung%21\" title=\"Per E-Mail versenden\" aria-label=\"Per E-Mail versenden\" role=\"button\" rel=\"noopener nofollow\" class=\"shariff-link\" style=\";border-radius:1%; background-color:#999; color:#fff\"><span class=\"shariff-icon\" style=\"\"><svg width=\"32px\" height=\"20px\" xmlns=\"http:\/\/www.w3.org\/2000\/svg\" viewBox=\"0 0 32 32\"><path fill=\"#999\" d=\"M32 12.7v14.2q0 1.2-0.8 2t-2 0.9h-26.3q-1.2 0-2-0.9t-0.8-2v-14.2q0.8 0.9 1.8 1.6 6.5 4.4 8.9 6.1 1 0.8 1.6 1.2t1.7 0.9 2 0.4h0.1q0.9 0 2-0.4t1.7-0.9 1.6-1.2q3-2.2 8.9-6.1 1-0.7 1.8-1.6zM32 7.4q0 1.4-0.9 2.7t-2.2 2.2q-6.7 4.7-8.4 5.8-0.2 0.1-0.7 0.5t-1 0.7-0.9 0.6-1.1 0.5-0.9 0.2h-0.1q-0.4 0-0.9-0.2t-1.1-0.5-0.9-0.6-1-0.7-0.7-0.5q-1.6-1.1-4.7-3.2t-3.6-2.6q-1.1-0.7-2.1-2t-1-2.5q0-1.4 0.7-2.3t2.1-0.9h26.3q1.2 0 2 0.8t0.9 2z\"\/><\/svg><\/span><\/a><\/li><\/ul><\/div>","protected":false},"excerpt":{"rendered":"<p>Soeben wurde ein eindringlicher Brief an Bundeskanzler Scholz versendet. In wenigen Tagen hat er bereits 400 [&hellip;]<\/p>\n","protected":false},"author":3,"featured_media":87313,"comment_status":"closed","ping_status":"closed","sticky":false,"template":"","format":"standard","meta":{"inline_featured_image":false,"footnotes":""},"categories":[21],"tags":[],"class_list":["post-90387","post","type-post","status-publish","format-standard","has-post-thumbnail","hentry","category-politik"],"yoast_head":"<!-- This site is optimized with the Yoast SEO plugin v26.5 - https:\/\/yoast.com\/wordpress\/plugins\/seo\/ -->\n<title>Unsere Generation \u2013 unser Job: Aufruf zur gemeinsamen Generationenverantwortung! - Sonnenseite - \u00d6kologische Kommunikation mit Franz Alt<\/title>\n<meta name=\"description\" content=\"Soeben wurde ein eindringlicher Brief an Bundeskanzler Scholz versendet. In wenigen Tagen hat er bereits 400 prominente Unterschriften bekommen. Hier der\" \/>\n<meta name=\"robots\" content=\"index, follow, max-snippet:-1, max-image-preview:large, max-video-preview:-1\" \/>\n<link rel=\"canonical\" href=\"https:\/\/www.sonnenseite.com\/de\/politik\/unsere-generation-unser-job-aufruf-zur-gemeinsamen-generationenverantwortung\/\" \/>\n<meta property=\"og:locale\" content=\"de_DE\" \/>\n<meta property=\"og:type\" content=\"article\" \/>\n<meta property=\"og:title\" content=\"Unsere Generation \u2013 unser Job: Aufruf zur gemeinsamen Generationenverantwortung! - Sonnenseite - \u00d6kologische Kommunikation mit Franz Alt\" \/>\n<meta property=\"og:description\" content=\"Soeben wurde ein eindringlicher Brief an Bundeskanzler Scholz versendet. In wenigen Tagen hat er bereits 400 prominente Unterschriften bekommen. Hier der\" \/>\n<meta property=\"og:url\" content=\"https:\/\/www.sonnenseite.com\/de\/politik\/unsere-generation-unser-job-aufruf-zur-gemeinsamen-generationenverantwortung\/\" \/>\n<meta property=\"og:site_name\" content=\"Sonnenseite\" \/>\n<meta property=\"article:publisher\" content=\"https:\/\/www.facebook.com\/pages\/Franz-Alt-SONNENSEITECOM\/221072987903953?fref=ts\" \/>\n<meta property=\"article:published_time\" content=\"2023-04-07T06:22:41+00:00\" \/>\n<meta property=\"article:modified_time\" content=\"2023-04-16T08:19:04+00:00\" \/>\n<meta property=\"og:image\" content=\"https:\/\/www.sonnenseite.com\/wp-content\/uploads\/2022\/12\/OlafScholz_Ale-Mi.jpg\" \/>\n\t<meta property=\"og:image:width\" content=\"770\" \/>\n\t<meta property=\"og:image:height\" content=\"420\" \/>\n\t<meta property=\"og:image:type\" content=\"image\/jpeg\" \/>\n<meta name=\"author\" content=\"Bigi Alt\" \/>\n<meta name=\"twitter:card\" content=\"summary_large_image\" \/>\n<meta name=\"twitter:creator\" content=\"@franzalt\" \/>\n<meta name=\"twitter:site\" content=\"@franzalt\" \/>\n<meta name=\"twitter:label1\" content=\"Verfasst von\" \/>\n\t<meta name=\"twitter:data1\" content=\"Bigi Alt\" \/>\n\t<meta name=\"twitter:label2\" content=\"Gesch\u00e4tzte Lesezeit\" \/>\n\t<meta name=\"twitter:data2\" content=\"4\u00a0Minuten\" \/>\n<script type=\"application\/ld+json\" class=\"yoast-schema-graph\">{\"@context\":\"https:\/\/schema.org\",\"@graph\":[{\"@type\":\"Article\",\"@id\":\"https:\/\/www.sonnenseite.com\/de\/politik\/unsere-generation-unser-job-aufruf-zur-gemeinsamen-generationenverantwortung\/#article\",\"isPartOf\":{\"@id\":\"https:\/\/www.sonnenseite.com\/de\/politik\/unsere-generation-unser-job-aufruf-zur-gemeinsamen-generationenverantwortung\/\"},\"author\":{\"name\":\"Bigi Alt\",\"@id\":\"https:\/\/www.sonnenseite.com\/de\/#\/schema\/person\/50fda0e926597684c7cc6695238a4eb9\"},\"headline\":\"Unsere Generation \u2013 unser Job: Aufruf zur gemeinsamen Generationenverantwortung!\",\"datePublished\":\"2023-04-07T06:22:41+00:00\",\"dateModified\":\"2023-04-16T08:19:04+00:00\",\"mainEntityOfPage\":{\"@id\":\"https:\/\/www.sonnenseite.com\/de\/politik\/unsere-generation-unser-job-aufruf-zur-gemeinsamen-generationenverantwortung\/\"},\"wordCount\":710,\"publisher\":{\"@id\":\"https:\/\/www.sonnenseite.com\/de\/#organization\"},\"image\":{\"@id\":\"https:\/\/www.sonnenseite.com\/de\/politik\/unsere-generation-unser-job-aufruf-zur-gemeinsamen-generationenverantwortung\/#primaryimage\"},\"thumbnailUrl\":\"https:\/\/www.sonnenseite.com\/wp-content\/uploads\/2022\/12\/OlafScholz_Ale-Mi.jpg\",\"articleSection\":[\"Politik\"],\"inLanguage\":\"de\"},{\"@type\":\"WebPage\",\"@id\":\"https:\/\/www.sonnenseite.com\/de\/politik\/unsere-generation-unser-job-aufruf-zur-gemeinsamen-generationenverantwortung\/\",\"url\":\"https:\/\/www.sonnenseite.com\/de\/politik\/unsere-generation-unser-job-aufruf-zur-gemeinsamen-generationenverantwortung\/\",\"name\":\"Unsere Generation \u2013 unser Job: Aufruf zur gemeinsamen Generationenverantwortung! - Sonnenseite - \u00d6kologische Kommunikation mit Franz Alt\",\"isPartOf\":{\"@id\":\"https:\/\/www.sonnenseite.com\/de\/#website\"},\"primaryImageOfPage\":{\"@id\":\"https:\/\/www.sonnenseite.com\/de\/politik\/unsere-generation-unser-job-aufruf-zur-gemeinsamen-generationenverantwortung\/#primaryimage\"},\"image\":{\"@id\":\"https:\/\/www.sonnenseite.com\/de\/politik\/unsere-generation-unser-job-aufruf-zur-gemeinsamen-generationenverantwortung\/#primaryimage\"},\"thumbnailUrl\":\"https:\/\/www.sonnenseite.com\/wp-content\/uploads\/2022\/12\/OlafScholz_Ale-Mi.jpg\",\"datePublished\":\"2023-04-07T06:22:41+00:00\",\"dateModified\":\"2023-04-16T08:19:04+00:00\",\"description\":\"Soeben wurde ein eindringlicher Brief an Bundeskanzler Scholz versendet. In wenigen Tagen hat er bereits 400 prominente Unterschriften bekommen. Hier der\",\"breadcrumb\":{\"@id\":\"https:\/\/www.sonnenseite.com\/de\/politik\/unsere-generation-unser-job-aufruf-zur-gemeinsamen-generationenverantwortung\/#breadcrumb\"},\"inLanguage\":\"de\",\"potentialAction\":[{\"@type\":\"ReadAction\",\"target\":[\"https:\/\/www.sonnenseite.com\/de\/politik\/unsere-generation-unser-job-aufruf-zur-gemeinsamen-generationenverantwortung\/\"]}]},{\"@type\":\"ImageObject\",\"inLanguage\":\"de\",\"@id\":\"https:\/\/www.sonnenseite.com\/de\/politik\/unsere-generation-unser-job-aufruf-zur-gemeinsamen-generationenverantwortung\/#primaryimage\",\"url\":\"https:\/\/www.sonnenseite.com\/wp-content\/uploads\/2022\/12\/OlafScholz_Ale-Mi.jpg\",\"contentUrl\":\"https:\/\/www.sonnenseite.com\/wp-content\/uploads\/2022\/12\/OlafScholz_Ale-Mi.jpg\",\"width\":770,\"height\":420,\"caption\":\"Depositphotos.com | Ale-Mi | Bundeskanzler Olaf Scholz\"},{\"@type\":\"BreadcrumbList\",\"@id\":\"https:\/\/www.sonnenseite.com\/de\/politik\/unsere-generation-unser-job-aufruf-zur-gemeinsamen-generationenverantwortung\/#breadcrumb\",\"itemListElement\":[{\"@type\":\"ListItem\",\"position\":1,\"name\":\"Startseite\",\"item\":\"https:\/\/www.sonnenseite.com\/de\/\"},{\"@type\":\"ListItem\",\"position\":2,\"name\":\"Unsere Generation \u2013 unser Job: Aufruf zur gemeinsamen Generationenverantwortung!\"}]},{\"@type\":\"WebSite\",\"@id\":\"https:\/\/www.sonnenseite.com\/de\/#website\",\"url\":\"https:\/\/www.sonnenseite.com\/de\/\",\"name\":\"Sonnenseite\",\"description\":\"\u00d6kologische Kommunikation mit Franz Alt\",\"publisher\":{\"@id\":\"https:\/\/www.sonnenseite.com\/de\/#organization\"},\"potentialAction\":[{\"@type\":\"SearchAction\",\"target\":{\"@type\":\"EntryPoint\",\"urlTemplate\":\"https:\/\/www.sonnenseite.com\/de\/?s={search_term_string}\"},\"query-input\":{\"@type\":\"PropertyValueSpecification\",\"valueRequired\":true,\"valueName\":\"search_term_string\"}}],\"inLanguage\":\"de\"},{\"@type\":\"Organization\",\"@id\":\"https:\/\/www.sonnenseite.com\/de\/#organization\",\"name\":\"Sonnenseite\",\"url\":\"https:\/\/www.sonnenseite.com\/de\/\",\"logo\":{\"@type\":\"ImageObject\",\"inLanguage\":\"de\",\"@id\":\"https:\/\/www.sonnenseite.com\/de\/#\/schema\/logo\/image\/\",\"url\":\"https:\/\/www.sonnenseite.com\/wp-content\/uploads\/2020\/05\/Sonnenseite_Logo.png\",\"contentUrl\":\"https:\/\/www.sonnenseite.com\/wp-content\/uploads\/2020\/05\/Sonnenseite_Logo.png\",\"width\":377,\"height\":90,\"caption\":\"Sonnenseite\"},\"image\":{\"@id\":\"https:\/\/www.sonnenseite.com\/de\/#\/schema\/logo\/image\/\"},\"sameAs\":[\"https:\/\/www.facebook.com\/pages\/Franz-Alt-SONNENSEITECOM\/221072987903953?fref=ts\",\"https:\/\/x.com\/franzalt\",\"http:\/\/www.youtube.com\/results?search_query&amp;amp;quot;franz_alt&amp;amp;quot;&amp;amp;amp;amp;search_type&amp;amp;amp;amp;aq=f\"]},{\"@type\":\"Person\",\"@id\":\"https:\/\/www.sonnenseite.com\/de\/#\/schema\/person\/50fda0e926597684c7cc6695238a4eb9\",\"name\":\"Bigi Alt\"}]}<\/script>\n<!-- \/ Yoast SEO plugin. -->","yoast_head_json":{"title":"Unsere Generation \u2013 unser Job: Aufruf zur gemeinsamen Generationenverantwortung! - Sonnenseite - \u00d6kologische Kommunikation mit Franz Alt","description":"Soeben wurde ein eindringlicher Brief an Bundeskanzler Scholz versendet. In wenigen Tagen hat er bereits 400 prominente Unterschriften bekommen. Hier der","robots":{"index":"index","follow":"follow","max-snippet":"max-snippet:-1","max-image-preview":"max-image-preview:large","max-video-preview":"max-video-preview:-1"},"canonical":"https:\/\/www.sonnenseite.com\/de\/politik\/unsere-generation-unser-job-aufruf-zur-gemeinsamen-generationenverantwortung\/","og_locale":"de_DE","og_type":"article","og_title":"Unsere Generation \u2013 unser Job: Aufruf zur gemeinsamen Generationenverantwortung! - Sonnenseite - \u00d6kologische Kommunikation mit Franz Alt","og_description":"Soeben wurde ein eindringlicher Brief an Bundeskanzler Scholz versendet. In wenigen Tagen hat er bereits 400 prominente Unterschriften bekommen. Hier der","og_url":"https:\/\/www.sonnenseite.com\/de\/politik\/unsere-generation-unser-job-aufruf-zur-gemeinsamen-generationenverantwortung\/","og_site_name":"Sonnenseite","article_publisher":"https:\/\/www.facebook.com\/pages\/Franz-Alt-SONNENSEITECOM\/221072987903953?fref=ts","article_published_time":"2023-04-07T06:22:41+00:00","article_modified_time":"2023-04-16T08:19:04+00:00","og_image":[{"width":770,"height":420,"url":"https:\/\/www.sonnenseite.com\/wp-content\/uploads\/2022\/12\/OlafScholz_Ale-Mi.jpg","type":"image\/jpeg"}],"author":"Bigi Alt","twitter_card":"summary_large_image","twitter_creator":"@franzalt","twitter_site":"@franzalt","twitter_misc":{"Verfasst von":"Bigi Alt","Gesch\u00e4tzte Lesezeit":"4\u00a0Minuten"},"schema":{"@context":"https:\/\/schema.org","@graph":[{"@type":"Article","@id":"https:\/\/www.sonnenseite.com\/de\/politik\/unsere-generation-unser-job-aufruf-zur-gemeinsamen-generationenverantwortung\/#article","isPartOf":{"@id":"https:\/\/www.sonnenseite.com\/de\/politik\/unsere-generation-unser-job-aufruf-zur-gemeinsamen-generationenverantwortung\/"},"author":{"name":"Bigi Alt","@id":"https:\/\/www.sonnenseite.com\/de\/#\/schema\/person\/50fda0e926597684c7cc6695238a4eb9"},"headline":"Unsere Generation \u2013 unser Job: Aufruf zur gemeinsamen Generationenverantwortung!","datePublished":"2023-04-07T06:22:41+00:00","dateModified":"2023-04-16T08:19:04+00:00","mainEntityOfPage":{"@id":"https:\/\/www.sonnenseite.com\/de\/politik\/unsere-generation-unser-job-aufruf-zur-gemeinsamen-generationenverantwortung\/"},"wordCount":710,"publisher":{"@id":"https:\/\/www.sonnenseite.com\/de\/#organization"},"image":{"@id":"https:\/\/www.sonnenseite.com\/de\/politik\/unsere-generation-unser-job-aufruf-zur-gemeinsamen-generationenverantwortung\/#primaryimage"},"thumbnailUrl":"https:\/\/www.sonnenseite.com\/wp-content\/uploads\/2022\/12\/OlafScholz_Ale-Mi.jpg","articleSection":["Politik"],"inLanguage":"de"},{"@type":"WebPage","@id":"https:\/\/www.sonnenseite.com\/de\/politik\/unsere-generation-unser-job-aufruf-zur-gemeinsamen-generationenverantwortung\/","url":"https:\/\/www.sonnenseite.com\/de\/politik\/unsere-generation-unser-job-aufruf-zur-gemeinsamen-generationenverantwortung\/","name":"Unsere Generation \u2013 unser Job: Aufruf zur gemeinsamen Generationenverantwortung! - Sonnenseite - \u00d6kologische Kommunikation mit Franz Alt","isPartOf":{"@id":"https:\/\/www.sonnenseite.com\/de\/#website"},"primaryImageOfPage":{"@id":"https:\/\/www.sonnenseite.com\/de\/politik\/unsere-generation-unser-job-aufruf-zur-gemeinsamen-generationenverantwortung\/#primaryimage"},"image":{"@id":"https:\/\/www.sonnenseite.com\/de\/politik\/unsere-generation-unser-job-aufruf-zur-gemeinsamen-generationenverantwortung\/#primaryimage"},"thumbnailUrl":"https:\/\/www.sonnenseite.com\/wp-content\/uploads\/2022\/12\/OlafScholz_Ale-Mi.jpg","datePublished":"2023-04-07T06:22:41+00:00","dateModified":"2023-04-16T08:19:04+00:00","description":"Soeben wurde ein eindringlicher Brief an Bundeskanzler Scholz versendet. In wenigen Tagen hat er bereits 400 prominente Unterschriften bekommen. Hier der","breadcrumb":{"@id":"https:\/\/www.sonnenseite.com\/de\/politik\/unsere-generation-unser-job-aufruf-zur-gemeinsamen-generationenverantwortung\/#breadcrumb"},"inLanguage":"de","potentialAction":[{"@type":"ReadAction","target":["https:\/\/www.sonnenseite.com\/de\/politik\/unsere-generation-unser-job-aufruf-zur-gemeinsamen-generationenverantwortung\/"]}]},{"@type":"ImageObject","inLanguage":"de","@id":"https:\/\/www.sonnenseite.com\/de\/politik\/unsere-generation-unser-job-aufruf-zur-gemeinsamen-generationenverantwortung\/#primaryimage","url":"https:\/\/www.sonnenseite.com\/wp-content\/uploads\/2022\/12\/OlafScholz_Ale-Mi.jpg","contentUrl":"https:\/\/www.sonnenseite.com\/wp-content\/uploads\/2022\/12\/OlafScholz_Ale-Mi.jpg","width":770,"height":420,"caption":"Depositphotos.com | Ale-Mi | Bundeskanzler Olaf Scholz"},{"@type":"BreadcrumbList","@id":"https:\/\/www.sonnenseite.com\/de\/politik\/unsere-generation-unser-job-aufruf-zur-gemeinsamen-generationenverantwortung\/#breadcrumb","itemListElement":[{"@type":"ListItem","position":1,"name":"Startseite","item":"https:\/\/www.sonnenseite.com\/de\/"},{"@type":"ListItem","position":2,"name":"Unsere Generation \u2013 unser Job: Aufruf zur gemeinsamen Generationenverantwortung!"}]},{"@type":"WebSite","@id":"https:\/\/www.sonnenseite.com\/de\/#website","url":"https:\/\/www.sonnenseite.com\/de\/","name":"Sonnenseite","description":"\u00d6kologische Kommunikation mit Franz Alt","publisher":{"@id":"https:\/\/www.sonnenseite.com\/de\/#organization"},"potentialAction":[{"@type":"SearchAction","target":{"@type":"EntryPoint","urlTemplate":"https:\/\/www.sonnenseite.com\/de\/?s={search_term_string}"},"query-input":{"@type":"PropertyValueSpecification","valueRequired":true,"valueName":"search_term_string"}}],"inLanguage":"de"},{"@type":"Organization","@id":"https:\/\/www.sonnenseite.com\/de\/#organization","name":"Sonnenseite","url":"https:\/\/www.sonnenseite.com\/de\/","logo":{"@type":"ImageObject","inLanguage":"de","@id":"https:\/\/www.sonnenseite.com\/de\/#\/schema\/logo\/image\/","url":"https:\/\/www.sonnenseite.com\/wp-content\/uploads\/2020\/05\/Sonnenseite_Logo.png","contentUrl":"https:\/\/www.sonnenseite.com\/wp-content\/uploads\/2020\/05\/Sonnenseite_Logo.png","width":377,"height":90,"caption":"Sonnenseite"},"image":{"@id":"https:\/\/www.sonnenseite.com\/de\/#\/schema\/logo\/image\/"},"sameAs":["https:\/\/www.facebook.com\/pages\/Franz-Alt-SONNENSEITECOM\/221072987903953?fref=ts","https:\/\/x.com\/franzalt","http:\/\/www.youtube.com\/results?search_query&amp;amp;quot;franz_alt&amp;amp;quot;&amp;amp;amp;amp;search_type&amp;amp;amp;amp;aq=f"]},{"@type":"Person","@id":"https:\/\/www.sonnenseite.com\/de\/#\/schema\/person\/50fda0e926597684c7cc6695238a4eb9","name":"Bigi Alt"}]}},"_links":{"self":[{"href":"https:\/\/www.sonnenseite.com\/de\/wp-json\/wp\/v2\/posts\/90387","targetHints":{"allow":["GET"]}}],"collection":[{"href":"https:\/\/www.sonnenseite.com\/de\/wp-json\/wp\/v2\/posts"}],"about":[{"href":"https:\/\/www.sonnenseite.com\/de\/wp-json\/wp\/v2\/types\/post"}],"author":[{"embeddable":true,"href":"https:\/\/www.sonnenseite.com\/de\/wp-json\/wp\/v2\/users\/3"}],"replies":[{"embeddable":true,"href":"https:\/\/www.sonnenseite.com\/de\/wp-json\/wp\/v2\/comments?post=90387"}],"version-history":[{"count":4,"href":"https:\/\/www.sonnenseite.com\/de\/wp-json\/wp\/v2\/posts\/90387\/revisions"}],"predecessor-version":[{"id":90393,"href":"https:\/\/www.sonnenseite.com\/de\/wp-json\/wp\/v2\/posts\/90387\/revisions\/90393"}],"wp:featuredmedia":[{"embeddable":true,"href":"https:\/\/www.sonnenseite.com\/de\/wp-json\/wp\/v2\/media\/87313"}],"wp:attachment":[{"href":"https:\/\/www.sonnenseite.com\/de\/wp-json\/wp\/v2\/media?parent=90387"}],"wp:term":[{"taxonomy":"category","embeddable":true,"href":"https:\/\/www.sonnenseite.com\/de\/wp-json\/wp\/v2\/categories?post=90387"},{"taxonomy":"post_tag","embeddable":true,"href":"https:\/\/www.sonnenseite.com\/de\/wp-json\/wp\/v2\/tags?post=90387"}],"curies":[{"name":"wp","href":"https:\/\/api.w.org\/{rel}","templated":true}]}}