{"id":90513,"date":"2023-04-14T12:30:07","date_gmt":"2023-04-14T10:30:07","guid":{"rendered":"https:\/\/www.sonnenseite.com\/?p=90513"},"modified":"2023-05-01T11:45:56","modified_gmt":"2023-05-01T09:45:56","slug":"atomausstieg-in-deutschland-ende-des-atomzeitalters","status":"publish","type":"post","link":"https:\/\/www.sonnenseite.com\/de\/politik\/atomausstieg-in-deutschland-ende-des-atomzeitalters\/","title":{"rendered":"Atomausstieg in Deutschland: Ende des Atomzeitalters"},"content":{"rendered":"\n<p>\u00dcber Jahrzehnte setzte die Politik in Deutschland auf Kernkraft, man erhoffte sich das nukleare Paradies. Dann kam die Ern\u00fcchterung. Der Ausstieg war ein langer Kampf, geblieben ist strahlender M\u00fcll f\u00fcr eine Million Jahre.<\/p>\n\n\n\n<p>Das &#8222;Atomzeitalter&#8220; in Deutschland geht zu Ende. \u00dcbermorgen, am 15. April, werden die letzten drei von ehemals 30 Strom produzierenden Leistungsreaktoren abgeschaltet.<\/p>\n\n\n\n<p>1952 k\u00fcndigte der damalige Bundeskanzler Konrad Adenauer (CDU) erstmals an, hierzulande ein Atomkraftwerk bauen zu wollen. Seither sind mehr als 70 Jahre vergangen.<\/p>\n\n\n\n<p>Dazwischen eine politische Achterbahnfahrt: gigantische Ausbau-Pl\u00e4ne, die Schlachten um Brokdorf, <a href=\"https:\/\/www.klimareporter.de\/protest\/warten-auf-den-wackersdorf-moment\" target=\"_blank\" rel=\"noreferrer noopener\">Wackersdorf<\/a> und Gorleben, der Tschernobyl-Schock, der rot-gr\u00fcne Ausstiegskonsens, die Laufzeitverl\u00e4ngerung unter Schwarz-Gelb und dann der endg\u00fcltige Ausstiegsbeschluss nach dem Super-GAU von Fukushima.<\/p>\n\n\n\n<p>Es ist ein denkw\u00fcrdiger Moment. Die <a href=\"https:\/\/de.wikipedia.org\/wiki\/Anti-Atomkraft-Bewegung_in_Deutschland\" target=\"_blank\" rel=\"noreferrer noopener\">Anti-AKW-Bewegung<\/a>, einst eine kleine Minderheit in der Bev\u00f6lkerung, hat sich durchgesetzt.<\/p>\n\n\n\n<p>Die Euphorie war gro\u00df, als deutsche Politiker den Einstieg in die Atomkraft planten. Adenauer installierte 1955 in seinem Kabinett ein Atomministerium, <a href=\"https:\/\/atomkraftwerkeplag.fandom.com\/de\/wiki\/Die_Atomeuphorie_der_1950er_und_1960er_Jahre#Adenauer_und_Strau%C3%9F_m%C3%B6chten_den_R%C3%BCckstand_aufholen\" target=\"_blank\" rel=\"noreferrer noopener\">um den R\u00fcckstand<\/a> bei der Entwicklung der Kernspaltung &#8222;f\u00fcr friedliche Zwecke&#8220; gegen\u00fcber L\u00e4ndern wie den USA oder Gro\u00dfbritannien aufzuholen. Sein erster Atomminister <a href=\"https:\/\/de.wikipedia.org\/wiki\/Franz_Josef_Strau%C3%9F\" target=\"_blank\" rel=\"noreferrer noopener\">Franz-Josef-Strau\u00df<\/a> (CSU) zeigte sich \u00fcberzeugt, dass die Atomenergie-Nutzung &#8222;denselben Einschnitt in der Menschheitsgeschichte bedeutet wie die Erfindung des Feuers f\u00fcr die primitiven Menschen&#8220;.<\/p>\n\n\n\n<p>Und die SPD-Opposition stimmte ein. So hie\u00df es 1959 im <a href=\"https:\/\/de.wikipedia.org\/wiki\/Godesberger_Programm#Inhalt\" target=\"_blank\" rel=\"noreferrer noopener\">Godesberger Programm<\/a> der Partei: Es sei &#8222;die Hoffnung unserer Zeit, dass der Mensch im atomaren Zeitalter sein Leben erleichtern, von Sorgen befreien und Wohlstand f\u00fcr alle schaffen kann&#8220;.<\/p>\n\n\n\n<p>Der deutsche Philosoph <a href=\"https:\/\/de.wikipedia.org\/wiki\/Ernst_Bloch\" target=\"_blank\" rel=\"noreferrer noopener\">Ernst Bloch<\/a> ertr\u00e4umte gar ein nukleares Paradies: Die Atomkraft mache &#8222;aus W\u00fcste Fruchtland, aus Eis Fr\u00fchling&#8220;, schrieb er.<\/p>\n\n\n\n<p>Das Image der Atomkraft st\u00fcrzte sp\u00e4ter ab, vor allem seit dem <a href=\"https:\/\/de.wikipedia.org\/wiki\/Kernkraftwerk_Wyhl#Proteste,_Gerichtsverfahren,_Projektaufgabe\" target=\"_blank\" rel=\"noreferrer noopener\">ersten Gro\u00dfprotest<\/a> am geplanten Standort Wyhl in Baden 1975 \u2013 Motto: &#8222;Lieber heute aktiv als morgen radioaktiv.&#8220; Doch als in den 1960er Jahren die ersten AKW-Kuppeln in deutschen Regionen aufgetaucht waren, st\u00f6rte das nur wenige. Der zivilen Kernspaltung schien die Zukunft zu geh\u00f6ren.<\/p>\n\n\n\n<h5 class=\"wp-block-heading\">Plan f\u00fcr 50 Atomreaktoren<\/h5>\n\n\n\n<p>Den ersten Atomstrom produzierte 1962 der kleine Versuchsreaktor in Kahl am Main mit 15 Megawatt Leistung, im nordwestlichsten Zipfel Bayerns nahe der hessischen Grenze gelegen. Doch schon bald wurden die Anlagen gr\u00f6\u00dfer.<\/p>\n\n\n\n<p>Das AKW Gundremmingen&nbsp;A in Bayerisch-Schwaben (1967) brachte es schon auf 250 Megawatt, W\u00fcrgassen in Ostwestfalen (1975) dann auf 670 Megawatt und die beiden Bl\u00f6cke im s\u00fcdhessischen Biblis (1975\/\u200b1977) auf 1.225 respektive 1.300 Megawatt.<\/p>\n\n\n\n<p>Derart gro\u00dfe Kraftwerke hatte es in Deutschland vorher nicht gegeben. Das Hochspannungs-Stromnetz wurde zunehmend auf die Atomkraft ausgerichtet. Und der Einbau von <a href=\"https:\/\/de.wikipedia.org\/wiki\/Nachtspeicherheizung#Geschichte\" target=\"_blank\" rel=\"noreferrer noopener\">Nachtspeicher\u00f6fen<\/a> in Wohnungen und H\u00e4usern wurde forciert, um den rund um die Uhr produzierten AKW-Strom auch Zeiten mit niedrigem Bedarf abzunehmen.<\/p>\n\n\n\n<p>Die DDR-F\u00fchrung setzte ebenfalls aufs Atom. Sie stieg 1966 mit einem kleinen Reaktor im brandenburgischen Rheinsberg (70 Megawatt) ein, ab 1974 folgen insgesamt f\u00fcnf AKW-Bl\u00f6cke mit je 440 Megawatt <a href=\"https:\/\/de.wikipedia.org\/wiki\/Kernkraftwerk_Greifswald\" target=\"_blank\" rel=\"noreferrer noopener\">nahe Greifswald<\/a> an der Ostsee. Alle aus sowjetischer Produktion.<\/p>\n\n\n\n<p>Die Bundesregierung f\u00f6rderte den AKW-Ausbau mit mehreren Atomprogrammen. Erstaunlich aus sp\u00e4terer Perspektive: Sie musste die neue Energieform den Stromkonzernen zu Beginn f\u00f6rmlich aufzwingen, wie der Technikhistoriker <a href=\"https:\/\/de.wikipedia.org\/wiki\/Joachim_Radkau\" target=\"_blank\" rel=\"noreferrer noopener\">Joachim Radkau<\/a> in seinem Buch &#8222;Aufstieg und Krise der Atomwirtschaft&#8220; <a href=\"https:\/\/www.deutschlandfunkkultur.de\/joachim-radkau-geschichte-der-zukunft-als-ernst-bloch-noch-100.html\" target=\"_blank\" rel=\"noreferrer noopener\">dargestellt hat<\/a>. Diese meinten, mit ihren fossilen Kraftwerken bereits gut aufgestellt zu sein und Atomkraft nicht zu ben\u00f6tigen.<\/p>\n\n\n\n<p>Unter anderem RWE sperrte sich. Doch sp\u00e4testens 1973, inmitten der ersten \u00d6lkrise, als f\u00fcnf AKW am Netz waren, erschien der forcierte Nuklear-Ausbau als das richtige Rezept. &#8222;Weg vom \u00d6l&#8220;, lautete das Ziel. Die sozial-liberale Koalition unter Willy Brandt beschloss im vierten <a href=\"https:\/\/www.weltderphysik.de\/gebiet\/technik\/energie\/ueberblick\/geschichte\/atomprogramme1957-1976\/\" target=\"_blank\" rel=\"noreferrer noopener\">Atomprogramm<\/a>, bundesweit 40 bis 50 Reaktoren bauen zu lassen.<\/p>\n\n\n\n<p>Wobei Fachleute noch viel radikalere Vorstellungen hegten: Das Kernforschungszentrum J\u00fclich benannte 1975 in einer Studie Standorte f\u00fcr bis zu 598 AKW, davon 184 f\u00fcr Plutonium-Br\u00fcter.<\/p>\n\n\n\n<h5 class=\"wp-block-heading\">Die Stimmung kippt<\/h5>\n\n\n\n<p>Doch auch der offizielle Plan wurde nie komplett umgesetzt. In Westdeutschland entstanden nur 25 Leistungsreaktoren, der letzte davon, Isar&nbsp;2 in Bayern, ging 1988 ans Netz. Danach gab es keine AKW-Bestellungen mehr. Die Stimmung war gekippt, nicht nur durch die nach dem <a href=\"https:\/\/de.wikipedia.org\/wiki\/Reaktorunfall_im_Kernkraftwerk_Three_Mile_Island\" target=\"_blank\" rel=\"noreferrer noopener\">Beinahe-Super-GAU<\/a> im US-Reaktor Harrisburg 1979 weiter zunehmenden Proteste (&#8222;Harrisburg ist \u00fcberall&#8220;).<\/p>\n\n\n\n<p>Hauptfaktor war die <a href=\"https:\/\/de.wikipedia.org\/wiki\/Nuklearkatastrophe_von_Tschernobyl\" target=\"_blank\" rel=\"noreferrer noopener\">Atomkatastrophe von Tschernobyl<\/a> in der Ukraine 1986, die ganz Europa mit Radioaktivit\u00e4t \u00fcberzog. Der Schock in Deutschland war gro\u00df. Becquerel-Zahlen erg\u00e4nzten den Wetterbericht, der Fallout belastete Lebensmittel, Bauern mussten tonnenweise Obst, Milch und Gem\u00fcse vernichten, und die Beh\u00f6rden sperrten Spielpl\u00e4tze.<\/p>\n\n\n\n<p>Die Bundesregierung von Union und FDP unter Helmut Kohl (CDU) richtete ein eigenes Bundesumweltministerium ein, das, so der Titel, auch f\u00fcr &#8222;Reaktorsicherheit&#8220; zust\u00e4ndig wurde. Politisch am wichtigsten: Die SPD revidierte ihre Position zur Atomkraft, sie beschloss, den Atomausstieg anzustreben.<\/p>\n\n\n\n<p>Es dauerte allerdings noch 16 Jahre, bis die rot-gr\u00fcne Koalition im Bundestag den <a href=\"https:\/\/de.wikipedia.org\/wiki\/Atomausstieg#2023:_Deutschland\" target=\"_blank\" rel=\"noreferrer noopener\">Atomausstieg<\/a> beschlie\u00dfen konnte \u2013 nach harten Verhandlungen mit den Stromkonzernen. Der Plan war: Die 19 aktiven AKW im Westen der Republik sollten schrittweise bis etwa 2022\/\u200b2023 abgeschaltet werden.<\/p>\n\n\n\n<p>Gleichzeitig forcierte Rot-Gr\u00fcn erfolgreich die Einf\u00fchrung der erneuerbaren Energien, unterst\u00fctzte aber auch den Neubau von Kohlekraftwerken, letzteres eine Hypothek f\u00fcr den Klimaschutz. Die Reaktoren im Osten waren schon 1990 gleich nach der Wende stillgelegt worden, wegen Sicherheitsm\u00e4ngeln der sowjetischen Bautypen.<\/p>\n\n\n\n<p>Kanzler <a href=\"https:\/\/archive.ph\/EzGc3#\/http:\/\/www.movum.info\/themen\/ressourcen-und-macht\/390-deutschland-muss-seine-chancen-nutzen\" target=\"_blank\" rel=\"noreferrer noopener\">Gerhard Schr\u00f6der<\/a> (SPD) sah den Atomkonsens als Meilenstein seiner Kanzlerschaft. Er befand: &#8222;Die Atomkraft ist eine gef\u00e4hrliche, auf lange Sicht teure und umweltsch\u00e4dliche Energieerzeugung, aus der wir schleunigst aussteigen m\u00fcssen.&#8220;<\/p>\n\n\n\n<h5 class=\"wp-block-heading\">Ausstieg aus dem Ausstieg aus dem Ausstieg<\/h5>\n\n\n\n<p>Doch der Konsens hielt nicht. Planm\u00e4\u00dfig gingen nur zwei AKW vom Netz, Stade 2003 und Obrigheim 2005. Im Jahr 2010 revidierte die schwarz-gelbe Bundesregierung von Angela Merkel (CDU) den Atomausstieg. Sie gab dem Druck der Energiekonzerne nach <a href=\"https:\/\/taz.de\/Bundestag-beschliesst-laengere-Laufzeiten\/!5133231\/\" target=\"_blank\" rel=\"noreferrer noopener\">und beschloss<\/a> eine erneute Laufzeitverl\u00e4ngerung f\u00fcr die vorhandenen AKW.<\/p>\n\n\n\n<p>Gleichzeitig drosselte sie den Ausbau der \u00d6ko-Energien stark, der gerade Fahrt aufgenommen hatte \u2013 der wohl folgenschwerste <a href=\"https:\/\/www.klimareporter.de\/deutschland\/die-hypothek-der-klima-kanzlerin\" target=\"_blank\" rel=\"noreferrer noopener\">Fehler der \u00c4ra Merkel<\/a> in der Energiepolitik. Der l\u00e4ngere AKW-Betrieb wurde damit gerechtfertigt, es handle sich um eine CO<sub>2<\/sub>-freie &#8222;Br\u00fcckentechnologie&#8220;.<\/p>\n\n\n\n<p>Ein Jahr sp\u00e4ter war auch das wieder Makulatur. Im japanischen Fukushima explodierte nach einem Tsunami 2011 ein Atomkraftwerk, der erste Super-GAU in Reaktoren westlicher Bauart. <a href=\"https:\/\/web.archive.org\/web\/20190803125258\/http:\/\/www.klimaretter.info\/politik\/hintergrund\/8157-merkel-setzt-laufzeitverlaengerung-aus\" target=\"_blank\" rel=\"noreferrer noopener\">Merkel erkannte<\/a> sofort: &#8222;Das war&#8217;s.&#8220; So das kolportierte Zitat aus einer internen Runde.<\/p>\n\n\n\n<p>Sieben AKW \u00e4lterer Baulinien wurden kurzfristig vom Netz genommen, und der Bundestag <a href=\"https:\/\/web.archive.org\/web\/20210723122030\/http:\/\/www.klimaretter.info\/serie\/die-gesetze-zur-energiewende\/8931-atomausstieg-ist-beschlossene-sache\" target=\"_blank\" rel=\"noreferrer noopener\">beschloss<\/a> im selben Jahr einen erneuten Atomausstieg, diesmal partei\u00fcbergreifend. Es war praktisch eine R\u00fcckkehr zum rot-gr\u00fcnen Abschaltplan: Die noch am Netz verbliebenen AKW sollten nach und nach bis Ende 2022 stillgelegt werden.<\/p>\n\n\n\n<p>Die nachfolgenden Regierungen r\u00fcttelten nicht erneut an diesem Fahrplan, abgesehen vom &#8222;Streckbetrieb&#8220; der letzten drei AKW f\u00fcr zus\u00e4tzliche dreieinhalb Monate. <a href=\"https:\/\/www.klimareporter.de\/strom\/das-ist-der-atomausstieg\" target=\"_blank\" rel=\"noreferrer noopener\">Den&nbsp;beschloss<\/a> die Ampel-Koalition im vorigen Herbst gegen den anf\u00e4nglichen Widerstand der Gr\u00fcnen, um gegen m\u00f6gliche Stromknappheit wegen des Ukraine-Energiekriegs gewappnet zu sein.<\/p>\n\n\n\n<p>Inzwischen l\u00e4uft an mehreren Standorten der Abriss der stillgelegten AKW samt ihrer K\u00fchlt\u00fcrme. Insgesamt d\u00fcrfte es bis zum R\u00fcckbau des letzten Reaktors bis zur &#8222;gr\u00fcnen Wiese&#8220; noch bis etwa 2040 dauern. Erprobt worden war die Prozedur im gro\u00dfen Stil erstmals beim AKW W\u00fcrgassen an der oberen Weser, das 1997 wegen Haarrissen im Kernmantel am Reaktorkern abgeschaltet wurde. Der R\u00fcckbau dort dauerte volle 17 Jahre.<\/p>\n\n\n<div class=\"wp-block-image\">\n<figure class=\"aligncenter size-full is-resized\"><img loading=\"lazy\" decoding=\"async\" src=\"https:\/\/www.sonnenseite.com\/wp-content\/uploads\/2015\/04\/atomendlager_Photo-K.jpg\" alt=\"Fotolia.com | Photo-K\" class=\"wp-image-45672\" width=\"578\" height=\"315\" srcset=\"https:\/\/www.sonnenseite.com\/wp-content\/uploads\/2015\/04\/atomendlager_Photo-K.jpg 770w, https:\/\/www.sonnenseite.com\/wp-content\/uploads\/2015\/04\/atomendlager_Photo-K-300x164.jpg 300w, https:\/\/www.sonnenseite.com\/wp-content\/uploads\/2015\/04\/atomendlager_Photo-K-768x419.jpg 768w\" sizes=\"auto, (max-width: 578px) 100vw, 578px\" \/><figcaption class=\"wp-element-caption\">Fotolia.com | Photo-K<\/figcaption><\/figure>\n<\/div>\n\n\n<h5 class=\"wp-block-heading\">Der Atomm\u00fcll bleibt<\/h5>\n\n\n\n<p>Ansonsten versuchte die Politik nach Jahrzehnten heftiger K\u00e4mpfe, die von Anfang an <a href=\"https:\/\/www.klimareporter.de\/strom\/fehlanzeige-weltweit-atom-endlager\" target=\"_blank\" rel=\"noreferrer noopener\">verkorkste Atomm\u00fcll-Politik<\/a> auf ein neues Fundament zu stellen. Ein besonders schwieriges Kapitel nach gravierenden Fehlentscheidungen, Stichworte &#8222;Asse&#8220; und &#8222;Gorleben&#8220;.<\/p>\n\n\n\n<p>Es entstanden milliardenschwere Altlasten: In den 1960er und 1970er Jahren kippten die Verantwortlichen Atom-F\u00e4sser in das l\u00f6chrige, von Wassereinbr\u00fcchen <a href=\"https:\/\/www.klimareporter.de\/protest\/auf-der-strasse-fuer-und-gegen-atomkraft\" target=\"_blank\" rel=\"noreferrer noopener\">gef\u00e4hrdete Alt-Bergwerk Asse&nbsp;II<\/a> bei Wolfenb\u00fcttel. Die Sanierungskosten werden heute auf bis zu f\u00fcnf Milliarden Euro gesch\u00e4tzt.<\/p>\n\n\n\n<p>Noch fahrl\u00e4ssiger war die Auswahl <a href=\"https:\/\/web.archive.org\/web\/20121030164633\/http:\/\/www.klimaretter.info\/politik\/hintergrund\/12076-merkel-gorleben-und-der-sachzwang\" target=\"_blank\" rel=\"noreferrer noopener\">des Gorlebener Salzstocks<\/a> im Wendland und dessen Erkundung als m\u00f6gliches Endlager f\u00fcr den hochradioaktiven Abfall, worin zwei Milliarden versenkt wurden. Nicht fachliche Gr\u00fcnde hatten daf\u00fcr 1977 den Ausschlag gegeben, sondern die Lage in einer d\u00fcnn besiedelten, wie man f\u00e4lschlich dachte, verschlafenen Region an der damaligen Zonengrenze.<\/p>\n\n\n\n<p>Die Berichterstattung der <em>Frankfurter Rundschau<\/em> \u00fcber die Dokumente, die das belegen, f\u00fchrte 2010 zur Einrichtung eines Untersuchungsausschusses im Bundestag. 2013 beschloss das Parlament dann einen kompletten Neustart der Endlagersuche, Gorleben <a href=\"https:\/\/www.klimareporter.de\/strom\/gorleben-kann-leben\" target=\"_blank\" rel=\"noreferrer noopener\">schied dabei 2020 aus<\/a>. Das Urteil der zust\u00e4ndigen Bundesgesellschaft f\u00fcr Endlagerung (BGE) lautete: aus geologischen Gr\u00fcnden&nbsp;ungeeignet.<\/p>\n\n\n\n<p>Das ungel\u00f6ste Endlager-Problem zeigt: So ganz ist das Atomzeitalter in Deutschland doch noch nicht zu Ende. Die BGE sch\u00e4tzt, dass die Suche nach dem geeigneten Standort, an dem der M\u00fcll eine Million Jahre sicher untergebracht werden soll, mindestens bis 2046 dauern wird, eventuell sogar bis 2068.<\/p>\n\n\n\n<p>Bis dann das Tiefbergwerk gebaut ist und alle Castor-Beh\u00e4lter dort untergebracht sind, die jetzt noch in Zwischenlagern an den AKW-Standorten stehen, d\u00fcrfte es 2100 werden.<\/p>\n\n\n<h5 class=\"green\">Quelle<\/h5>\r\n\n\n\n<p>Der Bericht wurde von der\u00a0<a href=\"https:\/\/www.klimareporter.de\/strom\/ende-des-atomzeitalters\">Redaktion \u201eklimareporter.de\u201c (Joachim Wille) 2023<\/a>\u00a0verfasst &#8211; der Artikel darf nicht ohne Genehmigung\u00a0(<a href=\"mailto:post@klimareporter.de\">post@klimareporter.de<\/a>) weiterverbreitet werden!\u00a0<\/p>\n<div class=\"shariff shariff-align-flex-start shariff-widget-align-flex-start\"><div class=\"ShariffHeadline\">Diese Meldung teilen<\/div><ul class=\"shariff-buttons theme-round orientation-horizontal buttonsize-medium\"><li class=\"shariff-button facebook shariff-nocustomcolor\" style=\"background-color:#4273c8;border-radius:1%\"><a href=\"https:\/\/www.facebook.com\/sharer\/sharer.php?u=https%3A%2F%2Fwww.sonnenseite.com%2Fde%2Fpolitik%2Fatomausstieg-in-deutschland-ende-des-atomzeitalters%2F\" title=\"Bei Facebook teilen\" aria-label=\"Bei Facebook teilen\" role=\"button\" rel=\"nofollow\" class=\"shariff-link\" style=\";border-radius:1%; background-color:#3b5998; color:#fff\" target=\"_blank\"><span class=\"shariff-icon\" style=\"\"><svg width=\"32px\" height=\"20px\" xmlns=\"http:\/\/www.w3.org\/2000\/svg\" viewBox=\"0 0 18 32\"><path fill=\"#3b5998\" d=\"M17.1 0.2v4.7h-2.8q-1.5 0-2.1 0.6t-0.5 1.9v3.4h5.2l-0.7 5.3h-4.5v13.6h-5.5v-13.6h-4.5v-5.3h4.5v-3.9q0-3.3 1.9-5.2t5-1.8q2.6 0 4.1 0.2z\"\/><\/svg><\/span><\/a><\/li><li class=\"shariff-button twitter shariff-nocustomcolor\" style=\"background-color:#595959;border-radius:1%\"><a href=\"https:\/\/twitter.com\/share?url=https%3A%2F%2Fwww.sonnenseite.com%2Fde%2Fpolitik%2Fatomausstieg-in-deutschland-ende-des-atomzeitalters%2F&text=Atomausstieg%20in%20Deutschland%3A%20Ende%20des%20Atomzeitalters\" title=\"Bei X teilen\" aria-label=\"Bei X teilen\" role=\"button\" rel=\"noopener nofollow\" class=\"shariff-link\" style=\";border-radius:1%; background-color:#000; color:#fff\" target=\"_blank\"><span class=\"shariff-icon\" style=\"\"><svg width=\"32px\" height=\"20px\" xmlns=\"http:\/\/www.w3.org\/2000\/svg\" viewBox=\"0 0 24 24\"><path fill=\"#000\" d=\"M14.258 10.152L23.176 0h-2.113l-7.747 8.813L7.133 0H0l9.352 13.328L0 23.973h2.113l8.176-9.309 6.531 9.309h7.133zm-2.895 3.293l-.949-1.328L2.875 1.56h3.246l6.086 8.523.945 1.328 7.91 11.078h-3.246zm0 0\"\/><\/svg><\/span><\/a><\/li><li class=\"shariff-button xing shariff-nocustomcolor\" style=\"background-color:#29888a;border-radius:1%\"><a href=\"https:\/\/www.xing.com\/spi\/shares\/new?url=https%3A%2F%2Fwww.sonnenseite.com%2Fde%2Fpolitik%2Fatomausstieg-in-deutschland-ende-des-atomzeitalters%2F\" title=\"Bei XING teilen\" aria-label=\"Bei XING teilen\" role=\"button\" rel=\"noopener nofollow\" class=\"shariff-link\" style=\";border-radius:1%; background-color:#126567; color:#fff\" target=\"_blank\"><span class=\"shariff-icon\" style=\"\"><svg width=\"32px\" height=\"20px\" xmlns=\"http:\/\/www.w3.org\/2000\/svg\" viewBox=\"0 0 25 32\"><path fill=\"#126567\" d=\"M10.7 11.9q-0.2 0.3-4.6 8.2-0.5 0.8-1.2 0.8h-4.3q-0.4 0-0.5-0.3t0-0.6l4.5-8q0 0 0 0l-2.9-5q-0.2-0.4 0-0.7 0.2-0.3 0.5-0.3h4.3q0.7 0 1.2 0.8zM25.1 0.4q0.2 0.3 0 0.7l-9.4 16.7 6 11q0.2 0.4 0 0.6-0.2 0.3-0.6 0.3h-4.3q-0.7 0-1.2-0.8l-6-11.1q0.3-0.6 9.5-16.8 0.4-0.8 1.2-0.8h4.3q0.4 0 0.5 0.3z\"\/><\/svg><\/span><\/a><\/li><li class=\"shariff-button linkedin shariff-nocustomcolor\" style=\"background-color:#1488bf;border-radius:1%\"><a href=\"https:\/\/www.linkedin.com\/sharing\/share-offsite\/?url=https%3A%2F%2Fwww.sonnenseite.com%2Fde%2Fpolitik%2Fatomausstieg-in-deutschland-ende-des-atomzeitalters%2F\" title=\"Bei LinkedIn teilen\" aria-label=\"Bei LinkedIn teilen\" role=\"button\" rel=\"noopener nofollow\" class=\"shariff-link\" style=\";border-radius:1%; background-color:#0077b5; color:#fff\" target=\"_blank\"><span class=\"shariff-icon\" style=\"\"><svg width=\"32px\" height=\"20px\" xmlns=\"http:\/\/www.w3.org\/2000\/svg\" viewBox=\"0 0 27 32\"><path fill=\"#0077b5\" d=\"M6.2 11.2v17.7h-5.9v-17.7h5.9zM6.6 5.7q0 1.3-0.9 2.2t-2.4 0.9h0q-1.5 0-2.4-0.9t-0.9-2.2 0.9-2.2 2.4-0.9 2.4 0.9 0.9 2.2zM27.4 18.7v10.1h-5.9v-9.5q0-1.9-0.7-2.9t-2.3-1.1q-1.1 0-1.9 0.6t-1.2 1.5q-0.2 0.5-0.2 1.4v9.9h-5.9q0-7.1 0-11.6t0-5.3l0-0.9h5.9v2.6h0q0.4-0.6 0.7-1t1-0.9 1.6-0.8 2-0.3q3 0 4.9 2t1.9 6z\"\/><\/svg><\/span><\/a><\/li><li class=\"shariff-button printer shariff-nocustomcolor\" style=\"background-color:#a8a8a8;border-radius:1%\"><a href=\"javascript:window.print()\" title=\"drucken\" aria-label=\"drucken\" role=\"button\" rel=\"noopener nofollow\" class=\"shariff-link\" style=\";border-radius:1%; background-color:#999; color:#fff\"><span class=\"shariff-icon\" style=\"\"><svg width=\"32px\" height=\"20px\" xmlns=\"http:\/\/www.w3.org\/2000\/svg\" viewBox=\"0 0 30 32\"><path fill=\"#999\" d=\"M6.8 27.4h16v-4.6h-16v4.6zM6.8 16h16v-6.8h-2.8q-0.7 0-1.2-0.5t-0.5-1.2v-2.8h-11.4v11.4zM27.4 17.2q0-0.5-0.3-0.8t-0.8-0.4-0.8 0.4-0.3 0.8 0.3 0.8 0.8 0.3 0.8-0.3 0.3-0.8zM29.7 17.2v7.4q0 0.2-0.2 0.4t-0.4 0.2h-4v2.8q0 0.7-0.5 1.2t-1.2 0.5h-17.2q-0.7 0-1.2-0.5t-0.5-1.2v-2.8h-4q-0.2 0-0.4-0.2t-0.2-0.4v-7.4q0-1.4 1-2.4t2.4-1h1.2v-9.7q0-0.7 0.5-1.2t1.2-0.5h12q0.7 0 1.6 0.4t1.3 0.8l2.7 2.7q0.5 0.5 0.9 1.4t0.4 1.6v4.6h1.1q1.4 0 2.4 1t1 2.4z\"\/><\/svg><\/span><\/a><\/li><li class=\"shariff-button mailto shariff-nocustomcolor\" style=\"background-color:#a8a8a8;border-radius:1%\"><a href=\"mailto:?body=https%3A%2F%2Fwww.sonnenseite.com%2Fde%2Fpolitik%2Fatomausstieg-in-deutschland-ende-des-atomzeitalters%2F&subject=Atomausstieg%20in%20Deutschland%3A%20Ende%20des%20Atomzeitalters\" title=\"Per E-Mail versenden\" aria-label=\"Per E-Mail versenden\" role=\"button\" rel=\"noopener nofollow\" class=\"shariff-link\" style=\";border-radius:1%; background-color:#999; color:#fff\"><span class=\"shariff-icon\" style=\"\"><svg width=\"32px\" height=\"20px\" xmlns=\"http:\/\/www.w3.org\/2000\/svg\" viewBox=\"0 0 32 32\"><path fill=\"#999\" d=\"M32 12.7v14.2q0 1.2-0.8 2t-2 0.9h-26.3q-1.2 0-2-0.9t-0.8-2v-14.2q0.8 0.9 1.8 1.6 6.5 4.4 8.9 6.1 1 0.8 1.6 1.2t1.7 0.9 2 0.4h0.1q0.9 0 2-0.4t1.7-0.9 1.6-1.2q3-2.2 8.9-6.1 1-0.7 1.8-1.6zM32 7.4q0 1.4-0.9 2.7t-2.2 2.2q-6.7 4.7-8.4 5.8-0.2 0.1-0.7 0.5t-1 0.7-0.9 0.6-1.1 0.5-0.9 0.2h-0.1q-0.4 0-0.9-0.2t-1.1-0.5-0.9-0.6-1-0.7-0.7-0.5q-1.6-1.1-4.7-3.2t-3.6-2.6q-1.1-0.7-2.1-2t-1-2.5q0-1.4 0.7-2.3t2.1-0.9h26.3q1.2 0 2 0.8t0.9 2z\"\/><\/svg><\/span><\/a><\/li><\/ul><\/div>","protected":false},"excerpt":{"rendered":"<p>\u00dcber Jahrzehnte setzte die Politik in Deutschland auf Kernkraft, man erhoffte sich das nukleare Paradies. Dann [&hellip;]<\/p>\n","protected":false},"author":3,"featured_media":24021,"comment_status":"closed","ping_status":"closed","sticky":false,"template":"","format":"standard","meta":{"inline_featured_image":false,"footnotes":""},"categories":[21],"tags":[],"class_list":["post-90513","post","type-post","status-publish","format-standard","has-post-thumbnail","hentry","category-politik"],"yoast_head":"<!-- This site is optimized with the Yoast SEO plugin v26.5 - https:\/\/yoast.com\/wordpress\/plugins\/seo\/ -->\n<title>Atomausstieg in Deutschland: Ende des Atomzeitalters - Sonnenseite - \u00d6kologische Kommunikation mit Franz Alt<\/title>\n<meta name=\"description\" content=\"\u00dcber Jahrzehnte setzte die Politik in Deutschland auf Kernkraft, man erhoffte sich das nukleare Paradies. Dann kam die Ern\u00fcchterung. Der Ausstieg war ein\" \/>\n<meta name=\"robots\" content=\"index, follow, max-snippet:-1, max-image-preview:large, max-video-preview:-1\" \/>\n<link rel=\"canonical\" href=\"https:\/\/www.sonnenseite.com\/de\/politik\/atomausstieg-in-deutschland-ende-des-atomzeitalters\/\" \/>\n<meta property=\"og:locale\" content=\"de_DE\" \/>\n<meta property=\"og:type\" content=\"article\" \/>\n<meta property=\"og:title\" content=\"Atomausstieg in Deutschland: Ende des Atomzeitalters - Sonnenseite - \u00d6kologische Kommunikation mit Franz Alt\" \/>\n<meta property=\"og:description\" content=\"\u00dcber Jahrzehnte setzte die Politik in Deutschland auf Kernkraft, man erhoffte sich das nukleare Paradies. Dann kam die Ern\u00fcchterung. Der Ausstieg war ein\" \/>\n<meta property=\"og:url\" content=\"https:\/\/www.sonnenseite.com\/de\/politik\/atomausstieg-in-deutschland-ende-des-atomzeitalters\/\" \/>\n<meta property=\"og:site_name\" content=\"Sonnenseite\" \/>\n<meta property=\"article:publisher\" content=\"https:\/\/www.facebook.com\/pages\/Franz-Alt-SONNENSEITECOM\/221072987903953?fref=ts\" \/>\n<meta property=\"article:published_time\" content=\"2023-04-14T10:30:07+00:00\" \/>\n<meta property=\"article:modified_time\" content=\"2023-05-01T09:45:56+00:00\" \/>\n<meta property=\"og:image\" content=\"https:\/\/www.sonnenseite.com\/wp-content\/uploads\/2017\/10\/Atommuell_rabedirkwennigsen.jpg\" \/>\n\t<meta property=\"og:image:width\" content=\"770\" \/>\n\t<meta property=\"og:image:height\" content=\"420\" \/>\n\t<meta property=\"og:image:type\" content=\"image\/jpeg\" \/>\n<meta name=\"author\" content=\"Bigi Alt\" \/>\n<meta name=\"twitter:card\" content=\"summary_large_image\" \/>\n<meta name=\"twitter:creator\" content=\"@franzalt\" \/>\n<meta name=\"twitter:site\" content=\"@franzalt\" \/>\n<meta name=\"twitter:label1\" content=\"Verfasst von\" \/>\n\t<meta name=\"twitter:data1\" content=\"Bigi Alt\" \/>\n\t<meta name=\"twitter:label2\" content=\"Gesch\u00e4tzte Lesezeit\" \/>\n\t<meta name=\"twitter:data2\" content=\"7\u00a0Minuten\" \/>\n<script type=\"application\/ld+json\" class=\"yoast-schema-graph\">{\"@context\":\"https:\/\/schema.org\",\"@graph\":[{\"@type\":\"Article\",\"@id\":\"https:\/\/www.sonnenseite.com\/de\/politik\/atomausstieg-in-deutschland-ende-des-atomzeitalters\/#article\",\"isPartOf\":{\"@id\":\"https:\/\/www.sonnenseite.com\/de\/politik\/atomausstieg-in-deutschland-ende-des-atomzeitalters\/\"},\"author\":{\"name\":\"Bigi Alt\",\"@id\":\"https:\/\/www.sonnenseite.com\/de\/#\/schema\/person\/50fda0e926597684c7cc6695238a4eb9\"},\"headline\":\"Atomausstieg in Deutschland: Ende des Atomzeitalters\",\"datePublished\":\"2023-04-14T10:30:07+00:00\",\"dateModified\":\"2023-05-01T09:45:56+00:00\",\"mainEntityOfPage\":{\"@id\":\"https:\/\/www.sonnenseite.com\/de\/politik\/atomausstieg-in-deutschland-ende-des-atomzeitalters\/\"},\"wordCount\":1453,\"publisher\":{\"@id\":\"https:\/\/www.sonnenseite.com\/de\/#organization\"},\"image\":{\"@id\":\"https:\/\/www.sonnenseite.com\/de\/politik\/atomausstieg-in-deutschland-ende-des-atomzeitalters\/#primaryimage\"},\"thumbnailUrl\":\"https:\/\/www.sonnenseite.com\/wp-content\/uploads\/2017\/10\/Atommuell_rabedirkwennigsen.jpg\",\"articleSection\":[\"Politik\"],\"inLanguage\":\"de\"},{\"@type\":\"WebPage\",\"@id\":\"https:\/\/www.sonnenseite.com\/de\/politik\/atomausstieg-in-deutschland-ende-des-atomzeitalters\/\",\"url\":\"https:\/\/www.sonnenseite.com\/de\/politik\/atomausstieg-in-deutschland-ende-des-atomzeitalters\/\",\"name\":\"Atomausstieg in Deutschland: Ende des Atomzeitalters - Sonnenseite - \u00d6kologische Kommunikation mit Franz Alt\",\"isPartOf\":{\"@id\":\"https:\/\/www.sonnenseite.com\/de\/#website\"},\"primaryImageOfPage\":{\"@id\":\"https:\/\/www.sonnenseite.com\/de\/politik\/atomausstieg-in-deutschland-ende-des-atomzeitalters\/#primaryimage\"},\"image\":{\"@id\":\"https:\/\/www.sonnenseite.com\/de\/politik\/atomausstieg-in-deutschland-ende-des-atomzeitalters\/#primaryimage\"},\"thumbnailUrl\":\"https:\/\/www.sonnenseite.com\/wp-content\/uploads\/2017\/10\/Atommuell_rabedirkwennigsen.jpg\",\"datePublished\":\"2023-04-14T10:30:07+00:00\",\"dateModified\":\"2023-05-01T09:45:56+00:00\",\"description\":\"\u00dcber Jahrzehnte setzte die Politik in Deutschland auf Kernkraft, man erhoffte sich das nukleare Paradies. Dann kam die Ern\u00fcchterung. Der Ausstieg war ein\",\"breadcrumb\":{\"@id\":\"https:\/\/www.sonnenseite.com\/de\/politik\/atomausstieg-in-deutschland-ende-des-atomzeitalters\/#breadcrumb\"},\"inLanguage\":\"de\",\"potentialAction\":[{\"@type\":\"ReadAction\",\"target\":[\"https:\/\/www.sonnenseite.com\/de\/politik\/atomausstieg-in-deutschland-ende-des-atomzeitalters\/\"]}]},{\"@type\":\"ImageObject\",\"inLanguage\":\"de\",\"@id\":\"https:\/\/www.sonnenseite.com\/de\/politik\/atomausstieg-in-deutschland-ende-des-atomzeitalters\/#primaryimage\",\"url\":\"https:\/\/www.sonnenseite.com\/wp-content\/uploads\/2017\/10\/Atommuell_rabedirkwennigsen.jpg\",\"contentUrl\":\"https:\/\/www.sonnenseite.com\/wp-content\/uploads\/2017\/10\/Atommuell_rabedirkwennigsen.jpg\",\"width\":770,\"height\":420,\"caption\":\"pixabay.com | rabedirkwennigsen | Symbolbild\"},{\"@type\":\"BreadcrumbList\",\"@id\":\"https:\/\/www.sonnenseite.com\/de\/politik\/atomausstieg-in-deutschland-ende-des-atomzeitalters\/#breadcrumb\",\"itemListElement\":[{\"@type\":\"ListItem\",\"position\":1,\"name\":\"Startseite\",\"item\":\"https:\/\/www.sonnenseite.com\/de\/\"},{\"@type\":\"ListItem\",\"position\":2,\"name\":\"Atomausstieg in Deutschland: Ende des Atomzeitalters\"}]},{\"@type\":\"WebSite\",\"@id\":\"https:\/\/www.sonnenseite.com\/de\/#website\",\"url\":\"https:\/\/www.sonnenseite.com\/de\/\",\"name\":\"Sonnenseite\",\"description\":\"\u00d6kologische Kommunikation mit Franz Alt\",\"publisher\":{\"@id\":\"https:\/\/www.sonnenseite.com\/de\/#organization\"},\"potentialAction\":[{\"@type\":\"SearchAction\",\"target\":{\"@type\":\"EntryPoint\",\"urlTemplate\":\"https:\/\/www.sonnenseite.com\/de\/?s={search_term_string}\"},\"query-input\":{\"@type\":\"PropertyValueSpecification\",\"valueRequired\":true,\"valueName\":\"search_term_string\"}}],\"inLanguage\":\"de\"},{\"@type\":\"Organization\",\"@id\":\"https:\/\/www.sonnenseite.com\/de\/#organization\",\"name\":\"Sonnenseite\",\"url\":\"https:\/\/www.sonnenseite.com\/de\/\",\"logo\":{\"@type\":\"ImageObject\",\"inLanguage\":\"de\",\"@id\":\"https:\/\/www.sonnenseite.com\/de\/#\/schema\/logo\/image\/\",\"url\":\"https:\/\/www.sonnenseite.com\/wp-content\/uploads\/2020\/05\/Sonnenseite_Logo.png\",\"contentUrl\":\"https:\/\/www.sonnenseite.com\/wp-content\/uploads\/2020\/05\/Sonnenseite_Logo.png\",\"width\":377,\"height\":90,\"caption\":\"Sonnenseite\"},\"image\":{\"@id\":\"https:\/\/www.sonnenseite.com\/de\/#\/schema\/logo\/image\/\"},\"sameAs\":[\"https:\/\/www.facebook.com\/pages\/Franz-Alt-SONNENSEITECOM\/221072987903953?fref=ts\",\"https:\/\/x.com\/franzalt\",\"http:\/\/www.youtube.com\/results?search_query&amp;amp;quot;franz_alt&amp;amp;quot;&amp;amp;amp;amp;search_type&amp;amp;amp;amp;aq=f\"]},{\"@type\":\"Person\",\"@id\":\"https:\/\/www.sonnenseite.com\/de\/#\/schema\/person\/50fda0e926597684c7cc6695238a4eb9\",\"name\":\"Bigi Alt\"}]}<\/script>\n<!-- \/ Yoast SEO plugin. -->","yoast_head_json":{"title":"Atomausstieg in Deutschland: Ende des Atomzeitalters - Sonnenseite - \u00d6kologische Kommunikation mit Franz Alt","description":"\u00dcber Jahrzehnte setzte die Politik in Deutschland auf Kernkraft, man erhoffte sich das nukleare Paradies. Dann kam die Ern\u00fcchterung. Der Ausstieg war ein","robots":{"index":"index","follow":"follow","max-snippet":"max-snippet:-1","max-image-preview":"max-image-preview:large","max-video-preview":"max-video-preview:-1"},"canonical":"https:\/\/www.sonnenseite.com\/de\/politik\/atomausstieg-in-deutschland-ende-des-atomzeitalters\/","og_locale":"de_DE","og_type":"article","og_title":"Atomausstieg in Deutschland: Ende des Atomzeitalters - Sonnenseite - \u00d6kologische Kommunikation mit Franz Alt","og_description":"\u00dcber Jahrzehnte setzte die Politik in Deutschland auf Kernkraft, man erhoffte sich das nukleare Paradies. Dann kam die Ern\u00fcchterung. Der Ausstieg war ein","og_url":"https:\/\/www.sonnenseite.com\/de\/politik\/atomausstieg-in-deutschland-ende-des-atomzeitalters\/","og_site_name":"Sonnenseite","article_publisher":"https:\/\/www.facebook.com\/pages\/Franz-Alt-SONNENSEITECOM\/221072987903953?fref=ts","article_published_time":"2023-04-14T10:30:07+00:00","article_modified_time":"2023-05-01T09:45:56+00:00","og_image":[{"width":770,"height":420,"url":"https:\/\/www.sonnenseite.com\/wp-content\/uploads\/2017\/10\/Atommuell_rabedirkwennigsen.jpg","type":"image\/jpeg"}],"author":"Bigi Alt","twitter_card":"summary_large_image","twitter_creator":"@franzalt","twitter_site":"@franzalt","twitter_misc":{"Verfasst von":"Bigi Alt","Gesch\u00e4tzte Lesezeit":"7\u00a0Minuten"},"schema":{"@context":"https:\/\/schema.org","@graph":[{"@type":"Article","@id":"https:\/\/www.sonnenseite.com\/de\/politik\/atomausstieg-in-deutschland-ende-des-atomzeitalters\/#article","isPartOf":{"@id":"https:\/\/www.sonnenseite.com\/de\/politik\/atomausstieg-in-deutschland-ende-des-atomzeitalters\/"},"author":{"name":"Bigi Alt","@id":"https:\/\/www.sonnenseite.com\/de\/#\/schema\/person\/50fda0e926597684c7cc6695238a4eb9"},"headline":"Atomausstieg in Deutschland: Ende des Atomzeitalters","datePublished":"2023-04-14T10:30:07+00:00","dateModified":"2023-05-01T09:45:56+00:00","mainEntityOfPage":{"@id":"https:\/\/www.sonnenseite.com\/de\/politik\/atomausstieg-in-deutschland-ende-des-atomzeitalters\/"},"wordCount":1453,"publisher":{"@id":"https:\/\/www.sonnenseite.com\/de\/#organization"},"image":{"@id":"https:\/\/www.sonnenseite.com\/de\/politik\/atomausstieg-in-deutschland-ende-des-atomzeitalters\/#primaryimage"},"thumbnailUrl":"https:\/\/www.sonnenseite.com\/wp-content\/uploads\/2017\/10\/Atommuell_rabedirkwennigsen.jpg","articleSection":["Politik"],"inLanguage":"de"},{"@type":"WebPage","@id":"https:\/\/www.sonnenseite.com\/de\/politik\/atomausstieg-in-deutschland-ende-des-atomzeitalters\/","url":"https:\/\/www.sonnenseite.com\/de\/politik\/atomausstieg-in-deutschland-ende-des-atomzeitalters\/","name":"Atomausstieg in Deutschland: Ende des Atomzeitalters - Sonnenseite - \u00d6kologische Kommunikation mit Franz Alt","isPartOf":{"@id":"https:\/\/www.sonnenseite.com\/de\/#website"},"primaryImageOfPage":{"@id":"https:\/\/www.sonnenseite.com\/de\/politik\/atomausstieg-in-deutschland-ende-des-atomzeitalters\/#primaryimage"},"image":{"@id":"https:\/\/www.sonnenseite.com\/de\/politik\/atomausstieg-in-deutschland-ende-des-atomzeitalters\/#primaryimage"},"thumbnailUrl":"https:\/\/www.sonnenseite.com\/wp-content\/uploads\/2017\/10\/Atommuell_rabedirkwennigsen.jpg","datePublished":"2023-04-14T10:30:07+00:00","dateModified":"2023-05-01T09:45:56+00:00","description":"\u00dcber Jahrzehnte setzte die Politik in Deutschland auf Kernkraft, man erhoffte sich das nukleare Paradies. Dann kam die Ern\u00fcchterung. Der Ausstieg war ein","breadcrumb":{"@id":"https:\/\/www.sonnenseite.com\/de\/politik\/atomausstieg-in-deutschland-ende-des-atomzeitalters\/#breadcrumb"},"inLanguage":"de","potentialAction":[{"@type":"ReadAction","target":["https:\/\/www.sonnenseite.com\/de\/politik\/atomausstieg-in-deutschland-ende-des-atomzeitalters\/"]}]},{"@type":"ImageObject","inLanguage":"de","@id":"https:\/\/www.sonnenseite.com\/de\/politik\/atomausstieg-in-deutschland-ende-des-atomzeitalters\/#primaryimage","url":"https:\/\/www.sonnenseite.com\/wp-content\/uploads\/2017\/10\/Atommuell_rabedirkwennigsen.jpg","contentUrl":"https:\/\/www.sonnenseite.com\/wp-content\/uploads\/2017\/10\/Atommuell_rabedirkwennigsen.jpg","width":770,"height":420,"caption":"pixabay.com | rabedirkwennigsen | Symbolbild"},{"@type":"BreadcrumbList","@id":"https:\/\/www.sonnenseite.com\/de\/politik\/atomausstieg-in-deutschland-ende-des-atomzeitalters\/#breadcrumb","itemListElement":[{"@type":"ListItem","position":1,"name":"Startseite","item":"https:\/\/www.sonnenseite.com\/de\/"},{"@type":"ListItem","position":2,"name":"Atomausstieg in Deutschland: Ende des Atomzeitalters"}]},{"@type":"WebSite","@id":"https:\/\/www.sonnenseite.com\/de\/#website","url":"https:\/\/www.sonnenseite.com\/de\/","name":"Sonnenseite","description":"\u00d6kologische Kommunikation mit Franz Alt","publisher":{"@id":"https:\/\/www.sonnenseite.com\/de\/#organization"},"potentialAction":[{"@type":"SearchAction","target":{"@type":"EntryPoint","urlTemplate":"https:\/\/www.sonnenseite.com\/de\/?s={search_term_string}"},"query-input":{"@type":"PropertyValueSpecification","valueRequired":true,"valueName":"search_term_string"}}],"inLanguage":"de"},{"@type":"Organization","@id":"https:\/\/www.sonnenseite.com\/de\/#organization","name":"Sonnenseite","url":"https:\/\/www.sonnenseite.com\/de\/","logo":{"@type":"ImageObject","inLanguage":"de","@id":"https:\/\/www.sonnenseite.com\/de\/#\/schema\/logo\/image\/","url":"https:\/\/www.sonnenseite.com\/wp-content\/uploads\/2020\/05\/Sonnenseite_Logo.png","contentUrl":"https:\/\/www.sonnenseite.com\/wp-content\/uploads\/2020\/05\/Sonnenseite_Logo.png","width":377,"height":90,"caption":"Sonnenseite"},"image":{"@id":"https:\/\/www.sonnenseite.com\/de\/#\/schema\/logo\/image\/"},"sameAs":["https:\/\/www.facebook.com\/pages\/Franz-Alt-SONNENSEITECOM\/221072987903953?fref=ts","https:\/\/x.com\/franzalt","http:\/\/www.youtube.com\/results?search_query&amp;amp;quot;franz_alt&amp;amp;quot;&amp;amp;amp;amp;search_type&amp;amp;amp;amp;aq=f"]},{"@type":"Person","@id":"https:\/\/www.sonnenseite.com\/de\/#\/schema\/person\/50fda0e926597684c7cc6695238a4eb9","name":"Bigi Alt"}]}},"_links":{"self":[{"href":"https:\/\/www.sonnenseite.com\/de\/wp-json\/wp\/v2\/posts\/90513","targetHints":{"allow":["GET"]}}],"collection":[{"href":"https:\/\/www.sonnenseite.com\/de\/wp-json\/wp\/v2\/posts"}],"about":[{"href":"https:\/\/www.sonnenseite.com\/de\/wp-json\/wp\/v2\/types\/post"}],"author":[{"embeddable":true,"href":"https:\/\/www.sonnenseite.com\/de\/wp-json\/wp\/v2\/users\/3"}],"replies":[{"embeddable":true,"href":"https:\/\/www.sonnenseite.com\/de\/wp-json\/wp\/v2\/comments?post=90513"}],"version-history":[{"count":2,"href":"https:\/\/www.sonnenseite.com\/de\/wp-json\/wp\/v2\/posts\/90513\/revisions"}],"predecessor-version":[{"id":90515,"href":"https:\/\/www.sonnenseite.com\/de\/wp-json\/wp\/v2\/posts\/90513\/revisions\/90515"}],"wp:featuredmedia":[{"embeddable":true,"href":"https:\/\/www.sonnenseite.com\/de\/wp-json\/wp\/v2\/media\/24021"}],"wp:attachment":[{"href":"https:\/\/www.sonnenseite.com\/de\/wp-json\/wp\/v2\/media?parent=90513"}],"wp:term":[{"taxonomy":"category","embeddable":true,"href":"https:\/\/www.sonnenseite.com\/de\/wp-json\/wp\/v2\/categories?post=90513"},{"taxonomy":"post_tag","embeddable":true,"href":"https:\/\/www.sonnenseite.com\/de\/wp-json\/wp\/v2\/tags?post=90513"}],"curies":[{"name":"wp","href":"https:\/\/api.w.org\/{rel}","templated":true}]}}