{"id":90617,"date":"2023-04-19T02:24:00","date_gmt":"2023-04-19T00:24:00","guid":{"rendered":"https:\/\/www.sonnenseite.com\/?p=90617"},"modified":"2023-04-18T08:31:42","modified_gmt":"2023-04-18T06:31:42","slug":"co2-speicherung-im-nordsee-boden-geplant","status":"publish","type":"post","link":"https:\/\/www.sonnenseite.com\/de\/umwelt\/co2-speicherung-im-nordsee-boden-geplant\/","title":{"rendered":"CO2-Speicherung im Nordsee-Boden geplant"},"content":{"rendered":"\n<p>Ohne CCS und Speicherung von CO<sub>2<\/sub> im Meeresboden k\u00f6nnen die klimapolitischen Ziele laut Forschungsverbund CDRmare kaum erreicht werden. Potenzielle Sch\u00e4den im \u00d6kosystem sind nach Einsch\u00e4tzung der Meeresforscher allerdings nicht auszuschlie\u00dfen.<\/p>\n\n\n\n<p>In der naturwissenschaftlichen Forschung besteht Konsens: Selbst mit einer ambitionierten Klimapolitik wird die Menschheit bis zur Mitte des 21. Jahrhunderts voraussichtlich immer noch 5-15 Prozent der aktuellen CO<sub>2<\/sub>-Emissionen freisetzen und den Klimawandel vorantreiben. Diese Restemissionen entstehen zum Beispiel bei der Zementherstellung, der M\u00fcllverbrennung, im Flug- und Schwerlasttransport oder der Landwirtschaft.<\/p>\n\n\n\n<p>Um diese Emissionen auszugleichen, muss das CO<sub>2<\/sub> direkt an seinen Quellen abgefangen sowie aus der Atmosph\u00e4re entnommen werden. Anschlie\u00dfend muss das Gas sicher eingelagert werden. Verfahren zur CO<sub>2<\/sub>-Abscheidung und -Speicherung werden auch als CCS (Carbon Capture and Storage) bezeichnet.<\/p>\n\n\n\n<p>CO<sub>2<\/sub> ist ein langlebiges Gas. Seine Entnahme und Speicherung m\u00fcssen daher effektiv und dauerhaft sein. Kohlendioxid-Entnahme-Methoden wie Direct Air Capture (DAC) und Bioenergiegewinnung mit Kohlendioxid-Abscheidung und -Speicherung (BECCS) sind auf die Speicherung im geologischen Untergrund angewiesen. In Europa wird CCS bisher nur in Norwegen im industriellen Ma\u00dfstab angewendet. Das CO<sub>2<\/sub> wird hierbei unter den Meeresboden verpresst. In den Niederlanden, D\u00e4nemark, Gro\u00dfbritannien sowie in Norwegen planen verschiedene Firmen weitere Gro\u00dfprojekte f\u00fcr die marine geologische CO<sub>2<\/sub>-Speicherung in der Nordsee, weil sich dies mittlerweile aufgrund der steigenden Preise f\u00fcr Emissionszertifikate auch wirtschaftlich lohnen kann.<\/p>\n\n\n\n<p>Sch\u00e4tzungen zufolge lassen sich im tiefen Meeresboden der gesamten Nordsee etwa 150 Mrd. Tonnen CO<sub>2<\/sub> einlagern, unterhalb der deutschen Nordsee 3,6 bis 10.4 Mrd. Tonnen. Zum Vergleich: Berechnungen zufolge wird Deutschland k\u00fcnftig Rest-Emissionen in H\u00f6he von 0,04 \u2013 0,1 Mrd. Tonnen CO<sub>2<\/sub> pro Jahr produzieren.<\/p>\n\n\n\n<h5 class=\"wp-block-heading\">Risikokonzepte rechtzeitig entwickeln<\/h5>\n\n\n\n<p>Hier setzt die vom Bundesforschungsministerium (BMBF) und den norddeutschen L\u00e4ndern gef\u00f6rderte Forschungsmission <a href=\"https:\/\/cdrmare.de\/\" target=\"_blank\" rel=\"noreferrer noopener\">CDRmare<\/a> der <a href=\"https:\/\/www.allianz-meeresforschung.de\/\" target=\"_blank\" rel=\"noreferrer noopener\">Deutschen Allianz Meeresforschung (DAM)<\/a> an. Sie untersucht offene geologische, technische und rechtliche Fragestellungen einer CO<sub>2<\/sub>-Speicherung im Meeresboden der deutschen Nordsee. Ziel sei es, L\u00f6sungen und Handlungsoptionen sowie \u00dcberwachungs- und Vorsorgekonzepte f\u00fcr bekannte Risiken zu entwickeln. Dies unterstrich Prof. Andreas Oschlies, Co-Sprecher CDRmare &amp; Klimamodellierung vom GEOMAR Helmholtz-Zentrum f\u00fcr Ozeanforschung in Kiel bei einem Pressegespr\u00e4ch in Berlin Ende M\u00e4rz.<\/p>\n\n\n\n<p>Zu den bekannten Risiken z\u00e4hlen das ungewollte Entweichen des eingelagerten CO<sub>2<\/sub> aus dem Speichergestein durch Leckagen und die daraus folgende Versauerung bodennaher Wassermassen, zumindest lokal begrenzt auf kleinen Fl\u00e4chen von etwa 50 Quadratmetern. Dazu kommt eine potenzielle Belastung der Meeresumwelt durch sehr salziges Formationswasser sowie durch Schwermetalle und andere f\u00fcr die Umwelt sch\u00e4dliche Stoffe, die im Formationswasser enthalten sein k\u00f6nnen, welches im Zuge einer CO<sub>2<\/sub>-Injektion aus dem Speichergestein verdr\u00e4ngt wird.<\/p>\n\n\n\n<h5 class=\"wp-block-heading\">Meer ist nicht gleich Meer<\/h5>\n\n\n\n<p>Als bekannte Risiken gelten auch seismische Ersch\u00fctterungen in der Tiefe, welche die Funktionalit\u00e4t und die Standfestigkeit am Meeresboden verankerter Infrastrukturen gef\u00e4hrden k\u00f6nnten. Zudem die L\u00e4rmbel\u00e4stigung f\u00fcr Meeresorganismen, beispielsweise von Schweinswalen, im Zuge der Suche nach geeigneten Speicherstrukturen, beim Bau der Anlagen sowie der langfristigen \u00dcberwachung der CO<sub>2<\/sub>-Speicher. \u00dcberwachungs- und Vorsorgekonzepte seien zwar f\u00fcr CCS-Projekte in Nachbarl\u00e4ndern entwickelt worden, diese m\u00fcssten nun aber an die Bedingungen in der deutschen Nordsee angepasst und gegebenenfalls erg\u00e4nzt werden, so Oschlies. Zudem w\u00fcrden Strategien zum Umgang mit m\u00f6glichen Konflikten mit anderen Nutzungsformen der Nordsee wie beispielsweise Offshore-Windkraftanlagen ben\u00f6tigt.<\/p>\n\n\n\n<h5 class=\"wp-block-heading\">Sch\u00e4den im \u00d6kosystem nicht auszuschlie\u00dfen<\/h5>\n\n\n\n<p>Potenzielle Sch\u00e4den im \u00d6kosystem durch die marine geologische CO<sub>2<\/sub>-Speicherung seien nicht v\u00f6llig auszuschlie\u00dfen, sie seien jedoch im Vergleich zu den Klimaschutzvorteilen \u00fcberschaubar, so der Tenor der Forscher von CDRmare. \u201eKohlendioxid kann sicher und dauerhaft unter dem Meeresboden der Nordsee deponiert werden. Um die Umweltrisiken zu minimieren, m\u00fcssen geeignete Standorte ausgew\u00e4hlt und diese sorgf\u00e4ltig erkundet und kontinuierlich \u00fcberwacht werden\u201c, sagte Prof. Klaus Wallmann vom GEOMAR Helmholz-Zentrum f\u00fcr Ozeanforschung in Kiel. Die Erkundung von m\u00f6glichen Standorten in der Deutschen Nordsee m\u00fcsse zeitnah erm\u00f6glicht werden.<\/p>\n\n\n\n<h5 class=\"wp-block-heading\">Rechtliche H\u00fcrden und offene Fragen<\/h5>\n\n\n\n<p>Dies scheitere allerdings derzeit noch zahlreichen rechtlichen H\u00fcrden, konstatiert Prof. Alexander Proel\u00df von der Universit\u00e4t Hamburg. So gilt in Mecklenburg-Vorpommern, Niedersachsen und Schleswig Holstein ein Verbot der unterirdischen CO<sub>2<\/sub>-Speicherung im k\u00fcstennahen Bereich der Nordsee. Zudem h\u00e4tten Antr\u00e4ge f\u00fcr die Zulassung von CO<sub>2<\/sub>-Speichern in der deutschen Nordsee laut dem Kohlendioxid-Speicherungsgesetz (KSpG) schon bis Ende 2016 eingereicht werden m\u00fcssen.<\/p>\n\n\n\n<p>Aktuell sei zum Beispiel auch unklar, ob CO<sub>2<\/sub>-Speicherprojekte jenseits des 12 Seemeilen breiten K\u00fcstenmeers umgesetzt werden k\u00f6nnten, wenn die Antragsfrist verl\u00e4ngert w\u00fcrde, oder ob auch diese dem L\u00e4nderrecht unterliegen. Die Erforschung der M\u00f6glichkeit der CO<sub>2<\/sub>-Speicherung in Basaltgestein im mittelozeanischen Meeresr\u00fccken st\u00f6\u00dft ebenfalls an gesetzliche H\u00fcrden. So bedarf es unter anderem der rechtlichen Kl\u00e4rung, ob das Transportieren und Einlagern von CO<sub>2<\/sub> in den Meeresboden zu Forschungszwecken mit geltendem Recht vereinbar ist.<\/p>\n\n\n<h5 class=\"green\">Quelle<\/h5>\r\n\n\n\n<p>Der Bericht wurde von der\u00a0<a href=\"https:\/\/www.energiezukunft.eu\/klimawandel\/co2-speicherung-im-nordsee-boden-geplant\/\">Redaktion \u201cenergiezukunft\u201c (Hans-Christoph Neidlein) 2023<\/a>\u00a0verfasst\u00a0\u2013 der Artikel darf\u00a0<a href=\"mailto:portal@energiezukunft.eu\" target=\"_blank\" rel=\"noreferrer noopener\">nicht ohne Genehmigung<\/a>\u00a0weiterverbreitet werden!\u00a0|\u00a0<strong>energiezukunft<\/strong>\u00a0| Heft 33\/2022 | \u201eRessourcen schonen, Kreisl\u00e4ufe nutzen\u201c\u00a0|\u00a0\u00a0<a href=\"https:\/\/www.energiezukunft.eu\/service\/magazine\/\" target=\"_blank\" rel=\"noreferrer noopener\">Jetzt lesen<\/a>\u00a0|\u00a0<a href=\"https:\/\/www.energiezukunft.eu\/fileadmin\/user_upload\/Magazin-PDFs\/energiezukunft\/energiezukunft_2022-33.pdf\" target=\"_blank\" rel=\"noreferrer noopener\">Download<\/a><\/p>\n<div class=\"shariff shariff-align-flex-start shariff-widget-align-flex-start\"><div class=\"ShariffHeadline\">Diese Meldung teilen<\/div><ul class=\"shariff-buttons theme-round orientation-horizontal buttonsize-medium\"><li class=\"shariff-button facebook shariff-nocustomcolor\" style=\"background-color:#4273c8;border-radius:1%\"><a href=\"https:\/\/www.facebook.com\/sharer\/sharer.php?u=https%3A%2F%2Fwww.sonnenseite.com%2Fde%2Fumwelt%2Fco2-speicherung-im-nordsee-boden-geplant%2F\" title=\"Bei Facebook teilen\" aria-label=\"Bei Facebook teilen\" role=\"button\" rel=\"nofollow\" class=\"shariff-link\" style=\";border-radius:1%; background-color:#3b5998; color:#fff\" target=\"_blank\"><span class=\"shariff-icon\" style=\"\"><svg width=\"32px\" height=\"20px\" xmlns=\"http:\/\/www.w3.org\/2000\/svg\" viewBox=\"0 0 18 32\"><path fill=\"#3b5998\" d=\"M17.1 0.2v4.7h-2.8q-1.5 0-2.1 0.6t-0.5 1.9v3.4h5.2l-0.7 5.3h-4.5v13.6h-5.5v-13.6h-4.5v-5.3h4.5v-3.9q0-3.3 1.9-5.2t5-1.8q2.6 0 4.1 0.2z\"\/><\/svg><\/span><\/a><\/li><li class=\"shariff-button twitter shariff-nocustomcolor\" style=\"background-color:#595959;border-radius:1%\"><a href=\"https:\/\/twitter.com\/share?url=https%3A%2F%2Fwww.sonnenseite.com%2Fde%2Fumwelt%2Fco2-speicherung-im-nordsee-boden-geplant%2F&text=CO2-Speicherung%20im%20Nordsee-Boden%20geplant\" title=\"Bei X teilen\" aria-label=\"Bei X teilen\" role=\"button\" rel=\"noopener nofollow\" class=\"shariff-link\" style=\";border-radius:1%; background-color:#000; color:#fff\" target=\"_blank\"><span class=\"shariff-icon\" style=\"\"><svg width=\"32px\" height=\"20px\" xmlns=\"http:\/\/www.w3.org\/2000\/svg\" viewBox=\"0 0 24 24\"><path fill=\"#000\" d=\"M14.258 10.152L23.176 0h-2.113l-7.747 8.813L7.133 0H0l9.352 13.328L0 23.973h2.113l8.176-9.309 6.531 9.309h7.133zm-2.895 3.293l-.949-1.328L2.875 1.56h3.246l6.086 8.523.945 1.328 7.91 11.078h-3.246zm0 0\"\/><\/svg><\/span><\/a><\/li><li class=\"shariff-button xing shariff-nocustomcolor\" style=\"background-color:#29888a;border-radius:1%\"><a href=\"https:\/\/www.xing.com\/spi\/shares\/new?url=https%3A%2F%2Fwww.sonnenseite.com%2Fde%2Fumwelt%2Fco2-speicherung-im-nordsee-boden-geplant%2F\" title=\"Bei XING teilen\" aria-label=\"Bei XING teilen\" role=\"button\" rel=\"noopener nofollow\" class=\"shariff-link\" style=\";border-radius:1%; background-color:#126567; color:#fff\" target=\"_blank\"><span class=\"shariff-icon\" style=\"\"><svg width=\"32px\" height=\"20px\" xmlns=\"http:\/\/www.w3.org\/2000\/svg\" viewBox=\"0 0 25 32\"><path fill=\"#126567\" d=\"M10.7 11.9q-0.2 0.3-4.6 8.2-0.5 0.8-1.2 0.8h-4.3q-0.4 0-0.5-0.3t0-0.6l4.5-8q0 0 0 0l-2.9-5q-0.2-0.4 0-0.7 0.2-0.3 0.5-0.3h4.3q0.7 0 1.2 0.8zM25.1 0.4q0.2 0.3 0 0.7l-9.4 16.7 6 11q0.2 0.4 0 0.6-0.2 0.3-0.6 0.3h-4.3q-0.7 0-1.2-0.8l-6-11.1q0.3-0.6 9.5-16.8 0.4-0.8 1.2-0.8h4.3q0.4 0 0.5 0.3z\"\/><\/svg><\/span><\/a><\/li><li class=\"shariff-button linkedin shariff-nocustomcolor\" style=\"background-color:#1488bf;border-radius:1%\"><a href=\"https:\/\/www.linkedin.com\/sharing\/share-offsite\/?url=https%3A%2F%2Fwww.sonnenseite.com%2Fde%2Fumwelt%2Fco2-speicherung-im-nordsee-boden-geplant%2F\" title=\"Bei LinkedIn teilen\" aria-label=\"Bei LinkedIn teilen\" role=\"button\" rel=\"noopener nofollow\" class=\"shariff-link\" style=\";border-radius:1%; background-color:#0077b5; color:#fff\" target=\"_blank\"><span class=\"shariff-icon\" style=\"\"><svg width=\"32px\" height=\"20px\" xmlns=\"http:\/\/www.w3.org\/2000\/svg\" viewBox=\"0 0 27 32\"><path fill=\"#0077b5\" d=\"M6.2 11.2v17.7h-5.9v-17.7h5.9zM6.6 5.7q0 1.3-0.9 2.2t-2.4 0.9h0q-1.5 0-2.4-0.9t-0.9-2.2 0.9-2.2 2.4-0.9 2.4 0.9 0.9 2.2zM27.4 18.7v10.1h-5.9v-9.5q0-1.9-0.7-2.9t-2.3-1.1q-1.1 0-1.9 0.6t-1.2 1.5q-0.2 0.5-0.2 1.4v9.9h-5.9q0-7.1 0-11.6t0-5.3l0-0.9h5.9v2.6h0q0.4-0.6 0.7-1t1-0.9 1.6-0.8 2-0.3q3 0 4.9 2t1.9 6z\"\/><\/svg><\/span><\/a><\/li><li class=\"shariff-button printer shariff-nocustomcolor\" style=\"background-color:#a8a8a8;border-radius:1%\"><a href=\"javascript:window.print()\" title=\"drucken\" aria-label=\"drucken\" role=\"button\" rel=\"noopener nofollow\" class=\"shariff-link\" style=\";border-radius:1%; background-color:#999; color:#fff\"><span class=\"shariff-icon\" style=\"\"><svg width=\"32px\" height=\"20px\" xmlns=\"http:\/\/www.w3.org\/2000\/svg\" viewBox=\"0 0 30 32\"><path fill=\"#999\" d=\"M6.8 27.4h16v-4.6h-16v4.6zM6.8 16h16v-6.8h-2.8q-0.7 0-1.2-0.5t-0.5-1.2v-2.8h-11.4v11.4zM27.4 17.2q0-0.5-0.3-0.8t-0.8-0.4-0.8 0.4-0.3 0.8 0.3 0.8 0.8 0.3 0.8-0.3 0.3-0.8zM29.7 17.2v7.4q0 0.2-0.2 0.4t-0.4 0.2h-4v2.8q0 0.7-0.5 1.2t-1.2 0.5h-17.2q-0.7 0-1.2-0.5t-0.5-1.2v-2.8h-4q-0.2 0-0.4-0.2t-0.2-0.4v-7.4q0-1.4 1-2.4t2.4-1h1.2v-9.7q0-0.7 0.5-1.2t1.2-0.5h12q0.7 0 1.6 0.4t1.3 0.8l2.7 2.7q0.5 0.5 0.9 1.4t0.4 1.6v4.6h1.1q1.4 0 2.4 1t1 2.4z\"\/><\/svg><\/span><\/a><\/li><li class=\"shariff-button mailto shariff-nocustomcolor\" style=\"background-color:#a8a8a8;border-radius:1%\"><a href=\"mailto:?body=https%3A%2F%2Fwww.sonnenseite.com%2Fde%2Fumwelt%2Fco2-speicherung-im-nordsee-boden-geplant%2F&subject=CO2-Speicherung%20im%20Nordsee-Boden%20geplant\" title=\"Per E-Mail versenden\" aria-label=\"Per E-Mail versenden\" role=\"button\" rel=\"noopener nofollow\" class=\"shariff-link\" style=\";border-radius:1%; background-color:#999; color:#fff\"><span class=\"shariff-icon\" style=\"\"><svg width=\"32px\" height=\"20px\" xmlns=\"http:\/\/www.w3.org\/2000\/svg\" viewBox=\"0 0 32 32\"><path fill=\"#999\" d=\"M32 12.7v14.2q0 1.2-0.8 2t-2 0.9h-26.3q-1.2 0-2-0.9t-0.8-2v-14.2q0.8 0.9 1.8 1.6 6.5 4.4 8.9 6.1 1 0.8 1.6 1.2t1.7 0.9 2 0.4h0.1q0.9 0 2-0.4t1.7-0.9 1.6-1.2q3-2.2 8.9-6.1 1-0.7 1.8-1.6zM32 7.4q0 1.4-0.9 2.7t-2.2 2.2q-6.7 4.7-8.4 5.8-0.2 0.1-0.7 0.5t-1 0.7-0.9 0.6-1.1 0.5-0.9 0.2h-0.1q-0.4 0-0.9-0.2t-1.1-0.5-0.9-0.6-1-0.7-0.7-0.5q-1.6-1.1-4.7-3.2t-3.6-2.6q-1.1-0.7-2.1-2t-1-2.5q0-1.4 0.7-2.3t2.1-0.9h26.3q1.2 0 2 0.8t0.9 2z\"\/><\/svg><\/span><\/a><\/li><\/ul><\/div>","protected":false},"excerpt":{"rendered":"<p>Ohne CCS und Speicherung von CO2 im Meeresboden k\u00f6nnen die klimapolitischen Ziele laut Forschungsverbund CDRmare kaum [&hellip;]<\/p>\n","protected":false},"author":3,"featured_media":90618,"comment_status":"closed","ping_status":"closed","sticky":false,"template":"","format":"standard","meta":{"inline_featured_image":false,"footnotes":""},"categories":[23],"tags":[],"class_list":["post-90617","post","type-post","status-publish","format-standard","has-post-thumbnail","hentry","category-umwelt"],"yoast_head":"<!-- This site is optimized with the Yoast SEO plugin v26.5 - https:\/\/yoast.com\/wordpress\/plugins\/seo\/ -->\n<title>CO2-Speicherung im Nordsee-Boden geplant - Sonnenseite - \u00d6kologische Kommunikation mit Franz Alt<\/title>\n<meta name=\"description\" content=\"Ohne CCS und Speicherung von CO2 im Meeresboden k\u00f6nnen die klimapolitischen Ziele laut Forschungsverbund CDRmare kaum erreicht werden. Potenzielle Sch\u00e4den\" \/>\n<meta name=\"robots\" content=\"index, follow, max-snippet:-1, max-image-preview:large, max-video-preview:-1\" \/>\n<link rel=\"canonical\" href=\"https:\/\/www.sonnenseite.com\/de\/umwelt\/co2-speicherung-im-nordsee-boden-geplant\/\" \/>\n<meta property=\"og:locale\" content=\"de_DE\" \/>\n<meta property=\"og:type\" content=\"article\" \/>\n<meta property=\"og:title\" content=\"CO2-Speicherung im Nordsee-Boden geplant - Sonnenseite - \u00d6kologische Kommunikation mit Franz Alt\" \/>\n<meta property=\"og:description\" content=\"Ohne CCS und Speicherung von CO2 im Meeresboden k\u00f6nnen die klimapolitischen Ziele laut Forschungsverbund CDRmare kaum erreicht werden. Potenzielle Sch\u00e4den\" \/>\n<meta property=\"og:url\" content=\"https:\/\/www.sonnenseite.com\/de\/umwelt\/co2-speicherung-im-nordsee-boden-geplant\/\" \/>\n<meta property=\"og:site_name\" content=\"Sonnenseite\" \/>\n<meta property=\"article:publisher\" content=\"https:\/\/www.facebook.com\/pages\/Franz-Alt-SONNENSEITECOM\/221072987903953?fref=ts\" \/>\n<meta property=\"article:published_time\" content=\"2023-04-19T00:24:00+00:00\" \/>\n<meta property=\"og:image\" content=\"https:\/\/www.sonnenseite.com\/wp-content\/uploads\/2023\/04\/Nordsee_Waldemar.jpg\" \/>\n\t<meta property=\"og:image:width\" content=\"770\" \/>\n\t<meta property=\"og:image:height\" content=\"420\" \/>\n\t<meta property=\"og:image:type\" content=\"image\/jpeg\" \/>\n<meta name=\"author\" content=\"Bigi Alt\" \/>\n<meta name=\"twitter:card\" content=\"summary_large_image\" \/>\n<meta name=\"twitter:creator\" content=\"@franzalt\" \/>\n<meta name=\"twitter:site\" content=\"@franzalt\" \/>\n<meta name=\"twitter:label1\" content=\"Verfasst von\" \/>\n\t<meta name=\"twitter:data1\" content=\"Bigi Alt\" \/>\n\t<meta name=\"twitter:label2\" content=\"Gesch\u00e4tzte Lesezeit\" \/>\n\t<meta name=\"twitter:data2\" content=\"4\u00a0Minuten\" \/>\n<script type=\"application\/ld+json\" class=\"yoast-schema-graph\">{\"@context\":\"https:\/\/schema.org\",\"@graph\":[{\"@type\":\"Article\",\"@id\":\"https:\/\/www.sonnenseite.com\/de\/umwelt\/co2-speicherung-im-nordsee-boden-geplant\/#article\",\"isPartOf\":{\"@id\":\"https:\/\/www.sonnenseite.com\/de\/umwelt\/co2-speicherung-im-nordsee-boden-geplant\/\"},\"author\":{\"name\":\"Bigi Alt\",\"@id\":\"https:\/\/www.sonnenseite.com\/de\/#\/schema\/person\/50fda0e926597684c7cc6695238a4eb9\"},\"headline\":\"CO2-Speicherung im Nordsee-Boden geplant\",\"datePublished\":\"2023-04-19T00:24:00+00:00\",\"mainEntityOfPage\":{\"@id\":\"https:\/\/www.sonnenseite.com\/de\/umwelt\/co2-speicherung-im-nordsee-boden-geplant\/\"},\"wordCount\":825,\"publisher\":{\"@id\":\"https:\/\/www.sonnenseite.com\/de\/#organization\"},\"image\":{\"@id\":\"https:\/\/www.sonnenseite.com\/de\/umwelt\/co2-speicherung-im-nordsee-boden-geplant\/#primaryimage\"},\"thumbnailUrl\":\"https:\/\/www.sonnenseite.com\/wp-content\/uploads\/2023\/04\/Nordsee_Waldemar.jpg\",\"articleSection\":[\"Umwelt\"],\"inLanguage\":\"de\"},{\"@type\":\"WebPage\",\"@id\":\"https:\/\/www.sonnenseite.com\/de\/umwelt\/co2-speicherung-im-nordsee-boden-geplant\/\",\"url\":\"https:\/\/www.sonnenseite.com\/de\/umwelt\/co2-speicherung-im-nordsee-boden-geplant\/\",\"name\":\"CO2-Speicherung im Nordsee-Boden geplant - Sonnenseite - \u00d6kologische Kommunikation mit Franz Alt\",\"isPartOf\":{\"@id\":\"https:\/\/www.sonnenseite.com\/de\/#website\"},\"primaryImageOfPage\":{\"@id\":\"https:\/\/www.sonnenseite.com\/de\/umwelt\/co2-speicherung-im-nordsee-boden-geplant\/#primaryimage\"},\"image\":{\"@id\":\"https:\/\/www.sonnenseite.com\/de\/umwelt\/co2-speicherung-im-nordsee-boden-geplant\/#primaryimage\"},\"thumbnailUrl\":\"https:\/\/www.sonnenseite.com\/wp-content\/uploads\/2023\/04\/Nordsee_Waldemar.jpg\",\"datePublished\":\"2023-04-19T00:24:00+00:00\",\"description\":\"Ohne CCS und Speicherung von CO2 im Meeresboden k\u00f6nnen die klimapolitischen Ziele laut Forschungsverbund CDRmare kaum erreicht werden. Potenzielle Sch\u00e4den\",\"breadcrumb\":{\"@id\":\"https:\/\/www.sonnenseite.com\/de\/umwelt\/co2-speicherung-im-nordsee-boden-geplant\/#breadcrumb\"},\"inLanguage\":\"de\",\"potentialAction\":[{\"@type\":\"ReadAction\",\"target\":[\"https:\/\/www.sonnenseite.com\/de\/umwelt\/co2-speicherung-im-nordsee-boden-geplant\/\"]}]},{\"@type\":\"ImageObject\",\"inLanguage\":\"de\",\"@id\":\"https:\/\/www.sonnenseite.com\/de\/umwelt\/co2-speicherung-im-nordsee-boden-geplant\/#primaryimage\",\"url\":\"https:\/\/www.sonnenseite.com\/wp-content\/uploads\/2023\/04\/Nordsee_Waldemar.jpg\",\"contentUrl\":\"https:\/\/www.sonnenseite.com\/wp-content\/uploads\/2023\/04\/Nordsee_Waldemar.jpg\",\"width\":770,\"height\":420,\"caption\":\"unsplash.com | Waldemar\"},{\"@type\":\"BreadcrumbList\",\"@id\":\"https:\/\/www.sonnenseite.com\/de\/umwelt\/co2-speicherung-im-nordsee-boden-geplant\/#breadcrumb\",\"itemListElement\":[{\"@type\":\"ListItem\",\"position\":1,\"name\":\"Startseite\",\"item\":\"https:\/\/www.sonnenseite.com\/de\/\"},{\"@type\":\"ListItem\",\"position\":2,\"name\":\"CO2-Speicherung im Nordsee-Boden geplant\"}]},{\"@type\":\"WebSite\",\"@id\":\"https:\/\/www.sonnenseite.com\/de\/#website\",\"url\":\"https:\/\/www.sonnenseite.com\/de\/\",\"name\":\"Sonnenseite\",\"description\":\"\u00d6kologische Kommunikation mit Franz Alt\",\"publisher\":{\"@id\":\"https:\/\/www.sonnenseite.com\/de\/#organization\"},\"potentialAction\":[{\"@type\":\"SearchAction\",\"target\":{\"@type\":\"EntryPoint\",\"urlTemplate\":\"https:\/\/www.sonnenseite.com\/de\/?s={search_term_string}\"},\"query-input\":{\"@type\":\"PropertyValueSpecification\",\"valueRequired\":true,\"valueName\":\"search_term_string\"}}],\"inLanguage\":\"de\"},{\"@type\":\"Organization\",\"@id\":\"https:\/\/www.sonnenseite.com\/de\/#organization\",\"name\":\"Sonnenseite\",\"url\":\"https:\/\/www.sonnenseite.com\/de\/\",\"logo\":{\"@type\":\"ImageObject\",\"inLanguage\":\"de\",\"@id\":\"https:\/\/www.sonnenseite.com\/de\/#\/schema\/logo\/image\/\",\"url\":\"https:\/\/www.sonnenseite.com\/wp-content\/uploads\/2020\/05\/Sonnenseite_Logo.png\",\"contentUrl\":\"https:\/\/www.sonnenseite.com\/wp-content\/uploads\/2020\/05\/Sonnenseite_Logo.png\",\"width\":377,\"height\":90,\"caption\":\"Sonnenseite\"},\"image\":{\"@id\":\"https:\/\/www.sonnenseite.com\/de\/#\/schema\/logo\/image\/\"},\"sameAs\":[\"https:\/\/www.facebook.com\/pages\/Franz-Alt-SONNENSEITECOM\/221072987903953?fref=ts\",\"https:\/\/x.com\/franzalt\",\"http:\/\/www.youtube.com\/results?search_query&amp;amp;quot;franz_alt&amp;amp;quot;&amp;amp;amp;amp;search_type&amp;amp;amp;amp;aq=f\"]},{\"@type\":\"Person\",\"@id\":\"https:\/\/www.sonnenseite.com\/de\/#\/schema\/person\/50fda0e926597684c7cc6695238a4eb9\",\"name\":\"Bigi Alt\"}]}<\/script>\n<!-- \/ Yoast SEO plugin. -->","yoast_head_json":{"title":"CO2-Speicherung im Nordsee-Boden geplant - Sonnenseite - \u00d6kologische Kommunikation mit Franz Alt","description":"Ohne CCS und Speicherung von CO2 im Meeresboden k\u00f6nnen die klimapolitischen Ziele laut Forschungsverbund CDRmare kaum erreicht werden. Potenzielle Sch\u00e4den","robots":{"index":"index","follow":"follow","max-snippet":"max-snippet:-1","max-image-preview":"max-image-preview:large","max-video-preview":"max-video-preview:-1"},"canonical":"https:\/\/www.sonnenseite.com\/de\/umwelt\/co2-speicherung-im-nordsee-boden-geplant\/","og_locale":"de_DE","og_type":"article","og_title":"CO2-Speicherung im Nordsee-Boden geplant - Sonnenseite - \u00d6kologische Kommunikation mit Franz Alt","og_description":"Ohne CCS und Speicherung von CO2 im Meeresboden k\u00f6nnen die klimapolitischen Ziele laut Forschungsverbund CDRmare kaum erreicht werden. Potenzielle Sch\u00e4den","og_url":"https:\/\/www.sonnenseite.com\/de\/umwelt\/co2-speicherung-im-nordsee-boden-geplant\/","og_site_name":"Sonnenseite","article_publisher":"https:\/\/www.facebook.com\/pages\/Franz-Alt-SONNENSEITECOM\/221072987903953?fref=ts","article_published_time":"2023-04-19T00:24:00+00:00","og_image":[{"width":770,"height":420,"url":"https:\/\/www.sonnenseite.com\/wp-content\/uploads\/2023\/04\/Nordsee_Waldemar.jpg","type":"image\/jpeg"}],"author":"Bigi Alt","twitter_card":"summary_large_image","twitter_creator":"@franzalt","twitter_site":"@franzalt","twitter_misc":{"Verfasst von":"Bigi Alt","Gesch\u00e4tzte Lesezeit":"4\u00a0Minuten"},"schema":{"@context":"https:\/\/schema.org","@graph":[{"@type":"Article","@id":"https:\/\/www.sonnenseite.com\/de\/umwelt\/co2-speicherung-im-nordsee-boden-geplant\/#article","isPartOf":{"@id":"https:\/\/www.sonnenseite.com\/de\/umwelt\/co2-speicherung-im-nordsee-boden-geplant\/"},"author":{"name":"Bigi Alt","@id":"https:\/\/www.sonnenseite.com\/de\/#\/schema\/person\/50fda0e926597684c7cc6695238a4eb9"},"headline":"CO2-Speicherung im Nordsee-Boden geplant","datePublished":"2023-04-19T00:24:00+00:00","mainEntityOfPage":{"@id":"https:\/\/www.sonnenseite.com\/de\/umwelt\/co2-speicherung-im-nordsee-boden-geplant\/"},"wordCount":825,"publisher":{"@id":"https:\/\/www.sonnenseite.com\/de\/#organization"},"image":{"@id":"https:\/\/www.sonnenseite.com\/de\/umwelt\/co2-speicherung-im-nordsee-boden-geplant\/#primaryimage"},"thumbnailUrl":"https:\/\/www.sonnenseite.com\/wp-content\/uploads\/2023\/04\/Nordsee_Waldemar.jpg","articleSection":["Umwelt"],"inLanguage":"de"},{"@type":"WebPage","@id":"https:\/\/www.sonnenseite.com\/de\/umwelt\/co2-speicherung-im-nordsee-boden-geplant\/","url":"https:\/\/www.sonnenseite.com\/de\/umwelt\/co2-speicherung-im-nordsee-boden-geplant\/","name":"CO2-Speicherung im Nordsee-Boden geplant - Sonnenseite - \u00d6kologische Kommunikation mit Franz Alt","isPartOf":{"@id":"https:\/\/www.sonnenseite.com\/de\/#website"},"primaryImageOfPage":{"@id":"https:\/\/www.sonnenseite.com\/de\/umwelt\/co2-speicherung-im-nordsee-boden-geplant\/#primaryimage"},"image":{"@id":"https:\/\/www.sonnenseite.com\/de\/umwelt\/co2-speicherung-im-nordsee-boden-geplant\/#primaryimage"},"thumbnailUrl":"https:\/\/www.sonnenseite.com\/wp-content\/uploads\/2023\/04\/Nordsee_Waldemar.jpg","datePublished":"2023-04-19T00:24:00+00:00","description":"Ohne CCS und Speicherung von CO2 im Meeresboden k\u00f6nnen die klimapolitischen Ziele laut Forschungsverbund CDRmare kaum erreicht werden. Potenzielle Sch\u00e4den","breadcrumb":{"@id":"https:\/\/www.sonnenseite.com\/de\/umwelt\/co2-speicherung-im-nordsee-boden-geplant\/#breadcrumb"},"inLanguage":"de","potentialAction":[{"@type":"ReadAction","target":["https:\/\/www.sonnenseite.com\/de\/umwelt\/co2-speicherung-im-nordsee-boden-geplant\/"]}]},{"@type":"ImageObject","inLanguage":"de","@id":"https:\/\/www.sonnenseite.com\/de\/umwelt\/co2-speicherung-im-nordsee-boden-geplant\/#primaryimage","url":"https:\/\/www.sonnenseite.com\/wp-content\/uploads\/2023\/04\/Nordsee_Waldemar.jpg","contentUrl":"https:\/\/www.sonnenseite.com\/wp-content\/uploads\/2023\/04\/Nordsee_Waldemar.jpg","width":770,"height":420,"caption":"unsplash.com | Waldemar"},{"@type":"BreadcrumbList","@id":"https:\/\/www.sonnenseite.com\/de\/umwelt\/co2-speicherung-im-nordsee-boden-geplant\/#breadcrumb","itemListElement":[{"@type":"ListItem","position":1,"name":"Startseite","item":"https:\/\/www.sonnenseite.com\/de\/"},{"@type":"ListItem","position":2,"name":"CO2-Speicherung im Nordsee-Boden geplant"}]},{"@type":"WebSite","@id":"https:\/\/www.sonnenseite.com\/de\/#website","url":"https:\/\/www.sonnenseite.com\/de\/","name":"Sonnenseite","description":"\u00d6kologische Kommunikation mit Franz Alt","publisher":{"@id":"https:\/\/www.sonnenseite.com\/de\/#organization"},"potentialAction":[{"@type":"SearchAction","target":{"@type":"EntryPoint","urlTemplate":"https:\/\/www.sonnenseite.com\/de\/?s={search_term_string}"},"query-input":{"@type":"PropertyValueSpecification","valueRequired":true,"valueName":"search_term_string"}}],"inLanguage":"de"},{"@type":"Organization","@id":"https:\/\/www.sonnenseite.com\/de\/#organization","name":"Sonnenseite","url":"https:\/\/www.sonnenseite.com\/de\/","logo":{"@type":"ImageObject","inLanguage":"de","@id":"https:\/\/www.sonnenseite.com\/de\/#\/schema\/logo\/image\/","url":"https:\/\/www.sonnenseite.com\/wp-content\/uploads\/2020\/05\/Sonnenseite_Logo.png","contentUrl":"https:\/\/www.sonnenseite.com\/wp-content\/uploads\/2020\/05\/Sonnenseite_Logo.png","width":377,"height":90,"caption":"Sonnenseite"},"image":{"@id":"https:\/\/www.sonnenseite.com\/de\/#\/schema\/logo\/image\/"},"sameAs":["https:\/\/www.facebook.com\/pages\/Franz-Alt-SONNENSEITECOM\/221072987903953?fref=ts","https:\/\/x.com\/franzalt","http:\/\/www.youtube.com\/results?search_query&amp;amp;quot;franz_alt&amp;amp;quot;&amp;amp;amp;amp;search_type&amp;amp;amp;amp;aq=f"]},{"@type":"Person","@id":"https:\/\/www.sonnenseite.com\/de\/#\/schema\/person\/50fda0e926597684c7cc6695238a4eb9","name":"Bigi Alt"}]}},"_links":{"self":[{"href":"https:\/\/www.sonnenseite.com\/de\/wp-json\/wp\/v2\/posts\/90617","targetHints":{"allow":["GET"]}}],"collection":[{"href":"https:\/\/www.sonnenseite.com\/de\/wp-json\/wp\/v2\/posts"}],"about":[{"href":"https:\/\/www.sonnenseite.com\/de\/wp-json\/wp\/v2\/types\/post"}],"author":[{"embeddable":true,"href":"https:\/\/www.sonnenseite.com\/de\/wp-json\/wp\/v2\/users\/3"}],"replies":[{"embeddable":true,"href":"https:\/\/www.sonnenseite.com\/de\/wp-json\/wp\/v2\/comments?post=90617"}],"version-history":[{"count":2,"href":"https:\/\/www.sonnenseite.com\/de\/wp-json\/wp\/v2\/posts\/90617\/revisions"}],"predecessor-version":[{"id":90621,"href":"https:\/\/www.sonnenseite.com\/de\/wp-json\/wp\/v2\/posts\/90617\/revisions\/90621"}],"wp:featuredmedia":[{"embeddable":true,"href":"https:\/\/www.sonnenseite.com\/de\/wp-json\/wp\/v2\/media\/90618"}],"wp:attachment":[{"href":"https:\/\/www.sonnenseite.com\/de\/wp-json\/wp\/v2\/media?parent=90617"}],"wp:term":[{"taxonomy":"category","embeddable":true,"href":"https:\/\/www.sonnenseite.com\/de\/wp-json\/wp\/v2\/categories?post=90617"},{"taxonomy":"post_tag","embeddable":true,"href":"https:\/\/www.sonnenseite.com\/de\/wp-json\/wp\/v2\/tags?post=90617"}],"curies":[{"name":"wp","href":"https:\/\/api.w.org\/{rel}","templated":true}]}}