{"id":90622,"date":"2023-04-18T08:47:53","date_gmt":"2023-04-18T06:47:53","guid":{"rendered":"https:\/\/www.sonnenseite.com\/?p=90622"},"modified":"2023-04-18T08:49:15","modified_gmt":"2023-04-18T06:49:15","slug":"steckerfertige-solaranlagen-fuer-die-montage-am-zaun","status":"publish","type":"post","link":"https:\/\/www.sonnenseite.com\/de\/tipps\/steckerfertige-solaranlagen-fuer-die-montage-am-zaun\/","title":{"rendered":"Steckerfertige Solaranlagen f\u00fcr die Montage am Zaun"},"content":{"rendered":"\n<p>\u00dcber 37 Millionen Menschen in Deutschland nutzen einen Garten, der in den meisten F\u00e4llen auch \u00fcber einen Zaun verf\u00fcgt und oft den ganzen Tag \u00fcber in der Sonne steht. Die Einfriedungen k\u00f6nnen optimal als Fl\u00e4che zur Energiegewinnung aufgewertet werden. <\/p>\n\n\n\n<p>Nicht jedem steht ein passendes Dach, Gartenhaus oder eine Garage zur Verf\u00fcgung und nicht jeder hat einen geeigneten Balkon. Verzichtet werden muss deshalb nicht: GreenAkku bietet ab sofort mit ZaunPV steckerfertige Solaranlagen f\u00fcr alle, die einen Zaun im Garten haben. Die Komplettsets basieren auf ausgew\u00e4hlten Modulen, Wechselrichtern und speziellen Halterungen, die sich einfach installieren lassen.<\/p>\n\n\n\n<p><a href=\"https:\/\/greenakku.de\/\">GreenAkku.de<\/a> hat sein Angebot mit ZaunPV um eine attraktive Alternative zur Eigenstromerzeugung f\u00fcr alle erweitert, die einen eigenen Garten mit Zaun haben. ZaunPV funktioniert wie ein Balkonkraftwerk und erf\u00fcllt die gleichen Aufgaben. Die Anlage wird vertikal an einem Stabgitterzaun angebracht und erzeugt auch bei niedrigem Sonnenstand viel Solarstrom. Mit etwas handwerklichem Geschick ist die Montage an jedem anderen Zauntyp m\u00f6glich. Auch gr\u00f6\u00dfere Solaranlagen mit mehr als 600 oder 800 Watt Leistung k\u00f6nnen einfach realisiert werden. Durch die vertikale Anbringung am Zaun liefert die Anlage nicht nur morgens, mittags und abends Sonnenstrom, sondern insbesondere auch in den Wintermonaten, wenn die Sonne niedrig steht. Die ZaunPV-Pakete bieten eine Auswahl an Solarmodulen, die f\u00fcr den Einsatz am Zaun geeignet sind \u2013 darunter verschattungsresistente und bifaziale Module, die nicht nur die Leistung erh\u00f6hen, sondern auch einen edlen Sichtschutz bieten.<\/p>\n\n\n\n<p>Die neuen ZaunPV-Komplettsets sind f\u00fcr die genehmigungsfreie Montage am Gartenzaun konzipiert. Sie bestehen aus ein oder zwei Solarpanels, beispielsweise von AE Solar mit \u201eHot-Spot-Free\u201c-Technologie, sowie einem oder zwei Wechselrichtern (Bosswerk MI300) und enthalten bereits das erforderliche Material f\u00fcr die Montage an einem Stabmattenzaun. Dank der Panels mit \u201eHot-Spot-Free\u201c-Technologie sind die Module verschattungsresistent. Das hei\u00dft, sie liefern auch dann noch Strom, wenn auf einzelne Zellen zeitweise Schatten f\u00e4llt, beispielsweise durch \u00c4ste oder Zaunpfeiler.<\/p>\n\n\n\n<p>Ganzj\u00e4hrig werden durch die vertikale Montage am Zaun insbesondere die Morgen- und Abendstunden, in denen der Energiebedarf \u00fcblicherweise h\u00f6her ausf\u00e4llt, effektiver bedient. Gleichzeitig lagert sich durch die Position der Module weniger Schmutz ab und sie sind leichter zu reinigen. Auch das optimiert die Stromausbeute. GreenAkku empfiehlt, die Module an einem Zaun anzubringen, der entweder nach S\u00fcden oder in Ost-West-Richtung ausgerichtet ist. Bei einer Ausrichtung nach S\u00fcden l\u00e4sst sich w\u00e4hrend der Mittagszeit eine betr\u00e4chtliche Menge an Strom erzeugen. Hier ist es eventuell sinnvoll, die Ertr\u00e4ge zwischenzuspeichern. GreenAkku bietet daf\u00fcr vier verschiedene Erweiterungskits an.<\/p>\n\n\n\n<p>In den ZaunPV-Paketen sind diebstahlsichere Befestigungen f\u00fcr einen klassischen Stabgitterzaun (Doppelstabmattenzaun) enthalten. Die Anlagen lassen sich ohne zus\u00e4tzlichen Platzbedarf oder spezielle Kenntnisse schnell installieren. Die Anlagenkomponenten sind steckerfertig und der Wechselrichter wird direkt \u00fcber einen Schukostecker mit dem Hausnetz verbunden. Eine Genehmigung ist bei Anlagen bis 600 Watt mit 230 Volt Ausgangsleistung nicht erforderlich. Positiver Nebeneffekt: Die Panels sind mit ihren Abmessungen auf die g\u00e4ngige Bauh\u00f6he eines Stabmattenzauns abgestimmt und k\u00f6nnen so gleichzeitig als Sichtschutz dienen.<\/p>\n\n\n\n<figure class=\"wp-block-embed aligncenter is-type-video is-provider-youtube wp-block-embed-youtube wp-embed-aspect-16-9 wp-has-aspect-ratio\"><div class=\"wp-block-embed__wrapper\">\n<iframe loading=\"lazy\" title=\"ZaunPV - Steckerfertige Solaranlagen f\u00fcr den Gartenzaun | Bosswerk Greenakku\" width=\"640\" height=\"360\" src=\"https:\/\/www.youtube.com\/embed\/FwT7GkpNuK8?feature=oembed\" frameborder=\"0\" allow=\"accelerometer; autoplay; clipboard-write; encrypted-media; gyroscope; picture-in-picture; web-share\" referrerpolicy=\"strict-origin-when-cross-origin\" allowfullscreen><\/iframe>\n<\/div><\/figure>\n\n\n\n<p>Die ZaunPV-Komplettsets sind bei <a href=\"https:\/\/greenakku.de\/ZaunPV:::443.html\">GreenAkku.de<\/a> ab sofort ab einem Preis von 416,81 Euro* lieferbar inkl. 0 % MwSt. f\u00fcr Endkunden, die ihre Anlage bei sich installieren, zzgl. Versandkosten.<\/p>\n\n\n<h5 class=\"green\">Quelle<\/h5>\r\n\n\n\n<p><a href=\"https:\/\/greenakku.de\/\" target=\"_blank\" rel=\"noreferrer noopener\">Greenakku 2023<\/a><\/p>\n<div class=\"shariff shariff-align-flex-start shariff-widget-align-flex-start\"><div class=\"ShariffHeadline\">Diese Meldung teilen<\/div><ul class=\"shariff-buttons theme-round orientation-horizontal buttonsize-medium\"><li class=\"shariff-button facebook shariff-nocustomcolor\" style=\"background-color:#4273c8;border-radius:1%\"><a href=\"https:\/\/www.facebook.com\/sharer\/sharer.php?u=https%3A%2F%2Fwww.sonnenseite.com%2Fde%2Ftipps%2Fsteckerfertige-solaranlagen-fuer-die-montage-am-zaun%2F\" title=\"Bei Facebook teilen\" aria-label=\"Bei Facebook teilen\" role=\"button\" rel=\"nofollow\" class=\"shariff-link\" style=\";border-radius:1%; background-color:#3b5998; color:#fff\" target=\"_blank\"><span class=\"shariff-icon\" style=\"\"><svg width=\"32px\" height=\"20px\" xmlns=\"http:\/\/www.w3.org\/2000\/svg\" viewBox=\"0 0 18 32\"><path fill=\"#3b5998\" d=\"M17.1 0.2v4.7h-2.8q-1.5 0-2.1 0.6t-0.5 1.9v3.4h5.2l-0.7 5.3h-4.5v13.6h-5.5v-13.6h-4.5v-5.3h4.5v-3.9q0-3.3 1.9-5.2t5-1.8q2.6 0 4.1 0.2z\"\/><\/svg><\/span><\/a><\/li><li class=\"shariff-button twitter shariff-nocustomcolor\" style=\"background-color:#595959;border-radius:1%\"><a href=\"https:\/\/twitter.com\/share?url=https%3A%2F%2Fwww.sonnenseite.com%2Fde%2Ftipps%2Fsteckerfertige-solaranlagen-fuer-die-montage-am-zaun%2F&text=Steckerfertige%20Solaranlagen%20f%C3%BCr%20die%20Montage%20am%20Zaun\" title=\"Bei X teilen\" aria-label=\"Bei X teilen\" role=\"button\" rel=\"noopener nofollow\" class=\"shariff-link\" style=\";border-radius:1%; background-color:#000; color:#fff\" target=\"_blank\"><span class=\"shariff-icon\" style=\"\"><svg width=\"32px\" height=\"20px\" xmlns=\"http:\/\/www.w3.org\/2000\/svg\" viewBox=\"0 0 24 24\"><path fill=\"#000\" d=\"M14.258 10.152L23.176 0h-2.113l-7.747 8.813L7.133 0H0l9.352 13.328L0 23.973h2.113l8.176-9.309 6.531 9.309h7.133zm-2.895 3.293l-.949-1.328L2.875 1.56h3.246l6.086 8.523.945 1.328 7.91 11.078h-3.246zm0 0\"\/><\/svg><\/span><\/a><\/li><li class=\"shariff-button xing shariff-nocustomcolor\" style=\"background-color:#29888a;border-radius:1%\"><a href=\"https:\/\/www.xing.com\/spi\/shares\/new?url=https%3A%2F%2Fwww.sonnenseite.com%2Fde%2Ftipps%2Fsteckerfertige-solaranlagen-fuer-die-montage-am-zaun%2F\" title=\"Bei XING teilen\" aria-label=\"Bei XING teilen\" role=\"button\" rel=\"noopener nofollow\" class=\"shariff-link\" style=\";border-radius:1%; background-color:#126567; color:#fff\" target=\"_blank\"><span class=\"shariff-icon\" style=\"\"><svg width=\"32px\" height=\"20px\" xmlns=\"http:\/\/www.w3.org\/2000\/svg\" viewBox=\"0 0 25 32\"><path fill=\"#126567\" d=\"M10.7 11.9q-0.2 0.3-4.6 8.2-0.5 0.8-1.2 0.8h-4.3q-0.4 0-0.5-0.3t0-0.6l4.5-8q0 0 0 0l-2.9-5q-0.2-0.4 0-0.7 0.2-0.3 0.5-0.3h4.3q0.7 0 1.2 0.8zM25.1 0.4q0.2 0.3 0 0.7l-9.4 16.7 6 11q0.2 0.4 0 0.6-0.2 0.3-0.6 0.3h-4.3q-0.7 0-1.2-0.8l-6-11.1q0.3-0.6 9.5-16.8 0.4-0.8 1.2-0.8h4.3q0.4 0 0.5 0.3z\"\/><\/svg><\/span><\/a><\/li><li class=\"shariff-button linkedin shariff-nocustomcolor\" style=\"background-color:#1488bf;border-radius:1%\"><a href=\"https:\/\/www.linkedin.com\/sharing\/share-offsite\/?url=https%3A%2F%2Fwww.sonnenseite.com%2Fde%2Ftipps%2Fsteckerfertige-solaranlagen-fuer-die-montage-am-zaun%2F\" title=\"Bei LinkedIn teilen\" aria-label=\"Bei LinkedIn teilen\" role=\"button\" rel=\"noopener nofollow\" class=\"shariff-link\" style=\";border-radius:1%; background-color:#0077b5; color:#fff\" target=\"_blank\"><span class=\"shariff-icon\" style=\"\"><svg width=\"32px\" height=\"20px\" xmlns=\"http:\/\/www.w3.org\/2000\/svg\" viewBox=\"0 0 27 32\"><path fill=\"#0077b5\" d=\"M6.2 11.2v17.7h-5.9v-17.7h5.9zM6.6 5.7q0 1.3-0.9 2.2t-2.4 0.9h0q-1.5 0-2.4-0.9t-0.9-2.2 0.9-2.2 2.4-0.9 2.4 0.9 0.9 2.2zM27.4 18.7v10.1h-5.9v-9.5q0-1.9-0.7-2.9t-2.3-1.1q-1.1 0-1.9 0.6t-1.2 1.5q-0.2 0.5-0.2 1.4v9.9h-5.9q0-7.1 0-11.6t0-5.3l0-0.9h5.9v2.6h0q0.4-0.6 0.7-1t1-0.9 1.6-0.8 2-0.3q3 0 4.9 2t1.9 6z\"\/><\/svg><\/span><\/a><\/li><li class=\"shariff-button printer shariff-nocustomcolor\" style=\"background-color:#a8a8a8;border-radius:1%\"><a href=\"javascript:window.print()\" title=\"drucken\" aria-label=\"drucken\" role=\"button\" rel=\"noopener nofollow\" class=\"shariff-link\" style=\";border-radius:1%; background-color:#999; color:#fff\"><span class=\"shariff-icon\" style=\"\"><svg width=\"32px\" height=\"20px\" xmlns=\"http:\/\/www.w3.org\/2000\/svg\" viewBox=\"0 0 30 32\"><path fill=\"#999\" d=\"M6.8 27.4h16v-4.6h-16v4.6zM6.8 16h16v-6.8h-2.8q-0.7 0-1.2-0.5t-0.5-1.2v-2.8h-11.4v11.4zM27.4 17.2q0-0.5-0.3-0.8t-0.8-0.4-0.8 0.4-0.3 0.8 0.3 0.8 0.8 0.3 0.8-0.3 0.3-0.8zM29.7 17.2v7.4q0 0.2-0.2 0.4t-0.4 0.2h-4v2.8q0 0.7-0.5 1.2t-1.2 0.5h-17.2q-0.7 0-1.2-0.5t-0.5-1.2v-2.8h-4q-0.2 0-0.4-0.2t-0.2-0.4v-7.4q0-1.4 1-2.4t2.4-1h1.2v-9.7q0-0.7 0.5-1.2t1.2-0.5h12q0.7 0 1.6 0.4t1.3 0.8l2.7 2.7q0.5 0.5 0.9 1.4t0.4 1.6v4.6h1.1q1.4 0 2.4 1t1 2.4z\"\/><\/svg><\/span><\/a><\/li><li class=\"shariff-button mailto shariff-nocustomcolor\" style=\"background-color:#a8a8a8;border-radius:1%\"><a href=\"mailto:?body=https%3A%2F%2Fwww.sonnenseite.com%2Fde%2Ftipps%2Fsteckerfertige-solaranlagen-fuer-die-montage-am-zaun%2F&subject=Steckerfertige%20Solaranlagen%20f%C3%BCr%20die%20Montage%20am%20Zaun\" title=\"Per E-Mail versenden\" aria-label=\"Per E-Mail versenden\" role=\"button\" rel=\"noopener nofollow\" class=\"shariff-link\" style=\";border-radius:1%; background-color:#999; color:#fff\"><span class=\"shariff-icon\" style=\"\"><svg width=\"32px\" height=\"20px\" xmlns=\"http:\/\/www.w3.org\/2000\/svg\" viewBox=\"0 0 32 32\"><path fill=\"#999\" d=\"M32 12.7v14.2q0 1.2-0.8 2t-2 0.9h-26.3q-1.2 0-2-0.9t-0.8-2v-14.2q0.8 0.9 1.8 1.6 6.5 4.4 8.9 6.1 1 0.8 1.6 1.2t1.7 0.9 2 0.4h0.1q0.9 0 2-0.4t1.7-0.9 1.6-1.2q3-2.2 8.9-6.1 1-0.7 1.8-1.6zM32 7.4q0 1.4-0.9 2.7t-2.2 2.2q-6.7 4.7-8.4 5.8-0.2 0.1-0.7 0.5t-1 0.7-0.9 0.6-1.1 0.5-0.9 0.2h-0.1q-0.4 0-0.9-0.2t-1.1-0.5-0.9-0.6-1-0.7-0.7-0.5q-1.6-1.1-4.7-3.2t-3.6-2.6q-1.1-0.7-2.1-2t-1-2.5q0-1.4 0.7-2.3t2.1-0.9h26.3q1.2 0 2 0.8t0.9 2z\"\/><\/svg><\/span><\/a><\/li><\/ul><\/div>","protected":false},"excerpt":{"rendered":"<p>\u00dcber 37 Millionen Menschen in Deutschland nutzen einen Garten, der in den meisten F\u00e4llen auch \u00fcber [&hellip;]<\/p>\n","protected":false},"author":3,"featured_media":90624,"comment_status":"closed","ping_status":"closed","sticky":false,"template":"","format":"standard","meta":{"inline_featured_image":false,"footnotes":""},"categories":[28],"tags":[],"class_list":["post-90622","post","type-post","status-publish","format-standard","has-post-thumbnail","hentry","category-tipps"],"yoast_head":"<!-- This site is optimized with the Yoast SEO plugin v26.5 - https:\/\/yoast.com\/wordpress\/plugins\/seo\/ -->\n<title>Steckerfertige Solaranlagen f\u00fcr die Montage am Zaun - Sonnenseite - \u00d6kologische Kommunikation mit Franz Alt<\/title>\n<meta name=\"description\" content=\"\u00dcber 37 Millionen Menschen in Deutschland nutzen einen Garten, der in den meisten F\u00e4llen auch \u00fcber einen Zaun verf\u00fcgt und oft den ganzen Tag \u00fcber in der\" \/>\n<meta name=\"robots\" content=\"index, follow, max-snippet:-1, max-image-preview:large, max-video-preview:-1\" \/>\n<link rel=\"canonical\" href=\"https:\/\/www.sonnenseite.com\/de\/tipps\/steckerfertige-solaranlagen-fuer-die-montage-am-zaun\/\" \/>\n<meta property=\"og:locale\" content=\"de_DE\" \/>\n<meta property=\"og:type\" content=\"article\" \/>\n<meta property=\"og:title\" content=\"Steckerfertige Solaranlagen f\u00fcr die Montage am Zaun - Sonnenseite - \u00d6kologische Kommunikation mit Franz Alt\" \/>\n<meta property=\"og:description\" content=\"\u00dcber 37 Millionen Menschen in Deutschland nutzen einen Garten, der in den meisten F\u00e4llen auch \u00fcber einen Zaun verf\u00fcgt und oft den ganzen Tag \u00fcber in der\" \/>\n<meta property=\"og:url\" content=\"https:\/\/www.sonnenseite.com\/de\/tipps\/steckerfertige-solaranlagen-fuer-die-montage-am-zaun\/\" \/>\n<meta property=\"og:site_name\" content=\"Sonnenseite\" \/>\n<meta property=\"article:publisher\" content=\"https:\/\/www.facebook.com\/pages\/Franz-Alt-SONNENSEITECOM\/221072987903953?fref=ts\" \/>\n<meta property=\"article:published_time\" content=\"2023-04-18T06:47:53+00:00\" \/>\n<meta property=\"article:modified_time\" content=\"2023-04-18T06:49:15+00:00\" \/>\n<meta property=\"og:image\" content=\"https:\/\/www.sonnenseite.com\/wp-content\/uploads\/2023\/04\/GreenAkku-ZaunPV-01.jpg\" \/>\n\t<meta property=\"og:image:width\" content=\"770\" \/>\n\t<meta property=\"og:image:height\" content=\"420\" \/>\n\t<meta property=\"og:image:type\" content=\"image\/jpeg\" \/>\n<meta name=\"author\" content=\"Bigi Alt\" \/>\n<meta name=\"twitter:card\" content=\"summary_large_image\" \/>\n<meta name=\"twitter:creator\" content=\"@franzalt\" \/>\n<meta name=\"twitter:site\" content=\"@franzalt\" \/>\n<meta name=\"twitter:label1\" content=\"Verfasst von\" \/>\n\t<meta name=\"twitter:data1\" content=\"Bigi Alt\" \/>\n\t<meta name=\"twitter:label2\" content=\"Gesch\u00e4tzte Lesezeit\" \/>\n\t<meta name=\"twitter:data2\" content=\"3\u00a0Minuten\" \/>\n<script type=\"application\/ld+json\" class=\"yoast-schema-graph\">{\"@context\":\"https:\/\/schema.org\",\"@graph\":[{\"@type\":\"Article\",\"@id\":\"https:\/\/www.sonnenseite.com\/de\/tipps\/steckerfertige-solaranlagen-fuer-die-montage-am-zaun\/#article\",\"isPartOf\":{\"@id\":\"https:\/\/www.sonnenseite.com\/de\/tipps\/steckerfertige-solaranlagen-fuer-die-montage-am-zaun\/\"},\"author\":{\"name\":\"Bigi Alt\",\"@id\":\"https:\/\/www.sonnenseite.com\/de\/#\/schema\/person\/50fda0e926597684c7cc6695238a4eb9\"},\"headline\":\"Steckerfertige Solaranlagen f\u00fcr die Montage am Zaun\",\"datePublished\":\"2023-04-18T06:47:53+00:00\",\"dateModified\":\"2023-04-18T06:49:15+00:00\",\"mainEntityOfPage\":{\"@id\":\"https:\/\/www.sonnenseite.com\/de\/tipps\/steckerfertige-solaranlagen-fuer-die-montage-am-zaun\/\"},\"wordCount\":543,\"publisher\":{\"@id\":\"https:\/\/www.sonnenseite.com\/de\/#organization\"},\"image\":{\"@id\":\"https:\/\/www.sonnenseite.com\/de\/tipps\/steckerfertige-solaranlagen-fuer-die-montage-am-zaun\/#primaryimage\"},\"thumbnailUrl\":\"https:\/\/www.sonnenseite.com\/wp-content\/uploads\/2023\/04\/GreenAkku-ZaunPV-01.jpg\",\"articleSection\":[\"Tipps\"],\"inLanguage\":\"de\"},{\"@type\":\"WebPage\",\"@id\":\"https:\/\/www.sonnenseite.com\/de\/tipps\/steckerfertige-solaranlagen-fuer-die-montage-am-zaun\/\",\"url\":\"https:\/\/www.sonnenseite.com\/de\/tipps\/steckerfertige-solaranlagen-fuer-die-montage-am-zaun\/\",\"name\":\"Steckerfertige Solaranlagen f\u00fcr die Montage am Zaun - Sonnenseite - \u00d6kologische Kommunikation mit Franz Alt\",\"isPartOf\":{\"@id\":\"https:\/\/www.sonnenseite.com\/de\/#website\"},\"primaryImageOfPage\":{\"@id\":\"https:\/\/www.sonnenseite.com\/de\/tipps\/steckerfertige-solaranlagen-fuer-die-montage-am-zaun\/#primaryimage\"},\"image\":{\"@id\":\"https:\/\/www.sonnenseite.com\/de\/tipps\/steckerfertige-solaranlagen-fuer-die-montage-am-zaun\/#primaryimage\"},\"thumbnailUrl\":\"https:\/\/www.sonnenseite.com\/wp-content\/uploads\/2023\/04\/GreenAkku-ZaunPV-01.jpg\",\"datePublished\":\"2023-04-18T06:47:53+00:00\",\"dateModified\":\"2023-04-18T06:49:15+00:00\",\"description\":\"\u00dcber 37 Millionen Menschen in Deutschland nutzen einen Garten, der in den meisten F\u00e4llen auch \u00fcber einen Zaun verf\u00fcgt und oft den ganzen Tag \u00fcber in der\",\"breadcrumb\":{\"@id\":\"https:\/\/www.sonnenseite.com\/de\/tipps\/steckerfertige-solaranlagen-fuer-die-montage-am-zaun\/#breadcrumb\"},\"inLanguage\":\"de\",\"potentialAction\":[{\"@type\":\"ReadAction\",\"target\":[\"https:\/\/www.sonnenseite.com\/de\/tipps\/steckerfertige-solaranlagen-fuer-die-montage-am-zaun\/\"]}]},{\"@type\":\"ImageObject\",\"inLanguage\":\"de\",\"@id\":\"https:\/\/www.sonnenseite.com\/de\/tipps\/steckerfertige-solaranlagen-fuer-die-montage-am-zaun\/#primaryimage\",\"url\":\"https:\/\/www.sonnenseite.com\/wp-content\/uploads\/2023\/04\/GreenAkku-ZaunPV-01.jpg\",\"contentUrl\":\"https:\/\/www.sonnenseite.com\/wp-content\/uploads\/2023\/04\/GreenAkku-ZaunPV-01.jpg\",\"width\":770,\"height\":420,\"caption\":\"GreenAkku | greenakku.de | Mit nur wenigen Handgriffen aus dem Grundst\u00fcckszaun einen Solarzaun machen & gratis Strom erzeugen.\"},{\"@type\":\"BreadcrumbList\",\"@id\":\"https:\/\/www.sonnenseite.com\/de\/tipps\/steckerfertige-solaranlagen-fuer-die-montage-am-zaun\/#breadcrumb\",\"itemListElement\":[{\"@type\":\"ListItem\",\"position\":1,\"name\":\"Startseite\",\"item\":\"https:\/\/www.sonnenseite.com\/de\/\"},{\"@type\":\"ListItem\",\"position\":2,\"name\":\"Steckerfertige Solaranlagen f\u00fcr die Montage am Zaun\"}]},{\"@type\":\"WebSite\",\"@id\":\"https:\/\/www.sonnenseite.com\/de\/#website\",\"url\":\"https:\/\/www.sonnenseite.com\/de\/\",\"name\":\"Sonnenseite\",\"description\":\"\u00d6kologische Kommunikation mit Franz Alt\",\"publisher\":{\"@id\":\"https:\/\/www.sonnenseite.com\/de\/#organization\"},\"potentialAction\":[{\"@type\":\"SearchAction\",\"target\":{\"@type\":\"EntryPoint\",\"urlTemplate\":\"https:\/\/www.sonnenseite.com\/de\/?s={search_term_string}\"},\"query-input\":{\"@type\":\"PropertyValueSpecification\",\"valueRequired\":true,\"valueName\":\"search_term_string\"}}],\"inLanguage\":\"de\"},{\"@type\":\"Organization\",\"@id\":\"https:\/\/www.sonnenseite.com\/de\/#organization\",\"name\":\"Sonnenseite\",\"url\":\"https:\/\/www.sonnenseite.com\/de\/\",\"logo\":{\"@type\":\"ImageObject\",\"inLanguage\":\"de\",\"@id\":\"https:\/\/www.sonnenseite.com\/de\/#\/schema\/logo\/image\/\",\"url\":\"https:\/\/www.sonnenseite.com\/wp-content\/uploads\/2020\/05\/Sonnenseite_Logo.png\",\"contentUrl\":\"https:\/\/www.sonnenseite.com\/wp-content\/uploads\/2020\/05\/Sonnenseite_Logo.png\",\"width\":377,\"height\":90,\"caption\":\"Sonnenseite\"},\"image\":{\"@id\":\"https:\/\/www.sonnenseite.com\/de\/#\/schema\/logo\/image\/\"},\"sameAs\":[\"https:\/\/www.facebook.com\/pages\/Franz-Alt-SONNENSEITECOM\/221072987903953?fref=ts\",\"https:\/\/x.com\/franzalt\",\"http:\/\/www.youtube.com\/results?search_query&amp;amp;quot;franz_alt&amp;amp;quot;&amp;amp;amp;amp;search_type&amp;amp;amp;amp;aq=f\"]},{\"@type\":\"Person\",\"@id\":\"https:\/\/www.sonnenseite.com\/de\/#\/schema\/person\/50fda0e926597684c7cc6695238a4eb9\",\"name\":\"Bigi Alt\"}]}<\/script>\n<!-- \/ Yoast SEO plugin. -->","yoast_head_json":{"title":"Steckerfertige Solaranlagen f\u00fcr die Montage am Zaun - Sonnenseite - \u00d6kologische Kommunikation mit Franz Alt","description":"\u00dcber 37 Millionen Menschen in Deutschland nutzen einen Garten, der in den meisten F\u00e4llen auch \u00fcber einen Zaun verf\u00fcgt und oft den ganzen Tag \u00fcber in der","robots":{"index":"index","follow":"follow","max-snippet":"max-snippet:-1","max-image-preview":"max-image-preview:large","max-video-preview":"max-video-preview:-1"},"canonical":"https:\/\/www.sonnenseite.com\/de\/tipps\/steckerfertige-solaranlagen-fuer-die-montage-am-zaun\/","og_locale":"de_DE","og_type":"article","og_title":"Steckerfertige Solaranlagen f\u00fcr die Montage am Zaun - Sonnenseite - \u00d6kologische Kommunikation mit Franz Alt","og_description":"\u00dcber 37 Millionen Menschen in Deutschland nutzen einen Garten, der in den meisten F\u00e4llen auch \u00fcber einen Zaun verf\u00fcgt und oft den ganzen Tag \u00fcber in der","og_url":"https:\/\/www.sonnenseite.com\/de\/tipps\/steckerfertige-solaranlagen-fuer-die-montage-am-zaun\/","og_site_name":"Sonnenseite","article_publisher":"https:\/\/www.facebook.com\/pages\/Franz-Alt-SONNENSEITECOM\/221072987903953?fref=ts","article_published_time":"2023-04-18T06:47:53+00:00","article_modified_time":"2023-04-18T06:49:15+00:00","og_image":[{"width":770,"height":420,"url":"https:\/\/www.sonnenseite.com\/wp-content\/uploads\/2023\/04\/GreenAkku-ZaunPV-01.jpg","type":"image\/jpeg"}],"author":"Bigi Alt","twitter_card":"summary_large_image","twitter_creator":"@franzalt","twitter_site":"@franzalt","twitter_misc":{"Verfasst von":"Bigi Alt","Gesch\u00e4tzte Lesezeit":"3\u00a0Minuten"},"schema":{"@context":"https:\/\/schema.org","@graph":[{"@type":"Article","@id":"https:\/\/www.sonnenseite.com\/de\/tipps\/steckerfertige-solaranlagen-fuer-die-montage-am-zaun\/#article","isPartOf":{"@id":"https:\/\/www.sonnenseite.com\/de\/tipps\/steckerfertige-solaranlagen-fuer-die-montage-am-zaun\/"},"author":{"name":"Bigi Alt","@id":"https:\/\/www.sonnenseite.com\/de\/#\/schema\/person\/50fda0e926597684c7cc6695238a4eb9"},"headline":"Steckerfertige Solaranlagen f\u00fcr die Montage am Zaun","datePublished":"2023-04-18T06:47:53+00:00","dateModified":"2023-04-18T06:49:15+00:00","mainEntityOfPage":{"@id":"https:\/\/www.sonnenseite.com\/de\/tipps\/steckerfertige-solaranlagen-fuer-die-montage-am-zaun\/"},"wordCount":543,"publisher":{"@id":"https:\/\/www.sonnenseite.com\/de\/#organization"},"image":{"@id":"https:\/\/www.sonnenseite.com\/de\/tipps\/steckerfertige-solaranlagen-fuer-die-montage-am-zaun\/#primaryimage"},"thumbnailUrl":"https:\/\/www.sonnenseite.com\/wp-content\/uploads\/2023\/04\/GreenAkku-ZaunPV-01.jpg","articleSection":["Tipps"],"inLanguage":"de"},{"@type":"WebPage","@id":"https:\/\/www.sonnenseite.com\/de\/tipps\/steckerfertige-solaranlagen-fuer-die-montage-am-zaun\/","url":"https:\/\/www.sonnenseite.com\/de\/tipps\/steckerfertige-solaranlagen-fuer-die-montage-am-zaun\/","name":"Steckerfertige Solaranlagen f\u00fcr die Montage am Zaun - Sonnenseite - \u00d6kologische Kommunikation mit Franz Alt","isPartOf":{"@id":"https:\/\/www.sonnenseite.com\/de\/#website"},"primaryImageOfPage":{"@id":"https:\/\/www.sonnenseite.com\/de\/tipps\/steckerfertige-solaranlagen-fuer-die-montage-am-zaun\/#primaryimage"},"image":{"@id":"https:\/\/www.sonnenseite.com\/de\/tipps\/steckerfertige-solaranlagen-fuer-die-montage-am-zaun\/#primaryimage"},"thumbnailUrl":"https:\/\/www.sonnenseite.com\/wp-content\/uploads\/2023\/04\/GreenAkku-ZaunPV-01.jpg","datePublished":"2023-04-18T06:47:53+00:00","dateModified":"2023-04-18T06:49:15+00:00","description":"\u00dcber 37 Millionen Menschen in Deutschland nutzen einen Garten, der in den meisten F\u00e4llen auch \u00fcber einen Zaun verf\u00fcgt und oft den ganzen Tag \u00fcber in der","breadcrumb":{"@id":"https:\/\/www.sonnenseite.com\/de\/tipps\/steckerfertige-solaranlagen-fuer-die-montage-am-zaun\/#breadcrumb"},"inLanguage":"de","potentialAction":[{"@type":"ReadAction","target":["https:\/\/www.sonnenseite.com\/de\/tipps\/steckerfertige-solaranlagen-fuer-die-montage-am-zaun\/"]}]},{"@type":"ImageObject","inLanguage":"de","@id":"https:\/\/www.sonnenseite.com\/de\/tipps\/steckerfertige-solaranlagen-fuer-die-montage-am-zaun\/#primaryimage","url":"https:\/\/www.sonnenseite.com\/wp-content\/uploads\/2023\/04\/GreenAkku-ZaunPV-01.jpg","contentUrl":"https:\/\/www.sonnenseite.com\/wp-content\/uploads\/2023\/04\/GreenAkku-ZaunPV-01.jpg","width":770,"height":420,"caption":"GreenAkku | greenakku.de | Mit nur wenigen Handgriffen aus dem Grundst\u00fcckszaun einen Solarzaun machen & gratis Strom erzeugen."},{"@type":"BreadcrumbList","@id":"https:\/\/www.sonnenseite.com\/de\/tipps\/steckerfertige-solaranlagen-fuer-die-montage-am-zaun\/#breadcrumb","itemListElement":[{"@type":"ListItem","position":1,"name":"Startseite","item":"https:\/\/www.sonnenseite.com\/de\/"},{"@type":"ListItem","position":2,"name":"Steckerfertige Solaranlagen f\u00fcr die Montage am Zaun"}]},{"@type":"WebSite","@id":"https:\/\/www.sonnenseite.com\/de\/#website","url":"https:\/\/www.sonnenseite.com\/de\/","name":"Sonnenseite","description":"\u00d6kologische Kommunikation mit Franz Alt","publisher":{"@id":"https:\/\/www.sonnenseite.com\/de\/#organization"},"potentialAction":[{"@type":"SearchAction","target":{"@type":"EntryPoint","urlTemplate":"https:\/\/www.sonnenseite.com\/de\/?s={search_term_string}"},"query-input":{"@type":"PropertyValueSpecification","valueRequired":true,"valueName":"search_term_string"}}],"inLanguage":"de"},{"@type":"Organization","@id":"https:\/\/www.sonnenseite.com\/de\/#organization","name":"Sonnenseite","url":"https:\/\/www.sonnenseite.com\/de\/","logo":{"@type":"ImageObject","inLanguage":"de","@id":"https:\/\/www.sonnenseite.com\/de\/#\/schema\/logo\/image\/","url":"https:\/\/www.sonnenseite.com\/wp-content\/uploads\/2020\/05\/Sonnenseite_Logo.png","contentUrl":"https:\/\/www.sonnenseite.com\/wp-content\/uploads\/2020\/05\/Sonnenseite_Logo.png","width":377,"height":90,"caption":"Sonnenseite"},"image":{"@id":"https:\/\/www.sonnenseite.com\/de\/#\/schema\/logo\/image\/"},"sameAs":["https:\/\/www.facebook.com\/pages\/Franz-Alt-SONNENSEITECOM\/221072987903953?fref=ts","https:\/\/x.com\/franzalt","http:\/\/www.youtube.com\/results?search_query&amp;amp;quot;franz_alt&amp;amp;quot;&amp;amp;amp;amp;search_type&amp;amp;amp;amp;aq=f"]},{"@type":"Person","@id":"https:\/\/www.sonnenseite.com\/de\/#\/schema\/person\/50fda0e926597684c7cc6695238a4eb9","name":"Bigi Alt"}]}},"_links":{"self":[{"href":"https:\/\/www.sonnenseite.com\/de\/wp-json\/wp\/v2\/posts\/90622","targetHints":{"allow":["GET"]}}],"collection":[{"href":"https:\/\/www.sonnenseite.com\/de\/wp-json\/wp\/v2\/posts"}],"about":[{"href":"https:\/\/www.sonnenseite.com\/de\/wp-json\/wp\/v2\/types\/post"}],"author":[{"embeddable":true,"href":"https:\/\/www.sonnenseite.com\/de\/wp-json\/wp\/v2\/users\/3"}],"replies":[{"embeddable":true,"href":"https:\/\/www.sonnenseite.com\/de\/wp-json\/wp\/v2\/comments?post=90622"}],"version-history":[{"count":2,"href":"https:\/\/www.sonnenseite.com\/de\/wp-json\/wp\/v2\/posts\/90622\/revisions"}],"predecessor-version":[{"id":90626,"href":"https:\/\/www.sonnenseite.com\/de\/wp-json\/wp\/v2\/posts\/90622\/revisions\/90626"}],"wp:featuredmedia":[{"embeddable":true,"href":"https:\/\/www.sonnenseite.com\/de\/wp-json\/wp\/v2\/media\/90624"}],"wp:attachment":[{"href":"https:\/\/www.sonnenseite.com\/de\/wp-json\/wp\/v2\/media?parent=90622"}],"wp:term":[{"taxonomy":"category","embeddable":true,"href":"https:\/\/www.sonnenseite.com\/de\/wp-json\/wp\/v2\/categories?post=90622"},{"taxonomy":"post_tag","embeddable":true,"href":"https:\/\/www.sonnenseite.com\/de\/wp-json\/wp\/v2\/tags?post=90622"}],"curies":[{"name":"wp","href":"https:\/\/api.w.org\/{rel}","templated":true}]}}