{"id":90773,"date":"2023-04-25T02:34:00","date_gmt":"2023-04-25T00:34:00","guid":{"rendered":"https:\/\/www.sonnenseite.com\/?p=90773"},"modified":"2023-04-23T09:40:00","modified_gmt":"2023-04-23T07:40:00","slug":"glasbausteine-waermedaemmend-und-lichtdurchlaessig","status":"publish","type":"post","link":"https:\/\/www.sonnenseite.com\/de\/wissenschaft\/glasbausteine-waermedaemmend-und-lichtdurchlaessig\/","title":{"rendered":"Glasbausteine: w\u00e4rmed\u00e4mmend und lichtdurchl\u00e4ssig"},"content":{"rendered":"\n<p>Glasbausteine sind in der Architektur schon seit langem beliebt, um mehr Licht in Geb\u00e4ude zu bringen. Bisher eigneten sie sich jedoch nicht f\u00fcr tragende W\u00e4nde und isolierten erst noch schlecht. <\/p>\n\n\n\n<p>Ein Empa-Team hat nun einen lichtdurchl\u00e4ssigen und dank Aerogel gut d\u00e4mmenden Glasbaustein entwickelt, der sogar tragende Elemente erm\u00f6glicht. Damit lassen sich \u00e4sthetische, transluzente W\u00e4nde bauen, die im Geb\u00e4udeinneren den Bedarf an k\u00fcnstlicher Beleuchtung senken.<\/p>\n\n\n\n<p>Verglaste Bauelemente sind in der Architektur eine beliebte Methode, um Licht in ein Geb\u00e4ude zu lassen. So l\u00e4sst sich das umweltfreundliche Tageslicht besser nutzen, und es wird weniger k\u00fcnstliche Beleuchtung ben\u00f6tigt. Um diesen Vorteil zu maximieren, sollten aus den Glaselementen jedoch m\u00f6glichst ganze W\u00e4nde f\u00fcr die Geb\u00e4udeh\u00fclle gebaut werden, was voraussetzt, dass die Elemente \u00fcber eine wirksame W\u00e4rmed\u00e4mmung verf\u00fcgen und eine gewisse Last tragen k\u00f6nnen \u2013 eine Kombination, die so auf dem Markt bislang nicht verf\u00fcgbar war.<\/p>\n\n\n\n<h5 class=\"wp-block-heading\">Beide Anforderung erf\u00fcllt: hochd\u00e4mmend und lichtdurchl\u00e4ssig<\/h5>\n\n\n<div class=\"wp-block-image\">\n<figure class=\"alignleft size-full is-resized\"><img loading=\"lazy\" decoding=\"async\" src=\"https:\/\/www.sonnenseite.com\/wp-content\/uploads\/2023\/04\/Empa_Glasbaustein01.jpg\" alt=\"\" class=\"wp-image-90775\" width=\"366\" height=\"206\" srcset=\"https:\/\/www.sonnenseite.com\/wp-content\/uploads\/2023\/04\/Empa_Glasbaustein01.jpg 435w, https:\/\/www.sonnenseite.com\/wp-content\/uploads\/2023\/04\/Empa_Glasbaustein01-300x169.jpg 300w\" sizes=\"auto, (max-width: 366px) 100vw, 366px\" \/><figcaption class=\"wp-element-caption\">\u00a9 Empa.ch | Eine ganze Wand aus Aerogel-Glasbausteinen bringt Tageslicht von draussen in den Innenraum \u2013 samt deren positiver Effekte auf die Bewohnerinnen und Bewohner \u2013 und ist trotzdem hoch islolierend.<\/figcaption><\/figure>\n<\/div>\n\n\n<p>Silikat-Aerogele sind thermische Hochleistungsd\u00e4mmstoffe, die im Bausektor zunehmend Verbreitung finden. Am gebr\u00e4uchlichsten sind undurchsichtige D\u00e4mmmatten und -putze. Empa-Forscher Jannis Wernery und seine Kollegen aus der Abteilung \u00abBuilding Energy Materials and Components\u00bb hatten bereits 2017 die Idee, den D\u00e4mmstoff direkt in einen Baustein zu integrieren und stellten einen neuartigen, mit Aerogel gef\u00fcllten Ziegelstein vor, den sogenannten \u00abAerobrick\u00bb. Dieser spart dank seiner hervorragenden W\u00e4rmed\u00e4mmung Heizkosten \u2013 ganz ohne zus\u00e4tzlich auf das Mauerwerk aufgebrachte D\u00e4mmschicht.<\/p>\n\n\n\n<p>Aerogel kann jedoch auch nahezu transparent sein, was ein lichtdurchl\u00e4ssiges, isolierendes Bausystem erm\u00f6glicht. Um das auszunutzen und die D\u00e4mmleistung des \u00abAerobrick\u00bb noch weiter zu verbessern, entwickelten Wernery, Michal Ganobjak und Co. ein neuartiges modulares Bauteil auf der Basis von Floatglas und Silikat-Aerogel-Granulat, das beide Eigenschaften vereint \u2013 es ist lichtdurchl\u00e4ssig und w\u00e4rmed\u00e4mmend: der Aerogel-Glasbaustein.<\/p>\n\n\n\n<p>Die mit lichtdurchl\u00e4ssigem Aerogel-Granulat gef\u00fcllten Glasbausteine lassen den Bau von \u00e4sthetisch ansprechenden und sogar tragenden Fassadenelementen zu, die einen grossfl\u00e4chigen Tageslichteintrag erm\u00f6glichen. Diese Kombination von Festigkeit, D\u00e4mmung und Lichtdurchl\u00e4ssigkeit erreichten die Empa-Forschenden durch versetzte Abstandshalter zwischen den Glasscheiben innerhalb des Glasbausteins, die die statische Stabilit\u00e4t bei minimalem W\u00e4rmedurchgang gew\u00e4hrleisten.<\/p>\n\n\n\n<p>Der Glasbaustein hat eine gemessene W\u00e4rmeleitf\u00e4higkeit von 53 mW\/(m\u2219K) und eine Druckfestigkeit von fast 45 MPa. Dies ist die h\u00f6chste D\u00e4mmleistung eines Ziegels, die in der Fachliteratur, geschweige denn auf dem Markt zu finden ist. Gleichzeitig kommt die Eigenschaft der Lichtdurchl\u00e4ssigkeit hinzu.<\/p>\n\n\n\n<h5 class=\"wp-block-heading\">Vielf\u00e4ltige Anwendungen im Blick<\/h5>\n\n\n\n<p>Der Aerogel-Glasbaustein eignet sich f\u00fcr Anwendungen, in denen gleichzeitig Anforderungen an hohen Tageslichteintrag, Blendschutz und Schutz der Privatsph\u00e4re bestehen, etwa in B\u00fcros, Bibliotheken und Museen. Ein wichtiger Aspekt ist dabei, dass eine Geb\u00e4udeh\u00fclle aus solchen Glassteinen das Geb\u00e4udeinnere in Sachen Tageslicht an den Aussenraum koppelt. Dies kann sich positiv auf den Tagesrhythmus der Geb\u00e4udenutzer auswirken. M\u00f6gliche Anwendungen sind etwa<\/p>\n\n\n\n<ul class=\"wp-block-list\">\n<li>R\u00e4ume, die keine Sichtverbindung nach aussen haben sollen, zum Beispiel aus Gr\u00fcnden der Privatsph\u00e4re, der Sicherheit oder der Vermeidung von St\u00f6rungen, aber dennoch diffuses Tageslicht ins Innere lassen sollen, also etwa Bibliotheken, Galerien, Museen, Foyers, B\u00fcros, Treppenhauskerne, Turnhallen, Mehrzweckhallen, Wohnh\u00e4user oder Kunstwerkst\u00e4tten<\/li>\n\n\n\n<li>R\u00e4ume, in denen Tageslicht f\u00fcr einen gesunden zirkadianen Rhythmus notwendig ist, wie Wohnheime, Krankenh\u00e4user und Sanatorien, aber auch Zoos, St\u00e4lle und Tierzuchten bis hin zu Gew\u00e4chsh\u00e4usern<\/li>\n\n\n\n<li>Orte, an denen ein Maximum an Tageslicht eingebracht und Platz gespart werden soll, etwa in dicht bebauten Stadtquartieren mit Hochh\u00e4usern und vielen Stadtwohnungen<\/li>\n\n\n\n<li>Architektonische Elemente wie Trombe-W\u00e4nde in der Solararchitektur, in Innenh\u00f6fen oder Atrien, die aus der Infrarotstrahlung des Sonnenlichts W\u00e4rme generieren<\/li>\n<\/ul>\n\n\n\n<p>Eine Analyse der Materialkosten zeigt, dass der Isolierglasbaustein in solchen Anwendungen durchaus wettbewerbsf\u00e4hig sein kann. Der Glasbaustein bietet somit der Architektur neue Gestaltungsm\u00f6glichkeiten f\u00fcr mehr Tageslicht in Geb\u00e4uden \u2013 und zwar sowohl f\u00fcr Neubauten als auch bei Renovierungen. Die Forschenden haben den Aerogel-Glasbaustein inzwischen zum Patent angemeldet und sind auf der Suche nach m\u00f6glichen Industriepartnern.<\/p>\n\n\n\n<p>Das Projekt wird durch die Velux Stiftung, Projekt Nr. 1440 zur Entwicklung eines hochd\u00e4mmenden, transluzenten Glassteins f\u00fcr diffusiven Tageslichteintrag unterst\u00fctzt. Die Projektidee wurde mit Unterst\u00fctzung durch das Horizon 2020 Research and Innovation Programm der Europ\u00e4ischen Union im Rahmen der Marie Sk\u0142odowska-Curie Actions, Vertragsnummer 746992, erarbeitet.<\/p>\n\n\n<h5 class=\"green\">Quelle<\/h5>\r\n\n\n\n<p><a href=\"https:\/\/www.empa.ch\/web\/s604\/aerogel-glasbaustein\">Eidgen\u00f6ssischen Materialpr\u00fcfungs- und Forschungsanstalt (Empa) 2023<\/a><\/p>\n<div class=\"shariff shariff-align-flex-start shariff-widget-align-flex-start\"><div class=\"ShariffHeadline\">Diese Meldung teilen<\/div><ul class=\"shariff-buttons theme-round orientation-horizontal buttonsize-medium\"><li class=\"shariff-button facebook shariff-nocustomcolor\" style=\"background-color:#4273c8;border-radius:1%\"><a href=\"https:\/\/www.facebook.com\/sharer\/sharer.php?u=https%3A%2F%2Fwww.sonnenseite.com%2Fde%2Fwissenschaft%2Fglasbausteine-waermedaemmend-und-lichtdurchlaessig%2F\" title=\"Bei Facebook teilen\" aria-label=\"Bei Facebook teilen\" role=\"button\" rel=\"nofollow\" class=\"shariff-link\" style=\";border-radius:1%; background-color:#3b5998; color:#fff\" target=\"_blank\"><span class=\"shariff-icon\" style=\"\"><svg width=\"32px\" height=\"20px\" xmlns=\"http:\/\/www.w3.org\/2000\/svg\" viewBox=\"0 0 18 32\"><path fill=\"#3b5998\" d=\"M17.1 0.2v4.7h-2.8q-1.5 0-2.1 0.6t-0.5 1.9v3.4h5.2l-0.7 5.3h-4.5v13.6h-5.5v-13.6h-4.5v-5.3h4.5v-3.9q0-3.3 1.9-5.2t5-1.8q2.6 0 4.1 0.2z\"\/><\/svg><\/span><\/a><\/li><li class=\"shariff-button twitter shariff-nocustomcolor\" style=\"background-color:#595959;border-radius:1%\"><a href=\"https:\/\/twitter.com\/share?url=https%3A%2F%2Fwww.sonnenseite.com%2Fde%2Fwissenschaft%2Fglasbausteine-waermedaemmend-und-lichtdurchlaessig%2F&text=Glasbausteine%3A%20w%C3%A4rmed%C3%A4mmend%20und%20lichtdurchl%C3%A4ssig\" title=\"Bei X teilen\" aria-label=\"Bei X teilen\" role=\"button\" rel=\"noopener nofollow\" class=\"shariff-link\" style=\";border-radius:1%; background-color:#000; color:#fff\" target=\"_blank\"><span class=\"shariff-icon\" style=\"\"><svg width=\"32px\" height=\"20px\" xmlns=\"http:\/\/www.w3.org\/2000\/svg\" viewBox=\"0 0 24 24\"><path fill=\"#000\" d=\"M14.258 10.152L23.176 0h-2.113l-7.747 8.813L7.133 0H0l9.352 13.328L0 23.973h2.113l8.176-9.309 6.531 9.309h7.133zm-2.895 3.293l-.949-1.328L2.875 1.56h3.246l6.086 8.523.945 1.328 7.91 11.078h-3.246zm0 0\"\/><\/svg><\/span><\/a><\/li><li class=\"shariff-button xing shariff-nocustomcolor\" style=\"background-color:#29888a;border-radius:1%\"><a href=\"https:\/\/www.xing.com\/spi\/shares\/new?url=https%3A%2F%2Fwww.sonnenseite.com%2Fde%2Fwissenschaft%2Fglasbausteine-waermedaemmend-und-lichtdurchlaessig%2F\" title=\"Bei XING teilen\" aria-label=\"Bei XING teilen\" role=\"button\" rel=\"noopener nofollow\" class=\"shariff-link\" style=\";border-radius:1%; background-color:#126567; color:#fff\" target=\"_blank\"><span class=\"shariff-icon\" style=\"\"><svg width=\"32px\" height=\"20px\" xmlns=\"http:\/\/www.w3.org\/2000\/svg\" viewBox=\"0 0 25 32\"><path fill=\"#126567\" d=\"M10.7 11.9q-0.2 0.3-4.6 8.2-0.5 0.8-1.2 0.8h-4.3q-0.4 0-0.5-0.3t0-0.6l4.5-8q0 0 0 0l-2.9-5q-0.2-0.4 0-0.7 0.2-0.3 0.5-0.3h4.3q0.7 0 1.2 0.8zM25.1 0.4q0.2 0.3 0 0.7l-9.4 16.7 6 11q0.2 0.4 0 0.6-0.2 0.3-0.6 0.3h-4.3q-0.7 0-1.2-0.8l-6-11.1q0.3-0.6 9.5-16.8 0.4-0.8 1.2-0.8h4.3q0.4 0 0.5 0.3z\"\/><\/svg><\/span><\/a><\/li><li class=\"shariff-button linkedin shariff-nocustomcolor\" style=\"background-color:#1488bf;border-radius:1%\"><a href=\"https:\/\/www.linkedin.com\/sharing\/share-offsite\/?url=https%3A%2F%2Fwww.sonnenseite.com%2Fde%2Fwissenschaft%2Fglasbausteine-waermedaemmend-und-lichtdurchlaessig%2F\" title=\"Bei LinkedIn teilen\" aria-label=\"Bei LinkedIn teilen\" role=\"button\" rel=\"noopener nofollow\" class=\"shariff-link\" style=\";border-radius:1%; background-color:#0077b5; color:#fff\" target=\"_blank\"><span class=\"shariff-icon\" style=\"\"><svg width=\"32px\" height=\"20px\" xmlns=\"http:\/\/www.w3.org\/2000\/svg\" viewBox=\"0 0 27 32\"><path fill=\"#0077b5\" d=\"M6.2 11.2v17.7h-5.9v-17.7h5.9zM6.6 5.7q0 1.3-0.9 2.2t-2.4 0.9h0q-1.5 0-2.4-0.9t-0.9-2.2 0.9-2.2 2.4-0.9 2.4 0.9 0.9 2.2zM27.4 18.7v10.1h-5.9v-9.5q0-1.9-0.7-2.9t-2.3-1.1q-1.1 0-1.9 0.6t-1.2 1.5q-0.2 0.5-0.2 1.4v9.9h-5.9q0-7.1 0-11.6t0-5.3l0-0.9h5.9v2.6h0q0.4-0.6 0.7-1t1-0.9 1.6-0.8 2-0.3q3 0 4.9 2t1.9 6z\"\/><\/svg><\/span><\/a><\/li><li class=\"shariff-button printer shariff-nocustomcolor\" style=\"background-color:#a8a8a8;border-radius:1%\"><a href=\"javascript:window.print()\" title=\"drucken\" aria-label=\"drucken\" role=\"button\" rel=\"noopener nofollow\" class=\"shariff-link\" style=\";border-radius:1%; background-color:#999; color:#fff\"><span class=\"shariff-icon\" style=\"\"><svg width=\"32px\" height=\"20px\" xmlns=\"http:\/\/www.w3.org\/2000\/svg\" viewBox=\"0 0 30 32\"><path fill=\"#999\" d=\"M6.8 27.4h16v-4.6h-16v4.6zM6.8 16h16v-6.8h-2.8q-0.7 0-1.2-0.5t-0.5-1.2v-2.8h-11.4v11.4zM27.4 17.2q0-0.5-0.3-0.8t-0.8-0.4-0.8 0.4-0.3 0.8 0.3 0.8 0.8 0.3 0.8-0.3 0.3-0.8zM29.7 17.2v7.4q0 0.2-0.2 0.4t-0.4 0.2h-4v2.8q0 0.7-0.5 1.2t-1.2 0.5h-17.2q-0.7 0-1.2-0.5t-0.5-1.2v-2.8h-4q-0.2 0-0.4-0.2t-0.2-0.4v-7.4q0-1.4 1-2.4t2.4-1h1.2v-9.7q0-0.7 0.5-1.2t1.2-0.5h12q0.7 0 1.6 0.4t1.3 0.8l2.7 2.7q0.5 0.5 0.9 1.4t0.4 1.6v4.6h1.1q1.4 0 2.4 1t1 2.4z\"\/><\/svg><\/span><\/a><\/li><li class=\"shariff-button mailto shariff-nocustomcolor\" style=\"background-color:#a8a8a8;border-radius:1%\"><a href=\"mailto:?body=https%3A%2F%2Fwww.sonnenseite.com%2Fde%2Fwissenschaft%2Fglasbausteine-waermedaemmend-und-lichtdurchlaessig%2F&subject=Glasbausteine%3A%20w%C3%A4rmed%C3%A4mmend%20und%20lichtdurchl%C3%A4ssig\" title=\"Per E-Mail versenden\" aria-label=\"Per E-Mail versenden\" role=\"button\" rel=\"noopener nofollow\" class=\"shariff-link\" style=\";border-radius:1%; background-color:#999; color:#fff\"><span class=\"shariff-icon\" style=\"\"><svg width=\"32px\" height=\"20px\" xmlns=\"http:\/\/www.w3.org\/2000\/svg\" viewBox=\"0 0 32 32\"><path fill=\"#999\" d=\"M32 12.7v14.2q0 1.2-0.8 2t-2 0.9h-26.3q-1.2 0-2-0.9t-0.8-2v-14.2q0.8 0.9 1.8 1.6 6.5 4.4 8.9 6.1 1 0.8 1.6 1.2t1.7 0.9 2 0.4h0.1q0.9 0 2-0.4t1.7-0.9 1.6-1.2q3-2.2 8.9-6.1 1-0.7 1.8-1.6zM32 7.4q0 1.4-0.9 2.7t-2.2 2.2q-6.7 4.7-8.4 5.8-0.2 0.1-0.7 0.5t-1 0.7-0.9 0.6-1.1 0.5-0.9 0.2h-0.1q-0.4 0-0.9-0.2t-1.1-0.5-0.9-0.6-1-0.7-0.7-0.5q-1.6-1.1-4.7-3.2t-3.6-2.6q-1.1-0.7-2.1-2t-1-2.5q0-1.4 0.7-2.3t2.1-0.9h26.3q1.2 0 2 0.8t0.9 2z\"\/><\/svg><\/span><\/a><\/li><\/ul><\/div>","protected":false},"excerpt":{"rendered":"<p>Glasbausteine sind in der Architektur schon seit langem beliebt, um mehr Licht in Geb\u00e4ude zu bringen. [&hellip;]<\/p>\n","protected":false},"author":3,"featured_media":90777,"comment_status":"closed","ping_status":"closed","sticky":false,"template":"","format":"standard","meta":{"inline_featured_image":false,"footnotes":""},"categories":[26],"tags":[],"class_list":["post-90773","post","type-post","status-publish","format-standard","has-post-thumbnail","hentry","category-wissenschaft"],"yoast_head":"<!-- This site is optimized with the Yoast SEO plugin v26.5 - https:\/\/yoast.com\/wordpress\/plugins\/seo\/ -->\n<title>Glasbausteine: w\u00e4rmed\u00e4mmend und lichtdurchl\u00e4ssig - Sonnenseite - \u00d6kologische Kommunikation mit Franz Alt<\/title>\n<meta name=\"description\" content=\"Glasbausteine sind in der Architektur schon seit langem beliebt, um mehr Licht in Geb\u00e4ude zu bringen. Bisher eigneten sie sich jedoch nicht f\u00fcr tragende\" \/>\n<meta name=\"robots\" content=\"index, follow, max-snippet:-1, max-image-preview:large, max-video-preview:-1\" \/>\n<link rel=\"canonical\" href=\"https:\/\/www.sonnenseite.com\/de\/wissenschaft\/glasbausteine-waermedaemmend-und-lichtdurchlaessig\/\" \/>\n<meta property=\"og:locale\" content=\"de_DE\" \/>\n<meta property=\"og:type\" content=\"article\" \/>\n<meta property=\"og:title\" content=\"Glasbausteine: w\u00e4rmed\u00e4mmend und lichtdurchl\u00e4ssig - Sonnenseite - \u00d6kologische Kommunikation mit Franz Alt\" \/>\n<meta property=\"og:description\" content=\"Glasbausteine sind in der Architektur schon seit langem beliebt, um mehr Licht in Geb\u00e4ude zu bringen. Bisher eigneten sie sich jedoch nicht f\u00fcr tragende\" \/>\n<meta property=\"og:url\" content=\"https:\/\/www.sonnenseite.com\/de\/wissenschaft\/glasbausteine-waermedaemmend-und-lichtdurchlaessig\/\" \/>\n<meta property=\"og:site_name\" content=\"Sonnenseite\" \/>\n<meta property=\"article:publisher\" content=\"https:\/\/www.facebook.com\/pages\/Franz-Alt-SONNENSEITECOM\/221072987903953?fref=ts\" \/>\n<meta property=\"article:published_time\" content=\"2023-04-25T00:34:00+00:00\" \/>\n<meta property=\"og:image\" content=\"https:\/\/www.sonnenseite.com\/wp-content\/uploads\/2023\/04\/Empa_Glasbaustein.jpg\" \/>\n\t<meta property=\"og:image:width\" content=\"770\" \/>\n\t<meta property=\"og:image:height\" content=\"420\" \/>\n\t<meta property=\"og:image:type\" content=\"image\/jpeg\" \/>\n<meta name=\"author\" content=\"Bigi Alt\" \/>\n<meta name=\"twitter:card\" content=\"summary_large_image\" \/>\n<meta name=\"twitter:creator\" content=\"@franzalt\" \/>\n<meta name=\"twitter:site\" content=\"@franzalt\" \/>\n<meta name=\"twitter:label1\" content=\"Verfasst von\" \/>\n\t<meta name=\"twitter:data1\" content=\"Bigi Alt\" \/>\n\t<meta name=\"twitter:label2\" content=\"Gesch\u00e4tzte Lesezeit\" \/>\n\t<meta name=\"twitter:data2\" content=\"4\u00a0Minuten\" \/>\n<script type=\"application\/ld+json\" class=\"yoast-schema-graph\">{\"@context\":\"https:\/\/schema.org\",\"@graph\":[{\"@type\":\"Article\",\"@id\":\"https:\/\/www.sonnenseite.com\/de\/wissenschaft\/glasbausteine-waermedaemmend-und-lichtdurchlaessig\/#article\",\"isPartOf\":{\"@id\":\"https:\/\/www.sonnenseite.com\/de\/wissenschaft\/glasbausteine-waermedaemmend-und-lichtdurchlaessig\/\"},\"author\":{\"name\":\"Bigi Alt\",\"@id\":\"https:\/\/www.sonnenseite.com\/de\/#\/schema\/person\/50fda0e926597684c7cc6695238a4eb9\"},\"headline\":\"Glasbausteine: w\u00e4rmed\u00e4mmend und lichtdurchl\u00e4ssig\",\"datePublished\":\"2023-04-25T00:34:00+00:00\",\"mainEntityOfPage\":{\"@id\":\"https:\/\/www.sonnenseite.com\/de\/wissenschaft\/glasbausteine-waermedaemmend-und-lichtdurchlaessig\/\"},\"wordCount\":764,\"publisher\":{\"@id\":\"https:\/\/www.sonnenseite.com\/de\/#organization\"},\"image\":{\"@id\":\"https:\/\/www.sonnenseite.com\/de\/wissenschaft\/glasbausteine-waermedaemmend-und-lichtdurchlaessig\/#primaryimage\"},\"thumbnailUrl\":\"https:\/\/www.sonnenseite.com\/wp-content\/uploads\/2023\/04\/Empa_Glasbaustein.jpg\",\"articleSection\":[\"Wissenschaft\"],\"inLanguage\":\"de\"},{\"@type\":\"WebPage\",\"@id\":\"https:\/\/www.sonnenseite.com\/de\/wissenschaft\/glasbausteine-waermedaemmend-und-lichtdurchlaessig\/\",\"url\":\"https:\/\/www.sonnenseite.com\/de\/wissenschaft\/glasbausteine-waermedaemmend-und-lichtdurchlaessig\/\",\"name\":\"Glasbausteine: w\u00e4rmed\u00e4mmend und lichtdurchl\u00e4ssig - Sonnenseite - \u00d6kologische Kommunikation mit Franz Alt\",\"isPartOf\":{\"@id\":\"https:\/\/www.sonnenseite.com\/de\/#website\"},\"primaryImageOfPage\":{\"@id\":\"https:\/\/www.sonnenseite.com\/de\/wissenschaft\/glasbausteine-waermedaemmend-und-lichtdurchlaessig\/#primaryimage\"},\"image\":{\"@id\":\"https:\/\/www.sonnenseite.com\/de\/wissenschaft\/glasbausteine-waermedaemmend-und-lichtdurchlaessig\/#primaryimage\"},\"thumbnailUrl\":\"https:\/\/www.sonnenseite.com\/wp-content\/uploads\/2023\/04\/Empa_Glasbaustein.jpg\",\"datePublished\":\"2023-04-25T00:34:00+00:00\",\"description\":\"Glasbausteine sind in der Architektur schon seit langem beliebt, um mehr Licht in Geb\u00e4ude zu bringen. Bisher eigneten sie sich jedoch nicht f\u00fcr tragende\",\"breadcrumb\":{\"@id\":\"https:\/\/www.sonnenseite.com\/de\/wissenschaft\/glasbausteine-waermedaemmend-und-lichtdurchlaessig\/#breadcrumb\"},\"inLanguage\":\"de\",\"potentialAction\":[{\"@type\":\"ReadAction\",\"target\":[\"https:\/\/www.sonnenseite.com\/de\/wissenschaft\/glasbausteine-waermedaemmend-und-lichtdurchlaessig\/\"]}]},{\"@type\":\"ImageObject\",\"inLanguage\":\"de\",\"@id\":\"https:\/\/www.sonnenseite.com\/de\/wissenschaft\/glasbausteine-waermedaemmend-und-lichtdurchlaessig\/#primaryimage\",\"url\":\"https:\/\/www.sonnenseite.com\/wp-content\/uploads\/2023\/04\/Empa_Glasbaustein.jpg\",\"contentUrl\":\"https:\/\/www.sonnenseite.com\/wp-content\/uploads\/2023\/04\/Empa_Glasbaustein.jpg\",\"width\":770,\"height\":420,\"caption\":\"Empa.ch | Aerogel-Glasbausteine sind w\u00e4rmed\u00e4mmend und lichtdurchl\u00e4ssig, aber trotzdem blickdicht \u2013 und sch\u00fctzen so die Privatsph\u00e4re.\"},{\"@type\":\"BreadcrumbList\",\"@id\":\"https:\/\/www.sonnenseite.com\/de\/wissenschaft\/glasbausteine-waermedaemmend-und-lichtdurchlaessig\/#breadcrumb\",\"itemListElement\":[{\"@type\":\"ListItem\",\"position\":1,\"name\":\"Startseite\",\"item\":\"https:\/\/www.sonnenseite.com\/de\/\"},{\"@type\":\"ListItem\",\"position\":2,\"name\":\"Glasbausteine: w\u00e4rmed\u00e4mmend und lichtdurchl\u00e4ssig\"}]},{\"@type\":\"WebSite\",\"@id\":\"https:\/\/www.sonnenseite.com\/de\/#website\",\"url\":\"https:\/\/www.sonnenseite.com\/de\/\",\"name\":\"Sonnenseite\",\"description\":\"\u00d6kologische Kommunikation mit Franz Alt\",\"publisher\":{\"@id\":\"https:\/\/www.sonnenseite.com\/de\/#organization\"},\"potentialAction\":[{\"@type\":\"SearchAction\",\"target\":{\"@type\":\"EntryPoint\",\"urlTemplate\":\"https:\/\/www.sonnenseite.com\/de\/?s={search_term_string}\"},\"query-input\":{\"@type\":\"PropertyValueSpecification\",\"valueRequired\":true,\"valueName\":\"search_term_string\"}}],\"inLanguage\":\"de\"},{\"@type\":\"Organization\",\"@id\":\"https:\/\/www.sonnenseite.com\/de\/#organization\",\"name\":\"Sonnenseite\",\"url\":\"https:\/\/www.sonnenseite.com\/de\/\",\"logo\":{\"@type\":\"ImageObject\",\"inLanguage\":\"de\",\"@id\":\"https:\/\/www.sonnenseite.com\/de\/#\/schema\/logo\/image\/\",\"url\":\"https:\/\/www.sonnenseite.com\/wp-content\/uploads\/2020\/05\/Sonnenseite_Logo.png\",\"contentUrl\":\"https:\/\/www.sonnenseite.com\/wp-content\/uploads\/2020\/05\/Sonnenseite_Logo.png\",\"width\":377,\"height\":90,\"caption\":\"Sonnenseite\"},\"image\":{\"@id\":\"https:\/\/www.sonnenseite.com\/de\/#\/schema\/logo\/image\/\"},\"sameAs\":[\"https:\/\/www.facebook.com\/pages\/Franz-Alt-SONNENSEITECOM\/221072987903953?fref=ts\",\"https:\/\/x.com\/franzalt\",\"http:\/\/www.youtube.com\/results?search_query&amp;amp;quot;franz_alt&amp;amp;quot;&amp;amp;amp;amp;search_type&amp;amp;amp;amp;aq=f\"]},{\"@type\":\"Person\",\"@id\":\"https:\/\/www.sonnenseite.com\/de\/#\/schema\/person\/50fda0e926597684c7cc6695238a4eb9\",\"name\":\"Bigi Alt\"}]}<\/script>\n<!-- \/ Yoast SEO plugin. -->","yoast_head_json":{"title":"Glasbausteine: w\u00e4rmed\u00e4mmend und lichtdurchl\u00e4ssig - Sonnenseite - \u00d6kologische Kommunikation mit Franz Alt","description":"Glasbausteine sind in der Architektur schon seit langem beliebt, um mehr Licht in Geb\u00e4ude zu bringen. Bisher eigneten sie sich jedoch nicht f\u00fcr tragende","robots":{"index":"index","follow":"follow","max-snippet":"max-snippet:-1","max-image-preview":"max-image-preview:large","max-video-preview":"max-video-preview:-1"},"canonical":"https:\/\/www.sonnenseite.com\/de\/wissenschaft\/glasbausteine-waermedaemmend-und-lichtdurchlaessig\/","og_locale":"de_DE","og_type":"article","og_title":"Glasbausteine: w\u00e4rmed\u00e4mmend und lichtdurchl\u00e4ssig - Sonnenseite - \u00d6kologische Kommunikation mit Franz Alt","og_description":"Glasbausteine sind in der Architektur schon seit langem beliebt, um mehr Licht in Geb\u00e4ude zu bringen. Bisher eigneten sie sich jedoch nicht f\u00fcr tragende","og_url":"https:\/\/www.sonnenseite.com\/de\/wissenschaft\/glasbausteine-waermedaemmend-und-lichtdurchlaessig\/","og_site_name":"Sonnenseite","article_publisher":"https:\/\/www.facebook.com\/pages\/Franz-Alt-SONNENSEITECOM\/221072987903953?fref=ts","article_published_time":"2023-04-25T00:34:00+00:00","og_image":[{"width":770,"height":420,"url":"https:\/\/www.sonnenseite.com\/wp-content\/uploads\/2023\/04\/Empa_Glasbaustein.jpg","type":"image\/jpeg"}],"author":"Bigi Alt","twitter_card":"summary_large_image","twitter_creator":"@franzalt","twitter_site":"@franzalt","twitter_misc":{"Verfasst von":"Bigi Alt","Gesch\u00e4tzte Lesezeit":"4\u00a0Minuten"},"schema":{"@context":"https:\/\/schema.org","@graph":[{"@type":"Article","@id":"https:\/\/www.sonnenseite.com\/de\/wissenschaft\/glasbausteine-waermedaemmend-und-lichtdurchlaessig\/#article","isPartOf":{"@id":"https:\/\/www.sonnenseite.com\/de\/wissenschaft\/glasbausteine-waermedaemmend-und-lichtdurchlaessig\/"},"author":{"name":"Bigi Alt","@id":"https:\/\/www.sonnenseite.com\/de\/#\/schema\/person\/50fda0e926597684c7cc6695238a4eb9"},"headline":"Glasbausteine: w\u00e4rmed\u00e4mmend und lichtdurchl\u00e4ssig","datePublished":"2023-04-25T00:34:00+00:00","mainEntityOfPage":{"@id":"https:\/\/www.sonnenseite.com\/de\/wissenschaft\/glasbausteine-waermedaemmend-und-lichtdurchlaessig\/"},"wordCount":764,"publisher":{"@id":"https:\/\/www.sonnenseite.com\/de\/#organization"},"image":{"@id":"https:\/\/www.sonnenseite.com\/de\/wissenschaft\/glasbausteine-waermedaemmend-und-lichtdurchlaessig\/#primaryimage"},"thumbnailUrl":"https:\/\/www.sonnenseite.com\/wp-content\/uploads\/2023\/04\/Empa_Glasbaustein.jpg","articleSection":["Wissenschaft"],"inLanguage":"de"},{"@type":"WebPage","@id":"https:\/\/www.sonnenseite.com\/de\/wissenschaft\/glasbausteine-waermedaemmend-und-lichtdurchlaessig\/","url":"https:\/\/www.sonnenseite.com\/de\/wissenschaft\/glasbausteine-waermedaemmend-und-lichtdurchlaessig\/","name":"Glasbausteine: w\u00e4rmed\u00e4mmend und lichtdurchl\u00e4ssig - Sonnenseite - \u00d6kologische Kommunikation mit Franz Alt","isPartOf":{"@id":"https:\/\/www.sonnenseite.com\/de\/#website"},"primaryImageOfPage":{"@id":"https:\/\/www.sonnenseite.com\/de\/wissenschaft\/glasbausteine-waermedaemmend-und-lichtdurchlaessig\/#primaryimage"},"image":{"@id":"https:\/\/www.sonnenseite.com\/de\/wissenschaft\/glasbausteine-waermedaemmend-und-lichtdurchlaessig\/#primaryimage"},"thumbnailUrl":"https:\/\/www.sonnenseite.com\/wp-content\/uploads\/2023\/04\/Empa_Glasbaustein.jpg","datePublished":"2023-04-25T00:34:00+00:00","description":"Glasbausteine sind in der Architektur schon seit langem beliebt, um mehr Licht in Geb\u00e4ude zu bringen. Bisher eigneten sie sich jedoch nicht f\u00fcr tragende","breadcrumb":{"@id":"https:\/\/www.sonnenseite.com\/de\/wissenschaft\/glasbausteine-waermedaemmend-und-lichtdurchlaessig\/#breadcrumb"},"inLanguage":"de","potentialAction":[{"@type":"ReadAction","target":["https:\/\/www.sonnenseite.com\/de\/wissenschaft\/glasbausteine-waermedaemmend-und-lichtdurchlaessig\/"]}]},{"@type":"ImageObject","inLanguage":"de","@id":"https:\/\/www.sonnenseite.com\/de\/wissenschaft\/glasbausteine-waermedaemmend-und-lichtdurchlaessig\/#primaryimage","url":"https:\/\/www.sonnenseite.com\/wp-content\/uploads\/2023\/04\/Empa_Glasbaustein.jpg","contentUrl":"https:\/\/www.sonnenseite.com\/wp-content\/uploads\/2023\/04\/Empa_Glasbaustein.jpg","width":770,"height":420,"caption":"Empa.ch | Aerogel-Glasbausteine sind w\u00e4rmed\u00e4mmend und lichtdurchl\u00e4ssig, aber trotzdem blickdicht \u2013 und sch\u00fctzen so die Privatsph\u00e4re."},{"@type":"BreadcrumbList","@id":"https:\/\/www.sonnenseite.com\/de\/wissenschaft\/glasbausteine-waermedaemmend-und-lichtdurchlaessig\/#breadcrumb","itemListElement":[{"@type":"ListItem","position":1,"name":"Startseite","item":"https:\/\/www.sonnenseite.com\/de\/"},{"@type":"ListItem","position":2,"name":"Glasbausteine: w\u00e4rmed\u00e4mmend und lichtdurchl\u00e4ssig"}]},{"@type":"WebSite","@id":"https:\/\/www.sonnenseite.com\/de\/#website","url":"https:\/\/www.sonnenseite.com\/de\/","name":"Sonnenseite","description":"\u00d6kologische Kommunikation mit Franz Alt","publisher":{"@id":"https:\/\/www.sonnenseite.com\/de\/#organization"},"potentialAction":[{"@type":"SearchAction","target":{"@type":"EntryPoint","urlTemplate":"https:\/\/www.sonnenseite.com\/de\/?s={search_term_string}"},"query-input":{"@type":"PropertyValueSpecification","valueRequired":true,"valueName":"search_term_string"}}],"inLanguage":"de"},{"@type":"Organization","@id":"https:\/\/www.sonnenseite.com\/de\/#organization","name":"Sonnenseite","url":"https:\/\/www.sonnenseite.com\/de\/","logo":{"@type":"ImageObject","inLanguage":"de","@id":"https:\/\/www.sonnenseite.com\/de\/#\/schema\/logo\/image\/","url":"https:\/\/www.sonnenseite.com\/wp-content\/uploads\/2020\/05\/Sonnenseite_Logo.png","contentUrl":"https:\/\/www.sonnenseite.com\/wp-content\/uploads\/2020\/05\/Sonnenseite_Logo.png","width":377,"height":90,"caption":"Sonnenseite"},"image":{"@id":"https:\/\/www.sonnenseite.com\/de\/#\/schema\/logo\/image\/"},"sameAs":["https:\/\/www.facebook.com\/pages\/Franz-Alt-SONNENSEITECOM\/221072987903953?fref=ts","https:\/\/x.com\/franzalt","http:\/\/www.youtube.com\/results?search_query&amp;amp;quot;franz_alt&amp;amp;quot;&amp;amp;amp;amp;search_type&amp;amp;amp;amp;aq=f"]},{"@type":"Person","@id":"https:\/\/www.sonnenseite.com\/de\/#\/schema\/person\/50fda0e926597684c7cc6695238a4eb9","name":"Bigi Alt"}]}},"_links":{"self":[{"href":"https:\/\/www.sonnenseite.com\/de\/wp-json\/wp\/v2\/posts\/90773","targetHints":{"allow":["GET"]}}],"collection":[{"href":"https:\/\/www.sonnenseite.com\/de\/wp-json\/wp\/v2\/posts"}],"about":[{"href":"https:\/\/www.sonnenseite.com\/de\/wp-json\/wp\/v2\/types\/post"}],"author":[{"embeddable":true,"href":"https:\/\/www.sonnenseite.com\/de\/wp-json\/wp\/v2\/users\/3"}],"replies":[{"embeddable":true,"href":"https:\/\/www.sonnenseite.com\/de\/wp-json\/wp\/v2\/comments?post=90773"}],"version-history":[{"count":3,"href":"https:\/\/www.sonnenseite.com\/de\/wp-json\/wp\/v2\/posts\/90773\/revisions"}],"predecessor-version":[{"id":90783,"href":"https:\/\/www.sonnenseite.com\/de\/wp-json\/wp\/v2\/posts\/90773\/revisions\/90783"}],"wp:featuredmedia":[{"embeddable":true,"href":"https:\/\/www.sonnenseite.com\/de\/wp-json\/wp\/v2\/media\/90777"}],"wp:attachment":[{"href":"https:\/\/www.sonnenseite.com\/de\/wp-json\/wp\/v2\/media?parent=90773"}],"wp:term":[{"taxonomy":"category","embeddable":true,"href":"https:\/\/www.sonnenseite.com\/de\/wp-json\/wp\/v2\/categories?post=90773"},{"taxonomy":"post_tag","embeddable":true,"href":"https:\/\/www.sonnenseite.com\/de\/wp-json\/wp\/v2\/tags?post=90773"}],"curies":[{"name":"wp","href":"https:\/\/api.w.org\/{rel}","templated":true}]}}