{"id":91090,"date":"2023-05-05T02:08:00","date_gmt":"2023-05-05T00:08:00","guid":{"rendered":"https:\/\/www.sonnenseite.com\/?p=91090"},"modified":"2023-05-04T12:09:00","modified_gmt":"2023-05-04T10:09:00","slug":"neues-leben-fuer-gebrauchte-e-bike-motoren","status":"publish","type":"post","link":"https:\/\/www.sonnenseite.com\/de\/mobilitaet\/neues-leben-fuer-gebrauchte-e-bike-motoren\/","title":{"rendered":"Neues Leben f\u00fcr gebrauchte E-Bike-Motoren"},"content":{"rendered":"\n<p>Immer mehr Menschen sind mit Elektrofahrr\u00e4dern unterwegs. Im Vergleich zum Auto sind die E-Bikes g\u00fcnstiger, \u00f6kologischer, ges\u00fcnder und sparen Platz in der Stadt. <\/p>\n\n\n\n<p>Der Nachteil: F\u00fcr defekte Komponenten wie Motoren oder Akkus gibt es oftmals keinen Ersatz, oder sie werden als Ganzes gegen teure neue Komponenten getauscht. Ein Forscherteam des Fraunhofer-Instituts f\u00fcr Produktionstechnik und Automatisierung IPA konnte zusammen mit Partnern in einer Studie zeigen, dass sich E-Bike-Motoren im Sinne einer modernen Kreislauf-wirtschaft aufarbeiten lassen. Einen Einblick in das Remanufacturing von E-Bike-Komponenten geben die Forschenden des Fraunhofer IPA im \u00bbRemanLab\u00ab, einer neuen Lernfabrik f\u00fcr Remanufacturing.<\/p>\n\n\n\n<p>Der Trend zum E-Bike ist ungebrochen \u2013 nach Angaben des Zweirad-Industrie-Verbands (ZIV) machten Elektrofahrr\u00e4der 2022 bereits 48 Prozent der Verk\u00e4ufe am gesamten Fahrradmarkt aus \u2013 Tendenz steigend. Auch die Auswahl der Modelle wird vielseitiger. Neben bekannten Marken bringen kleine Hersteller Neuheiten auf den Markt. Doch eine Reparatur durch die Werkstatt ist insbesondere f\u00fcr Akkus und Motoren h\u00e4ufig technisch und wirtschaftlich nicht umsetzbar. So kann es sein, dass der Ausfall einer Komponente eines Elektrofahrrads zum Totalschaden f\u00fchrt. Warum die gebrauchten Elektrofahrradmotoren nicht industriell aufarbeiten? <\/p>\n\n\n\n<p>Diese Frage stellten sich Forschende des Fraunhofer IPA im vom Bundesministerium f\u00fcr Bildung und Forschung BMBF gef\u00f6rderten Projekt \u00bbAddRE-Mo\u00ab. Gemeinsam mit den Partnern cirp GmbH, Electric Bike Solutions GmbH, dem Tr\u00e4gerverein Umwelttechnologie-Cluster Bayern e.V. und dem Wuppertal Institut f\u00fcr Klima, Umwelt, Energie gGmbH untersuchten sie die technische Machbarkeit der Refabrikation von Elektrofahrradmotoren. Dazu sollte die gesamte Prozesskette des Remanufacturing \u2013 von der zerst\u00f6rungsfreien Demontage \u00fcber die Reinigung, Pr\u00fcfung, Aufarbeitung bzw. Ersatz durch Neuteile bis hin zur Remontage \u2013 unter die Lupe genommen werden und deren \u00f6kologisches und \u00f6konomisches Potenzial analysiert werden. Dar\u00fcber hinaus wollten die Forschenden den Einsatz additiver Fertigungsverfahren und geeignete Kombinationen aus Verfahren und Werkstoff zur Herstellung langlebiger und belastbarer Ersatzteile pr\u00fcfen.<\/p>\n\n\n\n<h5 class=\"wp-block-heading\">Von der Demontage zur Remontage<\/h5>\n\n\n\n<p>\u00bbFallen der Motor oder der Akku aus, wird in der Regel die gesamte Komponente getauscht, obwohl m\u00f6glicherweise nur ein Zahnrad defekt ist. F\u00fcr Elektrofahrrad-Werkst\u00e4tten lohnt sich die Reparatur oftmals nicht, und auch die Hersteller haben ein gro\u00dfes Interesse daran, alte Motoren, die die gr\u00f6\u00dften Kostentreiber beim E-Bike sind, durch neue zu ersetzen\u00ab, beschreibt Jan Koller, Projektleiter und Gruppenleiter am Fraunhofer IPA, das Dilemma. \u00bbUnser Ziel war es, ein Werterhaltungsnetzwerk umzusetzen, indem wir mit dem Remanufacturing einen industriellen Prozess etablieren, bei dem eine gr\u00f6\u00dfere St\u00fcckzahl von 50 bis 100 Motoren in den Aufarbeitungsprozess geht.\u00ab<\/p>\n\n\n\n<p>Im ersten Schritt haben Koller und sein Team Elektrofahrradmotoren etablierter Hersteller auf ihre Ausfallwahrscheinlichkeit untersucht. Dann pr\u00fcften sie, ob und unter welchen Bedingungen sich Ersatzteile mit einer hohen Verschlei\u00dfrate wie Zahnr\u00e4der und Drehmomentst\u00fctzen additiv fertigen lassen. Die notwendigen Daten f\u00fcr den 3D-Druck gewannen die Wissenschaftler abh\u00e4ngig von der Geometrie der Komponenten entweder durch 3D-Modellierung oder 3D-Digitalisierung. Anschlie\u00dfend w\u00e4hlten sie Werkstoffe und additive Verfahren aus. Zusammen mit den Unternehmen cirp und Electric Bike Solutions fertigte das Fraunhofer IPA schlie\u00dflich die Komponenten und pr\u00fcfte ihre Lebensdauer, Ger\u00e4uschentwicklung und Temperaturbest\u00e4ndigkeit in eigens entwickelten Pr\u00fcfst\u00e4nden und unter realen Belastungen. Insgesamt wurden \u00fcber 120 Bauteile aus 20 verschiedenen Werkstoffen aus dem 3D-Drucker hergestellt. Als besonders vielversprechend erwies sich das Highspeed-Sintering, ein spezielles Verfahren zur Herstellung oder Ver\u00e4nderung von Werkstoffen, in Kombination mit dem Kunststoff Polyamid 12 (PA12). Die Projektergebnisse sind in der Studie \u00bbAdditive Refabrikation in der Elektrofahrradbranche\u00ab zusammengefasst, die kostenlos zum Download zur Verf\u00fcgung steht.<\/p>\n\n\n\n<p>Mit der Remontage und dem Test unter realen Einsatzbedingungen konnten die Projektpartner die technische Machbarkeit und Haltbarkeit nachweisen. Die Forschungsergebnisse zeigten, dass einzelne Bauteile wie Getriebezahnr\u00e4der additiv gefertigt und nachhaltig eingesetzt werden k\u00f6nnen. \u00bbAm Ende der Prozesskette erh\u00e4lt man durch das Remanufacturing einen Fahrradmotor, der in puncto Qualit\u00e4t einem neu gefertigten Motor entspricht und auch dieselbe Garantie umfasst\u00ab, sagt Koller.<\/p>\n\n\n\n<h5 class=\"wp-block-heading\">Ressourceneffizienz und Nachhaltigkeit durch additive Refabrikation<\/h5>\n\n\n\n<p>Ein wichtiger Aspekt war zudem die \u00f6kologische Bewertung des Refabrikationsprozesses im Vergleich zur Neufertigung. \u00bbDie additive Fertigung bietet das Potenzial, die Kreislauff\u00e4higkeit in der Elektrofahrradbranche zu steigern und die Verschwendung von Ressourcen zu mindern. 90 Prozent der Auswirkungen auf das Klima, berechnet in Kilogramm-CO<sub>2<\/sub>-\u00c4quivalenten, lassen sich im Vergleich zur Neuproduktion einsparen\u00ab, so der Wirtschaftsingenieur. Das wirtschaftliche Einsparpotenzial hingegen ist st\u00fcckzahlabh\u00e4ngig und liegt bei vergleichbaren Komponenten in der Regel bei ungef\u00e4hr 30 bis 40 Prozent im Vergleich zum Neukauf des Elektromotors. Dadurch bietet die Refabrikation auch f\u00fcr die Hersteller der Elektromotoren gro\u00dfes Potenzial.<\/p>\n\n\n\n<h5 class=\"wp-block-heading\">Neuer\u00f6ffnung der Lernfabrik RemanLab in Bayreuth<\/h5>\n\n\n\n<p>Zur Verstetigung der im Projekt erzielten Ergebnisse wird die Prozesskette der Refabrikation von Elektrofahrradmotoren in der neuen Lernfabrik f\u00fcr Remanufacturing RemanLab am Fraunhofer IPA in Bayreuth umgesetzt und erlebbar gemacht. Das RemanLab wird am 23. Mai 2023 er\u00f6ffnet. Unternehmen erhalten in der realistischen Lernumgebung, die alle erforderlichen Pr\u00fcfst\u00e4nde umfasst, einen Einblick in die Zukunft nachhaltiger Produktion. Das Wissen \u00fcber die Komplexit\u00e4t des Remanufacturingprozesses, von der Eingangskontrolle \u00fcber die Demontage, Reinigung, Pr\u00fcfung, Aufarbeitung, Remontage und Endkontrolle wird am konkreten Objekt mit Hilfe von Demonstratoren wie z. B. einer Augmented-Reality-Anwendung zur Demontage vermittelt. \u00bbBislang war das Remanufacturing von kosten- und arbeitsintensiven Prozessen gepr\u00e4gt. Im RemanLab zeigen wir, wie digitale Technologien und Automatisierung die Refabrikation nicht nur von Elektromotoren, sondern zuk\u00fcnftig auch von Elektrokleinger\u00e4ten und weiteren Produkten revolutionieren k\u00f6nnen\u00ab, sagt Koller.<\/p>\n\n\n\n<p>Das RemanLab wird vom 27.-29. Juni auf der Messe ReMaTec 2023 in Amsterdam (Innovation Area) pr\u00e4sentiert. &nbsp;<\/p>\n\n\n\n<ul class=\"wp-block-list\">\n<li><a class=\"\" href=\"https:\/\/www.ipa.fraunhofer.de\/\" target=\"_blank\" rel=\"noreferrer noopener\">Fraunhofer-Institut f\u00fcr Produktionstechnik und Automatisierung IPA <\/a>\u00a0(ipa.fraunhofer.de)<\/li>\n\n\n\n<li><a href=\"https:\/\/www.ipa.fraunhofer.de\/de\/Publikationen\/studien\/Bestell-Formulare\/Bestellung-der-studie-additive_Refabrikation_in_der_Elektrofahrradbranche.html\" class=\"\" target=\"_blank\" rel=\"noreferrer noopener\">Studie \u00bbAdditive Refabrikation in der Elektrofahrradbranche\u00ab zum kostenlosen Download<\/a>&nbsp;(ipa.fraunhofer.de)<\/li>\n\n\n\n<li><a href=\"https:\/\/www.ipa.fraunhofer.de\/de\/veranstaltungen-messen\/veranstaltungen\/2023\/remanlab.html\" class=\"\" target=\"_blank\" rel=\"noreferrer noopener\">Er\u00f6ffnung des RemanLab<\/a>&nbsp;(ipa.fraunhofer.de)<\/li>\n<\/ul>\n\n\n<h5 class=\"green\">Quelle<\/h5>\r\n\n\n\n<p><a href=\"https:\/\/www.fraunhofer.de\/de\/presse\/presseinformationen\/2023\/mai-2023\/neues-leben-fuer-gebrauchte-e-bike-motoren.html\">Fraunhofer Gesellschaft 2023<\/a><\/p>\n<div class=\"shariff shariff-align-flex-start shariff-widget-align-flex-start\"><div class=\"ShariffHeadline\">Diese Meldung teilen<\/div><ul class=\"shariff-buttons theme-round orientation-horizontal buttonsize-medium\"><li class=\"shariff-button facebook shariff-nocustomcolor\" style=\"background-color:#4273c8;border-radius:1%\"><a href=\"https:\/\/www.facebook.com\/sharer\/sharer.php?u=https%3A%2F%2Fwww.sonnenseite.com%2Fde%2Fmobilitaet%2Fneues-leben-fuer-gebrauchte-e-bike-motoren%2F\" title=\"Bei Facebook teilen\" aria-label=\"Bei Facebook teilen\" role=\"button\" rel=\"nofollow\" class=\"shariff-link\" style=\";border-radius:1%; background-color:#3b5998; color:#fff\" target=\"_blank\"><span class=\"shariff-icon\" style=\"\"><svg width=\"32px\" height=\"20px\" xmlns=\"http:\/\/www.w3.org\/2000\/svg\" viewBox=\"0 0 18 32\"><path fill=\"#3b5998\" d=\"M17.1 0.2v4.7h-2.8q-1.5 0-2.1 0.6t-0.5 1.9v3.4h5.2l-0.7 5.3h-4.5v13.6h-5.5v-13.6h-4.5v-5.3h4.5v-3.9q0-3.3 1.9-5.2t5-1.8q2.6 0 4.1 0.2z\"\/><\/svg><\/span><\/a><\/li><li class=\"shariff-button twitter shariff-nocustomcolor\" style=\"background-color:#595959;border-radius:1%\"><a href=\"https:\/\/twitter.com\/share?url=https%3A%2F%2Fwww.sonnenseite.com%2Fde%2Fmobilitaet%2Fneues-leben-fuer-gebrauchte-e-bike-motoren%2F&text=Neues%20Leben%20f%C3%BCr%20gebrauchte%20E-Bike-Motoren\" title=\"Bei X teilen\" aria-label=\"Bei X teilen\" role=\"button\" rel=\"noopener nofollow\" class=\"shariff-link\" style=\";border-radius:1%; background-color:#000; color:#fff\" target=\"_blank\"><span class=\"shariff-icon\" style=\"\"><svg width=\"32px\" height=\"20px\" xmlns=\"http:\/\/www.w3.org\/2000\/svg\" viewBox=\"0 0 24 24\"><path fill=\"#000\" d=\"M14.258 10.152L23.176 0h-2.113l-7.747 8.813L7.133 0H0l9.352 13.328L0 23.973h2.113l8.176-9.309 6.531 9.309h7.133zm-2.895 3.293l-.949-1.328L2.875 1.56h3.246l6.086 8.523.945 1.328 7.91 11.078h-3.246zm0 0\"\/><\/svg><\/span><\/a><\/li><li class=\"shariff-button xing shariff-nocustomcolor\" style=\"background-color:#29888a;border-radius:1%\"><a href=\"https:\/\/www.xing.com\/spi\/shares\/new?url=https%3A%2F%2Fwww.sonnenseite.com%2Fde%2Fmobilitaet%2Fneues-leben-fuer-gebrauchte-e-bike-motoren%2F\" title=\"Bei XING teilen\" aria-label=\"Bei XING teilen\" role=\"button\" rel=\"noopener nofollow\" class=\"shariff-link\" style=\";border-radius:1%; background-color:#126567; color:#fff\" target=\"_blank\"><span class=\"shariff-icon\" style=\"\"><svg width=\"32px\" height=\"20px\" xmlns=\"http:\/\/www.w3.org\/2000\/svg\" viewBox=\"0 0 25 32\"><path fill=\"#126567\" d=\"M10.7 11.9q-0.2 0.3-4.6 8.2-0.5 0.8-1.2 0.8h-4.3q-0.4 0-0.5-0.3t0-0.6l4.5-8q0 0 0 0l-2.9-5q-0.2-0.4 0-0.7 0.2-0.3 0.5-0.3h4.3q0.7 0 1.2 0.8zM25.1 0.4q0.2 0.3 0 0.7l-9.4 16.7 6 11q0.2 0.4 0 0.6-0.2 0.3-0.6 0.3h-4.3q-0.7 0-1.2-0.8l-6-11.1q0.3-0.6 9.5-16.8 0.4-0.8 1.2-0.8h4.3q0.4 0 0.5 0.3z\"\/><\/svg><\/span><\/a><\/li><li class=\"shariff-button linkedin shariff-nocustomcolor\" style=\"background-color:#1488bf;border-radius:1%\"><a href=\"https:\/\/www.linkedin.com\/sharing\/share-offsite\/?url=https%3A%2F%2Fwww.sonnenseite.com%2Fde%2Fmobilitaet%2Fneues-leben-fuer-gebrauchte-e-bike-motoren%2F\" title=\"Bei LinkedIn teilen\" aria-label=\"Bei LinkedIn teilen\" role=\"button\" rel=\"noopener nofollow\" class=\"shariff-link\" style=\";border-radius:1%; background-color:#0077b5; color:#fff\" target=\"_blank\"><span class=\"shariff-icon\" style=\"\"><svg width=\"32px\" height=\"20px\" xmlns=\"http:\/\/www.w3.org\/2000\/svg\" viewBox=\"0 0 27 32\"><path fill=\"#0077b5\" d=\"M6.2 11.2v17.7h-5.9v-17.7h5.9zM6.6 5.7q0 1.3-0.9 2.2t-2.4 0.9h0q-1.5 0-2.4-0.9t-0.9-2.2 0.9-2.2 2.4-0.9 2.4 0.9 0.9 2.2zM27.4 18.7v10.1h-5.9v-9.5q0-1.9-0.7-2.9t-2.3-1.1q-1.1 0-1.9 0.6t-1.2 1.5q-0.2 0.5-0.2 1.4v9.9h-5.9q0-7.1 0-11.6t0-5.3l0-0.9h5.9v2.6h0q0.4-0.6 0.7-1t1-0.9 1.6-0.8 2-0.3q3 0 4.9 2t1.9 6z\"\/><\/svg><\/span><\/a><\/li><li class=\"shariff-button printer shariff-nocustomcolor\" style=\"background-color:#a8a8a8;border-radius:1%\"><a href=\"javascript:window.print()\" title=\"drucken\" aria-label=\"drucken\" role=\"button\" rel=\"noopener nofollow\" class=\"shariff-link\" style=\";border-radius:1%; background-color:#999; color:#fff\"><span class=\"shariff-icon\" style=\"\"><svg width=\"32px\" height=\"20px\" xmlns=\"http:\/\/www.w3.org\/2000\/svg\" viewBox=\"0 0 30 32\"><path fill=\"#999\" d=\"M6.8 27.4h16v-4.6h-16v4.6zM6.8 16h16v-6.8h-2.8q-0.7 0-1.2-0.5t-0.5-1.2v-2.8h-11.4v11.4zM27.4 17.2q0-0.5-0.3-0.8t-0.8-0.4-0.8 0.4-0.3 0.8 0.3 0.8 0.8 0.3 0.8-0.3 0.3-0.8zM29.7 17.2v7.4q0 0.2-0.2 0.4t-0.4 0.2h-4v2.8q0 0.7-0.5 1.2t-1.2 0.5h-17.2q-0.7 0-1.2-0.5t-0.5-1.2v-2.8h-4q-0.2 0-0.4-0.2t-0.2-0.4v-7.4q0-1.4 1-2.4t2.4-1h1.2v-9.7q0-0.7 0.5-1.2t1.2-0.5h12q0.7 0 1.6 0.4t1.3 0.8l2.7 2.7q0.5 0.5 0.9 1.4t0.4 1.6v4.6h1.1q1.4 0 2.4 1t1 2.4z\"\/><\/svg><\/span><\/a><\/li><li class=\"shariff-button mailto shariff-nocustomcolor\" style=\"background-color:#a8a8a8;border-radius:1%\"><a href=\"mailto:?body=https%3A%2F%2Fwww.sonnenseite.com%2Fde%2Fmobilitaet%2Fneues-leben-fuer-gebrauchte-e-bike-motoren%2F&subject=Neues%20Leben%20f%C3%BCr%20gebrauchte%20E-Bike-Motoren\" title=\"Per E-Mail versenden\" aria-label=\"Per E-Mail versenden\" role=\"button\" rel=\"noopener nofollow\" class=\"shariff-link\" style=\";border-radius:1%; background-color:#999; color:#fff\"><span class=\"shariff-icon\" style=\"\"><svg width=\"32px\" height=\"20px\" xmlns=\"http:\/\/www.w3.org\/2000\/svg\" viewBox=\"0 0 32 32\"><path fill=\"#999\" d=\"M32 12.7v14.2q0 1.2-0.8 2t-2 0.9h-26.3q-1.2 0-2-0.9t-0.8-2v-14.2q0.8 0.9 1.8 1.6 6.5 4.4 8.9 6.1 1 0.8 1.6 1.2t1.7 0.9 2 0.4h0.1q0.9 0 2-0.4t1.7-0.9 1.6-1.2q3-2.2 8.9-6.1 1-0.7 1.8-1.6zM32 7.4q0 1.4-0.9 2.7t-2.2 2.2q-6.7 4.7-8.4 5.8-0.2 0.1-0.7 0.5t-1 0.7-0.9 0.6-1.1 0.5-0.9 0.2h-0.1q-0.4 0-0.9-0.2t-1.1-0.5-0.9-0.6-1-0.7-0.7-0.5q-1.6-1.1-4.7-3.2t-3.6-2.6q-1.1-0.7-2.1-2t-1-2.5q0-1.4 0.7-2.3t2.1-0.9h26.3q1.2 0 2 0.8t0.9 2z\"\/><\/svg><\/span><\/a><\/li><\/ul><\/div>","protected":false},"excerpt":{"rendered":"<p>Immer mehr Menschen sind mit Elektrofahrr\u00e4dern unterwegs. Im Vergleich zum Auto sind die E-Bikes g\u00fcnstiger, \u00f6kologischer, [&hellip;]<\/p>\n","protected":false},"author":3,"featured_media":91091,"comment_status":"closed","ping_status":"closed","sticky":false,"template":"","format":"standard","meta":{"inline_featured_image":false,"footnotes":""},"categories":[25],"tags":[],"class_list":["post-91090","post","type-post","status-publish","format-standard","has-post-thumbnail","hentry","category-mobilitaet"],"yoast_head":"<!-- This site is optimized with the Yoast SEO plugin v26.5 - https:\/\/yoast.com\/wordpress\/plugins\/seo\/ -->\n<title>Neues Leben f\u00fcr gebrauchte E-Bike-Motoren - Sonnenseite - \u00d6kologische Kommunikation mit Franz Alt<\/title>\n<meta name=\"description\" content=\"Immer mehr Menschen sind mit Elektrofahrr\u00e4dern unterwegs. Im Vergleich zum Auto sind die E-Bikes g\u00fcnstiger, \u00f6kologischer, ges\u00fcnder und sparen Platz in der\" \/>\n<meta name=\"robots\" content=\"index, follow, max-snippet:-1, max-image-preview:large, max-video-preview:-1\" \/>\n<link rel=\"canonical\" href=\"https:\/\/www.sonnenseite.com\/de\/mobilitaet\/neues-leben-fuer-gebrauchte-e-bike-motoren\/\" \/>\n<meta property=\"og:locale\" content=\"de_DE\" \/>\n<meta property=\"og:type\" content=\"article\" \/>\n<meta property=\"og:title\" content=\"Neues Leben f\u00fcr gebrauchte E-Bike-Motoren - Sonnenseite - \u00d6kologische Kommunikation mit Franz Alt\" \/>\n<meta property=\"og:description\" content=\"Immer mehr Menschen sind mit Elektrofahrr\u00e4dern unterwegs. Im Vergleich zum Auto sind die E-Bikes g\u00fcnstiger, \u00f6kologischer, ges\u00fcnder und sparen Platz in der\" \/>\n<meta property=\"og:url\" content=\"https:\/\/www.sonnenseite.com\/de\/mobilitaet\/neues-leben-fuer-gebrauchte-e-bike-motoren\/\" \/>\n<meta property=\"og:site_name\" content=\"Sonnenseite\" \/>\n<meta property=\"article:publisher\" content=\"https:\/\/www.facebook.com\/pages\/Franz-Alt-SONNENSEITECOM\/221072987903953?fref=ts\" \/>\n<meta property=\"article:published_time\" content=\"2023-05-05T00:08:00+00:00\" \/>\n<meta property=\"og:image\" content=\"https:\/\/www.sonnenseite.com\/wp-content\/uploads\/2023\/05\/FraunhoferIPA-e-bike-motoren.jpg\" \/>\n\t<meta property=\"og:image:width\" content=\"770\" \/>\n\t<meta property=\"og:image:height\" content=\"420\" \/>\n\t<meta property=\"og:image:type\" content=\"image\/jpeg\" \/>\n<meta name=\"author\" content=\"Bigi Alt\" \/>\n<meta name=\"twitter:card\" content=\"summary_large_image\" \/>\n<meta name=\"twitter:creator\" content=\"@franzalt\" \/>\n<meta name=\"twitter:site\" content=\"@franzalt\" \/>\n<meta name=\"twitter:label1\" content=\"Verfasst von\" \/>\n\t<meta name=\"twitter:data1\" content=\"Bigi Alt\" \/>\n\t<meta name=\"twitter:label2\" content=\"Gesch\u00e4tzte Lesezeit\" \/>\n\t<meta name=\"twitter:data2\" content=\"5\u00a0Minuten\" \/>\n<script type=\"application\/ld+json\" class=\"yoast-schema-graph\">{\"@context\":\"https:\/\/schema.org\",\"@graph\":[{\"@type\":\"Article\",\"@id\":\"https:\/\/www.sonnenseite.com\/de\/mobilitaet\/neues-leben-fuer-gebrauchte-e-bike-motoren\/#article\",\"isPartOf\":{\"@id\":\"https:\/\/www.sonnenseite.com\/de\/mobilitaet\/neues-leben-fuer-gebrauchte-e-bike-motoren\/\"},\"author\":{\"name\":\"Bigi Alt\",\"@id\":\"https:\/\/www.sonnenseite.com\/de\/#\/schema\/person\/50fda0e926597684c7cc6695238a4eb9\"},\"headline\":\"Neues Leben f\u00fcr gebrauchte E-Bike-Motoren\",\"datePublished\":\"2023-05-05T00:08:00+00:00\",\"mainEntityOfPage\":{\"@id\":\"https:\/\/www.sonnenseite.com\/de\/mobilitaet\/neues-leben-fuer-gebrauchte-e-bike-motoren\/\"},\"wordCount\":938,\"publisher\":{\"@id\":\"https:\/\/www.sonnenseite.com\/de\/#organization\"},\"image\":{\"@id\":\"https:\/\/www.sonnenseite.com\/de\/mobilitaet\/neues-leben-fuer-gebrauchte-e-bike-motoren\/#primaryimage\"},\"thumbnailUrl\":\"https:\/\/www.sonnenseite.com\/wp-content\/uploads\/2023\/05\/FraunhoferIPA-e-bike-motoren.jpg\",\"articleSection\":[\"Mobilit\u00e4t\"],\"inLanguage\":\"de\"},{\"@type\":\"WebPage\",\"@id\":\"https:\/\/www.sonnenseite.com\/de\/mobilitaet\/neues-leben-fuer-gebrauchte-e-bike-motoren\/\",\"url\":\"https:\/\/www.sonnenseite.com\/de\/mobilitaet\/neues-leben-fuer-gebrauchte-e-bike-motoren\/\",\"name\":\"Neues Leben f\u00fcr gebrauchte E-Bike-Motoren - Sonnenseite - \u00d6kologische Kommunikation mit Franz Alt\",\"isPartOf\":{\"@id\":\"https:\/\/www.sonnenseite.com\/de\/#website\"},\"primaryImageOfPage\":{\"@id\":\"https:\/\/www.sonnenseite.com\/de\/mobilitaet\/neues-leben-fuer-gebrauchte-e-bike-motoren\/#primaryimage\"},\"image\":{\"@id\":\"https:\/\/www.sonnenseite.com\/de\/mobilitaet\/neues-leben-fuer-gebrauchte-e-bike-motoren\/#primaryimage\"},\"thumbnailUrl\":\"https:\/\/www.sonnenseite.com\/wp-content\/uploads\/2023\/05\/FraunhoferIPA-e-bike-motoren.jpg\",\"datePublished\":\"2023-05-05T00:08:00+00:00\",\"description\":\"Immer mehr Menschen sind mit Elektrofahrr\u00e4dern unterwegs. Im Vergleich zum Auto sind die E-Bikes g\u00fcnstiger, \u00f6kologischer, ges\u00fcnder und sparen Platz in der\",\"breadcrumb\":{\"@id\":\"https:\/\/www.sonnenseite.com\/de\/mobilitaet\/neues-leben-fuer-gebrauchte-e-bike-motoren\/#breadcrumb\"},\"inLanguage\":\"de\",\"potentialAction\":[{\"@type\":\"ReadAction\",\"target\":[\"https:\/\/www.sonnenseite.com\/de\/mobilitaet\/neues-leben-fuer-gebrauchte-e-bike-motoren\/\"]}]},{\"@type\":\"ImageObject\",\"inLanguage\":\"de\",\"@id\":\"https:\/\/www.sonnenseite.com\/de\/mobilitaet\/neues-leben-fuer-gebrauchte-e-bike-motoren\/#primaryimage\",\"url\":\"https:\/\/www.sonnenseite.com\/wp-content\/uploads\/2023\/05\/FraunhoferIPA-e-bike-motoren.jpg\",\"contentUrl\":\"https:\/\/www.sonnenseite.com\/wp-content\/uploads\/2023\/05\/FraunhoferIPA-e-bike-motoren.jpg\",\"width\":770,\"height\":420,\"caption\":\"Fraunhofer IPA | Der Ausfall einer Komponente eines Elektrofahrrads f\u00fchrt schnell zum Totalschaden. Dass es sich lohnt, Ersatzteile additiv zu fertigen, konnte das Fraunhofer IPA in einer Studie nachweisen.\"},{\"@type\":\"BreadcrumbList\",\"@id\":\"https:\/\/www.sonnenseite.com\/de\/mobilitaet\/neues-leben-fuer-gebrauchte-e-bike-motoren\/#breadcrumb\",\"itemListElement\":[{\"@type\":\"ListItem\",\"position\":1,\"name\":\"Startseite\",\"item\":\"https:\/\/www.sonnenseite.com\/de\/\"},{\"@type\":\"ListItem\",\"position\":2,\"name\":\"Neues Leben f\u00fcr gebrauchte E-Bike-Motoren\"}]},{\"@type\":\"WebSite\",\"@id\":\"https:\/\/www.sonnenseite.com\/de\/#website\",\"url\":\"https:\/\/www.sonnenseite.com\/de\/\",\"name\":\"Sonnenseite\",\"description\":\"\u00d6kologische Kommunikation mit Franz Alt\",\"publisher\":{\"@id\":\"https:\/\/www.sonnenseite.com\/de\/#organization\"},\"potentialAction\":[{\"@type\":\"SearchAction\",\"target\":{\"@type\":\"EntryPoint\",\"urlTemplate\":\"https:\/\/www.sonnenseite.com\/de\/?s={search_term_string}\"},\"query-input\":{\"@type\":\"PropertyValueSpecification\",\"valueRequired\":true,\"valueName\":\"search_term_string\"}}],\"inLanguage\":\"de\"},{\"@type\":\"Organization\",\"@id\":\"https:\/\/www.sonnenseite.com\/de\/#organization\",\"name\":\"Sonnenseite\",\"url\":\"https:\/\/www.sonnenseite.com\/de\/\",\"logo\":{\"@type\":\"ImageObject\",\"inLanguage\":\"de\",\"@id\":\"https:\/\/www.sonnenseite.com\/de\/#\/schema\/logo\/image\/\",\"url\":\"https:\/\/www.sonnenseite.com\/wp-content\/uploads\/2020\/05\/Sonnenseite_Logo.png\",\"contentUrl\":\"https:\/\/www.sonnenseite.com\/wp-content\/uploads\/2020\/05\/Sonnenseite_Logo.png\",\"width\":377,\"height\":90,\"caption\":\"Sonnenseite\"},\"image\":{\"@id\":\"https:\/\/www.sonnenseite.com\/de\/#\/schema\/logo\/image\/\"},\"sameAs\":[\"https:\/\/www.facebook.com\/pages\/Franz-Alt-SONNENSEITECOM\/221072987903953?fref=ts\",\"https:\/\/x.com\/franzalt\",\"http:\/\/www.youtube.com\/results?search_query&amp;amp;quot;franz_alt&amp;amp;quot;&amp;amp;amp;amp;search_type&amp;amp;amp;amp;aq=f\"]},{\"@type\":\"Person\",\"@id\":\"https:\/\/www.sonnenseite.com\/de\/#\/schema\/person\/50fda0e926597684c7cc6695238a4eb9\",\"name\":\"Bigi Alt\"}]}<\/script>\n<!-- \/ Yoast SEO plugin. -->","yoast_head_json":{"title":"Neues Leben f\u00fcr gebrauchte E-Bike-Motoren - Sonnenseite - \u00d6kologische Kommunikation mit Franz Alt","description":"Immer mehr Menschen sind mit Elektrofahrr\u00e4dern unterwegs. Im Vergleich zum Auto sind die E-Bikes g\u00fcnstiger, \u00f6kologischer, ges\u00fcnder und sparen Platz in der","robots":{"index":"index","follow":"follow","max-snippet":"max-snippet:-1","max-image-preview":"max-image-preview:large","max-video-preview":"max-video-preview:-1"},"canonical":"https:\/\/www.sonnenseite.com\/de\/mobilitaet\/neues-leben-fuer-gebrauchte-e-bike-motoren\/","og_locale":"de_DE","og_type":"article","og_title":"Neues Leben f\u00fcr gebrauchte E-Bike-Motoren - Sonnenseite - \u00d6kologische Kommunikation mit Franz Alt","og_description":"Immer mehr Menschen sind mit Elektrofahrr\u00e4dern unterwegs. Im Vergleich zum Auto sind die E-Bikes g\u00fcnstiger, \u00f6kologischer, ges\u00fcnder und sparen Platz in der","og_url":"https:\/\/www.sonnenseite.com\/de\/mobilitaet\/neues-leben-fuer-gebrauchte-e-bike-motoren\/","og_site_name":"Sonnenseite","article_publisher":"https:\/\/www.facebook.com\/pages\/Franz-Alt-SONNENSEITECOM\/221072987903953?fref=ts","article_published_time":"2023-05-05T00:08:00+00:00","og_image":[{"width":770,"height":420,"url":"https:\/\/www.sonnenseite.com\/wp-content\/uploads\/2023\/05\/FraunhoferIPA-e-bike-motoren.jpg","type":"image\/jpeg"}],"author":"Bigi Alt","twitter_card":"summary_large_image","twitter_creator":"@franzalt","twitter_site":"@franzalt","twitter_misc":{"Verfasst von":"Bigi Alt","Gesch\u00e4tzte Lesezeit":"5\u00a0Minuten"},"schema":{"@context":"https:\/\/schema.org","@graph":[{"@type":"Article","@id":"https:\/\/www.sonnenseite.com\/de\/mobilitaet\/neues-leben-fuer-gebrauchte-e-bike-motoren\/#article","isPartOf":{"@id":"https:\/\/www.sonnenseite.com\/de\/mobilitaet\/neues-leben-fuer-gebrauchte-e-bike-motoren\/"},"author":{"name":"Bigi Alt","@id":"https:\/\/www.sonnenseite.com\/de\/#\/schema\/person\/50fda0e926597684c7cc6695238a4eb9"},"headline":"Neues Leben f\u00fcr gebrauchte E-Bike-Motoren","datePublished":"2023-05-05T00:08:00+00:00","mainEntityOfPage":{"@id":"https:\/\/www.sonnenseite.com\/de\/mobilitaet\/neues-leben-fuer-gebrauchte-e-bike-motoren\/"},"wordCount":938,"publisher":{"@id":"https:\/\/www.sonnenseite.com\/de\/#organization"},"image":{"@id":"https:\/\/www.sonnenseite.com\/de\/mobilitaet\/neues-leben-fuer-gebrauchte-e-bike-motoren\/#primaryimage"},"thumbnailUrl":"https:\/\/www.sonnenseite.com\/wp-content\/uploads\/2023\/05\/FraunhoferIPA-e-bike-motoren.jpg","articleSection":["Mobilit\u00e4t"],"inLanguage":"de"},{"@type":"WebPage","@id":"https:\/\/www.sonnenseite.com\/de\/mobilitaet\/neues-leben-fuer-gebrauchte-e-bike-motoren\/","url":"https:\/\/www.sonnenseite.com\/de\/mobilitaet\/neues-leben-fuer-gebrauchte-e-bike-motoren\/","name":"Neues Leben f\u00fcr gebrauchte E-Bike-Motoren - Sonnenseite - \u00d6kologische Kommunikation mit Franz Alt","isPartOf":{"@id":"https:\/\/www.sonnenseite.com\/de\/#website"},"primaryImageOfPage":{"@id":"https:\/\/www.sonnenseite.com\/de\/mobilitaet\/neues-leben-fuer-gebrauchte-e-bike-motoren\/#primaryimage"},"image":{"@id":"https:\/\/www.sonnenseite.com\/de\/mobilitaet\/neues-leben-fuer-gebrauchte-e-bike-motoren\/#primaryimage"},"thumbnailUrl":"https:\/\/www.sonnenseite.com\/wp-content\/uploads\/2023\/05\/FraunhoferIPA-e-bike-motoren.jpg","datePublished":"2023-05-05T00:08:00+00:00","description":"Immer mehr Menschen sind mit Elektrofahrr\u00e4dern unterwegs. Im Vergleich zum Auto sind die E-Bikes g\u00fcnstiger, \u00f6kologischer, ges\u00fcnder und sparen Platz in der","breadcrumb":{"@id":"https:\/\/www.sonnenseite.com\/de\/mobilitaet\/neues-leben-fuer-gebrauchte-e-bike-motoren\/#breadcrumb"},"inLanguage":"de","potentialAction":[{"@type":"ReadAction","target":["https:\/\/www.sonnenseite.com\/de\/mobilitaet\/neues-leben-fuer-gebrauchte-e-bike-motoren\/"]}]},{"@type":"ImageObject","inLanguage":"de","@id":"https:\/\/www.sonnenseite.com\/de\/mobilitaet\/neues-leben-fuer-gebrauchte-e-bike-motoren\/#primaryimage","url":"https:\/\/www.sonnenseite.com\/wp-content\/uploads\/2023\/05\/FraunhoferIPA-e-bike-motoren.jpg","contentUrl":"https:\/\/www.sonnenseite.com\/wp-content\/uploads\/2023\/05\/FraunhoferIPA-e-bike-motoren.jpg","width":770,"height":420,"caption":"Fraunhofer IPA | Der Ausfall einer Komponente eines Elektrofahrrads f\u00fchrt schnell zum Totalschaden. Dass es sich lohnt, Ersatzteile additiv zu fertigen, konnte das Fraunhofer IPA in einer Studie nachweisen."},{"@type":"BreadcrumbList","@id":"https:\/\/www.sonnenseite.com\/de\/mobilitaet\/neues-leben-fuer-gebrauchte-e-bike-motoren\/#breadcrumb","itemListElement":[{"@type":"ListItem","position":1,"name":"Startseite","item":"https:\/\/www.sonnenseite.com\/de\/"},{"@type":"ListItem","position":2,"name":"Neues Leben f\u00fcr gebrauchte E-Bike-Motoren"}]},{"@type":"WebSite","@id":"https:\/\/www.sonnenseite.com\/de\/#website","url":"https:\/\/www.sonnenseite.com\/de\/","name":"Sonnenseite","description":"\u00d6kologische Kommunikation mit Franz Alt","publisher":{"@id":"https:\/\/www.sonnenseite.com\/de\/#organization"},"potentialAction":[{"@type":"SearchAction","target":{"@type":"EntryPoint","urlTemplate":"https:\/\/www.sonnenseite.com\/de\/?s={search_term_string}"},"query-input":{"@type":"PropertyValueSpecification","valueRequired":true,"valueName":"search_term_string"}}],"inLanguage":"de"},{"@type":"Organization","@id":"https:\/\/www.sonnenseite.com\/de\/#organization","name":"Sonnenseite","url":"https:\/\/www.sonnenseite.com\/de\/","logo":{"@type":"ImageObject","inLanguage":"de","@id":"https:\/\/www.sonnenseite.com\/de\/#\/schema\/logo\/image\/","url":"https:\/\/www.sonnenseite.com\/wp-content\/uploads\/2020\/05\/Sonnenseite_Logo.png","contentUrl":"https:\/\/www.sonnenseite.com\/wp-content\/uploads\/2020\/05\/Sonnenseite_Logo.png","width":377,"height":90,"caption":"Sonnenseite"},"image":{"@id":"https:\/\/www.sonnenseite.com\/de\/#\/schema\/logo\/image\/"},"sameAs":["https:\/\/www.facebook.com\/pages\/Franz-Alt-SONNENSEITECOM\/221072987903953?fref=ts","https:\/\/x.com\/franzalt","http:\/\/www.youtube.com\/results?search_query&amp;amp;quot;franz_alt&amp;amp;quot;&amp;amp;amp;amp;search_type&amp;amp;amp;amp;aq=f"]},{"@type":"Person","@id":"https:\/\/www.sonnenseite.com\/de\/#\/schema\/person\/50fda0e926597684c7cc6695238a4eb9","name":"Bigi Alt"}]}},"_links":{"self":[{"href":"https:\/\/www.sonnenseite.com\/de\/wp-json\/wp\/v2\/posts\/91090","targetHints":{"allow":["GET"]}}],"collection":[{"href":"https:\/\/www.sonnenseite.com\/de\/wp-json\/wp\/v2\/posts"}],"about":[{"href":"https:\/\/www.sonnenseite.com\/de\/wp-json\/wp\/v2\/types\/post"}],"author":[{"embeddable":true,"href":"https:\/\/www.sonnenseite.com\/de\/wp-json\/wp\/v2\/users\/3"}],"replies":[{"embeddable":true,"href":"https:\/\/www.sonnenseite.com\/de\/wp-json\/wp\/v2\/comments?post=91090"}],"version-history":[{"count":1,"href":"https:\/\/www.sonnenseite.com\/de\/wp-json\/wp\/v2\/posts\/91090\/revisions"}],"predecessor-version":[{"id":91093,"href":"https:\/\/www.sonnenseite.com\/de\/wp-json\/wp\/v2\/posts\/91090\/revisions\/91093"}],"wp:featuredmedia":[{"embeddable":true,"href":"https:\/\/www.sonnenseite.com\/de\/wp-json\/wp\/v2\/media\/91091"}],"wp:attachment":[{"href":"https:\/\/www.sonnenseite.com\/de\/wp-json\/wp\/v2\/media?parent=91090"}],"wp:term":[{"taxonomy":"category","embeddable":true,"href":"https:\/\/www.sonnenseite.com\/de\/wp-json\/wp\/v2\/categories?post=91090"},{"taxonomy":"post_tag","embeddable":true,"href":"https:\/\/www.sonnenseite.com\/de\/wp-json\/wp\/v2\/tags?post=91090"}],"curies":[{"name":"wp","href":"https:\/\/api.w.org\/{rel}","templated":true}]}}