{"id":91111,"date":"2023-05-05T15:09:15","date_gmt":"2023-05-05T13:09:15","guid":{"rendered":"https:\/\/www.sonnenseite.com\/?p=91111"},"modified":"2023-05-05T15:15:05","modified_gmt":"2023-05-05T13:15:05","slug":"klimadialog-in-berlin-verpflichtung-zum-erneuerbaren-ausbau-gefordert","status":"publish","type":"post","link":"https:\/\/www.sonnenseite.com\/de\/politik\/klimadialog-in-berlin-verpflichtung-zum-erneuerbaren-ausbau-gefordert\/","title":{"rendered":"Klimadialog in Berlin: Verpflichtung zum Erneuerbaren-Ausbau gefordert"},"content":{"rendered":"\n<p>Die Weltgemeinschaft muss sich verbindliche Ziele beim Ausbau Erneuerbarer Energien setzen, forderte die deutsche Bundesau\u00dfenministerin beim Petersberger Klimadialog in Berlin. Dazu der Ausstieg aus Kohle, \u00d6l und Gas. Doch die fossile Lobby mauert.<\/p>\n\n\n\n<p>04.05.2023 \u2013Zum Klimadialog kamen Vertreter von \u00fcber 40 Staaten in die deutsche Hauptstadt, um die bevorstehende <a href=\"https:\/\/www.cop28.com\/en\/\" target=\"_blank\" rel=\"noreferrer noopener\">Weltklimakonferenz in Dubai<\/a> im Dezember vorzubereiten. Deutschlands Au\u00dfenministerin Baerbock setzte erste globale Ziele f\u00fcr Erneuerbare Energien und Energieeffizienz auf die Agenda. Die Zahlen der Internationalen Organisation f\u00fcr Erneuerbare Energien sollten daf\u00fcr als Richtschnur dienen, kommentierte der Politische Gesch\u00e4ftsf\u00fchrer von Germanwatch Christoph Bals vor Ort die Forderung beim Klimadialog. \u201eNach deren Angaben m\u00fcssten die Erneuerbaren in den kommenden Jahren um im Schnitt 1000 Gigawatt pro Jahr ausgebaut werden \u2013 das w\u00e4re eine Verdreifachung der aktuellen Ausbauzahlen\u201c, so Bals. Parallel dazu m\u00fcssten die globalen Emissionen bis 2030 rapide sinken.<\/p>\n\n\n\n<h5 class=\"wp-block-heading\">Glaubw\u00fcrdigkeit in Gefahr<\/h5>\n\n\n\n<p>Zum Klimagipfel in Dubai geht Deutschland mit der Forderung, den globalen Ausstieg aus Kohle, \u00d6l und Gas jetzt z\u00fcgig einzuleiten. Der designierte COP28-Pr\u00e4sident Sultan Ahmed al-Dschaber, Industrieminister der Vereinigten Arabischen Emirate und zugleich Chef des staatlichen \u00d6lkonzerns Adnoc, sieht das ein bisschen anders \u2013 und ging bereits auf Konfrontation. Es gehe nicht um die Reduktion von fossilen Energien, sondern von Emissionen. In Hintergrundgespr\u00e4chen hatte er laut Germanwatch einen massiven Ausbau von CCS gefordert.<\/p>\n\n\n\n<p>Woher sein Interesse kommt, ist nicht schwer zu erraten. \u201eDa zeichnet sich ein entscheidender Konflikt bei der kommenden Weltklimakonferenz ab\u201c, sagt Petter Lyd\u00e9n, Leiter des Teams f\u00fcr Internationale Klimapolitik bei Germanwatch. Die Position Al Jabers darf sich nicht durchsetzen, da CCS im gro\u00dfen Stil das Erreichen der Pariser Klimaziele unm\u00f6glich macht. CCS darf nur dort eingesetzt werden, wo sich Emissionen gar nicht vermeiden lassen.\u201c<\/p>\n\n\n\n<p>Viele Umweltschutzorganisationen und Experten sind mit Blick auf al-Dschabers Rolle zutiefst beunruhigt. \u201eDas ist so, als ob das Umweltbundesamt vom Chef von VW geleitet w\u00fcrde\u201c, sagte der gesch\u00e4ftsf\u00fchrende Vorstand von Greenpeace Martin Kaiser der Nachrichtenagentur dpa. Al-Dschabers Nominierung gef\u00e4hrde die Glaubw\u00fcrdigkeit der UN, so Brice B\u00f6hmer von Transparency International gegen\u00fcber dpa.<\/p>\n\n\n\n<h5 class=\"wp-block-heading\">Leere Versprechen und mangelnde Transparenz<\/h5>\n\n\n\n<p>An Versprechen mangelt es selten auf den Konferenzen. So hatten Geberl\u00e4nder vor Jahren versprochen, 100 Milliarden US-Dollar j\u00e4hrlich f\u00fcr Klimaschutz und -anpassung im globalen S\u00fcden bereitzustellen\u2013 tats\u00e4chlich waren es im Jahr 2020 jedoch nur rund 83,3 Mrd. US-Dollar, berichtet Germanwatch. Das Ziel werde aber nun bald erreicht, so Baerbock beim Klimadialog.<\/p>\n\n\n\n<p>Doch David Ryfisch, Co-Leiter des Teams f\u00fcr Internationale Klimapolitik bei Germanwatch, ist skeptisch, denn es w\u00e4ren schon zu viele Versprechen f\u00fcr die Klimafinanzierung gebrochen worden. \u201eUnd voraussichtlich erst in zwei Jahren wissen wir genau, ob die heutige Zusage eingehalten wird. Noch tappen wir gar im Dunkeln, wie hoch die Klimafinanzierung in den vergangenen beiden Jahren ausgefallen ist.\u201c Au\u00dfenministerin Baerbock m\u00fcsse sich daf\u00fcr einsetzen, \u201edass die Geberl\u00e4nder dieses Jahr zeigen, was sich seit 2020 konkret getan hat und klar darlegen, wie sie das Ziel dieses Jahr erreichen wollen.\u201c<\/p>\n\n\n\n<p>Einige Staaten mit dem gr\u00f6\u00dften CO<sub>2<\/sub>-Aussto\u00df sind beim Petersberger Dialog vertreten, doch h\u00e4ufig sind sie die st\u00e4rksten Bremser und f\u00fcr den gemeinsamen globalen Klimaschutz nur schwer zu gewinnen. Sie nutzen ihre Macht, um vor allem eigene Interessen durchzusetzen. China ist f\u00fcr rund 30 Prozent der weltweiten Treibhausgase verantwortlich, die USA f\u00fcr rund 14 Prozent, Indien liegt bei 7 und Russland bei 5 Prozent.<\/p>\n\n\n<div class=\"wp-block-image\">\n<figure class=\"alignright size-full is-resized\"><img loading=\"lazy\" decoding=\"async\" src=\"https:\/\/www.sonnenseite.com\/wp-content\/uploads\/2023\/05\/energiezukunft_34_2023.jpg\" alt=\"\" class=\"wp-image-91120\" width=\"234\" height=\"313\" srcset=\"https:\/\/www.sonnenseite.com\/wp-content\/uploads\/2023\/05\/energiezukunft_34_2023.jpg 600w, https:\/\/www.sonnenseite.com\/wp-content\/uploads\/2023\/05\/energiezukunft_34_2023-224x300.jpg 224w\" sizes=\"auto, (max-width: 234px) 100vw, 234px\" \/><\/figure>\n<\/div>\n\n\n<p>Zur positiven Bilanz z\u00e4hle, dass die L\u00e4ndervertreter \u201emiteinander reden&#8220;, sagte die deutsche Klimabeauftragte Morgan im ZDF-Morgenmagazin zum Petersberger Klimadialog. Das ist nicht viel in Hinblick auf den desolaten Zustand des Weltklimas, muss aber wohl erstmal reichen. Auch Umweltorganisationen bef\u00fcrworten das Treffen in Dubai \u2013 auch wenn mit fossilen Lobbyisten als Gastgeber kaum Hoffnung besteht, einen echten Schritt weiterzukommen.<\/p>\n\n\n\n<p>Umfragen in Deutschland zeigten, wie wichtig Klimaschutz f\u00fcr die Menschen sei, meint die Klimabeauftragte au\u00dferdem. Klimaschutz m\u00fcsse vor allem sozialvertr\u00e4glich umgesetzt werden. Nicht nur gro\u00dfe Unternehmen, sondern auch die im Mittelstand m\u00fcssten Chancen bekommen, so Morgan. Im ersten Quartal 2023 wurden in Deutschland 197.200 Solaranlagen mit einer Leistung von 2,7 Gigawatt neu in Betrieb genommen, berichtet die Bundesnetzagentur. Ziel f\u00fcr 2023 ist ein Zubau von neun Gigawatt.<\/p>\n\n\n<h5 class=\"green\">Quelle<\/h5>\r\n\n\n\n<p>Der Bericht wurde von der\u00a0<a href=\"https:\/\/www.energiezukunft.eu\/klimawandel\/verpflichtung-zum-erneuerbaren-ausbau-gefordert\/\">Redaktion \u201cenergiezukunft\u201c (na) 2023<\/a>\u00a0verfasst\u00a0\u2013 der Artikel darf\u00a0<a href=\"mailto:portal@energiezukunft.eu\" target=\"_blank\" rel=\"noreferrer noopener\">nicht ohne Genehmigung<\/a>\u00a0weiterverbreitet werden!\u00a0|\u00a0<strong>energiezukunft<\/strong>\u00a0| Heft 34\/2022 | \u201eDie Kraft der Kommunen\u201c\u00a0|\u00a0\u00a0<a href=\"https:\/\/www.energiezukunft.eu\/service\/magazine\/\" target=\"_blank\" rel=\"noreferrer noopener\">Jetzt lesen<\/a>\u00a0|\u00a0<a href=\"https:\/\/www.energiezukunft.eu\/fileadmin\/user_upload\/Magazin-PDFs\/energiezukunft\/energiezukunft_2023_34.pdf\">Download<\/a><\/p>\n<div class=\"shariff shariff-align-flex-start shariff-widget-align-flex-start\"><div class=\"ShariffHeadline\">Diese Meldung teilen<\/div><ul class=\"shariff-buttons theme-round orientation-horizontal buttonsize-medium\"><li class=\"shariff-button facebook shariff-nocustomcolor\" style=\"background-color:#4273c8;border-radius:1%\"><a href=\"https:\/\/www.facebook.com\/sharer\/sharer.php?u=https%3A%2F%2Fwww.sonnenseite.com%2Fde%2Fpolitik%2Fklimadialog-in-berlin-verpflichtung-zum-erneuerbaren-ausbau-gefordert%2F\" title=\"Bei Facebook teilen\" aria-label=\"Bei Facebook teilen\" role=\"button\" rel=\"nofollow\" class=\"shariff-link\" style=\";border-radius:1%; background-color:#3b5998; color:#fff\" target=\"_blank\"><span class=\"shariff-icon\" style=\"\"><svg width=\"32px\" height=\"20px\" xmlns=\"http:\/\/www.w3.org\/2000\/svg\" viewBox=\"0 0 18 32\"><path fill=\"#3b5998\" d=\"M17.1 0.2v4.7h-2.8q-1.5 0-2.1 0.6t-0.5 1.9v3.4h5.2l-0.7 5.3h-4.5v13.6h-5.5v-13.6h-4.5v-5.3h4.5v-3.9q0-3.3 1.9-5.2t5-1.8q2.6 0 4.1 0.2z\"\/><\/svg><\/span><\/a><\/li><li class=\"shariff-button twitter shariff-nocustomcolor\" style=\"background-color:#595959;border-radius:1%\"><a href=\"https:\/\/twitter.com\/share?url=https%3A%2F%2Fwww.sonnenseite.com%2Fde%2Fpolitik%2Fklimadialog-in-berlin-verpflichtung-zum-erneuerbaren-ausbau-gefordert%2F&text=Klimadialog%20in%20Berlin%3A%20Verpflichtung%20zum%20Erneuerbaren-Ausbau%20gefordert\" title=\"Bei X teilen\" aria-label=\"Bei X teilen\" role=\"button\" rel=\"noopener nofollow\" class=\"shariff-link\" style=\";border-radius:1%; background-color:#000; color:#fff\" target=\"_blank\"><span class=\"shariff-icon\" style=\"\"><svg width=\"32px\" height=\"20px\" xmlns=\"http:\/\/www.w3.org\/2000\/svg\" viewBox=\"0 0 24 24\"><path fill=\"#000\" d=\"M14.258 10.152L23.176 0h-2.113l-7.747 8.813L7.133 0H0l9.352 13.328L0 23.973h2.113l8.176-9.309 6.531 9.309h7.133zm-2.895 3.293l-.949-1.328L2.875 1.56h3.246l6.086 8.523.945 1.328 7.91 11.078h-3.246zm0 0\"\/><\/svg><\/span><\/a><\/li><li class=\"shariff-button xing shariff-nocustomcolor\" style=\"background-color:#29888a;border-radius:1%\"><a href=\"https:\/\/www.xing.com\/spi\/shares\/new?url=https%3A%2F%2Fwww.sonnenseite.com%2Fde%2Fpolitik%2Fklimadialog-in-berlin-verpflichtung-zum-erneuerbaren-ausbau-gefordert%2F\" title=\"Bei XING teilen\" aria-label=\"Bei XING teilen\" role=\"button\" rel=\"noopener nofollow\" class=\"shariff-link\" style=\";border-radius:1%; background-color:#126567; color:#fff\" target=\"_blank\"><span class=\"shariff-icon\" style=\"\"><svg width=\"32px\" height=\"20px\" xmlns=\"http:\/\/www.w3.org\/2000\/svg\" viewBox=\"0 0 25 32\"><path fill=\"#126567\" d=\"M10.7 11.9q-0.2 0.3-4.6 8.2-0.5 0.8-1.2 0.8h-4.3q-0.4 0-0.5-0.3t0-0.6l4.5-8q0 0 0 0l-2.9-5q-0.2-0.4 0-0.7 0.2-0.3 0.5-0.3h4.3q0.7 0 1.2 0.8zM25.1 0.4q0.2 0.3 0 0.7l-9.4 16.7 6 11q0.2 0.4 0 0.6-0.2 0.3-0.6 0.3h-4.3q-0.7 0-1.2-0.8l-6-11.1q0.3-0.6 9.5-16.8 0.4-0.8 1.2-0.8h4.3q0.4 0 0.5 0.3z\"\/><\/svg><\/span><\/a><\/li><li class=\"shariff-button linkedin shariff-nocustomcolor\" style=\"background-color:#1488bf;border-radius:1%\"><a href=\"https:\/\/www.linkedin.com\/sharing\/share-offsite\/?url=https%3A%2F%2Fwww.sonnenseite.com%2Fde%2Fpolitik%2Fklimadialog-in-berlin-verpflichtung-zum-erneuerbaren-ausbau-gefordert%2F\" title=\"Bei LinkedIn teilen\" aria-label=\"Bei LinkedIn teilen\" role=\"button\" rel=\"noopener nofollow\" class=\"shariff-link\" style=\";border-radius:1%; background-color:#0077b5; color:#fff\" target=\"_blank\"><span class=\"shariff-icon\" style=\"\"><svg width=\"32px\" height=\"20px\" xmlns=\"http:\/\/www.w3.org\/2000\/svg\" viewBox=\"0 0 27 32\"><path fill=\"#0077b5\" d=\"M6.2 11.2v17.7h-5.9v-17.7h5.9zM6.6 5.7q0 1.3-0.9 2.2t-2.4 0.9h0q-1.5 0-2.4-0.9t-0.9-2.2 0.9-2.2 2.4-0.9 2.4 0.9 0.9 2.2zM27.4 18.7v10.1h-5.9v-9.5q0-1.9-0.7-2.9t-2.3-1.1q-1.1 0-1.9 0.6t-1.2 1.5q-0.2 0.5-0.2 1.4v9.9h-5.9q0-7.1 0-11.6t0-5.3l0-0.9h5.9v2.6h0q0.4-0.6 0.7-1t1-0.9 1.6-0.8 2-0.3q3 0 4.9 2t1.9 6z\"\/><\/svg><\/span><\/a><\/li><li class=\"shariff-button printer shariff-nocustomcolor\" style=\"background-color:#a8a8a8;border-radius:1%\"><a href=\"javascript:window.print()\" title=\"drucken\" aria-label=\"drucken\" role=\"button\" rel=\"noopener nofollow\" class=\"shariff-link\" style=\";border-radius:1%; background-color:#999; color:#fff\"><span class=\"shariff-icon\" style=\"\"><svg width=\"32px\" height=\"20px\" xmlns=\"http:\/\/www.w3.org\/2000\/svg\" viewBox=\"0 0 30 32\"><path fill=\"#999\" d=\"M6.8 27.4h16v-4.6h-16v4.6zM6.8 16h16v-6.8h-2.8q-0.7 0-1.2-0.5t-0.5-1.2v-2.8h-11.4v11.4zM27.4 17.2q0-0.5-0.3-0.8t-0.8-0.4-0.8 0.4-0.3 0.8 0.3 0.8 0.8 0.3 0.8-0.3 0.3-0.8zM29.7 17.2v7.4q0 0.2-0.2 0.4t-0.4 0.2h-4v2.8q0 0.7-0.5 1.2t-1.2 0.5h-17.2q-0.7 0-1.2-0.5t-0.5-1.2v-2.8h-4q-0.2 0-0.4-0.2t-0.2-0.4v-7.4q0-1.4 1-2.4t2.4-1h1.2v-9.7q0-0.7 0.5-1.2t1.2-0.5h12q0.7 0 1.6 0.4t1.3 0.8l2.7 2.7q0.5 0.5 0.9 1.4t0.4 1.6v4.6h1.1q1.4 0 2.4 1t1 2.4z\"\/><\/svg><\/span><\/a><\/li><li class=\"shariff-button mailto shariff-nocustomcolor\" style=\"background-color:#a8a8a8;border-radius:1%\"><a href=\"mailto:?body=https%3A%2F%2Fwww.sonnenseite.com%2Fde%2Fpolitik%2Fklimadialog-in-berlin-verpflichtung-zum-erneuerbaren-ausbau-gefordert%2F&subject=Klimadialog%20in%20Berlin%3A%20Verpflichtung%20zum%20Erneuerbaren-Ausbau%20gefordert\" title=\"Per E-Mail versenden\" aria-label=\"Per E-Mail versenden\" role=\"button\" rel=\"noopener nofollow\" class=\"shariff-link\" style=\";border-radius:1%; background-color:#999; color:#fff\"><span class=\"shariff-icon\" style=\"\"><svg width=\"32px\" height=\"20px\" xmlns=\"http:\/\/www.w3.org\/2000\/svg\" viewBox=\"0 0 32 32\"><path fill=\"#999\" d=\"M32 12.7v14.2q0 1.2-0.8 2t-2 0.9h-26.3q-1.2 0-2-0.9t-0.8-2v-14.2q0.8 0.9 1.8 1.6 6.5 4.4 8.9 6.1 1 0.8 1.6 1.2t1.7 0.9 2 0.4h0.1q0.9 0 2-0.4t1.7-0.9 1.6-1.2q3-2.2 8.9-6.1 1-0.7 1.8-1.6zM32 7.4q0 1.4-0.9 2.7t-2.2 2.2q-6.7 4.7-8.4 5.8-0.2 0.1-0.7 0.5t-1 0.7-0.9 0.6-1.1 0.5-0.9 0.2h-0.1q-0.4 0-0.9-0.2t-1.1-0.5-0.9-0.6-1-0.7-0.7-0.5q-1.6-1.1-4.7-3.2t-3.6-2.6q-1.1-0.7-2.1-2t-1-2.5q0-1.4 0.7-2.3t2.1-0.9h26.3q1.2 0 2 0.8t0.9 2z\"\/><\/svg><\/span><\/a><\/li><\/ul><\/div>","protected":false},"excerpt":{"rendered":"<p>Die Weltgemeinschaft muss sich verbindliche Ziele beim Ausbau Erneuerbarer Energien setzen, forderte die deutsche Bundesau\u00dfenministerin beim [&hellip;]<\/p>\n","protected":false},"author":3,"featured_media":91113,"comment_status":"closed","ping_status":"closed","sticky":false,"template":"","format":"standard","meta":{"inline_featured_image":false,"footnotes":""},"categories":[21],"tags":[],"class_list":["post-91111","post","type-post","status-publish","format-standard","has-post-thumbnail","hentry","category-politik"],"yoast_head":"<!-- This site is optimized with the Yoast SEO plugin v26.5 - https:\/\/yoast.com\/wordpress\/plugins\/seo\/ -->\n<title>Klimadialog in Berlin: Verpflichtung zum Erneuerbaren-Ausbau gefordert - Sonnenseite - \u00d6kologische Kommunikation mit Franz Alt<\/title>\n<meta name=\"description\" content=\"Die Weltgemeinschaft muss sich verbindliche Ziele beim Ausbau Erneuerbarer Energien setzen, forderte die deutsche Bundesau\u00dfenministerin beim Petersberger\" \/>\n<meta name=\"robots\" content=\"index, follow, max-snippet:-1, max-image-preview:large, max-video-preview:-1\" \/>\n<link rel=\"canonical\" href=\"https:\/\/www.sonnenseite.com\/de\/politik\/klimadialog-in-berlin-verpflichtung-zum-erneuerbaren-ausbau-gefordert\/\" \/>\n<meta property=\"og:locale\" content=\"de_DE\" \/>\n<meta property=\"og:type\" content=\"article\" \/>\n<meta property=\"og:title\" content=\"Klimadialog in Berlin: Verpflichtung zum Erneuerbaren-Ausbau gefordert - Sonnenseite - \u00d6kologische Kommunikation mit Franz Alt\" \/>\n<meta property=\"og:description\" content=\"Die Weltgemeinschaft muss sich verbindliche Ziele beim Ausbau Erneuerbarer Energien setzen, forderte die deutsche Bundesau\u00dfenministerin beim Petersberger\" \/>\n<meta property=\"og:url\" content=\"https:\/\/www.sonnenseite.com\/de\/politik\/klimadialog-in-berlin-verpflichtung-zum-erneuerbaren-ausbau-gefordert\/\" \/>\n<meta property=\"og:site_name\" content=\"Sonnenseite\" \/>\n<meta property=\"article:publisher\" content=\"https:\/\/www.facebook.com\/pages\/Franz-Alt-SONNENSEITECOM\/221072987903953?fref=ts\" \/>\n<meta property=\"article:published_time\" content=\"2023-05-05T13:09:15+00:00\" \/>\n<meta property=\"article:modified_time\" content=\"2023-05-05T13:15:05+00:00\" \/>\n<meta property=\"og:image\" content=\"https:\/\/www.sonnenseite.com\/wp-content\/uploads\/2023\/05\/Dubai_prateek-kochar.jpg\" \/>\n\t<meta property=\"og:image:width\" content=\"770\" \/>\n\t<meta property=\"og:image:height\" content=\"420\" \/>\n\t<meta property=\"og:image:type\" content=\"image\/jpeg\" \/>\n<meta name=\"author\" content=\"Bigi Alt\" \/>\n<meta name=\"twitter:card\" content=\"summary_large_image\" \/>\n<meta name=\"twitter:creator\" content=\"@franzalt\" \/>\n<meta name=\"twitter:site\" content=\"@franzalt\" \/>\n<meta name=\"twitter:label1\" content=\"Verfasst von\" \/>\n\t<meta name=\"twitter:data1\" content=\"Bigi Alt\" \/>\n\t<meta name=\"twitter:label2\" content=\"Gesch\u00e4tzte Lesezeit\" \/>\n\t<meta name=\"twitter:data2\" content=\"4\u00a0Minuten\" \/>\n<script type=\"application\/ld+json\" class=\"yoast-schema-graph\">{\"@context\":\"https:\/\/schema.org\",\"@graph\":[{\"@type\":\"Article\",\"@id\":\"https:\/\/www.sonnenseite.com\/de\/politik\/klimadialog-in-berlin-verpflichtung-zum-erneuerbaren-ausbau-gefordert\/#article\",\"isPartOf\":{\"@id\":\"https:\/\/www.sonnenseite.com\/de\/politik\/klimadialog-in-berlin-verpflichtung-zum-erneuerbaren-ausbau-gefordert\/\"},\"author\":{\"name\":\"Bigi Alt\",\"@id\":\"https:\/\/www.sonnenseite.com\/de\/#\/schema\/person\/50fda0e926597684c7cc6695238a4eb9\"},\"headline\":\"Klimadialog in Berlin: Verpflichtung zum Erneuerbaren-Ausbau gefordert\",\"datePublished\":\"2023-05-05T13:09:15+00:00\",\"dateModified\":\"2023-05-05T13:15:05+00:00\",\"mainEntityOfPage\":{\"@id\":\"https:\/\/www.sonnenseite.com\/de\/politik\/klimadialog-in-berlin-verpflichtung-zum-erneuerbaren-ausbau-gefordert\/\"},\"wordCount\":727,\"publisher\":{\"@id\":\"https:\/\/www.sonnenseite.com\/de\/#organization\"},\"image\":{\"@id\":\"https:\/\/www.sonnenseite.com\/de\/politik\/klimadialog-in-berlin-verpflichtung-zum-erneuerbaren-ausbau-gefordert\/#primaryimage\"},\"thumbnailUrl\":\"https:\/\/www.sonnenseite.com\/wp-content\/uploads\/2023\/05\/Dubai_prateek-kochar.jpg\",\"articleSection\":[\"Politik\"],\"inLanguage\":\"de\"},{\"@type\":\"WebPage\",\"@id\":\"https:\/\/www.sonnenseite.com\/de\/politik\/klimadialog-in-berlin-verpflichtung-zum-erneuerbaren-ausbau-gefordert\/\",\"url\":\"https:\/\/www.sonnenseite.com\/de\/politik\/klimadialog-in-berlin-verpflichtung-zum-erneuerbaren-ausbau-gefordert\/\",\"name\":\"Klimadialog in Berlin: Verpflichtung zum Erneuerbaren-Ausbau gefordert - Sonnenseite - \u00d6kologische Kommunikation mit Franz Alt\",\"isPartOf\":{\"@id\":\"https:\/\/www.sonnenseite.com\/de\/#website\"},\"primaryImageOfPage\":{\"@id\":\"https:\/\/www.sonnenseite.com\/de\/politik\/klimadialog-in-berlin-verpflichtung-zum-erneuerbaren-ausbau-gefordert\/#primaryimage\"},\"image\":{\"@id\":\"https:\/\/www.sonnenseite.com\/de\/politik\/klimadialog-in-berlin-verpflichtung-zum-erneuerbaren-ausbau-gefordert\/#primaryimage\"},\"thumbnailUrl\":\"https:\/\/www.sonnenseite.com\/wp-content\/uploads\/2023\/05\/Dubai_prateek-kochar.jpg\",\"datePublished\":\"2023-05-05T13:09:15+00:00\",\"dateModified\":\"2023-05-05T13:15:05+00:00\",\"description\":\"Die Weltgemeinschaft muss sich verbindliche Ziele beim Ausbau Erneuerbarer Energien setzen, forderte die deutsche Bundesau\u00dfenministerin beim Petersberger\",\"breadcrumb\":{\"@id\":\"https:\/\/www.sonnenseite.com\/de\/politik\/klimadialog-in-berlin-verpflichtung-zum-erneuerbaren-ausbau-gefordert\/#breadcrumb\"},\"inLanguage\":\"de\",\"potentialAction\":[{\"@type\":\"ReadAction\",\"target\":[\"https:\/\/www.sonnenseite.com\/de\/politik\/klimadialog-in-berlin-verpflichtung-zum-erneuerbaren-ausbau-gefordert\/\"]}]},{\"@type\":\"ImageObject\",\"inLanguage\":\"de\",\"@id\":\"https:\/\/www.sonnenseite.com\/de\/politik\/klimadialog-in-berlin-verpflichtung-zum-erneuerbaren-ausbau-gefordert\/#primaryimage\",\"url\":\"https:\/\/www.sonnenseite.com\/wp-content\/uploads\/2023\/05\/Dubai_prateek-kochar.jpg\",\"contentUrl\":\"https:\/\/www.sonnenseite.com\/wp-content\/uploads\/2023\/05\/Dubai_prateek-kochar.jpg\",\"width\":770,\"height\":420,\"caption\":\"unsplash.com | prateek-kochar | Die n\u00e4chste Weltklimakonferenz findet unter dem gl\u00fchenden Himmel von Dubai in gut gek\u00fchlten R\u00e4umen statt.\"},{\"@type\":\"BreadcrumbList\",\"@id\":\"https:\/\/www.sonnenseite.com\/de\/politik\/klimadialog-in-berlin-verpflichtung-zum-erneuerbaren-ausbau-gefordert\/#breadcrumb\",\"itemListElement\":[{\"@type\":\"ListItem\",\"position\":1,\"name\":\"Startseite\",\"item\":\"https:\/\/www.sonnenseite.com\/de\/\"},{\"@type\":\"ListItem\",\"position\":2,\"name\":\"Klimadialog in Berlin: Verpflichtung zum Erneuerbaren-Ausbau gefordert\"}]},{\"@type\":\"WebSite\",\"@id\":\"https:\/\/www.sonnenseite.com\/de\/#website\",\"url\":\"https:\/\/www.sonnenseite.com\/de\/\",\"name\":\"Sonnenseite\",\"description\":\"\u00d6kologische Kommunikation mit Franz Alt\",\"publisher\":{\"@id\":\"https:\/\/www.sonnenseite.com\/de\/#organization\"},\"potentialAction\":[{\"@type\":\"SearchAction\",\"target\":{\"@type\":\"EntryPoint\",\"urlTemplate\":\"https:\/\/www.sonnenseite.com\/de\/?s={search_term_string}\"},\"query-input\":{\"@type\":\"PropertyValueSpecification\",\"valueRequired\":true,\"valueName\":\"search_term_string\"}}],\"inLanguage\":\"de\"},{\"@type\":\"Organization\",\"@id\":\"https:\/\/www.sonnenseite.com\/de\/#organization\",\"name\":\"Sonnenseite\",\"url\":\"https:\/\/www.sonnenseite.com\/de\/\",\"logo\":{\"@type\":\"ImageObject\",\"inLanguage\":\"de\",\"@id\":\"https:\/\/www.sonnenseite.com\/de\/#\/schema\/logo\/image\/\",\"url\":\"https:\/\/www.sonnenseite.com\/wp-content\/uploads\/2020\/05\/Sonnenseite_Logo.png\",\"contentUrl\":\"https:\/\/www.sonnenseite.com\/wp-content\/uploads\/2020\/05\/Sonnenseite_Logo.png\",\"width\":377,\"height\":90,\"caption\":\"Sonnenseite\"},\"image\":{\"@id\":\"https:\/\/www.sonnenseite.com\/de\/#\/schema\/logo\/image\/\"},\"sameAs\":[\"https:\/\/www.facebook.com\/pages\/Franz-Alt-SONNENSEITECOM\/221072987903953?fref=ts\",\"https:\/\/x.com\/franzalt\",\"http:\/\/www.youtube.com\/results?search_query&amp;amp;quot;franz_alt&amp;amp;quot;&amp;amp;amp;amp;search_type&amp;amp;amp;amp;aq=f\"]},{\"@type\":\"Person\",\"@id\":\"https:\/\/www.sonnenseite.com\/de\/#\/schema\/person\/50fda0e926597684c7cc6695238a4eb9\",\"name\":\"Bigi Alt\"}]}<\/script>\n<!-- \/ Yoast SEO plugin. -->","yoast_head_json":{"title":"Klimadialog in Berlin: Verpflichtung zum Erneuerbaren-Ausbau gefordert - Sonnenseite - \u00d6kologische Kommunikation mit Franz Alt","description":"Die Weltgemeinschaft muss sich verbindliche Ziele beim Ausbau Erneuerbarer Energien setzen, forderte die deutsche Bundesau\u00dfenministerin beim Petersberger","robots":{"index":"index","follow":"follow","max-snippet":"max-snippet:-1","max-image-preview":"max-image-preview:large","max-video-preview":"max-video-preview:-1"},"canonical":"https:\/\/www.sonnenseite.com\/de\/politik\/klimadialog-in-berlin-verpflichtung-zum-erneuerbaren-ausbau-gefordert\/","og_locale":"de_DE","og_type":"article","og_title":"Klimadialog in Berlin: Verpflichtung zum Erneuerbaren-Ausbau gefordert - Sonnenseite - \u00d6kologische Kommunikation mit Franz Alt","og_description":"Die Weltgemeinschaft muss sich verbindliche Ziele beim Ausbau Erneuerbarer Energien setzen, forderte die deutsche Bundesau\u00dfenministerin beim Petersberger","og_url":"https:\/\/www.sonnenseite.com\/de\/politik\/klimadialog-in-berlin-verpflichtung-zum-erneuerbaren-ausbau-gefordert\/","og_site_name":"Sonnenseite","article_publisher":"https:\/\/www.facebook.com\/pages\/Franz-Alt-SONNENSEITECOM\/221072987903953?fref=ts","article_published_time":"2023-05-05T13:09:15+00:00","article_modified_time":"2023-05-05T13:15:05+00:00","og_image":[{"width":770,"height":420,"url":"https:\/\/www.sonnenseite.com\/wp-content\/uploads\/2023\/05\/Dubai_prateek-kochar.jpg","type":"image\/jpeg"}],"author":"Bigi Alt","twitter_card":"summary_large_image","twitter_creator":"@franzalt","twitter_site":"@franzalt","twitter_misc":{"Verfasst von":"Bigi Alt","Gesch\u00e4tzte Lesezeit":"4\u00a0Minuten"},"schema":{"@context":"https:\/\/schema.org","@graph":[{"@type":"Article","@id":"https:\/\/www.sonnenseite.com\/de\/politik\/klimadialog-in-berlin-verpflichtung-zum-erneuerbaren-ausbau-gefordert\/#article","isPartOf":{"@id":"https:\/\/www.sonnenseite.com\/de\/politik\/klimadialog-in-berlin-verpflichtung-zum-erneuerbaren-ausbau-gefordert\/"},"author":{"name":"Bigi Alt","@id":"https:\/\/www.sonnenseite.com\/de\/#\/schema\/person\/50fda0e926597684c7cc6695238a4eb9"},"headline":"Klimadialog in Berlin: Verpflichtung zum Erneuerbaren-Ausbau gefordert","datePublished":"2023-05-05T13:09:15+00:00","dateModified":"2023-05-05T13:15:05+00:00","mainEntityOfPage":{"@id":"https:\/\/www.sonnenseite.com\/de\/politik\/klimadialog-in-berlin-verpflichtung-zum-erneuerbaren-ausbau-gefordert\/"},"wordCount":727,"publisher":{"@id":"https:\/\/www.sonnenseite.com\/de\/#organization"},"image":{"@id":"https:\/\/www.sonnenseite.com\/de\/politik\/klimadialog-in-berlin-verpflichtung-zum-erneuerbaren-ausbau-gefordert\/#primaryimage"},"thumbnailUrl":"https:\/\/www.sonnenseite.com\/wp-content\/uploads\/2023\/05\/Dubai_prateek-kochar.jpg","articleSection":["Politik"],"inLanguage":"de"},{"@type":"WebPage","@id":"https:\/\/www.sonnenseite.com\/de\/politik\/klimadialog-in-berlin-verpflichtung-zum-erneuerbaren-ausbau-gefordert\/","url":"https:\/\/www.sonnenseite.com\/de\/politik\/klimadialog-in-berlin-verpflichtung-zum-erneuerbaren-ausbau-gefordert\/","name":"Klimadialog in Berlin: Verpflichtung zum Erneuerbaren-Ausbau gefordert - Sonnenseite - \u00d6kologische Kommunikation mit Franz Alt","isPartOf":{"@id":"https:\/\/www.sonnenseite.com\/de\/#website"},"primaryImageOfPage":{"@id":"https:\/\/www.sonnenseite.com\/de\/politik\/klimadialog-in-berlin-verpflichtung-zum-erneuerbaren-ausbau-gefordert\/#primaryimage"},"image":{"@id":"https:\/\/www.sonnenseite.com\/de\/politik\/klimadialog-in-berlin-verpflichtung-zum-erneuerbaren-ausbau-gefordert\/#primaryimage"},"thumbnailUrl":"https:\/\/www.sonnenseite.com\/wp-content\/uploads\/2023\/05\/Dubai_prateek-kochar.jpg","datePublished":"2023-05-05T13:09:15+00:00","dateModified":"2023-05-05T13:15:05+00:00","description":"Die Weltgemeinschaft muss sich verbindliche Ziele beim Ausbau Erneuerbarer Energien setzen, forderte die deutsche Bundesau\u00dfenministerin beim Petersberger","breadcrumb":{"@id":"https:\/\/www.sonnenseite.com\/de\/politik\/klimadialog-in-berlin-verpflichtung-zum-erneuerbaren-ausbau-gefordert\/#breadcrumb"},"inLanguage":"de","potentialAction":[{"@type":"ReadAction","target":["https:\/\/www.sonnenseite.com\/de\/politik\/klimadialog-in-berlin-verpflichtung-zum-erneuerbaren-ausbau-gefordert\/"]}]},{"@type":"ImageObject","inLanguage":"de","@id":"https:\/\/www.sonnenseite.com\/de\/politik\/klimadialog-in-berlin-verpflichtung-zum-erneuerbaren-ausbau-gefordert\/#primaryimage","url":"https:\/\/www.sonnenseite.com\/wp-content\/uploads\/2023\/05\/Dubai_prateek-kochar.jpg","contentUrl":"https:\/\/www.sonnenseite.com\/wp-content\/uploads\/2023\/05\/Dubai_prateek-kochar.jpg","width":770,"height":420,"caption":"unsplash.com | prateek-kochar | Die n\u00e4chste Weltklimakonferenz findet unter dem gl\u00fchenden Himmel von Dubai in gut gek\u00fchlten R\u00e4umen statt."},{"@type":"BreadcrumbList","@id":"https:\/\/www.sonnenseite.com\/de\/politik\/klimadialog-in-berlin-verpflichtung-zum-erneuerbaren-ausbau-gefordert\/#breadcrumb","itemListElement":[{"@type":"ListItem","position":1,"name":"Startseite","item":"https:\/\/www.sonnenseite.com\/de\/"},{"@type":"ListItem","position":2,"name":"Klimadialog in Berlin: Verpflichtung zum Erneuerbaren-Ausbau gefordert"}]},{"@type":"WebSite","@id":"https:\/\/www.sonnenseite.com\/de\/#website","url":"https:\/\/www.sonnenseite.com\/de\/","name":"Sonnenseite","description":"\u00d6kologische Kommunikation mit Franz Alt","publisher":{"@id":"https:\/\/www.sonnenseite.com\/de\/#organization"},"potentialAction":[{"@type":"SearchAction","target":{"@type":"EntryPoint","urlTemplate":"https:\/\/www.sonnenseite.com\/de\/?s={search_term_string}"},"query-input":{"@type":"PropertyValueSpecification","valueRequired":true,"valueName":"search_term_string"}}],"inLanguage":"de"},{"@type":"Organization","@id":"https:\/\/www.sonnenseite.com\/de\/#organization","name":"Sonnenseite","url":"https:\/\/www.sonnenseite.com\/de\/","logo":{"@type":"ImageObject","inLanguage":"de","@id":"https:\/\/www.sonnenseite.com\/de\/#\/schema\/logo\/image\/","url":"https:\/\/www.sonnenseite.com\/wp-content\/uploads\/2020\/05\/Sonnenseite_Logo.png","contentUrl":"https:\/\/www.sonnenseite.com\/wp-content\/uploads\/2020\/05\/Sonnenseite_Logo.png","width":377,"height":90,"caption":"Sonnenseite"},"image":{"@id":"https:\/\/www.sonnenseite.com\/de\/#\/schema\/logo\/image\/"},"sameAs":["https:\/\/www.facebook.com\/pages\/Franz-Alt-SONNENSEITECOM\/221072987903953?fref=ts","https:\/\/x.com\/franzalt","http:\/\/www.youtube.com\/results?search_query&amp;amp;quot;franz_alt&amp;amp;quot;&amp;amp;amp;amp;search_type&amp;amp;amp;amp;aq=f"]},{"@type":"Person","@id":"https:\/\/www.sonnenseite.com\/de\/#\/schema\/person\/50fda0e926597684c7cc6695238a4eb9","name":"Bigi Alt"}]}},"_links":{"self":[{"href":"https:\/\/www.sonnenseite.com\/de\/wp-json\/wp\/v2\/posts\/91111","targetHints":{"allow":["GET"]}}],"collection":[{"href":"https:\/\/www.sonnenseite.com\/de\/wp-json\/wp\/v2\/posts"}],"about":[{"href":"https:\/\/www.sonnenseite.com\/de\/wp-json\/wp\/v2\/types\/post"}],"author":[{"embeddable":true,"href":"https:\/\/www.sonnenseite.com\/de\/wp-json\/wp\/v2\/users\/3"}],"replies":[{"embeddable":true,"href":"https:\/\/www.sonnenseite.com\/de\/wp-json\/wp\/v2\/comments?post=91111"}],"version-history":[{"count":6,"href":"https:\/\/www.sonnenseite.com\/de\/wp-json\/wp\/v2\/posts\/91111\/revisions"}],"predecessor-version":[{"id":91124,"href":"https:\/\/www.sonnenseite.com\/de\/wp-json\/wp\/v2\/posts\/91111\/revisions\/91124"}],"wp:featuredmedia":[{"embeddable":true,"href":"https:\/\/www.sonnenseite.com\/de\/wp-json\/wp\/v2\/media\/91113"}],"wp:attachment":[{"href":"https:\/\/www.sonnenseite.com\/de\/wp-json\/wp\/v2\/media?parent=91111"}],"wp:term":[{"taxonomy":"category","embeddable":true,"href":"https:\/\/www.sonnenseite.com\/de\/wp-json\/wp\/v2\/categories?post=91111"},{"taxonomy":"post_tag","embeddable":true,"href":"https:\/\/www.sonnenseite.com\/de\/wp-json\/wp\/v2\/tags?post=91111"}],"curies":[{"name":"wp","href":"https:\/\/api.w.org\/{rel}","templated":true}]}}