{"id":91128,"date":"2023-05-05T15:27:55","date_gmt":"2023-05-05T13:27:55","guid":{"rendered":"https:\/\/www.sonnenseite.com\/?p=91128"},"modified":"2023-05-05T15:27:57","modified_gmt":"2023-05-05T13:27:57","slug":"habeck-legt-arbeitspapier-zum-industriestrompreis-vor","status":"publish","type":"post","link":"https:\/\/www.sonnenseite.com\/de\/politik\/habeck-legt-arbeitspapier-zum-industriestrompreis-vor\/","title":{"rendered":"Habeck legt Arbeitspapier zum Industriestrompreis vor"},"content":{"rendered":"\n<p>Bundeswirtschafts- und Klimaschutzminister Robert Habeck hat heute ein Arbeitspapier zum Industriestrompreis vorgelegt. Das Konzept unter dem Titel \u201eWettbewerbsf\u00e4hige Strompreise f\u00fcr die energieintensiven Unternehmen in Deutschland und Europa sicherstellen\u201c schl\u00e4gt einen zweistufigen Industriestrompreis vor. Der Minister will \u00fcber den Vorschlag mit verschiedenen Akteuren &#8211; etwa dem B\u00fcndnis Zukunft der Industrie, den Energie- und Wirtschaftsministerinnen und -minister der L\u00e4nder sowie Parlamentsvertretern zeitnah den Austausch suchen. Ziel ist es, ein breites gesellschaftliches und politisches B\u00fcndnis zu schmieden, um in dieser f\u00fcr den Wohlstand unseres Landes zentralen Frage voranzukommen.<\/p>\n\n\n\n<p><a href=\"https:\/\/www.bmwk.de\/Redaktion\/DE\/Dossier\/Visitenkarten\/visitenkarte-habeck.html\" target=\"_blank\" rel=\"noreferrer noopener\">Minister Habeck<\/a> hierzu: \u201eDeutschlands Wohlstand basiert auch auf seiner starken industriellen Basis und wir brauchen diese starke Basis auch in Zukunft. Daher m\u00fcssen wir jetzt die richtigen Weichen stellen. Gerade die energieintensive Industrie steht vor gro\u00dfen Herausforderungen. Der russische Angriffskrieg gegen die Ukraine und die dadurch ausgel\u00f6ste Energiekrise hat diese Unternehmen im letzten Jahr besonders hart getroffen. Es ist uns mit den Energiepreisbremsen gelungen, die Lage zu stabilisieren, aber das Erreichte d\u00fcrfen wir jetzt nicht gef\u00e4hrden. Deutschland braucht seine Grundstoffindustrien genauso wie neue Zukunftsindustrien. Die deutsche Industrie hat sich auf den Weg gemacht und ist bereits dabei ihre Prozesse umzustellen, die es f\u00fcr eine klimaneutrale Produktion weltweit braucht. Auf diesen Weg m\u00fcssen wir unterst\u00fctzen, denn dieser Weg sichert uns auch in Zukunft einen starken wettbewerbsf\u00e4higen Standort mit nachhaltigen Arbeitspl\u00e4tzen. Daher habe ich heute ein Arbeitspapier f\u00fcr einen Industriestrompreis vorgelegt. Unser Vorschlag ist die Antwort auf einen deutlichen Wunsch aus der Breite der Gesellschaft \u2013 \u00fcberparteilich, aus Bund und L\u00e4ndern, von Verb\u00e4nden und Gewerkschaften. Und mit diesen werden wir jetzt dar\u00fcber diskutieren.\u201c<\/p>\n\n\n\n<p>Um wettbewerbsf\u00e4hige Strompreise sicherzustellen, schl\u00e4gt das Konzept zwei Schritte vor. Hierzu sagte Minister Habeck weiter: \u201eDie Industrie soll von g\u00fcnstigem Strom aus Erneuerbaren Energien profitieren \u2013 \u00fcber einen langfristigen Transformationsstrompreis. Der massive Ausbau von Erneuerbaren Energien wird mit klugen Instrumenten f\u00fcr den direkten Zugang der Industrie zu billigem gr\u00fcnem Strom gekoppelt.\u201c<\/p>\n\n\n\n<p>Dazu sollen eine Reihe von Ma\u00dfnahmen ergriffen werden: Um Industrieunternehmen den Zugang zu kosteng\u00fcnstigen Erneuerbaren Energien zu erm\u00f6glichen, soll Strom aus neuen EE-Anlagen zu Preisen nahe an den Gestehungskosten an die Industrie weitergereicht werden. Dies setzt EE-Anlagen voraus, die mittels Contracts for Difference (CfD) finanziert werden. Zugleich soll der Abschluss von PPAs von EE-Erzeugern mit Industriepartnern mit B\u00fcrgschaften abgesichert werden, um die Risikopr\u00e4mien dieser Vertr\u00e4ge zu reduzieren (norwegisches Modell). Auch f\u00fcr mittelst\u00e4ndische Unternehmen wollen wir den Zugang zu PPA-Modellen verbessern.<\/p>\n\n\n\n<p>Minister Habeck weiter: \u201eWir k\u00f6nnen aber nicht warten, bis die Langfristma\u00dfnahmen greifen. Wir m\u00fcssen die Br\u00fccke, die wir mit den Energiepreisbremsen gebaut haben, verl\u00e4ngern. Deshalb ist ein Br\u00fcckenstrompreis notwendig. Er sichert die Wettbewerbsf\u00e4higkeit der energieintensiven Unternehmen in den 20er-Jahren, Arbeitspl\u00e4tze und Standorte. Konkret sichern wir so gute Arbeitspl\u00e4tze, komplexe Wertsch\u00f6pfungsketten und hoch innovative Unternehmen, die sich gerade transformieren.\u201c<\/p>\n\n\n\n<p>Das Ministerium schl\u00e4gt daher einen Br\u00fcckenstrompreis von 6 Cent pro Kilowattstunde f\u00fcr einen klar definierten Empf\u00e4ngerkreis vor; konkret: Unternehmen sollen bei B\u00f6rsenstrompreisen \u00fcber 6 ct\/kWh die Differenz erstattet bekommen. Ma\u00dfgeblich ist dabei der durchschnittliche B\u00f6rsenstrompreis in dem jeweiligen Jahr. Die Unternehmen haben somit weiterhin den Anreiz, Strom m\u00f6glichst kosteng\u00fcnstig und somit marktdienlich zu beschaffen. Zudem wird der Br\u00fcckenstrompreis nur auf 80% des Verbrauchs Anwendung finden; das schafft Effizienzanreize.<\/p>\n\n\n\n<p>Es gibt zudem klare Bedingungen: Tariftreue, Transformationsverpflichtung, Standortgarantie. Den Unternehmen wird nichts geschenkt, sie werden auf ihrem Weg unterst\u00fctzt, wenn sie ihn konsequent gehen.<\/p>\n\n\n\n<p>Minister Habeck erkl\u00e4rte abschlie\u00dfend: \u201eWir wollen Dauersubventionen vermeiden. Daher schlagen wir eine Br\u00fccke vor, die dann in eine Zukunft mit niedrigen erneuerbaren Strompreisen und ohne Subventionen f\u00fchrt.\u201c<\/p>\n\n\n\n<p>Das Arbeitspapier zum Industriestrompreis finden Sie <a href=\"https:\/\/www.bmwk.de\/Redaktion\/DE\/Downloads\/W\/wettbewerbsfaehige-strompreise-fuer-die-energieintensiven-unternehmen-in-deutschland-und-europa-sicherstellen.html\" target=\"_blank\" rel=\"noreferrer noopener\">hier<\/a>.<\/p>\n\n\n<h5 class=\"green\">Quelle<\/h5>\r\n\n\n\n<p><a href=\"https:\/\/www.bmwk.de\" target=\"_blank\" rel=\"noreferrer noopener\">Bundesministerium f\u00fcr Wirtschaft und Klimaschutz 2023<\/a><\/p>\n<div class=\"shariff shariff-align-flex-start shariff-widget-align-flex-start\"><div class=\"ShariffHeadline\">Diese Meldung teilen<\/div><ul class=\"shariff-buttons theme-round orientation-horizontal buttonsize-medium\"><li class=\"shariff-button facebook shariff-nocustomcolor\" style=\"background-color:#4273c8;border-radius:1%\"><a href=\"https:\/\/www.facebook.com\/sharer\/sharer.php?u=https%3A%2F%2Fwww.sonnenseite.com%2Fde%2Fpolitik%2Fhabeck-legt-arbeitspapier-zum-industriestrompreis-vor%2F\" title=\"Bei Facebook teilen\" aria-label=\"Bei Facebook teilen\" role=\"button\" rel=\"nofollow\" class=\"shariff-link\" style=\";border-radius:1%; background-color:#3b5998; color:#fff\" target=\"_blank\"><span class=\"shariff-icon\" style=\"\"><svg width=\"32px\" height=\"20px\" xmlns=\"http:\/\/www.w3.org\/2000\/svg\" viewBox=\"0 0 18 32\"><path fill=\"#3b5998\" d=\"M17.1 0.2v4.7h-2.8q-1.5 0-2.1 0.6t-0.5 1.9v3.4h5.2l-0.7 5.3h-4.5v13.6h-5.5v-13.6h-4.5v-5.3h4.5v-3.9q0-3.3 1.9-5.2t5-1.8q2.6 0 4.1 0.2z\"\/><\/svg><\/span><\/a><\/li><li class=\"shariff-button twitter shariff-nocustomcolor\" style=\"background-color:#595959;border-radius:1%\"><a href=\"https:\/\/twitter.com\/share?url=https%3A%2F%2Fwww.sonnenseite.com%2Fde%2Fpolitik%2Fhabeck-legt-arbeitspapier-zum-industriestrompreis-vor%2F&text=Habeck%20legt%20Arbeitspapier%20zum%20Industriestrompreis%20vor\" title=\"Bei X teilen\" aria-label=\"Bei X teilen\" role=\"button\" rel=\"noopener nofollow\" class=\"shariff-link\" style=\";border-radius:1%; background-color:#000; color:#fff\" target=\"_blank\"><span class=\"shariff-icon\" style=\"\"><svg width=\"32px\" height=\"20px\" xmlns=\"http:\/\/www.w3.org\/2000\/svg\" viewBox=\"0 0 24 24\"><path fill=\"#000\" d=\"M14.258 10.152L23.176 0h-2.113l-7.747 8.813L7.133 0H0l9.352 13.328L0 23.973h2.113l8.176-9.309 6.531 9.309h7.133zm-2.895 3.293l-.949-1.328L2.875 1.56h3.246l6.086 8.523.945 1.328 7.91 11.078h-3.246zm0 0\"\/><\/svg><\/span><\/a><\/li><li class=\"shariff-button xing shariff-nocustomcolor\" style=\"background-color:#29888a;border-radius:1%\"><a href=\"https:\/\/www.xing.com\/spi\/shares\/new?url=https%3A%2F%2Fwww.sonnenseite.com%2Fde%2Fpolitik%2Fhabeck-legt-arbeitspapier-zum-industriestrompreis-vor%2F\" title=\"Bei XING teilen\" aria-label=\"Bei XING teilen\" role=\"button\" rel=\"noopener nofollow\" class=\"shariff-link\" style=\";border-radius:1%; background-color:#126567; color:#fff\" target=\"_blank\"><span class=\"shariff-icon\" style=\"\"><svg width=\"32px\" height=\"20px\" xmlns=\"http:\/\/www.w3.org\/2000\/svg\" viewBox=\"0 0 25 32\"><path fill=\"#126567\" d=\"M10.7 11.9q-0.2 0.3-4.6 8.2-0.5 0.8-1.2 0.8h-4.3q-0.4 0-0.5-0.3t0-0.6l4.5-8q0 0 0 0l-2.9-5q-0.2-0.4 0-0.7 0.2-0.3 0.5-0.3h4.3q0.7 0 1.2 0.8zM25.1 0.4q0.2 0.3 0 0.7l-9.4 16.7 6 11q0.2 0.4 0 0.6-0.2 0.3-0.6 0.3h-4.3q-0.7 0-1.2-0.8l-6-11.1q0.3-0.6 9.5-16.8 0.4-0.8 1.2-0.8h4.3q0.4 0 0.5 0.3z\"\/><\/svg><\/span><\/a><\/li><li class=\"shariff-button linkedin shariff-nocustomcolor\" style=\"background-color:#1488bf;border-radius:1%\"><a href=\"https:\/\/www.linkedin.com\/sharing\/share-offsite\/?url=https%3A%2F%2Fwww.sonnenseite.com%2Fde%2Fpolitik%2Fhabeck-legt-arbeitspapier-zum-industriestrompreis-vor%2F\" title=\"Bei LinkedIn teilen\" aria-label=\"Bei LinkedIn teilen\" role=\"button\" rel=\"noopener nofollow\" class=\"shariff-link\" style=\";border-radius:1%; background-color:#0077b5; color:#fff\" target=\"_blank\"><span class=\"shariff-icon\" style=\"\"><svg width=\"32px\" height=\"20px\" xmlns=\"http:\/\/www.w3.org\/2000\/svg\" viewBox=\"0 0 27 32\"><path fill=\"#0077b5\" d=\"M6.2 11.2v17.7h-5.9v-17.7h5.9zM6.6 5.7q0 1.3-0.9 2.2t-2.4 0.9h0q-1.5 0-2.4-0.9t-0.9-2.2 0.9-2.2 2.4-0.9 2.4 0.9 0.9 2.2zM27.4 18.7v10.1h-5.9v-9.5q0-1.9-0.7-2.9t-2.3-1.1q-1.1 0-1.9 0.6t-1.2 1.5q-0.2 0.5-0.2 1.4v9.9h-5.9q0-7.1 0-11.6t0-5.3l0-0.9h5.9v2.6h0q0.4-0.6 0.7-1t1-0.9 1.6-0.8 2-0.3q3 0 4.9 2t1.9 6z\"\/><\/svg><\/span><\/a><\/li><li class=\"shariff-button printer shariff-nocustomcolor\" style=\"background-color:#a8a8a8;border-radius:1%\"><a href=\"javascript:window.print()\" title=\"drucken\" aria-label=\"drucken\" role=\"button\" rel=\"noopener nofollow\" class=\"shariff-link\" style=\";border-radius:1%; background-color:#999; color:#fff\"><span class=\"shariff-icon\" style=\"\"><svg width=\"32px\" height=\"20px\" xmlns=\"http:\/\/www.w3.org\/2000\/svg\" viewBox=\"0 0 30 32\"><path fill=\"#999\" d=\"M6.8 27.4h16v-4.6h-16v4.6zM6.8 16h16v-6.8h-2.8q-0.7 0-1.2-0.5t-0.5-1.2v-2.8h-11.4v11.4zM27.4 17.2q0-0.5-0.3-0.8t-0.8-0.4-0.8 0.4-0.3 0.8 0.3 0.8 0.8 0.3 0.8-0.3 0.3-0.8zM29.7 17.2v7.4q0 0.2-0.2 0.4t-0.4 0.2h-4v2.8q0 0.7-0.5 1.2t-1.2 0.5h-17.2q-0.7 0-1.2-0.5t-0.5-1.2v-2.8h-4q-0.2 0-0.4-0.2t-0.2-0.4v-7.4q0-1.4 1-2.4t2.4-1h1.2v-9.7q0-0.7 0.5-1.2t1.2-0.5h12q0.7 0 1.6 0.4t1.3 0.8l2.7 2.7q0.5 0.5 0.9 1.4t0.4 1.6v4.6h1.1q1.4 0 2.4 1t1 2.4z\"\/><\/svg><\/span><\/a><\/li><li class=\"shariff-button mailto shariff-nocustomcolor\" style=\"background-color:#a8a8a8;border-radius:1%\"><a href=\"mailto:?body=https%3A%2F%2Fwww.sonnenseite.com%2Fde%2Fpolitik%2Fhabeck-legt-arbeitspapier-zum-industriestrompreis-vor%2F&subject=Habeck%20legt%20Arbeitspapier%20zum%20Industriestrompreis%20vor\" title=\"Per E-Mail versenden\" aria-label=\"Per E-Mail versenden\" role=\"button\" rel=\"noopener nofollow\" class=\"shariff-link\" style=\";border-radius:1%; background-color:#999; color:#fff\"><span class=\"shariff-icon\" style=\"\"><svg width=\"32px\" height=\"20px\" xmlns=\"http:\/\/www.w3.org\/2000\/svg\" viewBox=\"0 0 32 32\"><path fill=\"#999\" d=\"M32 12.7v14.2q0 1.2-0.8 2t-2 0.9h-26.3q-1.2 0-2-0.9t-0.8-2v-14.2q0.8 0.9 1.8 1.6 6.5 4.4 8.9 6.1 1 0.8 1.6 1.2t1.7 0.9 2 0.4h0.1q0.9 0 2-0.4t1.7-0.9 1.6-1.2q3-2.2 8.9-6.1 1-0.7 1.8-1.6zM32 7.4q0 1.4-0.9 2.7t-2.2 2.2q-6.7 4.7-8.4 5.8-0.2 0.1-0.7 0.5t-1 0.7-0.9 0.6-1.1 0.5-0.9 0.2h-0.1q-0.4 0-0.9-0.2t-1.1-0.5-0.9-0.6-1-0.7-0.7-0.5q-1.6-1.1-4.7-3.2t-3.6-2.6q-1.1-0.7-2.1-2t-1-2.5q0-1.4 0.7-2.3t2.1-0.9h26.3q1.2 0 2 0.8t0.9 2z\"\/><\/svg><\/span><\/a><\/li><\/ul><\/div>","protected":false},"excerpt":{"rendered":"<p>Bundeswirtschafts- und Klimaschutzminister Robert Habeck hat heute ein Arbeitspapier zum Industriestrompreis vorgelegt. Das Konzept unter dem [&hellip;]<\/p>\n","protected":false},"author":3,"featured_media":13026,"comment_status":"closed","ping_status":"closed","sticky":false,"template":"","format":"standard","meta":{"inline_featured_image":false,"footnotes":""},"categories":[21],"tags":[],"class_list":["post-91128","post","type-post","status-publish","format-standard","has-post-thumbnail","hentry","category-politik"],"yoast_head":"<!-- This site is optimized with the Yoast SEO plugin v26.5 - https:\/\/yoast.com\/wordpress\/plugins\/seo\/ -->\n<title>Habeck legt Arbeitspapier zum Industriestrompreis vor - Sonnenseite - \u00d6kologische Kommunikation mit Franz Alt<\/title>\n<meta name=\"description\" content=\"Bundeswirtschafts- und Klimaschutzminister Robert Habeck hat heute ein Arbeitspapier zum Industriestrompreis vorgelegt. Das Konzept unter dem Titel\" \/>\n<meta name=\"robots\" content=\"index, follow, max-snippet:-1, max-image-preview:large, max-video-preview:-1\" \/>\n<link rel=\"canonical\" href=\"https:\/\/www.sonnenseite.com\/de\/politik\/habeck-legt-arbeitspapier-zum-industriestrompreis-vor\/\" \/>\n<meta property=\"og:locale\" content=\"de_DE\" \/>\n<meta property=\"og:type\" content=\"article\" \/>\n<meta property=\"og:title\" content=\"Habeck legt Arbeitspapier zum Industriestrompreis vor - Sonnenseite - \u00d6kologische Kommunikation mit Franz Alt\" \/>\n<meta property=\"og:description\" content=\"Bundeswirtschafts- und Klimaschutzminister Robert Habeck hat heute ein Arbeitspapier zum Industriestrompreis vorgelegt. Das Konzept unter dem Titel\" \/>\n<meta property=\"og:url\" content=\"https:\/\/www.sonnenseite.com\/de\/politik\/habeck-legt-arbeitspapier-zum-industriestrompreis-vor\/\" \/>\n<meta property=\"og:site_name\" content=\"Sonnenseite\" \/>\n<meta property=\"article:publisher\" content=\"https:\/\/www.facebook.com\/pages\/Franz-Alt-SONNENSEITECOM\/221072987903953?fref=ts\" \/>\n<meta property=\"article:published_time\" content=\"2023-05-05T13:27:55+00:00\" \/>\n<meta property=\"article:modified_time\" content=\"2023-05-05T13:27:57+00:00\" \/>\n<meta property=\"og:image\" content=\"https:\/\/www.sonnenseite.com\/wp-content\/uploads\/2018\/12\/solar1_geld_Francis52.jpg\" \/>\n\t<meta property=\"og:image:width\" content=\"770\" \/>\n\t<meta property=\"og:image:height\" content=\"420\" \/>\n\t<meta property=\"og:image:type\" content=\"image\/jpeg\" \/>\n<meta name=\"author\" content=\"Bigi Alt\" \/>\n<meta name=\"twitter:card\" content=\"summary_large_image\" \/>\n<meta name=\"twitter:creator\" content=\"@franzalt\" \/>\n<meta name=\"twitter:site\" content=\"@franzalt\" \/>\n<meta name=\"twitter:label1\" content=\"Verfasst von\" \/>\n\t<meta name=\"twitter:data1\" content=\"Bigi Alt\" \/>\n\t<meta name=\"twitter:label2\" content=\"Gesch\u00e4tzte Lesezeit\" \/>\n\t<meta name=\"twitter:data2\" content=\"3\u00a0Minuten\" \/>\n<script type=\"application\/ld+json\" class=\"yoast-schema-graph\">{\"@context\":\"https:\/\/schema.org\",\"@graph\":[{\"@type\":\"Article\",\"@id\":\"https:\/\/www.sonnenseite.com\/de\/politik\/habeck-legt-arbeitspapier-zum-industriestrompreis-vor\/#article\",\"isPartOf\":{\"@id\":\"https:\/\/www.sonnenseite.com\/de\/politik\/habeck-legt-arbeitspapier-zum-industriestrompreis-vor\/\"},\"author\":{\"name\":\"Bigi Alt\",\"@id\":\"https:\/\/www.sonnenseite.com\/de\/#\/schema\/person\/50fda0e926597684c7cc6695238a4eb9\"},\"headline\":\"Habeck legt Arbeitspapier zum Industriestrompreis vor\",\"datePublished\":\"2023-05-05T13:27:55+00:00\",\"dateModified\":\"2023-05-05T13:27:57+00:00\",\"mainEntityOfPage\":{\"@id\":\"https:\/\/www.sonnenseite.com\/de\/politik\/habeck-legt-arbeitspapier-zum-industriestrompreis-vor\/\"},\"wordCount\":638,\"publisher\":{\"@id\":\"https:\/\/www.sonnenseite.com\/de\/#organization\"},\"image\":{\"@id\":\"https:\/\/www.sonnenseite.com\/de\/politik\/habeck-legt-arbeitspapier-zum-industriestrompreis-vor\/#primaryimage\"},\"thumbnailUrl\":\"https:\/\/www.sonnenseite.com\/wp-content\/uploads\/2018\/12\/solar1_geld_Francis52.jpg\",\"articleSection\":[\"Politik\"],\"inLanguage\":\"de\"},{\"@type\":\"WebPage\",\"@id\":\"https:\/\/www.sonnenseite.com\/de\/politik\/habeck-legt-arbeitspapier-zum-industriestrompreis-vor\/\",\"url\":\"https:\/\/www.sonnenseite.com\/de\/politik\/habeck-legt-arbeitspapier-zum-industriestrompreis-vor\/\",\"name\":\"Habeck legt Arbeitspapier zum Industriestrompreis vor - Sonnenseite - \u00d6kologische Kommunikation mit Franz Alt\",\"isPartOf\":{\"@id\":\"https:\/\/www.sonnenseite.com\/de\/#website\"},\"primaryImageOfPage\":{\"@id\":\"https:\/\/www.sonnenseite.com\/de\/politik\/habeck-legt-arbeitspapier-zum-industriestrompreis-vor\/#primaryimage\"},\"image\":{\"@id\":\"https:\/\/www.sonnenseite.com\/de\/politik\/habeck-legt-arbeitspapier-zum-industriestrompreis-vor\/#primaryimage\"},\"thumbnailUrl\":\"https:\/\/www.sonnenseite.com\/wp-content\/uploads\/2018\/12\/solar1_geld_Francis52.jpg\",\"datePublished\":\"2023-05-05T13:27:55+00:00\",\"dateModified\":\"2023-05-05T13:27:57+00:00\",\"description\":\"Bundeswirtschafts- und Klimaschutzminister Robert Habeck hat heute ein Arbeitspapier zum Industriestrompreis vorgelegt. Das Konzept unter dem Titel\",\"breadcrumb\":{\"@id\":\"https:\/\/www.sonnenseite.com\/de\/politik\/habeck-legt-arbeitspapier-zum-industriestrompreis-vor\/#breadcrumb\"},\"inLanguage\":\"de\",\"potentialAction\":[{\"@type\":\"ReadAction\",\"target\":[\"https:\/\/www.sonnenseite.com\/de\/politik\/habeck-legt-arbeitspapier-zum-industriestrompreis-vor\/\"]}]},{\"@type\":\"ImageObject\",\"inLanguage\":\"de\",\"@id\":\"https:\/\/www.sonnenseite.com\/de\/politik\/habeck-legt-arbeitspapier-zum-industriestrompreis-vor\/#primaryimage\",\"url\":\"https:\/\/www.sonnenseite.com\/wp-content\/uploads\/2018\/12\/solar1_geld_Francis52.jpg\",\"contentUrl\":\"https:\/\/www.sonnenseite.com\/wp-content\/uploads\/2018\/12\/solar1_geld_Francis52.jpg\",\"width\":770,\"height\":420,\"caption\":\"Depositphotos | Francis 52\"},{\"@type\":\"BreadcrumbList\",\"@id\":\"https:\/\/www.sonnenseite.com\/de\/politik\/habeck-legt-arbeitspapier-zum-industriestrompreis-vor\/#breadcrumb\",\"itemListElement\":[{\"@type\":\"ListItem\",\"position\":1,\"name\":\"Startseite\",\"item\":\"https:\/\/www.sonnenseite.com\/de\/\"},{\"@type\":\"ListItem\",\"position\":2,\"name\":\"Habeck legt Arbeitspapier zum Industriestrompreis vor\"}]},{\"@type\":\"WebSite\",\"@id\":\"https:\/\/www.sonnenseite.com\/de\/#website\",\"url\":\"https:\/\/www.sonnenseite.com\/de\/\",\"name\":\"Sonnenseite\",\"description\":\"\u00d6kologische Kommunikation mit Franz Alt\",\"publisher\":{\"@id\":\"https:\/\/www.sonnenseite.com\/de\/#organization\"},\"potentialAction\":[{\"@type\":\"SearchAction\",\"target\":{\"@type\":\"EntryPoint\",\"urlTemplate\":\"https:\/\/www.sonnenseite.com\/de\/?s={search_term_string}\"},\"query-input\":{\"@type\":\"PropertyValueSpecification\",\"valueRequired\":true,\"valueName\":\"search_term_string\"}}],\"inLanguage\":\"de\"},{\"@type\":\"Organization\",\"@id\":\"https:\/\/www.sonnenseite.com\/de\/#organization\",\"name\":\"Sonnenseite\",\"url\":\"https:\/\/www.sonnenseite.com\/de\/\",\"logo\":{\"@type\":\"ImageObject\",\"inLanguage\":\"de\",\"@id\":\"https:\/\/www.sonnenseite.com\/de\/#\/schema\/logo\/image\/\",\"url\":\"https:\/\/www.sonnenseite.com\/wp-content\/uploads\/2020\/05\/Sonnenseite_Logo.png\",\"contentUrl\":\"https:\/\/www.sonnenseite.com\/wp-content\/uploads\/2020\/05\/Sonnenseite_Logo.png\",\"width\":377,\"height\":90,\"caption\":\"Sonnenseite\"},\"image\":{\"@id\":\"https:\/\/www.sonnenseite.com\/de\/#\/schema\/logo\/image\/\"},\"sameAs\":[\"https:\/\/www.facebook.com\/pages\/Franz-Alt-SONNENSEITECOM\/221072987903953?fref=ts\",\"https:\/\/x.com\/franzalt\",\"http:\/\/www.youtube.com\/results?search_query&amp;amp;quot;franz_alt&amp;amp;quot;&amp;amp;amp;amp;search_type&amp;amp;amp;amp;aq=f\"]},{\"@type\":\"Person\",\"@id\":\"https:\/\/www.sonnenseite.com\/de\/#\/schema\/person\/50fda0e926597684c7cc6695238a4eb9\",\"name\":\"Bigi Alt\"}]}<\/script>\n<!-- \/ Yoast SEO plugin. -->","yoast_head_json":{"title":"Habeck legt Arbeitspapier zum Industriestrompreis vor - Sonnenseite - \u00d6kologische Kommunikation mit Franz Alt","description":"Bundeswirtschafts- und Klimaschutzminister Robert Habeck hat heute ein Arbeitspapier zum Industriestrompreis vorgelegt. Das Konzept unter dem Titel","robots":{"index":"index","follow":"follow","max-snippet":"max-snippet:-1","max-image-preview":"max-image-preview:large","max-video-preview":"max-video-preview:-1"},"canonical":"https:\/\/www.sonnenseite.com\/de\/politik\/habeck-legt-arbeitspapier-zum-industriestrompreis-vor\/","og_locale":"de_DE","og_type":"article","og_title":"Habeck legt Arbeitspapier zum Industriestrompreis vor - Sonnenseite - \u00d6kologische Kommunikation mit Franz Alt","og_description":"Bundeswirtschafts- und Klimaschutzminister Robert Habeck hat heute ein Arbeitspapier zum Industriestrompreis vorgelegt. Das Konzept unter dem Titel","og_url":"https:\/\/www.sonnenseite.com\/de\/politik\/habeck-legt-arbeitspapier-zum-industriestrompreis-vor\/","og_site_name":"Sonnenseite","article_publisher":"https:\/\/www.facebook.com\/pages\/Franz-Alt-SONNENSEITECOM\/221072987903953?fref=ts","article_published_time":"2023-05-05T13:27:55+00:00","article_modified_time":"2023-05-05T13:27:57+00:00","og_image":[{"width":770,"height":420,"url":"https:\/\/www.sonnenseite.com\/wp-content\/uploads\/2018\/12\/solar1_geld_Francis52.jpg","type":"image\/jpeg"}],"author":"Bigi Alt","twitter_card":"summary_large_image","twitter_creator":"@franzalt","twitter_site":"@franzalt","twitter_misc":{"Verfasst von":"Bigi Alt","Gesch\u00e4tzte Lesezeit":"3\u00a0Minuten"},"schema":{"@context":"https:\/\/schema.org","@graph":[{"@type":"Article","@id":"https:\/\/www.sonnenseite.com\/de\/politik\/habeck-legt-arbeitspapier-zum-industriestrompreis-vor\/#article","isPartOf":{"@id":"https:\/\/www.sonnenseite.com\/de\/politik\/habeck-legt-arbeitspapier-zum-industriestrompreis-vor\/"},"author":{"name":"Bigi Alt","@id":"https:\/\/www.sonnenseite.com\/de\/#\/schema\/person\/50fda0e926597684c7cc6695238a4eb9"},"headline":"Habeck legt Arbeitspapier zum Industriestrompreis vor","datePublished":"2023-05-05T13:27:55+00:00","dateModified":"2023-05-05T13:27:57+00:00","mainEntityOfPage":{"@id":"https:\/\/www.sonnenseite.com\/de\/politik\/habeck-legt-arbeitspapier-zum-industriestrompreis-vor\/"},"wordCount":638,"publisher":{"@id":"https:\/\/www.sonnenseite.com\/de\/#organization"},"image":{"@id":"https:\/\/www.sonnenseite.com\/de\/politik\/habeck-legt-arbeitspapier-zum-industriestrompreis-vor\/#primaryimage"},"thumbnailUrl":"https:\/\/www.sonnenseite.com\/wp-content\/uploads\/2018\/12\/solar1_geld_Francis52.jpg","articleSection":["Politik"],"inLanguage":"de"},{"@type":"WebPage","@id":"https:\/\/www.sonnenseite.com\/de\/politik\/habeck-legt-arbeitspapier-zum-industriestrompreis-vor\/","url":"https:\/\/www.sonnenseite.com\/de\/politik\/habeck-legt-arbeitspapier-zum-industriestrompreis-vor\/","name":"Habeck legt Arbeitspapier zum Industriestrompreis vor - Sonnenseite - \u00d6kologische Kommunikation mit Franz Alt","isPartOf":{"@id":"https:\/\/www.sonnenseite.com\/de\/#website"},"primaryImageOfPage":{"@id":"https:\/\/www.sonnenseite.com\/de\/politik\/habeck-legt-arbeitspapier-zum-industriestrompreis-vor\/#primaryimage"},"image":{"@id":"https:\/\/www.sonnenseite.com\/de\/politik\/habeck-legt-arbeitspapier-zum-industriestrompreis-vor\/#primaryimage"},"thumbnailUrl":"https:\/\/www.sonnenseite.com\/wp-content\/uploads\/2018\/12\/solar1_geld_Francis52.jpg","datePublished":"2023-05-05T13:27:55+00:00","dateModified":"2023-05-05T13:27:57+00:00","description":"Bundeswirtschafts- und Klimaschutzminister Robert Habeck hat heute ein Arbeitspapier zum Industriestrompreis vorgelegt. Das Konzept unter dem Titel","breadcrumb":{"@id":"https:\/\/www.sonnenseite.com\/de\/politik\/habeck-legt-arbeitspapier-zum-industriestrompreis-vor\/#breadcrumb"},"inLanguage":"de","potentialAction":[{"@type":"ReadAction","target":["https:\/\/www.sonnenseite.com\/de\/politik\/habeck-legt-arbeitspapier-zum-industriestrompreis-vor\/"]}]},{"@type":"ImageObject","inLanguage":"de","@id":"https:\/\/www.sonnenseite.com\/de\/politik\/habeck-legt-arbeitspapier-zum-industriestrompreis-vor\/#primaryimage","url":"https:\/\/www.sonnenseite.com\/wp-content\/uploads\/2018\/12\/solar1_geld_Francis52.jpg","contentUrl":"https:\/\/www.sonnenseite.com\/wp-content\/uploads\/2018\/12\/solar1_geld_Francis52.jpg","width":770,"height":420,"caption":"Depositphotos | Francis 52"},{"@type":"BreadcrumbList","@id":"https:\/\/www.sonnenseite.com\/de\/politik\/habeck-legt-arbeitspapier-zum-industriestrompreis-vor\/#breadcrumb","itemListElement":[{"@type":"ListItem","position":1,"name":"Startseite","item":"https:\/\/www.sonnenseite.com\/de\/"},{"@type":"ListItem","position":2,"name":"Habeck legt Arbeitspapier zum Industriestrompreis vor"}]},{"@type":"WebSite","@id":"https:\/\/www.sonnenseite.com\/de\/#website","url":"https:\/\/www.sonnenseite.com\/de\/","name":"Sonnenseite","description":"\u00d6kologische Kommunikation mit Franz Alt","publisher":{"@id":"https:\/\/www.sonnenseite.com\/de\/#organization"},"potentialAction":[{"@type":"SearchAction","target":{"@type":"EntryPoint","urlTemplate":"https:\/\/www.sonnenseite.com\/de\/?s={search_term_string}"},"query-input":{"@type":"PropertyValueSpecification","valueRequired":true,"valueName":"search_term_string"}}],"inLanguage":"de"},{"@type":"Organization","@id":"https:\/\/www.sonnenseite.com\/de\/#organization","name":"Sonnenseite","url":"https:\/\/www.sonnenseite.com\/de\/","logo":{"@type":"ImageObject","inLanguage":"de","@id":"https:\/\/www.sonnenseite.com\/de\/#\/schema\/logo\/image\/","url":"https:\/\/www.sonnenseite.com\/wp-content\/uploads\/2020\/05\/Sonnenseite_Logo.png","contentUrl":"https:\/\/www.sonnenseite.com\/wp-content\/uploads\/2020\/05\/Sonnenseite_Logo.png","width":377,"height":90,"caption":"Sonnenseite"},"image":{"@id":"https:\/\/www.sonnenseite.com\/de\/#\/schema\/logo\/image\/"},"sameAs":["https:\/\/www.facebook.com\/pages\/Franz-Alt-SONNENSEITECOM\/221072987903953?fref=ts","https:\/\/x.com\/franzalt","http:\/\/www.youtube.com\/results?search_query&amp;amp;quot;franz_alt&amp;amp;quot;&amp;amp;amp;amp;search_type&amp;amp;amp;amp;aq=f"]},{"@type":"Person","@id":"https:\/\/www.sonnenseite.com\/de\/#\/schema\/person\/50fda0e926597684c7cc6695238a4eb9","name":"Bigi Alt"}]}},"_links":{"self":[{"href":"https:\/\/www.sonnenseite.com\/de\/wp-json\/wp\/v2\/posts\/91128","targetHints":{"allow":["GET"]}}],"collection":[{"href":"https:\/\/www.sonnenseite.com\/de\/wp-json\/wp\/v2\/posts"}],"about":[{"href":"https:\/\/www.sonnenseite.com\/de\/wp-json\/wp\/v2\/types\/post"}],"author":[{"embeddable":true,"href":"https:\/\/www.sonnenseite.com\/de\/wp-json\/wp\/v2\/users\/3"}],"replies":[{"embeddable":true,"href":"https:\/\/www.sonnenseite.com\/de\/wp-json\/wp\/v2\/comments?post=91128"}],"version-history":[{"count":1,"href":"https:\/\/www.sonnenseite.com\/de\/wp-json\/wp\/v2\/posts\/91128\/revisions"}],"predecessor-version":[{"id":91129,"href":"https:\/\/www.sonnenseite.com\/de\/wp-json\/wp\/v2\/posts\/91128\/revisions\/91129"}],"wp:featuredmedia":[{"embeddable":true,"href":"https:\/\/www.sonnenseite.com\/de\/wp-json\/wp\/v2\/media\/13026"}],"wp:attachment":[{"href":"https:\/\/www.sonnenseite.com\/de\/wp-json\/wp\/v2\/media?parent=91128"}],"wp:term":[{"taxonomy":"category","embeddable":true,"href":"https:\/\/www.sonnenseite.com\/de\/wp-json\/wp\/v2\/categories?post=91128"},{"taxonomy":"post_tag","embeddable":true,"href":"https:\/\/www.sonnenseite.com\/de\/wp-json\/wp\/v2\/tags?post=91128"}],"curies":[{"name":"wp","href":"https:\/\/api.w.org\/{rel}","templated":true}]}}