{"id":91240,"date":"2023-05-13T02:48:00","date_gmt":"2023-05-13T00:48:00","guid":{"rendered":"https:\/\/www.sonnenseite.com\/?p=91240"},"modified":"2023-05-12T10:49:15","modified_gmt":"2023-05-12T08:49:15","slug":"energie-vom-acker-mit-windkraft-und-photovoltaik-gehts-am-besten","status":"publish","type":"post","link":"https:\/\/www.sonnenseite.com\/de\/energie\/energie-vom-acker-mit-windkraft-und-photovoltaik-gehts-am-besten\/","title":{"rendered":"Energie vom Acker: Mit Windkraft und Photovoltaik geht\u2019s am besten"},"content":{"rendered":"\n<p>Bei der Fl\u00e4cheneffizienz sind Windkraft- und Photovoltaik-Anlagen dem Anbau von Energiepflanzen deutlich \u00fcberlegen.<\/p>\n\n\n\n<p>Mit Biogas und Biodiesel fing es an \u2013 Landwirte wurden zu Energiewirten. Doch es gibt auch andere Formen der Energieerzeugung auf dem Acker. Wissenschaftler des Th\u00fcnen-Instituts haben in einem Faktencheck detailliert untersucht, mit welcher Energieform am meisten Energie pro Fl\u00e4cheneinheit erzeugt werden kann.<\/p>\n\n\n\n<p>Ob Biogas, Wind- oder Sonnenstrom: Die anstehende Transformation des Energiesystems f\u00fchrt dazu, dass es f\u00fcr landwirtschaftliche Betriebe zunehmend attraktiv wird, neben Lebensmitteln und nachwachsenden Rohstoffen auch Energie zu produzieren. Um einen sachlichen und unvoreingenommenen Beitrag zu der Frage zu liefern, welche Systeme am meisten Energie pro Fl\u00e4cheneinheit bereitstellen und damit am effizientesten sind, haben Wissenschaftler des Th\u00fcnen-Institutes in Braunschweig verschiedene Nutzungsvarianten verglichen und die Ergebnisse in einer Studie ver\u00f6ffentlicht.<\/p>\n\n\n\n<p>Die Berechnungen ergaben, bezogen auf einen Hektar Ackerfl\u00e4che: Mit dem Anbau von Mais f\u00fcr die Biogasanlage k\u00f6nnen sieben Haushalte ein Jahr lang mit Strom versorgt werden (ohne Abw\u00e4rmenutzung). Sehr viel effizienter sind Photovoltaik-(PV)-Freifl\u00e4chenanlagen, die pro Hektar 230 Haushalte versorgen k\u00f6nnen, und Windr\u00e4der, die es sogar auf 6.000 Haushalte bringen.<\/p>\n\n\n\n<p>\u00c4hnlich ist es bei der W\u00e4rmeversorgung. Abw\u00e4rme und per W\u00e4rmepumpe umgewandelter Strom der Biogasanlage k\u00f6nnen erneut sieben Haushalte ein Jahr lang versorgen, die PV-Anlage schafft pro Hektar mithilfe der W\u00e4rmepumpe 170 Haushalte und die Windr\u00e4der bringen es auf 4.300. Auch im Bereich Verkehr sind die Leistungsunterschiede enorm: W\u00e4hrend ein Pkw mit Raps-Biodiesel von einem Hektar Fl\u00e4che 33.000 km im Jahr fahren kann (bei Anrechnung der Nebenprodukte 57.000 km) und ein Pkw mit Biomethan-Antrieb aus Biogas 66.000 km zur\u00fccklegt, f\u00e4hrt ein Elektroauto mit PV-Strom 4 Mio. km und eines mit Windstrom, erzeugt von einem Hektar Windradfl\u00e4che, sogar 100 Mio. km.<\/p>\n\n\n\n<h4 class=\"wp-block-heading\">Effizienz z\u00e4hlt<\/h4>\n\n\n\n<p>Jonas B\u00f6hm, Wissenschaftler am Th\u00fcnen-Institut f\u00fcr Betriebswirtschaft, ist Hauptautor der Studie und fasst die Ergebnisse so zusammen: \u201eWir haben ermittelt, dass die meiste Energie von einem Hektar Land aus Windenergieanlagen und Photovoltaik erzeugt werden kann. Deshalb sollten diese beiden Technologien bei der Transformation des Energiesystems die wichtigste Rolle spielen. Allerdings brauchen wir daf\u00fcr auch deutlich mehr Speicher- und Netzkapazit\u00e4ten.\u201c Den Vorwurf des Fl\u00e4chenfra\u00dfes durch Erneuerbare kann der Wissenschaftler entkr\u00e4ften: \u201eWir brauchen f\u00fcr 100 % Strom aus Windkraft und Photovoltaik deutlich weniger als die H\u00e4lfte jener Fl\u00e4che, die derzeit schon f\u00fcr den Anbau von Energiepflanzen genutzt wird. Bei einem sinnvollen Energiemix ben\u00f6tigen wir also k\u00fcnftig weniger Fl\u00e4che, von der wir mehr Energie erzeugen. Freiwerdende Fl\u00e4chen k\u00f6nnten f\u00fcr Nahrungsmittelerzeugung oder Biodiversit\u00e4tsma\u00dfnahmen zur Verf\u00fcgung stehen.\u201c<\/p>\n\n\n\n<p>Dennoch werden Rohstoffe f\u00fcr Biogasanlagen und Raps nicht von deutschen Feldern verschwinden, erl\u00e4utert B\u00f6hm weiter: \u201eDer Nutzungszweck wird sich allerdings \u00e4ndern. Erzeugen wir aktuell noch Energie damit, so werden wir k\u00fcnftig aus ihnen Industrierohstoffe herstellen. Beispielsweise werden wir gro\u00dfe Mengen an Methan aus Biogas f\u00fcr die Fertigung industrieller Produkte ben\u00f6tigen. Auch Raps\u00f6l brauchen wir als Rohstoff f\u00fcr die Schmiermittelindustrie und als Nahrungsmittel.\u201c<\/p>\n\n\n\n<ul class=\"wp-block-list\">\n<li>In dem <a href=\"https:\/\/www.thuenen.de\/de\/newsroom\/mediathek\/faktencheck\/energie-vom-acker-lohnt-sich-das\">viermin\u00fctigen\u00a0<strong>Faktencheck-Video<\/strong>\u00a0\u201eEnergie vom Acker \u2013 lohnt sich das?\u201c<\/a> werden die Ergebnisse der Studie informativ und anschaulich zusammengefasst<\/li>\n\n\n\n<li>Die\u00a0<a href=\"https:\/\/buel.bmel.de\/index.php\/buel\/article\/view\/462\/682\"><strong>Studie<\/strong>\u00a0\u201eVergleich der Fl\u00e4chenenergieertr\u00e4ge verschiedener erneuerbarer Energien auf landwirtschaftlichen Fl\u00e4chen \u2013 f\u00fcr Strom, W\u00e4rme und Verkehr\u201c<\/a> ist in der Zeitschrift \u201eBerichte \u00fcber Landwirtschaft&#8220;, Band 101, erschienen.<\/li>\n<\/ul>\n\n\n<h5 class=\"green\">Quelle<\/h5>\r\n\n\n\n<p><a href=\"https:\/\/www.thuenen.de\/\">Th\u00fcnen-Institut in Braunschweig 2023<\/a><\/p>\n<div class=\"shariff shariff-align-flex-start shariff-widget-align-flex-start\"><div class=\"ShariffHeadline\">Diese Meldung teilen<\/div><ul class=\"shariff-buttons theme-round orientation-horizontal buttonsize-medium\"><li class=\"shariff-button facebook shariff-nocustomcolor\" style=\"background-color:#4273c8;border-radius:1%\"><a href=\"https:\/\/www.facebook.com\/sharer\/sharer.php?u=https%3A%2F%2Fwww.sonnenseite.com%2Fde%2Fenergie%2Fenergie-vom-acker-mit-windkraft-und-photovoltaik-gehts-am-besten%2F\" title=\"Bei Facebook teilen\" aria-label=\"Bei Facebook teilen\" role=\"button\" rel=\"nofollow\" class=\"shariff-link\" style=\";border-radius:1%; background-color:#3b5998; color:#fff\" target=\"_blank\"><span class=\"shariff-icon\" style=\"\"><svg width=\"32px\" height=\"20px\" xmlns=\"http:\/\/www.w3.org\/2000\/svg\" viewBox=\"0 0 18 32\"><path fill=\"#3b5998\" d=\"M17.1 0.2v4.7h-2.8q-1.5 0-2.1 0.6t-0.5 1.9v3.4h5.2l-0.7 5.3h-4.5v13.6h-5.5v-13.6h-4.5v-5.3h4.5v-3.9q0-3.3 1.9-5.2t5-1.8q2.6 0 4.1 0.2z\"\/><\/svg><\/span><\/a><\/li><li class=\"shariff-button twitter shariff-nocustomcolor\" style=\"background-color:#595959;border-radius:1%\"><a href=\"https:\/\/twitter.com\/share?url=https%3A%2F%2Fwww.sonnenseite.com%2Fde%2Fenergie%2Fenergie-vom-acker-mit-windkraft-und-photovoltaik-gehts-am-besten%2F&text=Energie%20vom%20Acker%3A%20Mit%20Windkraft%20und%20Photovoltaik%20geht%E2%80%99s%20am%20besten\" title=\"Bei X teilen\" aria-label=\"Bei X teilen\" role=\"button\" rel=\"noopener nofollow\" class=\"shariff-link\" style=\";border-radius:1%; background-color:#000; color:#fff\" target=\"_blank\"><span class=\"shariff-icon\" style=\"\"><svg width=\"32px\" height=\"20px\" xmlns=\"http:\/\/www.w3.org\/2000\/svg\" viewBox=\"0 0 24 24\"><path fill=\"#000\" d=\"M14.258 10.152L23.176 0h-2.113l-7.747 8.813L7.133 0H0l9.352 13.328L0 23.973h2.113l8.176-9.309 6.531 9.309h7.133zm-2.895 3.293l-.949-1.328L2.875 1.56h3.246l6.086 8.523.945 1.328 7.91 11.078h-3.246zm0 0\"\/><\/svg><\/span><\/a><\/li><li class=\"shariff-button xing shariff-nocustomcolor\" style=\"background-color:#29888a;border-radius:1%\"><a href=\"https:\/\/www.xing.com\/spi\/shares\/new?url=https%3A%2F%2Fwww.sonnenseite.com%2Fde%2Fenergie%2Fenergie-vom-acker-mit-windkraft-und-photovoltaik-gehts-am-besten%2F\" title=\"Bei XING teilen\" aria-label=\"Bei XING teilen\" role=\"button\" rel=\"noopener nofollow\" class=\"shariff-link\" style=\";border-radius:1%; background-color:#126567; color:#fff\" target=\"_blank\"><span class=\"shariff-icon\" style=\"\"><svg width=\"32px\" height=\"20px\" xmlns=\"http:\/\/www.w3.org\/2000\/svg\" viewBox=\"0 0 25 32\"><path fill=\"#126567\" d=\"M10.7 11.9q-0.2 0.3-4.6 8.2-0.5 0.8-1.2 0.8h-4.3q-0.4 0-0.5-0.3t0-0.6l4.5-8q0 0 0 0l-2.9-5q-0.2-0.4 0-0.7 0.2-0.3 0.5-0.3h4.3q0.7 0 1.2 0.8zM25.1 0.4q0.2 0.3 0 0.7l-9.4 16.7 6 11q0.2 0.4 0 0.6-0.2 0.3-0.6 0.3h-4.3q-0.7 0-1.2-0.8l-6-11.1q0.3-0.6 9.5-16.8 0.4-0.8 1.2-0.8h4.3q0.4 0 0.5 0.3z\"\/><\/svg><\/span><\/a><\/li><li class=\"shariff-button linkedin shariff-nocustomcolor\" style=\"background-color:#1488bf;border-radius:1%\"><a href=\"https:\/\/www.linkedin.com\/sharing\/share-offsite\/?url=https%3A%2F%2Fwww.sonnenseite.com%2Fde%2Fenergie%2Fenergie-vom-acker-mit-windkraft-und-photovoltaik-gehts-am-besten%2F\" title=\"Bei LinkedIn teilen\" aria-label=\"Bei LinkedIn teilen\" role=\"button\" rel=\"noopener nofollow\" class=\"shariff-link\" style=\";border-radius:1%; background-color:#0077b5; color:#fff\" target=\"_blank\"><span class=\"shariff-icon\" style=\"\"><svg width=\"32px\" height=\"20px\" xmlns=\"http:\/\/www.w3.org\/2000\/svg\" viewBox=\"0 0 27 32\"><path fill=\"#0077b5\" d=\"M6.2 11.2v17.7h-5.9v-17.7h5.9zM6.6 5.7q0 1.3-0.9 2.2t-2.4 0.9h0q-1.5 0-2.4-0.9t-0.9-2.2 0.9-2.2 2.4-0.9 2.4 0.9 0.9 2.2zM27.4 18.7v10.1h-5.9v-9.5q0-1.9-0.7-2.9t-2.3-1.1q-1.1 0-1.9 0.6t-1.2 1.5q-0.2 0.5-0.2 1.4v9.9h-5.9q0-7.1 0-11.6t0-5.3l0-0.9h5.9v2.6h0q0.4-0.6 0.7-1t1-0.9 1.6-0.8 2-0.3q3 0 4.9 2t1.9 6z\"\/><\/svg><\/span><\/a><\/li><li class=\"shariff-button printer shariff-nocustomcolor\" style=\"background-color:#a8a8a8;border-radius:1%\"><a href=\"javascript:window.print()\" title=\"drucken\" aria-label=\"drucken\" role=\"button\" rel=\"noopener nofollow\" class=\"shariff-link\" style=\";border-radius:1%; background-color:#999; color:#fff\"><span class=\"shariff-icon\" style=\"\"><svg width=\"32px\" height=\"20px\" xmlns=\"http:\/\/www.w3.org\/2000\/svg\" viewBox=\"0 0 30 32\"><path fill=\"#999\" d=\"M6.8 27.4h16v-4.6h-16v4.6zM6.8 16h16v-6.8h-2.8q-0.7 0-1.2-0.5t-0.5-1.2v-2.8h-11.4v11.4zM27.4 17.2q0-0.5-0.3-0.8t-0.8-0.4-0.8 0.4-0.3 0.8 0.3 0.8 0.8 0.3 0.8-0.3 0.3-0.8zM29.7 17.2v7.4q0 0.2-0.2 0.4t-0.4 0.2h-4v2.8q0 0.7-0.5 1.2t-1.2 0.5h-17.2q-0.7 0-1.2-0.5t-0.5-1.2v-2.8h-4q-0.2 0-0.4-0.2t-0.2-0.4v-7.4q0-1.4 1-2.4t2.4-1h1.2v-9.7q0-0.7 0.5-1.2t1.2-0.5h12q0.7 0 1.6 0.4t1.3 0.8l2.7 2.7q0.5 0.5 0.9 1.4t0.4 1.6v4.6h1.1q1.4 0 2.4 1t1 2.4z\"\/><\/svg><\/span><\/a><\/li><li class=\"shariff-button mailto shariff-nocustomcolor\" style=\"background-color:#a8a8a8;border-radius:1%\"><a href=\"mailto:?body=https%3A%2F%2Fwww.sonnenseite.com%2Fde%2Fenergie%2Fenergie-vom-acker-mit-windkraft-und-photovoltaik-gehts-am-besten%2F&subject=Energie%20vom%20Acker%3A%20Mit%20Windkraft%20und%20Photovoltaik%20geht%E2%80%99s%20am%20besten\" title=\"Per E-Mail versenden\" aria-label=\"Per E-Mail versenden\" role=\"button\" rel=\"noopener nofollow\" class=\"shariff-link\" style=\";border-radius:1%; background-color:#999; color:#fff\"><span class=\"shariff-icon\" style=\"\"><svg width=\"32px\" height=\"20px\" xmlns=\"http:\/\/www.w3.org\/2000\/svg\" viewBox=\"0 0 32 32\"><path fill=\"#999\" d=\"M32 12.7v14.2q0 1.2-0.8 2t-2 0.9h-26.3q-1.2 0-2-0.9t-0.8-2v-14.2q0.8 0.9 1.8 1.6 6.5 4.4 8.9 6.1 1 0.8 1.6 1.2t1.7 0.9 2 0.4h0.1q0.9 0 2-0.4t1.7-0.9 1.6-1.2q3-2.2 8.9-6.1 1-0.7 1.8-1.6zM32 7.4q0 1.4-0.9 2.7t-2.2 2.2q-6.7 4.7-8.4 5.8-0.2 0.1-0.7 0.5t-1 0.7-0.9 0.6-1.1 0.5-0.9 0.2h-0.1q-0.4 0-0.9-0.2t-1.1-0.5-0.9-0.6-1-0.7-0.7-0.5q-1.6-1.1-4.7-3.2t-3.6-2.6q-1.1-0.7-2.1-2t-1-2.5q0-1.4 0.7-2.3t2.1-0.9h26.3q1.2 0 2 0.8t0.9 2z\"\/><\/svg><\/span><\/a><\/li><\/ul><\/div>","protected":false},"excerpt":{"rendered":"<p>Bei der Fl\u00e4cheneffizienz sind Windkraft- und Photovoltaik-Anlagen dem Anbau von Energiepflanzen deutlich \u00fcberlegen. Mit Biogas und [&hellip;]<\/p>\n","protected":false},"author":3,"featured_media":1471,"comment_status":"closed","ping_status":"closed","sticky":false,"template":"","format":"standard","meta":{"inline_featured_image":false,"footnotes":""},"categories":[22],"tags":[],"class_list":["post-91240","post","type-post","status-publish","format-standard","has-post-thumbnail","hentry","category-energie"],"yoast_head":"<!-- This site is optimized with the Yoast SEO plugin v26.5 - https:\/\/yoast.com\/wordpress\/plugins\/seo\/ -->\n<title>Energie vom Acker: Mit Windkraft und Photovoltaik geht\u2019s am besten - Sonnenseite - \u00d6kologische Kommunikation mit Franz Alt<\/title>\n<meta name=\"description\" content=\"Bei der Fl\u00e4cheneffizienz sind Windkraft- und Photovoltaik-Anlagen dem Anbau von Energiepflanzen deutlich \u00fcberlegen. Mit Biogas und Biodiesel fing es an \u2013\" \/>\n<meta name=\"robots\" content=\"index, follow, max-snippet:-1, max-image-preview:large, max-video-preview:-1\" \/>\n<link rel=\"canonical\" href=\"https:\/\/www.sonnenseite.com\/de\/energie\/energie-vom-acker-mit-windkraft-und-photovoltaik-gehts-am-besten\/\" \/>\n<meta property=\"og:locale\" content=\"de_DE\" \/>\n<meta property=\"og:type\" content=\"article\" \/>\n<meta property=\"og:title\" content=\"Energie vom Acker: Mit Windkraft und Photovoltaik geht\u2019s am besten - Sonnenseite - \u00d6kologische Kommunikation mit Franz Alt\" \/>\n<meta property=\"og:description\" content=\"Bei der Fl\u00e4cheneffizienz sind Windkraft- und Photovoltaik-Anlagen dem Anbau von Energiepflanzen deutlich \u00fcberlegen. Mit Biogas und Biodiesel fing es an \u2013\" \/>\n<meta property=\"og:url\" content=\"https:\/\/www.sonnenseite.com\/de\/energie\/energie-vom-acker-mit-windkraft-und-photovoltaik-gehts-am-besten\/\" \/>\n<meta property=\"og:site_name\" content=\"Sonnenseite\" \/>\n<meta property=\"article:publisher\" content=\"https:\/\/www.facebook.com\/pages\/Franz-Alt-SONNENSEITECOM\/221072987903953?fref=ts\" \/>\n<meta property=\"article:published_time\" content=\"2023-05-13T00:48:00+00:00\" \/>\n<meta property=\"og:image\" content=\"https:\/\/www.sonnenseite.com\/wp-content\/uploads\/2020\/04\/Windrad_winterseitler.jpg\" \/>\n\t<meta property=\"og:image:width\" content=\"770\" \/>\n\t<meta property=\"og:image:height\" content=\"420\" \/>\n\t<meta property=\"og:image:type\" content=\"image\/jpeg\" \/>\n<meta name=\"author\" content=\"Bigi Alt\" \/>\n<meta name=\"twitter:card\" content=\"summary_large_image\" \/>\n<meta name=\"twitter:creator\" content=\"@franzalt\" \/>\n<meta name=\"twitter:site\" content=\"@franzalt\" \/>\n<meta name=\"twitter:label1\" content=\"Verfasst von\" \/>\n\t<meta name=\"twitter:data1\" content=\"Bigi Alt\" \/>\n\t<meta name=\"twitter:label2\" content=\"Gesch\u00e4tzte Lesezeit\" \/>\n\t<meta name=\"twitter:data2\" content=\"3\u00a0Minuten\" \/>\n<script type=\"application\/ld+json\" class=\"yoast-schema-graph\">{\"@context\":\"https:\/\/schema.org\",\"@graph\":[{\"@type\":\"Article\",\"@id\":\"https:\/\/www.sonnenseite.com\/de\/energie\/energie-vom-acker-mit-windkraft-und-photovoltaik-gehts-am-besten\/#article\",\"isPartOf\":{\"@id\":\"https:\/\/www.sonnenseite.com\/de\/energie\/energie-vom-acker-mit-windkraft-und-photovoltaik-gehts-am-besten\/\"},\"author\":{\"name\":\"Bigi Alt\",\"@id\":\"https:\/\/www.sonnenseite.com\/de\/#\/schema\/person\/50fda0e926597684c7cc6695238a4eb9\"},\"headline\":\"Energie vom Acker: Mit Windkraft und Photovoltaik geht\u2019s am besten\",\"datePublished\":\"2023-05-13T00:48:00+00:00\",\"mainEntityOfPage\":{\"@id\":\"https:\/\/www.sonnenseite.com\/de\/energie\/energie-vom-acker-mit-windkraft-und-photovoltaik-gehts-am-besten\/\"},\"wordCount\":571,\"publisher\":{\"@id\":\"https:\/\/www.sonnenseite.com\/de\/#organization\"},\"image\":{\"@id\":\"https:\/\/www.sonnenseite.com\/de\/energie\/energie-vom-acker-mit-windkraft-und-photovoltaik-gehts-am-besten\/#primaryimage\"},\"thumbnailUrl\":\"https:\/\/www.sonnenseite.com\/wp-content\/uploads\/2020\/04\/Windrad_winterseitler.jpg\",\"articleSection\":[\"Energie\"],\"inLanguage\":\"de\"},{\"@type\":\"WebPage\",\"@id\":\"https:\/\/www.sonnenseite.com\/de\/energie\/energie-vom-acker-mit-windkraft-und-photovoltaik-gehts-am-besten\/\",\"url\":\"https:\/\/www.sonnenseite.com\/de\/energie\/energie-vom-acker-mit-windkraft-und-photovoltaik-gehts-am-besten\/\",\"name\":\"Energie vom Acker: Mit Windkraft und Photovoltaik geht\u2019s am besten - Sonnenseite - \u00d6kologische Kommunikation mit Franz Alt\",\"isPartOf\":{\"@id\":\"https:\/\/www.sonnenseite.com\/de\/#website\"},\"primaryImageOfPage\":{\"@id\":\"https:\/\/www.sonnenseite.com\/de\/energie\/energie-vom-acker-mit-windkraft-und-photovoltaik-gehts-am-besten\/#primaryimage\"},\"image\":{\"@id\":\"https:\/\/www.sonnenseite.com\/de\/energie\/energie-vom-acker-mit-windkraft-und-photovoltaik-gehts-am-besten\/#primaryimage\"},\"thumbnailUrl\":\"https:\/\/www.sonnenseite.com\/wp-content\/uploads\/2020\/04\/Windrad_winterseitler.jpg\",\"datePublished\":\"2023-05-13T00:48:00+00:00\",\"description\":\"Bei der Fl\u00e4cheneffizienz sind Windkraft- und Photovoltaik-Anlagen dem Anbau von Energiepflanzen deutlich \u00fcberlegen. Mit Biogas und Biodiesel fing es an \u2013\",\"breadcrumb\":{\"@id\":\"https:\/\/www.sonnenseite.com\/de\/energie\/energie-vom-acker-mit-windkraft-und-photovoltaik-gehts-am-besten\/#breadcrumb\"},\"inLanguage\":\"de\",\"potentialAction\":[{\"@type\":\"ReadAction\",\"target\":[\"https:\/\/www.sonnenseite.com\/de\/energie\/energie-vom-acker-mit-windkraft-und-photovoltaik-gehts-am-besten\/\"]}]},{\"@type\":\"ImageObject\",\"inLanguage\":\"de\",\"@id\":\"https:\/\/www.sonnenseite.com\/de\/energie\/energie-vom-acker-mit-windkraft-und-photovoltaik-gehts-am-besten\/#primaryimage\",\"url\":\"https:\/\/www.sonnenseite.com\/wp-content\/uploads\/2020\/04\/Windrad_winterseitler.jpg\",\"contentUrl\":\"https:\/\/www.sonnenseite.com\/wp-content\/uploads\/2020\/04\/Windrad_winterseitler.jpg\",\"width\":770,\"height\":420,\"caption\":\"pixabay.com | winterseitler\"},{\"@type\":\"BreadcrumbList\",\"@id\":\"https:\/\/www.sonnenseite.com\/de\/energie\/energie-vom-acker-mit-windkraft-und-photovoltaik-gehts-am-besten\/#breadcrumb\",\"itemListElement\":[{\"@type\":\"ListItem\",\"position\":1,\"name\":\"Startseite\",\"item\":\"https:\/\/www.sonnenseite.com\/de\/\"},{\"@type\":\"ListItem\",\"position\":2,\"name\":\"Energie vom Acker: Mit Windkraft und Photovoltaik geht\u2019s am besten\"}]},{\"@type\":\"WebSite\",\"@id\":\"https:\/\/www.sonnenseite.com\/de\/#website\",\"url\":\"https:\/\/www.sonnenseite.com\/de\/\",\"name\":\"Sonnenseite\",\"description\":\"\u00d6kologische Kommunikation mit Franz Alt\",\"publisher\":{\"@id\":\"https:\/\/www.sonnenseite.com\/de\/#organization\"},\"potentialAction\":[{\"@type\":\"SearchAction\",\"target\":{\"@type\":\"EntryPoint\",\"urlTemplate\":\"https:\/\/www.sonnenseite.com\/de\/?s={search_term_string}\"},\"query-input\":{\"@type\":\"PropertyValueSpecification\",\"valueRequired\":true,\"valueName\":\"search_term_string\"}}],\"inLanguage\":\"de\"},{\"@type\":\"Organization\",\"@id\":\"https:\/\/www.sonnenseite.com\/de\/#organization\",\"name\":\"Sonnenseite\",\"url\":\"https:\/\/www.sonnenseite.com\/de\/\",\"logo\":{\"@type\":\"ImageObject\",\"inLanguage\":\"de\",\"@id\":\"https:\/\/www.sonnenseite.com\/de\/#\/schema\/logo\/image\/\",\"url\":\"https:\/\/www.sonnenseite.com\/wp-content\/uploads\/2020\/05\/Sonnenseite_Logo.png\",\"contentUrl\":\"https:\/\/www.sonnenseite.com\/wp-content\/uploads\/2020\/05\/Sonnenseite_Logo.png\",\"width\":377,\"height\":90,\"caption\":\"Sonnenseite\"},\"image\":{\"@id\":\"https:\/\/www.sonnenseite.com\/de\/#\/schema\/logo\/image\/\"},\"sameAs\":[\"https:\/\/www.facebook.com\/pages\/Franz-Alt-SONNENSEITECOM\/221072987903953?fref=ts\",\"https:\/\/x.com\/franzalt\",\"http:\/\/www.youtube.com\/results?search_query&amp;amp;quot;franz_alt&amp;amp;quot;&amp;amp;amp;amp;search_type&amp;amp;amp;amp;aq=f\"]},{\"@type\":\"Person\",\"@id\":\"https:\/\/www.sonnenseite.com\/de\/#\/schema\/person\/50fda0e926597684c7cc6695238a4eb9\",\"name\":\"Bigi Alt\"}]}<\/script>\n<!-- \/ Yoast SEO plugin. -->","yoast_head_json":{"title":"Energie vom Acker: Mit Windkraft und Photovoltaik geht\u2019s am besten - Sonnenseite - \u00d6kologische Kommunikation mit Franz Alt","description":"Bei der Fl\u00e4cheneffizienz sind Windkraft- und Photovoltaik-Anlagen dem Anbau von Energiepflanzen deutlich \u00fcberlegen. Mit Biogas und Biodiesel fing es an \u2013","robots":{"index":"index","follow":"follow","max-snippet":"max-snippet:-1","max-image-preview":"max-image-preview:large","max-video-preview":"max-video-preview:-1"},"canonical":"https:\/\/www.sonnenseite.com\/de\/energie\/energie-vom-acker-mit-windkraft-und-photovoltaik-gehts-am-besten\/","og_locale":"de_DE","og_type":"article","og_title":"Energie vom Acker: Mit Windkraft und Photovoltaik geht\u2019s am besten - Sonnenseite - \u00d6kologische Kommunikation mit Franz Alt","og_description":"Bei der Fl\u00e4cheneffizienz sind Windkraft- und Photovoltaik-Anlagen dem Anbau von Energiepflanzen deutlich \u00fcberlegen. Mit Biogas und Biodiesel fing es an \u2013","og_url":"https:\/\/www.sonnenseite.com\/de\/energie\/energie-vom-acker-mit-windkraft-und-photovoltaik-gehts-am-besten\/","og_site_name":"Sonnenseite","article_publisher":"https:\/\/www.facebook.com\/pages\/Franz-Alt-SONNENSEITECOM\/221072987903953?fref=ts","article_published_time":"2023-05-13T00:48:00+00:00","og_image":[{"width":770,"height":420,"url":"https:\/\/www.sonnenseite.com\/wp-content\/uploads\/2020\/04\/Windrad_winterseitler.jpg","type":"image\/jpeg"}],"author":"Bigi Alt","twitter_card":"summary_large_image","twitter_creator":"@franzalt","twitter_site":"@franzalt","twitter_misc":{"Verfasst von":"Bigi Alt","Gesch\u00e4tzte Lesezeit":"3\u00a0Minuten"},"schema":{"@context":"https:\/\/schema.org","@graph":[{"@type":"Article","@id":"https:\/\/www.sonnenseite.com\/de\/energie\/energie-vom-acker-mit-windkraft-und-photovoltaik-gehts-am-besten\/#article","isPartOf":{"@id":"https:\/\/www.sonnenseite.com\/de\/energie\/energie-vom-acker-mit-windkraft-und-photovoltaik-gehts-am-besten\/"},"author":{"name":"Bigi Alt","@id":"https:\/\/www.sonnenseite.com\/de\/#\/schema\/person\/50fda0e926597684c7cc6695238a4eb9"},"headline":"Energie vom Acker: Mit Windkraft und Photovoltaik geht\u2019s am besten","datePublished":"2023-05-13T00:48:00+00:00","mainEntityOfPage":{"@id":"https:\/\/www.sonnenseite.com\/de\/energie\/energie-vom-acker-mit-windkraft-und-photovoltaik-gehts-am-besten\/"},"wordCount":571,"publisher":{"@id":"https:\/\/www.sonnenseite.com\/de\/#organization"},"image":{"@id":"https:\/\/www.sonnenseite.com\/de\/energie\/energie-vom-acker-mit-windkraft-und-photovoltaik-gehts-am-besten\/#primaryimage"},"thumbnailUrl":"https:\/\/www.sonnenseite.com\/wp-content\/uploads\/2020\/04\/Windrad_winterseitler.jpg","articleSection":["Energie"],"inLanguage":"de"},{"@type":"WebPage","@id":"https:\/\/www.sonnenseite.com\/de\/energie\/energie-vom-acker-mit-windkraft-und-photovoltaik-gehts-am-besten\/","url":"https:\/\/www.sonnenseite.com\/de\/energie\/energie-vom-acker-mit-windkraft-und-photovoltaik-gehts-am-besten\/","name":"Energie vom Acker: Mit Windkraft und Photovoltaik geht\u2019s am besten - Sonnenseite - \u00d6kologische Kommunikation mit Franz Alt","isPartOf":{"@id":"https:\/\/www.sonnenseite.com\/de\/#website"},"primaryImageOfPage":{"@id":"https:\/\/www.sonnenseite.com\/de\/energie\/energie-vom-acker-mit-windkraft-und-photovoltaik-gehts-am-besten\/#primaryimage"},"image":{"@id":"https:\/\/www.sonnenseite.com\/de\/energie\/energie-vom-acker-mit-windkraft-und-photovoltaik-gehts-am-besten\/#primaryimage"},"thumbnailUrl":"https:\/\/www.sonnenseite.com\/wp-content\/uploads\/2020\/04\/Windrad_winterseitler.jpg","datePublished":"2023-05-13T00:48:00+00:00","description":"Bei der Fl\u00e4cheneffizienz sind Windkraft- und Photovoltaik-Anlagen dem Anbau von Energiepflanzen deutlich \u00fcberlegen. Mit Biogas und Biodiesel fing es an \u2013","breadcrumb":{"@id":"https:\/\/www.sonnenseite.com\/de\/energie\/energie-vom-acker-mit-windkraft-und-photovoltaik-gehts-am-besten\/#breadcrumb"},"inLanguage":"de","potentialAction":[{"@type":"ReadAction","target":["https:\/\/www.sonnenseite.com\/de\/energie\/energie-vom-acker-mit-windkraft-und-photovoltaik-gehts-am-besten\/"]}]},{"@type":"ImageObject","inLanguage":"de","@id":"https:\/\/www.sonnenseite.com\/de\/energie\/energie-vom-acker-mit-windkraft-und-photovoltaik-gehts-am-besten\/#primaryimage","url":"https:\/\/www.sonnenseite.com\/wp-content\/uploads\/2020\/04\/Windrad_winterseitler.jpg","contentUrl":"https:\/\/www.sonnenseite.com\/wp-content\/uploads\/2020\/04\/Windrad_winterseitler.jpg","width":770,"height":420,"caption":"pixabay.com | winterseitler"},{"@type":"BreadcrumbList","@id":"https:\/\/www.sonnenseite.com\/de\/energie\/energie-vom-acker-mit-windkraft-und-photovoltaik-gehts-am-besten\/#breadcrumb","itemListElement":[{"@type":"ListItem","position":1,"name":"Startseite","item":"https:\/\/www.sonnenseite.com\/de\/"},{"@type":"ListItem","position":2,"name":"Energie vom Acker: Mit Windkraft und Photovoltaik geht\u2019s am besten"}]},{"@type":"WebSite","@id":"https:\/\/www.sonnenseite.com\/de\/#website","url":"https:\/\/www.sonnenseite.com\/de\/","name":"Sonnenseite","description":"\u00d6kologische Kommunikation mit Franz Alt","publisher":{"@id":"https:\/\/www.sonnenseite.com\/de\/#organization"},"potentialAction":[{"@type":"SearchAction","target":{"@type":"EntryPoint","urlTemplate":"https:\/\/www.sonnenseite.com\/de\/?s={search_term_string}"},"query-input":{"@type":"PropertyValueSpecification","valueRequired":true,"valueName":"search_term_string"}}],"inLanguage":"de"},{"@type":"Organization","@id":"https:\/\/www.sonnenseite.com\/de\/#organization","name":"Sonnenseite","url":"https:\/\/www.sonnenseite.com\/de\/","logo":{"@type":"ImageObject","inLanguage":"de","@id":"https:\/\/www.sonnenseite.com\/de\/#\/schema\/logo\/image\/","url":"https:\/\/www.sonnenseite.com\/wp-content\/uploads\/2020\/05\/Sonnenseite_Logo.png","contentUrl":"https:\/\/www.sonnenseite.com\/wp-content\/uploads\/2020\/05\/Sonnenseite_Logo.png","width":377,"height":90,"caption":"Sonnenseite"},"image":{"@id":"https:\/\/www.sonnenseite.com\/de\/#\/schema\/logo\/image\/"},"sameAs":["https:\/\/www.facebook.com\/pages\/Franz-Alt-SONNENSEITECOM\/221072987903953?fref=ts","https:\/\/x.com\/franzalt","http:\/\/www.youtube.com\/results?search_query&amp;amp;quot;franz_alt&amp;amp;quot;&amp;amp;amp;amp;search_type&amp;amp;amp;amp;aq=f"]},{"@type":"Person","@id":"https:\/\/www.sonnenseite.com\/de\/#\/schema\/person\/50fda0e926597684c7cc6695238a4eb9","name":"Bigi Alt"}]}},"_links":{"self":[{"href":"https:\/\/www.sonnenseite.com\/de\/wp-json\/wp\/v2\/posts\/91240","targetHints":{"allow":["GET"]}}],"collection":[{"href":"https:\/\/www.sonnenseite.com\/de\/wp-json\/wp\/v2\/posts"}],"about":[{"href":"https:\/\/www.sonnenseite.com\/de\/wp-json\/wp\/v2\/types\/post"}],"author":[{"embeddable":true,"href":"https:\/\/www.sonnenseite.com\/de\/wp-json\/wp\/v2\/users\/3"}],"replies":[{"embeddable":true,"href":"https:\/\/www.sonnenseite.com\/de\/wp-json\/wp\/v2\/comments?post=91240"}],"version-history":[{"count":1,"href":"https:\/\/www.sonnenseite.com\/de\/wp-json\/wp\/v2\/posts\/91240\/revisions"}],"predecessor-version":[{"id":91241,"href":"https:\/\/www.sonnenseite.com\/de\/wp-json\/wp\/v2\/posts\/91240\/revisions\/91241"}],"wp:featuredmedia":[{"embeddable":true,"href":"https:\/\/www.sonnenseite.com\/de\/wp-json\/wp\/v2\/media\/1471"}],"wp:attachment":[{"href":"https:\/\/www.sonnenseite.com\/de\/wp-json\/wp\/v2\/media?parent=91240"}],"wp:term":[{"taxonomy":"category","embeddable":true,"href":"https:\/\/www.sonnenseite.com\/de\/wp-json\/wp\/v2\/categories?post=91240"},{"taxonomy":"post_tag","embeddable":true,"href":"https:\/\/www.sonnenseite.com\/de\/wp-json\/wp\/v2\/tags?post=91240"}],"curies":[{"name":"wp","href":"https:\/\/api.w.org\/{rel}","templated":true}]}}