{"id":91684,"date":"2023-06-02T09:09:35","date_gmt":"2023-06-02T07:09:35","guid":{"rendered":"https:\/\/www.sonnenseite.com\/?p=91684"},"modified":"2023-06-02T09:09:36","modified_gmt":"2023-06-02T07:09:36","slug":"photovoltaik-strategie-2035-welche-aenderungen-die-bundesregierung-plant","status":"publish","type":"post","link":"https:\/\/www.sonnenseite.com\/de\/wirtschaft\/photovoltaik-strategie-2035-welche-aenderungen-die-bundesregierung-plant\/","title":{"rendered":"Photovoltaik-Strategie 2035: Welche \u00c4nderungen die Bundesregierung plant"},"content":{"rendered":"\n<p>Auf dem Weg zur Treibhausgasneutralit\u00e4t plant das Bundesministerium f\u00fcr Wirtschaft und Klimaschutz im Rahmen der Photovoltaik-Strategie 2035 zahlreiche Ma\u00dfnahmen \u2013 zum Beispiel Gr\u00fcnen Strom auszubauen. Ziel ist es, die Emission von Treibhausgasen zu minimieren. In dem Zusammenhang sind auch steuerliche Neuerungen zu erwarten.<\/p>\n\n\n\n<h4 class=\"wp-block-heading\">Hintergrund<\/h4>\n\n\n\n<p>Bis 2030 soll der Anteil erneuerbarer Energietr\u00e4ger am Bruttostromverbrauch auf 80 Prozent steigen. Der Stromsektor nimmt dabei eine Schl\u00fcsselrolle ein. Die F\u00f6rderung von Photovoltaikanlagen (PV-Anlagen) ist dazu erforderlich. Um deren Ausbau zu beschleunigen, hat das Bundesministerium f\u00fcr Wirtschaft und Klimaschutz (BMWK) nun verschiedene Aspekte in einem\u00a0<a href=\"https:\/\/www.pressebox.de\/redirect\/ext?tu=https%3A%2F%2Fwww.bmwk.de%2FRedaktion%2FDE%2FPublikationen%2FEnergie%2Fphotovoltaik-stategie-2023.pdf%3F__blob%3DpublicationFile%26amp%3Bv%3D4%23%3A%7E%3Atext%3DAuf%2520einem%2520zwei%252D%2520ten%2520PV%2C%28Solarpaket%2520I%2520und%2520II%29.%26amp%3Btext%3DDeutschland%2520hat%2520sich%2520das%2520Ziel%2CJahr%25202045%2520treibhausgasneutral%2520zu%2520sein.&amp;rp=_Qel5s9qeZb4K9smlitkgv49S184TSSuOxiGQmErKVk\" target=\"_blank\" rel=\"noreferrer noopener\">Strategie-Entwurf<\/a>\u00a0zusammengetragen.<br><br>Schon jetzt tr\u00e4gt die Stromerzeugung mithilfe von Photovoltaik (PV) zur Energiewende bei. Da gleichzeitig die Abkehr von fossilen Brennstoffen gefordert ist, sollen bis 2030 insgesamt 215 Gigawatt (GW) Anlagen-Leistung als Zwischenziel installiert sein. Dies hat die Bundesregierung im Erneuerbare-Energie-Gesetz (EEG) auch gesetzlich festgeschrieben.<br><br>Wie die folgende Statistik des BMWK verdeutlicht, \u00fcbertraf der PV-Ausbau im Jahr 2022 bereits den im EEG 2021 angestrebten Ausbau von 63 GW. Deutschlandweit standen 142 GW Leistungskapazit\u00e4t aus erneuerbaren Energiequellen zur Verf\u00fcgung, von denen PV-Anlagen damit rund 47 Prozent einnahmen.<\/p>\n\n\n<div class=\"wp-block-image\">\n<figure class=\"aligncenter size-full\"><a href=\"https:\/\/www.sonnenseite.com\/wp-content\/uploads\/2023\/06\/bmwi_PV-Deutschland.jpg\"><img loading=\"lazy\" decoding=\"async\" width=\"659\" height=\"330\" src=\"https:\/\/www.sonnenseite.com\/wp-content\/uploads\/2023\/06\/bmwi_PV-Deutschland.jpg\" alt=\"\" class=\"wp-image-91686\" srcset=\"https:\/\/www.sonnenseite.com\/wp-content\/uploads\/2023\/06\/bmwi_PV-Deutschland.jpg 659w, https:\/\/www.sonnenseite.com\/wp-content\/uploads\/2023\/06\/bmwi_PV-Deutschland-300x150.jpg 300w\" sizes=\"auto, (max-width: 659px) 100vw, 659px\" \/><\/a><\/figure>\n<\/div>\n\n\n<h4 class=\"wp-block-heading\">Eckpunkte der Strategie 2035<\/h4>\n\n\n\n<p>Die Photovoltaik-Strategie 2035 des BMWK beschreibt insgesamt elf Ma\u00dfnahmen, um den Zubau von Anlagen kontinuierlich zu steigern.<\/p>\n\n\n\n<ol class=\"wp-block-list\">\n<li>Freifl\u00e4chenanlagen: Der Zubau von Anlagen soll sich stetig erh\u00f6hen. Die H\u00e4lfte aller neuen Anlagen ist auf Freifl\u00e4chen vorgesehen. Deshalb ist es notwendig, \u00c4nderungen in Baunutzungsverordnung sowie dem Baugesetzbuch umzusetzen.<\/li>\n\n\n\n<li>Anlagen auf Dachfl\u00e4chen: Angestrebt ist ein Zubau bei Dachanlagen von insgesamt elf GW pro Jahr ab dem Jahr 2026. Pers\u00f6nliche und b\u00fcrokratische Hemmnisse sind zu beseitigen, sodass sich PV-Anlagen einfach und schnell errichten lassen.<\/li>\n\n\n\n<li>Mieterstrom: Die Verbindung von Stromerzeugung und Vermietung bringt einen zus\u00e4tzlichen Anreiz, auf bestehenden Immobilien neue PV-Anlagen zu installieren.<\/li>\n\n\n\n<li>Balkonkraftwerke: Dezentrale Anlagen im Privatbereich sollen die B\u00fcrgerinnen und B\u00fcrger selbstst\u00e4ndig installieren, aufbauen und in Betrieb nehmen. Ebenso will die Koalition das Meldeverfahren verschlanken.<\/li>\n\n\n\n<li>Netzanschluss beschleunigen: Den noch m\u00fchsamen Netzanschluss gilt es mithilfe von fl\u00e4chendeckender Standardisierung sowie Prozessdigitalisierung zu beschleunigen, ohne Abschl\u00e4ge bei der Netzsicherheit in Kauf nehmen zu m\u00fcssen.<\/li>\n\n\n\n<li>Akzeptanz st\u00e4rken: Bekannt ist, dass PV-Anlagen f\u00fcr die Energiewende zwingend notwendig sind. B\u00fcrokratieabbau und F\u00f6rderma\u00dfnahmen sollen Interessierte best\u00e4rken, eine eigene Anlage zu installieren.<\/li>\n\n\n\n<li>Energie- und Steuerrecht wirksam verzahnen: Der Anlagenbetrieb sowie die Stromeinspeisung bringen steuerrechtliche Pflichten mit sich. Es liegt nun am Bundesfinanzministerium, die Regeln zu vereinfachen.<\/li>\n\n\n\n<li>Europ\u00e4ische Produktion ausbauen: Kurze und transparente Lieferketten sowie die F\u00f6rderung der innereurop\u00e4ischen Produktion w\u00fcrde sich in mehrfacher Hinsicht positiv auf den Wirtschaftsstandort Europa auswirken.<\/li>\n\n\n\n<li>Fachkr\u00e4fte sichern: Mit dem Zubau von PV-Anlagen muss die Anzahl qualifizierter Fachkr\u00e4fte entsprechend ansteigen. Daf\u00fcr sind Ausbildungsangebote und Fortbildungen zu schaffen.<\/li>\n\n\n\n<li>Technologieentwicklung: Im Rahmen einer europ\u00e4ischen Produktion sollen deutsche Forschungsinstitute und Unternehmen als Technologief\u00fchrer entlang der gesamten Wertsch\u00f6pfungskette agieren.<\/li>\n\n\n\n<li>Europaweiter Ausbau der Photovoltaik: Neben Deutschland verfolgt auch die Europ\u00e4ische Union die F\u00f6rderung erneuerbarer Energiequellen. Die EU-Solarstrategie beinhaltet verschiedene Initiativen. Mit diesen will die EU bestehende Herausforderungen adressieren.<\/li>\n<\/ol>\n\n\n\n<p><\/p>\n\n\n\n<h4 class=\"wp-block-heading\">Steuerliche Auswirkungen<\/h4>\n\n\n\n<p>Auch wenn die Aussagekraft des Strategie-Entwurfs aus steuerlicher Sicht gering ist, lassen sich aus den erarbeiteten Ma\u00dfnahmen verschiedene R\u00fcckschl\u00fcsse ziehen.<br><br>Neben den Gesetzes\u00e4nderungen im Rahmen des Jahressteuergesetzes 2022 bei\u00a0<a href=\"https:\/\/www.pressebox.de\/redirect\/ext?tu=https%3A%2F%2Fwww.ecovis.com%2Fintern%2Fsteuern%2Ffaq-liste-zur-steuerbefreiung-von-photovoltaikanlagen-nach-%25c2%25a7-3-nr-72-estg%2F&amp;rp=_Qel5s9qeZb4K9smlitkghSEbz8jIvg1hmtOM99--Qs\" target=\"_blank\" rel=\"noreferrer noopener\">Einkommensteuer<\/a>\u00a0und\u00a0<a href=\"https:\/\/www.pressebox.de\/redirect\/ext?tu=https%3A%2F%2Fwww.ecovis.com%2Fintern%2Fsteuern%2Fumsatzsteuer-interne-faq-liste-zum-nullsteuersatz-nach-%25c2%25a7-12-abs-3-ustg-bzgl-photovoltaikanlagen%2F&amp;rp=_Qel5s9qeZb4K9smlitkgu9vsXU-M_-a84Qbzlp_zB0\" target=\"_blank\" rel=\"noreferrer noopener\">Umsatzsteuer<\/a>\u00a0plant das BMWK folgende Neuregelungen:<\/p>\n\n\n\n<ul class=\"wp-block-list\">\n<li>Stromerzeugung aus PV soll keinen Einfluss auf die Gemeinn\u00fctzigkeit von K\u00f6rperschaften haben.<\/li>\n\n\n\n<li>PV-Kleinunternehmen sollen nicht mehr zur Umsatzsteuer-Jahreserkl\u00e4rung verpflichtet sein.<\/li>\n\n\n\n<li>Es soll keine Gewerbesteuer aufgrund einer gewerblichen Infizierung von Vermietungseink\u00fcnften im Zusammenhang mit Stromlieferungen anfallen.<\/li>\n\n\n\n<li>Freifl\u00e4chen mit PV-Anlagen sollen sich zum land- und forstwirtschaftlichen Verm\u00f6gen zuordnen lassen.<\/li>\n\n\n\n<li>Anlagenbetreiber sollen von Anmelde-, Anzeige- und Meldepflichten befreit werden, soweit deren Strommengen steuerfrei bleiben.<\/li>\n<\/ul>\n\n\n\n<p>Die steuerrechtliche Umsetzung der Ma\u00dfnahmen liegt beim Bundesfinanzministerium. Es bleibt abzuwarten, ob der Gesetzgeber weitere Rechtsnovellen plant, die speziell auf die Installation und den Betrieb von PV-Anlagen abzielen.<\/p>\n\n\n\n<h4 class=\"wp-block-heading\">Gesetzentwurf zur Grundsteuer bei PV-Anlagen<\/h4>\n\n\n\n<p>Ecovis in M\u00fcnchen hat im Sinne der Mandanten einen Gesetzentwurf erarbeitet, den Verb\u00e4nde und Stromerzeuger der Bundesregierung weitergeleitet haben.<br><br>Denn: \u201eGeeignete Grundst\u00fccke f\u00fcr die Installation der gew\u00fcnschten Freifl\u00e4chenanlagen sind oft in der Land- und Forstwirtschaft zu finden\u201c, sagt Ernst Gossert, Steuerberater bei Ecovis in M\u00fcnchen. Er hat den Gesetzentwurf federf\u00fchrend gestaltet.<br><br>Landwirte, die land- und forstwirtschaftliche Fl\u00e4chen f\u00fcr die Errichtung von PV-Anlagen zur Verf\u00fcgung stellen, haben ein Problem: die Bewertung der Grundst\u00fccke als Grundverm\u00f6gen. Dadurch entfallen zahlreiche Beg\u00fcnstigungen. Das BMWK plant mit der PV-Strategie 2035 jedoch, Freifl\u00e4chenanlagen verst\u00e4rkt zu f\u00f6rdern.<br><br>Der Gesetzentwurf von Ecovis sieht daher vor, entsprechende Fl\u00e4chen auch dann als land- und forstwirtschaftliches Verm\u00f6gen zu bewerten, wenn die Eigent\u00fcmer sie f\u00fcr Freifl\u00e4chenanlagen nutzen.<br><br>\u201eDies w\u00fcrde Land- und Forstwirte best\u00e4rken, ihre \u00c4cker f\u00fcr die Errichtung von Freifl\u00e4chenanlagen zur Verf\u00fcgung zu stellen\u201c, wei\u00df Gossert.<br><br>Es bleibt abzuwarten, ob der Gesetzgeber in der aktuellen Legislaturperiode auf den Vorschlag von Ecovis reagiert. Eine positive R\u00fcckmeldung kam bisher nur aus Bayern. Hier wird die Grundsteuer f\u00fcr Freifl\u00e4chenanlagen ab 2025 erm\u00e4\u00dfigt, da die Freifl\u00e4chen in die g\u00fcnstigere Grundsteuer A einbezogen werden.<\/p>\n\n\n\n<h3 class=\"wp-block-heading\"><br>Fazit<\/h3>\n\n\n\n<p>Es ist zwar offen, wann und in welcher Form die Strategie des BMWK umgesetzt wird. \u201eEs ist jedoch sinnvoll, den generellen Ausbau von erneuerbaren Energietr\u00e4gern stets einige Jahre im Voraus zu planen\u201c, sagt Gossert.<br><br>Auch das Jahressteuergesetz 2022 hat weitreichende Gesetzes\u00e4nderungen gebracht. Wie diese in der Praxis anzuwenden sind, muss der Gesetzgeber jedoch noch abschlie\u00dfend erl\u00e4utern. Ebenso ist nicht gekl\u00e4rt, ob der Gesetzentwurf Einzug in kommende Gesetzesnovellen findet. \u201eWir verfolgen die geplanten Ma\u00dfnahmen der PV-Strategie 2035 daher weiter, um aus steuerrechtlicher Sicht gegebenenfalls Einfluss zu nehmen\u201c, erkl\u00e4rt Ecovis-Experte Gossert.<\/p>\n\n\n<h5 class=\"green\">Quelle<\/h5>\r\n\n\n\n<p><a href=\"https:\/\/de.ecovis.com\/photovoltaik-strategie-2035-welche-aenderungen-die-bundesregierung-plant\/\">Eine Pressemitteilung von ECOVIS AG Steuerberatungsgesellschaft 2023<\/a><\/p>\n<div class=\"shariff shariff-align-flex-start shariff-widget-align-flex-start\"><div class=\"ShariffHeadline\">Diese Meldung teilen<\/div><ul class=\"shariff-buttons theme-round orientation-horizontal buttonsize-medium\"><li class=\"shariff-button facebook shariff-nocustomcolor\" style=\"background-color:#4273c8;border-radius:1%\"><a href=\"https:\/\/www.facebook.com\/sharer\/sharer.php?u=https%3A%2F%2Fwww.sonnenseite.com%2Fde%2Fwirtschaft%2Fphotovoltaik-strategie-2035-welche-aenderungen-die-bundesregierung-plant%2F\" title=\"Bei Facebook teilen\" aria-label=\"Bei Facebook teilen\" role=\"button\" rel=\"nofollow\" class=\"shariff-link\" style=\";border-radius:1%; background-color:#3b5998; color:#fff\" target=\"_blank\"><span class=\"shariff-icon\" style=\"\"><svg width=\"32px\" height=\"20px\" xmlns=\"http:\/\/www.w3.org\/2000\/svg\" viewBox=\"0 0 18 32\"><path fill=\"#3b5998\" d=\"M17.1 0.2v4.7h-2.8q-1.5 0-2.1 0.6t-0.5 1.9v3.4h5.2l-0.7 5.3h-4.5v13.6h-5.5v-13.6h-4.5v-5.3h4.5v-3.9q0-3.3 1.9-5.2t5-1.8q2.6 0 4.1 0.2z\"\/><\/svg><\/span><\/a><\/li><li class=\"shariff-button twitter shariff-nocustomcolor\" style=\"background-color:#595959;border-radius:1%\"><a href=\"https:\/\/twitter.com\/share?url=https%3A%2F%2Fwww.sonnenseite.com%2Fde%2Fwirtschaft%2Fphotovoltaik-strategie-2035-welche-aenderungen-die-bundesregierung-plant%2F&text=Photovoltaik-Strategie%202035%3A%20Welche%20%C3%84nderungen%20die%20Bundesregierung%20plant\" title=\"Bei X teilen\" aria-label=\"Bei X teilen\" role=\"button\" rel=\"noopener nofollow\" class=\"shariff-link\" style=\";border-radius:1%; background-color:#000; color:#fff\" target=\"_blank\"><span class=\"shariff-icon\" style=\"\"><svg width=\"32px\" height=\"20px\" xmlns=\"http:\/\/www.w3.org\/2000\/svg\" viewBox=\"0 0 24 24\"><path fill=\"#000\" d=\"M14.258 10.152L23.176 0h-2.113l-7.747 8.813L7.133 0H0l9.352 13.328L0 23.973h2.113l8.176-9.309 6.531 9.309h7.133zm-2.895 3.293l-.949-1.328L2.875 1.56h3.246l6.086 8.523.945 1.328 7.91 11.078h-3.246zm0 0\"\/><\/svg><\/span><\/a><\/li><li class=\"shariff-button xing shariff-nocustomcolor\" style=\"background-color:#29888a;border-radius:1%\"><a href=\"https:\/\/www.xing.com\/spi\/shares\/new?url=https%3A%2F%2Fwww.sonnenseite.com%2Fde%2Fwirtschaft%2Fphotovoltaik-strategie-2035-welche-aenderungen-die-bundesregierung-plant%2F\" title=\"Bei XING teilen\" aria-label=\"Bei XING teilen\" role=\"button\" rel=\"noopener nofollow\" class=\"shariff-link\" style=\";border-radius:1%; background-color:#126567; color:#fff\" target=\"_blank\"><span class=\"shariff-icon\" style=\"\"><svg width=\"32px\" height=\"20px\" xmlns=\"http:\/\/www.w3.org\/2000\/svg\" viewBox=\"0 0 25 32\"><path fill=\"#126567\" d=\"M10.7 11.9q-0.2 0.3-4.6 8.2-0.5 0.8-1.2 0.8h-4.3q-0.4 0-0.5-0.3t0-0.6l4.5-8q0 0 0 0l-2.9-5q-0.2-0.4 0-0.7 0.2-0.3 0.5-0.3h4.3q0.7 0 1.2 0.8zM25.1 0.4q0.2 0.3 0 0.7l-9.4 16.7 6 11q0.2 0.4 0 0.6-0.2 0.3-0.6 0.3h-4.3q-0.7 0-1.2-0.8l-6-11.1q0.3-0.6 9.5-16.8 0.4-0.8 1.2-0.8h4.3q0.4 0 0.5 0.3z\"\/><\/svg><\/span><\/a><\/li><li class=\"shariff-button linkedin shariff-nocustomcolor\" style=\"background-color:#1488bf;border-radius:1%\"><a href=\"https:\/\/www.linkedin.com\/sharing\/share-offsite\/?url=https%3A%2F%2Fwww.sonnenseite.com%2Fde%2Fwirtschaft%2Fphotovoltaik-strategie-2035-welche-aenderungen-die-bundesregierung-plant%2F\" title=\"Bei LinkedIn teilen\" aria-label=\"Bei LinkedIn teilen\" role=\"button\" rel=\"noopener nofollow\" class=\"shariff-link\" style=\";border-radius:1%; background-color:#0077b5; color:#fff\" target=\"_blank\"><span class=\"shariff-icon\" style=\"\"><svg width=\"32px\" height=\"20px\" xmlns=\"http:\/\/www.w3.org\/2000\/svg\" viewBox=\"0 0 27 32\"><path fill=\"#0077b5\" d=\"M6.2 11.2v17.7h-5.9v-17.7h5.9zM6.6 5.7q0 1.3-0.9 2.2t-2.4 0.9h0q-1.5 0-2.4-0.9t-0.9-2.2 0.9-2.2 2.4-0.9 2.4 0.9 0.9 2.2zM27.4 18.7v10.1h-5.9v-9.5q0-1.9-0.7-2.9t-2.3-1.1q-1.1 0-1.9 0.6t-1.2 1.5q-0.2 0.5-0.2 1.4v9.9h-5.9q0-7.1 0-11.6t0-5.3l0-0.9h5.9v2.6h0q0.4-0.6 0.7-1t1-0.9 1.6-0.8 2-0.3q3 0 4.9 2t1.9 6z\"\/><\/svg><\/span><\/a><\/li><li class=\"shariff-button printer shariff-nocustomcolor\" style=\"background-color:#a8a8a8;border-radius:1%\"><a href=\"javascript:window.print()\" title=\"drucken\" aria-label=\"drucken\" role=\"button\" rel=\"noopener nofollow\" class=\"shariff-link\" style=\";border-radius:1%; background-color:#999; color:#fff\"><span class=\"shariff-icon\" style=\"\"><svg width=\"32px\" height=\"20px\" xmlns=\"http:\/\/www.w3.org\/2000\/svg\" viewBox=\"0 0 30 32\"><path fill=\"#999\" d=\"M6.8 27.4h16v-4.6h-16v4.6zM6.8 16h16v-6.8h-2.8q-0.7 0-1.2-0.5t-0.5-1.2v-2.8h-11.4v11.4zM27.4 17.2q0-0.5-0.3-0.8t-0.8-0.4-0.8 0.4-0.3 0.8 0.3 0.8 0.8 0.3 0.8-0.3 0.3-0.8zM29.7 17.2v7.4q0 0.2-0.2 0.4t-0.4 0.2h-4v2.8q0 0.7-0.5 1.2t-1.2 0.5h-17.2q-0.7 0-1.2-0.5t-0.5-1.2v-2.8h-4q-0.2 0-0.4-0.2t-0.2-0.4v-7.4q0-1.4 1-2.4t2.4-1h1.2v-9.7q0-0.7 0.5-1.2t1.2-0.5h12q0.7 0 1.6 0.4t1.3 0.8l2.7 2.7q0.5 0.5 0.9 1.4t0.4 1.6v4.6h1.1q1.4 0 2.4 1t1 2.4z\"\/><\/svg><\/span><\/a><\/li><li class=\"shariff-button mailto shariff-nocustomcolor\" style=\"background-color:#a8a8a8;border-radius:1%\"><a href=\"mailto:?body=https%3A%2F%2Fwww.sonnenseite.com%2Fde%2Fwirtschaft%2Fphotovoltaik-strategie-2035-welche-aenderungen-die-bundesregierung-plant%2F&subject=Photovoltaik-Strategie%202035%3A%20Welche%20%C3%84nderungen%20die%20Bundesregierung%20plant\" title=\"Per E-Mail versenden\" aria-label=\"Per E-Mail versenden\" role=\"button\" rel=\"noopener nofollow\" class=\"shariff-link\" style=\";border-radius:1%; background-color:#999; color:#fff\"><span class=\"shariff-icon\" style=\"\"><svg width=\"32px\" height=\"20px\" xmlns=\"http:\/\/www.w3.org\/2000\/svg\" viewBox=\"0 0 32 32\"><path fill=\"#999\" d=\"M32 12.7v14.2q0 1.2-0.8 2t-2 0.9h-26.3q-1.2 0-2-0.9t-0.8-2v-14.2q0.8 0.9 1.8 1.6 6.5 4.4 8.9 6.1 1 0.8 1.6 1.2t1.7 0.9 2 0.4h0.1q0.9 0 2-0.4t1.7-0.9 1.6-1.2q3-2.2 8.9-6.1 1-0.7 1.8-1.6zM32 7.4q0 1.4-0.9 2.7t-2.2 2.2q-6.7 4.7-8.4 5.8-0.2 0.1-0.7 0.5t-1 0.7-0.9 0.6-1.1 0.5-0.9 0.2h-0.1q-0.4 0-0.9-0.2t-1.1-0.5-0.9-0.6-1-0.7-0.7-0.5q-1.6-1.1-4.7-3.2t-3.6-2.6q-1.1-0.7-2.1-2t-1-2.5q0-1.4 0.7-2.3t2.1-0.9h26.3q1.2 0 2 0.8t0.9 2z\"\/><\/svg><\/span><\/a><\/li><\/ul><\/div>","protected":false},"excerpt":{"rendered":"<p>Auf dem Weg zur Treibhausgasneutralit\u00e4t plant das Bundesministerium f\u00fcr Wirtschaft und Klimaschutz im Rahmen der Photovoltaik-Strategie [&hellip;]<\/p>\n","protected":false},"author":3,"featured_media":77702,"comment_status":"closed","ping_status":"closed","sticky":false,"template":"","format":"standard","meta":{"inline_featured_image":false,"footnotes":""},"categories":[24],"tags":[],"class_list":["post-91684","post","type-post","status-publish","format-standard","has-post-thumbnail","hentry","category-wirtschaft"],"yoast_head":"<!-- This site is optimized with the Yoast SEO plugin v26.5 - https:\/\/yoast.com\/wordpress\/plugins\/seo\/ -->\n<title>Photovoltaik-Strategie 2035: Welche \u00c4nderungen die Bundesregierung plant - Sonnenseite - \u00d6kologische Kommunikation mit Franz Alt<\/title>\n<meta name=\"description\" content=\"Auf dem Weg zur Treibhausgasneutralit\u00e4t plant das Bundesministerium f\u00fcr Wirtschaft und Klimaschutz im Rahmen der Photovoltaik-Strategie 2035 zahlreiche\" \/>\n<meta name=\"robots\" content=\"index, follow, max-snippet:-1, max-image-preview:large, max-video-preview:-1\" \/>\n<link rel=\"canonical\" href=\"https:\/\/www.sonnenseite.com\/de\/wirtschaft\/photovoltaik-strategie-2035-welche-aenderungen-die-bundesregierung-plant\/\" \/>\n<meta property=\"og:locale\" content=\"de_DE\" \/>\n<meta property=\"og:type\" content=\"article\" \/>\n<meta property=\"og:title\" content=\"Photovoltaik-Strategie 2035: Welche \u00c4nderungen die Bundesregierung plant - Sonnenseite - \u00d6kologische Kommunikation mit Franz Alt\" \/>\n<meta property=\"og:description\" content=\"Auf dem Weg zur Treibhausgasneutralit\u00e4t plant das Bundesministerium f\u00fcr Wirtschaft und Klimaschutz im Rahmen der Photovoltaik-Strategie 2035 zahlreiche\" \/>\n<meta property=\"og:url\" content=\"https:\/\/www.sonnenseite.com\/de\/wirtschaft\/photovoltaik-strategie-2035-welche-aenderungen-die-bundesregierung-plant\/\" \/>\n<meta property=\"og:site_name\" content=\"Sonnenseite\" \/>\n<meta property=\"article:publisher\" content=\"https:\/\/www.facebook.com\/pages\/Franz-Alt-SONNENSEITECOM\/221072987903953?fref=ts\" \/>\n<meta property=\"article:published_time\" content=\"2023-06-02T07:09:35+00:00\" \/>\n<meta property=\"article:modified_time\" content=\"2023-06-02T07:09:36+00:00\" \/>\n<meta property=\"og:image\" content=\"https:\/\/www.sonnenseite.com\/wp-content\/uploads\/2021\/12\/Solarzellen_catalby.jpg\" \/>\n\t<meta property=\"og:image:width\" content=\"770\" \/>\n\t<meta property=\"og:image:height\" content=\"420\" \/>\n\t<meta property=\"og:image:type\" content=\"image\/jpeg\" \/>\n<meta name=\"author\" content=\"Bigi Alt\" \/>\n<meta name=\"twitter:card\" content=\"summary_large_image\" \/>\n<meta name=\"twitter:creator\" content=\"@franzalt\" \/>\n<meta name=\"twitter:site\" content=\"@franzalt\" \/>\n<meta name=\"twitter:label1\" content=\"Verfasst von\" \/>\n\t<meta name=\"twitter:data1\" content=\"Bigi Alt\" \/>\n\t<meta name=\"twitter:label2\" content=\"Gesch\u00e4tzte Lesezeit\" \/>\n\t<meta name=\"twitter:data2\" content=\"6\u00a0Minuten\" \/>\n<script type=\"application\/ld+json\" class=\"yoast-schema-graph\">{\"@context\":\"https:\/\/schema.org\",\"@graph\":[{\"@type\":\"Article\",\"@id\":\"https:\/\/www.sonnenseite.com\/de\/wirtschaft\/photovoltaik-strategie-2035-welche-aenderungen-die-bundesregierung-plant\/#article\",\"isPartOf\":{\"@id\":\"https:\/\/www.sonnenseite.com\/de\/wirtschaft\/photovoltaik-strategie-2035-welche-aenderungen-die-bundesregierung-plant\/\"},\"author\":{\"name\":\"Bigi Alt\",\"@id\":\"https:\/\/www.sonnenseite.com\/de\/#\/schema\/person\/50fda0e926597684c7cc6695238a4eb9\"},\"headline\":\"Photovoltaik-Strategie 2035: Welche \u00c4nderungen die Bundesregierung plant\",\"datePublished\":\"2023-06-02T07:09:35+00:00\",\"dateModified\":\"2023-06-02T07:09:36+00:00\",\"mainEntityOfPage\":{\"@id\":\"https:\/\/www.sonnenseite.com\/de\/wirtschaft\/photovoltaik-strategie-2035-welche-aenderungen-die-bundesregierung-plant\/\"},\"wordCount\":955,\"publisher\":{\"@id\":\"https:\/\/www.sonnenseite.com\/de\/#organization\"},\"image\":{\"@id\":\"https:\/\/www.sonnenseite.com\/de\/wirtschaft\/photovoltaik-strategie-2035-welche-aenderungen-die-bundesregierung-plant\/#primaryimage\"},\"thumbnailUrl\":\"https:\/\/www.sonnenseite.com\/wp-content\/uploads\/2021\/12\/Solarzellen_catalby.jpg\",\"articleSection\":[\"Wirtschaft\"],\"inLanguage\":\"de\"},{\"@type\":\"WebPage\",\"@id\":\"https:\/\/www.sonnenseite.com\/de\/wirtschaft\/photovoltaik-strategie-2035-welche-aenderungen-die-bundesregierung-plant\/\",\"url\":\"https:\/\/www.sonnenseite.com\/de\/wirtschaft\/photovoltaik-strategie-2035-welche-aenderungen-die-bundesregierung-plant\/\",\"name\":\"Photovoltaik-Strategie 2035: Welche \u00c4nderungen die Bundesregierung plant - Sonnenseite - \u00d6kologische Kommunikation mit Franz Alt\",\"isPartOf\":{\"@id\":\"https:\/\/www.sonnenseite.com\/de\/#website\"},\"primaryImageOfPage\":{\"@id\":\"https:\/\/www.sonnenseite.com\/de\/wirtschaft\/photovoltaik-strategie-2035-welche-aenderungen-die-bundesregierung-plant\/#primaryimage\"},\"image\":{\"@id\":\"https:\/\/www.sonnenseite.com\/de\/wirtschaft\/photovoltaik-strategie-2035-welche-aenderungen-die-bundesregierung-plant\/#primaryimage\"},\"thumbnailUrl\":\"https:\/\/www.sonnenseite.com\/wp-content\/uploads\/2021\/12\/Solarzellen_catalby.jpg\",\"datePublished\":\"2023-06-02T07:09:35+00:00\",\"dateModified\":\"2023-06-02T07:09:36+00:00\",\"description\":\"Auf dem Weg zur Treibhausgasneutralit\u00e4t plant das Bundesministerium f\u00fcr Wirtschaft und Klimaschutz im Rahmen der Photovoltaik-Strategie 2035 zahlreiche\",\"breadcrumb\":{\"@id\":\"https:\/\/www.sonnenseite.com\/de\/wirtschaft\/photovoltaik-strategie-2035-welche-aenderungen-die-bundesregierung-plant\/#breadcrumb\"},\"inLanguage\":\"de\",\"potentialAction\":[{\"@type\":\"ReadAction\",\"target\":[\"https:\/\/www.sonnenseite.com\/de\/wirtschaft\/photovoltaik-strategie-2035-welche-aenderungen-die-bundesregierung-plant\/\"]}]},{\"@type\":\"ImageObject\",\"inLanguage\":\"de\",\"@id\":\"https:\/\/www.sonnenseite.com\/de\/wirtschaft\/photovoltaik-strategie-2035-welche-aenderungen-die-bundesregierung-plant\/#primaryimage\",\"url\":\"https:\/\/www.sonnenseite.com\/wp-content\/uploads\/2021\/12\/Solarzellen_catalby.jpg\",\"contentUrl\":\"https:\/\/www.sonnenseite.com\/wp-content\/uploads\/2021\/12\/Solarzellen_catalby.jpg\",\"width\":770,\"height\":420,\"caption\":\"Depositphotos.com | catalby | Symbolbild\"},{\"@type\":\"BreadcrumbList\",\"@id\":\"https:\/\/www.sonnenseite.com\/de\/wirtschaft\/photovoltaik-strategie-2035-welche-aenderungen-die-bundesregierung-plant\/#breadcrumb\",\"itemListElement\":[{\"@type\":\"ListItem\",\"position\":1,\"name\":\"Startseite\",\"item\":\"https:\/\/www.sonnenseite.com\/de\/\"},{\"@type\":\"ListItem\",\"position\":2,\"name\":\"Photovoltaik-Strategie 2035: Welche \u00c4nderungen die Bundesregierung plant\"}]},{\"@type\":\"WebSite\",\"@id\":\"https:\/\/www.sonnenseite.com\/de\/#website\",\"url\":\"https:\/\/www.sonnenseite.com\/de\/\",\"name\":\"Sonnenseite\",\"description\":\"\u00d6kologische Kommunikation mit Franz Alt\",\"publisher\":{\"@id\":\"https:\/\/www.sonnenseite.com\/de\/#organization\"},\"potentialAction\":[{\"@type\":\"SearchAction\",\"target\":{\"@type\":\"EntryPoint\",\"urlTemplate\":\"https:\/\/www.sonnenseite.com\/de\/?s={search_term_string}\"},\"query-input\":{\"@type\":\"PropertyValueSpecification\",\"valueRequired\":true,\"valueName\":\"search_term_string\"}}],\"inLanguage\":\"de\"},{\"@type\":\"Organization\",\"@id\":\"https:\/\/www.sonnenseite.com\/de\/#organization\",\"name\":\"Sonnenseite\",\"url\":\"https:\/\/www.sonnenseite.com\/de\/\",\"logo\":{\"@type\":\"ImageObject\",\"inLanguage\":\"de\",\"@id\":\"https:\/\/www.sonnenseite.com\/de\/#\/schema\/logo\/image\/\",\"url\":\"https:\/\/www.sonnenseite.com\/wp-content\/uploads\/2020\/05\/Sonnenseite_Logo.png\",\"contentUrl\":\"https:\/\/www.sonnenseite.com\/wp-content\/uploads\/2020\/05\/Sonnenseite_Logo.png\",\"width\":377,\"height\":90,\"caption\":\"Sonnenseite\"},\"image\":{\"@id\":\"https:\/\/www.sonnenseite.com\/de\/#\/schema\/logo\/image\/\"},\"sameAs\":[\"https:\/\/www.facebook.com\/pages\/Franz-Alt-SONNENSEITECOM\/221072987903953?fref=ts\",\"https:\/\/x.com\/franzalt\",\"http:\/\/www.youtube.com\/results?search_query&amp;amp;quot;franz_alt&amp;amp;quot;&amp;amp;amp;amp;search_type&amp;amp;amp;amp;aq=f\"]},{\"@type\":\"Person\",\"@id\":\"https:\/\/www.sonnenseite.com\/de\/#\/schema\/person\/50fda0e926597684c7cc6695238a4eb9\",\"name\":\"Bigi Alt\"}]}<\/script>\n<!-- \/ Yoast SEO plugin. -->","yoast_head_json":{"title":"Photovoltaik-Strategie 2035: Welche \u00c4nderungen die Bundesregierung plant - Sonnenseite - \u00d6kologische Kommunikation mit Franz Alt","description":"Auf dem Weg zur Treibhausgasneutralit\u00e4t plant das Bundesministerium f\u00fcr Wirtschaft und Klimaschutz im Rahmen der Photovoltaik-Strategie 2035 zahlreiche","robots":{"index":"index","follow":"follow","max-snippet":"max-snippet:-1","max-image-preview":"max-image-preview:large","max-video-preview":"max-video-preview:-1"},"canonical":"https:\/\/www.sonnenseite.com\/de\/wirtschaft\/photovoltaik-strategie-2035-welche-aenderungen-die-bundesregierung-plant\/","og_locale":"de_DE","og_type":"article","og_title":"Photovoltaik-Strategie 2035: Welche \u00c4nderungen die Bundesregierung plant - Sonnenseite - \u00d6kologische Kommunikation mit Franz Alt","og_description":"Auf dem Weg zur Treibhausgasneutralit\u00e4t plant das Bundesministerium f\u00fcr Wirtschaft und Klimaschutz im Rahmen der Photovoltaik-Strategie 2035 zahlreiche","og_url":"https:\/\/www.sonnenseite.com\/de\/wirtschaft\/photovoltaik-strategie-2035-welche-aenderungen-die-bundesregierung-plant\/","og_site_name":"Sonnenseite","article_publisher":"https:\/\/www.facebook.com\/pages\/Franz-Alt-SONNENSEITECOM\/221072987903953?fref=ts","article_published_time":"2023-06-02T07:09:35+00:00","article_modified_time":"2023-06-02T07:09:36+00:00","og_image":[{"width":770,"height":420,"url":"https:\/\/www.sonnenseite.com\/wp-content\/uploads\/2021\/12\/Solarzellen_catalby.jpg","type":"image\/jpeg"}],"author":"Bigi Alt","twitter_card":"summary_large_image","twitter_creator":"@franzalt","twitter_site":"@franzalt","twitter_misc":{"Verfasst von":"Bigi Alt","Gesch\u00e4tzte Lesezeit":"6\u00a0Minuten"},"schema":{"@context":"https:\/\/schema.org","@graph":[{"@type":"Article","@id":"https:\/\/www.sonnenseite.com\/de\/wirtschaft\/photovoltaik-strategie-2035-welche-aenderungen-die-bundesregierung-plant\/#article","isPartOf":{"@id":"https:\/\/www.sonnenseite.com\/de\/wirtschaft\/photovoltaik-strategie-2035-welche-aenderungen-die-bundesregierung-plant\/"},"author":{"name":"Bigi Alt","@id":"https:\/\/www.sonnenseite.com\/de\/#\/schema\/person\/50fda0e926597684c7cc6695238a4eb9"},"headline":"Photovoltaik-Strategie 2035: Welche \u00c4nderungen die Bundesregierung plant","datePublished":"2023-06-02T07:09:35+00:00","dateModified":"2023-06-02T07:09:36+00:00","mainEntityOfPage":{"@id":"https:\/\/www.sonnenseite.com\/de\/wirtschaft\/photovoltaik-strategie-2035-welche-aenderungen-die-bundesregierung-plant\/"},"wordCount":955,"publisher":{"@id":"https:\/\/www.sonnenseite.com\/de\/#organization"},"image":{"@id":"https:\/\/www.sonnenseite.com\/de\/wirtschaft\/photovoltaik-strategie-2035-welche-aenderungen-die-bundesregierung-plant\/#primaryimage"},"thumbnailUrl":"https:\/\/www.sonnenseite.com\/wp-content\/uploads\/2021\/12\/Solarzellen_catalby.jpg","articleSection":["Wirtschaft"],"inLanguage":"de"},{"@type":"WebPage","@id":"https:\/\/www.sonnenseite.com\/de\/wirtschaft\/photovoltaik-strategie-2035-welche-aenderungen-die-bundesregierung-plant\/","url":"https:\/\/www.sonnenseite.com\/de\/wirtschaft\/photovoltaik-strategie-2035-welche-aenderungen-die-bundesregierung-plant\/","name":"Photovoltaik-Strategie 2035: Welche \u00c4nderungen die Bundesregierung plant - Sonnenseite - \u00d6kologische Kommunikation mit Franz Alt","isPartOf":{"@id":"https:\/\/www.sonnenseite.com\/de\/#website"},"primaryImageOfPage":{"@id":"https:\/\/www.sonnenseite.com\/de\/wirtschaft\/photovoltaik-strategie-2035-welche-aenderungen-die-bundesregierung-plant\/#primaryimage"},"image":{"@id":"https:\/\/www.sonnenseite.com\/de\/wirtschaft\/photovoltaik-strategie-2035-welche-aenderungen-die-bundesregierung-plant\/#primaryimage"},"thumbnailUrl":"https:\/\/www.sonnenseite.com\/wp-content\/uploads\/2021\/12\/Solarzellen_catalby.jpg","datePublished":"2023-06-02T07:09:35+00:00","dateModified":"2023-06-02T07:09:36+00:00","description":"Auf dem Weg zur Treibhausgasneutralit\u00e4t plant das Bundesministerium f\u00fcr Wirtschaft und Klimaschutz im Rahmen der Photovoltaik-Strategie 2035 zahlreiche","breadcrumb":{"@id":"https:\/\/www.sonnenseite.com\/de\/wirtschaft\/photovoltaik-strategie-2035-welche-aenderungen-die-bundesregierung-plant\/#breadcrumb"},"inLanguage":"de","potentialAction":[{"@type":"ReadAction","target":["https:\/\/www.sonnenseite.com\/de\/wirtschaft\/photovoltaik-strategie-2035-welche-aenderungen-die-bundesregierung-plant\/"]}]},{"@type":"ImageObject","inLanguage":"de","@id":"https:\/\/www.sonnenseite.com\/de\/wirtschaft\/photovoltaik-strategie-2035-welche-aenderungen-die-bundesregierung-plant\/#primaryimage","url":"https:\/\/www.sonnenseite.com\/wp-content\/uploads\/2021\/12\/Solarzellen_catalby.jpg","contentUrl":"https:\/\/www.sonnenseite.com\/wp-content\/uploads\/2021\/12\/Solarzellen_catalby.jpg","width":770,"height":420,"caption":"Depositphotos.com | catalby | Symbolbild"},{"@type":"BreadcrumbList","@id":"https:\/\/www.sonnenseite.com\/de\/wirtschaft\/photovoltaik-strategie-2035-welche-aenderungen-die-bundesregierung-plant\/#breadcrumb","itemListElement":[{"@type":"ListItem","position":1,"name":"Startseite","item":"https:\/\/www.sonnenseite.com\/de\/"},{"@type":"ListItem","position":2,"name":"Photovoltaik-Strategie 2035: Welche \u00c4nderungen die Bundesregierung plant"}]},{"@type":"WebSite","@id":"https:\/\/www.sonnenseite.com\/de\/#website","url":"https:\/\/www.sonnenseite.com\/de\/","name":"Sonnenseite","description":"\u00d6kologische Kommunikation mit Franz Alt","publisher":{"@id":"https:\/\/www.sonnenseite.com\/de\/#organization"},"potentialAction":[{"@type":"SearchAction","target":{"@type":"EntryPoint","urlTemplate":"https:\/\/www.sonnenseite.com\/de\/?s={search_term_string}"},"query-input":{"@type":"PropertyValueSpecification","valueRequired":true,"valueName":"search_term_string"}}],"inLanguage":"de"},{"@type":"Organization","@id":"https:\/\/www.sonnenseite.com\/de\/#organization","name":"Sonnenseite","url":"https:\/\/www.sonnenseite.com\/de\/","logo":{"@type":"ImageObject","inLanguage":"de","@id":"https:\/\/www.sonnenseite.com\/de\/#\/schema\/logo\/image\/","url":"https:\/\/www.sonnenseite.com\/wp-content\/uploads\/2020\/05\/Sonnenseite_Logo.png","contentUrl":"https:\/\/www.sonnenseite.com\/wp-content\/uploads\/2020\/05\/Sonnenseite_Logo.png","width":377,"height":90,"caption":"Sonnenseite"},"image":{"@id":"https:\/\/www.sonnenseite.com\/de\/#\/schema\/logo\/image\/"},"sameAs":["https:\/\/www.facebook.com\/pages\/Franz-Alt-SONNENSEITECOM\/221072987903953?fref=ts","https:\/\/x.com\/franzalt","http:\/\/www.youtube.com\/results?search_query&amp;amp;quot;franz_alt&amp;amp;quot;&amp;amp;amp;amp;search_type&amp;amp;amp;amp;aq=f"]},{"@type":"Person","@id":"https:\/\/www.sonnenseite.com\/de\/#\/schema\/person\/50fda0e926597684c7cc6695238a4eb9","name":"Bigi Alt"}]}},"_links":{"self":[{"href":"https:\/\/www.sonnenseite.com\/de\/wp-json\/wp\/v2\/posts\/91684","targetHints":{"allow":["GET"]}}],"collection":[{"href":"https:\/\/www.sonnenseite.com\/de\/wp-json\/wp\/v2\/posts"}],"about":[{"href":"https:\/\/www.sonnenseite.com\/de\/wp-json\/wp\/v2\/types\/post"}],"author":[{"embeddable":true,"href":"https:\/\/www.sonnenseite.com\/de\/wp-json\/wp\/v2\/users\/3"}],"replies":[{"embeddable":true,"href":"https:\/\/www.sonnenseite.com\/de\/wp-json\/wp\/v2\/comments?post=91684"}],"version-history":[{"count":2,"href":"https:\/\/www.sonnenseite.com\/de\/wp-json\/wp\/v2\/posts\/91684\/revisions"}],"predecessor-version":[{"id":91688,"href":"https:\/\/www.sonnenseite.com\/de\/wp-json\/wp\/v2\/posts\/91684\/revisions\/91688"}],"wp:featuredmedia":[{"embeddable":true,"href":"https:\/\/www.sonnenseite.com\/de\/wp-json\/wp\/v2\/media\/77702"}],"wp:attachment":[{"href":"https:\/\/www.sonnenseite.com\/de\/wp-json\/wp\/v2\/media?parent=91684"}],"wp:term":[{"taxonomy":"category","embeddable":true,"href":"https:\/\/www.sonnenseite.com\/de\/wp-json\/wp\/v2\/categories?post=91684"},{"taxonomy":"post_tag","embeddable":true,"href":"https:\/\/www.sonnenseite.com\/de\/wp-json\/wp\/v2\/tags?post=91684"}],"curies":[{"name":"wp","href":"https:\/\/api.w.org\/{rel}","templated":true}]}}