{"id":91712,"date":"2023-06-03T08:35:48","date_gmt":"2023-06-03T06:35:48","guid":{"rendered":"https:\/\/www.sonnenseite.com\/?p=91712"},"modified":"2023-06-03T08:35:49","modified_gmt":"2023-06-03T06:35:49","slug":"plastikabkommen-zweite-verhandlungsrunde-legt-wichtige-grundsteine-gegen-die-globale-plastiklawine","status":"publish","type":"post","link":"https:\/\/www.sonnenseite.com\/de\/umwelt\/plastikabkommen-zweite-verhandlungsrunde-legt-wichtige-grundsteine-gegen-die-globale-plastiklawine\/","title":{"rendered":"Plastikabkommen: Zweite Verhandlungsrunde legt wichtige Grundsteine gegen die globale Plastiklawine"},"content":{"rendered":"\n<p>In Paris endete die zweite internationale Verhandlungsrunde (INC-2) f\u00fcr ein neues globales Plastikabkommen. Die internationale Meeresschutzorganisation OceanCare zieht eine gemischte Bilanz.<\/p>\n\n\n\n<ul class=\"wp-block-list\">\n<li>\u00d6l-exportierende L\u00e4nder, wollen der globalen Flut an Neuplastik kaum rechtlich verbindliche Grenzen entgegensetzen. Das Verhandlungsklima war insbesondere zu Beginn der Woche angespannt.<\/li>\n\n\n\n<li>Auch konnte das Regelbuch (Rules of Procedures) nicht final angenommen werden.<\/li>\n\n\n\n<li>Streitpunkt blieb, ob Entscheide im Konsens gef\u00e4llt werden m\u00fcssen oder ob Abstimmungen m\u00f6glich sein werden.<\/li>\n\n\n\n<li>W\u00e4hrend die Plastik-, Chemie-Industrie und Konsumg\u00fcterhersteller in grosser Anzahl vertreten waren, gab es auch eine starke Pr\u00e4senz wissenschaftlicher Beobachter. Die Wissenschaft ist entscheidend f\u00fcr ein erfolgreiches k\u00fcnftiges Plastikabkommen.<\/li>\n<\/ul>\n\n\n\n<p>Insgesamt wurde der Weg f\u00fcr die dritte Verhandlungsrunde (INC-3), die im November in Nairobi, Kenia stattfinden wird, bereitet. Aus Sicht von OceanCare war insbesondere positiv, dass das Problem von Fischereiger\u00e4t und Geisternetzen von zahlreichen Staaten anerkannt und herausgestrichen wurde. Der Bedarf an massgeschneiderten und rechtsverbindlichen Richtlinien, die herrenloses Fischereiger\u00e4t effektiv begrenzen, ist dringend.<\/p>\n\n\n<div class=\"wp-block-image\">\n<figure class=\"alignleft size-full is-resized\"><a href=\"https:\/\/www.sonnenseite.com\/wp-content\/uploads\/2023\/06\/OceanCare_Tortuga-muerta-.jpg\"><img loading=\"lazy\" decoding=\"async\" src=\"https:\/\/www.sonnenseite.com\/wp-content\/uploads\/2023\/06\/OceanCare_Tortuga-muerta-.jpg\" alt=\"\" class=\"wp-image-91715\" width=\"353\" height=\"192\" srcset=\"https:\/\/www.sonnenseite.com\/wp-content\/uploads\/2023\/06\/OceanCare_Tortuga-muerta-.jpg 770w, https:\/\/www.sonnenseite.com\/wp-content\/uploads\/2023\/06\/OceanCare_Tortuga-muerta--300x164.jpg 300w, https:\/\/www.sonnenseite.com\/wp-content\/uploads\/2023\/06\/OceanCare_Tortuga-muerta--768x419.jpg 768w\" sizes=\"auto, (max-width: 353px) 100vw, 353px\" \/><\/a><figcaption class=\"wp-element-caption\">\u00a9 Ocean Care \/ Tote Schildkr\u00f6te<\/figcaption><\/figure>\n<\/div>\n\n\n<p>\u00ab<em><a href=\"https:\/\/www.sonnenseite.com\/de\/umwelt\/plastikabkommen-geisternetze-toeten-meerestiere-in-gespenstischem-ausmass\/\">Geisternetze geh\u00f6ren zur sch\u00e4dlichsten Form von Plastikverschmutzung im Meer<\/a>. Sie k\u00f6nnen jahrhundertelang unkontrolliert weiterfischen und sind t\u00f6dlich f\u00fcr alles Leben im Meer. Diese Plastikverschmutzung kennt keine nationalen Grenzen. Es handelt sich um eine globale Bedrohung, die eine globale Antwort erfordert. Ich baue auf den k\u00fcnftigen Plastikvertrag und hoffe, dass wir Geisternetzen und dem Raubbau, den sie verursachen, endlich ein Ende setzen k\u00f6nnen.<\/em> <em>Die Weltgemeinschaft muss sich nun an die Arbeit machen, um den gesamten Lebenszyklus von Fangger\u00e4ten zu ber\u00fccksichtigen und einen klaren Weg f\u00fcr ehrgeizige Massnahmen zur Beendigung dieser problematischen Verschmutzungsquelle zu entwickeln<\/em>\u00bb<em>, <\/em>sagt Fabienne McLellan, Gesch\u00e4ftsf\u00fchrerin von OceanCare.<\/p>\n\n\n\n<p><em>\u00abDer Beginn der Verhandlungswoche war wenig ermutigend. Verfahrensfragen, die von einigen Staaten vorgebracht wurden, um den Prozess zu verz\u00f6gern, haben INC-2 mehr als zwei Tage lang blockiert. Die anschliessenden Diskussionen geben jedoch Anlass zur Hoffnung. W\u00e4hrend bis zu INC-3 eine Menge Arbeit auf dem Tisch liegt, hat OceanCare und Verb\u00fcndete eine wichtige Grundlage geschaffen, um sicherzustellen, dass Fischereiger\u00e4te unter Ber\u00fccksichtigung ihres gesamten Lebenszyklus in das k\u00fcnftige Abkommen aufgenommen werden k\u00f6nnen\u00bb,<\/em> erg\u00e4nzt Ewoud Lauwerier, Plastik Policy Experte bei OceanCare.<\/p>\n\n\n<h5 class=\"green\">Quelle<\/h5>\r\n\n\n\n<p><a href=\"http:\/\/www.oceancare.org\" target=\"_blank\" rel=\"noreferrer noopener\">OceanCare 2023<\/a><\/p>\n<div class=\"shariff shariff-align-flex-start shariff-widget-align-flex-start\"><div class=\"ShariffHeadline\">Diese Meldung teilen<\/div><ul class=\"shariff-buttons theme-round orientation-horizontal buttonsize-medium\"><li class=\"shariff-button facebook shariff-nocustomcolor\" style=\"background-color:#4273c8;border-radius:1%\"><a href=\"https:\/\/www.facebook.com\/sharer\/sharer.php?u=https%3A%2F%2Fwww.sonnenseite.com%2Fde%2Fumwelt%2Fplastikabkommen-zweite-verhandlungsrunde-legt-wichtige-grundsteine-gegen-die-globale-plastiklawine%2F\" title=\"Bei Facebook teilen\" aria-label=\"Bei Facebook teilen\" role=\"button\" rel=\"nofollow\" class=\"shariff-link\" style=\";border-radius:1%; background-color:#3b5998; color:#fff\" target=\"_blank\"><span class=\"shariff-icon\" style=\"\"><svg width=\"32px\" height=\"20px\" xmlns=\"http:\/\/www.w3.org\/2000\/svg\" viewBox=\"0 0 18 32\"><path fill=\"#3b5998\" d=\"M17.1 0.2v4.7h-2.8q-1.5 0-2.1 0.6t-0.5 1.9v3.4h5.2l-0.7 5.3h-4.5v13.6h-5.5v-13.6h-4.5v-5.3h4.5v-3.9q0-3.3 1.9-5.2t5-1.8q2.6 0 4.1 0.2z\"\/><\/svg><\/span><\/a><\/li><li class=\"shariff-button twitter shariff-nocustomcolor\" style=\"background-color:#595959;border-radius:1%\"><a href=\"https:\/\/twitter.com\/share?url=https%3A%2F%2Fwww.sonnenseite.com%2Fde%2Fumwelt%2Fplastikabkommen-zweite-verhandlungsrunde-legt-wichtige-grundsteine-gegen-die-globale-plastiklawine%2F&text=Plastikabkommen%3A%20Zweite%20Verhandlungsrunde%20legt%20wichtige%20Grundsteine%20gegen%20die%20globale%20Plastiklawine\" title=\"Bei X teilen\" aria-label=\"Bei X teilen\" role=\"button\" rel=\"noopener nofollow\" class=\"shariff-link\" style=\";border-radius:1%; background-color:#000; color:#fff\" target=\"_blank\"><span class=\"shariff-icon\" style=\"\"><svg width=\"32px\" height=\"20px\" xmlns=\"http:\/\/www.w3.org\/2000\/svg\" viewBox=\"0 0 24 24\"><path fill=\"#000\" d=\"M14.258 10.152L23.176 0h-2.113l-7.747 8.813L7.133 0H0l9.352 13.328L0 23.973h2.113l8.176-9.309 6.531 9.309h7.133zm-2.895 3.293l-.949-1.328L2.875 1.56h3.246l6.086 8.523.945 1.328 7.91 11.078h-3.246zm0 0\"\/><\/svg><\/span><\/a><\/li><li class=\"shariff-button xing shariff-nocustomcolor\" style=\"background-color:#29888a;border-radius:1%\"><a href=\"https:\/\/www.xing.com\/spi\/shares\/new?url=https%3A%2F%2Fwww.sonnenseite.com%2Fde%2Fumwelt%2Fplastikabkommen-zweite-verhandlungsrunde-legt-wichtige-grundsteine-gegen-die-globale-plastiklawine%2F\" title=\"Bei XING teilen\" aria-label=\"Bei XING teilen\" role=\"button\" rel=\"noopener nofollow\" class=\"shariff-link\" style=\";border-radius:1%; background-color:#126567; color:#fff\" target=\"_blank\"><span class=\"shariff-icon\" style=\"\"><svg width=\"32px\" height=\"20px\" xmlns=\"http:\/\/www.w3.org\/2000\/svg\" viewBox=\"0 0 25 32\"><path fill=\"#126567\" d=\"M10.7 11.9q-0.2 0.3-4.6 8.2-0.5 0.8-1.2 0.8h-4.3q-0.4 0-0.5-0.3t0-0.6l4.5-8q0 0 0 0l-2.9-5q-0.2-0.4 0-0.7 0.2-0.3 0.5-0.3h4.3q0.7 0 1.2 0.8zM25.1 0.4q0.2 0.3 0 0.7l-9.4 16.7 6 11q0.2 0.4 0 0.6-0.2 0.3-0.6 0.3h-4.3q-0.7 0-1.2-0.8l-6-11.1q0.3-0.6 9.5-16.8 0.4-0.8 1.2-0.8h4.3q0.4 0 0.5 0.3z\"\/><\/svg><\/span><\/a><\/li><li class=\"shariff-button linkedin shariff-nocustomcolor\" style=\"background-color:#1488bf;border-radius:1%\"><a href=\"https:\/\/www.linkedin.com\/sharing\/share-offsite\/?url=https%3A%2F%2Fwww.sonnenseite.com%2Fde%2Fumwelt%2Fplastikabkommen-zweite-verhandlungsrunde-legt-wichtige-grundsteine-gegen-die-globale-plastiklawine%2F\" title=\"Bei LinkedIn teilen\" aria-label=\"Bei LinkedIn teilen\" role=\"button\" rel=\"noopener nofollow\" class=\"shariff-link\" style=\";border-radius:1%; background-color:#0077b5; color:#fff\" target=\"_blank\"><span class=\"shariff-icon\" style=\"\"><svg width=\"32px\" height=\"20px\" xmlns=\"http:\/\/www.w3.org\/2000\/svg\" viewBox=\"0 0 27 32\"><path fill=\"#0077b5\" d=\"M6.2 11.2v17.7h-5.9v-17.7h5.9zM6.6 5.7q0 1.3-0.9 2.2t-2.4 0.9h0q-1.5 0-2.4-0.9t-0.9-2.2 0.9-2.2 2.4-0.9 2.4 0.9 0.9 2.2zM27.4 18.7v10.1h-5.9v-9.5q0-1.9-0.7-2.9t-2.3-1.1q-1.1 0-1.9 0.6t-1.2 1.5q-0.2 0.5-0.2 1.4v9.9h-5.9q0-7.1 0-11.6t0-5.3l0-0.9h5.9v2.6h0q0.4-0.6 0.7-1t1-0.9 1.6-0.8 2-0.3q3 0 4.9 2t1.9 6z\"\/><\/svg><\/span><\/a><\/li><li class=\"shariff-button printer shariff-nocustomcolor\" style=\"background-color:#a8a8a8;border-radius:1%\"><a href=\"javascript:window.print()\" title=\"drucken\" aria-label=\"drucken\" role=\"button\" rel=\"noopener nofollow\" class=\"shariff-link\" style=\";border-radius:1%; background-color:#999; color:#fff\"><span class=\"shariff-icon\" style=\"\"><svg width=\"32px\" height=\"20px\" xmlns=\"http:\/\/www.w3.org\/2000\/svg\" viewBox=\"0 0 30 32\"><path fill=\"#999\" d=\"M6.8 27.4h16v-4.6h-16v4.6zM6.8 16h16v-6.8h-2.8q-0.7 0-1.2-0.5t-0.5-1.2v-2.8h-11.4v11.4zM27.4 17.2q0-0.5-0.3-0.8t-0.8-0.4-0.8 0.4-0.3 0.8 0.3 0.8 0.8 0.3 0.8-0.3 0.3-0.8zM29.7 17.2v7.4q0 0.2-0.2 0.4t-0.4 0.2h-4v2.8q0 0.7-0.5 1.2t-1.2 0.5h-17.2q-0.7 0-1.2-0.5t-0.5-1.2v-2.8h-4q-0.2 0-0.4-0.2t-0.2-0.4v-7.4q0-1.4 1-2.4t2.4-1h1.2v-9.7q0-0.7 0.5-1.2t1.2-0.5h12q0.7 0 1.6 0.4t1.3 0.8l2.7 2.7q0.5 0.5 0.9 1.4t0.4 1.6v4.6h1.1q1.4 0 2.4 1t1 2.4z\"\/><\/svg><\/span><\/a><\/li><li class=\"shariff-button mailto shariff-nocustomcolor\" style=\"background-color:#a8a8a8;border-radius:1%\"><a href=\"mailto:?body=https%3A%2F%2Fwww.sonnenseite.com%2Fde%2Fumwelt%2Fplastikabkommen-zweite-verhandlungsrunde-legt-wichtige-grundsteine-gegen-die-globale-plastiklawine%2F&subject=Plastikabkommen%3A%20Zweite%20Verhandlungsrunde%20legt%20wichtige%20Grundsteine%20gegen%20die%20globale%20Plastiklawine\" title=\"Per E-Mail versenden\" aria-label=\"Per E-Mail versenden\" role=\"button\" rel=\"noopener nofollow\" class=\"shariff-link\" style=\";border-radius:1%; background-color:#999; color:#fff\"><span class=\"shariff-icon\" style=\"\"><svg width=\"32px\" height=\"20px\" xmlns=\"http:\/\/www.w3.org\/2000\/svg\" viewBox=\"0 0 32 32\"><path fill=\"#999\" d=\"M32 12.7v14.2q0 1.2-0.8 2t-2 0.9h-26.3q-1.2 0-2-0.9t-0.8-2v-14.2q0.8 0.9 1.8 1.6 6.5 4.4 8.9 6.1 1 0.8 1.6 1.2t1.7 0.9 2 0.4h0.1q0.9 0 2-0.4t1.7-0.9 1.6-1.2q3-2.2 8.9-6.1 1-0.7 1.8-1.6zM32 7.4q0 1.4-0.9 2.7t-2.2 2.2q-6.7 4.7-8.4 5.8-0.2 0.1-0.7 0.5t-1 0.7-0.9 0.6-1.1 0.5-0.9 0.2h-0.1q-0.4 0-0.9-0.2t-1.1-0.5-0.9-0.6-1-0.7-0.7-0.5q-1.6-1.1-4.7-3.2t-3.6-2.6q-1.1-0.7-2.1-2t-1-2.5q0-1.4 0.7-2.3t2.1-0.9h26.3q1.2 0 2 0.8t0.9 2z\"\/><\/svg><\/span><\/a><\/li><\/ul><\/div>","protected":false},"excerpt":{"rendered":"<p>In Paris endete die zweite internationale Verhandlungsrunde (INC-2) f\u00fcr ein neues globales Plastikabkommen. Die internationale Meeresschutzorganisation [&hellip;]<\/p>\n","protected":false},"author":3,"featured_media":91713,"comment_status":"closed","ping_status":"closed","sticky":false,"template":"","format":"standard","meta":{"inline_featured_image":false,"footnotes":""},"categories":[23],"tags":[],"class_list":["post-91712","post","type-post","status-publish","format-standard","has-post-thumbnail","hentry","category-umwelt"],"yoast_head":"<!-- This site is optimized with the Yoast SEO plugin v26.5 - https:\/\/yoast.com\/wordpress\/plugins\/seo\/ -->\n<title>Plastikabkommen: Zweite Verhandlungsrunde legt wichtige Grundsteine gegen die globale Plastiklawine - Sonnenseite - \u00d6kologische Kommunikation mit Franz Alt<\/title>\n<meta name=\"description\" content=\"In Paris endete die zweite internationale Verhandlungsrunde (INC-2) f\u00fcr ein neues globales Plastikabkommen. Die internationale Meeresschutzorganisation\" \/>\n<meta name=\"robots\" content=\"index, follow, max-snippet:-1, max-image-preview:large, max-video-preview:-1\" \/>\n<link rel=\"canonical\" href=\"https:\/\/www.sonnenseite.com\/de\/umwelt\/plastikabkommen-zweite-verhandlungsrunde-legt-wichtige-grundsteine-gegen-die-globale-plastiklawine\/\" \/>\n<meta property=\"og:locale\" content=\"de_DE\" \/>\n<meta property=\"og:type\" content=\"article\" \/>\n<meta property=\"og:title\" content=\"Plastikabkommen: Zweite Verhandlungsrunde legt wichtige Grundsteine gegen die globale Plastiklawine - Sonnenseite - \u00d6kologische Kommunikation mit Franz Alt\" \/>\n<meta property=\"og:description\" content=\"In Paris endete die zweite internationale Verhandlungsrunde (INC-2) f\u00fcr ein neues globales Plastikabkommen. Die internationale Meeresschutzorganisation\" \/>\n<meta property=\"og:url\" content=\"https:\/\/www.sonnenseite.com\/de\/umwelt\/plastikabkommen-zweite-verhandlungsrunde-legt-wichtige-grundsteine-gegen-die-globale-plastiklawine\/\" \/>\n<meta property=\"og:site_name\" content=\"Sonnenseite\" \/>\n<meta property=\"article:publisher\" content=\"https:\/\/www.facebook.com\/pages\/Franz-Alt-SONNENSEITECOM\/221072987903953?fref=ts\" \/>\n<meta property=\"article:published_time\" content=\"2023-06-03T06:35:48+00:00\" \/>\n<meta property=\"article:modified_time\" content=\"2023-06-03T06:35:49+00:00\" \/>\n<meta property=\"og:image\" content=\"https:\/\/www.sonnenseite.com\/wp-content\/uploads\/2023\/06\/OceanCare_Dolphin-Enganglement.jpg\" \/>\n\t<meta property=\"og:image:width\" content=\"770\" \/>\n\t<meta property=\"og:image:height\" content=\"420\" \/>\n\t<meta property=\"og:image:type\" content=\"image\/jpeg\" \/>\n<meta name=\"author\" content=\"Bigi Alt\" \/>\n<meta name=\"twitter:card\" content=\"summary_large_image\" \/>\n<meta name=\"twitter:creator\" content=\"@franzalt\" \/>\n<meta name=\"twitter:site\" content=\"@franzalt\" \/>\n<meta name=\"twitter:label1\" content=\"Verfasst von\" \/>\n\t<meta name=\"twitter:data1\" content=\"Bigi Alt\" \/>\n\t<meta name=\"twitter:label2\" content=\"Gesch\u00e4tzte Lesezeit\" \/>\n\t<meta name=\"twitter:data2\" content=\"3\u00a0Minuten\" \/>\n<script type=\"application\/ld+json\" class=\"yoast-schema-graph\">{\"@context\":\"https:\/\/schema.org\",\"@graph\":[{\"@type\":\"Article\",\"@id\":\"https:\/\/www.sonnenseite.com\/de\/umwelt\/plastikabkommen-zweite-verhandlungsrunde-legt-wichtige-grundsteine-gegen-die-globale-plastiklawine\/#article\",\"isPartOf\":{\"@id\":\"https:\/\/www.sonnenseite.com\/de\/umwelt\/plastikabkommen-zweite-verhandlungsrunde-legt-wichtige-grundsteine-gegen-die-globale-plastiklawine\/\"},\"author\":{\"name\":\"Bigi Alt\",\"@id\":\"https:\/\/www.sonnenseite.com\/de\/#\/schema\/person\/50fda0e926597684c7cc6695238a4eb9\"},\"headline\":\"Plastikabkommen: Zweite Verhandlungsrunde legt wichtige Grundsteine gegen die globale Plastiklawine\",\"datePublished\":\"2023-06-03T06:35:48+00:00\",\"dateModified\":\"2023-06-03T06:35:49+00:00\",\"mainEntityOfPage\":{\"@id\":\"https:\/\/www.sonnenseite.com\/de\/umwelt\/plastikabkommen-zweite-verhandlungsrunde-legt-wichtige-grundsteine-gegen-die-globale-plastiklawine\/\"},\"wordCount\":376,\"publisher\":{\"@id\":\"https:\/\/www.sonnenseite.com\/de\/#organization\"},\"image\":{\"@id\":\"https:\/\/www.sonnenseite.com\/de\/umwelt\/plastikabkommen-zweite-verhandlungsrunde-legt-wichtige-grundsteine-gegen-die-globale-plastiklawine\/#primaryimage\"},\"thumbnailUrl\":\"https:\/\/www.sonnenseite.com\/wp-content\/uploads\/2023\/06\/OceanCare_Dolphin-Enganglement.jpg\",\"articleSection\":[\"Umwelt\"],\"inLanguage\":\"de\"},{\"@type\":\"WebPage\",\"@id\":\"https:\/\/www.sonnenseite.com\/de\/umwelt\/plastikabkommen-zweite-verhandlungsrunde-legt-wichtige-grundsteine-gegen-die-globale-plastiklawine\/\",\"url\":\"https:\/\/www.sonnenseite.com\/de\/umwelt\/plastikabkommen-zweite-verhandlungsrunde-legt-wichtige-grundsteine-gegen-die-globale-plastiklawine\/\",\"name\":\"Plastikabkommen: Zweite Verhandlungsrunde legt wichtige Grundsteine gegen die globale Plastiklawine - Sonnenseite - \u00d6kologische Kommunikation mit Franz Alt\",\"isPartOf\":{\"@id\":\"https:\/\/www.sonnenseite.com\/de\/#website\"},\"primaryImageOfPage\":{\"@id\":\"https:\/\/www.sonnenseite.com\/de\/umwelt\/plastikabkommen-zweite-verhandlungsrunde-legt-wichtige-grundsteine-gegen-die-globale-plastiklawine\/#primaryimage\"},\"image\":{\"@id\":\"https:\/\/www.sonnenseite.com\/de\/umwelt\/plastikabkommen-zweite-verhandlungsrunde-legt-wichtige-grundsteine-gegen-die-globale-plastiklawine\/#primaryimage\"},\"thumbnailUrl\":\"https:\/\/www.sonnenseite.com\/wp-content\/uploads\/2023\/06\/OceanCare_Dolphin-Enganglement.jpg\",\"datePublished\":\"2023-06-03T06:35:48+00:00\",\"dateModified\":\"2023-06-03T06:35:49+00:00\",\"description\":\"In Paris endete die zweite internationale Verhandlungsrunde (INC-2) f\u00fcr ein neues globales Plastikabkommen. Die internationale Meeresschutzorganisation\",\"breadcrumb\":{\"@id\":\"https:\/\/www.sonnenseite.com\/de\/umwelt\/plastikabkommen-zweite-verhandlungsrunde-legt-wichtige-grundsteine-gegen-die-globale-plastiklawine\/#breadcrumb\"},\"inLanguage\":\"de\",\"potentialAction\":[{\"@type\":\"ReadAction\",\"target\":[\"https:\/\/www.sonnenseite.com\/de\/umwelt\/plastikabkommen-zweite-verhandlungsrunde-legt-wichtige-grundsteine-gegen-die-globale-plastiklawine\/\"]}]},{\"@type\":\"ImageObject\",\"inLanguage\":\"de\",\"@id\":\"https:\/\/www.sonnenseite.com\/de\/umwelt\/plastikabkommen-zweite-verhandlungsrunde-legt-wichtige-grundsteine-gegen-die-globale-plastiklawine\/#primaryimage\",\"url\":\"https:\/\/www.sonnenseite.com\/wp-content\/uploads\/2023\/06\/OceanCare_Dolphin-Enganglement.jpg\",\"contentUrl\":\"https:\/\/www.sonnenseite.com\/wp-content\/uploads\/2023\/06\/OceanCare_Dolphin-Enganglement.jpg\",\"width\":770,\"height\":420,\"caption\":\"OceanCare | Dolphin-Enganglement\"},{\"@type\":\"BreadcrumbList\",\"@id\":\"https:\/\/www.sonnenseite.com\/de\/umwelt\/plastikabkommen-zweite-verhandlungsrunde-legt-wichtige-grundsteine-gegen-die-globale-plastiklawine\/#breadcrumb\",\"itemListElement\":[{\"@type\":\"ListItem\",\"position\":1,\"name\":\"Startseite\",\"item\":\"https:\/\/www.sonnenseite.com\/de\/\"},{\"@type\":\"ListItem\",\"position\":2,\"name\":\"Plastikabkommen: Zweite Verhandlungsrunde legt wichtige Grundsteine gegen die globale Plastiklawine\"}]},{\"@type\":\"WebSite\",\"@id\":\"https:\/\/www.sonnenseite.com\/de\/#website\",\"url\":\"https:\/\/www.sonnenseite.com\/de\/\",\"name\":\"Sonnenseite\",\"description\":\"\u00d6kologische Kommunikation mit Franz Alt\",\"publisher\":{\"@id\":\"https:\/\/www.sonnenseite.com\/de\/#organization\"},\"potentialAction\":[{\"@type\":\"SearchAction\",\"target\":{\"@type\":\"EntryPoint\",\"urlTemplate\":\"https:\/\/www.sonnenseite.com\/de\/?s={search_term_string}\"},\"query-input\":{\"@type\":\"PropertyValueSpecification\",\"valueRequired\":true,\"valueName\":\"search_term_string\"}}],\"inLanguage\":\"de\"},{\"@type\":\"Organization\",\"@id\":\"https:\/\/www.sonnenseite.com\/de\/#organization\",\"name\":\"Sonnenseite\",\"url\":\"https:\/\/www.sonnenseite.com\/de\/\",\"logo\":{\"@type\":\"ImageObject\",\"inLanguage\":\"de\",\"@id\":\"https:\/\/www.sonnenseite.com\/de\/#\/schema\/logo\/image\/\",\"url\":\"https:\/\/www.sonnenseite.com\/wp-content\/uploads\/2020\/05\/Sonnenseite_Logo.png\",\"contentUrl\":\"https:\/\/www.sonnenseite.com\/wp-content\/uploads\/2020\/05\/Sonnenseite_Logo.png\",\"width\":377,\"height\":90,\"caption\":\"Sonnenseite\"},\"image\":{\"@id\":\"https:\/\/www.sonnenseite.com\/de\/#\/schema\/logo\/image\/\"},\"sameAs\":[\"https:\/\/www.facebook.com\/pages\/Franz-Alt-SONNENSEITECOM\/221072987903953?fref=ts\",\"https:\/\/x.com\/franzalt\",\"http:\/\/www.youtube.com\/results?search_query&amp;amp;quot;franz_alt&amp;amp;quot;&amp;amp;amp;amp;search_type&amp;amp;amp;amp;aq=f\"]},{\"@type\":\"Person\",\"@id\":\"https:\/\/www.sonnenseite.com\/de\/#\/schema\/person\/50fda0e926597684c7cc6695238a4eb9\",\"name\":\"Bigi Alt\"}]}<\/script>\n<!-- \/ Yoast SEO plugin. -->","yoast_head_json":{"title":"Plastikabkommen: Zweite Verhandlungsrunde legt wichtige Grundsteine gegen die globale Plastiklawine - Sonnenseite - \u00d6kologische Kommunikation mit Franz Alt","description":"In Paris endete die zweite internationale Verhandlungsrunde (INC-2) f\u00fcr ein neues globales Plastikabkommen. Die internationale Meeresschutzorganisation","robots":{"index":"index","follow":"follow","max-snippet":"max-snippet:-1","max-image-preview":"max-image-preview:large","max-video-preview":"max-video-preview:-1"},"canonical":"https:\/\/www.sonnenseite.com\/de\/umwelt\/plastikabkommen-zweite-verhandlungsrunde-legt-wichtige-grundsteine-gegen-die-globale-plastiklawine\/","og_locale":"de_DE","og_type":"article","og_title":"Plastikabkommen: Zweite Verhandlungsrunde legt wichtige Grundsteine gegen die globale Plastiklawine - Sonnenseite - \u00d6kologische Kommunikation mit Franz Alt","og_description":"In Paris endete die zweite internationale Verhandlungsrunde (INC-2) f\u00fcr ein neues globales Plastikabkommen. Die internationale Meeresschutzorganisation","og_url":"https:\/\/www.sonnenseite.com\/de\/umwelt\/plastikabkommen-zweite-verhandlungsrunde-legt-wichtige-grundsteine-gegen-die-globale-plastiklawine\/","og_site_name":"Sonnenseite","article_publisher":"https:\/\/www.facebook.com\/pages\/Franz-Alt-SONNENSEITECOM\/221072987903953?fref=ts","article_published_time":"2023-06-03T06:35:48+00:00","article_modified_time":"2023-06-03T06:35:49+00:00","og_image":[{"width":770,"height":420,"url":"https:\/\/www.sonnenseite.com\/wp-content\/uploads\/2023\/06\/OceanCare_Dolphin-Enganglement.jpg","type":"image\/jpeg"}],"author":"Bigi Alt","twitter_card":"summary_large_image","twitter_creator":"@franzalt","twitter_site":"@franzalt","twitter_misc":{"Verfasst von":"Bigi Alt","Gesch\u00e4tzte Lesezeit":"3\u00a0Minuten"},"schema":{"@context":"https:\/\/schema.org","@graph":[{"@type":"Article","@id":"https:\/\/www.sonnenseite.com\/de\/umwelt\/plastikabkommen-zweite-verhandlungsrunde-legt-wichtige-grundsteine-gegen-die-globale-plastiklawine\/#article","isPartOf":{"@id":"https:\/\/www.sonnenseite.com\/de\/umwelt\/plastikabkommen-zweite-verhandlungsrunde-legt-wichtige-grundsteine-gegen-die-globale-plastiklawine\/"},"author":{"name":"Bigi Alt","@id":"https:\/\/www.sonnenseite.com\/de\/#\/schema\/person\/50fda0e926597684c7cc6695238a4eb9"},"headline":"Plastikabkommen: Zweite Verhandlungsrunde legt wichtige Grundsteine gegen die globale Plastiklawine","datePublished":"2023-06-03T06:35:48+00:00","dateModified":"2023-06-03T06:35:49+00:00","mainEntityOfPage":{"@id":"https:\/\/www.sonnenseite.com\/de\/umwelt\/plastikabkommen-zweite-verhandlungsrunde-legt-wichtige-grundsteine-gegen-die-globale-plastiklawine\/"},"wordCount":376,"publisher":{"@id":"https:\/\/www.sonnenseite.com\/de\/#organization"},"image":{"@id":"https:\/\/www.sonnenseite.com\/de\/umwelt\/plastikabkommen-zweite-verhandlungsrunde-legt-wichtige-grundsteine-gegen-die-globale-plastiklawine\/#primaryimage"},"thumbnailUrl":"https:\/\/www.sonnenseite.com\/wp-content\/uploads\/2023\/06\/OceanCare_Dolphin-Enganglement.jpg","articleSection":["Umwelt"],"inLanguage":"de"},{"@type":"WebPage","@id":"https:\/\/www.sonnenseite.com\/de\/umwelt\/plastikabkommen-zweite-verhandlungsrunde-legt-wichtige-grundsteine-gegen-die-globale-plastiklawine\/","url":"https:\/\/www.sonnenseite.com\/de\/umwelt\/plastikabkommen-zweite-verhandlungsrunde-legt-wichtige-grundsteine-gegen-die-globale-plastiklawine\/","name":"Plastikabkommen: Zweite Verhandlungsrunde legt wichtige Grundsteine gegen die globale Plastiklawine - Sonnenseite - \u00d6kologische Kommunikation mit Franz Alt","isPartOf":{"@id":"https:\/\/www.sonnenseite.com\/de\/#website"},"primaryImageOfPage":{"@id":"https:\/\/www.sonnenseite.com\/de\/umwelt\/plastikabkommen-zweite-verhandlungsrunde-legt-wichtige-grundsteine-gegen-die-globale-plastiklawine\/#primaryimage"},"image":{"@id":"https:\/\/www.sonnenseite.com\/de\/umwelt\/plastikabkommen-zweite-verhandlungsrunde-legt-wichtige-grundsteine-gegen-die-globale-plastiklawine\/#primaryimage"},"thumbnailUrl":"https:\/\/www.sonnenseite.com\/wp-content\/uploads\/2023\/06\/OceanCare_Dolphin-Enganglement.jpg","datePublished":"2023-06-03T06:35:48+00:00","dateModified":"2023-06-03T06:35:49+00:00","description":"In Paris endete die zweite internationale Verhandlungsrunde (INC-2) f\u00fcr ein neues globales Plastikabkommen. Die internationale Meeresschutzorganisation","breadcrumb":{"@id":"https:\/\/www.sonnenseite.com\/de\/umwelt\/plastikabkommen-zweite-verhandlungsrunde-legt-wichtige-grundsteine-gegen-die-globale-plastiklawine\/#breadcrumb"},"inLanguage":"de","potentialAction":[{"@type":"ReadAction","target":["https:\/\/www.sonnenseite.com\/de\/umwelt\/plastikabkommen-zweite-verhandlungsrunde-legt-wichtige-grundsteine-gegen-die-globale-plastiklawine\/"]}]},{"@type":"ImageObject","inLanguage":"de","@id":"https:\/\/www.sonnenseite.com\/de\/umwelt\/plastikabkommen-zweite-verhandlungsrunde-legt-wichtige-grundsteine-gegen-die-globale-plastiklawine\/#primaryimage","url":"https:\/\/www.sonnenseite.com\/wp-content\/uploads\/2023\/06\/OceanCare_Dolphin-Enganglement.jpg","contentUrl":"https:\/\/www.sonnenseite.com\/wp-content\/uploads\/2023\/06\/OceanCare_Dolphin-Enganglement.jpg","width":770,"height":420,"caption":"OceanCare | Dolphin-Enganglement"},{"@type":"BreadcrumbList","@id":"https:\/\/www.sonnenseite.com\/de\/umwelt\/plastikabkommen-zweite-verhandlungsrunde-legt-wichtige-grundsteine-gegen-die-globale-plastiklawine\/#breadcrumb","itemListElement":[{"@type":"ListItem","position":1,"name":"Startseite","item":"https:\/\/www.sonnenseite.com\/de\/"},{"@type":"ListItem","position":2,"name":"Plastikabkommen: Zweite Verhandlungsrunde legt wichtige Grundsteine gegen die globale Plastiklawine"}]},{"@type":"WebSite","@id":"https:\/\/www.sonnenseite.com\/de\/#website","url":"https:\/\/www.sonnenseite.com\/de\/","name":"Sonnenseite","description":"\u00d6kologische Kommunikation mit Franz Alt","publisher":{"@id":"https:\/\/www.sonnenseite.com\/de\/#organization"},"potentialAction":[{"@type":"SearchAction","target":{"@type":"EntryPoint","urlTemplate":"https:\/\/www.sonnenseite.com\/de\/?s={search_term_string}"},"query-input":{"@type":"PropertyValueSpecification","valueRequired":true,"valueName":"search_term_string"}}],"inLanguage":"de"},{"@type":"Organization","@id":"https:\/\/www.sonnenseite.com\/de\/#organization","name":"Sonnenseite","url":"https:\/\/www.sonnenseite.com\/de\/","logo":{"@type":"ImageObject","inLanguage":"de","@id":"https:\/\/www.sonnenseite.com\/de\/#\/schema\/logo\/image\/","url":"https:\/\/www.sonnenseite.com\/wp-content\/uploads\/2020\/05\/Sonnenseite_Logo.png","contentUrl":"https:\/\/www.sonnenseite.com\/wp-content\/uploads\/2020\/05\/Sonnenseite_Logo.png","width":377,"height":90,"caption":"Sonnenseite"},"image":{"@id":"https:\/\/www.sonnenseite.com\/de\/#\/schema\/logo\/image\/"},"sameAs":["https:\/\/www.facebook.com\/pages\/Franz-Alt-SONNENSEITECOM\/221072987903953?fref=ts","https:\/\/x.com\/franzalt","http:\/\/www.youtube.com\/results?search_query&amp;amp;quot;franz_alt&amp;amp;quot;&amp;amp;amp;amp;search_type&amp;amp;amp;amp;aq=f"]},{"@type":"Person","@id":"https:\/\/www.sonnenseite.com\/de\/#\/schema\/person\/50fda0e926597684c7cc6695238a4eb9","name":"Bigi Alt"}]}},"_links":{"self":[{"href":"https:\/\/www.sonnenseite.com\/de\/wp-json\/wp\/v2\/posts\/91712","targetHints":{"allow":["GET"]}}],"collection":[{"href":"https:\/\/www.sonnenseite.com\/de\/wp-json\/wp\/v2\/posts"}],"about":[{"href":"https:\/\/www.sonnenseite.com\/de\/wp-json\/wp\/v2\/types\/post"}],"author":[{"embeddable":true,"href":"https:\/\/www.sonnenseite.com\/de\/wp-json\/wp\/v2\/users\/3"}],"replies":[{"embeddable":true,"href":"https:\/\/www.sonnenseite.com\/de\/wp-json\/wp\/v2\/comments?post=91712"}],"version-history":[{"count":2,"href":"https:\/\/www.sonnenseite.com\/de\/wp-json\/wp\/v2\/posts\/91712\/revisions"}],"predecessor-version":[{"id":91718,"href":"https:\/\/www.sonnenseite.com\/de\/wp-json\/wp\/v2\/posts\/91712\/revisions\/91718"}],"wp:featuredmedia":[{"embeddable":true,"href":"https:\/\/www.sonnenseite.com\/de\/wp-json\/wp\/v2\/media\/91713"}],"wp:attachment":[{"href":"https:\/\/www.sonnenseite.com\/de\/wp-json\/wp\/v2\/media?parent=91712"}],"wp:term":[{"taxonomy":"category","embeddable":true,"href":"https:\/\/www.sonnenseite.com\/de\/wp-json\/wp\/v2\/categories?post=91712"},{"taxonomy":"post_tag","embeddable":true,"href":"https:\/\/www.sonnenseite.com\/de\/wp-json\/wp\/v2\/tags?post=91712"}],"curies":[{"name":"wp","href":"https:\/\/api.w.org\/{rel}","templated":true}]}}