{"id":91738,"date":"2023-06-05T13:25:57","date_gmt":"2023-06-05T11:25:57","guid":{"rendered":"https:\/\/www.sonnenseite.com\/?p=91738"},"modified":"2023-06-05T13:25:58","modified_gmt":"2023-06-05T11:25:58","slug":"photovoltaik-ausbau-im-suedwesten-plus-30-prozent-im-jahr-2022","status":"publish","type":"post","link":"https:\/\/www.sonnenseite.com\/de\/energie\/photovoltaik-ausbau-im-suedwesten-plus-30-prozent-im-jahr-2022\/","title":{"rendered":"Photovoltaik-Ausbau im S\u00fcdwesten: Plus 30 Prozent im Jahr 2022"},"content":{"rendered":"\n<p>Region Donau-Iller liegt beim Dachanlagenzubau auf Platz eins, Heilbronn-Franken f\u00fchrt bei neuen Solarparks.<\/p>\n\n\n\n<p>Der Ausbau der Photovoltaik im S\u00fcdwesten kommt voran: Im Jahr 2022 lag die installierte Leistung der neu errichteten Solarstromanlagen bei 807 Megawatt \u2013 ein Plus von rund drei\u00dfig Prozent gegen\u00fcber dem Vorjahr. <\/p>\n\n\n\n<p>Damals lag der Zubau bei 623 Megawatt. Im Land sind einige Regionen beim Photovoltaik-Ausbau besonders aktiv: Bei dem gewichtigen Segment Dachanlagen liegt die Region Donau-Iller an der Spitze unter den zw\u00f6lf S\u00fcdwestregionen und ist damit Sieger der Rangliste Photovoltaik-Liga Baden-W\u00fcrttemberg. Pro Kopf wurden in der Region um Ulm im Jahr 2022 rund 95 Watt neu hinzugebaut. Bei den Freifl\u00e4chensolaranlagen siegt die Region Heilbronn-Franken mit rund 75 Watt pro Hektar. Die KEA Klimaschutz- und Energieagentur Baden-W\u00fcrttemberg (KEA-BW) und das Solar Cluster Baden-W\u00fcrttemberg haben die Zahlen im Rahmen des Photovoltaik-Netzwerks Baden-W\u00fcrttemberg ver\u00f6ffentlicht.<\/p>\n\n\n\n<p>Trotz aller Fortschritte zeigen die Ergebnisse eines deutlich: Der Photovoltaik-Ausbau geht zu langsam voran. \u201eUm den wachsenden Strombedarf sicher und klimafreundlich decken zu k\u00f6nnen, muss er auf das Zweieinhalbfache beschleunigt werden\u201c, sagt Tina Schmidt vom Photovoltaik-Netzwerk Baden-W\u00fcrttemberg. \u201eIm Land haben wir daher noch viel zu tun.\u201c<\/p>\n\n\n\n<h4 class=\"wp-block-heading\">Dachanlagen: Der Osten liegt im S\u00fcdwesten vorne<\/h4>\n\n\n\n<p>Auf Platz zwei der Photovoltaik-Liga folgt die Region Bodensee-Oberschwaben mit rund 88 Watt pro Kopf. Die Region Schwarzwald-Baar-Heuberg kommt auf den dritten Rang mit 81 Watt pro Kopf. Die Region Heilbronn-Franken liegt mit rund 74 Watt pro Person auf Platz vier, die Region Nordschwarzwald auf Platz f\u00fcnf mit rund 73 Watt pro Person.<\/p>\n\n\n\n<p>Betrachtet man alle zw\u00f6lf Regionen im Land, f\u00e4llt eines sofort auf: Der Pro-Kopf-Zubau ist ungleichm\u00e4\u00dfig verteilt. Die Region Stuttgart etwa, das Schlusslicht im Land mit einem Zubau von rund 38 Watt pro Kopf, erreicht nur rund 40 Prozent des Zubaus der erstplatzierten Region Donau-Iller. Die Regionen Rhein-Neckar und Mittlerer Oberrhein weisen ebenfalls schlechte Werte auf und kommen nur auf die Pl\u00e4tze elf und zehn mit 49 beziehungsweise 55 Watt pro Person.<\/p>\n\n\n\n<p>Das hat auch mit der Siedlungsdichte zu tun. In dicht besiedelten Gebieten ist der Photovoltaik-Ausbau auf den D\u00e4chern in der Regel geringer, in d\u00fcnn besiedelten gr\u00f6\u00dfer. Der Grund f\u00fcr die besseren Werte auf dem Land und die schlechteren in den Metropolregionen: Auf D\u00e4chern von Einfamilienh\u00e4usern und Bauernh\u00f6fen auf dem Land ist mehr Platz f\u00fcr Photovoltaik pro Einwohner als auf Mehrfamilienh\u00e4usern in der Stadt. Au\u00dferdem ist die Entscheidung \u00fcber den Bau einer Solaranlage hier einfacher. Ungleich schwieriger ist das bei Mehrfamilienh\u00e4usern, die es h\u00e4ufiger in den St\u00e4dten gibt. Im Fall von Wohneigent\u00fcmergemeinschaften m\u00fcssen sich die Parteien einigen, im Fall von Mietbauten sind Mieterstrommodelle immer noch recht kompliziert. Das gro\u00dfe Potenzial f\u00fcr Photovoltaik-Anlagen auf Mehrfamilienh\u00e4usern ist daher noch l\u00e4ngst nicht ausgesch\u00f6pft. Das gilt auch f\u00fcr Verwaltungsgeb\u00e4ude, Gewerbegeb\u00e4ude und Industriebauten.<\/p>\n\n\n\n<p>Eine kleine Ausnahme von der Regel ist die bev\u00f6lkerungsstarke Region S\u00fcdlicher Oberrhein, sie liegt auf einen guten mittleren Platz (Platz 6 mit rund 69 Watt pro Kopf). Die Pl\u00e4tze sieben, acht und neun teilen sich die Regionen Ostw\u00fcrttemberg, Hochrhein-Bodensee und Neckar-Alb auf. Sie weisen rund 69, 66 und 58 Watt Photovoltaikzubau pro Person auf.<\/p>\n\n\n\n<h4 class=\"wp-block-heading\">Freifl\u00e4chensolaranlagen: Region Heilbronn-Franken hat den gr\u00f6\u00dften Zubau<\/h4>\n\n\n\n<p>Beim zweiten, kleineren Segment Freifl\u00e4chenanlagen \u2013 nur gut 15 Prozent des Zubaus im Land entfallen auf Freifl\u00e4chen \u2013 hat mit der Region Heilbronn-Franken der Nord-Osten die Nase vorn. Bezugsgr\u00f6\u00dfe ist hier die verf\u00fcgbare Bodenfl\u00e4che<\/p>\n\n\n\n<p>der Region. Heilbronn-Franken kommt auf einen Zubau-Wert von rund 75 Watt pro Hektar im Jahr 2022. Platz zwei geht an Neckar-Alb (rund 72 Watt pro Hektar). Platz drei geht an den Dachanlagensieger Donau-Iller (rund 60 Watt pro Hektar).<\/p>\n\n\n\n<p>Danach folgen die Region Hochrhein-Bodensee auf Platz vier mit rund 59 Watt pro Kopf, dicht gefolgt von Bodensee-Oberschwaben mit rund 58 Watt pro Kopf (Platz f\u00fcnf). Platz sechs, Schwarzwald-Baar-Heuberg, kommt noch auf rund 46 Watt pro Person. Platz sieben, der Mittlere Oberrhein, erreicht 29 Watt pro Person, der Nordschwarzwald auf Platz acht nur noch rund acht Watt pro Kopf. Der S\u00fcdliche Oberrhein schafft gerade mal rund f\u00fcnf Watt pro Person und kommt damit auf Platz neun. Die Rangletzten, die Region Stuttgart (Platz zehn), die Region Rhein-Neckar (Platz elf) und die Region Ostw\u00fcrttemberg (Platz zw\u00f6lf) kommen auf praktisch keine neuen Solarparks.<\/p>\n\n\n\n<p>\u201eBei Freifl\u00e4chenanlagen im S\u00fcdwesten besteht weiterhin ein erheblicher Ausbaubedarf\u201c, so Tina Schmidt. \u201eWenn wir das Potenzial aussch\u00f6pfen wollen, m\u00fcssen wir zwei- bis dreimal so viel Solarparks errichten als bislang installiert sind.\u201c Interessant ist, dass kein Zusammenhang zwischen verf\u00fcgbarer Fl\u00e4che und Zubau zu beobachten ist. Mehr verf\u00fcgbare Fl\u00e4chen f\u00fchren nicht unbedingt zu mehr Solarparks. Die Ausweisung von Freifl\u00e4chen erfolgt in den Kommunen vermutlich recht ungleich engagiert. Auch hier ist deutlich mehr Tempo n\u00f6tig.<\/p>\n\n\n<div class=\"wp-block-image\">\n<figure class=\"alignright size-full is-resized\"><a href=\"https:\/\/www.sonnenseite.com\/wp-content\/uploads\/2023\/06\/PV-Liga_Zubau-Dach-PV_2022_Regionen.png\"><img loading=\"lazy\" decoding=\"async\" src=\"https:\/\/www.sonnenseite.com\/wp-content\/uploads\/2023\/06\/PV-Liga_Zubau-Dach-PV_2022_Regionen.png\" alt=\"\" class=\"wp-image-91740\" width=\"304\" height=\"331\" srcset=\"https:\/\/www.sonnenseite.com\/wp-content\/uploads\/2023\/06\/PV-Liga_Zubau-Dach-PV_2022_Regionen.png 768w, https:\/\/www.sonnenseite.com\/wp-content\/uploads\/2023\/06\/PV-Liga_Zubau-Dach-PV_2022_Regionen-276x300.png 276w\" sizes=\"auto, (max-width: 304px) 100vw, 304px\" \/><\/a><figcaption class=\"wp-element-caption\">Zum Vergr\u00f6\u00dfern anklicken!<\/figcaption><\/figure>\n<\/div>\n\n\n<h4 class=\"wp-block-heading\"><strong>Photovoltaik-Liga bildet auch Zubau in Landkreisen ab<\/strong><\/h4>\n\n\n\n<p>Die Photovoltaik-Liga enth\u00e4lt auch den Photovoltaik-Zubau in den Landkreisen Baden-W\u00fcrttembergs. Die Rangliste der Landkreise zeigt den Zubau innerhalb der jeweiligen Regionen. Die Ergebnisse werden online sowie von den regionalen Photovoltaik-Netzwerken ver\u00f6ffentlicht.<\/p>\n\n\n\n<p>Die Zahlen und Grafiken zum Photovoltaik-Zubau in den Regionen und Landkreisen Baden-W\u00fcrttembergs gibt es unter <a href=\"http:\/\/www.photovoltaik-bw.de\" target=\"_blank\" rel=\"noreferrer noopener\">www.photovoltaik-bw.de<\/a>.<\/p>\n\n\n\n<h4 class=\"wp-block-heading\">Rangliste Photovoltaik-Liga macht Regionen miteinander vergleichbar<\/h4>\n\n\n<div class=\"wp-block-image\">\n<figure class=\"alignleft size-full is-resized\"><a href=\"https:\/\/www.sonnenseite.com\/wp-content\/uploads\/2023\/06\/PV-Liga_Zubau-Freiflaechen-PV_2022_Regionen_pro_ha_Bodenflaeche.png\"><img loading=\"lazy\" decoding=\"async\" src=\"https:\/\/www.sonnenseite.com\/wp-content\/uploads\/2023\/06\/PV-Liga_Zubau-Freiflaechen-PV_2022_Regionen_pro_ha_Bodenflaeche.png\" alt=\"\" class=\"wp-image-91742\" width=\"289\" height=\"306\" srcset=\"https:\/\/www.sonnenseite.com\/wp-content\/uploads\/2023\/06\/PV-Liga_Zubau-Freiflaechen-PV_2022_Regionen_pro_ha_Bodenflaeche.png 768w, https:\/\/www.sonnenseite.com\/wp-content\/uploads\/2023\/06\/PV-Liga_Zubau-Freiflaechen-PV_2022_Regionen_pro_ha_Bodenflaeche-284x300.png 284w\" sizes=\"auto, (max-width: 289px) 100vw, 289px\" \/><\/a><figcaption class=\"wp-element-caption\">Zum Vergr\u00f6\u00dfern anklicken!<\/figcaption><\/figure>\n<\/div>\n\n\n<p>Die Photovoltaik-Liga Baden-W\u00fcrttemberg ist eine Rangliste der beim Solarstromausbau erfolgreichsten Regionen und Landkreise im S\u00fcdwesten. Erstellt wird die regelm\u00e4\u00dfig aktualisierte Liste, indem die neu zugebaute Leistung auf D\u00e4chern in Watt pro Einwohner und auf Freifl\u00e4chen in Watt pro Hektar umgerechnet wird. Das macht Regionen mit unterschiedlicher Bev\u00f6lkerungsdichte und Gr\u00f6\u00dfe miteinander vergleichbar.<\/p>\n\n\n\n<p>Die Daten basieren auf dem Marktstammdatenregister der Bundesnetzagentur, aufbereitet vom Zentrum f\u00fcr Sonnenenergie- und Wasserstoff-Forschung Baden-W\u00fcrttemberg (ZSW). Das Ministerium f\u00fcr Umwelt, Klima und Energiewirtschaft Baden-W\u00fcrttemberg f\u00f6rdert das Photovoltaik-Netzwerk.<\/p>\n\n\n<h5 class=\"green\">Quelle<\/h5>\r\n\n\n\n<p><a href=\"http:\/\/www.photovoltaik-bw.de\">Photovoltaik-Netzwerk Baden-W\u00fcrttemberg 2023<\/a> | <a href=\"http:\/\/www.kea-bw.de\">KEA Klimaschutz- und Energieagentur Baden-W\u00fcrttemberg GmbH 2023<\/a> | <a href=\"http:\/\/www.solar-consulting.de\">PR-Agentur Solar Consulting GmbH<\/a><\/p>\n<div class=\"shariff shariff-align-flex-start shariff-widget-align-flex-start\"><div class=\"ShariffHeadline\">Diese Meldung teilen<\/div><ul class=\"shariff-buttons theme-round orientation-horizontal buttonsize-medium\"><li class=\"shariff-button facebook shariff-nocustomcolor\" style=\"background-color:#4273c8;border-radius:1%\"><a href=\"https:\/\/www.facebook.com\/sharer\/sharer.php?u=https%3A%2F%2Fwww.sonnenseite.com%2Fde%2Fenergie%2Fphotovoltaik-ausbau-im-suedwesten-plus-30-prozent-im-jahr-2022%2F\" title=\"Bei Facebook teilen\" aria-label=\"Bei Facebook teilen\" role=\"button\" rel=\"nofollow\" class=\"shariff-link\" style=\";border-radius:1%; background-color:#3b5998; color:#fff\" target=\"_blank\"><span class=\"shariff-icon\" style=\"\"><svg width=\"32px\" height=\"20px\" xmlns=\"http:\/\/www.w3.org\/2000\/svg\" viewBox=\"0 0 18 32\"><path fill=\"#3b5998\" d=\"M17.1 0.2v4.7h-2.8q-1.5 0-2.1 0.6t-0.5 1.9v3.4h5.2l-0.7 5.3h-4.5v13.6h-5.5v-13.6h-4.5v-5.3h4.5v-3.9q0-3.3 1.9-5.2t5-1.8q2.6 0 4.1 0.2z\"\/><\/svg><\/span><\/a><\/li><li class=\"shariff-button twitter shariff-nocustomcolor\" style=\"background-color:#595959;border-radius:1%\"><a href=\"https:\/\/twitter.com\/share?url=https%3A%2F%2Fwww.sonnenseite.com%2Fde%2Fenergie%2Fphotovoltaik-ausbau-im-suedwesten-plus-30-prozent-im-jahr-2022%2F&text=Photovoltaik-Ausbau%20im%20S%C3%BCdwesten%3A%20Plus%2030%20Prozent%20im%20Jahr%202022\" title=\"Bei X teilen\" aria-label=\"Bei X teilen\" role=\"button\" rel=\"noopener nofollow\" class=\"shariff-link\" style=\";border-radius:1%; background-color:#000; color:#fff\" target=\"_blank\"><span class=\"shariff-icon\" style=\"\"><svg width=\"32px\" height=\"20px\" xmlns=\"http:\/\/www.w3.org\/2000\/svg\" viewBox=\"0 0 24 24\"><path fill=\"#000\" d=\"M14.258 10.152L23.176 0h-2.113l-7.747 8.813L7.133 0H0l9.352 13.328L0 23.973h2.113l8.176-9.309 6.531 9.309h7.133zm-2.895 3.293l-.949-1.328L2.875 1.56h3.246l6.086 8.523.945 1.328 7.91 11.078h-3.246zm0 0\"\/><\/svg><\/span><\/a><\/li><li class=\"shariff-button xing shariff-nocustomcolor\" style=\"background-color:#29888a;border-radius:1%\"><a href=\"https:\/\/www.xing.com\/spi\/shares\/new?url=https%3A%2F%2Fwww.sonnenseite.com%2Fde%2Fenergie%2Fphotovoltaik-ausbau-im-suedwesten-plus-30-prozent-im-jahr-2022%2F\" title=\"Bei XING teilen\" aria-label=\"Bei XING teilen\" role=\"button\" rel=\"noopener nofollow\" class=\"shariff-link\" style=\";border-radius:1%; background-color:#126567; color:#fff\" target=\"_blank\"><span class=\"shariff-icon\" style=\"\"><svg width=\"32px\" height=\"20px\" xmlns=\"http:\/\/www.w3.org\/2000\/svg\" viewBox=\"0 0 25 32\"><path fill=\"#126567\" d=\"M10.7 11.9q-0.2 0.3-4.6 8.2-0.5 0.8-1.2 0.8h-4.3q-0.4 0-0.5-0.3t0-0.6l4.5-8q0 0 0 0l-2.9-5q-0.2-0.4 0-0.7 0.2-0.3 0.5-0.3h4.3q0.7 0 1.2 0.8zM25.1 0.4q0.2 0.3 0 0.7l-9.4 16.7 6 11q0.2 0.4 0 0.6-0.2 0.3-0.6 0.3h-4.3q-0.7 0-1.2-0.8l-6-11.1q0.3-0.6 9.5-16.8 0.4-0.8 1.2-0.8h4.3q0.4 0 0.5 0.3z\"\/><\/svg><\/span><\/a><\/li><li class=\"shariff-button linkedin shariff-nocustomcolor\" style=\"background-color:#1488bf;border-radius:1%\"><a href=\"https:\/\/www.linkedin.com\/sharing\/share-offsite\/?url=https%3A%2F%2Fwww.sonnenseite.com%2Fde%2Fenergie%2Fphotovoltaik-ausbau-im-suedwesten-plus-30-prozent-im-jahr-2022%2F\" title=\"Bei LinkedIn teilen\" aria-label=\"Bei LinkedIn teilen\" role=\"button\" rel=\"noopener nofollow\" class=\"shariff-link\" style=\";border-radius:1%; background-color:#0077b5; color:#fff\" target=\"_blank\"><span class=\"shariff-icon\" style=\"\"><svg width=\"32px\" height=\"20px\" xmlns=\"http:\/\/www.w3.org\/2000\/svg\" viewBox=\"0 0 27 32\"><path fill=\"#0077b5\" d=\"M6.2 11.2v17.7h-5.9v-17.7h5.9zM6.6 5.7q0 1.3-0.9 2.2t-2.4 0.9h0q-1.5 0-2.4-0.9t-0.9-2.2 0.9-2.2 2.4-0.9 2.4 0.9 0.9 2.2zM27.4 18.7v10.1h-5.9v-9.5q0-1.9-0.7-2.9t-2.3-1.1q-1.1 0-1.9 0.6t-1.2 1.5q-0.2 0.5-0.2 1.4v9.9h-5.9q0-7.1 0-11.6t0-5.3l0-0.9h5.9v2.6h0q0.4-0.6 0.7-1t1-0.9 1.6-0.8 2-0.3q3 0 4.9 2t1.9 6z\"\/><\/svg><\/span><\/a><\/li><li class=\"shariff-button printer shariff-nocustomcolor\" style=\"background-color:#a8a8a8;border-radius:1%\"><a href=\"javascript:window.print()\" title=\"drucken\" aria-label=\"drucken\" role=\"button\" rel=\"noopener nofollow\" class=\"shariff-link\" style=\";border-radius:1%; background-color:#999; color:#fff\"><span class=\"shariff-icon\" style=\"\"><svg width=\"32px\" height=\"20px\" xmlns=\"http:\/\/www.w3.org\/2000\/svg\" viewBox=\"0 0 30 32\"><path fill=\"#999\" d=\"M6.8 27.4h16v-4.6h-16v4.6zM6.8 16h16v-6.8h-2.8q-0.7 0-1.2-0.5t-0.5-1.2v-2.8h-11.4v11.4zM27.4 17.2q0-0.5-0.3-0.8t-0.8-0.4-0.8 0.4-0.3 0.8 0.3 0.8 0.8 0.3 0.8-0.3 0.3-0.8zM29.7 17.2v7.4q0 0.2-0.2 0.4t-0.4 0.2h-4v2.8q0 0.7-0.5 1.2t-1.2 0.5h-17.2q-0.7 0-1.2-0.5t-0.5-1.2v-2.8h-4q-0.2 0-0.4-0.2t-0.2-0.4v-7.4q0-1.4 1-2.4t2.4-1h1.2v-9.7q0-0.7 0.5-1.2t1.2-0.5h12q0.7 0 1.6 0.4t1.3 0.8l2.7 2.7q0.5 0.5 0.9 1.4t0.4 1.6v4.6h1.1q1.4 0 2.4 1t1 2.4z\"\/><\/svg><\/span><\/a><\/li><li class=\"shariff-button mailto shariff-nocustomcolor\" style=\"background-color:#a8a8a8;border-radius:1%\"><a href=\"mailto:?body=https%3A%2F%2Fwww.sonnenseite.com%2Fde%2Fenergie%2Fphotovoltaik-ausbau-im-suedwesten-plus-30-prozent-im-jahr-2022%2F&subject=Photovoltaik-Ausbau%20im%20S%C3%BCdwesten%3A%20Plus%2030%20Prozent%20im%20Jahr%202022\" title=\"Per E-Mail versenden\" aria-label=\"Per E-Mail versenden\" role=\"button\" rel=\"noopener nofollow\" class=\"shariff-link\" style=\";border-radius:1%; background-color:#999; color:#fff\"><span class=\"shariff-icon\" style=\"\"><svg width=\"32px\" height=\"20px\" xmlns=\"http:\/\/www.w3.org\/2000\/svg\" viewBox=\"0 0 32 32\"><path fill=\"#999\" d=\"M32 12.7v14.2q0 1.2-0.8 2t-2 0.9h-26.3q-1.2 0-2-0.9t-0.8-2v-14.2q0.8 0.9 1.8 1.6 6.5 4.4 8.9 6.1 1 0.8 1.6 1.2t1.7 0.9 2 0.4h0.1q0.9 0 2-0.4t1.7-0.9 1.6-1.2q3-2.2 8.9-6.1 1-0.7 1.8-1.6zM32 7.4q0 1.4-0.9 2.7t-2.2 2.2q-6.7 4.7-8.4 5.8-0.2 0.1-0.7 0.5t-1 0.7-0.9 0.6-1.1 0.5-0.9 0.2h-0.1q-0.4 0-0.9-0.2t-1.1-0.5-0.9-0.6-1-0.7-0.7-0.5q-1.6-1.1-4.7-3.2t-3.6-2.6q-1.1-0.7-2.1-2t-1-2.5q0-1.4 0.7-2.3t2.1-0.9h26.3q1.2 0 2 0.8t0.9 2z\"\/><\/svg><\/span><\/a><\/li><\/ul><\/div>","protected":false},"excerpt":{"rendered":"<p>Region Donau-Iller liegt beim Dachanlagenzubau auf Platz eins, Heilbronn-Franken f\u00fchrt bei neuen Solarparks. Der Ausbau der [&hellip;]<\/p>\n","protected":false},"author":3,"featured_media":85875,"comment_status":"closed","ping_status":"closed","sticky":false,"template":"","format":"standard","meta":{"inline_featured_image":false,"footnotes":""},"categories":[22],"tags":[],"class_list":["post-91738","post","type-post","status-publish","format-standard","has-post-thumbnail","hentry","category-energie"],"yoast_head":"<!-- This site is optimized with the Yoast SEO plugin v26.5 - https:\/\/yoast.com\/wordpress\/plugins\/seo\/ -->\n<title>Photovoltaik-Ausbau im S\u00fcdwesten: Plus 30 Prozent im Jahr 2022 - Sonnenseite - \u00d6kologische Kommunikation mit Franz Alt<\/title>\n<meta name=\"description\" content=\"Region Donau-Iller liegt beim Dachanlagenzubau auf Platz eins, Heilbronn-Franken f\u00fchrt bei neuen Solarparks. Der Ausbau der Photovoltaik im S\u00fcdwesten\" \/>\n<meta name=\"robots\" content=\"index, follow, max-snippet:-1, max-image-preview:large, max-video-preview:-1\" \/>\n<link rel=\"canonical\" href=\"https:\/\/www.sonnenseite.com\/de\/energie\/photovoltaik-ausbau-im-suedwesten-plus-30-prozent-im-jahr-2022\/\" \/>\n<meta property=\"og:locale\" content=\"de_DE\" \/>\n<meta property=\"og:type\" content=\"article\" \/>\n<meta property=\"og:title\" content=\"Photovoltaik-Ausbau im S\u00fcdwesten: Plus 30 Prozent im Jahr 2022 - Sonnenseite - \u00d6kologische Kommunikation mit Franz Alt\" \/>\n<meta property=\"og:description\" content=\"Region Donau-Iller liegt beim Dachanlagenzubau auf Platz eins, Heilbronn-Franken f\u00fchrt bei neuen Solarparks. Der Ausbau der Photovoltaik im S\u00fcdwesten\" \/>\n<meta property=\"og:url\" content=\"https:\/\/www.sonnenseite.com\/de\/energie\/photovoltaik-ausbau-im-suedwesten-plus-30-prozent-im-jahr-2022\/\" \/>\n<meta property=\"og:site_name\" content=\"Sonnenseite\" \/>\n<meta property=\"article:publisher\" content=\"https:\/\/www.facebook.com\/pages\/Franz-Alt-SONNENSEITECOM\/221072987903953?fref=ts\" \/>\n<meta property=\"article:published_time\" content=\"2023-06-05T11:25:57+00:00\" \/>\n<meta property=\"article:modified_time\" content=\"2023-06-05T11:25:58+00:00\" \/>\n<meta property=\"og:image\" content=\"https:\/\/www.sonnenseite.com\/wp-content\/uploads\/2022\/10\/Solar_Schafe_PantherMediaSeller.jpg\" \/>\n\t<meta property=\"og:image:width\" content=\"770\" \/>\n\t<meta property=\"og:image:height\" content=\"420\" \/>\n\t<meta property=\"og:image:type\" content=\"image\/jpeg\" \/>\n<meta name=\"author\" content=\"Bigi Alt\" \/>\n<meta name=\"twitter:card\" content=\"summary_large_image\" \/>\n<meta name=\"twitter:creator\" content=\"@franzalt\" \/>\n<meta name=\"twitter:site\" content=\"@franzalt\" \/>\n<meta name=\"twitter:label1\" content=\"Verfasst von\" \/>\n\t<meta name=\"twitter:data1\" content=\"Bigi Alt\" \/>\n\t<meta name=\"twitter:label2\" content=\"Gesch\u00e4tzte Lesezeit\" \/>\n\t<meta name=\"twitter:data2\" content=\"6\u00a0Minuten\" \/>\n<script type=\"application\/ld+json\" class=\"yoast-schema-graph\">{\"@context\":\"https:\/\/schema.org\",\"@graph\":[{\"@type\":\"Article\",\"@id\":\"https:\/\/www.sonnenseite.com\/de\/energie\/photovoltaik-ausbau-im-suedwesten-plus-30-prozent-im-jahr-2022\/#article\",\"isPartOf\":{\"@id\":\"https:\/\/www.sonnenseite.com\/de\/energie\/photovoltaik-ausbau-im-suedwesten-plus-30-prozent-im-jahr-2022\/\"},\"author\":{\"name\":\"Bigi Alt\",\"@id\":\"https:\/\/www.sonnenseite.com\/de\/#\/schema\/person\/50fda0e926597684c7cc6695238a4eb9\"},\"headline\":\"Photovoltaik-Ausbau im S\u00fcdwesten: Plus 30 Prozent im Jahr 2022\",\"datePublished\":\"2023-06-05T11:25:57+00:00\",\"dateModified\":\"2023-06-05T11:25:58+00:00\",\"mainEntityOfPage\":{\"@id\":\"https:\/\/www.sonnenseite.com\/de\/energie\/photovoltaik-ausbau-im-suedwesten-plus-30-prozent-im-jahr-2022\/\"},\"wordCount\":970,\"publisher\":{\"@id\":\"https:\/\/www.sonnenseite.com\/de\/#organization\"},\"image\":{\"@id\":\"https:\/\/www.sonnenseite.com\/de\/energie\/photovoltaik-ausbau-im-suedwesten-plus-30-prozent-im-jahr-2022\/#primaryimage\"},\"thumbnailUrl\":\"https:\/\/www.sonnenseite.com\/wp-content\/uploads\/2022\/10\/Solar_Schafe_PantherMediaSeller.jpg\",\"articleSection\":[\"Energie\"],\"inLanguage\":\"de\"},{\"@type\":\"WebPage\",\"@id\":\"https:\/\/www.sonnenseite.com\/de\/energie\/photovoltaik-ausbau-im-suedwesten-plus-30-prozent-im-jahr-2022\/\",\"url\":\"https:\/\/www.sonnenseite.com\/de\/energie\/photovoltaik-ausbau-im-suedwesten-plus-30-prozent-im-jahr-2022\/\",\"name\":\"Photovoltaik-Ausbau im S\u00fcdwesten: Plus 30 Prozent im Jahr 2022 - Sonnenseite - \u00d6kologische Kommunikation mit Franz Alt\",\"isPartOf\":{\"@id\":\"https:\/\/www.sonnenseite.com\/de\/#website\"},\"primaryImageOfPage\":{\"@id\":\"https:\/\/www.sonnenseite.com\/de\/energie\/photovoltaik-ausbau-im-suedwesten-plus-30-prozent-im-jahr-2022\/#primaryimage\"},\"image\":{\"@id\":\"https:\/\/www.sonnenseite.com\/de\/energie\/photovoltaik-ausbau-im-suedwesten-plus-30-prozent-im-jahr-2022\/#primaryimage\"},\"thumbnailUrl\":\"https:\/\/www.sonnenseite.com\/wp-content\/uploads\/2022\/10\/Solar_Schafe_PantherMediaSeller.jpg\",\"datePublished\":\"2023-06-05T11:25:57+00:00\",\"dateModified\":\"2023-06-05T11:25:58+00:00\",\"description\":\"Region Donau-Iller liegt beim Dachanlagenzubau auf Platz eins, Heilbronn-Franken f\u00fchrt bei neuen Solarparks. Der Ausbau der Photovoltaik im S\u00fcdwesten\",\"breadcrumb\":{\"@id\":\"https:\/\/www.sonnenseite.com\/de\/energie\/photovoltaik-ausbau-im-suedwesten-plus-30-prozent-im-jahr-2022\/#breadcrumb\"},\"inLanguage\":\"de\",\"potentialAction\":[{\"@type\":\"ReadAction\",\"target\":[\"https:\/\/www.sonnenseite.com\/de\/energie\/photovoltaik-ausbau-im-suedwesten-plus-30-prozent-im-jahr-2022\/\"]}]},{\"@type\":\"ImageObject\",\"inLanguage\":\"de\",\"@id\":\"https:\/\/www.sonnenseite.com\/de\/energie\/photovoltaik-ausbau-im-suedwesten-plus-30-prozent-im-jahr-2022\/#primaryimage\",\"url\":\"https:\/\/www.sonnenseite.com\/wp-content\/uploads\/2022\/10\/Solar_Schafe_PantherMediaSeller.jpg\",\"contentUrl\":\"https:\/\/www.sonnenseite.com\/wp-content\/uploads\/2022\/10\/Solar_Schafe_PantherMediaSeller.jpg\",\"width\":770,\"height\":420,\"caption\":\"Depositphotos.com | PantherMediaSeller\"},{\"@type\":\"BreadcrumbList\",\"@id\":\"https:\/\/www.sonnenseite.com\/de\/energie\/photovoltaik-ausbau-im-suedwesten-plus-30-prozent-im-jahr-2022\/#breadcrumb\",\"itemListElement\":[{\"@type\":\"ListItem\",\"position\":1,\"name\":\"Startseite\",\"item\":\"https:\/\/www.sonnenseite.com\/de\/\"},{\"@type\":\"ListItem\",\"position\":2,\"name\":\"Photovoltaik-Ausbau im S\u00fcdwesten: Plus 30 Prozent im Jahr 2022\"}]},{\"@type\":\"WebSite\",\"@id\":\"https:\/\/www.sonnenseite.com\/de\/#website\",\"url\":\"https:\/\/www.sonnenseite.com\/de\/\",\"name\":\"Sonnenseite\",\"description\":\"\u00d6kologische Kommunikation mit Franz Alt\",\"publisher\":{\"@id\":\"https:\/\/www.sonnenseite.com\/de\/#organization\"},\"potentialAction\":[{\"@type\":\"SearchAction\",\"target\":{\"@type\":\"EntryPoint\",\"urlTemplate\":\"https:\/\/www.sonnenseite.com\/de\/?s={search_term_string}\"},\"query-input\":{\"@type\":\"PropertyValueSpecification\",\"valueRequired\":true,\"valueName\":\"search_term_string\"}}],\"inLanguage\":\"de\"},{\"@type\":\"Organization\",\"@id\":\"https:\/\/www.sonnenseite.com\/de\/#organization\",\"name\":\"Sonnenseite\",\"url\":\"https:\/\/www.sonnenseite.com\/de\/\",\"logo\":{\"@type\":\"ImageObject\",\"inLanguage\":\"de\",\"@id\":\"https:\/\/www.sonnenseite.com\/de\/#\/schema\/logo\/image\/\",\"url\":\"https:\/\/www.sonnenseite.com\/wp-content\/uploads\/2020\/05\/Sonnenseite_Logo.png\",\"contentUrl\":\"https:\/\/www.sonnenseite.com\/wp-content\/uploads\/2020\/05\/Sonnenseite_Logo.png\",\"width\":377,\"height\":90,\"caption\":\"Sonnenseite\"},\"image\":{\"@id\":\"https:\/\/www.sonnenseite.com\/de\/#\/schema\/logo\/image\/\"},\"sameAs\":[\"https:\/\/www.facebook.com\/pages\/Franz-Alt-SONNENSEITECOM\/221072987903953?fref=ts\",\"https:\/\/x.com\/franzalt\",\"http:\/\/www.youtube.com\/results?search_query&amp;amp;quot;franz_alt&amp;amp;quot;&amp;amp;amp;amp;search_type&amp;amp;amp;amp;aq=f\"]},{\"@type\":\"Person\",\"@id\":\"https:\/\/www.sonnenseite.com\/de\/#\/schema\/person\/50fda0e926597684c7cc6695238a4eb9\",\"name\":\"Bigi Alt\"}]}<\/script>\n<!-- \/ Yoast SEO plugin. -->","yoast_head_json":{"title":"Photovoltaik-Ausbau im S\u00fcdwesten: Plus 30 Prozent im Jahr 2022 - Sonnenseite - \u00d6kologische Kommunikation mit Franz Alt","description":"Region Donau-Iller liegt beim Dachanlagenzubau auf Platz eins, Heilbronn-Franken f\u00fchrt bei neuen Solarparks. Der Ausbau der Photovoltaik im S\u00fcdwesten","robots":{"index":"index","follow":"follow","max-snippet":"max-snippet:-1","max-image-preview":"max-image-preview:large","max-video-preview":"max-video-preview:-1"},"canonical":"https:\/\/www.sonnenseite.com\/de\/energie\/photovoltaik-ausbau-im-suedwesten-plus-30-prozent-im-jahr-2022\/","og_locale":"de_DE","og_type":"article","og_title":"Photovoltaik-Ausbau im S\u00fcdwesten: Plus 30 Prozent im Jahr 2022 - Sonnenseite - \u00d6kologische Kommunikation mit Franz Alt","og_description":"Region Donau-Iller liegt beim Dachanlagenzubau auf Platz eins, Heilbronn-Franken f\u00fchrt bei neuen Solarparks. Der Ausbau der Photovoltaik im S\u00fcdwesten","og_url":"https:\/\/www.sonnenseite.com\/de\/energie\/photovoltaik-ausbau-im-suedwesten-plus-30-prozent-im-jahr-2022\/","og_site_name":"Sonnenseite","article_publisher":"https:\/\/www.facebook.com\/pages\/Franz-Alt-SONNENSEITECOM\/221072987903953?fref=ts","article_published_time":"2023-06-05T11:25:57+00:00","article_modified_time":"2023-06-05T11:25:58+00:00","og_image":[{"width":770,"height":420,"url":"https:\/\/www.sonnenseite.com\/wp-content\/uploads\/2022\/10\/Solar_Schafe_PantherMediaSeller.jpg","type":"image\/jpeg"}],"author":"Bigi Alt","twitter_card":"summary_large_image","twitter_creator":"@franzalt","twitter_site":"@franzalt","twitter_misc":{"Verfasst von":"Bigi Alt","Gesch\u00e4tzte Lesezeit":"6\u00a0Minuten"},"schema":{"@context":"https:\/\/schema.org","@graph":[{"@type":"Article","@id":"https:\/\/www.sonnenseite.com\/de\/energie\/photovoltaik-ausbau-im-suedwesten-plus-30-prozent-im-jahr-2022\/#article","isPartOf":{"@id":"https:\/\/www.sonnenseite.com\/de\/energie\/photovoltaik-ausbau-im-suedwesten-plus-30-prozent-im-jahr-2022\/"},"author":{"name":"Bigi Alt","@id":"https:\/\/www.sonnenseite.com\/de\/#\/schema\/person\/50fda0e926597684c7cc6695238a4eb9"},"headline":"Photovoltaik-Ausbau im S\u00fcdwesten: Plus 30 Prozent im Jahr 2022","datePublished":"2023-06-05T11:25:57+00:00","dateModified":"2023-06-05T11:25:58+00:00","mainEntityOfPage":{"@id":"https:\/\/www.sonnenseite.com\/de\/energie\/photovoltaik-ausbau-im-suedwesten-plus-30-prozent-im-jahr-2022\/"},"wordCount":970,"publisher":{"@id":"https:\/\/www.sonnenseite.com\/de\/#organization"},"image":{"@id":"https:\/\/www.sonnenseite.com\/de\/energie\/photovoltaik-ausbau-im-suedwesten-plus-30-prozent-im-jahr-2022\/#primaryimage"},"thumbnailUrl":"https:\/\/www.sonnenseite.com\/wp-content\/uploads\/2022\/10\/Solar_Schafe_PantherMediaSeller.jpg","articleSection":["Energie"],"inLanguage":"de"},{"@type":"WebPage","@id":"https:\/\/www.sonnenseite.com\/de\/energie\/photovoltaik-ausbau-im-suedwesten-plus-30-prozent-im-jahr-2022\/","url":"https:\/\/www.sonnenseite.com\/de\/energie\/photovoltaik-ausbau-im-suedwesten-plus-30-prozent-im-jahr-2022\/","name":"Photovoltaik-Ausbau im S\u00fcdwesten: Plus 30 Prozent im Jahr 2022 - Sonnenseite - \u00d6kologische Kommunikation mit Franz Alt","isPartOf":{"@id":"https:\/\/www.sonnenseite.com\/de\/#website"},"primaryImageOfPage":{"@id":"https:\/\/www.sonnenseite.com\/de\/energie\/photovoltaik-ausbau-im-suedwesten-plus-30-prozent-im-jahr-2022\/#primaryimage"},"image":{"@id":"https:\/\/www.sonnenseite.com\/de\/energie\/photovoltaik-ausbau-im-suedwesten-plus-30-prozent-im-jahr-2022\/#primaryimage"},"thumbnailUrl":"https:\/\/www.sonnenseite.com\/wp-content\/uploads\/2022\/10\/Solar_Schafe_PantherMediaSeller.jpg","datePublished":"2023-06-05T11:25:57+00:00","dateModified":"2023-06-05T11:25:58+00:00","description":"Region Donau-Iller liegt beim Dachanlagenzubau auf Platz eins, Heilbronn-Franken f\u00fchrt bei neuen Solarparks. Der Ausbau der Photovoltaik im S\u00fcdwesten","breadcrumb":{"@id":"https:\/\/www.sonnenseite.com\/de\/energie\/photovoltaik-ausbau-im-suedwesten-plus-30-prozent-im-jahr-2022\/#breadcrumb"},"inLanguage":"de","potentialAction":[{"@type":"ReadAction","target":["https:\/\/www.sonnenseite.com\/de\/energie\/photovoltaik-ausbau-im-suedwesten-plus-30-prozent-im-jahr-2022\/"]}]},{"@type":"ImageObject","inLanguage":"de","@id":"https:\/\/www.sonnenseite.com\/de\/energie\/photovoltaik-ausbau-im-suedwesten-plus-30-prozent-im-jahr-2022\/#primaryimage","url":"https:\/\/www.sonnenseite.com\/wp-content\/uploads\/2022\/10\/Solar_Schafe_PantherMediaSeller.jpg","contentUrl":"https:\/\/www.sonnenseite.com\/wp-content\/uploads\/2022\/10\/Solar_Schafe_PantherMediaSeller.jpg","width":770,"height":420,"caption":"Depositphotos.com | PantherMediaSeller"},{"@type":"BreadcrumbList","@id":"https:\/\/www.sonnenseite.com\/de\/energie\/photovoltaik-ausbau-im-suedwesten-plus-30-prozent-im-jahr-2022\/#breadcrumb","itemListElement":[{"@type":"ListItem","position":1,"name":"Startseite","item":"https:\/\/www.sonnenseite.com\/de\/"},{"@type":"ListItem","position":2,"name":"Photovoltaik-Ausbau im S\u00fcdwesten: Plus 30 Prozent im Jahr 2022"}]},{"@type":"WebSite","@id":"https:\/\/www.sonnenseite.com\/de\/#website","url":"https:\/\/www.sonnenseite.com\/de\/","name":"Sonnenseite","description":"\u00d6kologische Kommunikation mit Franz Alt","publisher":{"@id":"https:\/\/www.sonnenseite.com\/de\/#organization"},"potentialAction":[{"@type":"SearchAction","target":{"@type":"EntryPoint","urlTemplate":"https:\/\/www.sonnenseite.com\/de\/?s={search_term_string}"},"query-input":{"@type":"PropertyValueSpecification","valueRequired":true,"valueName":"search_term_string"}}],"inLanguage":"de"},{"@type":"Organization","@id":"https:\/\/www.sonnenseite.com\/de\/#organization","name":"Sonnenseite","url":"https:\/\/www.sonnenseite.com\/de\/","logo":{"@type":"ImageObject","inLanguage":"de","@id":"https:\/\/www.sonnenseite.com\/de\/#\/schema\/logo\/image\/","url":"https:\/\/www.sonnenseite.com\/wp-content\/uploads\/2020\/05\/Sonnenseite_Logo.png","contentUrl":"https:\/\/www.sonnenseite.com\/wp-content\/uploads\/2020\/05\/Sonnenseite_Logo.png","width":377,"height":90,"caption":"Sonnenseite"},"image":{"@id":"https:\/\/www.sonnenseite.com\/de\/#\/schema\/logo\/image\/"},"sameAs":["https:\/\/www.facebook.com\/pages\/Franz-Alt-SONNENSEITECOM\/221072987903953?fref=ts","https:\/\/x.com\/franzalt","http:\/\/www.youtube.com\/results?search_query&amp;amp;quot;franz_alt&amp;amp;quot;&amp;amp;amp;amp;search_type&amp;amp;amp;amp;aq=f"]},{"@type":"Person","@id":"https:\/\/www.sonnenseite.com\/de\/#\/schema\/person\/50fda0e926597684c7cc6695238a4eb9","name":"Bigi Alt"}]}},"_links":{"self":[{"href":"https:\/\/www.sonnenseite.com\/de\/wp-json\/wp\/v2\/posts\/91738","targetHints":{"allow":["GET"]}}],"collection":[{"href":"https:\/\/www.sonnenseite.com\/de\/wp-json\/wp\/v2\/posts"}],"about":[{"href":"https:\/\/www.sonnenseite.com\/de\/wp-json\/wp\/v2\/types\/post"}],"author":[{"embeddable":true,"href":"https:\/\/www.sonnenseite.com\/de\/wp-json\/wp\/v2\/users\/3"}],"replies":[{"embeddable":true,"href":"https:\/\/www.sonnenseite.com\/de\/wp-json\/wp\/v2\/comments?post=91738"}],"version-history":[{"count":2,"href":"https:\/\/www.sonnenseite.com\/de\/wp-json\/wp\/v2\/posts\/91738\/revisions"}],"predecessor-version":[{"id":91744,"href":"https:\/\/www.sonnenseite.com\/de\/wp-json\/wp\/v2\/posts\/91738\/revisions\/91744"}],"wp:featuredmedia":[{"embeddable":true,"href":"https:\/\/www.sonnenseite.com\/de\/wp-json\/wp\/v2\/media\/85875"}],"wp:attachment":[{"href":"https:\/\/www.sonnenseite.com\/de\/wp-json\/wp\/v2\/media?parent=91738"}],"wp:term":[{"taxonomy":"category","embeddable":true,"href":"https:\/\/www.sonnenseite.com\/de\/wp-json\/wp\/v2\/categories?post=91738"},{"taxonomy":"post_tag","embeddable":true,"href":"https:\/\/www.sonnenseite.com\/de\/wp-json\/wp\/v2\/tags?post=91738"}],"curies":[{"name":"wp","href":"https:\/\/api.w.org\/{rel}","templated":true}]}}