{"id":91773,"date":"2023-06-07T02:10:00","date_gmt":"2023-06-07T00:10:00","guid":{"rendered":"https:\/\/www.sonnenseite.com\/?p=91773"},"modified":"2023-06-06T17:01:38","modified_gmt":"2023-06-06T15:01:38","slug":"stromnetz-der-zukunft","status":"publish","type":"post","link":"https:\/\/www.sonnenseite.com\/de\/wirtschaft\/stromnetz-der-zukunft\/","title":{"rendered":"Stromnetz der Zukunft"},"content":{"rendered":"\n<p>EM-Power Europe 2023 pr\u00e4sentiert breites Rahmenprogramm rund um Smart Grids und Prosumer.<\/p>\n\n\n\n<p> Erneuerbare Energien l\u00f6sen Kohle- und Atomkraftwerke nach und nach ab, Verbraucher werden zunehmend zu Prosumern und die Elektromobilit\u00e4t h\u00e4lt weiter Einzug, kurzum: Das komplette Energieversorgungssystem befindet sich im Wandel. Doch was bedeutet das f\u00fcr das Stromnetz der Zukunft? Um dieser Frage nachzugehen, pr\u00e4sentiert die EM-Power Europe 2023 ein umfassendes Rahmenprogramm aus Konferenz, Forum sowie Side-Events und stellt dabei alles Wissenswerte rund um Smart Grids und Prosumer in den Fokus. Ob Netzbetreiber, Energieversorger, Projektentwickler oder Entscheider aus Industrie, Gewerbe und Immobilienwirtschaft \u2013 die internationale Fachmesse f\u00fcr Energiemanagement und vernetzte Energiel\u00f6sungen bietet die ideale Gelegenheit, die aktuellen Trends, Technologien und Gesch\u00e4ftsmodelle zu beleuchten und sich gleichzeitig mit Vision\u00e4ren und Entscheidern der Branche zu vernetzen. Die EM-Power Europe ist Teil von The smarter E Europe und findet parallel zur Intersolar Europe, ees Europe und Power2Drive Europe vom 14. bis 16. Juni auf der Messe M\u00fcnchen statt. Insgesamt werden \u00fcber 2.200 Aussteller und mehr als 85.000 Besucher aus 160 L\u00e4ndern erwartet.<\/p>\n\n\n\n<p>Digital, flexibel, intelligent und integrativ \u2013 so sieht das Stromnetz der Zukunft aus, um eine zuverl\u00e4ssige Energieversorgung mit erneuerbaren Energien rund um die Uhr sicherzustellen. Hierf\u00fcr bedarf es innovativer Technologien und L\u00f6sungen. Wie relevant diese in aktuellen Zeiten sind, zeigt sich in der Entwicklung der EM-Power Europe. Im Vergleich zum Vorjahr pr\u00e4sentieren 40 Prozent mehr Aussteller zukunftsgerichtete Produkte und L\u00f6sungen f\u00fcr die neue Energiewelt. Mit einem umfassenden Rahmenprogramm richtet sich die internationale Fachmesse f\u00fcr Energiemanagement und vernetzte Energiel\u00f6sungen an alle Akteure der Branche.<\/p>\n\n\n\n<h4 class=\"wp-block-heading\">EM-Power Europe Conference: das Netz der Zukunft mit Digitalisierung und Flexibilit\u00e4t fit machen<\/h4>\n\n\n\n<p>Von der intelligenten Vernetzung dezentraler Energieanlagen \u00fcber das Netzmanagement bis hin zu mehr Flexibilit\u00e4t im Energiesystem der Zukunft: Am 13. und 14. Juni nimmt die EM-Power Europe Conference die wichtigsten Entwicklungen und Trends in den Blick und bietet dabei eine globale Networking-Plattform f\u00fcr Entscheider der Branche. So organisiert beispielweise die Internationale Organisation f\u00fcr Erneuerbare Energien (IRENA) eine Session zu Innovationen und neuen Marktkonzepten f\u00fcr die Integration erneuerbarer Energien. Im Rahmen dieser diskutieren Experten, wie digitale L\u00f6sungen zu mehr Flexibilit\u00e4t f\u00fchren k\u00f6nnen und wie der gesetzliche Rahmen f\u00fcr eine fl\u00e4chendeckende Anwendung gestaltet werden m\u00fcsste. Dar\u00fcber hinaus stellen f\u00fchrende Unternehmen Technologien und Strategien vor, mit denen die Digitalisierung des Stromnetzes nachhaltig vorangetrieben wird. Denn das ist Bedingung daf\u00fcr, die Net-Zero-Ziele zu erreichen. Auch die Dezentralisierung mit verst\u00e4rktem Einsatz von Distributed Energy Resources (DERs) geh\u00f6rt zu den Fokus-Themen der diesj\u00e4hrigen Konferenz. Gemeint ist damit beispielsweise die Einbindung von Solaranlagen, Batteriespeichern oder E-Fahrzeugen in das Stromnetz. Hierzu stellen Experten ihre Best Practices vor.<\/p>\n\n\n\n<h4 class=\"wp-block-heading\">EM-Power Forum: Innovationen, Gesch\u00e4ftsmodelle und Projekte im Fokus<\/h4>\n\n\n\n<p>Die L\u00f6sungen f\u00fcr die neue Energiewelt sind vielf\u00e4ltig \u2013 entsprechend erwartet Besucher eine gro\u00dfe Themenviefalt auf dem EM-Power Forum (Halle B5, Stand B5.630). Es bietet zahlreiche Impulsvortr\u00e4ge und Best Practices rund um aktuelle Themen und Trends. Aufstrebende Start-ups l\u00e4uten alle drei Messetage mit ihren neuen Gesch\u00e4ftsmodellen und Innovationen ein. Dar\u00fcber hinaus geben die EM-Power AWARD Finalisten Einblicke in ihre aktuellen Projekte und L\u00f6sungen. Verschiedene Vortr\u00e4ge beleuchten zus\u00e4tzlich, wie sich das Flexibilit\u00e4tspotenzial im Stromnetz schnell, effektiv und effizient erschlie\u00dfen l\u00e4sst \u2013 darunter auch die des Bundesverbandes Neue Energiewirtschaft (bne). Passend dazu besch\u00e4ftigt sich der europ\u00e4ische Branchenverband smartEn in seiner Session mit neuen L\u00f6sungen f\u00fcr eine optimierte dezentrale Energieversorgung. Denn sie ist der Schl\u00fcssel f\u00fcr ein effizientes und klimafreundliches Energiesystem, an dem auch Verbraucher partizipieren k\u00f6nnen. In diesem Zuge gewinnen auch Energie-Gemeinschaften auf lokaler Ebene an Bedeutung. Von regionalen Stromhandelsplattformen \u00fcber Micro-PPAs bis hin zum Peer-to-Peer Energiehandel \u2013 auf dem EM-Power Forum stellen Experten neue Gesch\u00e4ftsmodelle f\u00fcr das \u201eEnergy Sharing\u201c vor. Ein weiteres Programm-Highlight ist die Session der beiden EU-Energiewendeinitiativen ETIP Smart Networks for Energy Transition (SNET) und BRIDGE. Gemeinsam pr\u00e4sentieren sie zehn H2020- und Horizon-Europe-Projekte, die im Rahmen einer der gr\u00f6\u00dften F\u00f6rderprogramme f\u00fcr Forschung und Innovation weltweit umgesetzt worden sind.<\/p>\n\n\n\n<h4 class=\"wp-block-heading\">Umfangreiches Programm f\u00fcr Versorgungsunternehmen<\/h4>\n\n\n\n<p>Die EM-Power Europe bietet insbesondere Versorgungsunternehmen ein breites Angebot. So werden beispielsweise bereits zum siebten Mal in Folge die innovativsten Stadtwerke in der DACH-Region mit dem renommierten Energiewende Award pr\u00e4miert. Die Preisverleihung findet am 15. Juni ab 16.00 Uhr auf dem EM-Power Forum statt. Initiatoren sind das DCTI Deutsches CleanTech Institut, The smarter E Europe und EUPD Research.<\/p>\n\n\n\n<p>Ob \u00dcbertragungs- und Verteilnetzbetreiber, Energieversorger oder Aggregatoren erneuerbarer Energien \u2013 auf dem Utility Knowledge Exchange erhalten sie ihre eigene exklusive Plattform abseits des Messetrubels. \u201eDas zentrale Ziel des Utility Knowledge Exchanges ist es, sich zu vernetzen, Erfahrungen zu teilen und voneinander zu lernen\u201c, so Barbara Pilz, Projektleiterin der EM-Power Europe. \u201eDie Plattform bietet die M\u00f6glichkeit, sich in insgesamt f\u00fcnf Sessions auf h\u00f6chster Expertenebene offen und ehrlich \u00fcber die Herausforderungen der Energiewende auszutauschen und gemeinsam nach L\u00f6sungen zu suchen.\u201c Um gen\u00fcgend Raum f\u00fcr fundierten Austausch zu bieten, ist der Zugang limitiert und erfordert eine vorherige Anmeldung.<\/p>\n\n\n\n<ul class=\"wp-block-list\">\n<li>Die EM-Power Europe sowie die Parallelveranstaltungen Intersolar Europe, ees Europe und Power2Drive Europe finden vom 14.\u201316. Juni 2023 im Rahmen Europas gr\u00f6\u00dfter energiewirtschaftlicher Plattform The smarter E Europe auf der Messe M\u00fcnchen statt.<\/li>\n\n\n\n<li>Weitere Informationen zum <a href=\"https:\/\/www.em-power.eu\/rahmenprogramm\">Rahmenprogramm der EM-Power Europe<\/a><\/li>\n<\/ul>\n\n\n<h5 class=\"green\">Quelle<\/h5>\r\n\n\n\n<p><a href=\"https:\/\/www.solarpromotion.com\">Solar Promotion GmbH 2023<\/a><\/p>\n<div class=\"shariff shariff-align-flex-start shariff-widget-align-flex-start\"><div class=\"ShariffHeadline\">Diese Meldung teilen<\/div><ul class=\"shariff-buttons theme-round orientation-horizontal buttonsize-medium\"><li class=\"shariff-button facebook shariff-nocustomcolor\" style=\"background-color:#4273c8;border-radius:1%\"><a href=\"https:\/\/www.facebook.com\/sharer\/sharer.php?u=https%3A%2F%2Fwww.sonnenseite.com%2Fde%2Fwirtschaft%2Fstromnetz-der-zukunft%2F\" title=\"Bei Facebook teilen\" aria-label=\"Bei Facebook teilen\" role=\"button\" rel=\"nofollow\" class=\"shariff-link\" style=\";border-radius:1%; background-color:#3b5998; color:#fff\" target=\"_blank\"><span class=\"shariff-icon\" style=\"\"><svg width=\"32px\" height=\"20px\" xmlns=\"http:\/\/www.w3.org\/2000\/svg\" viewBox=\"0 0 18 32\"><path fill=\"#3b5998\" d=\"M17.1 0.2v4.7h-2.8q-1.5 0-2.1 0.6t-0.5 1.9v3.4h5.2l-0.7 5.3h-4.5v13.6h-5.5v-13.6h-4.5v-5.3h4.5v-3.9q0-3.3 1.9-5.2t5-1.8q2.6 0 4.1 0.2z\"\/><\/svg><\/span><\/a><\/li><li class=\"shariff-button twitter shariff-nocustomcolor\" style=\"background-color:#595959;border-radius:1%\"><a href=\"https:\/\/twitter.com\/share?url=https%3A%2F%2Fwww.sonnenseite.com%2Fde%2Fwirtschaft%2Fstromnetz-der-zukunft%2F&text=Stromnetz%20der%20Zukunft\" title=\"Bei X teilen\" aria-label=\"Bei X teilen\" role=\"button\" rel=\"noopener nofollow\" class=\"shariff-link\" style=\";border-radius:1%; background-color:#000; color:#fff\" target=\"_blank\"><span class=\"shariff-icon\" style=\"\"><svg width=\"32px\" height=\"20px\" xmlns=\"http:\/\/www.w3.org\/2000\/svg\" viewBox=\"0 0 24 24\"><path fill=\"#000\" d=\"M14.258 10.152L23.176 0h-2.113l-7.747 8.813L7.133 0H0l9.352 13.328L0 23.973h2.113l8.176-9.309 6.531 9.309h7.133zm-2.895 3.293l-.949-1.328L2.875 1.56h3.246l6.086 8.523.945 1.328 7.91 11.078h-3.246zm0 0\"\/><\/svg><\/span><\/a><\/li><li class=\"shariff-button xing shariff-nocustomcolor\" style=\"background-color:#29888a;border-radius:1%\"><a href=\"https:\/\/www.xing.com\/spi\/shares\/new?url=https%3A%2F%2Fwww.sonnenseite.com%2Fde%2Fwirtschaft%2Fstromnetz-der-zukunft%2F\" title=\"Bei XING teilen\" aria-label=\"Bei XING teilen\" role=\"button\" rel=\"noopener nofollow\" class=\"shariff-link\" style=\";border-radius:1%; background-color:#126567; color:#fff\" target=\"_blank\"><span class=\"shariff-icon\" style=\"\"><svg width=\"32px\" height=\"20px\" xmlns=\"http:\/\/www.w3.org\/2000\/svg\" viewBox=\"0 0 25 32\"><path fill=\"#126567\" d=\"M10.7 11.9q-0.2 0.3-4.6 8.2-0.5 0.8-1.2 0.8h-4.3q-0.4 0-0.5-0.3t0-0.6l4.5-8q0 0 0 0l-2.9-5q-0.2-0.4 0-0.7 0.2-0.3 0.5-0.3h4.3q0.7 0 1.2 0.8zM25.1 0.4q0.2 0.3 0 0.7l-9.4 16.7 6 11q0.2 0.4 0 0.6-0.2 0.3-0.6 0.3h-4.3q-0.7 0-1.2-0.8l-6-11.1q0.3-0.6 9.5-16.8 0.4-0.8 1.2-0.8h4.3q0.4 0 0.5 0.3z\"\/><\/svg><\/span><\/a><\/li><li class=\"shariff-button linkedin shariff-nocustomcolor\" style=\"background-color:#1488bf;border-radius:1%\"><a href=\"https:\/\/www.linkedin.com\/sharing\/share-offsite\/?url=https%3A%2F%2Fwww.sonnenseite.com%2Fde%2Fwirtschaft%2Fstromnetz-der-zukunft%2F\" title=\"Bei LinkedIn teilen\" aria-label=\"Bei LinkedIn teilen\" role=\"button\" rel=\"noopener nofollow\" class=\"shariff-link\" style=\";border-radius:1%; background-color:#0077b5; color:#fff\" target=\"_blank\"><span class=\"shariff-icon\" style=\"\"><svg width=\"32px\" height=\"20px\" xmlns=\"http:\/\/www.w3.org\/2000\/svg\" viewBox=\"0 0 27 32\"><path fill=\"#0077b5\" d=\"M6.2 11.2v17.7h-5.9v-17.7h5.9zM6.6 5.7q0 1.3-0.9 2.2t-2.4 0.9h0q-1.5 0-2.4-0.9t-0.9-2.2 0.9-2.2 2.4-0.9 2.4 0.9 0.9 2.2zM27.4 18.7v10.1h-5.9v-9.5q0-1.9-0.7-2.9t-2.3-1.1q-1.1 0-1.9 0.6t-1.2 1.5q-0.2 0.5-0.2 1.4v9.9h-5.9q0-7.1 0-11.6t0-5.3l0-0.9h5.9v2.6h0q0.4-0.6 0.7-1t1-0.9 1.6-0.8 2-0.3q3 0 4.9 2t1.9 6z\"\/><\/svg><\/span><\/a><\/li><li class=\"shariff-button printer shariff-nocustomcolor\" style=\"background-color:#a8a8a8;border-radius:1%\"><a href=\"javascript:window.print()\" title=\"drucken\" aria-label=\"drucken\" role=\"button\" rel=\"noopener nofollow\" class=\"shariff-link\" style=\";border-radius:1%; background-color:#999; color:#fff\"><span class=\"shariff-icon\" style=\"\"><svg width=\"32px\" height=\"20px\" xmlns=\"http:\/\/www.w3.org\/2000\/svg\" viewBox=\"0 0 30 32\"><path fill=\"#999\" d=\"M6.8 27.4h16v-4.6h-16v4.6zM6.8 16h16v-6.8h-2.8q-0.7 0-1.2-0.5t-0.5-1.2v-2.8h-11.4v11.4zM27.4 17.2q0-0.5-0.3-0.8t-0.8-0.4-0.8 0.4-0.3 0.8 0.3 0.8 0.8 0.3 0.8-0.3 0.3-0.8zM29.7 17.2v7.4q0 0.2-0.2 0.4t-0.4 0.2h-4v2.8q0 0.7-0.5 1.2t-1.2 0.5h-17.2q-0.7 0-1.2-0.5t-0.5-1.2v-2.8h-4q-0.2 0-0.4-0.2t-0.2-0.4v-7.4q0-1.4 1-2.4t2.4-1h1.2v-9.7q0-0.7 0.5-1.2t1.2-0.5h12q0.7 0 1.6 0.4t1.3 0.8l2.7 2.7q0.5 0.5 0.9 1.4t0.4 1.6v4.6h1.1q1.4 0 2.4 1t1 2.4z\"\/><\/svg><\/span><\/a><\/li><li class=\"shariff-button mailto shariff-nocustomcolor\" style=\"background-color:#a8a8a8;border-radius:1%\"><a href=\"mailto:?body=https%3A%2F%2Fwww.sonnenseite.com%2Fde%2Fwirtschaft%2Fstromnetz-der-zukunft%2F&subject=Stromnetz%20der%20Zukunft\" title=\"Per E-Mail versenden\" aria-label=\"Per E-Mail versenden\" role=\"button\" rel=\"noopener nofollow\" class=\"shariff-link\" style=\";border-radius:1%; background-color:#999; color:#fff\"><span class=\"shariff-icon\" style=\"\"><svg width=\"32px\" height=\"20px\" xmlns=\"http:\/\/www.w3.org\/2000\/svg\" viewBox=\"0 0 32 32\"><path fill=\"#999\" d=\"M32 12.7v14.2q0 1.2-0.8 2t-2 0.9h-26.3q-1.2 0-2-0.9t-0.8-2v-14.2q0.8 0.9 1.8 1.6 6.5 4.4 8.9 6.1 1 0.8 1.6 1.2t1.7 0.9 2 0.4h0.1q0.9 0 2-0.4t1.7-0.9 1.6-1.2q3-2.2 8.9-6.1 1-0.7 1.8-1.6zM32 7.4q0 1.4-0.9 2.7t-2.2 2.2q-6.7 4.7-8.4 5.8-0.2 0.1-0.7 0.5t-1 0.7-0.9 0.6-1.1 0.5-0.9 0.2h-0.1q-0.4 0-0.9-0.2t-1.1-0.5-0.9-0.6-1-0.7-0.7-0.5q-1.6-1.1-4.7-3.2t-3.6-2.6q-1.1-0.7-2.1-2t-1-2.5q0-1.4 0.7-2.3t2.1-0.9h26.3q1.2 0 2 0.8t0.9 2z\"\/><\/svg><\/span><\/a><\/li><\/ul><\/div>","protected":false},"excerpt":{"rendered":"<p>EM-Power Europe 2023 pr\u00e4sentiert breites Rahmenprogramm rund um Smart Grids und Prosumer. Erneuerbare Energien l\u00f6sen Kohle- [&hellip;]<\/p>\n","protected":false},"author":3,"featured_media":91774,"comment_status":"closed","ping_status":"closed","sticky":false,"template":"","format":"standard","meta":{"inline_featured_image":false,"footnotes":""},"categories":[24],"tags":[],"class_list":["post-91773","post","type-post","status-publish","format-standard","has-post-thumbnail","hentry","category-wirtschaft"],"yoast_head":"<!-- This site is optimized with the Yoast SEO plugin v26.5 - https:\/\/yoast.com\/wordpress\/plugins\/seo\/ -->\n<title>Stromnetz der Zukunft - Sonnenseite - \u00d6kologische Kommunikation mit Franz Alt<\/title>\n<meta name=\"description\" content=\"EM-Power Europe 2023 pr\u00e4sentiert breites Rahmenprogramm rund um Smart Grids und Prosumer. Erneuerbare Energien l\u00f6sen Kohle- und Atomkraftwerke nach und\" \/>\n<meta name=\"robots\" content=\"index, follow, max-snippet:-1, max-image-preview:large, max-video-preview:-1\" \/>\n<link rel=\"canonical\" href=\"https:\/\/www.sonnenseite.com\/de\/wirtschaft\/stromnetz-der-zukunft\/\" \/>\n<meta property=\"og:locale\" content=\"de_DE\" \/>\n<meta property=\"og:type\" content=\"article\" \/>\n<meta property=\"og:title\" content=\"Stromnetz der Zukunft - Sonnenseite - \u00d6kologische Kommunikation mit Franz Alt\" \/>\n<meta property=\"og:description\" content=\"EM-Power Europe 2023 pr\u00e4sentiert breites Rahmenprogramm rund um Smart Grids und Prosumer. Erneuerbare Energien l\u00f6sen Kohle- und Atomkraftwerke nach und\" \/>\n<meta property=\"og:url\" content=\"https:\/\/www.sonnenseite.com\/de\/wirtschaft\/stromnetz-der-zukunft\/\" \/>\n<meta property=\"og:site_name\" content=\"Sonnenseite\" \/>\n<meta property=\"article:publisher\" content=\"https:\/\/www.facebook.com\/pages\/Franz-Alt-SONNENSEITECOM\/221072987903953?fref=ts\" \/>\n<meta property=\"article:published_time\" content=\"2023-06-07T00:10:00+00:00\" \/>\n<meta property=\"og:image\" content=\"https:\/\/www.sonnenseite.com\/wp-content\/uploads\/2023\/06\/Solarpromotion_EM-Power-Forum.jpg\" \/>\n\t<meta property=\"og:image:width\" content=\"770\" \/>\n\t<meta property=\"og:image:height\" content=\"420\" \/>\n\t<meta property=\"og:image:type\" content=\"image\/jpeg\" \/>\n<meta name=\"author\" content=\"Bigi Alt\" \/>\n<meta name=\"twitter:card\" content=\"summary_large_image\" \/>\n<meta name=\"twitter:creator\" content=\"@franzalt\" \/>\n<meta name=\"twitter:site\" content=\"@franzalt\" \/>\n<meta name=\"twitter:label1\" content=\"Verfasst von\" \/>\n\t<meta name=\"twitter:data1\" content=\"Bigi Alt\" \/>\n\t<meta name=\"twitter:label2\" content=\"Gesch\u00e4tzte Lesezeit\" \/>\n\t<meta name=\"twitter:data2\" content=\"5\u00a0Minuten\" \/>\n<script type=\"application\/ld+json\" class=\"yoast-schema-graph\">{\"@context\":\"https:\/\/schema.org\",\"@graph\":[{\"@type\":\"Article\",\"@id\":\"https:\/\/www.sonnenseite.com\/de\/wirtschaft\/stromnetz-der-zukunft\/#article\",\"isPartOf\":{\"@id\":\"https:\/\/www.sonnenseite.com\/de\/wirtschaft\/stromnetz-der-zukunft\/\"},\"author\":{\"name\":\"Bigi Alt\",\"@id\":\"https:\/\/www.sonnenseite.com\/de\/#\/schema\/person\/50fda0e926597684c7cc6695238a4eb9\"},\"headline\":\"Stromnetz der Zukunft\",\"datePublished\":\"2023-06-07T00:10:00+00:00\",\"mainEntityOfPage\":{\"@id\":\"https:\/\/www.sonnenseite.com\/de\/wirtschaft\/stromnetz-der-zukunft\/\"},\"wordCount\":893,\"publisher\":{\"@id\":\"https:\/\/www.sonnenseite.com\/de\/#organization\"},\"image\":{\"@id\":\"https:\/\/www.sonnenseite.com\/de\/wirtschaft\/stromnetz-der-zukunft\/#primaryimage\"},\"thumbnailUrl\":\"https:\/\/www.sonnenseite.com\/wp-content\/uploads\/2023\/06\/Solarpromotion_EM-Power-Forum.jpg\",\"articleSection\":[\"Wirtschaft\"],\"inLanguage\":\"de\"},{\"@type\":\"WebPage\",\"@id\":\"https:\/\/www.sonnenseite.com\/de\/wirtschaft\/stromnetz-der-zukunft\/\",\"url\":\"https:\/\/www.sonnenseite.com\/de\/wirtschaft\/stromnetz-der-zukunft\/\",\"name\":\"Stromnetz der Zukunft - Sonnenseite - \u00d6kologische Kommunikation mit Franz Alt\",\"isPartOf\":{\"@id\":\"https:\/\/www.sonnenseite.com\/de\/#website\"},\"primaryImageOfPage\":{\"@id\":\"https:\/\/www.sonnenseite.com\/de\/wirtschaft\/stromnetz-der-zukunft\/#primaryimage\"},\"image\":{\"@id\":\"https:\/\/www.sonnenseite.com\/de\/wirtschaft\/stromnetz-der-zukunft\/#primaryimage\"},\"thumbnailUrl\":\"https:\/\/www.sonnenseite.com\/wp-content\/uploads\/2023\/06\/Solarpromotion_EM-Power-Forum.jpg\",\"datePublished\":\"2023-06-07T00:10:00+00:00\",\"description\":\"EM-Power Europe 2023 pr\u00e4sentiert breites Rahmenprogramm rund um Smart Grids und Prosumer. Erneuerbare Energien l\u00f6sen Kohle- und Atomkraftwerke nach und\",\"breadcrumb\":{\"@id\":\"https:\/\/www.sonnenseite.com\/de\/wirtschaft\/stromnetz-der-zukunft\/#breadcrumb\"},\"inLanguage\":\"de\",\"potentialAction\":[{\"@type\":\"ReadAction\",\"target\":[\"https:\/\/www.sonnenseite.com\/de\/wirtschaft\/stromnetz-der-zukunft\/\"]}]},{\"@type\":\"ImageObject\",\"inLanguage\":\"de\",\"@id\":\"https:\/\/www.sonnenseite.com\/de\/wirtschaft\/stromnetz-der-zukunft\/#primaryimage\",\"url\":\"https:\/\/www.sonnenseite.com\/wp-content\/uploads\/2023\/06\/Solarpromotion_EM-Power-Forum.jpg\",\"contentUrl\":\"https:\/\/www.sonnenseite.com\/wp-content\/uploads\/2023\/06\/Solarpromotion_EM-Power-Forum.jpg\",\"width\":770,\"height\":420,\"caption\":\"Solar Promotion GmbH\"},{\"@type\":\"BreadcrumbList\",\"@id\":\"https:\/\/www.sonnenseite.com\/de\/wirtschaft\/stromnetz-der-zukunft\/#breadcrumb\",\"itemListElement\":[{\"@type\":\"ListItem\",\"position\":1,\"name\":\"Startseite\",\"item\":\"https:\/\/www.sonnenseite.com\/de\/\"},{\"@type\":\"ListItem\",\"position\":2,\"name\":\"Stromnetz der Zukunft\"}]},{\"@type\":\"WebSite\",\"@id\":\"https:\/\/www.sonnenseite.com\/de\/#website\",\"url\":\"https:\/\/www.sonnenseite.com\/de\/\",\"name\":\"Sonnenseite\",\"description\":\"\u00d6kologische Kommunikation mit Franz Alt\",\"publisher\":{\"@id\":\"https:\/\/www.sonnenseite.com\/de\/#organization\"},\"potentialAction\":[{\"@type\":\"SearchAction\",\"target\":{\"@type\":\"EntryPoint\",\"urlTemplate\":\"https:\/\/www.sonnenseite.com\/de\/?s={search_term_string}\"},\"query-input\":{\"@type\":\"PropertyValueSpecification\",\"valueRequired\":true,\"valueName\":\"search_term_string\"}}],\"inLanguage\":\"de\"},{\"@type\":\"Organization\",\"@id\":\"https:\/\/www.sonnenseite.com\/de\/#organization\",\"name\":\"Sonnenseite\",\"url\":\"https:\/\/www.sonnenseite.com\/de\/\",\"logo\":{\"@type\":\"ImageObject\",\"inLanguage\":\"de\",\"@id\":\"https:\/\/www.sonnenseite.com\/de\/#\/schema\/logo\/image\/\",\"url\":\"https:\/\/www.sonnenseite.com\/wp-content\/uploads\/2020\/05\/Sonnenseite_Logo.png\",\"contentUrl\":\"https:\/\/www.sonnenseite.com\/wp-content\/uploads\/2020\/05\/Sonnenseite_Logo.png\",\"width\":377,\"height\":90,\"caption\":\"Sonnenseite\"},\"image\":{\"@id\":\"https:\/\/www.sonnenseite.com\/de\/#\/schema\/logo\/image\/\"},\"sameAs\":[\"https:\/\/www.facebook.com\/pages\/Franz-Alt-SONNENSEITECOM\/221072987903953?fref=ts\",\"https:\/\/x.com\/franzalt\",\"http:\/\/www.youtube.com\/results?search_query&amp;amp;quot;franz_alt&amp;amp;quot;&amp;amp;amp;amp;search_type&amp;amp;amp;amp;aq=f\"]},{\"@type\":\"Person\",\"@id\":\"https:\/\/www.sonnenseite.com\/de\/#\/schema\/person\/50fda0e926597684c7cc6695238a4eb9\",\"name\":\"Bigi Alt\"}]}<\/script>\n<!-- \/ Yoast SEO plugin. -->","yoast_head_json":{"title":"Stromnetz der Zukunft - Sonnenseite - \u00d6kologische Kommunikation mit Franz Alt","description":"EM-Power Europe 2023 pr\u00e4sentiert breites Rahmenprogramm rund um Smart Grids und Prosumer. Erneuerbare Energien l\u00f6sen Kohle- und Atomkraftwerke nach und","robots":{"index":"index","follow":"follow","max-snippet":"max-snippet:-1","max-image-preview":"max-image-preview:large","max-video-preview":"max-video-preview:-1"},"canonical":"https:\/\/www.sonnenseite.com\/de\/wirtschaft\/stromnetz-der-zukunft\/","og_locale":"de_DE","og_type":"article","og_title":"Stromnetz der Zukunft - Sonnenseite - \u00d6kologische Kommunikation mit Franz Alt","og_description":"EM-Power Europe 2023 pr\u00e4sentiert breites Rahmenprogramm rund um Smart Grids und Prosumer. Erneuerbare Energien l\u00f6sen Kohle- und Atomkraftwerke nach und","og_url":"https:\/\/www.sonnenseite.com\/de\/wirtschaft\/stromnetz-der-zukunft\/","og_site_name":"Sonnenseite","article_publisher":"https:\/\/www.facebook.com\/pages\/Franz-Alt-SONNENSEITECOM\/221072987903953?fref=ts","article_published_time":"2023-06-07T00:10:00+00:00","og_image":[{"width":770,"height":420,"url":"https:\/\/www.sonnenseite.com\/wp-content\/uploads\/2023\/06\/Solarpromotion_EM-Power-Forum.jpg","type":"image\/jpeg"}],"author":"Bigi Alt","twitter_card":"summary_large_image","twitter_creator":"@franzalt","twitter_site":"@franzalt","twitter_misc":{"Verfasst von":"Bigi Alt","Gesch\u00e4tzte Lesezeit":"5\u00a0Minuten"},"schema":{"@context":"https:\/\/schema.org","@graph":[{"@type":"Article","@id":"https:\/\/www.sonnenseite.com\/de\/wirtschaft\/stromnetz-der-zukunft\/#article","isPartOf":{"@id":"https:\/\/www.sonnenseite.com\/de\/wirtschaft\/stromnetz-der-zukunft\/"},"author":{"name":"Bigi Alt","@id":"https:\/\/www.sonnenseite.com\/de\/#\/schema\/person\/50fda0e926597684c7cc6695238a4eb9"},"headline":"Stromnetz der Zukunft","datePublished":"2023-06-07T00:10:00+00:00","mainEntityOfPage":{"@id":"https:\/\/www.sonnenseite.com\/de\/wirtschaft\/stromnetz-der-zukunft\/"},"wordCount":893,"publisher":{"@id":"https:\/\/www.sonnenseite.com\/de\/#organization"},"image":{"@id":"https:\/\/www.sonnenseite.com\/de\/wirtschaft\/stromnetz-der-zukunft\/#primaryimage"},"thumbnailUrl":"https:\/\/www.sonnenseite.com\/wp-content\/uploads\/2023\/06\/Solarpromotion_EM-Power-Forum.jpg","articleSection":["Wirtschaft"],"inLanguage":"de"},{"@type":"WebPage","@id":"https:\/\/www.sonnenseite.com\/de\/wirtschaft\/stromnetz-der-zukunft\/","url":"https:\/\/www.sonnenseite.com\/de\/wirtschaft\/stromnetz-der-zukunft\/","name":"Stromnetz der Zukunft - Sonnenseite - \u00d6kologische Kommunikation mit Franz Alt","isPartOf":{"@id":"https:\/\/www.sonnenseite.com\/de\/#website"},"primaryImageOfPage":{"@id":"https:\/\/www.sonnenseite.com\/de\/wirtschaft\/stromnetz-der-zukunft\/#primaryimage"},"image":{"@id":"https:\/\/www.sonnenseite.com\/de\/wirtschaft\/stromnetz-der-zukunft\/#primaryimage"},"thumbnailUrl":"https:\/\/www.sonnenseite.com\/wp-content\/uploads\/2023\/06\/Solarpromotion_EM-Power-Forum.jpg","datePublished":"2023-06-07T00:10:00+00:00","description":"EM-Power Europe 2023 pr\u00e4sentiert breites Rahmenprogramm rund um Smart Grids und Prosumer. Erneuerbare Energien l\u00f6sen Kohle- und Atomkraftwerke nach und","breadcrumb":{"@id":"https:\/\/www.sonnenseite.com\/de\/wirtschaft\/stromnetz-der-zukunft\/#breadcrumb"},"inLanguage":"de","potentialAction":[{"@type":"ReadAction","target":["https:\/\/www.sonnenseite.com\/de\/wirtschaft\/stromnetz-der-zukunft\/"]}]},{"@type":"ImageObject","inLanguage":"de","@id":"https:\/\/www.sonnenseite.com\/de\/wirtschaft\/stromnetz-der-zukunft\/#primaryimage","url":"https:\/\/www.sonnenseite.com\/wp-content\/uploads\/2023\/06\/Solarpromotion_EM-Power-Forum.jpg","contentUrl":"https:\/\/www.sonnenseite.com\/wp-content\/uploads\/2023\/06\/Solarpromotion_EM-Power-Forum.jpg","width":770,"height":420,"caption":"Solar Promotion GmbH"},{"@type":"BreadcrumbList","@id":"https:\/\/www.sonnenseite.com\/de\/wirtschaft\/stromnetz-der-zukunft\/#breadcrumb","itemListElement":[{"@type":"ListItem","position":1,"name":"Startseite","item":"https:\/\/www.sonnenseite.com\/de\/"},{"@type":"ListItem","position":2,"name":"Stromnetz der Zukunft"}]},{"@type":"WebSite","@id":"https:\/\/www.sonnenseite.com\/de\/#website","url":"https:\/\/www.sonnenseite.com\/de\/","name":"Sonnenseite","description":"\u00d6kologische Kommunikation mit Franz Alt","publisher":{"@id":"https:\/\/www.sonnenseite.com\/de\/#organization"},"potentialAction":[{"@type":"SearchAction","target":{"@type":"EntryPoint","urlTemplate":"https:\/\/www.sonnenseite.com\/de\/?s={search_term_string}"},"query-input":{"@type":"PropertyValueSpecification","valueRequired":true,"valueName":"search_term_string"}}],"inLanguage":"de"},{"@type":"Organization","@id":"https:\/\/www.sonnenseite.com\/de\/#organization","name":"Sonnenseite","url":"https:\/\/www.sonnenseite.com\/de\/","logo":{"@type":"ImageObject","inLanguage":"de","@id":"https:\/\/www.sonnenseite.com\/de\/#\/schema\/logo\/image\/","url":"https:\/\/www.sonnenseite.com\/wp-content\/uploads\/2020\/05\/Sonnenseite_Logo.png","contentUrl":"https:\/\/www.sonnenseite.com\/wp-content\/uploads\/2020\/05\/Sonnenseite_Logo.png","width":377,"height":90,"caption":"Sonnenseite"},"image":{"@id":"https:\/\/www.sonnenseite.com\/de\/#\/schema\/logo\/image\/"},"sameAs":["https:\/\/www.facebook.com\/pages\/Franz-Alt-SONNENSEITECOM\/221072987903953?fref=ts","https:\/\/x.com\/franzalt","http:\/\/www.youtube.com\/results?search_query&amp;amp;quot;franz_alt&amp;amp;quot;&amp;amp;amp;amp;search_type&amp;amp;amp;amp;aq=f"]},{"@type":"Person","@id":"https:\/\/www.sonnenseite.com\/de\/#\/schema\/person\/50fda0e926597684c7cc6695238a4eb9","name":"Bigi Alt"}]}},"_links":{"self":[{"href":"https:\/\/www.sonnenseite.com\/de\/wp-json\/wp\/v2\/posts\/91773","targetHints":{"allow":["GET"]}}],"collection":[{"href":"https:\/\/www.sonnenseite.com\/de\/wp-json\/wp\/v2\/posts"}],"about":[{"href":"https:\/\/www.sonnenseite.com\/de\/wp-json\/wp\/v2\/types\/post"}],"author":[{"embeddable":true,"href":"https:\/\/www.sonnenseite.com\/de\/wp-json\/wp\/v2\/users\/3"}],"replies":[{"embeddable":true,"href":"https:\/\/www.sonnenseite.com\/de\/wp-json\/wp\/v2\/comments?post=91773"}],"version-history":[{"count":1,"href":"https:\/\/www.sonnenseite.com\/de\/wp-json\/wp\/v2\/posts\/91773\/revisions"}],"predecessor-version":[{"id":91776,"href":"https:\/\/www.sonnenseite.com\/de\/wp-json\/wp\/v2\/posts\/91773\/revisions\/91776"}],"wp:featuredmedia":[{"embeddable":true,"href":"https:\/\/www.sonnenseite.com\/de\/wp-json\/wp\/v2\/media\/91774"}],"wp:attachment":[{"href":"https:\/\/www.sonnenseite.com\/de\/wp-json\/wp\/v2\/media?parent=91773"}],"wp:term":[{"taxonomy":"category","embeddable":true,"href":"https:\/\/www.sonnenseite.com\/de\/wp-json\/wp\/v2\/categories?post=91773"},{"taxonomy":"post_tag","embeddable":true,"href":"https:\/\/www.sonnenseite.com\/de\/wp-json\/wp\/v2\/tags?post=91773"}],"curies":[{"name":"wp","href":"https:\/\/api.w.org\/{rel}","templated":true}]}}