{"id":91868,"date":"2023-06-10T04:10:00","date_gmt":"2023-06-10T02:10:00","guid":{"rendered":"https:\/\/www.sonnenseite.com\/?p=91868"},"modified":"2023-06-19T09:50:28","modified_gmt":"2023-06-19T07:50:28","slug":"neue-daten-zeigen-eine-verschaerfung-der-klimakrise","status":"publish","type":"post","link":"https:\/\/www.sonnenseite.com\/de\/umwelt\/neue-daten-zeigen-eine-verschaerfung-der-klimakrise\/","title":{"rendered":"Neue Daten zeigen eine Versch\u00e4rfung der Klimakrise"},"content":{"rendered":"\n<p>Die menschengemachte Erderhitzung hat seit der vor zwei Jahren ver\u00f6ffentlichten letzten gro\u00dfen Bewertung des Klimasystems in einem \u201ebeispiellosen Tempo\u201c weiter zugenommen, sagen 50 f\u00fchrende Wissenschaftlerinnen und Wissenschaftler. <\/p>\n\n\n\n<p>Sie haben eine Open-Data- und Open-Science-Plattform entwickelt \u2013 die \u201eIndikatoren des globalen Klimawandels&#8220;, die k\u00fcnftig j\u00e4hrlich aktualisiert werden. Zu der von der Universit\u00e4t Leeds geleiteten Initiative geh\u00f6rt auch das Berliner Klimaforschungsinstitut MCC (Mercator Research Institute on Global Commons and Climate Change). Eine Studie mit den Daten der ersten Runde wurde jetzt in der renommierten Fachzeitschrift <em>Earth System Science Data<\/em> ver\u00f6ffentlicht.<\/p>\n\n\n\n<p>\u201eDie Analyse ist ein Weckruf, dass Tempo und Umfang der Klimaschutzma\u00dfnahmen unzureichend sind&#8220;, sagt <a href=\"https:\/\/www.mcc-berlin.net\/ueber-uns\/team\/minx-jan.html\">Jan Minx<\/a>, Leiter der MCC-Arbeitsgruppe Angewandte Nachhaltigkeitsforschung und Co-Autor der Studie. Diese erscheint zur Bonner Vorkonferenz f\u00fcr den Weltklimagipfel COP28 im Dezember in Dubai, der unter anderem eine Bestandsaufnahme bringen soll, welche Fortschritte erzielt wurden auf dem Weg zur Begrenzung der Erderhitzung auf 1,5 Grad bis 2050. \u201eAngesichts der Geschwindigkeit, mit der sich das globale Klimasystem ver\u00e4ndert, brauchen Politik, Klimadiplomatie und Zivilgesellschaft Zugang zu aktuellen und soliden wissenschaftlichen Erkenntnissen als Entscheidungsgrundlage.&#8220;<\/p>\n\n\n\n<p>Die Studie legt dar, wie sich die Schl\u00fcsselindikatoren ver\u00e4nderten, seit der Weltklimarat IPCC im Jahr 2021 den Band 1 des sechsten Sachstandsberichts ver\u00f6ffentlichte. Das Update ergibt: Die menschengemachte Erderhitzung, gr\u00f6\u00dftenteils Folge der Verbrennung fossiler Brennstoffe, lag im letzten Jahrzehnt (2013 bis 2022) durchschnittlich 1,14 Grad \u00fcber dem vorindustriellen Niveau, gegen\u00fcber 1,07 Grad zwischen 2010 und 2019. Die menschengemachte Erderhitzung steigt nun um \u00fcber 0,2 Grad pro Jahrzehnt.<\/p>\n\n\n\n<p>Die Analyse zeigt f\u00fcr die Treibhausgasemissionen ein \u201eAllzeithoch\u201c. Durch menschliche Aktivit\u00e4ten kamen im letzten Jahrzehnt (2012-2021) durchschnittlich 54 Gigatonnen Kohlendioxid-\u00c4quivalente pro Jahr in die Atmosph\u00e4re. <a href=\"https:\/\/www.mcc-berlin.net\/ueber-uns\/team\/lamb-william.html\">William Lamb<\/a>, Wissenschaftler am MCC und ebenfalls ein Co-Autor, betont: \u201eTrotz aller Diskussionen um Netto-Null-Ziele haben wir es als globale Gesellschaft nicht geschafft, bei den Emissionen die Trendwende zu schaffen. Es muss oberste Priorit\u00e4t der internationalen Klimadiplomatie sein, den Emissionspfad nach unten zu korrigieren und eine \u00c4ra der globalen Emissionsreduzierung einzuleiten.&#8220;<\/p>\n\n\n\n<p>Das CO<sub>2<\/sub>-Restbudget, dessen Freisetzung die Erderhitzung noch mit 50 Prozent Wahrscheinlichkeit auf 1,5 Grad begrenzt, wird f\u00fcr Anfang 2023 auf etwa 250 Gigatonnen gesch\u00e4tzt \u2013 im Jahr 2020 hatte es der IPCC auf etwa 500 Gigatonnen gesch\u00e4tzt. (Anmerkung: Diese Zahlen sind nicht mit den Ausgangsgr\u00f6\u00dfen f\u00fcr die <a href=\"https:\/\/www.mcc-berlin.net\/forschung\/co2-budget.html\">CO<sub>2<\/sub>-Uhr des MCC<\/a> vergleichbar. Dort ist die j\u00e4hrliche Emissionsrate nur CO<sub>2<\/sub>, bei der Restbudget-Berechnung wird der Beitrag anderer Treibhausgase zur Erderhitzung im Voraus abgezogen, und das Restbudget bezieht sich auf 67 statt 50 Prozent Wahrscheinlichkeit f\u00fcrs Einhalten des Temperaturziels.)<\/p>\n\n\n\n<p>Piers Forster, Direktor des Priestley Centre for Climate Futures Leeds und Leitautor der Studie, sagt: \u201eDas CO<sub>2<\/sub>-Budget wird wegen einer dreifachen Belastung wohl in wenigen Jahren ersch\u00f6pft sein: sehr hohe CO<sub>2<\/sub>-Emissionen, mehr sonstige Treibhausgasemissionen und auch verringerte Feinstaubbelastung in der Luft, die eine k\u00fchlende Wirkung hat. Wenn wir nicht wollen, dass das 1,5-Grad-Ziel in unserem R\u00fcckspiegel verschwindet, muss die Welt viel h\u00e4rter daran arbeiten, die Emissionen zu senken.<\/p>\n\n\n\n<p>Die Website des Forschungsnetzwerks erg\u00e4nzt das erfolgreiche Klima-Dashboard \u201eClimate Change Tracker\u201c. F\u00fcr dessen Entwicklung hat die Software-Branche Ideen aus der Finanzindustrie \u00fcbernommen, wie sich komplexe Informationen \u00f6ffentlichkeitswirksam pr\u00e4sentieren lassen.<\/p>\n\n\n\n<ul class=\"wp-block-list\">\n<li><a href=\"https:\/\/essd.copernicus.org\/articles\/15\/2295\/2023\/\">The study: &#8222;Indicators of Global Climate Change 2022: annual update of large-scale indicators of the state of the climate system and the human influence&#8220; | <em>Earth System Science Data<\/em> 2023<\/a><\/li>\n\n\n\n<li><a href=\"https:\/\/climatechangetracker.org\/igcc\" target=\"_blank\" rel=\"noreferrer noopener\">Daten-Plattform \u201eClimate Change Tracker\u201c<\/a><\/li>\n\n\n\n<li><a href=\"https:\/\/www.igcc.earth\/\" target=\"_blank\" rel=\"noreferrer noopener\">Website \u201eIndicators of Global Climate Change\u201d<\/a><\/li>\n<\/ul>\n\n\n<h5 class=\"green\">Quelle<\/h5>\r\n\n\n\n<p><a href=\"https:\/\/www.mcc-berlin.net\/news\/meldungen\/meldungen-detail\/article\/neue-daten-zeigen-eine-verschaerfung-der-klimakrise.html\">Berliner Klimaforschungsinstitut MCC (Mercator Research Institute on Global Commons and Climate Change) 2023<\/a><\/p>\n<div class=\"shariff shariff-align-flex-start shariff-widget-align-flex-start\"><div class=\"ShariffHeadline\">Diese Meldung teilen<\/div><ul class=\"shariff-buttons theme-round orientation-horizontal buttonsize-medium\"><li class=\"shariff-button facebook shariff-nocustomcolor\" style=\"background-color:#4273c8;border-radius:1%\"><a href=\"https:\/\/www.facebook.com\/sharer\/sharer.php?u=https%3A%2F%2Fwww.sonnenseite.com%2Fde%2Fumwelt%2Fneue-daten-zeigen-eine-verschaerfung-der-klimakrise%2F\" title=\"Bei Facebook teilen\" aria-label=\"Bei Facebook teilen\" role=\"button\" rel=\"nofollow\" class=\"shariff-link\" style=\";border-radius:1%; background-color:#3b5998; color:#fff\" target=\"_blank\"><span class=\"shariff-icon\" style=\"\"><svg width=\"32px\" height=\"20px\" xmlns=\"http:\/\/www.w3.org\/2000\/svg\" viewBox=\"0 0 18 32\"><path fill=\"#3b5998\" d=\"M17.1 0.2v4.7h-2.8q-1.5 0-2.1 0.6t-0.5 1.9v3.4h5.2l-0.7 5.3h-4.5v13.6h-5.5v-13.6h-4.5v-5.3h4.5v-3.9q0-3.3 1.9-5.2t5-1.8q2.6 0 4.1 0.2z\"\/><\/svg><\/span><\/a><\/li><li class=\"shariff-button twitter shariff-nocustomcolor\" style=\"background-color:#595959;border-radius:1%\"><a href=\"https:\/\/twitter.com\/share?url=https%3A%2F%2Fwww.sonnenseite.com%2Fde%2Fumwelt%2Fneue-daten-zeigen-eine-verschaerfung-der-klimakrise%2F&text=Neue%20Daten%20zeigen%20eine%20Versch%C3%A4rfung%20der%20Klimakrise\" title=\"Bei X teilen\" aria-label=\"Bei X teilen\" role=\"button\" rel=\"noopener nofollow\" class=\"shariff-link\" style=\";border-radius:1%; background-color:#000; color:#fff\" target=\"_blank\"><span class=\"shariff-icon\" style=\"\"><svg width=\"32px\" height=\"20px\" xmlns=\"http:\/\/www.w3.org\/2000\/svg\" viewBox=\"0 0 24 24\"><path fill=\"#000\" d=\"M14.258 10.152L23.176 0h-2.113l-7.747 8.813L7.133 0H0l9.352 13.328L0 23.973h2.113l8.176-9.309 6.531 9.309h7.133zm-2.895 3.293l-.949-1.328L2.875 1.56h3.246l6.086 8.523.945 1.328 7.91 11.078h-3.246zm0 0\"\/><\/svg><\/span><\/a><\/li><li class=\"shariff-button xing shariff-nocustomcolor\" style=\"background-color:#29888a;border-radius:1%\"><a href=\"https:\/\/www.xing.com\/spi\/shares\/new?url=https%3A%2F%2Fwww.sonnenseite.com%2Fde%2Fumwelt%2Fneue-daten-zeigen-eine-verschaerfung-der-klimakrise%2F\" title=\"Bei XING teilen\" aria-label=\"Bei XING teilen\" role=\"button\" rel=\"noopener nofollow\" class=\"shariff-link\" style=\";border-radius:1%; background-color:#126567; color:#fff\" target=\"_blank\"><span class=\"shariff-icon\" style=\"\"><svg width=\"32px\" height=\"20px\" xmlns=\"http:\/\/www.w3.org\/2000\/svg\" viewBox=\"0 0 25 32\"><path fill=\"#126567\" d=\"M10.7 11.9q-0.2 0.3-4.6 8.2-0.5 0.8-1.2 0.8h-4.3q-0.4 0-0.5-0.3t0-0.6l4.5-8q0 0 0 0l-2.9-5q-0.2-0.4 0-0.7 0.2-0.3 0.5-0.3h4.3q0.7 0 1.2 0.8zM25.1 0.4q0.2 0.3 0 0.7l-9.4 16.7 6 11q0.2 0.4 0 0.6-0.2 0.3-0.6 0.3h-4.3q-0.7 0-1.2-0.8l-6-11.1q0.3-0.6 9.5-16.8 0.4-0.8 1.2-0.8h4.3q0.4 0 0.5 0.3z\"\/><\/svg><\/span><\/a><\/li><li class=\"shariff-button linkedin shariff-nocustomcolor\" style=\"background-color:#1488bf;border-radius:1%\"><a href=\"https:\/\/www.linkedin.com\/sharing\/share-offsite\/?url=https%3A%2F%2Fwww.sonnenseite.com%2Fde%2Fumwelt%2Fneue-daten-zeigen-eine-verschaerfung-der-klimakrise%2F\" title=\"Bei LinkedIn teilen\" aria-label=\"Bei LinkedIn teilen\" role=\"button\" rel=\"noopener nofollow\" class=\"shariff-link\" style=\";border-radius:1%; background-color:#0077b5; color:#fff\" target=\"_blank\"><span class=\"shariff-icon\" style=\"\"><svg width=\"32px\" height=\"20px\" xmlns=\"http:\/\/www.w3.org\/2000\/svg\" viewBox=\"0 0 27 32\"><path fill=\"#0077b5\" d=\"M6.2 11.2v17.7h-5.9v-17.7h5.9zM6.6 5.7q0 1.3-0.9 2.2t-2.4 0.9h0q-1.5 0-2.4-0.9t-0.9-2.2 0.9-2.2 2.4-0.9 2.4 0.9 0.9 2.2zM27.4 18.7v10.1h-5.9v-9.5q0-1.9-0.7-2.9t-2.3-1.1q-1.1 0-1.9 0.6t-1.2 1.5q-0.2 0.5-0.2 1.4v9.9h-5.9q0-7.1 0-11.6t0-5.3l0-0.9h5.9v2.6h0q0.4-0.6 0.7-1t1-0.9 1.6-0.8 2-0.3q3 0 4.9 2t1.9 6z\"\/><\/svg><\/span><\/a><\/li><li class=\"shariff-button printer shariff-nocustomcolor\" style=\"background-color:#a8a8a8;border-radius:1%\"><a href=\"javascript:window.print()\" title=\"drucken\" aria-label=\"drucken\" role=\"button\" rel=\"noopener nofollow\" class=\"shariff-link\" style=\";border-radius:1%; background-color:#999; color:#fff\"><span class=\"shariff-icon\" style=\"\"><svg width=\"32px\" height=\"20px\" xmlns=\"http:\/\/www.w3.org\/2000\/svg\" viewBox=\"0 0 30 32\"><path fill=\"#999\" d=\"M6.8 27.4h16v-4.6h-16v4.6zM6.8 16h16v-6.8h-2.8q-0.7 0-1.2-0.5t-0.5-1.2v-2.8h-11.4v11.4zM27.4 17.2q0-0.5-0.3-0.8t-0.8-0.4-0.8 0.4-0.3 0.8 0.3 0.8 0.8 0.3 0.8-0.3 0.3-0.8zM29.7 17.2v7.4q0 0.2-0.2 0.4t-0.4 0.2h-4v2.8q0 0.7-0.5 1.2t-1.2 0.5h-17.2q-0.7 0-1.2-0.5t-0.5-1.2v-2.8h-4q-0.2 0-0.4-0.2t-0.2-0.4v-7.4q0-1.4 1-2.4t2.4-1h1.2v-9.7q0-0.7 0.5-1.2t1.2-0.5h12q0.7 0 1.6 0.4t1.3 0.8l2.7 2.7q0.5 0.5 0.9 1.4t0.4 1.6v4.6h1.1q1.4 0 2.4 1t1 2.4z\"\/><\/svg><\/span><\/a><\/li><li class=\"shariff-button mailto shariff-nocustomcolor\" style=\"background-color:#a8a8a8;border-radius:1%\"><a href=\"mailto:?body=https%3A%2F%2Fwww.sonnenseite.com%2Fde%2Fumwelt%2Fneue-daten-zeigen-eine-verschaerfung-der-klimakrise%2F&subject=Neue%20Daten%20zeigen%20eine%20Versch%C3%A4rfung%20der%20Klimakrise\" title=\"Per E-Mail versenden\" aria-label=\"Per E-Mail versenden\" role=\"button\" rel=\"noopener nofollow\" class=\"shariff-link\" style=\";border-radius:1%; background-color:#999; color:#fff\"><span class=\"shariff-icon\" style=\"\"><svg width=\"32px\" height=\"20px\" xmlns=\"http:\/\/www.w3.org\/2000\/svg\" viewBox=\"0 0 32 32\"><path fill=\"#999\" d=\"M32 12.7v14.2q0 1.2-0.8 2t-2 0.9h-26.3q-1.2 0-2-0.9t-0.8-2v-14.2q0.8 0.9 1.8 1.6 6.5 4.4 8.9 6.1 1 0.8 1.6 1.2t1.7 0.9 2 0.4h0.1q0.9 0 2-0.4t1.7-0.9 1.6-1.2q3-2.2 8.9-6.1 1-0.7 1.8-1.6zM32 7.4q0 1.4-0.9 2.7t-2.2 2.2q-6.7 4.7-8.4 5.8-0.2 0.1-0.7 0.5t-1 0.7-0.9 0.6-1.1 0.5-0.9 0.2h-0.1q-0.4 0-0.9-0.2t-1.1-0.5-0.9-0.6-1-0.7-0.7-0.5q-1.6-1.1-4.7-3.2t-3.6-2.6q-1.1-0.7-2.1-2t-1-2.5q0-1.4 0.7-2.3t2.1-0.9h26.3q1.2 0 2 0.8t0.9 2z\"\/><\/svg><\/span><\/a><\/li><\/ul><\/div>","protected":false},"excerpt":{"rendered":"<p>Die menschengemachte Erderhitzung hat seit der vor zwei Jahren ver\u00f6ffentlichten letzten gro\u00dfen Bewertung des Klimasystems in [&hellip;]<\/p>\n","protected":false},"author":3,"featured_media":14982,"comment_status":"closed","ping_status":"closed","sticky":false,"template":"","format":"standard","meta":{"inline_featured_image":false,"footnotes":""},"categories":[23],"tags":[],"class_list":["post-91868","post","type-post","status-publish","format-standard","has-post-thumbnail","hentry","category-umwelt"],"yoast_head":"<!-- This site is optimized with the Yoast SEO plugin v26.5 - https:\/\/yoast.com\/wordpress\/plugins\/seo\/ -->\n<title>Neue Daten zeigen eine Versch\u00e4rfung der Klimakrise - Sonnenseite - \u00d6kologische Kommunikation mit Franz Alt<\/title>\n<meta name=\"description\" content=\"Die menschengemachte Erderhitzung hat seit der vor zwei Jahren ver\u00f6ffentlichten letzten gro\u00dfen Bewertung des Klimasystems in einem \u201ebeispiellosen Tempo\u201c\" \/>\n<meta name=\"robots\" content=\"index, follow, max-snippet:-1, max-image-preview:large, max-video-preview:-1\" \/>\n<link rel=\"canonical\" href=\"https:\/\/www.sonnenseite.com\/de\/umwelt\/neue-daten-zeigen-eine-verschaerfung-der-klimakrise\/\" \/>\n<meta property=\"og:locale\" content=\"de_DE\" \/>\n<meta property=\"og:type\" content=\"article\" \/>\n<meta property=\"og:title\" content=\"Neue Daten zeigen eine Versch\u00e4rfung der Klimakrise - Sonnenseite - \u00d6kologische Kommunikation mit Franz Alt\" \/>\n<meta property=\"og:description\" content=\"Die menschengemachte Erderhitzung hat seit der vor zwei Jahren ver\u00f6ffentlichten letzten gro\u00dfen Bewertung des Klimasystems in einem \u201ebeispiellosen Tempo\u201c\" \/>\n<meta property=\"og:url\" content=\"https:\/\/www.sonnenseite.com\/de\/umwelt\/neue-daten-zeigen-eine-verschaerfung-der-klimakrise\/\" \/>\n<meta property=\"og:site_name\" content=\"Sonnenseite\" \/>\n<meta property=\"article:publisher\" content=\"https:\/\/www.facebook.com\/pages\/Franz-Alt-SONNENSEITECOM\/221072987903953?fref=ts\" \/>\n<meta property=\"article:published_time\" content=\"2023-06-10T02:10:00+00:00\" \/>\n<meta property=\"article:modified_time\" content=\"2023-06-19T07:50:28+00:00\" \/>\n<meta property=\"og:image\" content=\"https:\/\/www.sonnenseite.com\/wp-content\/uploads\/2018\/10\/erde_klima_rolffimages.jpg\" \/>\n\t<meta property=\"og:image:width\" content=\"770\" \/>\n\t<meta property=\"og:image:height\" content=\"420\" \/>\n\t<meta property=\"og:image:type\" content=\"image\/jpeg\" \/>\n<meta name=\"author\" content=\"Bigi Alt\" \/>\n<meta name=\"twitter:card\" content=\"summary_large_image\" \/>\n<meta name=\"twitter:creator\" content=\"@franzalt\" \/>\n<meta name=\"twitter:site\" content=\"@franzalt\" \/>\n<meta name=\"twitter:label1\" content=\"Verfasst von\" \/>\n\t<meta name=\"twitter:data1\" content=\"Bigi Alt\" \/>\n\t<meta name=\"twitter:label2\" content=\"Gesch\u00e4tzte Lesezeit\" \/>\n\t<meta name=\"twitter:data2\" content=\"4\u00a0Minuten\" \/>\n<script type=\"application\/ld+json\" class=\"yoast-schema-graph\">{\"@context\":\"https:\/\/schema.org\",\"@graph\":[{\"@type\":\"Article\",\"@id\":\"https:\/\/www.sonnenseite.com\/de\/umwelt\/neue-daten-zeigen-eine-verschaerfung-der-klimakrise\/#article\",\"isPartOf\":{\"@id\":\"https:\/\/www.sonnenseite.com\/de\/umwelt\/neue-daten-zeigen-eine-verschaerfung-der-klimakrise\/\"},\"author\":{\"name\":\"Bigi Alt\",\"@id\":\"https:\/\/www.sonnenseite.com\/de\/#\/schema\/person\/50fda0e926597684c7cc6695238a4eb9\"},\"headline\":\"Neue Daten zeigen eine Versch\u00e4rfung der Klimakrise\",\"datePublished\":\"2023-06-10T02:10:00+00:00\",\"dateModified\":\"2023-06-19T07:50:28+00:00\",\"mainEntityOfPage\":{\"@id\":\"https:\/\/www.sonnenseite.com\/de\/umwelt\/neue-daten-zeigen-eine-verschaerfung-der-klimakrise\/\"},\"wordCount\":571,\"publisher\":{\"@id\":\"https:\/\/www.sonnenseite.com\/de\/#organization\"},\"image\":{\"@id\":\"https:\/\/www.sonnenseite.com\/de\/umwelt\/neue-daten-zeigen-eine-verschaerfung-der-klimakrise\/#primaryimage\"},\"thumbnailUrl\":\"https:\/\/www.sonnenseite.com\/wp-content\/uploads\/2018\/10\/erde_klima_rolffimages.jpg\",\"articleSection\":[\"Umwelt\"],\"inLanguage\":\"de\"},{\"@type\":\"WebPage\",\"@id\":\"https:\/\/www.sonnenseite.com\/de\/umwelt\/neue-daten-zeigen-eine-verschaerfung-der-klimakrise\/\",\"url\":\"https:\/\/www.sonnenseite.com\/de\/umwelt\/neue-daten-zeigen-eine-verschaerfung-der-klimakrise\/\",\"name\":\"Neue Daten zeigen eine Versch\u00e4rfung der Klimakrise - Sonnenseite - \u00d6kologische Kommunikation mit Franz Alt\",\"isPartOf\":{\"@id\":\"https:\/\/www.sonnenseite.com\/de\/#website\"},\"primaryImageOfPage\":{\"@id\":\"https:\/\/www.sonnenseite.com\/de\/umwelt\/neue-daten-zeigen-eine-verschaerfung-der-klimakrise\/#primaryimage\"},\"image\":{\"@id\":\"https:\/\/www.sonnenseite.com\/de\/umwelt\/neue-daten-zeigen-eine-verschaerfung-der-klimakrise\/#primaryimage\"},\"thumbnailUrl\":\"https:\/\/www.sonnenseite.com\/wp-content\/uploads\/2018\/10\/erde_klima_rolffimages.jpg\",\"datePublished\":\"2023-06-10T02:10:00+00:00\",\"dateModified\":\"2023-06-19T07:50:28+00:00\",\"description\":\"Die menschengemachte Erderhitzung hat seit der vor zwei Jahren ver\u00f6ffentlichten letzten gro\u00dfen Bewertung des Klimasystems in einem \u201ebeispiellosen Tempo\u201c\",\"breadcrumb\":{\"@id\":\"https:\/\/www.sonnenseite.com\/de\/umwelt\/neue-daten-zeigen-eine-verschaerfung-der-klimakrise\/#breadcrumb\"},\"inLanguage\":\"de\",\"potentialAction\":[{\"@type\":\"ReadAction\",\"target\":[\"https:\/\/www.sonnenseite.com\/de\/umwelt\/neue-daten-zeigen-eine-verschaerfung-der-klimakrise\/\"]}]},{\"@type\":\"ImageObject\",\"inLanguage\":\"de\",\"@id\":\"https:\/\/www.sonnenseite.com\/de\/umwelt\/neue-daten-zeigen-eine-verschaerfung-der-klimakrise\/#primaryimage\",\"url\":\"https:\/\/www.sonnenseite.com\/wp-content\/uploads\/2018\/10\/erde_klima_rolffimages.jpg\",\"contentUrl\":\"https:\/\/www.sonnenseite.com\/wp-content\/uploads\/2018\/10\/erde_klima_rolffimages.jpg\",\"width\":770,\"height\":420,\"caption\":\"Depositphotos | Rolff images\"},{\"@type\":\"BreadcrumbList\",\"@id\":\"https:\/\/www.sonnenseite.com\/de\/umwelt\/neue-daten-zeigen-eine-verschaerfung-der-klimakrise\/#breadcrumb\",\"itemListElement\":[{\"@type\":\"ListItem\",\"position\":1,\"name\":\"Startseite\",\"item\":\"https:\/\/www.sonnenseite.com\/de\/\"},{\"@type\":\"ListItem\",\"position\":2,\"name\":\"Neue Daten zeigen eine Versch\u00e4rfung der Klimakrise\"}]},{\"@type\":\"WebSite\",\"@id\":\"https:\/\/www.sonnenseite.com\/de\/#website\",\"url\":\"https:\/\/www.sonnenseite.com\/de\/\",\"name\":\"Sonnenseite\",\"description\":\"\u00d6kologische Kommunikation mit Franz Alt\",\"publisher\":{\"@id\":\"https:\/\/www.sonnenseite.com\/de\/#organization\"},\"potentialAction\":[{\"@type\":\"SearchAction\",\"target\":{\"@type\":\"EntryPoint\",\"urlTemplate\":\"https:\/\/www.sonnenseite.com\/de\/?s={search_term_string}\"},\"query-input\":{\"@type\":\"PropertyValueSpecification\",\"valueRequired\":true,\"valueName\":\"search_term_string\"}}],\"inLanguage\":\"de\"},{\"@type\":\"Organization\",\"@id\":\"https:\/\/www.sonnenseite.com\/de\/#organization\",\"name\":\"Sonnenseite\",\"url\":\"https:\/\/www.sonnenseite.com\/de\/\",\"logo\":{\"@type\":\"ImageObject\",\"inLanguage\":\"de\",\"@id\":\"https:\/\/www.sonnenseite.com\/de\/#\/schema\/logo\/image\/\",\"url\":\"https:\/\/www.sonnenseite.com\/wp-content\/uploads\/2020\/05\/Sonnenseite_Logo.png\",\"contentUrl\":\"https:\/\/www.sonnenseite.com\/wp-content\/uploads\/2020\/05\/Sonnenseite_Logo.png\",\"width\":377,\"height\":90,\"caption\":\"Sonnenseite\"},\"image\":{\"@id\":\"https:\/\/www.sonnenseite.com\/de\/#\/schema\/logo\/image\/\"},\"sameAs\":[\"https:\/\/www.facebook.com\/pages\/Franz-Alt-SONNENSEITECOM\/221072987903953?fref=ts\",\"https:\/\/x.com\/franzalt\",\"http:\/\/www.youtube.com\/results?search_query&amp;amp;quot;franz_alt&amp;amp;quot;&amp;amp;amp;amp;search_type&amp;amp;amp;amp;aq=f\"]},{\"@type\":\"Person\",\"@id\":\"https:\/\/www.sonnenseite.com\/de\/#\/schema\/person\/50fda0e926597684c7cc6695238a4eb9\",\"name\":\"Bigi Alt\"}]}<\/script>\n<!-- \/ Yoast SEO plugin. -->","yoast_head_json":{"title":"Neue Daten zeigen eine Versch\u00e4rfung der Klimakrise - Sonnenseite - \u00d6kologische Kommunikation mit Franz Alt","description":"Die menschengemachte Erderhitzung hat seit der vor zwei Jahren ver\u00f6ffentlichten letzten gro\u00dfen Bewertung des Klimasystems in einem \u201ebeispiellosen Tempo\u201c","robots":{"index":"index","follow":"follow","max-snippet":"max-snippet:-1","max-image-preview":"max-image-preview:large","max-video-preview":"max-video-preview:-1"},"canonical":"https:\/\/www.sonnenseite.com\/de\/umwelt\/neue-daten-zeigen-eine-verschaerfung-der-klimakrise\/","og_locale":"de_DE","og_type":"article","og_title":"Neue Daten zeigen eine Versch\u00e4rfung der Klimakrise - Sonnenseite - \u00d6kologische Kommunikation mit Franz Alt","og_description":"Die menschengemachte Erderhitzung hat seit der vor zwei Jahren ver\u00f6ffentlichten letzten gro\u00dfen Bewertung des Klimasystems in einem \u201ebeispiellosen Tempo\u201c","og_url":"https:\/\/www.sonnenseite.com\/de\/umwelt\/neue-daten-zeigen-eine-verschaerfung-der-klimakrise\/","og_site_name":"Sonnenseite","article_publisher":"https:\/\/www.facebook.com\/pages\/Franz-Alt-SONNENSEITECOM\/221072987903953?fref=ts","article_published_time":"2023-06-10T02:10:00+00:00","article_modified_time":"2023-06-19T07:50:28+00:00","og_image":[{"width":770,"height":420,"url":"https:\/\/www.sonnenseite.com\/wp-content\/uploads\/2018\/10\/erde_klima_rolffimages.jpg","type":"image\/jpeg"}],"author":"Bigi Alt","twitter_card":"summary_large_image","twitter_creator":"@franzalt","twitter_site":"@franzalt","twitter_misc":{"Verfasst von":"Bigi Alt","Gesch\u00e4tzte Lesezeit":"4\u00a0Minuten"},"schema":{"@context":"https:\/\/schema.org","@graph":[{"@type":"Article","@id":"https:\/\/www.sonnenseite.com\/de\/umwelt\/neue-daten-zeigen-eine-verschaerfung-der-klimakrise\/#article","isPartOf":{"@id":"https:\/\/www.sonnenseite.com\/de\/umwelt\/neue-daten-zeigen-eine-verschaerfung-der-klimakrise\/"},"author":{"name":"Bigi Alt","@id":"https:\/\/www.sonnenseite.com\/de\/#\/schema\/person\/50fda0e926597684c7cc6695238a4eb9"},"headline":"Neue Daten zeigen eine Versch\u00e4rfung der Klimakrise","datePublished":"2023-06-10T02:10:00+00:00","dateModified":"2023-06-19T07:50:28+00:00","mainEntityOfPage":{"@id":"https:\/\/www.sonnenseite.com\/de\/umwelt\/neue-daten-zeigen-eine-verschaerfung-der-klimakrise\/"},"wordCount":571,"publisher":{"@id":"https:\/\/www.sonnenseite.com\/de\/#organization"},"image":{"@id":"https:\/\/www.sonnenseite.com\/de\/umwelt\/neue-daten-zeigen-eine-verschaerfung-der-klimakrise\/#primaryimage"},"thumbnailUrl":"https:\/\/www.sonnenseite.com\/wp-content\/uploads\/2018\/10\/erde_klima_rolffimages.jpg","articleSection":["Umwelt"],"inLanguage":"de"},{"@type":"WebPage","@id":"https:\/\/www.sonnenseite.com\/de\/umwelt\/neue-daten-zeigen-eine-verschaerfung-der-klimakrise\/","url":"https:\/\/www.sonnenseite.com\/de\/umwelt\/neue-daten-zeigen-eine-verschaerfung-der-klimakrise\/","name":"Neue Daten zeigen eine Versch\u00e4rfung der Klimakrise - Sonnenseite - \u00d6kologische Kommunikation mit Franz Alt","isPartOf":{"@id":"https:\/\/www.sonnenseite.com\/de\/#website"},"primaryImageOfPage":{"@id":"https:\/\/www.sonnenseite.com\/de\/umwelt\/neue-daten-zeigen-eine-verschaerfung-der-klimakrise\/#primaryimage"},"image":{"@id":"https:\/\/www.sonnenseite.com\/de\/umwelt\/neue-daten-zeigen-eine-verschaerfung-der-klimakrise\/#primaryimage"},"thumbnailUrl":"https:\/\/www.sonnenseite.com\/wp-content\/uploads\/2018\/10\/erde_klima_rolffimages.jpg","datePublished":"2023-06-10T02:10:00+00:00","dateModified":"2023-06-19T07:50:28+00:00","description":"Die menschengemachte Erderhitzung hat seit der vor zwei Jahren ver\u00f6ffentlichten letzten gro\u00dfen Bewertung des Klimasystems in einem \u201ebeispiellosen Tempo\u201c","breadcrumb":{"@id":"https:\/\/www.sonnenseite.com\/de\/umwelt\/neue-daten-zeigen-eine-verschaerfung-der-klimakrise\/#breadcrumb"},"inLanguage":"de","potentialAction":[{"@type":"ReadAction","target":["https:\/\/www.sonnenseite.com\/de\/umwelt\/neue-daten-zeigen-eine-verschaerfung-der-klimakrise\/"]}]},{"@type":"ImageObject","inLanguage":"de","@id":"https:\/\/www.sonnenseite.com\/de\/umwelt\/neue-daten-zeigen-eine-verschaerfung-der-klimakrise\/#primaryimage","url":"https:\/\/www.sonnenseite.com\/wp-content\/uploads\/2018\/10\/erde_klima_rolffimages.jpg","contentUrl":"https:\/\/www.sonnenseite.com\/wp-content\/uploads\/2018\/10\/erde_klima_rolffimages.jpg","width":770,"height":420,"caption":"Depositphotos | Rolff images"},{"@type":"BreadcrumbList","@id":"https:\/\/www.sonnenseite.com\/de\/umwelt\/neue-daten-zeigen-eine-verschaerfung-der-klimakrise\/#breadcrumb","itemListElement":[{"@type":"ListItem","position":1,"name":"Startseite","item":"https:\/\/www.sonnenseite.com\/de\/"},{"@type":"ListItem","position":2,"name":"Neue Daten zeigen eine Versch\u00e4rfung der Klimakrise"}]},{"@type":"WebSite","@id":"https:\/\/www.sonnenseite.com\/de\/#website","url":"https:\/\/www.sonnenseite.com\/de\/","name":"Sonnenseite","description":"\u00d6kologische Kommunikation mit Franz Alt","publisher":{"@id":"https:\/\/www.sonnenseite.com\/de\/#organization"},"potentialAction":[{"@type":"SearchAction","target":{"@type":"EntryPoint","urlTemplate":"https:\/\/www.sonnenseite.com\/de\/?s={search_term_string}"},"query-input":{"@type":"PropertyValueSpecification","valueRequired":true,"valueName":"search_term_string"}}],"inLanguage":"de"},{"@type":"Organization","@id":"https:\/\/www.sonnenseite.com\/de\/#organization","name":"Sonnenseite","url":"https:\/\/www.sonnenseite.com\/de\/","logo":{"@type":"ImageObject","inLanguage":"de","@id":"https:\/\/www.sonnenseite.com\/de\/#\/schema\/logo\/image\/","url":"https:\/\/www.sonnenseite.com\/wp-content\/uploads\/2020\/05\/Sonnenseite_Logo.png","contentUrl":"https:\/\/www.sonnenseite.com\/wp-content\/uploads\/2020\/05\/Sonnenseite_Logo.png","width":377,"height":90,"caption":"Sonnenseite"},"image":{"@id":"https:\/\/www.sonnenseite.com\/de\/#\/schema\/logo\/image\/"},"sameAs":["https:\/\/www.facebook.com\/pages\/Franz-Alt-SONNENSEITECOM\/221072987903953?fref=ts","https:\/\/x.com\/franzalt","http:\/\/www.youtube.com\/results?search_query&amp;amp;quot;franz_alt&amp;amp;quot;&amp;amp;amp;amp;search_type&amp;amp;amp;amp;aq=f"]},{"@type":"Person","@id":"https:\/\/www.sonnenseite.com\/de\/#\/schema\/person\/50fda0e926597684c7cc6695238a4eb9","name":"Bigi Alt"}]}},"_links":{"self":[{"href":"https:\/\/www.sonnenseite.com\/de\/wp-json\/wp\/v2\/posts\/91868","targetHints":{"allow":["GET"]}}],"collection":[{"href":"https:\/\/www.sonnenseite.com\/de\/wp-json\/wp\/v2\/posts"}],"about":[{"href":"https:\/\/www.sonnenseite.com\/de\/wp-json\/wp\/v2\/types\/post"}],"author":[{"embeddable":true,"href":"https:\/\/www.sonnenseite.com\/de\/wp-json\/wp\/v2\/users\/3"}],"replies":[{"embeddable":true,"href":"https:\/\/www.sonnenseite.com\/de\/wp-json\/wp\/v2\/comments?post=91868"}],"version-history":[{"count":1,"href":"https:\/\/www.sonnenseite.com\/de\/wp-json\/wp\/v2\/posts\/91868\/revisions"}],"predecessor-version":[{"id":91869,"href":"https:\/\/www.sonnenseite.com\/de\/wp-json\/wp\/v2\/posts\/91868\/revisions\/91869"}],"wp:featuredmedia":[{"embeddable":true,"href":"https:\/\/www.sonnenseite.com\/de\/wp-json\/wp\/v2\/media\/14982"}],"wp:attachment":[{"href":"https:\/\/www.sonnenseite.com\/de\/wp-json\/wp\/v2\/media?parent=91868"}],"wp:term":[{"taxonomy":"category","embeddable":true,"href":"https:\/\/www.sonnenseite.com\/de\/wp-json\/wp\/v2\/categories?post=91868"},{"taxonomy":"post_tag","embeddable":true,"href":"https:\/\/www.sonnenseite.com\/de\/wp-json\/wp\/v2\/tags?post=91868"}],"curies":[{"name":"wp","href":"https:\/\/api.w.org\/{rel}","templated":true}]}}