{"id":92040,"date":"2023-06-19T02:56:00","date_gmt":"2023-06-19T00:56:00","guid":{"rendered":"https:\/\/www.sonnenseite.com\/?p=92040"},"modified":"2023-06-26T12:20:24","modified_gmt":"2023-06-26T10:20:24","slug":"klimaschutz-braucht-funktionierende-kapitalmaerkte","status":"publish","type":"post","link":"https:\/\/www.sonnenseite.com\/de\/wirtschaft\/klimaschutz-braucht-funktionierende-kapitalmaerkte\/","title":{"rendered":"Klimaschutz braucht funktionierende Kapitalm\u00e4rkte"},"content":{"rendered":"\n<p>Wenn Kredite zu teuer sind, bremst das die Energiewende. Wie die Politik damit umgehen sollte, untersucht jetzt eine vom MCC mitverfasste Modellstudie im Top-Journal JAERE.<\/p>\n\n\n\n<p>Eine neue Studie untersucht jetzt einen wichtigen Aspekt beim Kampf gegen die Erderhitzung: die Unterst\u00fctzung durch funktionierende Kapitalm\u00e4rkte. Banken sammeln Ersparnisse und stellen sie als Kredite bereit \u2013 und je gr\u00f6\u00dfer die Differenz zwischen Spar- und Kreditzinsen ist, desto teurer sind Investitionen zum Beispiel in fossilfreie Stahlwerke, Stromerzeugung oder Heizanlagen. Die Studie wurde erstellt vom <a href=\"https:\/\/www.mcc-berlin.net\/\">Berliner Klimaforschungsinstitut MCC (Mercator Research Institute on Global Commons and Climate Change)<\/a> und vom <a href=\"https:\/\/www.pik-potsdam.de\/de\/aktuelles\/nachrichten\/klimaschutz-braucht-funktionierende-kapitalmaerkte\">Potsdam-Institut f\u00fcr Klimafolgenforschung<\/a>. Sie wurde in der renommierten <a href=\"https:\/\/www.journals.uchicago.edu\/doi\/10.1086\/725920\">Fachzeitschrift <em>Journal of the Association of Environmental and Resource Economists (JAERE)<\/em><\/a> ver\u00f6ffentlicht.<\/p>\n\n\n\n<p>Wie stark das Thema Zins den Klimaschutz tangiert, verdeutlicht die Studie mit einer markanten Zahl: Aus der aktuellen Differenz zwischen Spar- und Kreditzins, im globalen Durchschnitt 5,1 Prozentpunkte, resultiert eine zus\u00e4tzliche Erderhitzung um 0,2 Grad Celsius. F\u00fcr diesen Vergleich mit einer friktionslosen Wirtschaft, in der dieser Zinsspread gleich null w\u00e4re, unterstellt das Forschungsteam in seiner modellhaften Betrachtung eine Klimapolitik nach dem Kosten-Nutzen-Prinzip: Die Regierung kennt die exakte, im Zeitablauf steigende H\u00f6he der Klimasch\u00e4den, verteuert den CO<sub>2<\/sub>-Aussto\u00df jeweils entsprechend der dadurch verursachten Sch\u00e4den und kommt so auf einen kostenoptimalen Zeitpfad f\u00fcr steigende CO<sub>2<\/sub>-Bepreisung. Alternativ braucht sie, wenn sie sich an einem festen Temperaturziel orientiert, aufgrund des aktuellen Zinsspreads eine 27 Prozent h\u00f6here CO<sub>2<\/sub>-Bepreisung als in einer Welt ohne den Kreditkostenaufschlag.<\/p>\n\n\n\n<p>F\u00fcr die Untersuchung hat das Forschungsteam ein ausgefeiltes Rechenmodell entwickelt und mit empirischen Daten gef\u00fcttert. \u201eWir identifizieren acht verschiedene Kan\u00e4le, \u00fcber die der Zinsaufschlag f\u00fcr Kredite letztlich die Klimagas-Emissionen beeinflusst\u201c, erkl\u00e4rt <a href=\"https:\/\/www.mcc-berlin.net\/ueber-uns\/team\/kalkuhl-matthias.html\">Matthias Kalkuhl<\/a>, Leiter der MCC-Arbeitsgruppe Wirtschaftswachstum und menschliche Entwicklung und Co-Autor der Studie. \u201eZwar gibt es auch bremsende Effekte \u2013 zum Beispiel verringern hohe Zinsen das Wachstum der Wirtschaftsleistung und damit auch des Energieverbrauchs. Aber es \u00fcberwiegt eben die klimasch\u00e4dliche Wirkung. So erh\u00f6ht etwa der Kreditkostenaufschlag die Vermeidungskosten je Tonne CO<sub>2<\/sub>, sodass bei einer Orientierung am Kosten-Nutzen-Kalk\u00fcl dann im Ergebnis weniger Klimaschutz praktiziert wird.\u201c<\/p>\n\n\n\n<p>Die Kernaussage der Studie f\u00fcr die Politik fasst ihr Leitautor Kai Lessmann vom Potsdam-Institut so zusammen: \u201eDie Regierungen m\u00fcssen genau hinschauen, ob der h\u00f6here Zins f\u00fcr Kredite nur die tats\u00e4chlichen Vermittlungskosten abbildet oder ob er auch Ausdruck f\u00fcr zu wenig Wettbewerb zwischen den Banken ist \u2013 wof\u00fcr in der realen Welt einiges spricht. Wenn tats\u00e4chlich die Marktstruktur der Grund ist und sich auf mittlere Sicht nicht \u00e4ndern l\u00e4sst, dann kann die Politik kurzfristig durch Investitionsf\u00f6rderung wirksam gegensteuern.\u201c Dabei zeigt sich in der Studie: Wenn sich die Regierung zu einer allgemeinen Investitionsf\u00f6rderung entschlie\u00dft, ist das f\u00fcr Klima und Wirtschaft noch besser, als wenn sie gezielt nur \u00d6koprojekte verbilligt. \u201eDer Strukturwandel hin zu fossilfreien Technologien vollzieht sich dann von selbst\u201c, erl\u00e4utert Lessmann. \u201eWeil diese in der Regel kapitalintensiver sind, also von sinkenden Kreditkosten st\u00e4rker profitieren. Und weil ja zudem die \u00fcber die Zeit steigende CO<sub>2<\/sub>-Bepreisung ihren Lenkungseffekt entfaltet.\u201c<\/p>\n\n\n\n<p>Die Bremswirkung hoher Kreditkosten auf den Klimaschutz, die nunmehr in bislang unerreichter Sch\u00e4rfe theoretisch ausgeleuchtet wird, ist vor allem in vielen L\u00e4ndern des globalen S\u00fcdens ein gro\u00dfes Problem. Die j\u00e4hrlichen Kapitalkosten in Prozent der Investitionssumme sind dort nicht selten zweistellig. Viele Solar- oder Windkraftparks w\u00e4ren zwar langfristig rentabler als Gas- oder Kohlekraftwerke \u2013 doch sie werden dort trotzdem nicht gebaut, weil man daf\u00fcr am Anfang pro Megawatt installierter Leistung mehr Kapital ben\u00f6tigt. Zum Gegensteuern fehlt der Politik oft das Geld, sie setzt auf Hilfe aus dem reichen Norden.<\/p>\n\n\n\n<ul class=\"wp-block-list\">\n<li><a href=\"https:\/\/www.journals.uchicago.edu\/doi\/10.1086\/725920\">Lessmann, K., Kalkuhl, M., 2023, Climate finance intermediation: interest spread effects in a climate policy model, Journal of the Association of Environmental and Resource Economists (JAERE)<\/a><\/li>\n<\/ul>\n\n\n<h5 class=\"green\">Quelle<\/h5>\r\n\n\n\n<p><a href=\"https:\/\/www.mcc-berlin.net\/news\/meldungen\/meldungen-detail\/article\/klimaschutz-braucht-funktionierende-kapitalmaerkte.html\">Berliner Klimaforschungsinstitut MCC (Mercator Research Institute on Global Commons and Climate Change) 2023<\/a><\/p>\n<div class=\"shariff shariff-align-flex-start shariff-widget-align-flex-start\"><div class=\"ShariffHeadline\">Diese Meldung teilen<\/div><ul class=\"shariff-buttons theme-round orientation-horizontal buttonsize-medium\"><li class=\"shariff-button facebook shariff-nocustomcolor\" style=\"background-color:#4273c8;border-radius:1%\"><a href=\"https:\/\/www.facebook.com\/sharer\/sharer.php?u=https%3A%2F%2Fwww.sonnenseite.com%2Fde%2Fwirtschaft%2Fklimaschutz-braucht-funktionierende-kapitalmaerkte%2F\" title=\"Bei Facebook teilen\" aria-label=\"Bei Facebook teilen\" role=\"button\" rel=\"nofollow\" class=\"shariff-link\" style=\";border-radius:1%; background-color:#3b5998; color:#fff\" target=\"_blank\"><span class=\"shariff-icon\" style=\"\"><svg width=\"32px\" height=\"20px\" xmlns=\"http:\/\/www.w3.org\/2000\/svg\" viewBox=\"0 0 18 32\"><path fill=\"#3b5998\" d=\"M17.1 0.2v4.7h-2.8q-1.5 0-2.1 0.6t-0.5 1.9v3.4h5.2l-0.7 5.3h-4.5v13.6h-5.5v-13.6h-4.5v-5.3h4.5v-3.9q0-3.3 1.9-5.2t5-1.8q2.6 0 4.1 0.2z\"\/><\/svg><\/span><\/a><\/li><li class=\"shariff-button twitter shariff-nocustomcolor\" style=\"background-color:#595959;border-radius:1%\"><a href=\"https:\/\/twitter.com\/share?url=https%3A%2F%2Fwww.sonnenseite.com%2Fde%2Fwirtschaft%2Fklimaschutz-braucht-funktionierende-kapitalmaerkte%2F&text=Klimaschutz%20braucht%20funktionierende%20Kapitalm%C3%A4rkte\" title=\"Bei X teilen\" aria-label=\"Bei X teilen\" role=\"button\" rel=\"noopener nofollow\" class=\"shariff-link\" style=\";border-radius:1%; background-color:#000; color:#fff\" target=\"_blank\"><span class=\"shariff-icon\" style=\"\"><svg width=\"32px\" height=\"20px\" xmlns=\"http:\/\/www.w3.org\/2000\/svg\" viewBox=\"0 0 24 24\"><path fill=\"#000\" d=\"M14.258 10.152L23.176 0h-2.113l-7.747 8.813L7.133 0H0l9.352 13.328L0 23.973h2.113l8.176-9.309 6.531 9.309h7.133zm-2.895 3.293l-.949-1.328L2.875 1.56h3.246l6.086 8.523.945 1.328 7.91 11.078h-3.246zm0 0\"\/><\/svg><\/span><\/a><\/li><li class=\"shariff-button xing shariff-nocustomcolor\" style=\"background-color:#29888a;border-radius:1%\"><a href=\"https:\/\/www.xing.com\/spi\/shares\/new?url=https%3A%2F%2Fwww.sonnenseite.com%2Fde%2Fwirtschaft%2Fklimaschutz-braucht-funktionierende-kapitalmaerkte%2F\" title=\"Bei XING teilen\" aria-label=\"Bei XING teilen\" role=\"button\" rel=\"noopener nofollow\" class=\"shariff-link\" style=\";border-radius:1%; background-color:#126567; color:#fff\" target=\"_blank\"><span class=\"shariff-icon\" style=\"\"><svg width=\"32px\" height=\"20px\" xmlns=\"http:\/\/www.w3.org\/2000\/svg\" viewBox=\"0 0 25 32\"><path fill=\"#126567\" d=\"M10.7 11.9q-0.2 0.3-4.6 8.2-0.5 0.8-1.2 0.8h-4.3q-0.4 0-0.5-0.3t0-0.6l4.5-8q0 0 0 0l-2.9-5q-0.2-0.4 0-0.7 0.2-0.3 0.5-0.3h4.3q0.7 0 1.2 0.8zM25.1 0.4q0.2 0.3 0 0.7l-9.4 16.7 6 11q0.2 0.4 0 0.6-0.2 0.3-0.6 0.3h-4.3q-0.7 0-1.2-0.8l-6-11.1q0.3-0.6 9.5-16.8 0.4-0.8 1.2-0.8h4.3q0.4 0 0.5 0.3z\"\/><\/svg><\/span><\/a><\/li><li class=\"shariff-button linkedin shariff-nocustomcolor\" style=\"background-color:#1488bf;border-radius:1%\"><a href=\"https:\/\/www.linkedin.com\/sharing\/share-offsite\/?url=https%3A%2F%2Fwww.sonnenseite.com%2Fde%2Fwirtschaft%2Fklimaschutz-braucht-funktionierende-kapitalmaerkte%2F\" title=\"Bei LinkedIn teilen\" aria-label=\"Bei LinkedIn teilen\" role=\"button\" rel=\"noopener nofollow\" class=\"shariff-link\" style=\";border-radius:1%; background-color:#0077b5; color:#fff\" target=\"_blank\"><span class=\"shariff-icon\" style=\"\"><svg width=\"32px\" height=\"20px\" xmlns=\"http:\/\/www.w3.org\/2000\/svg\" viewBox=\"0 0 27 32\"><path fill=\"#0077b5\" d=\"M6.2 11.2v17.7h-5.9v-17.7h5.9zM6.6 5.7q0 1.3-0.9 2.2t-2.4 0.9h0q-1.5 0-2.4-0.9t-0.9-2.2 0.9-2.2 2.4-0.9 2.4 0.9 0.9 2.2zM27.4 18.7v10.1h-5.9v-9.5q0-1.9-0.7-2.9t-2.3-1.1q-1.1 0-1.9 0.6t-1.2 1.5q-0.2 0.5-0.2 1.4v9.9h-5.9q0-7.1 0-11.6t0-5.3l0-0.9h5.9v2.6h0q0.4-0.6 0.7-1t1-0.9 1.6-0.8 2-0.3q3 0 4.9 2t1.9 6z\"\/><\/svg><\/span><\/a><\/li><li class=\"shariff-button printer shariff-nocustomcolor\" style=\"background-color:#a8a8a8;border-radius:1%\"><a href=\"javascript:window.print()\" title=\"drucken\" aria-label=\"drucken\" role=\"button\" rel=\"noopener nofollow\" class=\"shariff-link\" style=\";border-radius:1%; background-color:#999; color:#fff\"><span class=\"shariff-icon\" style=\"\"><svg width=\"32px\" height=\"20px\" xmlns=\"http:\/\/www.w3.org\/2000\/svg\" viewBox=\"0 0 30 32\"><path fill=\"#999\" d=\"M6.8 27.4h16v-4.6h-16v4.6zM6.8 16h16v-6.8h-2.8q-0.7 0-1.2-0.5t-0.5-1.2v-2.8h-11.4v11.4zM27.4 17.2q0-0.5-0.3-0.8t-0.8-0.4-0.8 0.4-0.3 0.8 0.3 0.8 0.8 0.3 0.8-0.3 0.3-0.8zM29.7 17.2v7.4q0 0.2-0.2 0.4t-0.4 0.2h-4v2.8q0 0.7-0.5 1.2t-1.2 0.5h-17.2q-0.7 0-1.2-0.5t-0.5-1.2v-2.8h-4q-0.2 0-0.4-0.2t-0.2-0.4v-7.4q0-1.4 1-2.4t2.4-1h1.2v-9.7q0-0.7 0.5-1.2t1.2-0.5h12q0.7 0 1.6 0.4t1.3 0.8l2.7 2.7q0.5 0.5 0.9 1.4t0.4 1.6v4.6h1.1q1.4 0 2.4 1t1 2.4z\"\/><\/svg><\/span><\/a><\/li><li class=\"shariff-button mailto shariff-nocustomcolor\" style=\"background-color:#a8a8a8;border-radius:1%\"><a href=\"mailto:?body=https%3A%2F%2Fwww.sonnenseite.com%2Fde%2Fwirtschaft%2Fklimaschutz-braucht-funktionierende-kapitalmaerkte%2F&subject=Klimaschutz%20braucht%20funktionierende%20Kapitalm%C3%A4rkte\" title=\"Per E-Mail versenden\" aria-label=\"Per E-Mail versenden\" role=\"button\" rel=\"noopener nofollow\" class=\"shariff-link\" style=\";border-radius:1%; background-color:#999; color:#fff\"><span class=\"shariff-icon\" style=\"\"><svg width=\"32px\" height=\"20px\" xmlns=\"http:\/\/www.w3.org\/2000\/svg\" viewBox=\"0 0 32 32\"><path fill=\"#999\" d=\"M32 12.7v14.2q0 1.2-0.8 2t-2 0.9h-26.3q-1.2 0-2-0.9t-0.8-2v-14.2q0.8 0.9 1.8 1.6 6.5 4.4 8.9 6.1 1 0.8 1.6 1.2t1.7 0.9 2 0.4h0.1q0.9 0 2-0.4t1.7-0.9 1.6-1.2q3-2.2 8.9-6.1 1-0.7 1.8-1.6zM32 7.4q0 1.4-0.9 2.7t-2.2 2.2q-6.7 4.7-8.4 5.8-0.2 0.1-0.7 0.5t-1 0.7-0.9 0.6-1.1 0.5-0.9 0.2h-0.1q-0.4 0-0.9-0.2t-1.1-0.5-0.9-0.6-1-0.7-0.7-0.5q-1.6-1.1-4.7-3.2t-3.6-2.6q-1.1-0.7-2.1-2t-1-2.5q0-1.4 0.7-2.3t2.1-0.9h26.3q1.2 0 2 0.8t0.9 2z\"\/><\/svg><\/span><\/a><\/li><\/ul><\/div>","protected":false},"excerpt":{"rendered":"<p>Wenn Kredite zu teuer sind, bremst das die Energiewende. Wie die Politik damit umgehen sollte, untersucht [&hellip;]<\/p>\n","protected":false},"author":3,"featured_media":5565,"comment_status":"closed","ping_status":"closed","sticky":false,"template":"","format":"standard","meta":{"inline_featured_image":false,"footnotes":""},"categories":[24],"tags":[],"class_list":["post-92040","post","type-post","status-publish","format-standard","has-post-thumbnail","hentry","category-wirtschaft"],"yoast_head":"<!-- This site is optimized with the Yoast SEO plugin v26.5 - https:\/\/yoast.com\/wordpress\/plugins\/seo\/ -->\n<title>Klimaschutz braucht funktionierende Kapitalm\u00e4rkte - Sonnenseite - \u00d6kologische Kommunikation mit Franz Alt<\/title>\n<meta name=\"description\" content=\"Wenn Kredite zu teuer sind, bremst das die Energiewende. Wie die Politik damit umgehen sollte, untersucht jetzt eine vom MCC mitverfasste Modellstudie im\" \/>\n<meta name=\"robots\" content=\"index, follow, max-snippet:-1, max-image-preview:large, max-video-preview:-1\" \/>\n<link rel=\"canonical\" href=\"https:\/\/www.sonnenseite.com\/de\/wirtschaft\/klimaschutz-braucht-funktionierende-kapitalmaerkte\/\" \/>\n<meta property=\"og:locale\" content=\"de_DE\" \/>\n<meta property=\"og:type\" content=\"article\" \/>\n<meta property=\"og:title\" content=\"Klimaschutz braucht funktionierende Kapitalm\u00e4rkte - Sonnenseite - \u00d6kologische Kommunikation mit Franz Alt\" \/>\n<meta property=\"og:description\" content=\"Wenn Kredite zu teuer sind, bremst das die Energiewende. Wie die Politik damit umgehen sollte, untersucht jetzt eine vom MCC mitverfasste Modellstudie im\" \/>\n<meta property=\"og:url\" content=\"https:\/\/www.sonnenseite.com\/de\/wirtschaft\/klimaschutz-braucht-funktionierende-kapitalmaerkte\/\" \/>\n<meta property=\"og:site_name\" content=\"Sonnenseite\" \/>\n<meta property=\"article:publisher\" content=\"https:\/\/www.facebook.com\/pages\/Franz-Alt-SONNENSEITECOM\/221072987903953?fref=ts\" \/>\n<meta property=\"article:published_time\" content=\"2023-06-19T00:56:00+00:00\" \/>\n<meta property=\"article:modified_time\" content=\"2023-06-26T10:20:24+00:00\" \/>\n<meta property=\"og:image\" content=\"https:\/\/www.sonnenseite.com\/wp-content\/uploads\/2019\/11\/Frankfurt_skyline-moritz320.jpg\" \/>\n\t<meta property=\"og:image:width\" content=\"770\" \/>\n\t<meta property=\"og:image:height\" content=\"420\" \/>\n\t<meta property=\"og:image:type\" content=\"image\/jpeg\" \/>\n<meta name=\"author\" content=\"Bigi Alt\" \/>\n<meta name=\"twitter:card\" content=\"summary_large_image\" \/>\n<meta name=\"twitter:creator\" content=\"@franzalt\" \/>\n<meta name=\"twitter:site\" content=\"@franzalt\" \/>\n<meta name=\"twitter:label1\" content=\"Verfasst von\" \/>\n\t<meta name=\"twitter:data1\" content=\"Bigi Alt\" \/>\n\t<meta name=\"twitter:label2\" content=\"Gesch\u00e4tzte Lesezeit\" \/>\n\t<meta name=\"twitter:data2\" content=\"4\u00a0Minuten\" \/>\n<script type=\"application\/ld+json\" class=\"yoast-schema-graph\">{\"@context\":\"https:\/\/schema.org\",\"@graph\":[{\"@type\":\"Article\",\"@id\":\"https:\/\/www.sonnenseite.com\/de\/wirtschaft\/klimaschutz-braucht-funktionierende-kapitalmaerkte\/#article\",\"isPartOf\":{\"@id\":\"https:\/\/www.sonnenseite.com\/de\/wirtschaft\/klimaschutz-braucht-funktionierende-kapitalmaerkte\/\"},\"author\":{\"name\":\"Bigi Alt\",\"@id\":\"https:\/\/www.sonnenseite.com\/de\/#\/schema\/person\/50fda0e926597684c7cc6695238a4eb9\"},\"headline\":\"Klimaschutz braucht funktionierende Kapitalm\u00e4rkte\",\"datePublished\":\"2023-06-19T00:56:00+00:00\",\"dateModified\":\"2023-06-26T10:20:24+00:00\",\"mainEntityOfPage\":{\"@id\":\"https:\/\/www.sonnenseite.com\/de\/wirtschaft\/klimaschutz-braucht-funktionierende-kapitalmaerkte\/\"},\"wordCount\":645,\"publisher\":{\"@id\":\"https:\/\/www.sonnenseite.com\/de\/#organization\"},\"image\":{\"@id\":\"https:\/\/www.sonnenseite.com\/de\/wirtschaft\/klimaschutz-braucht-funktionierende-kapitalmaerkte\/#primaryimage\"},\"thumbnailUrl\":\"https:\/\/www.sonnenseite.com\/wp-content\/uploads\/2019\/11\/Frankfurt_skyline-moritz320.jpg\",\"articleSection\":[\"Wirtschaft\"],\"inLanguage\":\"de\"},{\"@type\":\"WebPage\",\"@id\":\"https:\/\/www.sonnenseite.com\/de\/wirtschaft\/klimaschutz-braucht-funktionierende-kapitalmaerkte\/\",\"url\":\"https:\/\/www.sonnenseite.com\/de\/wirtschaft\/klimaschutz-braucht-funktionierende-kapitalmaerkte\/\",\"name\":\"Klimaschutz braucht funktionierende Kapitalm\u00e4rkte - Sonnenseite - \u00d6kologische Kommunikation mit Franz Alt\",\"isPartOf\":{\"@id\":\"https:\/\/www.sonnenseite.com\/de\/#website\"},\"primaryImageOfPage\":{\"@id\":\"https:\/\/www.sonnenseite.com\/de\/wirtschaft\/klimaschutz-braucht-funktionierende-kapitalmaerkte\/#primaryimage\"},\"image\":{\"@id\":\"https:\/\/www.sonnenseite.com\/de\/wirtschaft\/klimaschutz-braucht-funktionierende-kapitalmaerkte\/#primaryimage\"},\"thumbnailUrl\":\"https:\/\/www.sonnenseite.com\/wp-content\/uploads\/2019\/11\/Frankfurt_skyline-moritz320.jpg\",\"datePublished\":\"2023-06-19T00:56:00+00:00\",\"dateModified\":\"2023-06-26T10:20:24+00:00\",\"description\":\"Wenn Kredite zu teuer sind, bremst das die Energiewende. Wie die Politik damit umgehen sollte, untersucht jetzt eine vom MCC mitverfasste Modellstudie im\",\"breadcrumb\":{\"@id\":\"https:\/\/www.sonnenseite.com\/de\/wirtschaft\/klimaschutz-braucht-funktionierende-kapitalmaerkte\/#breadcrumb\"},\"inLanguage\":\"de\",\"potentialAction\":[{\"@type\":\"ReadAction\",\"target\":[\"https:\/\/www.sonnenseite.com\/de\/wirtschaft\/klimaschutz-braucht-funktionierende-kapitalmaerkte\/\"]}]},{\"@type\":\"ImageObject\",\"inLanguage\":\"de\",\"@id\":\"https:\/\/www.sonnenseite.com\/de\/wirtschaft\/klimaschutz-braucht-funktionierende-kapitalmaerkte\/#primaryimage\",\"url\":\"https:\/\/www.sonnenseite.com\/wp-content\/uploads\/2019\/11\/Frankfurt_skyline-moritz320.jpg\",\"contentUrl\":\"https:\/\/www.sonnenseite.com\/wp-content\/uploads\/2019\/11\/Frankfurt_skyline-moritz320.jpg\",\"width\":770,\"height\":420,\"caption\":\"pixabay.com| skyline-moritz320 | Je mehr Geld Kredite kosten, desto teurer sind auch Investitionen in fossilfreie Technologien.\"},{\"@type\":\"BreadcrumbList\",\"@id\":\"https:\/\/www.sonnenseite.com\/de\/wirtschaft\/klimaschutz-braucht-funktionierende-kapitalmaerkte\/#breadcrumb\",\"itemListElement\":[{\"@type\":\"ListItem\",\"position\":1,\"name\":\"Startseite\",\"item\":\"https:\/\/www.sonnenseite.com\/de\/\"},{\"@type\":\"ListItem\",\"position\":2,\"name\":\"Klimaschutz braucht funktionierende Kapitalm\u00e4rkte\"}]},{\"@type\":\"WebSite\",\"@id\":\"https:\/\/www.sonnenseite.com\/de\/#website\",\"url\":\"https:\/\/www.sonnenseite.com\/de\/\",\"name\":\"Sonnenseite\",\"description\":\"\u00d6kologische Kommunikation mit Franz Alt\",\"publisher\":{\"@id\":\"https:\/\/www.sonnenseite.com\/de\/#organization\"},\"potentialAction\":[{\"@type\":\"SearchAction\",\"target\":{\"@type\":\"EntryPoint\",\"urlTemplate\":\"https:\/\/www.sonnenseite.com\/de\/?s={search_term_string}\"},\"query-input\":{\"@type\":\"PropertyValueSpecification\",\"valueRequired\":true,\"valueName\":\"search_term_string\"}}],\"inLanguage\":\"de\"},{\"@type\":\"Organization\",\"@id\":\"https:\/\/www.sonnenseite.com\/de\/#organization\",\"name\":\"Sonnenseite\",\"url\":\"https:\/\/www.sonnenseite.com\/de\/\",\"logo\":{\"@type\":\"ImageObject\",\"inLanguage\":\"de\",\"@id\":\"https:\/\/www.sonnenseite.com\/de\/#\/schema\/logo\/image\/\",\"url\":\"https:\/\/www.sonnenseite.com\/wp-content\/uploads\/2020\/05\/Sonnenseite_Logo.png\",\"contentUrl\":\"https:\/\/www.sonnenseite.com\/wp-content\/uploads\/2020\/05\/Sonnenseite_Logo.png\",\"width\":377,\"height\":90,\"caption\":\"Sonnenseite\"},\"image\":{\"@id\":\"https:\/\/www.sonnenseite.com\/de\/#\/schema\/logo\/image\/\"},\"sameAs\":[\"https:\/\/www.facebook.com\/pages\/Franz-Alt-SONNENSEITECOM\/221072987903953?fref=ts\",\"https:\/\/x.com\/franzalt\",\"http:\/\/www.youtube.com\/results?search_query&amp;amp;quot;franz_alt&amp;amp;quot;&amp;amp;amp;amp;search_type&amp;amp;amp;amp;aq=f\"]},{\"@type\":\"Person\",\"@id\":\"https:\/\/www.sonnenseite.com\/de\/#\/schema\/person\/50fda0e926597684c7cc6695238a4eb9\",\"name\":\"Bigi Alt\"}]}<\/script>\n<!-- \/ Yoast SEO plugin. -->","yoast_head_json":{"title":"Klimaschutz braucht funktionierende Kapitalm\u00e4rkte - Sonnenseite - \u00d6kologische Kommunikation mit Franz Alt","description":"Wenn Kredite zu teuer sind, bremst das die Energiewende. Wie die Politik damit umgehen sollte, untersucht jetzt eine vom MCC mitverfasste Modellstudie im","robots":{"index":"index","follow":"follow","max-snippet":"max-snippet:-1","max-image-preview":"max-image-preview:large","max-video-preview":"max-video-preview:-1"},"canonical":"https:\/\/www.sonnenseite.com\/de\/wirtschaft\/klimaschutz-braucht-funktionierende-kapitalmaerkte\/","og_locale":"de_DE","og_type":"article","og_title":"Klimaschutz braucht funktionierende Kapitalm\u00e4rkte - Sonnenseite - \u00d6kologische Kommunikation mit Franz Alt","og_description":"Wenn Kredite zu teuer sind, bremst das die Energiewende. Wie die Politik damit umgehen sollte, untersucht jetzt eine vom MCC mitverfasste Modellstudie im","og_url":"https:\/\/www.sonnenseite.com\/de\/wirtschaft\/klimaschutz-braucht-funktionierende-kapitalmaerkte\/","og_site_name":"Sonnenseite","article_publisher":"https:\/\/www.facebook.com\/pages\/Franz-Alt-SONNENSEITECOM\/221072987903953?fref=ts","article_published_time":"2023-06-19T00:56:00+00:00","article_modified_time":"2023-06-26T10:20:24+00:00","og_image":[{"width":770,"height":420,"url":"https:\/\/www.sonnenseite.com\/wp-content\/uploads\/2019\/11\/Frankfurt_skyline-moritz320.jpg","type":"image\/jpeg"}],"author":"Bigi Alt","twitter_card":"summary_large_image","twitter_creator":"@franzalt","twitter_site":"@franzalt","twitter_misc":{"Verfasst von":"Bigi Alt","Gesch\u00e4tzte Lesezeit":"4\u00a0Minuten"},"schema":{"@context":"https:\/\/schema.org","@graph":[{"@type":"Article","@id":"https:\/\/www.sonnenseite.com\/de\/wirtschaft\/klimaschutz-braucht-funktionierende-kapitalmaerkte\/#article","isPartOf":{"@id":"https:\/\/www.sonnenseite.com\/de\/wirtschaft\/klimaschutz-braucht-funktionierende-kapitalmaerkte\/"},"author":{"name":"Bigi Alt","@id":"https:\/\/www.sonnenseite.com\/de\/#\/schema\/person\/50fda0e926597684c7cc6695238a4eb9"},"headline":"Klimaschutz braucht funktionierende Kapitalm\u00e4rkte","datePublished":"2023-06-19T00:56:00+00:00","dateModified":"2023-06-26T10:20:24+00:00","mainEntityOfPage":{"@id":"https:\/\/www.sonnenseite.com\/de\/wirtschaft\/klimaschutz-braucht-funktionierende-kapitalmaerkte\/"},"wordCount":645,"publisher":{"@id":"https:\/\/www.sonnenseite.com\/de\/#organization"},"image":{"@id":"https:\/\/www.sonnenseite.com\/de\/wirtschaft\/klimaschutz-braucht-funktionierende-kapitalmaerkte\/#primaryimage"},"thumbnailUrl":"https:\/\/www.sonnenseite.com\/wp-content\/uploads\/2019\/11\/Frankfurt_skyline-moritz320.jpg","articleSection":["Wirtschaft"],"inLanguage":"de"},{"@type":"WebPage","@id":"https:\/\/www.sonnenseite.com\/de\/wirtschaft\/klimaschutz-braucht-funktionierende-kapitalmaerkte\/","url":"https:\/\/www.sonnenseite.com\/de\/wirtschaft\/klimaschutz-braucht-funktionierende-kapitalmaerkte\/","name":"Klimaschutz braucht funktionierende Kapitalm\u00e4rkte - Sonnenseite - \u00d6kologische Kommunikation mit Franz Alt","isPartOf":{"@id":"https:\/\/www.sonnenseite.com\/de\/#website"},"primaryImageOfPage":{"@id":"https:\/\/www.sonnenseite.com\/de\/wirtschaft\/klimaschutz-braucht-funktionierende-kapitalmaerkte\/#primaryimage"},"image":{"@id":"https:\/\/www.sonnenseite.com\/de\/wirtschaft\/klimaschutz-braucht-funktionierende-kapitalmaerkte\/#primaryimage"},"thumbnailUrl":"https:\/\/www.sonnenseite.com\/wp-content\/uploads\/2019\/11\/Frankfurt_skyline-moritz320.jpg","datePublished":"2023-06-19T00:56:00+00:00","dateModified":"2023-06-26T10:20:24+00:00","description":"Wenn Kredite zu teuer sind, bremst das die Energiewende. Wie die Politik damit umgehen sollte, untersucht jetzt eine vom MCC mitverfasste Modellstudie im","breadcrumb":{"@id":"https:\/\/www.sonnenseite.com\/de\/wirtschaft\/klimaschutz-braucht-funktionierende-kapitalmaerkte\/#breadcrumb"},"inLanguage":"de","potentialAction":[{"@type":"ReadAction","target":["https:\/\/www.sonnenseite.com\/de\/wirtschaft\/klimaschutz-braucht-funktionierende-kapitalmaerkte\/"]}]},{"@type":"ImageObject","inLanguage":"de","@id":"https:\/\/www.sonnenseite.com\/de\/wirtschaft\/klimaschutz-braucht-funktionierende-kapitalmaerkte\/#primaryimage","url":"https:\/\/www.sonnenseite.com\/wp-content\/uploads\/2019\/11\/Frankfurt_skyline-moritz320.jpg","contentUrl":"https:\/\/www.sonnenseite.com\/wp-content\/uploads\/2019\/11\/Frankfurt_skyline-moritz320.jpg","width":770,"height":420,"caption":"pixabay.com| skyline-moritz320 | Je mehr Geld Kredite kosten, desto teurer sind auch Investitionen in fossilfreie Technologien."},{"@type":"BreadcrumbList","@id":"https:\/\/www.sonnenseite.com\/de\/wirtschaft\/klimaschutz-braucht-funktionierende-kapitalmaerkte\/#breadcrumb","itemListElement":[{"@type":"ListItem","position":1,"name":"Startseite","item":"https:\/\/www.sonnenseite.com\/de\/"},{"@type":"ListItem","position":2,"name":"Klimaschutz braucht funktionierende Kapitalm\u00e4rkte"}]},{"@type":"WebSite","@id":"https:\/\/www.sonnenseite.com\/de\/#website","url":"https:\/\/www.sonnenseite.com\/de\/","name":"Sonnenseite","description":"\u00d6kologische Kommunikation mit Franz Alt","publisher":{"@id":"https:\/\/www.sonnenseite.com\/de\/#organization"},"potentialAction":[{"@type":"SearchAction","target":{"@type":"EntryPoint","urlTemplate":"https:\/\/www.sonnenseite.com\/de\/?s={search_term_string}"},"query-input":{"@type":"PropertyValueSpecification","valueRequired":true,"valueName":"search_term_string"}}],"inLanguage":"de"},{"@type":"Organization","@id":"https:\/\/www.sonnenseite.com\/de\/#organization","name":"Sonnenseite","url":"https:\/\/www.sonnenseite.com\/de\/","logo":{"@type":"ImageObject","inLanguage":"de","@id":"https:\/\/www.sonnenseite.com\/de\/#\/schema\/logo\/image\/","url":"https:\/\/www.sonnenseite.com\/wp-content\/uploads\/2020\/05\/Sonnenseite_Logo.png","contentUrl":"https:\/\/www.sonnenseite.com\/wp-content\/uploads\/2020\/05\/Sonnenseite_Logo.png","width":377,"height":90,"caption":"Sonnenseite"},"image":{"@id":"https:\/\/www.sonnenseite.com\/de\/#\/schema\/logo\/image\/"},"sameAs":["https:\/\/www.facebook.com\/pages\/Franz-Alt-SONNENSEITECOM\/221072987903953?fref=ts","https:\/\/x.com\/franzalt","http:\/\/www.youtube.com\/results?search_query&amp;amp;quot;franz_alt&amp;amp;quot;&amp;amp;amp;amp;search_type&amp;amp;amp;amp;aq=f"]},{"@type":"Person","@id":"https:\/\/www.sonnenseite.com\/de\/#\/schema\/person\/50fda0e926597684c7cc6695238a4eb9","name":"Bigi Alt"}]}},"_links":{"self":[{"href":"https:\/\/www.sonnenseite.com\/de\/wp-json\/wp\/v2\/posts\/92040","targetHints":{"allow":["GET"]}}],"collection":[{"href":"https:\/\/www.sonnenseite.com\/de\/wp-json\/wp\/v2\/posts"}],"about":[{"href":"https:\/\/www.sonnenseite.com\/de\/wp-json\/wp\/v2\/types\/post"}],"author":[{"embeddable":true,"href":"https:\/\/www.sonnenseite.com\/de\/wp-json\/wp\/v2\/users\/3"}],"replies":[{"embeddable":true,"href":"https:\/\/www.sonnenseite.com\/de\/wp-json\/wp\/v2\/comments?post=92040"}],"version-history":[{"count":1,"href":"https:\/\/www.sonnenseite.com\/de\/wp-json\/wp\/v2\/posts\/92040\/revisions"}],"predecessor-version":[{"id":92041,"href":"https:\/\/www.sonnenseite.com\/de\/wp-json\/wp\/v2\/posts\/92040\/revisions\/92041"}],"wp:featuredmedia":[{"embeddable":true,"href":"https:\/\/www.sonnenseite.com\/de\/wp-json\/wp\/v2\/media\/5565"}],"wp:attachment":[{"href":"https:\/\/www.sonnenseite.com\/de\/wp-json\/wp\/v2\/media?parent=92040"}],"wp:term":[{"taxonomy":"category","embeddable":true,"href":"https:\/\/www.sonnenseite.com\/de\/wp-json\/wp\/v2\/categories?post=92040"},{"taxonomy":"post_tag","embeddable":true,"href":"https:\/\/www.sonnenseite.com\/de\/wp-json\/wp\/v2\/tags?post=92040"}],"curies":[{"name":"wp","href":"https:\/\/api.w.org\/{rel}","templated":true}]}}