{"id":92054,"date":"2023-06-20T02:44:00","date_gmt":"2023-06-20T00:44:00","guid":{"rendered":"https:\/\/www.sonnenseite.com\/?p=92054"},"modified":"2023-07-02T09:18:36","modified_gmt":"2023-07-02T07:18:36","slug":"die-energiewende-in-deutschland-auf-einen-blick","status":"publish","type":"post","link":"https:\/\/www.sonnenseite.com\/de\/politik\/die-energiewende-in-deutschland-auf-einen-blick\/","title":{"rendered":"Die Energiewende in Deutschland auf einen Blick"},"content":{"rendered":"\n<p>Ariadne\u2010Tracker pr\u00fcft Fortschritt auf dem Weg zur Klimaneutralit\u00e4t.<\/p>\n\n\n\n<p>Um 2045 klimaneutral zu sein, muss das Energiesystem in einem nie dagewesenen Tempo umgebaut werden. Ob die Energiewende in Deutschland auf Kurs ist, zeigt jetzt der neue Transformations\u2010Tracker des Kopernikus\u2010Projekts Ariadne auf einen Blick. Gef\u00f6rdert vom Bundesministerium f\u00fcr Bildung und Forschung (BMBF) setzt der Tracker die Entwicklung von mehr als 40 konkreten Schl\u00fcsselindikatoren ins Verh\u00e4ltnis zu den Zielpfaden der Ariadne\u2010Szenarien zur Klimaneutralit\u00e4t \u2013 vom Gesamtsystem, \u00fcber die Energiewirtschaft bis in die einzelnen Sektoren Geb\u00e4ude, Verkehr und Industrie.<\/p>\n\n\n<div class=\"wp-block-image\">\n<figure class=\"aligncenter size-full\"><a href=\"https:\/\/www.sonnenseite.com\/wp-content\/uploads\/2023\/06\/Ariadne_Projekt.jpg\"><img loading=\"lazy\" decoding=\"async\" width=\"875\" height=\"454\" src=\"https:\/\/www.sonnenseite.com\/wp-content\/uploads\/2023\/06\/Ariadne_Projekt.jpg\" alt=\"\" class=\"wp-image-92047\" srcset=\"https:\/\/www.sonnenseite.com\/wp-content\/uploads\/2023\/06\/Ariadne_Projekt.jpg 875w, https:\/\/www.sonnenseite.com\/wp-content\/uploads\/2023\/06\/Ariadne_Projekt-300x156.jpg 300w, https:\/\/www.sonnenseite.com\/wp-content\/uploads\/2023\/06\/Ariadne_Projekt-768x398.jpg 768w\" sizes=\"auto, (max-width: 875px) 100vw, 875px\" \/><\/a><\/figure>\n<\/div>\n\n\n<p>\u201eUnsere Analysen zeigen: Um auf Kurs zur Klimaneutralit\u00e4t zu kommen, geht es mit den Fortschritten der Energiewende in den meisten Bereichen zu langsam voran&#8220;, sagt Gunnar Luderer, Vize\u2010Leiter des Ariadne\u2010Projekts und Szenarien\u2010Experte des Potsdam\u2010Instituts f\u00fcr Klimafolgenforschung (PIK). \u201eVor allem bei Neuanschaffungen muss massiv umgesteuert werden, um den Weg zur Klimaneutralit\u00e4t nicht zu verbauen\u201c. Wo es schon l\u00e4uft, aber auch, wo es noch hakt, zeigt der Transformations-Tracker anhand von Geschwindigkeits\u2010Tachometern. Derzeit stehen diese erst in den wenigsten F\u00e4llen auf Erfolg.<br><br>Neben Kennzahlen der letzten drei Jahre zu Emissionen und dem Ausbau von Windenergie, Photovoltaik &amp; Co geh\u00f6ren zu den ber\u00fccksichtigten Indikatoren auch jene Signale, die den Ausstieg aus der Nutzung von Kohle, \u00d6l und Gas verfolgen. Auch inwiefern Investitionen in Autos, Heizungssysteme und Industrieanlagen mit den langfristigen Klimazielen vereinbar sind, flie\u00dft also in den Transformations\u2010Tracker mit ein. Denn gerade bei den langlebigen Investitionsg\u00fctern zeigt sich, dass noch viel zu tun ist. Neue Benziner oder Diesel fahren im Schnitt 18 Jahre auf den Stra\u00dfen, neue Gasheizungen sind 15\u201025, teils sogar 30 Jahre in Betrieb. Die fossile Zukunft wird hier also bei Kaufentscheidungen mitunter gleich mitbestellt.<\/p>\n\n\n\n<h4 class=\"wp-block-heading\">Achtung Sondereffekt! Vorsicht bei der Formel f\u00fcr den Fortschritt<\/h4>\n\n\n\n<p>Auch bei den Erfolgen lohnt es sich, genauer hinzuschauen. J\u00fcngste Ereignisse wie die Corona\u2010Pandemie oder die Energiekrise haben auf die Indikatoren einen starken Einfluss. Manch ein \u201eFortschritt\u201c auf dem Weg zur Klimaneutralit\u00e4t ist deshalb nicht der notwendigen strukturellen Transformation geschuldet, sondern geht lediglich auf kurzfristig wirkende Entwicklungen zur\u00fcck. Diese im Tracker gekennzeichneten \u201eSondereffekte\u201c sollten deshalb mit Vorsicht interpretiert werden, so die Fachleute. Denn Emissionen, die etwa im Zuge der Pandemie durch das Herunterfahren der Industrieproduktion oder weniger Verkehr auf den Stra\u00dfen gesunken sind steigen nach der Pandemie wieder an.<br><br>\u201cDass viele vermeintlich g\u00fcnstige Entwicklungen der letzten Jahre Folge der Corona\u2010Pandemie und der Energiekrise sind, ist zun\u00e4chst ern\u00fcchternd\u201c, erg\u00e4nzt Frederike Bartels vom PIK. \u201eUmso mehr gilt es, auf dem aktuellen Bewusstsein f\u00fcr Energiefragen jetzt aufzubauen und strukturelle Ver\u00e4nderungen bei zuk\u00fcnftigen Investitionen oder individuellem Verhalten anzusto\u00dfen, die dann einen nachhaltigen Nutzen f\u00fcr den Weg zur Klimaneutralit\u00e4t haben\u201d.<\/p>\n\n\n\n<h4 class=\"wp-block-heading\">Die Energiewende ist kein Selbstl\u00e4ufer: Ariadne\u2010Szenarien als Fr\u00fchwarnsystem f\u00fcr Kurskorrekturen<\/h4>\n\n\n\n<p>Der Ariadne\u2010Tracker kann so als Fr\u00fchwarnsystem der Knack\u2010 und Knirschpunkte der Energiewende aufzeigen, wo die praktische Umsetzung nicht zu den Notwendigkeiten der gesetzten Klimaziele passt. Geleitet vom Potsdam\u2010Institut f\u00fcr Klimafolgenforschung unter Mitwirkung von Ariadne\u2010Fachleuten des Instituts f\u00fcr Energiewirtschaft und Rationelle Energieanwendung der Universit\u00e4t Stuttgart, des Fraunhofer\u2010Instituts f\u00fcr Solare Energiesysteme, des DLR\u2010Instituts f\u00fcr Verkehrsforschung und des Fraunhofer\u2010Instituts f\u00fcr System\u2010 und Innovationsforschung baut der Transformations\u2010Tracker auf die im Ariadne\u2010Projekt entstandenen Szenarien auf, die verschiedene Transformationspfade zur Klimaneutralit\u00e4t 2045 beschreiben. Diese Transformationspfade umfassen das gesamte Energiesystem und die Sektoren Industrie, Geb\u00e4ude und Verkehr und integrieren im Modellvergleich Gesamtsystem\u2010 und Sektormodelle. So k\u00f6nnen detaillierte Energiewendepfade analysiert werden, um robuste Strategien abzuleiten und Unsicherheiten oder Hemmnisse entlang der notwendigen Transformation auszubuchstabieren.<\/p>\n\n\n\n<ul class=\"wp-block-list\">\n<li><a href=\"https:\/\/tracker.ariadneprojekt.de\/\">Weblink zum Transformation Tracker<\/a><\/li>\n\n\n\n<li><a href=\"https:\/\/ariadneprojekt.de\/\">Weblink zur Projektseite<\/a><\/li>\n\n\n\n<li><a href=\"https:\/\/ariadneprojekt.de\/pressemitteilung\/deutschland\u2010auf\u2010dem\u2010weg\u2010aus\u2010der\u2010gaskrise\/\" target=\"_blank\" rel=\"noreferrer noopener\">Deutschland auf dem Weg aus der Gaskrise \u2013 Wie sich Klimaschutz und Energiesouver\u00e4nit\u00e4t <\/a><a href=\"https:\/\/ariadneprojekt.de\/pressemitteilung\/deutschland\u2010auf\u2010dem\u2010weg\u2010aus\u2010der\u2010gaskrise\/\" target=\"_blank\" rel=\"noreferrer noopener\">vereinen lassen<\/a> (2022): Gunnar Luderer, Frederike Bartels et al. Kopernikus\u2010Projekt Ariadne, Potsdam. DOI: 10.48485\/pik.2022.004<\/li>\n\n\n\n<li><a href=\"https:\/\/ariadneprojekt.de\/pressemitteilung\/so\u2010geht\u2010klimaneutralitat\u20102045\u2010was\u2010der\u2010erste\u2010 modellvergleich\u2010fur\u2010deutschland\u2010zeigt\/\" target=\"_blank\" rel=\"noreferrer noopener\">Deutschland auf dem Weg zur Klimaneutralit\u00e4t 2045. Szenarien und Pfade im Modellvergleich.<\/a> Ariadne\u2010Report (2021): Gunnar Luderer (Hrsg.), Christoph Kost (Hrg.), Dominika Soergel (Hrsg.) et al. Kopernikus\u2010Projekt Ariadne, Potsdam. DOI: 10.48485\/pik.2021.006<\/li>\n<\/ul>\n\n\n<h5 class=\"green\">Quelle<\/h5>\r\n\n\n\n<p><a href=\"https:\/\/www.pik-potsdam.de\/de\/aktuelles\/nachrichten\/die-energiewende-in-deutschland-auf-einen-blick-ariadne2010tracker-prueft-fortschritt-auf-dem-weg-zur-klimaneutralitaet\">Potsdam-Institut f\u00fcr Klimafolgenforschung (PIK) 2023<\/a><\/p>\n<div class=\"shariff shariff-align-flex-start shariff-widget-align-flex-start\"><div class=\"ShariffHeadline\">Diese Meldung teilen<\/div><ul class=\"shariff-buttons theme-round orientation-horizontal buttonsize-medium\"><li class=\"shariff-button facebook shariff-nocustomcolor\" style=\"background-color:#4273c8;border-radius:1%\"><a href=\"https:\/\/www.facebook.com\/sharer\/sharer.php?u=https%3A%2F%2Fwww.sonnenseite.com%2Fde%2Fpolitik%2Fdie-energiewende-in-deutschland-auf-einen-blick%2F\" title=\"Bei Facebook teilen\" aria-label=\"Bei Facebook teilen\" role=\"button\" rel=\"nofollow\" class=\"shariff-link\" style=\";border-radius:1%; background-color:#3b5998; color:#fff\" target=\"_blank\"><span class=\"shariff-icon\" style=\"\"><svg width=\"32px\" height=\"20px\" xmlns=\"http:\/\/www.w3.org\/2000\/svg\" viewBox=\"0 0 18 32\"><path fill=\"#3b5998\" d=\"M17.1 0.2v4.7h-2.8q-1.5 0-2.1 0.6t-0.5 1.9v3.4h5.2l-0.7 5.3h-4.5v13.6h-5.5v-13.6h-4.5v-5.3h4.5v-3.9q0-3.3 1.9-5.2t5-1.8q2.6 0 4.1 0.2z\"\/><\/svg><\/span><\/a><\/li><li class=\"shariff-button twitter shariff-nocustomcolor\" style=\"background-color:#595959;border-radius:1%\"><a href=\"https:\/\/twitter.com\/share?url=https%3A%2F%2Fwww.sonnenseite.com%2Fde%2Fpolitik%2Fdie-energiewende-in-deutschland-auf-einen-blick%2F&text=Die%20Energiewende%20in%20Deutschland%20auf%20einen%20Blick\" title=\"Bei X teilen\" aria-label=\"Bei X teilen\" role=\"button\" rel=\"noopener nofollow\" class=\"shariff-link\" style=\";border-radius:1%; background-color:#000; color:#fff\" target=\"_blank\"><span class=\"shariff-icon\" style=\"\"><svg width=\"32px\" height=\"20px\" xmlns=\"http:\/\/www.w3.org\/2000\/svg\" viewBox=\"0 0 24 24\"><path fill=\"#000\" d=\"M14.258 10.152L23.176 0h-2.113l-7.747 8.813L7.133 0H0l9.352 13.328L0 23.973h2.113l8.176-9.309 6.531 9.309h7.133zm-2.895 3.293l-.949-1.328L2.875 1.56h3.246l6.086 8.523.945 1.328 7.91 11.078h-3.246zm0 0\"\/><\/svg><\/span><\/a><\/li><li class=\"shariff-button xing shariff-nocustomcolor\" style=\"background-color:#29888a;border-radius:1%\"><a href=\"https:\/\/www.xing.com\/spi\/shares\/new?url=https%3A%2F%2Fwww.sonnenseite.com%2Fde%2Fpolitik%2Fdie-energiewende-in-deutschland-auf-einen-blick%2F\" title=\"Bei XING teilen\" aria-label=\"Bei XING teilen\" role=\"button\" rel=\"noopener nofollow\" class=\"shariff-link\" style=\";border-radius:1%; background-color:#126567; color:#fff\" target=\"_blank\"><span class=\"shariff-icon\" style=\"\"><svg width=\"32px\" height=\"20px\" xmlns=\"http:\/\/www.w3.org\/2000\/svg\" viewBox=\"0 0 25 32\"><path fill=\"#126567\" d=\"M10.7 11.9q-0.2 0.3-4.6 8.2-0.5 0.8-1.2 0.8h-4.3q-0.4 0-0.5-0.3t0-0.6l4.5-8q0 0 0 0l-2.9-5q-0.2-0.4 0-0.7 0.2-0.3 0.5-0.3h4.3q0.7 0 1.2 0.8zM25.1 0.4q0.2 0.3 0 0.7l-9.4 16.7 6 11q0.2 0.4 0 0.6-0.2 0.3-0.6 0.3h-4.3q-0.7 0-1.2-0.8l-6-11.1q0.3-0.6 9.5-16.8 0.4-0.8 1.2-0.8h4.3q0.4 0 0.5 0.3z\"\/><\/svg><\/span><\/a><\/li><li class=\"shariff-button linkedin shariff-nocustomcolor\" style=\"background-color:#1488bf;border-radius:1%\"><a href=\"https:\/\/www.linkedin.com\/sharing\/share-offsite\/?url=https%3A%2F%2Fwww.sonnenseite.com%2Fde%2Fpolitik%2Fdie-energiewende-in-deutschland-auf-einen-blick%2F\" title=\"Bei LinkedIn teilen\" aria-label=\"Bei LinkedIn teilen\" role=\"button\" rel=\"noopener nofollow\" class=\"shariff-link\" style=\";border-radius:1%; background-color:#0077b5; color:#fff\" target=\"_blank\"><span class=\"shariff-icon\" style=\"\"><svg width=\"32px\" height=\"20px\" xmlns=\"http:\/\/www.w3.org\/2000\/svg\" viewBox=\"0 0 27 32\"><path fill=\"#0077b5\" d=\"M6.2 11.2v17.7h-5.9v-17.7h5.9zM6.6 5.7q0 1.3-0.9 2.2t-2.4 0.9h0q-1.5 0-2.4-0.9t-0.9-2.2 0.9-2.2 2.4-0.9 2.4 0.9 0.9 2.2zM27.4 18.7v10.1h-5.9v-9.5q0-1.9-0.7-2.9t-2.3-1.1q-1.1 0-1.9 0.6t-1.2 1.5q-0.2 0.5-0.2 1.4v9.9h-5.9q0-7.1 0-11.6t0-5.3l0-0.9h5.9v2.6h0q0.4-0.6 0.7-1t1-0.9 1.6-0.8 2-0.3q3 0 4.9 2t1.9 6z\"\/><\/svg><\/span><\/a><\/li><li class=\"shariff-button printer shariff-nocustomcolor\" style=\"background-color:#a8a8a8;border-radius:1%\"><a href=\"javascript:window.print()\" title=\"drucken\" aria-label=\"drucken\" role=\"button\" rel=\"noopener nofollow\" class=\"shariff-link\" style=\";border-radius:1%; background-color:#999; color:#fff\"><span class=\"shariff-icon\" style=\"\"><svg width=\"32px\" height=\"20px\" xmlns=\"http:\/\/www.w3.org\/2000\/svg\" viewBox=\"0 0 30 32\"><path fill=\"#999\" d=\"M6.8 27.4h16v-4.6h-16v4.6zM6.8 16h16v-6.8h-2.8q-0.7 0-1.2-0.5t-0.5-1.2v-2.8h-11.4v11.4zM27.4 17.2q0-0.5-0.3-0.8t-0.8-0.4-0.8 0.4-0.3 0.8 0.3 0.8 0.8 0.3 0.8-0.3 0.3-0.8zM29.7 17.2v7.4q0 0.2-0.2 0.4t-0.4 0.2h-4v2.8q0 0.7-0.5 1.2t-1.2 0.5h-17.2q-0.7 0-1.2-0.5t-0.5-1.2v-2.8h-4q-0.2 0-0.4-0.2t-0.2-0.4v-7.4q0-1.4 1-2.4t2.4-1h1.2v-9.7q0-0.7 0.5-1.2t1.2-0.5h12q0.7 0 1.6 0.4t1.3 0.8l2.7 2.7q0.5 0.5 0.9 1.4t0.4 1.6v4.6h1.1q1.4 0 2.4 1t1 2.4z\"\/><\/svg><\/span><\/a><\/li><li class=\"shariff-button mailto shariff-nocustomcolor\" style=\"background-color:#a8a8a8;border-radius:1%\"><a href=\"mailto:?body=https%3A%2F%2Fwww.sonnenseite.com%2Fde%2Fpolitik%2Fdie-energiewende-in-deutschland-auf-einen-blick%2F&subject=Die%20Energiewende%20in%20Deutschland%20auf%20einen%20Blick\" title=\"Per E-Mail versenden\" aria-label=\"Per E-Mail versenden\" role=\"button\" rel=\"noopener nofollow\" class=\"shariff-link\" style=\";border-radius:1%; background-color:#999; color:#fff\"><span class=\"shariff-icon\" style=\"\"><svg width=\"32px\" height=\"20px\" xmlns=\"http:\/\/www.w3.org\/2000\/svg\" viewBox=\"0 0 32 32\"><path fill=\"#999\" d=\"M32 12.7v14.2q0 1.2-0.8 2t-2 0.9h-26.3q-1.2 0-2-0.9t-0.8-2v-14.2q0.8 0.9 1.8 1.6 6.5 4.4 8.9 6.1 1 0.8 1.6 1.2t1.7 0.9 2 0.4h0.1q0.9 0 2-0.4t1.7-0.9 1.6-1.2q3-2.2 8.9-6.1 1-0.7 1.8-1.6zM32 7.4q0 1.4-0.9 2.7t-2.2 2.2q-6.7 4.7-8.4 5.8-0.2 0.1-0.7 0.5t-1 0.7-0.9 0.6-1.1 0.5-0.9 0.2h-0.1q-0.4 0-0.9-0.2t-1.1-0.5-0.9-0.6-1-0.7-0.7-0.5q-1.6-1.1-4.7-3.2t-3.6-2.6q-1.1-0.7-2.1-2t-1-2.5q0-1.4 0.7-2.3t2.1-0.9h26.3q1.2 0 2 0.8t0.9 2z\"\/><\/svg><\/span><\/a><\/li><\/ul><\/div>","protected":false},"excerpt":{"rendered":"<p>Ariadne\u2010Tracker pr\u00fcft Fortschritt auf dem Weg zur Klimaneutralit\u00e4t. Um 2045 klimaneutral zu sein, muss das Energiesystem [&hellip;]<\/p>\n","protected":false},"author":3,"featured_media":78603,"comment_status":"closed","ping_status":"closed","sticky":false,"template":"","format":"standard","meta":{"inline_featured_image":false,"footnotes":""},"categories":[21],"tags":[],"class_list":["post-92054","post","type-post","status-publish","format-standard","has-post-thumbnail","hentry","category-politik"],"yoast_head":"<!-- This site is optimized with the Yoast SEO plugin v26.5 - https:\/\/yoast.com\/wordpress\/plugins\/seo\/ -->\n<title>Die Energiewende in Deutschland auf einen Blick - Sonnenseite - \u00d6kologische Kommunikation mit Franz Alt<\/title>\n<meta name=\"description\" content=\"Ariadne\u2010Tracker pr\u00fcft Fortschritt auf dem Weg zur Klimaneutralit\u00e4t. Um 2045 klimaneutral zu sein, muss das Energiesystem in einem nie dagewesenen Tempo\" \/>\n<meta name=\"robots\" content=\"index, follow, max-snippet:-1, max-image-preview:large, max-video-preview:-1\" \/>\n<link rel=\"canonical\" href=\"https:\/\/www.sonnenseite.com\/de\/politik\/die-energiewende-in-deutschland-auf-einen-blick\/\" \/>\n<meta property=\"og:locale\" content=\"de_DE\" \/>\n<meta property=\"og:type\" content=\"article\" \/>\n<meta property=\"og:title\" content=\"Die Energiewende in Deutschland auf einen Blick - Sonnenseite - \u00d6kologische Kommunikation mit Franz Alt\" \/>\n<meta property=\"og:description\" content=\"Ariadne\u2010Tracker pr\u00fcft Fortschritt auf dem Weg zur Klimaneutralit\u00e4t. Um 2045 klimaneutral zu sein, muss das Energiesystem in einem nie dagewesenen Tempo\" \/>\n<meta property=\"og:url\" content=\"https:\/\/www.sonnenseite.com\/de\/politik\/die-energiewende-in-deutschland-auf-einen-blick\/\" \/>\n<meta property=\"og:site_name\" content=\"Sonnenseite\" \/>\n<meta property=\"article:publisher\" content=\"https:\/\/www.facebook.com\/pages\/Franz-Alt-SONNENSEITECOM\/221072987903953?fref=ts\" \/>\n<meta property=\"article:published_time\" content=\"2023-06-20T00:44:00+00:00\" \/>\n<meta property=\"article:modified_time\" content=\"2023-07-02T07:18:36+00:00\" \/>\n<meta property=\"og:image\" content=\"https:\/\/www.sonnenseite.com\/wp-content\/uploads\/2022\/01\/Energiewende_-bernhardlux.jpg\" \/>\n\t<meta property=\"og:image:width\" content=\"770\" \/>\n\t<meta property=\"og:image:height\" content=\"420\" \/>\n\t<meta property=\"og:image:type\" content=\"image\/jpeg\" \/>\n<meta name=\"author\" content=\"Bigi Alt\" \/>\n<meta name=\"twitter:card\" content=\"summary_large_image\" \/>\n<meta name=\"twitter:creator\" content=\"@franzalt\" \/>\n<meta name=\"twitter:site\" content=\"@franzalt\" \/>\n<meta name=\"twitter:label1\" content=\"Verfasst von\" \/>\n\t<meta name=\"twitter:data1\" content=\"Bigi Alt\" \/>\n\t<meta name=\"twitter:label2\" content=\"Gesch\u00e4tzte Lesezeit\" \/>\n\t<meta name=\"twitter:data2\" content=\"4\u00a0Minuten\" \/>\n<script type=\"application\/ld+json\" class=\"yoast-schema-graph\">{\"@context\":\"https:\/\/schema.org\",\"@graph\":[{\"@type\":\"Article\",\"@id\":\"https:\/\/www.sonnenseite.com\/de\/politik\/die-energiewende-in-deutschland-auf-einen-blick\/#article\",\"isPartOf\":{\"@id\":\"https:\/\/www.sonnenseite.com\/de\/politik\/die-energiewende-in-deutschland-auf-einen-blick\/\"},\"author\":{\"name\":\"Bigi Alt\",\"@id\":\"https:\/\/www.sonnenseite.com\/de\/#\/schema\/person\/50fda0e926597684c7cc6695238a4eb9\"},\"headline\":\"Die Energiewende in Deutschland auf einen Blick\",\"datePublished\":\"2023-06-20T00:44:00+00:00\",\"dateModified\":\"2023-07-02T07:18:36+00:00\",\"mainEntityOfPage\":{\"@id\":\"https:\/\/www.sonnenseite.com\/de\/politik\/die-energiewende-in-deutschland-auf-einen-blick\/\"},\"wordCount\":686,\"publisher\":{\"@id\":\"https:\/\/www.sonnenseite.com\/de\/#organization\"},\"image\":{\"@id\":\"https:\/\/www.sonnenseite.com\/de\/politik\/die-energiewende-in-deutschland-auf-einen-blick\/#primaryimage\"},\"thumbnailUrl\":\"https:\/\/www.sonnenseite.com\/wp-content\/uploads\/2022\/01\/Energiewende_-bernhardlux.jpg\",\"articleSection\":[\"Politik\"],\"inLanguage\":\"de\"},{\"@type\":\"WebPage\",\"@id\":\"https:\/\/www.sonnenseite.com\/de\/politik\/die-energiewende-in-deutschland-auf-einen-blick\/\",\"url\":\"https:\/\/www.sonnenseite.com\/de\/politik\/die-energiewende-in-deutschland-auf-einen-blick\/\",\"name\":\"Die Energiewende in Deutschland auf einen Blick - Sonnenseite - \u00d6kologische Kommunikation mit Franz Alt\",\"isPartOf\":{\"@id\":\"https:\/\/www.sonnenseite.com\/de\/#website\"},\"primaryImageOfPage\":{\"@id\":\"https:\/\/www.sonnenseite.com\/de\/politik\/die-energiewende-in-deutschland-auf-einen-blick\/#primaryimage\"},\"image\":{\"@id\":\"https:\/\/www.sonnenseite.com\/de\/politik\/die-energiewende-in-deutschland-auf-einen-blick\/#primaryimage\"},\"thumbnailUrl\":\"https:\/\/www.sonnenseite.com\/wp-content\/uploads\/2022\/01\/Energiewende_-bernhardlux.jpg\",\"datePublished\":\"2023-06-20T00:44:00+00:00\",\"dateModified\":\"2023-07-02T07:18:36+00:00\",\"description\":\"Ariadne\u2010Tracker pr\u00fcft Fortschritt auf dem Weg zur Klimaneutralit\u00e4t. Um 2045 klimaneutral zu sein, muss das Energiesystem in einem nie dagewesenen Tempo\",\"breadcrumb\":{\"@id\":\"https:\/\/www.sonnenseite.com\/de\/politik\/die-energiewende-in-deutschland-auf-einen-blick\/#breadcrumb\"},\"inLanguage\":\"de\",\"potentialAction\":[{\"@type\":\"ReadAction\",\"target\":[\"https:\/\/www.sonnenseite.com\/de\/politik\/die-energiewende-in-deutschland-auf-einen-blick\/\"]}]},{\"@type\":\"ImageObject\",\"inLanguage\":\"de\",\"@id\":\"https:\/\/www.sonnenseite.com\/de\/politik\/die-energiewende-in-deutschland-auf-einen-blick\/#primaryimage\",\"url\":\"https:\/\/www.sonnenseite.com\/wp-content\/uploads\/2022\/01\/Energiewende_-bernhardlux.jpg\",\"contentUrl\":\"https:\/\/www.sonnenseite.com\/wp-content\/uploads\/2022\/01\/Energiewende_-bernhardlux.jpg\",\"width\":770,\"height\":420,\"caption\":\"Depositphotos.com | bernhardlux\"},{\"@type\":\"BreadcrumbList\",\"@id\":\"https:\/\/www.sonnenseite.com\/de\/politik\/die-energiewende-in-deutschland-auf-einen-blick\/#breadcrumb\",\"itemListElement\":[{\"@type\":\"ListItem\",\"position\":1,\"name\":\"Startseite\",\"item\":\"https:\/\/www.sonnenseite.com\/de\/\"},{\"@type\":\"ListItem\",\"position\":2,\"name\":\"Die Energiewende in Deutschland auf einen Blick\"}]},{\"@type\":\"WebSite\",\"@id\":\"https:\/\/www.sonnenseite.com\/de\/#website\",\"url\":\"https:\/\/www.sonnenseite.com\/de\/\",\"name\":\"Sonnenseite\",\"description\":\"\u00d6kologische Kommunikation mit Franz Alt\",\"publisher\":{\"@id\":\"https:\/\/www.sonnenseite.com\/de\/#organization\"},\"potentialAction\":[{\"@type\":\"SearchAction\",\"target\":{\"@type\":\"EntryPoint\",\"urlTemplate\":\"https:\/\/www.sonnenseite.com\/de\/?s={search_term_string}\"},\"query-input\":{\"@type\":\"PropertyValueSpecification\",\"valueRequired\":true,\"valueName\":\"search_term_string\"}}],\"inLanguage\":\"de\"},{\"@type\":\"Organization\",\"@id\":\"https:\/\/www.sonnenseite.com\/de\/#organization\",\"name\":\"Sonnenseite\",\"url\":\"https:\/\/www.sonnenseite.com\/de\/\",\"logo\":{\"@type\":\"ImageObject\",\"inLanguage\":\"de\",\"@id\":\"https:\/\/www.sonnenseite.com\/de\/#\/schema\/logo\/image\/\",\"url\":\"https:\/\/www.sonnenseite.com\/wp-content\/uploads\/2020\/05\/Sonnenseite_Logo.png\",\"contentUrl\":\"https:\/\/www.sonnenseite.com\/wp-content\/uploads\/2020\/05\/Sonnenseite_Logo.png\",\"width\":377,\"height\":90,\"caption\":\"Sonnenseite\"},\"image\":{\"@id\":\"https:\/\/www.sonnenseite.com\/de\/#\/schema\/logo\/image\/\"},\"sameAs\":[\"https:\/\/www.facebook.com\/pages\/Franz-Alt-SONNENSEITECOM\/221072987903953?fref=ts\",\"https:\/\/x.com\/franzalt\",\"http:\/\/www.youtube.com\/results?search_query&amp;amp;quot;franz_alt&amp;amp;quot;&amp;amp;amp;amp;search_type&amp;amp;amp;amp;aq=f\"]},{\"@type\":\"Person\",\"@id\":\"https:\/\/www.sonnenseite.com\/de\/#\/schema\/person\/50fda0e926597684c7cc6695238a4eb9\",\"name\":\"Bigi Alt\"}]}<\/script>\n<!-- \/ Yoast SEO plugin. -->","yoast_head_json":{"title":"Die Energiewende in Deutschland auf einen Blick - Sonnenseite - \u00d6kologische Kommunikation mit Franz Alt","description":"Ariadne\u2010Tracker pr\u00fcft Fortschritt auf dem Weg zur Klimaneutralit\u00e4t. Um 2045 klimaneutral zu sein, muss das Energiesystem in einem nie dagewesenen Tempo","robots":{"index":"index","follow":"follow","max-snippet":"max-snippet:-1","max-image-preview":"max-image-preview:large","max-video-preview":"max-video-preview:-1"},"canonical":"https:\/\/www.sonnenseite.com\/de\/politik\/die-energiewende-in-deutschland-auf-einen-blick\/","og_locale":"de_DE","og_type":"article","og_title":"Die Energiewende in Deutschland auf einen Blick - Sonnenseite - \u00d6kologische Kommunikation mit Franz Alt","og_description":"Ariadne\u2010Tracker pr\u00fcft Fortschritt auf dem Weg zur Klimaneutralit\u00e4t. Um 2045 klimaneutral zu sein, muss das Energiesystem in einem nie dagewesenen Tempo","og_url":"https:\/\/www.sonnenseite.com\/de\/politik\/die-energiewende-in-deutschland-auf-einen-blick\/","og_site_name":"Sonnenseite","article_publisher":"https:\/\/www.facebook.com\/pages\/Franz-Alt-SONNENSEITECOM\/221072987903953?fref=ts","article_published_time":"2023-06-20T00:44:00+00:00","article_modified_time":"2023-07-02T07:18:36+00:00","og_image":[{"width":770,"height":420,"url":"https:\/\/www.sonnenseite.com\/wp-content\/uploads\/2022\/01\/Energiewende_-bernhardlux.jpg","type":"image\/jpeg"}],"author":"Bigi Alt","twitter_card":"summary_large_image","twitter_creator":"@franzalt","twitter_site":"@franzalt","twitter_misc":{"Verfasst von":"Bigi Alt","Gesch\u00e4tzte Lesezeit":"4\u00a0Minuten"},"schema":{"@context":"https:\/\/schema.org","@graph":[{"@type":"Article","@id":"https:\/\/www.sonnenseite.com\/de\/politik\/die-energiewende-in-deutschland-auf-einen-blick\/#article","isPartOf":{"@id":"https:\/\/www.sonnenseite.com\/de\/politik\/die-energiewende-in-deutschland-auf-einen-blick\/"},"author":{"name":"Bigi Alt","@id":"https:\/\/www.sonnenseite.com\/de\/#\/schema\/person\/50fda0e926597684c7cc6695238a4eb9"},"headline":"Die Energiewende in Deutschland auf einen Blick","datePublished":"2023-06-20T00:44:00+00:00","dateModified":"2023-07-02T07:18:36+00:00","mainEntityOfPage":{"@id":"https:\/\/www.sonnenseite.com\/de\/politik\/die-energiewende-in-deutschland-auf-einen-blick\/"},"wordCount":686,"publisher":{"@id":"https:\/\/www.sonnenseite.com\/de\/#organization"},"image":{"@id":"https:\/\/www.sonnenseite.com\/de\/politik\/die-energiewende-in-deutschland-auf-einen-blick\/#primaryimage"},"thumbnailUrl":"https:\/\/www.sonnenseite.com\/wp-content\/uploads\/2022\/01\/Energiewende_-bernhardlux.jpg","articleSection":["Politik"],"inLanguage":"de"},{"@type":"WebPage","@id":"https:\/\/www.sonnenseite.com\/de\/politik\/die-energiewende-in-deutschland-auf-einen-blick\/","url":"https:\/\/www.sonnenseite.com\/de\/politik\/die-energiewende-in-deutschland-auf-einen-blick\/","name":"Die Energiewende in Deutschland auf einen Blick - Sonnenseite - \u00d6kologische Kommunikation mit Franz Alt","isPartOf":{"@id":"https:\/\/www.sonnenseite.com\/de\/#website"},"primaryImageOfPage":{"@id":"https:\/\/www.sonnenseite.com\/de\/politik\/die-energiewende-in-deutschland-auf-einen-blick\/#primaryimage"},"image":{"@id":"https:\/\/www.sonnenseite.com\/de\/politik\/die-energiewende-in-deutschland-auf-einen-blick\/#primaryimage"},"thumbnailUrl":"https:\/\/www.sonnenseite.com\/wp-content\/uploads\/2022\/01\/Energiewende_-bernhardlux.jpg","datePublished":"2023-06-20T00:44:00+00:00","dateModified":"2023-07-02T07:18:36+00:00","description":"Ariadne\u2010Tracker pr\u00fcft Fortschritt auf dem Weg zur Klimaneutralit\u00e4t. Um 2045 klimaneutral zu sein, muss das Energiesystem in einem nie dagewesenen Tempo","breadcrumb":{"@id":"https:\/\/www.sonnenseite.com\/de\/politik\/die-energiewende-in-deutschland-auf-einen-blick\/#breadcrumb"},"inLanguage":"de","potentialAction":[{"@type":"ReadAction","target":["https:\/\/www.sonnenseite.com\/de\/politik\/die-energiewende-in-deutschland-auf-einen-blick\/"]}]},{"@type":"ImageObject","inLanguage":"de","@id":"https:\/\/www.sonnenseite.com\/de\/politik\/die-energiewende-in-deutschland-auf-einen-blick\/#primaryimage","url":"https:\/\/www.sonnenseite.com\/wp-content\/uploads\/2022\/01\/Energiewende_-bernhardlux.jpg","contentUrl":"https:\/\/www.sonnenseite.com\/wp-content\/uploads\/2022\/01\/Energiewende_-bernhardlux.jpg","width":770,"height":420,"caption":"Depositphotos.com | bernhardlux"},{"@type":"BreadcrumbList","@id":"https:\/\/www.sonnenseite.com\/de\/politik\/die-energiewende-in-deutschland-auf-einen-blick\/#breadcrumb","itemListElement":[{"@type":"ListItem","position":1,"name":"Startseite","item":"https:\/\/www.sonnenseite.com\/de\/"},{"@type":"ListItem","position":2,"name":"Die Energiewende in Deutschland auf einen Blick"}]},{"@type":"WebSite","@id":"https:\/\/www.sonnenseite.com\/de\/#website","url":"https:\/\/www.sonnenseite.com\/de\/","name":"Sonnenseite","description":"\u00d6kologische Kommunikation mit Franz Alt","publisher":{"@id":"https:\/\/www.sonnenseite.com\/de\/#organization"},"potentialAction":[{"@type":"SearchAction","target":{"@type":"EntryPoint","urlTemplate":"https:\/\/www.sonnenseite.com\/de\/?s={search_term_string}"},"query-input":{"@type":"PropertyValueSpecification","valueRequired":true,"valueName":"search_term_string"}}],"inLanguage":"de"},{"@type":"Organization","@id":"https:\/\/www.sonnenseite.com\/de\/#organization","name":"Sonnenseite","url":"https:\/\/www.sonnenseite.com\/de\/","logo":{"@type":"ImageObject","inLanguage":"de","@id":"https:\/\/www.sonnenseite.com\/de\/#\/schema\/logo\/image\/","url":"https:\/\/www.sonnenseite.com\/wp-content\/uploads\/2020\/05\/Sonnenseite_Logo.png","contentUrl":"https:\/\/www.sonnenseite.com\/wp-content\/uploads\/2020\/05\/Sonnenseite_Logo.png","width":377,"height":90,"caption":"Sonnenseite"},"image":{"@id":"https:\/\/www.sonnenseite.com\/de\/#\/schema\/logo\/image\/"},"sameAs":["https:\/\/www.facebook.com\/pages\/Franz-Alt-SONNENSEITECOM\/221072987903953?fref=ts","https:\/\/x.com\/franzalt","http:\/\/www.youtube.com\/results?search_query&amp;amp;quot;franz_alt&amp;amp;quot;&amp;amp;amp;amp;search_type&amp;amp;amp;amp;aq=f"]},{"@type":"Person","@id":"https:\/\/www.sonnenseite.com\/de\/#\/schema\/person\/50fda0e926597684c7cc6695238a4eb9","name":"Bigi Alt"}]}},"_links":{"self":[{"href":"https:\/\/www.sonnenseite.com\/de\/wp-json\/wp\/v2\/posts\/92054","targetHints":{"allow":["GET"]}}],"collection":[{"href":"https:\/\/www.sonnenseite.com\/de\/wp-json\/wp\/v2\/posts"}],"about":[{"href":"https:\/\/www.sonnenseite.com\/de\/wp-json\/wp\/v2\/types\/post"}],"author":[{"embeddable":true,"href":"https:\/\/www.sonnenseite.com\/de\/wp-json\/wp\/v2\/users\/3"}],"replies":[{"embeddable":true,"href":"https:\/\/www.sonnenseite.com\/de\/wp-json\/wp\/v2\/comments?post=92054"}],"version-history":[{"count":3,"href":"https:\/\/www.sonnenseite.com\/de\/wp-json\/wp\/v2\/posts\/92054\/revisions"}],"predecessor-version":[{"id":92057,"href":"https:\/\/www.sonnenseite.com\/de\/wp-json\/wp\/v2\/posts\/92054\/revisions\/92057"}],"wp:featuredmedia":[{"embeddable":true,"href":"https:\/\/www.sonnenseite.com\/de\/wp-json\/wp\/v2\/media\/78603"}],"wp:attachment":[{"href":"https:\/\/www.sonnenseite.com\/de\/wp-json\/wp\/v2\/media?parent=92054"}],"wp:term":[{"taxonomy":"category","embeddable":true,"href":"https:\/\/www.sonnenseite.com\/de\/wp-json\/wp\/v2\/categories?post=92054"},{"taxonomy":"post_tag","embeddable":true,"href":"https:\/\/www.sonnenseite.com\/de\/wp-json\/wp\/v2\/tags?post=92054"}],"curies":[{"name":"wp","href":"https:\/\/api.w.org\/{rel}","templated":true}]}}