{"id":92156,"date":"2023-06-24T16:34:00","date_gmt":"2023-06-24T14:34:00","guid":{"rendered":"https:\/\/www.sonnenseite.com\/?p=92156"},"modified":"2023-07-08T08:35:47","modified_gmt":"2023-07-08T06:35:47","slug":"die-sonne-schickt-uns-keine-rechnung","status":"publish","type":"post","link":"https:\/\/www.sonnenseite.com\/de\/franz-alt\/kommentare-interviews\/die-sonne-schickt-uns-keine-rechnung\/","title":{"rendered":"Die Sonne schickt uns keine Rechnung"},"content":{"rendered":"\n<p>Wenn wir lernen, das Leben und die Sch\u00f6pfung wirklich zu lieben, dann werden wir weder uns noch die Sch\u00f6pfung weiter zerst\u00f6ren. Wenn wir den Klimawandel stoppen wollen, brauchen wir genau diesen Bewusstseinswandel.<\/p>\n\n\n\n<p>Evolution hei\u00dft Transformation, Ver\u00e4nderung, Wandel und Zukunft. Wir Menschen haben Eiszeiten \u00fcberlebt und schreckliche Kriege, Diktaturen und furchtbare Seuchen, Hitler und Stalin. Es ist ein Wunder, dass wir noch hier sind. Hiersein, hier SEIN ist der Sinn unserer Existenz. Wir k\u00f6nnen&nbsp; also noch was tun. Die Zukunft war immer offen und sie wird es bleiben. Wir leben heute in einer Welt, die \u2013 trotz aller Probleme \u2013 besser ist als alle fr\u00fcheren: Weniger Menschen hungern als noch vor 50 Jahren, mehr Kinder gehen zur Schule als je zuvor, es gab noch nie so viel Wohlstand wie heute. Trotz aller Kriege: Es gab noch nie so wenig Gewalt wie in unserer Zeit. Demokratie, Gewaltenteilung, Justiz, Menschenrechte sind Fortschritte, von denen Generation vor uns nur getr\u00e4umt haben. Heute sterben weniger als ein Zehntel der Menschen durch Gewalt als noch vor 2.000 Jahren \u2013 dank Rechtsstaat, Gesetzen, Menschenrechten und Moralvorstellungen.<\/p>\n\n\n\n<p>Wir sind transformationserfahren. Deshalb k\u00f6nnen wir auch an einer guten Zukunft arbeiten. Wir m\u00fcssen es nur wirklich wollen. Wir alle sind Teil der Probleme unserer Zeit. Wir alle k\u00f6nnen aber auch Teil der L\u00f6sung werden. Die gro\u00dfe Transformation erfordert eine ganz Reihe von Wenden: Solare Energiewende, \u00f6kologische Verkehrswende, biologische Landwirtschaftswende, regionale Wasserwende, nachhaltige Waldwende, gerechte Ressourcenwende, intelligente Forschungswende, sich auf die Zyklen und Rhythmen der Natur einlassen.<\/p>\n\n\n\n<p>Wir sind wohl die erste Generation, welche die Notwendigkeit all dieser Wendeman\u00f6ver erkannt hat, wahrscheinlich aber auch die letzte, welche sie noch grundlegend \u00e4ndern kann. Die notwendige Transformation ist die gr\u00f6\u00dfte Herausforderung der heute lebenden Generationen.<\/p>\n\n\n\n<p>Nichts bleibt wie es ist. Der Philosoph, Mathematiker und politische Berater Gottfried Wilhelm Leibnitz war einer der einflussreichsten Gelehrten der fr\u00fchen Aufkl\u00e4rung vor etwa 300 Jahren. Er wusste: \u201eDie Gegenwart ist aufgeladen mit Vergangenheit \u2013 und geht schwanger mit der Zukunft\u201c. Eine bessere Welt ist nicht nur m\u00f6glich, sie ist auch schon im Werden.<\/p>\n\n\n\n<p>Was k\u00f6nnte das f\u00fcr zukunftsf\u00e4hige politische Parteien hei\u00dfen? Schnappt euch bei der n\u00e4chsten Regierungsbildung das Energie-, Bau-, Verkehrs- und Landwirtschaftsministerium und gestaltet nachhaltige Politik f\u00fcr die n\u00e4chsten Generationen. Plant und organisiert das solare Zeitalter.<\/p>\n\n\n\n<p>Hilfreich ist, wenn wir weniger auf zuk\u00fcnftiges Unheil starren, sondern handeln und etwas Neues bauen. \u00d6kologisch umsteuern ist auch wirtschaftlich das Kl\u00fcgste, was wir jetzt am Beginn des neuen Jahrzehnts tun k\u00f6nnen. Bischof Heinrich Bedford-Strohm schl\u00e4gt vor, \u201eKathedralen der Hoffnung\u201c zu bauen. Jede angewandte Technologie f\u00fcr die Energiewende ist ein Zeichen der Hoffnung. &nbsp;F\u00fcr die Welt unserer Kinder und Enkel. Es kommt kein Held, der unsere Probleme l\u00f6st. Das m\u00fcssen wir schon selber tun.<\/p>\n\n\n\n<h4 class=\"wp-block-heading\">Ich zeige Mitgef\u00fchl, also bin ich<\/h4>\n\n\n\n<p>Es liegt an uns, die h\u00f6chste Form bisheriger menschlicher Kreativit\u00e4t zu entfalten und \u00d6konomie, \u00d6kologie und Gerechtigkeit gemeinsam in einer \u00f6kosozialen Marktwirtschaft zu entwickeln. Freude am Leben ist die Basis einer neuen Menschlichkeit. In einer Gesellschaft der offenen Arme helfen wir einander, um uns selbst besser zu verstehen. Wir k\u00f6nnen unsere heutige Ich-Gesellschaft weiter entwickeln zu einer Wir-Gesellschaft. Das w\u00e4re ein fundamentaler Beitrag zur&nbsp; Bewahrung der Sch\u00f6pfung. In der Muttersprache Jesu, im Aram\u00e4ischen, ist Liebe identisch mit Lebensfreude und Frieden.<\/p>\n\n\n\n<p><strong>Mein Wunsch f\u00fcr uns alle im Neuen Jahrzehnt: Bleiben wir erneuerbar <\/strong><\/p>\n\n\n\n<p>Unsere Zukunft ist kein blindes Schicksal, sie ist gestaltbar. Alle Probleme, die Menschen geschaffen haben, sind auch von Menschen l\u00f6sbar. Das ist einfach logisch, sch\u00f6pfungslogisch. Die Sonne schickt uns 15.000 Mal mehr Energie als alle Menschenheute verbrauchen. Hinzu kommen der Wind, die Wasserkraft, die Erdw\u00e4rme, die Bioenergie sowie die Str\u00f6mungs-und Wellenenergie der Ozeane. Von Natur aus gibt es gar kein Energieproblem. Wir m\u00fcssen nur lernen, mehr als bisher auf die Natur zu vertrauen Schon Jesus wusste in seiner Bergpredigt: \u201eDie Sonne des Vaters scheint f\u00fcr alle\u201c. <\/p>\n\n\n\n<p>Welch eine Zusage vor 2.000 Jahren. Die L\u00f6sung des Energieproblems steht am&nbsp; Himmel.&nbsp; Und das Sch\u00f6nste: Die Sonne schickt uns keine Rechnung.<\/p>\n\n\n<h5 class=\"green\">Quelle<\/h5>\r\n\n\n\n<p><a href=\"mailto:franzalt@sonnenseite.com\">Franz Alt 2023<\/a> \/ <a href=\"https:\/\/www.eurosolar.de\/positionen-medien\/solarzeitalter\/\">Erstver\u00f6ffentlichung &#8222;SOLARZEITALTER&#8220; \/ 1-2023<\/a><\/p>\n<div class=\"shariff shariff-align-flex-start shariff-widget-align-flex-start\"><div class=\"ShariffHeadline\">Diese Meldung teilen<\/div><ul class=\"shariff-buttons theme-round orientation-horizontal buttonsize-medium\"><li class=\"shariff-button facebook shariff-nocustomcolor\" style=\"background-color:#4273c8;border-radius:1%\"><a href=\"https:\/\/www.facebook.com\/sharer\/sharer.php?u=https%3A%2F%2Fwww.sonnenseite.com%2Fde%2Ffranz-alt%2Fkommentare-interviews%2Fdie-sonne-schickt-uns-keine-rechnung%2F\" title=\"Bei Facebook teilen\" aria-label=\"Bei Facebook teilen\" role=\"button\" rel=\"nofollow\" class=\"shariff-link\" style=\";border-radius:1%; background-color:#3b5998; color:#fff\" target=\"_blank\"><span class=\"shariff-icon\" style=\"\"><svg width=\"32px\" height=\"20px\" xmlns=\"http:\/\/www.w3.org\/2000\/svg\" viewBox=\"0 0 18 32\"><path fill=\"#3b5998\" d=\"M17.1 0.2v4.7h-2.8q-1.5 0-2.1 0.6t-0.5 1.9v3.4h5.2l-0.7 5.3h-4.5v13.6h-5.5v-13.6h-4.5v-5.3h4.5v-3.9q0-3.3 1.9-5.2t5-1.8q2.6 0 4.1 0.2z\"\/><\/svg><\/span><\/a><\/li><li class=\"shariff-button twitter shariff-nocustomcolor\" style=\"background-color:#595959;border-radius:1%\"><a href=\"https:\/\/twitter.com\/share?url=https%3A%2F%2Fwww.sonnenseite.com%2Fde%2Ffranz-alt%2Fkommentare-interviews%2Fdie-sonne-schickt-uns-keine-rechnung%2F&text=Die%20Sonne%20schickt%20uns%20keine%20Rechnung\" title=\"Bei X teilen\" aria-label=\"Bei X teilen\" role=\"button\" rel=\"noopener nofollow\" class=\"shariff-link\" style=\";border-radius:1%; background-color:#000; color:#fff\" target=\"_blank\"><span class=\"shariff-icon\" style=\"\"><svg width=\"32px\" height=\"20px\" xmlns=\"http:\/\/www.w3.org\/2000\/svg\" viewBox=\"0 0 24 24\"><path fill=\"#000\" d=\"M14.258 10.152L23.176 0h-2.113l-7.747 8.813L7.133 0H0l9.352 13.328L0 23.973h2.113l8.176-9.309 6.531 9.309h7.133zm-2.895 3.293l-.949-1.328L2.875 1.56h3.246l6.086 8.523.945 1.328 7.91 11.078h-3.246zm0 0\"\/><\/svg><\/span><\/a><\/li><li class=\"shariff-button xing shariff-nocustomcolor\" style=\"background-color:#29888a;border-radius:1%\"><a href=\"https:\/\/www.xing.com\/spi\/shares\/new?url=https%3A%2F%2Fwww.sonnenseite.com%2Fde%2Ffranz-alt%2Fkommentare-interviews%2Fdie-sonne-schickt-uns-keine-rechnung%2F\" title=\"Bei XING teilen\" aria-label=\"Bei XING teilen\" role=\"button\" rel=\"noopener nofollow\" class=\"shariff-link\" style=\";border-radius:1%; background-color:#126567; color:#fff\" target=\"_blank\"><span class=\"shariff-icon\" style=\"\"><svg width=\"32px\" height=\"20px\" xmlns=\"http:\/\/www.w3.org\/2000\/svg\" viewBox=\"0 0 25 32\"><path fill=\"#126567\" d=\"M10.7 11.9q-0.2 0.3-4.6 8.2-0.5 0.8-1.2 0.8h-4.3q-0.4 0-0.5-0.3t0-0.6l4.5-8q0 0 0 0l-2.9-5q-0.2-0.4 0-0.7 0.2-0.3 0.5-0.3h4.3q0.7 0 1.2 0.8zM25.1 0.4q0.2 0.3 0 0.7l-9.4 16.7 6 11q0.2 0.4 0 0.6-0.2 0.3-0.6 0.3h-4.3q-0.7 0-1.2-0.8l-6-11.1q0.3-0.6 9.5-16.8 0.4-0.8 1.2-0.8h4.3q0.4 0 0.5 0.3z\"\/><\/svg><\/span><\/a><\/li><li class=\"shariff-button linkedin shariff-nocustomcolor\" style=\"background-color:#1488bf;border-radius:1%\"><a href=\"https:\/\/www.linkedin.com\/sharing\/share-offsite\/?url=https%3A%2F%2Fwww.sonnenseite.com%2Fde%2Ffranz-alt%2Fkommentare-interviews%2Fdie-sonne-schickt-uns-keine-rechnung%2F\" title=\"Bei LinkedIn teilen\" aria-label=\"Bei LinkedIn teilen\" role=\"button\" rel=\"noopener nofollow\" class=\"shariff-link\" style=\";border-radius:1%; background-color:#0077b5; color:#fff\" target=\"_blank\"><span class=\"shariff-icon\" style=\"\"><svg width=\"32px\" height=\"20px\" xmlns=\"http:\/\/www.w3.org\/2000\/svg\" viewBox=\"0 0 27 32\"><path fill=\"#0077b5\" d=\"M6.2 11.2v17.7h-5.9v-17.7h5.9zM6.6 5.7q0 1.3-0.9 2.2t-2.4 0.9h0q-1.5 0-2.4-0.9t-0.9-2.2 0.9-2.2 2.4-0.9 2.4 0.9 0.9 2.2zM27.4 18.7v10.1h-5.9v-9.5q0-1.9-0.7-2.9t-2.3-1.1q-1.1 0-1.9 0.6t-1.2 1.5q-0.2 0.5-0.2 1.4v9.9h-5.9q0-7.1 0-11.6t0-5.3l0-0.9h5.9v2.6h0q0.4-0.6 0.7-1t1-0.9 1.6-0.8 2-0.3q3 0 4.9 2t1.9 6z\"\/><\/svg><\/span><\/a><\/li><li class=\"shariff-button printer shariff-nocustomcolor\" style=\"background-color:#a8a8a8;border-radius:1%\"><a href=\"javascript:window.print()\" title=\"drucken\" aria-label=\"drucken\" role=\"button\" rel=\"noopener nofollow\" class=\"shariff-link\" style=\";border-radius:1%; background-color:#999; color:#fff\"><span class=\"shariff-icon\" style=\"\"><svg width=\"32px\" height=\"20px\" xmlns=\"http:\/\/www.w3.org\/2000\/svg\" viewBox=\"0 0 30 32\"><path fill=\"#999\" d=\"M6.8 27.4h16v-4.6h-16v4.6zM6.8 16h16v-6.8h-2.8q-0.7 0-1.2-0.5t-0.5-1.2v-2.8h-11.4v11.4zM27.4 17.2q0-0.5-0.3-0.8t-0.8-0.4-0.8 0.4-0.3 0.8 0.3 0.8 0.8 0.3 0.8-0.3 0.3-0.8zM29.7 17.2v7.4q0 0.2-0.2 0.4t-0.4 0.2h-4v2.8q0 0.7-0.5 1.2t-1.2 0.5h-17.2q-0.7 0-1.2-0.5t-0.5-1.2v-2.8h-4q-0.2 0-0.4-0.2t-0.2-0.4v-7.4q0-1.4 1-2.4t2.4-1h1.2v-9.7q0-0.7 0.5-1.2t1.2-0.5h12q0.7 0 1.6 0.4t1.3 0.8l2.7 2.7q0.5 0.5 0.9 1.4t0.4 1.6v4.6h1.1q1.4 0 2.4 1t1 2.4z\"\/><\/svg><\/span><\/a><\/li><li class=\"shariff-button mailto shariff-nocustomcolor\" style=\"background-color:#a8a8a8;border-radius:1%\"><a href=\"mailto:?body=https%3A%2F%2Fwww.sonnenseite.com%2Fde%2Ffranz-alt%2Fkommentare-interviews%2Fdie-sonne-schickt-uns-keine-rechnung%2F&subject=Die%20Sonne%20schickt%20uns%20keine%20Rechnung\" title=\"Per E-Mail versenden\" aria-label=\"Per E-Mail versenden\" role=\"button\" rel=\"noopener nofollow\" class=\"shariff-link\" style=\";border-radius:1%; background-color:#999; color:#fff\"><span class=\"shariff-icon\" style=\"\"><svg width=\"32px\" height=\"20px\" xmlns=\"http:\/\/www.w3.org\/2000\/svg\" viewBox=\"0 0 32 32\"><path fill=\"#999\" d=\"M32 12.7v14.2q0 1.2-0.8 2t-2 0.9h-26.3q-1.2 0-2-0.9t-0.8-2v-14.2q0.8 0.9 1.8 1.6 6.5 4.4 8.9 6.1 1 0.8 1.6 1.2t1.7 0.9 2 0.4h0.1q0.9 0 2-0.4t1.7-0.9 1.6-1.2q3-2.2 8.9-6.1 1-0.7 1.8-1.6zM32 7.4q0 1.4-0.9 2.7t-2.2 2.2q-6.7 4.7-8.4 5.8-0.2 0.1-0.7 0.5t-1 0.7-0.9 0.6-1.1 0.5-0.9 0.2h-0.1q-0.4 0-0.9-0.2t-1.1-0.5-0.9-0.6-1-0.7-0.7-0.5q-1.6-1.1-4.7-3.2t-3.6-2.6q-1.1-0.7-2.1-2t-1-2.5q0-1.4 0.7-2.3t2.1-0.9h26.3q1.2 0 2 0.8t0.9 2z\"\/><\/svg><\/span><\/a><\/li><\/ul><\/div>","protected":false},"excerpt":{"rendered":"<p>Wenn wir lernen, das Leben und die Sch\u00f6pfung wirklich zu lieben, dann werden wir weder uns [&hellip;]<\/p>\n","protected":false},"author":3,"featured_media":13026,"comment_status":"closed","ping_status":"closed","sticky":false,"template":"","format":"standard","meta":{"inline_featured_image":false,"footnotes":""},"categories":[29],"tags":[],"class_list":["post-92156","post","type-post","status-publish","format-standard","has-post-thumbnail","hentry","category-kommentare-interviews"],"yoast_head":"<!-- This site is optimized with the Yoast SEO plugin v26.5 - https:\/\/yoast.com\/wordpress\/plugins\/seo\/ -->\n<title>Die Sonne schickt uns keine Rechnung - Sonnenseite - \u00d6kologische Kommunikation mit Franz Alt<\/title>\n<meta name=\"description\" content=\"Wenn wir lernen, das Leben und die Sch\u00f6pfung wirklich zu lieben, dann werden wir weder uns noch die Sch\u00f6pfung weiter zerst\u00f6ren. Wenn wir den Klimawandel\" \/>\n<meta name=\"robots\" content=\"index, follow, max-snippet:-1, max-image-preview:large, max-video-preview:-1\" \/>\n<link rel=\"canonical\" href=\"https:\/\/www.sonnenseite.com\/de\/franz-alt\/kommentare-interviews\/die-sonne-schickt-uns-keine-rechnung\/\" \/>\n<meta property=\"og:locale\" content=\"de_DE\" \/>\n<meta property=\"og:type\" content=\"article\" \/>\n<meta property=\"og:title\" content=\"Die Sonne schickt uns keine Rechnung - Sonnenseite - \u00d6kologische Kommunikation mit Franz Alt\" \/>\n<meta property=\"og:description\" content=\"Wenn wir lernen, das Leben und die Sch\u00f6pfung wirklich zu lieben, dann werden wir weder uns noch die Sch\u00f6pfung weiter zerst\u00f6ren. Wenn wir den Klimawandel\" \/>\n<meta property=\"og:url\" content=\"https:\/\/www.sonnenseite.com\/de\/franz-alt\/kommentare-interviews\/die-sonne-schickt-uns-keine-rechnung\/\" \/>\n<meta property=\"og:site_name\" content=\"Sonnenseite\" \/>\n<meta property=\"article:publisher\" content=\"https:\/\/www.facebook.com\/pages\/Franz-Alt-SONNENSEITECOM\/221072987903953?fref=ts\" \/>\n<meta property=\"article:published_time\" content=\"2023-06-24T14:34:00+00:00\" \/>\n<meta property=\"article:modified_time\" content=\"2023-07-08T06:35:47+00:00\" \/>\n<meta property=\"og:image\" content=\"https:\/\/www.sonnenseite.com\/wp-content\/uploads\/2018\/12\/solar1_geld_Francis52.jpg\" \/>\n\t<meta property=\"og:image:width\" content=\"770\" \/>\n\t<meta property=\"og:image:height\" content=\"420\" \/>\n\t<meta property=\"og:image:type\" content=\"image\/jpeg\" \/>\n<meta name=\"author\" content=\"Bigi Alt\" \/>\n<meta name=\"twitter:card\" content=\"summary_large_image\" \/>\n<meta name=\"twitter:creator\" content=\"@franzalt\" \/>\n<meta name=\"twitter:site\" content=\"@franzalt\" \/>\n<meta name=\"twitter:label1\" content=\"Verfasst von\" \/>\n\t<meta name=\"twitter:data1\" content=\"Bigi Alt\" \/>\n\t<meta name=\"twitter:label2\" content=\"Gesch\u00e4tzte Lesezeit\" \/>\n\t<meta name=\"twitter:data2\" content=\"4\u00a0Minuten\" \/>\n<script type=\"application\/ld+json\" class=\"yoast-schema-graph\">{\"@context\":\"https:\/\/schema.org\",\"@graph\":[{\"@type\":\"Article\",\"@id\":\"https:\/\/www.sonnenseite.com\/de\/franz-alt\/kommentare-interviews\/die-sonne-schickt-uns-keine-rechnung\/#article\",\"isPartOf\":{\"@id\":\"https:\/\/www.sonnenseite.com\/de\/franz-alt\/kommentare-interviews\/die-sonne-schickt-uns-keine-rechnung\/\"},\"author\":{\"name\":\"Bigi Alt\",\"@id\":\"https:\/\/www.sonnenseite.com\/de\/#\/schema\/person\/50fda0e926597684c7cc6695238a4eb9\"},\"headline\":\"Die Sonne schickt uns keine Rechnung\",\"datePublished\":\"2023-06-24T14:34:00+00:00\",\"dateModified\":\"2023-07-08T06:35:47+00:00\",\"mainEntityOfPage\":{\"@id\":\"https:\/\/www.sonnenseite.com\/de\/franz-alt\/kommentare-interviews\/die-sonne-schickt-uns-keine-rechnung\/\"},\"wordCount\":706,\"publisher\":{\"@id\":\"https:\/\/www.sonnenseite.com\/de\/#organization\"},\"image\":{\"@id\":\"https:\/\/www.sonnenseite.com\/de\/franz-alt\/kommentare-interviews\/die-sonne-schickt-uns-keine-rechnung\/#primaryimage\"},\"thumbnailUrl\":\"https:\/\/www.sonnenseite.com\/wp-content\/uploads\/2018\/12\/solar1_geld_Francis52.jpg\",\"articleSection\":[\"Kommentare &amp; Interviews\"],\"inLanguage\":\"de\"},{\"@type\":\"WebPage\",\"@id\":\"https:\/\/www.sonnenseite.com\/de\/franz-alt\/kommentare-interviews\/die-sonne-schickt-uns-keine-rechnung\/\",\"url\":\"https:\/\/www.sonnenseite.com\/de\/franz-alt\/kommentare-interviews\/die-sonne-schickt-uns-keine-rechnung\/\",\"name\":\"Die Sonne schickt uns keine Rechnung - Sonnenseite - \u00d6kologische Kommunikation mit Franz Alt\",\"isPartOf\":{\"@id\":\"https:\/\/www.sonnenseite.com\/de\/#website\"},\"primaryImageOfPage\":{\"@id\":\"https:\/\/www.sonnenseite.com\/de\/franz-alt\/kommentare-interviews\/die-sonne-schickt-uns-keine-rechnung\/#primaryimage\"},\"image\":{\"@id\":\"https:\/\/www.sonnenseite.com\/de\/franz-alt\/kommentare-interviews\/die-sonne-schickt-uns-keine-rechnung\/#primaryimage\"},\"thumbnailUrl\":\"https:\/\/www.sonnenseite.com\/wp-content\/uploads\/2018\/12\/solar1_geld_Francis52.jpg\",\"datePublished\":\"2023-06-24T14:34:00+00:00\",\"dateModified\":\"2023-07-08T06:35:47+00:00\",\"description\":\"Wenn wir lernen, das Leben und die Sch\u00f6pfung wirklich zu lieben, dann werden wir weder uns noch die Sch\u00f6pfung weiter zerst\u00f6ren. Wenn wir den Klimawandel\",\"breadcrumb\":{\"@id\":\"https:\/\/www.sonnenseite.com\/de\/franz-alt\/kommentare-interviews\/die-sonne-schickt-uns-keine-rechnung\/#breadcrumb\"},\"inLanguage\":\"de\",\"potentialAction\":[{\"@type\":\"ReadAction\",\"target\":[\"https:\/\/www.sonnenseite.com\/de\/franz-alt\/kommentare-interviews\/die-sonne-schickt-uns-keine-rechnung\/\"]}]},{\"@type\":\"ImageObject\",\"inLanguage\":\"de\",\"@id\":\"https:\/\/www.sonnenseite.com\/de\/franz-alt\/kommentare-interviews\/die-sonne-schickt-uns-keine-rechnung\/#primaryimage\",\"url\":\"https:\/\/www.sonnenseite.com\/wp-content\/uploads\/2018\/12\/solar1_geld_Francis52.jpg\",\"contentUrl\":\"https:\/\/www.sonnenseite.com\/wp-content\/uploads\/2018\/12\/solar1_geld_Francis52.jpg\",\"width\":770,\"height\":420,\"caption\":\"Depositphotos | Francis 52\"},{\"@type\":\"BreadcrumbList\",\"@id\":\"https:\/\/www.sonnenseite.com\/de\/franz-alt\/kommentare-interviews\/die-sonne-schickt-uns-keine-rechnung\/#breadcrumb\",\"itemListElement\":[{\"@type\":\"ListItem\",\"position\":1,\"name\":\"Startseite\",\"item\":\"https:\/\/www.sonnenseite.com\/de\/\"},{\"@type\":\"ListItem\",\"position\":2,\"name\":\"Die Sonne schickt uns keine Rechnung\"}]},{\"@type\":\"WebSite\",\"@id\":\"https:\/\/www.sonnenseite.com\/de\/#website\",\"url\":\"https:\/\/www.sonnenseite.com\/de\/\",\"name\":\"Sonnenseite\",\"description\":\"\u00d6kologische Kommunikation mit Franz Alt\",\"publisher\":{\"@id\":\"https:\/\/www.sonnenseite.com\/de\/#organization\"},\"potentialAction\":[{\"@type\":\"SearchAction\",\"target\":{\"@type\":\"EntryPoint\",\"urlTemplate\":\"https:\/\/www.sonnenseite.com\/de\/?s={search_term_string}\"},\"query-input\":{\"@type\":\"PropertyValueSpecification\",\"valueRequired\":true,\"valueName\":\"search_term_string\"}}],\"inLanguage\":\"de\"},{\"@type\":\"Organization\",\"@id\":\"https:\/\/www.sonnenseite.com\/de\/#organization\",\"name\":\"Sonnenseite\",\"url\":\"https:\/\/www.sonnenseite.com\/de\/\",\"logo\":{\"@type\":\"ImageObject\",\"inLanguage\":\"de\",\"@id\":\"https:\/\/www.sonnenseite.com\/de\/#\/schema\/logo\/image\/\",\"url\":\"https:\/\/www.sonnenseite.com\/wp-content\/uploads\/2020\/05\/Sonnenseite_Logo.png\",\"contentUrl\":\"https:\/\/www.sonnenseite.com\/wp-content\/uploads\/2020\/05\/Sonnenseite_Logo.png\",\"width\":377,\"height\":90,\"caption\":\"Sonnenseite\"},\"image\":{\"@id\":\"https:\/\/www.sonnenseite.com\/de\/#\/schema\/logo\/image\/\"},\"sameAs\":[\"https:\/\/www.facebook.com\/pages\/Franz-Alt-SONNENSEITECOM\/221072987903953?fref=ts\",\"https:\/\/x.com\/franzalt\",\"http:\/\/www.youtube.com\/results?search_query&amp;amp;quot;franz_alt&amp;amp;quot;&amp;amp;amp;amp;search_type&amp;amp;amp;amp;aq=f\"]},{\"@type\":\"Person\",\"@id\":\"https:\/\/www.sonnenseite.com\/de\/#\/schema\/person\/50fda0e926597684c7cc6695238a4eb9\",\"name\":\"Bigi Alt\"}]}<\/script>\n<!-- \/ Yoast SEO plugin. -->","yoast_head_json":{"title":"Die Sonne schickt uns keine Rechnung - Sonnenseite - \u00d6kologische Kommunikation mit Franz Alt","description":"Wenn wir lernen, das Leben und die Sch\u00f6pfung wirklich zu lieben, dann werden wir weder uns noch die Sch\u00f6pfung weiter zerst\u00f6ren. Wenn wir den Klimawandel","robots":{"index":"index","follow":"follow","max-snippet":"max-snippet:-1","max-image-preview":"max-image-preview:large","max-video-preview":"max-video-preview:-1"},"canonical":"https:\/\/www.sonnenseite.com\/de\/franz-alt\/kommentare-interviews\/die-sonne-schickt-uns-keine-rechnung\/","og_locale":"de_DE","og_type":"article","og_title":"Die Sonne schickt uns keine Rechnung - Sonnenseite - \u00d6kologische Kommunikation mit Franz Alt","og_description":"Wenn wir lernen, das Leben und die Sch\u00f6pfung wirklich zu lieben, dann werden wir weder uns noch die Sch\u00f6pfung weiter zerst\u00f6ren. Wenn wir den Klimawandel","og_url":"https:\/\/www.sonnenseite.com\/de\/franz-alt\/kommentare-interviews\/die-sonne-schickt-uns-keine-rechnung\/","og_site_name":"Sonnenseite","article_publisher":"https:\/\/www.facebook.com\/pages\/Franz-Alt-SONNENSEITECOM\/221072987903953?fref=ts","article_published_time":"2023-06-24T14:34:00+00:00","article_modified_time":"2023-07-08T06:35:47+00:00","og_image":[{"width":770,"height":420,"url":"https:\/\/www.sonnenseite.com\/wp-content\/uploads\/2018\/12\/solar1_geld_Francis52.jpg","type":"image\/jpeg"}],"author":"Bigi Alt","twitter_card":"summary_large_image","twitter_creator":"@franzalt","twitter_site":"@franzalt","twitter_misc":{"Verfasst von":"Bigi Alt","Gesch\u00e4tzte Lesezeit":"4\u00a0Minuten"},"schema":{"@context":"https:\/\/schema.org","@graph":[{"@type":"Article","@id":"https:\/\/www.sonnenseite.com\/de\/franz-alt\/kommentare-interviews\/die-sonne-schickt-uns-keine-rechnung\/#article","isPartOf":{"@id":"https:\/\/www.sonnenseite.com\/de\/franz-alt\/kommentare-interviews\/die-sonne-schickt-uns-keine-rechnung\/"},"author":{"name":"Bigi Alt","@id":"https:\/\/www.sonnenseite.com\/de\/#\/schema\/person\/50fda0e926597684c7cc6695238a4eb9"},"headline":"Die Sonne schickt uns keine Rechnung","datePublished":"2023-06-24T14:34:00+00:00","dateModified":"2023-07-08T06:35:47+00:00","mainEntityOfPage":{"@id":"https:\/\/www.sonnenseite.com\/de\/franz-alt\/kommentare-interviews\/die-sonne-schickt-uns-keine-rechnung\/"},"wordCount":706,"publisher":{"@id":"https:\/\/www.sonnenseite.com\/de\/#organization"},"image":{"@id":"https:\/\/www.sonnenseite.com\/de\/franz-alt\/kommentare-interviews\/die-sonne-schickt-uns-keine-rechnung\/#primaryimage"},"thumbnailUrl":"https:\/\/www.sonnenseite.com\/wp-content\/uploads\/2018\/12\/solar1_geld_Francis52.jpg","articleSection":["Kommentare &amp; Interviews"],"inLanguage":"de"},{"@type":"WebPage","@id":"https:\/\/www.sonnenseite.com\/de\/franz-alt\/kommentare-interviews\/die-sonne-schickt-uns-keine-rechnung\/","url":"https:\/\/www.sonnenseite.com\/de\/franz-alt\/kommentare-interviews\/die-sonne-schickt-uns-keine-rechnung\/","name":"Die Sonne schickt uns keine Rechnung - Sonnenseite - \u00d6kologische Kommunikation mit Franz Alt","isPartOf":{"@id":"https:\/\/www.sonnenseite.com\/de\/#website"},"primaryImageOfPage":{"@id":"https:\/\/www.sonnenseite.com\/de\/franz-alt\/kommentare-interviews\/die-sonne-schickt-uns-keine-rechnung\/#primaryimage"},"image":{"@id":"https:\/\/www.sonnenseite.com\/de\/franz-alt\/kommentare-interviews\/die-sonne-schickt-uns-keine-rechnung\/#primaryimage"},"thumbnailUrl":"https:\/\/www.sonnenseite.com\/wp-content\/uploads\/2018\/12\/solar1_geld_Francis52.jpg","datePublished":"2023-06-24T14:34:00+00:00","dateModified":"2023-07-08T06:35:47+00:00","description":"Wenn wir lernen, das Leben und die Sch\u00f6pfung wirklich zu lieben, dann werden wir weder uns noch die Sch\u00f6pfung weiter zerst\u00f6ren. Wenn wir den Klimawandel","breadcrumb":{"@id":"https:\/\/www.sonnenseite.com\/de\/franz-alt\/kommentare-interviews\/die-sonne-schickt-uns-keine-rechnung\/#breadcrumb"},"inLanguage":"de","potentialAction":[{"@type":"ReadAction","target":["https:\/\/www.sonnenseite.com\/de\/franz-alt\/kommentare-interviews\/die-sonne-schickt-uns-keine-rechnung\/"]}]},{"@type":"ImageObject","inLanguage":"de","@id":"https:\/\/www.sonnenseite.com\/de\/franz-alt\/kommentare-interviews\/die-sonne-schickt-uns-keine-rechnung\/#primaryimage","url":"https:\/\/www.sonnenseite.com\/wp-content\/uploads\/2018\/12\/solar1_geld_Francis52.jpg","contentUrl":"https:\/\/www.sonnenseite.com\/wp-content\/uploads\/2018\/12\/solar1_geld_Francis52.jpg","width":770,"height":420,"caption":"Depositphotos | Francis 52"},{"@type":"BreadcrumbList","@id":"https:\/\/www.sonnenseite.com\/de\/franz-alt\/kommentare-interviews\/die-sonne-schickt-uns-keine-rechnung\/#breadcrumb","itemListElement":[{"@type":"ListItem","position":1,"name":"Startseite","item":"https:\/\/www.sonnenseite.com\/de\/"},{"@type":"ListItem","position":2,"name":"Die Sonne schickt uns keine Rechnung"}]},{"@type":"WebSite","@id":"https:\/\/www.sonnenseite.com\/de\/#website","url":"https:\/\/www.sonnenseite.com\/de\/","name":"Sonnenseite","description":"\u00d6kologische Kommunikation mit Franz Alt","publisher":{"@id":"https:\/\/www.sonnenseite.com\/de\/#organization"},"potentialAction":[{"@type":"SearchAction","target":{"@type":"EntryPoint","urlTemplate":"https:\/\/www.sonnenseite.com\/de\/?s={search_term_string}"},"query-input":{"@type":"PropertyValueSpecification","valueRequired":true,"valueName":"search_term_string"}}],"inLanguage":"de"},{"@type":"Organization","@id":"https:\/\/www.sonnenseite.com\/de\/#organization","name":"Sonnenseite","url":"https:\/\/www.sonnenseite.com\/de\/","logo":{"@type":"ImageObject","inLanguage":"de","@id":"https:\/\/www.sonnenseite.com\/de\/#\/schema\/logo\/image\/","url":"https:\/\/www.sonnenseite.com\/wp-content\/uploads\/2020\/05\/Sonnenseite_Logo.png","contentUrl":"https:\/\/www.sonnenseite.com\/wp-content\/uploads\/2020\/05\/Sonnenseite_Logo.png","width":377,"height":90,"caption":"Sonnenseite"},"image":{"@id":"https:\/\/www.sonnenseite.com\/de\/#\/schema\/logo\/image\/"},"sameAs":["https:\/\/www.facebook.com\/pages\/Franz-Alt-SONNENSEITECOM\/221072987903953?fref=ts","https:\/\/x.com\/franzalt","http:\/\/www.youtube.com\/results?search_query&amp;amp;quot;franz_alt&amp;amp;quot;&amp;amp;amp;amp;search_type&amp;amp;amp;amp;aq=f"]},{"@type":"Person","@id":"https:\/\/www.sonnenseite.com\/de\/#\/schema\/person\/50fda0e926597684c7cc6695238a4eb9","name":"Bigi Alt"}]}},"_links":{"self":[{"href":"https:\/\/www.sonnenseite.com\/de\/wp-json\/wp\/v2\/posts\/92156","targetHints":{"allow":["GET"]}}],"collection":[{"href":"https:\/\/www.sonnenseite.com\/de\/wp-json\/wp\/v2\/posts"}],"about":[{"href":"https:\/\/www.sonnenseite.com\/de\/wp-json\/wp\/v2\/types\/post"}],"author":[{"embeddable":true,"href":"https:\/\/www.sonnenseite.com\/de\/wp-json\/wp\/v2\/users\/3"}],"replies":[{"embeddable":true,"href":"https:\/\/www.sonnenseite.com\/de\/wp-json\/wp\/v2\/comments?post=92156"}],"version-history":[{"count":2,"href":"https:\/\/www.sonnenseite.com\/de\/wp-json\/wp\/v2\/posts\/92156\/revisions"}],"predecessor-version":[{"id":92161,"href":"https:\/\/www.sonnenseite.com\/de\/wp-json\/wp\/v2\/posts\/92156\/revisions\/92161"}],"wp:featuredmedia":[{"embeddable":true,"href":"https:\/\/www.sonnenseite.com\/de\/wp-json\/wp\/v2\/media\/13026"}],"wp:attachment":[{"href":"https:\/\/www.sonnenseite.com\/de\/wp-json\/wp\/v2\/media?parent=92156"}],"wp:term":[{"taxonomy":"category","embeddable":true,"href":"https:\/\/www.sonnenseite.com\/de\/wp-json\/wp\/v2\/categories?post=92156"},{"taxonomy":"post_tag","embeddable":true,"href":"https:\/\/www.sonnenseite.com\/de\/wp-json\/wp\/v2\/tags?post=92156"}],"curies":[{"name":"wp","href":"https:\/\/api.w.org\/{rel}","templated":true}]}}