{"id":92221,"date":"2023-06-28T02:11:00","date_gmt":"2023-06-28T00:11:00","guid":{"rendered":"https:\/\/www.sonnenseite.com\/?p=92221"},"modified":"2023-06-27T14:52:24","modified_gmt":"2023-06-27T12:52:24","slug":"nachhaltigkeitsrat-schlaegt-massnahmenpaket-fuer-nachhaltige-bau-und-verkehrspolitik-vor","status":"publish","type":"post","link":"https:\/\/www.sonnenseite.com\/de\/umwelt\/nachhaltigkeitsrat-schlaegt-massnahmenpaket-fuer-nachhaltige-bau-und-verkehrspolitik-vor\/","title":{"rendered":"Nachhaltigkeitsrat schl\u00e4gt Ma\u00dfnahmenpaket f\u00fcr nachhaltige Bau- und Verkehrspolitik vor"},"content":{"rendered":"\n<p>In einer aktuellen Stellungnahme fordert der Rat f\u00fcr Nachhaltige Entwicklung (RNE) die Bundesregierung auf, die hohen Fl\u00e4chen- und Ressourcenverbr\u00e4uche sowie die klimasch\u00e4dlichen Emissionen im Bau- und Verkehrssektor einzud\u00e4mmen. <\/p>\n\n\n\n<p>In dem Papier <a href=\"https:\/\/www.nachhaltigkeitsrat.de\/wp-content\/uploads\/2023\/06\/230627_RNE-Stellungnahme-Stadtentwicklung-Bauen-Mobilitaet.pdf\" target=\"_blank\" rel=\"noreferrer noopener\">\u201eNachhaltige Wege in der Stadtentwicklungs-, Bau- und Verkehrspolitik\u201c (PDF)<\/a> schl\u00e4gt der Rat eine Vielzahl konkreter Ma\u00dfnahmen f\u00fcr eine \u00f6kologisch-soziale Bau- und Verkehrswende vor.<\/p>\n\n\n\n<p>\u201eDie Sektoren Geb\u00e4ude und Verkehr sind die Sorgenkinder im Klimaschutz und rei\u00dfen bisher regelm\u00e4\u00dfig ihre Klimaziele. Auch die Fl\u00e4chen- und Ressourcenverbr\u00e4uche beider Bereiche sind viel zu hoch\u201c, sagt <a href=\"https:\/\/www.nachhaltigkeitsrat.de\/mitglieder\/reiner-hoffmann\/\">Reiner Hoffmann<\/a>, RNE-Vorsitzender. <\/p>\n\n\n\n<p>\u201eGleichzeitig fehlen aktuell fast zwei Millionen bezahlbare Wohnungen, das ist sozialer Sprengstoff. Hier kann und darf die Antwort aber nicht nur im Neubau liegen. Die Bundesregierung muss jetzt die Weichen auf Umbau, Sanierung und die bessere Nutzung des bestehenden Wohnraums stellen. F\u00f6rderprogramme m\u00fcssen konsequent auf Nachhaltigkeit ausgerichtet werden. Im Verkehrssektor muss aus Sicht des RNE das \u00d6PNV-Angebot ausgebaut und verbessert werden, um den Menschen den Umstieg auf nachhaltige Mobilit\u00e4tsformen zu erleichtern \u2013 gleichzeitig m\u00fcssen umweltsch\u00e4dliche und teure Subventionen wie die Pendlerpauschale oder das Dienstwagenprivileg gestrichen werden.\u201c<\/p>\n\n\n\n<p>Das Ziel der Bundesregierung, unter 30 Hektar pro Tag an Fl\u00e4che neu zu bebauen, liegt in weiter Ferne und steigt sogar leicht an, zuletzt auf 55 Hektar am Tag (2021), der Gro\u00dfteil f\u00fcr Siedlungen und Verkehrsfl\u00e4chen. Das entspricht der Fl\u00e4che von etwa 77 Fu\u00dfballfeldern. Die Versiegelung von Fl\u00e4chen sch\u00e4digt B\u00f6den, beg\u00fcnstigt Hochwasser sowie die \u00dcberhitzung in den St\u00e4dten, durch fortschreitende Zersiedelung nimmt der Verkehr weiter zu. Insbesondere das Fl\u00e4chenrecycling der etwa 150.000 Hektar Brachfl\u00e4chen in Deutschland bietet hier enormes, bisher ungenutztes Potenzial. <\/p>\n\n\n<div class=\"wp-block-image\">\n<figure class=\"alignleft size-full is-resized\"><img loading=\"lazy\" decoding=\"async\" src=\"https:\/\/www.sonnenseite.com\/wp-content\/uploads\/2020\/08\/Stadthaus_surkovdimitri.jpg\" alt=\"Depositphotos.com | surkovdimitri\" class=\"wp-image-62138\" width=\"363\" height=\"198\" srcset=\"https:\/\/www.sonnenseite.com\/wp-content\/uploads\/2020\/08\/Stadthaus_surkovdimitri.jpg 770w, https:\/\/www.sonnenseite.com\/wp-content\/uploads\/2020\/08\/Stadthaus_surkovdimitri-300x164.jpg 300w, https:\/\/www.sonnenseite.com\/wp-content\/uploads\/2020\/08\/Stadthaus_surkovdimitri-768x419.jpg 768w\" sizes=\"auto, (max-width: 363px) 100vw, 363px\" \/><figcaption class=\"wp-element-caption\">\u00a9 Depositphotos.com | surkovdimitri | Wir k\u00f6nnen Fassaden und D\u00e4cher mit richtigen G\u00e4rten aufwerten.<\/figcaption><\/figure>\n<\/div>\n\n\n<p>Auch beim Rohstoffeinsatz fallen Bau- und Verkehrssektor wesentliche Rollen zu. 90 Prozent der in Deutschland gef\u00f6rderten mineralischen Rohstoffe werden verbaut. Gleichzeitig verursacht der Bausektor \u00fcber die H\u00e4lfte des deutschen Abfalleinkommens. Zirkul\u00e4res Bauen muss daher aus Sicht des RNE zum Standard werden. Die Bundesregierung sollte hierf\u00fcr u.a. konkrete Ziele f\u00fcr die die Senkung des Prim\u00e4rrohstoffverbrauchs vorgeben (siehe auch RNE-Stellungnahme <a href=\"https:\/\/www.nachhaltigkeitsrat.de\/wp-content\/uploads\/2023\/05\/2023_05_15_RNE_Stellungnahme_Zirkulaeres_Wirtschaften_nachhaltige_Transformation.pdf\" target=\"_blank\" rel=\"noreferrer noopener\">Zirkul\u00e4res Wirtschaften: Ma\u00dfgebliche Voraussetzung f\u00fcr eine nachhaltige Transformation, Mai 2023 (PDF)<\/a>). F\u00f6rderprogramme sollten sich ausschlie\u00dflich auf Projekte mit hohen Nachhaltigkeitsstandards sowie mit Fokus auf Innenentwicklung und Bestandsnutzung konzentrieren.<\/p>\n\n\n\n<p>Im Verkehrsbereich mahnt der RNE weitere Anstrengungen jenseits der Antriebswende an. Denn die Elektrifizierung der Fahrzeugflotte ist insbesondere hinsichtlich der Batterien sehr ressourcenintensiv, gleichzeitig frisst die Zunahme im PKW-Bestand und im Stra\u00dfen-G\u00fctertransport technologische Effizienzsteigerungen auf (sog. Rebound-Effekt). <a href=\"https:\/\/www.nachhaltigkeitsrat.de\/mitglieder\/katja-doerner\/\">Katja D\u00f6rner<\/a>, RNE-Mitglied und Oberb\u00fcrgermeisterin der Stadt Bonn: \u201eDie derzeitige Verkehrspolitik des Bundes orientiert sich zu sehr am Auto. Hier muss dringend nachjustiert werden \u2013 hin zu Klima- und Umweltschutz, aber auch Sicherheit, Barrierefreiheit, Gesundheit und Bezahlbarkeit als Leitziele f\u00fcr die Verkehrspolitik. Daher brauchen wir auch eine General\u00fcberholung des veralteten Bundesverkehrswegeplans. Der Ausbau der Schiene muss Priorit\u00e4t bekommen, bis 2030 sollte der Anteil von Bahn, \u00d6PNV, Fu\u00df- und Radverkehr in gro\u00dfen St\u00e4dten bei mindestens 75 Prozent liegen.\u201c<\/p>\n\n\n\n<p>Der Rat schl\u00e4gt im Papier eine Vielzahl weiterer konkreter Ma\u00dfnahmen f\u00fcr die Bau- und Verkehrswende vor. Im Sektor Bauen und Geb\u00e4ude z\u00e4hlen dazu neben dem Fokus auf die Modernisierung im Bestand und einer konsequenten zirkul\u00e4ren Bauwirtschaft beispielsweise die Entb\u00fcrokratisierung von Planungsverfahren, Leitf\u00e4den f\u00fcr Kommunen, eine Musterumbauordnung, strengere und effektivere Mieterschutzregelungen (z.B. Eind\u00e4mmung der Spekulation mit Wohnraum und Wiedereinf\u00fchrung der Wohngemeinn\u00fctzigkeit), die Erschlie\u00dfung von Innenstadtpotenzialen (z.B. Umnutzung von B\u00fcrogeb\u00e4uden oder Nutzung von Baul\u00fccken) und der Ausbau von Gr\u00fcnfl\u00e4chen als Frischluftschneisen und f\u00fcr den Erhalt der Artenvielfalt.<\/p>\n\n\n\n<p>F\u00fcr den Verkehrssektor schl\u00e4gt der RNE u.a. vor, den Bundesverkehrswegeplan durch ein an Umwelt- und Nachhaltigkeitskriterien ausgerichtetes Bundesmobilit\u00e4tsgesetz zu ersetzen. Kommunen sollten mehr Handlungsspielr\u00e4ume und Experimentierm\u00f6glichkeiten f\u00fcr innovative L\u00f6sungen im Verkehr bekommen, zum Beispiel bei der Einf\u00fchrung von Tempo 30 oder von Fahrradstra\u00dfen.<\/p>\n\n\n\n<ul class=\"wp-block-list\">\n<li><a href=\"https:\/\/www.nachhaltigkeitsrat.de\/wp-content\/uploads\/2023\/06\/230627_RNE-Stellungnahme-Stadtentwicklung-Bauen-Mobilitaet.pdf\">Nachhaltige Wege in der Stadtentwicklungs-, Bau- und Verkehrspolitik<\/a> | Stellungnahme des RNE an den Staatssekret\u00e4rsausschuss f\u00fcr nachhaltige Entwicklung; Berlin, 27.06.2023 (pdf)<\/li>\n<\/ul>\n\n\n<h5 class=\"green\">Quelle<\/h5>\r\n\n\n\n<p><a href=\"http:\/\/www.nachhaltigkeitsrat.de\">Rat f\u00fcr nachhaltige Entwicklung 2023<\/a><\/p>\n<div class=\"shariff shariff-align-flex-start shariff-widget-align-flex-start\"><div class=\"ShariffHeadline\">Diese Meldung teilen<\/div><ul class=\"shariff-buttons theme-round orientation-horizontal buttonsize-medium\"><li class=\"shariff-button facebook shariff-nocustomcolor\" style=\"background-color:#4273c8;border-radius:1%\"><a href=\"https:\/\/www.facebook.com\/sharer\/sharer.php?u=https%3A%2F%2Fwww.sonnenseite.com%2Fde%2Fumwelt%2Fnachhaltigkeitsrat-schlaegt-massnahmenpaket-fuer-nachhaltige-bau-und-verkehrspolitik-vor%2F\" title=\"Bei Facebook teilen\" aria-label=\"Bei Facebook teilen\" role=\"button\" rel=\"nofollow\" class=\"shariff-link\" style=\";border-radius:1%; background-color:#3b5998; color:#fff\" target=\"_blank\"><span class=\"shariff-icon\" style=\"\"><svg width=\"32px\" height=\"20px\" xmlns=\"http:\/\/www.w3.org\/2000\/svg\" viewBox=\"0 0 18 32\"><path fill=\"#3b5998\" d=\"M17.1 0.2v4.7h-2.8q-1.5 0-2.1 0.6t-0.5 1.9v3.4h5.2l-0.7 5.3h-4.5v13.6h-5.5v-13.6h-4.5v-5.3h4.5v-3.9q0-3.3 1.9-5.2t5-1.8q2.6 0 4.1 0.2z\"\/><\/svg><\/span><\/a><\/li><li class=\"shariff-button twitter shariff-nocustomcolor\" style=\"background-color:#595959;border-radius:1%\"><a href=\"https:\/\/twitter.com\/share?url=https%3A%2F%2Fwww.sonnenseite.com%2Fde%2Fumwelt%2Fnachhaltigkeitsrat-schlaegt-massnahmenpaket-fuer-nachhaltige-bau-und-verkehrspolitik-vor%2F&text=Nachhaltigkeitsrat%20schl%C3%A4gt%20Ma%C3%9Fnahmenpaket%20f%C3%BCr%20nachhaltige%20Bau-%20und%20Verkehrspolitik%20vor\" title=\"Bei X teilen\" aria-label=\"Bei X teilen\" role=\"button\" rel=\"noopener nofollow\" class=\"shariff-link\" style=\";border-radius:1%; background-color:#000; color:#fff\" target=\"_blank\"><span class=\"shariff-icon\" style=\"\"><svg width=\"32px\" height=\"20px\" xmlns=\"http:\/\/www.w3.org\/2000\/svg\" viewBox=\"0 0 24 24\"><path fill=\"#000\" d=\"M14.258 10.152L23.176 0h-2.113l-7.747 8.813L7.133 0H0l9.352 13.328L0 23.973h2.113l8.176-9.309 6.531 9.309h7.133zm-2.895 3.293l-.949-1.328L2.875 1.56h3.246l6.086 8.523.945 1.328 7.91 11.078h-3.246zm0 0\"\/><\/svg><\/span><\/a><\/li><li class=\"shariff-button xing shariff-nocustomcolor\" style=\"background-color:#29888a;border-radius:1%\"><a href=\"https:\/\/www.xing.com\/spi\/shares\/new?url=https%3A%2F%2Fwww.sonnenseite.com%2Fde%2Fumwelt%2Fnachhaltigkeitsrat-schlaegt-massnahmenpaket-fuer-nachhaltige-bau-und-verkehrspolitik-vor%2F\" title=\"Bei XING teilen\" aria-label=\"Bei XING teilen\" role=\"button\" rel=\"noopener nofollow\" class=\"shariff-link\" style=\";border-radius:1%; background-color:#126567; color:#fff\" target=\"_blank\"><span class=\"shariff-icon\" style=\"\"><svg width=\"32px\" height=\"20px\" xmlns=\"http:\/\/www.w3.org\/2000\/svg\" viewBox=\"0 0 25 32\"><path fill=\"#126567\" d=\"M10.7 11.9q-0.2 0.3-4.6 8.2-0.5 0.8-1.2 0.8h-4.3q-0.4 0-0.5-0.3t0-0.6l4.5-8q0 0 0 0l-2.9-5q-0.2-0.4 0-0.7 0.2-0.3 0.5-0.3h4.3q0.7 0 1.2 0.8zM25.1 0.4q0.2 0.3 0 0.7l-9.4 16.7 6 11q0.2 0.4 0 0.6-0.2 0.3-0.6 0.3h-4.3q-0.7 0-1.2-0.8l-6-11.1q0.3-0.6 9.5-16.8 0.4-0.8 1.2-0.8h4.3q0.4 0 0.5 0.3z\"\/><\/svg><\/span><\/a><\/li><li class=\"shariff-button linkedin shariff-nocustomcolor\" style=\"background-color:#1488bf;border-radius:1%\"><a href=\"https:\/\/www.linkedin.com\/sharing\/share-offsite\/?url=https%3A%2F%2Fwww.sonnenseite.com%2Fde%2Fumwelt%2Fnachhaltigkeitsrat-schlaegt-massnahmenpaket-fuer-nachhaltige-bau-und-verkehrspolitik-vor%2F\" title=\"Bei LinkedIn teilen\" aria-label=\"Bei LinkedIn teilen\" role=\"button\" rel=\"noopener nofollow\" class=\"shariff-link\" style=\";border-radius:1%; background-color:#0077b5; color:#fff\" target=\"_blank\"><span class=\"shariff-icon\" style=\"\"><svg width=\"32px\" height=\"20px\" xmlns=\"http:\/\/www.w3.org\/2000\/svg\" viewBox=\"0 0 27 32\"><path fill=\"#0077b5\" d=\"M6.2 11.2v17.7h-5.9v-17.7h5.9zM6.6 5.7q0 1.3-0.9 2.2t-2.4 0.9h0q-1.5 0-2.4-0.9t-0.9-2.2 0.9-2.2 2.4-0.9 2.4 0.9 0.9 2.2zM27.4 18.7v10.1h-5.9v-9.5q0-1.9-0.7-2.9t-2.3-1.1q-1.1 0-1.9 0.6t-1.2 1.5q-0.2 0.5-0.2 1.4v9.9h-5.9q0-7.1 0-11.6t0-5.3l0-0.9h5.9v2.6h0q0.4-0.6 0.7-1t1-0.9 1.6-0.8 2-0.3q3 0 4.9 2t1.9 6z\"\/><\/svg><\/span><\/a><\/li><li class=\"shariff-button printer shariff-nocustomcolor\" style=\"background-color:#a8a8a8;border-radius:1%\"><a href=\"javascript:window.print()\" title=\"drucken\" aria-label=\"drucken\" role=\"button\" rel=\"noopener nofollow\" class=\"shariff-link\" style=\";border-radius:1%; background-color:#999; color:#fff\"><span class=\"shariff-icon\" style=\"\"><svg width=\"32px\" height=\"20px\" xmlns=\"http:\/\/www.w3.org\/2000\/svg\" viewBox=\"0 0 30 32\"><path fill=\"#999\" d=\"M6.8 27.4h16v-4.6h-16v4.6zM6.8 16h16v-6.8h-2.8q-0.7 0-1.2-0.5t-0.5-1.2v-2.8h-11.4v11.4zM27.4 17.2q0-0.5-0.3-0.8t-0.8-0.4-0.8 0.4-0.3 0.8 0.3 0.8 0.8 0.3 0.8-0.3 0.3-0.8zM29.7 17.2v7.4q0 0.2-0.2 0.4t-0.4 0.2h-4v2.8q0 0.7-0.5 1.2t-1.2 0.5h-17.2q-0.7 0-1.2-0.5t-0.5-1.2v-2.8h-4q-0.2 0-0.4-0.2t-0.2-0.4v-7.4q0-1.4 1-2.4t2.4-1h1.2v-9.7q0-0.7 0.5-1.2t1.2-0.5h12q0.7 0 1.6 0.4t1.3 0.8l2.7 2.7q0.5 0.5 0.9 1.4t0.4 1.6v4.6h1.1q1.4 0 2.4 1t1 2.4z\"\/><\/svg><\/span><\/a><\/li><li class=\"shariff-button mailto shariff-nocustomcolor\" style=\"background-color:#a8a8a8;border-radius:1%\"><a href=\"mailto:?body=https%3A%2F%2Fwww.sonnenseite.com%2Fde%2Fumwelt%2Fnachhaltigkeitsrat-schlaegt-massnahmenpaket-fuer-nachhaltige-bau-und-verkehrspolitik-vor%2F&subject=Nachhaltigkeitsrat%20schl%C3%A4gt%20Ma%C3%9Fnahmenpaket%20f%C3%BCr%20nachhaltige%20Bau-%20und%20Verkehrspolitik%20vor\" title=\"Per E-Mail versenden\" aria-label=\"Per E-Mail versenden\" role=\"button\" rel=\"noopener nofollow\" class=\"shariff-link\" style=\";border-radius:1%; background-color:#999; color:#fff\"><span class=\"shariff-icon\" style=\"\"><svg width=\"32px\" height=\"20px\" xmlns=\"http:\/\/www.w3.org\/2000\/svg\" viewBox=\"0 0 32 32\"><path fill=\"#999\" d=\"M32 12.7v14.2q0 1.2-0.8 2t-2 0.9h-26.3q-1.2 0-2-0.9t-0.8-2v-14.2q0.8 0.9 1.8 1.6 6.5 4.4 8.9 6.1 1 0.8 1.6 1.2t1.7 0.9 2 0.4h0.1q0.9 0 2-0.4t1.7-0.9 1.6-1.2q3-2.2 8.9-6.1 1-0.7 1.8-1.6zM32 7.4q0 1.4-0.9 2.7t-2.2 2.2q-6.7 4.7-8.4 5.8-0.2 0.1-0.7 0.5t-1 0.7-0.9 0.6-1.1 0.5-0.9 0.2h-0.1q-0.4 0-0.9-0.2t-1.1-0.5-0.9-0.6-1-0.7-0.7-0.5q-1.6-1.1-4.7-3.2t-3.6-2.6q-1.1-0.7-2.1-2t-1-2.5q0-1.4 0.7-2.3t2.1-0.9h26.3q1.2 0 2 0.8t0.9 2z\"\/><\/svg><\/span><\/a><\/li><\/ul><\/div>","protected":false},"excerpt":{"rendered":"<p>In einer aktuellen Stellungnahme fordert der Rat f\u00fcr Nachhaltige Entwicklung (RNE) die Bundesregierung auf, die hohen [&hellip;]<\/p>\n","protected":false},"author":3,"featured_media":62797,"comment_status":"closed","ping_status":"closed","sticky":false,"template":"","format":"standard","meta":{"inline_featured_image":false,"footnotes":""},"categories":[23],"tags":[],"class_list":["post-92221","post","type-post","status-publish","format-standard","has-post-thumbnail","hentry","category-umwelt"],"yoast_head":"<!-- This site is optimized with the Yoast SEO plugin v26.5 - https:\/\/yoast.com\/wordpress\/plugins\/seo\/ -->\n<title>Nachhaltigkeitsrat schl\u00e4gt Ma\u00dfnahmenpaket f\u00fcr nachhaltige Bau- und Verkehrspolitik vor - Sonnenseite - \u00d6kologische Kommunikation mit Franz Alt<\/title>\n<meta name=\"description\" content=\"In einer aktuellen Stellungnahme fordert der Rat f\u00fcr Nachhaltige Entwicklung (RNE) die Bundesregierung auf, die hohen Fl\u00e4chen- und Ressourcenverbr\u00e4uche\" \/>\n<meta name=\"robots\" content=\"index, follow, max-snippet:-1, max-image-preview:large, max-video-preview:-1\" \/>\n<link rel=\"canonical\" href=\"https:\/\/www.sonnenseite.com\/de\/umwelt\/nachhaltigkeitsrat-schlaegt-massnahmenpaket-fuer-nachhaltige-bau-und-verkehrspolitik-vor\/\" \/>\n<meta property=\"og:locale\" content=\"de_DE\" \/>\n<meta property=\"og:type\" content=\"article\" \/>\n<meta property=\"og:title\" content=\"Nachhaltigkeitsrat schl\u00e4gt Ma\u00dfnahmenpaket f\u00fcr nachhaltige Bau- und Verkehrspolitik vor - Sonnenseite - \u00d6kologische Kommunikation mit Franz Alt\" \/>\n<meta property=\"og:description\" content=\"In einer aktuellen Stellungnahme fordert der Rat f\u00fcr Nachhaltige Entwicklung (RNE) die Bundesregierung auf, die hohen Fl\u00e4chen- und Ressourcenverbr\u00e4uche\" \/>\n<meta property=\"og:url\" content=\"https:\/\/www.sonnenseite.com\/de\/umwelt\/nachhaltigkeitsrat-schlaegt-massnahmenpaket-fuer-nachhaltige-bau-und-verkehrspolitik-vor\/\" \/>\n<meta property=\"og:site_name\" content=\"Sonnenseite\" \/>\n<meta property=\"article:publisher\" content=\"https:\/\/www.facebook.com\/pages\/Franz-Alt-SONNENSEITECOM\/221072987903953?fref=ts\" \/>\n<meta property=\"article:published_time\" content=\"2023-06-28T00:11:00+00:00\" \/>\n<meta property=\"og:image\" content=\"https:\/\/www.sonnenseite.com\/wp-content\/uploads\/2020\/09\/Strasse_ChananGreenblatt.jpg\" \/>\n\t<meta property=\"og:image:width\" content=\"770\" \/>\n\t<meta property=\"og:image:height\" content=\"420\" \/>\n\t<meta property=\"og:image:type\" content=\"image\/jpeg\" \/>\n<meta name=\"author\" content=\"Bigi Alt\" \/>\n<meta name=\"twitter:card\" content=\"summary_large_image\" \/>\n<meta name=\"twitter:creator\" content=\"@franzalt\" \/>\n<meta name=\"twitter:site\" content=\"@franzalt\" \/>\n<meta name=\"twitter:label1\" content=\"Verfasst von\" \/>\n\t<meta name=\"twitter:data1\" content=\"Bigi Alt\" \/>\n\t<meta name=\"twitter:label2\" content=\"Gesch\u00e4tzte Lesezeit\" \/>\n\t<meta name=\"twitter:data2\" content=\"4\u00a0Minuten\" \/>\n<script type=\"application\/ld+json\" class=\"yoast-schema-graph\">{\"@context\":\"https:\/\/schema.org\",\"@graph\":[{\"@type\":\"Article\",\"@id\":\"https:\/\/www.sonnenseite.com\/de\/umwelt\/nachhaltigkeitsrat-schlaegt-massnahmenpaket-fuer-nachhaltige-bau-und-verkehrspolitik-vor\/#article\",\"isPartOf\":{\"@id\":\"https:\/\/www.sonnenseite.com\/de\/umwelt\/nachhaltigkeitsrat-schlaegt-massnahmenpaket-fuer-nachhaltige-bau-und-verkehrspolitik-vor\/\"},\"author\":{\"name\":\"Bigi Alt\",\"@id\":\"https:\/\/www.sonnenseite.com\/de\/#\/schema\/person\/50fda0e926597684c7cc6695238a4eb9\"},\"headline\":\"Nachhaltigkeitsrat schl\u00e4gt Ma\u00dfnahmenpaket f\u00fcr nachhaltige Bau- und Verkehrspolitik vor\",\"datePublished\":\"2023-06-28T00:11:00+00:00\",\"mainEntityOfPage\":{\"@id\":\"https:\/\/www.sonnenseite.com\/de\/umwelt\/nachhaltigkeitsrat-schlaegt-massnahmenpaket-fuer-nachhaltige-bau-und-verkehrspolitik-vor\/\"},\"wordCount\":706,\"publisher\":{\"@id\":\"https:\/\/www.sonnenseite.com\/de\/#organization\"},\"image\":{\"@id\":\"https:\/\/www.sonnenseite.com\/de\/umwelt\/nachhaltigkeitsrat-schlaegt-massnahmenpaket-fuer-nachhaltige-bau-und-verkehrspolitik-vor\/#primaryimage\"},\"thumbnailUrl\":\"https:\/\/www.sonnenseite.com\/wp-content\/uploads\/2020\/09\/Strasse_ChananGreenblatt.jpg\",\"articleSection\":[\"Umwelt\"],\"inLanguage\":\"de\"},{\"@type\":\"WebPage\",\"@id\":\"https:\/\/www.sonnenseite.com\/de\/umwelt\/nachhaltigkeitsrat-schlaegt-massnahmenpaket-fuer-nachhaltige-bau-und-verkehrspolitik-vor\/\",\"url\":\"https:\/\/www.sonnenseite.com\/de\/umwelt\/nachhaltigkeitsrat-schlaegt-massnahmenpaket-fuer-nachhaltige-bau-und-verkehrspolitik-vor\/\",\"name\":\"Nachhaltigkeitsrat schl\u00e4gt Ma\u00dfnahmenpaket f\u00fcr nachhaltige Bau- und Verkehrspolitik vor - Sonnenseite - \u00d6kologische Kommunikation mit Franz Alt\",\"isPartOf\":{\"@id\":\"https:\/\/www.sonnenseite.com\/de\/#website\"},\"primaryImageOfPage\":{\"@id\":\"https:\/\/www.sonnenseite.com\/de\/umwelt\/nachhaltigkeitsrat-schlaegt-massnahmenpaket-fuer-nachhaltige-bau-und-verkehrspolitik-vor\/#primaryimage\"},\"image\":{\"@id\":\"https:\/\/www.sonnenseite.com\/de\/umwelt\/nachhaltigkeitsrat-schlaegt-massnahmenpaket-fuer-nachhaltige-bau-und-verkehrspolitik-vor\/#primaryimage\"},\"thumbnailUrl\":\"https:\/\/www.sonnenseite.com\/wp-content\/uploads\/2020\/09\/Strasse_ChananGreenblatt.jpg\",\"datePublished\":\"2023-06-28T00:11:00+00:00\",\"description\":\"In einer aktuellen Stellungnahme fordert der Rat f\u00fcr Nachhaltige Entwicklung (RNE) die Bundesregierung auf, die hohen Fl\u00e4chen- und Ressourcenverbr\u00e4uche\",\"breadcrumb\":{\"@id\":\"https:\/\/www.sonnenseite.com\/de\/umwelt\/nachhaltigkeitsrat-schlaegt-massnahmenpaket-fuer-nachhaltige-bau-und-verkehrspolitik-vor\/#breadcrumb\"},\"inLanguage\":\"de\",\"potentialAction\":[{\"@type\":\"ReadAction\",\"target\":[\"https:\/\/www.sonnenseite.com\/de\/umwelt\/nachhaltigkeitsrat-schlaegt-massnahmenpaket-fuer-nachhaltige-bau-und-verkehrspolitik-vor\/\"]}]},{\"@type\":\"ImageObject\",\"inLanguage\":\"de\",\"@id\":\"https:\/\/www.sonnenseite.com\/de\/umwelt\/nachhaltigkeitsrat-schlaegt-massnahmenpaket-fuer-nachhaltige-bau-und-verkehrspolitik-vor\/#primaryimage\",\"url\":\"https:\/\/www.sonnenseite.com\/wp-content\/uploads\/2020\/09\/Strasse_ChananGreenblatt.jpg\",\"contentUrl\":\"https:\/\/www.sonnenseite.com\/wp-content\/uploads\/2020\/09\/Strasse_ChananGreenblatt.jpg\",\"width\":770,\"height\":420,\"caption\":\"unsplash:com | Chanan Greenblatt\"},{\"@type\":\"BreadcrumbList\",\"@id\":\"https:\/\/www.sonnenseite.com\/de\/umwelt\/nachhaltigkeitsrat-schlaegt-massnahmenpaket-fuer-nachhaltige-bau-und-verkehrspolitik-vor\/#breadcrumb\",\"itemListElement\":[{\"@type\":\"ListItem\",\"position\":1,\"name\":\"Startseite\",\"item\":\"https:\/\/www.sonnenseite.com\/de\/\"},{\"@type\":\"ListItem\",\"position\":2,\"name\":\"Nachhaltigkeitsrat schl\u00e4gt Ma\u00dfnahmenpaket f\u00fcr nachhaltige Bau- und Verkehrspolitik vor\"}]},{\"@type\":\"WebSite\",\"@id\":\"https:\/\/www.sonnenseite.com\/de\/#website\",\"url\":\"https:\/\/www.sonnenseite.com\/de\/\",\"name\":\"Sonnenseite\",\"description\":\"\u00d6kologische Kommunikation mit Franz Alt\",\"publisher\":{\"@id\":\"https:\/\/www.sonnenseite.com\/de\/#organization\"},\"potentialAction\":[{\"@type\":\"SearchAction\",\"target\":{\"@type\":\"EntryPoint\",\"urlTemplate\":\"https:\/\/www.sonnenseite.com\/de\/?s={search_term_string}\"},\"query-input\":{\"@type\":\"PropertyValueSpecification\",\"valueRequired\":true,\"valueName\":\"search_term_string\"}}],\"inLanguage\":\"de\"},{\"@type\":\"Organization\",\"@id\":\"https:\/\/www.sonnenseite.com\/de\/#organization\",\"name\":\"Sonnenseite\",\"url\":\"https:\/\/www.sonnenseite.com\/de\/\",\"logo\":{\"@type\":\"ImageObject\",\"inLanguage\":\"de\",\"@id\":\"https:\/\/www.sonnenseite.com\/de\/#\/schema\/logo\/image\/\",\"url\":\"https:\/\/www.sonnenseite.com\/wp-content\/uploads\/2020\/05\/Sonnenseite_Logo.png\",\"contentUrl\":\"https:\/\/www.sonnenseite.com\/wp-content\/uploads\/2020\/05\/Sonnenseite_Logo.png\",\"width\":377,\"height\":90,\"caption\":\"Sonnenseite\"},\"image\":{\"@id\":\"https:\/\/www.sonnenseite.com\/de\/#\/schema\/logo\/image\/\"},\"sameAs\":[\"https:\/\/www.facebook.com\/pages\/Franz-Alt-SONNENSEITECOM\/221072987903953?fref=ts\",\"https:\/\/x.com\/franzalt\",\"http:\/\/www.youtube.com\/results?search_query&amp;amp;quot;franz_alt&amp;amp;quot;&amp;amp;amp;amp;search_type&amp;amp;amp;amp;aq=f\"]},{\"@type\":\"Person\",\"@id\":\"https:\/\/www.sonnenseite.com\/de\/#\/schema\/person\/50fda0e926597684c7cc6695238a4eb9\",\"name\":\"Bigi Alt\"}]}<\/script>\n<!-- \/ Yoast SEO plugin. -->","yoast_head_json":{"title":"Nachhaltigkeitsrat schl\u00e4gt Ma\u00dfnahmenpaket f\u00fcr nachhaltige Bau- und Verkehrspolitik vor - Sonnenseite - \u00d6kologische Kommunikation mit Franz Alt","description":"In einer aktuellen Stellungnahme fordert der Rat f\u00fcr Nachhaltige Entwicklung (RNE) die Bundesregierung auf, die hohen Fl\u00e4chen- und Ressourcenverbr\u00e4uche","robots":{"index":"index","follow":"follow","max-snippet":"max-snippet:-1","max-image-preview":"max-image-preview:large","max-video-preview":"max-video-preview:-1"},"canonical":"https:\/\/www.sonnenseite.com\/de\/umwelt\/nachhaltigkeitsrat-schlaegt-massnahmenpaket-fuer-nachhaltige-bau-und-verkehrspolitik-vor\/","og_locale":"de_DE","og_type":"article","og_title":"Nachhaltigkeitsrat schl\u00e4gt Ma\u00dfnahmenpaket f\u00fcr nachhaltige Bau- und Verkehrspolitik vor - Sonnenseite - \u00d6kologische Kommunikation mit Franz Alt","og_description":"In einer aktuellen Stellungnahme fordert der Rat f\u00fcr Nachhaltige Entwicklung (RNE) die Bundesregierung auf, die hohen Fl\u00e4chen- und Ressourcenverbr\u00e4uche","og_url":"https:\/\/www.sonnenseite.com\/de\/umwelt\/nachhaltigkeitsrat-schlaegt-massnahmenpaket-fuer-nachhaltige-bau-und-verkehrspolitik-vor\/","og_site_name":"Sonnenseite","article_publisher":"https:\/\/www.facebook.com\/pages\/Franz-Alt-SONNENSEITECOM\/221072987903953?fref=ts","article_published_time":"2023-06-28T00:11:00+00:00","og_image":[{"width":770,"height":420,"url":"https:\/\/www.sonnenseite.com\/wp-content\/uploads\/2020\/09\/Strasse_ChananGreenblatt.jpg","type":"image\/jpeg"}],"author":"Bigi Alt","twitter_card":"summary_large_image","twitter_creator":"@franzalt","twitter_site":"@franzalt","twitter_misc":{"Verfasst von":"Bigi Alt","Gesch\u00e4tzte Lesezeit":"4\u00a0Minuten"},"schema":{"@context":"https:\/\/schema.org","@graph":[{"@type":"Article","@id":"https:\/\/www.sonnenseite.com\/de\/umwelt\/nachhaltigkeitsrat-schlaegt-massnahmenpaket-fuer-nachhaltige-bau-und-verkehrspolitik-vor\/#article","isPartOf":{"@id":"https:\/\/www.sonnenseite.com\/de\/umwelt\/nachhaltigkeitsrat-schlaegt-massnahmenpaket-fuer-nachhaltige-bau-und-verkehrspolitik-vor\/"},"author":{"name":"Bigi Alt","@id":"https:\/\/www.sonnenseite.com\/de\/#\/schema\/person\/50fda0e926597684c7cc6695238a4eb9"},"headline":"Nachhaltigkeitsrat schl\u00e4gt Ma\u00dfnahmenpaket f\u00fcr nachhaltige Bau- und Verkehrspolitik vor","datePublished":"2023-06-28T00:11:00+00:00","mainEntityOfPage":{"@id":"https:\/\/www.sonnenseite.com\/de\/umwelt\/nachhaltigkeitsrat-schlaegt-massnahmenpaket-fuer-nachhaltige-bau-und-verkehrspolitik-vor\/"},"wordCount":706,"publisher":{"@id":"https:\/\/www.sonnenseite.com\/de\/#organization"},"image":{"@id":"https:\/\/www.sonnenseite.com\/de\/umwelt\/nachhaltigkeitsrat-schlaegt-massnahmenpaket-fuer-nachhaltige-bau-und-verkehrspolitik-vor\/#primaryimage"},"thumbnailUrl":"https:\/\/www.sonnenseite.com\/wp-content\/uploads\/2020\/09\/Strasse_ChananGreenblatt.jpg","articleSection":["Umwelt"],"inLanguage":"de"},{"@type":"WebPage","@id":"https:\/\/www.sonnenseite.com\/de\/umwelt\/nachhaltigkeitsrat-schlaegt-massnahmenpaket-fuer-nachhaltige-bau-und-verkehrspolitik-vor\/","url":"https:\/\/www.sonnenseite.com\/de\/umwelt\/nachhaltigkeitsrat-schlaegt-massnahmenpaket-fuer-nachhaltige-bau-und-verkehrspolitik-vor\/","name":"Nachhaltigkeitsrat schl\u00e4gt Ma\u00dfnahmenpaket f\u00fcr nachhaltige Bau- und Verkehrspolitik vor - Sonnenseite - \u00d6kologische Kommunikation mit Franz Alt","isPartOf":{"@id":"https:\/\/www.sonnenseite.com\/de\/#website"},"primaryImageOfPage":{"@id":"https:\/\/www.sonnenseite.com\/de\/umwelt\/nachhaltigkeitsrat-schlaegt-massnahmenpaket-fuer-nachhaltige-bau-und-verkehrspolitik-vor\/#primaryimage"},"image":{"@id":"https:\/\/www.sonnenseite.com\/de\/umwelt\/nachhaltigkeitsrat-schlaegt-massnahmenpaket-fuer-nachhaltige-bau-und-verkehrspolitik-vor\/#primaryimage"},"thumbnailUrl":"https:\/\/www.sonnenseite.com\/wp-content\/uploads\/2020\/09\/Strasse_ChananGreenblatt.jpg","datePublished":"2023-06-28T00:11:00+00:00","description":"In einer aktuellen Stellungnahme fordert der Rat f\u00fcr Nachhaltige Entwicklung (RNE) die Bundesregierung auf, die hohen Fl\u00e4chen- und Ressourcenverbr\u00e4uche","breadcrumb":{"@id":"https:\/\/www.sonnenseite.com\/de\/umwelt\/nachhaltigkeitsrat-schlaegt-massnahmenpaket-fuer-nachhaltige-bau-und-verkehrspolitik-vor\/#breadcrumb"},"inLanguage":"de","potentialAction":[{"@type":"ReadAction","target":["https:\/\/www.sonnenseite.com\/de\/umwelt\/nachhaltigkeitsrat-schlaegt-massnahmenpaket-fuer-nachhaltige-bau-und-verkehrspolitik-vor\/"]}]},{"@type":"ImageObject","inLanguage":"de","@id":"https:\/\/www.sonnenseite.com\/de\/umwelt\/nachhaltigkeitsrat-schlaegt-massnahmenpaket-fuer-nachhaltige-bau-und-verkehrspolitik-vor\/#primaryimage","url":"https:\/\/www.sonnenseite.com\/wp-content\/uploads\/2020\/09\/Strasse_ChananGreenblatt.jpg","contentUrl":"https:\/\/www.sonnenseite.com\/wp-content\/uploads\/2020\/09\/Strasse_ChananGreenblatt.jpg","width":770,"height":420,"caption":"unsplash:com | Chanan Greenblatt"},{"@type":"BreadcrumbList","@id":"https:\/\/www.sonnenseite.com\/de\/umwelt\/nachhaltigkeitsrat-schlaegt-massnahmenpaket-fuer-nachhaltige-bau-und-verkehrspolitik-vor\/#breadcrumb","itemListElement":[{"@type":"ListItem","position":1,"name":"Startseite","item":"https:\/\/www.sonnenseite.com\/de\/"},{"@type":"ListItem","position":2,"name":"Nachhaltigkeitsrat schl\u00e4gt Ma\u00dfnahmenpaket f\u00fcr nachhaltige Bau- und Verkehrspolitik vor"}]},{"@type":"WebSite","@id":"https:\/\/www.sonnenseite.com\/de\/#website","url":"https:\/\/www.sonnenseite.com\/de\/","name":"Sonnenseite","description":"\u00d6kologische Kommunikation mit Franz Alt","publisher":{"@id":"https:\/\/www.sonnenseite.com\/de\/#organization"},"potentialAction":[{"@type":"SearchAction","target":{"@type":"EntryPoint","urlTemplate":"https:\/\/www.sonnenseite.com\/de\/?s={search_term_string}"},"query-input":{"@type":"PropertyValueSpecification","valueRequired":true,"valueName":"search_term_string"}}],"inLanguage":"de"},{"@type":"Organization","@id":"https:\/\/www.sonnenseite.com\/de\/#organization","name":"Sonnenseite","url":"https:\/\/www.sonnenseite.com\/de\/","logo":{"@type":"ImageObject","inLanguage":"de","@id":"https:\/\/www.sonnenseite.com\/de\/#\/schema\/logo\/image\/","url":"https:\/\/www.sonnenseite.com\/wp-content\/uploads\/2020\/05\/Sonnenseite_Logo.png","contentUrl":"https:\/\/www.sonnenseite.com\/wp-content\/uploads\/2020\/05\/Sonnenseite_Logo.png","width":377,"height":90,"caption":"Sonnenseite"},"image":{"@id":"https:\/\/www.sonnenseite.com\/de\/#\/schema\/logo\/image\/"},"sameAs":["https:\/\/www.facebook.com\/pages\/Franz-Alt-SONNENSEITECOM\/221072987903953?fref=ts","https:\/\/x.com\/franzalt","http:\/\/www.youtube.com\/results?search_query&amp;amp;quot;franz_alt&amp;amp;quot;&amp;amp;amp;amp;search_type&amp;amp;amp;amp;aq=f"]},{"@type":"Person","@id":"https:\/\/www.sonnenseite.com\/de\/#\/schema\/person\/50fda0e926597684c7cc6695238a4eb9","name":"Bigi Alt"}]}},"_links":{"self":[{"href":"https:\/\/www.sonnenseite.com\/de\/wp-json\/wp\/v2\/posts\/92221","targetHints":{"allow":["GET"]}}],"collection":[{"href":"https:\/\/www.sonnenseite.com\/de\/wp-json\/wp\/v2\/posts"}],"about":[{"href":"https:\/\/www.sonnenseite.com\/de\/wp-json\/wp\/v2\/types\/post"}],"author":[{"embeddable":true,"href":"https:\/\/www.sonnenseite.com\/de\/wp-json\/wp\/v2\/users\/3"}],"replies":[{"embeddable":true,"href":"https:\/\/www.sonnenseite.com\/de\/wp-json\/wp\/v2\/comments?post=92221"}],"version-history":[{"count":2,"href":"https:\/\/www.sonnenseite.com\/de\/wp-json\/wp\/v2\/posts\/92221\/revisions"}],"predecessor-version":[{"id":92223,"href":"https:\/\/www.sonnenseite.com\/de\/wp-json\/wp\/v2\/posts\/92221\/revisions\/92223"}],"wp:featuredmedia":[{"embeddable":true,"href":"https:\/\/www.sonnenseite.com\/de\/wp-json\/wp\/v2\/media\/62797"}],"wp:attachment":[{"href":"https:\/\/www.sonnenseite.com\/de\/wp-json\/wp\/v2\/media?parent=92221"}],"wp:term":[{"taxonomy":"category","embeddable":true,"href":"https:\/\/www.sonnenseite.com\/de\/wp-json\/wp\/v2\/categories?post=92221"},{"taxonomy":"post_tag","embeddable":true,"href":"https:\/\/www.sonnenseite.com\/de\/wp-json\/wp\/v2\/tags?post=92221"}],"curies":[{"name":"wp","href":"https:\/\/api.w.org\/{rel}","templated":true}]}}